{"id":32089,"date":"2019-07-24T21:01:42","date_gmt":"2019-07-25T00:01:42","guid":{"rendered":"https:\/\/www.suno.com.br\/noticias\/?p=32089"},"modified":"2021-06-21T06:22:15","modified_gmt":"2021-06-21T09:22:15","slug":"carrefour-lucro-liquido-419-mi-2019","status":"publish","type":"post","link":"https:\/\/www.suno.com.br\/noticias\/carrefour-lucro-liquido-419-mi-2019\/","title":{"rendered":"Carrefour registra lucro l\u00edquido de R$ 419 milh\u00f5es e alta de 11% no 2\u00baT19"},"content":{"rendered":"<p>O Carrefour Brasil registrou <a href=\"https:\/\/www.suno.com.br\/artigos\/lucro-liquido\/\"><strong>lucro l\u00edquido<\/strong><\/a> de R$ 419 milh\u00f5es no segundo semestre de 2019. O valor indica alta de 11% em compara\u00e7\u00e3o ao mesmo per\u00edodo do ano passado. As informa\u00e7\u00f5es est\u00e3o no relat\u00f3rio de resultados divulgado pela empresa nesta quarta-feira (24).<\/p>\t<div class=\"wrapper-featured-image\">\n\t\t<figure class=\"spotlightImg\">\n\n\t\t\t<picture>\n\t\t\t\t<source media=\"(max-width: 768px)\" srcset=\"https:\/\/files.sunoresearch.com.br\/n\/uploads\/2019\/05\/7f687d5d-carrefour-e1557757836232-400x200.webp\">\n\t\t\t\t<img loading=\"lazy\" decoding=\"async\" class=\"newsContent__article__imgCapa lazyloadDisabled newsContent__article__imgCapa--noCaption\" src=\"https:\/\/files.sunoresearch.com.br\/n\/uploads\/2019\/05\/7f687d5d-carrefour-e1557757836232-jpg.webp\" width=\"800\" height=\"450\" alt=\"Carrefour registra lucro l\u00edquido de R$ 419 milh\u00f5es e alta de 11% no 2\u00baT19\" fetchpriority=high \/>\n\t\t\t<\/picture>\n\n\t\t\t<figcaption class=\"wp-caption-text wp-caption-text--hide\">Carrefour (CRFB3) registra alta de 29,9% nas vendas do 3T20<\/figcaption>\n\t\t<\/figure>\n\t<\/div>\n\n\n<p>As<strong> vendas brutas<\/strong> do <strong>Carrefour<\/strong> somaram R$ 15,3 bilh\u00f5es no segundo trimestre deste ano. No total de vendas, a alta foi de 12,9% em rela\u00e7\u00e3o ao segundo semestre de 2018.<\/p>\n\t<p>\n\t\t<a href=\"https:\/\/lp.suno.com.br\/ao\/cadastro-whatsapp\/?utm_source=sunoresearch&#038;utm_medium=banner.sidebar&#038;utm_campaign=_SNC1787C4C9_\" target=\"_blank\" data-element=\"shortcode-suno-banner\" title=\"Banner SUNO, clique e saiba mais\">\n\t\t\t<picture>\n\t\t\t\t<source media=\"(max-width: 500px)\" srcset=\"https:\/\/files.sunoresearch.com.br\/n\/uploads\/2024\/09\/wpp-suno.png\">\n\t\t\t\t<img class=\"newsContent__article__imgCapa newsContent__article__imgCapa--banner\"\n\t\t\t\t\tsrc=\"https:\/\/files.sunoresearch.com.br\/n\/uploads\/2024\/09\/wpp-suno.png\"\n\t\t\t\t\tdata-promo-id=\"574195\"\t\t\t\t\t\t\t\t\t\twidth='360' height='98'\t\t\t\t\talt=\"https:\/\/files.sunoresearch.com.br\/n\/uploads\/2024\/09\/wpp-suno.png\"\n\t\t\t\t>\n\t\t\t<\/picture>\n\t\t<\/a>\n\t<\/p>\n\n\n<p>Ao desconsiderar o setor de combust\u00edveis, a alta nas vendas brutas foi de 13,5%. Com isso, o valor obtido nas vendas atingiu R$ 14,588 bilh\u00f5es.<\/p>\n<p>O Atacad\u00e3o, rede atacado-varejista do grupo Carrefour, foi respons\u00e1vel por impulsionar as vendas da companhia neste semestre. Entre as vendas brutas da empresa, 71% foram obtidas pelo Atacad\u00e3o. Dessa forma, cerca de R$ 10,4 bilh\u00f5es foram gerados por essa rede.<\/p>\n<p>Al\u00e9m disso, as vendas da unidade atacado-varejista subiram 7,6% ante o 2\u00baT de 2018.<\/p>\n<p>A <a href=\"https:\/\/www.suno.com.br\/artigos\/margem-ebitda\/\">margem <strong>Ebitda<\/strong><\/a>, calculada por meio da divis\u00e3o do lucro antes dos juros, impostos, deprecia\u00e7\u00e3o e amortiza\u00e7\u00e3o teve alta de 12,7% no 2\u00baT19. O resultado foi de R$ 1,053 bilh\u00e3o. Ao considerar o IFRS 16, norma relacionada ao arrendamento mercantil, a margem foi ajustada para R$ 1,117 bilh\u00e3o.<\/p>\n<p>O otimismo dos investidores em rela\u00e7\u00e3o a divulga\u00e7\u00e3o de resultados da companhia foi percept\u00edvel no fechamento do preg\u00e3o desta quarta. As\u00a0<strong><a href=\"https:\/\/www.suno.com.br\/artigos\/porque-investir-em-acoes\/\">a\u00e7\u00f5es<\/a>\u00a0<\/strong>do Carrefour (CRFB3) encerraram em alta de 1,25%, negociando a R$ 23,50 por papel.<\/p>\n\t<p>\n\t\t<a href=\"https:\/\/lp.suno.com.br\/ebook-investindo-em-fiis\/\" target=\"_blank\" data-element=\"shortcode-suno-banner\" title=\"Banner SUNO, clique e saiba mais\">\n\t\t\t<picture>\n\t\t\t\t<source media=\"(max-width: 500px)\" srcset=\"https:\/\/files.sunoresearch.com.br\/n\/uploads\/2023\/03\/Ebook-Fundos-Imobiliarios-Mobile-1.jpg\">\n\t\t\t\t<img class=\"newsContent__article__imgCapa newsContent__article__imgCapa--banner\"\n\t\t\t\t\tsrc=\"https:\/\/files.sunoresearch.com.br\/n\/uploads\/2023\/03\/Ebook-Fundos-Imobiliarios-Desktop-1.jpg\"\n\t\t\t\t\tdata-promo-id=\"313843\"\t\t\t\t\t\t\t\t\t\twidth='1420' height='286'\t\t\t\t\talt=\"https:\/\/files.sunoresearch.com.br\/n\/uploads\/2023\/03\/Ebook-Fundos-Imobiliarios-Desktop-1.jpg\"\n\t\t\t\t>\n\t\t\t<\/picture>\n\t\t<\/a>\n\t<\/p>\n\n\n<h2>Venda de participa\u00e7\u00e3o do Carrefour em imobili\u00e1ria<\/h2>\n<p>No in\u00edcio deste m\u00eas, o \u00a0Carrefour anunciou que vender\u00e1 sua participa\u00e7\u00e3o na empresa imobili\u00e1ria Cargo\u00a0Property Assets ao grupo franc\u00eas Argan.<\/p>\n<p><a href=\"https:\/\/www.suno.com.br\/noticias\/carrefour-vende-participacao\/\">Saiba mais: Carrefour vende participa\u00e7\u00e3o de 32% em empresa imobili\u00e1ria<\/a><\/p>\n<p>A Cargo, empresa fundada em 2016, est\u00e1 avaliada em 900 milh\u00f5es de euros. O Carrefour\u00a0possui 32% da companhia. Portanto, receber\u00e1 cerca de 290 milh\u00f5es de euros atrav\u00e9s da venda.<\/p>\n<p>\u201cEsta opera\u00e7\u00e3o contribuir\u00e1 para alcan\u00e7ar o objetivo do plano \u2018<strong>Carrefour<\/strong> 2022\u2019 de se desfazer de 500 milh\u00f5es de euros em <a href=\"https:\/\/www.suno.com.br\/artigos\/o-guia-definitivo-de-fundos-imobiliarios\/\">ativos imobili\u00e1rios<\/a> n\u00e3o estrat\u00e9gicos\u201d, disse a empresa francesa por meio de uma nota divulgada.<\/p>\n","protected":false},"excerpt":{"rendered":"<p>O Carrefour Brasil registrou lucro l\u00edquido de R$ 419 milh\u00f5es no segundo semestre de 2019. O valor indica alta de 11% em compara\u00e7\u00e3o ao mesmo per\u00edodo do ano passado. As informa\u00e7\u00f5es est\u00e3o no relat\u00f3rio de resultados divulgado pela empresa nesta quarta-feira (24). Carrefour (CRFB3) registra alta de 29,9% nas vendas do 3T20 As vendas brutas [&hellip;]<\/p>\n","protected":false},"author":18,"featured_media":24298,"comment_status":"closed","ping_status":"closed","sticky":false,"template":"","format":"standard","meta":[],"categories":[64],"tags":[405,1607],"suno_strategy":[],"class_list":["post-32089","post","type-post","status-publish","format-standard","has-post-thumbnail","hentry","category-negocios","tag-carrefour-crfb3","tag-resultado-das-empresas"],"yoast_head":"<!-- This site is optimized with the Yoast SEO plugin v24.4 - https:\/\/yoast.com\/wordpress\/plugins\/seo\/ -->\n<title>Carrefour registra lucro l\u00edquido de R$ 419 milh\u00f5es e alta de 11% no 2\u00baT19<\/title>\n<meta name=\"description\" content=\"O Carrefour Brasil registrou lucro l\u00edquido de R$ 419 milh\u00f5es no segundo semestre de 2019. O valor indica alta de 11%. Clique para saber mais.\" \/>\n<meta name=\"robots\" content=\"index, follow, max-snippet:-1, max-image-preview:large, max-video-preview:-1\" \/>\n<link rel=\"canonical\" href=\"https:\/\/www.suno.com.br\/noticias\/carrefour-lucro-liquido-419-mi-2019\/\" \/>\n<meta property=\"og:locale\" content=\"pt_BR\" \/>\n<meta property=\"og:type\" content=\"article\" \/>\n<meta property=\"og:title\" content=\"Carrefour registra lucro l\u00edquido de R$ 419 milh\u00f5es e alta de 11% no 2\u00baT19\" \/>\n<meta property=\"og:description\" content=\"O Carrefour Brasil registrou lucro l\u00edquido de R$ 419 milh\u00f5es no segundo semestre de 2019. O valor indica alta de 11%. Clique para saber mais.\" \/>\n<meta property=\"og:url\" content=\"https:\/\/www.suno.com.br\/noticias\/carrefour-lucro-liquido-419-mi-2019\/\" \/>\n<meta property=\"og:site_name\" content=\"Suno Not\u00edcias\" \/>\n<meta property=\"article:publisher\" content=\"https:\/\/facebook.com\/sunoresearch\" \/>\n<meta property=\"og:image\" content=\"https:\/\/files.sunoresearch.com.br\/n\/uploads\/2019\/05\/7f687d5d-carrefour-e1557757836232.jpg\" \/>\n\t<meta property=\"og:image:width\" content=\"530\" \/>\n\t<meta property=\"og:image:height\" content=\"359\" \/>\n\t<meta property=\"og:image:type\" content=\"image\/jpeg\" \/>\n<meta name=\"author\" content=\"Giovanna Oliveira\" \/>\n<meta name=\"twitter:card\" content=\"summary_large_image\" \/>\n<meta name=\"twitter:creator\" content=\"@sunoresearch\" \/>\n<meta name=\"twitter:site\" content=\"@sunoresearch\" \/>\n<meta name=\"twitter:label1\" content=\"Escrito por\" \/>\n\t<meta name=\"twitter:data1\" content=\"Giovanna Oliveira\" \/>\n\t<meta name=\"twitter:label2\" content=\"Est. tempo de leitura\" \/>\n\t<meta name=\"twitter:data2\" content=\"2 minutos\" \/>\n<script type=\"application\/ld+json\" class=\"yoast-schema-graph\">{\"@context\":\"https:\/\/schema.org\",\"@graph\":[{\"@type\":\"NewsArticle\",\"@id\":\"https:\/\/www.suno.com.br\/noticias\/carrefour-lucro-liquido-419-mi-2019\/#article\",\"isPartOf\":{\"@id\":\"https:\/\/www.suno.com.br\/noticias\/carrefour-lucro-liquido-419-mi-2019\/\"},\"author\":{\"name\":\"Giovanna Oliveira\",\"@id\":\"https:\/\/www.suno.com.br\/noticias\/#\/schema\/person\/4e19e3d2575736e5283d58eb3199d120\"},\"headline\":\"Carrefour registra lucro l\u00edquido de R$ 419 milh\u00f5es e alta de 11% no 2\u00baT19\",\"datePublished\":\"2019-07-25T00:01:42+00:00\",\"dateModified\":\"2021-06-21T09:22:15+00:00\",\"mainEntityOfPage\":{\"@id\":\"https:\/\/www.suno.com.br\/noticias\/carrefour-lucro-liquido-419-mi-2019\/\"},\"wordCount\":375,\"publisher\":{\"@id\":\"https:\/\/www.suno.com.br\/noticias\/#organization\"},\"image\":{\"@id\":\"https:\/\/www.suno.com.br\/noticias\/carrefour-lucro-liquido-419-mi-2019\/#primaryimage\"},\"thumbnailUrl\":\"https:\/\/files.sunoresearch.com.br\/n\/uploads\/2019\/05\/7f687d5d-carrefour-e1557757836232-jpg.webp\",\"keywords\":[\"Carrefour (CRFB3)\",\"Resultado das empresas\"],\"articleSection\":[\"Neg\u00f3cios\"],\"inLanguage\":\"pt-BR\"},{\"@type\":\"WebPage\",\"@id\":\"https:\/\/www.suno.com.br\/noticias\/carrefour-lucro-liquido-419-mi-2019\/\",\"url\":\"https:\/\/www.suno.com.br\/noticias\/carrefour-lucro-liquido-419-mi-2019\/\",\"name\":\"Carrefour registra lucro l\u00edquido de R$ 419 milh\u00f5es e alta de 11% no 2\u00baT19\",\"isPartOf\":{\"@id\":\"https:\/\/www.suno.com.br\/noticias\/#website\"},\"primaryImageOfPage\":{\"@id\":\"https:\/\/www.suno.com.br\/noticias\/carrefour-lucro-liquido-419-mi-2019\/#primaryimage\"},\"image\":{\"@id\":\"https:\/\/www.suno.com.br\/noticias\/carrefour-lucro-liquido-419-mi-2019\/#primaryimage\"},\"thumbnailUrl\":\"https:\/\/files.sunoresearch.com.br\/n\/uploads\/2019\/05\/7f687d5d-carrefour-e1557757836232-jpg.webp\",\"datePublished\":\"2019-07-25T00:01:42+00:00\",\"dateModified\":\"2021-06-21T09:22:15+00:00\",\"description\":\"O Carrefour Brasil registrou lucro l\u00edquido de R$ 419 milh\u00f5es no segundo semestre de 2019. O valor indica alta de 11%. Clique para saber mais.\",\"breadcrumb\":{\"@id\":\"https:\/\/www.suno.com.br\/noticias\/carrefour-lucro-liquido-419-mi-2019\/#breadcrumb\"},\"inLanguage\":\"pt-BR\",\"potentialAction\":[{\"@type\":\"ReadAction\",\"target\":[\"https:\/\/www.suno.com.br\/noticias\/carrefour-lucro-liquido-419-mi-2019\/\"]}]},{\"@type\":\"ImageObject\",\"inLanguage\":\"pt-BR\",\"@id\":\"https:\/\/www.suno.com.br\/noticias\/carrefour-lucro-liquido-419-mi-2019\/#primaryimage\",\"url\":\"https:\/\/files.sunoresearch.com.br\/n\/uploads\/2019\/05\/7f687d5d-carrefour-e1557757836232-jpg.webp\",\"contentUrl\":\"https:\/\/files.sunoresearch.com.br\/n\/uploads\/2019\/05\/7f687d5d-carrefour-e1557757836232-jpg.webp\",\"width\":530,\"height\":359,\"caption\":\"Carrefour (CRFB3) registra alta de 29,9% nas vendas do 3T20\"},{\"@type\":\"BreadcrumbList\",\"@id\":\"https:\/\/www.suno.com.br\/noticias\/carrefour-lucro-liquido-419-mi-2019\/#breadcrumb\",\"itemListElement\":[{\"@type\":\"ListItem\",\"position\":1,\"name\":\"Not\u00edcias\",\"item\":\"https:\/\/www.suno.com.br\/noticias\/\"},{\"@type\":\"ListItem\",\"position\":2,\"name\":\"Neg\u00f3cios\",\"item\":\"https:\/\/www.suno.com.br\/noticias\/negocios\/\"},{\"@type\":\"ListItem\",\"position\":3,\"name\":\"Carrefour registra lucro l\u00edquido de R$ 419 milh\u00f5es e alta de 11% no 2\u00baT19\"}]},{\"@type\":\"WebSite\",\"@id\":\"https:\/\/www.suno.com.br\/noticias\/#website\",\"url\":\"https:\/\/www.suno.com.br\/noticias\/\",\"name\":\"Suno Not\u00edcias\",\"description\":\"Seu portal de informa\u00e7\u00e3o sobre o mundo dos investimentos\",\"publisher\":{\"@id\":\"https:\/\/www.suno.com.br\/noticias\/#organization\"},\"potentialAction\":[{\"@type\":\"SearchAction\",\"target\":{\"@type\":\"EntryPoint\",\"urlTemplate\":\"https:\/\/www.suno.com.br\/noticias\/?s={search_term_string}\"},\"query-input\":{\"@type\":\"PropertyValueSpecification\",\"valueRequired\":true,\"valueName\":\"search_term_string\"}}],\"inLanguage\":\"pt-BR\"},{\"@type\":\"Organization\",\"@id\":\"https:\/\/www.suno.com.br\/noticias\/#organization\",\"name\":\"Suno Not\u00edcias\",\"url\":\"https:\/\/www.suno.com.br\/noticias\/\",\"logo\":{\"@type\":\"ImageObject\",\"inLanguage\":\"pt-BR\",\"@id\":\"https:\/\/www.suno.com.br\/noticias\/#\/schema\/logo\/image\/\",\"url\":\"https:\/\/files.sunoresearch.com.br\/n\/uploads\/2021\/09\/suno-logo.png\",\"contentUrl\":\"https:\/\/files.sunoresearch.com.br\/n\/uploads\/2021\/09\/suno-logo.png\",\"width\":180,\"height\":180,\"caption\":\"Suno Not\u00edcias\"},\"image\":{\"@id\":\"https:\/\/www.suno.com.br\/noticias\/#\/schema\/logo\/image\/\"},\"sameAs\":[\"https:\/\/facebook.com\/sunoresearch\",\"https:\/\/x.com\/sunoresearch\",\"https:\/\/www.instagram.com\/suno\",\"https:\/\/www.linkedin.com\/company\/suno-research\/\",\"https:\/\/www.youtube.com\/c\/sunoresearch\"]},{\"@type\":\"Person\",\"@id\":\"https:\/\/www.suno.com.br\/noticias\/#\/schema\/person\/4e19e3d2575736e5283d58eb3199d120\",\"name\":\"Giovanna Oliveira\",\"image\":{\"@type\":\"ImageObject\",\"inLanguage\":\"pt-BR\",\"@id\":\"https:\/\/www.suno.com.br\/noticias\/#\/schema\/person\/image\/\",\"url\":\"https:\/\/secure.gravatar.com\/avatar\/9a37b3ae208962ac568992d0ffdbc2eb?s=96&r=g\",\"contentUrl\":\"https:\/\/secure.gravatar.com\/avatar\/9a37b3ae208962ac568992d0ffdbc2eb?s=96&r=g\",\"caption\":\"Giovanna Oliveira\"},\"description\":\"Giovanna Oliveira escreve sobre economia e pol\u00edtica. Foi rep\u00f3rter do portal de jornalismo da ESPM-SP e produziu conte\u00fado para a Corinthians TV. \u00c9 estudante da ESPM.\",\"url\":\"https:\/\/www.suno.com.br\/noticias\/author\/giovanna\/\"}]}<\/script>\n<!-- \/ Yoast SEO plugin. -->","yoast_head_json":{"title":"Carrefour registra lucro l\u00edquido de R$ 419 milh\u00f5es e alta de 11% no 2\u00baT19","description":"O Carrefour Brasil registrou lucro l\u00edquido de R$ 419 milh\u00f5es no segundo semestre de 2019. O valor indica alta de 11%. Clique para saber mais.","robots":{"index":"index","follow":"follow","max-snippet":"max-snippet:-1","max-image-preview":"max-image-preview:large","max-video-preview":"max-video-preview:-1"},"canonical":"https:\/\/www.suno.com.br\/noticias\/carrefour-lucro-liquido-419-mi-2019\/","og_locale":"pt_BR","og_type":"article","og_title":"Carrefour registra lucro l\u00edquido de R$ 419 milh\u00f5es e alta de 11% no 2\u00baT19","og_description":"O Carrefour Brasil registrou lucro l\u00edquido de R$ 419 milh\u00f5es no segundo semestre de 2019. O valor indica alta de 11%. Clique para saber mais.","og_url":"https:\/\/www.suno.com.br\/noticias\/carrefour-lucro-liquido-419-mi-2019\/","og_site_name":"Suno Not\u00edcias","article_publisher":"https:\/\/facebook.com\/sunoresearch","og_image":[{"width":530,"height":359,"url":"https:\/\/files.sunoresearch.com.br\/n\/uploads\/2019\/05\/7f687d5d-carrefour-e1557757836232.jpg","type":"image\/jpeg"}],"author":"Giovanna Oliveira","twitter_card":"summary_large_image","twitter_creator":"@sunoresearch","twitter_site":"@sunoresearch","twitter_misc":{"Escrito por":"Giovanna Oliveira","Est. tempo de leitura":"2 minutos"},"schema":{"@context":"https:\/\/schema.org","@graph":[{"@type":"NewsArticle","@id":"https:\/\/www.suno.com.br\/noticias\/carrefour-lucro-liquido-419-mi-2019\/#article","isPartOf":{"@id":"https:\/\/www.suno.com.br\/noticias\/carrefour-lucro-liquido-419-mi-2019\/"},"author":{"name":"Giovanna Oliveira","@id":"https:\/\/www.suno.com.br\/noticias\/#\/schema\/person\/4e19e3d2575736e5283d58eb3199d120"},"headline":"Carrefour registra lucro l\u00edquido de R$ 419 milh\u00f5es e alta de 11% no 2\u00baT19","datePublished":"2019-07-25T00:01:42+00:00","dateModified":"2021-06-21T09:22:15+00:00","mainEntityOfPage":{"@id":"https:\/\/www.suno.com.br\/noticias\/carrefour-lucro-liquido-419-mi-2019\/"},"wordCount":375,"publisher":{"@id":"https:\/\/www.suno.com.br\/noticias\/#organization"},"image":{"@id":"https:\/\/www.suno.com.br\/noticias\/carrefour-lucro-liquido-419-mi-2019\/#primaryimage"},"thumbnailUrl":"https:\/\/files.sunoresearch.com.br\/n\/uploads\/2019\/05\/7f687d5d-carrefour-e1557757836232-jpg.webp","keywords":["Carrefour (CRFB3)","Resultado das empresas"],"articleSection":["Neg\u00f3cios"],"inLanguage":"pt-BR"},{"@type":"WebPage","@id":"https:\/\/www.suno.com.br\/noticias\/carrefour-lucro-liquido-419-mi-2019\/","url":"https:\/\/www.suno.com.br\/noticias\/carrefour-lucro-liquido-419-mi-2019\/","name":"Carrefour registra lucro l\u00edquido de R$ 419 milh\u00f5es e alta de 11% no 2\u00baT19","isPartOf":{"@id":"https:\/\/www.suno.com.br\/noticias\/#website"},"primaryImageOfPage":{"@id":"https:\/\/www.suno.com.br\/noticias\/carrefour-lucro-liquido-419-mi-2019\/#primaryimage"},"image":{"@id":"https:\/\/www.suno.com.br\/noticias\/carrefour-lucro-liquido-419-mi-2019\/#primaryimage"},"thumbnailUrl":"https:\/\/files.sunoresearch.com.br\/n\/uploads\/2019\/05\/7f687d5d-carrefour-e1557757836232-jpg.webp","datePublished":"2019-07-25T00:01:42+00:00","dateModified":"2021-06-21T09:22:15+00:00","description":"O Carrefour Brasil registrou lucro l\u00edquido de R$ 419 milh\u00f5es no segundo semestre de 2019. O valor indica alta de 11%. Clique para saber mais.","breadcrumb":{"@id":"https:\/\/www.suno.com.br\/noticias\/carrefour-lucro-liquido-419-mi-2019\/#breadcrumb"},"inLanguage":"pt-BR","potentialAction":[{"@type":"ReadAction","target":["https:\/\/www.suno.com.br\/noticias\/carrefour-lucro-liquido-419-mi-2019\/"]}]},{"@type":"ImageObject","inLanguage":"pt-BR","@id":"https:\/\/www.suno.com.br\/noticias\/carrefour-lucro-liquido-419-mi-2019\/#primaryimage","url":"https:\/\/files.sunoresearch.com.br\/n\/uploads\/2019\/05\/7f687d5d-carrefour-e1557757836232-jpg.webp","contentUrl":"https:\/\/files.sunoresearch.com.br\/n\/uploads\/2019\/05\/7f687d5d-carrefour-e1557757836232-jpg.webp","width":530,"height":359,"caption":"Carrefour (CRFB3) registra alta de 29,9% nas vendas do 3T20"},{"@type":"BreadcrumbList","@id":"https:\/\/www.suno.com.br\/noticias\/carrefour-lucro-liquido-419-mi-2019\/#breadcrumb","itemListElement":[{"@type":"ListItem","position":1,"name":"Not\u00edcias","item":"https:\/\/www.suno.com.br\/noticias\/"},{"@type":"ListItem","position":2,"name":"Neg\u00f3cios","item":"https:\/\/www.suno.com.br\/noticias\/negocios\/"},{"@type":"ListItem","position":3,"name":"Carrefour registra lucro l\u00edquido de R$ 419 milh\u00f5es e alta de 11% no 2\u00baT19"}]},{"@type":"WebSite","@id":"https:\/\/www.suno.com.br\/noticias\/#website","url":"https:\/\/www.suno.com.br\/noticias\/","name":"Suno Not\u00edcias","description":"Seu portal de informa\u00e7\u00e3o sobre o mundo dos investimentos","publisher":{"@id":"https:\/\/www.suno.com.br\/noticias\/#organization"},"potentialAction":[{"@type":"SearchAction","target":{"@type":"EntryPoint","urlTemplate":"https:\/\/www.suno.com.br\/noticias\/?s={search_term_string}"},"query-input":{"@type":"PropertyValueSpecification","valueRequired":true,"valueName":"search_term_string"}}],"inLanguage":"pt-BR"},{"@type":"Organization","@id":"https:\/\/www.suno.com.br\/noticias\/#organization","name":"Suno Not\u00edcias","url":"https:\/\/www.suno.com.br\/noticias\/","logo":{"@type":"ImageObject","inLanguage":"pt-BR","@id":"https:\/\/www.suno.com.br\/noticias\/#\/schema\/logo\/image\/","url":"https:\/\/files.sunoresearch.com.br\/n\/uploads\/2021\/09\/suno-logo.png","contentUrl":"https:\/\/files.sunoresearch.com.br\/n\/uploads\/2021\/09\/suno-logo.png","width":180,"height":180,"caption":"Suno Not\u00edcias"},"image":{"@id":"https:\/\/www.suno.com.br\/noticias\/#\/schema\/logo\/image\/"},"sameAs":["https:\/\/facebook.com\/sunoresearch","https:\/\/x.com\/sunoresearch","https:\/\/www.instagram.com\/suno","https:\/\/www.linkedin.com\/company\/suno-research\/","https:\/\/www.youtube.com\/c\/sunoresearch"]},{"@type":"Person","@id":"https:\/\/www.suno.com.br\/noticias\/#\/schema\/person\/4e19e3d2575736e5283d58eb3199d120","name":"Giovanna Oliveira","image":{"@type":"ImageObject","inLanguage":"pt-BR","@id":"https:\/\/www.suno.com.br\/noticias\/#\/schema\/person\/image\/","url":"https:\/\/secure.gravatar.com\/avatar\/9a37b3ae208962ac568992d0ffdbc2eb?s=96&r=g","contentUrl":"https:\/\/secure.gravatar.com\/avatar\/9a37b3ae208962ac568992d0ffdbc2eb?s=96&r=g","caption":"Giovanna Oliveira"},"description":"Giovanna Oliveira escreve sobre economia e pol\u00edtica. Foi rep\u00f3rter do portal de jornalismo da ESPM-SP e produziu conte\u00fado para a Corinthians TV. \u00c9 estudante da ESPM.","url":"https:\/\/www.suno.com.br\/noticias\/author\/giovanna\/"}]}},"default_loop_html":"<div class=\"cardsPage__listCard__boxs\"><div class=\"cardsPage__listCard__boxs__img\"><a href=\"https:\/\/www.suno.com.br\/noticias\/carrefour-lucro-liquido-419-mi-2019\/\"><img class=\"mask\" src=\"https:\/\/www.suno.com.br\/noticias\/wp-content\/themes\/suno\/resources\/images\/spotlight\/spotlight1img\/bg-mask.png\" alt=\"Image Mask\"\/><img src=\"https:\/\/files.sunoresearch.com.br\/n\/uploads\/2019\/05\/7f687d5d-carrefour-e1557757836232-400x200.webp\" alt=\"Carrefour registra lucro l\u00edquido de R$ 419 milh\u00f5es e alta de 11% no 2\u00baT19\"\/><\/a><span class=\"spotlightCategory\"><a href=\"https:\/\/www.suno.com.br\/noticias\/negocios\/\">Neg\u00f3cios<\/a><\/span><\/div><div class=\"cardsPage__listCard__boxs__content\"><a href=\"https:\/\/www.suno.com.br\/noticias\/carrefour-lucro-liquido-419-mi-2019\/\"><h2 class=\"content__title\">Carrefour registra lucro l\u00edquido de R$ 419 milh\u00f5es e alta de 11% no 2\u00baT19<\/h2><\/a><div class=\"newsContent__article__meta\"><div class=\"newsContent__article__meta__authorBox\"><a href=\"https:\/\/www.suno.com.br\/noticias\/author\/giovanna\/\" class=\"authorBox__avatar noMobi\"><img src=\"https:\/\/files.sunoresearch.com.br\/n\/uploads\/2019\/06\/952a89ca-screenshot_20190608-171507-150x150.webp\" alt=\"Giovanna Oliveira\"><\/a><div class=\"authorBox__name\"><span>por\n\t\t\t<a href=\"https:\/\/www.suno.com.br\/noticias\/author\/giovanna\/\"><span itemprop=\"author\">Giovanna Oliveira<\/span><\/a><\/span><time datetime=\"2019-07-24T21:01:42-03:00\" itemprop=\"datePublished\">24\/07\/2019 21:01<\/time><\/div><\/div><\/div><\/div><\/div>","single_layout":"posts","amp_enabled":true,"_links":{"self":[{"href":"https:\/\/www.suno.com.br\/noticias\/wp-json\/wp\/v2\/posts\/32089"}],"collection":[{"href":"https:\/\/www.suno.com.br\/noticias\/wp-json\/wp\/v2\/posts"}],"about":[{"href":"https:\/\/www.suno.com.br\/noticias\/wp-json\/wp\/v2\/types\/post"}],"author":[{"embeddable":true,"href":"https:\/\/www.suno.com.br\/noticias\/wp-json\/wp\/v2\/users\/18"}],"replies":[{"embeddable":true,"href":"https:\/\/www.suno.com.br\/noticias\/wp-json\/wp\/v2\/comments?post=32089"}],"version-history":[{"count":1,"href":"https:\/\/www.suno.com.br\/noticias\/wp-json\/wp\/v2\/posts\/32089\/revisions"}],"predecessor-version":[{"id":159788,"href":"https:\/\/www.suno.com.br\/noticias\/wp-json\/wp\/v2\/posts\/32089\/revisions\/159788"}],"wp:featuredmedia":[{"embeddable":true,"href":"https:\/\/www.suno.com.br\/noticias\/wp-json\/wp\/v2\/media\/24298"}],"wp:attachment":[{"href":"https:\/\/www.suno.com.br\/noticias\/wp-json\/wp\/v2\/media?parent=32089"}],"wp:term":[{"taxonomy":"category","embeddable":true,"href":"https:\/\/www.suno.com.br\/noticias\/wp-json\/wp\/v2\/categories?post=32089"},{"taxonomy":"post_tag","embeddable":true,"href":"https:\/\/www.suno.com.br\/noticias\/wp-json\/wp\/v2\/tags?post=32089"},{"taxonomy":"suno_strategy","embeddable":true,"href":"https:\/\/www.suno.com.br\/noticias\/wp-json\/wp\/v2\/suno_strategy?post=32089"}],"curies":[{"name":"wp","href":"https:\/\/api.w.org\/{rel}","templated":true}]}}