{"id":32084,"date":"2019-07-24T20:14:46","date_gmt":"2019-07-24T23:14:46","guid":{"rendered":"https:\/\/www.suno.com.br\/noticias\/?p=32084"},"modified":"2021-06-21T06:18:36","modified_gmt":"2021-06-21T09:18:36","slug":"facebook-queda-49-lucro-2t-2019","status":"publish","type":"post","link":"https:\/\/www.suno.com.br\/noticias\/facebook-queda-49-lucro-2t-2019\/","title":{"rendered":"Facebook registra queda de 49% no lucro l\u00edquido no 2\u00ba trimestre de 2019"},"content":{"rendered":"<p>O Facebook registrou uma redu\u00e7\u00e3o de 49% no <a href=\"https:\/\/www.suno.com.br\/artigos\/lucro-liquido\/\"><strong>lucro l\u00edquido<\/strong><\/a> no segundo trimestre deste ano em compara\u00e7\u00e3o ao mesmo per\u00edodo de 2018. O valor obtido foi de US$ 2,616 (US$ 0,91 por a\u00e7\u00e3o).<\/p>\t<div class=\"wrapper-featured-image\">\n\t\t<figure class=\"spotlightImg\">\n\n\t\t\t<picture>\n\t\t\t\t<source media=\"(max-width: 768px)\" srcset=\"https:\/\/files.sunoresearch.com.br\/n\/uploads\/2019\/07\/bac950a0-facebook-400x200.webp\">\n\t\t\t\t<img loading=\"lazy\" decoding=\"async\" class=\"newsContent__article__imgCapa lazyloadDisabled newsContent__article__imgCapa--noCaption\" src=\"https:\/\/files.sunoresearch.com.br\/n\/uploads\/2019\/07\/bac950a0-facebook-800x450.webp\" width=\"800\" height=\"450\" alt=\"Facebook registra queda de 49% no lucro l\u00edquido no 2\u00ba trimestre de 2019\" fetchpriority=high \/>\n\t\t\t<\/picture>\n\n\t\t\t<figcaption class=\"wp-caption-text wp-caption-text--hide\">Facebook (divulga\u00e7\u00e3o)<\/figcaption>\n\t\t<\/figure>\n\t<\/div>\n\n\n<p>Por outro lado, a <strong>receita total<\/strong> do <strong>Facebook<\/strong> apresentou alta de 28% ante o 2\u00ba trimestre do 2018 e atingiu US$ 16,886 bilh\u00f5es.<\/p>\n\t<p>\n\t\t<a href=\"https:\/\/lp.suno.com.br\/ebook-investindo-em-fiis\/\" target=\"_blank\" data-element=\"shortcode-suno-banner\" title=\"Banner SUNO, clique e saiba mais\">\n\t\t\t<picture>\n\t\t\t\t<source media=\"(max-width: 500px)\" srcset=\"https:\/\/files.sunoresearch.com.br\/n\/uploads\/2023\/07\/Ebook-Fundos-Imobiliarios-Mobile.jpg\">\n\t\t\t\t<img class=\"newsContent__article__imgCapa newsContent__article__imgCapa--banner\"\n\t\t\t\t\tsrc=\"https:\/\/files.sunoresearch.com.br\/n\/uploads\/2023\/07\/Ebook-Fundos-Imobiliarios-Desktop.jpg\"\n\t\t\t\t\tdata-promo-id=\"378301\"\t\t\t\t\t\t\t\t\t\twidth='1420' height='286'\t\t\t\t\talt=\"https:\/\/files.sunoresearch.com.br\/n\/uploads\/2023\/07\/Ebook-Fundos-Imobiliarios-Desktop.jpg\"\n\t\t\t\t>\n\t\t\t<\/picture>\n\t\t<\/a>\n\t<\/p>\n\n\n<p>Nesta quarta-feira (24), no final do preg\u00e3o, os pap\u00e9is da rede social registraram alta de 1,14% e estavam negociando a US$ 204,66 na bolsa de valores de Nova York. As <strong>a\u00e7\u00f5es<\/strong> no p\u00f3s-mercado subiram 1,98% e encerraram em US$ 206,64.<\/p>\n<h2>Aumento no n\u00famero de usu\u00e1rios<\/h2>\n<p>Os bons resultados obtidos pela plataforma incluem o aumento de usu\u00e1rios ativos diariamente. O n\u00famero de pessoas que utilizam a rede social todos os dias atingiu 1,59 bilh\u00e3o. Al\u00e9m disso, a rede social norte-americana chegou a 2,41 bilh\u00f5es de usu\u00e1rios por m\u00eas.<\/p>\n<p>Conforme informado pela companhia, mais de 2,1 bilh\u00f5es de pessoas utilizam o Facebook e suas subsidi\u00e1rias diariamente. Esse n\u00famero inclui outras redes sociais como Whatsapp, Instagram e Messenger. A rede social prev\u00ea que ao menos 2,7 bilh\u00f5es acessem ao menos uma dessas plataformas por m\u00eas.<\/p>\n<h2>Multa de US$ 5 bi<\/h2>\n<p>A redu\u00e7\u00e3o do lucro l\u00edquido do Facebook foi impulsionada por conta das investiga\u00e7\u00f5es e multas que a empresa vem sofrendo.<\/p>\n<p>Nesta quarta-feira, a Comiss\u00e3o Federal de Com\u00e9rcio dos Estados Unidos (FTC) anunciou que a rede social pagar\u00e1 US$ 5 bilh\u00f5es em multa para encerrar uma investiga\u00e7\u00e3o de vazamento de dados.<\/p>\n<p><a href=\"https:\/\/www.suno.com.br\/noticias\/comissao-eua-acordo-5-bi-facebook\/\">Saiba mais: Comiss\u00e3o de com\u00e9rcio dos EUA faz acordo de US$ 5 bi com o Facebook<\/a><\/p>\n<p>&#8220;Apesar das repetidas promessas a bilh\u00f5es de usu\u00e1rios em todo mundo de que eles poderiam controlar como suas informa\u00e7\u00f5es pessoais s\u00e3o compartilhadas, o Facebook minou as escolhas dos consumidores&#8221;, afirmou o presidente da FTC, Joe Simons.<\/p>\n<p>Segundo a FTC, essa \u00e9 a maior multa imposta para uma empresa que violou a privacidade de seus usu\u00e1rios.\u00a0Com o acordo, o Facebook dever\u00e1 criar um comit\u00ea de privacidade e estabelecer postos de fiscaliza\u00e7\u00e3o.<\/p>\n<h2>Vazamento de dados do Facebook<\/h2>\n<p>A Comiss\u00e3o Federal de Com\u00e9rcio dos Estados Unidos abriu uma investiga\u00e7\u00e3o contra o Facebook 2018. A apura\u00e7\u00e3o teve in\u00edcio ap\u00f3s informa\u00e7\u00f5es de que a Cambridge Analytica teria acessado dados pessoais de 87 milh\u00f5es de usu\u00e1rios.<\/p>\n\t<p>\n\t\t<a href=\"https:\/\/lp.suno.com.br\/ao\/sessao-estrategica-consultoria-c\/?utm_source=suno-noticias&#038;utm_medium=banner&#038;utm_campaing=dolar-cair-juros\" target=\"_blank\" data-element=\"shortcode-suno-banner\" title=\"Banner SUNO, clique e saiba mais\">\n\t\t\t<picture>\n\t\t\t\t<source media=\"(max-width: 500px)\" srcset=\"https:\/\/files.sunoresearch.com.br\/n\/uploads\/2025\/09\/300x400.webp\">\n\t\t\t\t<img class=\"newsContent__article__imgCapa newsContent__article__imgCapa--banner\"\n\t\t\t\t\tsrc=\"https:\/\/files.sunoresearch.com.br\/n\/uploads\/2025\/09\/SN-DT-1420x240-1.webp\"\n\t\t\t\t\tdata-promo-id=\"624946\"\t\t\t\t\t\t\t\t\t\twidth='1420' height='240'\t\t\t\t\talt=\"https:\/\/files.sunoresearch.com.br\/n\/uploads\/2025\/09\/SN-DT-1420x240-1.webp\"\n\t\t\t\t>\n\t\t\t<\/picture>\n\t\t<\/a>\n\t<\/p>\n\n\n<p>Dessa forma, a companhia estava violando um acordo com a FTC de prote\u00e7\u00e3o \u00e0 privacidade de seus usu\u00e1rios. Com as informa\u00e7\u00f5es, a Cambridge coletou dados de usu\u00e1rios do Facebook e criou perfis para que seus clientes direcionassem mensagens pol\u00edticas para grupos espec\u00edficos.<\/p>\n<p>Al\u00e9m disso, em dezembro de 2018, o jornal norte-americano &#8220;The New York Times&#8221; apontou novas irregularidades do <strong>Facebook<\/strong>. Conforme publicado, a companhia concedeu informa\u00e7\u00f5es pessoais dos usu\u00e1rios para empresas como Microsoft, Amazon e Netflix.<\/p>\n","protected":false},"excerpt":{"rendered":"<p>O Facebook registrou uma redu\u00e7\u00e3o de 49% no lucro l\u00edquido no segundo trimestre deste ano em compara\u00e7\u00e3o ao mesmo per\u00edodo de 2018. O valor obtido foi de US$ 2,616 (US$ 0,91 por a\u00e7\u00e3o). Facebook (divulga\u00e7\u00e3o) Por outro lado, a receita total do Facebook apresentou alta de 28% ante o 2\u00ba trimestre do 2018 e atingiu [&hellip;]<\/p>\n","protected":false},"author":18,"featured_media":32086,"comment_status":"closed","ping_status":"closed","sticky":false,"template":"","format":"standard","meta":[],"categories":[64],"tags":[286,2069,733,1607],"suno_strategy":[],"class_list":["post-32084","post","type-post","status-publish","format-standard","has-post-thumbnail","hentry","category-negocios","tag-acoes","tag-cambridge-analytica","tag-facebook-fbok34","tag-resultado-das-empresas"],"yoast_head":"<!-- This site is optimized with the Yoast SEO plugin v24.4 - https:\/\/yoast.com\/wordpress\/plugins\/seo\/ -->\n<title>Facebook registra queda de 49% no lucro l\u00edquido no 2\u00ba trimestre de 2019<\/title>\n<meta name=\"description\" content=\"O Facebook registrou uma redu\u00e7\u00e3o de 49% no lucro l\u00edquido no 2\u00ba trimestre deste ano ante o mesmo per\u00edodo de 2018. Clique para saber mais.\" \/>\n<meta name=\"robots\" content=\"index, follow, max-snippet:-1, max-image-preview:large, max-video-preview:-1\" \/>\n<link rel=\"canonical\" href=\"https:\/\/www.suno.com.br\/noticias\/facebook-queda-49-lucro-2t-2019\/\" \/>\n<meta property=\"og:locale\" content=\"pt_BR\" \/>\n<meta property=\"og:type\" content=\"article\" \/>\n<meta property=\"og:title\" content=\"Facebook registra queda de 49% no lucro l\u00edquido no 2\u00ba trimestre de 2019\" \/>\n<meta property=\"og:description\" content=\"O Facebook registrou uma redu\u00e7\u00e3o de 49% no lucro l\u00edquido no 2\u00ba trimestre deste ano ante o mesmo per\u00edodo de 2018. Clique para saber mais.\" \/>\n<meta property=\"og:url\" content=\"https:\/\/www.suno.com.br\/noticias\/facebook-queda-49-lucro-2t-2019\/\" \/>\n<meta property=\"og:site_name\" content=\"Suno Not\u00edcias\" \/>\n<meta property=\"article:publisher\" content=\"https:\/\/facebook.com\/sunoresearch\" \/>\n<meta property=\"og:image\" content=\"https:\/\/files.sunoresearch.com.br\/n\/uploads\/2019\/07\/bac950a0-facebook.jpg\" \/>\n\t<meta property=\"og:image:width\" content=\"960\" \/>\n\t<meta property=\"og:image:height\" content=\"640\" \/>\n\t<meta property=\"og:image:type\" content=\"image\/jpeg\" \/>\n<meta name=\"author\" content=\"Giovanna Oliveira\" \/>\n<meta name=\"twitter:card\" content=\"summary_large_image\" \/>\n<meta name=\"twitter:creator\" content=\"@sunoresearch\" \/>\n<meta name=\"twitter:site\" content=\"@sunoresearch\" \/>\n<meta name=\"twitter:label1\" content=\"Escrito por\" \/>\n\t<meta name=\"twitter:data1\" content=\"Giovanna Oliveira\" \/>\n\t<meta name=\"twitter:label2\" content=\"Est. tempo de leitura\" \/>\n\t<meta name=\"twitter:data2\" content=\"2 minutos\" \/>\n<script type=\"application\/ld+json\" class=\"yoast-schema-graph\">{\"@context\":\"https:\/\/schema.org\",\"@graph\":[{\"@type\":\"NewsArticle\",\"@id\":\"https:\/\/www.suno.com.br\/noticias\/facebook-queda-49-lucro-2t-2019\/#article\",\"isPartOf\":{\"@id\":\"https:\/\/www.suno.com.br\/noticias\/facebook-queda-49-lucro-2t-2019\/\"},\"author\":{\"name\":\"Giovanna Oliveira\",\"@id\":\"https:\/\/www.suno.com.br\/noticias\/#\/schema\/person\/4e19e3d2575736e5283d58eb3199d120\"},\"headline\":\"Facebook registra queda de 49% no lucro l\u00edquido no 2\u00ba trimestre de 2019\",\"datePublished\":\"2019-07-24T23:14:46+00:00\",\"dateModified\":\"2021-06-21T09:18:36+00:00\",\"mainEntityOfPage\":{\"@id\":\"https:\/\/www.suno.com.br\/noticias\/facebook-queda-49-lucro-2t-2019\/\"},\"wordCount\":495,\"publisher\":{\"@id\":\"https:\/\/www.suno.com.br\/noticias\/#organization\"},\"image\":{\"@id\":\"https:\/\/www.suno.com.br\/noticias\/facebook-queda-49-lucro-2t-2019\/#primaryimage\"},\"thumbnailUrl\":\"https:\/\/files.sunoresearch.com.br\/n\/uploads\/2019\/07\/bac950a0-facebook-jpg.webp\",\"keywords\":[\"A\u00e7\u00f5es\",\"Cambridge Analytica\",\"Facebook (FBOK34)\",\"Resultado das empresas\"],\"articleSection\":[\"Neg\u00f3cios\"],\"inLanguage\":\"pt-BR\"},{\"@type\":\"WebPage\",\"@id\":\"https:\/\/www.suno.com.br\/noticias\/facebook-queda-49-lucro-2t-2019\/\",\"url\":\"https:\/\/www.suno.com.br\/noticias\/facebook-queda-49-lucro-2t-2019\/\",\"name\":\"Facebook registra queda de 49% no lucro l\u00edquido no 2\u00ba trimestre de 2019\",\"isPartOf\":{\"@id\":\"https:\/\/www.suno.com.br\/noticias\/#website\"},\"primaryImageOfPage\":{\"@id\":\"https:\/\/www.suno.com.br\/noticias\/facebook-queda-49-lucro-2t-2019\/#primaryimage\"},\"image\":{\"@id\":\"https:\/\/www.suno.com.br\/noticias\/facebook-queda-49-lucro-2t-2019\/#primaryimage\"},\"thumbnailUrl\":\"https:\/\/files.sunoresearch.com.br\/n\/uploads\/2019\/07\/bac950a0-facebook-jpg.webp\",\"datePublished\":\"2019-07-24T23:14:46+00:00\",\"dateModified\":\"2021-06-21T09:18:36+00:00\",\"description\":\"O Facebook registrou uma redu\u00e7\u00e3o de 49% no lucro l\u00edquido no 2\u00ba trimestre deste ano ante o mesmo per\u00edodo de 2018. Clique para saber mais.\",\"breadcrumb\":{\"@id\":\"https:\/\/www.suno.com.br\/noticias\/facebook-queda-49-lucro-2t-2019\/#breadcrumb\"},\"inLanguage\":\"pt-BR\",\"potentialAction\":[{\"@type\":\"ReadAction\",\"target\":[\"https:\/\/www.suno.com.br\/noticias\/facebook-queda-49-lucro-2t-2019\/\"]}]},{\"@type\":\"ImageObject\",\"inLanguage\":\"pt-BR\",\"@id\":\"https:\/\/www.suno.com.br\/noticias\/facebook-queda-49-lucro-2t-2019\/#primaryimage\",\"url\":\"https:\/\/files.sunoresearch.com.br\/n\/uploads\/2019\/07\/bac950a0-facebook-jpg.webp\",\"contentUrl\":\"https:\/\/files.sunoresearch.com.br\/n\/uploads\/2019\/07\/bac950a0-facebook-jpg.webp\",\"width\":960,\"height\":640,\"caption\":\"Facebook (divulga\u00e7\u00e3o)\"},{\"@type\":\"BreadcrumbList\",\"@id\":\"https:\/\/www.suno.com.br\/noticias\/facebook-queda-49-lucro-2t-2019\/#breadcrumb\",\"itemListElement\":[{\"@type\":\"ListItem\",\"position\":1,\"name\":\"Not\u00edcias\",\"item\":\"https:\/\/www.suno.com.br\/noticias\/\"},{\"@type\":\"ListItem\",\"position\":2,\"name\":\"Neg\u00f3cios\",\"item\":\"https:\/\/www.suno.com.br\/noticias\/negocios\/\"},{\"@type\":\"ListItem\",\"position\":3,\"name\":\"Facebook registra queda de 49% no lucro l\u00edquido no 2\u00ba trimestre de 2019\"}]},{\"@type\":\"WebSite\",\"@id\":\"https:\/\/www.suno.com.br\/noticias\/#website\",\"url\":\"https:\/\/www.suno.com.br\/noticias\/\",\"name\":\"Suno Not\u00edcias\",\"description\":\"Seu portal de informa\u00e7\u00e3o sobre o mundo dos investimentos\",\"publisher\":{\"@id\":\"https:\/\/www.suno.com.br\/noticias\/#organization\"},\"potentialAction\":[{\"@type\":\"SearchAction\",\"target\":{\"@type\":\"EntryPoint\",\"urlTemplate\":\"https:\/\/www.suno.com.br\/noticias\/?s={search_term_string}\"},\"query-input\":{\"@type\":\"PropertyValueSpecification\",\"valueRequired\":true,\"valueName\":\"search_term_string\"}}],\"inLanguage\":\"pt-BR\"},{\"@type\":\"Organization\",\"@id\":\"https:\/\/www.suno.com.br\/noticias\/#organization\",\"name\":\"Suno Not\u00edcias\",\"url\":\"https:\/\/www.suno.com.br\/noticias\/\",\"logo\":{\"@type\":\"ImageObject\",\"inLanguage\":\"pt-BR\",\"@id\":\"https:\/\/www.suno.com.br\/noticias\/#\/schema\/logo\/image\/\",\"url\":\"https:\/\/files.sunoresearch.com.br\/n\/uploads\/2021\/09\/suno-logo.png\",\"contentUrl\":\"https:\/\/files.sunoresearch.com.br\/n\/uploads\/2021\/09\/suno-logo.png\",\"width\":180,\"height\":180,\"caption\":\"Suno Not\u00edcias\"},\"image\":{\"@id\":\"https:\/\/www.suno.com.br\/noticias\/#\/schema\/logo\/image\/\"},\"sameAs\":[\"https:\/\/facebook.com\/sunoresearch\",\"https:\/\/x.com\/sunoresearch\",\"https:\/\/www.instagram.com\/suno\",\"https:\/\/www.linkedin.com\/company\/suno-research\/\",\"https:\/\/www.youtube.com\/c\/sunoresearch\"]},{\"@type\":\"Person\",\"@id\":\"https:\/\/www.suno.com.br\/noticias\/#\/schema\/person\/4e19e3d2575736e5283d58eb3199d120\",\"name\":\"Giovanna Oliveira\",\"image\":{\"@type\":\"ImageObject\",\"inLanguage\":\"pt-BR\",\"@id\":\"https:\/\/www.suno.com.br\/noticias\/#\/schema\/person\/image\/\",\"url\":\"https:\/\/secure.gravatar.com\/avatar\/9a37b3ae208962ac568992d0ffdbc2eb?s=96&r=g\",\"contentUrl\":\"https:\/\/secure.gravatar.com\/avatar\/9a37b3ae208962ac568992d0ffdbc2eb?s=96&r=g\",\"caption\":\"Giovanna Oliveira\"},\"description\":\"Giovanna Oliveira escreve sobre economia e pol\u00edtica. Foi rep\u00f3rter do portal de jornalismo da ESPM-SP e produziu conte\u00fado para a Corinthians TV. \u00c9 estudante da ESPM.\",\"url\":\"https:\/\/www.suno.com.br\/noticias\/author\/giovanna\/\"}]}<\/script>\n<!-- \/ Yoast SEO plugin. -->","yoast_head_json":{"title":"Facebook registra queda de 49% no lucro l\u00edquido no 2\u00ba trimestre de 2019","description":"O Facebook registrou uma redu\u00e7\u00e3o de 49% no lucro l\u00edquido no 2\u00ba trimestre deste ano ante o mesmo per\u00edodo de 2018. Clique para saber mais.","robots":{"index":"index","follow":"follow","max-snippet":"max-snippet:-1","max-image-preview":"max-image-preview:large","max-video-preview":"max-video-preview:-1"},"canonical":"https:\/\/www.suno.com.br\/noticias\/facebook-queda-49-lucro-2t-2019\/","og_locale":"pt_BR","og_type":"article","og_title":"Facebook registra queda de 49% no lucro l\u00edquido no 2\u00ba trimestre de 2019","og_description":"O Facebook registrou uma redu\u00e7\u00e3o de 49% no lucro l\u00edquido no 2\u00ba trimestre deste ano ante o mesmo per\u00edodo de 2018. Clique para saber mais.","og_url":"https:\/\/www.suno.com.br\/noticias\/facebook-queda-49-lucro-2t-2019\/","og_site_name":"Suno Not\u00edcias","article_publisher":"https:\/\/facebook.com\/sunoresearch","og_image":[{"width":960,"height":640,"url":"https:\/\/files.sunoresearch.com.br\/n\/uploads\/2019\/07\/bac950a0-facebook.jpg","type":"image\/jpeg"}],"author":"Giovanna Oliveira","twitter_card":"summary_large_image","twitter_creator":"@sunoresearch","twitter_site":"@sunoresearch","twitter_misc":{"Escrito por":"Giovanna Oliveira","Est. tempo de leitura":"2 minutos"},"schema":{"@context":"https:\/\/schema.org","@graph":[{"@type":"NewsArticle","@id":"https:\/\/www.suno.com.br\/noticias\/facebook-queda-49-lucro-2t-2019\/#article","isPartOf":{"@id":"https:\/\/www.suno.com.br\/noticias\/facebook-queda-49-lucro-2t-2019\/"},"author":{"name":"Giovanna Oliveira","@id":"https:\/\/www.suno.com.br\/noticias\/#\/schema\/person\/4e19e3d2575736e5283d58eb3199d120"},"headline":"Facebook registra queda de 49% no lucro l\u00edquido no 2\u00ba trimestre de 2019","datePublished":"2019-07-24T23:14:46+00:00","dateModified":"2021-06-21T09:18:36+00:00","mainEntityOfPage":{"@id":"https:\/\/www.suno.com.br\/noticias\/facebook-queda-49-lucro-2t-2019\/"},"wordCount":495,"publisher":{"@id":"https:\/\/www.suno.com.br\/noticias\/#organization"},"image":{"@id":"https:\/\/www.suno.com.br\/noticias\/facebook-queda-49-lucro-2t-2019\/#primaryimage"},"thumbnailUrl":"https:\/\/files.sunoresearch.com.br\/n\/uploads\/2019\/07\/bac950a0-facebook-jpg.webp","keywords":["A\u00e7\u00f5es","Cambridge Analytica","Facebook (FBOK34)","Resultado das empresas"],"articleSection":["Neg\u00f3cios"],"inLanguage":"pt-BR"},{"@type":"WebPage","@id":"https:\/\/www.suno.com.br\/noticias\/facebook-queda-49-lucro-2t-2019\/","url":"https:\/\/www.suno.com.br\/noticias\/facebook-queda-49-lucro-2t-2019\/","name":"Facebook registra queda de 49% no lucro l\u00edquido no 2\u00ba trimestre de 2019","isPartOf":{"@id":"https:\/\/www.suno.com.br\/noticias\/#website"},"primaryImageOfPage":{"@id":"https:\/\/www.suno.com.br\/noticias\/facebook-queda-49-lucro-2t-2019\/#primaryimage"},"image":{"@id":"https:\/\/www.suno.com.br\/noticias\/facebook-queda-49-lucro-2t-2019\/#primaryimage"},"thumbnailUrl":"https:\/\/files.sunoresearch.com.br\/n\/uploads\/2019\/07\/bac950a0-facebook-jpg.webp","datePublished":"2019-07-24T23:14:46+00:00","dateModified":"2021-06-21T09:18:36+00:00","description":"O Facebook registrou uma redu\u00e7\u00e3o de 49% no lucro l\u00edquido no 2\u00ba trimestre deste ano ante o mesmo per\u00edodo de 2018. Clique para saber mais.","breadcrumb":{"@id":"https:\/\/www.suno.com.br\/noticias\/facebook-queda-49-lucro-2t-2019\/#breadcrumb"},"inLanguage":"pt-BR","potentialAction":[{"@type":"ReadAction","target":["https:\/\/www.suno.com.br\/noticias\/facebook-queda-49-lucro-2t-2019\/"]}]},{"@type":"ImageObject","inLanguage":"pt-BR","@id":"https:\/\/www.suno.com.br\/noticias\/facebook-queda-49-lucro-2t-2019\/#primaryimage","url":"https:\/\/files.sunoresearch.com.br\/n\/uploads\/2019\/07\/bac950a0-facebook-jpg.webp","contentUrl":"https:\/\/files.sunoresearch.com.br\/n\/uploads\/2019\/07\/bac950a0-facebook-jpg.webp","width":960,"height":640,"caption":"Facebook (divulga\u00e7\u00e3o)"},{"@type":"BreadcrumbList","@id":"https:\/\/www.suno.com.br\/noticias\/facebook-queda-49-lucro-2t-2019\/#breadcrumb","itemListElement":[{"@type":"ListItem","position":1,"name":"Not\u00edcias","item":"https:\/\/www.suno.com.br\/noticias\/"},{"@type":"ListItem","position":2,"name":"Neg\u00f3cios","item":"https:\/\/www.suno.com.br\/noticias\/negocios\/"},{"@type":"ListItem","position":3,"name":"Facebook registra queda de 49% no lucro l\u00edquido no 2\u00ba trimestre de 2019"}]},{"@type":"WebSite","@id":"https:\/\/www.suno.com.br\/noticias\/#website","url":"https:\/\/www.suno.com.br\/noticias\/","name":"Suno Not\u00edcias","description":"Seu portal de informa\u00e7\u00e3o sobre o mundo dos investimentos","publisher":{"@id":"https:\/\/www.suno.com.br\/noticias\/#organization"},"potentialAction":[{"@type":"SearchAction","target":{"@type":"EntryPoint","urlTemplate":"https:\/\/www.suno.com.br\/noticias\/?s={search_term_string}"},"query-input":{"@type":"PropertyValueSpecification","valueRequired":true,"valueName":"search_term_string"}}],"inLanguage":"pt-BR"},{"@type":"Organization","@id":"https:\/\/www.suno.com.br\/noticias\/#organization","name":"Suno Not\u00edcias","url":"https:\/\/www.suno.com.br\/noticias\/","logo":{"@type":"ImageObject","inLanguage":"pt-BR","@id":"https:\/\/www.suno.com.br\/noticias\/#\/schema\/logo\/image\/","url":"https:\/\/files.sunoresearch.com.br\/n\/uploads\/2021\/09\/suno-logo.png","contentUrl":"https:\/\/files.sunoresearch.com.br\/n\/uploads\/2021\/09\/suno-logo.png","width":180,"height":180,"caption":"Suno Not\u00edcias"},"image":{"@id":"https:\/\/www.suno.com.br\/noticias\/#\/schema\/logo\/image\/"},"sameAs":["https:\/\/facebook.com\/sunoresearch","https:\/\/x.com\/sunoresearch","https:\/\/www.instagram.com\/suno","https:\/\/www.linkedin.com\/company\/suno-research\/","https:\/\/www.youtube.com\/c\/sunoresearch"]},{"@type":"Person","@id":"https:\/\/www.suno.com.br\/noticias\/#\/schema\/person\/4e19e3d2575736e5283d58eb3199d120","name":"Giovanna Oliveira","image":{"@type":"ImageObject","inLanguage":"pt-BR","@id":"https:\/\/www.suno.com.br\/noticias\/#\/schema\/person\/image\/","url":"https:\/\/secure.gravatar.com\/avatar\/9a37b3ae208962ac568992d0ffdbc2eb?s=96&r=g","contentUrl":"https:\/\/secure.gravatar.com\/avatar\/9a37b3ae208962ac568992d0ffdbc2eb?s=96&r=g","caption":"Giovanna Oliveira"},"description":"Giovanna Oliveira escreve sobre economia e pol\u00edtica. Foi rep\u00f3rter do portal de jornalismo da ESPM-SP e produziu conte\u00fado para a Corinthians TV. \u00c9 estudante da ESPM.","url":"https:\/\/www.suno.com.br\/noticias\/author\/giovanna\/"}]}},"default_loop_html":"<div class=\"cardsPage__listCard__boxs\"><div class=\"cardsPage__listCard__boxs__img\"><a href=\"https:\/\/www.suno.com.br\/noticias\/facebook-queda-49-lucro-2t-2019\/\"><img class=\"mask\" src=\"https:\/\/www.suno.com.br\/noticias\/wp-content\/themes\/suno\/resources\/images\/spotlight\/spotlight1img\/bg-mask.png\" alt=\"Image Mask\"\/><img src=\"https:\/\/files.sunoresearch.com.br\/n\/uploads\/2019\/07\/bac950a0-facebook-400x200.webp\" alt=\"Facebook registra queda de 49% no lucro l\u00edquido no 2\u00ba trimestre de 2019\"\/><\/a><span class=\"spotlightCategory\"><a href=\"https:\/\/www.suno.com.br\/noticias\/negocios\/\">Neg\u00f3cios<\/a><\/span><\/div><div class=\"cardsPage__listCard__boxs__content\"><a href=\"https:\/\/www.suno.com.br\/noticias\/facebook-queda-49-lucro-2t-2019\/\"><h2 class=\"content__title\">Facebook registra queda de 49% no lucro l\u00edquido no 2\u00ba trimestre de 2019<\/h2><\/a><div class=\"newsContent__article__meta\"><div class=\"newsContent__article__meta__authorBox\"><a href=\"https:\/\/www.suno.com.br\/noticias\/author\/giovanna\/\" class=\"authorBox__avatar noMobi\"><img src=\"https:\/\/files.sunoresearch.com.br\/n\/uploads\/2019\/06\/952a89ca-screenshot_20190608-171507-150x150.webp\" alt=\"Giovanna Oliveira\"><\/a><div class=\"authorBox__name\"><span>por\n\t\t\t<a href=\"https:\/\/www.suno.com.br\/noticias\/author\/giovanna\/\"><span itemprop=\"author\">Giovanna Oliveira<\/span><\/a><\/span><time datetime=\"2019-07-24T20:14:46-03:00\" itemprop=\"datePublished\">24\/07\/2019 20:14<\/time><\/div><\/div><\/div><\/div><\/div>","single_layout":"posts","amp_enabled":true,"_links":{"self":[{"href":"https:\/\/www.suno.com.br\/noticias\/wp-json\/wp\/v2\/posts\/32084"}],"collection":[{"href":"https:\/\/www.suno.com.br\/noticias\/wp-json\/wp\/v2\/posts"}],"about":[{"href":"https:\/\/www.suno.com.br\/noticias\/wp-json\/wp\/v2\/types\/post"}],"author":[{"embeddable":true,"href":"https:\/\/www.suno.com.br\/noticias\/wp-json\/wp\/v2\/users\/18"}],"replies":[{"embeddable":true,"href":"https:\/\/www.suno.com.br\/noticias\/wp-json\/wp\/v2\/comments?post=32084"}],"version-history":[{"count":1,"href":"https:\/\/www.suno.com.br\/noticias\/wp-json\/wp\/v2\/posts\/32084\/revisions"}],"predecessor-version":[{"id":159676,"href":"https:\/\/www.suno.com.br\/noticias\/wp-json\/wp\/v2\/posts\/32084\/revisions\/159676"}],"wp:featuredmedia":[{"embeddable":true,"href":"https:\/\/www.suno.com.br\/noticias\/wp-json\/wp\/v2\/media\/32086"}],"wp:attachment":[{"href":"https:\/\/www.suno.com.br\/noticias\/wp-json\/wp\/v2\/media?parent=32084"}],"wp:term":[{"taxonomy":"category","embeddable":true,"href":"https:\/\/www.suno.com.br\/noticias\/wp-json\/wp\/v2\/categories?post=32084"},{"taxonomy":"post_tag","embeddable":true,"href":"https:\/\/www.suno.com.br\/noticias\/wp-json\/wp\/v2\/tags?post=32084"},{"taxonomy":"suno_strategy","embeddable":true,"href":"https:\/\/www.suno.com.br\/noticias\/wp-json\/wp\/v2\/suno_strategy?post=32084"}],"curies":[{"name":"wp","href":"https:\/\/api.w.org\/{rel}","templated":true}]}}