{"id":320671,"date":"2022-11-21T11:09:54","date_gmt":"2022-11-21T14:09:54","guid":{"rendered":"https:\/\/www.suno.com.br\/noticias\/?p=320671"},"modified":"2022-11-21T11:29:38","modified_gmt":"2022-11-21T14:29:38","slug":"copel-cple6-privatizaca-governo-parana","status":"publish","type":"post","link":"https:\/\/www.suno.com.br\/noticias\/copel-cple6-privatizaca-governo-parana\/","title":{"rendered":"Copel (CPLE6) pode ser privatizada em oferta de a\u00e7\u00f5es do Governo do Paran\u00e1; a\u00e7\u00e3o dispara"},"content":{"rendered":"<p>A privatiza\u00e7\u00e3o da <a class=\"suno-keyword\" href=\"https:\/\/www.suno.com.br\/acoes\/CPLE6\/\" target=\"_blank\" rel=\"noopener\" data-force=\"yes\" data-priority=\"2\"><strong>Copel<\/strong> (CPLE6)<\/a> ganhou impulso com <a href=\"https:\/\/www.rad.cvm.gov.br\/ENET\/frmExibirArquivoIPEExterno.aspx?NumeroProtocoloEntrega=1034354\">as not\u00edcias da manh\u00e3 desta segunda-feira (21),\u00a0<\/a>levando as a\u00e7\u00f5es da empresa a subirem mais de 20%.<\/p><div class=\"videoFull \">\n\t\t\t<div class=\"videoWrapper yt-lazyload center\"\n\t\t\t\tdata-width=\"960\"\n\t\t\t\tdata-height=\"540\"\n\t\t\t\tdata-id=\"waOhAe9Od8Q\"\n\t\t\t\tdata-alt=\"V\u00eddeo do YouTube - clique para reproduzir\"\n\t\t\t\tdata-logo=\"3\"\n\t\t\t\tdata-imagequality=\"maxres\">\n\t\t\t<\/div>\n\t\t<\/div><script type=\"application\/ld+json\">{\"@context\":\"https:\/\/schema.org\",\"@type\":\"VideoObject\",\"name\":\"PEC da Transi\u00e7\u00e3o e novo governo no foco | Petrobras (PETR4) confirma dividendos | Boletim Focus\",\"description\":\"#morningcall #Not\u00edcias #pecdatransi\u00e7\u00e3o #lula #bolsadevalores #investimentos #ibovespa #focus #petrobras #petr4 \ud835\udc08\ud835\udc0d\ud835\udc12\ud835\udc02\ud835\udc11\ud835\udc04\ud835\udc15\ud835\udc00-\ud835\udc12\ud835\udc04 \ud835\udc0d\ud835\udc0e \ud835\udc02\ud835\udc00\ud835\udc0d\ud835\udc00\ud835\udc0b \ud835\udc04 \ud835\udc00\ud835\udc13\ud835\udc08\ud835\udc15\ud835\udc04 \ud835\udc0e \ud835\udc12\ud835\udc08\ud835\udc0d\ud835\udc0e \ud83d\udc47 https:\/\/bit.ly\/INSCREVA-SEATIVEOSINO \ud83d\udcda \ud83d\udcb8\ud835\udc02\ud835\udc28\ud835\udc27\ud835\udc2c\ud835\udc2d\ud835\udc2b\ud835\udc2e\ud835\udc1a \ud835\udc2e\ud835\udc26\ud835\udc1a \ud835\udc1c\ud835\udc1a\ud835\udc2b\ud835\udc2d\ud835\udc1e\ud835\udc22\ud835\udc2b\ud835\udc1a \ud835\udc1c\ud835\udc1a\ud835\udc26\ud835\udc29\ud835\udc1e\u00e3 \ud835\udc2e\ud835\udc2c\ud835\udc1a\ud835\udc27\ud835\udc1d\ud835\udc28 \ud835\udc1a\ud835\udc2c \ud835\udc2d\u00e1\ud835\udc2d\ud835\udc22\ud835\udc1c\ud835\udc1a\ud835\udc2c \ud835\udc1d\ud835\udc1a \ud835\udc12\ud835\udc2e\ud835\udc27\ud835\udc28 \ud835\udc1e \ud835\udc2d\ud835\udc1e\ud835\udc27\ud835\udc21\ud835\udc1a \ud835\udc2b\ud835\udc1e\ud835\udc2c\ud835\udc2e\ud835\udc25\ud835\udc2d\ud835\udc1a\ud835\udc1d\ud835\udc28\ud835\udc2c \ud835\udc1a\ud835\udc1c\ud835\udc22\ud835\udc26\ud835\udc1a \ud835\udc1d\ud835\udc1a \ud835\udc26\u00e9\ud835\udc1d\ud835\udc22\ud835\udc1a. \ud835\udc00 \ud835\udc01\ud835\udc25\ud835\udc1a\ud835\udc1c\ud835\udc24 \ud835\udc05\ud835\udc2b\ud835\udc22\ud835\udc1d\ud835\udc1a\ud835\udc32 \ud835\udc1e\ud835\udc2c\ud835\udc2d\u00e1 \ud835\udc1c\ud835\udc21\ud835\udc1e\ud835\udc20\ud835\udc1a\ud835\udc27\ud835\udc1d\ud835\udc28 \ud835\udc1e \ud835\udc2f\ud835\udc28\ud835\udc1c\u00ea \ud835\udc29\ud835\udc2b\ud835\udc1e\ud835\udc1c\ud835\udc22\ud835\udc2c\ud835\udc1a \ud835\udc1e\ud835\udc2c\ud835\udc2d\ud835\udc1a\ud835\udc2b \ud835\udc29\ud835\udc2b\ud835\udc1e\ud835\udc29\ud835\udc1a\ud835\udc2b\ud835\udc1a\ud835\udc1d\ud835\udc28 \ud835\udc29\ud835\udc1a\ud835\udc2b\ud835\udc1a \ud835\udc1a\ud835\udc29\ud835\udc2b\ud835\udc28\ud835\udc2f\ud835\udc1e\ud835\udc22\ud835\udc2d\ud835\udc1a\ud835\udc2b \ud835\udc1a\ud835\udc2c \ud835\udc26\ud835\udc1e\ud835\udc25\ud835\udc21\ud835\udc28\ud835\udc2b\ud835\udc1e\ud835\udc2c \ud835\udc28\ud835\udc1f\ud835\udc1e\ud835\udc2b\ud835\udc2d\ud835\udc1a\ud835\udc2c \ud835\udc1d\ud835\udc1a \ud835\udc12\ud835\udc2e\ud835\udc27\ud835\udc28 \ud835\udc27\ud835\udc28 \ud835\udc1a\ud835\udc27\ud835\udc28. \ud835\udc02\ud835\udc25\ud835\udc22\ud835\udc2a\ud835\udc2e\ud835\udc1e\u2026\",\"duration\":\"PT42M\",\"embedUrl\":\"https:\/\/www.youtube.com\/embed\/waOhAe9Od8Q\",\"regionsAllowed\":\"pt-BR\",\"interactionStatistic\":{\"@type\":\"InteractionCounter\",\"interactionType\":{\"@type\":\"WatchAction\"},\"userInteractionCount\":3082},\"thumbnailUrl\":\"https:\/\/i.ytimg.com\/vi\/waOhAe9Od8Q\/default.jpg\",\"uploadDate\":\"2022-11-21T12:49:38Z\"}<\/script>\n\n\t<p>\n\t\t<a href=\"https:\/\/lp.suno.com.br\/planilha-controle-gastos\/\" target=\"_blank\" data-element=\"shortcode-suno-banner\" title=\"Banner SUNO, clique e saiba mais\">\n\t\t\t<picture>\n\t\t\t\t<source media=\"(max-width: 500px)\" srcset=\"https:\/\/files.sunoresearch.com.br\/n\/uploads\/2023\/03\/400x300-Planilha-controle-de-gastos.png\">\n\t\t\t\t<img class=\"newsContent__article__imgCapa newsContent__article__imgCapa--banner\"\n\t\t\t\t\tsrc=\"https:\/\/files.sunoresearch.com.br\/n\/uploads\/2023\/03\/1420x240-Planilha-controle-de-gastos.png\"\n\t\t\t\t\tdata-promo-id=\"311945\"\t\t\t\t\t\t\t\t\t\twidth='1420' height='240'\t\t\t\t\talt=\"https:\/\/files.sunoresearch.com.br\/n\/uploads\/2023\/03\/1420x240-Planilha-controle-de-gastos.png\"\n\t\t\t\t>\n\t\t\t<\/picture>\n\t\t<\/a>\n\t<\/p>\n\n\n<p>Conforme <a class=\"suno-keyword\" href=\"https:\/\/www.suno.com.br\/artigos\/fato-relevante\/\" target=\"_blank\" rel=\"noopener\" data-force=\"no\" data-priority=\"1\">fato relevante<\/a> divulgado pela companhia, o Governo do Paran\u00e1 sinalizou sua inten\u00e7\u00e3o de fazer acontecer a <strong>privatiza\u00e7\u00e3o da Copel<\/strong> e transformar a empresa em uma &#8220;companhia de capital disperso e sem <a class=\"suno-keyword\" href=\"https:\/\/www.suno.com.br\/artigos\/acionista-controlador\/\" target=\"_blank\" rel=\"noopener\" data-force=\"no\" data-priority=\"1\">acionista controlador<\/a>&#8220;.<\/p>\n<p>Para isso, ser\u00e1 feita uma oferta p\u00fablica de distribui\u00e7\u00e3o secund\u00e1ria &#8211; ou seja, uma venda dos pap\u00e9is j\u00e1 existentes &#8211; das <a class=\"suno-keyword\" href=\"https:\/\/www.suno.com.br\/artigos\/o-que-sao-acoes-ordinarias-preferenciais-e-units\/\" target=\"_blank\" rel=\"noopener\" data-force=\"no\" data-priority=\"1\">a\u00e7\u00f5es ordin\u00e1rias<\/a> da companhia, que d\u00e3o direito a voto.\u00a0Al\u00e9m disso, na oferta tamb\u00e9m podem entrar certificados de dep\u00f3sitos de a\u00e7\u00f5es (units).<\/p>\n<p>Segundo a empresa, o modelo de governan\u00e7a estudado no \u00e2mbito da privatiza\u00e7\u00e3o prev\u00ea que, ap\u00f3s a opera\u00e7\u00e3o, o Estado do Paran\u00e1 siga com ao menos 15% do capital social e 10% do poder de voto.<\/p>\n<p>Para efeito de compara\u00e7\u00e3o, a redu\u00e7\u00e3o seria ainda mais intensa do que a feita na privatiza\u00e7\u00e3o da Eletrobras (ELET3), feita ainda em 2022, quando a companhia viu a participa\u00e7\u00e3o do Governo Federal cair de 51,8% para 33% do capital.<\/p>\n<p>Isso, pois o Paran\u00e1 det\u00e9m quase 70% das a\u00e7\u00f5es ordin\u00e1rias da companhia.<\/p>\n<p>Com a not\u00edcia sobre a privatiza\u00e7\u00e3o, as <a href=\"https:\/\/statusinvest.com.br\/acoes\/cple6\"><strong>a\u00e7\u00f5es CPLE6<\/strong><\/a> subiram mais de 22% nos primeiros minutos do preg\u00e3o, sendo a maior alta do Ibovespa no dia.<\/p>\n<p>&#8220;A Opera\u00e7\u00e3o objetiva a capta\u00e7\u00e3o de <a class=\"suno-keyword\" href=\"https:\/\/www.suno.com.br\/artigos\/recursos-financeiros\/\" target=\"_blank\" rel=\"noopener\" data-force=\"no\" data-priority=\"1\">recursos financeiros<\/a> para suprir necessidades de investimento do Estado do Paran\u00e1, bem como a valoriza\u00e7\u00e3o de suas a\u00e7\u00f5es remanescentes detidas na Copel, valoriza\u00e7\u00e3o essa que dever\u00e1 derivar da potencial gera\u00e7\u00e3o de valor aos acionistas, inclusive em virtude de eventual capitaliza\u00e7\u00e3o da Companhia e acelera\u00e7\u00e3o de seu plano de neg\u00f3cio&#8221;, diz o comunicado da companhia el\u00e9trica.<\/p>\n\n\t<div data-element=\"shortcode-read-more\" class=\"readToo\">\n\t\t\t\t<span class=\"readToo__title\">Leia mais<\/span>\n\t\t\t\t<ul class=\"readToo__list\">\n\t\t\t<li><a href=\"https:\/\/www.suno.com.br\/noticias\/petrobras-petr4-lula-presidente\/\">Petrobras (PETR4): Lula se re\u00fane com &#8216;poss\u00edvel novo presidente&#8217;; veja nomes<\/a><\/li><li><a href=\"https:\/\/www.suno.com.br\/noticias\/vale-vale3-itau-itub4-acoes-santander-carteira\/\">Vale (VALE3) e Ita\u00fa (ITUB4) est\u00e3o entre a\u00e7\u00f5es favoritas do Santander (SANB11) para 2023; veja carteira<\/a><\/li><li><a href=\"https:\/\/www.suno.com.br\/noticias\/boletim-focus-dolar-ipca\/\">Boletim Focus eleva proje\u00e7\u00e3o do d\u00f3lar pela primeira vez em quatro meses<\/a><\/li>\t\t<\/ul>\n\t<\/div>\n\n\n<p>Para que a opera\u00e7\u00e3o ocorra, o <a class=\"suno-keyword\" href=\"https:\/\/www.suno.com.br\/artigos\/estatuto-social\/\" target=\"_blank\" rel=\"noopener\" data-force=\"no\" data-priority=\"1\">estatuto social<\/a> da Copel deve ser alterado, j\u00e1 que a Copel quer que nenhum acionista ou grupo de acionistas possa exercer votos em n\u00famero superior a 10% da quantidade total de votos conferidos pelas a\u00e7\u00f5es.<\/p>\n<p>Al\u00e9m disso, a empresa visa vedar a\u00a0realiza\u00e7\u00e3o de acordos de acionistas para o exerc\u00edcio de direito de voto, exceto para<br \/>\na forma\u00e7\u00e3o de blocos com n\u00famero de votos inferior a 10%.<\/p>\n<h3>As mudan\u00e7as futuras no Estatuto da empresa devem prever;<\/h3>\n<ul>\n<li>Que a Sede da Copel siga no Paran\u00e1<\/li>\n<li>Que a denomina\u00e7\u00e3o da Copel n\u00e3o poder\u00e1 ser alterada<\/li>\n<li>Criar a\u00e7\u00e3o preferencial de classe especial, de propriedade exclusiva do Estado do Paran\u00e1, que conferir\u00e1 o poder de veto nas delibera\u00e7\u00f5es da assembleia geral relacionadas \u00e0s mat\u00e9rias de interesse estrat\u00e9gico (golden share)<\/li>\n<li>Autoriza\u00e7\u00e3o para os administradores aprovarem e executarem o Plano Anual de Investimentos da Copel Distribui\u00e7\u00e3o caso os investimentos, a partir deste ciclo tarif\u00e1rio, considerados prudentes pela Aneel, n\u00e3o atinjam, no m\u00ednimo2,0x da Quota de Reintegra\u00e7\u00e3o Regulat\u00f3ria (QRR), daquele mesmo ciclo de Revis\u00e3o Tarif\u00e1ria Ordin\u00e1ria e\/ou, no acumulado, at\u00e9 o final da concess\u00e3o<\/li>\n<\/ul>\n\t<p>\n\t\t<a href=\"https:\/\/lp.suno.com.br\/ebook-como-analisar-uma-acao\/\" target=\"_blank\" data-element=\"shortcode-suno-banner\" title=\"Banner SUNO, clique e saiba mais\">\n\t\t\t<picture>\n\t\t\t\t<source media=\"(max-width: 500px)\" srcset=\"https:\/\/files.sunoresearch.com.br\/n\/uploads\/2023\/03\/Ebook-Acoes-Mobile.jpg\">\n\t\t\t\t<img class=\"newsContent__article__imgCapa newsContent__article__imgCapa--banner\"\n\t\t\t\t\tsrc=\"https:\/\/files.sunoresearch.com.br\/n\/uploads\/2023\/03\/Ebook-Acoes-Desktop.jpg\"\n\t\t\t\t\tdata-promo-id=\"311946\"\t\t\t\t\t\t\t\t\t\twidth='1420' height='286'\t\t\t\t\talt=\"https:\/\/files.sunoresearch.com.br\/n\/uploads\/2023\/03\/Ebook-Acoes-Desktop.jpg\"\n\t\t\t\t>\n\t\t\t<\/picture>\n\t\t<\/a>\n\t<\/p>\n\n\n<h2>Quem controla a Copel?<\/h2>\n<p>Atualmente o governo paranaense det\u00e9m 31,1% do capital total da Copel, sendo dono de 69,7% das a\u00e7\u00f5es ordin\u00e1rias e de 6,9% das preferenciais.<\/p>\n<p>Al\u00e9m disso, conforme informa\u00e7\u00f5es da \u00e1rea de Rela\u00e7\u00e3o com Investidores (RI) da empresa, o\u00a0BNDESPAR, bra\u00e7o de participa\u00e7\u00f5es do <a class=\"suno-keyword\" href=\"https:\/\/www.suno.com.br\/artigos\/bndes\/\" target=\"_blank\" rel=\"noopener\" data-force=\"no\" data-priority=\"2\">Banco Nacional de Desenvolvimento Econ\u00f4mico e Social (BNDES)<\/a>, \u00e9 o segundo maior acionista, com 24% do capital total da companhia.<\/p>\n<p>Acionistas dilu\u00eddos na B3, NYSE e LATIBEX correspondem a 44,2% do capital social da companhia.<\/p>\n<p>Uma fatia de 0,5% da <strong>Copel<\/strong> \u00e9 detida pela <a class=\"suno-keyword\" href=\"https:\/\/www.suno.com.br\/acoes\/ELET3\/\" target=\"_blank\" rel=\"noopener\" data-force=\"yes\" data-priority=\"2\">Eletrobras (ELET3)<\/a>.<\/p>\n\t<p>\n\t\t<a href=\"https:\/\/lp.suno.com.br\/ebook-investindo-em-fiis\/\" target=\"_blank\" data-element=\"shortcode-suno-banner\" title=\"Banner SUNO, clique e saiba mais\">\n\t\t\t<picture>\n\t\t\t\t<source media=\"(max-width: 500px)\" srcset=\"https:\/\/files.sunoresearch.com.br\/n\/uploads\/2023\/03\/Ebook-Fundos-Imobiliarios-Mobile-1.jpg\">\n\t\t\t\t<img class=\"newsContent__article__imgCapa newsContent__article__imgCapa--banner\"\n\t\t\t\t\tsrc=\"https:\/\/files.sunoresearch.com.br\/n\/uploads\/2023\/03\/Ebook-Fundos-Imobiliarios-Desktop-1.jpg\"\n\t\t\t\t\tdata-promo-id=\"313843\"\t\t\t\t\t\t\t\t\t\twidth='1420' height='286'\t\t\t\t\talt=\"https:\/\/files.sunoresearch.com.br\/n\/uploads\/2023\/03\/Ebook-Fundos-Imobiliarios-Desktop-1.jpg\"\n\t\t\t\t>\n\t\t\t<\/picture>\n\t\t<\/a>\n\t<\/p>\n\n\n","protected":false},"excerpt":{"rendered":"<p>A privatiza\u00e7\u00e3o da Copel (CPLE6) ganhou impulso com as not\u00edcias da manh\u00e3 desta segunda-feira (21),\u00a0levando as a\u00e7\u00f5es da empresa a subirem mais de 20%. Conforme fato relevante divulgado pela companhia, o Governo do Paran\u00e1 sinalizou sua inten\u00e7\u00e3o de fazer acontecer a privatiza\u00e7\u00e3o da Copel e transformar a empresa em uma &#8220;companhia de capital disperso e [&hellip;]<\/p>\n","protected":false},"author":73,"featured_media":193965,"comment_status":"closed","ping_status":"closed","sticky":false,"template":"","format":"standard","meta":[],"categories":[64],"tags":[431,945],"suno_strategy":[],"class_list":["post-320671","post","type-post","status-publish","format-standard","has-post-thumbnail","hentry","category-negocios","tag-copel-cple3-cple5-cple6","tag-privatizacoes"],"yoast_head":"<!-- This site is optimized with the Yoast SEO plugin v24.4 - https:\/\/yoast.com\/wordpress\/plugins\/seo\/ -->\n<title>Copel (CPLE6) pode ser privatizada em oferta de a\u00e7\u00f5es do Governo<\/title>\n<meta name=\"description\" content=\"Conforme comunicado, o Governo do Paran\u00e1 pretende reduzir a sua participa\u00e7\u00e3o na Copel para 15%. Clique aqui e saiba mais!\" \/>\n<meta name=\"robots\" content=\"index, follow, max-snippet:-1, max-image-preview:large, max-video-preview:-1\" \/>\n<link rel=\"canonical\" href=\"https:\/\/www.suno.com.br\/noticias\/copel-cple6-privatizaca-governo-parana\/\" \/>\n<meta property=\"og:locale\" content=\"pt_BR\" \/>\n<meta property=\"og:type\" content=\"article\" \/>\n<meta property=\"og:title\" content=\"Copel (CPLE6) pode ser privatizada em oferta de a\u00e7\u00f5es do Governo\" \/>\n<meta property=\"og:description\" content=\"Conforme comunicado, o Governo do Paran\u00e1 pretende reduzir a sua participa\u00e7\u00e3o na Copel para 15%. Clique aqui e saiba mais!\" \/>\n<meta property=\"og:url\" content=\"https:\/\/www.suno.com.br\/noticias\/copel-cple6-privatizaca-governo-parana\/\" \/>\n<meta property=\"og:site_name\" content=\"Suno Not\u00edcias\" \/>\n<meta property=\"article:publisher\" content=\"https:\/\/facebook.com\/sunoresearch\" \/>\n<meta property=\"og:image\" content=\"https:\/\/files.sunoresearch.com.br\/n\/uploads\/2021\/10\/Copel-Distribuicao2-scaled-1.jpg\" \/>\n\t<meta property=\"og:image:width\" content=\"2560\" \/>\n\t<meta property=\"og:image:height\" content=\"1707\" \/>\n\t<meta property=\"og:image:type\" content=\"image\/jpeg\" \/>\n<meta name=\"author\" content=\"Eduardo Vargas\" \/>\n<meta name=\"twitter:card\" content=\"summary_large_image\" \/>\n<meta name=\"twitter:creator\" content=\"@sunoresearch\" \/>\n<meta name=\"twitter:site\" content=\"@sunoresearch\" \/>\n<meta name=\"twitter:label1\" content=\"Escrito por\" \/>\n\t<meta name=\"twitter:data1\" content=\"Eduardo Vargas\" \/>\n\t<meta name=\"twitter:label2\" content=\"Est. tempo de leitura\" \/>\n\t<meta name=\"twitter:data2\" content=\"4 minutos\" \/>\n<script type=\"application\/ld+json\" class=\"yoast-schema-graph\">{\"@context\":\"https:\/\/schema.org\",\"@graph\":[{\"@type\":\"NewsArticle\",\"@id\":\"https:\/\/www.suno.com.br\/noticias\/copel-cple6-privatizaca-governo-parana\/#article\",\"isPartOf\":{\"@id\":\"https:\/\/www.suno.com.br\/noticias\/copel-cple6-privatizaca-governo-parana\/\"},\"author\":{\"name\":\"Eduardo Vargas\",\"@id\":\"https:\/\/www.suno.com.br\/noticias\/#\/schema\/person\/7f4d362bf3518e76090143ae77bb49a5\"},\"headline\":\"Copel (CPLE6) pode ser privatizada em oferta de a\u00e7\u00f5es do Governo do Paran\u00e1; a\u00e7\u00e3o dispara\",\"datePublished\":\"2022-11-21T14:09:54+00:00\",\"dateModified\":\"2022-11-21T14:29:38+00:00\",\"mainEntityOfPage\":{\"@id\":\"https:\/\/www.suno.com.br\/noticias\/copel-cple6-privatizaca-governo-parana\/\"},\"wordCount\":643,\"publisher\":{\"@id\":\"https:\/\/www.suno.com.br\/noticias\/#organization\"},\"image\":{\"@id\":\"https:\/\/www.suno.com.br\/noticias\/copel-cple6-privatizaca-governo-parana\/#primaryimage\"},\"thumbnailUrl\":\"https:\/\/files.sunoresearch.com.br\/n\/uploads\/2021\/10\/Copel-Distribuicao2-scaled-1.jpg\",\"keywords\":[\"Copel (CPLE3\/CPLE5\/CPLE6)\",\"privatiza\u00e7\u00f5es\"],\"articleSection\":[\"Neg\u00f3cios\"],\"inLanguage\":\"pt-BR\"},{\"@type\":\"WebPage\",\"@id\":\"https:\/\/www.suno.com.br\/noticias\/copel-cple6-privatizaca-governo-parana\/\",\"url\":\"https:\/\/www.suno.com.br\/noticias\/copel-cple6-privatizaca-governo-parana\/\",\"name\":\"Copel (CPLE6) pode ser privatizada em oferta de a\u00e7\u00f5es do Governo\",\"isPartOf\":{\"@id\":\"https:\/\/www.suno.com.br\/noticias\/#website\"},\"primaryImageOfPage\":{\"@id\":\"https:\/\/www.suno.com.br\/noticias\/copel-cple6-privatizaca-governo-parana\/#primaryimage\"},\"image\":{\"@id\":\"https:\/\/www.suno.com.br\/noticias\/copel-cple6-privatizaca-governo-parana\/#primaryimage\"},\"thumbnailUrl\":\"https:\/\/files.sunoresearch.com.br\/n\/uploads\/2021\/10\/Copel-Distribuicao2-scaled-1.jpg\",\"datePublished\":\"2022-11-21T14:09:54+00:00\",\"dateModified\":\"2022-11-21T14:29:38+00:00\",\"description\":\"Conforme comunicado, o Governo do Paran\u00e1 pretende reduzir a sua participa\u00e7\u00e3o na Copel para 15%. Clique aqui e saiba mais!\",\"breadcrumb\":{\"@id\":\"https:\/\/www.suno.com.br\/noticias\/copel-cple6-privatizaca-governo-parana\/#breadcrumb\"},\"inLanguage\":\"pt-BR\",\"potentialAction\":[{\"@type\":\"ReadAction\",\"target\":[\"https:\/\/www.suno.com.br\/noticias\/copel-cple6-privatizaca-governo-parana\/\"]}]},{\"@type\":\"ImageObject\",\"inLanguage\":\"pt-BR\",\"@id\":\"https:\/\/www.suno.com.br\/noticias\/copel-cple6-privatizaca-governo-parana\/#primaryimage\",\"url\":\"https:\/\/files.sunoresearch.com.br\/n\/uploads\/2021\/10\/Copel-Distribuicao2-scaled-1.jpg\",\"contentUrl\":\"https:\/\/files.sunoresearch.com.br\/n\/uploads\/2021\/10\/Copel-Distribuicao2-scaled-1.jpg\",\"width\":2560,\"height\":1707,\"caption\":\"Copel- Foto: Reprodu\u00e7\u00e3o\/Site\/Copel\"},{\"@type\":\"BreadcrumbList\",\"@id\":\"https:\/\/www.suno.com.br\/noticias\/copel-cple6-privatizaca-governo-parana\/#breadcrumb\",\"itemListElement\":[{\"@type\":\"ListItem\",\"position\":1,\"name\":\"Not\u00edcias\",\"item\":\"https:\/\/www.suno.com.br\/noticias\/\"},{\"@type\":\"ListItem\",\"position\":2,\"name\":\"Neg\u00f3cios\",\"item\":\"https:\/\/www.suno.com.br\/noticias\/negocios\/\"},{\"@type\":\"ListItem\",\"position\":3,\"name\":\"Copel (CPLE6) pode ser privatizada em oferta de a\u00e7\u00f5es do Governo do Paran\u00e1; a\u00e7\u00e3o dispara\"}]},{\"@type\":\"WebSite\",\"@id\":\"https:\/\/www.suno.com.br\/noticias\/#website\",\"url\":\"https:\/\/www.suno.com.br\/noticias\/\",\"name\":\"Suno Not\u00edcias\",\"description\":\"Seu portal de informa\u00e7\u00e3o sobre o mundo dos investimentos\",\"publisher\":{\"@id\":\"https:\/\/www.suno.com.br\/noticias\/#organization\"},\"potentialAction\":[{\"@type\":\"SearchAction\",\"target\":{\"@type\":\"EntryPoint\",\"urlTemplate\":\"https:\/\/www.suno.com.br\/noticias\/?s={search_term_string}\"},\"query-input\":{\"@type\":\"PropertyValueSpecification\",\"valueRequired\":true,\"valueName\":\"search_term_string\"}}],\"inLanguage\":\"pt-BR\"},{\"@type\":\"Organization\",\"@id\":\"https:\/\/www.suno.com.br\/noticias\/#organization\",\"name\":\"Suno Not\u00edcias\",\"url\":\"https:\/\/www.suno.com.br\/noticias\/\",\"logo\":{\"@type\":\"ImageObject\",\"inLanguage\":\"pt-BR\",\"@id\":\"https:\/\/www.suno.com.br\/noticias\/#\/schema\/logo\/image\/\",\"url\":\"https:\/\/files.sunoresearch.com.br\/n\/uploads\/2021\/09\/suno-logo.png\",\"contentUrl\":\"https:\/\/files.sunoresearch.com.br\/n\/uploads\/2021\/09\/suno-logo.png\",\"width\":180,\"height\":180,\"caption\":\"Suno Not\u00edcias\"},\"image\":{\"@id\":\"https:\/\/www.suno.com.br\/noticias\/#\/schema\/logo\/image\/\"},\"sameAs\":[\"https:\/\/facebook.com\/sunoresearch\",\"https:\/\/x.com\/sunoresearch\",\"https:\/\/www.instagram.com\/suno\",\"https:\/\/www.linkedin.com\/company\/suno-research\/\",\"https:\/\/www.youtube.com\/c\/sunoresearch\"]},{\"@type\":\"Person\",\"@id\":\"https:\/\/www.suno.com.br\/noticias\/#\/schema\/person\/7f4d362bf3518e76090143ae77bb49a5\",\"name\":\"Eduardo Vargas\",\"image\":{\"@type\":\"ImageObject\",\"inLanguage\":\"pt-BR\",\"@id\":\"https:\/\/www.suno.com.br\/noticias\/#\/schema\/person\/image\/\",\"url\":\"https:\/\/secure.gravatar.com\/avatar\/dac340933427a22924c9f99d1eb2e3f2?s=96&r=g\",\"contentUrl\":\"https:\/\/secure.gravatar.com\/avatar\/dac340933427a22924c9f99d1eb2e3f2?s=96&r=g\",\"caption\":\"Eduardo Vargas\"},\"description\":\"Jornalista formado pela UFSC, cobre macroeconomia, neg\u00f3cios e startups para o Suno Not\u00edcias, escrevendo principalmente not\u00edcias sobre o mercado financeiro e a bolsa de valores. No YouTube e no Instagram, \u00e9 respons\u00e1vel pela produ\u00e7\u00e3o de Reels e Shorts do Suno Not\u00edcias. Anteriormente, trabalhou cobrindo economia e cotidiano no ND+ e para o ND, maior jornal impresso de Santa Catarina. Cursou um semestre letivo de Estudos de M\u00eddia na Universidad de Buenos Aires.\",\"url\":\"https:\/\/www.suno.com.br\/noticias\/author\/eduardo-vargas\/\"}]}<\/script>\n<!-- \/ Yoast SEO plugin. -->","yoast_head_json":{"title":"Copel (CPLE6) pode ser privatizada em oferta de a\u00e7\u00f5es do Governo","description":"Conforme comunicado, o Governo do Paran\u00e1 pretende reduzir a sua participa\u00e7\u00e3o na Copel para 15%. Clique aqui e saiba mais!","robots":{"index":"index","follow":"follow","max-snippet":"max-snippet:-1","max-image-preview":"max-image-preview:large","max-video-preview":"max-video-preview:-1"},"canonical":"https:\/\/www.suno.com.br\/noticias\/copel-cple6-privatizaca-governo-parana\/","og_locale":"pt_BR","og_type":"article","og_title":"Copel (CPLE6) pode ser privatizada em oferta de a\u00e7\u00f5es do Governo","og_description":"Conforme comunicado, o Governo do Paran\u00e1 pretende reduzir a sua participa\u00e7\u00e3o na Copel para 15%. Clique aqui e saiba mais!","og_url":"https:\/\/www.suno.com.br\/noticias\/copel-cple6-privatizaca-governo-parana\/","og_site_name":"Suno Not\u00edcias","article_publisher":"https:\/\/facebook.com\/sunoresearch","og_image":[{"width":2560,"height":1707,"url":"https:\/\/files.sunoresearch.com.br\/n\/uploads\/2021\/10\/Copel-Distribuicao2-scaled-1.jpg","type":"image\/jpeg"}],"author":"Eduardo Vargas","twitter_card":"summary_large_image","twitter_creator":"@sunoresearch","twitter_site":"@sunoresearch","twitter_misc":{"Escrito por":"Eduardo Vargas","Est. tempo de leitura":"4 minutos"},"schema":{"@context":"https:\/\/schema.org","@graph":[{"@type":"NewsArticle","@id":"https:\/\/www.suno.com.br\/noticias\/copel-cple6-privatizaca-governo-parana\/#article","isPartOf":{"@id":"https:\/\/www.suno.com.br\/noticias\/copel-cple6-privatizaca-governo-parana\/"},"author":{"name":"Eduardo Vargas","@id":"https:\/\/www.suno.com.br\/noticias\/#\/schema\/person\/7f4d362bf3518e76090143ae77bb49a5"},"headline":"Copel (CPLE6) pode ser privatizada em oferta de a\u00e7\u00f5es do Governo do Paran\u00e1; a\u00e7\u00e3o dispara","datePublished":"2022-11-21T14:09:54+00:00","dateModified":"2022-11-21T14:29:38+00:00","mainEntityOfPage":{"@id":"https:\/\/www.suno.com.br\/noticias\/copel-cple6-privatizaca-governo-parana\/"},"wordCount":643,"publisher":{"@id":"https:\/\/www.suno.com.br\/noticias\/#organization"},"image":{"@id":"https:\/\/www.suno.com.br\/noticias\/copel-cple6-privatizaca-governo-parana\/#primaryimage"},"thumbnailUrl":"https:\/\/files.sunoresearch.com.br\/n\/uploads\/2021\/10\/Copel-Distribuicao2-scaled-1.jpg","keywords":["Copel (CPLE3\/CPLE5\/CPLE6)","privatiza\u00e7\u00f5es"],"articleSection":["Neg\u00f3cios"],"inLanguage":"pt-BR"},{"@type":"WebPage","@id":"https:\/\/www.suno.com.br\/noticias\/copel-cple6-privatizaca-governo-parana\/","url":"https:\/\/www.suno.com.br\/noticias\/copel-cple6-privatizaca-governo-parana\/","name":"Copel (CPLE6) pode ser privatizada em oferta de a\u00e7\u00f5es do Governo","isPartOf":{"@id":"https:\/\/www.suno.com.br\/noticias\/#website"},"primaryImageOfPage":{"@id":"https:\/\/www.suno.com.br\/noticias\/copel-cple6-privatizaca-governo-parana\/#primaryimage"},"image":{"@id":"https:\/\/www.suno.com.br\/noticias\/copel-cple6-privatizaca-governo-parana\/#primaryimage"},"thumbnailUrl":"https:\/\/files.sunoresearch.com.br\/n\/uploads\/2021\/10\/Copel-Distribuicao2-scaled-1.jpg","datePublished":"2022-11-21T14:09:54+00:00","dateModified":"2022-11-21T14:29:38+00:00","description":"Conforme comunicado, o Governo do Paran\u00e1 pretende reduzir a sua participa\u00e7\u00e3o na Copel para 15%. Clique aqui e saiba mais!","breadcrumb":{"@id":"https:\/\/www.suno.com.br\/noticias\/copel-cple6-privatizaca-governo-parana\/#breadcrumb"},"inLanguage":"pt-BR","potentialAction":[{"@type":"ReadAction","target":["https:\/\/www.suno.com.br\/noticias\/copel-cple6-privatizaca-governo-parana\/"]}]},{"@type":"ImageObject","inLanguage":"pt-BR","@id":"https:\/\/www.suno.com.br\/noticias\/copel-cple6-privatizaca-governo-parana\/#primaryimage","url":"https:\/\/files.sunoresearch.com.br\/n\/uploads\/2021\/10\/Copel-Distribuicao2-scaled-1.jpg","contentUrl":"https:\/\/files.sunoresearch.com.br\/n\/uploads\/2021\/10\/Copel-Distribuicao2-scaled-1.jpg","width":2560,"height":1707,"caption":"Copel- Foto: Reprodu\u00e7\u00e3o\/Site\/Copel"},{"@type":"BreadcrumbList","@id":"https:\/\/www.suno.com.br\/noticias\/copel-cple6-privatizaca-governo-parana\/#breadcrumb","itemListElement":[{"@type":"ListItem","position":1,"name":"Not\u00edcias","item":"https:\/\/www.suno.com.br\/noticias\/"},{"@type":"ListItem","position":2,"name":"Neg\u00f3cios","item":"https:\/\/www.suno.com.br\/noticias\/negocios\/"},{"@type":"ListItem","position":3,"name":"Copel (CPLE6) pode ser privatizada em oferta de a\u00e7\u00f5es do Governo do Paran\u00e1; a\u00e7\u00e3o dispara"}]},{"@type":"WebSite","@id":"https:\/\/www.suno.com.br\/noticias\/#website","url":"https:\/\/www.suno.com.br\/noticias\/","name":"Suno Not\u00edcias","description":"Seu portal de informa\u00e7\u00e3o sobre o mundo dos investimentos","publisher":{"@id":"https:\/\/www.suno.com.br\/noticias\/#organization"},"potentialAction":[{"@type":"SearchAction","target":{"@type":"EntryPoint","urlTemplate":"https:\/\/www.suno.com.br\/noticias\/?s={search_term_string}"},"query-input":{"@type":"PropertyValueSpecification","valueRequired":true,"valueName":"search_term_string"}}],"inLanguage":"pt-BR"},{"@type":"Organization","@id":"https:\/\/www.suno.com.br\/noticias\/#organization","name":"Suno Not\u00edcias","url":"https:\/\/www.suno.com.br\/noticias\/","logo":{"@type":"ImageObject","inLanguage":"pt-BR","@id":"https:\/\/www.suno.com.br\/noticias\/#\/schema\/logo\/image\/","url":"https:\/\/files.sunoresearch.com.br\/n\/uploads\/2021\/09\/suno-logo.png","contentUrl":"https:\/\/files.sunoresearch.com.br\/n\/uploads\/2021\/09\/suno-logo.png","width":180,"height":180,"caption":"Suno Not\u00edcias"},"image":{"@id":"https:\/\/www.suno.com.br\/noticias\/#\/schema\/logo\/image\/"},"sameAs":["https:\/\/facebook.com\/sunoresearch","https:\/\/x.com\/sunoresearch","https:\/\/www.instagram.com\/suno","https:\/\/www.linkedin.com\/company\/suno-research\/","https:\/\/www.youtube.com\/c\/sunoresearch"]},{"@type":"Person","@id":"https:\/\/www.suno.com.br\/noticias\/#\/schema\/person\/7f4d362bf3518e76090143ae77bb49a5","name":"Eduardo Vargas","image":{"@type":"ImageObject","inLanguage":"pt-BR","@id":"https:\/\/www.suno.com.br\/noticias\/#\/schema\/person\/image\/","url":"https:\/\/secure.gravatar.com\/avatar\/dac340933427a22924c9f99d1eb2e3f2?s=96&r=g","contentUrl":"https:\/\/secure.gravatar.com\/avatar\/dac340933427a22924c9f99d1eb2e3f2?s=96&r=g","caption":"Eduardo Vargas"},"description":"Jornalista formado pela UFSC, cobre macroeconomia, neg\u00f3cios e startups para o Suno Not\u00edcias, escrevendo principalmente not\u00edcias sobre o mercado financeiro e a bolsa de valores. No YouTube e no Instagram, \u00e9 respons\u00e1vel pela produ\u00e7\u00e3o de Reels e Shorts do Suno Not\u00edcias. Anteriormente, trabalhou cobrindo economia e cotidiano no ND+ e para o ND, maior jornal impresso de Santa Catarina. Cursou um semestre letivo de Estudos de M\u00eddia na Universidad de Buenos Aires.","url":"https:\/\/www.suno.com.br\/noticias\/author\/eduardo-vargas\/"}]}},"default_loop_html":"<div class=\"cardsPage__listCard__boxs\"><div class=\"cardsPage__listCard__boxs__img\"><a href=\"https:\/\/www.suno.com.br\/noticias\/boletim-focus-dolar-ipca\/\"><img class=\"mask\" src=\"https:\/\/www.suno.com.br\/noticias\/wp-content\/themes\/suno\/resources\/images\/spotlight\/spotlight1img\/bg-mask.png\" alt=\"Image Mask\"\/><img src=\"https:\/\/files.sunoresearch.com.br\/n\/uploads\/2022\/08\/Dolar-hoje-1-400x200.jpg\" alt=\"Boletim Focus eleva proje\u00e7\u00e3o do d\u00f3lar pela primeira vez em quatro meses\"\/><\/a><span class=\"spotlightCategory\"><a href=\"https:\/\/www.suno.com.br\/noticias\/economia\/\">Economia<\/a><\/span><\/div><div class=\"cardsPage__listCard__boxs__content\"><a href=\"https:\/\/www.suno.com.br\/noticias\/boletim-focus-dolar-ipca\/\"><h2 class=\"content__title\">Boletim Focus eleva proje\u00e7\u00e3o do d\u00f3lar pela primeira vez em quatro meses<\/h2><\/a><div class=\"newsContent__article__meta\"><div class=\"newsContent__article__meta__authorBox\"><a href=\"https:\/\/www.suno.com.br\/noticias\/author\/eduardo-vargas\/\" class=\"authorBox__avatar noMobi\"><img src=\"https:\/\/secure.gravatar.com\/avatar\/dac340933427a22924c9f99d1eb2e3f2?s=96&#038;r=g\" alt=\"Eduardo Vargas\"><\/a><div class=\"authorBox__name\"><span>por\n\t\t\t<a href=\"https:\/\/www.suno.com.br\/noticias\/author\/eduardo-vargas\/\"><span itemprop=\"author\">Eduardo Vargas<\/span><\/a><\/span><time datetime=\"2022-11-21T09:06:09-03:00\" itemprop=\"datePublished\">21\/11\/2022 09:06<\/time><\/div><\/div><\/div><\/div><\/div>","single_layout":"posts","amp_enabled":true,"_links":{"self":[{"href":"https:\/\/www.suno.com.br\/noticias\/wp-json\/wp\/v2\/posts\/320671"}],"collection":[{"href":"https:\/\/www.suno.com.br\/noticias\/wp-json\/wp\/v2\/posts"}],"about":[{"href":"https:\/\/www.suno.com.br\/noticias\/wp-json\/wp\/v2\/types\/post"}],"author":[{"embeddable":true,"href":"https:\/\/www.suno.com.br\/noticias\/wp-json\/wp\/v2\/users\/73"}],"replies":[{"embeddable":true,"href":"https:\/\/www.suno.com.br\/noticias\/wp-json\/wp\/v2\/comments?post=320671"}],"version-history":[{"count":2,"href":"https:\/\/www.suno.com.br\/noticias\/wp-json\/wp\/v2\/posts\/320671\/revisions"}],"predecessor-version":[{"id":320684,"href":"https:\/\/www.suno.com.br\/noticias\/wp-json\/wp\/v2\/posts\/320671\/revisions\/320684"}],"wp:featuredmedia":[{"embeddable":true,"href":"https:\/\/www.suno.com.br\/noticias\/wp-json\/wp\/v2\/media\/193965"}],"wp:attachment":[{"href":"https:\/\/www.suno.com.br\/noticias\/wp-json\/wp\/v2\/media?parent=320671"}],"wp:term":[{"taxonomy":"category","embeddable":true,"href":"https:\/\/www.suno.com.br\/noticias\/wp-json\/wp\/v2\/categories?post=320671"},{"taxonomy":"post_tag","embeddable":true,"href":"https:\/\/www.suno.com.br\/noticias\/wp-json\/wp\/v2\/tags?post=320671"},{"taxonomy":"suno_strategy","embeddable":true,"href":"https:\/\/www.suno.com.br\/noticias\/wp-json\/wp\/v2\/suno_strategy?post=320671"}],"curies":[{"name":"wp","href":"https:\/\/api.w.org\/{rel}","templated":true}]}}