{"id":320627,"date":"2022-11-21T10:53:09","date_gmt":"2022-11-21T13:53:09","guid":{"rendered":"https:\/\/www.suno.com.br\/noticias\/?p=320627"},"modified":"2022-11-21T10:53:09","modified_gmt":"2022-11-21T13:53:09","slug":"deva11-pior-ja-passou-afirma-gestora-dividendos","status":"publish","type":"post","link":"https:\/\/www.suno.com.br\/noticias\/deva11-pior-ja-passou-afirma-gestora-dividendos\/","title":{"rendered":"DEVA11: &#8216;o pior j\u00e1 passou&#8217;, afirma gestora sobre dividendos em baixa"},"content":{"rendered":"<p>O <a href=\"http:\/\/suno.com.br\/fundos-imobiliarios\/deva11\"><strong>fundo imobili\u00e1rio DEVA11<\/strong><\/a> informou, nesta \u00faltima sexta-feira (18), que o FII deve voltar \u00e0 normalidade na sua distribui\u00e7\u00e3o de dividendos. Em virtude da defla\u00e7\u00e3o, o fundo de papel da Devant Asset pagou rendimentos menores no m\u00eas de novembro.<\/p>\t<div class=\"wrapper-featured-image\">\n\t\t<figure class=\"spotlightImg\">\n\n\t\t\t<picture>\n\t\t\t\t<source media=\"(max-width: 768px)\" srcset=\"https:\/\/files.sunoresearch.com.br\/n\/uploads\/2022\/11\/architecture-g076e1e025_1280-400x200.jpg\">\n\t\t\t\t<img loading=\"lazy\" decoding=\"async\" class=\"newsContent__article__imgCapa lazyloadDisabled \" src=\"https:\/\/files.sunoresearch.com.br\/n\/uploads\/2022\/11\/architecture-g076e1e025_1280-800x450.jpg\" width=\"800\" height=\"450\" alt=\"DEVA11: &#8216;o pior j\u00e1 passou&#8217;, afirma gestora sobre dividendos em baixa\" fetchpriority=high \/>\n\t\t\t<\/picture>\n\n\t\t\t<figcaption class=\"wp-caption-text wp-caption-text--show\">DEVA11 - Fonte: Pixabay<\/figcaption>\n\t\t<\/figure>\n\t<\/div>\n\n\n\t<p>\n\t\t<a href=\"https:\/\/lp2.suno.com.br\/cl\/black-friday-2025\/?utm_campaign=_SNCDF0E4858_\" target=\"_blank\" data-element=\"shortcode-suno-banner\" title=\"Banner SUNO, clique e saiba mais\">\n\t\t\t<picture>\n\t\t\t\t<source media=\"(max-width: 500px)\" srcset=\"https:\/\/files.sunoresearch.com.br\/n\/uploads\/2025\/10\/Artigos-e-Noticias-Banner-Home-artigos-01-Mobile_-400x300-1-png.webp\">\n\t\t\t\t<img class=\"newsContent__article__imgCapa newsContent__article__imgCapa--banner\"\n\t\t\t\t\tsrc=\"https:\/\/files.sunoresearch.com.br\/n\/uploads\/2025\/10\/Artigos-e-Noticias-Banner-Home-artigos-01-Desktop_-1420x240-1-png.webp\"\n\t\t\t\t\tdata-promo-id=\"311259\"\t\t\t\t\t\t\t\t\t\twidth='1420' height='240'\t\t\t\t\talt=\"https:\/\/files.sunoresearch.com.br\/n\/uploads\/2025\/10\/Artigos-e-Noticias-Banner-Home-artigos-01-Desktop_-1420x240-1-png.webp\"\n\t\t\t\t>\n\t\t\t<\/picture>\n\t\t<\/a>\n\t<\/p>\n\n\n<p>O fundo distribuiu um total de R$ 7,9 milh\u00f5es referentes aos resultados de outubro. Deste modo, os<strong> dividendos do DEVA11<\/strong> foram de R$ 0,56 por cota, o que resultou em um <a href=\"https:\/\/www.suno.com.br\/artigos\/dividend-yield-como-calcular\/\"><strong>dividend yield<\/strong><\/a> de 0,62%, remunera\u00e7\u00e3o equivalente a 60,7% do CDI.<\/p>\n<p>Os rendimentos tanto dos meses de setembro e outubro referem-se \u00e0 parcela prefixada da carteira. A parcela da corre\u00e7\u00e3o monet\u00e1ria foi praticamente nula, devido ao IPCA negativo no per\u00edodo.<\/p>\n<p>Os \u00edndices inflacion\u00e1rios utilizados para c\u00e1lculo dos dividendos foram os apurados em agosto e setembro, com defla\u00e7\u00e3o de -0,36% e -0,29%, respectivamente. Como o fundo tem prote\u00e7\u00e3o de 99% dos ativos contra defla\u00e7\u00e3o, a parte p\u00f3s-fixada foi praticamente zerada no c\u00e1lculo.<\/p>\n\t<p>\n\t\t<a href=\"https:\/\/lp.suno.com.br\/ebook-como-analisar-uma-acao\/\" target=\"_blank\" data-element=\"shortcode-suno-banner\" title=\"Banner SUNO, clique e saiba mais\">\n\t\t\t<picture>\n\t\t\t\t<source media=\"(max-width: 500px)\" srcset=\"https:\/\/files.sunoresearch.com.br\/n\/uploads\/2023\/12\/Ebook-Acoes-Mobile.jpg\">\n\t\t\t\t<img class=\"newsContent__article__imgCapa newsContent__article__imgCapa--banner\"\n\t\t\t\t\tsrc=\"https:\/\/files.sunoresearch.com.br\/n\/uploads\/2023\/12\/Ebook-Acoes-Desktop.webp\"\n\t\t\t\t\tdata-promo-id=\"311260\"\t\t\t\t\t\t\t\t\t\twidth='1420' height='286'\t\t\t\t\talt=\"https:\/\/files.sunoresearch.com.br\/n\/uploads\/2023\/12\/Ebook-Acoes-Desktop.webp\"\n\t\t\t\t>\n\t\t\t<\/picture>\n\t\t<\/a>\n\t<\/p>\n\n\n<h2>Com fim da defla\u00e7\u00e3o, os rendimentos do DEVA11 voltar\u00e3o \u00e0 normalidade<\/h2>\n<p>Por\u00e9m, os <strong>cotistas do DEVA11<\/strong> podem esperar rendimentos maiores nas pr\u00f3ximas distribui\u00e7\u00f5es. Acima das expectativas do mercado, o IPCA de outubro avan\u00e7ou 0,59%, fechando o ciclo de defla\u00e7\u00e3o que teve dura\u00e7\u00e3o de 3 meses.<\/p>\n<p>Do ponto de vista dos dividendos, \u201c\u00e9 poss\u00edvel afirmar que mesmo observando a defasagem dos indicadores, o principal momento de redu\u00e7\u00e3o do montante distribu\u00eddo j\u00e1 passou\u201d, afirma a gestora.<\/p>\n<p>Neste caso, nos pr\u00f3ximos meses, o DEVA11 voltar\u00e1 a contar com a corre\u00e7\u00e3o positiva, retornando ao seu patamar normal de distribui\u00e7\u00e3o. Para o pr\u00f3ximo rendimento, ser\u00e3o considerados os indicadores de setembro (-0,29%) e outubro (0,59%).<\/p>\n<h2>Um fundo com ativos high yield negociado com desconto<\/h2>\n<p>Al\u00e9m disso, a gestora destaca que o cen\u00e1rio de defla\u00e7\u00e3o ocorrido nos \u00faltimos meses pode ter sido uma oportunidade para os <strong>investidores de DEVA11<\/strong>. O fundo tem sido negociado no mercado secund\u00e1rio com cerca de 10% a 15% de desconto com rela\u00e7\u00e3o ao valor patrimonial.<\/p>\n<p>Em rela\u00e7\u00e3o aos seus investimentos, o DEVA11 permanecer\u00e1 com sua carteira com caracter\u00edsticas <a href=\"https:\/\/www.suno.com.br\/artigos\/high-yield\/\"><strong>high yield<\/strong><\/a>. A gestora diz acompanhar todos seus investimentos de maneira muito pr\u00f3xima, de forma a mitigar poss\u00edveis situa\u00e7\u00f5es alarmantes que possam surgir.<\/p>\n<p>A taxa m\u00e9dia ponderada da carteira de CRI fechou em 10,41% + infla\u00e7\u00e3o, contando com ativos com robusta estrutura de garantias, garante a gest\u00e3o do FII.<\/p>\n<p>O <strong>Devant Receb\u00edveis Imobili\u00e1rios (DEVA11)<\/strong> tem como objetivo obter rendimentos e ganhos de capital de aplica\u00e7\u00f5es em ativos financeiros com lastro imobili\u00e1rio, principalmente Certificados de Receb\u00edveis Imobili\u00e1rios (CRI).<\/p>\n\t<p>\n\t\t<a href=\"https:\/\/lp.suno.com.br\/ebook-como-analisar-uma-acao\/\" target=\"_blank\" data-element=\"shortcode-suno-banner\" title=\"Banner SUNO, clique e saiba mais\">\n\t\t\t<picture>\n\t\t\t\t<source media=\"(max-width: 500px)\" srcset=\"https:\/\/files.sunoresearch.com.br\/n\/uploads\/2023\/12\/Ebook-Acoes-Mobile.jpg\">\n\t\t\t\t<img class=\"newsContent__article__imgCapa newsContent__article__imgCapa--banner\"\n\t\t\t\t\tsrc=\"https:\/\/files.sunoresearch.com.br\/n\/uploads\/2023\/12\/Ebook-Acoes-Desktop.webp\"\n\t\t\t\t\tdata-promo-id=\"311260\"\t\t\t\t\t\t\t\t\t\twidth='1420' height='286'\t\t\t\t\talt=\"https:\/\/files.sunoresearch.com.br\/n\/uploads\/2023\/12\/Ebook-Acoes-Desktop.webp\"\n\t\t\t\t>\n\t\t\t<\/picture>\n\t\t<\/a>\n\t<\/p>\n\n\n","protected":false},"excerpt":{"rendered":"<p>O fundo imobili\u00e1rio DEVA11 informou, nesta \u00faltima sexta-feira (18), que o FII deve voltar \u00e0 normalidade na sua distribui\u00e7\u00e3o de dividendos. Em virtude da defla\u00e7\u00e3o, o fundo de papel da Devant Asset pagou rendimentos menores no m\u00eas de novembro. DEVA11 &#8211; Fonte: Pixabay O fundo distribuiu um total de R$ 7,9 milh\u00f5es referentes aos resultados [&hellip;]<\/p>\n","protected":false},"author":172,"featured_media":320639,"comment_status":"closed","ping_status":"closed","sticky":false,"template":"","format":"standard","meta":[],"categories":[66],"tags":[105888,315],"suno_strategy":[],"class_list":["post-320627","post","type-post","status-publish","format-standard","has-post-thumbnail","hentry","category-fiis","tag-deva11","tag-fundos-imobiliarios-fiis"],"yoast_head":"<!-- This site is optimized with the Yoast SEO plugin v24.4 - https:\/\/yoast.com\/wordpress\/plugins\/seo\/ -->\n<title>DEVA11: &#039;o pior j\u00e1 passou&#039;, afirma gestora sobre dividendos em baixa<\/title>\n<meta name=\"description\" content=\"DEVA11 informou nesta \u00faltima sexta-feira, que o FII voltar\u00e1 \u00e0 normalidade na sua distribui\u00e7\u00e3o de dividendos. Leia e entenda!\" \/>\n<meta name=\"robots\" content=\"index, follow, max-snippet:-1, max-image-preview:large, max-video-preview:-1\" \/>\n<link rel=\"canonical\" href=\"https:\/\/www.suno.com.br\/noticias\/deva11-pior-ja-passou-afirma-gestora-dividendos\/\" \/>\n<meta property=\"og:locale\" content=\"pt_BR\" \/>\n<meta property=\"og:type\" content=\"article\" \/>\n<meta property=\"og:title\" content=\"DEVA11: &#039;o pior j\u00e1 passou&#039;, afirma gestora sobre dividendos em baixa\" \/>\n<meta property=\"og:description\" content=\"DEVA11 informou nesta \u00faltima sexta-feira, que o FII voltar\u00e1 \u00e0 normalidade na sua distribui\u00e7\u00e3o de dividendos. Leia e entenda!\" \/>\n<meta property=\"og:url\" content=\"https:\/\/www.suno.com.br\/noticias\/deva11-pior-ja-passou-afirma-gestora-dividendos\/\" \/>\n<meta property=\"og:site_name\" content=\"Suno Not\u00edcias\" \/>\n<meta property=\"article:publisher\" content=\"https:\/\/facebook.com\/sunoresearch\" \/>\n<meta property=\"og:image\" content=\"https:\/\/files.sunoresearch.com.br\/n\/uploads\/2022\/11\/architecture-g076e1e025_1280.jpg\" \/>\n\t<meta property=\"og:image:width\" content=\"1280\" \/>\n\t<meta property=\"og:image:height\" content=\"853\" \/>\n\t<meta property=\"og:image:type\" content=\"image\/jpeg\" \/>\n<meta name=\"author\" content=\"Gustavo Bianch\" \/>\n<meta name=\"twitter:card\" content=\"summary_large_image\" \/>\n<meta name=\"twitter:creator\" content=\"@sunoresearch\" \/>\n<meta name=\"twitter:site\" content=\"@sunoresearch\" \/>\n<meta name=\"twitter:label1\" content=\"Escrito por\" \/>\n\t<meta name=\"twitter:data1\" content=\"Gustavo Bianch\" \/>\n\t<meta name=\"twitter:label2\" content=\"Est. tempo de leitura\" \/>\n\t<meta name=\"twitter:data2\" content=\"3 minutos\" \/>\n<script type=\"application\/ld+json\" class=\"yoast-schema-graph\">{\"@context\":\"https:\/\/schema.org\",\"@graph\":[{\"@type\":\"NewsArticle\",\"@id\":\"https:\/\/www.suno.com.br\/noticias\/deva11-pior-ja-passou-afirma-gestora-dividendos\/#article\",\"isPartOf\":{\"@id\":\"https:\/\/www.suno.com.br\/noticias\/deva11-pior-ja-passou-afirma-gestora-dividendos\/\"},\"author\":{\"name\":\"Gustavo Bianch\",\"@id\":\"https:\/\/www.suno.com.br\/noticias\/#\/schema\/person\/a72c0794bc524e8100a01ae3d3b6becb\"},\"headline\":\"DEVA11: &#8216;o pior j\u00e1 passou&#8217;, afirma gestora sobre dividendos em baixa\",\"datePublished\":\"2022-11-21T13:53:09+00:00\",\"mainEntityOfPage\":{\"@id\":\"https:\/\/www.suno.com.br\/noticias\/deva11-pior-ja-passou-afirma-gestora-dividendos\/\"},\"wordCount\":457,\"publisher\":{\"@id\":\"https:\/\/www.suno.com.br\/noticias\/#organization\"},\"image\":{\"@id\":\"https:\/\/www.suno.com.br\/noticias\/deva11-pior-ja-passou-afirma-gestora-dividendos\/#primaryimage\"},\"thumbnailUrl\":\"https:\/\/files.sunoresearch.com.br\/n\/uploads\/2022\/11\/architecture-g076e1e025_1280.jpg\",\"keywords\":[\"DEVA11\",\"Fundos Imobili\u00e1rios (FIIs)\"],\"articleSection\":[\"FIIs\"],\"inLanguage\":\"pt-BR\"},{\"@type\":\"WebPage\",\"@id\":\"https:\/\/www.suno.com.br\/noticias\/deva11-pior-ja-passou-afirma-gestora-dividendos\/\",\"url\":\"https:\/\/www.suno.com.br\/noticias\/deva11-pior-ja-passou-afirma-gestora-dividendos\/\",\"name\":\"DEVA11: 'o pior j\u00e1 passou', afirma gestora sobre dividendos em baixa\",\"isPartOf\":{\"@id\":\"https:\/\/www.suno.com.br\/noticias\/#website\"},\"primaryImageOfPage\":{\"@id\":\"https:\/\/www.suno.com.br\/noticias\/deva11-pior-ja-passou-afirma-gestora-dividendos\/#primaryimage\"},\"image\":{\"@id\":\"https:\/\/www.suno.com.br\/noticias\/deva11-pior-ja-passou-afirma-gestora-dividendos\/#primaryimage\"},\"thumbnailUrl\":\"https:\/\/files.sunoresearch.com.br\/n\/uploads\/2022\/11\/architecture-g076e1e025_1280.jpg\",\"datePublished\":\"2022-11-21T13:53:09+00:00\",\"description\":\"DEVA11 informou nesta \u00faltima sexta-feira, que o FII voltar\u00e1 \u00e0 normalidade na sua distribui\u00e7\u00e3o de dividendos. Leia e entenda!\",\"breadcrumb\":{\"@id\":\"https:\/\/www.suno.com.br\/noticias\/deva11-pior-ja-passou-afirma-gestora-dividendos\/#breadcrumb\"},\"inLanguage\":\"pt-BR\",\"potentialAction\":[{\"@type\":\"ReadAction\",\"target\":[\"https:\/\/www.suno.com.br\/noticias\/deva11-pior-ja-passou-afirma-gestora-dividendos\/\"]}]},{\"@type\":\"ImageObject\",\"inLanguage\":\"pt-BR\",\"@id\":\"https:\/\/www.suno.com.br\/noticias\/deva11-pior-ja-passou-afirma-gestora-dividendos\/#primaryimage\",\"url\":\"https:\/\/files.sunoresearch.com.br\/n\/uploads\/2022\/11\/architecture-g076e1e025_1280.jpg\",\"contentUrl\":\"https:\/\/files.sunoresearch.com.br\/n\/uploads\/2022\/11\/architecture-g076e1e025_1280.jpg\",\"width\":1280,\"height\":853,\"caption\":\"DEVA11 - Fonte: Pixabay\"},{\"@type\":\"BreadcrumbList\",\"@id\":\"https:\/\/www.suno.com.br\/noticias\/deva11-pior-ja-passou-afirma-gestora-dividendos\/#breadcrumb\",\"itemListElement\":[{\"@type\":\"ListItem\",\"position\":1,\"name\":\"Not\u00edcias\",\"item\":\"https:\/\/www.suno.com.br\/noticias\/\"},{\"@type\":\"ListItem\",\"position\":2,\"name\":\"FIIs\",\"item\":\"https:\/\/www.suno.com.br\/noticias\/fiis\/\"},{\"@type\":\"ListItem\",\"position\":3,\"name\":\"DEVA11: &#8216;o pior j\u00e1 passou&#8217;, afirma gestora sobre dividendos em baixa\"}]},{\"@type\":\"WebSite\",\"@id\":\"https:\/\/www.suno.com.br\/noticias\/#website\",\"url\":\"https:\/\/www.suno.com.br\/noticias\/\",\"name\":\"Suno Not\u00edcias\",\"description\":\"Seu portal de informa\u00e7\u00e3o sobre o mundo dos investimentos\",\"publisher\":{\"@id\":\"https:\/\/www.suno.com.br\/noticias\/#organization\"},\"potentialAction\":[{\"@type\":\"SearchAction\",\"target\":{\"@type\":\"EntryPoint\",\"urlTemplate\":\"https:\/\/www.suno.com.br\/noticias\/?s={search_term_string}\"},\"query-input\":{\"@type\":\"PropertyValueSpecification\",\"valueRequired\":true,\"valueName\":\"search_term_string\"}}],\"inLanguage\":\"pt-BR\"},{\"@type\":\"Organization\",\"@id\":\"https:\/\/www.suno.com.br\/noticias\/#organization\",\"name\":\"Suno Not\u00edcias\",\"url\":\"https:\/\/www.suno.com.br\/noticias\/\",\"logo\":{\"@type\":\"ImageObject\",\"inLanguage\":\"pt-BR\",\"@id\":\"https:\/\/www.suno.com.br\/noticias\/#\/schema\/logo\/image\/\",\"url\":\"https:\/\/files.sunoresearch.com.br\/n\/uploads\/2021\/09\/suno-logo.png\",\"contentUrl\":\"https:\/\/files.sunoresearch.com.br\/n\/uploads\/2021\/09\/suno-logo.png\",\"width\":180,\"height\":180,\"caption\":\"Suno Not\u00edcias\"},\"image\":{\"@id\":\"https:\/\/www.suno.com.br\/noticias\/#\/schema\/logo\/image\/\"},\"sameAs\":[\"https:\/\/facebook.com\/sunoresearch\",\"https:\/\/x.com\/sunoresearch\",\"https:\/\/www.instagram.com\/suno\",\"https:\/\/www.linkedin.com\/company\/suno-research\/\",\"https:\/\/www.youtube.com\/c\/sunoresearch\"]},{\"@type\":\"Person\",\"@id\":\"https:\/\/www.suno.com.br\/noticias\/#\/schema\/person\/a72c0794bc524e8100a01ae3d3b6becb\",\"name\":\"Gustavo Bianch\",\"image\":{\"@type\":\"ImageObject\",\"inLanguage\":\"pt-BR\",\"@id\":\"https:\/\/www.suno.com.br\/noticias\/#\/schema\/person\/image\/\",\"url\":\"https:\/\/secure.gravatar.com\/avatar\/a8da2835aade1ac6c1eede0339ead827?s=96&r=g\",\"contentUrl\":\"https:\/\/secure.gravatar.com\/avatar\/a8da2835aade1ac6c1eede0339ead827?s=96&r=g\",\"caption\":\"Gustavo Bianch\"},\"description\":\"Jornalista com doutorado pela UFMG e produtor de conte\u00fado da unidade de m\u00eddias da Suno. Tamb\u00e9m trabalha no FIIs.com.br e Funds Explorer, fazendo a cobertura sobre FIIs, Fiagro e FI-Infra.\",\"url\":\"https:\/\/www.suno.com.br\/noticias\/author\/gustavo-silva\/\"}]}<\/script>\n<!-- \/ Yoast SEO plugin. -->","yoast_head_json":{"title":"DEVA11: 'o pior j\u00e1 passou', afirma gestora sobre dividendos em baixa","description":"DEVA11 informou nesta \u00faltima sexta-feira, que o FII voltar\u00e1 \u00e0 normalidade na sua distribui\u00e7\u00e3o de dividendos. Leia e entenda!","robots":{"index":"index","follow":"follow","max-snippet":"max-snippet:-1","max-image-preview":"max-image-preview:large","max-video-preview":"max-video-preview:-1"},"canonical":"https:\/\/www.suno.com.br\/noticias\/deva11-pior-ja-passou-afirma-gestora-dividendos\/","og_locale":"pt_BR","og_type":"article","og_title":"DEVA11: 'o pior j\u00e1 passou', afirma gestora sobre dividendos em baixa","og_description":"DEVA11 informou nesta \u00faltima sexta-feira, que o FII voltar\u00e1 \u00e0 normalidade na sua distribui\u00e7\u00e3o de dividendos. Leia e entenda!","og_url":"https:\/\/www.suno.com.br\/noticias\/deva11-pior-ja-passou-afirma-gestora-dividendos\/","og_site_name":"Suno Not\u00edcias","article_publisher":"https:\/\/facebook.com\/sunoresearch","og_image":[{"width":1280,"height":853,"url":"https:\/\/files.sunoresearch.com.br\/n\/uploads\/2022\/11\/architecture-g076e1e025_1280.jpg","type":"image\/jpeg"}],"author":"Gustavo Bianch","twitter_card":"summary_large_image","twitter_creator":"@sunoresearch","twitter_site":"@sunoresearch","twitter_misc":{"Escrito por":"Gustavo Bianch","Est. tempo de leitura":"3 minutos"},"schema":{"@context":"https:\/\/schema.org","@graph":[{"@type":"NewsArticle","@id":"https:\/\/www.suno.com.br\/noticias\/deva11-pior-ja-passou-afirma-gestora-dividendos\/#article","isPartOf":{"@id":"https:\/\/www.suno.com.br\/noticias\/deva11-pior-ja-passou-afirma-gestora-dividendos\/"},"author":{"name":"Gustavo Bianch","@id":"https:\/\/www.suno.com.br\/noticias\/#\/schema\/person\/a72c0794bc524e8100a01ae3d3b6becb"},"headline":"DEVA11: &#8216;o pior j\u00e1 passou&#8217;, afirma gestora sobre dividendos em baixa","datePublished":"2022-11-21T13:53:09+00:00","mainEntityOfPage":{"@id":"https:\/\/www.suno.com.br\/noticias\/deva11-pior-ja-passou-afirma-gestora-dividendos\/"},"wordCount":457,"publisher":{"@id":"https:\/\/www.suno.com.br\/noticias\/#organization"},"image":{"@id":"https:\/\/www.suno.com.br\/noticias\/deva11-pior-ja-passou-afirma-gestora-dividendos\/#primaryimage"},"thumbnailUrl":"https:\/\/files.sunoresearch.com.br\/n\/uploads\/2022\/11\/architecture-g076e1e025_1280.jpg","keywords":["DEVA11","Fundos Imobili\u00e1rios (FIIs)"],"articleSection":["FIIs"],"inLanguage":"pt-BR"},{"@type":"WebPage","@id":"https:\/\/www.suno.com.br\/noticias\/deva11-pior-ja-passou-afirma-gestora-dividendos\/","url":"https:\/\/www.suno.com.br\/noticias\/deva11-pior-ja-passou-afirma-gestora-dividendos\/","name":"DEVA11: 'o pior j\u00e1 passou', afirma gestora sobre dividendos em baixa","isPartOf":{"@id":"https:\/\/www.suno.com.br\/noticias\/#website"},"primaryImageOfPage":{"@id":"https:\/\/www.suno.com.br\/noticias\/deva11-pior-ja-passou-afirma-gestora-dividendos\/#primaryimage"},"image":{"@id":"https:\/\/www.suno.com.br\/noticias\/deva11-pior-ja-passou-afirma-gestora-dividendos\/#primaryimage"},"thumbnailUrl":"https:\/\/files.sunoresearch.com.br\/n\/uploads\/2022\/11\/architecture-g076e1e025_1280.jpg","datePublished":"2022-11-21T13:53:09+00:00","description":"DEVA11 informou nesta \u00faltima sexta-feira, que o FII voltar\u00e1 \u00e0 normalidade na sua distribui\u00e7\u00e3o de dividendos. Leia e entenda!","breadcrumb":{"@id":"https:\/\/www.suno.com.br\/noticias\/deva11-pior-ja-passou-afirma-gestora-dividendos\/#breadcrumb"},"inLanguage":"pt-BR","potentialAction":[{"@type":"ReadAction","target":["https:\/\/www.suno.com.br\/noticias\/deva11-pior-ja-passou-afirma-gestora-dividendos\/"]}]},{"@type":"ImageObject","inLanguage":"pt-BR","@id":"https:\/\/www.suno.com.br\/noticias\/deva11-pior-ja-passou-afirma-gestora-dividendos\/#primaryimage","url":"https:\/\/files.sunoresearch.com.br\/n\/uploads\/2022\/11\/architecture-g076e1e025_1280.jpg","contentUrl":"https:\/\/files.sunoresearch.com.br\/n\/uploads\/2022\/11\/architecture-g076e1e025_1280.jpg","width":1280,"height":853,"caption":"DEVA11 - Fonte: Pixabay"},{"@type":"BreadcrumbList","@id":"https:\/\/www.suno.com.br\/noticias\/deva11-pior-ja-passou-afirma-gestora-dividendos\/#breadcrumb","itemListElement":[{"@type":"ListItem","position":1,"name":"Not\u00edcias","item":"https:\/\/www.suno.com.br\/noticias\/"},{"@type":"ListItem","position":2,"name":"FIIs","item":"https:\/\/www.suno.com.br\/noticias\/fiis\/"},{"@type":"ListItem","position":3,"name":"DEVA11: &#8216;o pior j\u00e1 passou&#8217;, afirma gestora sobre dividendos em baixa"}]},{"@type":"WebSite","@id":"https:\/\/www.suno.com.br\/noticias\/#website","url":"https:\/\/www.suno.com.br\/noticias\/","name":"Suno Not\u00edcias","description":"Seu portal de informa\u00e7\u00e3o sobre o mundo dos investimentos","publisher":{"@id":"https:\/\/www.suno.com.br\/noticias\/#organization"},"potentialAction":[{"@type":"SearchAction","target":{"@type":"EntryPoint","urlTemplate":"https:\/\/www.suno.com.br\/noticias\/?s={search_term_string}"},"query-input":{"@type":"PropertyValueSpecification","valueRequired":true,"valueName":"search_term_string"}}],"inLanguage":"pt-BR"},{"@type":"Organization","@id":"https:\/\/www.suno.com.br\/noticias\/#organization","name":"Suno Not\u00edcias","url":"https:\/\/www.suno.com.br\/noticias\/","logo":{"@type":"ImageObject","inLanguage":"pt-BR","@id":"https:\/\/www.suno.com.br\/noticias\/#\/schema\/logo\/image\/","url":"https:\/\/files.sunoresearch.com.br\/n\/uploads\/2021\/09\/suno-logo.png","contentUrl":"https:\/\/files.sunoresearch.com.br\/n\/uploads\/2021\/09\/suno-logo.png","width":180,"height":180,"caption":"Suno Not\u00edcias"},"image":{"@id":"https:\/\/www.suno.com.br\/noticias\/#\/schema\/logo\/image\/"},"sameAs":["https:\/\/facebook.com\/sunoresearch","https:\/\/x.com\/sunoresearch","https:\/\/www.instagram.com\/suno","https:\/\/www.linkedin.com\/company\/suno-research\/","https:\/\/www.youtube.com\/c\/sunoresearch"]},{"@type":"Person","@id":"https:\/\/www.suno.com.br\/noticias\/#\/schema\/person\/a72c0794bc524e8100a01ae3d3b6becb","name":"Gustavo Bianch","image":{"@type":"ImageObject","inLanguage":"pt-BR","@id":"https:\/\/www.suno.com.br\/noticias\/#\/schema\/person\/image\/","url":"https:\/\/secure.gravatar.com\/avatar\/a8da2835aade1ac6c1eede0339ead827?s=96&r=g","contentUrl":"https:\/\/secure.gravatar.com\/avatar\/a8da2835aade1ac6c1eede0339ead827?s=96&r=g","caption":"Gustavo Bianch"},"description":"Jornalista com doutorado pela UFMG e produtor de conte\u00fado da unidade de m\u00eddias da Suno. Tamb\u00e9m trabalha no FIIs.com.br e Funds Explorer, fazendo a cobertura sobre FIIs, Fiagro e FI-Infra.","url":"https:\/\/www.suno.com.br\/noticias\/author\/gustavo-silva\/"}]}},"default_loop_html":"<div class=\"cardsPage__listCard__boxs\"><div class=\"cardsPage__listCard__boxs__img\"><a href=\"https:\/\/www.suno.com.br\/noticias\/deva11-pior-ja-passou-afirma-gestora-dividendos\/\"><img class=\"mask\" src=\"https:\/\/www.suno.com.br\/noticias\/wp-content\/themes\/suno\/resources\/images\/spotlight\/spotlight1img\/bg-mask.png\" alt=\"Image Mask\"\/><img src=\"https:\/\/files.sunoresearch.com.br\/n\/uploads\/2022\/11\/architecture-g076e1e025_1280-400x200.jpg\" alt=\"DEVA11: &#8216;o pior j\u00e1 passou&#8217;, afirma gestora sobre dividendos em baixa\"\/><\/a><span class=\"spotlightCategory\"><a href=\"https:\/\/www.suno.com.br\/noticias\/fiis\/\">FIIs<\/a><\/span><\/div><div class=\"cardsPage__listCard__boxs__content\"><a href=\"https:\/\/www.suno.com.br\/noticias\/deva11-pior-ja-passou-afirma-gestora-dividendos\/\"><h2 class=\"content__title\">DEVA11: &#8216;o pior j\u00e1 passou&#8217;, afirma gestora sobre dividendos em baixa<\/h2><\/a><div class=\"newsContent__article__meta\"><div class=\"newsContent__article__meta__authorBox\"><a href=\"https:\/\/www.suno.com.br\/noticias\/author\/gustavo-silva\/\" class=\"authorBox__avatar noMobi\"><img src=\"https:\/\/files.sunoresearch.com.br\/n\/uploads\/2024\/06\/41337ec3172142e15d749bd3a95a5216.jpeg\" alt=\"Gustavo Bianch\"><\/a><div class=\"authorBox__name\"><span>por\n\t\t\t<a href=\"https:\/\/www.suno.com.br\/noticias\/author\/gustavo-silva\/\"><span itemprop=\"author\">Gustavo Bianch<\/span><\/a><\/span><time datetime=\"2022-11-21T10:53:09-03:00\" itemprop=\"datePublished\">21\/11\/2022 10:53<\/time><\/div><\/div><\/div><\/div><\/div>","single_layout":"posts","amp_enabled":true,"_links":{"self":[{"href":"https:\/\/www.suno.com.br\/noticias\/wp-json\/wp\/v2\/posts\/320627"}],"collection":[{"href":"https:\/\/www.suno.com.br\/noticias\/wp-json\/wp\/v2\/posts"}],"about":[{"href":"https:\/\/www.suno.com.br\/noticias\/wp-json\/wp\/v2\/types\/post"}],"author":[{"embeddable":true,"href":"https:\/\/www.suno.com.br\/noticias\/wp-json\/wp\/v2\/users\/172"}],"replies":[{"embeddable":true,"href":"https:\/\/www.suno.com.br\/noticias\/wp-json\/wp\/v2\/comments?post=320627"}],"version-history":[{"count":3,"href":"https:\/\/www.suno.com.br\/noticias\/wp-json\/wp\/v2\/posts\/320627\/revisions"}],"predecessor-version":[{"id":320674,"href":"https:\/\/www.suno.com.br\/noticias\/wp-json\/wp\/v2\/posts\/320627\/revisions\/320674"}],"wp:featuredmedia":[{"embeddable":true,"href":"https:\/\/www.suno.com.br\/noticias\/wp-json\/wp\/v2\/media\/320639"}],"wp:attachment":[{"href":"https:\/\/www.suno.com.br\/noticias\/wp-json\/wp\/v2\/media?parent=320627"}],"wp:term":[{"taxonomy":"category","embeddable":true,"href":"https:\/\/www.suno.com.br\/noticias\/wp-json\/wp\/v2\/categories?post=320627"},{"taxonomy":"post_tag","embeddable":true,"href":"https:\/\/www.suno.com.br\/noticias\/wp-json\/wp\/v2\/tags?post=320627"},{"taxonomy":"suno_strategy","embeddable":true,"href":"https:\/\/www.suno.com.br\/noticias\/wp-json\/wp\/v2\/suno_strategy?post=320627"}],"curies":[{"name":"wp","href":"https:\/\/api.w.org\/{rel}","templated":true}]}}