{"id":320510,"date":"2022-11-20T14:47:29","date_gmt":"2022-11-20T17:47:29","guid":{"rendered":"https:\/\/www.suno.com.br\/noticias\/?p=320510"},"modified":"2022-11-20T15:44:57","modified_gmt":"2022-11-20T18:44:57","slug":"ilan-goldfajn-presidente-brasileiro-bid","status":"publish","type":"post","link":"https:\/\/www.suno.com.br\/noticias\/ilan-goldfajn-presidente-brasileiro-bid\/","title":{"rendered":"Eleito, Ilan Goldfajn ser\u00e1 o primeiro presidente brasileiro do BID"},"content":{"rendered":"<p>O ex-banqueiro central <strong><a class=\"suno-keyword\" href=\"https:\/\/www.suno.com.br\/tudo-sobre\/ilan-goldfajn\/\" target=\"_blank\" rel=\"noopener\" data-force=\"no\" data-priority=\"2\">Ilan Goldfajn<\/a> <\/strong>ser\u00e1 o novo <a href=\"https:\/\/www.iadb.org\/pt\">Banco Interamericano de Desenvolvimento (BID)<\/a>. O economista foi eleito ap\u00f3s a conclus\u00e3o das elei\u00e7\u00f5es neste domingo (20).<\/p>\t<div class=\"wrapper-featured-image\">\n\t\t<figure class=\"spotlightImg\">\n\n\t\t\t<picture>\n\t\t\t\t<source media=\"(max-width: 768px)\" srcset=\"https:\/\/files.sunoresearch.com.br\/n\/uploads\/2022\/11\/Ilan-Goldfajn-400x200.jpg\">\n\t\t\t\t<img loading=\"lazy\" decoding=\"async\" class=\"newsContent__article__imgCapa lazyloadDisabled \" src=\"https:\/\/files.sunoresearch.com.br\/n\/uploads\/2022\/11\/Ilan-Goldfajn-800x450.jpg\" width=\"800\" height=\"450\" alt=\"Eleito, Ilan Goldfajn ser\u00e1 o primeiro presidente brasileiro do BID\" fetchpriority=high \/>\n\t\t\t<\/picture>\n\n\t\t\t<figcaption class=\"wp-caption-text wp-caption-text--show\">Ilan Goldfajn foi eleito com mais de 80% dos votos - Foto: Fabio Rodrigues Pozzebom\/Ag\u00eancia Brasil<\/figcaption>\n\t\t<\/figure>\n\t<\/div>\n\n\n\t<p>\n\t\t<a href=\"https:\/\/lp2.suno.com.br\/cl\/black-friday-2025\/?utm_campaign=_SNCDF0E4858_\" target=\"_blank\" data-element=\"shortcode-suno-banner\" title=\"Banner SUNO, clique e saiba mais\">\n\t\t\t<picture>\n\t\t\t\t<source media=\"(max-width: 500px)\" srcset=\"https:\/\/files.sunoresearch.com.br\/n\/uploads\/2025\/10\/Artigos-e-Noticias-Banner-Home-artigos-01-Mobile_-400x300-1-png.webp\">\n\t\t\t\t<img class=\"newsContent__article__imgCapa newsContent__article__imgCapa--banner\"\n\t\t\t\t\tsrc=\"https:\/\/files.sunoresearch.com.br\/n\/uploads\/2025\/10\/Artigos-e-Noticias-Banner-Home-artigos-01-Desktop_-1420x240-1-png.webp\"\n\t\t\t\t\tdata-promo-id=\"311259\"\t\t\t\t\t\t\t\t\t\twidth='1420' height='240'\t\t\t\t\talt=\"https:\/\/files.sunoresearch.com.br\/n\/uploads\/2025\/10\/Artigos-e-Noticias-Banner-Home-artigos-01-Desktop_-1420x240-1-png.webp\"\n\t\t\t\t>\n\t\t\t<\/picture>\n\t\t<\/a>\n\t<\/p>\n\n\n<p>Ilan Goldfajn, que ser\u00e1 o <strong>primeiro presidente brasileiro do BID<\/strong>, assume ainda em 2022 e ter\u00e1 mandato de cinco anos.<\/p>\n<p>Ele suceder\u00e1 Mauricio Claver-Carone, um advogado americano de ascend\u00eancia cubana que fora indicado pelo ent\u00e3o presidente Donald Trump.<\/p>\n<p>O economista brasileiro foi eleito com uma grande vantagem, recebendo 80,1% dos votos. Os demais na disputa eram:<\/p>\n<ul>\n<li>Nicol\u00e1s Eyzaguirre Guzm\u00e1n, ex-Ministro da Economia do Chile<\/li>\n<li>Gerardo Esquivel Hern\u00e1ndez, um dos diretores do Banco Central do M\u00e9xico<\/li>\n<li>Gerard Johnson, ex-funcion\u00e1rio do BID e natural de Trindade e Tobago<\/li>\n<li>Cecilia Todesca Bocco, secret\u00e1ria de Rela\u00e7\u00f5es Econ\u00f4micas Internacionais da chancelaria argentina (desistiu)<\/li>\n<\/ul>\n<p>O BID \u00e9 um banco que funciona como uma das principais fontes de financiamento para <a class=\"suno-keyword\" href=\"https:\/\/www.suno.com.br\/artigos\/desenvolvimento-economico\/\" target=\"_blank\" rel=\"noopener\" data-force=\"no\" data-priority=\"1\">desenvolvimento econ\u00f4mico<\/a>, social e institucional de pa\u00edses da Am\u00e9rica Latina e do Caribe.<\/p>\n<p>Atualmente o <strong>BID<\/strong> tem cerca de US$ 12 bilh\u00f5es em empr\u00e9stimos para prefeituras, estados e governos de diversos pa\u00edses.<\/p>\n\n\t<div data-element=\"shortcode-read-more\" class=\"readToo\">\n\t\t\t\t<span class=\"readToo__title\">Leia mais<\/span>\n\t\t\t\t<ul class=\"readToo__list\">\n\t\t\t<li><a href=\"https:\/\/www.suno.com.br\/noticias\/lula-diretores-banco-central\/\">Lula escolher\u00e1 dois diretores do Banco Central<\/a><\/li><li><a href=\"https:\/\/www.suno.com.br\/noticias\/temor-sobre-politica-fiscal-predomina-em-reunioes-do-bc-com-economistas-diz-site\/\">Temor sobre pol\u00edtica fiscal predomina em reuni\u00f5es do BC com economistas, diz site<\/a><\/li><li><a href=\"https:\/\/www.suno.com.br\/noticias\/copom-ata-inflacao-selic\/\">Copom diz que continua &#8220;vigilante com infla\u00e7\u00e3o&#8221; e pode retomar alta da Selic<\/a><\/li>\t\t<\/ul>\n\t<\/div>\n\n\n<p>A elei\u00e7\u00e3o funciona ap\u00f3s uma Assembleia de Governadores do Banco, que s\u00e3o ministros de fazenda, presidentes de bancos centrais ou outras autoridades econ\u00f4micas de alto escal\u00e3o.<\/p>\n<p>Conforme a normativa atual, cada pa\u00eds membro nomeia um governador, cujo poder de voto \u00e9 proporcional ao capital do Banco subscrito pelo seu pa\u00eds.<\/p>\n<p>Para ser eleito Presidente do BID, um candidato deve receber a maioria do total de votos dos pa\u00edses membros da institui\u00e7\u00e3o, assim como o apoio de ao menos 15 dos 28 pa\u00edses membros regionais.<\/p>\n<p>Participam do BID 26 pa\u00edses membros, al\u00e9m do Canad\u00e1 e Estados Unidos<\/p>\n<h2>O confronto com Guido Mantega<\/h2>\n<p>A elei\u00e7\u00e3o de Ilan Goldfajn foi marcada por um confronto pol\u00edtico, j\u00e1 que Guido Mantega, ex-Ministro da Fazenda, escreveu uma carta para Janet Yellen, Secret\u00e1ria do Tesouro dos Estados Unidos, pedindo adiamento das elei\u00e7\u00f5es.<\/p>\n<p>Os membros do BID, por\u00e9m, ignoraram a movimenta\u00e7\u00e3o e seguiram com as elei\u00e7\u00f5es neste domingo (20).<\/p>\n<p>Mantega teria pedido o adiamento para dar a oportunidade de o Brasil indicar um nome mais alinhado com o presidente Lula (PT), que assume em 2023.<\/p>\n<p>Ilan Goldfajn, por sua vez, foi indicado pelo Ministro da Economia <a class=\"suno-keyword\" href=\"https:\/\/www.suno.com.br\/tudo-sobre\/paulo-guedes\/\" target=\"_blank\" rel=\"noopener\" data-force=\"no\" data-priority=\"2\">Paulo Guedes<\/a>, que sinalizou diversas vezes que o economista era o primeiro brasileiro com grandes chances de ser eleito <strong>presidente do BID<\/strong>.<\/p>\n\t<p>\n\t\t<a href=\"https:\/\/lp.suno.com.br\/ebook-como-analisar-uma-acao\/\" target=\"_blank\" data-element=\"shortcode-suno-banner\" title=\"Banner SUNO, clique e saiba mais\">\n\t\t\t<picture>\n\t\t\t\t<source media=\"(max-width: 500px)\" srcset=\"https:\/\/files.sunoresearch.com.br\/n\/uploads\/2023\/12\/Ebook-Acoes-Mobile.jpg\">\n\t\t\t\t<img class=\"newsContent__article__imgCapa newsContent__article__imgCapa--banner\"\n\t\t\t\t\tsrc=\"https:\/\/files.sunoresearch.com.br\/n\/uploads\/2023\/12\/Ebook-Acoes-Desktop.webp\"\n\t\t\t\t\tdata-promo-id=\"311260\"\t\t\t\t\t\t\t\t\t\twidth='1420' height='286'\t\t\t\t\talt=\"https:\/\/files.sunoresearch.com.br\/n\/uploads\/2023\/12\/Ebook-Acoes-Desktop.webp\"\n\t\t\t\t>\n\t\t\t<\/picture>\n\t\t<\/a>\n\t<\/p>\n\n\n<h2>Veja repercuss\u00e3o<\/h2>\n<blockquote class=\"twitter-tweet\" data-width=\"550\" data-dnt=\"true\">\n<p lang=\"pt\" dir=\"ltr\">Pela primeira vez, o <a href=\"https:\/\/twitter.com\/el_BID?ref_src=twsrc%5Etfw\">@el_BID<\/a> ter\u00e1 um brasileiro no seu comando. Parabenizo o novo presidente Ilan Goldfajn pela vit\u00f3ria e, em nome do presidente <a href=\"https:\/\/twitter.com\/LulaOficial?ref_src=twsrc%5Etfw\">@LulaOficial<\/a>, refor\u00e7o a disposi\u00e7\u00e3o do Brasil em estreitar os la\u00e7os com o banco pelo desenvolvimento econ\u00f4mico e social da nossa regi\u00e3o.<\/p>\n<p>&mdash; Geraldo Alckmin \ud83c\udde7\ud83c\uddf7 (@geraldoalckmin) <a href=\"https:\/\/twitter.com\/geraldoalckmin\/status\/1594385074883018757?ref_src=twsrc%5Etfw\">November 20, 2022<\/a><\/p><\/blockquote>\n<blockquote class=\"twitter-tweet\" data-width=\"550\" data-dnt=\"true\">\n<p lang=\"pt\" dir=\"ltr\">Pela primeira vez na hist\u00f3ria, o presidente do BID \u00e9 brasileiro! Ilan Goldfajn foi eleito hoje para o comando do Banco.<br \/>Parab\u00e9ns ao novo presidente e tamb\u00e9m aos ministros Paulo Guedes e Carlos Fran\u00e7a pelo excelente trabalho de articula\u00e7\u00e3o para essa grande realiza\u00e7\u00e3o para o Brasil <a href=\"https:\/\/t.co\/sfwNWhALcF\">pic.twitter.com\/sfwNWhALcF<\/a><\/p>\n<p>&mdash; Ciro Nogueira (@ciro_nogueira) <a href=\"https:\/\/twitter.com\/ciro_nogueira\/status\/1594346875615854593?ref_src=twsrc%5Etfw\">November 20, 2022<\/a><\/p><\/blockquote>\n<blockquote class=\"twitter-tweet\" data-width=\"550\" data-dnt=\"true\">\n<p lang=\"pt\" dir=\"ltr\">Felicita\u00e7\u00f5es ao amigo <a href=\"https:\/\/twitter.com\/igoldfajn?ref_src=twsrc%5Etfw\">@igoldfajn<\/a>, primeiro brasileiro a comandar o BID. Sua elei\u00e7\u00e3o, com mais de 80% dos votos, \u00e9 um reconhecimento \u00e0 sua extrema capacidade e \u00e0 experi\u00eancia de quem serviu a diversos governos e organismos internacionais. \u00c9 uma vit\u00f3ria para o pa\u00eds inteiro.<\/p>\n<p>&mdash; Henrique Meirelles (@meirelles) <a href=\"https:\/\/twitter.com\/meirelles\/status\/1594350575130480640?ref_src=twsrc%5Etfw\">November 20, 2022<\/a><\/p><\/blockquote>\n<blockquote class=\"twitter-tweet\" data-width=\"550\" data-dnt=\"true\">\n<p lang=\"pt\" dir=\"ltr\">Parabenizo Ilan Goldfajn, eleito para a Presid\u00eancia do Banco Interamericano de Desenvolvimento (BID). Ele ser\u00e1 o primeiro brasileiro a ocupar o cargo. <\/p>\n<p>Com sua compet\u00eancia e seriedade, tenho certeza que Ilan desempenhar\u00e1 com sucesso esta miss\u00e3o.<\/p>\n<p>&mdash; Jo\u00e3o Amo\u00eado (@joaoamoedonovo) <a href=\"https:\/\/twitter.com\/joaoamoedonovo\/status\/1594358328418861059?ref_src=twsrc%5Etfw\">November 20, 2022<\/a><\/p><\/blockquote>\n<p>&nbsp;<\/p>\n<h2>Quem \u00e9 Ilan Goldfajn<\/h2>\n<p>O economista foi\u00a0<strong>presidente do Banco Central<\/strong> de 2016 a 2019. Com 56 anos, nasceu em Haifa, Israel e foi criado no Rio de Janeiro.<\/p>\n<p>Ele foi eleito o <strong>melhor banqueiro central do mundo<\/strong> em 2018 pela revista brit\u00e2nica The Banker.<\/p>\n<p>Ilan se formou economista pela Universidade Federal do Rio de Janeiro (UFRJ) e obteve o t\u00edtulo de mestre pela Pontif\u00edcia Universidade Cat\u00f3lica do Rio de Janeiro (PUC-Rio).<\/p>\n<p>Mais tarde, terminou seu doutorado no Instituto de Tecnologia de Massachusetts (MIT).<\/p>\n<p>Ilan tamb\u00e9m j\u00e1 atuou como <strong>Economista<\/strong> Chefe e S\u00f3cio do <a class=\"suno-keyword\" href=\"https:\/\/www.suno.com.br\/acoes\/ITUB4\/\" target=\"_blank\" rel=\"noopener\" data-force=\"yes\" data-priority=\"2\">Ita\u00fa (ITUB4)<\/a> de 2009 a 2016 e como S\u00f3cio e Economista da G\u00e1vea Investimentos de 2003 a 2006.<\/p>\n<p>A fun\u00e7\u00e3o exercida mais recentemente por<strong> Ilan Goldfajn<\/strong> foi a de diretor do Fundo Monet\u00e1rio Internacional (FMI) para o Hemisf\u00e9rio Ocidental. Nesse contexto, se licenciou do cargo para concorrer \u00e0 presid\u00eancia do BID.<\/p>\n\t<p>\n\t\t<a href=\"https:\/\/lp.suno.com.br\/minicurso-investindo-fiis\/\" target=\"_blank\" data-element=\"shortcode-suno-banner\" title=\"Banner SUNO, clique e saiba mais\">\n\t\t\t<picture>\n\t\t\t\t<source media=\"(max-width: 500px)\" srcset=\"https:\/\/files.sunoresearch.com.br\/n\/uploads\/2023\/07\/400x300-Minicurso-FIIS.png\">\n\t\t\t\t<img class=\"newsContent__article__imgCapa newsContent__article__imgCapa--banner\"\n\t\t\t\t\tsrc=\"https:\/\/files.sunoresearch.com.br\/n\/uploads\/2023\/07\/1420x240-Minicurso-FIIS.png\"\n\t\t\t\t\tdata-promo-id=\"311935\"\t\t\t\t\t\t\t\t\t\twidth='1420' height='240'\t\t\t\t\talt=\"https:\/\/files.sunoresearch.com.br\/n\/uploads\/2023\/07\/1420x240-Minicurso-FIIS.png\"\n\t\t\t\t>\n\t\t\t<\/picture>\n\t\t<\/a>\n\t<\/p>\n\n\n","protected":false},"excerpt":{"rendered":"<p>O ex-banqueiro central Ilan Goldfajn ser\u00e1 o novo Banco Interamericano de Desenvolvimento (BID). O economista foi eleito ap\u00f3s a conclus\u00e3o das elei\u00e7\u00f5es neste domingo (20). Temor sobre pol\u00edtica fiscal predomina em reuni\u00f5es do BC com economistas, diz site. Foto: Marcello Casal Jr.\/Ag\u00eancia Brasil Ilan Goldfajn, que ser\u00e1 o primeiro presidente brasileiro do BID, assume ainda [&hellip;]<\/p>\n","protected":false},"author":73,"featured_media":320511,"comment_status":"closed","ping_status":"closed","sticky":false,"template":"","format":"standard","meta":[],"categories":[62],"tags":[80112],"suno_strategy":[],"class_list":["post-320510","post","type-post","status-publish","format-standard","has-post-thumbnail","hentry","category-economia","tag-banco-interamericano-de-desenvolvimento-bid"],"yoast_head":"<!-- This site is optimized with the Yoast SEO plugin v24.4 - https:\/\/yoast.com\/wordpress\/plugins\/seo\/ -->\n<title>Eleito, Ilan Goldfajn ser\u00e1 o primeiro presidente brasileiro do BID<\/title>\n<meta name=\"description\" content=\"Em elei\u00e7\u00f5es marcadas por um confronto pol\u00edtico com Guido Mantega, Ilan Goldfajn foi eleito com mais de 80% dos votos para o BID. Confira!\" \/>\n<meta name=\"robots\" content=\"index, follow, max-snippet:-1, max-image-preview:large, max-video-preview:-1\" \/>\n<link rel=\"canonical\" href=\"https:\/\/www.suno.com.br\/noticias\/ilan-goldfajn-presidente-brasileiro-bid\/\" \/>\n<meta property=\"og:locale\" content=\"pt_BR\" \/>\n<meta property=\"og:type\" content=\"article\" \/>\n<meta property=\"og:title\" content=\"Eleito, Ilan Goldfajn ser\u00e1 o primeiro presidente brasileiro do BID\" \/>\n<meta property=\"og:description\" content=\"Em elei\u00e7\u00f5es marcadas por um confronto pol\u00edtico com Guido Mantega, Ilan Goldfajn foi eleito com mais de 80% dos votos para o BID. Confira!\" \/>\n<meta property=\"og:url\" content=\"https:\/\/www.suno.com.br\/noticias\/ilan-goldfajn-presidente-brasileiro-bid\/\" \/>\n<meta property=\"og:site_name\" content=\"Suno Not\u00edcias\" \/>\n<meta property=\"article:publisher\" content=\"https:\/\/facebook.com\/sunoresearch\" \/>\n<meta property=\"og:image\" content=\"https:\/\/files.sunoresearch.com.br\/n\/uploads\/2022\/11\/Ilan-Goldfajn-scaled.jpg\" \/>\n\t<meta property=\"og:image:width\" content=\"2560\" \/>\n\t<meta property=\"og:image:height\" content=\"1704\" \/>\n\t<meta property=\"og:image:type\" content=\"image\/jpeg\" \/>\n<meta name=\"author\" content=\"Eduardo Vargas\" \/>\n<meta name=\"twitter:card\" content=\"summary_large_image\" \/>\n<meta name=\"twitter:creator\" content=\"@sunoresearch\" \/>\n<meta name=\"twitter:site\" content=\"@sunoresearch\" \/>\n<meta name=\"twitter:label1\" content=\"Escrito por\" \/>\n\t<meta name=\"twitter:data1\" content=\"Eduardo Vargas\" \/>\n\t<meta name=\"twitter:label2\" content=\"Est. tempo de leitura\" \/>\n\t<meta name=\"twitter:data2\" content=\"3 minutos\" \/>\n<script type=\"application\/ld+json\" class=\"yoast-schema-graph\">{\"@context\":\"https:\/\/schema.org\",\"@graph\":[{\"@type\":\"NewsArticle\",\"@id\":\"https:\/\/www.suno.com.br\/noticias\/ilan-goldfajn-presidente-brasileiro-bid\/#article\",\"isPartOf\":{\"@id\":\"https:\/\/www.suno.com.br\/noticias\/ilan-goldfajn-presidente-brasileiro-bid\/\"},\"author\":{\"name\":\"Eduardo Vargas\",\"@id\":\"https:\/\/www.suno.com.br\/noticias\/#\/schema\/person\/7f4d362bf3518e76090143ae77bb49a5\"},\"headline\":\"Eleito, Ilan Goldfajn ser\u00e1 o primeiro presidente brasileiro do BID\",\"datePublished\":\"2022-11-20T17:47:29+00:00\",\"dateModified\":\"2022-11-20T18:44:57+00:00\",\"mainEntityOfPage\":{\"@id\":\"https:\/\/www.suno.com.br\/noticias\/ilan-goldfajn-presidente-brasileiro-bid\/\"},\"wordCount\":605,\"publisher\":{\"@id\":\"https:\/\/www.suno.com.br\/noticias\/#organization\"},\"image\":{\"@id\":\"https:\/\/www.suno.com.br\/noticias\/ilan-goldfajn-presidente-brasileiro-bid\/#primaryimage\"},\"thumbnailUrl\":\"https:\/\/files.sunoresearch.com.br\/n\/uploads\/2022\/11\/Ilan-Goldfajn-scaled.jpg\",\"keywords\":[\"Banco Interamericano de Desenvolvimento (BID)\"],\"articleSection\":[\"Economia\"],\"inLanguage\":\"pt-BR\"},{\"@type\":\"WebPage\",\"@id\":\"https:\/\/www.suno.com.br\/noticias\/ilan-goldfajn-presidente-brasileiro-bid\/\",\"url\":\"https:\/\/www.suno.com.br\/noticias\/ilan-goldfajn-presidente-brasileiro-bid\/\",\"name\":\"Eleito, Ilan Goldfajn ser\u00e1 o primeiro presidente brasileiro do BID\",\"isPartOf\":{\"@id\":\"https:\/\/www.suno.com.br\/noticias\/#website\"},\"primaryImageOfPage\":{\"@id\":\"https:\/\/www.suno.com.br\/noticias\/ilan-goldfajn-presidente-brasileiro-bid\/#primaryimage\"},\"image\":{\"@id\":\"https:\/\/www.suno.com.br\/noticias\/ilan-goldfajn-presidente-brasileiro-bid\/#primaryimage\"},\"thumbnailUrl\":\"https:\/\/files.sunoresearch.com.br\/n\/uploads\/2022\/11\/Ilan-Goldfajn-scaled.jpg\",\"datePublished\":\"2022-11-20T17:47:29+00:00\",\"dateModified\":\"2022-11-20T18:44:57+00:00\",\"description\":\"Em elei\u00e7\u00f5es marcadas por um confronto pol\u00edtico com Guido Mantega, Ilan Goldfajn foi eleito com mais de 80% dos votos para o BID. Confira!\",\"breadcrumb\":{\"@id\":\"https:\/\/www.suno.com.br\/noticias\/ilan-goldfajn-presidente-brasileiro-bid\/#breadcrumb\"},\"inLanguage\":\"pt-BR\",\"potentialAction\":[{\"@type\":\"ReadAction\",\"target\":[\"https:\/\/www.suno.com.br\/noticias\/ilan-goldfajn-presidente-brasileiro-bid\/\"]}]},{\"@type\":\"ImageObject\",\"inLanguage\":\"pt-BR\",\"@id\":\"https:\/\/www.suno.com.br\/noticias\/ilan-goldfajn-presidente-brasileiro-bid\/#primaryimage\",\"url\":\"https:\/\/files.sunoresearch.com.br\/n\/uploads\/2022\/11\/Ilan-Goldfajn-scaled.jpg\",\"contentUrl\":\"https:\/\/files.sunoresearch.com.br\/n\/uploads\/2022\/11\/Ilan-Goldfajn-scaled.jpg\",\"width\":2560,\"height\":1704,\"caption\":\"Ilan Goldfajn foi eleito com mais de 80% dos votos - Foto: Fabio Rodrigues Pozzebom\/Ag\u00eancia Brasil\"},{\"@type\":\"BreadcrumbList\",\"@id\":\"https:\/\/www.suno.com.br\/noticias\/ilan-goldfajn-presidente-brasileiro-bid\/#breadcrumb\",\"itemListElement\":[{\"@type\":\"ListItem\",\"position\":1,\"name\":\"Not\u00edcias\",\"item\":\"https:\/\/www.suno.com.br\/noticias\/\"},{\"@type\":\"ListItem\",\"position\":2,\"name\":\"Economia\",\"item\":\"https:\/\/www.suno.com.br\/noticias\/economia\/\"},{\"@type\":\"ListItem\",\"position\":3,\"name\":\"Eleito, Ilan Goldfajn ser\u00e1 o primeiro presidente brasileiro do BID\"}]},{\"@type\":\"WebSite\",\"@id\":\"https:\/\/www.suno.com.br\/noticias\/#website\",\"url\":\"https:\/\/www.suno.com.br\/noticias\/\",\"name\":\"Suno Not\u00edcias\",\"description\":\"Seu portal de informa\u00e7\u00e3o sobre o mundo dos investimentos\",\"publisher\":{\"@id\":\"https:\/\/www.suno.com.br\/noticias\/#organization\"},\"potentialAction\":[{\"@type\":\"SearchAction\",\"target\":{\"@type\":\"EntryPoint\",\"urlTemplate\":\"https:\/\/www.suno.com.br\/noticias\/?s={search_term_string}\"},\"query-input\":{\"@type\":\"PropertyValueSpecification\",\"valueRequired\":true,\"valueName\":\"search_term_string\"}}],\"inLanguage\":\"pt-BR\"},{\"@type\":\"Organization\",\"@id\":\"https:\/\/www.suno.com.br\/noticias\/#organization\",\"name\":\"Suno Not\u00edcias\",\"url\":\"https:\/\/www.suno.com.br\/noticias\/\",\"logo\":{\"@type\":\"ImageObject\",\"inLanguage\":\"pt-BR\",\"@id\":\"https:\/\/www.suno.com.br\/noticias\/#\/schema\/logo\/image\/\",\"url\":\"https:\/\/files.sunoresearch.com.br\/n\/uploads\/2021\/09\/suno-logo.png\",\"contentUrl\":\"https:\/\/files.sunoresearch.com.br\/n\/uploads\/2021\/09\/suno-logo.png\",\"width\":180,\"height\":180,\"caption\":\"Suno Not\u00edcias\"},\"image\":{\"@id\":\"https:\/\/www.suno.com.br\/noticias\/#\/schema\/logo\/image\/\"},\"sameAs\":[\"https:\/\/facebook.com\/sunoresearch\",\"https:\/\/x.com\/sunoresearch\",\"https:\/\/www.instagram.com\/suno\",\"https:\/\/www.linkedin.com\/company\/suno-research\/\",\"https:\/\/www.youtube.com\/c\/sunoresearch\"]},{\"@type\":\"Person\",\"@id\":\"https:\/\/www.suno.com.br\/noticias\/#\/schema\/person\/7f4d362bf3518e76090143ae77bb49a5\",\"name\":\"Eduardo Vargas\",\"image\":{\"@type\":\"ImageObject\",\"inLanguage\":\"pt-BR\",\"@id\":\"https:\/\/www.suno.com.br\/noticias\/#\/schema\/person\/image\/\",\"url\":\"https:\/\/secure.gravatar.com\/avatar\/dac340933427a22924c9f99d1eb2e3f2?s=96&r=g\",\"contentUrl\":\"https:\/\/secure.gravatar.com\/avatar\/dac340933427a22924c9f99d1eb2e3f2?s=96&r=g\",\"caption\":\"Eduardo Vargas\"},\"description\":\"Jornalista formado pela UFSC, cobre macroeconomia, neg\u00f3cios e startups para o Suno Not\u00edcias, escrevendo principalmente not\u00edcias sobre o mercado financeiro e a bolsa de valores. No YouTube e no Instagram, \u00e9 respons\u00e1vel pela produ\u00e7\u00e3o de Reels e Shorts do Suno Not\u00edcias. Anteriormente, trabalhou cobrindo economia e cotidiano no ND+ e para o ND, maior jornal impresso de Santa Catarina. Cursou um semestre letivo de Estudos de M\u00eddia na Universidad de Buenos Aires.\",\"url\":\"https:\/\/www.suno.com.br\/noticias\/author\/eduardo-vargas\/\"}]}<\/script>\n<!-- \/ Yoast SEO plugin. -->","yoast_head_json":{"title":"Eleito, Ilan Goldfajn ser\u00e1 o primeiro presidente brasileiro do BID","description":"Em elei\u00e7\u00f5es marcadas por um confronto pol\u00edtico com Guido Mantega, Ilan Goldfajn foi eleito com mais de 80% dos votos para o BID. Confira!","robots":{"index":"index","follow":"follow","max-snippet":"max-snippet:-1","max-image-preview":"max-image-preview:large","max-video-preview":"max-video-preview:-1"},"canonical":"https:\/\/www.suno.com.br\/noticias\/ilan-goldfajn-presidente-brasileiro-bid\/","og_locale":"pt_BR","og_type":"article","og_title":"Eleito, Ilan Goldfajn ser\u00e1 o primeiro presidente brasileiro do BID","og_description":"Em elei\u00e7\u00f5es marcadas por um confronto pol\u00edtico com Guido Mantega, Ilan Goldfajn foi eleito com mais de 80% dos votos para o BID. Confira!","og_url":"https:\/\/www.suno.com.br\/noticias\/ilan-goldfajn-presidente-brasileiro-bid\/","og_site_name":"Suno Not\u00edcias","article_publisher":"https:\/\/facebook.com\/sunoresearch","og_image":[{"width":2560,"height":1704,"url":"https:\/\/files.sunoresearch.com.br\/n\/uploads\/2022\/11\/Ilan-Goldfajn-scaled.jpg","type":"image\/jpeg"}],"author":"Eduardo Vargas","twitter_card":"summary_large_image","twitter_creator":"@sunoresearch","twitter_site":"@sunoresearch","twitter_misc":{"Escrito por":"Eduardo Vargas","Est. tempo de leitura":"3 minutos"},"schema":{"@context":"https:\/\/schema.org","@graph":[{"@type":"NewsArticle","@id":"https:\/\/www.suno.com.br\/noticias\/ilan-goldfajn-presidente-brasileiro-bid\/#article","isPartOf":{"@id":"https:\/\/www.suno.com.br\/noticias\/ilan-goldfajn-presidente-brasileiro-bid\/"},"author":{"name":"Eduardo Vargas","@id":"https:\/\/www.suno.com.br\/noticias\/#\/schema\/person\/7f4d362bf3518e76090143ae77bb49a5"},"headline":"Eleito, Ilan Goldfajn ser\u00e1 o primeiro presidente brasileiro do BID","datePublished":"2022-11-20T17:47:29+00:00","dateModified":"2022-11-20T18:44:57+00:00","mainEntityOfPage":{"@id":"https:\/\/www.suno.com.br\/noticias\/ilan-goldfajn-presidente-brasileiro-bid\/"},"wordCount":605,"publisher":{"@id":"https:\/\/www.suno.com.br\/noticias\/#organization"},"image":{"@id":"https:\/\/www.suno.com.br\/noticias\/ilan-goldfajn-presidente-brasileiro-bid\/#primaryimage"},"thumbnailUrl":"https:\/\/files.sunoresearch.com.br\/n\/uploads\/2022\/11\/Ilan-Goldfajn-scaled.jpg","keywords":["Banco Interamericano de Desenvolvimento (BID)"],"articleSection":["Economia"],"inLanguage":"pt-BR"},{"@type":"WebPage","@id":"https:\/\/www.suno.com.br\/noticias\/ilan-goldfajn-presidente-brasileiro-bid\/","url":"https:\/\/www.suno.com.br\/noticias\/ilan-goldfajn-presidente-brasileiro-bid\/","name":"Eleito, Ilan Goldfajn ser\u00e1 o primeiro presidente brasileiro do BID","isPartOf":{"@id":"https:\/\/www.suno.com.br\/noticias\/#website"},"primaryImageOfPage":{"@id":"https:\/\/www.suno.com.br\/noticias\/ilan-goldfajn-presidente-brasileiro-bid\/#primaryimage"},"image":{"@id":"https:\/\/www.suno.com.br\/noticias\/ilan-goldfajn-presidente-brasileiro-bid\/#primaryimage"},"thumbnailUrl":"https:\/\/files.sunoresearch.com.br\/n\/uploads\/2022\/11\/Ilan-Goldfajn-scaled.jpg","datePublished":"2022-11-20T17:47:29+00:00","dateModified":"2022-11-20T18:44:57+00:00","description":"Em elei\u00e7\u00f5es marcadas por um confronto pol\u00edtico com Guido Mantega, Ilan Goldfajn foi eleito com mais de 80% dos votos para o BID. Confira!","breadcrumb":{"@id":"https:\/\/www.suno.com.br\/noticias\/ilan-goldfajn-presidente-brasileiro-bid\/#breadcrumb"},"inLanguage":"pt-BR","potentialAction":[{"@type":"ReadAction","target":["https:\/\/www.suno.com.br\/noticias\/ilan-goldfajn-presidente-brasileiro-bid\/"]}]},{"@type":"ImageObject","inLanguage":"pt-BR","@id":"https:\/\/www.suno.com.br\/noticias\/ilan-goldfajn-presidente-brasileiro-bid\/#primaryimage","url":"https:\/\/files.sunoresearch.com.br\/n\/uploads\/2022\/11\/Ilan-Goldfajn-scaled.jpg","contentUrl":"https:\/\/files.sunoresearch.com.br\/n\/uploads\/2022\/11\/Ilan-Goldfajn-scaled.jpg","width":2560,"height":1704,"caption":"Ilan Goldfajn foi eleito com mais de 80% dos votos - Foto: Fabio Rodrigues Pozzebom\/Ag\u00eancia Brasil"},{"@type":"BreadcrumbList","@id":"https:\/\/www.suno.com.br\/noticias\/ilan-goldfajn-presidente-brasileiro-bid\/#breadcrumb","itemListElement":[{"@type":"ListItem","position":1,"name":"Not\u00edcias","item":"https:\/\/www.suno.com.br\/noticias\/"},{"@type":"ListItem","position":2,"name":"Economia","item":"https:\/\/www.suno.com.br\/noticias\/economia\/"},{"@type":"ListItem","position":3,"name":"Eleito, Ilan Goldfajn ser\u00e1 o primeiro presidente brasileiro do BID"}]},{"@type":"WebSite","@id":"https:\/\/www.suno.com.br\/noticias\/#website","url":"https:\/\/www.suno.com.br\/noticias\/","name":"Suno Not\u00edcias","description":"Seu portal de informa\u00e7\u00e3o sobre o mundo dos investimentos","publisher":{"@id":"https:\/\/www.suno.com.br\/noticias\/#organization"},"potentialAction":[{"@type":"SearchAction","target":{"@type":"EntryPoint","urlTemplate":"https:\/\/www.suno.com.br\/noticias\/?s={search_term_string}"},"query-input":{"@type":"PropertyValueSpecification","valueRequired":true,"valueName":"search_term_string"}}],"inLanguage":"pt-BR"},{"@type":"Organization","@id":"https:\/\/www.suno.com.br\/noticias\/#organization","name":"Suno Not\u00edcias","url":"https:\/\/www.suno.com.br\/noticias\/","logo":{"@type":"ImageObject","inLanguage":"pt-BR","@id":"https:\/\/www.suno.com.br\/noticias\/#\/schema\/logo\/image\/","url":"https:\/\/files.sunoresearch.com.br\/n\/uploads\/2021\/09\/suno-logo.png","contentUrl":"https:\/\/files.sunoresearch.com.br\/n\/uploads\/2021\/09\/suno-logo.png","width":180,"height":180,"caption":"Suno Not\u00edcias"},"image":{"@id":"https:\/\/www.suno.com.br\/noticias\/#\/schema\/logo\/image\/"},"sameAs":["https:\/\/facebook.com\/sunoresearch","https:\/\/x.com\/sunoresearch","https:\/\/www.instagram.com\/suno","https:\/\/www.linkedin.com\/company\/suno-research\/","https:\/\/www.youtube.com\/c\/sunoresearch"]},{"@type":"Person","@id":"https:\/\/www.suno.com.br\/noticias\/#\/schema\/person\/7f4d362bf3518e76090143ae77bb49a5","name":"Eduardo Vargas","image":{"@type":"ImageObject","inLanguage":"pt-BR","@id":"https:\/\/www.suno.com.br\/noticias\/#\/schema\/person\/image\/","url":"https:\/\/secure.gravatar.com\/avatar\/dac340933427a22924c9f99d1eb2e3f2?s=96&r=g","contentUrl":"https:\/\/secure.gravatar.com\/avatar\/dac340933427a22924c9f99d1eb2e3f2?s=96&r=g","caption":"Eduardo Vargas"},"description":"Jornalista formado pela UFSC, cobre macroeconomia, neg\u00f3cios e startups para o Suno Not\u00edcias, escrevendo principalmente not\u00edcias sobre o mercado financeiro e a bolsa de valores. No YouTube e no Instagram, \u00e9 respons\u00e1vel pela produ\u00e7\u00e3o de Reels e Shorts do Suno Not\u00edcias. Anteriormente, trabalhou cobrindo economia e cotidiano no ND+ e para o ND, maior jornal impresso de Santa Catarina. Cursou um semestre letivo de Estudos de M\u00eddia na Universidad de Buenos Aires.","url":"https:\/\/www.suno.com.br\/noticias\/author\/eduardo-vargas\/"}]}},"default_loop_html":"<div class=\"cardsPage__listCard__boxs\"><div class=\"cardsPage__listCard__boxs__img\"><a href=\"https:\/\/www.suno.com.br\/noticias\/copom-ata-inflacao-selic\/\"><img class=\"mask\" src=\"https:\/\/www.suno.com.br\/noticias\/wp-content\/themes\/suno\/resources\/images\/spotlight\/spotlight1img\/bg-mask.png\" alt=\"Image Mask\"\/><img src=\"https:\/\/files.sunoresearch.com.br\/n\/uploads\/2022\/09\/banco-central-400x200.jpg\" alt=\"Copom diz que continua &#8220;vigilante com infla\u00e7\u00e3o&#8221; e pode retomar alta da Selic\"\/><\/a><span class=\"spotlightCategory\"><a href=\"https:\/\/www.suno.com.br\/noticias\/economia\/\">Economia<\/a><\/span><\/div><div class=\"cardsPage__listCard__boxs__content\"><a href=\"https:\/\/www.suno.com.br\/noticias\/copom-ata-inflacao-selic\/\"><h2 class=\"content__title\">Copom diz que continua &#8220;vigilante com infla\u00e7\u00e3o&#8221; e pode retomar alta da Selic<\/h2><\/a><div class=\"newsContent__article__meta\"><div class=\"newsContent__article__meta__authorBox\"><a href=\"https:\/\/www.suno.com.br\/noticias\/author\/ana-clara-macedo\/\" class=\"authorBox__avatar noMobi\"><img src=\"https:\/\/secure.gravatar.com\/avatar\/40810da86786bd5619f8cd594b0f44ef?s=96&#038;r=g\" alt=\"Ana Clara Macedo\"><\/a><div class=\"authorBox__name\"><span>por\n\t\t\t<a href=\"https:\/\/www.suno.com.br\/noticias\/author\/ana-clara-macedo\/\"><span itemprop=\"author\">Ana Clara Macedo<\/span><\/a><\/span><time datetime=\"2022-09-27T14:26:30-03:00\" itemprop=\"datePublished\">27\/09\/2022 14:26<\/time><\/div><\/div><\/div><\/div><\/div>","single_layout":"posts","amp_enabled":true,"_links":{"self":[{"href":"https:\/\/www.suno.com.br\/noticias\/wp-json\/wp\/v2\/posts\/320510"}],"collection":[{"href":"https:\/\/www.suno.com.br\/noticias\/wp-json\/wp\/v2\/posts"}],"about":[{"href":"https:\/\/www.suno.com.br\/noticias\/wp-json\/wp\/v2\/types\/post"}],"author":[{"embeddable":true,"href":"https:\/\/www.suno.com.br\/noticias\/wp-json\/wp\/v2\/users\/73"}],"replies":[{"embeddable":true,"href":"https:\/\/www.suno.com.br\/noticias\/wp-json\/wp\/v2\/comments?post=320510"}],"version-history":[{"count":3,"href":"https:\/\/www.suno.com.br\/noticias\/wp-json\/wp\/v2\/posts\/320510\/revisions"}],"predecessor-version":[{"id":320542,"href":"https:\/\/www.suno.com.br\/noticias\/wp-json\/wp\/v2\/posts\/320510\/revisions\/320542"}],"wp:featuredmedia":[{"embeddable":true,"href":"https:\/\/www.suno.com.br\/noticias\/wp-json\/wp\/v2\/media\/320511"}],"wp:attachment":[{"href":"https:\/\/www.suno.com.br\/noticias\/wp-json\/wp\/v2\/media?parent=320510"}],"wp:term":[{"taxonomy":"category","embeddable":true,"href":"https:\/\/www.suno.com.br\/noticias\/wp-json\/wp\/v2\/categories?post=320510"},{"taxonomy":"post_tag","embeddable":true,"href":"https:\/\/www.suno.com.br\/noticias\/wp-json\/wp\/v2\/tags?post=320510"},{"taxonomy":"suno_strategy","embeddable":true,"href":"https:\/\/www.suno.com.br\/noticias\/wp-json\/wp\/v2\/suno_strategy?post=320510"}],"curies":[{"name":"wp","href":"https:\/\/api.w.org\/{rel}","templated":true}]}}