{"id":32050,"date":"2019-07-24T16:38:54","date_gmt":"2019-07-24T19:38:54","guid":{"rendered":"https:\/\/www.suno.com.br\/noticias\/?p=32050"},"modified":"2021-02-17T23:03:59","modified_gmt":"2021-02-18T02:03:59","slug":"ira-ameaca-brasil-sancoes","status":"publish","type":"post","link":"https:\/\/www.suno.com.br\/noticias\/ira-ameaca-brasil-sancoes\/","title":{"rendered":"Ir\u00e3 amea\u00e7a san\u00e7\u00f5es se o Brasil n\u00e3o abastecer os navios bloqueados"},"content":{"rendered":"<p>O Ir\u00e3 amea\u00e7ou o Brasil de impor san\u00e7\u00f5es econ\u00f4micas e bloquear a importa\u00e7\u00e3o de produtos agr\u00edcolas caso os dois navios bloqueados no porto de Paranagu\u00e1 (PR) n\u00e3o sejam reabastecidos de combust\u00edvel. A informa\u00e7\u00e3o foi divulgada pelo embaixador iraniano no Brasil, Seyed Ali Sagaeya, nesta quarta-feira (24).<\/p>\t<div class=\"wrapper-featured-image\">\n\t\t<figure class=\"spotlightImg\">\n\n\t\t\t<picture>\n\t\t\t\t<source media=\"(max-width: 768px)\" srcset=\"https:\/\/files.sunoresearch.com.br\/n\/uploads\/2019\/07\/78cf0d63-ira-amea\u00e7a-aumenta-uranio-enriquecido-400x200.webp\">\n\t\t\t\t<img loading=\"lazy\" decoding=\"async\" class=\"newsContent__article__imgCapa lazyloadDisabled newsContent__article__imgCapa--noCaption\" src=\"https:\/\/files.sunoresearch.com.br\/n\/uploads\/2019\/07\/78cf0d63-ira-amea\u00e7a-aumenta-uranio-enriquecido-800x450.webp\" width=\"800\" height=\"450\" alt=\"Ir\u00e3 amea\u00e7a san\u00e7\u00f5es se o Brasil n\u00e3o abastecer os navios bloqueados\" fetchpriority=high \/>\n\t\t\t<\/picture>\n\n\t\t\t<figcaption class=\"wp-caption-text wp-caption-text--hide\">Como as san\u00e7\u00f5es econ\u00f4micas podem impactar na rela\u00e7\u00e3o comercial Brasil-Ir\u00e3 <\/figcaption>\n\t\t<\/figure>\n\t<\/div>\n\n\n<p>Em uma entrevista \u00e0 ag\u00eancia<strong> Bloomberg,<\/strong> o diplomata do Ir\u00e3 salientou ter informado as autoridades brasileiras sobre a poss\u00edvel retalia\u00e7\u00e3o do governo do pa\u00eds do <strong>Oriente M\u00e9dio.<\/strong> O <strong>Ir\u00e3<\/strong> pede que o Brasil reabaste\u00e7a de combust\u00edvel os dois cargueiros iranianos atracados no porto do\u00a0Paran\u00e1.<\/p>\n\t<p>\n\t\t<a href=\"https:\/\/lp.suno.com.br\/minicurso-investindo-fiis\/\" target=\"_blank\" data-element=\"shortcode-suno-banner\" title=\"Banner SUNO, clique e saiba mais\">\n\t\t\t<picture>\n\t\t\t\t<source media=\"(max-width: 500px)\" srcset=\"https:\/\/files.sunoresearch.com.br\/n\/uploads\/2023\/07\/400x300-Minicurso-FIIS.png\">\n\t\t\t\t<img class=\"newsContent__article__imgCapa newsContent__article__imgCapa--banner\"\n\t\t\t\t\tsrc=\"https:\/\/files.sunoresearch.com.br\/n\/uploads\/2023\/07\/1420x240-Minicurso-FIIS.png\"\n\t\t\t\t\tdata-promo-id=\"311935\"\t\t\t\t\t\t\t\t\t\twidth='1420' height='240'\t\t\t\t\talt=\"https:\/\/files.sunoresearch.com.br\/n\/uploads\/2023\/07\/1420x240-Minicurso-FIIS.png\"\n\t\t\t\t>\n\t\t\t<\/picture>\n\t\t<\/a>\n\t<\/p>\n\n\n<p>Caso isso n\u00e3o aconte\u00e7a, o embaixador informou que seu pa\u00eds pode procurar novos parceiros para comprar milho, soja e carne.\u00a0O impacto das san\u00e7\u00f5es poderia afetar a economia brasileira por um valor de at\u00e9 US$ 1,3 bilh\u00e3o.<\/p>\n<h2>Ir\u00e3 grande comprador de produtos brasileiros<\/h2>\n<p>Dados fornecidos pelo <strong>Minist\u00e9rio do Desenvolvimento Ind\u00fastria e Com\u00e9rcio (MDIC)<\/strong>, indicam como neste primeiro semestre de 2019 o Brasil importou\u00a0 cerca de US$ 26 milh\u00f5es em produtos iranianos. Um aumento de 800% quando comparado com mesmo per\u00edodo de 2018. Desse montante, o principal produto a ureia, base para a produ\u00e7\u00e3o de fertilizantes.<\/p>\n<p><a href=\"https:\/\/www.suno.com.br\/noticias\/companhias-aereas-mudam-rotas-para-evitar-regiao-do-ira\/\">Saiba mais: Companhias a\u00e9reas mudam rotas para evitar regi\u00e3o do Ir\u00e3\u00a0<\/a><\/p>\n<p>Neste mesmo per\u00edodo o <strong>Brasil<\/strong> arrecadou US$ 1,3 bilh\u00f5es em exporta\u00e7\u00f5es agr\u00edcolas ao pa\u00eds persa, representando uma alta de 23,85% em rela\u00e7\u00e3o ao mesmo per\u00edodo do ano passado. O <strong>Ir\u00e3<\/strong> tamb\u00e9m foi respons\u00e1vel pelas importa\u00e7\u00f5es 36% do milho e 33% da soja exportadas pelo Brasil nesse primeiro semestre do ano.<\/p>\n<h2>Impasse do combust\u00edvel<\/h2>\n<p>O impasse diplom\u00e1tico iniciou h\u00e1 mais de quarenta dias, mas tem ganhado maiores propor\u00e7\u00f5es desde o in\u00edcio da semana. A <strong>Petrobras<\/strong> se recusou em abastecer dois navios cargueiros que est\u00e3o ancorados no porto do Paran\u00e1. A companhia petrol\u00edfera estatal argumenta ter que respeitar as <strong>san\u00e7\u00f5es<\/strong> impostas ao <strong>Ir\u00e3<\/strong> pelo governo dos Estados Unidos. Caso abaste\u00e7a os navios, a Petrobras poderia sofrer ela mesma puni\u00e7\u00f5es por parte do Executivo de Washington.<\/p>\n<p><a href=\"https:\/\/www.suno.com.br\/noticias\/ira-estados-unidos-uranio\/\">Saiba mais: Ir\u00e3 amea\u00e7a aumentar enriquecimento de ur\u00e2nio em 20%\u00a0<\/a><\/p>\n<p>Segundo o embaixador, &#8220;o <strong>Brasil<\/strong> e <strong>Ir\u00e3<\/strong> s\u00e3o dois pa\u00edses grandes e soberanos, que n\u00e3o devem sofrer interfer\u00eancias de terceiros ou intermediadores&#8221;, em refer\u00eancia aos americanos. O diplomata completou dizendo que os dois pa\u00edses devem trabalhar juntos para encontrar uma solu\u00e7\u00e3o harmoniosa ao caso.<\/p>\n<p>Apesar de um tom mais brando, Sagaeya n\u00e3o descarta a possibilidade de o pa\u00eds envie embarca\u00e7\u00f5es para abastecer os dois cargueiros. Entretanto, essa seria uma solu\u00e7\u00e3o demorada, cara e pouco vi\u00e1vel. Al\u00e9m disso, essa decis\u00e3o poderia afetar as futuras rela\u00e7\u00f5es entre <strong>Bras\u00edlia<\/strong> e <strong>Teer\u00e3.<\/strong><\/p>\n\t<p>\n\t\t<a href=\"https:\/\/lp.suno.com.br\/ebook-como-analisar-uma-acao\/\" target=\"_blank\" data-element=\"shortcode-suno-banner\" title=\"Banner SUNO, clique e saiba mais\">\n\t\t\t<picture>\n\t\t\t\t<source media=\"(max-width: 500px)\" srcset=\"https:\/\/files.sunoresearch.com.br\/n\/uploads\/2023\/12\/Ebook-Acoes-Mobile.jpg\">\n\t\t\t\t<img class=\"newsContent__article__imgCapa newsContent__article__imgCapa--banner\"\n\t\t\t\t\tsrc=\"https:\/\/files.sunoresearch.com.br\/n\/uploads\/2023\/12\/Ebook-Acoes-Mobile.jpg\"\n\t\t\t\t\tdata-promo-id=\"101750\"\t\t\t\t\t\t\t\t\t\twidth='400' height='300'\t\t\t\t\talt=\"https:\/\/files.sunoresearch.com.br\/n\/uploads\/2023\/12\/Ebook-Acoes-Mobile.jpg\"\n\t\t\t\t>\n\t\t\t<\/picture>\n\t\t<\/a>\n\t<\/p>\n\n\n<p>Na semana passada o presidente <strong>Jair Bolsonaro<\/strong> salientou que as san\u00e7\u00f5es aplicadas pelos norte-americanos podem afetar empresas brasileiras. Entretanto, o mandat\u00e1rio salientou estar alinhado neste tema como Washington e informou que as empresas brasileiras j\u00e1 est\u00e3o sendo avisadas pelo Executivo sobre os riscos de realizar transa\u00e7\u00f5es com o <strong>Ir\u00e3.<\/strong><\/p>\n","protected":false},"excerpt":{"rendered":"<p>O Ir\u00e3 amea\u00e7ou o Brasil de impor san\u00e7\u00f5es econ\u00f4micas e bloquear a importa\u00e7\u00e3o de produtos agr\u00edcolas caso os dois navios bloqueados no porto de Paranagu\u00e1 (PR) n\u00e3o sejam reabastecidos de combust\u00edvel. A informa\u00e7\u00e3o foi divulgada pelo embaixador iraniano no Brasil, Seyed Ali Sagaeya, nesta quarta-feira (24). Como as san\u00e7\u00f5es econ\u00f4micas podem impactar na rela\u00e7\u00e3o comercial [&hellip;]<\/p>\n","protected":false},"author":9,"featured_media":30392,"comment_status":"closed","ping_status":"closed","sticky":false,"template":"","format":"standard","meta":[],"categories":[61],"tags":[793,706,1458],"suno_strategy":[],"class_list":["post-32050","post","type-post","status-publish","format-standard","has-post-thumbnail","hentry","category-politica","tag-estados-unidos-eua","tag-importacoes","tag-ira"],"yoast_head":"<!-- This site is optimized with the Yoast SEO plugin v24.4 - https:\/\/yoast.com\/wordpress\/plugins\/seo\/ -->\n<title>Ir\u00e3 amea\u00e7a san\u00e7\u00f5es se o Brasil n\u00e3o abastecer os navios bloqueados<\/title>\n<meta name=\"description\" content=\"O Ir\u00e3 amea\u00e7ou o Brasil de impor san\u00e7\u00f5es econ\u00f4micas e bloquear a importa\u00e7\u00e3o de produtos agr\u00edcolas. Clique aqui para saber mais.\" \/>\n<meta name=\"robots\" content=\"index, follow, max-snippet:-1, max-image-preview:large, max-video-preview:-1\" \/>\n<link rel=\"canonical\" href=\"https:\/\/www.suno.com.br\/noticias\/ira-ameaca-brasil-sancoes\/\" \/>\n<meta property=\"og:locale\" content=\"pt_BR\" \/>\n<meta property=\"og:type\" content=\"article\" \/>\n<meta property=\"og:title\" content=\"Ir\u00e3 amea\u00e7a san\u00e7\u00f5es se o Brasil n\u00e3o abastecer os navios bloqueados\" \/>\n<meta property=\"og:description\" content=\"O Ir\u00e3 amea\u00e7ou o Brasil de impor san\u00e7\u00f5es econ\u00f4micas e bloquear a importa\u00e7\u00e3o de produtos agr\u00edcolas. Clique aqui para saber mais.\" \/>\n<meta property=\"og:url\" content=\"https:\/\/www.suno.com.br\/noticias\/ira-ameaca-brasil-sancoes\/\" \/>\n<meta property=\"og:site_name\" content=\"Suno Not\u00edcias\" \/>\n<meta property=\"article:publisher\" content=\"https:\/\/facebook.com\/sunoresearch\" \/>\n<meta property=\"og:image\" content=\"https:\/\/files.sunoresearch.com.br\/n\/uploads\/2019\/07\/78cf0d63-ira-amea\u00e7a-aumenta-uranio-enriquecido.jpg\" \/>\n\t<meta property=\"og:image:width\" content=\"1000\" \/>\n\t<meta property=\"og:image:height\" content=\"541\" \/>\n\t<meta property=\"og:image:type\" content=\"image\/jpeg\" \/>\n<meta name=\"author\" content=\"Carlo Cauti\" \/>\n<meta name=\"twitter:card\" content=\"summary_large_image\" \/>\n<meta name=\"twitter:creator\" content=\"@sunoresearch\" \/>\n<meta name=\"twitter:site\" content=\"@sunoresearch\" \/>\n<meta name=\"twitter:label1\" content=\"Escrito por\" \/>\n\t<meta name=\"twitter:data1\" content=\"Carlo Cauti\" \/>\n\t<meta name=\"twitter:label2\" content=\"Est. tempo de leitura\" \/>\n\t<meta name=\"twitter:data2\" content=\"3 minutos\" \/>\n<script type=\"application\/ld+json\" class=\"yoast-schema-graph\">{\"@context\":\"https:\/\/schema.org\",\"@graph\":[{\"@type\":\"NewsArticle\",\"@id\":\"https:\/\/www.suno.com.br\/noticias\/ira-ameaca-brasil-sancoes\/#article\",\"isPartOf\":{\"@id\":\"https:\/\/www.suno.com.br\/noticias\/ira-ameaca-brasil-sancoes\/\"},\"author\":{\"name\":\"Carlo Cauti\",\"@id\":\"https:\/\/www.suno.com.br\/noticias\/#\/schema\/person\/e6e0f723cc177805027f4566c1d5e0c8\"},\"headline\":\"Ir\u00e3 amea\u00e7a san\u00e7\u00f5es se o Brasil n\u00e3o abastecer os navios bloqueados\",\"datePublished\":\"2019-07-24T19:38:54+00:00\",\"dateModified\":\"2021-02-18T02:03:59+00:00\",\"mainEntityOfPage\":{\"@id\":\"https:\/\/www.suno.com.br\/noticias\/ira-ameaca-brasil-sancoes\/\"},\"wordCount\":544,\"publisher\":{\"@id\":\"https:\/\/www.suno.com.br\/noticias\/#organization\"},\"image\":{\"@id\":\"https:\/\/www.suno.com.br\/noticias\/ira-ameaca-brasil-sancoes\/#primaryimage\"},\"thumbnailUrl\":\"https:\/\/files.sunoresearch.com.br\/n\/uploads\/2019\/07\/78cf0d63-ira-amea\u00e7a-aumenta-uranio-enriquecido-jpg.webp\",\"keywords\":[\"Estados Unidos (EUA)\",\"importa\u00e7\u00f5es\",\"Ir\u00e3\"],\"articleSection\":[\"Pol\u00edtica\"],\"inLanguage\":\"pt-BR\"},{\"@type\":\"WebPage\",\"@id\":\"https:\/\/www.suno.com.br\/noticias\/ira-ameaca-brasil-sancoes\/\",\"url\":\"https:\/\/www.suno.com.br\/noticias\/ira-ameaca-brasil-sancoes\/\",\"name\":\"Ir\u00e3 amea\u00e7a san\u00e7\u00f5es se o Brasil n\u00e3o abastecer os navios bloqueados\",\"isPartOf\":{\"@id\":\"https:\/\/www.suno.com.br\/noticias\/#website\"},\"primaryImageOfPage\":{\"@id\":\"https:\/\/www.suno.com.br\/noticias\/ira-ameaca-brasil-sancoes\/#primaryimage\"},\"image\":{\"@id\":\"https:\/\/www.suno.com.br\/noticias\/ira-ameaca-brasil-sancoes\/#primaryimage\"},\"thumbnailUrl\":\"https:\/\/files.sunoresearch.com.br\/n\/uploads\/2019\/07\/78cf0d63-ira-amea\u00e7a-aumenta-uranio-enriquecido-jpg.webp\",\"datePublished\":\"2019-07-24T19:38:54+00:00\",\"dateModified\":\"2021-02-18T02:03:59+00:00\",\"description\":\"O Ir\u00e3 amea\u00e7ou o Brasil de impor san\u00e7\u00f5es econ\u00f4micas e bloquear a importa\u00e7\u00e3o de produtos agr\u00edcolas. Clique aqui para saber mais.\",\"breadcrumb\":{\"@id\":\"https:\/\/www.suno.com.br\/noticias\/ira-ameaca-brasil-sancoes\/#breadcrumb\"},\"inLanguage\":\"pt-BR\",\"potentialAction\":[{\"@type\":\"ReadAction\",\"target\":[\"https:\/\/www.suno.com.br\/noticias\/ira-ameaca-brasil-sancoes\/\"]}]},{\"@type\":\"ImageObject\",\"inLanguage\":\"pt-BR\",\"@id\":\"https:\/\/www.suno.com.br\/noticias\/ira-ameaca-brasil-sancoes\/#primaryimage\",\"url\":\"https:\/\/files.sunoresearch.com.br\/n\/uploads\/2019\/07\/78cf0d63-ira-amea\u00e7a-aumenta-uranio-enriquecido-jpg.webp\",\"contentUrl\":\"https:\/\/files.sunoresearch.com.br\/n\/uploads\/2019\/07\/78cf0d63-ira-amea\u00e7a-aumenta-uranio-enriquecido-jpg.webp\",\"width\":1000,\"height\":541,\"caption\":\"Como as san\u00e7\u00f5es econ\u00f4micas podem impactar na rela\u00e7\u00e3o comercial Brasil-Ir\u00e3\"},{\"@type\":\"BreadcrumbList\",\"@id\":\"https:\/\/www.suno.com.br\/noticias\/ira-ameaca-brasil-sancoes\/#breadcrumb\",\"itemListElement\":[{\"@type\":\"ListItem\",\"position\":1,\"name\":\"Not\u00edcias\",\"item\":\"https:\/\/www.suno.com.br\/noticias\/\"},{\"@type\":\"ListItem\",\"position\":2,\"name\":\"Mercado Financeiro\",\"item\":\"https:\/\/www.suno.com.br\/noticias\/uncategorized\/\"},{\"@type\":\"ListItem\",\"position\":3,\"name\":\"Ir\u00e3 amea\u00e7a san\u00e7\u00f5es se o Brasil n\u00e3o abastecer os navios bloqueados\"}]},{\"@type\":\"WebSite\",\"@id\":\"https:\/\/www.suno.com.br\/noticias\/#website\",\"url\":\"https:\/\/www.suno.com.br\/noticias\/\",\"name\":\"Suno Not\u00edcias\",\"description\":\"Seu portal de informa\u00e7\u00e3o sobre o mundo dos investimentos\",\"publisher\":{\"@id\":\"https:\/\/www.suno.com.br\/noticias\/#organization\"},\"potentialAction\":[{\"@type\":\"SearchAction\",\"target\":{\"@type\":\"EntryPoint\",\"urlTemplate\":\"https:\/\/www.suno.com.br\/noticias\/?s={search_term_string}\"},\"query-input\":{\"@type\":\"PropertyValueSpecification\",\"valueRequired\":true,\"valueName\":\"search_term_string\"}}],\"inLanguage\":\"pt-BR\"},{\"@type\":\"Organization\",\"@id\":\"https:\/\/www.suno.com.br\/noticias\/#organization\",\"name\":\"Suno Not\u00edcias\",\"url\":\"https:\/\/www.suno.com.br\/noticias\/\",\"logo\":{\"@type\":\"ImageObject\",\"inLanguage\":\"pt-BR\",\"@id\":\"https:\/\/www.suno.com.br\/noticias\/#\/schema\/logo\/image\/\",\"url\":\"https:\/\/files.sunoresearch.com.br\/n\/uploads\/2021\/09\/suno-logo.png\",\"contentUrl\":\"https:\/\/files.sunoresearch.com.br\/n\/uploads\/2021\/09\/suno-logo.png\",\"width\":180,\"height\":180,\"caption\":\"Suno Not\u00edcias\"},\"image\":{\"@id\":\"https:\/\/www.suno.com.br\/noticias\/#\/schema\/logo\/image\/\"},\"sameAs\":[\"https:\/\/facebook.com\/sunoresearch\",\"https:\/\/x.com\/sunoresearch\",\"https:\/\/www.instagram.com\/suno\",\"https:\/\/www.linkedin.com\/company\/suno-research\/\",\"https:\/\/www.youtube.com\/c\/sunoresearch\"]},{\"@type\":\"Person\",\"@id\":\"https:\/\/www.suno.com.br\/noticias\/#\/schema\/person\/e6e0f723cc177805027f4566c1d5e0c8\",\"name\":\"Carlo Cauti\",\"image\":{\"@type\":\"ImageObject\",\"inLanguage\":\"pt-BR\",\"@id\":\"https:\/\/www.suno.com.br\/noticias\/#\/schema\/person\/image\/\",\"url\":\"https:\/\/secure.gravatar.com\/avatar\/3ada9e0bd164c23abd4792a9606d583c?s=96&r=g\",\"contentUrl\":\"https:\/\/secure.gravatar.com\/avatar\/3ada9e0bd164c23abd4792a9606d583c?s=96&r=g\",\"caption\":\"Carlo Cauti\"},\"description\":\"Editor multim\u00eddia do SUNO Not\u00edcias. Italiano, formado em Ci\u00eancias Pol\u00edticas pela universidade LUISS G. Carli de Roma e mestre cum laude em Rela\u00e7\u00f5es Internacionais, Jornalismo Internacional e de Guerra e em Economia Internacional. Concluiu tamb\u00e9m um MBA em Finan\u00e7as na B3. No Brasil, teve passagem por ve\u00edculos como Estad\u00e3o, Globo, Veja e EXAME. e nas ag\u00eancias de not\u00edcias italianas ANSA e NOVA.\",\"url\":\"https:\/\/www.suno.com.br\/noticias\/author\/carlo-cauti\/\"}]}<\/script>\n<!-- \/ Yoast SEO plugin. -->","yoast_head_json":{"title":"Ir\u00e3 amea\u00e7a san\u00e7\u00f5es se o Brasil n\u00e3o abastecer os navios bloqueados","description":"O Ir\u00e3 amea\u00e7ou o Brasil de impor san\u00e7\u00f5es econ\u00f4micas e bloquear a importa\u00e7\u00e3o de produtos agr\u00edcolas. Clique aqui para saber mais.","robots":{"index":"index","follow":"follow","max-snippet":"max-snippet:-1","max-image-preview":"max-image-preview:large","max-video-preview":"max-video-preview:-1"},"canonical":"https:\/\/www.suno.com.br\/noticias\/ira-ameaca-brasil-sancoes\/","og_locale":"pt_BR","og_type":"article","og_title":"Ir\u00e3 amea\u00e7a san\u00e7\u00f5es se o Brasil n\u00e3o abastecer os navios bloqueados","og_description":"O Ir\u00e3 amea\u00e7ou o Brasil de impor san\u00e7\u00f5es econ\u00f4micas e bloquear a importa\u00e7\u00e3o de produtos agr\u00edcolas. Clique aqui para saber mais.","og_url":"https:\/\/www.suno.com.br\/noticias\/ira-ameaca-brasil-sancoes\/","og_site_name":"Suno Not\u00edcias","article_publisher":"https:\/\/facebook.com\/sunoresearch","og_image":[{"width":1000,"height":541,"url":"https:\/\/files.sunoresearch.com.br\/n\/uploads\/2019\/07\/78cf0d63-ira-amea\u00e7a-aumenta-uranio-enriquecido.jpg","type":"image\/jpeg"}],"author":"Carlo Cauti","twitter_card":"summary_large_image","twitter_creator":"@sunoresearch","twitter_site":"@sunoresearch","twitter_misc":{"Escrito por":"Carlo Cauti","Est. tempo de leitura":"3 minutos"},"schema":{"@context":"https:\/\/schema.org","@graph":[{"@type":"NewsArticle","@id":"https:\/\/www.suno.com.br\/noticias\/ira-ameaca-brasil-sancoes\/#article","isPartOf":{"@id":"https:\/\/www.suno.com.br\/noticias\/ira-ameaca-brasil-sancoes\/"},"author":{"name":"Carlo Cauti","@id":"https:\/\/www.suno.com.br\/noticias\/#\/schema\/person\/e6e0f723cc177805027f4566c1d5e0c8"},"headline":"Ir\u00e3 amea\u00e7a san\u00e7\u00f5es se o Brasil n\u00e3o abastecer os navios bloqueados","datePublished":"2019-07-24T19:38:54+00:00","dateModified":"2021-02-18T02:03:59+00:00","mainEntityOfPage":{"@id":"https:\/\/www.suno.com.br\/noticias\/ira-ameaca-brasil-sancoes\/"},"wordCount":544,"publisher":{"@id":"https:\/\/www.suno.com.br\/noticias\/#organization"},"image":{"@id":"https:\/\/www.suno.com.br\/noticias\/ira-ameaca-brasil-sancoes\/#primaryimage"},"thumbnailUrl":"https:\/\/files.sunoresearch.com.br\/n\/uploads\/2019\/07\/78cf0d63-ira-amea\u00e7a-aumenta-uranio-enriquecido-jpg.webp","keywords":["Estados Unidos (EUA)","importa\u00e7\u00f5es","Ir\u00e3"],"articleSection":["Pol\u00edtica"],"inLanguage":"pt-BR"},{"@type":"WebPage","@id":"https:\/\/www.suno.com.br\/noticias\/ira-ameaca-brasil-sancoes\/","url":"https:\/\/www.suno.com.br\/noticias\/ira-ameaca-brasil-sancoes\/","name":"Ir\u00e3 amea\u00e7a san\u00e7\u00f5es se o Brasil n\u00e3o abastecer os navios bloqueados","isPartOf":{"@id":"https:\/\/www.suno.com.br\/noticias\/#website"},"primaryImageOfPage":{"@id":"https:\/\/www.suno.com.br\/noticias\/ira-ameaca-brasil-sancoes\/#primaryimage"},"image":{"@id":"https:\/\/www.suno.com.br\/noticias\/ira-ameaca-brasil-sancoes\/#primaryimage"},"thumbnailUrl":"https:\/\/files.sunoresearch.com.br\/n\/uploads\/2019\/07\/78cf0d63-ira-amea\u00e7a-aumenta-uranio-enriquecido-jpg.webp","datePublished":"2019-07-24T19:38:54+00:00","dateModified":"2021-02-18T02:03:59+00:00","description":"O Ir\u00e3 amea\u00e7ou o Brasil de impor san\u00e7\u00f5es econ\u00f4micas e bloquear a importa\u00e7\u00e3o de produtos agr\u00edcolas. Clique aqui para saber mais.","breadcrumb":{"@id":"https:\/\/www.suno.com.br\/noticias\/ira-ameaca-brasil-sancoes\/#breadcrumb"},"inLanguage":"pt-BR","potentialAction":[{"@type":"ReadAction","target":["https:\/\/www.suno.com.br\/noticias\/ira-ameaca-brasil-sancoes\/"]}]},{"@type":"ImageObject","inLanguage":"pt-BR","@id":"https:\/\/www.suno.com.br\/noticias\/ira-ameaca-brasil-sancoes\/#primaryimage","url":"https:\/\/files.sunoresearch.com.br\/n\/uploads\/2019\/07\/78cf0d63-ira-amea\u00e7a-aumenta-uranio-enriquecido-jpg.webp","contentUrl":"https:\/\/files.sunoresearch.com.br\/n\/uploads\/2019\/07\/78cf0d63-ira-amea\u00e7a-aumenta-uranio-enriquecido-jpg.webp","width":1000,"height":541,"caption":"Como as san\u00e7\u00f5es econ\u00f4micas podem impactar na rela\u00e7\u00e3o comercial Brasil-Ir\u00e3"},{"@type":"BreadcrumbList","@id":"https:\/\/www.suno.com.br\/noticias\/ira-ameaca-brasil-sancoes\/#breadcrumb","itemListElement":[{"@type":"ListItem","position":1,"name":"Not\u00edcias","item":"https:\/\/www.suno.com.br\/noticias\/"},{"@type":"ListItem","position":2,"name":"Mercado Financeiro","item":"https:\/\/www.suno.com.br\/noticias\/uncategorized\/"},{"@type":"ListItem","position":3,"name":"Ir\u00e3 amea\u00e7a san\u00e7\u00f5es se o Brasil n\u00e3o abastecer os navios bloqueados"}]},{"@type":"WebSite","@id":"https:\/\/www.suno.com.br\/noticias\/#website","url":"https:\/\/www.suno.com.br\/noticias\/","name":"Suno Not\u00edcias","description":"Seu portal de informa\u00e7\u00e3o sobre o mundo dos investimentos","publisher":{"@id":"https:\/\/www.suno.com.br\/noticias\/#organization"},"potentialAction":[{"@type":"SearchAction","target":{"@type":"EntryPoint","urlTemplate":"https:\/\/www.suno.com.br\/noticias\/?s={search_term_string}"},"query-input":{"@type":"PropertyValueSpecification","valueRequired":true,"valueName":"search_term_string"}}],"inLanguage":"pt-BR"},{"@type":"Organization","@id":"https:\/\/www.suno.com.br\/noticias\/#organization","name":"Suno Not\u00edcias","url":"https:\/\/www.suno.com.br\/noticias\/","logo":{"@type":"ImageObject","inLanguage":"pt-BR","@id":"https:\/\/www.suno.com.br\/noticias\/#\/schema\/logo\/image\/","url":"https:\/\/files.sunoresearch.com.br\/n\/uploads\/2021\/09\/suno-logo.png","contentUrl":"https:\/\/files.sunoresearch.com.br\/n\/uploads\/2021\/09\/suno-logo.png","width":180,"height":180,"caption":"Suno Not\u00edcias"},"image":{"@id":"https:\/\/www.suno.com.br\/noticias\/#\/schema\/logo\/image\/"},"sameAs":["https:\/\/facebook.com\/sunoresearch","https:\/\/x.com\/sunoresearch","https:\/\/www.instagram.com\/suno","https:\/\/www.linkedin.com\/company\/suno-research\/","https:\/\/www.youtube.com\/c\/sunoresearch"]},{"@type":"Person","@id":"https:\/\/www.suno.com.br\/noticias\/#\/schema\/person\/e6e0f723cc177805027f4566c1d5e0c8","name":"Carlo Cauti","image":{"@type":"ImageObject","inLanguage":"pt-BR","@id":"https:\/\/www.suno.com.br\/noticias\/#\/schema\/person\/image\/","url":"https:\/\/secure.gravatar.com\/avatar\/3ada9e0bd164c23abd4792a9606d583c?s=96&r=g","contentUrl":"https:\/\/secure.gravatar.com\/avatar\/3ada9e0bd164c23abd4792a9606d583c?s=96&r=g","caption":"Carlo Cauti"},"description":"Editor multim\u00eddia do SUNO Not\u00edcias. Italiano, formado em Ci\u00eancias Pol\u00edticas pela universidade LUISS G. Carli de Roma e mestre cum laude em Rela\u00e7\u00f5es Internacionais, Jornalismo Internacional e de Guerra e em Economia Internacional. Concluiu tamb\u00e9m um MBA em Finan\u00e7as na B3. No Brasil, teve passagem por ve\u00edculos como Estad\u00e3o, Globo, Veja e EXAME. e nas ag\u00eancias de not\u00edcias italianas ANSA e NOVA.","url":"https:\/\/www.suno.com.br\/noticias\/author\/carlo-cauti\/"}]}},"default_loop_html":"<div class=\"cardsPage__listCard__boxs\"><div class=\"cardsPage__listCard__boxs__img\"><a href=\"https:\/\/www.suno.com.br\/noticias\/ira-ameaca-brasil-sancoes\/\"><img class=\"mask\" src=\"https:\/\/www.suno.com.br\/noticias\/wp-content\/themes\/suno\/resources\/images\/spotlight\/spotlight1img\/bg-mask.png\" alt=\"Image Mask\"\/><img src=\"https:\/\/files.sunoresearch.com.br\/n\/uploads\/2019\/07\/78cf0d63-ira-amea\u00e7a-aumenta-uranio-enriquecido-400x200.webp\" alt=\"Ir\u00e3 amea\u00e7a san\u00e7\u00f5es se o Brasil n\u00e3o abastecer os navios bloqueados\"\/><\/a><span class=\"spotlightCategory\"><a href=\"https:\/\/www.suno.com.br\/noticias\/politica\/\">Pol\u00edtica<\/a><\/span><\/div><div class=\"cardsPage__listCard__boxs__content\"><a href=\"https:\/\/www.suno.com.br\/noticias\/ira-ameaca-brasil-sancoes\/\"><h2 class=\"content__title\">Ir\u00e3 amea\u00e7a san\u00e7\u00f5es se o Brasil n\u00e3o abastecer os navios bloqueados<\/h2><\/a><div class=\"newsContent__article__meta\"><div class=\"newsContent__article__meta__authorBox\"><a href=\"https:\/\/www.suno.com.br\/noticias\/author\/carlo-cauti\/\" class=\"authorBox__avatar noMobi\"><img src=\"https:\/\/files.sunoresearch.com.br\/n\/uploads\/2020\/08\/e3745f9a-perfil-carlo-cauti-150x150.webp\" alt=\"Carlo Cauti\"><\/a><div class=\"authorBox__name\"><span>por\n\t\t\t<a href=\"https:\/\/www.suno.com.br\/noticias\/author\/carlo-cauti\/\"><span itemprop=\"author\">Carlo Cauti<\/span><\/a><\/span><time datetime=\"2019-07-24T16:38:54-03:00\" itemprop=\"datePublished\">24\/07\/2019 16:38<\/time><\/div><\/div><\/div><\/div><\/div>","single_layout":"posts","amp_enabled":true,"_links":{"self":[{"href":"https:\/\/www.suno.com.br\/noticias\/wp-json\/wp\/v2\/posts\/32050"}],"collection":[{"href":"https:\/\/www.suno.com.br\/noticias\/wp-json\/wp\/v2\/posts"}],"about":[{"href":"https:\/\/www.suno.com.br\/noticias\/wp-json\/wp\/v2\/types\/post"}],"author":[{"embeddable":true,"href":"https:\/\/www.suno.com.br\/noticias\/wp-json\/wp\/v2\/users\/9"}],"replies":[{"embeddable":true,"href":"https:\/\/www.suno.com.br\/noticias\/wp-json\/wp\/v2\/comments?post=32050"}],"version-history":[{"count":0,"href":"https:\/\/www.suno.com.br\/noticias\/wp-json\/wp\/v2\/posts\/32050\/revisions"}],"wp:featuredmedia":[{"embeddable":true,"href":"https:\/\/www.suno.com.br\/noticias\/wp-json\/wp\/v2\/media\/30392"}],"wp:attachment":[{"href":"https:\/\/www.suno.com.br\/noticias\/wp-json\/wp\/v2\/media?parent=32050"}],"wp:term":[{"taxonomy":"category","embeddable":true,"href":"https:\/\/www.suno.com.br\/noticias\/wp-json\/wp\/v2\/categories?post=32050"},{"taxonomy":"post_tag","embeddable":true,"href":"https:\/\/www.suno.com.br\/noticias\/wp-json\/wp\/v2\/tags?post=32050"},{"taxonomy":"suno_strategy","embeddable":true,"href":"https:\/\/www.suno.com.br\/noticias\/wp-json\/wp\/v2\/suno_strategy?post=32050"}],"curies":[{"name":"wp","href":"https:\/\/api.w.org\/{rel}","templated":true}]}}