{"id":320467,"date":"2022-11-20T10:36:22","date_gmt":"2022-11-20T13:36:22","guid":{"rendered":"https:\/\/www.suno.com.br\/noticias\/?p=320467"},"modified":"2022-11-20T10:36:22","modified_gmt":"2022-11-20T13:36:22","slug":"trump-twitter-elon-musk","status":"publish","type":"post","link":"https:\/\/www.suno.com.br\/noticias\/trump-twitter-elon-musk\/","title":{"rendered":"Trump volta de banimento do Twitter (TWTR34) ap\u00f3s enquete feita por Elon Musk"},"content":{"rendered":"<p>O ex-presidente americano <a class=\"suno-keyword\" href=\"https:\/\/www.suno.com.br\/tudo-sobre\/donald-trump\/\" target=\"_blank\" rel=\"noopener\" data-force=\"no\" data-priority=\"2\">Donald <strong>Trump<\/strong><\/a> teve sua conta restaurada no Twitter (<a class=\"suno-keyword\" href=\"https:\/\/www.suno.com.br\/bdrs\/twtr34\/\" target=\"_blank\" rel=\"noopener\" data-force=\"yes\" data-priority=\"2\">TWTR34<\/a>) ap\u00f3s Elon Musk passar a ser o novo dono da rede social.<\/p>\t<div class=\"wrapper-featured-image\">\n\t\t<figure class=\"spotlightImg\">\n\n\t\t\t<picture>\n\t\t\t\t<source media=\"(max-width: 768px)\" srcset=\"https:\/\/files.sunoresearch.com.br\/n\/uploads\/2022\/08\/trump-2546104_1920-400x200.jpg\">\n\t\t\t\t<img loading=\"lazy\" decoding=\"async\" class=\"newsContent__article__imgCapa lazyloadDisabled \" src=\"https:\/\/files.sunoresearch.com.br\/n\/uploads\/2022\/08\/trump-2546104_1920-800x450.jpg\" width=\"800\" height=\"450\" alt=\"Trump volta de banimento do Twitter (TWTR34) ap\u00f3s enquete feita por Elon Musk\" fetchpriority=high \/>\n\t\t\t<\/picture>\n\n\t\t\t<figcaption class=\"wp-caption-text wp-caption-text--show\">Donald Trump classificou busca como &#039;desnecess\u00e1ria&#039; e citou que tem colaborado com as autoridades no \u00e2mbito das investiga\u00e7\u00f5es - Foto: Unsplash<\/figcaption>\n\t\t<\/figure>\n\t<\/div>\n\n\n\t<p>\n\t\t<a href=\"https:\/\/lp2.suno.com.br\/cl\/black-friday-2025\/?utm_campaign=_SNCDF0E4858_\" target=\"_blank\" data-element=\"shortcode-suno-banner\" title=\"Banner SUNO, clique e saiba mais\">\n\t\t\t<picture>\n\t\t\t\t<source media=\"(max-width: 500px)\" srcset=\"https:\/\/files.sunoresearch.com.br\/n\/uploads\/2025\/10\/Artigos-e-Noticias-Banner-Home-artigos-01-Mobile_-400x300-1-png.webp\">\n\t\t\t\t<img class=\"newsContent__article__imgCapa newsContent__article__imgCapa--banner\"\n\t\t\t\t\tsrc=\"https:\/\/files.sunoresearch.com.br\/n\/uploads\/2025\/10\/Artigos-e-Noticias-Banner-Home-artigos-01-Desktop_-1420x240-1-png.webp\"\n\t\t\t\t\tdata-promo-id=\"311259\"\t\t\t\t\t\t\t\t\t\twidth='1420' height='240'\t\t\t\t\talt=\"https:\/\/files.sunoresearch.com.br\/n\/uploads\/2025\/10\/Artigos-e-Noticias-Banner-Home-artigos-01-Desktop_-1420x240-1-png.webp\"\n\t\t\t\t>\n\t\t\t<\/picture>\n\t\t<\/a>\n\t<\/p>\n\n\n<p>Antes de restaurar a\u00a0<strong>conta de Trump no Twitter<\/strong>, Musk promoveu uma enquete na rede social que somou 15 milh\u00f5es de votos e foi vista por cerca de 134 milh\u00f5es de pessoas.<\/p>\n<p>Na enquete, 51,8% votaram pela volta de Trump ao Twitter.\u00a0Com isso, Musk publicou: &#8220;O povo falou. Trump ser\u00e1 reinstalado. Vox Populi, Vox Dei [a voz do povo \u00e9 a voz de Deus, em Latim]&#8221;.<\/p>\n<blockquote class=\"twitter-tweet\" data-width=\"550\" data-dnt=\"true\">\n<p lang=\"en\" dir=\"ltr\">The people have spoken. <\/p>\n<p>Trump will be reinstated.<\/p>\n<p>Vox Populi, Vox Dei. <a href=\"https:\/\/t.co\/jmkhFuyfkv\">https:\/\/t.co\/jmkhFuyfkv<\/a><\/p>\n<p>&mdash; Elon Musk (@elonmusk) <a href=\"https:\/\/twitter.com\/elonmusk\/status\/1594131768298315777?ref_src=twsrc%5Etfw\">November 20, 2022<\/a><\/p><\/blockquote>\n<p>Atualmente a palavra &#8220;Trump&#8221; est\u00e1 nos trending topics da rede social, <strong>mas o ex-presidente dos EUA ainda n\u00e3o fez nenhuma publica\u00e7\u00e3o<\/strong>.<\/p>\n<p>Trump<a href=\"https:\/\/www.suno.com.br\/noticias\/twitter-suspende-conta-donald-trump\/\"> foi banido em meados de janeiro de 2021<\/a>, sob a justificativa de &#8220;risco de mais incita\u00e7\u00e3o \u00e0 viol\u00eancia&#8221;.<\/p>\n<p>O bloqueio veio dois dias ap\u00f3s a invas\u00e3o ao Capit\u00f3lio dos Estados Unidos e da transi\u00e7\u00e3o para <a href=\"https:\/\/www.suno.com.br\/noticias\/tags\/joe-biden\">Joe Biden<\/a>, democrata que foi eleito e atualmente governa o pa\u00eds.<\/p>\n<p>&#8220;Devido \u00e0s tens\u00f5es em curso nos Estados Unidos, e ao aumento na discuss\u00e3o global envolvendo as pessoas que invadiram violentamente o Capit\u00f3lio em 6 de janeiro de 2021, esses dois tweets devem ser lidos no contexto de eventos mais amplos no pa\u00eds e no sentido no qual as declara\u00e7\u00f5es do presidente podem mobilizar diferentes p\u00fablicos, incluindo para incitar a viol\u00eancia, assim como no contexto do padr\u00e3o de comportamento dessa conta nas \u00faltimas semanas&#8221;, disse o comunicado do <strong>Twitter<\/strong>, \u00e0 \u00e9poca.<\/p>\n\n\t<div data-element=\"shortcode-read-more\" class=\"readToo\">\n\t\t\t\t<span class=\"readToo__title\">Leia mais<\/span>\n\t\t\t\t<ul class=\"readToo__list\">\n\t\t\t<li><a href=\"https:\/\/www.suno.com.br\/noticias\/funcionarios-demissoes-twitter-elon-musk\/\">Twitter (TWTR34) enfrenta nova onda de demiss\u00f5es de funcion\u00e1rios ap\u00f3s ultimato de Elon Musk<\/a><\/li><li><a href=\"https:\/\/www.suno.com.br\/noticias\/twitter-twtr34-acoes-compra-elon-musk\/\">A\u00e7\u00f5es do Twitter (TWTR34) s\u00e3o suspensas ap\u00f3s compra da rede por Elon Musk<\/a><\/li>\t\t<\/ul>\n\t<\/div>\n\n\n<p>Trump j\u00e1 havia enfrentado restri\u00e7\u00f5es antes e, na ocasi\u00e3o, foi banido permanentemente da rede social.<\/p>\n<p>Al\u00e9m do Twitter, outras &#8216;big techs&#8217; americanas tamb\u00e9m implementaram restri\u00e7\u00f5es, como o Facebook (<a class=\"suno-keyword\" href=\"https:\/\/www.suno.com.br\/bdrs\/fbok34\/\" target=\"_blank\" rel=\"noopener\" data-force=\"yes\" data-priority=\"2\">FBOK34<\/a>), <a href=\"https:\/\/www.suno.com.br\/noticias\/facebook-fbok34-suspende-trump-2-anos\/\">que <strong>baniu Trump<\/strong> por dois anos<\/a>. A justificativa tamb\u00e9m foi a incita\u00e7\u00e3o \u00e0 invas\u00e3o do Capit\u00f3lio.<\/p>\n\t<p>\n\t\t<a href=\"https:\/\/lp.suno.com.br\/ebook-como-analisar-uma-acao\/\" target=\"_blank\" data-element=\"shortcode-suno-banner\" title=\"Banner SUNO, clique e saiba mais\">\n\t\t\t<picture>\n\t\t\t\t<source media=\"(max-width: 500px)\" srcset=\"https:\/\/files.sunoresearch.com.br\/n\/uploads\/2023\/12\/Ebook-Acoes-Mobile.jpg\">\n\t\t\t\t<img class=\"newsContent__article__imgCapa newsContent__article__imgCapa--banner\"\n\t\t\t\t\tsrc=\"https:\/\/files.sunoresearch.com.br\/n\/uploads\/2023\/12\/Ebook-Acoes-Desktop.webp\"\n\t\t\t\t\tdata-promo-id=\"311260\"\t\t\t\t\t\t\t\t\t\twidth='1420' height='286'\t\t\t\t\talt=\"https:\/\/files.sunoresearch.com.br\/n\/uploads\/2023\/12\/Ebook-Acoes-Desktop.webp\"\n\t\t\t\t>\n\t\t\t<\/picture>\n\t\t<\/a>\n\t<\/p>\n\n\n<h2>Volta de Trump era aguardada com compra do Twitter<\/h2>\n<p>O retorno do ex-presidente \u00e0 rede social ap\u00f3s cerca de um ano e dez meses de banimento era relativamente esperado por conta da compra da rede social por Musk.<\/p>\n<p>Em meio \u00e0s negocia\u00e7\u00f5es &#8211; que se estenderam por meses &#8211;\u00a0<strong>Elon Musk<\/strong> defendeu por diversas vezes que o Twitter deveria ser a &#8216;pra\u00e7a p\u00fablica&#8217; e n\u00e3o trabalhar com pol\u00edticas de restri\u00e7\u00e3o t\u00e3o agressivas.<\/p>\n<p>Musk chegou a ter rusgas p\u00fablicas com executivos do Twitter por conta de discord\u00e2ncia sobre como deveriam ser as diretrizes de liberdade de express\u00e3o do Twitter, <a href=\"https:\/\/www.suno.com.br\/noticias\/elon-musk-twitter-twtr34-censora-executivos\/\">conforme reportado pelo Suno Not\u00edcias<\/a>.<\/p>\n<p>Assim, al\u00e9m do caso emblem\u00e1tico de <strong>Trump<\/strong>, a expectativa \u00e9 de que menos banimentos ocorram com base nas diretrizes antigas, e que usu\u00e1rios banidos eventualmente tamb\u00e9m possam voltar \u00e0 rede, dado o precedente do republicano.<\/p>\n\t<p>\n\t\t<a href=\"https:\/\/lp.suno.com.br\/minicurso-investindo-fiis\/\" target=\"_blank\" data-element=\"shortcode-suno-banner\" title=\"Banner SUNO, clique e saiba mais\">\n\t\t\t<picture>\n\t\t\t\t<source media=\"(max-width: 500px)\" srcset=\"https:\/\/files.sunoresearch.com.br\/n\/uploads\/2023\/07\/400x300-Minicurso-FIIS.png\">\n\t\t\t\t<img class=\"newsContent__article__imgCapa newsContent__article__imgCapa--banner\"\n\t\t\t\t\tsrc=\"https:\/\/files.sunoresearch.com.br\/n\/uploads\/2023\/07\/1420x240-Minicurso-FIIS.png\"\n\t\t\t\t\tdata-promo-id=\"311935\"\t\t\t\t\t\t\t\t\t\twidth='1420' height='240'\t\t\t\t\talt=\"https:\/\/files.sunoresearch.com.br\/n\/uploads\/2023\/07\/1420x240-Minicurso-FIIS.png\"\n\t\t\t\t>\n\t\t\t<\/picture>\n\t\t<\/a>\n\t<\/p>\n\n\n","protected":false},"excerpt":{"rendered":"<p>O ex-presidente americano Donald Trump teve sua conta restaurada no Twitter (TWTR34) ap\u00f3s Elon Musk passar a ser o novo dono da rede social. Antes de restaurar a\u00a0conta de Trump no Twitter, Musk promoveu uma enquete na rede social que somou 15 milh\u00f5es de votos e foi vista por cerca de 134 milh\u00f5es de pessoas. [&hellip;]<\/p>\n","protected":false},"author":73,"featured_media":282965,"comment_status":"closed","ping_status":"closed","sticky":false,"template":"","format":"standard","meta":[],"categories":[63],"tags":[724,726,1110],"suno_strategy":[],"class_list":["post-320467","post","type-post","status-publish","format-standard","has-post-thumbnail","hentry","category-internacional","tag-donald-trump","tag-elon-musk","tag-twitter-twtr34"],"yoast_head":"<!-- This site is optimized with the Yoast SEO plugin v24.4 - https:\/\/yoast.com\/wordpress\/plugins\/seo\/ -->\n<title>Trump volta ao Twitter (TWTR34) ap\u00f3s enquete feita por Elon Musk<\/title>\n<meta name=\"description\" content=\"Elon Musk promoveu uma enquete que votou majoritariamente pela volta de Trump \u00e0 rede social ap\u00f3s um banimento em janeiro de 2021. Confira!\" \/>\n<meta name=\"robots\" content=\"index, follow, max-snippet:-1, max-image-preview:large, max-video-preview:-1\" \/>\n<link rel=\"canonical\" href=\"https:\/\/www.suno.com.br\/noticias\/trump-twitter-elon-musk\/\" \/>\n<meta property=\"og:locale\" content=\"pt_BR\" \/>\n<meta property=\"og:type\" content=\"article\" \/>\n<meta property=\"og:title\" content=\"Trump volta ao Twitter (TWTR34) ap\u00f3s enquete feita por Elon Musk\" \/>\n<meta property=\"og:description\" content=\"Elon Musk promoveu uma enquete que votou majoritariamente pela volta de Trump \u00e0 rede social ap\u00f3s um banimento em janeiro de 2021. Confira!\" \/>\n<meta property=\"og:url\" content=\"https:\/\/www.suno.com.br\/noticias\/trump-twitter-elon-musk\/\" \/>\n<meta property=\"og:site_name\" content=\"Suno Not\u00edcias\" \/>\n<meta property=\"article:publisher\" content=\"https:\/\/facebook.com\/sunoresearch\" \/>\n<meta property=\"og:image\" content=\"https:\/\/files.sunoresearch.com.br\/n\/uploads\/2022\/08\/trump-2546104_1920.jpg\" \/>\n\t<meta property=\"og:image:width\" content=\"1920\" \/>\n\t<meta property=\"og:image:height\" content=\"662\" \/>\n\t<meta property=\"og:image:type\" content=\"image\/jpeg\" \/>\n<meta name=\"author\" content=\"Eduardo Vargas\" \/>\n<meta name=\"twitter:card\" content=\"summary_large_image\" \/>\n<meta name=\"twitter:creator\" content=\"@sunoresearch\" \/>\n<meta name=\"twitter:site\" content=\"@sunoresearch\" \/>\n<meta name=\"twitter:label1\" content=\"Escrito por\" \/>\n\t<meta name=\"twitter:data1\" content=\"Eduardo Vargas\" \/>\n\t<meta name=\"twitter:label2\" content=\"Est. tempo de leitura\" \/>\n\t<meta name=\"twitter:data2\" content=\"3 minutos\" \/>\n<script type=\"application\/ld+json\" class=\"yoast-schema-graph\">{\"@context\":\"https:\/\/schema.org\",\"@graph\":[{\"@type\":\"NewsArticle\",\"@id\":\"https:\/\/www.suno.com.br\/noticias\/trump-twitter-elon-musk\/#article\",\"isPartOf\":{\"@id\":\"https:\/\/www.suno.com.br\/noticias\/trump-twitter-elon-musk\/\"},\"author\":{\"name\":\"Eduardo Vargas\",\"@id\":\"https:\/\/www.suno.com.br\/noticias\/#\/schema\/person\/7f4d362bf3518e76090143ae77bb49a5\"},\"headline\":\"Trump volta de banimento do Twitter (TWTR34) ap\u00f3s enquete feita por Elon Musk\",\"datePublished\":\"2022-11-20T13:36:22+00:00\",\"mainEntityOfPage\":{\"@id\":\"https:\/\/www.suno.com.br\/noticias\/trump-twitter-elon-musk\/\"},\"wordCount\":489,\"publisher\":{\"@id\":\"https:\/\/www.suno.com.br\/noticias\/#organization\"},\"image\":{\"@id\":\"https:\/\/www.suno.com.br\/noticias\/trump-twitter-elon-musk\/#primaryimage\"},\"thumbnailUrl\":\"https:\/\/files.sunoresearch.com.br\/n\/uploads\/2022\/08\/trump-2546104_1920.jpg\",\"keywords\":[\"Donald Trump\",\"Elon Musk\",\"Twitter (TWTR34)\"],\"articleSection\":[\"Internacional\"],\"inLanguage\":\"pt-BR\"},{\"@type\":\"WebPage\",\"@id\":\"https:\/\/www.suno.com.br\/noticias\/trump-twitter-elon-musk\/\",\"url\":\"https:\/\/www.suno.com.br\/noticias\/trump-twitter-elon-musk\/\",\"name\":\"Trump volta ao Twitter (TWTR34) ap\u00f3s enquete feita por Elon Musk\",\"isPartOf\":{\"@id\":\"https:\/\/www.suno.com.br\/noticias\/#website\"},\"primaryImageOfPage\":{\"@id\":\"https:\/\/www.suno.com.br\/noticias\/trump-twitter-elon-musk\/#primaryimage\"},\"image\":{\"@id\":\"https:\/\/www.suno.com.br\/noticias\/trump-twitter-elon-musk\/#primaryimage\"},\"thumbnailUrl\":\"https:\/\/files.sunoresearch.com.br\/n\/uploads\/2022\/08\/trump-2546104_1920.jpg\",\"datePublished\":\"2022-11-20T13:36:22+00:00\",\"description\":\"Elon Musk promoveu uma enquete que votou majoritariamente pela volta de Trump \u00e0 rede social ap\u00f3s um banimento em janeiro de 2021. Confira!\",\"breadcrumb\":{\"@id\":\"https:\/\/www.suno.com.br\/noticias\/trump-twitter-elon-musk\/#breadcrumb\"},\"inLanguage\":\"pt-BR\",\"potentialAction\":[{\"@type\":\"ReadAction\",\"target\":[\"https:\/\/www.suno.com.br\/noticias\/trump-twitter-elon-musk\/\"]}]},{\"@type\":\"ImageObject\",\"inLanguage\":\"pt-BR\",\"@id\":\"https:\/\/www.suno.com.br\/noticias\/trump-twitter-elon-musk\/#primaryimage\",\"url\":\"https:\/\/files.sunoresearch.com.br\/n\/uploads\/2022\/08\/trump-2546104_1920.jpg\",\"contentUrl\":\"https:\/\/files.sunoresearch.com.br\/n\/uploads\/2022\/08\/trump-2546104_1920.jpg\",\"width\":1920,\"height\":662,\"caption\":\"Donald Trump classificou busca como 'desnecess\u00e1ria' e citou que tem colaborado com as autoridades no \u00e2mbito das investiga\u00e7\u00f5es - Foto: Unsplash\"},{\"@type\":\"BreadcrumbList\",\"@id\":\"https:\/\/www.suno.com.br\/noticias\/trump-twitter-elon-musk\/#breadcrumb\",\"itemListElement\":[{\"@type\":\"ListItem\",\"position\":1,\"name\":\"Not\u00edcias\",\"item\":\"https:\/\/www.suno.com.br\/noticias\/\"},{\"@type\":\"ListItem\",\"position\":2,\"name\":\"Internacional\",\"item\":\"https:\/\/www.suno.com.br\/noticias\/internacional\/\"},{\"@type\":\"ListItem\",\"position\":3,\"name\":\"Trump volta de banimento do Twitter (TWTR34) ap\u00f3s enquete feita por Elon Musk\"}]},{\"@type\":\"WebSite\",\"@id\":\"https:\/\/www.suno.com.br\/noticias\/#website\",\"url\":\"https:\/\/www.suno.com.br\/noticias\/\",\"name\":\"Suno Not\u00edcias\",\"description\":\"Seu portal de informa\u00e7\u00e3o sobre o mundo dos investimentos\",\"publisher\":{\"@id\":\"https:\/\/www.suno.com.br\/noticias\/#organization\"},\"potentialAction\":[{\"@type\":\"SearchAction\",\"target\":{\"@type\":\"EntryPoint\",\"urlTemplate\":\"https:\/\/www.suno.com.br\/noticias\/?s={search_term_string}\"},\"query-input\":{\"@type\":\"PropertyValueSpecification\",\"valueRequired\":true,\"valueName\":\"search_term_string\"}}],\"inLanguage\":\"pt-BR\"},{\"@type\":\"Organization\",\"@id\":\"https:\/\/www.suno.com.br\/noticias\/#organization\",\"name\":\"Suno Not\u00edcias\",\"url\":\"https:\/\/www.suno.com.br\/noticias\/\",\"logo\":{\"@type\":\"ImageObject\",\"inLanguage\":\"pt-BR\",\"@id\":\"https:\/\/www.suno.com.br\/noticias\/#\/schema\/logo\/image\/\",\"url\":\"https:\/\/files.sunoresearch.com.br\/n\/uploads\/2021\/09\/suno-logo.png\",\"contentUrl\":\"https:\/\/files.sunoresearch.com.br\/n\/uploads\/2021\/09\/suno-logo.png\",\"width\":180,\"height\":180,\"caption\":\"Suno Not\u00edcias\"},\"image\":{\"@id\":\"https:\/\/www.suno.com.br\/noticias\/#\/schema\/logo\/image\/\"},\"sameAs\":[\"https:\/\/facebook.com\/sunoresearch\",\"https:\/\/x.com\/sunoresearch\",\"https:\/\/www.instagram.com\/suno\",\"https:\/\/www.linkedin.com\/company\/suno-research\/\",\"https:\/\/www.youtube.com\/c\/sunoresearch\"]},{\"@type\":\"Person\",\"@id\":\"https:\/\/www.suno.com.br\/noticias\/#\/schema\/person\/7f4d362bf3518e76090143ae77bb49a5\",\"name\":\"Eduardo Vargas\",\"image\":{\"@type\":\"ImageObject\",\"inLanguage\":\"pt-BR\",\"@id\":\"https:\/\/www.suno.com.br\/noticias\/#\/schema\/person\/image\/\",\"url\":\"https:\/\/secure.gravatar.com\/avatar\/dac340933427a22924c9f99d1eb2e3f2?s=96&r=g\",\"contentUrl\":\"https:\/\/secure.gravatar.com\/avatar\/dac340933427a22924c9f99d1eb2e3f2?s=96&r=g\",\"caption\":\"Eduardo Vargas\"},\"description\":\"Jornalista formado pela UFSC, cobre macroeconomia, neg\u00f3cios e startups para o Suno Not\u00edcias, escrevendo principalmente not\u00edcias sobre o mercado financeiro e a bolsa de valores. No YouTube e no Instagram, \u00e9 respons\u00e1vel pela produ\u00e7\u00e3o de Reels e Shorts do Suno Not\u00edcias. Anteriormente, trabalhou cobrindo economia e cotidiano no ND+ e para o ND, maior jornal impresso de Santa Catarina. Cursou um semestre letivo de Estudos de M\u00eddia na Universidad de Buenos Aires.\",\"url\":\"https:\/\/www.suno.com.br\/noticias\/author\/eduardo-vargas\/\"}]}<\/script>\n<!-- \/ Yoast SEO plugin. -->","yoast_head_json":{"title":"Trump volta ao Twitter (TWTR34) ap\u00f3s enquete feita por Elon Musk","description":"Elon Musk promoveu uma enquete que votou majoritariamente pela volta de Trump \u00e0 rede social ap\u00f3s um banimento em janeiro de 2021. Confira!","robots":{"index":"index","follow":"follow","max-snippet":"max-snippet:-1","max-image-preview":"max-image-preview:large","max-video-preview":"max-video-preview:-1"},"canonical":"https:\/\/www.suno.com.br\/noticias\/trump-twitter-elon-musk\/","og_locale":"pt_BR","og_type":"article","og_title":"Trump volta ao Twitter (TWTR34) ap\u00f3s enquete feita por Elon Musk","og_description":"Elon Musk promoveu uma enquete que votou majoritariamente pela volta de Trump \u00e0 rede social ap\u00f3s um banimento em janeiro de 2021. Confira!","og_url":"https:\/\/www.suno.com.br\/noticias\/trump-twitter-elon-musk\/","og_site_name":"Suno Not\u00edcias","article_publisher":"https:\/\/facebook.com\/sunoresearch","og_image":[{"width":1920,"height":662,"url":"https:\/\/files.sunoresearch.com.br\/n\/uploads\/2022\/08\/trump-2546104_1920.jpg","type":"image\/jpeg"}],"author":"Eduardo Vargas","twitter_card":"summary_large_image","twitter_creator":"@sunoresearch","twitter_site":"@sunoresearch","twitter_misc":{"Escrito por":"Eduardo Vargas","Est. tempo de leitura":"3 minutos"},"schema":{"@context":"https:\/\/schema.org","@graph":[{"@type":"NewsArticle","@id":"https:\/\/www.suno.com.br\/noticias\/trump-twitter-elon-musk\/#article","isPartOf":{"@id":"https:\/\/www.suno.com.br\/noticias\/trump-twitter-elon-musk\/"},"author":{"name":"Eduardo Vargas","@id":"https:\/\/www.suno.com.br\/noticias\/#\/schema\/person\/7f4d362bf3518e76090143ae77bb49a5"},"headline":"Trump volta de banimento do Twitter (TWTR34) ap\u00f3s enquete feita por Elon Musk","datePublished":"2022-11-20T13:36:22+00:00","mainEntityOfPage":{"@id":"https:\/\/www.suno.com.br\/noticias\/trump-twitter-elon-musk\/"},"wordCount":489,"publisher":{"@id":"https:\/\/www.suno.com.br\/noticias\/#organization"},"image":{"@id":"https:\/\/www.suno.com.br\/noticias\/trump-twitter-elon-musk\/#primaryimage"},"thumbnailUrl":"https:\/\/files.sunoresearch.com.br\/n\/uploads\/2022\/08\/trump-2546104_1920.jpg","keywords":["Donald Trump","Elon Musk","Twitter (TWTR34)"],"articleSection":["Internacional"],"inLanguage":"pt-BR"},{"@type":"WebPage","@id":"https:\/\/www.suno.com.br\/noticias\/trump-twitter-elon-musk\/","url":"https:\/\/www.suno.com.br\/noticias\/trump-twitter-elon-musk\/","name":"Trump volta ao Twitter (TWTR34) ap\u00f3s enquete feita por Elon Musk","isPartOf":{"@id":"https:\/\/www.suno.com.br\/noticias\/#website"},"primaryImageOfPage":{"@id":"https:\/\/www.suno.com.br\/noticias\/trump-twitter-elon-musk\/#primaryimage"},"image":{"@id":"https:\/\/www.suno.com.br\/noticias\/trump-twitter-elon-musk\/#primaryimage"},"thumbnailUrl":"https:\/\/files.sunoresearch.com.br\/n\/uploads\/2022\/08\/trump-2546104_1920.jpg","datePublished":"2022-11-20T13:36:22+00:00","description":"Elon Musk promoveu uma enquete que votou majoritariamente pela volta de Trump \u00e0 rede social ap\u00f3s um banimento em janeiro de 2021. Confira!","breadcrumb":{"@id":"https:\/\/www.suno.com.br\/noticias\/trump-twitter-elon-musk\/#breadcrumb"},"inLanguage":"pt-BR","potentialAction":[{"@type":"ReadAction","target":["https:\/\/www.suno.com.br\/noticias\/trump-twitter-elon-musk\/"]}]},{"@type":"ImageObject","inLanguage":"pt-BR","@id":"https:\/\/www.suno.com.br\/noticias\/trump-twitter-elon-musk\/#primaryimage","url":"https:\/\/files.sunoresearch.com.br\/n\/uploads\/2022\/08\/trump-2546104_1920.jpg","contentUrl":"https:\/\/files.sunoresearch.com.br\/n\/uploads\/2022\/08\/trump-2546104_1920.jpg","width":1920,"height":662,"caption":"Donald Trump classificou busca como 'desnecess\u00e1ria' e citou que tem colaborado com as autoridades no \u00e2mbito das investiga\u00e7\u00f5es - Foto: Unsplash"},{"@type":"BreadcrumbList","@id":"https:\/\/www.suno.com.br\/noticias\/trump-twitter-elon-musk\/#breadcrumb","itemListElement":[{"@type":"ListItem","position":1,"name":"Not\u00edcias","item":"https:\/\/www.suno.com.br\/noticias\/"},{"@type":"ListItem","position":2,"name":"Internacional","item":"https:\/\/www.suno.com.br\/noticias\/internacional\/"},{"@type":"ListItem","position":3,"name":"Trump volta de banimento do Twitter (TWTR34) ap\u00f3s enquete feita por Elon Musk"}]},{"@type":"WebSite","@id":"https:\/\/www.suno.com.br\/noticias\/#website","url":"https:\/\/www.suno.com.br\/noticias\/","name":"Suno Not\u00edcias","description":"Seu portal de informa\u00e7\u00e3o sobre o mundo dos investimentos","publisher":{"@id":"https:\/\/www.suno.com.br\/noticias\/#organization"},"potentialAction":[{"@type":"SearchAction","target":{"@type":"EntryPoint","urlTemplate":"https:\/\/www.suno.com.br\/noticias\/?s={search_term_string}"},"query-input":{"@type":"PropertyValueSpecification","valueRequired":true,"valueName":"search_term_string"}}],"inLanguage":"pt-BR"},{"@type":"Organization","@id":"https:\/\/www.suno.com.br\/noticias\/#organization","name":"Suno Not\u00edcias","url":"https:\/\/www.suno.com.br\/noticias\/","logo":{"@type":"ImageObject","inLanguage":"pt-BR","@id":"https:\/\/www.suno.com.br\/noticias\/#\/schema\/logo\/image\/","url":"https:\/\/files.sunoresearch.com.br\/n\/uploads\/2021\/09\/suno-logo.png","contentUrl":"https:\/\/files.sunoresearch.com.br\/n\/uploads\/2021\/09\/suno-logo.png","width":180,"height":180,"caption":"Suno Not\u00edcias"},"image":{"@id":"https:\/\/www.suno.com.br\/noticias\/#\/schema\/logo\/image\/"},"sameAs":["https:\/\/facebook.com\/sunoresearch","https:\/\/x.com\/sunoresearch","https:\/\/www.instagram.com\/suno","https:\/\/www.linkedin.com\/company\/suno-research\/","https:\/\/www.youtube.com\/c\/sunoresearch"]},{"@type":"Person","@id":"https:\/\/www.suno.com.br\/noticias\/#\/schema\/person\/7f4d362bf3518e76090143ae77bb49a5","name":"Eduardo Vargas","image":{"@type":"ImageObject","inLanguage":"pt-BR","@id":"https:\/\/www.suno.com.br\/noticias\/#\/schema\/person\/image\/","url":"https:\/\/secure.gravatar.com\/avatar\/dac340933427a22924c9f99d1eb2e3f2?s=96&r=g","contentUrl":"https:\/\/secure.gravatar.com\/avatar\/dac340933427a22924c9f99d1eb2e3f2?s=96&r=g","caption":"Eduardo Vargas"},"description":"Jornalista formado pela UFSC, cobre macroeconomia, neg\u00f3cios e startups para o Suno Not\u00edcias, escrevendo principalmente not\u00edcias sobre o mercado financeiro e a bolsa de valores. No YouTube e no Instagram, \u00e9 respons\u00e1vel pela produ\u00e7\u00e3o de Reels e Shorts do Suno Not\u00edcias. Anteriormente, trabalhou cobrindo economia e cotidiano no ND+ e para o ND, maior jornal impresso de Santa Catarina. Cursou um semestre letivo de Estudos de M\u00eddia na Universidad de Buenos Aires.","url":"https:\/\/www.suno.com.br\/noticias\/author\/eduardo-vargas\/"}]}},"default_loop_html":"<div class=\"cardsPage__listCard__boxs\"><div class=\"cardsPage__listCard__boxs__img\"><a href=\"https:\/\/www.suno.com.br\/noticias\/twitter-twtr34-acoes-compra-elon-musk\/\"><img class=\"mask\" src=\"https:\/\/www.suno.com.br\/noticias\/wp-content\/themes\/suno\/resources\/images\/spotlight\/spotlight1img\/bg-mask.png\" alt=\"Image Mask\"\/><img src=\"https:\/\/files.sunoresearch.com.br\/n\/uploads\/2021\/01\/49697712-musk-400x200.webp\" alt=\"A\u00e7\u00f5es do Twitter (TWTR34) s\u00e3o suspensas ap\u00f3s compra da rede por Elon Musk\"\/><\/a><span class=\"spotlightCategory\"><a href=\"https:\/\/www.suno.com.br\/noticias\/negocios\/\">Neg\u00f3cios<\/a><\/span><\/div><div class=\"cardsPage__listCard__boxs__content\"><a href=\"https:\/\/www.suno.com.br\/noticias\/twitter-twtr34-acoes-compra-elon-musk\/\"><h2 class=\"content__title\">A\u00e7\u00f5es do Twitter (TWTR34) s\u00e3o suspensas ap\u00f3s compra da rede por Elon Musk<\/h2><\/a><div class=\"newsContent__article__meta\"><div class=\"newsContent__article__meta__authorBox\"><a href=\"https:\/\/www.suno.com.br\/noticias\/author\/eduardo-vargas\/\" class=\"authorBox__avatar noMobi\"><img src=\"https:\/\/secure.gravatar.com\/avatar\/dac340933427a22924c9f99d1eb2e3f2?s=96&#038;r=g\" alt=\"Eduardo Vargas\"><\/a><div class=\"authorBox__name\"><span>por\n\t\t\t<a href=\"https:\/\/www.suno.com.br\/noticias\/author\/eduardo-vargas\/\"><span itemprop=\"author\">Eduardo Vargas<\/span><\/a><\/span><time datetime=\"2022-10-28T15:40:43-03:00\" itemprop=\"datePublished\">28\/10\/2022 15:40<\/time><\/div><\/div><\/div><\/div><\/div>","single_layout":"posts","amp_enabled":true,"_links":{"self":[{"href":"https:\/\/www.suno.com.br\/noticias\/wp-json\/wp\/v2\/posts\/320467"}],"collection":[{"href":"https:\/\/www.suno.com.br\/noticias\/wp-json\/wp\/v2\/posts"}],"about":[{"href":"https:\/\/www.suno.com.br\/noticias\/wp-json\/wp\/v2\/types\/post"}],"author":[{"embeddable":true,"href":"https:\/\/www.suno.com.br\/noticias\/wp-json\/wp\/v2\/users\/73"}],"replies":[{"embeddable":true,"href":"https:\/\/www.suno.com.br\/noticias\/wp-json\/wp\/v2\/comments?post=320467"}],"version-history":[{"count":1,"href":"https:\/\/www.suno.com.br\/noticias\/wp-json\/wp\/v2\/posts\/320467\/revisions"}],"predecessor-version":[{"id":320468,"href":"https:\/\/www.suno.com.br\/noticias\/wp-json\/wp\/v2\/posts\/320467\/revisions\/320468"}],"wp:featuredmedia":[{"embeddable":true,"href":"https:\/\/www.suno.com.br\/noticias\/wp-json\/wp\/v2\/media\/282965"}],"wp:attachment":[{"href":"https:\/\/www.suno.com.br\/noticias\/wp-json\/wp\/v2\/media?parent=320467"}],"wp:term":[{"taxonomy":"category","embeddable":true,"href":"https:\/\/www.suno.com.br\/noticias\/wp-json\/wp\/v2\/categories?post=320467"},{"taxonomy":"post_tag","embeddable":true,"href":"https:\/\/www.suno.com.br\/noticias\/wp-json\/wp\/v2\/tags?post=320467"},{"taxonomy":"suno_strategy","embeddable":true,"href":"https:\/\/www.suno.com.br\/noticias\/wp-json\/wp\/v2\/suno_strategy?post=320467"}],"curies":[{"name":"wp","href":"https:\/\/api.w.org\/{rel}","templated":true}]}}