{"id":320263,"date":"2022-11-18T21:01:32","date_gmt":"2022-11-19T00:01:32","guid":{"rendered":"https:\/\/www.suno.com.br\/noticias\/?p=320263"},"modified":"2022-11-18T21:01:32","modified_gmt":"2022-11-19T00:01:32","slug":"rali-minerio-ferro-perspectiva-setor","status":"publish","type":"post","link":"https:\/\/www.suno.com.br\/noticias\/rali-minerio-ferro-perspectiva-setor\/","title":{"rendered":"Rali do min\u00e9rio de ferro: banco tem perspectiva menos otimista para empresas do setor; veja por qu\u00ea"},"content":{"rendered":"<p>Em novembro, as a\u00e7\u00f5es de <strong>sider\u00fargicas<\/strong> e da <strong>Vale<\/strong> (VALE3) registram forte valoriza\u00e7\u00e3o. Esses ativos seguem em um cen\u00e1rio favor\u00e1vel com as altas do <strong>min\u00e9rio de ferro<\/strong>, ap\u00f3s o \u201csell-off\u201d do m\u00eas anterior. Mas, de acordo com analistas do Goldman Sachs, essa tend\u00eancia pode ser revertida no curto ou m\u00e9dio prazo.<\/p><div class=\"videoFull \">\n\t\t\t<div class=\"videoWrapper yt-lazyload center\"\n\t\t\t\tdata-width=\"960\"\n\t\t\t\tdata-height=\"540\"\n\t\t\t\tdata-id=\"CidZ-N_J19k\"\n\t\t\t\tdata-alt=\"V\u00eddeo do YouTube - clique para reproduzir\"\n\t\t\t\tdata-logo=\"3\"\n\t\t\t\tdata-imagequality=\"maxres\">\n\t\t\t<\/div>\n\t\t<\/div><script type=\"application\/ld+json\">{\"@context\":\"https:\/\/schema.org\",\"@type\":\"VideoObject\",\"name\":\"VALE3: AINDA VALE A PENA?\",\"description\":\"\ud83c\udfaf [\ud835\uddf2\ud835\uddd5\ud835\uddfc\ud835\uddfc\ud835\uddf8 \ud835\uddda\ud835\uddff\ud835\uddee\ud835\ude01\ud835\ude02\ud835\uddf6\ud835\ude01\ud835\uddfc] \ud835\uddd4\ud835\uddfd\ud835\uddff\ud835\uddf2\ud835\uddfb\ud835\uddf1\ud835\uddee \ud835\uddf0\ud835\uddfc\ud835\uddfa\ud835\uddfc \ud835\uddee\ud835\uddfb\ud835\uddee\ud835\uddf9\ud835\uddf6\ud835\ude00\ud835\uddee\ud835\uddff \ud835\ude02\ud835\uddfa\ud835\uddee \ud835\uddee\u00e7\u00e3\ud835\uddfc\u200b \ud83d\udc49 https:\/\/lp.suno.com.br\/ebook-como-analisar-uma-acao\/?utm_source=youtube.suno&utm_medium=video&utm_campaign=ebookcomoanalisarumaacao.20221114&utm_content=suno.tiago.vale3.20221114 \u2b50 [\ud835\uddd5\ud835\udddf\ud835\uddd4\ud835\uddd6\ud835\uddde \ud835\uddd9\ud835\udde5\ud835\udddc\ud835\uddd7\ud835\uddd4\ud835\uddec \ud835\udde6\ud835\udde8\ud835\udde1\ud835\udde2] \ud835\udfef \ud835\uddee\ud835\uddfb\ud835\uddfc\ud835\ude00 \ud835\uddfd\ud835\uddf2\ud835\uddf9\ud835\uddfc \ud835\uddfd\ud835\uddff\ud835\uddf2\u00e7\ud835\uddfc \ud835\uddf1\ud835\uddf2 \ud835\udfee #\ud835\uddd4\ud835\udde6\ud835\ude02\ud835\uddee\ud835\uddd6\ud835\uddfc\ud835\uddfb\ud835\uddfe\ud835\ude02\ud835\uddf6\ud835\ude00\ud835\ude01\ud835\uddee \ud83d\udc49 https:\/\/lp.suno.com.br\/pv\/black-friday-suno\/?utm_source=youtube.suno&utm_medium=video&utm_campaign=RS.BKF22.ns.20221114&utm_content=suno.tiago.vale3.20221114 VALE3: AINDA VALE A PENA? #VALE3 #Vale #Dividendos #a\u00e7\u00f5es #bolsadevalores A Vale (Vale S\/A) \u00e9 uma mineradora brasileira, constitu\u00edda como sociedade an\u00f4nima de capital aberto e negociada na B3 sob o c\u00f3digo\u2026\",\"duration\":\"PT14M2S\",\"embedUrl\":\"https:\/\/www.youtube.com\/embed\/CidZ-N_J19k\",\"regionsAllowed\":\"pt-BR\",\"interactionStatistic\":{\"@type\":\"InteractionCounter\",\"interactionType\":{\"@type\":\"WatchAction\"},\"userInteractionCount\":10646},\"thumbnailUrl\":\"https:\/\/i.ytimg.com\/vi\/CidZ-N_J19k\/default.jpg\",\"uploadDate\":\"2022-11-14T16:30:01Z\"}<\/script>\n\n\t<p>\n\t\t<a href=\"https:\/\/lp.suno.com.br\/planilha-controle-gastos\/\" target=\"_blank\" data-element=\"shortcode-suno-banner\" title=\"Banner SUNO, clique e saiba mais\">\n\t\t\t<picture>\n\t\t\t\t<source media=\"(max-width: 500px)\" srcset=\"https:\/\/files.sunoresearch.com.br\/n\/uploads\/2023\/03\/400x300-Planilha-controle-de-gastos.png\">\n\t\t\t\t<img class=\"newsContent__article__imgCapa newsContent__article__imgCapa--banner\"\n\t\t\t\t\tsrc=\"https:\/\/files.sunoresearch.com.br\/n\/uploads\/2023\/03\/1420x240-Planilha-controle-de-gastos.png\"\n\t\t\t\t\tdata-promo-id=\"311945\"\t\t\t\t\t\t\t\t\t\twidth='1420' height='240'\t\t\t\t\talt=\"https:\/\/files.sunoresearch.com.br\/n\/uploads\/2023\/03\/1420x240-Planilha-controle-de-gastos.png\"\n\t\t\t\t>\n\t\t\t<\/picture>\n\t\t<\/a>\n\t<\/p>\n\n\n<p>Nas duas \u00faltimas semanas, entre as <strong>a\u00e7\u00f5es do setor de min\u00e9rio<\/strong> na Am\u00e9rica Latina de cobertura do Goldman Sachs, foi observado um crescimento de 18%. No mesmo per\u00edodo, o cobre aumentou 11%, e o min\u00e9rio elevou 23%.<\/p>\n<p>Segundo os analistas da institui\u00e7\u00e3o, esse melhor resultado ligado ao setor de min\u00e9rio foi desencadeado, inicialmente, por um ritmo mais claro de abertura comunicado pela <strong>China<\/strong> \u2014 e alimentado, depois, pelas 16 medidas informadas pelo pa\u00eds como forma de estabilizar o setor mobili\u00e1rio.<\/p>\n<p>Apesar disso, depois de conversar com investidores do segmento, o banco informa que o rali foi puxado, especialmente, pela cobertura de provis\u00f5es vendidas e investidores ajustando suas posi\u00e7\u00f5es recentes bastante reduzidas em commodities e materiais b\u00e1sicos.<\/p>\n\t<p>\n\t\t<a href=\"https:\/\/lp.suno.com.br\/ebook-como-analisar-uma-acao\/\" target=\"_blank\" data-element=\"shortcode-suno-banner\" title=\"Banner SUNO, clique e saiba mais\">\n\t\t\t<picture>\n\t\t\t\t<source media=\"(max-width: 500px)\" srcset=\"https:\/\/files.sunoresearch.com.br\/n\/uploads\/2023\/03\/Ebook-Acoes-Mobile.jpg\">\n\t\t\t\t<img class=\"newsContent__article__imgCapa newsContent__article__imgCapa--banner\"\n\t\t\t\t\tsrc=\"https:\/\/files.sunoresearch.com.br\/n\/uploads\/2023\/03\/Ebook-Acoes-Desktop.jpg\"\n\t\t\t\t\tdata-promo-id=\"311946\"\t\t\t\t\t\t\t\t\t\twidth='1420' height='286'\t\t\t\t\talt=\"https:\/\/files.sunoresearch.com.br\/n\/uploads\/2023\/03\/Ebook-Acoes-Desktop.jpg\"\n\t\t\t\t>\n\t\t\t<\/picture>\n\t\t<\/a>\n\t<\/p>\n\n\n<h2>Perspectiva sobre o rali do min\u00e9rio de ferro<\/h2>\n<p>O Goldman Sachs considera que o movimento parece exagerado. Os estrategistas lembram que os investidores v\u00eam procurando analisar se continuar\u00e3o no rali do min\u00e9rio de ferro para incrementar \u201csmart money&#8221; ou acessar os lucros.<\/p>\n<p>As verifica\u00e7\u00f5es recentes dos analistas sugerem que continua fraca a<strong> demanda por min\u00e9rio de ferro<\/strong> e a\u00e7o. Eles comentam que s\u00e3o negativas as margens das sider\u00fargicas \u2014 e podem continuar os cortes na produ\u00e7\u00e3o de a\u00e7o.<\/p>\n<p>Diante disso, o banco ressalta o risco de n\u00e3o ser sustent\u00e1vel o rali e que os investidores podem se decepcionar com indicadores macroecon\u00f4micos nos meses futuros, a n\u00e3o ser que os notici\u00e1rios favor\u00e1veis sigam apoiando o sentimento e os altos valores do min\u00e9rio de ferro.<\/p>\n<h2>A\u00e7\u00f5es da CSN Minera\u00e7\u00e3o (CMIN3) e da Vale sobem mais de 20% no m\u00eas<\/h2>\n<p>Em novembro, as a\u00e7\u00f5es da CSN Minera\u00e7\u00e3o e da Vale registram aumento consider\u00e1vel na bolsa de valores brasileira.<\/p>\n<p>At\u00e9 o preg\u00e3o desta sexta-feira (18), as a\u00e7\u00f5es da exportadora de <strong>min\u00e9rio de ferro<\/strong> CSN Minera\u00e7\u00e3o, sobem cerca de 23%. J\u00e1 as a\u00e7\u00f5es da mineradora Vale apresentam crescimento aproximado de 20%.<\/p>\n\t<p>\n\t\t<a href=\"https:\/\/lp.suno.com.br\/ebook-investindo-em-fiis\/\" target=\"_blank\" data-element=\"shortcode-suno-banner\" title=\"Banner SUNO, clique e saiba mais\">\n\t\t\t<picture>\n\t\t\t\t<source media=\"(max-width: 500px)\" srcset=\"https:\/\/files.sunoresearch.com.br\/n\/uploads\/2023\/03\/Ebook-Fundos-Imobiliarios-Mobile-1.jpg\">\n\t\t\t\t<img class=\"newsContent__article__imgCapa newsContent__article__imgCapa--banner\"\n\t\t\t\t\tsrc=\"https:\/\/files.sunoresearch.com.br\/n\/uploads\/2023\/03\/Ebook-Fundos-Imobiliarios-Desktop-1.jpg\"\n\t\t\t\t\tdata-promo-id=\"313843\"\t\t\t\t\t\t\t\t\t\twidth='1420' height='286'\t\t\t\t\talt=\"https:\/\/files.sunoresearch.com.br\/n\/uploads\/2023\/03\/Ebook-Fundos-Imobiliarios-Desktop-1.jpg\"\n\t\t\t\t>\n\t\t\t<\/picture>\n\t\t<\/a>\n\t<\/p>\n\n\n","protected":false},"excerpt":{"rendered":"<p>Em novembro, as a\u00e7\u00f5es de sider\u00fargicas e da Vale (VALE3) registram forte valoriza\u00e7\u00e3o. Esses ativos seguem em um cen\u00e1rio favor\u00e1vel com as altas do min\u00e9rio de ferro, ap\u00f3s o \u201csell-off\u201d do m\u00eas anterior. Mas, de acordo com analistas do Goldman Sachs, essa tend\u00eancia pode ser revertida no curto ou m\u00e9dio prazo. Nas duas \u00faltimas semanas, [&hellip;]<\/p>\n","protected":false},"author":224,"featured_media":230678,"comment_status":"closed","ping_status":"closed","sticky":false,"template":"","format":"standard","meta":[],"categories":[64],"tags":[104899,105816,676],"suno_strategy":[],"class_list":["post-320263","post","type-post","status-publish","format-standard","has-post-thumbnail","hentry","category-negocios","tag-csn-mineracao-cmin3","tag-especialistas","tag-vale-vale3"],"yoast_head":"<!-- This site is optimized with the Yoast SEO plugin v24.4 - https:\/\/yoast.com\/wordpress\/plugins\/seo\/ -->\n<title>Min\u00e9rio de ferro: banco tem perspectiva menos otimista para o setor<\/title>\n<meta name=\"description\" content=\"Em novembro, a\u00e7\u00f5es de sider\u00fargicas e da Vale dispararam. Esses ativos seguem o cen\u00e1rio favor\u00e1vel para o min\u00e9rio. Mas isso pode mudar.\" \/>\n<meta name=\"robots\" content=\"index, follow, max-snippet:-1, max-image-preview:large, max-video-preview:-1\" \/>\n<link rel=\"canonical\" href=\"https:\/\/www.suno.com.br\/noticias\/rali-minerio-ferro-perspectiva-setor\/\" \/>\n<meta property=\"og:locale\" content=\"pt_BR\" \/>\n<meta property=\"og:type\" content=\"article\" \/>\n<meta property=\"og:title\" content=\"Min\u00e9rio de ferro: banco tem perspectiva menos otimista para o setor\" \/>\n<meta property=\"og:description\" content=\"Em novembro, a\u00e7\u00f5es de sider\u00fargicas e da Vale dispararam. Esses ativos seguem o cen\u00e1rio favor\u00e1vel para o min\u00e9rio. Mas isso pode mudar.\" \/>\n<meta property=\"og:url\" content=\"https:\/\/www.suno.com.br\/noticias\/rali-minerio-ferro-perspectiva-setor\/\" \/>\n<meta property=\"og:site_name\" content=\"Suno Not\u00edcias\" \/>\n<meta property=\"article:publisher\" content=\"https:\/\/facebook.com\/sunoresearch\" \/>\n<meta property=\"og:image\" content=\"https:\/\/files.sunoresearch.com.br\/n\/uploads\/2022\/02\/Complexo-S11D-2-scaled.jpg\" \/>\n\t<meta property=\"og:image:width\" content=\"2560\" \/>\n\t<meta property=\"og:image:height\" content=\"1707\" \/>\n\t<meta property=\"og:image:type\" content=\"image\/jpeg\" \/>\n<meta name=\"author\" content=\"Silvio Suehiro\" \/>\n<meta name=\"twitter:card\" content=\"summary_large_image\" \/>\n<meta name=\"twitter:creator\" content=\"@sunoresearch\" \/>\n<meta name=\"twitter:site\" content=\"@sunoresearch\" \/>\n<meta name=\"twitter:label1\" content=\"Escrito por\" \/>\n\t<meta name=\"twitter:data1\" content=\"Silvio Suehiro\" \/>\n\t<meta name=\"twitter:label2\" content=\"Est. tempo de leitura\" \/>\n\t<meta name=\"twitter:data2\" content=\"2 minutos\" \/>\n<script type=\"application\/ld+json\" class=\"yoast-schema-graph\">{\"@context\":\"https:\/\/schema.org\",\"@graph\":[{\"@type\":\"NewsArticle\",\"@id\":\"https:\/\/www.suno.com.br\/noticias\/rali-minerio-ferro-perspectiva-setor\/#article\",\"isPartOf\":{\"@id\":\"https:\/\/www.suno.com.br\/noticias\/rali-minerio-ferro-perspectiva-setor\/\"},\"author\":{\"name\":\"Silvio Suehiro\",\"@id\":\"https:\/\/www.suno.com.br\/noticias\/#\/schema\/person\/c94f387eeb0598ad381eac3e47a8686c\"},\"headline\":\"Rali do min\u00e9rio de ferro: banco tem perspectiva menos otimista para empresas do setor; veja por qu\u00ea\",\"datePublished\":\"2022-11-19T00:01:32+00:00\",\"mainEntityOfPage\":{\"@id\":\"https:\/\/www.suno.com.br\/noticias\/rali-minerio-ferro-perspectiva-setor\/\"},\"wordCount\":421,\"publisher\":{\"@id\":\"https:\/\/www.suno.com.br\/noticias\/#organization\"},\"image\":{\"@id\":\"https:\/\/www.suno.com.br\/noticias\/rali-minerio-ferro-perspectiva-setor\/#primaryimage\"},\"thumbnailUrl\":\"https:\/\/files.sunoresearch.com.br\/n\/uploads\/2022\/02\/Complexo-S11D-2-scaled.jpg\",\"keywords\":[\"CSN Minera\u00e7\u00e3o (CMIN3)\",\"Especialistas\",\"Vale (VALE3)\"],\"articleSection\":[\"Neg\u00f3cios\"],\"inLanguage\":\"pt-BR\"},{\"@type\":\"WebPage\",\"@id\":\"https:\/\/www.suno.com.br\/noticias\/rali-minerio-ferro-perspectiva-setor\/\",\"url\":\"https:\/\/www.suno.com.br\/noticias\/rali-minerio-ferro-perspectiva-setor\/\",\"name\":\"Min\u00e9rio de ferro: banco tem perspectiva menos otimista para o setor\",\"isPartOf\":{\"@id\":\"https:\/\/www.suno.com.br\/noticias\/#website\"},\"primaryImageOfPage\":{\"@id\":\"https:\/\/www.suno.com.br\/noticias\/rali-minerio-ferro-perspectiva-setor\/#primaryimage\"},\"image\":{\"@id\":\"https:\/\/www.suno.com.br\/noticias\/rali-minerio-ferro-perspectiva-setor\/#primaryimage\"},\"thumbnailUrl\":\"https:\/\/files.sunoresearch.com.br\/n\/uploads\/2022\/02\/Complexo-S11D-2-scaled.jpg\",\"datePublished\":\"2022-11-19T00:01:32+00:00\",\"description\":\"Em novembro, a\u00e7\u00f5es de sider\u00fargicas e da Vale dispararam. Esses ativos seguem o cen\u00e1rio favor\u00e1vel para o min\u00e9rio. Mas isso pode mudar.\",\"breadcrumb\":{\"@id\":\"https:\/\/www.suno.com.br\/noticias\/rali-minerio-ferro-perspectiva-setor\/#breadcrumb\"},\"inLanguage\":\"pt-BR\",\"potentialAction\":[{\"@type\":\"ReadAction\",\"target\":[\"https:\/\/www.suno.com.br\/noticias\/rali-minerio-ferro-perspectiva-setor\/\"]}]},{\"@type\":\"ImageObject\",\"inLanguage\":\"pt-BR\",\"@id\":\"https:\/\/www.suno.com.br\/noticias\/rali-minerio-ferro-perspectiva-setor\/#primaryimage\",\"url\":\"https:\/\/files.sunoresearch.com.br\/n\/uploads\/2022\/02\/Complexo-S11D-2-scaled.jpg\",\"contentUrl\":\"https:\/\/files.sunoresearch.com.br\/n\/uploads\/2022\/02\/Complexo-S11D-2-scaled.jpg\",\"width\":2560,\"height\":1707,\"caption\":\"Vale. Foto: Divulga\u00e7\u00e3o\/Vale\"},{\"@type\":\"BreadcrumbList\",\"@id\":\"https:\/\/www.suno.com.br\/noticias\/rali-minerio-ferro-perspectiva-setor\/#breadcrumb\",\"itemListElement\":[{\"@type\":\"ListItem\",\"position\":1,\"name\":\"Not\u00edcias\",\"item\":\"https:\/\/www.suno.com.br\/noticias\/\"},{\"@type\":\"ListItem\",\"position\":2,\"name\":\"Neg\u00f3cios\",\"item\":\"https:\/\/www.suno.com.br\/noticias\/negocios\/\"},{\"@type\":\"ListItem\",\"position\":3,\"name\":\"Rali do min\u00e9rio de ferro: banco tem perspectiva menos otimista para empresas do setor; veja por qu\u00ea\"}]},{\"@type\":\"WebSite\",\"@id\":\"https:\/\/www.suno.com.br\/noticias\/#website\",\"url\":\"https:\/\/www.suno.com.br\/noticias\/\",\"name\":\"Suno Not\u00edcias\",\"description\":\"Seu portal de informa\u00e7\u00e3o sobre o mundo dos investimentos\",\"publisher\":{\"@id\":\"https:\/\/www.suno.com.br\/noticias\/#organization\"},\"potentialAction\":[{\"@type\":\"SearchAction\",\"target\":{\"@type\":\"EntryPoint\",\"urlTemplate\":\"https:\/\/www.suno.com.br\/noticias\/?s={search_term_string}\"},\"query-input\":{\"@type\":\"PropertyValueSpecification\",\"valueRequired\":true,\"valueName\":\"search_term_string\"}}],\"inLanguage\":\"pt-BR\"},{\"@type\":\"Organization\",\"@id\":\"https:\/\/www.suno.com.br\/noticias\/#organization\",\"name\":\"Suno Not\u00edcias\",\"url\":\"https:\/\/www.suno.com.br\/noticias\/\",\"logo\":{\"@type\":\"ImageObject\",\"inLanguage\":\"pt-BR\",\"@id\":\"https:\/\/www.suno.com.br\/noticias\/#\/schema\/logo\/image\/\",\"url\":\"https:\/\/files.sunoresearch.com.br\/n\/uploads\/2021\/09\/suno-logo.png\",\"contentUrl\":\"https:\/\/files.sunoresearch.com.br\/n\/uploads\/2021\/09\/suno-logo.png\",\"width\":180,\"height\":180,\"caption\":\"Suno Not\u00edcias\"},\"image\":{\"@id\":\"https:\/\/www.suno.com.br\/noticias\/#\/schema\/logo\/image\/\"},\"sameAs\":[\"https:\/\/facebook.com\/sunoresearch\",\"https:\/\/x.com\/sunoresearch\",\"https:\/\/www.instagram.com\/suno\",\"https:\/\/www.linkedin.com\/company\/suno-research\/\",\"https:\/\/www.youtube.com\/c\/sunoresearch\"]},{\"@type\":\"Person\",\"@id\":\"https:\/\/www.suno.com.br\/noticias\/#\/schema\/person\/c94f387eeb0598ad381eac3e47a8686c\",\"name\":\"Silvio Suehiro\",\"image\":{\"@type\":\"ImageObject\",\"inLanguage\":\"pt-BR\",\"@id\":\"https:\/\/www.suno.com.br\/noticias\/#\/schema\/person\/image\/\",\"url\":\"https:\/\/secure.gravatar.com\/avatar\/06585eb21140975c6be6bb79a07edac1?s=96&r=g\",\"contentUrl\":\"https:\/\/secure.gravatar.com\/avatar\/06585eb21140975c6be6bb79a07edac1?s=96&r=g\",\"caption\":\"Silvio Suehiro\"},\"description\":\"Redator freelancer, com experi\u00eancia na produ\u00e7\u00e3o de not\u00edcias e artigos para as \u00e1reas de economia, finan\u00e7as e investimentos. Graduado em Comunica\u00e7\u00e3o Social - Jornalismo pela Universidade de Mogi das Cruzes (UMC), e p\u00f3s-graduado em Produ\u00e7\u00e3o Audiovisual Multiplataforma pela Universidade Anhembi Morumbi (UAM).\",\"url\":\"https:\/\/www.suno.com.br\/noticias\/author\/silvio-suehiro\/\"}]}<\/script>\n<!-- \/ Yoast SEO plugin. -->","yoast_head_json":{"title":"Min\u00e9rio de ferro: banco tem perspectiva menos otimista para o setor","description":"Em novembro, a\u00e7\u00f5es de sider\u00fargicas e da Vale dispararam. Esses ativos seguem o cen\u00e1rio favor\u00e1vel para o min\u00e9rio. Mas isso pode mudar.","robots":{"index":"index","follow":"follow","max-snippet":"max-snippet:-1","max-image-preview":"max-image-preview:large","max-video-preview":"max-video-preview:-1"},"canonical":"https:\/\/www.suno.com.br\/noticias\/rali-minerio-ferro-perspectiva-setor\/","og_locale":"pt_BR","og_type":"article","og_title":"Min\u00e9rio de ferro: banco tem perspectiva menos otimista para o setor","og_description":"Em novembro, a\u00e7\u00f5es de sider\u00fargicas e da Vale dispararam. Esses ativos seguem o cen\u00e1rio favor\u00e1vel para o min\u00e9rio. Mas isso pode mudar.","og_url":"https:\/\/www.suno.com.br\/noticias\/rali-minerio-ferro-perspectiva-setor\/","og_site_name":"Suno Not\u00edcias","article_publisher":"https:\/\/facebook.com\/sunoresearch","og_image":[{"width":2560,"height":1707,"url":"https:\/\/files.sunoresearch.com.br\/n\/uploads\/2022\/02\/Complexo-S11D-2-scaled.jpg","type":"image\/jpeg"}],"author":"Silvio Suehiro","twitter_card":"summary_large_image","twitter_creator":"@sunoresearch","twitter_site":"@sunoresearch","twitter_misc":{"Escrito por":"Silvio Suehiro","Est. tempo de leitura":"2 minutos"},"schema":{"@context":"https:\/\/schema.org","@graph":[{"@type":"NewsArticle","@id":"https:\/\/www.suno.com.br\/noticias\/rali-minerio-ferro-perspectiva-setor\/#article","isPartOf":{"@id":"https:\/\/www.suno.com.br\/noticias\/rali-minerio-ferro-perspectiva-setor\/"},"author":{"name":"Silvio Suehiro","@id":"https:\/\/www.suno.com.br\/noticias\/#\/schema\/person\/c94f387eeb0598ad381eac3e47a8686c"},"headline":"Rali do min\u00e9rio de ferro: banco tem perspectiva menos otimista para empresas do setor; veja por qu\u00ea","datePublished":"2022-11-19T00:01:32+00:00","mainEntityOfPage":{"@id":"https:\/\/www.suno.com.br\/noticias\/rali-minerio-ferro-perspectiva-setor\/"},"wordCount":421,"publisher":{"@id":"https:\/\/www.suno.com.br\/noticias\/#organization"},"image":{"@id":"https:\/\/www.suno.com.br\/noticias\/rali-minerio-ferro-perspectiva-setor\/#primaryimage"},"thumbnailUrl":"https:\/\/files.sunoresearch.com.br\/n\/uploads\/2022\/02\/Complexo-S11D-2-scaled.jpg","keywords":["CSN Minera\u00e7\u00e3o (CMIN3)","Especialistas","Vale (VALE3)"],"articleSection":["Neg\u00f3cios"],"inLanguage":"pt-BR"},{"@type":"WebPage","@id":"https:\/\/www.suno.com.br\/noticias\/rali-minerio-ferro-perspectiva-setor\/","url":"https:\/\/www.suno.com.br\/noticias\/rali-minerio-ferro-perspectiva-setor\/","name":"Min\u00e9rio de ferro: banco tem perspectiva menos otimista para o setor","isPartOf":{"@id":"https:\/\/www.suno.com.br\/noticias\/#website"},"primaryImageOfPage":{"@id":"https:\/\/www.suno.com.br\/noticias\/rali-minerio-ferro-perspectiva-setor\/#primaryimage"},"image":{"@id":"https:\/\/www.suno.com.br\/noticias\/rali-minerio-ferro-perspectiva-setor\/#primaryimage"},"thumbnailUrl":"https:\/\/files.sunoresearch.com.br\/n\/uploads\/2022\/02\/Complexo-S11D-2-scaled.jpg","datePublished":"2022-11-19T00:01:32+00:00","description":"Em novembro, a\u00e7\u00f5es de sider\u00fargicas e da Vale dispararam. Esses ativos seguem o cen\u00e1rio favor\u00e1vel para o min\u00e9rio. Mas isso pode mudar.","breadcrumb":{"@id":"https:\/\/www.suno.com.br\/noticias\/rali-minerio-ferro-perspectiva-setor\/#breadcrumb"},"inLanguage":"pt-BR","potentialAction":[{"@type":"ReadAction","target":["https:\/\/www.suno.com.br\/noticias\/rali-minerio-ferro-perspectiva-setor\/"]}]},{"@type":"ImageObject","inLanguage":"pt-BR","@id":"https:\/\/www.suno.com.br\/noticias\/rali-minerio-ferro-perspectiva-setor\/#primaryimage","url":"https:\/\/files.sunoresearch.com.br\/n\/uploads\/2022\/02\/Complexo-S11D-2-scaled.jpg","contentUrl":"https:\/\/files.sunoresearch.com.br\/n\/uploads\/2022\/02\/Complexo-S11D-2-scaled.jpg","width":2560,"height":1707,"caption":"Vale. Foto: Divulga\u00e7\u00e3o\/Vale"},{"@type":"BreadcrumbList","@id":"https:\/\/www.suno.com.br\/noticias\/rali-minerio-ferro-perspectiva-setor\/#breadcrumb","itemListElement":[{"@type":"ListItem","position":1,"name":"Not\u00edcias","item":"https:\/\/www.suno.com.br\/noticias\/"},{"@type":"ListItem","position":2,"name":"Neg\u00f3cios","item":"https:\/\/www.suno.com.br\/noticias\/negocios\/"},{"@type":"ListItem","position":3,"name":"Rali do min\u00e9rio de ferro: banco tem perspectiva menos otimista para empresas do setor; veja por qu\u00ea"}]},{"@type":"WebSite","@id":"https:\/\/www.suno.com.br\/noticias\/#website","url":"https:\/\/www.suno.com.br\/noticias\/","name":"Suno Not\u00edcias","description":"Seu portal de informa\u00e7\u00e3o sobre o mundo dos investimentos","publisher":{"@id":"https:\/\/www.suno.com.br\/noticias\/#organization"},"potentialAction":[{"@type":"SearchAction","target":{"@type":"EntryPoint","urlTemplate":"https:\/\/www.suno.com.br\/noticias\/?s={search_term_string}"},"query-input":{"@type":"PropertyValueSpecification","valueRequired":true,"valueName":"search_term_string"}}],"inLanguage":"pt-BR"},{"@type":"Organization","@id":"https:\/\/www.suno.com.br\/noticias\/#organization","name":"Suno Not\u00edcias","url":"https:\/\/www.suno.com.br\/noticias\/","logo":{"@type":"ImageObject","inLanguage":"pt-BR","@id":"https:\/\/www.suno.com.br\/noticias\/#\/schema\/logo\/image\/","url":"https:\/\/files.sunoresearch.com.br\/n\/uploads\/2021\/09\/suno-logo.png","contentUrl":"https:\/\/files.sunoresearch.com.br\/n\/uploads\/2021\/09\/suno-logo.png","width":180,"height":180,"caption":"Suno Not\u00edcias"},"image":{"@id":"https:\/\/www.suno.com.br\/noticias\/#\/schema\/logo\/image\/"},"sameAs":["https:\/\/facebook.com\/sunoresearch","https:\/\/x.com\/sunoresearch","https:\/\/www.instagram.com\/suno","https:\/\/www.linkedin.com\/company\/suno-research\/","https:\/\/www.youtube.com\/c\/sunoresearch"]},{"@type":"Person","@id":"https:\/\/www.suno.com.br\/noticias\/#\/schema\/person\/c94f387eeb0598ad381eac3e47a8686c","name":"Silvio Suehiro","image":{"@type":"ImageObject","inLanguage":"pt-BR","@id":"https:\/\/www.suno.com.br\/noticias\/#\/schema\/person\/image\/","url":"https:\/\/secure.gravatar.com\/avatar\/06585eb21140975c6be6bb79a07edac1?s=96&r=g","contentUrl":"https:\/\/secure.gravatar.com\/avatar\/06585eb21140975c6be6bb79a07edac1?s=96&r=g","caption":"Silvio Suehiro"},"description":"Redator freelancer, com experi\u00eancia na produ\u00e7\u00e3o de not\u00edcias e artigos para as \u00e1reas de economia, finan\u00e7as e investimentos. Graduado em Comunica\u00e7\u00e3o Social - Jornalismo pela Universidade de Mogi das Cruzes (UMC), e p\u00f3s-graduado em Produ\u00e7\u00e3o Audiovisual Multiplataforma pela Universidade Anhembi Morumbi (UAM).","url":"https:\/\/www.suno.com.br\/noticias\/author\/silvio-suehiro\/"}]}},"default_loop_html":"<div class=\"cardsPage__listCard__boxs\"><div class=\"cardsPage__listCard__boxs__img\"><a href=\"https:\/\/www.suno.com.br\/noticias\/rali-minerio-ferro-perspectiva-setor\/\"><img class=\"mask\" src=\"https:\/\/www.suno.com.br\/noticias\/wp-content\/themes\/suno\/resources\/images\/spotlight\/spotlight1img\/bg-mask.png\" alt=\"Image Mask\"\/><img src=\"https:\/\/files.sunoresearch.com.br\/n\/uploads\/2022\/02\/Complexo-S11D-2-400x200.jpg\" alt=\"Rali do min\u00e9rio de ferro: banco tem perspectiva menos otimista para empresas do setor; veja por qu\u00ea\"\/><\/a><span class=\"spotlightCategory\"><a href=\"https:\/\/www.suno.com.br\/noticias\/negocios\/\">Neg\u00f3cios<\/a><\/span><\/div><div class=\"cardsPage__listCard__boxs__content\"><a href=\"https:\/\/www.suno.com.br\/noticias\/rali-minerio-ferro-perspectiva-setor\/\"><h2 class=\"content__title\">Rali do min\u00e9rio de ferro: banco tem perspectiva menos otimista para empresas do setor; veja por qu\u00ea<\/h2><\/a><div class=\"newsContent__article__meta\"><div class=\"newsContent__article__meta__authorBox\"><a href=\"https:\/\/www.suno.com.br\/noticias\/author\/silvio-suehiro\/\" class=\"authorBox__avatar noMobi\"><img src=\"https:\/\/secure.gravatar.com\/avatar\/06585eb21140975c6be6bb79a07edac1?s=96&#038;r=g\" alt=\"Silvio Suehiro\"><\/a><div class=\"authorBox__name\"><span>por\n\t\t\t<a href=\"https:\/\/www.suno.com.br\/noticias\/author\/silvio-suehiro\/\"><span itemprop=\"author\">Silvio Suehiro<\/span><\/a><\/span><time datetime=\"2022-11-18T21:01:32-03:00\" itemprop=\"datePublished\">18\/11\/2022 21:01<\/time><\/div><\/div><\/div><\/div><\/div>","single_layout":"posts","amp_enabled":true,"_links":{"self":[{"href":"https:\/\/www.suno.com.br\/noticias\/wp-json\/wp\/v2\/posts\/320263"}],"collection":[{"href":"https:\/\/www.suno.com.br\/noticias\/wp-json\/wp\/v2\/posts"}],"about":[{"href":"https:\/\/www.suno.com.br\/noticias\/wp-json\/wp\/v2\/types\/post"}],"author":[{"embeddable":true,"href":"https:\/\/www.suno.com.br\/noticias\/wp-json\/wp\/v2\/users\/224"}],"replies":[{"embeddable":true,"href":"https:\/\/www.suno.com.br\/noticias\/wp-json\/wp\/v2\/comments?post=320263"}],"version-history":[{"count":3,"href":"https:\/\/www.suno.com.br\/noticias\/wp-json\/wp\/v2\/posts\/320263\/revisions"}],"predecessor-version":[{"id":320346,"href":"https:\/\/www.suno.com.br\/noticias\/wp-json\/wp\/v2\/posts\/320263\/revisions\/320346"}],"wp:featuredmedia":[{"embeddable":true,"href":"https:\/\/www.suno.com.br\/noticias\/wp-json\/wp\/v2\/media\/230678"}],"wp:attachment":[{"href":"https:\/\/www.suno.com.br\/noticias\/wp-json\/wp\/v2\/media?parent=320263"}],"wp:term":[{"taxonomy":"category","embeddable":true,"href":"https:\/\/www.suno.com.br\/noticias\/wp-json\/wp\/v2\/categories?post=320263"},{"taxonomy":"post_tag","embeddable":true,"href":"https:\/\/www.suno.com.br\/noticias\/wp-json\/wp\/v2\/tags?post=320263"},{"taxonomy":"suno_strategy","embeddable":true,"href":"https:\/\/www.suno.com.br\/noticias\/wp-json\/wp\/v2\/suno_strategy?post=320263"}],"curies":[{"name":"wp","href":"https:\/\/api.w.org\/{rel}","templated":true}]}}