{"id":320113,"date":"2022-11-18T20:16:25","date_gmt":"2022-11-18T23:16:25","guid":{"rendered":"https:\/\/www.suno.com.br\/noticias\/?p=320113"},"modified":"2022-11-21T11:42:57","modified_gmt":"2022-11-21T14:42:57","slug":"oi-oibr3-bancos-divida-recuperacao-judicial","status":"publish","type":"post","link":"https:\/\/www.suno.com.br\/noticias\/oi-oibr3-bancos-divida-recuperacao-judicial\/","title":{"rendered":"Oi (OIBR3): bancos pedem bloqueio de bens e prorroga\u00e7\u00e3o do processo de recupera\u00e7\u00e3o judicial"},"content":{"rendered":"<p>A Caixa Econ\u00f4mica Federal, <a class=\"suno-keyword\" href=\"https:\/\/www.suno.com.br\/acoes\/BBAS3\/\" target=\"_blank\" rel=\"noopener\" data-force=\"yes\" data-priority=\"2\">Banco do Brasil (BBAS3)<\/a> e <a class=\"suno-keyword\" href=\"https:\/\/www.suno.com.br\/acoes\/ITUB4\/\" target=\"_blank\" rel=\"noopener\" data-force=\"yes\" data-priority=\"2\">Ita\u00fa (ITUB4)<\/a>, bancos credores da <a class=\"suno-keyword\" href=\"https:\/\/www.suno.com.br\/acoes\/OIBR3\/\" target=\"_blank\" rel=\"noopener\" data-force=\"yes\" data-priority=\"2\"><strong>Oi<\/strong> (OIBR3),<\/a> pediram a prorroga\u00e7\u00e3o do processo de recupera\u00e7\u00e3o judicial da companhia, segundo informa\u00e7\u00f5es do jornal O Estado de S. Paulo.<\/p>\t<div class=\"wrapper-featured-image\">\n\t\t<figure class=\"spotlightImg\">\n\n\t\t\t<picture>\n\t\t\t\t<source media=\"(max-width: 768px)\" srcset=\"https:\/\/files.sunoresearch.com.br\/n\/uploads\/2022\/05\/Oi-OIBR3-e-Vivo-VIVT3-consideram-devolver-concessoes-lenta-troca-da-diretoria-da-Petrobras-PETR4-e-previsao-da-receita-da-Embraer-EMBR3-400x200.jpg\">\n\t\t\t\t<img loading=\"lazy\" decoding=\"async\" class=\"newsContent__article__imgCapa lazyloadDisabled \" src=\"https:\/\/files.sunoresearch.com.br\/n\/uploads\/2022\/05\/Oi-OIBR3-e-Vivo-VIVT3-consideram-devolver-concessoes-lenta-troca-da-diretoria-da-Petrobras-PETR4-e-previsao-da-receita-da-Embraer-EMBR3-800x450.jpg\" width=\"800\" height=\"450\" alt=\"Oi (OIBR3): bancos pedem bloqueio de bens e prorroga\u00e7\u00e3o do processo de recupera\u00e7\u00e3o judicial\" fetchpriority=high \/>\n\t\t\t<\/picture>\n\n\t\t\t<figcaption class=\"wp-caption-text wp-caption-text--show\">Oi (OIBR3) Foto: Rafael Henrique\/Getty Images.<\/figcaption>\n\t\t<\/figure>\n\t<\/div>\n\n\n\t<p>\n\t\t<a href=\"https:\/\/lp.suno.com.br\/planilha-controle-gastos\/\" target=\"_blank\" data-element=\"shortcode-suno-banner\" title=\"Banner SUNO, clique e saiba mais\">\n\t\t\t<picture>\n\t\t\t\t<source media=\"(max-width: 500px)\" srcset=\"https:\/\/files.sunoresearch.com.br\/n\/uploads\/2023\/03\/400x300-Planilha-controle-de-gastos.png\">\n\t\t\t\t<img class=\"newsContent__article__imgCapa newsContent__article__imgCapa--banner\"\n\t\t\t\t\tsrc=\"https:\/\/files.sunoresearch.com.br\/n\/uploads\/2023\/03\/1420x240-Planilha-controle-de-gastos.png\"\n\t\t\t\t\tdata-promo-id=\"311945\"\t\t\t\t\t\t\t\t\t\twidth='1420' height='240'\t\t\t\t\talt=\"https:\/\/files.sunoresearch.com.br\/n\/uploads\/2023\/03\/1420x240-Planilha-controle-de-gastos.png\"\n\t\t\t\t>\n\t\t\t<\/picture>\n\t\t<\/a>\n\t<\/p>\n\n\n<p>Os bancos tamb\u00e9m querem bloquear o valor recebido com a <strong>venda de ativos da Oi<\/strong>, para garantir o pagamento de d\u00edvidas da companhia. As informa\u00e7\u00f5es s\u00e3o do Estad\u00e3o Conte\u00fado.<\/p>\n<p>A Oi vendeu ativos da <strong>Oi M\u00f3vel<\/strong> este ano para o cons\u00f3rcio formado pela <strong>Claro<\/strong>, <a class=\"suno-keyword\" href=\"https:\/\/www.suno.com.br\/acoes\/VIVT3\/\" target=\"_blank\" rel=\"noopener\" data-force=\"yes\" data-priority=\"2\"><strong>Vivo<\/strong> (VIVT3)<\/a> e <a class=\"suno-keyword\" href=\"https:\/\/www.suno.com.br\/acoes\/TIMS3\/\" target=\"_blank\" rel=\"noopener\" data-force=\"yes\" data-priority=\"2\"><strong>TIM<\/strong> (TIMS3)<\/a>, e seu bra\u00e7o de fibra \u00f3ptica, a <strong>V.tal<\/strong>, para o <a class=\"suno-keyword\" href=\"https:\/\/www.suno.com.br\/acoes\/BPAC11\/\" target=\"_blank\" rel=\"noopener\" data-force=\"yes\" data-priority=\"2\">BTG Pactual (BPAC11)<\/a>.<\/p>\n<p>As peti\u00e7\u00f5es dos bancos foram enviadas neste m\u00eas ao juiz da 7\u00aa Vara Empresarial do Tribunal de Justi\u00e7a do Rio de Janeiro, Fernando Viana.<\/p>\n<p>Segundo o jornal, os bancos insinuam que a Oi est\u00e1 &#8220;maquiando&#8221; contas para driblar o pagamento de sua d\u00edvida de R$ 6,9 bilh\u00f5es. A Oi nega a acusa\u00e7\u00e3o.<\/p>\n<p>As a\u00e7\u00f5es da Oi fecharam em alta de 12,50%, cotadas a R$ 0,18 nesta sexta-feira (18).<\/p>\n<p>O problema central na reclama\u00e7\u00e3o dos bancos \u00e9 a cl\u00e1usula 5.4 do <a class=\"suno-keyword\" href=\"https:\/\/www.suno.com.br\/artigos\/plano-de-recuperacao\/\" target=\"_blank\" rel=\"noopener\" data-force=\"no\" data-priority=\"1\">plano de <strong>recupera\u00e7\u00e3o judicial<\/strong><\/a><strong> da Oi<\/strong>.<\/p>\n<p>Esta cl\u00e1usula ocupa-se do uso do dinheiro acumulado no <strong>caixa da Oi<\/strong> para quitar as d\u00edvidas antes do prazo originalmente programado.<\/p>\n<p>Este instrumento \u00e9 chamado de &#8220;cash sweep&#8221;. Com isso, a Oi tem obriga\u00e7\u00e3o de\u00a0 antecipar pagamentos aos bancos ao final de 2022 caso a <a class=\"suno-keyword\" href=\"https:\/\/www.suno.com.br\/artigos\/o-que-receita-liquida\/\" target=\"_blank\" rel=\"noopener\" data-force=\"no\" data-priority=\"1\">receita l\u00edquida<\/a> obtida com a venda dos ativos ultrapasse R$ 6,5 bilh\u00f5es. Por outro lado, ter\u00e1 direito a um des\u00e1gio de 55%.<\/p>\n\t<p>\n\t\t<a href=\"https:\/\/lp.suno.com.br\/ebook-como-analisar-uma-acao\/\" target=\"_blank\" data-element=\"shortcode-suno-banner\" title=\"Banner SUNO, clique e saiba mais\">\n\t\t\t<picture>\n\t\t\t\t<source media=\"(max-width: 500px)\" srcset=\"https:\/\/files.sunoresearch.com.br\/n\/uploads\/2023\/03\/Ebook-Acoes-Mobile.jpg\">\n\t\t\t\t<img class=\"newsContent__article__imgCapa newsContent__article__imgCapa--banner\"\n\t\t\t\t\tsrc=\"https:\/\/files.sunoresearch.com.br\/n\/uploads\/2023\/03\/Ebook-Acoes-Desktop.jpg\"\n\t\t\t\t\tdata-promo-id=\"311946\"\t\t\t\t\t\t\t\t\t\twidth='1420' height='286'\t\t\t\t\talt=\"https:\/\/files.sunoresearch.com.br\/n\/uploads\/2023\/03\/Ebook-Acoes-Desktop.jpg\"\n\t\t\t\t>\n\t\t\t<\/picture>\n\t\t<\/a>\n\t<\/p>\n\n\n<p>A quest\u00e3o \u00e9 que a Oi ainda n\u00e3o divulgou o saldo da venda da Oi M\u00f3vel e da V.tal, calculado por &#8220;receita menos despesas&#8221;.<\/p>\n<p>A companhia diz que o c\u00e1lculo da receita l\u00edquida da venda dos ativos \u00e9 &#8220;complexo&#8221; e por isso n\u00e3o foi conclu\u00eddo. Mas que forneceu uma planilha com dados preliminares e que neles demonstra-se que a marca de R$ 6,5 bilh\u00f5es nas vendas n\u00e3o foi ultrapassada.<\/p>\n<p>Seguindo essa l\u00f3gica, n\u00e3o haveria justificativa, diz a Oi, para nenhum pagamento antecipado da d\u00edvida dos bancos. Al\u00e9m disso, a Oi informa que o cash sweep, mesmo sendo uma obriga\u00e7\u00e3o, est\u00e1 condicionado \u00e0 liquidez.<\/p>\n<p>No total, a Oi recebeu R$ 19,1 bilh\u00f5es pela venda das redes m\u00f3veis e o controle da V.tal. Cerca de R$ 12,6 bilh\u00f5es foram usados em outras obriga\u00e7\u00f5es j\u00e1 previstas.<\/p>\n<p>Foram pagos R$ 4,6 bilh\u00f5es para o BNDES (Banco Nacional de <a class=\"suno-keyword\" href=\"https:\/\/www.suno.com.br\/artigos\/desenvolvimento-economico\/\" target=\"_blank\" rel=\"noopener\" data-force=\"no\" data-priority=\"1\">Desenvolvimento Econ\u00f4mico<\/a> e Social), R$ 3,7 bilh\u00f5es no refinanciamento de empr\u00e9stimo com o fundo Farallon e R$ 800 milh\u00f5es em despesas no processo de venda de seus ativos.<\/p>\n\t<p>\n\t\t<a href=\"https:\/\/lp.suno.com.br\/ebook-investindo-em-fiis\/\" target=\"_blank\" data-element=\"shortcode-suno-banner\" title=\"Banner SUNO, clique e saiba mais\">\n\t\t\t<picture>\n\t\t\t\t<source media=\"(max-width: 500px)\" srcset=\"https:\/\/files.sunoresearch.com.br\/n\/uploads\/2023\/03\/Ebook-Fundos-Imobiliarios-Mobile-1.jpg\">\n\t\t\t\t<img class=\"newsContent__article__imgCapa newsContent__article__imgCapa--banner\"\n\t\t\t\t\tsrc=\"https:\/\/files.sunoresearch.com.br\/n\/uploads\/2023\/03\/Ebook-Fundos-Imobiliarios-Desktop-1.jpg\"\n\t\t\t\t\tdata-promo-id=\"313843\"\t\t\t\t\t\t\t\t\t\twidth='1420' height='286'\t\t\t\t\talt=\"https:\/\/files.sunoresearch.com.br\/n\/uploads\/2023\/03\/Ebook-Fundos-Imobiliarios-Desktop-1.jpg\"\n\t\t\t\t>\n\t\t\t<\/picture>\n\t\t<\/a>\n\t<\/p>\n\n\n<h2><strong>Por que as a\u00e7\u00f5es subiram nesta sexta-feira?<\/strong><\/h2>\n<p>Jo\u00e3o Lucas Tonello, analista da Benndorf Research, explica que, desde as m\u00ednimas hist\u00f3ricas, batendo em R$ 0,43, as <strong>a\u00e7\u00f5es da Oi<\/strong> est\u00e3o acelerando uma movimenta\u00e7\u00e3o de tend\u00eancia de baixa para entre R$ 0,12 e R$ 0,18.<\/p>\n<p>&#8220;Depois que cumpriu o alvo, o ativo est\u00e1 fazendo apenas um pullback para testar novas quedas. Pullback significa repique pontual em uma tend\u00eancia de baixa para voltar a cair mais&#8221;, diz o especialista.<\/p>\n<p>O analista diz ainda que s\u00f3 \u00e9 poss\u00edvel visualizar &#8220;compras&#8221; no ativo se a cota passar a regi\u00e3o de R$ 0,26 a R$ 0,30. Ainda assim, seria um papel em forte tend\u00eancia de baixa.<\/p>\n<p>Pelo lado fundamentalista, Tonello diz que a Oi esta conseguindo cumprir o &#8220;\u00e1rduo caminho&#8221; de entregar os requisitos da recupera\u00e7\u00e3o judicial.<\/p>\n<h2><strong>Oi pode devolver R$ 3,2 bilh\u00f5es \u00e0 Tim (TIMS3) e Vivo (VIVT3)<\/strong><\/h2>\n<p>Em setembro deste ano, a companhia recebeu um documento da Vivo (VIVT3) e da Tim (TIMS3) pedindo pela redu\u00e7\u00e3o de R$ 3,2 bilh\u00f5es no pre\u00e7o no valor total dos ativos adquiridos por ambas nos leil\u00f5es realizados.<\/p>\n<p>Nesse caso, a <strong>Oi<\/strong> poderia ter de devolver cerca de R$ 1,7 bilh\u00e3o, dado que as concorrentes j\u00e1 realizaram a reten\u00e7\u00e3o de uma parte da aquisi\u00e7\u00e3o dos ativos \u2013 que, no montante total, beira os R$ 16 bilh\u00f5es.<\/p>\n\t<div data-element=\"shortcode-read-more\" class=\"knowMore\">\n\t\t\t\t<span class=\"knowMore__title\">veja a mat\u00e9ria completa<\/span>\n\t\t\t\t<a class=\"knowMore__link\" href=\"https:\/\/www.suno.com.br\/noticias\/oi-oibr3-bilhoes-tim-tims3-acoes\/\">\n\t\t\tOi (OIBR3) pode devolver R$ 3,2 bilh\u00f5es \u00e0 Tim (TIMS3) e Vivo (VIVT3); a\u00e7\u00f5es caem 9,5%\t\t<\/a>\n\t<\/div>\n\n\n<p>&nbsp;<\/p>\n","protected":false},"excerpt":{"rendered":"<p>A Caixa Econ\u00f4mica Federal, Banco do Brasil (BBAS3) e Ita\u00fa (ITUB4), bancos credores da Oi (OIBR3), pediram a prorroga\u00e7\u00e3o do processo de recupera\u00e7\u00e3o judicial da companhia, segundo informa\u00e7\u00f5es do jornal O Estado de S. Paulo. Oi (OIBR3) Foto: Rafael Henrique\/Getty Images. Os bancos tamb\u00e9m querem bloquear o valor recebido com a venda de ativos da [&hellip;]<\/p>\n","protected":false},"author":195,"featured_media":262569,"comment_status":"closed","ping_status":"closed","sticky":false,"template":"","format":"standard","meta":[],"categories":[64],"tags":[584],"suno_strategy":[],"class_list":["post-320113","post","type-post","status-publish","format-standard","has-post-thumbnail","hentry","category-negocios","tag-oi-oibr3-oibr4"],"yoast_head":"<!-- This site is optimized with the Yoast SEO plugin v24.4 - https:\/\/yoast.com\/wordpress\/plugins\/seo\/ -->\n<title>Oi (OIBR3): bancos pedem bloqueio de bens e mais prazo de recupera\u00e7\u00e3o<\/title>\n<meta name=\"description\" content=\"Os bancos credores da Oi (OIBR3) pediram a prorroga\u00e7\u00e3o do processo de recupera\u00e7\u00e3o e bloqueio dos bens adquiridos com as vendas de ativos.\" \/>\n<meta name=\"robots\" content=\"index, follow, max-snippet:-1, max-image-preview:large, max-video-preview:-1\" \/>\n<link rel=\"canonical\" href=\"https:\/\/www.suno.com.br\/noticias\/oi-oibr3-bancos-divida-recuperacao-judicial\/\" \/>\n<meta property=\"og:locale\" content=\"pt_BR\" \/>\n<meta property=\"og:type\" content=\"article\" \/>\n<meta property=\"og:title\" content=\"Oi (OIBR3): bancos pedem bloqueio de bens e mais prazo de recupera\u00e7\u00e3o\" \/>\n<meta property=\"og:description\" content=\"Os bancos credores da Oi (OIBR3) pediram a prorroga\u00e7\u00e3o do processo de recupera\u00e7\u00e3o e bloqueio dos bens adquiridos com as vendas de ativos.\" \/>\n<meta property=\"og:url\" content=\"https:\/\/www.suno.com.br\/noticias\/oi-oibr3-bancos-divida-recuperacao-judicial\/\" \/>\n<meta property=\"og:site_name\" content=\"Suno Not\u00edcias\" \/>\n<meta property=\"article:publisher\" content=\"https:\/\/facebook.com\/sunoresearch\" \/>\n<meta property=\"og:image\" content=\"https:\/\/files.sunoresearch.com.br\/n\/uploads\/2022\/05\/Oi-OIBR3-e-Vivo-VIVT3-consideram-devolver-concessoes-lenta-troca-da-diretoria-da-Petrobras-PETR4-e-previsao-da-receita-da-Embraer-EMBR3.jpg\" \/>\n\t<meta property=\"og:image:width\" content=\"960\" \/>\n\t<meta property=\"og:image:height\" content=\"640\" \/>\n\t<meta property=\"og:image:type\" content=\"image\/jpeg\" \/>\n<meta name=\"author\" content=\"Ana Clara Macedo\" \/>\n<meta name=\"twitter:card\" content=\"summary_large_image\" \/>\n<meta name=\"twitter:creator\" content=\"@sunoresearch\" \/>\n<meta name=\"twitter:site\" content=\"@sunoresearch\" \/>\n<meta name=\"twitter:label1\" content=\"Escrito por\" \/>\n\t<meta name=\"twitter:data1\" content=\"Ana Clara Macedo\" \/>\n\t<meta name=\"twitter:label2\" content=\"Est. tempo de leitura\" \/>\n\t<meta name=\"twitter:data2\" content=\"4 minutos\" \/>\n<script type=\"application\/ld+json\" class=\"yoast-schema-graph\">{\"@context\":\"https:\/\/schema.org\",\"@graph\":[{\"@type\":\"NewsArticle\",\"@id\":\"https:\/\/www.suno.com.br\/noticias\/oi-oibr3-bancos-divida-recuperacao-judicial\/#article\",\"isPartOf\":{\"@id\":\"https:\/\/www.suno.com.br\/noticias\/oi-oibr3-bancos-divida-recuperacao-judicial\/\"},\"author\":{\"name\":\"Ana Clara Macedo\",\"@id\":\"https:\/\/www.suno.com.br\/noticias\/#\/schema\/person\/a70f3c52ef8c814d62ed63b30bb30176\"},\"headline\":\"Oi (OIBR3): bancos pedem bloqueio de bens e prorroga\u00e7\u00e3o do processo de recupera\u00e7\u00e3o judicial\",\"datePublished\":\"2022-11-18T23:16:25+00:00\",\"dateModified\":\"2022-11-21T14:42:57+00:00\",\"mainEntityOfPage\":{\"@id\":\"https:\/\/www.suno.com.br\/noticias\/oi-oibr3-bancos-divida-recuperacao-judicial\/\"},\"wordCount\":720,\"publisher\":{\"@id\":\"https:\/\/www.suno.com.br\/noticias\/#organization\"},\"image\":{\"@id\":\"https:\/\/www.suno.com.br\/noticias\/oi-oibr3-bancos-divida-recuperacao-judicial\/#primaryimage\"},\"thumbnailUrl\":\"https:\/\/files.sunoresearch.com.br\/n\/uploads\/2022\/05\/Oi-OIBR3-e-Vivo-VIVT3-consideram-devolver-concessoes-lenta-troca-da-diretoria-da-Petrobras-PETR4-e-previsao-da-receita-da-Embraer-EMBR3.jpg\",\"keywords\":[\"Oi (OIBR3\/OIBR4)\"],\"articleSection\":[\"Neg\u00f3cios\"],\"inLanguage\":\"pt-BR\"},{\"@type\":\"WebPage\",\"@id\":\"https:\/\/www.suno.com.br\/noticias\/oi-oibr3-bancos-divida-recuperacao-judicial\/\",\"url\":\"https:\/\/www.suno.com.br\/noticias\/oi-oibr3-bancos-divida-recuperacao-judicial\/\",\"name\":\"Oi (OIBR3): bancos pedem bloqueio de bens e mais prazo de recupera\u00e7\u00e3o\",\"isPartOf\":{\"@id\":\"https:\/\/www.suno.com.br\/noticias\/#website\"},\"primaryImageOfPage\":{\"@id\":\"https:\/\/www.suno.com.br\/noticias\/oi-oibr3-bancos-divida-recuperacao-judicial\/#primaryimage\"},\"image\":{\"@id\":\"https:\/\/www.suno.com.br\/noticias\/oi-oibr3-bancos-divida-recuperacao-judicial\/#primaryimage\"},\"thumbnailUrl\":\"https:\/\/files.sunoresearch.com.br\/n\/uploads\/2022\/05\/Oi-OIBR3-e-Vivo-VIVT3-consideram-devolver-concessoes-lenta-troca-da-diretoria-da-Petrobras-PETR4-e-previsao-da-receita-da-Embraer-EMBR3.jpg\",\"datePublished\":\"2022-11-18T23:16:25+00:00\",\"dateModified\":\"2022-11-21T14:42:57+00:00\",\"description\":\"Os bancos credores da Oi (OIBR3) pediram a prorroga\u00e7\u00e3o do processo de recupera\u00e7\u00e3o e bloqueio dos bens adquiridos com as vendas de ativos.\",\"breadcrumb\":{\"@id\":\"https:\/\/www.suno.com.br\/noticias\/oi-oibr3-bancos-divida-recuperacao-judicial\/#breadcrumb\"},\"inLanguage\":\"pt-BR\",\"potentialAction\":[{\"@type\":\"ReadAction\",\"target\":[\"https:\/\/www.suno.com.br\/noticias\/oi-oibr3-bancos-divida-recuperacao-judicial\/\"]}]},{\"@type\":\"ImageObject\",\"inLanguage\":\"pt-BR\",\"@id\":\"https:\/\/www.suno.com.br\/noticias\/oi-oibr3-bancos-divida-recuperacao-judicial\/#primaryimage\",\"url\":\"https:\/\/files.sunoresearch.com.br\/n\/uploads\/2022\/05\/Oi-OIBR3-e-Vivo-VIVT3-consideram-devolver-concessoes-lenta-troca-da-diretoria-da-Petrobras-PETR4-e-previsao-da-receita-da-Embraer-EMBR3.jpg\",\"contentUrl\":\"https:\/\/files.sunoresearch.com.br\/n\/uploads\/2022\/05\/Oi-OIBR3-e-Vivo-VIVT3-consideram-devolver-concessoes-lenta-troca-da-diretoria-da-Petrobras-PETR4-e-previsao-da-receita-da-Embraer-EMBR3.jpg\",\"width\":960,\"height\":640,\"caption\":\"Oi (OIBR3) Foto: Rafael Henrique\/Getty Images.\"},{\"@type\":\"BreadcrumbList\",\"@id\":\"https:\/\/www.suno.com.br\/noticias\/oi-oibr3-bancos-divida-recuperacao-judicial\/#breadcrumb\",\"itemListElement\":[{\"@type\":\"ListItem\",\"position\":1,\"name\":\"Not\u00edcias\",\"item\":\"https:\/\/www.suno.com.br\/noticias\/\"},{\"@type\":\"ListItem\",\"position\":2,\"name\":\"Neg\u00f3cios\",\"item\":\"https:\/\/www.suno.com.br\/noticias\/negocios\/\"},{\"@type\":\"ListItem\",\"position\":3,\"name\":\"Oi (OIBR3): bancos pedem bloqueio de bens e prorroga\u00e7\u00e3o do processo de recupera\u00e7\u00e3o judicial\"}]},{\"@type\":\"WebSite\",\"@id\":\"https:\/\/www.suno.com.br\/noticias\/#website\",\"url\":\"https:\/\/www.suno.com.br\/noticias\/\",\"name\":\"Suno Not\u00edcias\",\"description\":\"Seu portal de informa\u00e7\u00e3o sobre o mundo dos investimentos\",\"publisher\":{\"@id\":\"https:\/\/www.suno.com.br\/noticias\/#organization\"},\"potentialAction\":[{\"@type\":\"SearchAction\",\"target\":{\"@type\":\"EntryPoint\",\"urlTemplate\":\"https:\/\/www.suno.com.br\/noticias\/?s={search_term_string}\"},\"query-input\":{\"@type\":\"PropertyValueSpecification\",\"valueRequired\":true,\"valueName\":\"search_term_string\"}}],\"inLanguage\":\"pt-BR\"},{\"@type\":\"Organization\",\"@id\":\"https:\/\/www.suno.com.br\/noticias\/#organization\",\"name\":\"Suno Not\u00edcias\",\"url\":\"https:\/\/www.suno.com.br\/noticias\/\",\"logo\":{\"@type\":\"ImageObject\",\"inLanguage\":\"pt-BR\",\"@id\":\"https:\/\/www.suno.com.br\/noticias\/#\/schema\/logo\/image\/\",\"url\":\"https:\/\/files.sunoresearch.com.br\/n\/uploads\/2021\/09\/suno-logo.png\",\"contentUrl\":\"https:\/\/files.sunoresearch.com.br\/n\/uploads\/2021\/09\/suno-logo.png\",\"width\":180,\"height\":180,\"caption\":\"Suno Not\u00edcias\"},\"image\":{\"@id\":\"https:\/\/www.suno.com.br\/noticias\/#\/schema\/logo\/image\/\"},\"sameAs\":[\"https:\/\/facebook.com\/sunoresearch\",\"https:\/\/x.com\/sunoresearch\",\"https:\/\/www.instagram.com\/suno\",\"https:\/\/www.linkedin.com\/company\/suno-research\/\",\"https:\/\/www.youtube.com\/c\/sunoresearch\"]},{\"@type\":\"Person\",\"@id\":\"https:\/\/www.suno.com.br\/noticias\/#\/schema\/person\/a70f3c52ef8c814d62ed63b30bb30176\",\"name\":\"Ana Clara Macedo\",\"image\":{\"@type\":\"ImageObject\",\"inLanguage\":\"pt-BR\",\"@id\":\"https:\/\/www.suno.com.br\/noticias\/#\/schema\/person\/image\/\",\"url\":\"https:\/\/secure.gravatar.com\/avatar\/40810da86786bd5619f8cd594b0f44ef?s=96&r=g\",\"contentUrl\":\"https:\/\/secure.gravatar.com\/avatar\/40810da86786bd5619f8cd594b0f44ef?s=96&r=g\",\"caption\":\"Ana Clara Macedo\"},\"description\":\"Rep\u00f3rter no Suno Not\u00edcias, cobrindo acontecimentos sobre neg\u00f3cios, mercado financeiro e economia. Anteriormente trabalhou como Rep\u00f3rter no Mercado News e produziu relat\u00f3rios e artigos sobre empresas de capital aberto.\",\"url\":\"https:\/\/www.suno.com.br\/noticias\/author\/ana-clara-macedo\/\"}]}<\/script>\n<!-- \/ Yoast SEO plugin. -->","yoast_head_json":{"title":"Oi (OIBR3): bancos pedem bloqueio de bens e mais prazo de recupera\u00e7\u00e3o","description":"Os bancos credores da Oi (OIBR3) pediram a prorroga\u00e7\u00e3o do processo de recupera\u00e7\u00e3o e bloqueio dos bens adquiridos com as vendas de ativos.","robots":{"index":"index","follow":"follow","max-snippet":"max-snippet:-1","max-image-preview":"max-image-preview:large","max-video-preview":"max-video-preview:-1"},"canonical":"https:\/\/www.suno.com.br\/noticias\/oi-oibr3-bancos-divida-recuperacao-judicial\/","og_locale":"pt_BR","og_type":"article","og_title":"Oi (OIBR3): bancos pedem bloqueio de bens e mais prazo de recupera\u00e7\u00e3o","og_description":"Os bancos credores da Oi (OIBR3) pediram a prorroga\u00e7\u00e3o do processo de recupera\u00e7\u00e3o e bloqueio dos bens adquiridos com as vendas de ativos.","og_url":"https:\/\/www.suno.com.br\/noticias\/oi-oibr3-bancos-divida-recuperacao-judicial\/","og_site_name":"Suno Not\u00edcias","article_publisher":"https:\/\/facebook.com\/sunoresearch","og_image":[{"width":960,"height":640,"url":"https:\/\/files.sunoresearch.com.br\/n\/uploads\/2022\/05\/Oi-OIBR3-e-Vivo-VIVT3-consideram-devolver-concessoes-lenta-troca-da-diretoria-da-Petrobras-PETR4-e-previsao-da-receita-da-Embraer-EMBR3.jpg","type":"image\/jpeg"}],"author":"Ana Clara Macedo","twitter_card":"summary_large_image","twitter_creator":"@sunoresearch","twitter_site":"@sunoresearch","twitter_misc":{"Escrito por":"Ana Clara Macedo","Est. tempo de leitura":"4 minutos"},"schema":{"@context":"https:\/\/schema.org","@graph":[{"@type":"NewsArticle","@id":"https:\/\/www.suno.com.br\/noticias\/oi-oibr3-bancos-divida-recuperacao-judicial\/#article","isPartOf":{"@id":"https:\/\/www.suno.com.br\/noticias\/oi-oibr3-bancos-divida-recuperacao-judicial\/"},"author":{"name":"Ana Clara Macedo","@id":"https:\/\/www.suno.com.br\/noticias\/#\/schema\/person\/a70f3c52ef8c814d62ed63b30bb30176"},"headline":"Oi (OIBR3): bancos pedem bloqueio de bens e prorroga\u00e7\u00e3o do processo de recupera\u00e7\u00e3o judicial","datePublished":"2022-11-18T23:16:25+00:00","dateModified":"2022-11-21T14:42:57+00:00","mainEntityOfPage":{"@id":"https:\/\/www.suno.com.br\/noticias\/oi-oibr3-bancos-divida-recuperacao-judicial\/"},"wordCount":720,"publisher":{"@id":"https:\/\/www.suno.com.br\/noticias\/#organization"},"image":{"@id":"https:\/\/www.suno.com.br\/noticias\/oi-oibr3-bancos-divida-recuperacao-judicial\/#primaryimage"},"thumbnailUrl":"https:\/\/files.sunoresearch.com.br\/n\/uploads\/2022\/05\/Oi-OIBR3-e-Vivo-VIVT3-consideram-devolver-concessoes-lenta-troca-da-diretoria-da-Petrobras-PETR4-e-previsao-da-receita-da-Embraer-EMBR3.jpg","keywords":["Oi (OIBR3\/OIBR4)"],"articleSection":["Neg\u00f3cios"],"inLanguage":"pt-BR"},{"@type":"WebPage","@id":"https:\/\/www.suno.com.br\/noticias\/oi-oibr3-bancos-divida-recuperacao-judicial\/","url":"https:\/\/www.suno.com.br\/noticias\/oi-oibr3-bancos-divida-recuperacao-judicial\/","name":"Oi (OIBR3): bancos pedem bloqueio de bens e mais prazo de recupera\u00e7\u00e3o","isPartOf":{"@id":"https:\/\/www.suno.com.br\/noticias\/#website"},"primaryImageOfPage":{"@id":"https:\/\/www.suno.com.br\/noticias\/oi-oibr3-bancos-divida-recuperacao-judicial\/#primaryimage"},"image":{"@id":"https:\/\/www.suno.com.br\/noticias\/oi-oibr3-bancos-divida-recuperacao-judicial\/#primaryimage"},"thumbnailUrl":"https:\/\/files.sunoresearch.com.br\/n\/uploads\/2022\/05\/Oi-OIBR3-e-Vivo-VIVT3-consideram-devolver-concessoes-lenta-troca-da-diretoria-da-Petrobras-PETR4-e-previsao-da-receita-da-Embraer-EMBR3.jpg","datePublished":"2022-11-18T23:16:25+00:00","dateModified":"2022-11-21T14:42:57+00:00","description":"Os bancos credores da Oi (OIBR3) pediram a prorroga\u00e7\u00e3o do processo de recupera\u00e7\u00e3o e bloqueio dos bens adquiridos com as vendas de ativos.","breadcrumb":{"@id":"https:\/\/www.suno.com.br\/noticias\/oi-oibr3-bancos-divida-recuperacao-judicial\/#breadcrumb"},"inLanguage":"pt-BR","potentialAction":[{"@type":"ReadAction","target":["https:\/\/www.suno.com.br\/noticias\/oi-oibr3-bancos-divida-recuperacao-judicial\/"]}]},{"@type":"ImageObject","inLanguage":"pt-BR","@id":"https:\/\/www.suno.com.br\/noticias\/oi-oibr3-bancos-divida-recuperacao-judicial\/#primaryimage","url":"https:\/\/files.sunoresearch.com.br\/n\/uploads\/2022\/05\/Oi-OIBR3-e-Vivo-VIVT3-consideram-devolver-concessoes-lenta-troca-da-diretoria-da-Petrobras-PETR4-e-previsao-da-receita-da-Embraer-EMBR3.jpg","contentUrl":"https:\/\/files.sunoresearch.com.br\/n\/uploads\/2022\/05\/Oi-OIBR3-e-Vivo-VIVT3-consideram-devolver-concessoes-lenta-troca-da-diretoria-da-Petrobras-PETR4-e-previsao-da-receita-da-Embraer-EMBR3.jpg","width":960,"height":640,"caption":"Oi (OIBR3) Foto: Rafael Henrique\/Getty Images."},{"@type":"BreadcrumbList","@id":"https:\/\/www.suno.com.br\/noticias\/oi-oibr3-bancos-divida-recuperacao-judicial\/#breadcrumb","itemListElement":[{"@type":"ListItem","position":1,"name":"Not\u00edcias","item":"https:\/\/www.suno.com.br\/noticias\/"},{"@type":"ListItem","position":2,"name":"Neg\u00f3cios","item":"https:\/\/www.suno.com.br\/noticias\/negocios\/"},{"@type":"ListItem","position":3,"name":"Oi (OIBR3): bancos pedem bloqueio de bens e prorroga\u00e7\u00e3o do processo de recupera\u00e7\u00e3o judicial"}]},{"@type":"WebSite","@id":"https:\/\/www.suno.com.br\/noticias\/#website","url":"https:\/\/www.suno.com.br\/noticias\/","name":"Suno Not\u00edcias","description":"Seu portal de informa\u00e7\u00e3o sobre o mundo dos investimentos","publisher":{"@id":"https:\/\/www.suno.com.br\/noticias\/#organization"},"potentialAction":[{"@type":"SearchAction","target":{"@type":"EntryPoint","urlTemplate":"https:\/\/www.suno.com.br\/noticias\/?s={search_term_string}"},"query-input":{"@type":"PropertyValueSpecification","valueRequired":true,"valueName":"search_term_string"}}],"inLanguage":"pt-BR"},{"@type":"Organization","@id":"https:\/\/www.suno.com.br\/noticias\/#organization","name":"Suno Not\u00edcias","url":"https:\/\/www.suno.com.br\/noticias\/","logo":{"@type":"ImageObject","inLanguage":"pt-BR","@id":"https:\/\/www.suno.com.br\/noticias\/#\/schema\/logo\/image\/","url":"https:\/\/files.sunoresearch.com.br\/n\/uploads\/2021\/09\/suno-logo.png","contentUrl":"https:\/\/files.sunoresearch.com.br\/n\/uploads\/2021\/09\/suno-logo.png","width":180,"height":180,"caption":"Suno Not\u00edcias"},"image":{"@id":"https:\/\/www.suno.com.br\/noticias\/#\/schema\/logo\/image\/"},"sameAs":["https:\/\/facebook.com\/sunoresearch","https:\/\/x.com\/sunoresearch","https:\/\/www.instagram.com\/suno","https:\/\/www.linkedin.com\/company\/suno-research\/","https:\/\/www.youtube.com\/c\/sunoresearch"]},{"@type":"Person","@id":"https:\/\/www.suno.com.br\/noticias\/#\/schema\/person\/a70f3c52ef8c814d62ed63b30bb30176","name":"Ana Clara Macedo","image":{"@type":"ImageObject","inLanguage":"pt-BR","@id":"https:\/\/www.suno.com.br\/noticias\/#\/schema\/person\/image\/","url":"https:\/\/secure.gravatar.com\/avatar\/40810da86786bd5619f8cd594b0f44ef?s=96&r=g","contentUrl":"https:\/\/secure.gravatar.com\/avatar\/40810da86786bd5619f8cd594b0f44ef?s=96&r=g","caption":"Ana Clara Macedo"},"description":"Rep\u00f3rter no Suno Not\u00edcias, cobrindo acontecimentos sobre neg\u00f3cios, mercado financeiro e economia. Anteriormente trabalhou como Rep\u00f3rter no Mercado News e produziu relat\u00f3rios e artigos sobre empresas de capital aberto.","url":"https:\/\/www.suno.com.br\/noticias\/author\/ana-clara-macedo\/"}]}},"default_loop_html":"<div class=\"cardsPage__listCard__boxs\"><div class=\"cardsPage__listCard__boxs__img\"><a href=\"https:\/\/www.suno.com.br\/noticias\/oi-oibr3-bancos-divida-recuperacao-judicial\/\"><img class=\"mask\" src=\"https:\/\/www.suno.com.br\/noticias\/wp-content\/themes\/suno\/resources\/images\/spotlight\/spotlight1img\/bg-mask.png\" alt=\"Image Mask\"\/><img src=\"https:\/\/files.sunoresearch.com.br\/n\/uploads\/2022\/05\/Oi-OIBR3-e-Vivo-VIVT3-consideram-devolver-concessoes-lenta-troca-da-diretoria-da-Petrobras-PETR4-e-previsao-da-receita-da-Embraer-EMBR3-400x200.jpg\" alt=\"Oi (OIBR3): bancos pedem bloqueio de bens e prorroga\u00e7\u00e3o do processo de recupera\u00e7\u00e3o judicial\"\/><\/a><span class=\"spotlightCategory\"><a href=\"https:\/\/www.suno.com.br\/noticias\/negocios\/\">Neg\u00f3cios<\/a><\/span><\/div><div class=\"cardsPage__listCard__boxs__content\"><a href=\"https:\/\/www.suno.com.br\/noticias\/oi-oibr3-bancos-divida-recuperacao-judicial\/\"><h2 class=\"content__title\">Oi (OIBR3): bancos pedem bloqueio de bens e prorroga\u00e7\u00e3o do processo de recupera\u00e7\u00e3o judicial<\/h2><\/a><div class=\"newsContent__article__meta\"><div class=\"newsContent__article__meta__authorBox\"><a href=\"https:\/\/www.suno.com.br\/noticias\/author\/ana-clara-macedo\/\" class=\"authorBox__avatar noMobi\"><img src=\"https:\/\/secure.gravatar.com\/avatar\/40810da86786bd5619f8cd594b0f44ef?s=96&#038;r=g\" alt=\"Ana Clara Macedo\"><\/a><div class=\"authorBox__name\"><span>por\n\t\t\t<a href=\"https:\/\/www.suno.com.br\/noticias\/author\/ana-clara-macedo\/\"><span itemprop=\"author\">Ana Clara Macedo<\/span><\/a><\/span><time datetime=\"2022-11-18T20:16:25-03:00\" itemprop=\"datePublished\">18\/11\/2022 20:16<\/time><\/div><\/div><\/div><\/div><\/div>","single_layout":"posts","amp_enabled":true,"_links":{"self":[{"href":"https:\/\/www.suno.com.br\/noticias\/wp-json\/wp\/v2\/posts\/320113"}],"collection":[{"href":"https:\/\/www.suno.com.br\/noticias\/wp-json\/wp\/v2\/posts"}],"about":[{"href":"https:\/\/www.suno.com.br\/noticias\/wp-json\/wp\/v2\/types\/post"}],"author":[{"embeddable":true,"href":"https:\/\/www.suno.com.br\/noticias\/wp-json\/wp\/v2\/users\/195"}],"replies":[{"embeddable":true,"href":"https:\/\/www.suno.com.br\/noticias\/wp-json\/wp\/v2\/comments?post=320113"}],"version-history":[{"count":3,"href":"https:\/\/www.suno.com.br\/noticias\/wp-json\/wp\/v2\/posts\/320113\/revisions"}],"predecessor-version":[{"id":320699,"href":"https:\/\/www.suno.com.br\/noticias\/wp-json\/wp\/v2\/posts\/320113\/revisions\/320699"}],"wp:featuredmedia":[{"embeddable":true,"href":"https:\/\/www.suno.com.br\/noticias\/wp-json\/wp\/v2\/media\/262569"}],"wp:attachment":[{"href":"https:\/\/www.suno.com.br\/noticias\/wp-json\/wp\/v2\/media?parent=320113"}],"wp:term":[{"taxonomy":"category","embeddable":true,"href":"https:\/\/www.suno.com.br\/noticias\/wp-json\/wp\/v2\/categories?post=320113"},{"taxonomy":"post_tag","embeddable":true,"href":"https:\/\/www.suno.com.br\/noticias\/wp-json\/wp\/v2\/tags?post=320113"},{"taxonomy":"suno_strategy","embeddable":true,"href":"https:\/\/www.suno.com.br\/noticias\/wp-json\/wp\/v2\/suno_strategy?post=320113"}],"curies":[{"name":"wp","href":"https:\/\/api.w.org\/{rel}","templated":true}]}}