{"id":319935,"date":"2022-11-17T22:20:57","date_gmt":"2022-11-18T01:20:57","guid":{"rendered":"https:\/\/www.suno.com.br\/noticias\/?p=319935"},"modified":"2022-11-17T22:21:56","modified_gmt":"2022-11-18T01:21:56","slug":"alckmin-reacao-mercado-lula","status":"publish","type":"post","link":"https:\/\/www.suno.com.br\/noticias\/alckmin-reacao-mercado-lula\/","title":{"rendered":"Alckmin sobre a PEC de Transi\u00e7\u00e3o: &#8220;N\u00e3o h\u00e1 raz\u00e3o para estresse. Governo fechar\u00e1 no azul&#8221;"},"content":{"rendered":"<p>Nesta quinta-feira (17), o vice-presidente eleito, <strong>Geraldo Alckmin<\/strong>, afirmou \u201cque n\u00e3o h\u00e1 raz\u00e3o para o estresse\u201d do mercado financeiro \u00e0 Proposta de Emenda \u00e0 Constitui\u00e7\u00e3o (PEC) da Transi\u00e7\u00e3o. Disse ainda que o governo do presidente eleito Luiz In\u00e1cio Lula da Silva vai buscar formas de cortar gastos<\/p><div class=\"videoFull \">\n\t\t\t<div class=\"videoWrapper yt-lazyload center\"\n\t\t\t\tdata-width=\"960\"\n\t\t\t\tdata-height=\"540\"\n\t\t\t\tdata-id=\"iiiOmgt75oo\"\n\t\t\t\tdata-alt=\"V\u00eddeo do YouTube - clique para reproduzir\"\n\t\t\t\tdata-logo=\"3\"\n\t\t\t\tdata-imagequality=\"maxres\">\n\t\t\t<\/div>\n\t\t<\/div><script type=\"application\/ld+json\">{\"@context\":\"https:\/\/schema.org\",\"@type\":\"VideoObject\",\"name\":\"FALA DE LULA DERRUBA MERCADO: O que fazer?\",\"description\":\"\u2b50 [\ud835\uddd5\ud835\udddf\ud835\uddd4\ud835\uddd6\ud835\uddde \ud835\uddd9\ud835\udde5\ud835\udddc\ud835\uddd7\ud835\uddd4\ud835\uddec \ud835\udde6\ud835\udde8\ud835\udde1\ud835\udde2] \ud835\udfef \ud835\uddee\ud835\uddfb\ud835\uddfc\ud835\ude00 \ud835\uddfd\ud835\uddf2\ud835\uddf9\ud835\uddfc \ud835\uddfd\ud835\uddff\ud835\uddf2\u00e7\ud835\uddfc \ud835\uddf1\ud835\uddf2 \ud835\udfee #\ud835\uddd4\ud835\udde6\ud835\ude02\ud835\uddee\ud835\uddd6\ud835\uddfc\ud835\uddfb\ud835\uddfe\ud835\ude02\ud835\uddf6\ud835\ude00\ud835\ude01\ud835\uddee \ud83d\udc49 https:\/\/lp.suno.com.br\/pv\/black-friday-suno\/?utm_source=youtube.suno&utm_medium=live&utm_campaign=RS.BKF22.ns.20221117&utm_content=suno.lulamercado.20221117 \ud83d\udcb0 [\ud835\udde5\ud835\uddf2\ud835\uddf9\ud835\uddee\ud835\ude01\u00f3\ud835\uddff\ud835\uddf6\ud835\uddfc \ud835\uddf4\ud835\uddff\ud835\uddee\ud835\ude01\ud835\ude02\ud835\uddf6\ud835\ude01\ud835\uddfc] \ud835\uddd5\ud835\uddee\ud835\uddfb\ud835\uddf0\ud835\uddfc \ud835\uddf1\ud835\uddfc \ud835\uddd5\ud835\uddff\ud835\uddee\ud835\ude00\ud835\uddf6\ud835\uddf9 (\ud835\uddd5\ud835\uddd5\ud835\uddd4\ud835\udde6\ud835\udfef)\u200b \ud83d\udc49 https:\/\/lp.suno.com.br\/lm\/relatorio\/suno-drops-bbas3\/?utm_source=youtube.suno&utm_medium=live&utm_campaign=sunodrops-bbas3.20221117&utm_content=suno.lulamercado.20221117 FALA DE LULA DERRUBA MERCADO: O que fazer? #Lula #Bolsadevalores #a\u00e7\u00f5escaindo #dividendos \ud835\udc13\ud835\udc1e\ud835\udc25\ud835\udc1e\ud835\udc20\ud835\udc2b\ud835\udc1a\ud835\udc26 \ud835\udc1d\ud835\udc1a \ud835\udc12\ud835\udc2e\ud835\udc27\ud835\udc28 \ud835\udc11\ud835\udc1e\ud835\udc2c\ud835\udc1e\ud835\udc1a\ud835\udc2b\ud835\udc1c\ud835\udc21: https:\/\/t.me\/teamsuno \ud83d\udcdaLINKS PARA A COMPRA DOS LIVROS: Guia Suno Dividendos: https:\/\/amzn.to\/2Wx916g Guia Suno Fundos Imobili\u00e1rios: https:\/\/amzn.to\/2SagLMf Guia\u2026\",\"duration\":\"PT49M48S\",\"embedUrl\":\"https:\/\/www.youtube.com\/embed\/iiiOmgt75oo\",\"regionsAllowed\":\"pt-BR\",\"interactionStatistic\":{\"@type\":\"InteractionCounter\",\"interactionType\":{\"@type\":\"WatchAction\"},\"userInteractionCount\":4770},\"thumbnailUrl\":\"https:\/\/i.ytimg.com\/vi\/iiiOmgt75oo\/default.jpg\",\"uploadDate\":\"2022-11-17T23:55:47Z\"}<\/script>\n\n\t<p>\n\t\t<a href=\"https:\/\/lp2.suno.com.br\/cl\/black-friday-2025\/?utm_campaign=_SNCDF0E4858_\" target=\"_blank\" data-element=\"shortcode-suno-banner\" title=\"Banner SUNO, clique e saiba mais\">\n\t\t\t<picture>\n\t\t\t\t<source media=\"(max-width: 500px)\" srcset=\"https:\/\/files.sunoresearch.com.br\/n\/uploads\/2025\/10\/Artigos-e-Noticias-Banner-Home-artigos-01-Mobile_-400x300-1-png.webp\">\n\t\t\t\t<img class=\"newsContent__article__imgCapa newsContent__article__imgCapa--banner\"\n\t\t\t\t\tsrc=\"https:\/\/files.sunoresearch.com.br\/n\/uploads\/2025\/10\/Artigos-e-Noticias-Banner-Home-artigos-01-Desktop_-1420x240-1-png.webp\"\n\t\t\t\t\tdata-promo-id=\"311259\"\t\t\t\t\t\t\t\t\t\twidth='1420' height='240'\t\t\t\t\talt=\"https:\/\/files.sunoresearch.com.br\/n\/uploads\/2025\/10\/Artigos-e-Noticias-Banner-Home-artigos-01-Desktop_-1420x240-1-png.webp\"\n\t\t\t\t>\n\t\t\t<\/picture>\n\t\t<\/a>\n\t<\/p>\n\n\n<p>No dia anterior, Alckmin entregou a minuta da <strong>PEC da Transi\u00e7\u00e3o<\/strong> ao Senado. O texto prev\u00ea que os gastos com o Bolsa Fam\u00edlia fiquem fora da regra do<strong> teto de gastos<\/strong>, sem apontar um limite de prazo. O novo governo busca disponibilizar o Bolsa Fam\u00edlia de R$ 600 a partir de janeiro.<\/p>\n<p>A PEC \u00e9 uma alternativa do governo Lula para viabilizar gastos que n\u00e3o integram o <strong>Or\u00e7amento de 2023<\/strong>. Dessa forma, seria poss\u00edvel cumprir as promessas de campanha realizadas por Lula. Ao todo, o documento, apresentado por Alckmin, prev\u00ea a retirada de quase R$ 200 bilh\u00f5es do teto de gastos.<\/p>\n<p>O mercado vem criticando a PEC da Transi\u00e7\u00e3o por n\u00e3o indicar um prazo definido e nem meio de financiamento para os gastos acima do teto fiscal.<\/p>\n\t<p>\n\t\t<a href=\"https:\/\/lp.suno.com.br\/ebook-como-analisar-uma-acao\/\" target=\"_blank\" data-element=\"shortcode-suno-banner\" title=\"Banner SUNO, clique e saiba mais\">\n\t\t\t<picture>\n\t\t\t\t<source media=\"(max-width: 500px)\" srcset=\"https:\/\/files.sunoresearch.com.br\/n\/uploads\/2023\/12\/Ebook-Acoes-Mobile.jpg\">\n\t\t\t\t<img class=\"newsContent__article__imgCapa newsContent__article__imgCapa--banner\"\n\t\t\t\t\tsrc=\"https:\/\/files.sunoresearch.com.br\/n\/uploads\/2023\/12\/Ebook-Acoes-Desktop.webp\"\n\t\t\t\t\tdata-promo-id=\"311260\"\t\t\t\t\t\t\t\t\t\twidth='1420' height='286'\t\t\t\t\talt=\"https:\/\/files.sunoresearch.com.br\/n\/uploads\/2023\/12\/Ebook-Acoes-Desktop.webp\"\n\t\t\t\t>\n\t\t\t<\/picture>\n\t\t<\/a>\n\t<\/p>\n\n\n<h2>Alckmin sobre rea\u00e7\u00e3o negativa do mercado a falas de Lula:&#8221; Tudo vai ser esclarecido&#8221;<\/h2>\n<p>O <strong>coordenador da transi\u00e7\u00e3o<\/strong> prometeu: &#8220;Haver\u00e1 super\u00e1vit prim\u00e1rio, haver\u00e1 redu\u00e7\u00e3o da d\u00edvida, mas isso n\u00e3o se faz em 24 horas, se faz no tempo. \u00c9 uma combina\u00e7\u00e3o de resultado prim\u00e1rio, de curva da d\u00edvida e de gastos. Tem que compor esse conjunto. Ent\u00e3o n\u00e3o h\u00e1 raz\u00e3o para esse estresse, eu vejo com otimismo.&#8221;<\/p>\n<p>Alckmin citou a possibilidade de uma &#8220;ampla revis\u00e3o de contratos vigentes&#8221; do governo federal e disse tamb\u00e9m que v\u00ea como priorit\u00e1ria a aprova\u00e7\u00e3o da reforma tribut\u00e1ria, que deve ser feita &#8220;no menor espa\u00e7o poss\u00edvel de tempo&#8221; como quest\u00e3o essencial para fazer o PIB crescer.<\/p>\n<p>&#8220;O governo vai atuar do lado das despesas, cortando gastos que possam ser cortados. Tem que fazer revis\u00e3o de contratos, todos, para buscar recursos, fazer um pente-fino&#8221;, disse Alckmin.<\/p>\n<p>Alckmin falou na revis\u00e3o de isen\u00e7\u00f5es e na constante avalia\u00e7\u00e3o de <strong>pol\u00edticas do governo<\/strong>. Questionado sobre reforma administrativa, disse que cada coisa vai ser feita a seu tempo.<\/p>\n<p>O vice-presidente disse que o Estado precisa funcionar para o crescimento da economia e que o <strong>ajuste fiscal<\/strong> ser\u00e1 permanente. &#8220;Precisamos ter credibilidade, estabilidade e previsibilidade, n\u00e3o pode fazer canetada.&#8221;<\/p>\n<p>Alckmin classificou como &#8220;moment\u00e2nea&#8221; rea\u00e7\u00e3o negativa do mercado financeiro a falas de Lula sobre o foco na responsabilidade social do governo como oposi\u00e7\u00e3o &#8220;a tal da responsabilidade fiscal&#8221;. &#8220;Vai ser esclarecido e superado. N\u00e3o h\u00e1 raz\u00e3o para estresse, vejo com otimismo&#8221;, disse o vice, lembrando que Lula teve responsabilidade fiscal &#8220;absoluta&#8221; nos mandatos anteriores. &#8220;O governo tem compromisso com a responsabilidade fiscal, mas isso n\u00e3o pode ser argumento para n\u00e3o atender o social. As coisas n\u00e3o s\u00e3o incompat\u00edveis.&#8221;<\/p>\n<p>Alckmin disse que a <strong>PEC da Transi\u00e7\u00e3o<\/strong> \u00e9 uma necessidade porque considera o <strong>Or\u00e7amento de 2023<\/strong> proposto pelo governo Bolsonaro &#8220;inexequ\u00edvel&#8221;. &#8220;O Or\u00e7amento do ano que vem \u00e9 inexequ\u00edvel, n\u00e3o tem dinheiro para pagar o Bolsa Fam\u00edlia. Como faz o Casa Verde e Amarela, o Minha Casa Minha Vida, se n\u00e3o tem recurso para obras? N\u00e3o tem recurso para Farm\u00e1cia Popular, para o tratamento do c\u00e2ncer. Existe a quest\u00e3o emergencial que \u00e9 atender aos mais necessitados. A outra \u00e9 o Brasil crescer.&#8221;<\/p>\n<p>Ele tamb\u00e9m disse que n\u00e3o h\u00e1 amea\u00e7as pol\u00edticas \u00e0<strong> aprova\u00e7\u00e3o da PEC<\/strong> no Congresso, depois de o ministro da Casa Civil e senador Ciro Nogueira (PP-PI) indicar que a base de Jair Bolsonaro apoiaria apenas uma excep\u00e7\u00e3o para o primeiro ano de governo, do pagamento do Bolsa Fam\u00edlia em R$ 600, como era promessa de campanha. Segundo o vice eleito, n\u00e3o deve haver vincula\u00e7\u00e3o da tramita\u00e7\u00e3o da PEC \u00e0s articula\u00e7\u00f5es para a elei\u00e7\u00e3o da presid\u00eancia da C\u00e2mara e do Senado.<\/p>\n<p>Segundo Alckmin, coordenador da transi\u00e7\u00e3o, o governo federal n\u00e3o quer mais ter de discutir ano a ano a falta de dinheiro para pol\u00edticas sociais. &#8220;A PEC simplesmente exclui o Bolsa Fam\u00edlia (do teto). Seria \u00f3timo que daqui a um ano n\u00e3o precisasse mais, mas essa n\u00e3o \u00e9 a realidade&#8221;, disse o vice, ao justificar a proposta de retirar as despesas com o benef\u00edcio social do teto sem prazo definido. Garantir uma renda m\u00ednima \u00e9, segundo ele, prioridade absoluta do <strong>governo eleito<\/strong>.<\/p>\n<p>O vice eleito argumentou que o Pa\u00eds tem 32 milh\u00f5es de pessoas em priva\u00e7\u00e3o de alimento &#8212; e parte da popula\u00e7\u00e3o passando fome. Como o pagamento do aux\u00edlio no valor de R$ 600 n\u00e3o consta na proposta do or\u00e7amento do ano que vem, a quest\u00e3o precisa ser resolvida. &#8220;Se n\u00e3o em janeiro tem 20 milh\u00f5es de fam\u00edlias sem receber, s\u00e3o as que mais precisam, as de maior vulnerabilidade&#8221;, alertou. Segundo o coordenador da transi\u00e7\u00e3o, a complementa\u00e7\u00e3o de renda com R$ 150 por crian\u00e7a abaixo de seis anos de idade \u00e9 necess\u00e1ria porque estudos mostram que se tratam de fam\u00edlias mais vulner\u00e1veis.<\/p>\n<h2><b>Reforma tribut\u00e1ria<\/b><\/h2>\n<p>Alckmin pregou um conjunto de medidas para estimular o <strong>crescimento da economia<\/strong>, que incluem prioridade na reforma tribut\u00e1ria, acordos comerciais internacionais e a busca de investimentos externos em obras infraestrutura, desburocratiza\u00e7\u00e3o e digitaliza\u00e7\u00e3o do governo. Segundo ele, o Brasil deve ser o principal destino de investimentos estrangeiros e haver\u00e1 muitas oportunidades de economizar recursos.<\/p>\n<p>&#8220;O que vamos fazer pela quest\u00e3o fiscal? Vamos reduzir gastos, vamos rever contratos e fazer o Brasil crescer. Para isso uma agenda de competitividade&#8221;, disse o vice. &#8220;Do ponto de vista econ\u00f4mico, a quest\u00e3o central \u00e9 a reforma tribut\u00e1ria. Esta faz o PIB crescer&#8221;, concluiu Alckmin.<\/p>\n\t<p>\n\t\t<a href=\"https:\/\/lp.suno.com.br\/minicurso-investindo-fiis\/\" target=\"_blank\" data-element=\"shortcode-suno-banner\" title=\"Banner SUNO, clique e saiba mais\">\n\t\t\t<picture>\n\t\t\t\t<source media=\"(max-width: 500px)\" srcset=\"https:\/\/files.sunoresearch.com.br\/n\/uploads\/2023\/07\/400x300-Minicurso-FIIS.png\">\n\t\t\t\t<img class=\"newsContent__article__imgCapa newsContent__article__imgCapa--banner\"\n\t\t\t\t\tsrc=\"https:\/\/files.sunoresearch.com.br\/n\/uploads\/2023\/07\/1420x240-Minicurso-FIIS.png\"\n\t\t\t\t\tdata-promo-id=\"311935\"\t\t\t\t\t\t\t\t\t\twidth='1420' height='240'\t\t\t\t\talt=\"https:\/\/files.sunoresearch.com.br\/n\/uploads\/2023\/07\/1420x240-Minicurso-FIIS.png\"\n\t\t\t\t>\n\t\t\t<\/picture>\n\t\t<\/a>\n\t<\/p>\n\n\n<p><em>Com informa\u00e7\u00f5es do Estad\u00e3o Conte\u00fado<\/em><\/p>\n","protected":false},"excerpt":{"rendered":"<p>Nesta quinta-feira (17), o vice-presidente eleito, Geraldo Alckmin, afirmou \u201cque n\u00e3o h\u00e1 raz\u00e3o para o estresse\u201d do mercado financeiro \u00e0 Proposta de Emenda \u00e0 Constitui\u00e7\u00e3o (PEC) da Transi\u00e7\u00e3o. Disse ainda que o governo do presidente eleito Luiz In\u00e1cio Lula da Silva vai buscar formas de cortar gastos No dia anterior, Alckmin entregou a minuta da [&hellip;]<\/p>\n","protected":false},"author":224,"featured_media":242208,"comment_status":"closed","ping_status":"closed","sticky":false,"template":"","format":"standard","meta":[],"categories":[64],"tags":[713,709],"suno_strategy":[],"class_list":["post-319935","post","type-post","status-publish","format-standard","has-post-thumbnail","hentry","category-negocios","tag-geraldo-alckmin","tag-lula"],"yoast_head":"<!-- This site is optimized with the Yoast SEO plugin v24.4 - https:\/\/yoast.com\/wordpress\/plugins\/seo\/ -->\n<title>Alckmin diz que &#039;n\u00e3o h\u00e1 raz\u00e3o para estresse&#039; ap\u00f3s rea\u00e7\u00e3o do mercado<\/title>\n<meta name=\"description\" content=\"Nesta quinta-feira (17), o vice-presidente eleito, Geraldo Alckmin, afirmou \u201cque n\u00e3o h\u00e1 raz\u00e3o para ter esse estresse\u201d do mercado. Saiba mais.\" \/>\n<meta name=\"robots\" content=\"index, follow, max-snippet:-1, max-image-preview:large, max-video-preview:-1\" \/>\n<link rel=\"canonical\" href=\"https:\/\/www.suno.com.br\/noticias\/alckmin-reacao-mercado-lula\/\" \/>\n<meta property=\"og:locale\" content=\"pt_BR\" \/>\n<meta property=\"og:type\" content=\"article\" \/>\n<meta property=\"og:title\" content=\"Alckmin diz que &#039;n\u00e3o h\u00e1 raz\u00e3o para estresse&#039; ap\u00f3s rea\u00e7\u00e3o do mercado\" \/>\n<meta property=\"og:description\" content=\"Nesta quinta-feira (17), o vice-presidente eleito, Geraldo Alckmin, afirmou \u201cque n\u00e3o h\u00e1 raz\u00e3o para ter esse estresse\u201d do mercado. Saiba mais.\" \/>\n<meta property=\"og:url\" content=\"https:\/\/www.suno.com.br\/noticias\/alckmin-reacao-mercado-lula\/\" \/>\n<meta property=\"og:site_name\" content=\"Suno Not\u00edcias\" \/>\n<meta property=\"article:publisher\" content=\"https:\/\/facebook.com\/sunoresearch\" \/>\n<meta property=\"og:image\" content=\"https:\/\/files.sunoresearch.com.br\/n\/uploads\/2022\/03\/Alckmin-scaled-e1647455502543.jpg\" \/>\n\t<meta property=\"og:image:width\" content=\"1753\" \/>\n\t<meta property=\"og:image:height\" content=\"1318\" \/>\n\t<meta property=\"og:image:type\" content=\"image\/jpeg\" \/>\n<meta name=\"author\" content=\"Silvio Suehiro\" \/>\n<meta name=\"twitter:card\" content=\"summary_large_image\" \/>\n<meta name=\"twitter:creator\" content=\"@sunoresearch\" \/>\n<meta name=\"twitter:site\" content=\"@sunoresearch\" \/>\n<meta name=\"twitter:label1\" content=\"Escrito por\" \/>\n\t<meta name=\"twitter:data1\" content=\"Silvio Suehiro\" \/>\n\t<meta name=\"twitter:label2\" content=\"Est. tempo de leitura\" \/>\n\t<meta name=\"twitter:data2\" content=\"5 minutos\" \/>\n<script type=\"application\/ld+json\" class=\"yoast-schema-graph\">{\"@context\":\"https:\/\/schema.org\",\"@graph\":[{\"@type\":\"NewsArticle\",\"@id\":\"https:\/\/www.suno.com.br\/noticias\/alckmin-reacao-mercado-lula\/#article\",\"isPartOf\":{\"@id\":\"https:\/\/www.suno.com.br\/noticias\/alckmin-reacao-mercado-lula\/\"},\"author\":{\"name\":\"Silvio Suehiro\",\"@id\":\"https:\/\/www.suno.com.br\/noticias\/#\/schema\/person\/c94f387eeb0598ad381eac3e47a8686c\"},\"headline\":\"Alckmin sobre a PEC de Transi\u00e7\u00e3o: &#8220;N\u00e3o h\u00e1 raz\u00e3o para estresse. Governo fechar\u00e1 no azul&#8221;\",\"datePublished\":\"2022-11-18T01:20:57+00:00\",\"dateModified\":\"2022-11-18T01:21:56+00:00\",\"mainEntityOfPage\":{\"@id\":\"https:\/\/www.suno.com.br\/noticias\/alckmin-reacao-mercado-lula\/\"},\"wordCount\":1018,\"publisher\":{\"@id\":\"https:\/\/www.suno.com.br\/noticias\/#organization\"},\"image\":{\"@id\":\"https:\/\/www.suno.com.br\/noticias\/alckmin-reacao-mercado-lula\/#primaryimage\"},\"thumbnailUrl\":\"https:\/\/files.sunoresearch.com.br\/n\/uploads\/2022\/03\/Alckmin-scaled.webp\",\"keywords\":[\"Geraldo Alckmin\",\"Lula\"],\"articleSection\":[\"Neg\u00f3cios\"],\"inLanguage\":\"pt-BR\"},{\"@type\":\"WebPage\",\"@id\":\"https:\/\/www.suno.com.br\/noticias\/alckmin-reacao-mercado-lula\/\",\"url\":\"https:\/\/www.suno.com.br\/noticias\/alckmin-reacao-mercado-lula\/\",\"name\":\"Alckmin diz que 'n\u00e3o h\u00e1 raz\u00e3o para estresse' ap\u00f3s rea\u00e7\u00e3o do mercado\",\"isPartOf\":{\"@id\":\"https:\/\/www.suno.com.br\/noticias\/#website\"},\"primaryImageOfPage\":{\"@id\":\"https:\/\/www.suno.com.br\/noticias\/alckmin-reacao-mercado-lula\/#primaryimage\"},\"image\":{\"@id\":\"https:\/\/www.suno.com.br\/noticias\/alckmin-reacao-mercado-lula\/#primaryimage\"},\"thumbnailUrl\":\"https:\/\/files.sunoresearch.com.br\/n\/uploads\/2022\/03\/Alckmin-scaled.webp\",\"datePublished\":\"2022-11-18T01:20:57+00:00\",\"dateModified\":\"2022-11-18T01:21:56+00:00\",\"description\":\"Nesta quinta-feira (17), o vice-presidente eleito, Geraldo Alckmin, afirmou \u201cque n\u00e3o h\u00e1 raz\u00e3o para ter esse estresse\u201d do mercado. Saiba mais.\",\"breadcrumb\":{\"@id\":\"https:\/\/www.suno.com.br\/noticias\/alckmin-reacao-mercado-lula\/#breadcrumb\"},\"inLanguage\":\"pt-BR\",\"potentialAction\":[{\"@type\":\"ReadAction\",\"target\":[\"https:\/\/www.suno.com.br\/noticias\/alckmin-reacao-mercado-lula\/\"]}]},{\"@type\":\"ImageObject\",\"inLanguage\":\"pt-BR\",\"@id\":\"https:\/\/www.suno.com.br\/noticias\/alckmin-reacao-mercado-lula\/#primaryimage\",\"url\":\"https:\/\/files.sunoresearch.com.br\/n\/uploads\/2022\/03\/Alckmin-scaled.webp\",\"contentUrl\":\"https:\/\/files.sunoresearch.com.br\/n\/uploads\/2022\/03\/Alckmin-scaled.webp\",\"width\":2560,\"height\":1707,\"caption\":\"Geraldo Alckmin. Foto: Valter Campanato\/Ag\u00eancia Brasil\"},{\"@type\":\"BreadcrumbList\",\"@id\":\"https:\/\/www.suno.com.br\/noticias\/alckmin-reacao-mercado-lula\/#breadcrumb\",\"itemListElement\":[{\"@type\":\"ListItem\",\"position\":1,\"name\":\"Not\u00edcias\",\"item\":\"https:\/\/www.suno.com.br\/noticias\/\"},{\"@type\":\"ListItem\",\"position\":2,\"name\":\"Neg\u00f3cios\",\"item\":\"https:\/\/www.suno.com.br\/noticias\/negocios\/\"},{\"@type\":\"ListItem\",\"position\":3,\"name\":\"Alckmin sobre a PEC de Transi\u00e7\u00e3o: &#8220;N\u00e3o h\u00e1 raz\u00e3o para estresse. Governo fechar\u00e1 no azul&#8221;\"}]},{\"@type\":\"WebSite\",\"@id\":\"https:\/\/www.suno.com.br\/noticias\/#website\",\"url\":\"https:\/\/www.suno.com.br\/noticias\/\",\"name\":\"Suno Not\u00edcias\",\"description\":\"Seu portal de informa\u00e7\u00e3o sobre o mundo dos investimentos\",\"publisher\":{\"@id\":\"https:\/\/www.suno.com.br\/noticias\/#organization\"},\"potentialAction\":[{\"@type\":\"SearchAction\",\"target\":{\"@type\":\"EntryPoint\",\"urlTemplate\":\"https:\/\/www.suno.com.br\/noticias\/?s={search_term_string}\"},\"query-input\":{\"@type\":\"PropertyValueSpecification\",\"valueRequired\":true,\"valueName\":\"search_term_string\"}}],\"inLanguage\":\"pt-BR\"},{\"@type\":\"Organization\",\"@id\":\"https:\/\/www.suno.com.br\/noticias\/#organization\",\"name\":\"Suno Not\u00edcias\",\"url\":\"https:\/\/www.suno.com.br\/noticias\/\",\"logo\":{\"@type\":\"ImageObject\",\"inLanguage\":\"pt-BR\",\"@id\":\"https:\/\/www.suno.com.br\/noticias\/#\/schema\/logo\/image\/\",\"url\":\"https:\/\/files.sunoresearch.com.br\/n\/uploads\/2021\/09\/suno-logo.png\",\"contentUrl\":\"https:\/\/files.sunoresearch.com.br\/n\/uploads\/2021\/09\/suno-logo.png\",\"width\":180,\"height\":180,\"caption\":\"Suno Not\u00edcias\"},\"image\":{\"@id\":\"https:\/\/www.suno.com.br\/noticias\/#\/schema\/logo\/image\/\"},\"sameAs\":[\"https:\/\/facebook.com\/sunoresearch\",\"https:\/\/x.com\/sunoresearch\",\"https:\/\/www.instagram.com\/suno\",\"https:\/\/www.linkedin.com\/company\/suno-research\/\",\"https:\/\/www.youtube.com\/c\/sunoresearch\"]},{\"@type\":\"Person\",\"@id\":\"https:\/\/www.suno.com.br\/noticias\/#\/schema\/person\/c94f387eeb0598ad381eac3e47a8686c\",\"name\":\"Silvio Suehiro\",\"image\":{\"@type\":\"ImageObject\",\"inLanguage\":\"pt-BR\",\"@id\":\"https:\/\/www.suno.com.br\/noticias\/#\/schema\/person\/image\/\",\"url\":\"https:\/\/secure.gravatar.com\/avatar\/06585eb21140975c6be6bb79a07edac1?s=96&r=g\",\"contentUrl\":\"https:\/\/secure.gravatar.com\/avatar\/06585eb21140975c6be6bb79a07edac1?s=96&r=g\",\"caption\":\"Silvio Suehiro\"},\"description\":\"Redator freelancer, com experi\u00eancia na produ\u00e7\u00e3o de not\u00edcias e artigos para as \u00e1reas de economia, finan\u00e7as e investimentos. Graduado em Comunica\u00e7\u00e3o Social - Jornalismo pela Universidade de Mogi das Cruzes (UMC), e p\u00f3s-graduado em Produ\u00e7\u00e3o Audiovisual Multiplataforma pela Universidade Anhembi Morumbi (UAM).\",\"url\":\"https:\/\/www.suno.com.br\/noticias\/author\/silvio-suehiro\/\"}]}<\/script>\n<!-- \/ Yoast SEO plugin. -->","yoast_head_json":{"title":"Alckmin diz que 'n\u00e3o h\u00e1 raz\u00e3o para estresse' ap\u00f3s rea\u00e7\u00e3o do mercado","description":"Nesta quinta-feira (17), o vice-presidente eleito, Geraldo Alckmin, afirmou \u201cque n\u00e3o h\u00e1 raz\u00e3o para ter esse estresse\u201d do mercado. Saiba mais.","robots":{"index":"index","follow":"follow","max-snippet":"max-snippet:-1","max-image-preview":"max-image-preview:large","max-video-preview":"max-video-preview:-1"},"canonical":"https:\/\/www.suno.com.br\/noticias\/alckmin-reacao-mercado-lula\/","og_locale":"pt_BR","og_type":"article","og_title":"Alckmin diz que 'n\u00e3o h\u00e1 raz\u00e3o para estresse' ap\u00f3s rea\u00e7\u00e3o do mercado","og_description":"Nesta quinta-feira (17), o vice-presidente eleito, Geraldo Alckmin, afirmou \u201cque n\u00e3o h\u00e1 raz\u00e3o para ter esse estresse\u201d do mercado. Saiba mais.","og_url":"https:\/\/www.suno.com.br\/noticias\/alckmin-reacao-mercado-lula\/","og_site_name":"Suno Not\u00edcias","article_publisher":"https:\/\/facebook.com\/sunoresearch","og_image":[{"width":1753,"height":1318,"url":"https:\/\/files.sunoresearch.com.br\/n\/uploads\/2022\/03\/Alckmin-scaled-e1647455502543.jpg","type":"image\/jpeg"}],"author":"Silvio Suehiro","twitter_card":"summary_large_image","twitter_creator":"@sunoresearch","twitter_site":"@sunoresearch","twitter_misc":{"Escrito por":"Silvio Suehiro","Est. tempo de leitura":"5 minutos"},"schema":{"@context":"https:\/\/schema.org","@graph":[{"@type":"NewsArticle","@id":"https:\/\/www.suno.com.br\/noticias\/alckmin-reacao-mercado-lula\/#article","isPartOf":{"@id":"https:\/\/www.suno.com.br\/noticias\/alckmin-reacao-mercado-lula\/"},"author":{"name":"Silvio Suehiro","@id":"https:\/\/www.suno.com.br\/noticias\/#\/schema\/person\/c94f387eeb0598ad381eac3e47a8686c"},"headline":"Alckmin sobre a PEC de Transi\u00e7\u00e3o: &#8220;N\u00e3o h\u00e1 raz\u00e3o para estresse. Governo fechar\u00e1 no azul&#8221;","datePublished":"2022-11-18T01:20:57+00:00","dateModified":"2022-11-18T01:21:56+00:00","mainEntityOfPage":{"@id":"https:\/\/www.suno.com.br\/noticias\/alckmin-reacao-mercado-lula\/"},"wordCount":1018,"publisher":{"@id":"https:\/\/www.suno.com.br\/noticias\/#organization"},"image":{"@id":"https:\/\/www.suno.com.br\/noticias\/alckmin-reacao-mercado-lula\/#primaryimage"},"thumbnailUrl":"https:\/\/files.sunoresearch.com.br\/n\/uploads\/2022\/03\/Alckmin-scaled.webp","keywords":["Geraldo Alckmin","Lula"],"articleSection":["Neg\u00f3cios"],"inLanguage":"pt-BR"},{"@type":"WebPage","@id":"https:\/\/www.suno.com.br\/noticias\/alckmin-reacao-mercado-lula\/","url":"https:\/\/www.suno.com.br\/noticias\/alckmin-reacao-mercado-lula\/","name":"Alckmin diz que 'n\u00e3o h\u00e1 raz\u00e3o para estresse' ap\u00f3s rea\u00e7\u00e3o do mercado","isPartOf":{"@id":"https:\/\/www.suno.com.br\/noticias\/#website"},"primaryImageOfPage":{"@id":"https:\/\/www.suno.com.br\/noticias\/alckmin-reacao-mercado-lula\/#primaryimage"},"image":{"@id":"https:\/\/www.suno.com.br\/noticias\/alckmin-reacao-mercado-lula\/#primaryimage"},"thumbnailUrl":"https:\/\/files.sunoresearch.com.br\/n\/uploads\/2022\/03\/Alckmin-scaled.webp","datePublished":"2022-11-18T01:20:57+00:00","dateModified":"2022-11-18T01:21:56+00:00","description":"Nesta quinta-feira (17), o vice-presidente eleito, Geraldo Alckmin, afirmou \u201cque n\u00e3o h\u00e1 raz\u00e3o para ter esse estresse\u201d do mercado. Saiba mais.","breadcrumb":{"@id":"https:\/\/www.suno.com.br\/noticias\/alckmin-reacao-mercado-lula\/#breadcrumb"},"inLanguage":"pt-BR","potentialAction":[{"@type":"ReadAction","target":["https:\/\/www.suno.com.br\/noticias\/alckmin-reacao-mercado-lula\/"]}]},{"@type":"ImageObject","inLanguage":"pt-BR","@id":"https:\/\/www.suno.com.br\/noticias\/alckmin-reacao-mercado-lula\/#primaryimage","url":"https:\/\/files.sunoresearch.com.br\/n\/uploads\/2022\/03\/Alckmin-scaled.webp","contentUrl":"https:\/\/files.sunoresearch.com.br\/n\/uploads\/2022\/03\/Alckmin-scaled.webp","width":2560,"height":1707,"caption":"Geraldo Alckmin. Foto: Valter Campanato\/Ag\u00eancia Brasil"},{"@type":"BreadcrumbList","@id":"https:\/\/www.suno.com.br\/noticias\/alckmin-reacao-mercado-lula\/#breadcrumb","itemListElement":[{"@type":"ListItem","position":1,"name":"Not\u00edcias","item":"https:\/\/www.suno.com.br\/noticias\/"},{"@type":"ListItem","position":2,"name":"Neg\u00f3cios","item":"https:\/\/www.suno.com.br\/noticias\/negocios\/"},{"@type":"ListItem","position":3,"name":"Alckmin sobre a PEC de Transi\u00e7\u00e3o: &#8220;N\u00e3o h\u00e1 raz\u00e3o para estresse. Governo fechar\u00e1 no azul&#8221;"}]},{"@type":"WebSite","@id":"https:\/\/www.suno.com.br\/noticias\/#website","url":"https:\/\/www.suno.com.br\/noticias\/","name":"Suno Not\u00edcias","description":"Seu portal de informa\u00e7\u00e3o sobre o mundo dos investimentos","publisher":{"@id":"https:\/\/www.suno.com.br\/noticias\/#organization"},"potentialAction":[{"@type":"SearchAction","target":{"@type":"EntryPoint","urlTemplate":"https:\/\/www.suno.com.br\/noticias\/?s={search_term_string}"},"query-input":{"@type":"PropertyValueSpecification","valueRequired":true,"valueName":"search_term_string"}}],"inLanguage":"pt-BR"},{"@type":"Organization","@id":"https:\/\/www.suno.com.br\/noticias\/#organization","name":"Suno Not\u00edcias","url":"https:\/\/www.suno.com.br\/noticias\/","logo":{"@type":"ImageObject","inLanguage":"pt-BR","@id":"https:\/\/www.suno.com.br\/noticias\/#\/schema\/logo\/image\/","url":"https:\/\/files.sunoresearch.com.br\/n\/uploads\/2021\/09\/suno-logo.png","contentUrl":"https:\/\/files.sunoresearch.com.br\/n\/uploads\/2021\/09\/suno-logo.png","width":180,"height":180,"caption":"Suno Not\u00edcias"},"image":{"@id":"https:\/\/www.suno.com.br\/noticias\/#\/schema\/logo\/image\/"},"sameAs":["https:\/\/facebook.com\/sunoresearch","https:\/\/x.com\/sunoresearch","https:\/\/www.instagram.com\/suno","https:\/\/www.linkedin.com\/company\/suno-research\/","https:\/\/www.youtube.com\/c\/sunoresearch"]},{"@type":"Person","@id":"https:\/\/www.suno.com.br\/noticias\/#\/schema\/person\/c94f387eeb0598ad381eac3e47a8686c","name":"Silvio Suehiro","image":{"@type":"ImageObject","inLanguage":"pt-BR","@id":"https:\/\/www.suno.com.br\/noticias\/#\/schema\/person\/image\/","url":"https:\/\/secure.gravatar.com\/avatar\/06585eb21140975c6be6bb79a07edac1?s=96&r=g","contentUrl":"https:\/\/secure.gravatar.com\/avatar\/06585eb21140975c6be6bb79a07edac1?s=96&r=g","caption":"Silvio Suehiro"},"description":"Redator freelancer, com experi\u00eancia na produ\u00e7\u00e3o de not\u00edcias e artigos para as \u00e1reas de economia, finan\u00e7as e investimentos. Graduado em Comunica\u00e7\u00e3o Social - Jornalismo pela Universidade de Mogi das Cruzes (UMC), e p\u00f3s-graduado em Produ\u00e7\u00e3o Audiovisual Multiplataforma pela Universidade Anhembi Morumbi (UAM).","url":"https:\/\/www.suno.com.br\/noticias\/author\/silvio-suehiro\/"}]}},"default_loop_html":"<div class=\"cardsPage__listCard__boxs\"><div class=\"cardsPage__listCard__boxs__img\"><a href=\"https:\/\/www.suno.com.br\/noticias\/alckmin-reacao-mercado-lula\/\"><img class=\"mask\" src=\"https:\/\/www.suno.com.br\/noticias\/wp-content\/themes\/suno\/resources\/images\/spotlight\/spotlight1img\/bg-mask.png\" alt=\"Image Mask\"\/><img src=\"https:\/\/files.sunoresearch.com.br\/n\/uploads\/2022\/03\/Alckmin-400x200.webp\" alt=\"Alckmin sobre a PEC de Transi\u00e7\u00e3o: &#8220;N\u00e3o h\u00e1 raz\u00e3o para estresse. Governo fechar\u00e1 no azul&#8221;\"\/><\/a><span class=\"spotlightCategory\"><a href=\"https:\/\/www.suno.com.br\/noticias\/negocios\/\">Neg\u00f3cios<\/a><\/span><\/div><div class=\"cardsPage__listCard__boxs__content\"><a href=\"https:\/\/www.suno.com.br\/noticias\/alckmin-reacao-mercado-lula\/\"><h2 class=\"content__title\">Alckmin sobre a PEC de Transi\u00e7\u00e3o: &#8220;N\u00e3o h\u00e1 raz\u00e3o para estresse. Governo fechar\u00e1 no azul&#8221;<\/h2><\/a><div class=\"newsContent__article__meta\"><div class=\"newsContent__article__meta__authorBox\"><a href=\"https:\/\/www.suno.com.br\/noticias\/author\/silvio-suehiro\/\" class=\"authorBox__avatar noMobi\"><img src=\"https:\/\/secure.gravatar.com\/avatar\/06585eb21140975c6be6bb79a07edac1?s=96&#038;r=g\" alt=\"Silvio Suehiro\"><\/a><div class=\"authorBox__name\"><span>por\n\t\t\t<a href=\"https:\/\/www.suno.com.br\/noticias\/author\/silvio-suehiro\/\"><span itemprop=\"author\">Silvio Suehiro<\/span><\/a><\/span><time datetime=\"2022-11-17T22:20:57-03:00\" itemprop=\"datePublished\">17\/11\/2022 22:20<\/time><\/div><\/div><\/div><\/div><\/div>","single_layout":"posts","amp_enabled":true,"_links":{"self":[{"href":"https:\/\/www.suno.com.br\/noticias\/wp-json\/wp\/v2\/posts\/319935"}],"collection":[{"href":"https:\/\/www.suno.com.br\/noticias\/wp-json\/wp\/v2\/posts"}],"about":[{"href":"https:\/\/www.suno.com.br\/noticias\/wp-json\/wp\/v2\/types\/post"}],"author":[{"embeddable":true,"href":"https:\/\/www.suno.com.br\/noticias\/wp-json\/wp\/v2\/users\/224"}],"replies":[{"embeddable":true,"href":"https:\/\/www.suno.com.br\/noticias\/wp-json\/wp\/v2\/comments?post=319935"}],"version-history":[{"count":3,"href":"https:\/\/www.suno.com.br\/noticias\/wp-json\/wp\/v2\/posts\/319935\/revisions"}],"predecessor-version":[{"id":319962,"href":"https:\/\/www.suno.com.br\/noticias\/wp-json\/wp\/v2\/posts\/319935\/revisions\/319962"}],"wp:featuredmedia":[{"embeddable":true,"href":"https:\/\/www.suno.com.br\/noticias\/wp-json\/wp\/v2\/media\/242208"}],"wp:attachment":[{"href":"https:\/\/www.suno.com.br\/noticias\/wp-json\/wp\/v2\/media?parent=319935"}],"wp:term":[{"taxonomy":"category","embeddable":true,"href":"https:\/\/www.suno.com.br\/noticias\/wp-json\/wp\/v2\/categories?post=319935"},{"taxonomy":"post_tag","embeddable":true,"href":"https:\/\/www.suno.com.br\/noticias\/wp-json\/wp\/v2\/tags?post=319935"},{"taxonomy":"suno_strategy","embeddable":true,"href":"https:\/\/www.suno.com.br\/noticias\/wp-json\/wp\/v2\/suno_strategy?post=319935"}],"curies":[{"name":"wp","href":"https:\/\/api.w.org\/{rel}","templated":true}]}}