{"id":319875,"date":"2022-11-17T19:33:38","date_gmt":"2022-11-17T22:33:38","guid":{"rendered":"https:\/\/www.suno.com.br\/noticias\/?p=319875"},"modified":"2022-11-17T19:54:46","modified_gmt":"2022-11-17T22:54:46","slug":"ibovespa-fechamento-17112022","status":"publish","type":"post","link":"https:\/\/www.suno.com.br\/noticias\/ibovespa-fechamento-17112022\/","title":{"rendered":"Ibovespa cai 0,49% com risco fiscal; Weg (WEGE3) lidera altas"},"content":{"rendered":"<p>Embora tenha conseguido moderar significativamente o ajuste no fim da tarde, o <strong>Ibovespa<\/strong> se manteve em modo de corre\u00e7\u00e3o pelo segundo dia, reagindo \u00e0 apresenta\u00e7\u00e3o da PEC da Transi\u00e7\u00e3o, na noite anterior, com gasto extrateto acima do que vinha sendo precificado pelo mercado. Hoje, a refer\u00eancia da B3 fechou em baixa de 0,49%, a 109.702,78 pontos, entre m\u00ednima de 107.245,13, menor n\u00edvel intradia desde 29 de setembro, e m\u00e1xima de 110.241,80, quase id\u00eantica \u00e0 abertura, aos 110.240,66 pontos. O n\u00edvel de fechamento desta quinta-feira tamb\u00e9m foi o menor desde 29 de setembro, ent\u00e3o aos 107.664,35.<\/p>\t<div class=\"wrapper-featured-image\">\n\t\t<figure class=\"spotlightImg\">\n\n\t\t\t<picture>\n\t\t\t\t<source media=\"(max-width: 768px)\" srcset=\"https:\/\/files.sunoresearch.com.br\/n\/uploads\/2022\/06\/ibovespa-2-400x200.jpg\">\n\t\t\t\t<img loading=\"lazy\" decoding=\"async\" class=\"newsContent__article__imgCapa lazyloadDisabled \" src=\"https:\/\/files.sunoresearch.com.br\/n\/uploads\/2022\/06\/ibovespa-2-800x450.jpg\" width=\"800\" height=\"450\" alt=\"Ibovespa cai 0,49% com risco fiscal; Weg (WEGE3) lidera altas\" fetchpriority=high \/>\n\t\t\t<\/picture>\n\n\t\t\t<figcaption class=\"wp-caption-text wp-caption-text--show\">Ibovespa. Foto: Pixabay<\/figcaption>\n\t\t<\/figure>\n\t<\/div>\n\n\n\t<p>\n\t\t<a href=\"https:\/\/lp.suno.com.br\/planilha-controle-gastos\/\" target=\"_blank\" data-element=\"shortcode-suno-banner\" title=\"Banner SUNO, clique e saiba mais\">\n\t\t\t<picture>\n\t\t\t\t<source media=\"(max-width: 500px)\" srcset=\"https:\/\/files.sunoresearch.com.br\/n\/uploads\/2023\/03\/400x300-Planilha-controle-de-gastos.png\">\n\t\t\t\t<img class=\"newsContent__article__imgCapa newsContent__article__imgCapa--banner\"\n\t\t\t\t\tsrc=\"https:\/\/files.sunoresearch.com.br\/n\/uploads\/2023\/03\/1420x240-Planilha-controle-de-gastos.png\"\n\t\t\t\t\tdata-promo-id=\"311945\"\t\t\t\t\t\t\t\t\t\twidth='1420' height='240'\t\t\t\t\talt=\"https:\/\/files.sunoresearch.com.br\/n\/uploads\/2023\/03\/1420x240-Planilha-controle-de-gastos.png\"\n\t\t\t\t>\n\t\t\t<\/picture>\n\t\t<\/a>\n\t<\/p>\n\n\n<p>Na semana, as perdas do \u00edndice chegam agora a 2,27% e, no m\u00eas, a 5,46%, limitando a alta do ano a 4,66%. Ainda refor\u00e7ado neste dia seguinte ao vencimento de op\u00e7\u00f5es sobre o \u00edndice, e v\u00e9spera de vencimento de op\u00e7\u00f5es sobre a\u00e7\u00f5es, o giro financeiro foi a R$ 47,6 bilh\u00f5es na sess\u00e3o, com um n\u00famero razo\u00e1vel de pap\u00e9is da carteira Ibovespa reagindo para chegar ao fim do dia no campo positivo &#8211; em certo momento, no meio da tarde, apenas as a\u00e7\u00f5es do <a class=\"suno-keyword\" href=\"https:\/\/www.suno.com.br\/acoes\/BBDC4\/\" target=\"_blank\" rel=\"noopener\" data-force=\"yes\" data-priority=\"2\">Bradesco (BBDC4)<\/a> conseguiam se descolar da corre\u00e7\u00e3o.<\/p>\n<p>Considerando o fechamento da quarta-feira, 9, dia anterior \u00e0 fala inicial do presidente eleito Lula (PT) contra a estabilidade fiscal, ent\u00e3o aos 113.580,09 pontos, o Ibovespa acumula perda de quase 3,9 mil pontos &#8211; no pior momento da sess\u00e3o de hoje, esse ajuste chegava a 6,3 mil pontos. Ap\u00f3s o mergulho de 3,35% na quinta passada, sucedido por duas altas e duas baixas at\u00e9 aqui, est\u00e1 agora apenas 72 pontos abaixo do n\u00edvel de ajuste inicial \u00e0 fala de Lula &#8211; no pior momento da sess\u00e3o de hoje, a diferen\u00e7a, para baixo, era de 2,5 mil pontos.<\/p>\n<p>Idean Alves, s\u00f3cio e chefe da mesa de opera\u00e7\u00f5es da A\u00e7\u00e3o Brasil Investimentos, comenta: &#8220;A Bolsa chegou a operar em forte queda em mais de 2%, o que assustou muitos investidores que ficaram incr\u00e9dulos com a perspectiva de o governo estar tentando passar um &#8216;cheque especial em branco&#8217; por meio da PEC de Transi\u00e7\u00e3o, que pode chegar a um gasto excepcional acima do teto na ordem de mais de R$ 200 bilh\u00f5es.&#8221;<\/p>\n<p>Ele acrescenta: &#8220;Hoje foi realmente um dia para esquecer a B3. O que mais incomoda os investidores \u00e9 que esse pode ser apenas o trailer do que est\u00e1 por vir.&#8221;<\/p>\n<p>Lucas Xavier, analista t\u00e9cnico da Warren Investimentos, acrescenta: &#8220;Nosso \u00edndice est\u00e1 pessimista em novembro, com confugura\u00e7\u00e3o de baixa, vendedora. Vai perdendo suportes relevantes dos \u00faltimos meses.&#8221;<\/p>\n<h2>Ibovespa e a PEC da Transi\u00e7\u00e3o<\/h2>\n<p>Este saldo negativo adicional, embora muito moderado ao longo da tarde ap\u00f3s press\u00e3o que havia se imposto desde a manh\u00e3, \u00e9 creditado ao desdobramento da noite de ontem, quando foi apresentada a PEC da Transi\u00e7\u00e3o, trazendo rompimento do teto al\u00e9m do que vinha sendo precificado pelo mercado, o que se refletiu tamb\u00e9m no c\u00e2mbio e na <a class=\"suno-keyword\" href=\"https:\/\/www.suno.com.br\/artigos\/curva-de-juros\/\" target=\"_blank\" rel=\"noopener\" data-force=\"no\" data-priority=\"1\">curva de juros<\/a> nesta quinta-feira. Novas declara\u00e7\u00f5es de Lula, reiterando a dicotomia entre &#8220;responsabilidade fiscal&#8221; e &#8220;responsabilidade social&#8221;, contribu\u00edram para manter o investidor na defensiva, ap\u00f3s o benef\u00edcio da d\u00favida que havia sido concedido logo ap\u00f3s o resultado do segundo turno, em 30 de outubro.<\/p>\n\t<p>\n\t\t<a href=\"https:\/\/lp.suno.com.br\/ebook-como-analisar-uma-acao\/\" target=\"_blank\" data-element=\"shortcode-suno-banner\" title=\"Banner SUNO, clique e saiba mais\">\n\t\t\t<picture>\n\t\t\t\t<source media=\"(max-width: 500px)\" srcset=\"https:\/\/files.sunoresearch.com.br\/n\/uploads\/2023\/03\/Ebook-Acoes-Mobile.jpg\">\n\t\t\t\t<img class=\"newsContent__article__imgCapa newsContent__article__imgCapa--banner\"\n\t\t\t\t\tsrc=\"https:\/\/files.sunoresearch.com.br\/n\/uploads\/2023\/03\/Ebook-Acoes-Desktop.jpg\"\n\t\t\t\t\tdata-promo-id=\"311946\"\t\t\t\t\t\t\t\t\t\twidth='1420' height='286'\t\t\t\t\talt=\"https:\/\/files.sunoresearch.com.br\/n\/uploads\/2023\/03\/Ebook-Acoes-Desktop.jpg\"\n\t\t\t\t>\n\t\t\t<\/picture>\n\t\t<\/a>\n\t<\/p>\n\n\n<p>No melhor momento deste per\u00edodo p\u00f3s-eleitoral, o Ibovespa chegou aos 118.155,46 pontos, com m\u00e1xima intradia naquela sess\u00e3o a 120.039,37, no dia 4 de novembro. Considerando a m\u00e1xima e a m\u00ednima intradia desse intervalo de pouco menos de duas semanas, a varia\u00e7\u00e3o negativa chega a quase 12,8 mil pontos.<\/p>\n<p>&#8220;O mercado ficou bastante estressado pela incerteza fiscal, ap\u00f3s a apresenta\u00e7\u00e3o da PEC da Transi\u00e7\u00e3o. Ainda h\u00e1 falta de clareza em rela\u00e7\u00e3o aos gastos p\u00fablicos no ano que vem, o que \u00e9 agravado pelas falas do presidente eleito Lula sobre responsabilidade fiscal e responsabilidade social, como se fossem incompat\u00edveis&#8221; observa Gustavo Harada, chefe da mesa de <a class=\"suno-keyword\" href=\"https:\/\/www.suno.com.br\/artigos\/renda-variavel-7-dicas\/\" target=\"_blank\" rel=\"noopener\" data-force=\"no\" data-priority=\"2\">renda vari\u00e1vel<\/a> da Blackbird Investimentos. Ele destaca tamb\u00e9m o contexto externo ainda desafiador, com novas declara\u00e7\u00f5es de autoridades do Federal Reserve indicando a continuidade do ciclo de aperto nos juros na maior economia do mundo, al\u00e9m da infla\u00e7\u00e3o ao consumidor na <a class=\"suno-keyword\" href=\"https:\/\/www.suno.com.br\/artigos\/zona-do-euro\/\" target=\"_blank\" rel=\"noopener\" data-force=\"no\" data-priority=\"1\">zona do euro<\/a> em m\u00e1ximas hist\u00f3ricas, conforme dados divulgados nesta quinta-feira.<\/p>\n<p>O presidente do Federal Reserve de St. Louis, James Bullard, afirmou \u00e0 Bloomberg que as taxas de juros do Fed devem ser elevadas para a casa dos 5% a 5,25%, para conter a infla\u00e7\u00e3o mais alta em quase 40 anos, nos Estados Unidos. &#8220;Ap\u00f3s os fortes n\u00fameros sobre o varejo americano, com demanda aquecida, as declara\u00e7\u00f5es do Bullard foram como um balde de \u00e1gua fria para o mercado, ao observar que os aumentos de juros, at\u00e9 agora, tiveram apenas efeitos limitados na infla\u00e7\u00e3o, e que o BC dos Estados Unidos precisa continuar aumentando os juros, em pelo menos mais um ponto porcentual&#8221;, diz Dennis Esteves, especialista em renda vari\u00e1vel da Blue3.<\/p>\n<p>Aqui, a expectativa dos investidores se volta agora para a atua\u00e7\u00e3o do Congresso, especialmente da C\u00e2mara, sobre a PEC, no sentido de que possa haver alguma desidrata\u00e7\u00e3o, com redu\u00e7\u00e3o do valor extrateto da casa de R$ 200 bilh\u00f5es para R$ 160 bilh\u00f5es, apontaram fontes ouvidas pelo <b>Broadcast<\/b> nesta quinta-feira. A torcida por desidrata\u00e7\u00e3o da PEC ao longo da tramita\u00e7\u00e3o no Congresso contribuiu para que o Ibovespa moderasse perdas em dire\u00e7\u00e3o ao fechamento da sess\u00e3o, de baixa discreta tamb\u00e9m em Nova York nos tr\u00eas \u00edndices de refer\u00eancia. Relato de que o ex-ministro da Fazenda Guido Mantega, em carta, renunciou a participar do grupo t\u00e9cnico de planejamento e or\u00e7amento, da equipe de transi\u00e7\u00e3o, tamb\u00e9m contribuiu para reduzir a percep\u00e7\u00e3o de risco no fim da tarde &#8211; perto do fechamento, houve confirma\u00e7\u00e3o oficial.<\/p>\n<p>Cotado para ser o relator da PEC, o senador Davi Alcolumbre (Uni\u00e3o Brasil-AP) defende que o Bolsa Fam\u00edlia fique fora do <a class=\"suno-keyword\" href=\"https:\/\/www.suno.com.br\/artigos\/teto-de-gastos\/\" target=\"_blank\" rel=\"noopener\" data-force=\"no\" data-priority=\"1\">teto de gastos<\/a> s\u00f3 em 2023, segundo apurou o <b>Broadcast Pol\u00edtico<\/b>. Pela sugest\u00e3o de texto da PEC apresentada ontem ao Congresso pelo vice-presidente eleito Geraldo Alckmin, o programa social seria retirado das regras fiscais por tempo indeterminado. O PT sabe, contudo, que vai ter de negociar um prazo de validade para a medida, e aposta em quatro anos.<\/p>\n<p>O Banco Central ter\u00e1 que eventualmente rever a estrat\u00e9gia de manuten\u00e7\u00e3o da taxa de juros caso a expectativa de infla\u00e7\u00e3o mostre desancoragem \u00e0 frente, avaliou hoje o s\u00f3cio-fundador da Oriz, Carlos Kawall, durante participa\u00e7\u00e3o em evento promovido pelo <b>Estad\u00e3o<\/b>. No momento, por\u00e9m, ainda h\u00e1 bastante indecis\u00e3o sobre o cen\u00e1rio fiscal, com expectativa de que a PEC da Transi\u00e7\u00e3o n\u00e3o seja aprovada nos termos atuais pelo Congresso, ponderou Kawall.<\/p>\n<p>A minuta da PEC, detalhada ontem por Alckmin, mostra que o novo governo est\u00e1 &#8220;aumentando a aposta&#8221; e ignorando a preocupa\u00e7\u00e3o do mercado com a sustentabilidade fiscal no m\u00e9dio prazo, avalia o Goldman Sachs. &#8220;Despesas de R$ 200 bilh\u00f5es acima do teto de gastos (aproximadamente 2% do PIB estimado para 2023) formam um montante muito significativo, que provavelmente levaria a um <a class=\"suno-keyword\" href=\"https:\/\/www.suno.com.br\/artigos\/deficit-primario\/\" target=\"_blank\" rel=\"noopener\" data-force=\"no\" data-priority=\"1\">d\u00e9ficit prim\u00e1rio<\/a> em 2023 pr\u00f3ximo de 2% do PIB&#8221;, escrevem os analistas Alberto Ramos, Sergio Armella, Santiago Tellez e Renan Muta, em relat\u00f3rio. &#8220;Al\u00e9m disso, uma vez isento do teto, o programa poderia, e provavelmente vai, crescer mais nos pr\u00f3ximos anos.&#8221;<\/p>\n<p>&#8220;H\u00e1 um estresse fiscal enorme com a PEC da Transi\u00e7\u00e3o, que talvez nem seja de transi\u00e7\u00e3o, mas sim permanente, com gasto bastante elevado acima do teto, em quase R$ 200 bilh\u00f5es por ano, o que resultaria em aumento de d\u00edvida bastante forte&#8221;, observa Paulo Gala, economista-chefe do Banco Master. &#8220;Ainda que n\u00e3o seja l\u00edquido e certo, na medida em que precisa ainda passar pelo Congresso, o n\u00famero veio acima do esperado. O bode foi colocado na sala&#8221;, acrescenta o economista, chamando aten\u00e7\u00e3o em especial para o efeito sobre a curva de juros, com o mercado j\u00e1 embutindo alta na Selic para o ano que vem, quando antes se esperava corte para 2023.<\/p>\n<h2>Bolsas de NY fecham em queda, com falas de dirigentes do Fed e dados dos EUA<\/h2>\n<p>Os mercados acion\u00e1rios de Nova York come\u00e7aram o preg\u00e3o em queda e seguiram em baixa at\u00e9 o fechamento, em sess\u00e3o marcada por falas hawkish por parte de dirigentes do Federal Reserve (Fed) e dados oficiais dos Estados Unidos.<\/p>\n<p>O \u00edndice Dow Jones fechou em queda de 0,02%, aos 33.546,32, o S&amp;P 500 caiu 0,31%%, aos 3.946,56 pontos e o Nasdaq recuou 0,35%, aos 11.144,96 pontos.<\/p>\n<p>Segundo relat\u00f3rio do CMC Markets, as bolsas de Nova York reagiram fortemente \u00e0s falas do presidente do Federal Reserve de St. Louis, James Bullard, que afirmou que as taxas de juros do Fed devem ser elevadas para a casa dos 5% a 5,25%. Bullard tamb\u00e9m destacou que o banco central precisa seguir elevando os juros possivelmente em pelo menos mais um ponto porcentual.<\/p>\n<p>A presidente da distrital de Kansas City do BC americano, Esther George, destacou que o principal desafio ser\u00e1 evitar que o aumento dos juros seja pausado antes do necess\u00e1rio. Tamb\u00e9m mais cedo, o membro do Conselho do Federal Reserve (Fed), Philip Jefferson, defendeu que a infla\u00e7\u00e3o baixa \u00e9 &#8220;a chave para alcan\u00e7ar uma expans\u00e3o longa e sustentada&#8221;.<\/p>\n<p>A influ\u00eancia das falas dos dirigentes do Fed nas a\u00e7\u00f5es americanas tamb\u00e9m foi mencionada por Edward Moya, analista da Oanda. &#8220;As quedas prolongadas das a\u00e7\u00f5es ap\u00f3s a \u00faltima rodada de conversa do Fed nos lembraram que os formuladores de pol\u00edticas podem permanecer muito agressivos, apesar de uma redu\u00e7\u00e3o para um ritmo de meio ponto em dezembro&#8221;.<\/p>\n<p>Moya tamb\u00e9m afirma que, caso haja &#8220;milh\u00f5es de vagas de emprego e infla\u00e7\u00e3o acima das taxas&#8221;, o Fed pode precisar continuar subindo as taxas de juros al\u00e9m de fevereiro. Segundo ele, o rali do mercado est\u00e1 chegando ao fim, pois esta economia est\u00e1 prestes a sentir o impacto real do territ\u00f3rio restritivo.<\/p>\n<p>Hoje, \u00f3rg\u00e3os oficiais dos Estados Unidos liberaram dados sobre constru\u00e7\u00f5es de moradias iniciadas no pa\u00eds, que ca\u00edram 4,2% em outubro, e a queda dos pedidos de aux\u00edlio-desemprego. Os dados tamb\u00e9m s\u00e3o direcionamentos para a pol\u00edtica monet\u00e1ria.<\/p>\n<p>Entre as varia\u00e7\u00f5es de hoje, a CMC Markets destaca a recupera\u00e7\u00e3o da varejista Williams-Sonoma, que teve uma recupera\u00e7\u00e3o modesta de suas baixas de outubro. Hoje, a empresa fechou com alta de mais de 2,60%.<\/p>\n<p>Os investidores tamb\u00e9m mantiveram no radar o aumento de casos de covid-19 na China, que reduz as chances de flexibiliza\u00e7\u00e3o das restri\u00e7\u00f5es no pa\u00eds.<\/p>\n<h2>Maiores altas e baixas no Ibovespa<\/h2>\n<p>Assim, na B3, como ontem, setores mais sens\u00edveis a juros estiveram entre os mais penalizados nos piores momentos da sess\u00e3o de hoje, como os de varejo e constru\u00e7\u00e3o. Na ponta de perdas nesta quinta-feira, destaque para <a class=\"suno-keyword\" href=\"https:\/\/www.suno.com.br\/acoes\/QUAL3\/\" target=\"_blank\" rel=\"noopener\" data-force=\"yes\" data-priority=\"2\">Qualicorp (QUAL3)<\/a>, com queda de 10,60%, <a class=\"suno-keyword\" href=\"https:\/\/www.suno.com.br\/acoes\/ALPA4\/\" target=\"_blank\" rel=\"noopener\" data-force=\"yes\" data-priority=\"2\">Alpargatas (ALPA4)<\/a>, baixa de 6,55%, <a class=\"suno-keyword\" href=\"https:\/\/www.suno.com.br\/acoes\/BRFS3\/\" target=\"_blank\" rel=\"noopener\" data-force=\"yes\" data-priority=\"2\">BRF (BRFS3)<\/a>, que recuou 6,53%, e <a class=\"suno-keyword\" href=\"https:\/\/www.suno.com.br\/acoes\/RRRP3\/\" target=\"_blank\" rel=\"noopener\" data-force=\"yes\" data-priority=\"2\">3R Petroleum (RRRP3)<\/a>, -6,19%, em sess\u00e3o de forte queda para as cota\u00e7\u00f5es da commodity.<\/p>\n<p>Com o dia negativo tanto na frente dom\u00e9stica como na externa, o \u00edndice de consumo fechou com perda de 1,36% (no meio da tarde, cedia 3,73%) e o de materiais b\u00e1sicos, em baixa de 0,97% (ap\u00f3s ceder 2,20% no meio da tarde). Carros-chefes das commodities na B3, Petrobras (PETR3 e PETR4) e fecharam hoje, respectivamente, em baixa de 0,77% e leve alta de 0,04%, enquanto <a class=\"suno-keyword\" href=\"https:\/\/www.suno.com.br\/acoes\/VALE3\/\" target=\"_blank\" rel=\"noopener\" data-force=\"yes\" data-priority=\"2\">Vale (VALE3)<\/a> subiu 0,80%.<\/p>\n<p>Entre os grandes bancos, Bradesco ON e PN, a\u00e7\u00f5es que haviam sido muito penalizadas desde o balan\u00e7o trimestral da institui\u00e7\u00e3o financeira, subiram hoje 1,46% e 2,17%, e <a class=\"suno-keyword\" href=\"https:\/\/www.suno.com.br\/acoes\/ITUB4\/\" target=\"_blank\" rel=\"noopener\" data-force=\"yes\" data-priority=\"2\">Ita\u00fa (ITUB4)<\/a>, 0,61%, conseguindo se descolar das perdas do setor, como o <a class=\"suno-keyword\" href=\"https:\/\/www.suno.com.br\/acoes\/BBAS3\/\" target=\"_blank\" rel=\"noopener\" data-force=\"yes\" data-priority=\"2\">Banco do Brasil (BBAS3)<\/a>, que chegaram a subir 2,13% no fechamento. As duas a\u00e7\u00f5es do Bradesco, por sinal, estiveram entre as poucas do Ibovespa que, desde mais cedo, conseguiam se descolar da avers\u00e3o a risco, com destaque tamb\u00e9m no encerramento para Weg (WEG3), alta de 2,17%, <a class=\"suno-keyword\" href=\"https:\/\/www.suno.com.br\/acoes\/UGPA3\/\" target=\"_blank\" rel=\"noopener\" data-force=\"yes\" data-priority=\"2\">Ultrapar (UGPA3)<\/a>, alta de 1,94%, e <a class=\"suno-keyword\" href=\"https:\/\/www.suno.com.br\/acoes\/MGLU3\/\" target=\"_blank\" rel=\"noopener\" data-force=\"yes\" data-priority=\"2\">Magazine Luiza (MGLU3)<\/a>, que subiu 1,80%.<\/p>\n<p>&#8220;Volatilidade no c\u00e2mbio e na Bolsa, com muita coisa acontecendo no cen\u00e1rio dom\u00e9stico e externo. A PEC da Transi\u00e7\u00e3o ainda deixa a impress\u00e3o de cheque em branco para o pr\u00f3ximo governo, para cumprir as promessas de campanha sem a \u00e2ncora fiscal. Gastos p\u00fablicos que geram preocupa\u00e7\u00e3o quanto \u00e0 rela\u00e7\u00e3o d\u00edvida\/PIB, no curto como no <a class=\"suno-keyword\" href=\"https:\/\/www.suno.com.br\/artigos\/longo-prazo\/\" target=\"_blank\" rel=\"noopener\" data-force=\"no\" data-priority=\"1\">longo prazo<\/a>, o que se reflete no d\u00f3lar e na curva de juros, chegando a 14,50% em alguns pontos, com o mercado j\u00e1 sinalizando cen\u00e1rio de alta (para a Selic)&#8221;, diz Helder Wakabayashi, analista da Toro Investimentos, destacando em particular, no <strong>Ibovespa<\/strong>, o efeito delet\u00e9rio para a\u00e7\u00f5es de empresas com maior necessidade de capital ou muito endividadas.<\/p>\n<p class=\"newsProviderSignature\"><em>Com Estad\u00e3o Conte\u00fado<\/em><\/p>\n\t<p>\n\t\t<a href=\"https:\/\/lp.suno.com.br\/ebook-investindo-em-fiis\/\" target=\"_blank\" data-element=\"shortcode-suno-banner\" title=\"Banner SUNO, clique e saiba mais\">\n\t\t\t<picture>\n\t\t\t\t<source media=\"(max-width: 500px)\" srcset=\"https:\/\/files.sunoresearch.com.br\/n\/uploads\/2023\/03\/Ebook-Fundos-Imobiliarios-Mobile-1.jpg\">\n\t\t\t\t<img class=\"newsContent__article__imgCapa newsContent__article__imgCapa--banner\"\n\t\t\t\t\tsrc=\"https:\/\/files.sunoresearch.com.br\/n\/uploads\/2023\/03\/Ebook-Fundos-Imobiliarios-Desktop-1.jpg\"\n\t\t\t\t\tdata-promo-id=\"313843\"\t\t\t\t\t\t\t\t\t\twidth='1420' height='286'\t\t\t\t\talt=\"https:\/\/files.sunoresearch.com.br\/n\/uploads\/2023\/03\/Ebook-Fundos-Imobiliarios-Desktop-1.jpg\"\n\t\t\t\t>\n\t\t\t<\/picture>\n\t\t<\/a>\n\t<\/p>\n\n\n","protected":false},"excerpt":{"rendered":"<p>Embora tenha conseguido moderar significativamente o ajuste no fim da tarde, o Ibovespa se manteve em modo de corre\u00e7\u00e3o pelo segundo dia, reagindo \u00e0 apresenta\u00e7\u00e3o da PEC da Transi\u00e7\u00e3o, na noite anterior, com gasto extrateto acima do que vinha sendo precificado pelo mercado. Hoje, a refer\u00eancia da B3 fechou em baixa de 0,49%, a 109.702,78 [&hellip;]<\/p>\n","protected":false},"author":43,"featured_media":270080,"comment_status":"closed","ping_status":"closed","sticky":false,"template":"","format":"standard","meta":[],"categories":[60],"tags":[105065,721,671,681],"suno_strategy":[],"class_list":["post-319875","post","type-post","status-publish","format-standard","has-post-thumbnail","hentry","category-mercado","tag-3r-petroleum-rrrp3","tag-ibovespa","tag-ultrapar-ugpa3","tag-weg-wege3"],"yoast_head":"<!-- This site is optimized with the Yoast SEO plugin v24.4 - https:\/\/yoast.com\/wordpress\/plugins\/seo\/ -->\n<title>Ibovespa reduz perdas e cai 0,49%, aos 109,7 mil ponto<\/title>\n<meta name=\"description\" content=\"O Ibovespa se manteve em modo de corre\u00e7\u00e3o pelo segundo dia, reagindo \u00e0 apresenta\u00e7\u00e3o da PEC da Transi\u00e7\u00e3o, na noite anterior\" \/>\n<meta name=\"robots\" content=\"index, follow, max-snippet:-1, max-image-preview:large, max-video-preview:-1\" \/>\n<link rel=\"canonical\" href=\"https:\/\/www.suno.com.br\/noticias\/ibovespa-fechamento-17112022\/\" \/>\n<meta property=\"og:locale\" content=\"pt_BR\" \/>\n<meta property=\"og:type\" content=\"article\" \/>\n<meta property=\"og:title\" content=\"Ibovespa reduz perdas e cai 0,49%, aos 109,7 mil ponto\" \/>\n<meta property=\"og:description\" content=\"O Ibovespa se manteve em modo de corre\u00e7\u00e3o pelo segundo dia, reagindo \u00e0 apresenta\u00e7\u00e3o da PEC da Transi\u00e7\u00e3o, na noite anterior\" \/>\n<meta property=\"og:url\" content=\"https:\/\/www.suno.com.br\/noticias\/ibovespa-fechamento-17112022\/\" \/>\n<meta property=\"og:site_name\" content=\"Suno Not\u00edcias\" \/>\n<meta property=\"article:publisher\" content=\"https:\/\/facebook.com\/sunoresearch\" \/>\n<meta property=\"article:author\" content=\"https:\/\/www.facebook.com\/sunonoticias\/\" \/>\n<meta property=\"og:image\" content=\"https:\/\/files.sunoresearch.com.br\/n\/uploads\/2022\/06\/ibovespa-2.jpg\" \/>\n\t<meta property=\"og:image:width\" content=\"1280\" \/>\n\t<meta property=\"og:image:height\" content=\"836\" \/>\n\t<meta property=\"og:image:type\" content=\"image\/jpeg\" \/>\n<meta name=\"author\" content=\"Reda\u00e7\u00e3o Suno Not\u00edcias\" \/>\n<meta name=\"twitter:card\" content=\"summary_large_image\" \/>\n<meta name=\"twitter:creator\" content=\"@https:\/\/twitter.com\/sunoresearch\" \/>\n<meta name=\"twitter:site\" content=\"@sunoresearch\" \/>\n<meta name=\"twitter:label1\" content=\"Escrito por\" \/>\n\t<meta name=\"twitter:data1\" content=\"Reda\u00e7\u00e3o Suno Not\u00edcias\" \/>\n\t<meta name=\"twitter:label2\" content=\"Est. tempo de leitura\" \/>\n\t<meta name=\"twitter:data2\" content=\"12 minutos\" \/>\n<script type=\"application\/ld+json\" class=\"yoast-schema-graph\">{\"@context\":\"https:\/\/schema.org\",\"@graph\":[{\"@type\":\"NewsArticle\",\"@id\":\"https:\/\/www.suno.com.br\/noticias\/ibovespa-fechamento-17112022\/#article\",\"isPartOf\":{\"@id\":\"https:\/\/www.suno.com.br\/noticias\/ibovespa-fechamento-17112022\/\"},\"author\":{\"name\":\"Reda\u00e7\u00e3o Suno Not\u00edcias\",\"@id\":\"https:\/\/www.suno.com.br\/noticias\/#\/schema\/person\/c1b1bd3727fa852bd045e9dbff3673ea\"},\"headline\":\"Ibovespa cai 0,49% com risco fiscal; Weg (WEGE3) lidera altas\",\"datePublished\":\"2022-11-17T22:33:38+00:00\",\"dateModified\":\"2022-11-17T22:54:46+00:00\",\"mainEntityOfPage\":{\"@id\":\"https:\/\/www.suno.com.br\/noticias\/ibovespa-fechamento-17112022\/\"},\"wordCount\":2170,\"publisher\":{\"@id\":\"https:\/\/www.suno.com.br\/noticias\/#organization\"},\"image\":{\"@id\":\"https:\/\/www.suno.com.br\/noticias\/ibovespa-fechamento-17112022\/#primaryimage\"},\"thumbnailUrl\":\"https:\/\/files.sunoresearch.com.br\/n\/uploads\/2022\/06\/ibovespa-2.jpg\",\"keywords\":[\"3R Petroleum (RRRP3)\",\"Ibovespa\",\"Ultrapar (UGPA3)\",\"Weg (WEGE3)\"],\"articleSection\":[\"Mercado\"],\"inLanguage\":\"pt-BR\"},{\"@type\":\"WebPage\",\"@id\":\"https:\/\/www.suno.com.br\/noticias\/ibovespa-fechamento-17112022\/\",\"url\":\"https:\/\/www.suno.com.br\/noticias\/ibovespa-fechamento-17112022\/\",\"name\":\"Ibovespa reduz perdas e cai 0,49%, aos 109,7 mil ponto\",\"isPartOf\":{\"@id\":\"https:\/\/www.suno.com.br\/noticias\/#website\"},\"primaryImageOfPage\":{\"@id\":\"https:\/\/www.suno.com.br\/noticias\/ibovespa-fechamento-17112022\/#primaryimage\"},\"image\":{\"@id\":\"https:\/\/www.suno.com.br\/noticias\/ibovespa-fechamento-17112022\/#primaryimage\"},\"thumbnailUrl\":\"https:\/\/files.sunoresearch.com.br\/n\/uploads\/2022\/06\/ibovespa-2.jpg\",\"datePublished\":\"2022-11-17T22:33:38+00:00\",\"dateModified\":\"2022-11-17T22:54:46+00:00\",\"description\":\"O Ibovespa se manteve em modo de corre\u00e7\u00e3o pelo segundo dia, reagindo \u00e0 apresenta\u00e7\u00e3o da PEC da Transi\u00e7\u00e3o, na noite anterior\",\"breadcrumb\":{\"@id\":\"https:\/\/www.suno.com.br\/noticias\/ibovespa-fechamento-17112022\/#breadcrumb\"},\"inLanguage\":\"pt-BR\",\"potentialAction\":[{\"@type\":\"ReadAction\",\"target\":[\"https:\/\/www.suno.com.br\/noticias\/ibovespa-fechamento-17112022\/\"]}]},{\"@type\":\"ImageObject\",\"inLanguage\":\"pt-BR\",\"@id\":\"https:\/\/www.suno.com.br\/noticias\/ibovespa-fechamento-17112022\/#primaryimage\",\"url\":\"https:\/\/files.sunoresearch.com.br\/n\/uploads\/2022\/06\/ibovespa-2.jpg\",\"contentUrl\":\"https:\/\/files.sunoresearch.com.br\/n\/uploads\/2022\/06\/ibovespa-2.jpg\",\"width\":1280,\"height\":836,\"caption\":\"Ibovespa. Foto: Pixabay\"},{\"@type\":\"BreadcrumbList\",\"@id\":\"https:\/\/www.suno.com.br\/noticias\/ibovespa-fechamento-17112022\/#breadcrumb\",\"itemListElement\":[{\"@type\":\"ListItem\",\"position\":1,\"name\":\"Not\u00edcias\",\"item\":\"https:\/\/www.suno.com.br\/noticias\/\"},{\"@type\":\"ListItem\",\"position\":2,\"name\":\"Mercado\",\"item\":\"https:\/\/www.suno.com.br\/noticias\/mercado\/\"},{\"@type\":\"ListItem\",\"position\":3,\"name\":\"Ibovespa cai 0,49% com risco fiscal; Weg (WEGE3) lidera altas\"}]},{\"@type\":\"WebSite\",\"@id\":\"https:\/\/www.suno.com.br\/noticias\/#website\",\"url\":\"https:\/\/www.suno.com.br\/noticias\/\",\"name\":\"Suno Not\u00edcias\",\"description\":\"Seu portal de informa\u00e7\u00e3o sobre o mundo dos investimentos\",\"publisher\":{\"@id\":\"https:\/\/www.suno.com.br\/noticias\/#organization\"},\"potentialAction\":[{\"@type\":\"SearchAction\",\"target\":{\"@type\":\"EntryPoint\",\"urlTemplate\":\"https:\/\/www.suno.com.br\/noticias\/?s={search_term_string}\"},\"query-input\":{\"@type\":\"PropertyValueSpecification\",\"valueRequired\":true,\"valueName\":\"search_term_string\"}}],\"inLanguage\":\"pt-BR\"},{\"@type\":\"Organization\",\"@id\":\"https:\/\/www.suno.com.br\/noticias\/#organization\",\"name\":\"Suno Not\u00edcias\",\"url\":\"https:\/\/www.suno.com.br\/noticias\/\",\"logo\":{\"@type\":\"ImageObject\",\"inLanguage\":\"pt-BR\",\"@id\":\"https:\/\/www.suno.com.br\/noticias\/#\/schema\/logo\/image\/\",\"url\":\"https:\/\/files.sunoresearch.com.br\/n\/uploads\/2021\/09\/suno-logo.png\",\"contentUrl\":\"https:\/\/files.sunoresearch.com.br\/n\/uploads\/2021\/09\/suno-logo.png\",\"width\":180,\"height\":180,\"caption\":\"Suno Not\u00edcias\"},\"image\":{\"@id\":\"https:\/\/www.suno.com.br\/noticias\/#\/schema\/logo\/image\/\"},\"sameAs\":[\"https:\/\/facebook.com\/sunoresearch\",\"https:\/\/x.com\/sunoresearch\",\"https:\/\/www.instagram.com\/suno\",\"https:\/\/www.linkedin.com\/company\/suno-research\/\",\"https:\/\/www.youtube.com\/c\/sunoresearch\"]},{\"@type\":\"Person\",\"@id\":\"https:\/\/www.suno.com.br\/noticias\/#\/schema\/person\/c1b1bd3727fa852bd045e9dbff3673ea\",\"name\":\"Reda\u00e7\u00e3o Suno Not\u00edcias\",\"image\":{\"@type\":\"ImageObject\",\"inLanguage\":\"pt-BR\",\"@id\":\"https:\/\/www.suno.com.br\/noticias\/#\/schema\/person\/image\/\",\"url\":\"https:\/\/secure.gravatar.com\/avatar\/b8104b9b5a71985d5238ee59fbe418af?s=96&r=g\",\"contentUrl\":\"https:\/\/secure.gravatar.com\/avatar\/b8104b9b5a71985d5238ee59fbe418af?s=96&r=g\",\"caption\":\"Reda\u00e7\u00e3o Suno Not\u00edcias\"},\"description\":\"O Suno Not\u00edcias \u00e9 um portal de informa\u00e7\u00f5es sobre Mercado Financeiro, Pol\u00edtica, Neg\u00f3cios, Economia e Finan\u00e7as Pessoais.\",\"sameAs\":[\"https:\/\/www.suno.com.br\/noticias\",\"https:\/\/www.facebook.com\/sunonoticias\/\",\"https:\/\/www.instagram.com\/sunonoticias\/\",\"https:\/\/x.com\/https:\/\/twitter.com\/sunoresearch\",\"https:\/\/www.youtube.com\/sunonoticias\"],\"url\":\"https:\/\/www.suno.com.br\/noticias\/author\/redacao-suno\/\"}]}<\/script>\n<!-- \/ Yoast SEO plugin. -->","yoast_head_json":{"title":"Ibovespa reduz perdas e cai 0,49%, aos 109,7 mil ponto","description":"O Ibovespa se manteve em modo de corre\u00e7\u00e3o pelo segundo dia, reagindo \u00e0 apresenta\u00e7\u00e3o da PEC da Transi\u00e7\u00e3o, na noite anterior","robots":{"index":"index","follow":"follow","max-snippet":"max-snippet:-1","max-image-preview":"max-image-preview:large","max-video-preview":"max-video-preview:-1"},"canonical":"https:\/\/www.suno.com.br\/noticias\/ibovespa-fechamento-17112022\/","og_locale":"pt_BR","og_type":"article","og_title":"Ibovespa reduz perdas e cai 0,49%, aos 109,7 mil ponto","og_description":"O Ibovespa se manteve em modo de corre\u00e7\u00e3o pelo segundo dia, reagindo \u00e0 apresenta\u00e7\u00e3o da PEC da Transi\u00e7\u00e3o, na noite anterior","og_url":"https:\/\/www.suno.com.br\/noticias\/ibovespa-fechamento-17112022\/","og_site_name":"Suno Not\u00edcias","article_publisher":"https:\/\/facebook.com\/sunoresearch","article_author":"https:\/\/www.facebook.com\/sunonoticias\/","og_image":[{"width":1280,"height":836,"url":"https:\/\/files.sunoresearch.com.br\/n\/uploads\/2022\/06\/ibovespa-2.jpg","type":"image\/jpeg"}],"author":"Reda\u00e7\u00e3o Suno Not\u00edcias","twitter_card":"summary_large_image","twitter_creator":"@https:\/\/twitter.com\/sunoresearch","twitter_site":"@sunoresearch","twitter_misc":{"Escrito por":"Reda\u00e7\u00e3o Suno Not\u00edcias","Est. tempo de leitura":"12 minutos"},"schema":{"@context":"https:\/\/schema.org","@graph":[{"@type":"NewsArticle","@id":"https:\/\/www.suno.com.br\/noticias\/ibovespa-fechamento-17112022\/#article","isPartOf":{"@id":"https:\/\/www.suno.com.br\/noticias\/ibovespa-fechamento-17112022\/"},"author":{"name":"Reda\u00e7\u00e3o Suno Not\u00edcias","@id":"https:\/\/www.suno.com.br\/noticias\/#\/schema\/person\/c1b1bd3727fa852bd045e9dbff3673ea"},"headline":"Ibovespa cai 0,49% com risco fiscal; Weg (WEGE3) lidera altas","datePublished":"2022-11-17T22:33:38+00:00","dateModified":"2022-11-17T22:54:46+00:00","mainEntityOfPage":{"@id":"https:\/\/www.suno.com.br\/noticias\/ibovespa-fechamento-17112022\/"},"wordCount":2170,"publisher":{"@id":"https:\/\/www.suno.com.br\/noticias\/#organization"},"image":{"@id":"https:\/\/www.suno.com.br\/noticias\/ibovespa-fechamento-17112022\/#primaryimage"},"thumbnailUrl":"https:\/\/files.sunoresearch.com.br\/n\/uploads\/2022\/06\/ibovespa-2.jpg","keywords":["3R Petroleum (RRRP3)","Ibovespa","Ultrapar (UGPA3)","Weg (WEGE3)"],"articleSection":["Mercado"],"inLanguage":"pt-BR"},{"@type":"WebPage","@id":"https:\/\/www.suno.com.br\/noticias\/ibovespa-fechamento-17112022\/","url":"https:\/\/www.suno.com.br\/noticias\/ibovespa-fechamento-17112022\/","name":"Ibovespa reduz perdas e cai 0,49%, aos 109,7 mil ponto","isPartOf":{"@id":"https:\/\/www.suno.com.br\/noticias\/#website"},"primaryImageOfPage":{"@id":"https:\/\/www.suno.com.br\/noticias\/ibovespa-fechamento-17112022\/#primaryimage"},"image":{"@id":"https:\/\/www.suno.com.br\/noticias\/ibovespa-fechamento-17112022\/#primaryimage"},"thumbnailUrl":"https:\/\/files.sunoresearch.com.br\/n\/uploads\/2022\/06\/ibovespa-2.jpg","datePublished":"2022-11-17T22:33:38+00:00","dateModified":"2022-11-17T22:54:46+00:00","description":"O Ibovespa se manteve em modo de corre\u00e7\u00e3o pelo segundo dia, reagindo \u00e0 apresenta\u00e7\u00e3o da PEC da Transi\u00e7\u00e3o, na noite anterior","breadcrumb":{"@id":"https:\/\/www.suno.com.br\/noticias\/ibovespa-fechamento-17112022\/#breadcrumb"},"inLanguage":"pt-BR","potentialAction":[{"@type":"ReadAction","target":["https:\/\/www.suno.com.br\/noticias\/ibovespa-fechamento-17112022\/"]}]},{"@type":"ImageObject","inLanguage":"pt-BR","@id":"https:\/\/www.suno.com.br\/noticias\/ibovespa-fechamento-17112022\/#primaryimage","url":"https:\/\/files.sunoresearch.com.br\/n\/uploads\/2022\/06\/ibovespa-2.jpg","contentUrl":"https:\/\/files.sunoresearch.com.br\/n\/uploads\/2022\/06\/ibovespa-2.jpg","width":1280,"height":836,"caption":"Ibovespa. Foto: Pixabay"},{"@type":"BreadcrumbList","@id":"https:\/\/www.suno.com.br\/noticias\/ibovespa-fechamento-17112022\/#breadcrumb","itemListElement":[{"@type":"ListItem","position":1,"name":"Not\u00edcias","item":"https:\/\/www.suno.com.br\/noticias\/"},{"@type":"ListItem","position":2,"name":"Mercado","item":"https:\/\/www.suno.com.br\/noticias\/mercado\/"},{"@type":"ListItem","position":3,"name":"Ibovespa cai 0,49% com risco fiscal; Weg (WEGE3) lidera altas"}]},{"@type":"WebSite","@id":"https:\/\/www.suno.com.br\/noticias\/#website","url":"https:\/\/www.suno.com.br\/noticias\/","name":"Suno Not\u00edcias","description":"Seu portal de informa\u00e7\u00e3o sobre o mundo dos investimentos","publisher":{"@id":"https:\/\/www.suno.com.br\/noticias\/#organization"},"potentialAction":[{"@type":"SearchAction","target":{"@type":"EntryPoint","urlTemplate":"https:\/\/www.suno.com.br\/noticias\/?s={search_term_string}"},"query-input":{"@type":"PropertyValueSpecification","valueRequired":true,"valueName":"search_term_string"}}],"inLanguage":"pt-BR"},{"@type":"Organization","@id":"https:\/\/www.suno.com.br\/noticias\/#organization","name":"Suno Not\u00edcias","url":"https:\/\/www.suno.com.br\/noticias\/","logo":{"@type":"ImageObject","inLanguage":"pt-BR","@id":"https:\/\/www.suno.com.br\/noticias\/#\/schema\/logo\/image\/","url":"https:\/\/files.sunoresearch.com.br\/n\/uploads\/2021\/09\/suno-logo.png","contentUrl":"https:\/\/files.sunoresearch.com.br\/n\/uploads\/2021\/09\/suno-logo.png","width":180,"height":180,"caption":"Suno Not\u00edcias"},"image":{"@id":"https:\/\/www.suno.com.br\/noticias\/#\/schema\/logo\/image\/"},"sameAs":["https:\/\/facebook.com\/sunoresearch","https:\/\/x.com\/sunoresearch","https:\/\/www.instagram.com\/suno","https:\/\/www.linkedin.com\/company\/suno-research\/","https:\/\/www.youtube.com\/c\/sunoresearch"]},{"@type":"Person","@id":"https:\/\/www.suno.com.br\/noticias\/#\/schema\/person\/c1b1bd3727fa852bd045e9dbff3673ea","name":"Reda\u00e7\u00e3o Suno Not\u00edcias","image":{"@type":"ImageObject","inLanguage":"pt-BR","@id":"https:\/\/www.suno.com.br\/noticias\/#\/schema\/person\/image\/","url":"https:\/\/secure.gravatar.com\/avatar\/b8104b9b5a71985d5238ee59fbe418af?s=96&r=g","contentUrl":"https:\/\/secure.gravatar.com\/avatar\/b8104b9b5a71985d5238ee59fbe418af?s=96&r=g","caption":"Reda\u00e7\u00e3o Suno Not\u00edcias"},"description":"O Suno Not\u00edcias \u00e9 um portal de informa\u00e7\u00f5es sobre Mercado Financeiro, Pol\u00edtica, Neg\u00f3cios, Economia e Finan\u00e7as Pessoais.","sameAs":["https:\/\/www.suno.com.br\/noticias","https:\/\/www.facebook.com\/sunonoticias\/","https:\/\/www.instagram.com\/sunonoticias\/","https:\/\/x.com\/https:\/\/twitter.com\/sunoresearch","https:\/\/www.youtube.com\/sunonoticias"],"url":"https:\/\/www.suno.com.br\/noticias\/author\/redacao-suno\/"}]}},"default_loop_html":"<div class=\"cardsPage__listCard__boxs\"><div class=\"cardsPage__listCard__boxs__img\"><a href=\"https:\/\/www.suno.com.br\/noticias\/ibovespa-fechamento-17112022\/\"><img class=\"mask\" src=\"https:\/\/www.suno.com.br\/noticias\/wp-content\/themes\/suno\/resources\/images\/spotlight\/spotlight1img\/bg-mask.png\" alt=\"Image Mask\"\/><img src=\"https:\/\/files.sunoresearch.com.br\/n\/uploads\/2022\/06\/ibovespa-2-400x200.jpg\" alt=\"Ibovespa cai 0,49% com risco fiscal; Weg (WEGE3) lidera altas\"\/><\/a><span class=\"spotlightCategory\"><a href=\"https:\/\/www.suno.com.br\/noticias\/mercado\/\">Mercado<\/a><\/span><\/div><div class=\"cardsPage__listCard__boxs__content\"><a href=\"https:\/\/www.suno.com.br\/noticias\/ibovespa-fechamento-17112022\/\"><h2 class=\"content__title\">Ibovespa cai 0,49% com risco fiscal; Weg (WEGE3) lidera altas<\/h2><\/a><div class=\"newsContent__article__meta\"><div class=\"newsContent__article__meta__authorBox\"><a href=\"https:\/\/www.suno.com.br\/noticias\/author\/redacao-suno\/\" class=\"authorBox__avatar noMobi\"><img src=\"https:\/\/files.sunoresearch.com.br\/n\/uploads\/2020\/08\/0ace682d-redacao-1-150x150.webp\" alt=\"Reda\u00e7\u00e3o Suno Not\u00edcias\"><\/a><div class=\"authorBox__name\"><span>por\n\t\t\t<a href=\"https:\/\/www.suno.com.br\/noticias\/author\/redacao-suno\/\"><span itemprop=\"author\">Reda\u00e7\u00e3o Suno Not\u00edcias<\/span><\/a><\/span><time datetime=\"2022-11-17T19:33:38-03:00\" itemprop=\"datePublished\">17\/11\/2022 19:33<\/time><\/div><\/div><\/div><\/div><\/div>","single_layout":"posts","amp_enabled":true,"_links":{"self":[{"href":"https:\/\/www.suno.com.br\/noticias\/wp-json\/wp\/v2\/posts\/319875"}],"collection":[{"href":"https:\/\/www.suno.com.br\/noticias\/wp-json\/wp\/v2\/posts"}],"about":[{"href":"https:\/\/www.suno.com.br\/noticias\/wp-json\/wp\/v2\/types\/post"}],"author":[{"embeddable":true,"href":"https:\/\/www.suno.com.br\/noticias\/wp-json\/wp\/v2\/users\/43"}],"replies":[{"embeddable":true,"href":"https:\/\/www.suno.com.br\/noticias\/wp-json\/wp\/v2\/comments?post=319875"}],"version-history":[{"count":3,"href":"https:\/\/www.suno.com.br\/noticias\/wp-json\/wp\/v2\/posts\/319875\/revisions"}],"predecessor-version":[{"id":319904,"href":"https:\/\/www.suno.com.br\/noticias\/wp-json\/wp\/v2\/posts\/319875\/revisions\/319904"}],"wp:featuredmedia":[{"embeddable":true,"href":"https:\/\/www.suno.com.br\/noticias\/wp-json\/wp\/v2\/media\/270080"}],"wp:attachment":[{"href":"https:\/\/www.suno.com.br\/noticias\/wp-json\/wp\/v2\/media?parent=319875"}],"wp:term":[{"taxonomy":"category","embeddable":true,"href":"https:\/\/www.suno.com.br\/noticias\/wp-json\/wp\/v2\/categories?post=319875"},{"taxonomy":"post_tag","embeddable":true,"href":"https:\/\/www.suno.com.br\/noticias\/wp-json\/wp\/v2\/tags?post=319875"},{"taxonomy":"suno_strategy","embeddable":true,"href":"https:\/\/www.suno.com.br\/noticias\/wp-json\/wp\/v2\/suno_strategy?post=319875"}],"curies":[{"name":"wp","href":"https:\/\/api.w.org\/{rel}","templated":true}]}}