{"id":319750,"date":"2022-11-17T16:30:26","date_gmt":"2022-11-17T19:30:26","guid":{"rendered":"https:\/\/www.suno.com.br\/noticias\/?p=319750"},"modified":"2022-11-17T16:30:26","modified_gmt":"2022-11-17T19:30:26","slug":"teto-de-gastos-governo-entenda","status":"publish","type":"post","link":"https:\/\/www.suno.com.br\/noticias\/teto-de-gastos-governo-entenda\/","title":{"rendered":"O que \u00e9 o teto de gastos do governo e para que serve? Entenda"},"content":{"rendered":"<p>Saiba o que significa o<strong> <a class=\"suno-keyword\" href=\"https:\/\/www.suno.com.br\/artigos\/teto-de-gastos\/\" target=\"_blank\" rel=\"noopener\" data-force=\"no\" data-priority=\"1\">teto de gastos<\/a><\/strong> criado no governo de Michel Temer &#8211; e furado por Bolsonaro &#8211; e qual o impacto da PEC da Transi\u00e7\u00e3o de Lula na regra fiscal.<\/p>\t<div class=\"wrapper-featured-image\">\n\t\t<figure class=\"spotlightImg\">\n\n\t\t\t<picture>\n\t\t\t\t<source media=\"(max-width: 768px)\" srcset=\"https:\/\/files.sunoresearch.com.br\/n\/uploads\/2021\/04\/dee2e019-coins-948603_1280-400x200.webp\">\n\t\t\t\t<img loading=\"lazy\" decoding=\"async\" class=\"newsContent__article__imgCapa lazyloadDisabled \" src=\"https:\/\/files.sunoresearch.com.br\/n\/uploads\/2021\/04\/dee2e019-coins-948603_1280-800x450.webp\" width=\"800\" height=\"450\" alt=\"O que \u00e9 o teto de gastos do governo e para que serve? Entenda\" fetchpriority=high \/>\n\t\t\t<\/picture>\n\n\t\t\t<figcaption class=\"wp-caption-text wp-caption-text--show\">Teto de gastos. Foto: Steve Buissinne, por Pixabay.<\/figcaption>\n\t\t<\/figure>\n\t<\/div>\n\n\n\t<p>\n\t\t<a href=\"https:\/\/lp.suno.com.br\/planilha-controle-gastos\/\" target=\"_blank\" data-element=\"shortcode-suno-banner\" title=\"Banner SUNO, clique e saiba mais\">\n\t\t\t<picture>\n\t\t\t\t<source media=\"(max-width: 500px)\" srcset=\"https:\/\/files.sunoresearch.com.br\/n\/uploads\/2023\/03\/400x300-Planilha-controle-de-gastos.png\">\n\t\t\t\t<img class=\"newsContent__article__imgCapa newsContent__article__imgCapa--banner\"\n\t\t\t\t\tsrc=\"https:\/\/files.sunoresearch.com.br\/n\/uploads\/2023\/03\/1420x240-Planilha-controle-de-gastos.png\"\n\t\t\t\t\tdata-promo-id=\"311945\"\t\t\t\t\t\t\t\t\t\twidth='1420' height='240'\t\t\t\t\talt=\"https:\/\/files.sunoresearch.com.br\/n\/uploads\/2023\/03\/1420x240-Planilha-controle-de-gastos.png\"\n\t\t\t\t>\n\t\t\t<\/picture>\n\t\t<\/a>\n\t<\/p>\n\n\n<p>O teto de gastos tem sido uma das quest\u00f5es econ\u00f4micas mais discutidas na <strong>transi\u00e7\u00e3o<\/strong> entre o governo atual, de <strong>Jair Bolsonaro (PL)<\/strong>, para o do presidente eleito, <strong>Luiz In\u00e1cio Lula da Silva (PT)<\/strong>.<\/p>\n<p>A equipe de Lula prop\u00f4s retirar de forma permanente as <strong>despesas do programa de transfer\u00eancia de renda<\/strong> do teto de gastos, a regra que limita o crescimento das despesas \u00e0 infla\u00e7\u00e3o. A medida \u00e9 uma das op\u00e7\u00f5es na mesa para viabilizar o <strong>Aux\u00edlio Brasil<\/strong> (que deve voltar a se chamar Bolsa Fam\u00edlia) de R$ 600 no ano que vem.<\/p>\n<p>O coordenador-geral do governo de transi\u00e7\u00e3o, o vice-presidente eleito<strong> Geraldo Alckmin<\/strong> (PSB), afirmou que as discuss\u00f5es sobre uma nova <strong>\u00e2ncora fiscal<\/strong> que poder\u00e1 substituir o teto de gastos ocorrer\u00e3o apenas no pr\u00f3ximo ano.<\/p>\n<p>Entenda, abaixo, o que \u00e9 o teto, por que ele \u00e9 importante e o que est\u00e1 em jogo.<\/p>\n<h2><b>O que \u00e9 o teto?<\/b><\/h2>\n<p>O teto de gastos foi criado em 2016, por meio de uma emenda constitucional, e prev\u00ea um limite para as <strong>despesas do governo<\/strong>. Inicialmente, esse limite era corrigido todos os anos pela varia\u00e7\u00e3o da <a class=\"suno-keyword\" href=\"https:\/\/www.suno.com.br\/artigos\/inflacao-acumulada\/\" target=\"_blank\" rel=\"noopener\" data-force=\"no\" data-priority=\"1\">infla\u00e7\u00e3o acumulada<\/a> em 12 meses at\u00e9 junho do ano anterior. Em dezembro do ano passado, por\u00e9m, a regra mudou e passou a ser a infla\u00e7\u00e3o de janeiro a dezembro.<\/p>\n<p>O novo regime fiscal entrou em vigor em 2017, com dura\u00e7\u00e3o prevista para 20 anos. Se descumprido o teto, fica proibida a eleva\u00e7\u00e3o de despesas obrigat\u00f3rias, como reajustes de sal\u00e1rios de servidores, abertura de concurso p\u00fablico e concess\u00e3o <a class=\"suno-keyword\" href=\"https:\/\/www.suno.com.br\/artigos\/incentivos-fiscais\/\" target=\"_blank\" rel=\"noopener\" data-force=\"no\" data-priority=\"1\">incentivos fiscais<\/a>.<\/p>\n\t<p>\n\t\t<a href=\"https:\/\/lp.suno.com.br\/ebook-como-analisar-uma-acao\/\" target=\"_blank\" data-element=\"shortcode-suno-banner\" title=\"Banner SUNO, clique e saiba mais\">\n\t\t\t<picture>\n\t\t\t\t<source media=\"(max-width: 500px)\" srcset=\"https:\/\/files.sunoresearch.com.br\/n\/uploads\/2023\/03\/Ebook-Acoes-Mobile.jpg\">\n\t\t\t\t<img class=\"newsContent__article__imgCapa newsContent__article__imgCapa--banner\"\n\t\t\t\t\tsrc=\"https:\/\/files.sunoresearch.com.br\/n\/uploads\/2023\/03\/Ebook-Acoes-Desktop.jpg\"\n\t\t\t\t\tdata-promo-id=\"311946\"\t\t\t\t\t\t\t\t\t\twidth='1420' height='286'\t\t\t\t\talt=\"https:\/\/files.sunoresearch.com.br\/n\/uploads\/2023\/03\/Ebook-Acoes-Desktop.jpg\"\n\t\t\t\t>\n\t\t\t<\/picture>\n\t\t<\/a>\n\t<\/p>\n\n\n<h2><b>Por que o teto \u00e9 importante?<\/b><\/h2>\n<p>O teto foi uma das primeiras medidas propostas pelo governo Michel Temer como forma de ancorar as expectativas de investidores ap\u00f3s um per\u00edodo de forte aumento dos gastos e da<strong> <a class=\"suno-keyword\" href=\"https:\/\/www.suno.com.br\/artigos\/divida-publica\/\" target=\"_blank\" rel=\"noopener\" data-force=\"no\" data-priority=\"1\">d\u00edvida p\u00fablica<\/a> brasileira<\/strong>. Os juros estavam elevados, refletindo as incertezas sobre a sustentabilidade fiscal do Pa\u00eds, o que tornava mais caro para o Brasil emitir t\u00edtulos e se financiar no mercado.<\/p>\n<h2><b>Qual \u00e9 o problema?<\/b><\/h2>\n<p>O teto \u00e9 corrigido pela infla\u00e7\u00e3o, mas cada item de despesa tem seu pr\u00f3prio ritmo de evolu\u00e7\u00e3o. Gastos obrigat\u00f3rios, como benef\u00edcios previdenci\u00e1rios e sal\u00e1rios, t\u00eam historicamente crescido acima da infla\u00e7\u00e3o. Na pr\u00e1tica, isso significa que o espa\u00e7o para gastos &#8220;livres&#8221; da m\u00e1quina p\u00fablica, como investimentos e at\u00e9 programas sociais, \u00e9 cada vez menor.<\/p>\n<h2><b>O teto de gastos j\u00e1 foi desrespeitado?<\/b><\/h2>\n<p>No governo Bolsonaro, o teto foi &#8220;furado&#8221; cinco vezes. Segundo c\u00e1lculos do economista Br\u00e1ulio Borges, pesquisador do Instituto Brasileiro de Economia da Funda\u00e7\u00e3o Getulio Vargas (FGV\/Ibre), publicado em reportagem da BBC, o governo Bolsonaro gastou R$ 794,9 bilh\u00f5es fora do teto entre 2019 e 2022, com autoriza\u00e7\u00f5es dadas pelo Congresso e manobras como o adiamento do pagamento de precat\u00f3rios (d\u00edvidas judiciais que a Uni\u00e3o \u00e9 obrigada a cumprir).<\/p>\n<h2><b>Qual o impacto na PEC da Transi\u00e7\u00e3o de Lula na regra?<\/b><\/h2>\n<p>Se a PEC for aprovada, esta ser\u00e1 a sexta vez em que o<strong> teto de gastos<\/strong> \u00e9 &#8220;estourado&#8221;. Pela minuta entregue ontem ao Congresso pelo vice-presidente eleito, ser\u00e3o retirados do teto o equivalente a R$ 200 bilh\u00f5es. Ficariam de fora da regra:<\/p>\n<p>1) Bolsa Fam\u00edlia &#8220;turbinado&#8221; com pagamento de R$ 150 por crian\u00e7a de at\u00e9 seis anos;<\/p>\n<p>2) Despesas com projetos socioambientais ou relativos \u00e0s mudan\u00e7as clim\u00e1ticas custeadas por doa\u00e7\u00f5es;<\/p>\n<p>3) Gastos de universidades federais bancados por receitas pr\u00f3prias, como doa\u00e7\u00f5es ou conv\u00eanios;<\/p>\n<p>4) Despesas em investimentos com o excesso de arrecada\u00e7\u00e3o de receita corrente do ano anterior. O limite \u00e9 de R$ 22,9 bilh\u00f5es (o que corresponde a 6,5% do excesso de arrecada\u00e7\u00e3o de receitas correntes de 2021).<\/p>\n<p class=\"newsProviderSignature\"><em>Com informa\u00e7\u00f5es do Estad\u00e3o Conte\u00fado<\/em><\/p>\n\t<p>\n\t\t<a href=\"https:\/\/lp.suno.com.br\/ebook-investindo-em-fiis\/\" target=\"_blank\" data-element=\"shortcode-suno-banner\" title=\"Banner SUNO, clique e saiba mais\">\n\t\t\t<picture>\n\t\t\t\t<source media=\"(max-width: 500px)\" srcset=\"https:\/\/files.sunoresearch.com.br\/n\/uploads\/2023\/03\/Ebook-Fundos-Imobiliarios-Mobile-1.jpg\">\n\t\t\t\t<img class=\"newsContent__article__imgCapa newsContent__article__imgCapa--banner\"\n\t\t\t\t\tsrc=\"https:\/\/files.sunoresearch.com.br\/n\/uploads\/2023\/03\/Ebook-Fundos-Imobiliarios-Desktop-1.jpg\"\n\t\t\t\t\tdata-promo-id=\"313843\"\t\t\t\t\t\t\t\t\t\twidth='1420' height='286'\t\t\t\t\talt=\"https:\/\/files.sunoresearch.com.br\/n\/uploads\/2023\/03\/Ebook-Fundos-Imobiliarios-Desktop-1.jpg\"\n\t\t\t\t>\n\t\t\t<\/picture>\n\t\t<\/a>\n\t<\/p>\n\n\n","protected":false},"excerpt":{"rendered":"<p>Saiba o que significa o teto de gastos criado no governo de Michel Temer &#8211; e furado por Bolsonaro &#8211; e qual o impacto da PEC da Transi\u00e7\u00e3o de Lula na regra fiscal. Teto de gastos. Foto: Steve Buissinne, por Pixabay. O teto de gastos tem sido uma das quest\u00f5es econ\u00f4micas mais discutidas na transi\u00e7\u00e3o [&hellip;]<\/p>\n","protected":false},"author":43,"featured_media":137930,"comment_status":"closed","ping_status":"closed","sticky":false,"template":"","format":"standard","meta":[],"categories":[64],"tags":[1128,83329],"suno_strategy":[],"class_list":["post-319750","post","type-post","status-publish","format-standard","has-post-thumbnail","hentry","category-negocios","tag-orcamento-publico","tag-teto-de-gastos"],"yoast_head":"<!-- This site is optimized with the Yoast SEO plugin v24.4 - https:\/\/yoast.com\/wordpress\/plugins\/seo\/ -->\n<title>O que \u00e9 o teto de gastos do governo e para que serve? Entenda<\/title>\n<meta name=\"description\" content=\"Saiba o que significa o teto de gastos criado no governo de Michel Temer - e furado por Bolsonaro - e qual o impacto da PEC da Transi\u00e7\u00e3o\" \/>\n<meta name=\"robots\" content=\"index, follow, max-snippet:-1, max-image-preview:large, max-video-preview:-1\" \/>\n<link rel=\"canonical\" href=\"https:\/\/www.suno.com.br\/noticias\/teto-de-gastos-governo-entenda\/\" \/>\n<meta property=\"og:locale\" content=\"pt_BR\" \/>\n<meta property=\"og:type\" content=\"article\" \/>\n<meta property=\"og:title\" content=\"O que \u00e9 o teto de gastos do governo e para que serve? Entenda\" \/>\n<meta property=\"og:description\" content=\"Saiba o que significa o teto de gastos criado no governo de Michel Temer - e furado por Bolsonaro - e qual o impacto da PEC da Transi\u00e7\u00e3o\" \/>\n<meta property=\"og:url\" content=\"https:\/\/www.suno.com.br\/noticias\/teto-de-gastos-governo-entenda\/\" \/>\n<meta property=\"og:site_name\" content=\"Suno Not\u00edcias\" \/>\n<meta property=\"article:publisher\" content=\"https:\/\/facebook.com\/sunoresearch\" \/>\n<meta property=\"article:author\" content=\"https:\/\/www.facebook.com\/sunonoticias\/\" \/>\n<meta property=\"og:image\" content=\"https:\/\/files.sunoresearch.com.br\/n\/uploads\/2021\/04\/dee2e019-coins-948603_1280.jpg\" \/>\n\t<meta property=\"og:image:width\" content=\"1280\" \/>\n\t<meta property=\"og:image:height\" content=\"853\" \/>\n\t<meta property=\"og:image:type\" content=\"image\/jpeg\" \/>\n<meta name=\"author\" content=\"Reda\u00e7\u00e3o Suno Not\u00edcias\" \/>\n<meta name=\"twitter:card\" content=\"summary_large_image\" \/>\n<meta name=\"twitter:creator\" content=\"@https:\/\/twitter.com\/sunoresearch\" \/>\n<meta name=\"twitter:site\" content=\"@sunoresearch\" \/>\n<meta name=\"twitter:label1\" content=\"Escrito por\" \/>\n\t<meta name=\"twitter:data1\" content=\"Reda\u00e7\u00e3o Suno Not\u00edcias\" \/>\n\t<meta name=\"twitter:label2\" content=\"Est. tempo de leitura\" \/>\n\t<meta name=\"twitter:data2\" content=\"4 minutos\" \/>\n<script type=\"application\/ld+json\" class=\"yoast-schema-graph\">{\"@context\":\"https:\/\/schema.org\",\"@graph\":[{\"@type\":\"NewsArticle\",\"@id\":\"https:\/\/www.suno.com.br\/noticias\/teto-de-gastos-governo-entenda\/#article\",\"isPartOf\":{\"@id\":\"https:\/\/www.suno.com.br\/noticias\/teto-de-gastos-governo-entenda\/\"},\"author\":{\"name\":\"Reda\u00e7\u00e3o Suno Not\u00edcias\",\"@id\":\"https:\/\/www.suno.com.br\/noticias\/#\/schema\/person\/c1b1bd3727fa852bd045e9dbff3673ea\"},\"headline\":\"O que \u00e9 o teto de gastos do governo e para que serve? Entenda\",\"datePublished\":\"2022-11-17T19:30:26+00:00\",\"mainEntityOfPage\":{\"@id\":\"https:\/\/www.suno.com.br\/noticias\/teto-de-gastos-governo-entenda\/\"},\"wordCount\":681,\"publisher\":{\"@id\":\"https:\/\/www.suno.com.br\/noticias\/#organization\"},\"image\":{\"@id\":\"https:\/\/www.suno.com.br\/noticias\/teto-de-gastos-governo-entenda\/#primaryimage\"},\"thumbnailUrl\":\"https:\/\/files.sunoresearch.com.br\/n\/uploads\/2021\/04\/dee2e019-coins-948603_1280-jpg.webp\",\"keywords\":[\"Or\u00e7amento P\u00fablico\",\"teto de gastos\"],\"articleSection\":[\"Neg\u00f3cios\"],\"inLanguage\":\"pt-BR\"},{\"@type\":\"WebPage\",\"@id\":\"https:\/\/www.suno.com.br\/noticias\/teto-de-gastos-governo-entenda\/\",\"url\":\"https:\/\/www.suno.com.br\/noticias\/teto-de-gastos-governo-entenda\/\",\"name\":\"O que \u00e9 o teto de gastos do governo e para que serve? Entenda\",\"isPartOf\":{\"@id\":\"https:\/\/www.suno.com.br\/noticias\/#website\"},\"primaryImageOfPage\":{\"@id\":\"https:\/\/www.suno.com.br\/noticias\/teto-de-gastos-governo-entenda\/#primaryimage\"},\"image\":{\"@id\":\"https:\/\/www.suno.com.br\/noticias\/teto-de-gastos-governo-entenda\/#primaryimage\"},\"thumbnailUrl\":\"https:\/\/files.sunoresearch.com.br\/n\/uploads\/2021\/04\/dee2e019-coins-948603_1280-jpg.webp\",\"datePublished\":\"2022-11-17T19:30:26+00:00\",\"description\":\"Saiba o que significa o teto de gastos criado no governo de Michel Temer - e furado por Bolsonaro - e qual o impacto da PEC da Transi\u00e7\u00e3o\",\"breadcrumb\":{\"@id\":\"https:\/\/www.suno.com.br\/noticias\/teto-de-gastos-governo-entenda\/#breadcrumb\"},\"inLanguage\":\"pt-BR\",\"potentialAction\":[{\"@type\":\"ReadAction\",\"target\":[\"https:\/\/www.suno.com.br\/noticias\/teto-de-gastos-governo-entenda\/\"]}]},{\"@type\":\"ImageObject\",\"inLanguage\":\"pt-BR\",\"@id\":\"https:\/\/www.suno.com.br\/noticias\/teto-de-gastos-governo-entenda\/#primaryimage\",\"url\":\"https:\/\/files.sunoresearch.com.br\/n\/uploads\/2021\/04\/dee2e019-coins-948603_1280-jpg.webp\",\"contentUrl\":\"https:\/\/files.sunoresearch.com.br\/n\/uploads\/2021\/04\/dee2e019-coins-948603_1280-jpg.webp\",\"width\":1280,\"height\":853,\"caption\":\"Teto de gastos. Foto: Steve Buissinne, por Pixabay.\"},{\"@type\":\"BreadcrumbList\",\"@id\":\"https:\/\/www.suno.com.br\/noticias\/teto-de-gastos-governo-entenda\/#breadcrumb\",\"itemListElement\":[{\"@type\":\"ListItem\",\"position\":1,\"name\":\"Not\u00edcias\",\"item\":\"https:\/\/www.suno.com.br\/noticias\/\"},{\"@type\":\"ListItem\",\"position\":2,\"name\":\"Neg\u00f3cios\",\"item\":\"https:\/\/www.suno.com.br\/noticias\/negocios\/\"},{\"@type\":\"ListItem\",\"position\":3,\"name\":\"O que \u00e9 o teto de gastos do governo e para que serve? Entenda\"}]},{\"@type\":\"WebSite\",\"@id\":\"https:\/\/www.suno.com.br\/noticias\/#website\",\"url\":\"https:\/\/www.suno.com.br\/noticias\/\",\"name\":\"Suno Not\u00edcias\",\"description\":\"Seu portal de informa\u00e7\u00e3o sobre o mundo dos investimentos\",\"publisher\":{\"@id\":\"https:\/\/www.suno.com.br\/noticias\/#organization\"},\"potentialAction\":[{\"@type\":\"SearchAction\",\"target\":{\"@type\":\"EntryPoint\",\"urlTemplate\":\"https:\/\/www.suno.com.br\/noticias\/?s={search_term_string}\"},\"query-input\":{\"@type\":\"PropertyValueSpecification\",\"valueRequired\":true,\"valueName\":\"search_term_string\"}}],\"inLanguage\":\"pt-BR\"},{\"@type\":\"Organization\",\"@id\":\"https:\/\/www.suno.com.br\/noticias\/#organization\",\"name\":\"Suno Not\u00edcias\",\"url\":\"https:\/\/www.suno.com.br\/noticias\/\",\"logo\":{\"@type\":\"ImageObject\",\"inLanguage\":\"pt-BR\",\"@id\":\"https:\/\/www.suno.com.br\/noticias\/#\/schema\/logo\/image\/\",\"url\":\"https:\/\/files.sunoresearch.com.br\/n\/uploads\/2021\/09\/suno-logo.png\",\"contentUrl\":\"https:\/\/files.sunoresearch.com.br\/n\/uploads\/2021\/09\/suno-logo.png\",\"width\":180,\"height\":180,\"caption\":\"Suno Not\u00edcias\"},\"image\":{\"@id\":\"https:\/\/www.suno.com.br\/noticias\/#\/schema\/logo\/image\/\"},\"sameAs\":[\"https:\/\/facebook.com\/sunoresearch\",\"https:\/\/x.com\/sunoresearch\",\"https:\/\/www.instagram.com\/suno\",\"https:\/\/www.linkedin.com\/company\/suno-research\/\",\"https:\/\/www.youtube.com\/c\/sunoresearch\"]},{\"@type\":\"Person\",\"@id\":\"https:\/\/www.suno.com.br\/noticias\/#\/schema\/person\/c1b1bd3727fa852bd045e9dbff3673ea\",\"name\":\"Reda\u00e7\u00e3o Suno Not\u00edcias\",\"image\":{\"@type\":\"ImageObject\",\"inLanguage\":\"pt-BR\",\"@id\":\"https:\/\/www.suno.com.br\/noticias\/#\/schema\/person\/image\/\",\"url\":\"https:\/\/secure.gravatar.com\/avatar\/b8104b9b5a71985d5238ee59fbe418af?s=96&r=g\",\"contentUrl\":\"https:\/\/secure.gravatar.com\/avatar\/b8104b9b5a71985d5238ee59fbe418af?s=96&r=g\",\"caption\":\"Reda\u00e7\u00e3o Suno Not\u00edcias\"},\"description\":\"O Suno Not\u00edcias \u00e9 um portal de informa\u00e7\u00f5es sobre Mercado Financeiro, Pol\u00edtica, Neg\u00f3cios, Economia e Finan\u00e7as Pessoais.\",\"sameAs\":[\"https:\/\/www.suno.com.br\/noticias\",\"https:\/\/www.facebook.com\/sunonoticias\/\",\"https:\/\/www.instagram.com\/sunonoticias\/\",\"https:\/\/x.com\/https:\/\/twitter.com\/sunoresearch\",\"https:\/\/www.youtube.com\/sunonoticias\"],\"url\":\"https:\/\/www.suno.com.br\/noticias\/author\/redacao-suno\/\"}]}<\/script>\n<!-- \/ Yoast SEO plugin. -->","yoast_head_json":{"title":"O que \u00e9 o teto de gastos do governo e para que serve? Entenda","description":"Saiba o que significa o teto de gastos criado no governo de Michel Temer - e furado por Bolsonaro - e qual o impacto da PEC da Transi\u00e7\u00e3o","robots":{"index":"index","follow":"follow","max-snippet":"max-snippet:-1","max-image-preview":"max-image-preview:large","max-video-preview":"max-video-preview:-1"},"canonical":"https:\/\/www.suno.com.br\/noticias\/teto-de-gastos-governo-entenda\/","og_locale":"pt_BR","og_type":"article","og_title":"O que \u00e9 o teto de gastos do governo e para que serve? Entenda","og_description":"Saiba o que significa o teto de gastos criado no governo de Michel Temer - e furado por Bolsonaro - e qual o impacto da PEC da Transi\u00e7\u00e3o","og_url":"https:\/\/www.suno.com.br\/noticias\/teto-de-gastos-governo-entenda\/","og_site_name":"Suno Not\u00edcias","article_publisher":"https:\/\/facebook.com\/sunoresearch","article_author":"https:\/\/www.facebook.com\/sunonoticias\/","og_image":[{"width":1280,"height":853,"url":"https:\/\/files.sunoresearch.com.br\/n\/uploads\/2021\/04\/dee2e019-coins-948603_1280.jpg","type":"image\/jpeg"}],"author":"Reda\u00e7\u00e3o Suno Not\u00edcias","twitter_card":"summary_large_image","twitter_creator":"@https:\/\/twitter.com\/sunoresearch","twitter_site":"@sunoresearch","twitter_misc":{"Escrito por":"Reda\u00e7\u00e3o Suno Not\u00edcias","Est. tempo de leitura":"4 minutos"},"schema":{"@context":"https:\/\/schema.org","@graph":[{"@type":"NewsArticle","@id":"https:\/\/www.suno.com.br\/noticias\/teto-de-gastos-governo-entenda\/#article","isPartOf":{"@id":"https:\/\/www.suno.com.br\/noticias\/teto-de-gastos-governo-entenda\/"},"author":{"name":"Reda\u00e7\u00e3o Suno Not\u00edcias","@id":"https:\/\/www.suno.com.br\/noticias\/#\/schema\/person\/c1b1bd3727fa852bd045e9dbff3673ea"},"headline":"O que \u00e9 o teto de gastos do governo e para que serve? Entenda","datePublished":"2022-11-17T19:30:26+00:00","mainEntityOfPage":{"@id":"https:\/\/www.suno.com.br\/noticias\/teto-de-gastos-governo-entenda\/"},"wordCount":681,"publisher":{"@id":"https:\/\/www.suno.com.br\/noticias\/#organization"},"image":{"@id":"https:\/\/www.suno.com.br\/noticias\/teto-de-gastos-governo-entenda\/#primaryimage"},"thumbnailUrl":"https:\/\/files.sunoresearch.com.br\/n\/uploads\/2021\/04\/dee2e019-coins-948603_1280-jpg.webp","keywords":["Or\u00e7amento P\u00fablico","teto de gastos"],"articleSection":["Neg\u00f3cios"],"inLanguage":"pt-BR"},{"@type":"WebPage","@id":"https:\/\/www.suno.com.br\/noticias\/teto-de-gastos-governo-entenda\/","url":"https:\/\/www.suno.com.br\/noticias\/teto-de-gastos-governo-entenda\/","name":"O que \u00e9 o teto de gastos do governo e para que serve? Entenda","isPartOf":{"@id":"https:\/\/www.suno.com.br\/noticias\/#website"},"primaryImageOfPage":{"@id":"https:\/\/www.suno.com.br\/noticias\/teto-de-gastos-governo-entenda\/#primaryimage"},"image":{"@id":"https:\/\/www.suno.com.br\/noticias\/teto-de-gastos-governo-entenda\/#primaryimage"},"thumbnailUrl":"https:\/\/files.sunoresearch.com.br\/n\/uploads\/2021\/04\/dee2e019-coins-948603_1280-jpg.webp","datePublished":"2022-11-17T19:30:26+00:00","description":"Saiba o que significa o teto de gastos criado no governo de Michel Temer - e furado por Bolsonaro - e qual o impacto da PEC da Transi\u00e7\u00e3o","breadcrumb":{"@id":"https:\/\/www.suno.com.br\/noticias\/teto-de-gastos-governo-entenda\/#breadcrumb"},"inLanguage":"pt-BR","potentialAction":[{"@type":"ReadAction","target":["https:\/\/www.suno.com.br\/noticias\/teto-de-gastos-governo-entenda\/"]}]},{"@type":"ImageObject","inLanguage":"pt-BR","@id":"https:\/\/www.suno.com.br\/noticias\/teto-de-gastos-governo-entenda\/#primaryimage","url":"https:\/\/files.sunoresearch.com.br\/n\/uploads\/2021\/04\/dee2e019-coins-948603_1280-jpg.webp","contentUrl":"https:\/\/files.sunoresearch.com.br\/n\/uploads\/2021\/04\/dee2e019-coins-948603_1280-jpg.webp","width":1280,"height":853,"caption":"Teto de gastos. Foto: Steve Buissinne, por Pixabay."},{"@type":"BreadcrumbList","@id":"https:\/\/www.suno.com.br\/noticias\/teto-de-gastos-governo-entenda\/#breadcrumb","itemListElement":[{"@type":"ListItem","position":1,"name":"Not\u00edcias","item":"https:\/\/www.suno.com.br\/noticias\/"},{"@type":"ListItem","position":2,"name":"Neg\u00f3cios","item":"https:\/\/www.suno.com.br\/noticias\/negocios\/"},{"@type":"ListItem","position":3,"name":"O que \u00e9 o teto de gastos do governo e para que serve? Entenda"}]},{"@type":"WebSite","@id":"https:\/\/www.suno.com.br\/noticias\/#website","url":"https:\/\/www.suno.com.br\/noticias\/","name":"Suno Not\u00edcias","description":"Seu portal de informa\u00e7\u00e3o sobre o mundo dos investimentos","publisher":{"@id":"https:\/\/www.suno.com.br\/noticias\/#organization"},"potentialAction":[{"@type":"SearchAction","target":{"@type":"EntryPoint","urlTemplate":"https:\/\/www.suno.com.br\/noticias\/?s={search_term_string}"},"query-input":{"@type":"PropertyValueSpecification","valueRequired":true,"valueName":"search_term_string"}}],"inLanguage":"pt-BR"},{"@type":"Organization","@id":"https:\/\/www.suno.com.br\/noticias\/#organization","name":"Suno Not\u00edcias","url":"https:\/\/www.suno.com.br\/noticias\/","logo":{"@type":"ImageObject","inLanguage":"pt-BR","@id":"https:\/\/www.suno.com.br\/noticias\/#\/schema\/logo\/image\/","url":"https:\/\/files.sunoresearch.com.br\/n\/uploads\/2021\/09\/suno-logo.png","contentUrl":"https:\/\/files.sunoresearch.com.br\/n\/uploads\/2021\/09\/suno-logo.png","width":180,"height":180,"caption":"Suno Not\u00edcias"},"image":{"@id":"https:\/\/www.suno.com.br\/noticias\/#\/schema\/logo\/image\/"},"sameAs":["https:\/\/facebook.com\/sunoresearch","https:\/\/x.com\/sunoresearch","https:\/\/www.instagram.com\/suno","https:\/\/www.linkedin.com\/company\/suno-research\/","https:\/\/www.youtube.com\/c\/sunoresearch"]},{"@type":"Person","@id":"https:\/\/www.suno.com.br\/noticias\/#\/schema\/person\/c1b1bd3727fa852bd045e9dbff3673ea","name":"Reda\u00e7\u00e3o Suno Not\u00edcias","image":{"@type":"ImageObject","inLanguage":"pt-BR","@id":"https:\/\/www.suno.com.br\/noticias\/#\/schema\/person\/image\/","url":"https:\/\/secure.gravatar.com\/avatar\/b8104b9b5a71985d5238ee59fbe418af?s=96&r=g","contentUrl":"https:\/\/secure.gravatar.com\/avatar\/b8104b9b5a71985d5238ee59fbe418af?s=96&r=g","caption":"Reda\u00e7\u00e3o Suno Not\u00edcias"},"description":"O Suno Not\u00edcias \u00e9 um portal de informa\u00e7\u00f5es sobre Mercado Financeiro, Pol\u00edtica, Neg\u00f3cios, Economia e Finan\u00e7as Pessoais.","sameAs":["https:\/\/www.suno.com.br\/noticias","https:\/\/www.facebook.com\/sunonoticias\/","https:\/\/www.instagram.com\/sunonoticias\/","https:\/\/x.com\/https:\/\/twitter.com\/sunoresearch","https:\/\/www.youtube.com\/sunonoticias"],"url":"https:\/\/www.suno.com.br\/noticias\/author\/redacao-suno\/"}]}},"default_loop_html":"<div class=\"cardsPage__listCard__boxs\"><div class=\"cardsPage__listCard__boxs__img\"><a href=\"https:\/\/www.suno.com.br\/noticias\/teto-de-gastos-governo-entenda\/\"><img class=\"mask\" src=\"https:\/\/www.suno.com.br\/noticias\/wp-content\/themes\/suno\/resources\/images\/spotlight\/spotlight1img\/bg-mask.png\" alt=\"Image Mask\"\/><img src=\"https:\/\/files.sunoresearch.com.br\/n\/uploads\/2021\/04\/dee2e019-coins-948603_1280-400x200.webp\" alt=\"O que \u00e9 o teto de gastos do governo e para que serve? Entenda\"\/><\/a><span class=\"spotlightCategory\"><a href=\"https:\/\/www.suno.com.br\/noticias\/negocios\/\">Neg\u00f3cios<\/a><\/span><\/div><div class=\"cardsPage__listCard__boxs__content\"><a href=\"https:\/\/www.suno.com.br\/noticias\/teto-de-gastos-governo-entenda\/\"><h2 class=\"content__title\">O que \u00e9 o teto de gastos do governo e para que serve? Entenda<\/h2><\/a><div class=\"newsContent__article__meta\"><div class=\"newsContent__article__meta__authorBox\"><a href=\"https:\/\/www.suno.com.br\/noticias\/author\/redacao-suno\/\" class=\"authorBox__avatar noMobi\"><img src=\"https:\/\/files.sunoresearch.com.br\/n\/uploads\/2020\/08\/0ace682d-redacao-1-150x150.webp\" alt=\"Reda\u00e7\u00e3o Suno Not\u00edcias\"><\/a><div class=\"authorBox__name\"><span>por\n\t\t\t<a href=\"https:\/\/www.suno.com.br\/noticias\/author\/redacao-suno\/\"><span itemprop=\"author\">Reda\u00e7\u00e3o Suno Not\u00edcias<\/span><\/a><\/span><time datetime=\"2022-11-17T16:30:26-03:00\" itemprop=\"datePublished\">17\/11\/2022 16:30<\/time><\/div><\/div><\/div><\/div><\/div>","single_layout":"posts","amp_enabled":true,"_links":{"self":[{"href":"https:\/\/www.suno.com.br\/noticias\/wp-json\/wp\/v2\/posts\/319750"}],"collection":[{"href":"https:\/\/www.suno.com.br\/noticias\/wp-json\/wp\/v2\/posts"}],"about":[{"href":"https:\/\/www.suno.com.br\/noticias\/wp-json\/wp\/v2\/types\/post"}],"author":[{"embeddable":true,"href":"https:\/\/www.suno.com.br\/noticias\/wp-json\/wp\/v2\/users\/43"}],"replies":[{"embeddable":true,"href":"https:\/\/www.suno.com.br\/noticias\/wp-json\/wp\/v2\/comments?post=319750"}],"version-history":[{"count":2,"href":"https:\/\/www.suno.com.br\/noticias\/wp-json\/wp\/v2\/posts\/319750\/revisions"}],"predecessor-version":[{"id":319811,"href":"https:\/\/www.suno.com.br\/noticias\/wp-json\/wp\/v2\/posts\/319750\/revisions\/319811"}],"wp:featuredmedia":[{"embeddable":true,"href":"https:\/\/www.suno.com.br\/noticias\/wp-json\/wp\/v2\/media\/137930"}],"wp:attachment":[{"href":"https:\/\/www.suno.com.br\/noticias\/wp-json\/wp\/v2\/media?parent=319750"}],"wp:term":[{"taxonomy":"category","embeddable":true,"href":"https:\/\/www.suno.com.br\/noticias\/wp-json\/wp\/v2\/categories?post=319750"},{"taxonomy":"post_tag","embeddable":true,"href":"https:\/\/www.suno.com.br\/noticias\/wp-json\/wp\/v2\/tags?post=319750"},{"taxonomy":"suno_strategy","embeddable":true,"href":"https:\/\/www.suno.com.br\/noticias\/wp-json\/wp\/v2\/suno_strategy?post=319750"}],"curies":[{"name":"wp","href":"https:\/\/api.w.org\/{rel}","templated":true}]}}