{"id":319595,"date":"2022-11-17T12:13:35","date_gmt":"2022-11-17T15:13:35","guid":{"rendered":"https:\/\/www.suno.com.br\/noticias\/?p=319595"},"modified":"2022-11-17T12:13:35","modified_gmt":"2022-11-17T15:13:35","slug":"alckmin-anco-fiscal-debatida-2023","status":"publish","type":"post","link":"https:\/\/www.suno.com.br\/noticias\/alckmin-anco-fiscal-debatida-2023\/","title":{"rendered":"Alckmin: \u00c2ncora fiscal s\u00f3 ser\u00e1 debatida em 2023"},"content":{"rendered":"<p>Coordenador-geral do governo de transi\u00e7\u00e3o, o vice-presidente eleito <a href=\"https:\/\/www.suno.com.br\/noticias\/alckmin-pec-da-transicao-congresso-teto-de-gastos\/\">Geraldo <strong>Alckmin<\/strong> (PSB)<\/a> reiterou ontem que a <a href=\"https:\/\/www.suno.com.br\/noticias\/alckmin-chega-ao-congresso-pec-transicao-relator-orcamento\/\">Proposta de Emenda \u00e0 Constitui\u00e7\u00e3o (PEC) da Transi\u00e7\u00e3o<\/a> vai tratar apenas do Aux\u00edlio Brasil &#8211; que voltar\u00e1 a se chamar Bolsa Fam\u00edlia no pr\u00f3ximo governo -, e afirmou que as discuss\u00f5es sobre uma nova \u00e2ncora fiscal que poder\u00e1 substituir o <a class=\"suno-keyword\" href=\"https:\/\/www.suno.com.br\/artigos\/teto-de-gastos\/\" target=\"_blank\" rel=\"noopener\" data-force=\"no\" data-priority=\"1\">teto de gastos<\/a> ocorrer\u00e3o apenas no pr\u00f3ximo ano.<\/p><div class=\"videoFull \">\n\t\t\t<div class=\"videoWrapper yt-lazyload center\"\n\t\t\t\tdata-width=\"960\"\n\t\t\t\tdata-height=\"540\"\n\t\t\t\tdata-id=\"O47LmY-oXDM\"\n\t\t\t\tdata-alt=\"V\u00eddeo do YouTube - clique para reproduzir\"\n\t\t\t\tdata-logo=\"3\"\n\t\t\t\tdata-imagequality=\"maxres\">\n\t\t\t<\/div>\n\t\t<\/div><script type=\"application\/ld+json\">{\"@context\":\"https:\/\/schema.org\",\"@type\":\"VideoObject\",\"name\":\"PEC DE TRANSI\u00c7\u00c3O \u00c9 ENTREGUE, COM AUX\u00cdLIO FORA DO TETO: O QUE ESPERAR | COP 27, Petrobras (PETR4), B3\",\"description\":\"#morningcall #Not\u00edcias #pecdatransi\u00e7\u00e3o #pec #lula #elei\u00e7\u00f5es2022 #auxiliobrasil #bolsafamilia #bolsadevalores #investimentos #tetodegastos #cop27 #petrobras #petr4 \ud835\udc08\ud835\udc0d\ud835\udc12\ud835\udc02\ud835\udc11\ud835\udc04\ud835\udc15\ud835\udc00-\ud835\udc12\ud835\udc04 \ud835\udc0d\ud835\udc0e \ud835\udc02\ud835\udc00\ud835\udc0d\ud835\udc00\ud835\udc0b \ud835\udc04 \ud835\udc00\ud835\udc13\ud835\udc08\ud835\udc15\ud835\udc04 \ud835\udc0e \ud835\udc12\ud835\udc08\ud835\udc0d\ud835\udc0e \ud83d\udc47 https:\/\/bit.ly\/INSCREVA-SEATIVEOSINO \ud83d\udcda \ud83d\udcb8\ud835\udc02\ud835\udc28\ud835\udc27\ud835\udc2c\ud835\udc2d\ud835\udc2b\ud835\udc2e\ud835\udc1a \ud835\udc2e\ud835\udc26\ud835\udc1a \ud835\udc1c\ud835\udc1a\ud835\udc2b\ud835\udc2d\ud835\udc1e\ud835\udc22\ud835\udc2b\ud835\udc1a \ud835\udc1c\ud835\udc1a\ud835\udc26\ud835\udc29\ud835\udc1e\u00e3 \ud835\udc2e\ud835\udc2c\ud835\udc1a\ud835\udc27\ud835\udc1d\ud835\udc28 \ud835\udc1a\ud835\udc2c \ud835\udc2d\u00e1\ud835\udc2d\ud835\udc22\ud835\udc1c\ud835\udc1a\ud835\udc2c \ud835\udc1d\ud835\udc1a \ud835\udc12\ud835\udc2e\ud835\udc27\ud835\udc28 \ud835\udc1e \ud835\udc2d\ud835\udc1e\ud835\udc27\ud835\udc21\ud835\udc1a \ud835\udc2b\ud835\udc1e\ud835\udc2c\ud835\udc2e\ud835\udc25\ud835\udc2d\ud835\udc1a\ud835\udc1d\ud835\udc28\ud835\udc2c \ud835\udc1a\ud835\udc1c\ud835\udc22\ud835\udc26\ud835\udc1a \ud835\udc1d\ud835\udc1a \ud835\udc26\u00e9\ud835\udc1d\ud835\udc22\ud835\udc1a. \ud835\udc00 \ud835\udc01\ud835\udc25\ud835\udc1a\ud835\udc1c\ud835\udc24 \ud835\udc05\ud835\udc2b\ud835\udc22\ud835\udc1d\ud835\udc1a\ud835\udc32 \ud835\udc1e\ud835\udc2c\ud835\udc2d\u00e1 \ud835\udc1c\ud835\udc21\ud835\udc1e\ud835\udc20\ud835\udc1a\ud835\udc27\ud835\udc1d\ud835\udc28 \ud835\udc1e \ud835\udc2f\ud835\udc28\ud835\udc1c\u00ea \ud835\udc29\ud835\udc2b\ud835\udc1e\ud835\udc1c\ud835\udc22\ud835\udc2c\ud835\udc1a \ud835\udc1e\ud835\udc2c\ud835\udc2d\ud835\udc1a\ud835\udc2b \ud835\udc29\ud835\udc2b\ud835\udc1e\ud835\udc29\ud835\udc1a\ud835\udc2b\ud835\udc1a\ud835\udc1d\ud835\udc28 \ud835\udc29\ud835\udc1a\ud835\udc2b\ud835\udc1a \ud835\udc1a\ud835\udc29\ud835\udc2b\ud835\udc28\ud835\udc2f\ud835\udc1e\ud835\udc22\ud835\udc2d\ud835\udc1a\ud835\udc2b \ud835\udc1a\ud835\udc2c \ud835\udc26\ud835\udc1e\ud835\udc25\ud835\udc21\ud835\udc28\ud835\udc2b\ud835\udc1e\ud835\udc2c \ud835\udc28\ud835\udc1f\ud835\udc1e\ud835\udc2b\ud835\udc2d\ud835\udc1a\ud835\udc2c \ud835\udc1d\ud835\udc1a\u2026\",\"duration\":\"PT57M24S\",\"embedUrl\":\"https:\/\/www.youtube.com\/embed\/O47LmY-oXDM\",\"regionsAllowed\":\"pt-BR\",\"interactionStatistic\":{\"@type\":\"InteractionCounter\",\"interactionType\":{\"@type\":\"WatchAction\"},\"userInteractionCount\":3944},\"thumbnailUrl\":\"https:\/\/i.ytimg.com\/vi\/O47LmY-oXDM\/default.jpg\",\"uploadDate\":\"2022-11-17T13:08:14Z\"}<\/script>\n\n\t<p>\n\t\t<a href=\"https:\/\/lp.suno.com.br\/planilha-controle-gastos\/\" target=\"_blank\" data-element=\"shortcode-suno-banner\" title=\"Banner SUNO, clique e saiba mais\">\n\t\t\t<picture>\n\t\t\t\t<source media=\"(max-width: 500px)\" srcset=\"https:\/\/files.sunoresearch.com.br\/n\/uploads\/2023\/03\/400x300-Planilha-controle-de-gastos.png\">\n\t\t\t\t<img class=\"newsContent__article__imgCapa newsContent__article__imgCapa--banner\"\n\t\t\t\t\tsrc=\"https:\/\/files.sunoresearch.com.br\/n\/uploads\/2023\/03\/1420x240-Planilha-controle-de-gastos.png\"\n\t\t\t\t\tdata-promo-id=\"311945\"\t\t\t\t\t\t\t\t\t\twidth='1420' height='240'\t\t\t\t\talt=\"https:\/\/files.sunoresearch.com.br\/n\/uploads\/2023\/03\/1420x240-Planilha-controle-de-gastos.png\"\n\t\t\t\t>\n\t\t\t<\/picture>\n\t\t<\/a>\n\t<\/p>\n\n\n<p>&#8220;A PEC trata da quest\u00e3o do Bolsa Fam\u00edlia (atual Aux\u00edlio Brasil), que ambos os candidatos (Lula e Bolsonaro) defenderam na campanha. N\u00e3o conhe\u00e7o nenhum partido que tenha se colocado contra. Vamos fazer agora o encaminhamento para o Congresso, e acho que o texto vai ser bem recebido&#8221;, afirmou Alckmin, no Centro Cultural do Banco do Brasil, onde funciona o gabinete de transi\u00e7\u00e3o de governo do presidente eleito Luiz In\u00e1cio Lula da Silva (PT).<\/p>\n<p>&#8220;A quest\u00e3o da ancoragem fiscal vai ser debatida com mais calma, n\u00e3o ser\u00e1 nesse momento&#8221;, disse.<\/p>\n<p>Alckmin repetiu que, al\u00e9m dos R$ 600 mensais, o Aux\u00edlio Brasil vai garantir o pagamento de R$ 150 por crian\u00e7a com menos de seis anos, com as contrapartidas de vacina\u00e7\u00e3o e matr\u00edculas nas escolas. &#8220;A primeira inf\u00e2ncia \u00e9 prioridade absoluta&#8221;, disse o vice-presidente eleito.<\/p>\n<p>Alckmin afirmou ainda que o governo eleito vai trabalhar pela responsabilidade fiscal, mas disse que h\u00e1 a necessidade de ampliar os gastos p\u00fablicos em 2023.<\/p>\n<p>&#8220;N\u00e3o vai ser um governo gastador. Mas \u00e9 preciso, de um lado, um m\u00ednimo para garantir a rede de prote\u00e7\u00e3o social e, de outro, o funcionamento do Estado. N\u00e3o se pode parar obras, e \u00e9 preciso ter um m\u00ednimo para investimento que vai ser importante para a retomada do crescimento.&#8221;<\/p>\n\t<p>\n\t\t<a href=\"https:\/\/lp.suno.com.br\/ebook-como-analisar-uma-acao\/\" target=\"_blank\" data-element=\"shortcode-suno-banner\" title=\"Banner SUNO, clique e saiba mais\">\n\t\t\t<picture>\n\t\t\t\t<source media=\"(max-width: 500px)\" srcset=\"https:\/\/files.sunoresearch.com.br\/n\/uploads\/2023\/03\/Ebook-Acoes-Mobile.jpg\">\n\t\t\t\t<img class=\"newsContent__article__imgCapa newsContent__article__imgCapa--banner\"\n\t\t\t\t\tsrc=\"https:\/\/files.sunoresearch.com.br\/n\/uploads\/2023\/03\/Ebook-Acoes-Desktop.jpg\"\n\t\t\t\t\tdata-promo-id=\"311946\"\t\t\t\t\t\t\t\t\t\twidth='1420' height='286'\t\t\t\t\talt=\"https:\/\/files.sunoresearch.com.br\/n\/uploads\/2023\/03\/Ebook-Acoes-Desktop.jpg\"\n\t\t\t\t>\n\t\t\t<\/picture>\n\t\t<\/a>\n\t<\/p>\n\n\n<h2>Alckmin entrega minuta da PEC da Transi\u00e7\u00e3o ao Congresso<\/h2>\n<p>O vice-presidente eleito Geraldo Alckmin chegou h\u00e1 pouco no Congresso Nacional para entregar o texto da <strong>PEC da Transi\u00e7\u00e3o<\/strong> ao presidente da C\u00e2mara, Arthur Lira (PP-AL), e ao relator-geral do Or\u00e7amento de 2023, o senador Marcelo Castro (MDB-PI).<\/p>\n<p>Depois da reuni\u00e3o, Alckmin, Castro e o senador eleito Wellington Dias (PT-PI), indicado pelo presidente eleito Luiz In\u00e1cio Lula da Silva para liderar as discuss\u00f5es or\u00e7ament\u00e1rias com o Congresso, devem conceder entrevista coletiva.<\/p>\n<p>O encontro deve contar tamb\u00e9m com a presen\u00e7a do <strong>presidente da Comiss\u00e3o Mista de Or\u00e7amento<\/strong> (CMO), deputado Celso Sabino (Uni\u00e3o Brasil-PA), do l\u00edder do PT no Senado, Paulo Rocha (PA), e do l\u00edder do partido na C\u00e2mara, Reginaldo Lopes (MG). O presidente do Senado, Rodrigo Pacheco (PSD-MG), n\u00e3o deve participar porque ainda est\u00e1 retornando da Confer\u00eancia do Clima da ONU (COP-27).<\/p>\n<p>&#8220;Entregamos uma proposta para que o Legislativo possa analisar. \u00e9 um anteprojeto. A Proposta retira bolsa fam\u00edlia do teto; valor de R$ 600 por fam\u00edlia mais R$ 150 por crian\u00e7a at\u00e9 6 anos&#8221;, disse Alckmin. &#8220;N\u00e3o h\u00e1 cheque em branco, mas n\u00e3o faz sentido colocar valores na Constitui\u00e7\u00e3o. Sobre a receita extra, 40% das receitas extraordin\u00e1rias iriam para investimentos e 60% seguem para pagamento da d\u00edvida.\u00a0Objetivo \u00e9 chegar a investimentos da ordem de 1% do PIB.&#8221;<\/p>\n<p>Apesar da <strong>apresenta\u00e7\u00e3o da PEC da Transi\u00e7\u00e3o<\/strong>, esta ainda n\u00e3o \u00e9 a vers\u00e3o final do texto, sobre o qual ainda h\u00e1 diverg\u00eancias, apurou o <i>Broadcast Pol\u00edtico<\/i>.<\/p>\n<p><strong>Alckmin<\/strong> afirmou ainda: &#8220;N\u00e3o vamos apresentar a PEC da Transi\u00e7\u00e3o em reuni\u00e3o, vamos apresentar uma proposta para o Senado. Teremos reuni\u00e3o \u00e0s 19h com o presidente da C\u00e2mara, relator do Or\u00e7amento e presidente da CMO&#8221;, disse Alckmin ao ser questionado sobre o tema por jornalistas.<\/p>\n<p class=\"newsProviderSignature\">Com Estad\u00e3o Conte\u00fado<\/p>\n\t<p>\n\t\t<a href=\"https:\/\/lp.suno.com.br\/ebook-investindo-em-fiis\/\" target=\"_blank\" data-element=\"shortcode-suno-banner\" title=\"Banner SUNO, clique e saiba mais\">\n\t\t\t<picture>\n\t\t\t\t<source media=\"(max-width: 500px)\" srcset=\"https:\/\/files.sunoresearch.com.br\/n\/uploads\/2023\/03\/Ebook-Fundos-Imobiliarios-Mobile-1.jpg\">\n\t\t\t\t<img class=\"newsContent__article__imgCapa newsContent__article__imgCapa--banner\"\n\t\t\t\t\tsrc=\"https:\/\/files.sunoresearch.com.br\/n\/uploads\/2023\/03\/Ebook-Fundos-Imobiliarios-Desktop-1.jpg\"\n\t\t\t\t\tdata-promo-id=\"313843\"\t\t\t\t\t\t\t\t\t\twidth='1420' height='286'\t\t\t\t\talt=\"https:\/\/files.sunoresearch.com.br\/n\/uploads\/2023\/03\/Ebook-Fundos-Imobiliarios-Desktop-1.jpg\"\n\t\t\t\t>\n\t\t\t<\/picture>\n\t\t<\/a>\n\t<\/p>\n\n\n","protected":false},"excerpt":{"rendered":"<p>Coordenador-geral do governo de transi\u00e7\u00e3o, o vice-presidente eleito Geraldo Alckmin (PSB) reiterou ontem que a Proposta de Emenda \u00e0 Constitui\u00e7\u00e3o (PEC) da Transi\u00e7\u00e3o vai tratar apenas do Aux\u00edlio Brasil &#8211; que voltar\u00e1 a se chamar Bolsa Fam\u00edlia no pr\u00f3ximo governo -, e afirmou que as discuss\u00f5es sobre uma nova \u00e2ncora fiscal que poder\u00e1 substituir o [&hellip;]<\/p>\n","protected":false},"author":73,"featured_media":319547,"comment_status":"closed","ping_status":"closed","sticky":false,"template":"","format":"standard","meta":[],"categories":[61],"tags":[106444,713],"suno_strategy":[],"class_list":["post-319595","post","type-post","status-publish","format-standard","has-post-thumbnail","hentry","category-politica","tag-agencias","tag-geraldo-alckmin"],"yoast_head":"<!-- This site is optimized with the Yoast SEO plugin v24.4 - https:\/\/yoast.com\/wordpress\/plugins\/seo\/ -->\n<title>Alckmin: \u00c2ncora fiscal s\u00f3 ser\u00e1 debatida em 2023<\/title>\n<meta name=\"description\" content=\"Alckmin disse que governo vai trabalhar pela responsabilidade fiscal, mas que h\u00e1 necessidade de ampliar os gastos p\u00fablicos em 2023. Confira!\" \/>\n<meta name=\"robots\" content=\"index, follow, max-snippet:-1, max-image-preview:large, max-video-preview:-1\" \/>\n<link rel=\"canonical\" href=\"https:\/\/www.suno.com.br\/noticias\/alckmin-anco-fiscal-debatida-2023\/\" \/>\n<meta property=\"og:locale\" content=\"pt_BR\" \/>\n<meta property=\"og:type\" content=\"article\" \/>\n<meta property=\"og:title\" content=\"Alckmin: \u00c2ncora fiscal s\u00f3 ser\u00e1 debatida em 2023\" \/>\n<meta property=\"og:description\" content=\"Alckmin disse que governo vai trabalhar pela responsabilidade fiscal, mas que h\u00e1 necessidade de ampliar os gastos p\u00fablicos em 2023. Confira!\" \/>\n<meta property=\"og:url\" content=\"https:\/\/www.suno.com.br\/noticias\/alckmin-anco-fiscal-debatida-2023\/\" \/>\n<meta property=\"og:site_name\" content=\"Suno Not\u00edcias\" \/>\n<meta property=\"article:publisher\" content=\"https:\/\/facebook.com\/sunoresearch\" \/>\n<meta property=\"og:image\" content=\"https:\/\/files.sunoresearch.com.br\/n\/uploads\/2022\/11\/Geraldo-Alckmin-1.jpg\" \/>\n\t<meta property=\"og:image:width\" content=\"1280\" \/>\n\t<meta property=\"og:image:height\" content=\"853\" \/>\n\t<meta property=\"og:image:type\" content=\"image\/jpeg\" \/>\n<meta name=\"author\" content=\"Eduardo Vargas\" \/>\n<meta name=\"twitter:card\" content=\"summary_large_image\" \/>\n<meta name=\"twitter:creator\" content=\"@sunoresearch\" \/>\n<meta name=\"twitter:site\" content=\"@sunoresearch\" \/>\n<meta name=\"twitter:label1\" content=\"Escrito por\" \/>\n\t<meta name=\"twitter:data1\" content=\"Eduardo Vargas\" \/>\n\t<meta name=\"twitter:label2\" content=\"Est. tempo de leitura\" \/>\n\t<meta name=\"twitter:data2\" content=\"4 minutos\" \/>\n<script type=\"application\/ld+json\" class=\"yoast-schema-graph\">{\"@context\":\"https:\/\/schema.org\",\"@graph\":[{\"@type\":\"NewsArticle\",\"@id\":\"https:\/\/www.suno.com.br\/noticias\/alckmin-anco-fiscal-debatida-2023\/#article\",\"isPartOf\":{\"@id\":\"https:\/\/www.suno.com.br\/noticias\/alckmin-anco-fiscal-debatida-2023\/\"},\"author\":{\"name\":\"Eduardo Vargas\",\"@id\":\"https:\/\/www.suno.com.br\/noticias\/#\/schema\/person\/7f4d362bf3518e76090143ae77bb49a5\"},\"headline\":\"Alckmin: \u00c2ncora fiscal s\u00f3 ser\u00e1 debatida em 2023\",\"datePublished\":\"2022-11-17T15:13:35+00:00\",\"mainEntityOfPage\":{\"@id\":\"https:\/\/www.suno.com.br\/noticias\/alckmin-anco-fiscal-debatida-2023\/\"},\"wordCount\":633,\"publisher\":{\"@id\":\"https:\/\/www.suno.com.br\/noticias\/#organization\"},\"image\":{\"@id\":\"https:\/\/www.suno.com.br\/noticias\/alckmin-anco-fiscal-debatida-2023\/#primaryimage\"},\"thumbnailUrl\":\"https:\/\/files.sunoresearch.com.br\/n\/uploads\/2022\/11\/Geraldo-Alckmin-1.jpg\",\"keywords\":[\"Ag\u00eancias\",\"Geraldo Alckmin\"],\"articleSection\":[\"Pol\u00edtica\"],\"inLanguage\":\"pt-BR\"},{\"@type\":\"WebPage\",\"@id\":\"https:\/\/www.suno.com.br\/noticias\/alckmin-anco-fiscal-debatida-2023\/\",\"url\":\"https:\/\/www.suno.com.br\/noticias\/alckmin-anco-fiscal-debatida-2023\/\",\"name\":\"Alckmin: \u00c2ncora fiscal s\u00f3 ser\u00e1 debatida em 2023\",\"isPartOf\":{\"@id\":\"https:\/\/www.suno.com.br\/noticias\/#website\"},\"primaryImageOfPage\":{\"@id\":\"https:\/\/www.suno.com.br\/noticias\/alckmin-anco-fiscal-debatida-2023\/#primaryimage\"},\"image\":{\"@id\":\"https:\/\/www.suno.com.br\/noticias\/alckmin-anco-fiscal-debatida-2023\/#primaryimage\"},\"thumbnailUrl\":\"https:\/\/files.sunoresearch.com.br\/n\/uploads\/2022\/11\/Geraldo-Alckmin-1.jpg\",\"datePublished\":\"2022-11-17T15:13:35+00:00\",\"description\":\"Alckmin disse que governo vai trabalhar pela responsabilidade fiscal, mas que h\u00e1 necessidade de ampliar os gastos p\u00fablicos em 2023. Confira!\",\"breadcrumb\":{\"@id\":\"https:\/\/www.suno.com.br\/noticias\/alckmin-anco-fiscal-debatida-2023\/#breadcrumb\"},\"inLanguage\":\"pt-BR\",\"potentialAction\":[{\"@type\":\"ReadAction\",\"target\":[\"https:\/\/www.suno.com.br\/noticias\/alckmin-anco-fiscal-debatida-2023\/\"]}]},{\"@type\":\"ImageObject\",\"inLanguage\":\"pt-BR\",\"@id\":\"https:\/\/www.suno.com.br\/noticias\/alckmin-anco-fiscal-debatida-2023\/#primaryimage\",\"url\":\"https:\/\/files.sunoresearch.com.br\/n\/uploads\/2022\/11\/Geraldo-Alckmin-1.jpg\",\"contentUrl\":\"https:\/\/files.sunoresearch.com.br\/n\/uploads\/2022\/11\/Geraldo-Alckmin-1.jpg\",\"width\":1280,\"height\":853,\"caption\":\"Geraldo Alckmin. Foto: Fabio Rodrigues-Pozzebom\/Ag\u00eancia Brasil\"},{\"@type\":\"BreadcrumbList\",\"@id\":\"https:\/\/www.suno.com.br\/noticias\/alckmin-anco-fiscal-debatida-2023\/#breadcrumb\",\"itemListElement\":[{\"@type\":\"ListItem\",\"position\":1,\"name\":\"Not\u00edcias\",\"item\":\"https:\/\/www.suno.com.br\/noticias\/\"},{\"@type\":\"ListItem\",\"position\":2,\"name\":\"Pol\u00edtica\",\"item\":\"https:\/\/www.suno.com.br\/noticias\/politica\/\"},{\"@type\":\"ListItem\",\"position\":3,\"name\":\"Alckmin: \u00c2ncora fiscal s\u00f3 ser\u00e1 debatida em 2023\"}]},{\"@type\":\"WebSite\",\"@id\":\"https:\/\/www.suno.com.br\/noticias\/#website\",\"url\":\"https:\/\/www.suno.com.br\/noticias\/\",\"name\":\"Suno Not\u00edcias\",\"description\":\"Seu portal de informa\u00e7\u00e3o sobre o mundo dos investimentos\",\"publisher\":{\"@id\":\"https:\/\/www.suno.com.br\/noticias\/#organization\"},\"potentialAction\":[{\"@type\":\"SearchAction\",\"target\":{\"@type\":\"EntryPoint\",\"urlTemplate\":\"https:\/\/www.suno.com.br\/noticias\/?s={search_term_string}\"},\"query-input\":{\"@type\":\"PropertyValueSpecification\",\"valueRequired\":true,\"valueName\":\"search_term_string\"}}],\"inLanguage\":\"pt-BR\"},{\"@type\":\"Organization\",\"@id\":\"https:\/\/www.suno.com.br\/noticias\/#organization\",\"name\":\"Suno Not\u00edcias\",\"url\":\"https:\/\/www.suno.com.br\/noticias\/\",\"logo\":{\"@type\":\"ImageObject\",\"inLanguage\":\"pt-BR\",\"@id\":\"https:\/\/www.suno.com.br\/noticias\/#\/schema\/logo\/image\/\",\"url\":\"https:\/\/files.sunoresearch.com.br\/n\/uploads\/2021\/09\/suno-logo.png\",\"contentUrl\":\"https:\/\/files.sunoresearch.com.br\/n\/uploads\/2021\/09\/suno-logo.png\",\"width\":180,\"height\":180,\"caption\":\"Suno Not\u00edcias\"},\"image\":{\"@id\":\"https:\/\/www.suno.com.br\/noticias\/#\/schema\/logo\/image\/\"},\"sameAs\":[\"https:\/\/facebook.com\/sunoresearch\",\"https:\/\/x.com\/sunoresearch\",\"https:\/\/www.instagram.com\/suno\",\"https:\/\/www.linkedin.com\/company\/suno-research\/\",\"https:\/\/www.youtube.com\/c\/sunoresearch\"]},{\"@type\":\"Person\",\"@id\":\"https:\/\/www.suno.com.br\/noticias\/#\/schema\/person\/7f4d362bf3518e76090143ae77bb49a5\",\"name\":\"Eduardo Vargas\",\"image\":{\"@type\":\"ImageObject\",\"inLanguage\":\"pt-BR\",\"@id\":\"https:\/\/www.suno.com.br\/noticias\/#\/schema\/person\/image\/\",\"url\":\"https:\/\/secure.gravatar.com\/avatar\/dac340933427a22924c9f99d1eb2e3f2?s=96&r=g\",\"contentUrl\":\"https:\/\/secure.gravatar.com\/avatar\/dac340933427a22924c9f99d1eb2e3f2?s=96&r=g\",\"caption\":\"Eduardo Vargas\"},\"description\":\"Jornalista formado pela UFSC, cobre macroeconomia, neg\u00f3cios e startups para o Suno Not\u00edcias, escrevendo principalmente not\u00edcias sobre o mercado financeiro e a bolsa de valores. No YouTube e no Instagram, \u00e9 respons\u00e1vel pela produ\u00e7\u00e3o de Reels e Shorts do Suno Not\u00edcias. Anteriormente, trabalhou cobrindo economia e cotidiano no ND+ e para o ND, maior jornal impresso de Santa Catarina. Cursou um semestre letivo de Estudos de M\u00eddia na Universidad de Buenos Aires.\",\"url\":\"https:\/\/www.suno.com.br\/noticias\/author\/eduardo-vargas\/\"}]}<\/script>\n<!-- \/ Yoast SEO plugin. -->","yoast_head_json":{"title":"Alckmin: \u00c2ncora fiscal s\u00f3 ser\u00e1 debatida em 2023","description":"Alckmin disse que governo vai trabalhar pela responsabilidade fiscal, mas que h\u00e1 necessidade de ampliar os gastos p\u00fablicos em 2023. Confira!","robots":{"index":"index","follow":"follow","max-snippet":"max-snippet:-1","max-image-preview":"max-image-preview:large","max-video-preview":"max-video-preview:-1"},"canonical":"https:\/\/www.suno.com.br\/noticias\/alckmin-anco-fiscal-debatida-2023\/","og_locale":"pt_BR","og_type":"article","og_title":"Alckmin: \u00c2ncora fiscal s\u00f3 ser\u00e1 debatida em 2023","og_description":"Alckmin disse que governo vai trabalhar pela responsabilidade fiscal, mas que h\u00e1 necessidade de ampliar os gastos p\u00fablicos em 2023. Confira!","og_url":"https:\/\/www.suno.com.br\/noticias\/alckmin-anco-fiscal-debatida-2023\/","og_site_name":"Suno Not\u00edcias","article_publisher":"https:\/\/facebook.com\/sunoresearch","og_image":[{"width":1280,"height":853,"url":"https:\/\/files.sunoresearch.com.br\/n\/uploads\/2022\/11\/Geraldo-Alckmin-1.jpg","type":"image\/jpeg"}],"author":"Eduardo Vargas","twitter_card":"summary_large_image","twitter_creator":"@sunoresearch","twitter_site":"@sunoresearch","twitter_misc":{"Escrito por":"Eduardo Vargas","Est. tempo de leitura":"4 minutos"},"schema":{"@context":"https:\/\/schema.org","@graph":[{"@type":"NewsArticle","@id":"https:\/\/www.suno.com.br\/noticias\/alckmin-anco-fiscal-debatida-2023\/#article","isPartOf":{"@id":"https:\/\/www.suno.com.br\/noticias\/alckmin-anco-fiscal-debatida-2023\/"},"author":{"name":"Eduardo Vargas","@id":"https:\/\/www.suno.com.br\/noticias\/#\/schema\/person\/7f4d362bf3518e76090143ae77bb49a5"},"headline":"Alckmin: \u00c2ncora fiscal s\u00f3 ser\u00e1 debatida em 2023","datePublished":"2022-11-17T15:13:35+00:00","mainEntityOfPage":{"@id":"https:\/\/www.suno.com.br\/noticias\/alckmin-anco-fiscal-debatida-2023\/"},"wordCount":633,"publisher":{"@id":"https:\/\/www.suno.com.br\/noticias\/#organization"},"image":{"@id":"https:\/\/www.suno.com.br\/noticias\/alckmin-anco-fiscal-debatida-2023\/#primaryimage"},"thumbnailUrl":"https:\/\/files.sunoresearch.com.br\/n\/uploads\/2022\/11\/Geraldo-Alckmin-1.jpg","keywords":["Ag\u00eancias","Geraldo Alckmin"],"articleSection":["Pol\u00edtica"],"inLanguage":"pt-BR"},{"@type":"WebPage","@id":"https:\/\/www.suno.com.br\/noticias\/alckmin-anco-fiscal-debatida-2023\/","url":"https:\/\/www.suno.com.br\/noticias\/alckmin-anco-fiscal-debatida-2023\/","name":"Alckmin: \u00c2ncora fiscal s\u00f3 ser\u00e1 debatida em 2023","isPartOf":{"@id":"https:\/\/www.suno.com.br\/noticias\/#website"},"primaryImageOfPage":{"@id":"https:\/\/www.suno.com.br\/noticias\/alckmin-anco-fiscal-debatida-2023\/#primaryimage"},"image":{"@id":"https:\/\/www.suno.com.br\/noticias\/alckmin-anco-fiscal-debatida-2023\/#primaryimage"},"thumbnailUrl":"https:\/\/files.sunoresearch.com.br\/n\/uploads\/2022\/11\/Geraldo-Alckmin-1.jpg","datePublished":"2022-11-17T15:13:35+00:00","description":"Alckmin disse que governo vai trabalhar pela responsabilidade fiscal, mas que h\u00e1 necessidade de ampliar os gastos p\u00fablicos em 2023. Confira!","breadcrumb":{"@id":"https:\/\/www.suno.com.br\/noticias\/alckmin-anco-fiscal-debatida-2023\/#breadcrumb"},"inLanguage":"pt-BR","potentialAction":[{"@type":"ReadAction","target":["https:\/\/www.suno.com.br\/noticias\/alckmin-anco-fiscal-debatida-2023\/"]}]},{"@type":"ImageObject","inLanguage":"pt-BR","@id":"https:\/\/www.suno.com.br\/noticias\/alckmin-anco-fiscal-debatida-2023\/#primaryimage","url":"https:\/\/files.sunoresearch.com.br\/n\/uploads\/2022\/11\/Geraldo-Alckmin-1.jpg","contentUrl":"https:\/\/files.sunoresearch.com.br\/n\/uploads\/2022\/11\/Geraldo-Alckmin-1.jpg","width":1280,"height":853,"caption":"Geraldo Alckmin. Foto: Fabio Rodrigues-Pozzebom\/Ag\u00eancia Brasil"},{"@type":"BreadcrumbList","@id":"https:\/\/www.suno.com.br\/noticias\/alckmin-anco-fiscal-debatida-2023\/#breadcrumb","itemListElement":[{"@type":"ListItem","position":1,"name":"Not\u00edcias","item":"https:\/\/www.suno.com.br\/noticias\/"},{"@type":"ListItem","position":2,"name":"Pol\u00edtica","item":"https:\/\/www.suno.com.br\/noticias\/politica\/"},{"@type":"ListItem","position":3,"name":"Alckmin: \u00c2ncora fiscal s\u00f3 ser\u00e1 debatida em 2023"}]},{"@type":"WebSite","@id":"https:\/\/www.suno.com.br\/noticias\/#website","url":"https:\/\/www.suno.com.br\/noticias\/","name":"Suno Not\u00edcias","description":"Seu portal de informa\u00e7\u00e3o sobre o mundo dos investimentos","publisher":{"@id":"https:\/\/www.suno.com.br\/noticias\/#organization"},"potentialAction":[{"@type":"SearchAction","target":{"@type":"EntryPoint","urlTemplate":"https:\/\/www.suno.com.br\/noticias\/?s={search_term_string}"},"query-input":{"@type":"PropertyValueSpecification","valueRequired":true,"valueName":"search_term_string"}}],"inLanguage":"pt-BR"},{"@type":"Organization","@id":"https:\/\/www.suno.com.br\/noticias\/#organization","name":"Suno Not\u00edcias","url":"https:\/\/www.suno.com.br\/noticias\/","logo":{"@type":"ImageObject","inLanguage":"pt-BR","@id":"https:\/\/www.suno.com.br\/noticias\/#\/schema\/logo\/image\/","url":"https:\/\/files.sunoresearch.com.br\/n\/uploads\/2021\/09\/suno-logo.png","contentUrl":"https:\/\/files.sunoresearch.com.br\/n\/uploads\/2021\/09\/suno-logo.png","width":180,"height":180,"caption":"Suno Not\u00edcias"},"image":{"@id":"https:\/\/www.suno.com.br\/noticias\/#\/schema\/logo\/image\/"},"sameAs":["https:\/\/facebook.com\/sunoresearch","https:\/\/x.com\/sunoresearch","https:\/\/www.instagram.com\/suno","https:\/\/www.linkedin.com\/company\/suno-research\/","https:\/\/www.youtube.com\/c\/sunoresearch"]},{"@type":"Person","@id":"https:\/\/www.suno.com.br\/noticias\/#\/schema\/person\/7f4d362bf3518e76090143ae77bb49a5","name":"Eduardo Vargas","image":{"@type":"ImageObject","inLanguage":"pt-BR","@id":"https:\/\/www.suno.com.br\/noticias\/#\/schema\/person\/image\/","url":"https:\/\/secure.gravatar.com\/avatar\/dac340933427a22924c9f99d1eb2e3f2?s=96&r=g","contentUrl":"https:\/\/secure.gravatar.com\/avatar\/dac340933427a22924c9f99d1eb2e3f2?s=96&r=g","caption":"Eduardo Vargas"},"description":"Jornalista formado pela UFSC, cobre macroeconomia, neg\u00f3cios e startups para o Suno Not\u00edcias, escrevendo principalmente not\u00edcias sobre o mercado financeiro e a bolsa de valores. No YouTube e no Instagram, \u00e9 respons\u00e1vel pela produ\u00e7\u00e3o de Reels e Shorts do Suno Not\u00edcias. Anteriormente, trabalhou cobrindo economia e cotidiano no ND+ e para o ND, maior jornal impresso de Santa Catarina. Cursou um semestre letivo de Estudos de M\u00eddia na Universidad de Buenos Aires.","url":"https:\/\/www.suno.com.br\/noticias\/author\/eduardo-vargas\/"}]}},"default_loop_html":"<div class=\"cardsPage__listCard__boxs\"><div class=\"cardsPage__listCard__boxs__img\"><a href=\"https:\/\/www.suno.com.br\/noticias\/alckmin-anco-fiscal-debatida-2023\/\"><img class=\"mask\" src=\"https:\/\/www.suno.com.br\/noticias\/wp-content\/themes\/suno\/resources\/images\/spotlight\/spotlight1img\/bg-mask.png\" alt=\"Image Mask\"\/><img src=\"https:\/\/files.sunoresearch.com.br\/n\/uploads\/2022\/11\/Geraldo-Alckmin-1-400x200.jpg\" alt=\"Alckmin: \u00c2ncora fiscal s\u00f3 ser\u00e1 debatida em 2023\"\/><\/a><span class=\"spotlightCategory\"><a href=\"https:\/\/www.suno.com.br\/noticias\/politica\/\">Pol\u00edtica<\/a><\/span><\/div><div class=\"cardsPage__listCard__boxs__content\"><a href=\"https:\/\/www.suno.com.br\/noticias\/alckmin-anco-fiscal-debatida-2023\/\"><h2 class=\"content__title\">Alckmin: \u00c2ncora fiscal s\u00f3 ser\u00e1 debatida em 2023<\/h2><\/a><div class=\"newsContent__article__meta\"><div class=\"newsContent__article__meta__authorBox\"><a href=\"https:\/\/www.suno.com.br\/noticias\/author\/eduardo-vargas\/\" class=\"authorBox__avatar noMobi\"><img src=\"https:\/\/secure.gravatar.com\/avatar\/dac340933427a22924c9f99d1eb2e3f2?s=96&#038;r=g\" alt=\"Eduardo Vargas\"><\/a><div class=\"authorBox__name\"><span>por\n\t\t\t<a href=\"https:\/\/www.suno.com.br\/noticias\/author\/eduardo-vargas\/\"><span itemprop=\"author\">Eduardo Vargas<\/span><\/a><\/span><time datetime=\"2022-11-17T12:13:35-03:00\" itemprop=\"datePublished\">17\/11\/2022 12:13<\/time><\/div><\/div><\/div><\/div><\/div>","single_layout":"posts","amp_enabled":true,"_links":{"self":[{"href":"https:\/\/www.suno.com.br\/noticias\/wp-json\/wp\/v2\/posts\/319595"}],"collection":[{"href":"https:\/\/www.suno.com.br\/noticias\/wp-json\/wp\/v2\/posts"}],"about":[{"href":"https:\/\/www.suno.com.br\/noticias\/wp-json\/wp\/v2\/types\/post"}],"author":[{"embeddable":true,"href":"https:\/\/www.suno.com.br\/noticias\/wp-json\/wp\/v2\/users\/73"}],"replies":[{"embeddable":true,"href":"https:\/\/www.suno.com.br\/noticias\/wp-json\/wp\/v2\/comments?post=319595"}],"version-history":[{"count":2,"href":"https:\/\/www.suno.com.br\/noticias\/wp-json\/wp\/v2\/posts\/319595\/revisions"}],"predecessor-version":[{"id":319665,"href":"https:\/\/www.suno.com.br\/noticias\/wp-json\/wp\/v2\/posts\/319595\/revisions\/319665"}],"wp:featuredmedia":[{"embeddable":true,"href":"https:\/\/www.suno.com.br\/noticias\/wp-json\/wp\/v2\/media\/319547"}],"wp:attachment":[{"href":"https:\/\/www.suno.com.br\/noticias\/wp-json\/wp\/v2\/media?parent=319595"}],"wp:term":[{"taxonomy":"category","embeddable":true,"href":"https:\/\/www.suno.com.br\/noticias\/wp-json\/wp\/v2\/categories?post=319595"},{"taxonomy":"post_tag","embeddable":true,"href":"https:\/\/www.suno.com.br\/noticias\/wp-json\/wp\/v2\/tags?post=319595"},{"taxonomy":"suno_strategy","embeddable":true,"href":"https:\/\/www.suno.com.br\/noticias\/wp-json\/wp\/v2\/suno_strategy?post=319595"}],"curies":[{"name":"wp","href":"https:\/\/api.w.org\/{rel}","templated":true}]}}