{"id":319510,"date":"2022-11-17T00:00:39","date_gmt":"2022-11-17T03:00:39","guid":{"rendered":"https:\/\/www.suno.com.br\/noticias\/?p=319510"},"modified":"2022-11-17T00:00:39","modified_gmt":"2022-11-17T03:00:39","slug":"radar-petrobras-petr4-embraer-embr3-cosan-csan3","status":"publish","type":"post","link":"https:\/\/www.suno.com.br\/noticias\/radar-petrobras-petr4-embraer-embr3-cosan-csan3\/","title":{"rendered":"Radar: Petrobras (PETR4) reduz pre\u00e7o do g\u00e1s; Embraer (EMBR3) salta 10% no Ibovespa e Cosan (CSAN3) tem aval para aumentar fatia na Vale (VALE3)"},"content":{"rendered":"<p>Nesta quarta-feira (16), a <a href=\"https:\/\/www.suno.com.br\/acoes\/petr4\/\"><strong>Petrobras<\/strong> <strong>(PETR4)<\/strong> <\/a>anunciou a diminui\u00e7\u00e3o do pre\u00e7o do<strong> g\u00e1s de c<\/strong><strong>ozinha<\/strong> (<strong>GLP<\/strong>) vendido \u00e0s distribuidoras. A partir desta quinta-feira (17), o valor m\u00e9dio reduzir\u00e1 de R$ 3,7842\/kg para R$ 3,5842\/kg. Isso representa um corte de 5,3%.<\/p>\t<div class=\"wrapper-featured-image\">\n\t\t<figure class=\"spotlightImg\">\n\n\t\t\t<picture>\n\t\t\t\t<source media=\"(max-width: 768px)\" srcset=\"https:\/\/files.sunoresearch.com.br\/n\/uploads\/2022\/07\/Petrobras-400x200.jpg\">\n\t\t\t\t<img loading=\"lazy\" decoding=\"async\" class=\"newsContent__article__imgCapa lazyloadDisabled \" src=\"https:\/\/files.sunoresearch.com.br\/n\/uploads\/2022\/07\/Petrobras-800x450.jpg\" width=\"800\" height=\"450\" alt=\"Radar: Petrobras (PETR4) reduz pre\u00e7o do g\u00e1s; Embraer (EMBR3) salta 10% no Ibovespa e Cosan (CSAN3) tem aval para aumentar fatia na Vale (VALE3)\" fetchpriority=high \/>\n\t\t\t<\/picture>\n\n\t\t\t<figcaption class=\"wp-caption-text wp-caption-text--show\">Petrobras (PETR4). Foto: Fl\u00e1vio Emanuel\/Ag\u00eancia Petrobras<\/figcaption>\n\t\t<\/figure>\n\t<\/div>\n\n\n\t<p>\n\t\t<a href=\"https:\/\/lp.suno.com.br\/planilha-controle-gastos\/\" target=\"_blank\" data-element=\"shortcode-suno-banner\" title=\"Banner SUNO, clique e saiba mais\">\n\t\t\t<picture>\n\t\t\t\t<source media=\"(max-width: 500px)\" srcset=\"https:\/\/files.sunoresearch.com.br\/n\/uploads\/2023\/03\/400x300-Planilha-controle-de-gastos.png\">\n\t\t\t\t<img class=\"newsContent__article__imgCapa newsContent__article__imgCapa--banner\"\n\t\t\t\t\tsrc=\"https:\/\/files.sunoresearch.com.br\/n\/uploads\/2023\/03\/1420x240-Planilha-controle-de-gastos.png\"\n\t\t\t\t\tdata-promo-id=\"311945\"\t\t\t\t\t\t\t\t\t\twidth='1420' height='240'\t\t\t\t\talt=\"https:\/\/files.sunoresearch.com.br\/n\/uploads\/2023\/03\/1420x240-Planilha-controle-de-gastos.png\"\n\t\t\t\t>\n\t\t\t<\/picture>\n\t\t<\/a>\n\t<\/p>\n\n\n<p>Dessa forma, um <strong>botij\u00e3o de g\u00e1s<\/strong> de 13 kg passar\u00e1 a ter um <a class=\"suno-keyword\" href=\"https:\/\/www.suno.com.br\/artigos\/preco-medio\/\" target=\"_blank\" rel=\"noopener\" data-force=\"no\" data-priority=\"1\">pre\u00e7o m\u00e9dio<\/a> de R$ 46,59. Esse reajuste divulgado pela Petrobras representa um corte m\u00e9dio de R$ 2,60 por 13 kg.<\/p>\n<p>Segundo a Petrobras, a redu\u00e7\u00e3o no<strong> pre\u00e7o do g\u00e1s de cozinha<\/strong> \u201cacompanha a evolu\u00e7\u00e3o dos pre\u00e7os de refer\u00eancia\u201d.<\/p>\n<p>A estatal afirma ainda que a medida \u201c\u00e9 coerente com a pr\u00e1tica de <strong>pre\u00e7os da Petrobras<\/strong>, que busca o equil\u00edbrio dos seus pre\u00e7os com o mercado, mas sem o repasse para os pre\u00e7os internos da volatilidade conjuntural das cota\u00e7\u00f5es e da taxa de c\u00e2mbio\u201d.<\/p>\n<h2>Petrobras reduz pre\u00e7o do g\u00e1s de cozinha pela quarta vez seguida<\/h2>\n<p>A Petrobras reduziu o valor m\u00e9dio do g\u00e1s de cozinha pela quarta vez consecutiva.<\/p>\n<p>A \u00faltima mudan\u00e7a no pre\u00e7o m\u00e9dio do GLP pela Petrobras aconteceu em 23 de setembro. Na ocasi\u00e3o, a petroleira reduziu o pre\u00e7o vendido \u00e0s distribuidoras em 6%.<\/p>\n<p>No dia 13 de setembro, a estatal tinha promovido uma redu\u00e7\u00e3o m\u00e9dia de 4,7%. J\u00e1 em 9 de abril, o valor do g\u00e1s de cozinha diminuiu em 5,58%.<\/p>\n<h2>Pre\u00e7o m\u00e9dio do g\u00e1s de cozinha aos consumidores<\/h2>\n<p>Na semana finalizada em 12 de novembro, o pre\u00e7o m\u00e9dio do botij\u00e3o de g\u00e1s de 13 kg aos consumidores no pa\u00eds foi de R$ 110,42, de acordo com a Ag\u00eancia Nacional do Petr\u00f3leo (ANP).<\/p>\n<p>Deste total, R$ 49,19 eram relativos \u00e0 parcela da Petrobras. Vale destacar que outros fatores tamb\u00e9m comp\u00f5em o pre\u00e7o cobrado dos consumidores, como o <a class=\"suno-keyword\" href=\"https:\/\/www.suno.com.br\/artigos\/icms\/\" target=\"_blank\" rel=\"noopener\" data-force=\"no\" data-priority=\"2\">Imposto sobre Circula\u00e7\u00e3o de Mercadorias e Servi\u00e7os (ICMS)<\/a>, e distribui\u00e7\u00e3o e revenda.<\/p>\n<p>Na semana imediatamente anterior, o valor m\u00e9dio era de R$ 109,86. Entre os dois per\u00edodos, houve um aumento de 0,5%. Sendo assim, mesmo com as redu\u00e7\u00f5es consecutivas realizadas pela <strong>Petrobras<\/strong>, o valor m\u00e9dio do g\u00e1s de cozinha apresentou uma tend\u00eancia oposta.<\/p>\n<p><em>Al\u00e9m da\u00a0<strong>Petrobras<\/strong>, confira outros destaques desta quarta-feira:<\/em><\/p>\n\t<div data-element=\"shortcode-read-more\" class=\"knowMore\">\n\t\t\t\t<span class=\"knowMore__title\">leia a mat\u00e9ria completa<\/span>\n\t\t\t\t<a class=\"knowMore__link\" href=\"https:\/\/www.suno.com.br\/noticias\/nubank-nubr33-primeiro-lucro-acoes-comprar\/\">\n\t\t\tNubank (NUBR33): Ap\u00f3s &#039;primeiro lucro&#039;, \u00e9 hora de comprar a\u00e7\u00f5es? Veja an\u00e1lises\t\t<\/a>\n\t<\/div>\n\n\n<h2>Nubank (NUBR33): aplicativo enfrenta oscila\u00e7\u00f5es nesta quarta-feira (16)<\/h2>\n<ul>\n<li>O aplicativo do <strong>Nubank<\/strong> (<a class=\"suno-keyword\" href=\"https:\/\/www.suno.com.br\/bdrs\/nubr33\/\" target=\"_blank\" rel=\"noopener\" data-force=\"yes\" data-priority=\"2\">NUBR33<\/a>) enfrenta oscila\u00e7\u00f5es nesta quarta-feira (16). Relatos de usu\u00e1rios nas redes sociais e em sites especializados apontam para problemas na visualiza\u00e7\u00e3o de saldos da conta ou em fun\u00e7\u00f5es como o Pix.<\/li>\n<li>Segundo o site Downdetector, que re\u00fane reclama\u00e7\u00f5es sobre o funcionamento de aplicativos, as notifica\u00e7\u00f5es de problemas com o <strong>aplicativo do Nubank <\/strong>cresceram no in\u00edcio da tarde, e se mantiveram acima da m\u00e9dia ap\u00f3s as 16h. Cerca de 60% dos problemas notificados referiam-se ao saldo da conta, 21%, ao login e 18% ao Pix.<\/li>\n<li>No Twitter, <strong>usu\u00e1rios do Nubank<\/strong> reclamavam destes problemas em publica\u00e7\u00f5es em que marcavam o perfil oficial da institui\u00e7\u00e3o. &#8220;O que t\u00e1 rolando com a @nubank? Sem conseguir fazer pagamentos e nem visualizar saldo&#8221;, relatou uma usu\u00e1ria.<\/li>\n<li>Outros publicaram reprodu\u00e7\u00f5es da tele do aplicativo que mostravam que o saldo n\u00e3o era exibido.<\/li>\n<li>Em nota, o Nubank disse que a situa\u00e7\u00e3o est\u00e1 em normaliza\u00e7\u00e3o. &#8220;Observamos algumas oscila\u00e7\u00f5es no app Nubank. Nosso time j\u00e1 est\u00e1 trabalhando para normalizar a situa\u00e7\u00e3o o mais r\u00e1pido poss\u00edvel&#8221;, disse a fintech, em posicionamento enviado ao <i>Broadcast<\/i>, sistema de not\u00edcias em tempo real do Grupo Estado.<\/li>\n<li class=\"wpview wpview-wrap\" contenteditable=\"false\" data-wpview-text=\"%5Bembed%5Dhttps%3A%2F%2Ftwitter.com%2FJxnyftn%2Fstatus%2F1592922833788620800%3Fs%3D20%26amp%3Bt%3DrPz2DCZg-4VSXPbc-rb77w%5B%2Fembed%5D\" data-wpview-type=\"embed\">\n<blockquote class=\"twitter-tweet\" data-width=\"550\" data-dnt=\"true\">\n<p dir=\"ltr\" lang=\"pt\">Toda vez que a Nubank morre eu automaticamente: \ud83e\udd21 <a href=\"https:\/\/t.co\/YVgJsUyeUd\">pic.twitter.com\/YVgJsUyeUd<\/a><\/p>\n<p>\u2014 Jony (@Jxnyftn) <a href=\"https:\/\/twitter.com\/Jxnyftn\/status\/1592922833788620800?ref_src=twsrc%5Etfw\">November 16, 2022<\/a><\/p><\/blockquote>\n<\/li>\n<li class=\"wpview wpview-wrap\" contenteditable=\"false\" data-wpview-text=\"%5Bembed%5Dhttps%3A%2F%2Ftwitter.com%2FNayaBRodrigues%2Fstatus%2F1592905970241667074%3Fs%3D20%26amp%3Bt%3DABOhrd5Nbs80y0Uc1hM-CA%5B%2Fembed%5D\" data-wpview-type=\"embed\">\n<blockquote class=\"twitter-tweet\" data-width=\"550\" data-dnt=\"true\">\n<p dir=\"ltr\" lang=\"pt\">O de mais algu\u00e9m t\u00e1 assim? Bora Nubank, reage <a href=\"https:\/\/t.co\/dGExbdPyRD\">pic.twitter.com\/dGExbdPyRD<\/a><\/p>\n<p>\u2014 Nayara Rodrigues (@NayaBRodrigues) <a href=\"https:\/\/twitter.com\/NayaBRodrigues\/status\/1592905970241667074?ref_src=twsrc%5Etfw\">November 16, 2022<\/a><\/p><\/blockquote>\n<\/li>\n<li class=\"wpview wpview-wrap\" contenteditable=\"false\" data-wpview-text=\"%5Bembed%5Dhttps%3A%2F%2Ftwitter.com%2Fmilleofthecaos%2Fstatus%2F1592980098558603264%3Fs%3D20%26amp%3Bt%3D7HPGfnyCh-VMrt4mDEh3Ww%5B%2Fembed%5D\" data-wpview-type=\"embed\">\n<blockquote class=\"twitter-tweet\" data-width=\"550\" data-dnt=\"true\">\n<p dir=\"ltr\" lang=\"pt\">Nubank fora do ar<\/p>\n<p>Ponto positivo: sumiu com a minha fatura<br \/>\nPonto negativo: sumiu com o meu saldo<br \/>\nBora meu fi, eu tenho conta para pagar <a href=\"https:\/\/t.co\/q7iFi4q0At\">pic.twitter.com\/q7iFi4q0At<\/a><\/p>\n<p>\u2014 Monegata esperando PMP (@milleofthecaos) <a href=\"https:\/\/twitter.com\/milleofthecaos\/status\/1592980098558603264?ref_src=twsrc%5Etfw\">November 16, 2022<\/a><\/p><\/blockquote>\n<\/li>\n<li><\/li>\n<li>O Ita\u00fa BBA, por exemplo, viu \u2018resultados mistos\u2019 mesmo com o US$ 7,8 milh\u00f5es de <a class=\"suno-keyword\" href=\"https:\/\/www.suno.com.br\/artigos\/lucro-liquido\/\" target=\"_blank\" rel=\"noopener\" data-force=\"no\" data-priority=\"1\">lucro l\u00edquido<\/a> do Nubank. Os analistas da casa seguiram com recomenda\u00e7\u00e3o de venda (\u2018underperform\u2019) para os pap\u00e9is, com US$ 3,50 de pre\u00e7o-alvo para as a\u00e7\u00f5es listadas na NYSE, ante cota\u00e7\u00e3o atual de US$ 4,78.<\/li>\n<li>\u201cO Nubank reportou resultados mistos no 3T22. O resultado final foi um pouco acima das expectativas, mas v\u00e1rios indicadores importantes foram mais fracos do que o esperado. Carteira de cr\u00e9dito desacelerou significativamente, com cr\u00e9dito pessoal est\u00e1vel, indicando desafios em uma importante via de crescimento\u201d, disseram os analistas.<\/li>\n<li>Segundo a casa, a taxa de cr\u00e9dito n\u00e3o produtivo (Non-performing loan, ou NPL) aumentou, com custos de provis\u00e3o correndo \u00e0 frente do crescimento da carteira de empr\u00e9stimos.<\/li>\n<li>J\u00e1 o Bank of America (BofA) manteve sua recomenda\u00e7\u00e3o neutra para as a\u00e7\u00f5es do Nubank, destacando melhora na monetiza\u00e7\u00e3o ante uma deteriora\u00e7\u00e3o do cr\u00e9dito assim como citado pelo BBA.<\/li>\n<li class=\"newsProviderSignature\"><em>(Com informa\u00e7\u00f5es do Estad\u00e3o Conte\u00fado)<\/em><\/li>\n<\/ul>\n<h2>Embraer (EMBR3) dispara quase 10% em dia de baixa no Ibovespa. O que aconteceu?<\/h2>\n<ul>\n<li>Nesta quarta-feira (16), a <strong><a class=\"suno-keyword\" href=\"https:\/\/www.suno.com.br\/acoes\/EMBR3\/\" target=\"_blank\" rel=\"noopener\" data-force=\"yes\" data-priority=\"2\">Embraer (EMBR3)<\/a><\/strong> liderou as altas do Ibovespa. No fechamento, os ativos da empresa dispararam 9,94%, a R$ 14,38. A valoriza\u00e7\u00e3o veio em sentido oposto ao principal \u00edndice da bolsa de valores brasileira, afetada pelo cen\u00e1rio pol\u00edtico.<\/li>\n<li>Na sess\u00e3o p\u00f3s-feriado, poucas a\u00e7\u00f5es que integram o\u00a0<strong>Ibovespa<\/strong> registraram alta. Entre os destaques positivos, a Embraer liderou com folga.<\/li>\n<li>A valoriza\u00e7\u00e3o das\u00a0<strong>a\u00e7\u00f5es da Embraer<\/strong> acontece ap\u00f3s o tombo de 6,10% no preg\u00e3o anterior. A queda no in\u00edcio da semana tinha ocorrido ap\u00f3s a divulga\u00e7\u00e3o do balan\u00e7o do terceiro trimestre pela empresa.<\/li>\n<li>Ao longo desta quarta-feira, os investidores demonstraram temores relativos \u00e0s poss\u00edveis consequ\u00eancias que a PEC da Transi\u00e7\u00e3o traria \u00e0s contas p\u00fablicas. A entrega da proposta aconteceu ap\u00f3s o\u00a0<a class=\"suno-keyword\" href=\"https:\/\/www.suno.com.br\/artigos\/fechamento-do-mercado\/\" target=\"_blank\" rel=\"noopener\" data-force=\"no\" data-priority=\"1\">fechamento do mercado<\/a>.<\/li>\n<li>O principal \u00edndice da <strong>bolsa de valores<\/strong> brasileira fechou o dia em queda de 2,58%, aos 110.243 pontos. O giro financeiro di\u00e1rio foi de R$ 35,8 bilh\u00f5es.<\/li>\n<li>Nesta quarta, o mercado repercutiu positivamente o an\u00fancio de que o Banco Nacional de\u00a0<a class=\"suno-keyword\" href=\"https:\/\/www.suno.com.br\/artigos\/desenvolvimento-economico\/\" target=\"_blank\" rel=\"noopener\" data-force=\"no\" data-priority=\"1\">Desenvolvimento Econ\u00f4mico<\/a>\u00a0e Social (<strong>BNDES<\/strong>) aprovou um financiamento \u00e0 Embraer para a produ\u00e7\u00e3o e exporta\u00e7\u00e3o de<strong>\u00a0aeronaves comerciais<\/strong>. O valor da opera\u00e7\u00e3o \u00e9 de R$ 2,2 bilh\u00f5es.<\/li>\n<li>As quantias ser\u00e3o decorrentes do BNDES Exim Pr\u00e9-Embarque, uma linha de cr\u00e9dito desenvolvida pelo banco e voltada para produ\u00e7\u00e3o de bens nacionais destinados \u00e0 exporta\u00e7\u00e3o.<\/li>\n<li>Em comunicado, o BNDES afirma que a opera\u00e7\u00e3o auxilia a Embraer a retomar a produ\u00e7\u00e3o de aeronaves nos n\u00edveis anteriores \u00e0 pandemia de coronav\u00edrus.<\/li>\n<li>Ainda houve outro fator que impulsionou a empresa nesta quarta. Mesmo que o balan\u00e7o trimestral tenha sido considerado fraco, ainda houve casas de an\u00e1lises que recomendaram compra para as a\u00e7\u00f5es da Embraer.<\/li>\n<li>Em relat\u00f3rio, o BTG Pactual, por exemplo, destacou que a Embraer reafirmou seu <strong>guidance<\/strong>\u00a0para este ano, \u201cmostrando uma perspectiva positiva para o quarto trimestre, uma vez que os dados financeiros permaneceram os mesmos e o\u00a0<a class=\"suno-keyword\" href=\"https:\/\/www.suno.com.br\/artigos\/fluxo-de-caixa\/\" target=\"_blank\" rel=\"noopener\" data-force=\"no\" data-priority=\"2\">fluxo de caixa<\/a> aumentou US% 150 milh\u00f5es (vs. US$ 50 milh\u00f5es anteriormente)\u201d.<\/li>\n<li>Os analistas tamb\u00e9m destacaram o an\u00fancio que a BNDES disponibilizar\u00e1 bilh\u00f5es em financiamento.<\/li>\n<li>\u201cEm suma, a Embraer continua sendo uma tese de investimento interessante para a recupera\u00e7\u00e3o do setor de avia\u00e7\u00e3o, com entregas do eVTOL, seguran\u00e7a cibern\u00e9tica e outras parcerias\u201d, argumenta a casa.<\/li>\n<li>\u201cApesar dos resultados mais fracos no trimestre, esperamos um 4T22 forte para atingir o guidance de 2022\u201d, complementa o BTG. A casa de an\u00e1lises tem recomenda\u00e7\u00e3o de compra para as a\u00e7\u00f5es da <strong>Embraer<\/strong>, com pre\u00e7o-alvo de R$ 26.<\/li>\n<\/ul>\n<h2 class=\"newsContent__article__title\">B3 (B3SA3): mercado de a\u00e7\u00f5es movimenta R$ 35,184 bi por dia em outubro, baixa anual de 2,7%<\/h2>\n<ul>\n<li>A <strong>B3<\/strong> (B3SA3) reportou um volume financeiro m\u00e9dio di\u00e1rio do segmento de a\u00e7\u00f5es de R$ 35,184 bilh\u00f5es em outubro de 2022, representando uma queda de 2,7% em rela\u00e7\u00e3o ao mesmo per\u00edodo do ano passado, conforme anunciado pela companhia nesta quarta-feira (16).<\/li>\n<li>Desse total, R$ 33,753 bilh\u00f5es correspondem ao mercado \u00e0 vista da B3, R$ 310 milh\u00f5es ao\u00a0<a class=\"suno-keyword\" href=\"https:\/\/www.suno.com.br\/artigos\/mercado-a-termo\/\" target=\"_blank\" rel=\"noopener\" data-force=\"no\" data-priority=\"1\">mercado a termo<\/a>\u00a0&amp; futuro de a\u00e7\u00f5es e 1,121 bilh\u00e3o \u00e9 referente ao\u00a0<a class=\"suno-keyword\" href=\"https:\/\/www.suno.com.br\/artigos\/mercado-de-opcoes\/\" target=\"_blank\" rel=\"noopener\" data-force=\"no\" data-priority=\"1\">mercado de op\u00e7\u00f5es<\/a>.<\/li>\n<li>A receita m\u00e9dia por contrato (RPC) no setor de a\u00e7\u00f5es foi de R$ 918 mil em outubro, uma queda anual de 1,9%. Mas em rela\u00e7\u00e3o a setembro, registrou alta de 5,2%.<\/li>\n<li>Al\u00e9m disso, <strong>destaques operacionais da B3<\/strong> em outubro de 2022 apontam que a velocidade de giro de mercado teve alta de 2,8 pontos percentuais, passando de 176,2% para 179%, na compara\u00e7\u00e3o com o mesmo m\u00eas de 2021. Em rela\u00e7\u00e3o a setembro deste ano, o avan\u00e7o foi de 19,7 pontos percentuais.<\/li>\n<li>J\u00e1 na m\u00e9dia di\u00e1ria do volume de neg\u00f3cios da B3 no setor de derivativos, em que est\u00e3o inseridos c\u00e2mbio, juros e commodities, o\u00a0<strong>destaque operacional da B3<\/strong> mostra uma queda de 32,1% em outubro deste ano, quando comparado com igual etapa do ano passado, registrando R$ 5,392 bilh\u00f5es.<\/li>\n<li>Em setembro de 2022, o volume de derivativos tinha sido de R$ 5,392 bilh\u00f5es. Sendo assim, o atual n\u00famero corresponde a um recuo de 30,5%.<\/li>\n<li>Enquanto isso, ainda no segmento de derivativos, o RPC total da B3 passou de R$ 1,893 milh\u00e3o em outubro de 2021 para R$ 2,452 milh\u00f5es no mesmo m\u00eas deste ano, uma expans\u00e3o de 29,5% na base anual e de 29,4% na mensal.<\/li>\n<li>O <strong>n\u00famero de investidores da B3<\/strong>\u00a0na categoria\u00a0<a class=\"suno-keyword\" href=\"https:\/\/www.suno.com.br\/artigos\/pessoa-fisica\/\" target=\"_blank\" rel=\"noopener\" data-force=\"no\" data-priority=\"1\">pessoa f\u00edsica<\/a> em outubro de 2022 alcan\u00e7ou a marca de 4,586 milh\u00f5es, uma alta de 35,4% em rela\u00e7\u00e3o a outubro do ano passado, de R$ 3,386 milh\u00f5es e um crescimento de 0,6% na compara\u00e7\u00e3o com o m\u00eas imediatamente anterior, quando reportou R$ 4,56 milh\u00f5es.<\/li>\n<li>Embora a quantidade de investidores tenha aumentado, o n\u00famero de\u00a0<strong>empresas listadas na B3<\/strong> apresentou queda de 2,2% na compara\u00e7\u00e3o anual, passando de 459 para 449, mas em rela\u00e7\u00e3o ao m\u00eas de setembro, registrou-se estabilidade.<\/li>\n<li>Nos dados de novas emiss\u00f5es, a B3 reportou quase R$ 1,015 bilh\u00f5es, com alta anual de 29,2% e um avan\u00e7o mensal de 5,6%.<\/li>\n<li>Entre os empr\u00e9stimos de ativos, considerando os contratos em aberto, a B3 mostrou um total de R$ 129,3 bilh\u00f5es, montante 17% superior ao de outubro do ano passado e 10,1% maior que o de setembro de 2021.<\/li>\n<\/ul>\n<h2 class=\"newsContent__article__title\">CPFL (CPFE3) define pre\u00e7o de oferta p\u00fablica de aquisi\u00e7\u00e3o das a\u00e7\u00f5es da CEEE-T<\/h2>\n<ul>\n<li>A <strong>CPFL (CPFE3)<\/strong>\u00a0informou que o pre\u00e7o definitivo para o leil\u00e3o da\u00a0<a class=\"suno-keyword\" href=\"https:\/\/www.suno.com.br\/artigos\/oferta-publica-aquisicao\/\" target=\"_blank\" rel=\"noopener\" data-force=\"no\" data-priority=\"1\">oferta p\u00fablica de aquisi\u00e7\u00e3o<\/a>\u00a0de\u00a0<a class=\"suno-keyword\" href=\"https:\/\/www.suno.com.br\/artigos\/o-que-sao-acoes-ordinarias-preferenciais-e-units\/\" target=\"_blank\" rel=\"noopener\" data-force=\"no\" data-priority=\"1\">a\u00e7\u00f5es ordin\u00e1rias<\/a> e preferenciais de emiss\u00e3o (OPA) da Companhia Estadual de Transmiss\u00e3o de Energia El\u00e9trica (CEEE-T) \u00e9 de R$ 242,68 por a\u00e7\u00e3o ordin\u00e1ria e R$ 229,27 por a\u00e7\u00e3o preferencial, conforme publicado em comunicado nesta quarta-feira (16).<\/li>\n<li>O\u00a0<strong>pre\u00e7o da OPA\u00a0<\/strong>foi definido pela CPFL conforme os ajustes previstos no \u201cEdital de Oferta P\u00fablica de Aquisi\u00e7\u00e3o de A\u00e7\u00f5es Ordin\u00e1rias e Preferenciais de Emiss\u00e3o da Companhia Estadual de Transmiss\u00e3o de Energia El\u00e9trica\u201d.<\/li>\n<li>O valor de aquisi\u00e7\u00e3o das <strong>a\u00e7\u00f5es da OPA<\/strong>\u00a0ser\u00e1 pago integralmente \u00e0 vista na data de sua\u00a0<a class=\"suno-keyword\" href=\"https:\/\/www.suno.com.br\/artigos\/liquidacao-financeira\/\" target=\"_blank\" rel=\"noopener\" data-force=\"no\" data-priority=\"1\">liquida\u00e7\u00e3o financeira<\/a> da OPA.<\/li>\n<li>\u201cA CPFL Energia manter\u00e1 seus acionistas e o mercado em geral informados sobre o andamento das mat\u00e9rias objeto deste\u00a0<a class=\"suno-keyword\" href=\"https:\/\/www.suno.com.br\/artigos\/fato-relevante\/\" target=\"_blank\" rel=\"noopener\" data-force=\"no\" data-priority=\"1\">fato relevante<\/a>\u201d, complementa a companhia de gera\u00e7\u00e3o de energia, transmiss\u00e3o, distribui\u00e7\u00e3o e comercializa\u00e7\u00e3o de energia el\u00e9trica.<\/li>\n<\/ul>\n<p><a href=\"https:\/\/lp.suno.com.br\/pv\/black-friday-suno-premium\/\" target=\"_blank\" rel=\"noopener\" data-element=\"shortcode-suno-banner\" data-parameter=\"banner-mat-1-https:\/\/lp.suno.com.br\/pv\/black-friday-suno-premium\/\"><picture><source srcset=\"https:\/\/files.sunoresearch.com.br\/n\/uploads\/2022\/11\/400x200-Mobile-Artigos-2-2.png\" media=\"(max-width: 500px)\" \/><\/picture><\/a><\/p>\n<h2>Cosan (CSAN3) recebe aval para aumentar participa\u00e7\u00e3o na Vale (VALE3)<\/h2>\n<ul>\n<li>A <a class=\"suno-keyword\" href=\"https:\/\/www.suno.com.br\/acoes\/CSAN3\/\" target=\"_blank\" rel=\"noopener\" data-force=\"yes\" data-priority=\"2\"><strong>Cosan<\/strong>\u00a0(CSAN3)<\/a>\u00a0foi autorizada pelo Conselho Administrativo de Defesa Econ\u00f4mica (<strong>Cade<\/strong>) a aumentar sua participa\u00e7\u00e3o na <a href=\"https:\/\/www.suno.com.br\/acoes\/vale3\/\"><strong>Vale<\/strong> <strong>(VALE3)<\/strong><\/a>, segundo publica\u00e7\u00e3o no Di\u00e1rio Oficial da Uni\u00e3o (DOU).<\/li>\n<li>No dia 7 de outubro, a Cosan anunciou a <strong>compra de uma participa\u00e7\u00e3o<\/strong> correspondente a cerca de 4,90% do total de <strong><a class=\"suno-keyword\" href=\"https:\/\/www.suno.com.br\/artigos\/o-que-sao-acoes-ordinarias-preferenciais-e-units\/\" target=\"_blank\" rel=\"noopener\" data-force=\"no\" data-priority=\"1\">a\u00e7\u00f5es ordin\u00e1rias<\/a><\/strong> (ex-tesouraria) de emiss\u00e3o da Vale.<\/li>\n<li>Na ocasi\u00e3o, a Cosan revelou ainda que pretendia elevar sua participa\u00e7\u00e3o acima do percentual j\u00e1 comprado, e procuraria a aprova\u00e7\u00e3o imediata do Cade.<\/li>\n<li>A Cosan ainda tem uma <strong>posi\u00e7\u00e3o adicional<\/strong> e exclusivamente financeira de 1,6% do capital social da mineradora, contratada por opera\u00e7\u00e3o de derivativo diversa da usada para a compra. Essa posi\u00e7\u00e3o poder\u00e1 ser convertida em participa\u00e7\u00e3o direta da Vale ap\u00f3s autoriza\u00e7\u00e3o do Cade.<\/li>\n<li>Em<strong> <a class=\"suno-keyword\" href=\"https:\/\/www.suno.com.br\/artigos\/fato-relevante\/\" target=\"_blank\" rel=\"noopener\" data-force=\"no\" data-priority=\"1\">fato relevante<\/a><\/strong> divulgado no m\u00eas passado, a Cosan informa que \u201cesse movimento \u00e9 mais um passo na jornada de diversifica\u00e7\u00e3o de portf\u00f3lio da companhia, investindo em ativos irreplic\u00e1veis nos setores em que o Brasil tem clara <a class=\"suno-keyword\" href=\"https:\/\/www.suno.com.br\/artigos\/vantagem-competitiva\/\" target=\"_blank\" rel=\"noopener\" data-force=\"no\" data-priority=\"1\">vantagem competitiva<\/a>\u201d.<\/li>\n<li>A empresa ainda informou que o financiamento da opera\u00e7\u00e3o foi por meio de uma combina\u00e7\u00e3o de <strong>linhas de cr\u00e9dito<\/strong> que incluem a emiss\u00e3o privada de notas comerciais e um financiamento atrelado a instrumentos derivativos.<\/li>\n<li>Em comunicado ao mercado, ao comentar sobre a Vale, a Cosan destaca a \u201centrada em um momento favor\u00e1vel para cria\u00e7\u00e3o de valor para o portf\u00f3lio\u201d da empresa.<\/li>\n<li>\u201cContinuamos comprometidos com a nossa usual disciplina de capital, garantindo o sucesso de <a class=\"suno-keyword\" href=\"https:\/\/www.suno.com.br\/artigos\/longo-prazo\/\" target=\"_blank\" rel=\"noopener\" data-force=\"no\" data-priority=\"1\">longo prazo<\/a> do portf\u00f3lio enquanto mantemos a alavancagem em n\u00edveis adequados\u201d, ressalta a Cosan.<\/li>\n<li>Nesta quarta-feira (16), as a\u00e7\u00f5es da Cosan fecharam em baixa de 3,27%, a R$ 17,15. No preg\u00e3o desta segunda-feira (14), os pap\u00e9is tinham recuado 2,04%.<\/li>\n<li>J\u00e1 no acumulado deste ano, a desvaloriza\u00e7\u00e3o das a\u00e7\u00f5es da <strong>Cosan<\/strong> est\u00e3o pr\u00f3ximas a 19%.<\/li>\n<\/ul>\n<h2>Warren Buffett compra US$ 4,1 bilh\u00f5es em a\u00e7\u00f5es da TSMC (TSMC34), gigante dos semicondutores<\/h2>\n<ul>\n<li>O megainvestidor <a href=\"https:\/\/www.suno.com.br\/tudo-sobre\/warren-buffett\/\"><strong>Warren Buffett<\/strong><\/a> agora tem uma participa\u00e7\u00e3o relevante na maior companhia de semicondutores do mundo. A <a class=\"suno-keyword\" href=\"https:\/\/www.suno.com.br\/artigos\/berkshire-hathaway\/\" target=\"_blank\" rel=\"noopener\" data-force=\"no\" data-priority=\"2\">Berkshire Hathaway<\/a> (<a class=\"suno-keyword\" href=\"https:\/\/www.suno.com.br\/bdrs\/berk34\/\" target=\"_blank\" rel=\"noopener\" data-force=\"yes\" data-priority=\"2\">BERK34<\/a>), sua holding de investimentos, comprou um montante de US$ 4,1 bilh\u00f5es em a\u00e7\u00f5es da TSMC (<a class=\"suno-keyword\" href=\"https:\/\/www.suno.com.br\/bdrs\/tsmc34\/\" target=\"_blank\" rel=\"noopener\" data-force=\"yes\" data-priority=\"2\">TSMC34<\/a>), de Taiwan.<\/li>\n<li>As a\u00e7\u00f5es da TSMC chegaram a subir mais de 12% com a not\u00edcia da compra da holding de Warren Buffett, a US$ 79 por papel listado na NYSE.<\/li>\n<li>Trata-se da maior <strong>compra de a\u00e7\u00f5e<\/strong>s feita pela <strong>Berkshire Hathaway<\/strong> no trimestre, dado que a aquisi\u00e7\u00e3o foi feita no \u00faltimo preg\u00e3o de setembro, conforme escrito em documento arquivado na Securities Exchange Commission (SEC, autoridade que regula o mercado mobili\u00e1rio dos EUA).<\/li>\n<li>Como a companhia \u00e9 de Taiwan, os ativos comprados foram 60,1 milh\u00f5es de American depositary shares (ADRs) da TSMC, listados na NYSE. Junto com Warren Buffett, outros acionistas da companhia s\u00e3o a BlackRock e a Vanguard Group.<\/li>\n<li>A companhia \u00e9, de longe, a que tem maior participa\u00e7\u00e3o de mercado no nicho de semicondutores, com mais de 56% de <a class=\"suno-keyword\" href=\"https:\/\/www.suno.com.br\/artigos\/market-share\/\" target=\"_blank\" rel=\"noopener\" data-force=\"no\" data-priority=\"2\">market share,<\/a> segundo a Counterpoint. O principal player ap\u00f3s a <strong>TSMC<\/strong> \u00e9 a Samsung, que det\u00e9m 13% de market share.<\/li>\n<li>Contudo, em nichos espec\u00edficos a TSMC \u00e9 ainda maior. A companhia \u00e9 respons\u00e1vel por cerca de 90% dos chips de computadores superavan\u00e7ados do mundo, fornecendo a gigantes da tecnologia, incluindo Apple (<a class=\"suno-keyword\" href=\"https:\/\/www.suno.com.br\/bdrs\/aapl34\/\" target=\"_blank\" rel=\"noopener\" data-force=\"yes\" data-priority=\"2\">AAPL34<\/a>) e Qualcomm (<a class=\"suno-keyword\" href=\"https:\/\/www.suno.com.br\/bdrs\/qcom34\/\" target=\"_blank\" rel=\"noopener\" data-force=\"yes\" data-priority=\"2\">QCOM34<\/a>).<\/li>\n<li>Al\u00e9m disso, a companhia tem uma capitaliza\u00e7\u00e3o de mercado (market cap) de cerca de US$ 410 bilh\u00f5es.<\/li>\n<li>A aquisi\u00e7\u00e3o de a\u00e7\u00f5es da gigante taiwanesa vem em meio ao aumento de tens\u00e3o entre a China e a ilha, que \u00e9 autogovernada. Atualmente, Taiwan vive sob um avan\u00e7o militar de Pequim, o que inclusive refor\u00e7ou a relev\u00e2ncia do pa\u00eds na produ\u00e7\u00e3o de chips e semicondutores.<\/li>\n<li>O imbr\u00f3glio, h\u00e1 meses, culminou na ida de Nancy Pelosi, parlamentar democrata dos EUA e presidente da C\u00e2mara, ao pa\u00eds &#8211; acirrando as tens\u00f5es com a China.<\/li>\n<li>Al\u00e9m disso, os\u00a0<strong>semicondutores<\/strong> foram o epicentro de uma crise na cadeia de produ\u00e7\u00e3o (<a class=\"suno-keyword\" href=\"https:\/\/www.suno.com.br\/artigos\/supply-chain\/\" target=\"_blank\" rel=\"noopener\" data-force=\"no\" data-priority=\"2\">supply chain<\/a>), com a essencialidade dos componentes na produ\u00e7\u00e3o de carros e outras pe\u00e7as, por exemplo.<\/li>\n<li>A crise se intensificou e fez com que f\u00e1bricas de carros chegassem a parar por semanas ou meses, <a href=\"https:\/\/www.suno.com.br\/noticias\/presidente-anfavea-ve-risco-veiculos-fabricas-pararem-por-semanas\/\">conforme reportado pelo Suno Not\u00edcias<\/a>.<\/li>\n<li>Nesse contexto, a <a href=\"https:\/\/www.suno.com.br\/noticias\/samsung-investira-17-bilhoes-fabrica-microchips-semicondutores\/\">Samsung e outras companhias t\u00eam investido<\/a> no segmento, disputando o mercado que \u00e9 dominado pela TSMC, empresa visada por <strong>Warren Buffett<\/strong> e outros gigantes institucionais.<\/li>\n<\/ul>\n<h2>OURE11 vai distribuir R$ 1,05 por cota; confira<\/h2>\n<ul>\n<li>Uma boa not\u00edcia para os investidores do fundo imobili\u00e1rio Ourinvest Cyrela: eles v\u00e3o receber R$ 1,05 por cota em dividendos. Os rendimentos do <strong>OURE11<\/strong> ser\u00e3o pagos aos cotistas em novembro.<\/li>\n<li>Os <strong>proventos do OURE11<\/strong> ser\u00e3o distribu\u00eddos em 23 de novembro, para os cotistas posicionados no fundo imobili\u00e1rio no fechamento do preg\u00e3o desta quarta-feira (16). A partir de quinta-feira (17), as cotas s\u00e3o negociadas ex-dividendos.<\/li>\n<li>Os <strong>rendimentos do OURE11<\/strong> ficaram est\u00e1veis na compara\u00e7\u00e3o com o m\u00eas anterior.<\/li>\n<li>J\u00e1 considerando a varia\u00e7\u00e3o do pre\u00e7o da cota m\u00eas a m\u00eas, o <strong>dividend yield do OURE11<\/strong> estava em 1,24% no m\u00eas anterior e atingiu os 1,28% neste m\u00eas.<\/li>\n<li>Com isso, o DY anualizado do fundo ficou em 14,9421%.<\/li>\n<li><strong>Veja todos os dados sobre a distribui\u00e7\u00e3o de proventos do OURE11:<\/strong><\/li>\n<li><strong>FII Ourinvest Cyrela (OURE11)<\/strong><\/li>\n<li>Rendimento: R$ 1,0500<\/li>\n<li>Data de corte: 16\/11\/2022<\/li>\n<li>Data do pagamento: 23\/11\/2022<\/li>\n<li>Dividend yield da distribui\u00e7\u00e3o: 1,28%<\/li>\n<li><strong>Rendimentos do OURE11 m\u00eas a m\u00eas<\/strong><\/li>\n<\/ul>\n<table>\n<tbody>\n<tr>\n<td>Tipo<\/td>\n<td>M\u00eas de Pagamento<\/td>\n<td>Valor<\/td>\n<\/tr>\n<tr>\n<td>Rendimento<\/td>\n<td>Novembro\/2022<\/td>\n<td>R$ 1,0500<\/td>\n<\/tr>\n<tr>\n<td>Rendimento<\/td>\n<td>Outubro\/2022<\/td>\n<td>R$ 1,0500<\/td>\n<\/tr>\n<tr>\n<td>Rendimento<\/td>\n<td>Setembro\/2022<\/td>\n<td>R$ 1,1000<\/td>\n<\/tr>\n<tr>\n<td>Rendimento<\/td>\n<td>Agosto\/2022<\/td>\n<td>R$ 1,1500<\/td>\n<\/tr>\n<tr>\n<td>Rendimento<\/td>\n<td>Julho\/2022<\/td>\n<td>R$ 1,1500<\/td>\n<\/tr>\n<tr>\n<td>Rendimento<\/td>\n<td>Junho\/2022<\/td>\n<td>R$ 1,1000<\/td>\n<\/tr>\n<tr>\n<td>Rendimento<\/td>\n<td>Maio\/2022<\/td>\n<td>R$ 0,9500<\/td>\n<\/tr>\n<tr>\n<td>Rendimento<\/td>\n<td>Abril\/2022<\/td>\n<td>R$ 0,9000<\/td>\n<\/tr>\n<tr>\n<td>Rendimento<\/td>\n<td>Mar\u00e7o\/2022<\/td>\n<td>R$ 0,8000<\/td>\n<\/tr>\n<tr>\n<td>Rendimento<\/td>\n<td>Fevereiro\/2022<\/td>\n<td>R$ 0,7500<\/td>\n<\/tr>\n<tr>\n<td>Rendimento<\/td>\n<td>Janeiro\/2022<\/td>\n<td>R$ 1,1600<\/td>\n<\/tr>\n<tr>\n<td>Rendimento<\/td>\n<td>Dezembro\/2021<\/td>\n<td>R$ 1,1000<\/td>\n<\/tr>\n<\/tbody>\n<\/table>\n<ul>\n<li>Com sua constitui\u00e7\u00e3o desde mar\u00e7o de 2018, o objetivo do fundo imobili\u00e1rio OURE11 \u00e9 investir em Misto. Seu administrador \u00e9 o Banco Ourinvest.<\/li>\n<li>Suas cotas, destinadas a Investidores em Geral, s\u00e3o negociadas na B3.<\/li>\n<li>O fundo alcan\u00e7ou a marca de 5.361 investidores at\u00e9 o momento.\u00a0 O fundo imobili\u00e1rio OURE11 faz parte da carteira te\u00f3rica do IFIX.<\/li>\n<li>Em 12 meses, a cota do fundo um recuo de -5,66%%. J\u00e1 nos \u00faltimos 30 dias, o papel reduziu -4,10%%.<\/li>\n<li>No \u00faltimo preg\u00e3o, o fundo OURE11 teve alta de 0,4% e encerrou vendido a R$ 82,00.<\/li>\n<li>O fundo <strong>OURE11<\/strong> tem um patrim\u00f4nio l\u00edquido de R$ 101.587.993,82. J\u00e1 o valor do patrim\u00f4nio l\u00edquido por cota \u00e9 de R$ 94,32.<\/li>\n<li><strong>IFIX<\/strong><\/li>\n<li>Veja as principais altas e baixas do \u00faltimo preg\u00e3o:<\/li>\n<li>Maiores altas no dia<\/li>\n<li>RBFF11: Alta de 2,01%<\/li>\n<li>HGFF11: Alta de 1,46%<\/li>\n<li>SPTW11: Alta de 1,17%<\/li>\n<li>CARE11: Alta de 1,11%<\/li>\n<li>XPML11: Alta de 0,91%<\/li>\n<li>Maiores baixas no dia<\/li>\n<li>BLMG11: Baixa de 2,59%<\/li>\n<li>PVBI11: Baixa de 2,28%<\/li>\n<li>SNCI11: Baixa de 2,14%<\/li>\n<li>SNFF11: Baixa de 1,61%<\/li>\n<li>DEVA11: Baixa de 1,45%<\/li>\n<li>Clique <a href=\"https:\/\/www.suno.com.br\/noticias\/imoveis\/\">aqui<\/a> e entenda o que acontece no mercado de fundos imobili\u00e1rios ou veja tudo sobre o FII <strong>OURE11<\/strong> <a href=\"https:\/\/www.suno.com.br\/noticias\/tags\/OURE11\/\">aqui<\/a>.<\/li>\n<\/ul>\n<p>Da\u00a0<strong>Petrobras<\/strong>\u00a0\u00e0 Oure11, essas foram as empresas que se destacaram hoje. Para ler todas as mat\u00e9rias <a href=\"https:\/\/www.suno.com.br\/noticias\/todos\/\"><strong>clique aqui<\/strong><\/a>.<\/p>\n\t<p>\n\t\t<a href=\"https:\/\/lp.suno.com.br\/ebook-investindo-em-fiis\/\" target=\"_blank\" data-element=\"shortcode-suno-banner\" title=\"Banner SUNO, clique e saiba mais\">\n\t\t\t<picture>\n\t\t\t\t<source media=\"(max-width: 500px)\" srcset=\"https:\/\/files.sunoresearch.com.br\/n\/uploads\/2023\/03\/Ebook-Fundos-Imobiliarios-Mobile-1.jpg\">\n\t\t\t\t<img class=\"newsContent__article__imgCapa newsContent__article__imgCapa--banner\"\n\t\t\t\t\tsrc=\"https:\/\/files.sunoresearch.com.br\/n\/uploads\/2023\/03\/Ebook-Fundos-Imobiliarios-Desktop-1.jpg\"\n\t\t\t\t\tdata-promo-id=\"313843\"\t\t\t\t\t\t\t\t\t\twidth='1420' height='286'\t\t\t\t\talt=\"https:\/\/files.sunoresearch.com.br\/n\/uploads\/2023\/03\/Ebook-Fundos-Imobiliarios-Desktop-1.jpg\"\n\t\t\t\t>\n\t\t\t<\/picture>\n\t\t<\/a>\n\t<\/p>\n\n\n","protected":false},"excerpt":{"rendered":"<p>Nesta quarta-feira (16), a Petrobras (PETR4) anunciou a diminui\u00e7\u00e3o do pre\u00e7o do g\u00e1s de cozinha (GLP) vendido \u00e0s distribuidoras. A partir desta quinta-feira (17), o valor m\u00e9dio reduzir\u00e1 de R$ 3,7842\/kg para R$ 3,5842\/kg. Isso representa um corte de 5,3%. Petrobras (PETR4). Foto: Fl\u00e1vio Emanuel\/Ag\u00eancia Petrobras Dessa forma, um botij\u00e3o de g\u00e1s de 13 kg [&hellip;]<\/p>\n","protected":false},"author":194,"featured_media":275093,"comment_status":"closed","ping_status":"closed","sticky":false,"template":"","format":"standard","meta":[],"categories":[64],"tags":[433,460,848,595,676,330],"suno_strategy":[],"class_list":["post-319510","post","type-post","status-publish","format-standard","has-post-thumbnail","hentry","category-negocios","tag-cosan-csan3","tag-embraer-embr3","tag-nubank","tag-petrobras-petr4","tag-vale-vale3","tag-warren-buffett"],"yoast_head":"<!-- This site is optimized with the Yoast SEO plugin v24.4 - https:\/\/yoast.com\/wordpress\/plugins\/seo\/ -->\n<title>Radar: Petrobras (PETR4) reduz pre\u00e7o do g\u00e1s; Embraer (EMBR3) salta 10% no Ibovespa e Cosan (CSAN3) tem aval para aumentar fatia na Vale (VALE3)<\/title>\n<meta name=\"description\" content=\"Petrobras ir\u00e1 reduzir pre\u00e7o do g\u00e1s de cozinha, aplicativo do Nubank apresenta instabilidade e Cosan poder\u00e1 aumentar participa\u00e7\u00e3o na Vale.\" \/>\n<meta name=\"robots\" content=\"index, follow, max-snippet:-1, max-image-preview:large, max-video-preview:-1\" \/>\n<link rel=\"canonical\" href=\"https:\/\/www.suno.com.br\/noticias\/radar-petrobras-petr4-embraer-embr3-cosan-csan3\/\" \/>\n<meta property=\"og:locale\" content=\"pt_BR\" \/>\n<meta property=\"og:type\" content=\"article\" \/>\n<meta property=\"og:title\" content=\"Radar: Petrobras (PETR4) reduz pre\u00e7o do g\u00e1s; Embraer (EMBR3) salta 10% no Ibovespa e Cosan (CSAN3) tem aval para aumentar fatia na Vale (VALE3)\" \/>\n<meta property=\"og:description\" content=\"Petrobras ir\u00e1 reduzir pre\u00e7o do g\u00e1s de cozinha, aplicativo do Nubank apresenta instabilidade e Cosan poder\u00e1 aumentar participa\u00e7\u00e3o na Vale.\" \/>\n<meta property=\"og:url\" content=\"https:\/\/www.suno.com.br\/noticias\/radar-petrobras-petr4-embraer-embr3-cosan-csan3\/\" \/>\n<meta property=\"og:site_name\" content=\"Suno Not\u00edcias\" \/>\n<meta property=\"article:publisher\" content=\"https:\/\/facebook.com\/sunoresearch\" \/>\n<meta property=\"og:image\" content=\"https:\/\/files.sunoresearch.com.br\/n\/uploads\/2022\/07\/Petrobras.jpg\" \/>\n\t<meta property=\"og:image:width\" content=\"1400\" \/>\n\t<meta property=\"og:image:height\" content=\"839\" \/>\n\t<meta property=\"og:image:type\" content=\"image\/jpeg\" \/>\n<meta name=\"author\" content=\"Isabella Taglapietra\" \/>\n<meta name=\"twitter:card\" content=\"summary_large_image\" \/>\n<meta name=\"twitter:creator\" content=\"@sunoresearch\" \/>\n<meta name=\"twitter:site\" content=\"@sunoresearch\" \/>\n<meta name=\"twitter:label1\" content=\"Escrito por\" \/>\n\t<meta name=\"twitter:data1\" content=\"Isabella Taglapietra\" \/>\n\t<meta name=\"twitter:label2\" content=\"Est. tempo de leitura\" \/>\n\t<meta name=\"twitter:data2\" content=\"17 minutos\" \/>\n<script type=\"application\/ld+json\" class=\"yoast-schema-graph\">{\"@context\":\"https:\/\/schema.org\",\"@graph\":[{\"@type\":\"NewsArticle\",\"@id\":\"https:\/\/www.suno.com.br\/noticias\/radar-petrobras-petr4-embraer-embr3-cosan-csan3\/#article\",\"isPartOf\":{\"@id\":\"https:\/\/www.suno.com.br\/noticias\/radar-petrobras-petr4-embraer-embr3-cosan-csan3\/\"},\"author\":{\"name\":\"Isabella Taglapietra\",\"@id\":\"https:\/\/www.suno.com.br\/noticias\/#\/schema\/person\/a0be106724f6f5d705d70f04333cb249\"},\"headline\":\"Radar: Petrobras (PETR4) reduz pre\u00e7o do g\u00e1s; Embraer (EMBR3) salta 10% no Ibovespa e Cosan (CSAN3) tem aval para aumentar fatia na Vale (VALE3)\",\"datePublished\":\"2022-11-17T03:00:39+00:00\",\"mainEntityOfPage\":{\"@id\":\"https:\/\/www.suno.com.br\/noticias\/radar-petrobras-petr4-embraer-embr3-cosan-csan3\/\"},\"wordCount\":3127,\"publisher\":{\"@id\":\"https:\/\/www.suno.com.br\/noticias\/#organization\"},\"image\":{\"@id\":\"https:\/\/www.suno.com.br\/noticias\/radar-petrobras-petr4-embraer-embr3-cosan-csan3\/#primaryimage\"},\"thumbnailUrl\":\"https:\/\/files.sunoresearch.com.br\/n\/uploads\/2022\/07\/Petrobras.jpg\",\"keywords\":[\"Cosan (CSAN3)\",\"Embraer (EMBR3)\",\"Nubank (NUBR33)\",\"Petrobras (PETR4)\",\"Vale (VALE3)\",\"Warren Buffett\"],\"articleSection\":[\"Neg\u00f3cios\"],\"inLanguage\":\"pt-BR\"},{\"@type\":\"WebPage\",\"@id\":\"https:\/\/www.suno.com.br\/noticias\/radar-petrobras-petr4-embraer-embr3-cosan-csan3\/\",\"url\":\"https:\/\/www.suno.com.br\/noticias\/radar-petrobras-petr4-embraer-embr3-cosan-csan3\/\",\"name\":\"Radar: Petrobras (PETR4) reduz pre\u00e7o do g\u00e1s; Embraer (EMBR3) salta 10% no Ibovespa e Cosan (CSAN3) tem aval para aumentar fatia na Vale (VALE3)\",\"isPartOf\":{\"@id\":\"https:\/\/www.suno.com.br\/noticias\/#website\"},\"primaryImageOfPage\":{\"@id\":\"https:\/\/www.suno.com.br\/noticias\/radar-petrobras-petr4-embraer-embr3-cosan-csan3\/#primaryimage\"},\"image\":{\"@id\":\"https:\/\/www.suno.com.br\/noticias\/radar-petrobras-petr4-embraer-embr3-cosan-csan3\/#primaryimage\"},\"thumbnailUrl\":\"https:\/\/files.sunoresearch.com.br\/n\/uploads\/2022\/07\/Petrobras.jpg\",\"datePublished\":\"2022-11-17T03:00:39+00:00\",\"description\":\"Petrobras ir\u00e1 reduzir pre\u00e7o do g\u00e1s de cozinha, aplicativo do Nubank apresenta instabilidade e Cosan poder\u00e1 aumentar participa\u00e7\u00e3o na Vale.\",\"breadcrumb\":{\"@id\":\"https:\/\/www.suno.com.br\/noticias\/radar-petrobras-petr4-embraer-embr3-cosan-csan3\/#breadcrumb\"},\"inLanguage\":\"pt-BR\",\"potentialAction\":[{\"@type\":\"ReadAction\",\"target\":[\"https:\/\/www.suno.com.br\/noticias\/radar-petrobras-petr4-embraer-embr3-cosan-csan3\/\"]}]},{\"@type\":\"ImageObject\",\"inLanguage\":\"pt-BR\",\"@id\":\"https:\/\/www.suno.com.br\/noticias\/radar-petrobras-petr4-embraer-embr3-cosan-csan3\/#primaryimage\",\"url\":\"https:\/\/files.sunoresearch.com.br\/n\/uploads\/2022\/07\/Petrobras.jpg\",\"contentUrl\":\"https:\/\/files.sunoresearch.com.br\/n\/uploads\/2022\/07\/Petrobras.jpg\",\"width\":1400,\"height\":839,\"caption\":\"Petrobras (PETR4). Foto: Fl\u00e1vio Emanuel\/Ag\u00eancia Petrobras\"},{\"@type\":\"BreadcrumbList\",\"@id\":\"https:\/\/www.suno.com.br\/noticias\/radar-petrobras-petr4-embraer-embr3-cosan-csan3\/#breadcrumb\",\"itemListElement\":[{\"@type\":\"ListItem\",\"position\":1,\"name\":\"Not\u00edcias\",\"item\":\"https:\/\/www.suno.com.br\/noticias\/\"},{\"@type\":\"ListItem\",\"position\":2,\"name\":\"Neg\u00f3cios\",\"item\":\"https:\/\/www.suno.com.br\/noticias\/negocios\/\"},{\"@type\":\"ListItem\",\"position\":3,\"name\":\"Radar: Petrobras (PETR4) reduz pre\u00e7o do g\u00e1s; Embraer (EMBR3) salta 10% no Ibovespa e Cosan (CSAN3) tem aval para aumentar fatia na Vale (VALE3)\"}]},{\"@type\":\"WebSite\",\"@id\":\"https:\/\/www.suno.com.br\/noticias\/#website\",\"url\":\"https:\/\/www.suno.com.br\/noticias\/\",\"name\":\"Suno Not\u00edcias\",\"description\":\"Seu portal de informa\u00e7\u00e3o sobre o mundo dos investimentos\",\"publisher\":{\"@id\":\"https:\/\/www.suno.com.br\/noticias\/#organization\"},\"potentialAction\":[{\"@type\":\"SearchAction\",\"target\":{\"@type\":\"EntryPoint\",\"urlTemplate\":\"https:\/\/www.suno.com.br\/noticias\/?s={search_term_string}\"},\"query-input\":{\"@type\":\"PropertyValueSpecification\",\"valueRequired\":true,\"valueName\":\"search_term_string\"}}],\"inLanguage\":\"pt-BR\"},{\"@type\":\"Organization\",\"@id\":\"https:\/\/www.suno.com.br\/noticias\/#organization\",\"name\":\"Suno Not\u00edcias\",\"url\":\"https:\/\/www.suno.com.br\/noticias\/\",\"logo\":{\"@type\":\"ImageObject\",\"inLanguage\":\"pt-BR\",\"@id\":\"https:\/\/www.suno.com.br\/noticias\/#\/schema\/logo\/image\/\",\"url\":\"https:\/\/files.sunoresearch.com.br\/n\/uploads\/2021\/09\/suno-logo.png\",\"contentUrl\":\"https:\/\/files.sunoresearch.com.br\/n\/uploads\/2021\/09\/suno-logo.png\",\"width\":180,\"height\":180,\"caption\":\"Suno Not\u00edcias\"},\"image\":{\"@id\":\"https:\/\/www.suno.com.br\/noticias\/#\/schema\/logo\/image\/\"},\"sameAs\":[\"https:\/\/facebook.com\/sunoresearch\",\"https:\/\/x.com\/sunoresearch\",\"https:\/\/www.instagram.com\/suno\",\"https:\/\/www.linkedin.com\/company\/suno-research\/\",\"https:\/\/www.youtube.com\/c\/sunoresearch\"]},{\"@type\":\"Person\",\"@id\":\"https:\/\/www.suno.com.br\/noticias\/#\/schema\/person\/a0be106724f6f5d705d70f04333cb249\",\"name\":\"Isabella Taglapietra\",\"image\":{\"@type\":\"ImageObject\",\"inLanguage\":\"pt-BR\",\"@id\":\"https:\/\/www.suno.com.br\/noticias\/#\/schema\/person\/image\/\",\"url\":\"https:\/\/secure.gravatar.com\/avatar\/089c9e06b71de293117116aaf339e22f?s=96&r=g\",\"contentUrl\":\"https:\/\/secure.gravatar.com\/avatar\/089c9e06b71de293117116aaf339e22f?s=96&r=g\",\"caption\":\"Isabella Taglapietra\"},\"description\":\"Rep\u00f3rter freelancer no Suno Not\u00edcias, cobre not\u00edcias di\u00e1rias sobre economia, balan\u00e7os trimestrais e pesquisas. Formada em jornalismo pela Faculdade C\u00e1sper L\u00edbero e p\u00f3s-graduanda em mercado de capitais pela Fecap, atuou como rep\u00f3rter de economia e finan\u00e7as no portal CRC!News e Elas que Lucrem, al\u00e9m de social media para empresas do mercado financeiro.\",\"url\":\"https:\/\/www.suno.com.br\/noticias\/author\/isabella-taglapietra\/\"}]}<\/script>\n<!-- \/ Yoast SEO plugin. -->","yoast_head_json":{"title":"Radar: Petrobras (PETR4) reduz pre\u00e7o do g\u00e1s; Embraer (EMBR3) salta 10% no Ibovespa e Cosan (CSAN3) tem aval para aumentar fatia na Vale (VALE3)","description":"Petrobras ir\u00e1 reduzir pre\u00e7o do g\u00e1s de cozinha, aplicativo do Nubank apresenta instabilidade e Cosan poder\u00e1 aumentar participa\u00e7\u00e3o na Vale.","robots":{"index":"index","follow":"follow","max-snippet":"max-snippet:-1","max-image-preview":"max-image-preview:large","max-video-preview":"max-video-preview:-1"},"canonical":"https:\/\/www.suno.com.br\/noticias\/radar-petrobras-petr4-embraer-embr3-cosan-csan3\/","og_locale":"pt_BR","og_type":"article","og_title":"Radar: Petrobras (PETR4) reduz pre\u00e7o do g\u00e1s; Embraer (EMBR3) salta 10% no Ibovespa e Cosan (CSAN3) tem aval para aumentar fatia na Vale (VALE3)","og_description":"Petrobras ir\u00e1 reduzir pre\u00e7o do g\u00e1s de cozinha, aplicativo do Nubank apresenta instabilidade e Cosan poder\u00e1 aumentar participa\u00e7\u00e3o na Vale.","og_url":"https:\/\/www.suno.com.br\/noticias\/radar-petrobras-petr4-embraer-embr3-cosan-csan3\/","og_site_name":"Suno Not\u00edcias","article_publisher":"https:\/\/facebook.com\/sunoresearch","og_image":[{"width":1400,"height":839,"url":"https:\/\/files.sunoresearch.com.br\/n\/uploads\/2022\/07\/Petrobras.jpg","type":"image\/jpeg"}],"author":"Isabella Taglapietra","twitter_card":"summary_large_image","twitter_creator":"@sunoresearch","twitter_site":"@sunoresearch","twitter_misc":{"Escrito por":"Isabella Taglapietra","Est. tempo de leitura":"17 minutos"},"schema":{"@context":"https:\/\/schema.org","@graph":[{"@type":"NewsArticle","@id":"https:\/\/www.suno.com.br\/noticias\/radar-petrobras-petr4-embraer-embr3-cosan-csan3\/#article","isPartOf":{"@id":"https:\/\/www.suno.com.br\/noticias\/radar-petrobras-petr4-embraer-embr3-cosan-csan3\/"},"author":{"name":"Isabella Taglapietra","@id":"https:\/\/www.suno.com.br\/noticias\/#\/schema\/person\/a0be106724f6f5d705d70f04333cb249"},"headline":"Radar: Petrobras (PETR4) reduz pre\u00e7o do g\u00e1s; Embraer (EMBR3) salta 10% no Ibovespa e Cosan (CSAN3) tem aval para aumentar fatia na Vale (VALE3)","datePublished":"2022-11-17T03:00:39+00:00","mainEntityOfPage":{"@id":"https:\/\/www.suno.com.br\/noticias\/radar-petrobras-petr4-embraer-embr3-cosan-csan3\/"},"wordCount":3127,"publisher":{"@id":"https:\/\/www.suno.com.br\/noticias\/#organization"},"image":{"@id":"https:\/\/www.suno.com.br\/noticias\/radar-petrobras-petr4-embraer-embr3-cosan-csan3\/#primaryimage"},"thumbnailUrl":"https:\/\/files.sunoresearch.com.br\/n\/uploads\/2022\/07\/Petrobras.jpg","keywords":["Cosan (CSAN3)","Embraer (EMBR3)","Nubank (NUBR33)","Petrobras (PETR4)","Vale (VALE3)","Warren Buffett"],"articleSection":["Neg\u00f3cios"],"inLanguage":"pt-BR"},{"@type":"WebPage","@id":"https:\/\/www.suno.com.br\/noticias\/radar-petrobras-petr4-embraer-embr3-cosan-csan3\/","url":"https:\/\/www.suno.com.br\/noticias\/radar-petrobras-petr4-embraer-embr3-cosan-csan3\/","name":"Radar: Petrobras (PETR4) reduz pre\u00e7o do g\u00e1s; Embraer (EMBR3) salta 10% no Ibovespa e Cosan (CSAN3) tem aval para aumentar fatia na Vale (VALE3)","isPartOf":{"@id":"https:\/\/www.suno.com.br\/noticias\/#website"},"primaryImageOfPage":{"@id":"https:\/\/www.suno.com.br\/noticias\/radar-petrobras-petr4-embraer-embr3-cosan-csan3\/#primaryimage"},"image":{"@id":"https:\/\/www.suno.com.br\/noticias\/radar-petrobras-petr4-embraer-embr3-cosan-csan3\/#primaryimage"},"thumbnailUrl":"https:\/\/files.sunoresearch.com.br\/n\/uploads\/2022\/07\/Petrobras.jpg","datePublished":"2022-11-17T03:00:39+00:00","description":"Petrobras ir\u00e1 reduzir pre\u00e7o do g\u00e1s de cozinha, aplicativo do Nubank apresenta instabilidade e Cosan poder\u00e1 aumentar participa\u00e7\u00e3o na Vale.","breadcrumb":{"@id":"https:\/\/www.suno.com.br\/noticias\/radar-petrobras-petr4-embraer-embr3-cosan-csan3\/#breadcrumb"},"inLanguage":"pt-BR","potentialAction":[{"@type":"ReadAction","target":["https:\/\/www.suno.com.br\/noticias\/radar-petrobras-petr4-embraer-embr3-cosan-csan3\/"]}]},{"@type":"ImageObject","inLanguage":"pt-BR","@id":"https:\/\/www.suno.com.br\/noticias\/radar-petrobras-petr4-embraer-embr3-cosan-csan3\/#primaryimage","url":"https:\/\/files.sunoresearch.com.br\/n\/uploads\/2022\/07\/Petrobras.jpg","contentUrl":"https:\/\/files.sunoresearch.com.br\/n\/uploads\/2022\/07\/Petrobras.jpg","width":1400,"height":839,"caption":"Petrobras (PETR4). Foto: Fl\u00e1vio Emanuel\/Ag\u00eancia Petrobras"},{"@type":"BreadcrumbList","@id":"https:\/\/www.suno.com.br\/noticias\/radar-petrobras-petr4-embraer-embr3-cosan-csan3\/#breadcrumb","itemListElement":[{"@type":"ListItem","position":1,"name":"Not\u00edcias","item":"https:\/\/www.suno.com.br\/noticias\/"},{"@type":"ListItem","position":2,"name":"Neg\u00f3cios","item":"https:\/\/www.suno.com.br\/noticias\/negocios\/"},{"@type":"ListItem","position":3,"name":"Radar: Petrobras (PETR4) reduz pre\u00e7o do g\u00e1s; Embraer (EMBR3) salta 10% no Ibovespa e Cosan (CSAN3) tem aval para aumentar fatia na Vale (VALE3)"}]},{"@type":"WebSite","@id":"https:\/\/www.suno.com.br\/noticias\/#website","url":"https:\/\/www.suno.com.br\/noticias\/","name":"Suno Not\u00edcias","description":"Seu portal de informa\u00e7\u00e3o sobre o mundo dos investimentos","publisher":{"@id":"https:\/\/www.suno.com.br\/noticias\/#organization"},"potentialAction":[{"@type":"SearchAction","target":{"@type":"EntryPoint","urlTemplate":"https:\/\/www.suno.com.br\/noticias\/?s={search_term_string}"},"query-input":{"@type":"PropertyValueSpecification","valueRequired":true,"valueName":"search_term_string"}}],"inLanguage":"pt-BR"},{"@type":"Organization","@id":"https:\/\/www.suno.com.br\/noticias\/#organization","name":"Suno Not\u00edcias","url":"https:\/\/www.suno.com.br\/noticias\/","logo":{"@type":"ImageObject","inLanguage":"pt-BR","@id":"https:\/\/www.suno.com.br\/noticias\/#\/schema\/logo\/image\/","url":"https:\/\/files.sunoresearch.com.br\/n\/uploads\/2021\/09\/suno-logo.png","contentUrl":"https:\/\/files.sunoresearch.com.br\/n\/uploads\/2021\/09\/suno-logo.png","width":180,"height":180,"caption":"Suno Not\u00edcias"},"image":{"@id":"https:\/\/www.suno.com.br\/noticias\/#\/schema\/logo\/image\/"},"sameAs":["https:\/\/facebook.com\/sunoresearch","https:\/\/x.com\/sunoresearch","https:\/\/www.instagram.com\/suno","https:\/\/www.linkedin.com\/company\/suno-research\/","https:\/\/www.youtube.com\/c\/sunoresearch"]},{"@type":"Person","@id":"https:\/\/www.suno.com.br\/noticias\/#\/schema\/person\/a0be106724f6f5d705d70f04333cb249","name":"Isabella Taglapietra","image":{"@type":"ImageObject","inLanguage":"pt-BR","@id":"https:\/\/www.suno.com.br\/noticias\/#\/schema\/person\/image\/","url":"https:\/\/secure.gravatar.com\/avatar\/089c9e06b71de293117116aaf339e22f?s=96&r=g","contentUrl":"https:\/\/secure.gravatar.com\/avatar\/089c9e06b71de293117116aaf339e22f?s=96&r=g","caption":"Isabella Taglapietra"},"description":"Rep\u00f3rter freelancer no Suno Not\u00edcias, cobre not\u00edcias di\u00e1rias sobre economia, balan\u00e7os trimestrais e pesquisas. Formada em jornalismo pela Faculdade C\u00e1sper L\u00edbero e p\u00f3s-graduanda em mercado de capitais pela Fecap, atuou como rep\u00f3rter de economia e finan\u00e7as no portal CRC!News e Elas que Lucrem, al\u00e9m de social media para empresas do mercado financeiro.","url":"https:\/\/www.suno.com.br\/noticias\/author\/isabella-taglapietra\/"}]}},"default_loop_html":"<div class=\"cardsPage__listCard__boxs\"><div class=\"cardsPage__listCard__boxs__img\"><a href=\"https:\/\/www.suno.com.br\/noticias\/radar-petrobras-petr4-embraer-embr3-cosan-csan3\/\"><img class=\"mask\" src=\"https:\/\/www.suno.com.br\/noticias\/wp-content\/themes\/suno\/resources\/images\/spotlight\/spotlight1img\/bg-mask.png\" alt=\"Image Mask\"\/><img src=\"https:\/\/files.sunoresearch.com.br\/n\/uploads\/2022\/07\/Petrobras-400x200.jpg\" alt=\"Radar: Petrobras (PETR4) reduz pre\u00e7o do g\u00e1s; Embraer (EMBR3) salta 10% no Ibovespa e Cosan (CSAN3) tem aval para aumentar fatia na Vale (VALE3)\"\/><\/a><span class=\"spotlightCategory\"><a href=\"https:\/\/www.suno.com.br\/noticias\/negocios\/\">Neg\u00f3cios<\/a><\/span><\/div><div class=\"cardsPage__listCard__boxs__content\"><a href=\"https:\/\/www.suno.com.br\/noticias\/radar-petrobras-petr4-embraer-embr3-cosan-csan3\/\"><h2 class=\"content__title\">Radar: Petrobras (PETR4) reduz pre\u00e7o do g\u00e1s; Embraer (EMBR3) salta 10% no Ibovespa e Cosan (CSAN3) tem aval para aumentar fatia na Vale (VALE3)<\/h2><\/a><div class=\"newsContent__article__meta\"><div class=\"newsContent__article__meta__authorBox\"><a href=\"https:\/\/www.suno.com.br\/noticias\/author\/isabella-taglapietra\/\" class=\"authorBox__avatar noMobi\"><img src=\"https:\/\/files.sunoresearch.com.br\/n\/uploads\/2022\/08\/WhatsApp-Image-2022-08-04-at-12.40.27-150x150.jpeg\" alt=\"Isabella Taglapietra\"><\/a><div class=\"authorBox__name\"><span>por\n\t\t\t<a href=\"https:\/\/www.suno.com.br\/noticias\/author\/isabella-taglapietra\/\"><span itemprop=\"author\">Isabella Taglapietra<\/span><\/a><\/span><time datetime=\"2022-11-17T00:00:39-03:00\" itemprop=\"datePublished\">17\/11\/2022 00:00<\/time><\/div><\/div><\/div><\/div><\/div>","single_layout":"posts","amp_enabled":true,"_links":{"self":[{"href":"https:\/\/www.suno.com.br\/noticias\/wp-json\/wp\/v2\/posts\/319510"}],"collection":[{"href":"https:\/\/www.suno.com.br\/noticias\/wp-json\/wp\/v2\/posts"}],"about":[{"href":"https:\/\/www.suno.com.br\/noticias\/wp-json\/wp\/v2\/types\/post"}],"author":[{"embeddable":true,"href":"https:\/\/www.suno.com.br\/noticias\/wp-json\/wp\/v2\/users\/194"}],"replies":[{"embeddable":true,"href":"https:\/\/www.suno.com.br\/noticias\/wp-json\/wp\/v2\/comments?post=319510"}],"version-history":[{"count":2,"href":"https:\/\/www.suno.com.br\/noticias\/wp-json\/wp\/v2\/posts\/319510\/revisions"}],"predecessor-version":[{"id":319571,"href":"https:\/\/www.suno.com.br\/noticias\/wp-json\/wp\/v2\/posts\/319510\/revisions\/319571"}],"wp:featuredmedia":[{"embeddable":true,"href":"https:\/\/www.suno.com.br\/noticias\/wp-json\/wp\/v2\/media\/275093"}],"wp:attachment":[{"href":"https:\/\/www.suno.com.br\/noticias\/wp-json\/wp\/v2\/media?parent=319510"}],"wp:term":[{"taxonomy":"category","embeddable":true,"href":"https:\/\/www.suno.com.br\/noticias\/wp-json\/wp\/v2\/categories?post=319510"},{"taxonomy":"post_tag","embeddable":true,"href":"https:\/\/www.suno.com.br\/noticias\/wp-json\/wp\/v2\/tags?post=319510"},{"taxonomy":"suno_strategy","embeddable":true,"href":"https:\/\/www.suno.com.br\/noticias\/wp-json\/wp\/v2\/suno_strategy?post=319510"}],"curies":[{"name":"wp","href":"https:\/\/api.w.org\/{rel}","templated":true}]}}