{"id":31933,"date":"2019-07-24T10:42:23","date_gmt":"2019-07-24T13:42:23","guid":{"rendered":"https:\/\/www.suno.com.br\/noticias\/?p=31933"},"modified":"2019-07-24T12:12:05","modified_gmt":"2019-07-24T15:12:05","slug":"petrobras-reduz-em-10-o-preco-medio-do-gas-industrial-e-comercial","status":"publish","type":"post","link":"https:\/\/www.suno.com.br\/noticias\/petrobras-reduz-em-10-o-preco-medio-do-gas-industrial-e-comercial\/","title":{"rendered":"Petrobras reduz em 10% o pre\u00e7o m\u00e9dio do g\u00e1s industrial e comercial"},"content":{"rendered":"<p>A <a href=\"https:\/\/www.suno.com.br\/artigos\/estatal-so-se-for-de-graca\/\">Petrobras<\/a> informou que a partir desta quarta-feira (24) o <strong>G\u00e1s Liquefeito de Petr\u00f3leo<\/strong> (GLP) comercial e industrial ter\u00e1 seu pre\u00e7o m\u00e9dio reduzido em 9,8%. A redu\u00e7\u00e3o \u00e9 valida para embalagens acima de 13 kg.<\/p>\t<div class=\"wrapper-featured-image\">\n\t\t<figure class=\"spotlightImg\">\n\n\t\t\t<picture>\n\t\t\t\t<source media=\"(max-width: 768px)\" srcset=\"https:\/\/files.sunoresearch.com.br\/n\/uploads\/2019\/04\/da007939-petrobras-400x200.webp\">\n\t\t\t\t<img loading=\"lazy\" decoding=\"async\" class=\"newsContent__article__imgCapa lazyloadDisabled newsContent__article__imgCapa--noCaption\" src=\"https:\/\/files.sunoresearch.com.br\/n\/uploads\/2019\/04\/da007939-petrobras-jpg.webp\" width=\"800\" height=\"450\" alt=\"Petrobras reduz em 10% o pre\u00e7o m\u00e9dio do g\u00e1s industrial e comercial\" fetchpriority=high \/>\n\t\t\t<\/picture>\n\n\t\t\t<figcaption class=\"wp-caption-text wp-caption-text--hide\">A venda da Liquig\u00e1s foi anunciada no ano passado em um neg\u00f3cio de R$ 3,7 bilh\u00f5es<\/figcaption>\n\t\t<\/figure>\n\t<\/div>\n\n\n<p>De acordo, com a <strong>Petrobras<\/strong> o pre\u00e7o do g\u00e1s residencial, de cozinha, permanece inalterado, pois seu ajuste est\u00e1 previsto para o pr\u00f3ximo m\u00eas. O \u00faltimo reajuste que o GLP sofreu foi no dia 25 de abril deste ano.<\/p>\n\t<p>\n\t\t<a href=\"https:\/\/lp.suno.com.br\/planilha-de-controle-de-investimentos\/\" target=\"_blank\" data-element=\"shortcode-suno-banner\" title=\"Banner SUNO, clique e saiba mais\">\n\t\t\t<picture>\n\t\t\t\t<source media=\"(max-width: 500px)\" srcset=\"https:\/\/files.sunoresearch.com.br\/n\/uploads\/2023\/03\/400x300-Controle-de-Investimentos.png\">\n\t\t\t\t<img class=\"newsContent__article__imgCapa newsContent__article__imgCapa--banner\"\n\t\t\t\t\tsrc=\"https:\/\/files.sunoresearch.com.br\/n\/uploads\/2023\/03\/1420x240-Controle-de-Investimentos.png\"\n\t\t\t\t\tdata-promo-id=\"75934\"\t\t\t\t\t\t\t\t\t\twidth='1420' height='240'\t\t\t\t\talt=\"https:\/\/files.sunoresearch.com.br\/n\/uploads\/2023\/03\/1420x240-Controle-de-Investimentos.png\"\n\t\t\t\t>\n\t\t\t<\/picture>\n\t\t<\/a>\n\t<\/p>\n\n\n<h2>Programa de Novo Mercado de G\u00e1s<\/h2>\n<p>Na \u00faltima ter\u00e7a-feira (23) o governo federal lan\u00e7ou o Programa Novo Mercado de G\u00e1s. O programa prev\u00ea uma s\u00e9rie de novas medidas de abertura do setor.<\/p>\n<p>De acordo com o programa, as medidas que ser\u00e3o adotadas s\u00e3o a:<\/p>\n<ul>\n<li>promo\u00e7\u00e3o de boas pr\u00e1ticas regulat\u00f3rias para presta\u00e7\u00e3o do servi\u00e7o de g\u00e1s canalizado, incluindo transpar\u00eancia na metodologia de c\u00e1lculo tarif\u00e1rio;<\/li>\n<li>efetiva separa\u00e7\u00e3o entre as atividades de comercializa\u00e7\u00e3o e de presta\u00e7\u00e3o de servi\u00e7os de rede;<\/li>\n<li>ado\u00e7\u00e3o de estrutura tarif\u00e1ria proporcional a utiliza\u00e7\u00e3o dos servi\u00e7os de distribui\u00e7\u00e3o, por segmento de usu\u00e1rios;<\/li>\n<li>ado\u00e7\u00e3o de princ\u00edpios regulat\u00f3rios para os Consumidores Livres, Autoprodutores e Autoimportadores;<\/li>\n<li>cria\u00e7\u00e3o ou manuten\u00e7\u00e3o de ag\u00eancia reguladora aut\u00f4noma, com requisitos m\u00ednimos de governan\u00e7a, transpar\u00eancia e rito decis\u00f3rio;<\/li>\n<li>privatiza\u00e7\u00e3o da concession\u00e1ria estadual de servi\u00e7o local de g\u00e1s canalizado, avaliando-se a oportunidade e a conveni\u00eancia de defini\u00e7\u00e3o de novo contrato de concess\u00e3o;<\/li>\n<li>ades\u00e3o a ajustes tribut\u00e1rios necess\u00e1rios \u00e0 abertura do mercado de g\u00e1s natural.<\/li>\n<\/ul>\n<p>O secret\u00e1rio de Desenvolvimento Energ\u00e9tico do Minist\u00e9rio de Minas e Energia (MME), Reive Barros, afirmou que o programa vai revolucionar o setor.<\/p>\n<p><a href=\"\/\/www.suno.com.br\/noticias\/novo-mercado-gas-commodity-mme\/\">Saiba Mais:\u00a0Programa Novo Mercado de G\u00e1s vai revolucionar a commodity, diz MME<\/a><\/p>\n<p>&#8220;O Novo Mercado de G\u00e1s \u00e9 importante porque vamos estabelecer condi\u00e7\u00f5es de competi\u00e7\u00e3o no setor, no transporte de g\u00e1s, e tamb\u00e9m tem um pilar importante que \u00e9 a transi\u00e7\u00e3o da utiliza\u00e7\u00e3o do g\u00e1s natural na matriz energ\u00e9tica e na \u00e1rea industrial&#8221;, disse Barros.<\/p>\n<h2>\u00daltima cota\u00e7\u00e3o<\/h2>\n<p>Por volta das 10h30, a<strong><a href=\"https:\/\/www.suno.com.br\/artigos\/todo-investidor-deveria-imprimir-este-artigo-e-pendurar-na-parede-parte-1\/\"> P<\/a><a href=\"https:\/\/www.suno.com.br\/artigos\/todo-investidor-deveria-imprimir-este-artigo-e-pendurar-na-parede-parte-1\/\">etrobras<\/a> <\/strong>(PETR4) registrava queda -0,25% sendo cotada a R$ 27,45.<\/p>\n","protected":false},"excerpt":{"rendered":"<p>A Petrobras informou que a partir desta quarta-feira (24) o G\u00e1s Liquefeito de Petr\u00f3leo (GLP) comercial e industrial ter\u00e1 seu pre\u00e7o m\u00e9dio reduzido em 9,8%. A redu\u00e7\u00e3o \u00e9 valida para embalagens acima de 13 kg. A venda da Liquig\u00e1s foi anunciada no ano passado em um neg\u00f3cio de R$ 3,7 bilh\u00f5es De acordo, com a [&hellip;]<\/p>\n","protected":false},"author":15,"featured_media":19626,"comment_status":"closed","ping_status":"closed","sticky":false,"template":"","format":"standard","meta":[],"categories":[62],"tags":[1467,595],"suno_strategy":[],"class_list":["post-31933","post","type-post","status-publish","format-standard","has-post-thumbnail","hentry","category-economia","tag-gas-natural","tag-petrobras-petr4"],"yoast_head":"<!-- This site is optimized with the Yoast SEO plugin v24.4 - https:\/\/yoast.com\/wordpress\/plugins\/seo\/ -->\n<title>Petrobras reduz em 10% o pre\u00e7o m\u00e9dio do g\u00e1s industrial e comercial<\/title>\n<meta name=\"description\" content=\"A Petrobras informou que o G\u00e1s Liquefeito de Petr\u00f3leo (GLP) comercial e industrial ter\u00e1 seu pre\u00e7o m\u00e9dio reduzido em 9,8%. Saiba mais.\" \/>\n<meta name=\"robots\" content=\"index, follow, max-snippet:-1, max-image-preview:large, max-video-preview:-1\" \/>\n<link rel=\"canonical\" href=\"https:\/\/www.suno.com.br\/noticias\/petrobras-reduz-em-10-o-preco-medio-do-gas-industrial-e-comercial\/\" \/>\n<meta property=\"og:locale\" content=\"pt_BR\" \/>\n<meta property=\"og:type\" content=\"article\" \/>\n<meta property=\"og:title\" content=\"Petrobras reduz em 10% o pre\u00e7o m\u00e9dio do g\u00e1s industrial e comercial\" \/>\n<meta property=\"og:description\" content=\"A Petrobras informou que o G\u00e1s Liquefeito de Petr\u00f3leo (GLP) comercial e industrial ter\u00e1 seu pre\u00e7o m\u00e9dio reduzido em 9,8%. Saiba mais.\" \/>\n<meta property=\"og:url\" content=\"https:\/\/www.suno.com.br\/noticias\/petrobras-reduz-em-10-o-preco-medio-do-gas-industrial-e-comercial\/\" \/>\n<meta property=\"og:site_name\" content=\"Suno Not\u00edcias\" \/>\n<meta property=\"article:publisher\" content=\"https:\/\/facebook.com\/sunoresearch\" \/>\n<meta property=\"og:image\" content=\"https:\/\/files.sunoresearch.com.br\/n\/uploads\/2019\/04\/da007939-petrobras.jpg\" \/>\n\t<meta property=\"og:image:width\" content=\"754\" \/>\n\t<meta property=\"og:image:height\" content=\"501\" \/>\n\t<meta property=\"og:image:type\" content=\"image\/jpeg\" \/>\n<meta name=\"author\" content=\"Poliana Santos\" \/>\n<meta name=\"twitter:card\" content=\"summary_large_image\" \/>\n<meta name=\"twitter:creator\" content=\"@sunoresearch\" \/>\n<meta name=\"twitter:site\" content=\"@sunoresearch\" \/>\n<meta name=\"twitter:label1\" content=\"Escrito por\" \/>\n\t<meta name=\"twitter:data1\" content=\"Poliana Santos\" \/>\n\t<meta name=\"twitter:label2\" content=\"Est. tempo de leitura\" \/>\n\t<meta name=\"twitter:data2\" content=\"2 minutos\" \/>\n<script type=\"application\/ld+json\" class=\"yoast-schema-graph\">{\"@context\":\"https:\/\/schema.org\",\"@graph\":[{\"@type\":\"NewsArticle\",\"@id\":\"https:\/\/www.suno.com.br\/noticias\/petrobras-reduz-em-10-o-preco-medio-do-gas-industrial-e-comercial\/#article\",\"isPartOf\":{\"@id\":\"https:\/\/www.suno.com.br\/noticias\/petrobras-reduz-em-10-o-preco-medio-do-gas-industrial-e-comercial\/\"},\"author\":{\"name\":\"Poliana Santos\",\"@id\":\"https:\/\/www.suno.com.br\/noticias\/#\/schema\/person\/02ec1f752758247878a2bf4abee1aeda\"},\"headline\":\"Petrobras reduz em 10% o pre\u00e7o m\u00e9dio do g\u00e1s industrial e comercial\",\"datePublished\":\"2019-07-24T13:42:23+00:00\",\"dateModified\":\"2019-07-24T15:12:05+00:00\",\"mainEntityOfPage\":{\"@id\":\"https:\/\/www.suno.com.br\/noticias\/petrobras-reduz-em-10-o-preco-medio-do-gas-industrial-e-comercial\/\"},\"wordCount\":401,\"publisher\":{\"@id\":\"https:\/\/www.suno.com.br\/noticias\/#organization\"},\"image\":{\"@id\":\"https:\/\/www.suno.com.br\/noticias\/petrobras-reduz-em-10-o-preco-medio-do-gas-industrial-e-comercial\/#primaryimage\"},\"thumbnailUrl\":\"https:\/\/files.sunoresearch.com.br\/n\/uploads\/2019\/04\/da007939-petrobras-jpg.webp\",\"keywords\":[\"g\u00e1s natural\",\"Petrobras (PETR4)\"],\"articleSection\":[\"Economia\"],\"inLanguage\":\"pt-BR\"},{\"@type\":\"WebPage\",\"@id\":\"https:\/\/www.suno.com.br\/noticias\/petrobras-reduz-em-10-o-preco-medio-do-gas-industrial-e-comercial\/\",\"url\":\"https:\/\/www.suno.com.br\/noticias\/petrobras-reduz-em-10-o-preco-medio-do-gas-industrial-e-comercial\/\",\"name\":\"Petrobras reduz em 10% o pre\u00e7o m\u00e9dio do g\u00e1s industrial e comercial\",\"isPartOf\":{\"@id\":\"https:\/\/www.suno.com.br\/noticias\/#website\"},\"primaryImageOfPage\":{\"@id\":\"https:\/\/www.suno.com.br\/noticias\/petrobras-reduz-em-10-o-preco-medio-do-gas-industrial-e-comercial\/#primaryimage\"},\"image\":{\"@id\":\"https:\/\/www.suno.com.br\/noticias\/petrobras-reduz-em-10-o-preco-medio-do-gas-industrial-e-comercial\/#primaryimage\"},\"thumbnailUrl\":\"https:\/\/files.sunoresearch.com.br\/n\/uploads\/2019\/04\/da007939-petrobras-jpg.webp\",\"datePublished\":\"2019-07-24T13:42:23+00:00\",\"dateModified\":\"2019-07-24T15:12:05+00:00\",\"description\":\"A Petrobras informou que o G\u00e1s Liquefeito de Petr\u00f3leo (GLP) comercial e industrial ter\u00e1 seu pre\u00e7o m\u00e9dio reduzido em 9,8%. Saiba mais.\",\"breadcrumb\":{\"@id\":\"https:\/\/www.suno.com.br\/noticias\/petrobras-reduz-em-10-o-preco-medio-do-gas-industrial-e-comercial\/#breadcrumb\"},\"inLanguage\":\"pt-BR\",\"potentialAction\":[{\"@type\":\"ReadAction\",\"target\":[\"https:\/\/www.suno.com.br\/noticias\/petrobras-reduz-em-10-o-preco-medio-do-gas-industrial-e-comercial\/\"]}]},{\"@type\":\"ImageObject\",\"inLanguage\":\"pt-BR\",\"@id\":\"https:\/\/www.suno.com.br\/noticias\/petrobras-reduz-em-10-o-preco-medio-do-gas-industrial-e-comercial\/#primaryimage\",\"url\":\"https:\/\/files.sunoresearch.com.br\/n\/uploads\/2019\/04\/da007939-petrobras-jpg.webp\",\"contentUrl\":\"https:\/\/files.sunoresearch.com.br\/n\/uploads\/2019\/04\/da007939-petrobras-jpg.webp\",\"width\":754,\"height\":501,\"caption\":\"A venda da Liquig\u00e1s foi anunciada no ano passado em um neg\u00f3cio de R$ 3,7 bilh\u00f5es\"},{\"@type\":\"BreadcrumbList\",\"@id\":\"https:\/\/www.suno.com.br\/noticias\/petrobras-reduz-em-10-o-preco-medio-do-gas-industrial-e-comercial\/#breadcrumb\",\"itemListElement\":[{\"@type\":\"ListItem\",\"position\":1,\"name\":\"Not\u00edcias\",\"item\":\"https:\/\/www.suno.com.br\/noticias\/\"},{\"@type\":\"ListItem\",\"position\":2,\"name\":\"Economia\",\"item\":\"https:\/\/www.suno.com.br\/noticias\/economia\/\"},{\"@type\":\"ListItem\",\"position\":3,\"name\":\"Petrobras reduz em 10% o pre\u00e7o m\u00e9dio do g\u00e1s industrial e comercial\"}]},{\"@type\":\"WebSite\",\"@id\":\"https:\/\/www.suno.com.br\/noticias\/#website\",\"url\":\"https:\/\/www.suno.com.br\/noticias\/\",\"name\":\"Suno Not\u00edcias\",\"description\":\"Seu portal de informa\u00e7\u00e3o sobre o mundo dos investimentos\",\"publisher\":{\"@id\":\"https:\/\/www.suno.com.br\/noticias\/#organization\"},\"potentialAction\":[{\"@type\":\"SearchAction\",\"target\":{\"@type\":\"EntryPoint\",\"urlTemplate\":\"https:\/\/www.suno.com.br\/noticias\/?s={search_term_string}\"},\"query-input\":{\"@type\":\"PropertyValueSpecification\",\"valueRequired\":true,\"valueName\":\"search_term_string\"}}],\"inLanguage\":\"pt-BR\"},{\"@type\":\"Organization\",\"@id\":\"https:\/\/www.suno.com.br\/noticias\/#organization\",\"name\":\"Suno Not\u00edcias\",\"url\":\"https:\/\/www.suno.com.br\/noticias\/\",\"logo\":{\"@type\":\"ImageObject\",\"inLanguage\":\"pt-BR\",\"@id\":\"https:\/\/www.suno.com.br\/noticias\/#\/schema\/logo\/image\/\",\"url\":\"https:\/\/files.sunoresearch.com.br\/n\/uploads\/2021\/09\/suno-logo.png\",\"contentUrl\":\"https:\/\/files.sunoresearch.com.br\/n\/uploads\/2021\/09\/suno-logo.png\",\"width\":180,\"height\":180,\"caption\":\"Suno Not\u00edcias\"},\"image\":{\"@id\":\"https:\/\/www.suno.com.br\/noticias\/#\/schema\/logo\/image\/\"},\"sameAs\":[\"https:\/\/facebook.com\/sunoresearch\",\"https:\/\/x.com\/sunoresearch\",\"https:\/\/www.instagram.com\/suno\",\"https:\/\/www.linkedin.com\/company\/suno-research\/\",\"https:\/\/www.youtube.com\/c\/sunoresearch\"]},{\"@type\":\"Person\",\"@id\":\"https:\/\/www.suno.com.br\/noticias\/#\/schema\/person\/02ec1f752758247878a2bf4abee1aeda\",\"name\":\"Poliana Santos\",\"image\":{\"@type\":\"ImageObject\",\"inLanguage\":\"pt-BR\",\"@id\":\"https:\/\/www.suno.com.br\/noticias\/#\/schema\/person\/image\/\",\"url\":\"https:\/\/secure.gravatar.com\/avatar\/0645bd32f23d87b2130f2b2dff1d3f8d?s=96&r=g\",\"contentUrl\":\"https:\/\/secure.gravatar.com\/avatar\/0645bd32f23d87b2130f2b2dff1d3f8d?s=96&r=g\",\"caption\":\"Poliana Santos\"},\"description\":\"Rep\u00f3rter no Suno Not\u00edcias, com cobertura em mercado financeiro, economia, finan\u00e7as pessoais, renda fixa e varejo. Jornalista formada pela Faculdade C\u00e1sper L\u00edbero e possui passagem na R\u00e1dio Gazeta AM com a produ\u00e7\u00e3o de conte\u00fado sobre economia, pol\u00edtica, sa\u00fade, moda e m\u00fasica. Possui certificado de conclus\u00e3o do curso de An\u00e1lise de Balan\u00e7os pela Funda\u00e7\u00e3o Bradesco, Agenda Brasil pela FAAP, Educa\u00e7\u00e3o Pol\u00edtica por Alexandre Garcia e do Tesouro Direto e Mercado de A\u00e7\u00f5es pela B3.\",\"url\":\"https:\/\/www.suno.com.br\/noticias\/author\/poliana-santos\/\"}]}<\/script>\n<!-- \/ Yoast SEO plugin. -->","yoast_head_json":{"title":"Petrobras reduz em 10% o pre\u00e7o m\u00e9dio do g\u00e1s industrial e comercial","description":"A Petrobras informou que o G\u00e1s Liquefeito de Petr\u00f3leo (GLP) comercial e industrial ter\u00e1 seu pre\u00e7o m\u00e9dio reduzido em 9,8%. Saiba mais.","robots":{"index":"index","follow":"follow","max-snippet":"max-snippet:-1","max-image-preview":"max-image-preview:large","max-video-preview":"max-video-preview:-1"},"canonical":"https:\/\/www.suno.com.br\/noticias\/petrobras-reduz-em-10-o-preco-medio-do-gas-industrial-e-comercial\/","og_locale":"pt_BR","og_type":"article","og_title":"Petrobras reduz em 10% o pre\u00e7o m\u00e9dio do g\u00e1s industrial e comercial","og_description":"A Petrobras informou que o G\u00e1s Liquefeito de Petr\u00f3leo (GLP) comercial e industrial ter\u00e1 seu pre\u00e7o m\u00e9dio reduzido em 9,8%. Saiba mais.","og_url":"https:\/\/www.suno.com.br\/noticias\/petrobras-reduz-em-10-o-preco-medio-do-gas-industrial-e-comercial\/","og_site_name":"Suno Not\u00edcias","article_publisher":"https:\/\/facebook.com\/sunoresearch","og_image":[{"width":754,"height":501,"url":"https:\/\/files.sunoresearch.com.br\/n\/uploads\/2019\/04\/da007939-petrobras.jpg","type":"image\/jpeg"}],"author":"Poliana Santos","twitter_card":"summary_large_image","twitter_creator":"@sunoresearch","twitter_site":"@sunoresearch","twitter_misc":{"Escrito por":"Poliana Santos","Est. tempo de leitura":"2 minutos"},"schema":{"@context":"https:\/\/schema.org","@graph":[{"@type":"NewsArticle","@id":"https:\/\/www.suno.com.br\/noticias\/petrobras-reduz-em-10-o-preco-medio-do-gas-industrial-e-comercial\/#article","isPartOf":{"@id":"https:\/\/www.suno.com.br\/noticias\/petrobras-reduz-em-10-o-preco-medio-do-gas-industrial-e-comercial\/"},"author":{"name":"Poliana Santos","@id":"https:\/\/www.suno.com.br\/noticias\/#\/schema\/person\/02ec1f752758247878a2bf4abee1aeda"},"headline":"Petrobras reduz em 10% o pre\u00e7o m\u00e9dio do g\u00e1s industrial e comercial","datePublished":"2019-07-24T13:42:23+00:00","dateModified":"2019-07-24T15:12:05+00:00","mainEntityOfPage":{"@id":"https:\/\/www.suno.com.br\/noticias\/petrobras-reduz-em-10-o-preco-medio-do-gas-industrial-e-comercial\/"},"wordCount":401,"publisher":{"@id":"https:\/\/www.suno.com.br\/noticias\/#organization"},"image":{"@id":"https:\/\/www.suno.com.br\/noticias\/petrobras-reduz-em-10-o-preco-medio-do-gas-industrial-e-comercial\/#primaryimage"},"thumbnailUrl":"https:\/\/files.sunoresearch.com.br\/n\/uploads\/2019\/04\/da007939-petrobras-jpg.webp","keywords":["g\u00e1s natural","Petrobras (PETR4)"],"articleSection":["Economia"],"inLanguage":"pt-BR"},{"@type":"WebPage","@id":"https:\/\/www.suno.com.br\/noticias\/petrobras-reduz-em-10-o-preco-medio-do-gas-industrial-e-comercial\/","url":"https:\/\/www.suno.com.br\/noticias\/petrobras-reduz-em-10-o-preco-medio-do-gas-industrial-e-comercial\/","name":"Petrobras reduz em 10% o pre\u00e7o m\u00e9dio do g\u00e1s industrial e comercial","isPartOf":{"@id":"https:\/\/www.suno.com.br\/noticias\/#website"},"primaryImageOfPage":{"@id":"https:\/\/www.suno.com.br\/noticias\/petrobras-reduz-em-10-o-preco-medio-do-gas-industrial-e-comercial\/#primaryimage"},"image":{"@id":"https:\/\/www.suno.com.br\/noticias\/petrobras-reduz-em-10-o-preco-medio-do-gas-industrial-e-comercial\/#primaryimage"},"thumbnailUrl":"https:\/\/files.sunoresearch.com.br\/n\/uploads\/2019\/04\/da007939-petrobras-jpg.webp","datePublished":"2019-07-24T13:42:23+00:00","dateModified":"2019-07-24T15:12:05+00:00","description":"A Petrobras informou que o G\u00e1s Liquefeito de Petr\u00f3leo (GLP) comercial e industrial ter\u00e1 seu pre\u00e7o m\u00e9dio reduzido em 9,8%. Saiba mais.","breadcrumb":{"@id":"https:\/\/www.suno.com.br\/noticias\/petrobras-reduz-em-10-o-preco-medio-do-gas-industrial-e-comercial\/#breadcrumb"},"inLanguage":"pt-BR","potentialAction":[{"@type":"ReadAction","target":["https:\/\/www.suno.com.br\/noticias\/petrobras-reduz-em-10-o-preco-medio-do-gas-industrial-e-comercial\/"]}]},{"@type":"ImageObject","inLanguage":"pt-BR","@id":"https:\/\/www.suno.com.br\/noticias\/petrobras-reduz-em-10-o-preco-medio-do-gas-industrial-e-comercial\/#primaryimage","url":"https:\/\/files.sunoresearch.com.br\/n\/uploads\/2019\/04\/da007939-petrobras-jpg.webp","contentUrl":"https:\/\/files.sunoresearch.com.br\/n\/uploads\/2019\/04\/da007939-petrobras-jpg.webp","width":754,"height":501,"caption":"A venda da Liquig\u00e1s foi anunciada no ano passado em um neg\u00f3cio de R$ 3,7 bilh\u00f5es"},{"@type":"BreadcrumbList","@id":"https:\/\/www.suno.com.br\/noticias\/petrobras-reduz-em-10-o-preco-medio-do-gas-industrial-e-comercial\/#breadcrumb","itemListElement":[{"@type":"ListItem","position":1,"name":"Not\u00edcias","item":"https:\/\/www.suno.com.br\/noticias\/"},{"@type":"ListItem","position":2,"name":"Economia","item":"https:\/\/www.suno.com.br\/noticias\/economia\/"},{"@type":"ListItem","position":3,"name":"Petrobras reduz em 10% o pre\u00e7o m\u00e9dio do g\u00e1s industrial e comercial"}]},{"@type":"WebSite","@id":"https:\/\/www.suno.com.br\/noticias\/#website","url":"https:\/\/www.suno.com.br\/noticias\/","name":"Suno Not\u00edcias","description":"Seu portal de informa\u00e7\u00e3o sobre o mundo dos investimentos","publisher":{"@id":"https:\/\/www.suno.com.br\/noticias\/#organization"},"potentialAction":[{"@type":"SearchAction","target":{"@type":"EntryPoint","urlTemplate":"https:\/\/www.suno.com.br\/noticias\/?s={search_term_string}"},"query-input":{"@type":"PropertyValueSpecification","valueRequired":true,"valueName":"search_term_string"}}],"inLanguage":"pt-BR"},{"@type":"Organization","@id":"https:\/\/www.suno.com.br\/noticias\/#organization","name":"Suno Not\u00edcias","url":"https:\/\/www.suno.com.br\/noticias\/","logo":{"@type":"ImageObject","inLanguage":"pt-BR","@id":"https:\/\/www.suno.com.br\/noticias\/#\/schema\/logo\/image\/","url":"https:\/\/files.sunoresearch.com.br\/n\/uploads\/2021\/09\/suno-logo.png","contentUrl":"https:\/\/files.sunoresearch.com.br\/n\/uploads\/2021\/09\/suno-logo.png","width":180,"height":180,"caption":"Suno Not\u00edcias"},"image":{"@id":"https:\/\/www.suno.com.br\/noticias\/#\/schema\/logo\/image\/"},"sameAs":["https:\/\/facebook.com\/sunoresearch","https:\/\/x.com\/sunoresearch","https:\/\/www.instagram.com\/suno","https:\/\/www.linkedin.com\/company\/suno-research\/","https:\/\/www.youtube.com\/c\/sunoresearch"]},{"@type":"Person","@id":"https:\/\/www.suno.com.br\/noticias\/#\/schema\/person\/02ec1f752758247878a2bf4abee1aeda","name":"Poliana Santos","image":{"@type":"ImageObject","inLanguage":"pt-BR","@id":"https:\/\/www.suno.com.br\/noticias\/#\/schema\/person\/image\/","url":"https:\/\/secure.gravatar.com\/avatar\/0645bd32f23d87b2130f2b2dff1d3f8d?s=96&r=g","contentUrl":"https:\/\/secure.gravatar.com\/avatar\/0645bd32f23d87b2130f2b2dff1d3f8d?s=96&r=g","caption":"Poliana Santos"},"description":"Rep\u00f3rter no Suno Not\u00edcias, com cobertura em mercado financeiro, economia, finan\u00e7as pessoais, renda fixa e varejo. Jornalista formada pela Faculdade C\u00e1sper L\u00edbero e possui passagem na R\u00e1dio Gazeta AM com a produ\u00e7\u00e3o de conte\u00fado sobre economia, pol\u00edtica, sa\u00fade, moda e m\u00fasica. Possui certificado de conclus\u00e3o do curso de An\u00e1lise de Balan\u00e7os pela Funda\u00e7\u00e3o Bradesco, Agenda Brasil pela FAAP, Educa\u00e7\u00e3o Pol\u00edtica por Alexandre Garcia e do Tesouro Direto e Mercado de A\u00e7\u00f5es pela B3.","url":"https:\/\/www.suno.com.br\/noticias\/author\/poliana-santos\/"}]}},"default_loop_html":"<div class=\"cardsPage__listCard__boxs\"><div class=\"cardsPage__listCard__boxs__img\"><a href=\"https:\/\/www.suno.com.br\/noticias\/petrobras-reduz-em-10-o-preco-medio-do-gas-industrial-e-comercial\/\"><img class=\"mask\" src=\"https:\/\/www.suno.com.br\/noticias\/wp-content\/themes\/suno\/resources\/images\/spotlight\/spotlight1img\/bg-mask.png\" alt=\"Image Mask\"\/><img src=\"https:\/\/files.sunoresearch.com.br\/n\/uploads\/2019\/04\/da007939-petrobras-400x200.webp\" alt=\"Petrobras reduz em 10% o pre\u00e7o m\u00e9dio do g\u00e1s industrial e comercial\"\/><\/a><span class=\"spotlightCategory\"><a href=\"https:\/\/www.suno.com.br\/noticias\/economia\/\">Economia<\/a><\/span><\/div><div class=\"cardsPage__listCard__boxs__content\"><a href=\"https:\/\/www.suno.com.br\/noticias\/petrobras-reduz-em-10-o-preco-medio-do-gas-industrial-e-comercial\/\"><h2 class=\"content__title\">Petrobras reduz em 10% o pre\u00e7o m\u00e9dio do g\u00e1s industrial e comercial<\/h2><\/a><div class=\"newsContent__article__meta\"><div class=\"newsContent__article__meta__authorBox\"><a href=\"https:\/\/www.suno.com.br\/noticias\/author\/poliana-santos\/\" class=\"authorBox__avatar noMobi\"><img src=\"https:\/\/files.sunoresearch.com.br\/n\/uploads\/2020\/08\/7ef34026-whatsapp-image-2020-08-03-at-12.37.57-150x150.webp\" alt=\"Poliana Santos\"><\/a><div class=\"authorBox__name\"><span>por\n\t\t\t<a href=\"https:\/\/www.suno.com.br\/noticias\/author\/poliana-santos\/\"><span itemprop=\"author\">Poliana Santos<\/span><\/a><\/span><time datetime=\"2019-07-24T10:42:23-03:00\" itemprop=\"datePublished\">24\/07\/2019 10:42<\/time><\/div><\/div><\/div><\/div><\/div>","single_layout":"posts","amp_enabled":true,"_links":{"self":[{"href":"https:\/\/www.suno.com.br\/noticias\/wp-json\/wp\/v2\/posts\/31933"}],"collection":[{"href":"https:\/\/www.suno.com.br\/noticias\/wp-json\/wp\/v2\/posts"}],"about":[{"href":"https:\/\/www.suno.com.br\/noticias\/wp-json\/wp\/v2\/types\/post"}],"author":[{"embeddable":true,"href":"https:\/\/www.suno.com.br\/noticias\/wp-json\/wp\/v2\/users\/15"}],"replies":[{"embeddable":true,"href":"https:\/\/www.suno.com.br\/noticias\/wp-json\/wp\/v2\/comments?post=31933"}],"version-history":[{"count":0,"href":"https:\/\/www.suno.com.br\/noticias\/wp-json\/wp\/v2\/posts\/31933\/revisions"}],"wp:featuredmedia":[{"embeddable":true,"href":"https:\/\/www.suno.com.br\/noticias\/wp-json\/wp\/v2\/media\/19626"}],"wp:attachment":[{"href":"https:\/\/www.suno.com.br\/noticias\/wp-json\/wp\/v2\/media?parent=31933"}],"wp:term":[{"taxonomy":"category","embeddable":true,"href":"https:\/\/www.suno.com.br\/noticias\/wp-json\/wp\/v2\/categories?post=31933"},{"taxonomy":"post_tag","embeddable":true,"href":"https:\/\/www.suno.com.br\/noticias\/wp-json\/wp\/v2\/tags?post=31933"},{"taxonomy":"suno_strategy","embeddable":true,"href":"https:\/\/www.suno.com.br\/noticias\/wp-json\/wp\/v2\/suno_strategy?post=31933"}],"curies":[{"name":"wp","href":"https:\/\/api.w.org\/{rel}","templated":true}]}}