{"id":319281,"date":"2022-11-16T15:25:32","date_gmt":"2022-11-16T18:25:32","guid":{"rendered":"https:\/\/www.suno.com.br\/noticias\/?p=319281"},"modified":"2022-11-16T15:39:33","modified_gmt":"2022-11-16T18:39:33","slug":"lula-sobrevivencia-amazonia-resultado-eleicao","status":"publish","type":"post","link":"https:\/\/www.suno.com.br\/noticias\/lula-sobrevivencia-amazonia-resultado-eleicao\/","title":{"rendered":"Lula na COP 27: &#8220;N\u00e3o h\u00e1 seguran\u00e7a clim\u00e1tica para o mundo sem Amaz\u00f4nia protegida&#8221;"},"content":{"rendered":"<p>O presidente eleito <strong>Luiz In\u00e1cio Lula da Silva<\/strong> afirmou que, do resultado das elei\u00e7\u00f5es, \u201cdependia, n\u00e3o apenas a paz e o bem-estar do povo brasileiro, mas tamb\u00e9m a sobreviv\u00eancia da <strong>Amaz\u00f4nia<\/strong>\u201d. O discurso oficial foi realizado nesta quarta-feira (16), durante a C\u00fapula do Clima das Na\u00e7\u00f5es Unidas (<strong>COP 27<\/strong>), no Egito.<\/p><div class=\"videoFull \">\n\t\t\t<div class=\"videoWrapper yt-lazyload center\"\n\t\t\t\tdata-width=\"960\"\n\t\t\t\tdata-height=\"540\"\n\t\t\t\tdata-id=\"9Ii76I42RWQ\"\n\t\t\t\tdata-alt=\"V\u00eddeo do YouTube - clique para reproduzir\"\n\t\t\t\tdata-logo=\"3\"\n\t\t\t\tdata-imagequality=\"maxres\">\n\t\t\t<\/div>\n\t\t<\/div><script type=\"application\/ld+json\">{\"@context\":\"https:\/\/schema.org\",\"@type\":\"VideoObject\",\"name\":\"Lula x Mercado: entenda o que est\u00e1 em jogo\",\"description\":\"\ud835\udc08\ud835\udc0d\ud835\udc12\ud835\udc02\ud835\udc11\ud835\udc04\ud835\udc15\ud835\udc00-\ud835\udc12\ud835\udc04 \ud835\udc0d\ud835\udc0e \ud835\udc02\ud835\udc00\ud835\udc0d\ud835\udc00\ud835\udc0b \ud835\udc04 \ud835\udc00\ud835\udc13\ud835\udc08\ud835\udc15\ud835\udc04 \ud835\udc0e \ud835\udc12\ud835\udc08\ud835\udc0d\ud835\udc0e \ud83d\udc47 https:\/\/bit.ly\/INSCREVA-SEATIVEOSINO \ud83e\udd29 \ud835\uddd9\ud835\uddee\ud835\uddf0\ud835\uddf6\ud835\uddf9\ud835\uddf6\ud835\ude01\ud835\uddf2 \ud835\uddee \ud835\ude00\ud835\ude02\ud835\uddee \ud835\ude03\ud835\uddf6\ud835\uddf1\ud835\uddee! \ud835\uddd4\ud835\ude00\ud835\ude00\ud835\uddf6\ud835\uddfb\ud835\uddf2 \ud835\uddee \ud835\udde6\ud835\ude02\ud835\uddfb\ud835\uddfc \ud835\udde3\ud835\uddff\ud835\uddf2\ud835\uddfa\ud835\uddf6\ud835\ude02\ud835\uddfa \ud83d\udc49 https:\/\/lp.suno.com.br\/nossas-assinaturas\/suno-premium\/?utm_source=youtube.noticias&utm_medium=video&utm_campaign=N\/A.ns.20221114 \ud83d\udcda \ud835\udc04-\ud835\udc1b\ud835\udc28\ud835\udc28\ud835\udc24 \"\ud835\udc02\ud835\udc28\ud835\udc26\ud835\udc28 \ud835\udc22\ud835\udc27\ud835\udc2f\ud835\udc1e\ud835\udc2c\ud835\udc2d\ud835\udc22\ud835\udc2b \ud835\udc1e\ud835\udc26 \ud835\udc03\ud835\udc22\ud835\udc2f\ud835\udc22\ud835\udc1d\ud835\udc1e\ud835\udc27\ud835\udc1d\ud835\udc28\ud835\udc2c?\"\ud83d\udc47 - \ud835\udc1b\ud835\udc1a\ud835\udc22\ud835\udc31\ud835\udc1e \ud835\udc20\ud835\udc2b\ud835\udc1a\ud835\udc2d\ud835\udc2e\ud835\udc22\ud835\udc2d\ud835\udc1a\ud835\udc26\ud835\udc1e\ud835\udc27\ud835\udc2d\ud835\udc1e \ud835\udc1e \ud835\udc1a\ud835\udc29\ud835\udc2b\ud835\udc1e\ud835\udc27\ud835\udc1d\ud835\udc1a: https:\/\/bit.ly\/ebookGRATUITOdoSunoNoticiasComoinvestiremDividendos #Not\u00edcias #lula #brasil #luladasilva #elei\u00e7\u00f5es2022 #democracia #presidentedobrasil #presidente #ibovespa #bolsadevalores #investirema\u00e7\u00f5es #rendavariavel #ministerios #ministrodaeconomia #ministrosdolula #pecdatransi\u00e7\u00e3o #riscofiscal #politicaliberal #tetodegastos \ud83d\udc47 \ud835\udc12\ud835\udc22\ud835\udc20\ud835\udc1a \ud835\udc27\ud835\udc28\ud835\udc2c\ud835\udc2c\ud835\udc1a\ud835\udc2c \ud835\udc2b\ud835\udc1e\ud835\udc1d\ud835\udc1e\ud835\udc2c\u2026\",\"duration\":\"PT21M37S\",\"embedUrl\":\"https:\/\/www.youtube.com\/embed\/9Ii76I42RWQ\",\"regionsAllowed\":\"pt-BR\",\"interactionStatistic\":{\"@type\":\"InteractionCounter\",\"interactionType\":{\"@type\":\"WatchAction\"},\"userInteractionCount\":2059},\"thumbnailUrl\":\"https:\/\/i.ytimg.com\/vi\/9Ii76I42RWQ\/default.jpg\",\"uploadDate\":\"2022-11-15T14:30:02Z\"}<\/script>\n\n\t<p>\n\t\t<a href=\"https:\/\/lp2.suno.com.br\/cl\/black-friday-2025\/?utm_campaign=_SNCDF0E4858_\" target=\"_blank\" data-element=\"shortcode-suno-banner\" title=\"Banner SUNO, clique e saiba mais\">\n\t\t\t<picture>\n\t\t\t\t<source media=\"(max-width: 500px)\" srcset=\"https:\/\/files.sunoresearch.com.br\/n\/uploads\/2025\/10\/Artigos-e-Noticias-Banner-Home-artigos-01-Mobile_-400x300-1-png.webp\">\n\t\t\t\t<img class=\"newsContent__article__imgCapa newsContent__article__imgCapa--banner\"\n\t\t\t\t\tsrc=\"https:\/\/files.sunoresearch.com.br\/n\/uploads\/2025\/10\/Artigos-e-Noticias-Banner-Home-artigos-01-Desktop_-1420x240-1-png.webp\"\n\t\t\t\t\tdata-promo-id=\"311259\"\t\t\t\t\t\t\t\t\t\twidth='1420' height='240'\t\t\t\t\talt=\"https:\/\/files.sunoresearch.com.br\/n\/uploads\/2025\/10\/Artigos-e-Noticias-Banner-Home-artigos-01-Desktop_-1420x240-1-png.webp\"\n\t\t\t\t>\n\t\t\t<\/picture>\n\t\t<\/a>\n\t<\/p>\n\n\n<p>De acordo com Lula, ap\u00f3s uma disputa acirrada das <strong>elei\u00e7\u00f5es<\/strong>, os brasileiros fizeram suas escolhas \u201ce a democracia venceu. Com isso voltam a vigorar os valores civilizat\u00f3rios, o respeito aos direitos humanos e o compromisso de enfrentar, com determina\u00e7\u00e3o, a<strong> mudan\u00e7a clim\u00e1tica<\/strong>\u201d.<\/p>\n<p>Segundo Lula, desde 2019, o pa\u00eds lida com \u201cum governo desastroso em todos os sentidos\u201d, como \u201cna devasta\u00e7\u00e3o do <strong>meio ambiente<\/strong>\u201d.<\/p>\n<p>\u201cA frase que mais tenho ouvido dos l\u00edderes de diferentes pa\u00edses \u00e9: \u2018o mundo sente saudade do Brasil\u2019. Quero dizer para voc\u00eas que o Brasil est\u00e1 de volta\u201d, declara.<\/p>\n<h2>Lula refor\u00e7a a necessidade de \u2018uma Amaz\u00f4nia protegida\u2019<\/h2>\n<p>Segundo Lula, \u201cn\u00e3o h\u00e1 seguran\u00e7a clim\u00e1tica para o mundo sem uma Amaz\u00f4nia protegida\u201d. Diante disso, ele informou que n\u00e3o medir\u00e1 esfor\u00e7os para acabar com o <strong>desmatamento<\/strong> e <strong>degrada\u00e7\u00e3o dos biomas<\/strong> at\u00e9 2030.<\/p>\n<p>O presidente eleito anunciou que \u201co combate \u00e0 <strong>mudan\u00e7a clim\u00e1tica<\/strong> ter\u00e1 o mais alto perfil na estrutura\u201d de seu pr\u00f3ximo governo.<\/p>\n<p>\u201cVamos recriar e fortalecer todas as organiza\u00e7\u00f5es de fiscaliza\u00e7\u00e3o e o sistema de monitoramento, que foram desmontados nos \u00faltimos quatro anos. Vamos punir, com todo rigor, o respons\u00e1vel por qualquer atividade ilegal\u201d.<\/p>\n<p>Ele ainda declarou que ser\u00e1 criado o <strong>Minist\u00e9rio dos Povos Origin\u00e1rios<\/strong>. O objetivo seria que os povos ind\u00edgenas apresentem, ao governo, propostas de pol\u00edticas que lhes garantam \u201csobreviv\u00eancia digna, seguran\u00e7a, paz e sustentabilidade\u201d.<\/p>\n\t<p>\n\t\t<a href=\"https:\/\/lp.suno.com.br\/ebook-como-analisar-uma-acao\/\" target=\"_blank\" data-element=\"shortcode-suno-banner\" title=\"Banner SUNO, clique e saiba mais\">\n\t\t\t<picture>\n\t\t\t\t<source media=\"(max-width: 500px)\" srcset=\"https:\/\/files.sunoresearch.com.br\/n\/uploads\/2023\/12\/Ebook-Acoes-Mobile.jpg\">\n\t\t\t\t<img class=\"newsContent__article__imgCapa newsContent__article__imgCapa--banner\"\n\t\t\t\t\tsrc=\"https:\/\/files.sunoresearch.com.br\/n\/uploads\/2023\/12\/Ebook-Acoes-Desktop.webp\"\n\t\t\t\t\tdata-promo-id=\"311260\"\t\t\t\t\t\t\t\t\t\twidth='1420' height='286'\t\t\t\t\talt=\"https:\/\/files.sunoresearch.com.br\/n\/uploads\/2023\/12\/Ebook-Acoes-Desktop.webp\"\n\t\t\t\t>\n\t\t\t<\/picture>\n\t\t<\/a>\n\t<\/p>\n\n\n<h2>Pretens\u00e3o de sediar a COP 30 de 2025 na Amaz\u00f4nia<\/h2>\n<p>Uma das iniciativas propostas por Lula \u00e9 oferecer o Brasil para sediar a COP 30, em 2025.<\/p>\n<p>Lula disse que existem diversas cidades que desejam levar o evento para essas localidades, mas o petista defende a realiza\u00e7\u00e3o em um munic\u00edpio no estado do <strong>Amazonas<\/strong>, \u201cpara que as pessoas, que tanto defendem a Amaz\u00f4nia, tenham no\u00e7\u00e3o da import\u00e2ncia dessa parte do mundo que n\u00f3s, possivelmente, sozinhos n\u00e3o teremos for\u00e7as e nem dinheiro para cuidar com o cuidado que a Amaz\u00f4nia precisa ser cuidada\u201d.<\/p>\n<h2>\u2018Os acordos j\u00e1 finalizados t\u00eam de sair do papel\u2019<\/h2>\n<p>Ao agradecer pelo convite para participar do evento, mesmo antes da posse como presidente, Lula disse se tratar de um \u201creconhecimento de que o mundo tem pressa de ver o Brasil participando, novamente, das discuss\u00f5es sobre o futuro do planeta\u201d.<\/p>\n<p>O futuro presidente citou que o mundo vem passando por \u201cmomentos dif\u00edceis. Mas foi nos tempos dif\u00edceis e de crise que a humanidade sempre encontrou for\u00e7as para enfrentar e superar seus desafios\u201d.<\/p>\n<p>\u201cPrecisamos de mais confian\u00e7a e determina\u00e7\u00e3o. Precisamos de mais lideran\u00e7a para reverter a escalada do aquecimento. Os acordos j\u00e1 finalizados t\u00eam de sair do papel\u201d, prossegue.<\/p>\n<p>Neste sentido, Lula cita a necessidade de tornarem recursos dispon\u00edveis \u201cpara que os pa\u00edses em desenvolvimento, e, em especial, os mais pobres, possam enfrentar as consequ\u00eancias de um problema criado, em grande medida, pelos pa\u00edses ricos, mas que atinge, de maneira desproporcional, os mais vulner\u00e1veis\u201d.<\/p>\n<p><strong>Lula<\/strong> ainda declarou que o \u201cBrasil est\u00e1 pronto para se juntar, novamente, aos esfor\u00e7os para a constru\u00e7\u00e3o de um planeta mais saud\u00e1vel\u201d.<\/p>\n\t<p>\n\t\t<a href=\"https:\/\/lp.suno.com.br\/minicurso-investindo-fiis\/\" target=\"_blank\" data-element=\"shortcode-suno-banner\" title=\"Banner SUNO, clique e saiba mais\">\n\t\t\t<picture>\n\t\t\t\t<source media=\"(max-width: 500px)\" srcset=\"https:\/\/files.sunoresearch.com.br\/n\/uploads\/2023\/07\/400x300-Minicurso-FIIS.png\">\n\t\t\t\t<img class=\"newsContent__article__imgCapa newsContent__article__imgCapa--banner\"\n\t\t\t\t\tsrc=\"https:\/\/files.sunoresearch.com.br\/n\/uploads\/2023\/07\/1420x240-Minicurso-FIIS.png\"\n\t\t\t\t\tdata-promo-id=\"311935\"\t\t\t\t\t\t\t\t\t\twidth='1420' height='240'\t\t\t\t\talt=\"https:\/\/files.sunoresearch.com.br\/n\/uploads\/2023\/07\/1420x240-Minicurso-FIIS.png\"\n\t\t\t\t>\n\t\t\t<\/picture>\n\t\t<\/a>\n\t<\/p>\n\n\n","protected":false},"excerpt":{"rendered":"<p>O presidente eleito Luiz In\u00e1cio Lula da Silva afirmou que, do resultado das elei\u00e7\u00f5es, \u201cdependia, n\u00e3o apenas a paz e o bem-estar do povo brasileiro, mas tamb\u00e9m a sobreviv\u00eancia da Amaz\u00f4nia\u201d. O discurso oficial foi realizado nesta quarta-feira (16), durante a C\u00fapula do Clima das Na\u00e7\u00f5es Unidas (COP 27), no Egito. De acordo com Lula, [&hellip;]<\/p>\n","protected":false},"author":224,"featured_media":319325,"comment_status":"closed","ping_status":"closed","sticky":false,"template":"","format":"standard","meta":[],"categories":[64],"tags":[709],"suno_strategy":[],"class_list":["post-319281","post","type-post","status-publish","format-standard","has-post-thumbnail","hentry","category-negocios","tag-lula"],"yoast_head":"<!-- This site is optimized with the Yoast SEO plugin v24.4 - https:\/\/yoast.com\/wordpress\/plugins\/seo\/ -->\n<title>Lula: &#039;N\u00e3o h\u00e1 seguran\u00e7a clim\u00e1tica sem uma Amaz\u00f4nia protegida&quot;<\/title>\n<meta name=\"description\" content=\"o presidente eleito Lula disse que, do resultado das elei\u00e7\u00f5es, tamb\u00e9m dependia &quot;a sobreviv\u00eancia da Amaz\u00f4nia\u201d. Saiba mais.\" \/>\n<meta name=\"robots\" content=\"index, follow, max-snippet:-1, max-image-preview:large, max-video-preview:-1\" \/>\n<link rel=\"canonical\" href=\"https:\/\/www.suno.com.br\/noticias\/lula-sobrevivencia-amazonia-resultado-eleicao\/\" \/>\n<meta property=\"og:locale\" content=\"pt_BR\" \/>\n<meta property=\"og:type\" content=\"article\" \/>\n<meta property=\"og:title\" content=\"Lula: &#039;N\u00e3o h\u00e1 seguran\u00e7a clim\u00e1tica sem uma Amaz\u00f4nia protegida&quot;\" \/>\n<meta property=\"og:description\" content=\"o presidente eleito Lula disse que, do resultado das elei\u00e7\u00f5es, tamb\u00e9m dependia &quot;a sobreviv\u00eancia da Amaz\u00f4nia\u201d. Saiba mais.\" \/>\n<meta property=\"og:url\" content=\"https:\/\/www.suno.com.br\/noticias\/lula-sobrevivencia-amazonia-resultado-eleicao\/\" \/>\n<meta property=\"og:site_name\" content=\"Suno Not\u00edcias\" \/>\n<meta property=\"article:publisher\" content=\"https:\/\/facebook.com\/sunoresearch\" \/>\n<meta property=\"og:image\" content=\"https:\/\/files.sunoresearch.com.br\/n\/uploads\/2022\/11\/Lula-Cop-27.jpg\" \/>\n\t<meta property=\"og:image:width\" content=\"1350\" \/>\n\t<meta property=\"og:image:height\" content=\"808\" \/>\n\t<meta property=\"og:image:type\" content=\"image\/jpeg\" \/>\n<meta name=\"author\" content=\"Silvio Suehiro\" \/>\n<meta name=\"twitter:card\" content=\"summary_large_image\" \/>\n<meta name=\"twitter:creator\" content=\"@sunoresearch\" \/>\n<meta name=\"twitter:site\" content=\"@sunoresearch\" \/>\n<meta name=\"twitter:label1\" content=\"Escrito por\" \/>\n\t<meta name=\"twitter:data1\" content=\"Silvio Suehiro\" \/>\n\t<meta name=\"twitter:label2\" content=\"Est. tempo de leitura\" \/>\n\t<meta name=\"twitter:data2\" content=\"3 minutos\" \/>\n<script type=\"application\/ld+json\" class=\"yoast-schema-graph\">{\"@context\":\"https:\/\/schema.org\",\"@graph\":[{\"@type\":\"NewsArticle\",\"@id\":\"https:\/\/www.suno.com.br\/noticias\/lula-sobrevivencia-amazonia-resultado-eleicao\/#article\",\"isPartOf\":{\"@id\":\"https:\/\/www.suno.com.br\/noticias\/lula-sobrevivencia-amazonia-resultado-eleicao\/\"},\"author\":{\"name\":\"Silvio Suehiro\",\"@id\":\"https:\/\/www.suno.com.br\/noticias\/#\/schema\/person\/c94f387eeb0598ad381eac3e47a8686c\"},\"headline\":\"Lula na COP 27: &#8220;N\u00e3o h\u00e1 seguran\u00e7a clim\u00e1tica para o mundo sem Amaz\u00f4nia protegida&#8221;\",\"datePublished\":\"2022-11-16T18:25:32+00:00\",\"dateModified\":\"2022-11-16T18:39:33+00:00\",\"mainEntityOfPage\":{\"@id\":\"https:\/\/www.suno.com.br\/noticias\/lula-sobrevivencia-amazonia-resultado-eleicao\/\"},\"wordCount\":618,\"publisher\":{\"@id\":\"https:\/\/www.suno.com.br\/noticias\/#organization\"},\"image\":{\"@id\":\"https:\/\/www.suno.com.br\/noticias\/lula-sobrevivencia-amazonia-resultado-eleicao\/#primaryimage\"},\"thumbnailUrl\":\"https:\/\/files.sunoresearch.com.br\/n\/uploads\/2022\/11\/Lula-Cop-27.jpg\",\"keywords\":[\"Lula\"],\"articleSection\":[\"Neg\u00f3cios\"],\"inLanguage\":\"pt-BR\"},{\"@type\":\"WebPage\",\"@id\":\"https:\/\/www.suno.com.br\/noticias\/lula-sobrevivencia-amazonia-resultado-eleicao\/\",\"url\":\"https:\/\/www.suno.com.br\/noticias\/lula-sobrevivencia-amazonia-resultado-eleicao\/\",\"name\":\"Lula: 'N\u00e3o h\u00e1 seguran\u00e7a clim\u00e1tica sem uma Amaz\u00f4nia protegida\\\"\",\"isPartOf\":{\"@id\":\"https:\/\/www.suno.com.br\/noticias\/#website\"},\"primaryImageOfPage\":{\"@id\":\"https:\/\/www.suno.com.br\/noticias\/lula-sobrevivencia-amazonia-resultado-eleicao\/#primaryimage\"},\"image\":{\"@id\":\"https:\/\/www.suno.com.br\/noticias\/lula-sobrevivencia-amazonia-resultado-eleicao\/#primaryimage\"},\"thumbnailUrl\":\"https:\/\/files.sunoresearch.com.br\/n\/uploads\/2022\/11\/Lula-Cop-27.jpg\",\"datePublished\":\"2022-11-16T18:25:32+00:00\",\"dateModified\":\"2022-11-16T18:39:33+00:00\",\"description\":\"o presidente eleito Lula disse que, do resultado das elei\u00e7\u00f5es, tamb\u00e9m dependia \\\"a sobreviv\u00eancia da Amaz\u00f4nia\u201d. Saiba mais.\",\"breadcrumb\":{\"@id\":\"https:\/\/www.suno.com.br\/noticias\/lula-sobrevivencia-amazonia-resultado-eleicao\/#breadcrumb\"},\"inLanguage\":\"pt-BR\",\"potentialAction\":[{\"@type\":\"ReadAction\",\"target\":[\"https:\/\/www.suno.com.br\/noticias\/lula-sobrevivencia-amazonia-resultado-eleicao\/\"]}]},{\"@type\":\"ImageObject\",\"inLanguage\":\"pt-BR\",\"@id\":\"https:\/\/www.suno.com.br\/noticias\/lula-sobrevivencia-amazonia-resultado-eleicao\/#primaryimage\",\"url\":\"https:\/\/files.sunoresearch.com.br\/n\/uploads\/2022\/11\/Lula-Cop-27.jpg\",\"contentUrl\":\"https:\/\/files.sunoresearch.com.br\/n\/uploads\/2022\/11\/Lula-Cop-27.jpg\",\"width\":1350,\"height\":808,\"caption\":\"Lula na Cop 27. Foto: Ricardo Stuckert\/Direitos Reservados\"},{\"@type\":\"BreadcrumbList\",\"@id\":\"https:\/\/www.suno.com.br\/noticias\/lula-sobrevivencia-amazonia-resultado-eleicao\/#breadcrumb\",\"itemListElement\":[{\"@type\":\"ListItem\",\"position\":1,\"name\":\"Not\u00edcias\",\"item\":\"https:\/\/www.suno.com.br\/noticias\/\"},{\"@type\":\"ListItem\",\"position\":2,\"name\":\"Neg\u00f3cios\",\"item\":\"https:\/\/www.suno.com.br\/noticias\/negocios\/\"},{\"@type\":\"ListItem\",\"position\":3,\"name\":\"Lula na COP 27: &#8220;N\u00e3o h\u00e1 seguran\u00e7a clim\u00e1tica para o mundo sem Amaz\u00f4nia protegida&#8221;\"}]},{\"@type\":\"WebSite\",\"@id\":\"https:\/\/www.suno.com.br\/noticias\/#website\",\"url\":\"https:\/\/www.suno.com.br\/noticias\/\",\"name\":\"Suno Not\u00edcias\",\"description\":\"Seu portal de informa\u00e7\u00e3o sobre o mundo dos investimentos\",\"publisher\":{\"@id\":\"https:\/\/www.suno.com.br\/noticias\/#organization\"},\"potentialAction\":[{\"@type\":\"SearchAction\",\"target\":{\"@type\":\"EntryPoint\",\"urlTemplate\":\"https:\/\/www.suno.com.br\/noticias\/?s={search_term_string}\"},\"query-input\":{\"@type\":\"PropertyValueSpecification\",\"valueRequired\":true,\"valueName\":\"search_term_string\"}}],\"inLanguage\":\"pt-BR\"},{\"@type\":\"Organization\",\"@id\":\"https:\/\/www.suno.com.br\/noticias\/#organization\",\"name\":\"Suno Not\u00edcias\",\"url\":\"https:\/\/www.suno.com.br\/noticias\/\",\"logo\":{\"@type\":\"ImageObject\",\"inLanguage\":\"pt-BR\",\"@id\":\"https:\/\/www.suno.com.br\/noticias\/#\/schema\/logo\/image\/\",\"url\":\"https:\/\/files.sunoresearch.com.br\/n\/uploads\/2021\/09\/suno-logo.png\",\"contentUrl\":\"https:\/\/files.sunoresearch.com.br\/n\/uploads\/2021\/09\/suno-logo.png\",\"width\":180,\"height\":180,\"caption\":\"Suno Not\u00edcias\"},\"image\":{\"@id\":\"https:\/\/www.suno.com.br\/noticias\/#\/schema\/logo\/image\/\"},\"sameAs\":[\"https:\/\/facebook.com\/sunoresearch\",\"https:\/\/x.com\/sunoresearch\",\"https:\/\/www.instagram.com\/suno\",\"https:\/\/www.linkedin.com\/company\/suno-research\/\",\"https:\/\/www.youtube.com\/c\/sunoresearch\"]},{\"@type\":\"Person\",\"@id\":\"https:\/\/www.suno.com.br\/noticias\/#\/schema\/person\/c94f387eeb0598ad381eac3e47a8686c\",\"name\":\"Silvio Suehiro\",\"image\":{\"@type\":\"ImageObject\",\"inLanguage\":\"pt-BR\",\"@id\":\"https:\/\/www.suno.com.br\/noticias\/#\/schema\/person\/image\/\",\"url\":\"https:\/\/secure.gravatar.com\/avatar\/06585eb21140975c6be6bb79a07edac1?s=96&r=g\",\"contentUrl\":\"https:\/\/secure.gravatar.com\/avatar\/06585eb21140975c6be6bb79a07edac1?s=96&r=g\",\"caption\":\"Silvio Suehiro\"},\"description\":\"Redator freelancer, com experi\u00eancia na produ\u00e7\u00e3o de not\u00edcias e artigos para as \u00e1reas de economia, finan\u00e7as e investimentos. Graduado em Comunica\u00e7\u00e3o Social - Jornalismo pela Universidade de Mogi das Cruzes (UMC), e p\u00f3s-graduado em Produ\u00e7\u00e3o Audiovisual Multiplataforma pela Universidade Anhembi Morumbi (UAM).\",\"url\":\"https:\/\/www.suno.com.br\/noticias\/author\/silvio-suehiro\/\"}]}<\/script>\n<!-- \/ Yoast SEO plugin. -->","yoast_head_json":{"title":"Lula: 'N\u00e3o h\u00e1 seguran\u00e7a clim\u00e1tica sem uma Amaz\u00f4nia protegida\"","description":"o presidente eleito Lula disse que, do resultado das elei\u00e7\u00f5es, tamb\u00e9m dependia \"a sobreviv\u00eancia da Amaz\u00f4nia\u201d. Saiba mais.","robots":{"index":"index","follow":"follow","max-snippet":"max-snippet:-1","max-image-preview":"max-image-preview:large","max-video-preview":"max-video-preview:-1"},"canonical":"https:\/\/www.suno.com.br\/noticias\/lula-sobrevivencia-amazonia-resultado-eleicao\/","og_locale":"pt_BR","og_type":"article","og_title":"Lula: 'N\u00e3o h\u00e1 seguran\u00e7a clim\u00e1tica sem uma Amaz\u00f4nia protegida\"","og_description":"o presidente eleito Lula disse que, do resultado das elei\u00e7\u00f5es, tamb\u00e9m dependia \"a sobreviv\u00eancia da Amaz\u00f4nia\u201d. Saiba mais.","og_url":"https:\/\/www.suno.com.br\/noticias\/lula-sobrevivencia-amazonia-resultado-eleicao\/","og_site_name":"Suno Not\u00edcias","article_publisher":"https:\/\/facebook.com\/sunoresearch","og_image":[{"width":1350,"height":808,"url":"https:\/\/files.sunoresearch.com.br\/n\/uploads\/2022\/11\/Lula-Cop-27.jpg","type":"image\/jpeg"}],"author":"Silvio Suehiro","twitter_card":"summary_large_image","twitter_creator":"@sunoresearch","twitter_site":"@sunoresearch","twitter_misc":{"Escrito por":"Silvio Suehiro","Est. tempo de leitura":"3 minutos"},"schema":{"@context":"https:\/\/schema.org","@graph":[{"@type":"NewsArticle","@id":"https:\/\/www.suno.com.br\/noticias\/lula-sobrevivencia-amazonia-resultado-eleicao\/#article","isPartOf":{"@id":"https:\/\/www.suno.com.br\/noticias\/lula-sobrevivencia-amazonia-resultado-eleicao\/"},"author":{"name":"Silvio Suehiro","@id":"https:\/\/www.suno.com.br\/noticias\/#\/schema\/person\/c94f387eeb0598ad381eac3e47a8686c"},"headline":"Lula na COP 27: &#8220;N\u00e3o h\u00e1 seguran\u00e7a clim\u00e1tica para o mundo sem Amaz\u00f4nia protegida&#8221;","datePublished":"2022-11-16T18:25:32+00:00","dateModified":"2022-11-16T18:39:33+00:00","mainEntityOfPage":{"@id":"https:\/\/www.suno.com.br\/noticias\/lula-sobrevivencia-amazonia-resultado-eleicao\/"},"wordCount":618,"publisher":{"@id":"https:\/\/www.suno.com.br\/noticias\/#organization"},"image":{"@id":"https:\/\/www.suno.com.br\/noticias\/lula-sobrevivencia-amazonia-resultado-eleicao\/#primaryimage"},"thumbnailUrl":"https:\/\/files.sunoresearch.com.br\/n\/uploads\/2022\/11\/Lula-Cop-27.jpg","keywords":["Lula"],"articleSection":["Neg\u00f3cios"],"inLanguage":"pt-BR"},{"@type":"WebPage","@id":"https:\/\/www.suno.com.br\/noticias\/lula-sobrevivencia-amazonia-resultado-eleicao\/","url":"https:\/\/www.suno.com.br\/noticias\/lula-sobrevivencia-amazonia-resultado-eleicao\/","name":"Lula: 'N\u00e3o h\u00e1 seguran\u00e7a clim\u00e1tica sem uma Amaz\u00f4nia protegida\"","isPartOf":{"@id":"https:\/\/www.suno.com.br\/noticias\/#website"},"primaryImageOfPage":{"@id":"https:\/\/www.suno.com.br\/noticias\/lula-sobrevivencia-amazonia-resultado-eleicao\/#primaryimage"},"image":{"@id":"https:\/\/www.suno.com.br\/noticias\/lula-sobrevivencia-amazonia-resultado-eleicao\/#primaryimage"},"thumbnailUrl":"https:\/\/files.sunoresearch.com.br\/n\/uploads\/2022\/11\/Lula-Cop-27.jpg","datePublished":"2022-11-16T18:25:32+00:00","dateModified":"2022-11-16T18:39:33+00:00","description":"o presidente eleito Lula disse que, do resultado das elei\u00e7\u00f5es, tamb\u00e9m dependia \"a sobreviv\u00eancia da Amaz\u00f4nia\u201d. Saiba mais.","breadcrumb":{"@id":"https:\/\/www.suno.com.br\/noticias\/lula-sobrevivencia-amazonia-resultado-eleicao\/#breadcrumb"},"inLanguage":"pt-BR","potentialAction":[{"@type":"ReadAction","target":["https:\/\/www.suno.com.br\/noticias\/lula-sobrevivencia-amazonia-resultado-eleicao\/"]}]},{"@type":"ImageObject","inLanguage":"pt-BR","@id":"https:\/\/www.suno.com.br\/noticias\/lula-sobrevivencia-amazonia-resultado-eleicao\/#primaryimage","url":"https:\/\/files.sunoresearch.com.br\/n\/uploads\/2022\/11\/Lula-Cop-27.jpg","contentUrl":"https:\/\/files.sunoresearch.com.br\/n\/uploads\/2022\/11\/Lula-Cop-27.jpg","width":1350,"height":808,"caption":"Lula na Cop 27. Foto: Ricardo Stuckert\/Direitos Reservados"},{"@type":"BreadcrumbList","@id":"https:\/\/www.suno.com.br\/noticias\/lula-sobrevivencia-amazonia-resultado-eleicao\/#breadcrumb","itemListElement":[{"@type":"ListItem","position":1,"name":"Not\u00edcias","item":"https:\/\/www.suno.com.br\/noticias\/"},{"@type":"ListItem","position":2,"name":"Neg\u00f3cios","item":"https:\/\/www.suno.com.br\/noticias\/negocios\/"},{"@type":"ListItem","position":3,"name":"Lula na COP 27: &#8220;N\u00e3o h\u00e1 seguran\u00e7a clim\u00e1tica para o mundo sem Amaz\u00f4nia protegida&#8221;"}]},{"@type":"WebSite","@id":"https:\/\/www.suno.com.br\/noticias\/#website","url":"https:\/\/www.suno.com.br\/noticias\/","name":"Suno Not\u00edcias","description":"Seu portal de informa\u00e7\u00e3o sobre o mundo dos investimentos","publisher":{"@id":"https:\/\/www.suno.com.br\/noticias\/#organization"},"potentialAction":[{"@type":"SearchAction","target":{"@type":"EntryPoint","urlTemplate":"https:\/\/www.suno.com.br\/noticias\/?s={search_term_string}"},"query-input":{"@type":"PropertyValueSpecification","valueRequired":true,"valueName":"search_term_string"}}],"inLanguage":"pt-BR"},{"@type":"Organization","@id":"https:\/\/www.suno.com.br\/noticias\/#organization","name":"Suno Not\u00edcias","url":"https:\/\/www.suno.com.br\/noticias\/","logo":{"@type":"ImageObject","inLanguage":"pt-BR","@id":"https:\/\/www.suno.com.br\/noticias\/#\/schema\/logo\/image\/","url":"https:\/\/files.sunoresearch.com.br\/n\/uploads\/2021\/09\/suno-logo.png","contentUrl":"https:\/\/files.sunoresearch.com.br\/n\/uploads\/2021\/09\/suno-logo.png","width":180,"height":180,"caption":"Suno Not\u00edcias"},"image":{"@id":"https:\/\/www.suno.com.br\/noticias\/#\/schema\/logo\/image\/"},"sameAs":["https:\/\/facebook.com\/sunoresearch","https:\/\/x.com\/sunoresearch","https:\/\/www.instagram.com\/suno","https:\/\/www.linkedin.com\/company\/suno-research\/","https:\/\/www.youtube.com\/c\/sunoresearch"]},{"@type":"Person","@id":"https:\/\/www.suno.com.br\/noticias\/#\/schema\/person\/c94f387eeb0598ad381eac3e47a8686c","name":"Silvio Suehiro","image":{"@type":"ImageObject","inLanguage":"pt-BR","@id":"https:\/\/www.suno.com.br\/noticias\/#\/schema\/person\/image\/","url":"https:\/\/secure.gravatar.com\/avatar\/06585eb21140975c6be6bb79a07edac1?s=96&r=g","contentUrl":"https:\/\/secure.gravatar.com\/avatar\/06585eb21140975c6be6bb79a07edac1?s=96&r=g","caption":"Silvio Suehiro"},"description":"Redator freelancer, com experi\u00eancia na produ\u00e7\u00e3o de not\u00edcias e artigos para as \u00e1reas de economia, finan\u00e7as e investimentos. Graduado em Comunica\u00e7\u00e3o Social - Jornalismo pela Universidade de Mogi das Cruzes (UMC), e p\u00f3s-graduado em Produ\u00e7\u00e3o Audiovisual Multiplataforma pela Universidade Anhembi Morumbi (UAM).","url":"https:\/\/www.suno.com.br\/noticias\/author\/silvio-suehiro\/"}]}},"default_loop_html":"<div class=\"cardsPage__listCard__boxs\"><div class=\"cardsPage__listCard__boxs__img\"><a href=\"https:\/\/www.suno.com.br\/noticias\/lula-sobrevivencia-amazonia-resultado-eleicao\/\"><img class=\"mask\" src=\"https:\/\/www.suno.com.br\/noticias\/wp-content\/themes\/suno\/resources\/images\/spotlight\/spotlight1img\/bg-mask.png\" alt=\"Image Mask\"\/><img src=\"https:\/\/files.sunoresearch.com.br\/n\/uploads\/2022\/11\/Lula-Cop-27-400x200.jpg\" alt=\"Lula na COP 27: &#8220;N\u00e3o h\u00e1 seguran\u00e7a clim\u00e1tica para o mundo sem Amaz\u00f4nia protegida&#8221;\"\/><\/a><span class=\"spotlightCategory\"><a href=\"https:\/\/www.suno.com.br\/noticias\/negocios\/\">Neg\u00f3cios<\/a><\/span><\/div><div class=\"cardsPage__listCard__boxs__content\"><a href=\"https:\/\/www.suno.com.br\/noticias\/lula-sobrevivencia-amazonia-resultado-eleicao\/\"><h2 class=\"content__title\">Lula na COP 27: &#8220;N\u00e3o h\u00e1 seguran\u00e7a clim\u00e1tica para o mundo sem Amaz\u00f4nia protegida&#8221;<\/h2><\/a><div class=\"newsContent__article__meta\"><div class=\"newsContent__article__meta__authorBox\"><a href=\"https:\/\/www.suno.com.br\/noticias\/author\/silvio-suehiro\/\" class=\"authorBox__avatar noMobi\"><img src=\"https:\/\/secure.gravatar.com\/avatar\/06585eb21140975c6be6bb79a07edac1?s=96&#038;r=g\" alt=\"Silvio Suehiro\"><\/a><div class=\"authorBox__name\"><span>por\n\t\t\t<a href=\"https:\/\/www.suno.com.br\/noticias\/author\/silvio-suehiro\/\"><span itemprop=\"author\">Silvio Suehiro<\/span><\/a><\/span><time datetime=\"2022-11-16T15:25:32-03:00\" itemprop=\"datePublished\">16\/11\/2022 15:25<\/time><\/div><\/div><\/div><\/div><\/div>","single_layout":"posts","amp_enabled":true,"_links":{"self":[{"href":"https:\/\/www.suno.com.br\/noticias\/wp-json\/wp\/v2\/posts\/319281"}],"collection":[{"href":"https:\/\/www.suno.com.br\/noticias\/wp-json\/wp\/v2\/posts"}],"about":[{"href":"https:\/\/www.suno.com.br\/noticias\/wp-json\/wp\/v2\/types\/post"}],"author":[{"embeddable":true,"href":"https:\/\/www.suno.com.br\/noticias\/wp-json\/wp\/v2\/users\/224"}],"replies":[{"embeddable":true,"href":"https:\/\/www.suno.com.br\/noticias\/wp-json\/wp\/v2\/comments?post=319281"}],"version-history":[{"count":3,"href":"https:\/\/www.suno.com.br\/noticias\/wp-json\/wp\/v2\/posts\/319281\/revisions"}],"predecessor-version":[{"id":319331,"href":"https:\/\/www.suno.com.br\/noticias\/wp-json\/wp\/v2\/posts\/319281\/revisions\/319331"}],"wp:featuredmedia":[{"embeddable":true,"href":"https:\/\/www.suno.com.br\/noticias\/wp-json\/wp\/v2\/media\/319325"}],"wp:attachment":[{"href":"https:\/\/www.suno.com.br\/noticias\/wp-json\/wp\/v2\/media?parent=319281"}],"wp:term":[{"taxonomy":"category","embeddable":true,"href":"https:\/\/www.suno.com.br\/noticias\/wp-json\/wp\/v2\/categories?post=319281"},{"taxonomy":"post_tag","embeddable":true,"href":"https:\/\/www.suno.com.br\/noticias\/wp-json\/wp\/v2\/tags?post=319281"},{"taxonomy":"suno_strategy","embeddable":true,"href":"https:\/\/www.suno.com.br\/noticias\/wp-json\/wp\/v2\/suno_strategy?post=319281"}],"curies":[{"name":"wp","href":"https:\/\/api.w.org\/{rel}","templated":true}]}}