{"id":319177,"date":"2022-11-16T09:02:50","date_gmt":"2022-11-16T12:02:50","guid":{"rendered":"https:\/\/www.suno.com.br\/noticias\/?p=319177"},"modified":"2022-11-16T09:02:50","modified_gmt":"2022-11-16T12:02:50","slug":"lula-cop27-brasil-desmatamento","status":"publish","type":"post","link":"https:\/\/www.suno.com.br\/noticias\/lula-cop27-brasil-desmatamento\/","title":{"rendered":"Lula na COP27 pede que encontro em 2025 seja no Brasil e promete &#8216;volta da luta contra o desmatamento&#8217;"},"content":{"rendered":"<p>O presidente eleito <a href=\"https:\/\/www.suno.com.br\/noticias\/lula-discurso-queda-bolsa-dolar-mercado-financeiro\/\">Luiz In\u00e1cio <strong>Lula<\/strong> da Silva (PT)<\/a> falou na manh\u00e3 desta quarta-feira (16) na COP27, no Egito. Em sua fala, pediu que a edi\u00e7\u00e3o de 2025, a COP30, seja no Brasil, e prometeu &#8216;lutar contra o desmatamento&#8217;.<\/p><div class=\"videoFull \">\n\t\t\t<div class=\"videoWrapper yt-lazyload center\"\n\t\t\t\tdata-width=\"960\"\n\t\t\t\tdata-height=\"540\"\n\t\t\t\tdata-id=\"B2wo6dnUYyI\"\n\t\t\t\tdata-alt=\"V\u00eddeo do YouTube - clique para reproduzir\"\n\t\t\t\tdata-logo=\"3\"\n\t\t\t\tdata-imagequality=\"maxres\">\n\t\t\t<\/div>\n\t\t<\/div><script type=\"application\/ld+json\">{\"@context\":\"https:\/\/schema.org\",\"@type\":\"VideoObject\",\"name\":\"M\u00cdSSEIS ATINGEM POL\u00d4NIA E GERAM TENS\u00c3O NA OTAN | Lula na COP 27 | Nubank (NUBR33) reverte preju\u00edzo\",\"description\":\"#morningcall #Not\u00edcias #polonia #ucrania #guerranaucrania #guerra #pol\u00edtica #lula #cop27 #nubank #nubr33 #elei\u00e7\u00f5es2022 #bolsadevalores #investimentos \ud835\udc08\ud835\udc0d\ud835\udc12\ud835\udc02\ud835\udc11\ud835\udc04\ud835\udc15\ud835\udc00-\ud835\udc12\ud835\udc04 \ud835\udc0d\ud835\udc0e \ud835\udc02\ud835\udc00\ud835\udc0d\ud835\udc00\ud835\udc0b \ud835\udc04 \ud835\udc00\ud835\udc13\ud835\udc08\ud835\udc15\ud835\udc04 \ud835\udc0e \ud835\udc12\ud835\udc08\ud835\udc0d\ud835\udc0e \ud83d\udc47 https:\/\/bit.ly\/INSCREVA-SEATIVEOSINO \ud83d\udcda \ud835\udc04-\ud835\udc1b\ud835\udc28\ud835\udc28\ud835\udc24 \"\ud835\udc02\ud835\udc28\ud835\udc26\ud835\udc28 \ud835\udc22\ud835\udc27\ud835\udc2f\ud835\udc1e\ud835\udc2c\ud835\udc2d\ud835\udc22\ud835\udc2b \ud835\udc1e\ud835\udc26 \ud835\udc03\ud835\udc22\ud835\udc2f\ud835\udc22\ud835\udc1d\ud835\udc1e\ud835\udc27\ud835\udc1d\ud835\udc28\ud835\udc2c?\"\ud83d\udc47 - \ud835\udc1b\ud835\udc1a\ud835\udc22\ud835\udc31\ud835\udc1e \ud835\udc20\ud835\udc2b\ud835\udc1a\ud835\udc2d\ud835\udc2e\ud835\udc22\ud835\udc2d\ud835\udc1a\ud835\udc26\ud835\udc1e\ud835\udc27\ud835\udc2d\ud835\udc1e \ud835\udc1e \ud835\udc1a\ud835\udc29\ud835\udc2b\ud835\udc1e\ud835\udc27\ud835\udc1d\ud835\udc1a: https:\/\/bit.ly\/ebookGRATUITOdoSunoNoticiasComoinvestiremDividendos \ud83d\udc47 \ud835\udc12\ud835\udc22\ud835\udc20\ud835\udc1a \ud835\udc27\ud835\udc28\ud835\udc2c\ud835\udc2c\ud835\udc1a\ud835\udc2c \ud835\udc2b\ud835\udc1e\ud835\udc1d\ud835\udc1e\ud835\udc2c \ud835\udc2c\ud835\udc28\ud835\udc1c\ud835\udc22\ud835\udc1a\ud835\udc22\ud835\udc2c: Portal Suno Not\u00edcias: https:\/\/www.suno.com.br\/noticias\/ Twitter: https:\/\/twitter.com\/sunonoticias Instagram: https:\/\/www.instagram.com\/sunonoticias\/ Telegram: https:\/\/t.me\/sunonoticias\",\"duration\":\"PT42M35S\",\"embedUrl\":\"https:\/\/www.youtube.com\/embed\/B2wo6dnUYyI\",\"regionsAllowed\":\"pt-BR\",\"interactionStatistic\":{\"@type\":\"InteractionCounter\",\"interactionType\":{\"@type\":\"WatchAction\"},\"userInteractionCount\":3301},\"thumbnailUrl\":\"https:\/\/i.ytimg.com\/vi\/B2wo6dnUYyI\/default.jpg\",\"uploadDate\":\"2022-11-16T12:48:00Z\"}<\/script>\n\n\t<p>\n\t\t<a href=\"https:\/\/lp2.suno.com.br\/cl\/black-friday-2025\/?utm_campaign=_SNCDF0E4858_\" target=\"_blank\" data-element=\"shortcode-suno-banner\" title=\"Banner SUNO, clique e saiba mais\">\n\t\t\t<picture>\n\t\t\t\t<source media=\"(max-width: 500px)\" srcset=\"https:\/\/files.sunoresearch.com.br\/n\/uploads\/2025\/10\/Artigos-e-Noticias-Banner-Home-artigos-01-Mobile_-400x300-1-png.webp\">\n\t\t\t\t<img class=\"newsContent__article__imgCapa newsContent__article__imgCapa--banner\"\n\t\t\t\t\tsrc=\"https:\/\/files.sunoresearch.com.br\/n\/uploads\/2025\/10\/Artigos-e-Noticias-Banner-Home-artigos-01-Desktop_-1420x240-1-png.webp\"\n\t\t\t\t\tdata-promo-id=\"311259\"\t\t\t\t\t\t\t\t\t\twidth='1420' height='240'\t\t\t\t\talt=\"https:\/\/files.sunoresearch.com.br\/n\/uploads\/2025\/10\/Artigos-e-Noticias-Banner-Home-artigos-01-Desktop_-1420x240-1-png.webp\"\n\t\t\t\t>\n\t\t\t<\/picture>\n\t\t<\/a>\n\t<\/p>\n\n\n<p>&#8220;Vamos falar com o <a href=\"https:\/\/www.suno.com.br\/noticias\/onu-condena-invasao-ucrania-russia\/\">secret\u00e1rio-geral da ONU<\/a> e pedir para que a COP de 2025 seja feita no Brasil e na Amaz\u00f4nia&#8221;, disse Lula no evento da <strong>Confer\u00eancia de Mudan\u00e7as Clim\u00e1ticas<\/strong>.<\/p>\n<p>Segundo o\u00a0<strong>presidente eleito<\/strong>, a COP30 deveria ocorrer no Brasil pela &#8216;relev\u00e2ncia dada \u00e0 Amaz\u00f4nia pelos l\u00edderes mundiais em seus discursos&#8217;.<\/p>\n<p>&#8220;Se a <a href=\"https:\/\/www.suno.com.br\/noticias\/bolsonaro-elon-musk-amazonia\/\">Amaz\u00f4nia<\/a> tem o significado que tem para o planeta Terra, se tem a import\u00e2ncia que todos voc\u00eas dizem que tem, que os cientistas dizem que tem, n\u00f3s n\u00e3o temos que medir nenhum esfor\u00e7o para convencer as pessoas de que uma \u00e1rvore em p\u00e9, uma \u00e1rvore viva, vale mais do que uma \u00e1rvore derrubada&#8221;, disse <strong>Lula na COP27<\/strong>.<\/p>\n<p>O pedido de <strong>sediar a COP no Brasil<\/strong> veio pela sugest\u00e3o de <a href=\"https:\/\/www.suno.com.br\/noticias\/votacao-eleicoes-2022\/\">Helder Barbalho (MDB)<\/a>, governador do Par\u00e1 que foi o respons\u00e1vel pelo convite de Lula ao evento de cunho ambiental.<\/p>\n<p>&#8220;Al\u00e9m de propor que a COP aconte\u00e7a no Brasil, queria lhe pedir que o senhor possa oferecer a Amaz\u00f4nia para sediar a COP em 2025, a COP30, para que nos possamos levar o planeta para debater a Amaz\u00f4nia conhecendo a Amaz\u00f4nia&#8221;, disse o governador.<\/p>\n<p>J\u00e1 no discurso de Lula, o petista destacou justamente que a inten\u00e7\u00e3o \u00e9 de que a COP seja na Amaz\u00f4nia, podendo ser no Par\u00e1 ou no Amazonas.<\/p>\n<p>Em sua fala, tamb\u00e9m destacou que o &#8220;Brasil voltar\u00e1 a viver democraticamente com os governadores&#8221;, tecendo uma cr\u00edtica velada ao atual presidente, <strong><a href=\"https:\/\/www.suno.com.br\/noticias\/tags\/jair-bolsonaro\">Jair Bolsonaro (PL)<\/a><\/strong>.<\/p>\n\n\t<div data-element=\"shortcode-read-more\" class=\"readToo\">\n\t\t\t\t<span class=\"readToo__title\">Leia mais<\/span>\n\t\t\t\t<ul class=\"readToo__list\">\n\t\t\t<li><a href=\"https:\/\/www.suno.com.br\/noticias\/citi-lula-corta-exposicao-brasil\/\">Citi diz que mercado pode ter se enganado sobre Lula e corta sua exposi\u00e7\u00e3o no Brasil<\/a><\/li><li><a href=\"https:\/\/www.suno.com.br\/noticias\/lula-discurso-queda-bolsa-dolar-mercado-financeiro\/\">O que Lula disse que &#8216;criou caos no mercado financeiro&#8217;? Veja an\u00e1lises<\/a><\/li><li><a href=\"https:\/\/www.suno.com.br\/noticias\/dolar-dispara-temor-fiscal-fala-de-lula\/\">D\u00f3lar dispara e fecha perto de R$ 5,40 com temor fiscal ap\u00f3s fala de Lula<\/a><\/li>\t\t<\/ul>\n\t<\/div>\n\n\n<p>Um aceno tamb\u00e9m foi feito aos prefeitos. Lula disse que &#8216;sem eles n\u00e3o \u00e9 poss\u00edvel evitar queimadas&#8217; e, no mesmo sentido da fala sobre os governadores, disse que &#8216;o Governo Federal passou responsabilidade, mas n\u00e3o passou recursos&#8217;.<\/p>\n<p>&#8220;N\u00e3o \u00e9 poss\u00edvel que um presidente pense que possa governar sem conversar com os governadores. O presidente tem obriga\u00e7\u00e3o de conversar com todos os governadores sem perguntar a que partido ou religi\u00e3o pertence&#8221;, disse. N\u00e3o adianta ficar discutindo de Bras\u00edlia. \u00c9 preciso descer at\u00e9 os prefeitos&#8221;, acrescentou.<\/p>\n<p>Lula tamb\u00e9m destacou que em seu mandato far\u00e1 &#8220;uma luta muito forte contra o desmatamento ilegal&#8221; e que &#8220;cuidar\u00e1 muito forte dos povos ind\u00edgenas, com a cria\u00e7\u00e3o de um minist\u00e9rio&#8221;. Conforme falas anteriores do petista, j\u00e1 era esperada a cria\u00e7\u00e3o de um Minist\u00e9rio dos Povos Origin\u00e1rios.<\/p>\n<p>&#8220;N\u00e3o temos que medir nenhum esfor\u00e7o para que a gente consiga convencer as pessoas de que uma \u00e1rvore em p\u00e9 serve mais do que uma \u00e1rvore derrubada sem necessidade&#8221;, acrescentou Lula.<\/p>\n<p>O petista tamb\u00e9m disse que ir\u00e1 &#8220;trabalhar para acabar com a forme e a degrada\u00e7\u00e3o das florestas&#8221; e que &#8220;a democracia vai voltar a reinar no Brasil de forma permanente&#8221;.<\/p>\n\t<p>\n\t\t<a href=\"https:\/\/lp.suno.com.br\/ebook-como-analisar-uma-acao\/\" target=\"_blank\" data-element=\"shortcode-suno-banner\" title=\"Banner SUNO, clique e saiba mais\">\n\t\t\t<picture>\n\t\t\t\t<source media=\"(max-width: 500px)\" srcset=\"https:\/\/files.sunoresearch.com.br\/n\/uploads\/2023\/12\/Ebook-Acoes-Mobile.jpg\">\n\t\t\t\t<img class=\"newsContent__article__imgCapa newsContent__article__imgCapa--banner\"\n\t\t\t\t\tsrc=\"https:\/\/files.sunoresearch.com.br\/n\/uploads\/2023\/12\/Ebook-Acoes-Desktop.webp\"\n\t\t\t\t\tdata-promo-id=\"311260\"\t\t\t\t\t\t\t\t\t\twidth='1420' height='286'\t\t\t\t\talt=\"https:\/\/files.sunoresearch.com.br\/n\/uploads\/2023\/12\/Ebook-Acoes-Desktop.webp\"\n\t\t\t\t>\n\t\t\t<\/picture>\n\t\t<\/a>\n\t<\/p>\n\n\n<h2>Lula recebeu governadores antes da COP27<\/h2>\n<p>Lula recebeu governadores da Amaz\u00f4nia legal ainda nesta quarta (16), e o governador do Par\u00e1 foi quem leu o texto com propostas para a regi\u00e3o.<\/p>\n<p>&#8220;Expressamos a disposi\u00e7\u00e3o em construir uma rela\u00e7\u00e3o prof\u00edcua e eficaz com o governo federal, baseada no respeito democr\u00e1tico, na observ\u00e2ncia da Constitui\u00e7\u00e3o e do di\u00e1logo com os poderes constitu\u00eddos nas esferas estadual e federal&#8221;, disse.<\/p>\n<p>&#8220;Os estados da <strong>Amaz\u00f4nia<\/strong> alcan\u00e7aram um n\u00edvel de capacidade de relacionamento com organismos internacionais, com a sociedade civil, com <a class=\"suno-keyword\" href=\"https:\/\/www.suno.com.br\/artigos\/instituicoes-financeiras\/\" target=\"_blank\" rel=\"noopener\" data-force=\"no\" data-priority=\"1\">institui\u00e7\u00f5es financeiras<\/a> e at\u00e9 mesmo entre si que deve ser incentivado n\u00e3o pode mais retroceder&#8221;, salientam os governadores da Amaz\u00f4nia legal.<\/p>\n<p>Os l\u00edderes j\u00e1 haviam se encontrado com Lula na segunda-feira (14), antes de Lula ir ao Egito e ter reuni\u00f5es com l\u00edderes internacionais com portas fechadas.<\/p>\n<p>Dialogaram com Lula os governadores:<\/p>\n<ul>\n<li>Gladson Cameli (Acre)<\/li>\n<li>Mauro Mendes (Mato Grosso)<\/li>\n<li>Helder Barbalho (Par\u00e1)<\/li>\n<li>Wanderlei Barbosa (Tocantins)<\/li>\n<li>Marcos Rocha (Rond\u00f4nia)<\/li>\n<\/ul>\n<p>Os l\u00edderes destacaram o desenvolvimento sustent\u00e1vel como um tema relevante, citando que a Amaz\u00f4nia foi explorada por anos, por\u00e9m sem grandes retornos que foram voltados \u00e0 popula\u00e7\u00e3o local.<\/p>\n<p>&#8220;O modelo de desenvolvimento vigente, para ser economicamente pujante, trouxe o custo de ser ambientalmente devastador e socialmente excludente&#8221;, disseram no texto lido por Barbalho na COP27, em que <strong>Lula<\/strong> participa.<\/p>\n\t<p>\n\t\t<a href=\"https:\/\/lp.suno.com.br\/minicurso-investindo-fiis\/\" target=\"_blank\" data-element=\"shortcode-suno-banner\" title=\"Banner SUNO, clique e saiba mais\">\n\t\t\t<picture>\n\t\t\t\t<source media=\"(max-width: 500px)\" srcset=\"https:\/\/files.sunoresearch.com.br\/n\/uploads\/2023\/07\/400x300-Minicurso-FIIS.png\">\n\t\t\t\t<img class=\"newsContent__article__imgCapa newsContent__article__imgCapa--banner\"\n\t\t\t\t\tsrc=\"https:\/\/files.sunoresearch.com.br\/n\/uploads\/2023\/07\/1420x240-Minicurso-FIIS.png\"\n\t\t\t\t\tdata-promo-id=\"311935\"\t\t\t\t\t\t\t\t\t\twidth='1420' height='240'\t\t\t\t\talt=\"https:\/\/files.sunoresearch.com.br\/n\/uploads\/2023\/07\/1420x240-Minicurso-FIIS.png\"\n\t\t\t\t>\n\t\t\t<\/picture>\n\t\t<\/a>\n\t<\/p>\n\n\n","protected":false},"excerpt":{"rendered":"<p>O presidente eleito Luiz In\u00e1cio Lula da Silva (PT) falou na manh\u00e3 desta quarta-feira (16) na COP27, no Egito. Em sua fala, pediu que a edi\u00e7\u00e3o de 2025, a COP30, seja no Brasil, e prometeu &#8216;lutar contra o desmatamento&#8217;. D\u00f3lar em queda: Cota\u00e7\u00e3o fica abaixo de R$ 5,35 com foco no Fed e cen\u00e1rio internacional. [&hellip;]<\/p>\n","protected":false},"author":73,"featured_media":318132,"comment_status":"closed","ping_status":"closed","sticky":false,"template":"","format":"standard","meta":[],"categories":[63],"tags":[75364],"suno_strategy":[],"class_list":["post-319177","post","type-post","status-publish","format-standard","has-post-thumbnail","hentry","category-internacional","tag-esg"],"yoast_head":"<!-- This site is optimized with the Yoast SEO plugin v24.4 - https:\/\/yoast.com\/wordpress\/plugins\/seo\/ -->\n<title>Lula na COP27 pede que confer\u00eancia de 2025 seja na Amaz\u00f4nia<\/title>\n<meta name=\"description\" content=\"Na COP27, Lula tamb\u00e9m prometeu &#039;volta da luta contra o desmatamento&#039; e teceu cr\u00edticas veladas contra Bolsonaro. Clique e confira!\" \/>\n<meta name=\"robots\" content=\"index, follow, max-snippet:-1, max-image-preview:large, max-video-preview:-1\" \/>\n<link rel=\"canonical\" href=\"https:\/\/www.suno.com.br\/noticias\/lula-cop27-brasil-desmatamento\/\" \/>\n<meta property=\"og:locale\" content=\"pt_BR\" \/>\n<meta property=\"og:type\" content=\"article\" \/>\n<meta property=\"og:title\" content=\"Lula na COP27 pede que confer\u00eancia de 2025 seja na Amaz\u00f4nia\" \/>\n<meta property=\"og:description\" content=\"Na COP27, Lula tamb\u00e9m prometeu &#039;volta da luta contra o desmatamento&#039; e teceu cr\u00edticas veladas contra Bolsonaro. Clique e confira!\" \/>\n<meta property=\"og:url\" content=\"https:\/\/www.suno.com.br\/noticias\/lula-cop27-brasil-desmatamento\/\" \/>\n<meta property=\"og:site_name\" content=\"Suno Not\u00edcias\" \/>\n<meta property=\"article:publisher\" content=\"https:\/\/facebook.com\/sunoresearch\" \/>\n<meta property=\"og:image\" content=\"https:\/\/files.sunoresearch.com.br\/n\/uploads\/2022\/11\/lula-ccbb-scaled.jpg\" \/>\n\t<meta property=\"og:image:width\" content=\"2560\" \/>\n\t<meta property=\"og:image:height\" content=\"1707\" \/>\n\t<meta property=\"og:image:type\" content=\"image\/jpeg\" \/>\n<meta name=\"author\" content=\"Eduardo Vargas\" \/>\n<meta name=\"twitter:card\" content=\"summary_large_image\" \/>\n<meta name=\"twitter:creator\" content=\"@sunoresearch\" \/>\n<meta name=\"twitter:site\" content=\"@sunoresearch\" \/>\n<meta name=\"twitter:label1\" content=\"Escrito por\" \/>\n\t<meta name=\"twitter:data1\" content=\"Eduardo Vargas\" \/>\n\t<meta name=\"twitter:label2\" content=\"Est. tempo de leitura\" \/>\n\t<meta name=\"twitter:data2\" content=\"4 minutos\" \/>\n<script type=\"application\/ld+json\" class=\"yoast-schema-graph\">{\"@context\":\"https:\/\/schema.org\",\"@graph\":[{\"@type\":\"NewsArticle\",\"@id\":\"https:\/\/www.suno.com.br\/noticias\/lula-cop27-brasil-desmatamento\/#article\",\"isPartOf\":{\"@id\":\"https:\/\/www.suno.com.br\/noticias\/lula-cop27-brasil-desmatamento\/\"},\"author\":{\"name\":\"Eduardo Vargas\",\"@id\":\"https:\/\/www.suno.com.br\/noticias\/#\/schema\/person\/7f4d362bf3518e76090143ae77bb49a5\"},\"headline\":\"Lula na COP27 pede que encontro em 2025 seja no Brasil e promete &#8216;volta da luta contra o desmatamento&#8217;\",\"datePublished\":\"2022-11-16T12:02:50+00:00\",\"mainEntityOfPage\":{\"@id\":\"https:\/\/www.suno.com.br\/noticias\/lula-cop27-brasil-desmatamento\/\"},\"wordCount\":775,\"publisher\":{\"@id\":\"https:\/\/www.suno.com.br\/noticias\/#organization\"},\"image\":{\"@id\":\"https:\/\/www.suno.com.br\/noticias\/lula-cop27-brasil-desmatamento\/#primaryimage\"},\"thumbnailUrl\":\"https:\/\/files.sunoresearch.com.br\/n\/uploads\/2022\/11\/lula-ccbb-scaled.jpg\",\"keywords\":[\"ESG\"],\"articleSection\":[\"Internacional\"],\"inLanguage\":\"pt-BR\"},{\"@type\":\"WebPage\",\"@id\":\"https:\/\/www.suno.com.br\/noticias\/lula-cop27-brasil-desmatamento\/\",\"url\":\"https:\/\/www.suno.com.br\/noticias\/lula-cop27-brasil-desmatamento\/\",\"name\":\"Lula na COP27 pede que confer\u00eancia de 2025 seja na Amaz\u00f4nia\",\"isPartOf\":{\"@id\":\"https:\/\/www.suno.com.br\/noticias\/#website\"},\"primaryImageOfPage\":{\"@id\":\"https:\/\/www.suno.com.br\/noticias\/lula-cop27-brasil-desmatamento\/#primaryimage\"},\"image\":{\"@id\":\"https:\/\/www.suno.com.br\/noticias\/lula-cop27-brasil-desmatamento\/#primaryimage\"},\"thumbnailUrl\":\"https:\/\/files.sunoresearch.com.br\/n\/uploads\/2022\/11\/lula-ccbb-scaled.jpg\",\"datePublished\":\"2022-11-16T12:02:50+00:00\",\"description\":\"Na COP27, Lula tamb\u00e9m prometeu 'volta da luta contra o desmatamento' e teceu cr\u00edticas veladas contra Bolsonaro. Clique e confira!\",\"breadcrumb\":{\"@id\":\"https:\/\/www.suno.com.br\/noticias\/lula-cop27-brasil-desmatamento\/#breadcrumb\"},\"inLanguage\":\"pt-BR\",\"potentialAction\":[{\"@type\":\"ReadAction\",\"target\":[\"https:\/\/www.suno.com.br\/noticias\/lula-cop27-brasil-desmatamento\/\"]}]},{\"@type\":\"ImageObject\",\"inLanguage\":\"pt-BR\",\"@id\":\"https:\/\/www.suno.com.br\/noticias\/lula-cop27-brasil-desmatamento\/#primaryimage\",\"url\":\"https:\/\/files.sunoresearch.com.br\/n\/uploads\/2022\/11\/lula-ccbb-scaled.jpg\",\"contentUrl\":\"https:\/\/files.sunoresearch.com.br\/n\/uploads\/2022\/11\/lula-ccbb-scaled.jpg\",\"width\":2560,\"height\":1707,\"caption\":\"Lula decreta interven\u00e7\u00e3o federal na seguran\u00e7a p\u00fablica do Distrito Federal. . Foto: Marcelo Camargo\/Ag\u00eancia Brasil\"},{\"@type\":\"BreadcrumbList\",\"@id\":\"https:\/\/www.suno.com.br\/noticias\/lula-cop27-brasil-desmatamento\/#breadcrumb\",\"itemListElement\":[{\"@type\":\"ListItem\",\"position\":1,\"name\":\"Not\u00edcias\",\"item\":\"https:\/\/www.suno.com.br\/noticias\/\"},{\"@type\":\"ListItem\",\"position\":2,\"name\":\"Internacional\",\"item\":\"https:\/\/www.suno.com.br\/noticias\/internacional\/\"},{\"@type\":\"ListItem\",\"position\":3,\"name\":\"Lula na COP27 pede que encontro em 2025 seja no Brasil e promete &#8216;volta da luta contra o desmatamento&#8217;\"}]},{\"@type\":\"WebSite\",\"@id\":\"https:\/\/www.suno.com.br\/noticias\/#website\",\"url\":\"https:\/\/www.suno.com.br\/noticias\/\",\"name\":\"Suno Not\u00edcias\",\"description\":\"Seu portal de informa\u00e7\u00e3o sobre o mundo dos investimentos\",\"publisher\":{\"@id\":\"https:\/\/www.suno.com.br\/noticias\/#organization\"},\"potentialAction\":[{\"@type\":\"SearchAction\",\"target\":{\"@type\":\"EntryPoint\",\"urlTemplate\":\"https:\/\/www.suno.com.br\/noticias\/?s={search_term_string}\"},\"query-input\":{\"@type\":\"PropertyValueSpecification\",\"valueRequired\":true,\"valueName\":\"search_term_string\"}}],\"inLanguage\":\"pt-BR\"},{\"@type\":\"Organization\",\"@id\":\"https:\/\/www.suno.com.br\/noticias\/#organization\",\"name\":\"Suno Not\u00edcias\",\"url\":\"https:\/\/www.suno.com.br\/noticias\/\",\"logo\":{\"@type\":\"ImageObject\",\"inLanguage\":\"pt-BR\",\"@id\":\"https:\/\/www.suno.com.br\/noticias\/#\/schema\/logo\/image\/\",\"url\":\"https:\/\/files.sunoresearch.com.br\/n\/uploads\/2021\/09\/suno-logo.png\",\"contentUrl\":\"https:\/\/files.sunoresearch.com.br\/n\/uploads\/2021\/09\/suno-logo.png\",\"width\":180,\"height\":180,\"caption\":\"Suno Not\u00edcias\"},\"image\":{\"@id\":\"https:\/\/www.suno.com.br\/noticias\/#\/schema\/logo\/image\/\"},\"sameAs\":[\"https:\/\/facebook.com\/sunoresearch\",\"https:\/\/x.com\/sunoresearch\",\"https:\/\/www.instagram.com\/suno\",\"https:\/\/www.linkedin.com\/company\/suno-research\/\",\"https:\/\/www.youtube.com\/c\/sunoresearch\"]},{\"@type\":\"Person\",\"@id\":\"https:\/\/www.suno.com.br\/noticias\/#\/schema\/person\/7f4d362bf3518e76090143ae77bb49a5\",\"name\":\"Eduardo Vargas\",\"image\":{\"@type\":\"ImageObject\",\"inLanguage\":\"pt-BR\",\"@id\":\"https:\/\/www.suno.com.br\/noticias\/#\/schema\/person\/image\/\",\"url\":\"https:\/\/secure.gravatar.com\/avatar\/dac340933427a22924c9f99d1eb2e3f2?s=96&r=g\",\"contentUrl\":\"https:\/\/secure.gravatar.com\/avatar\/dac340933427a22924c9f99d1eb2e3f2?s=96&r=g\",\"caption\":\"Eduardo Vargas\"},\"description\":\"Jornalista formado pela UFSC, cobre macroeconomia, neg\u00f3cios e startups para o Suno Not\u00edcias, escrevendo principalmente not\u00edcias sobre o mercado financeiro e a bolsa de valores. No YouTube e no Instagram, \u00e9 respons\u00e1vel pela produ\u00e7\u00e3o de Reels e Shorts do Suno Not\u00edcias. Anteriormente, trabalhou cobrindo economia e cotidiano no ND+ e para o ND, maior jornal impresso de Santa Catarina. Cursou um semestre letivo de Estudos de M\u00eddia na Universidad de Buenos Aires.\",\"url\":\"https:\/\/www.suno.com.br\/noticias\/author\/eduardo-vargas\/\"}]}<\/script>\n<!-- \/ Yoast SEO plugin. -->","yoast_head_json":{"title":"Lula na COP27 pede que confer\u00eancia de 2025 seja na Amaz\u00f4nia","description":"Na COP27, Lula tamb\u00e9m prometeu 'volta da luta contra o desmatamento' e teceu cr\u00edticas veladas contra Bolsonaro. Clique e confira!","robots":{"index":"index","follow":"follow","max-snippet":"max-snippet:-1","max-image-preview":"max-image-preview:large","max-video-preview":"max-video-preview:-1"},"canonical":"https:\/\/www.suno.com.br\/noticias\/lula-cop27-brasil-desmatamento\/","og_locale":"pt_BR","og_type":"article","og_title":"Lula na COP27 pede que confer\u00eancia de 2025 seja na Amaz\u00f4nia","og_description":"Na COP27, Lula tamb\u00e9m prometeu 'volta da luta contra o desmatamento' e teceu cr\u00edticas veladas contra Bolsonaro. Clique e confira!","og_url":"https:\/\/www.suno.com.br\/noticias\/lula-cop27-brasil-desmatamento\/","og_site_name":"Suno Not\u00edcias","article_publisher":"https:\/\/facebook.com\/sunoresearch","og_image":[{"width":2560,"height":1707,"url":"https:\/\/files.sunoresearch.com.br\/n\/uploads\/2022\/11\/lula-ccbb-scaled.jpg","type":"image\/jpeg"}],"author":"Eduardo Vargas","twitter_card":"summary_large_image","twitter_creator":"@sunoresearch","twitter_site":"@sunoresearch","twitter_misc":{"Escrito por":"Eduardo Vargas","Est. tempo de leitura":"4 minutos"},"schema":{"@context":"https:\/\/schema.org","@graph":[{"@type":"NewsArticle","@id":"https:\/\/www.suno.com.br\/noticias\/lula-cop27-brasil-desmatamento\/#article","isPartOf":{"@id":"https:\/\/www.suno.com.br\/noticias\/lula-cop27-brasil-desmatamento\/"},"author":{"name":"Eduardo Vargas","@id":"https:\/\/www.suno.com.br\/noticias\/#\/schema\/person\/7f4d362bf3518e76090143ae77bb49a5"},"headline":"Lula na COP27 pede que encontro em 2025 seja no Brasil e promete &#8216;volta da luta contra o desmatamento&#8217;","datePublished":"2022-11-16T12:02:50+00:00","mainEntityOfPage":{"@id":"https:\/\/www.suno.com.br\/noticias\/lula-cop27-brasil-desmatamento\/"},"wordCount":775,"publisher":{"@id":"https:\/\/www.suno.com.br\/noticias\/#organization"},"image":{"@id":"https:\/\/www.suno.com.br\/noticias\/lula-cop27-brasil-desmatamento\/#primaryimage"},"thumbnailUrl":"https:\/\/files.sunoresearch.com.br\/n\/uploads\/2022\/11\/lula-ccbb-scaled.jpg","keywords":["ESG"],"articleSection":["Internacional"],"inLanguage":"pt-BR"},{"@type":"WebPage","@id":"https:\/\/www.suno.com.br\/noticias\/lula-cop27-brasil-desmatamento\/","url":"https:\/\/www.suno.com.br\/noticias\/lula-cop27-brasil-desmatamento\/","name":"Lula na COP27 pede que confer\u00eancia de 2025 seja na Amaz\u00f4nia","isPartOf":{"@id":"https:\/\/www.suno.com.br\/noticias\/#website"},"primaryImageOfPage":{"@id":"https:\/\/www.suno.com.br\/noticias\/lula-cop27-brasil-desmatamento\/#primaryimage"},"image":{"@id":"https:\/\/www.suno.com.br\/noticias\/lula-cop27-brasil-desmatamento\/#primaryimage"},"thumbnailUrl":"https:\/\/files.sunoresearch.com.br\/n\/uploads\/2022\/11\/lula-ccbb-scaled.jpg","datePublished":"2022-11-16T12:02:50+00:00","description":"Na COP27, Lula tamb\u00e9m prometeu 'volta da luta contra o desmatamento' e teceu cr\u00edticas veladas contra Bolsonaro. Clique e confira!","breadcrumb":{"@id":"https:\/\/www.suno.com.br\/noticias\/lula-cop27-brasil-desmatamento\/#breadcrumb"},"inLanguage":"pt-BR","potentialAction":[{"@type":"ReadAction","target":["https:\/\/www.suno.com.br\/noticias\/lula-cop27-brasil-desmatamento\/"]}]},{"@type":"ImageObject","inLanguage":"pt-BR","@id":"https:\/\/www.suno.com.br\/noticias\/lula-cop27-brasil-desmatamento\/#primaryimage","url":"https:\/\/files.sunoresearch.com.br\/n\/uploads\/2022\/11\/lula-ccbb-scaled.jpg","contentUrl":"https:\/\/files.sunoresearch.com.br\/n\/uploads\/2022\/11\/lula-ccbb-scaled.jpg","width":2560,"height":1707,"caption":"Lula decreta interven\u00e7\u00e3o federal na seguran\u00e7a p\u00fablica do Distrito Federal. . Foto: Marcelo Camargo\/Ag\u00eancia Brasil"},{"@type":"BreadcrumbList","@id":"https:\/\/www.suno.com.br\/noticias\/lula-cop27-brasil-desmatamento\/#breadcrumb","itemListElement":[{"@type":"ListItem","position":1,"name":"Not\u00edcias","item":"https:\/\/www.suno.com.br\/noticias\/"},{"@type":"ListItem","position":2,"name":"Internacional","item":"https:\/\/www.suno.com.br\/noticias\/internacional\/"},{"@type":"ListItem","position":3,"name":"Lula na COP27 pede que encontro em 2025 seja no Brasil e promete &#8216;volta da luta contra o desmatamento&#8217;"}]},{"@type":"WebSite","@id":"https:\/\/www.suno.com.br\/noticias\/#website","url":"https:\/\/www.suno.com.br\/noticias\/","name":"Suno Not\u00edcias","description":"Seu portal de informa\u00e7\u00e3o sobre o mundo dos investimentos","publisher":{"@id":"https:\/\/www.suno.com.br\/noticias\/#organization"},"potentialAction":[{"@type":"SearchAction","target":{"@type":"EntryPoint","urlTemplate":"https:\/\/www.suno.com.br\/noticias\/?s={search_term_string}"},"query-input":{"@type":"PropertyValueSpecification","valueRequired":true,"valueName":"search_term_string"}}],"inLanguage":"pt-BR"},{"@type":"Organization","@id":"https:\/\/www.suno.com.br\/noticias\/#organization","name":"Suno Not\u00edcias","url":"https:\/\/www.suno.com.br\/noticias\/","logo":{"@type":"ImageObject","inLanguage":"pt-BR","@id":"https:\/\/www.suno.com.br\/noticias\/#\/schema\/logo\/image\/","url":"https:\/\/files.sunoresearch.com.br\/n\/uploads\/2021\/09\/suno-logo.png","contentUrl":"https:\/\/files.sunoresearch.com.br\/n\/uploads\/2021\/09\/suno-logo.png","width":180,"height":180,"caption":"Suno Not\u00edcias"},"image":{"@id":"https:\/\/www.suno.com.br\/noticias\/#\/schema\/logo\/image\/"},"sameAs":["https:\/\/facebook.com\/sunoresearch","https:\/\/x.com\/sunoresearch","https:\/\/www.instagram.com\/suno","https:\/\/www.linkedin.com\/company\/suno-research\/","https:\/\/www.youtube.com\/c\/sunoresearch"]},{"@type":"Person","@id":"https:\/\/www.suno.com.br\/noticias\/#\/schema\/person\/7f4d362bf3518e76090143ae77bb49a5","name":"Eduardo Vargas","image":{"@type":"ImageObject","inLanguage":"pt-BR","@id":"https:\/\/www.suno.com.br\/noticias\/#\/schema\/person\/image\/","url":"https:\/\/secure.gravatar.com\/avatar\/dac340933427a22924c9f99d1eb2e3f2?s=96&r=g","contentUrl":"https:\/\/secure.gravatar.com\/avatar\/dac340933427a22924c9f99d1eb2e3f2?s=96&r=g","caption":"Eduardo Vargas"},"description":"Jornalista formado pela UFSC, cobre macroeconomia, neg\u00f3cios e startups para o Suno Not\u00edcias, escrevendo principalmente not\u00edcias sobre o mercado financeiro e a bolsa de valores. No YouTube e no Instagram, \u00e9 respons\u00e1vel pela produ\u00e7\u00e3o de Reels e Shorts do Suno Not\u00edcias. Anteriormente, trabalhou cobrindo economia e cotidiano no ND+ e para o ND, maior jornal impresso de Santa Catarina. Cursou um semestre letivo de Estudos de M\u00eddia na Universidad de Buenos Aires.","url":"https:\/\/www.suno.com.br\/noticias\/author\/eduardo-vargas\/"}]}},"default_loop_html":"<div class=\"cardsPage__listCard__boxs\"><div class=\"cardsPage__listCard__boxs__img\"><a href=\"https:\/\/www.suno.com.br\/noticias\/dolar-dispara-temor-fiscal-fala-de-lula\/\"><img class=\"mask\" src=\"https:\/\/www.suno.com.br\/noticias\/wp-content\/themes\/suno\/resources\/images\/spotlight\/spotlight1img\/bg-mask.png\" alt=\"Image Mask\"\/><img src=\"https:\/\/files.sunoresearch.com.br\/n\/uploads\/2022\/08\/dolar-unsplash-400x200.jpeg\" alt=\"D\u00f3lar dispara e fecha perto de R$ 5,40 com temor fiscal ap\u00f3s fala de Lula\"\/><\/a><span class=\"spotlightCategory\"><a href=\"https:\/\/www.suno.com.br\/noticias\/uncategorized\/\">Mercado Financeiro<\/a><\/span><\/div><div class=\"cardsPage__listCard__boxs__content\"><a href=\"https:\/\/www.suno.com.br\/noticias\/dolar-dispara-temor-fiscal-fala-de-lula\/\"><h2 class=\"content__title\">D\u00f3lar dispara e fecha perto de R$ 5,40 com temor fiscal ap\u00f3s fala de Lula<\/h2><\/a><div class=\"newsContent__article__meta\"><div class=\"newsContent__article__meta__authorBox\"><a href=\"https:\/\/www.suno.com.br\/noticias\/author\/redacao-suno\/\" class=\"authorBox__avatar noMobi\"><img src=\"https:\/\/files.sunoresearch.com.br\/n\/uploads\/2020\/08\/0ace682d-redacao-1-150x150.webp\" alt=\"Reda\u00e7\u00e3o Suno Not\u00edcias\"><\/a><div class=\"authorBox__name\"><span>por\n\t\t\t<a href=\"https:\/\/www.suno.com.br\/noticias\/author\/redacao-suno\/\"><span itemprop=\"author\">Reda\u00e7\u00e3o Suno Not\u00edcias<\/span><\/a><\/span><time datetime=\"2022-11-10T20:05:32-03:00\" itemprop=\"datePublished\">10\/11\/2022 20:05<\/time><\/div><\/div><\/div><\/div><\/div>","single_layout":"posts","amp_enabled":true,"_links":{"self":[{"href":"https:\/\/www.suno.com.br\/noticias\/wp-json\/wp\/v2\/posts\/319177"}],"collection":[{"href":"https:\/\/www.suno.com.br\/noticias\/wp-json\/wp\/v2\/posts"}],"about":[{"href":"https:\/\/www.suno.com.br\/noticias\/wp-json\/wp\/v2\/types\/post"}],"author":[{"embeddable":true,"href":"https:\/\/www.suno.com.br\/noticias\/wp-json\/wp\/v2\/users\/73"}],"replies":[{"embeddable":true,"href":"https:\/\/www.suno.com.br\/noticias\/wp-json\/wp\/v2\/comments?post=319177"}],"version-history":[{"count":3,"href":"https:\/\/www.suno.com.br\/noticias\/wp-json\/wp\/v2\/posts\/319177\/revisions"}],"predecessor-version":[{"id":319192,"href":"https:\/\/www.suno.com.br\/noticias\/wp-json\/wp\/v2\/posts\/319177\/revisions\/319192"}],"wp:featuredmedia":[{"embeddable":true,"href":"https:\/\/www.suno.com.br\/noticias\/wp-json\/wp\/v2\/media\/318132"}],"wp:attachment":[{"href":"https:\/\/www.suno.com.br\/noticias\/wp-json\/wp\/v2\/media?parent=319177"}],"wp:term":[{"taxonomy":"category","embeddable":true,"href":"https:\/\/www.suno.com.br\/noticias\/wp-json\/wp\/v2\/categories?post=319177"},{"taxonomy":"post_tag","embeddable":true,"href":"https:\/\/www.suno.com.br\/noticias\/wp-json\/wp\/v2\/tags?post=319177"},{"taxonomy":"suno_strategy","embeddable":true,"href":"https:\/\/www.suno.com.br\/noticias\/wp-json\/wp\/v2\/suno_strategy?post=319177"}],"curies":[{"name":"wp","href":"https:\/\/api.w.org\/{rel}","templated":true}]}}