{"id":319166,"date":"2022-11-16T08:29:41","date_gmt":"2022-11-16T11:29:41","guid":{"rendered":"https:\/\/www.suno.com.br\/noticias\/?p=319166"},"modified":"2022-11-16T09:26:44","modified_gmt":"2022-11-16T12:26:44","slug":"missil-polonia-guerra-russia-ucrania","status":"publish","type":"post","link":"https:\/\/www.suno.com.br\/noticias\/missil-polonia-guerra-russia-ucrania\/","title":{"rendered":"Pol\u00f4nia: Ap\u00f3s m\u00edssil matar duas pessoas, Otan rediscute posi\u00e7\u00e3o na guerra da Ucr\u00e2nia"},"content":{"rendered":"<p>Na ter\u00e7a (15), duas pessoas morreram em uma explos\u00e3o de um m\u00edssil na <strong>Pol\u00f4nia<\/strong>. Ainda n\u00e3o h\u00e1 comprova\u00e7\u00e3o do local de onde o disparo foi feito. Primeiramente as autoridades do pa\u00eds mostram suspei\u00e7\u00e3o com a R\u00fassia, mas na manh\u00e3 desta quarta-feira (16), citaram que n\u00e3o h\u00e1 evid\u00eancia de que o m\u00edssil veio do pa\u00eds comandado por Putin e que, na verdade, pode ter vindo do sistema de defesa antia\u00e9reo da Ucr\u00e2nia.<\/p><div class=\"videoFull \">\n\t\t\t<div class=\"videoWrapper yt-lazyload center\"\n\t\t\t\tdata-width=\"960\"\n\t\t\t\tdata-height=\"540\"\n\t\t\t\tdata-id=\"B2wo6dnUYyI\"\n\t\t\t\tdata-alt=\"V\u00eddeo do YouTube - clique para reproduzir\"\n\t\t\t\tdata-logo=\"3\"\n\t\t\t\tdata-imagequality=\"maxres\">\n\t\t\t<\/div>\n\t\t<\/div><script type=\"application\/ld+json\">{\"@context\":\"https:\/\/schema.org\",\"@type\":\"VideoObject\",\"name\":\"M\u00cdSSEIS ATINGEM POL\u00d4NIA E GERAM TENS\u00c3O NA OTAN | Lula na COP 27 | Nubank (NUBR33) reverte preju\u00edzo\",\"description\":\"#morningcall #Not\u00edcias #polonia #ucrania #guerranaucrania #guerra #pol\u00edtica #lula #cop27 #nubank #nubr33 #elei\u00e7\u00f5es2022 #bolsadevalores #investimentos \ud835\udc08\ud835\udc0d\ud835\udc12\ud835\udc02\ud835\udc11\ud835\udc04\ud835\udc15\ud835\udc00-\ud835\udc12\ud835\udc04 \ud835\udc0d\ud835\udc0e \ud835\udc02\ud835\udc00\ud835\udc0d\ud835\udc00\ud835\udc0b \ud835\udc04 \ud835\udc00\ud835\udc13\ud835\udc08\ud835\udc15\ud835\udc04 \ud835\udc0e \ud835\udc12\ud835\udc08\ud835\udc0d\ud835\udc0e \ud83d\udc47 https:\/\/bit.ly\/INSCREVA-SEATIVEOSINO \ud83d\udcda \ud835\udc04-\ud835\udc1b\ud835\udc28\ud835\udc28\ud835\udc24 \"\ud835\udc02\ud835\udc28\ud835\udc26\ud835\udc28 \ud835\udc22\ud835\udc27\ud835\udc2f\ud835\udc1e\ud835\udc2c\ud835\udc2d\ud835\udc22\ud835\udc2b \ud835\udc1e\ud835\udc26 \ud835\udc03\ud835\udc22\ud835\udc2f\ud835\udc22\ud835\udc1d\ud835\udc1e\ud835\udc27\ud835\udc1d\ud835\udc28\ud835\udc2c?\"\ud83d\udc47 - \ud835\udc1b\ud835\udc1a\ud835\udc22\ud835\udc31\ud835\udc1e \ud835\udc20\ud835\udc2b\ud835\udc1a\ud835\udc2d\ud835\udc2e\ud835\udc22\ud835\udc2d\ud835\udc1a\ud835\udc26\ud835\udc1e\ud835\udc27\ud835\udc2d\ud835\udc1e \ud835\udc1e \ud835\udc1a\ud835\udc29\ud835\udc2b\ud835\udc1e\ud835\udc27\ud835\udc1d\ud835\udc1a: https:\/\/bit.ly\/ebookGRATUITOdoSunoNoticiasComoinvestiremDividendos \ud83d\udc47 \ud835\udc12\ud835\udc22\ud835\udc20\ud835\udc1a \ud835\udc27\ud835\udc28\ud835\udc2c\ud835\udc2c\ud835\udc1a\ud835\udc2c \ud835\udc2b\ud835\udc1e\ud835\udc1d\ud835\udc1e\ud835\udc2c \ud835\udc2c\ud835\udc28\ud835\udc1c\ud835\udc22\ud835\udc1a\ud835\udc22\ud835\udc2c: Portal Suno Not\u00edcias: https:\/\/www.suno.com.br\/noticias\/ Twitter: https:\/\/twitter.com\/sunonoticias Instagram: https:\/\/www.instagram.com\/sunonoticias\/ Telegram: https:\/\/t.me\/sunonoticias\",\"duration\":\"PT42M35S\",\"embedUrl\":\"https:\/\/www.youtube.com\/embed\/B2wo6dnUYyI\",\"regionsAllowed\":\"pt-BR\",\"interactionStatistic\":{\"@type\":\"InteractionCounter\",\"interactionType\":{\"@type\":\"WatchAction\"},\"userInteractionCount\":3301},\"thumbnailUrl\":\"https:\/\/i.ytimg.com\/vi\/B2wo6dnUYyI\/default.jpg\",\"uploadDate\":\"2022-11-16T12:48:00Z\"}<\/script>\n\n\t<p>\n\t\t<a href=\"https:\/\/lp2.suno.com.br\/cl\/black-friday-2025\/?utm_campaign=_SNCDF0E4858_\" target=\"_blank\" data-element=\"shortcode-suno-banner\" title=\"Banner SUNO, clique e saiba mais\">\n\t\t\t<picture>\n\t\t\t\t<source media=\"(max-width: 500px)\" srcset=\"https:\/\/files.sunoresearch.com.br\/n\/uploads\/2025\/10\/Artigos-e-Noticias-Banner-Home-artigos-01-Mobile_-400x300-1-png.webp\">\n\t\t\t\t<img class=\"newsContent__article__imgCapa newsContent__article__imgCapa--banner\"\n\t\t\t\t\tsrc=\"https:\/\/files.sunoresearch.com.br\/n\/uploads\/2025\/10\/Artigos-e-Noticias-Banner-Home-artigos-01-Desktop_-1420x240-1-png.webp\"\n\t\t\t\t\tdata-promo-id=\"311259\"\t\t\t\t\t\t\t\t\t\twidth='1420' height='240'\t\t\t\t\talt=\"https:\/\/files.sunoresearch.com.br\/n\/uploads\/2025\/10\/Artigos-e-Noticias-Banner-Home-artigos-01-Desktop_-1420x240-1-png.webp\"\n\t\t\t\t>\n\t\t\t<\/picture>\n\t\t<\/a>\n\t<\/p>\n\n\n<p>Ainda na ter\u00e7a (15), logo ap\u00f3s o <a href=\"https:\/\/www.mfa.gov.bn\/Pages\/dfm_Poland.aspx\">Minist\u00e9rio de Rela\u00e7\u00f5es Exteriores da Pol\u00f4nia<\/a> confirmar a ocorr\u00eancia do <strong>ataque com m\u00edssil<\/strong>, o embaixador russo no pa\u00eds, Lukasz Jasina, foi convocado para tratar do caso.<\/p>\n<p>Primeiramente as autoridades da Pol\u00f4nia citavam que se tratava de um m\u00edssil de fabrica\u00e7\u00e3o russa.<\/p>\n<p>&#8220;No momento n\u00e3o temos provas inequ\u00edvocas de quem disparou o m\u00edssil, uma investiga\u00e7\u00e3o est\u00e1 em andamento. Era muito provavelmente de fabrica\u00e7\u00e3o russa&#8221;, disse o presidente <strong>Andrzej Duda<\/strong> em coletiva na ter\u00e7a (15).<\/p>\n<p>Nesta quarta, Duda disse: &#8220;Com a informa\u00e7\u00e3o que temos e que nossos aliados tamb\u00e9m t\u00eam, foi um m\u00edssil S-300 fabricado na Uni\u00e3o Sovi\u00e9tica, uma arma antiga. N\u00e3o h\u00e1 evid\u00eancia de que o <strong>m\u00edssil foi disparado pela R\u00fassia<\/strong>&#8220;.<\/p>\n<p>Segundo a Associated Press, contudo, a leitura de l\u00edderes americanos \u00e9 de que a explos\u00e3o poder\u00e1 ter sido causada pelo sistema de defesa antia\u00e9rea da Ucr\u00e2nia.<\/p>\n<p>A ministra da Defesa da B\u00e9lgica, Ludivine Dedonder, deu declara\u00e7\u00f5es no mesmo sentido. &#8220;De acordo com as informa\u00e7\u00f5es dispon\u00edveis, os ataques foram o resultado dos sistemas de defesa antia\u00e9rea ucranianos, utilizados para contra-atacar os m\u00edsseis russos&#8221;, disse.<\/p>\n<p>O proj\u00e9til atingiu uma fazenda de gr\u00e3os localizada em Przewodow, uma cidade que fica justamente pr\u00f3xima \u00e0 fronteira com a Ucr\u00e2nia.\u00a0De acordo com o governo polon\u00eas, a cidade foi atingida por volta das 15h40 no hor\u00e1rio local.<\/p>\n<p>&#8220;As autoridades est\u00e3o no local investigando o epis\u00f3dio e continuar\u00e3o a investigar por toda a noite ou o tempo que for necess\u00e1rio para esclarecer esse caso&#8221;, disse o porta-voz do governo polon\u00eas, Piotr Muller.<\/p>\n\n\t<div data-element=\"shortcode-read-more\" class=\"readToo\">\n\t\t\t\t<span class=\"readToo__title\">Leia mais<\/span>\n\t\t\t\t<ul class=\"readToo__list\">\n\t\t\t<li><a href=\"https:\/\/www.suno.com.br\/noticias\/cba-cbav3-guerra-ucrania-sancoes-russia-acoes\/\">CBA (CBAV3): guerra na Ucr\u00e2nia e san\u00e7\u00f5es contra R\u00fassia movimentam a\u00e7\u00f5es<\/a><\/li><li><a href=\"https:\/\/www.suno.com.br\/noticias\/ucrania-ocde-membro\/\">Ucr\u00e2nia \u00e9 reconhecida como membro potencial da OCDE<\/a><\/li><li><a href=\"https:\/\/www.suno.com.br\/noticias\/zelensky-sofre-acidente-carro-ucrania\/\">Zelensky sofre acidente de carro na capital da Ucr\u00e2nia<\/a><\/li>\t\t<\/ul>\n\t<\/div>\n\n\n<p>Em coletiva, Muller tamb\u00e9m citou que a na\u00e7\u00e3o avalia &#8216;elevar o n\u00edvel de alerta de algumas unidades de combate&#8217;.<\/p>\n<p>Em nota, o <a href=\"https:\/\/eng.mil.ru\/\">Minist\u00e9rio da Defesa da R\u00fassia<\/a> disse que as alega\u00e7\u00f5es sobre a origem do m\u00edssil s\u00e3o &#8220;uma provoca\u00e7\u00e3o deliberada com o objetivo de agravar a situa\u00e7\u00e3o&#8221;.<\/p>\n<p>&#8220;Nenhum ataque a alvos perto da fronteira entre Ucr\u00e2nia e Pol\u00f4nia foi feito por meios de destrui\u00e7\u00e3o russos&#8221;, disse o Governo Russo, em nota.<\/p>\n<p>O <strong><a href=\"https:\/\/www.suno.com.br\/noticias\/zelensky-ucrania-otan-bolsas-ny-alta\/\">presidente da Ucr\u00e2nia, Volodymir Zelensky<\/a><\/strong>, endossou a tese de que o m\u00edssil teria vindo da R\u00fassia.<\/p>\n<figure id=\"attachment_319172\" aria-describedby=\"caption-attachment-319172\" style=\"width: 1000px\" class=\"wp-caption aligncenter\"><img loading=\"lazy\" decoding=\"async\" class=\"size-full wp-image-319172\" src=\"https:\/\/files.sunoresearch.com.br\/n\/uploads\/2022\/11\/lideres-otan.jpg\" alt=\"L\u00edderes da Otan se re\u00fanem para rediscutir Guerra entre R\u00fassia e Ucr\u00e2nia ap\u00f3s o ocorrido - Foto: Reprodu\u00e7\u00e3o\/Casa Branca\" width=\"1000\" height=\"559\" srcset=\"https:\/\/files.sunoresearch.com.br\/n\/uploads\/2022\/11\/lideres-otan.jpg 1000w, https:\/\/files.sunoresearch.com.br\/n\/uploads\/2022\/11\/lideres-otan-300x168.jpg 300w, https:\/\/files.sunoresearch.com.br\/n\/uploads\/2022\/11\/lideres-otan-768x429.jpg 768w, https:\/\/files.sunoresearch.com.br\/n\/uploads\/2022\/11\/lideres-otan-150x84.jpg 150w\" sizes=\"(max-width: 1000px) 100vw, 1000px\" \/><figcaption id=\"caption-attachment-319172\" class=\"wp-caption-text\">L\u00edderes da Otan se re\u00fanem para rediscutir Guerra entre R\u00fassia e Ucr\u00e2nia ap\u00f3s o ocorrido &#8211; Foto: Reprodu\u00e7\u00e3o\/Casa Branca<\/figcaption><\/figure>\n<p>&#8220;Quanto mais a R\u00fassia sentir impunidade, mais amea\u00e7as haver\u00e1 para qualquer um ao alcance dos <strong>m\u00edsseis russos<\/strong>. Disparar m\u00edsseis conta o territ\u00f3rio da Otan. Este \u00e9 um ataque de m\u00edsseis russos contra a seguran\u00e7a coletiva. Esta \u00e9 uma escalada muito significativa. Devemos agir&#8221;, disse.<\/p>\n<p>A l\u00edder da <a class=\"suno-keyword\" href=\"https:\/\/www.suno.com.br\/artigos\/uniao-europeia\/\" target=\"_blank\" rel=\"noopener\" data-force=\"no\" data-priority=\"2\">Uni\u00e3o Europeia<\/a>, <strong>Ursula von der Leyen<\/strong>, destacou que o m\u00edssil atingiu a Pol\u00f4nia logo ap\u00f3s ataques ao territ\u00f3rio ucraniano e classificou o evento como &#8220;alarmante&#8221;.<\/p>\n<h2>M\u00edssil na Pol\u00f4nia aumenta tens\u00e3o com a Otan<\/h2>\n<p>Em meio \u00e0 <strong>Guerra entre R\u00fassia e Ucr\u00e2nia<\/strong>, o ocorrido aumenta a tens\u00e3o entre os pa\u00edses da Organiza\u00e7\u00e3o do Tratado do Atl\u00e2ntico Norte, a Otan.<\/p>\n<p>A normativa atual da Organiza\u00e7\u00e3o &#8211; que contempla 30 pa\u00edses, dentre eles os Estados Unidos e a Pol\u00f4nia &#8211; prev\u00ea que &#8220;as Partes ser\u00e3o consultadas sempre que, na opini\u00e3o de qualquer delas, houver amea\u00e7a \u00e0 integridade territorial, \u00e0 independ\u00eancia pol\u00edtica ou \u00e0 seguran\u00e7a de uma das Partes&#8221;, conforme o Artigo 4\u00ba.<\/p>\n\t<p>\n\t\t<a href=\"https:\/\/lp.suno.com.br\/ebook-como-analisar-uma-acao\/\" target=\"_blank\" data-element=\"shortcode-suno-banner\" title=\"Banner SUNO, clique e saiba mais\">\n\t\t\t<picture>\n\t\t\t\t<source media=\"(max-width: 500px)\" srcset=\"https:\/\/files.sunoresearch.com.br\/n\/uploads\/2023\/12\/Ebook-Acoes-Mobile.jpg\">\n\t\t\t\t<img class=\"newsContent__article__imgCapa newsContent__article__imgCapa--banner\"\n\t\t\t\t\tsrc=\"https:\/\/files.sunoresearch.com.br\/n\/uploads\/2023\/12\/Ebook-Acoes-Desktop.webp\"\n\t\t\t\t\tdata-promo-id=\"311260\"\t\t\t\t\t\t\t\t\t\twidth='1420' height='286'\t\t\t\t\talt=\"https:\/\/files.sunoresearch.com.br\/n\/uploads\/2023\/12\/Ebook-Acoes-Desktop.webp\"\n\t\t\t\t>\n\t\t\t<\/picture>\n\t\t<\/a>\n\t<\/p>\n\n\n<p>Al\u00e9m disso, o Artigo 5\u00ba diz que &#8220;um ataque armado contra uma ou v\u00e1rias das partes na Europa ou na Am\u00e9rica do Norte ser\u00e1 considerado um ataque a todas&#8221;. O mesmo dispositivo prev\u00ea &#8220;emprego da for\u00e7a armada, para restaurar e garantir a seguran\u00e7a&#8221;.<\/p>\n<p>O <a href=\"https:\/\/www.suno.com.br\/noticias\/joe-biden-economia-eua-recuperacao-crescimento\/\"><strong>presidente americano Joe Biden<\/strong> <\/a>j\u00e1 se reuniu com l\u00edderes mundiais membros da Otan, incluindo autoridades da\u00a0Alemanha, Canad\u00e1, Holanda, Jap\u00e3o, Espanha, It\u00e1lia, Fran\u00e7a e Reino Unido.<\/p>\n<p>O encontro foi convocado pelo democrata logo ap\u00f3s o ocorrido e em car\u00e1ter emergencial, j\u00e1 que v\u00e1rios l\u00edderes estavam em Bali, na Indon\u00e9sia, para a 17\u00aa reuni\u00e3o da c\u00fapula do G20.<\/p>\n<p>Porta vozes da Pol\u00f4nia j\u00e1 destacaram esperar um posicionamento dos EUA, que atualmente \u00e9 o pa\u00eds mais relevante da alian\u00e7a militar.<\/p>\n<p>O chefe do Escrit\u00f3rio de Seguran\u00e7a Nacional da Pol\u00f4nia, Jacek Siewiera, se pronunciou sobre o caso e citou o artigo que prev\u00ea consultas e reuni\u00f5es em casos de amea\u00e7as \u00e0 integridade territorial.<\/p>\n<p>&#8220;Verificamos as premissas do Artigo 4 da <strong>Otan<\/strong>. Estamos em contato com nossos aliados e esperamos conversas com o lado americano&#8221;, disse.<\/p>\n<p>Ainda nesta quarta (16) embaixadores e membros da Otan se encontram para debater o assunto. Um diplomata que n\u00e3o foi identificado disse \u00e0 Reuters que &#8220;vai agir cautelosamente e precisar\u00e1 de tempo para verificar o que aconteceu com precis\u00e3o&#8221;.<\/p>\n<p>O dia \u00e9 de reuni\u00e3o do G20 e, neste contexto, l\u00edderes mundiais j\u00e1 citam o encontro como relevante para discutir o caso do m\u00edssil na <strong>Pol\u00f4nia<\/strong>. O presidente da Fran\u00e7a, Emmanuel Macron, solicitou &#8216;verifica\u00e7\u00f5es necess\u00e1rias&#8217; e tamb\u00e9m afirmou que a reuni\u00e3o do G20 ser\u00e1 palco para a discuss\u00e3o da Guerra na Ucr\u00e2nia.<\/p>\n\t<p>\n\t\t<a href=\"https:\/\/lp.suno.com.br\/minicurso-investindo-fiis\/\" target=\"_blank\" data-element=\"shortcode-suno-banner\" title=\"Banner SUNO, clique e saiba mais\">\n\t\t\t<picture>\n\t\t\t\t<source media=\"(max-width: 500px)\" srcset=\"https:\/\/files.sunoresearch.com.br\/n\/uploads\/2023\/07\/400x300-Minicurso-FIIS.png\">\n\t\t\t\t<img class=\"newsContent__article__imgCapa newsContent__article__imgCapa--banner\"\n\t\t\t\t\tsrc=\"https:\/\/files.sunoresearch.com.br\/n\/uploads\/2023\/07\/1420x240-Minicurso-FIIS.png\"\n\t\t\t\t\tdata-promo-id=\"311935\"\t\t\t\t\t\t\t\t\t\twidth='1420' height='240'\t\t\t\t\talt=\"https:\/\/files.sunoresearch.com.br\/n\/uploads\/2023\/07\/1420x240-Minicurso-FIIS.png\"\n\t\t\t\t>\n\t\t\t<\/picture>\n\t\t<\/a>\n\t<\/p>\n\n\n","protected":false},"excerpt":{"rendered":"<p>Na ter\u00e7a (15), duas pessoas morreram em uma explos\u00e3o de um m\u00edssil na Pol\u00f4nia. Ainda n\u00e3o h\u00e1 comprova\u00e7\u00e3o do local de onde o disparo foi feito. Primeiramente as autoridades do pa\u00eds mostram suspei\u00e7\u00e3o com a R\u00fassia, mas na manh\u00e3 desta quarta-feira (16), citaram que n\u00e3o h\u00e1 evid\u00eancia de que o m\u00edssil veio do pa\u00eds comandado [&hellip;]<\/p>\n","protected":false},"author":73,"featured_media":319175,"comment_status":"closed","ping_status":"closed","sticky":false,"template":"","format":"standard","meta":[],"categories":[63],"tags":[866],"suno_strategy":[],"class_list":["post-319166","post","type-post","status-publish","format-standard","has-post-thumbnail","hentry","category-internacional","tag-russia"],"yoast_head":"<!-- This site is optimized with the Yoast SEO plugin v24.4 - https:\/\/yoast.com\/wordpress\/plugins\/seo\/ -->\n<title>Pol\u00f4nia: Ap\u00f3s m\u00edssil matar duas pessoas, Otan rediscute posi\u00e7\u00e3o na guerra da Ucr\u00e2nia<\/title>\n<meta name=\"description\" content=\"O m\u00edssil atingiu uma regi\u00e3o da Pol\u00f4nia que \u00e9 pr\u00f3xima da Ucr\u00e2nia e autoridades j\u00e1 classificam proj\u00e9til como &#039;de origem russa&#039;. Confira!\" \/>\n<meta name=\"robots\" content=\"index, follow, max-snippet:-1, max-image-preview:large, max-video-preview:-1\" \/>\n<link rel=\"canonical\" href=\"https:\/\/www.suno.com.br\/noticias\/missil-polonia-guerra-russia-ucrania\/\" \/>\n<meta property=\"og:locale\" content=\"pt_BR\" \/>\n<meta property=\"og:type\" content=\"article\" \/>\n<meta property=\"og:title\" content=\"Pol\u00f4nia: Ap\u00f3s m\u00edssil matar duas pessoas, Otan rediscute posi\u00e7\u00e3o na guerra da Ucr\u00e2nia\" \/>\n<meta property=\"og:description\" content=\"O m\u00edssil atingiu uma regi\u00e3o da Pol\u00f4nia que \u00e9 pr\u00f3xima da Ucr\u00e2nia e autoridades j\u00e1 classificam proj\u00e9til como &#039;de origem russa&#039;. Confira!\" \/>\n<meta property=\"og:url\" content=\"https:\/\/www.suno.com.br\/noticias\/missil-polonia-guerra-russia-ucrania\/\" \/>\n<meta property=\"og:site_name\" content=\"Suno Not\u00edcias\" \/>\n<meta property=\"article:publisher\" content=\"https:\/\/facebook.com\/sunoresearch\" \/>\n<meta property=\"og:image\" content=\"https:\/\/files.sunoresearch.com.br\/n\/uploads\/2022\/11\/Missil-Poloniaa.png\" \/>\n\t<meta property=\"og:image:width\" content=\"1366\" \/>\n\t<meta property=\"og:image:height\" content=\"768\" \/>\n\t<meta property=\"og:image:type\" content=\"image\/png\" \/>\n<meta name=\"author\" content=\"Eduardo Vargas\" \/>\n<meta name=\"twitter:card\" content=\"summary_large_image\" \/>\n<meta name=\"twitter:creator\" content=\"@sunoresearch\" \/>\n<meta name=\"twitter:site\" content=\"@sunoresearch\" \/>\n<meta name=\"twitter:label1\" content=\"Escrito por\" \/>\n\t<meta name=\"twitter:data1\" content=\"Eduardo Vargas\" \/>\n\t<meta name=\"twitter:label2\" content=\"Est. tempo de leitura\" \/>\n\t<meta name=\"twitter:data2\" content=\"5 minutos\" \/>\n<script type=\"application\/ld+json\" class=\"yoast-schema-graph\">{\"@context\":\"https:\/\/schema.org\",\"@graph\":[{\"@type\":\"NewsArticle\",\"@id\":\"https:\/\/www.suno.com.br\/noticias\/missil-polonia-guerra-russia-ucrania\/#article\",\"isPartOf\":{\"@id\":\"https:\/\/www.suno.com.br\/noticias\/missil-polonia-guerra-russia-ucrania\/\"},\"author\":{\"name\":\"Eduardo Vargas\",\"@id\":\"https:\/\/www.suno.com.br\/noticias\/#\/schema\/person\/7f4d362bf3518e76090143ae77bb49a5\"},\"headline\":\"Pol\u00f4nia: Ap\u00f3s m\u00edssil matar duas pessoas, Otan rediscute posi\u00e7\u00e3o na guerra da Ucr\u00e2nia\",\"datePublished\":\"2022-11-16T11:29:41+00:00\",\"dateModified\":\"2022-11-16T12:26:44+00:00\",\"mainEntityOfPage\":{\"@id\":\"https:\/\/www.suno.com.br\/noticias\/missil-polonia-guerra-russia-ucrania\/\"},\"wordCount\":1026,\"publisher\":{\"@id\":\"https:\/\/www.suno.com.br\/noticias\/#organization\"},\"image\":{\"@id\":\"https:\/\/www.suno.com.br\/noticias\/missil-polonia-guerra-russia-ucrania\/#primaryimage\"},\"thumbnailUrl\":\"https:\/\/files.sunoresearch.com.br\/n\/uploads\/2022\/11\/Missil-Poloniaa.png\",\"keywords\":[\"R\u00fassia\"],\"articleSection\":[\"Internacional\"],\"inLanguage\":\"pt-BR\"},{\"@type\":\"WebPage\",\"@id\":\"https:\/\/www.suno.com.br\/noticias\/missil-polonia-guerra-russia-ucrania\/\",\"url\":\"https:\/\/www.suno.com.br\/noticias\/missil-polonia-guerra-russia-ucrania\/\",\"name\":\"Pol\u00f4nia: Ap\u00f3s m\u00edssil matar duas pessoas, Otan rediscute posi\u00e7\u00e3o na guerra da Ucr\u00e2nia\",\"isPartOf\":{\"@id\":\"https:\/\/www.suno.com.br\/noticias\/#website\"},\"primaryImageOfPage\":{\"@id\":\"https:\/\/www.suno.com.br\/noticias\/missil-polonia-guerra-russia-ucrania\/#primaryimage\"},\"image\":{\"@id\":\"https:\/\/www.suno.com.br\/noticias\/missil-polonia-guerra-russia-ucrania\/#primaryimage\"},\"thumbnailUrl\":\"https:\/\/files.sunoresearch.com.br\/n\/uploads\/2022\/11\/Missil-Poloniaa.png\",\"datePublished\":\"2022-11-16T11:29:41+00:00\",\"dateModified\":\"2022-11-16T12:26:44+00:00\",\"description\":\"O m\u00edssil atingiu uma regi\u00e3o da Pol\u00f4nia que \u00e9 pr\u00f3xima da Ucr\u00e2nia e autoridades j\u00e1 classificam proj\u00e9til como 'de origem russa'. Confira!\",\"breadcrumb\":{\"@id\":\"https:\/\/www.suno.com.br\/noticias\/missil-polonia-guerra-russia-ucrania\/#breadcrumb\"},\"inLanguage\":\"pt-BR\",\"potentialAction\":[{\"@type\":\"ReadAction\",\"target\":[\"https:\/\/www.suno.com.br\/noticias\/missil-polonia-guerra-russia-ucrania\/\"]}]},{\"@type\":\"ImageObject\",\"inLanguage\":\"pt-BR\",\"@id\":\"https:\/\/www.suno.com.br\/noticias\/missil-polonia-guerra-russia-ucrania\/#primaryimage\",\"url\":\"https:\/\/files.sunoresearch.com.br\/n\/uploads\/2022\/11\/Missil-Poloniaa.png\",\"contentUrl\":\"https:\/\/files.sunoresearch.com.br\/n\/uploads\/2022\/11\/Missil-Poloniaa.png\",\"width\":1366,\"height\":768,\"caption\":\"M\u00edssil atingiu a Pol\u00f4nia em regi\u00e3o de fronteira com a Ucr\u00e2nia - Foto: Reprodu\u00e7\u00e3o\/Twitter\"},{\"@type\":\"BreadcrumbList\",\"@id\":\"https:\/\/www.suno.com.br\/noticias\/missil-polonia-guerra-russia-ucrania\/#breadcrumb\",\"itemListElement\":[{\"@type\":\"ListItem\",\"position\":1,\"name\":\"Not\u00edcias\",\"item\":\"https:\/\/www.suno.com.br\/noticias\/\"},{\"@type\":\"ListItem\",\"position\":2,\"name\":\"Internacional\",\"item\":\"https:\/\/www.suno.com.br\/noticias\/internacional\/\"},{\"@type\":\"ListItem\",\"position\":3,\"name\":\"Pol\u00f4nia: Ap\u00f3s m\u00edssil matar duas pessoas, Otan rediscute posi\u00e7\u00e3o na guerra da Ucr\u00e2nia\"}]},{\"@type\":\"WebSite\",\"@id\":\"https:\/\/www.suno.com.br\/noticias\/#website\",\"url\":\"https:\/\/www.suno.com.br\/noticias\/\",\"name\":\"Suno Not\u00edcias\",\"description\":\"Seu portal de informa\u00e7\u00e3o sobre o mundo dos investimentos\",\"publisher\":{\"@id\":\"https:\/\/www.suno.com.br\/noticias\/#organization\"},\"potentialAction\":[{\"@type\":\"SearchAction\",\"target\":{\"@type\":\"EntryPoint\",\"urlTemplate\":\"https:\/\/www.suno.com.br\/noticias\/?s={search_term_string}\"},\"query-input\":{\"@type\":\"PropertyValueSpecification\",\"valueRequired\":true,\"valueName\":\"search_term_string\"}}],\"inLanguage\":\"pt-BR\"},{\"@type\":\"Organization\",\"@id\":\"https:\/\/www.suno.com.br\/noticias\/#organization\",\"name\":\"Suno Not\u00edcias\",\"url\":\"https:\/\/www.suno.com.br\/noticias\/\",\"logo\":{\"@type\":\"ImageObject\",\"inLanguage\":\"pt-BR\",\"@id\":\"https:\/\/www.suno.com.br\/noticias\/#\/schema\/logo\/image\/\",\"url\":\"https:\/\/files.sunoresearch.com.br\/n\/uploads\/2021\/09\/suno-logo.png\",\"contentUrl\":\"https:\/\/files.sunoresearch.com.br\/n\/uploads\/2021\/09\/suno-logo.png\",\"width\":180,\"height\":180,\"caption\":\"Suno Not\u00edcias\"},\"image\":{\"@id\":\"https:\/\/www.suno.com.br\/noticias\/#\/schema\/logo\/image\/\"},\"sameAs\":[\"https:\/\/facebook.com\/sunoresearch\",\"https:\/\/x.com\/sunoresearch\",\"https:\/\/www.instagram.com\/suno\",\"https:\/\/www.linkedin.com\/company\/suno-research\/\",\"https:\/\/www.youtube.com\/c\/sunoresearch\"]},{\"@type\":\"Person\",\"@id\":\"https:\/\/www.suno.com.br\/noticias\/#\/schema\/person\/7f4d362bf3518e76090143ae77bb49a5\",\"name\":\"Eduardo Vargas\",\"image\":{\"@type\":\"ImageObject\",\"inLanguage\":\"pt-BR\",\"@id\":\"https:\/\/www.suno.com.br\/noticias\/#\/schema\/person\/image\/\",\"url\":\"https:\/\/secure.gravatar.com\/avatar\/dac340933427a22924c9f99d1eb2e3f2?s=96&r=g\",\"contentUrl\":\"https:\/\/secure.gravatar.com\/avatar\/dac340933427a22924c9f99d1eb2e3f2?s=96&r=g\",\"caption\":\"Eduardo Vargas\"},\"description\":\"Jornalista formado pela UFSC, cobre macroeconomia, neg\u00f3cios e startups para o Suno Not\u00edcias, escrevendo principalmente not\u00edcias sobre o mercado financeiro e a bolsa de valores. No YouTube e no Instagram, \u00e9 respons\u00e1vel pela produ\u00e7\u00e3o de Reels e Shorts do Suno Not\u00edcias. Anteriormente, trabalhou cobrindo economia e cotidiano no ND+ e para o ND, maior jornal impresso de Santa Catarina. Cursou um semestre letivo de Estudos de M\u00eddia na Universidad de Buenos Aires.\",\"url\":\"https:\/\/www.suno.com.br\/noticias\/author\/eduardo-vargas\/\"}]}<\/script>\n<!-- \/ Yoast SEO plugin. -->","yoast_head_json":{"title":"Pol\u00f4nia: Ap\u00f3s m\u00edssil matar duas pessoas, Otan rediscute posi\u00e7\u00e3o na guerra da Ucr\u00e2nia","description":"O m\u00edssil atingiu uma regi\u00e3o da Pol\u00f4nia que \u00e9 pr\u00f3xima da Ucr\u00e2nia e autoridades j\u00e1 classificam proj\u00e9til como 'de origem russa'. Confira!","robots":{"index":"index","follow":"follow","max-snippet":"max-snippet:-1","max-image-preview":"max-image-preview:large","max-video-preview":"max-video-preview:-1"},"canonical":"https:\/\/www.suno.com.br\/noticias\/missil-polonia-guerra-russia-ucrania\/","og_locale":"pt_BR","og_type":"article","og_title":"Pol\u00f4nia: Ap\u00f3s m\u00edssil matar duas pessoas, Otan rediscute posi\u00e7\u00e3o na guerra da Ucr\u00e2nia","og_description":"O m\u00edssil atingiu uma regi\u00e3o da Pol\u00f4nia que \u00e9 pr\u00f3xima da Ucr\u00e2nia e autoridades j\u00e1 classificam proj\u00e9til como 'de origem russa'. Confira!","og_url":"https:\/\/www.suno.com.br\/noticias\/missil-polonia-guerra-russia-ucrania\/","og_site_name":"Suno Not\u00edcias","article_publisher":"https:\/\/facebook.com\/sunoresearch","og_image":[{"width":1366,"height":768,"url":"https:\/\/files.sunoresearch.com.br\/n\/uploads\/2022\/11\/Missil-Poloniaa.png","type":"image\/png"}],"author":"Eduardo Vargas","twitter_card":"summary_large_image","twitter_creator":"@sunoresearch","twitter_site":"@sunoresearch","twitter_misc":{"Escrito por":"Eduardo Vargas","Est. tempo de leitura":"5 minutos"},"schema":{"@context":"https:\/\/schema.org","@graph":[{"@type":"NewsArticle","@id":"https:\/\/www.suno.com.br\/noticias\/missil-polonia-guerra-russia-ucrania\/#article","isPartOf":{"@id":"https:\/\/www.suno.com.br\/noticias\/missil-polonia-guerra-russia-ucrania\/"},"author":{"name":"Eduardo Vargas","@id":"https:\/\/www.suno.com.br\/noticias\/#\/schema\/person\/7f4d362bf3518e76090143ae77bb49a5"},"headline":"Pol\u00f4nia: Ap\u00f3s m\u00edssil matar duas pessoas, Otan rediscute posi\u00e7\u00e3o na guerra da Ucr\u00e2nia","datePublished":"2022-11-16T11:29:41+00:00","dateModified":"2022-11-16T12:26:44+00:00","mainEntityOfPage":{"@id":"https:\/\/www.suno.com.br\/noticias\/missil-polonia-guerra-russia-ucrania\/"},"wordCount":1026,"publisher":{"@id":"https:\/\/www.suno.com.br\/noticias\/#organization"},"image":{"@id":"https:\/\/www.suno.com.br\/noticias\/missil-polonia-guerra-russia-ucrania\/#primaryimage"},"thumbnailUrl":"https:\/\/files.sunoresearch.com.br\/n\/uploads\/2022\/11\/Missil-Poloniaa.png","keywords":["R\u00fassia"],"articleSection":["Internacional"],"inLanguage":"pt-BR"},{"@type":"WebPage","@id":"https:\/\/www.suno.com.br\/noticias\/missil-polonia-guerra-russia-ucrania\/","url":"https:\/\/www.suno.com.br\/noticias\/missil-polonia-guerra-russia-ucrania\/","name":"Pol\u00f4nia: Ap\u00f3s m\u00edssil matar duas pessoas, Otan rediscute posi\u00e7\u00e3o na guerra da Ucr\u00e2nia","isPartOf":{"@id":"https:\/\/www.suno.com.br\/noticias\/#website"},"primaryImageOfPage":{"@id":"https:\/\/www.suno.com.br\/noticias\/missil-polonia-guerra-russia-ucrania\/#primaryimage"},"image":{"@id":"https:\/\/www.suno.com.br\/noticias\/missil-polonia-guerra-russia-ucrania\/#primaryimage"},"thumbnailUrl":"https:\/\/files.sunoresearch.com.br\/n\/uploads\/2022\/11\/Missil-Poloniaa.png","datePublished":"2022-11-16T11:29:41+00:00","dateModified":"2022-11-16T12:26:44+00:00","description":"O m\u00edssil atingiu uma regi\u00e3o da Pol\u00f4nia que \u00e9 pr\u00f3xima da Ucr\u00e2nia e autoridades j\u00e1 classificam proj\u00e9til como 'de origem russa'. Confira!","breadcrumb":{"@id":"https:\/\/www.suno.com.br\/noticias\/missil-polonia-guerra-russia-ucrania\/#breadcrumb"},"inLanguage":"pt-BR","potentialAction":[{"@type":"ReadAction","target":["https:\/\/www.suno.com.br\/noticias\/missil-polonia-guerra-russia-ucrania\/"]}]},{"@type":"ImageObject","inLanguage":"pt-BR","@id":"https:\/\/www.suno.com.br\/noticias\/missil-polonia-guerra-russia-ucrania\/#primaryimage","url":"https:\/\/files.sunoresearch.com.br\/n\/uploads\/2022\/11\/Missil-Poloniaa.png","contentUrl":"https:\/\/files.sunoresearch.com.br\/n\/uploads\/2022\/11\/Missil-Poloniaa.png","width":1366,"height":768,"caption":"M\u00edssil atingiu a Pol\u00f4nia em regi\u00e3o de fronteira com a Ucr\u00e2nia - Foto: Reprodu\u00e7\u00e3o\/Twitter"},{"@type":"BreadcrumbList","@id":"https:\/\/www.suno.com.br\/noticias\/missil-polonia-guerra-russia-ucrania\/#breadcrumb","itemListElement":[{"@type":"ListItem","position":1,"name":"Not\u00edcias","item":"https:\/\/www.suno.com.br\/noticias\/"},{"@type":"ListItem","position":2,"name":"Internacional","item":"https:\/\/www.suno.com.br\/noticias\/internacional\/"},{"@type":"ListItem","position":3,"name":"Pol\u00f4nia: Ap\u00f3s m\u00edssil matar duas pessoas, Otan rediscute posi\u00e7\u00e3o na guerra da Ucr\u00e2nia"}]},{"@type":"WebSite","@id":"https:\/\/www.suno.com.br\/noticias\/#website","url":"https:\/\/www.suno.com.br\/noticias\/","name":"Suno Not\u00edcias","description":"Seu portal de informa\u00e7\u00e3o sobre o mundo dos investimentos","publisher":{"@id":"https:\/\/www.suno.com.br\/noticias\/#organization"},"potentialAction":[{"@type":"SearchAction","target":{"@type":"EntryPoint","urlTemplate":"https:\/\/www.suno.com.br\/noticias\/?s={search_term_string}"},"query-input":{"@type":"PropertyValueSpecification","valueRequired":true,"valueName":"search_term_string"}}],"inLanguage":"pt-BR"},{"@type":"Organization","@id":"https:\/\/www.suno.com.br\/noticias\/#organization","name":"Suno Not\u00edcias","url":"https:\/\/www.suno.com.br\/noticias\/","logo":{"@type":"ImageObject","inLanguage":"pt-BR","@id":"https:\/\/www.suno.com.br\/noticias\/#\/schema\/logo\/image\/","url":"https:\/\/files.sunoresearch.com.br\/n\/uploads\/2021\/09\/suno-logo.png","contentUrl":"https:\/\/files.sunoresearch.com.br\/n\/uploads\/2021\/09\/suno-logo.png","width":180,"height":180,"caption":"Suno Not\u00edcias"},"image":{"@id":"https:\/\/www.suno.com.br\/noticias\/#\/schema\/logo\/image\/"},"sameAs":["https:\/\/facebook.com\/sunoresearch","https:\/\/x.com\/sunoresearch","https:\/\/www.instagram.com\/suno","https:\/\/www.linkedin.com\/company\/suno-research\/","https:\/\/www.youtube.com\/c\/sunoresearch"]},{"@type":"Person","@id":"https:\/\/www.suno.com.br\/noticias\/#\/schema\/person\/7f4d362bf3518e76090143ae77bb49a5","name":"Eduardo Vargas","image":{"@type":"ImageObject","inLanguage":"pt-BR","@id":"https:\/\/www.suno.com.br\/noticias\/#\/schema\/person\/image\/","url":"https:\/\/secure.gravatar.com\/avatar\/dac340933427a22924c9f99d1eb2e3f2?s=96&r=g","contentUrl":"https:\/\/secure.gravatar.com\/avatar\/dac340933427a22924c9f99d1eb2e3f2?s=96&r=g","caption":"Eduardo Vargas"},"description":"Jornalista formado pela UFSC, cobre macroeconomia, neg\u00f3cios e startups para o Suno Not\u00edcias, escrevendo principalmente not\u00edcias sobre o mercado financeiro e a bolsa de valores. No YouTube e no Instagram, \u00e9 respons\u00e1vel pela produ\u00e7\u00e3o de Reels e Shorts do Suno Not\u00edcias. Anteriormente, trabalhou cobrindo economia e cotidiano no ND+ e para o ND, maior jornal impresso de Santa Catarina. Cursou um semestre letivo de Estudos de M\u00eddia na Universidad de Buenos Aires.","url":"https:\/\/www.suno.com.br\/noticias\/author\/eduardo-vargas\/"}]}},"default_loop_html":"<div class=\"cardsPage__listCard__boxs\"><div class=\"cardsPage__listCard__boxs__img\"><a href=\"https:\/\/www.suno.com.br\/noticias\/zelensky-sofre-acidente-carro-ucrania\/\"><img class=\"mask\" src=\"https:\/\/www.suno.com.br\/noticias\/wp-content\/themes\/suno\/resources\/images\/spotlight\/spotlight1img\/bg-mask.png\" alt=\"Image Mask\"\/><img src=\"https:\/\/files.sunoresearch.com.br\/n\/uploads\/2022\/03\/Zelensky-ucrania-400x200.jpg\" alt=\"Zelensky sofre acidente de carro na capital da Ucr\u00e2nia\"\/><\/a><span class=\"spotlightCategory\"><a href=\"https:\/\/www.suno.com.br\/noticias\/politica\/\">Pol\u00edtica<\/a><\/span><\/div><div class=\"cardsPage__listCard__boxs__content\"><a href=\"https:\/\/www.suno.com.br\/noticias\/zelensky-sofre-acidente-carro-ucrania\/\"><h2 class=\"content__title\">Zelensky sofre acidente de carro na capital da Ucr\u00e2nia<\/h2><\/a><div class=\"newsContent__article__meta\"><div class=\"newsContent__article__meta__authorBox\"><a href=\"https:\/\/www.suno.com.br\/noticias\/author\/marco-lopes\/\" class=\"authorBox__avatar noMobi\"><img src=\"https:\/\/secure.gravatar.com\/avatar\/385167b012fbc1cde32c5446ee253313?s=96&#038;r=g\" alt=\"Marco Ant\u00f4nio Lopes\"><\/a><div class=\"authorBox__name\"><span>por\n\t\t\t<a href=\"https:\/\/www.suno.com.br\/noticias\/author\/marco-lopes\/\"><span itemprop=\"author\">Marco Ant\u00f4nio Lopes<\/span><\/a><\/span><time datetime=\"2022-09-14T21:35:12-03:00\" itemprop=\"datePublished\">14\/09\/2022 21:35<\/time><\/div><\/div><\/div><\/div><\/div>","single_layout":"posts","amp_enabled":true,"_links":{"self":[{"href":"https:\/\/www.suno.com.br\/noticias\/wp-json\/wp\/v2\/posts\/319166"}],"collection":[{"href":"https:\/\/www.suno.com.br\/noticias\/wp-json\/wp\/v2\/posts"}],"about":[{"href":"https:\/\/www.suno.com.br\/noticias\/wp-json\/wp\/v2\/types\/post"}],"author":[{"embeddable":true,"href":"https:\/\/www.suno.com.br\/noticias\/wp-json\/wp\/v2\/users\/73"}],"replies":[{"embeddable":true,"href":"https:\/\/www.suno.com.br\/noticias\/wp-json\/wp\/v2\/comments?post=319166"}],"version-history":[{"count":3,"href":"https:\/\/www.suno.com.br\/noticias\/wp-json\/wp\/v2\/posts\/319166\/revisions"}],"predecessor-version":[{"id":319196,"href":"https:\/\/www.suno.com.br\/noticias\/wp-json\/wp\/v2\/posts\/319166\/revisions\/319196"}],"wp:featuredmedia":[{"embeddable":true,"href":"https:\/\/www.suno.com.br\/noticias\/wp-json\/wp\/v2\/media\/319175"}],"wp:attachment":[{"href":"https:\/\/www.suno.com.br\/noticias\/wp-json\/wp\/v2\/media?parent=319166"}],"wp:term":[{"taxonomy":"category","embeddable":true,"href":"https:\/\/www.suno.com.br\/noticias\/wp-json\/wp\/v2\/categories?post=319166"},{"taxonomy":"post_tag","embeddable":true,"href":"https:\/\/www.suno.com.br\/noticias\/wp-json\/wp\/v2\/tags?post=319166"},{"taxonomy":"suno_strategy","embeddable":true,"href":"https:\/\/www.suno.com.br\/noticias\/wp-json\/wp\/v2\/suno_strategy?post=319166"}],"curies":[{"name":"wp","href":"https:\/\/api.w.org\/{rel}","templated":true}]}}