{"id":319075,"date":"2022-11-15T11:28:54","date_gmt":"2022-11-15T14:28:54","guid":{"rendered":"https:\/\/www.suno.com.br\/noticias\/?p=319075"},"modified":"2022-11-15T12:49:40","modified_gmt":"2022-11-15T15:49:40","slug":"embraer-embr3-bndes-financiamento-22-bilhoes-reais","status":"publish","type":"post","link":"https:\/\/www.suno.com.br\/noticias\/embraer-embr3-bndes-financiamento-22-bilhoes-reais\/","title":{"rendered":"Embraer (EMBR3): BNDES aprova financiamento de R$ 2,2 bilh\u00f5es para produ\u00e7\u00e3o e exporta\u00e7\u00e3o de avi\u00f5es"},"content":{"rendered":"<p>O Banco Nacional de <a class=\"suno-keyword\" href=\"https:\/\/www.suno.com.br\/artigos\/desenvolvimento-economico\/\" target=\"_blank\" rel=\"noopener\" data-force=\"no\" data-priority=\"1\">Desenvolvimento Econ\u00f4mico<\/a> e Social (<strong>BNDES<\/strong>) aprovou um financiamento \u00e0 <strong>Embraer<\/strong> (EMBR3) no valor de R$ 2,2 bilh\u00f5es.<\/p>\t<div class=\"wrapper-featured-image\">\n\t\t<figure class=\"spotlightImg\">\n\n\t\t\t<picture>\n\t\t\t\t<source media=\"(max-width: 768px)\" srcset=\"https:\/\/files.sunoresearch.com.br\/n\/uploads\/2021\/05\/90793dc2-186551469_3625427630896041_6722251706334548378_n-e1697205852968-400x200.jpg\">\n\t\t\t\t<img loading=\"lazy\" decoding=\"async\" class=\"newsContent__article__imgCapa lazyloadDisabled \" src=\"https:\/\/files.sunoresearch.com.br\/n\/uploads\/2021\/05\/90793dc2-186551469_3625427630896041_6722251706334548378_n-e1697205852968-800x450.jpg\" width=\"800\" height=\"450\" alt=\"Embraer (EMBR3): BNDES aprova financiamento de R$ 2,2 bilh\u00f5es para produ\u00e7\u00e3o e exporta\u00e7\u00e3o de avi\u00f5es\" fetchpriority=high \/>\n\t\t\t<\/picture>\n\n\t\t\t<figcaption class=\"wp-caption-text wp-caption-text--show\">Embraer (EMBR3). Foto: Reprodu\u00e7\u00e3o Facebook<\/figcaption>\n\t\t<\/figure>\n\t<\/div>\n\n\n\t<p>\n\t\t<a href=\"https:\/\/lp2.suno.com.br\/cl\/black-friday-2025\/?utm_campaign=_SNCDF0E4858_\" target=\"_blank\" data-element=\"shortcode-suno-banner\" title=\"Banner SUNO, clique e saiba mais\">\n\t\t\t<picture>\n\t\t\t\t<source media=\"(max-width: 500px)\" srcset=\"https:\/\/files.sunoresearch.com.br\/n\/uploads\/2025\/10\/Artigos-e-Noticias-Banner-Home-artigos-01-Mobile_-400x300-1-png.webp\">\n\t\t\t\t<img class=\"newsContent__article__imgCapa newsContent__article__imgCapa--banner\"\n\t\t\t\t\tsrc=\"https:\/\/files.sunoresearch.com.br\/n\/uploads\/2025\/10\/Artigos-e-Noticias-Banner-Home-artigos-01-Desktop_-1420x240-1-png.webp\"\n\t\t\t\t\tdata-promo-id=\"311259\"\t\t\t\t\t\t\t\t\t\twidth='1420' height='240'\t\t\t\t\talt=\"https:\/\/files.sunoresearch.com.br\/n\/uploads\/2025\/10\/Artigos-e-Noticias-Banner-Home-artigos-01-Desktop_-1420x240-1-png.webp\"\n\t\t\t\t>\n\t\t\t<\/picture>\n\t\t<\/a>\n\t<\/p>\n\n\n<p>Os recursos do <strong>financiamento da Embraer<\/strong> ser\u00e3o usados para produzir e exportar aeronaves comerciais fabricadas pela empresa.<\/p>\n<p>A opera\u00e7\u00e3o vai se dar por meio do BNDES Exim Pr\u00e9-embarque, linha de cr\u00e9dito direto do banco para produ\u00e7\u00e3o de bens nacionais destinados \u00e0 exporta\u00e7\u00e3o.<\/p>\n\t<div data-element=\"shortcode-read-more\" class=\"knowMore\">\n\t\t\t\t<span class=\"knowMore__title\">Leia mais:<\/span>\n\t\t\t\t<a class=\"knowMore__link\" href=\"https:\/\/www.suno.com.br\/noticias\/taesa-taee11-juros-debentures\/\">\n\t\t\tTaesa (TAEE11) vai pagar R$ 50,9 milh\u00f5es em juros de deb\u00eantures; Veja a data de pagamento\t\t<\/a>\n\t<\/div>\n\n\n<p>A opera\u00e7\u00e3o do BNDES refor\u00e7a a capta\u00e7\u00e3o de <a class=\"suno-keyword\" href=\"https:\/\/www.suno.com.br\/artigos\/credito-rotativo\/\" target=\"_blank\" rel=\"noopener\" data-force=\"no\" data-priority=\"1\">cr\u00e9dito rotativo<\/a> que j\u00e1 foi anunciado recentemente pela Embraer, juntamente com um conjunto de <a class=\"suno-keyword\" href=\"https:\/\/www.suno.com.br\/artigos\/instituicoes-financeiras\/\" target=\"_blank\" rel=\"noopener\" data-force=\"no\" data-priority=\"1\">institui\u00e7\u00f5es financeiras<\/a> estrangeiras, no montante de US$ 650 milh\u00f5es.<\/p>\n<p>Apesar disso, a consuma\u00e7\u00e3o do financiamento ainda est\u00e1 sujeita ao cumprimento de condi\u00e7\u00f5es pr\u00e9vias fixadas pelo BNDES e \u00e0 assinatura do respectivo contrato.<\/p>\n<p>\u201cAs opera\u00e7\u00f5es de cr\u00e9dito s\u00e3o importantes para retomada da produ\u00e7\u00e3o de aeronaves pela Embraer nos patamares pr\u00e9-pandemia de Covid-19 e tamb\u00e9m refor\u00e7am a parceria estrat\u00e9gica entre o <strong>BNDES e Embraer<\/strong> iniciada em 1997, consolidando o apoio do BNDES \u00e0 ind\u00fastria aeron\u00e1utica e \u00e0 exporta\u00e7\u00e3o de aeronaves brasileiras\u201d, diz Bruno Aranha, diretor do BNDES\u201d.<\/p>\n<p>O segmento da avia\u00e7\u00e3o \u00e9 estrat\u00e9gico, devido \u00e0 alta tecnologia envolvida, ao emprego de m\u00e3o de obra qualificada e tamb\u00e9m \u00e0 capacidade na gera\u00e7\u00e3o de inova\u00e7\u00f5es com impactos positivos para a economia do Brasil.<\/p>\n<p>Al\u00e9m disso, o setor de avia\u00e7\u00e3o representa uma ind\u00fastria relevante para a garantia da soberania nacional atrav\u00e9s dos produtos de defesa. O Brasil \u00e9 um pa\u00eds com capacidade para projetar, fabricar e exportar aeronaves comerciais, executivas, de defesa e agr\u00edcola pelo mundo.<\/p>\n<p>\u201cA longevidade da parceria entre <strong>Embraer e BNDES<\/strong> ilustra a solidez dessa rela\u00e7\u00e3o que estimula as exporta\u00e7\u00f5es do Brasil e beneficia a sociedade como um todo. Em conjunto com outras a\u00e7\u00f5es que estamos realizando junto \u00e0s institui\u00e7\u00f5es financeiras brasileiras e internacionais esta opera\u00e7\u00e3o refor\u00e7a nossa credibilidade para acesso a <a class=\"suno-keyword\" href=\"https:\/\/www.suno.com.br\/artigos\/recursos-financeiros\/\" target=\"_blank\" rel=\"noopener\" data-force=\"no\" data-priority=\"1\">recursos financeiros<\/a> que v\u00e3o contribuir para a execu\u00e7\u00e3o do nosso plano de crescimento\u201d, afirma Antonio Carlos Garcia, CFO da Embraer.<\/p>\n<p>O primeiro <strong>financiamento do BNDES para a Embraer<\/strong> foi em 1997, no valor de US$ 25 bilh\u00f5es, com o objetivo de auxiliar nas exporta\u00e7\u00f5es de aeronaves.<\/p>\n<p>Isso viabilizou a exporta\u00e7\u00e3o de mais de 1.275 aeronaves para empresas do setor a\u00e9reo pelo mundo. Nesse per\u00edodo, as opera\u00e7\u00f5es contratadas fizeram com que a Embraer pudesse concorrer no <a class=\"suno-keyword\" href=\"https:\/\/www.suno.com.br\/artigos\/mercado-externo\/\" target=\"_blank\" rel=\"noopener\" data-force=\"no\" data-priority=\"1\">mercado externo<\/a> em igualdade de condi\u00e7\u00f5es com suas demais concorrentes do segmento.<\/p>\n<h2>Cota\u00e7\u00e3o da Embraer nesta segunda (14)<\/h2>\n<p>As a\u00e7\u00f5es da <strong>Embraer<\/strong>, negociadas sob o ticker <strong>EMBR3<\/strong>, encerraram a sess\u00e3o desta segunda-feira (14) em forte queda de 6,10%, a R$ 13,08.<\/p>\n\t<p>\n\t\t<a href=\"https:\/\/lp.suno.com.br\/ebook-como-analisar-uma-acao\/\" target=\"_blank\" data-element=\"shortcode-suno-banner\" title=\"Banner SUNO, clique e saiba mais\">\n\t\t\t<picture>\n\t\t\t\t<source media=\"(max-width: 500px)\" srcset=\"https:\/\/files.sunoresearch.com.br\/n\/uploads\/2023\/12\/Ebook-Acoes-Mobile.jpg\">\n\t\t\t\t<img class=\"newsContent__article__imgCapa newsContent__article__imgCapa--banner\"\n\t\t\t\t\tsrc=\"https:\/\/files.sunoresearch.com.br\/n\/uploads\/2023\/12\/Ebook-Acoes-Desktop.webp\"\n\t\t\t\t\tdata-promo-id=\"311260\"\t\t\t\t\t\t\t\t\t\twidth='1420' height='286'\t\t\t\t\talt=\"https:\/\/files.sunoresearch.com.br\/n\/uploads\/2023\/12\/Ebook-Acoes-Desktop.webp\"\n\t\t\t\t>\n\t\t\t<\/picture>\n\t\t<\/a>\n\t<\/p>\n\n\n","protected":false},"excerpt":{"rendered":"<p>O Banco Nacional de Desenvolvimento Econ\u00f4mico e Social (BNDES) aprovou um financiamento \u00e0 Embraer (EMBR3) no valor de R$ 2,2 bilh\u00f5es. Embraer (EMBR3). Foto: Reprodu\u00e7\u00e3o Facebook Os recursos do financiamento da Embraer ser\u00e3o usados para produzir e exportar aeronaves comerciais fabricadas pela empresa. A opera\u00e7\u00e3o vai se dar por meio do BNDES Exim Pr\u00e9-embarque, linha [&hellip;]<\/p>\n","protected":false},"author":173,"featured_media":150054,"comment_status":"closed","ping_status":"closed","sticky":false,"template":"","format":"standard","meta":[],"categories":[64],"tags":[757,460],"suno_strategy":[],"class_list":["post-319075","post","type-post","status-publish","format-standard","has-post-thumbnail","hentry","category-negocios","tag-bndes","tag-embraer-embr3"],"yoast_head":"<!-- This site is optimized with the Yoast SEO plugin v24.4 - https:\/\/yoast.com\/wordpress\/plugins\/seo\/ -->\n<title>Embraer (EMBR3): BNDES aprova financiamento de R$ 2,2 bilh\u00f5es para produ\u00e7\u00e3o e exporta\u00e7\u00e3o de avi\u00f5es<\/title>\n<meta name=\"description\" content=\"O BNDES aprovou um financiamento de R$ 2,2 bilh\u00f5es \u00e0 Embraer (EMBR3) para produzir e exportar avi\u00f5es. Saiba mais sobre a opera\u00e7\u00e3o da Embraer.\" \/>\n<meta name=\"robots\" content=\"index, follow, max-snippet:-1, max-image-preview:large, max-video-preview:-1\" \/>\n<link rel=\"canonical\" href=\"https:\/\/www.suno.com.br\/noticias\/embraer-embr3-bndes-financiamento-22-bilhoes-reais\/\" \/>\n<meta property=\"og:locale\" content=\"pt_BR\" \/>\n<meta property=\"og:type\" content=\"article\" \/>\n<meta property=\"og:title\" content=\"Embraer (EMBR3): BNDES aprova financiamento de R$ 2,2 bilh\u00f5es para produ\u00e7\u00e3o e exporta\u00e7\u00e3o de avi\u00f5es\" \/>\n<meta property=\"og:description\" content=\"O BNDES aprovou um financiamento de R$ 2,2 bilh\u00f5es \u00e0 Embraer (EMBR3) para produzir e exportar avi\u00f5es. Saiba mais sobre a opera\u00e7\u00e3o da Embraer.\" \/>\n<meta property=\"og:url\" content=\"https:\/\/www.suno.com.br\/noticias\/embraer-embr3-bndes-financiamento-22-bilhoes-reais\/\" \/>\n<meta property=\"og:site_name\" content=\"Suno Not\u00edcias\" \/>\n<meta property=\"article:publisher\" content=\"https:\/\/facebook.com\/sunoresearch\" \/>\n<meta property=\"og:image\" content=\"https:\/\/files.sunoresearch.com.br\/n\/uploads\/2021\/05\/90793dc2-186551469_3625427630896041_6722251706334548378_n.jpg\" \/>\n\t<meta property=\"og:image:width\" content=\"1685\" \/>\n\t<meta property=\"og:image:height\" content=\"1124\" \/>\n\t<meta property=\"og:image:type\" content=\"image\/jpeg\" \/>\n<meta name=\"author\" content=\"Jo\u00e3o Vitor\" \/>\n<meta name=\"twitter:card\" content=\"summary_large_image\" \/>\n<meta name=\"twitter:creator\" content=\"@sunoresearch\" \/>\n<meta name=\"twitter:site\" content=\"@sunoresearch\" \/>\n<meta name=\"twitter:label1\" content=\"Escrito por\" \/>\n\t<meta name=\"twitter:data1\" content=\"Jo\u00e3o Vitor\" \/>\n\t<meta name=\"twitter:label2\" content=\"Est. tempo de leitura\" \/>\n\t<meta name=\"twitter:data2\" content=\"3 minutos\" \/>\n<script type=\"application\/ld+json\" class=\"yoast-schema-graph\">{\"@context\":\"https:\/\/schema.org\",\"@graph\":[{\"@type\":\"NewsArticle\",\"@id\":\"https:\/\/www.suno.com.br\/noticias\/embraer-embr3-bndes-financiamento-22-bilhoes-reais\/#article\",\"isPartOf\":{\"@id\":\"https:\/\/www.suno.com.br\/noticias\/embraer-embr3-bndes-financiamento-22-bilhoes-reais\/\"},\"author\":{\"name\":\"Jo\u00e3o Vitor\",\"@id\":\"https:\/\/www.suno.com.br\/noticias\/#\/schema\/person\/87fc6973867c52dd884811905c43afba\"},\"headline\":\"Embraer (EMBR3): BNDES aprova financiamento de R$ 2,2 bilh\u00f5es para produ\u00e7\u00e3o e exporta\u00e7\u00e3o de avi\u00f5es\",\"datePublished\":\"2022-11-15T14:28:54+00:00\",\"dateModified\":\"2022-11-15T15:49:40+00:00\",\"mainEntityOfPage\":{\"@id\":\"https:\/\/www.suno.com.br\/noticias\/embraer-embr3-bndes-financiamento-22-bilhoes-reais\/\"},\"wordCount\":481,\"publisher\":{\"@id\":\"https:\/\/www.suno.com.br\/noticias\/#organization\"},\"image\":{\"@id\":\"https:\/\/www.suno.com.br\/noticias\/embraer-embr3-bndes-financiamento-22-bilhoes-reais\/#primaryimage\"},\"thumbnailUrl\":\"https:\/\/files.sunoresearch.com.br\/n\/uploads\/2021\/05\/90793dc2-186551469_3625427630896041_6722251706334548378_n-e1697205852968.jpg\",\"keywords\":[\"BNDES\",\"Embraer (EMBR3)\"],\"articleSection\":[\"Neg\u00f3cios\"],\"inLanguage\":\"pt-BR\"},{\"@type\":\"WebPage\",\"@id\":\"https:\/\/www.suno.com.br\/noticias\/embraer-embr3-bndes-financiamento-22-bilhoes-reais\/\",\"url\":\"https:\/\/www.suno.com.br\/noticias\/embraer-embr3-bndes-financiamento-22-bilhoes-reais\/\",\"name\":\"Embraer (EMBR3): BNDES aprova financiamento de R$ 2,2 bilh\u00f5es para produ\u00e7\u00e3o e exporta\u00e7\u00e3o de avi\u00f5es\",\"isPartOf\":{\"@id\":\"https:\/\/www.suno.com.br\/noticias\/#website\"},\"primaryImageOfPage\":{\"@id\":\"https:\/\/www.suno.com.br\/noticias\/embraer-embr3-bndes-financiamento-22-bilhoes-reais\/#primaryimage\"},\"image\":{\"@id\":\"https:\/\/www.suno.com.br\/noticias\/embraer-embr3-bndes-financiamento-22-bilhoes-reais\/#primaryimage\"},\"thumbnailUrl\":\"https:\/\/files.sunoresearch.com.br\/n\/uploads\/2021\/05\/90793dc2-186551469_3625427630896041_6722251706334548378_n-e1697205852968.jpg\",\"datePublished\":\"2022-11-15T14:28:54+00:00\",\"dateModified\":\"2022-11-15T15:49:40+00:00\",\"description\":\"O BNDES aprovou um financiamento de R$ 2,2 bilh\u00f5es \u00e0 Embraer (EMBR3) para produzir e exportar avi\u00f5es. Saiba mais sobre a opera\u00e7\u00e3o da Embraer.\",\"breadcrumb\":{\"@id\":\"https:\/\/www.suno.com.br\/noticias\/embraer-embr3-bndes-financiamento-22-bilhoes-reais\/#breadcrumb\"},\"inLanguage\":\"pt-BR\",\"potentialAction\":[{\"@type\":\"ReadAction\",\"target\":[\"https:\/\/www.suno.com.br\/noticias\/embraer-embr3-bndes-financiamento-22-bilhoes-reais\/\"]}]},{\"@type\":\"ImageObject\",\"inLanguage\":\"pt-BR\",\"@id\":\"https:\/\/www.suno.com.br\/noticias\/embraer-embr3-bndes-financiamento-22-bilhoes-reais\/#primaryimage\",\"url\":\"https:\/\/files.sunoresearch.com.br\/n\/uploads\/2021\/05\/90793dc2-186551469_3625427630896041_6722251706334548378_n-e1697205852968.jpg\",\"contentUrl\":\"https:\/\/files.sunoresearch.com.br\/n\/uploads\/2021\/05\/90793dc2-186551469_3625427630896041_6722251706334548378_n-e1697205852968.jpg\",\"width\":1200,\"height\":800,\"caption\":\"Embraer (EMBR3). Foto: Reprodu\u00e7\u00e3o Facebook\"},{\"@type\":\"BreadcrumbList\",\"@id\":\"https:\/\/www.suno.com.br\/noticias\/embraer-embr3-bndes-financiamento-22-bilhoes-reais\/#breadcrumb\",\"itemListElement\":[{\"@type\":\"ListItem\",\"position\":1,\"name\":\"Not\u00edcias\",\"item\":\"https:\/\/www.suno.com.br\/noticias\/\"},{\"@type\":\"ListItem\",\"position\":2,\"name\":\"Neg\u00f3cios\",\"item\":\"https:\/\/www.suno.com.br\/noticias\/negocios\/\"},{\"@type\":\"ListItem\",\"position\":3,\"name\":\"Embraer (EMBR3): BNDES aprova financiamento de R$ 2,2 bilh\u00f5es para produ\u00e7\u00e3o e exporta\u00e7\u00e3o de avi\u00f5es\"}]},{\"@type\":\"WebSite\",\"@id\":\"https:\/\/www.suno.com.br\/noticias\/#website\",\"url\":\"https:\/\/www.suno.com.br\/noticias\/\",\"name\":\"Suno Not\u00edcias\",\"description\":\"Seu portal de informa\u00e7\u00e3o sobre o mundo dos investimentos\",\"publisher\":{\"@id\":\"https:\/\/www.suno.com.br\/noticias\/#organization\"},\"potentialAction\":[{\"@type\":\"SearchAction\",\"target\":{\"@type\":\"EntryPoint\",\"urlTemplate\":\"https:\/\/www.suno.com.br\/noticias\/?s={search_term_string}\"},\"query-input\":{\"@type\":\"PropertyValueSpecification\",\"valueRequired\":true,\"valueName\":\"search_term_string\"}}],\"inLanguage\":\"pt-BR\"},{\"@type\":\"Organization\",\"@id\":\"https:\/\/www.suno.com.br\/noticias\/#organization\",\"name\":\"Suno Not\u00edcias\",\"url\":\"https:\/\/www.suno.com.br\/noticias\/\",\"logo\":{\"@type\":\"ImageObject\",\"inLanguage\":\"pt-BR\",\"@id\":\"https:\/\/www.suno.com.br\/noticias\/#\/schema\/logo\/image\/\",\"url\":\"https:\/\/files.sunoresearch.com.br\/n\/uploads\/2021\/09\/suno-logo.png\",\"contentUrl\":\"https:\/\/files.sunoresearch.com.br\/n\/uploads\/2021\/09\/suno-logo.png\",\"width\":180,\"height\":180,\"caption\":\"Suno Not\u00edcias\"},\"image\":{\"@id\":\"https:\/\/www.suno.com.br\/noticias\/#\/schema\/logo\/image\/\"},\"sameAs\":[\"https:\/\/facebook.com\/sunoresearch\",\"https:\/\/x.com\/sunoresearch\",\"https:\/\/www.instagram.com\/suno\",\"https:\/\/www.linkedin.com\/company\/suno-research\/\",\"https:\/\/www.youtube.com\/c\/sunoresearch\"]},{\"@type\":\"Person\",\"@id\":\"https:\/\/www.suno.com.br\/noticias\/#\/schema\/person\/87fc6973867c52dd884811905c43afba\",\"name\":\"Jo\u00e3o Vitor\",\"image\":{\"@type\":\"ImageObject\",\"inLanguage\":\"pt-BR\",\"@id\":\"https:\/\/www.suno.com.br\/noticias\/#\/schema\/person\/image\/\",\"url\":\"https:\/\/secure.gravatar.com\/avatar\/2843227ca03ccf8cc7ccca45204c127e?s=96&r=g\",\"contentUrl\":\"https:\/\/secure.gravatar.com\/avatar\/2843227ca03ccf8cc7ccca45204c127e?s=96&r=g\",\"caption\":\"Jo\u00e3o Vitor\"},\"description\":\"Redator profissional, com atua\u00e7\u00e3o no mercado editorial na produ\u00e7\u00e3o de not\u00edcias e conte\u00fados sobre o mercado de a\u00e7\u00f5es, fundos imobili\u00e1rios e economia popular. Graduando em Engenharia Qu\u00edmica pela Unesp, tamb\u00e9m j\u00e1 atuou como consultor financeiro.\",\"url\":\"https:\/\/www.suno.com.br\/noticias\/author\/joao-vitor-jacintho\/\"}]}<\/script>\n<!-- \/ Yoast SEO plugin. -->","yoast_head_json":{"title":"Embraer (EMBR3): BNDES aprova financiamento de R$ 2,2 bilh\u00f5es para produ\u00e7\u00e3o e exporta\u00e7\u00e3o de avi\u00f5es","description":"O BNDES aprovou um financiamento de R$ 2,2 bilh\u00f5es \u00e0 Embraer (EMBR3) para produzir e exportar avi\u00f5es. Saiba mais sobre a opera\u00e7\u00e3o da Embraer.","robots":{"index":"index","follow":"follow","max-snippet":"max-snippet:-1","max-image-preview":"max-image-preview:large","max-video-preview":"max-video-preview:-1"},"canonical":"https:\/\/www.suno.com.br\/noticias\/embraer-embr3-bndes-financiamento-22-bilhoes-reais\/","og_locale":"pt_BR","og_type":"article","og_title":"Embraer (EMBR3): BNDES aprova financiamento de R$ 2,2 bilh\u00f5es para produ\u00e7\u00e3o e exporta\u00e7\u00e3o de avi\u00f5es","og_description":"O BNDES aprovou um financiamento de R$ 2,2 bilh\u00f5es \u00e0 Embraer (EMBR3) para produzir e exportar avi\u00f5es. Saiba mais sobre a opera\u00e7\u00e3o da Embraer.","og_url":"https:\/\/www.suno.com.br\/noticias\/embraer-embr3-bndes-financiamento-22-bilhoes-reais\/","og_site_name":"Suno Not\u00edcias","article_publisher":"https:\/\/facebook.com\/sunoresearch","og_image":[{"width":1685,"height":1124,"url":"https:\/\/files.sunoresearch.com.br\/n\/uploads\/2021\/05\/90793dc2-186551469_3625427630896041_6722251706334548378_n.jpg","type":"image\/jpeg"}],"author":"Jo\u00e3o Vitor","twitter_card":"summary_large_image","twitter_creator":"@sunoresearch","twitter_site":"@sunoresearch","twitter_misc":{"Escrito por":"Jo\u00e3o Vitor","Est. tempo de leitura":"3 minutos"},"schema":{"@context":"https:\/\/schema.org","@graph":[{"@type":"NewsArticle","@id":"https:\/\/www.suno.com.br\/noticias\/embraer-embr3-bndes-financiamento-22-bilhoes-reais\/#article","isPartOf":{"@id":"https:\/\/www.suno.com.br\/noticias\/embraer-embr3-bndes-financiamento-22-bilhoes-reais\/"},"author":{"name":"Jo\u00e3o Vitor","@id":"https:\/\/www.suno.com.br\/noticias\/#\/schema\/person\/87fc6973867c52dd884811905c43afba"},"headline":"Embraer (EMBR3): BNDES aprova financiamento de R$ 2,2 bilh\u00f5es para produ\u00e7\u00e3o e exporta\u00e7\u00e3o de avi\u00f5es","datePublished":"2022-11-15T14:28:54+00:00","dateModified":"2022-11-15T15:49:40+00:00","mainEntityOfPage":{"@id":"https:\/\/www.suno.com.br\/noticias\/embraer-embr3-bndes-financiamento-22-bilhoes-reais\/"},"wordCount":481,"publisher":{"@id":"https:\/\/www.suno.com.br\/noticias\/#organization"},"image":{"@id":"https:\/\/www.suno.com.br\/noticias\/embraer-embr3-bndes-financiamento-22-bilhoes-reais\/#primaryimage"},"thumbnailUrl":"https:\/\/files.sunoresearch.com.br\/n\/uploads\/2021\/05\/90793dc2-186551469_3625427630896041_6722251706334548378_n-e1697205852968.jpg","keywords":["BNDES","Embraer (EMBR3)"],"articleSection":["Neg\u00f3cios"],"inLanguage":"pt-BR"},{"@type":"WebPage","@id":"https:\/\/www.suno.com.br\/noticias\/embraer-embr3-bndes-financiamento-22-bilhoes-reais\/","url":"https:\/\/www.suno.com.br\/noticias\/embraer-embr3-bndes-financiamento-22-bilhoes-reais\/","name":"Embraer (EMBR3): BNDES aprova financiamento de R$ 2,2 bilh\u00f5es para produ\u00e7\u00e3o e exporta\u00e7\u00e3o de avi\u00f5es","isPartOf":{"@id":"https:\/\/www.suno.com.br\/noticias\/#website"},"primaryImageOfPage":{"@id":"https:\/\/www.suno.com.br\/noticias\/embraer-embr3-bndes-financiamento-22-bilhoes-reais\/#primaryimage"},"image":{"@id":"https:\/\/www.suno.com.br\/noticias\/embraer-embr3-bndes-financiamento-22-bilhoes-reais\/#primaryimage"},"thumbnailUrl":"https:\/\/files.sunoresearch.com.br\/n\/uploads\/2021\/05\/90793dc2-186551469_3625427630896041_6722251706334548378_n-e1697205852968.jpg","datePublished":"2022-11-15T14:28:54+00:00","dateModified":"2022-11-15T15:49:40+00:00","description":"O BNDES aprovou um financiamento de R$ 2,2 bilh\u00f5es \u00e0 Embraer (EMBR3) para produzir e exportar avi\u00f5es. Saiba mais sobre a opera\u00e7\u00e3o da Embraer.","breadcrumb":{"@id":"https:\/\/www.suno.com.br\/noticias\/embraer-embr3-bndes-financiamento-22-bilhoes-reais\/#breadcrumb"},"inLanguage":"pt-BR","potentialAction":[{"@type":"ReadAction","target":["https:\/\/www.suno.com.br\/noticias\/embraer-embr3-bndes-financiamento-22-bilhoes-reais\/"]}]},{"@type":"ImageObject","inLanguage":"pt-BR","@id":"https:\/\/www.suno.com.br\/noticias\/embraer-embr3-bndes-financiamento-22-bilhoes-reais\/#primaryimage","url":"https:\/\/files.sunoresearch.com.br\/n\/uploads\/2021\/05\/90793dc2-186551469_3625427630896041_6722251706334548378_n-e1697205852968.jpg","contentUrl":"https:\/\/files.sunoresearch.com.br\/n\/uploads\/2021\/05\/90793dc2-186551469_3625427630896041_6722251706334548378_n-e1697205852968.jpg","width":1200,"height":800,"caption":"Embraer (EMBR3). Foto: Reprodu\u00e7\u00e3o Facebook"},{"@type":"BreadcrumbList","@id":"https:\/\/www.suno.com.br\/noticias\/embraer-embr3-bndes-financiamento-22-bilhoes-reais\/#breadcrumb","itemListElement":[{"@type":"ListItem","position":1,"name":"Not\u00edcias","item":"https:\/\/www.suno.com.br\/noticias\/"},{"@type":"ListItem","position":2,"name":"Neg\u00f3cios","item":"https:\/\/www.suno.com.br\/noticias\/negocios\/"},{"@type":"ListItem","position":3,"name":"Embraer (EMBR3): BNDES aprova financiamento de R$ 2,2 bilh\u00f5es para produ\u00e7\u00e3o e exporta\u00e7\u00e3o de avi\u00f5es"}]},{"@type":"WebSite","@id":"https:\/\/www.suno.com.br\/noticias\/#website","url":"https:\/\/www.suno.com.br\/noticias\/","name":"Suno Not\u00edcias","description":"Seu portal de informa\u00e7\u00e3o sobre o mundo dos investimentos","publisher":{"@id":"https:\/\/www.suno.com.br\/noticias\/#organization"},"potentialAction":[{"@type":"SearchAction","target":{"@type":"EntryPoint","urlTemplate":"https:\/\/www.suno.com.br\/noticias\/?s={search_term_string}"},"query-input":{"@type":"PropertyValueSpecification","valueRequired":true,"valueName":"search_term_string"}}],"inLanguage":"pt-BR"},{"@type":"Organization","@id":"https:\/\/www.suno.com.br\/noticias\/#organization","name":"Suno Not\u00edcias","url":"https:\/\/www.suno.com.br\/noticias\/","logo":{"@type":"ImageObject","inLanguage":"pt-BR","@id":"https:\/\/www.suno.com.br\/noticias\/#\/schema\/logo\/image\/","url":"https:\/\/files.sunoresearch.com.br\/n\/uploads\/2021\/09\/suno-logo.png","contentUrl":"https:\/\/files.sunoresearch.com.br\/n\/uploads\/2021\/09\/suno-logo.png","width":180,"height":180,"caption":"Suno Not\u00edcias"},"image":{"@id":"https:\/\/www.suno.com.br\/noticias\/#\/schema\/logo\/image\/"},"sameAs":["https:\/\/facebook.com\/sunoresearch","https:\/\/x.com\/sunoresearch","https:\/\/www.instagram.com\/suno","https:\/\/www.linkedin.com\/company\/suno-research\/","https:\/\/www.youtube.com\/c\/sunoresearch"]},{"@type":"Person","@id":"https:\/\/www.suno.com.br\/noticias\/#\/schema\/person\/87fc6973867c52dd884811905c43afba","name":"Jo\u00e3o Vitor","image":{"@type":"ImageObject","inLanguage":"pt-BR","@id":"https:\/\/www.suno.com.br\/noticias\/#\/schema\/person\/image\/","url":"https:\/\/secure.gravatar.com\/avatar\/2843227ca03ccf8cc7ccca45204c127e?s=96&r=g","contentUrl":"https:\/\/secure.gravatar.com\/avatar\/2843227ca03ccf8cc7ccca45204c127e?s=96&r=g","caption":"Jo\u00e3o Vitor"},"description":"Redator profissional, com atua\u00e7\u00e3o no mercado editorial na produ\u00e7\u00e3o de not\u00edcias e conte\u00fados sobre o mercado de a\u00e7\u00f5es, fundos imobili\u00e1rios e economia popular. Graduando em Engenharia Qu\u00edmica pela Unesp, tamb\u00e9m j\u00e1 atuou como consultor financeiro.","url":"https:\/\/www.suno.com.br\/noticias\/author\/joao-vitor-jacintho\/"}]}},"default_loop_html":"<div class=\"cardsPage__listCard__boxs\"><div class=\"cardsPage__listCard__boxs__img\"><a href=\"https:\/\/www.suno.com.br\/noticias\/embraer-embr3-bndes-financiamento-22-bilhoes-reais\/\"><img class=\"mask\" src=\"https:\/\/www.suno.com.br\/noticias\/wp-content\/themes\/suno\/resources\/images\/spotlight\/spotlight1img\/bg-mask.png\" alt=\"Image Mask\"\/><img src=\"https:\/\/files.sunoresearch.com.br\/n\/uploads\/2021\/05\/90793dc2-186551469_3625427630896041_6722251706334548378_n-e1697205852968-400x200.jpg\" alt=\"Embraer (EMBR3): BNDES aprova financiamento de R$ 2,2 bilh\u00f5es para produ\u00e7\u00e3o e exporta\u00e7\u00e3o de avi\u00f5es\"\/><\/a><span class=\"spotlightCategory\"><a href=\"https:\/\/www.suno.com.br\/noticias\/negocios\/\">Neg\u00f3cios<\/a><\/span><\/div><div class=\"cardsPage__listCard__boxs__content\"><a href=\"https:\/\/www.suno.com.br\/noticias\/embraer-embr3-bndes-financiamento-22-bilhoes-reais\/\"><h2 class=\"content__title\">Embraer (EMBR3): BNDES aprova financiamento de R$ 2,2 bilh\u00f5es para produ\u00e7\u00e3o e exporta\u00e7\u00e3o de avi\u00f5es<\/h2><\/a><div class=\"newsContent__article__meta\"><div class=\"newsContent__article__meta__authorBox\"><a href=\"https:\/\/www.suno.com.br\/noticias\/author\/joao-vitor-jacintho\/\" class=\"authorBox__avatar noMobi\"><img src=\"https:\/\/secure.gravatar.com\/avatar\/2843227ca03ccf8cc7ccca45204c127e?s=96&#038;r=g\" alt=\"Jo\u00e3o Vitor Jacintho\"><\/a><div class=\"authorBox__name\"><span>por\n\t\t\t<a href=\"https:\/\/www.suno.com.br\/noticias\/author\/joao-vitor-jacintho\/\"><span itemprop=\"author\">Jo\u00e3o Vitor Jacintho<\/span><\/a><\/span><time datetime=\"2022-11-15T11:28:54-03:00\" itemprop=\"datePublished\">15\/11\/2022 11:28<\/time><\/div><\/div><\/div><\/div><\/div>","single_layout":"posts","amp_enabled":true,"_links":{"self":[{"href":"https:\/\/www.suno.com.br\/noticias\/wp-json\/wp\/v2\/posts\/319075"}],"collection":[{"href":"https:\/\/www.suno.com.br\/noticias\/wp-json\/wp\/v2\/posts"}],"about":[{"href":"https:\/\/www.suno.com.br\/noticias\/wp-json\/wp\/v2\/types\/post"}],"author":[{"embeddable":true,"href":"https:\/\/www.suno.com.br\/noticias\/wp-json\/wp\/v2\/users\/173"}],"replies":[{"embeddable":true,"href":"https:\/\/www.suno.com.br\/noticias\/wp-json\/wp\/v2\/comments?post=319075"}],"version-history":[{"count":3,"href":"https:\/\/www.suno.com.br\/noticias\/wp-json\/wp\/v2\/posts\/319075\/revisions"}],"predecessor-version":[{"id":319092,"href":"https:\/\/www.suno.com.br\/noticias\/wp-json\/wp\/v2\/posts\/319075\/revisions\/319092"}],"wp:featuredmedia":[{"embeddable":true,"href":"https:\/\/www.suno.com.br\/noticias\/wp-json\/wp\/v2\/media\/150054"}],"wp:attachment":[{"href":"https:\/\/www.suno.com.br\/noticias\/wp-json\/wp\/v2\/media?parent=319075"}],"wp:term":[{"taxonomy":"category","embeddable":true,"href":"https:\/\/www.suno.com.br\/noticias\/wp-json\/wp\/v2\/categories?post=319075"},{"taxonomy":"post_tag","embeddable":true,"href":"https:\/\/www.suno.com.br\/noticias\/wp-json\/wp\/v2\/tags?post=319075"},{"taxonomy":"suno_strategy","embeddable":true,"href":"https:\/\/www.suno.com.br\/noticias\/wp-json\/wp\/v2\/suno_strategy?post=319075"}],"curies":[{"name":"wp","href":"https:\/\/api.w.org\/{rel}","templated":true}]}}