{"id":31900,"date":"2019-07-23T20:03:50","date_gmt":"2019-07-23T23:03:50","guid":{"rendered":"https:\/\/www.suno.com.br\/noticias\/?p=31900"},"modified":"2019-07-24T07:23:14","modified_gmt":"2019-07-24T10:23:14","slug":"novo-mercado-gas-commodity-mme","status":"publish","type":"post","link":"https:\/\/www.suno.com.br\/noticias\/novo-mercado-gas-commodity-mme\/","title":{"rendered":"Programa Novo Mercado de G\u00e1s vai revolucionar a commodity, diz MME"},"content":{"rendered":"<p>O secret\u00e1rio de Desenvolvimento Energ\u00e9tico do <strong>Minist\u00e9rio de Minas e Energia (MME)<\/strong>,\u00a0Reive Barros, afirmou nesta ter\u00e7a-feira (23) que\u00a0o programa <strong>Novo Mercado de G\u00e1s<\/strong> vai revolucionar\u00a0o setor.<\/p>\t<div class=\"wrapper-featured-image\">\n\t\t<figure class=\"spotlightImg\">\n\n\t\t\t<picture>\n\t\t\t\t<source media=\"(max-width: 768px)\" srcset=\"https:\/\/files.sunoresearch.com.br\/n\/uploads\/2019\/06\/b7a95380-g\u00e1s-natural-400x200.webp\">\n\t\t\t\t<img loading=\"lazy\" decoding=\"async\" class=\"newsContent__article__imgCapa lazyloadDisabled newsContent__article__imgCapa--noCaption\" src=\"https:\/\/files.sunoresearch.com.br\/n\/uploads\/2019\/06\/b7a95380-g\u00e1s-natural-jpg.webp\" width=\"800\" height=\"450\" alt=\"Programa Novo Mercado de G\u00e1s vai revolucionar a commodity, diz MME\" fetchpriority=high \/>\n\t\t\t<\/picture>\n\n\t\t\t<figcaption class=\"wp-caption-text wp-caption-text--hide\">Programa Novo Mercado de G\u00e1s vai revolucionar a commodity, diz MME<\/figcaption>\n\t\t<\/figure>\n\t<\/div>\n\n\n<p>O Novo Mercado de G\u00e1s foi lan\u00e7ado na tarde desta ter\u00e7a-feira com o intuito de reduzir o pre\u00e7o do<strong> g\u00e1s natural<\/strong>. O secret\u00e1rio do MME\u00a0ressaltou que o programa vai estimular a produ\u00e7\u00e3o e o transporte da subst\u00e2ncia.<\/p>\n\t<p>\n\t\t<a href=\"https:\/\/lp.suno.com.br\/asset\/fundos\/suno-fic-fia\/\" target=\"_blank\" data-element=\"shortcode-suno-banner\" title=\"Banner SUNO, clique e saiba mais\">\n\t\t\t<picture>\n\t\t\t\t<source media=\"(max-width: 500px)\" srcset=\"https:\/\/files.sunoresearch.com.br\/n\/uploads\/2023\/10\/SUNO-FIC-FIA-400x300-Mobile-Artigos-5.png\">\n\t\t\t\t<img class=\"newsContent__article__imgCapa newsContent__article__imgCapa--banner\"\n\t\t\t\t\tsrc=\"https:\/\/files.sunoresearch.com.br\/n\/uploads\/2023\/10\/SUNO-FIC-FIA-1420x240-Banner-Artigos-1-_-Banner-Materias-4.png\"\n\t\t\t\t\tdata-promo-id=\"478742\"\t\t\t\t\t\t\t\t\t\twidth='2840' height='480'\t\t\t\t\talt=\"https:\/\/files.sunoresearch.com.br\/n\/uploads\/2023\/10\/SUNO-FIC-FIA-1420x240-Banner-Artigos-1-_-Banner-Materias-4.png\"\n\t\t\t\t>\n\t\t\t<\/picture>\n\t\t<\/a>\n\t<\/p>\n\n\n<p>\u201cO Novo Mercado de G\u00e1s \u00e9 importante porque vamos estabelecer condi\u00e7\u00f5es de competi\u00e7\u00e3o no setor, no transporte de g\u00e1s, e tamb\u00e9m tem um pilar importante que \u00e9 a transi\u00e7\u00e3o da utiliza\u00e7\u00e3o do g\u00e1s natural na matriz energ\u00e9tica e na \u00e1rea industrial\u201d, disse Barros.<\/p>\n<p>O engenheiro afirmou ainda que o programa contribuir\u00e1 para a expans\u00e3o do g\u00e1s natural no Pa\u00eds, al\u00e9m de estimular a competitividade da ind\u00fastria nacional. Como consequ\u00eancia, a equipe econ\u00f4mica do governo prev\u00ea que a economia brasileira seja impulsionada pela medida.<\/p>\n<p>A abertura do mercado de energia foi mencionada como um fator importante para a melhoria do setor. No entanto, a preserva\u00e7\u00e3o foi apontada como ponto principal.<\/p>\n<p><a href=\"https:\/\/www.suno.com.br\/noticias\/gas-natural-preco-energia\/\">Saiba mais: Abertura do mercado de g\u00e1s natural pode reduzir pre\u00e7o da energia<\/a><\/p>\n<p>&#8220;A espinha dorsal importante \u00e9 sua preserva\u00e7\u00e3o, at\u00e9 porque o Brasil tem um setor de energia altamente sustent\u00e1vel com participa\u00e7\u00e3o efetiva da iniciativa privada\u201d, afirmou\u00a0Reive Barros.<\/p>\n<h2>Programa\u00a0Novo Mercado de G\u00e1s<\/h2>\n<p>O governo federal lan\u00e7ou nesta ter\u00e7a o\u00a0Programa Novo Mercado de G\u00e1s. A medida prev\u00ea a abertura do setor.<\/p>\n<p><a href=\"https:\/\/www.suno.com.br\/noticias\/programa-novo-mercado-gas-planalto\/\">Saiba mais: Programa Novo Mercado de G\u00e1s \u00e9 anunciado pelo Planalto<\/a><\/p>\n<p>Conforme a proposta do programa, as medidas adotadas ser\u00e3o:<\/p>\n<ul>\n<li>promo\u00e7\u00e3o de boas pr\u00e1ticas regulat\u00f3rias para presta\u00e7\u00e3o do servi\u00e7o de g\u00e1s canalizado, incluindo transpar\u00eancia na metodologia de c\u00e1lculo tarif\u00e1rio;<\/li>\n<li>efetiva separa\u00e7\u00e3o entre as atividades de comercializa\u00e7\u00e3o e de presta\u00e7\u00e3o de servi\u00e7os de rede;<\/li>\n<li>ado\u00e7\u00e3o de estrutura tarif\u00e1ria proporcional a utiliza\u00e7\u00e3o dos servi\u00e7os de distribui\u00e7\u00e3o, por segmento de usu\u00e1rios;<\/li>\n<li>ado\u00e7\u00e3o de princ\u00edpios regulat\u00f3rios para os Consumidores Livres, Autoprodutores e Autoimportadores;<\/li>\n<li>cria\u00e7\u00e3o ou manuten\u00e7\u00e3o de ag\u00eancia reguladora aut\u00f4noma, com requisitos m\u00ednimos de governan\u00e7a, transpar\u00eancia e rito decis\u00f3rio;<\/li>\n<li>privatiza\u00e7\u00e3o da concession\u00e1ria estadual de servi\u00e7o local de g\u00e1s canalizado, avaliando-se a oportunidade e a conveni\u00eancia de defini\u00e7\u00e3o de novo contrato de concess\u00e3o;<\/li>\n<li>ades\u00e3o a ajustes tribut\u00e1rios necess\u00e1rios \u00e0 abertura do mercado de <strong>g\u00e1s<\/strong> natural.<\/li>\n<\/ul>\n","protected":false},"excerpt":{"rendered":"<p>O secret\u00e1rio de Desenvolvimento Energ\u00e9tico do Minist\u00e9rio de Minas e Energia (MME),\u00a0Reive Barros, afirmou nesta ter\u00e7a-feira (23) que\u00a0o programa Novo Mercado de G\u00e1s vai revolucionar\u00a0o setor. Programa Novo Mercado de G\u00e1s vai revolucionar a commodity, diz MME O Novo Mercado de G\u00e1s foi lan\u00e7ado na tarde desta ter\u00e7a-feira com o intuito de reduzir o pre\u00e7o [&hellip;]<\/p>\n","protected":false},"author":18,"featured_media":28662,"comment_status":"closed","ping_status":"closed","sticky":false,"template":"","format":"standard","meta":[],"categories":[62],"tags":[1467,1227],"suno_strategy":[],"class_list":["post-31900","post","type-post","status-publish","format-standard","has-post-thumbnail","hentry","category-economia","tag-gas-natural","tag-ministerio-de-minas-e-energia"],"yoast_head":"<!-- This site is optimized with the Yoast SEO plugin v24.4 - https:\/\/yoast.com\/wordpress\/plugins\/seo\/ -->\n<title>Programa Novo Mercado de G\u00e1s vai revolucionar a commodity, diz MME<\/title>\n<meta name=\"description\" content=\"O secret\u00e1rio do MME,\u00a0Reive Barros, afirmou que\u00a0o programa Novo Mercado de G\u00e1s vai revolucionar\u00a0o suprimento.\u00a0Clique para saber mais.\" \/>\n<meta name=\"robots\" content=\"index, follow, max-snippet:-1, max-image-preview:large, max-video-preview:-1\" \/>\n<link rel=\"canonical\" href=\"https:\/\/www.suno.com.br\/noticias\/novo-mercado-gas-commodity-mme\/\" \/>\n<meta property=\"og:locale\" content=\"pt_BR\" \/>\n<meta property=\"og:type\" content=\"article\" \/>\n<meta property=\"og:title\" content=\"Programa Novo Mercado de G\u00e1s vai revolucionar a commodity, diz MME\" \/>\n<meta property=\"og:description\" content=\"O secret\u00e1rio do MME,\u00a0Reive Barros, afirmou que\u00a0o programa Novo Mercado de G\u00e1s vai revolucionar\u00a0o suprimento.\u00a0Clique para saber mais.\" \/>\n<meta property=\"og:url\" content=\"https:\/\/www.suno.com.br\/noticias\/novo-mercado-gas-commodity-mme\/\" \/>\n<meta property=\"og:site_name\" content=\"Suno Not\u00edcias\" \/>\n<meta property=\"article:publisher\" content=\"https:\/\/facebook.com\/sunoresearch\" \/>\n<meta property=\"og:image\" content=\"https:\/\/files.sunoresearch.com.br\/n\/uploads\/2019\/06\/b7a95380-g\u00e1s-natural.jpg\" \/>\n\t<meta property=\"og:image:width\" content=\"699\" \/>\n\t<meta property=\"og:image:height\" content=\"420\" \/>\n\t<meta property=\"og:image:type\" content=\"image\/jpeg\" \/>\n<meta name=\"author\" content=\"Giovanna Oliveira\" \/>\n<meta name=\"twitter:card\" content=\"summary_large_image\" \/>\n<meta name=\"twitter:creator\" content=\"@sunoresearch\" \/>\n<meta name=\"twitter:site\" content=\"@sunoresearch\" \/>\n<meta name=\"twitter:label1\" content=\"Escrito por\" \/>\n\t<meta name=\"twitter:data1\" content=\"Giovanna Oliveira\" \/>\n\t<meta name=\"twitter:label2\" content=\"Est. tempo de leitura\" \/>\n\t<meta name=\"twitter:data2\" content=\"2 minutos\" \/>\n<script type=\"application\/ld+json\" class=\"yoast-schema-graph\">{\"@context\":\"https:\/\/schema.org\",\"@graph\":[{\"@type\":\"NewsArticle\",\"@id\":\"https:\/\/www.suno.com.br\/noticias\/novo-mercado-gas-commodity-mme\/#article\",\"isPartOf\":{\"@id\":\"https:\/\/www.suno.com.br\/noticias\/novo-mercado-gas-commodity-mme\/\"},\"author\":{\"name\":\"Giovanna Oliveira\",\"@id\":\"https:\/\/www.suno.com.br\/noticias\/#\/schema\/person\/4e19e3d2575736e5283d58eb3199d120\"},\"headline\":\"Programa Novo Mercado de G\u00e1s vai revolucionar a commodity, diz MME\",\"datePublished\":\"2019-07-23T23:03:50+00:00\",\"dateModified\":\"2019-07-24T10:23:14+00:00\",\"mainEntityOfPage\":{\"@id\":\"https:\/\/www.suno.com.br\/noticias\/novo-mercado-gas-commodity-mme\/\"},\"wordCount\":461,\"publisher\":{\"@id\":\"https:\/\/www.suno.com.br\/noticias\/#organization\"},\"image\":{\"@id\":\"https:\/\/www.suno.com.br\/noticias\/novo-mercado-gas-commodity-mme\/#primaryimage\"},\"thumbnailUrl\":\"https:\/\/files.sunoresearch.com.br\/n\/uploads\/2019\/06\/b7a95380-g\u00e1s-natural-jpg.webp\",\"keywords\":[\"g\u00e1s natural\",\"Minist\u00e9rio de Minas e Energia\"],\"articleSection\":[\"Economia\"],\"inLanguage\":\"pt-BR\"},{\"@type\":\"WebPage\",\"@id\":\"https:\/\/www.suno.com.br\/noticias\/novo-mercado-gas-commodity-mme\/\",\"url\":\"https:\/\/www.suno.com.br\/noticias\/novo-mercado-gas-commodity-mme\/\",\"name\":\"Programa Novo Mercado de G\u00e1s vai revolucionar a commodity, diz MME\",\"isPartOf\":{\"@id\":\"https:\/\/www.suno.com.br\/noticias\/#website\"},\"primaryImageOfPage\":{\"@id\":\"https:\/\/www.suno.com.br\/noticias\/novo-mercado-gas-commodity-mme\/#primaryimage\"},\"image\":{\"@id\":\"https:\/\/www.suno.com.br\/noticias\/novo-mercado-gas-commodity-mme\/#primaryimage\"},\"thumbnailUrl\":\"https:\/\/files.sunoresearch.com.br\/n\/uploads\/2019\/06\/b7a95380-g\u00e1s-natural-jpg.webp\",\"datePublished\":\"2019-07-23T23:03:50+00:00\",\"dateModified\":\"2019-07-24T10:23:14+00:00\",\"description\":\"O secret\u00e1rio do MME,\u00a0Reive Barros, afirmou que\u00a0o programa Novo Mercado de G\u00e1s vai revolucionar\u00a0o suprimento.\u00a0Clique para saber mais.\",\"breadcrumb\":{\"@id\":\"https:\/\/www.suno.com.br\/noticias\/novo-mercado-gas-commodity-mme\/#breadcrumb\"},\"inLanguage\":\"pt-BR\",\"potentialAction\":[{\"@type\":\"ReadAction\",\"target\":[\"https:\/\/www.suno.com.br\/noticias\/novo-mercado-gas-commodity-mme\/\"]}]},{\"@type\":\"ImageObject\",\"inLanguage\":\"pt-BR\",\"@id\":\"https:\/\/www.suno.com.br\/noticias\/novo-mercado-gas-commodity-mme\/#primaryimage\",\"url\":\"https:\/\/files.sunoresearch.com.br\/n\/uploads\/2019\/06\/b7a95380-g\u00e1s-natural-jpg.webp\",\"contentUrl\":\"https:\/\/files.sunoresearch.com.br\/n\/uploads\/2019\/06\/b7a95380-g\u00e1s-natural-jpg.webp\",\"width\":699,\"height\":420,\"caption\":\"Programa Novo Mercado de G\u00e1s vai revolucionar a commodity, diz MME\"},{\"@type\":\"BreadcrumbList\",\"@id\":\"https:\/\/www.suno.com.br\/noticias\/novo-mercado-gas-commodity-mme\/#breadcrumb\",\"itemListElement\":[{\"@type\":\"ListItem\",\"position\":1,\"name\":\"Not\u00edcias\",\"item\":\"https:\/\/www.suno.com.br\/noticias\/\"},{\"@type\":\"ListItem\",\"position\":2,\"name\":\"Economia\",\"item\":\"https:\/\/www.suno.com.br\/noticias\/economia\/\"},{\"@type\":\"ListItem\",\"position\":3,\"name\":\"Programa Novo Mercado de G\u00e1s vai revolucionar a commodity, diz MME\"}]},{\"@type\":\"WebSite\",\"@id\":\"https:\/\/www.suno.com.br\/noticias\/#website\",\"url\":\"https:\/\/www.suno.com.br\/noticias\/\",\"name\":\"Suno Not\u00edcias\",\"description\":\"Seu portal de informa\u00e7\u00e3o sobre o mundo dos investimentos\",\"publisher\":{\"@id\":\"https:\/\/www.suno.com.br\/noticias\/#organization\"},\"potentialAction\":[{\"@type\":\"SearchAction\",\"target\":{\"@type\":\"EntryPoint\",\"urlTemplate\":\"https:\/\/www.suno.com.br\/noticias\/?s={search_term_string}\"},\"query-input\":{\"@type\":\"PropertyValueSpecification\",\"valueRequired\":true,\"valueName\":\"search_term_string\"}}],\"inLanguage\":\"pt-BR\"},{\"@type\":\"Organization\",\"@id\":\"https:\/\/www.suno.com.br\/noticias\/#organization\",\"name\":\"Suno Not\u00edcias\",\"url\":\"https:\/\/www.suno.com.br\/noticias\/\",\"logo\":{\"@type\":\"ImageObject\",\"inLanguage\":\"pt-BR\",\"@id\":\"https:\/\/www.suno.com.br\/noticias\/#\/schema\/logo\/image\/\",\"url\":\"https:\/\/files.sunoresearch.com.br\/n\/uploads\/2021\/09\/suno-logo.png\",\"contentUrl\":\"https:\/\/files.sunoresearch.com.br\/n\/uploads\/2021\/09\/suno-logo.png\",\"width\":180,\"height\":180,\"caption\":\"Suno Not\u00edcias\"},\"image\":{\"@id\":\"https:\/\/www.suno.com.br\/noticias\/#\/schema\/logo\/image\/\"},\"sameAs\":[\"https:\/\/facebook.com\/sunoresearch\",\"https:\/\/x.com\/sunoresearch\",\"https:\/\/www.instagram.com\/suno\",\"https:\/\/www.linkedin.com\/company\/suno-research\/\",\"https:\/\/www.youtube.com\/c\/sunoresearch\"]},{\"@type\":\"Person\",\"@id\":\"https:\/\/www.suno.com.br\/noticias\/#\/schema\/person\/4e19e3d2575736e5283d58eb3199d120\",\"name\":\"Giovanna Oliveira\",\"image\":{\"@type\":\"ImageObject\",\"inLanguage\":\"pt-BR\",\"@id\":\"https:\/\/www.suno.com.br\/noticias\/#\/schema\/person\/image\/\",\"url\":\"https:\/\/secure.gravatar.com\/avatar\/9a37b3ae208962ac568992d0ffdbc2eb?s=96&r=g\",\"contentUrl\":\"https:\/\/secure.gravatar.com\/avatar\/9a37b3ae208962ac568992d0ffdbc2eb?s=96&r=g\",\"caption\":\"Giovanna Oliveira\"},\"description\":\"Giovanna Oliveira escreve sobre economia e pol\u00edtica. Foi rep\u00f3rter do portal de jornalismo da ESPM-SP e produziu conte\u00fado para a Corinthians TV. \u00c9 estudante da ESPM.\",\"url\":\"https:\/\/www.suno.com.br\/noticias\/author\/giovanna\/\"}]}<\/script>\n<!-- \/ Yoast SEO plugin. -->","yoast_head_json":{"title":"Programa Novo Mercado de G\u00e1s vai revolucionar a commodity, diz MME","description":"O secret\u00e1rio do MME,\u00a0Reive Barros, afirmou que\u00a0o programa Novo Mercado de G\u00e1s vai revolucionar\u00a0o suprimento.\u00a0Clique para saber mais.","robots":{"index":"index","follow":"follow","max-snippet":"max-snippet:-1","max-image-preview":"max-image-preview:large","max-video-preview":"max-video-preview:-1"},"canonical":"https:\/\/www.suno.com.br\/noticias\/novo-mercado-gas-commodity-mme\/","og_locale":"pt_BR","og_type":"article","og_title":"Programa Novo Mercado de G\u00e1s vai revolucionar a commodity, diz MME","og_description":"O secret\u00e1rio do MME,\u00a0Reive Barros, afirmou que\u00a0o programa Novo Mercado de G\u00e1s vai revolucionar\u00a0o suprimento.\u00a0Clique para saber mais.","og_url":"https:\/\/www.suno.com.br\/noticias\/novo-mercado-gas-commodity-mme\/","og_site_name":"Suno Not\u00edcias","article_publisher":"https:\/\/facebook.com\/sunoresearch","og_image":[{"width":699,"height":420,"url":"https:\/\/files.sunoresearch.com.br\/n\/uploads\/2019\/06\/b7a95380-g\u00e1s-natural.jpg","type":"image\/jpeg"}],"author":"Giovanna Oliveira","twitter_card":"summary_large_image","twitter_creator":"@sunoresearch","twitter_site":"@sunoresearch","twitter_misc":{"Escrito por":"Giovanna Oliveira","Est. tempo de leitura":"2 minutos"},"schema":{"@context":"https:\/\/schema.org","@graph":[{"@type":"NewsArticle","@id":"https:\/\/www.suno.com.br\/noticias\/novo-mercado-gas-commodity-mme\/#article","isPartOf":{"@id":"https:\/\/www.suno.com.br\/noticias\/novo-mercado-gas-commodity-mme\/"},"author":{"name":"Giovanna Oliveira","@id":"https:\/\/www.suno.com.br\/noticias\/#\/schema\/person\/4e19e3d2575736e5283d58eb3199d120"},"headline":"Programa Novo Mercado de G\u00e1s vai revolucionar a commodity, diz MME","datePublished":"2019-07-23T23:03:50+00:00","dateModified":"2019-07-24T10:23:14+00:00","mainEntityOfPage":{"@id":"https:\/\/www.suno.com.br\/noticias\/novo-mercado-gas-commodity-mme\/"},"wordCount":461,"publisher":{"@id":"https:\/\/www.suno.com.br\/noticias\/#organization"},"image":{"@id":"https:\/\/www.suno.com.br\/noticias\/novo-mercado-gas-commodity-mme\/#primaryimage"},"thumbnailUrl":"https:\/\/files.sunoresearch.com.br\/n\/uploads\/2019\/06\/b7a95380-g\u00e1s-natural-jpg.webp","keywords":["g\u00e1s natural","Minist\u00e9rio de Minas e Energia"],"articleSection":["Economia"],"inLanguage":"pt-BR"},{"@type":"WebPage","@id":"https:\/\/www.suno.com.br\/noticias\/novo-mercado-gas-commodity-mme\/","url":"https:\/\/www.suno.com.br\/noticias\/novo-mercado-gas-commodity-mme\/","name":"Programa Novo Mercado de G\u00e1s vai revolucionar a commodity, diz MME","isPartOf":{"@id":"https:\/\/www.suno.com.br\/noticias\/#website"},"primaryImageOfPage":{"@id":"https:\/\/www.suno.com.br\/noticias\/novo-mercado-gas-commodity-mme\/#primaryimage"},"image":{"@id":"https:\/\/www.suno.com.br\/noticias\/novo-mercado-gas-commodity-mme\/#primaryimage"},"thumbnailUrl":"https:\/\/files.sunoresearch.com.br\/n\/uploads\/2019\/06\/b7a95380-g\u00e1s-natural-jpg.webp","datePublished":"2019-07-23T23:03:50+00:00","dateModified":"2019-07-24T10:23:14+00:00","description":"O secret\u00e1rio do MME,\u00a0Reive Barros, afirmou que\u00a0o programa Novo Mercado de G\u00e1s vai revolucionar\u00a0o suprimento.\u00a0Clique para saber mais.","breadcrumb":{"@id":"https:\/\/www.suno.com.br\/noticias\/novo-mercado-gas-commodity-mme\/#breadcrumb"},"inLanguage":"pt-BR","potentialAction":[{"@type":"ReadAction","target":["https:\/\/www.suno.com.br\/noticias\/novo-mercado-gas-commodity-mme\/"]}]},{"@type":"ImageObject","inLanguage":"pt-BR","@id":"https:\/\/www.suno.com.br\/noticias\/novo-mercado-gas-commodity-mme\/#primaryimage","url":"https:\/\/files.sunoresearch.com.br\/n\/uploads\/2019\/06\/b7a95380-g\u00e1s-natural-jpg.webp","contentUrl":"https:\/\/files.sunoresearch.com.br\/n\/uploads\/2019\/06\/b7a95380-g\u00e1s-natural-jpg.webp","width":699,"height":420,"caption":"Programa Novo Mercado de G\u00e1s vai revolucionar a commodity, diz MME"},{"@type":"BreadcrumbList","@id":"https:\/\/www.suno.com.br\/noticias\/novo-mercado-gas-commodity-mme\/#breadcrumb","itemListElement":[{"@type":"ListItem","position":1,"name":"Not\u00edcias","item":"https:\/\/www.suno.com.br\/noticias\/"},{"@type":"ListItem","position":2,"name":"Economia","item":"https:\/\/www.suno.com.br\/noticias\/economia\/"},{"@type":"ListItem","position":3,"name":"Programa Novo Mercado de G\u00e1s vai revolucionar a commodity, diz MME"}]},{"@type":"WebSite","@id":"https:\/\/www.suno.com.br\/noticias\/#website","url":"https:\/\/www.suno.com.br\/noticias\/","name":"Suno Not\u00edcias","description":"Seu portal de informa\u00e7\u00e3o sobre o mundo dos investimentos","publisher":{"@id":"https:\/\/www.suno.com.br\/noticias\/#organization"},"potentialAction":[{"@type":"SearchAction","target":{"@type":"EntryPoint","urlTemplate":"https:\/\/www.suno.com.br\/noticias\/?s={search_term_string}"},"query-input":{"@type":"PropertyValueSpecification","valueRequired":true,"valueName":"search_term_string"}}],"inLanguage":"pt-BR"},{"@type":"Organization","@id":"https:\/\/www.suno.com.br\/noticias\/#organization","name":"Suno Not\u00edcias","url":"https:\/\/www.suno.com.br\/noticias\/","logo":{"@type":"ImageObject","inLanguage":"pt-BR","@id":"https:\/\/www.suno.com.br\/noticias\/#\/schema\/logo\/image\/","url":"https:\/\/files.sunoresearch.com.br\/n\/uploads\/2021\/09\/suno-logo.png","contentUrl":"https:\/\/files.sunoresearch.com.br\/n\/uploads\/2021\/09\/suno-logo.png","width":180,"height":180,"caption":"Suno Not\u00edcias"},"image":{"@id":"https:\/\/www.suno.com.br\/noticias\/#\/schema\/logo\/image\/"},"sameAs":["https:\/\/facebook.com\/sunoresearch","https:\/\/x.com\/sunoresearch","https:\/\/www.instagram.com\/suno","https:\/\/www.linkedin.com\/company\/suno-research\/","https:\/\/www.youtube.com\/c\/sunoresearch"]},{"@type":"Person","@id":"https:\/\/www.suno.com.br\/noticias\/#\/schema\/person\/4e19e3d2575736e5283d58eb3199d120","name":"Giovanna Oliveira","image":{"@type":"ImageObject","inLanguage":"pt-BR","@id":"https:\/\/www.suno.com.br\/noticias\/#\/schema\/person\/image\/","url":"https:\/\/secure.gravatar.com\/avatar\/9a37b3ae208962ac568992d0ffdbc2eb?s=96&r=g","contentUrl":"https:\/\/secure.gravatar.com\/avatar\/9a37b3ae208962ac568992d0ffdbc2eb?s=96&r=g","caption":"Giovanna Oliveira"},"description":"Giovanna Oliveira escreve sobre economia e pol\u00edtica. Foi rep\u00f3rter do portal de jornalismo da ESPM-SP e produziu conte\u00fado para a Corinthians TV. \u00c9 estudante da ESPM.","url":"https:\/\/www.suno.com.br\/noticias\/author\/giovanna\/"}]}},"default_loop_html":"<div class=\"cardsPage__listCard__boxs\"><div class=\"cardsPage__listCard__boxs__img\"><a href=\"https:\/\/www.suno.com.br\/noticias\/novo-mercado-gas-commodity-mme\/\"><img class=\"mask\" src=\"https:\/\/www.suno.com.br\/noticias\/wp-content\/themes\/suno\/resources\/images\/spotlight\/spotlight1img\/bg-mask.png\" alt=\"Image Mask\"\/><img src=\"https:\/\/files.sunoresearch.com.br\/n\/uploads\/2019\/06\/b7a95380-g\u00e1s-natural-400x200.webp\" alt=\"Programa Novo Mercado de G\u00e1s vai revolucionar a commodity, diz MME\"\/><\/a><span class=\"spotlightCategory\"><a href=\"https:\/\/www.suno.com.br\/noticias\/economia\/\">Economia<\/a><\/span><\/div><div class=\"cardsPage__listCard__boxs__content\"><a href=\"https:\/\/www.suno.com.br\/noticias\/novo-mercado-gas-commodity-mme\/\"><h2 class=\"content__title\">Programa Novo Mercado de G\u00e1s vai revolucionar a commodity, diz MME<\/h2><\/a><div class=\"newsContent__article__meta\"><div class=\"newsContent__article__meta__authorBox\"><a href=\"https:\/\/www.suno.com.br\/noticias\/author\/giovanna\/\" class=\"authorBox__avatar noMobi\"><img src=\"https:\/\/files.sunoresearch.com.br\/n\/uploads\/2019\/06\/952a89ca-screenshot_20190608-171507-150x150.webp\" alt=\"Giovanna Oliveira\"><\/a><div class=\"authorBox__name\"><span>por\n\t\t\t<a href=\"https:\/\/www.suno.com.br\/noticias\/author\/giovanna\/\"><span itemprop=\"author\">Giovanna Oliveira<\/span><\/a><\/span><time datetime=\"2019-07-23T20:03:50-03:00\" itemprop=\"datePublished\">23\/07\/2019 20:03<\/time><\/div><\/div><\/div><\/div><\/div>","single_layout":"posts","amp_enabled":true,"_links":{"self":[{"href":"https:\/\/www.suno.com.br\/noticias\/wp-json\/wp\/v2\/posts\/31900"}],"collection":[{"href":"https:\/\/www.suno.com.br\/noticias\/wp-json\/wp\/v2\/posts"}],"about":[{"href":"https:\/\/www.suno.com.br\/noticias\/wp-json\/wp\/v2\/types\/post"}],"author":[{"embeddable":true,"href":"https:\/\/www.suno.com.br\/noticias\/wp-json\/wp\/v2\/users\/18"}],"replies":[{"embeddable":true,"href":"https:\/\/www.suno.com.br\/noticias\/wp-json\/wp\/v2\/comments?post=31900"}],"version-history":[{"count":0,"href":"https:\/\/www.suno.com.br\/noticias\/wp-json\/wp\/v2\/posts\/31900\/revisions"}],"wp:featuredmedia":[{"embeddable":true,"href":"https:\/\/www.suno.com.br\/noticias\/wp-json\/wp\/v2\/media\/28662"}],"wp:attachment":[{"href":"https:\/\/www.suno.com.br\/noticias\/wp-json\/wp\/v2\/media?parent=31900"}],"wp:term":[{"taxonomy":"category","embeddable":true,"href":"https:\/\/www.suno.com.br\/noticias\/wp-json\/wp\/v2\/categories?post=31900"},{"taxonomy":"post_tag","embeddable":true,"href":"https:\/\/www.suno.com.br\/noticias\/wp-json\/wp\/v2\/tags?post=31900"},{"taxonomy":"suno_strategy","embeddable":true,"href":"https:\/\/www.suno.com.br\/noticias\/wp-json\/wp\/v2\/suno_strategy?post=31900"}],"curies":[{"name":"wp","href":"https:\/\/api.w.org\/{rel}","templated":true}]}}