{"id":31897,"date":"2019-07-23T19:52:45","date_gmt":"2019-07-23T22:52:45","guid":{"rendered":"https:\/\/www.suno.com.br\/noticias\/?p=31897"},"modified":"2021-02-17T22:14:00","modified_gmt":"2021-02-18T01:14:00","slug":"programa-novo-mercado-gas-planalto","status":"publish","type":"post","link":"https:\/\/www.suno.com.br\/noticias\/programa-novo-mercado-gas-planalto\/","title":{"rendered":"Programa Novo Mercado de G\u00e1s \u00e9 anunciado pelo Planalto"},"content":{"rendered":"<p>O <strong>governo<\/strong> federal lan\u00e7ou nesta ter\u00e7a-feira (23) o\u00a0Programa Novo Mercado de G\u00e1s. O programa prev\u00ea uma s\u00e9rie de novas medidas de abertura do setor.<\/p>\t<div class=\"wrapper-featured-image\">\n\t\t<figure class=\"spotlightImg\">\n\n\t\t\t<picture>\n\t\t\t\t<source media=\"(max-width: 768px)\" srcset=\"https:\/\/files.sunoresearch.com.br\/n\/uploads\/2019\/03\/b6c7c97f-petrobras-400x200.webp\">\n\t\t\t\t<img loading=\"lazy\" decoding=\"async\" class=\"newsContent__article__imgCapa lazyloadDisabled newsContent__article__imgCapa--noCaption\" src=\"https:\/\/files.sunoresearch.com.br\/n\/uploads\/2019\/03\/b6c7c97f-petrobras-800x450.webp\" width=\"800\" height=\"450\" alt=\"Programa Novo Mercado de G\u00e1s \u00e9 anunciado pelo Planalto\" fetchpriority=high \/>\n\t\t\t<\/picture>\n\n\t\t\t<figcaption class=\"wp-caption-text wp-caption-text--hide\">Segundo fontes pr\u00f3ximas \u00e0 Petrobras, a oferta do Ita\u00fasa teve um valor aproximado de R$ 3 bilh\u00f5es<\/figcaption>\n\t\t<\/figure>\n\t<\/div>\n\n\n<p>Como auxilo ao <strong>Programa Novo Mercado de G\u00e1s<\/strong>, tamb\u00e9m haver\u00e1 incentivos por meio do <a href=\"https:\/\/www.suno.com.br\/artigos\/meta-fiscal\/\"><strong>Programa de Equil\u00edbrio Fiscal (PEF)<\/strong><\/a> &#8211; &#8220;Mansueto&#8221;- e do <strong>Programa de Fortalecimento de Finan\u00e7as Estaduais (PFE).<\/strong><\/p>\n<p>Segundo o Executivo, esses\u00a0dois planos dar\u00e3o, entre as outras coisas, acesso a financiamentos com garantia da Uni\u00e3o para as entidades que se propuserem a abrir o mercado local.<\/p>\n<p><a href=\"https:\/\/www.suno.com.br\/noticias\/uniao-estados-gas\/\">Saiba mais: Uni\u00e3o pagar\u00e1 at\u00e9 R$ 6 bi a Estados que abrirem mercado de g\u00e1s, diz jornal\u00a0<\/a><\/p>\n<p>De acordo com o programa, as medidas que ser\u00e3o adotadas s\u00e3o a:<\/p>\n<ul>\n<li>promo\u00e7\u00e3o de boas pr\u00e1ticas regulat\u00f3rias para presta\u00e7\u00e3o do servi\u00e7o de g\u00e1s canalizado, incluindo transpar\u00eancia na metodologia de c\u00e1lculo tarif\u00e1rio;<\/li>\n<li>efetiva separa\u00e7\u00e3o entre as atividades de comercializa\u00e7\u00e3o e de presta\u00e7\u00e3o de servi\u00e7os de rede;<\/li>\n<li>ado\u00e7\u00e3o de estrutura tarif\u00e1ria proporcional a utiliza\u00e7\u00e3o dos servi\u00e7os de distribui\u00e7\u00e3o, por segmento de usu\u00e1rios;<\/li>\n<li>ado\u00e7\u00e3o de princ\u00edpios regulat\u00f3rios para os Consumidores Livres, Autoprodutores e Autoimportadores;<\/li>\n<li>cria\u00e7\u00e3o ou manuten\u00e7\u00e3o de ag\u00eancia reguladora aut\u00f4noma, com requisitos m\u00ednimos de governan\u00e7a, transpar\u00eancia e rito decis\u00f3rio;<\/li>\n<li>privatiza\u00e7\u00e3o da concession\u00e1ria estadual de servi\u00e7o local de g\u00e1s canalizado, avaliando-se a oportunidade e a conveni\u00eancia de defini\u00e7\u00e3o de novo contrato de concess\u00e3o;<\/li>\n<li>ades\u00e3o a ajustes tribut\u00e1rios necess\u00e1rios \u00e0 abertura do mercado de g\u00e1s natural.<\/li>\n<\/ul>\n\t<p>\n\t\t<a href=\"https:\/\/lp.suno.com.br\/planilha-controle-gastos\/\" target=\"_blank\" data-element=\"shortcode-suno-banner\" title=\"Banner SUNO, clique e saiba mais\">\n\t\t\t<picture>\n\t\t\t\t<source media=\"(max-width: 500px)\" srcset=\"https:\/\/files.sunoresearch.com.br\/n\/uploads\/2023\/03\/400x300-Planilha-controle-de-gastos.png\">\n\t\t\t\t<img class=\"newsContent__article__imgCapa newsContent__article__imgCapa--banner\"\n\t\t\t\t\tsrc=\"https:\/\/files.sunoresearch.com.br\/n\/uploads\/2023\/03\/1420x240-Planilha-controle-de-gastos.png\"\n\t\t\t\t\tdata-promo-id=\"102417\"\t\t\t\t\t\t\t\t\t\twidth='1420' height='240'\t\t\t\t\talt=\"https:\/\/files.sunoresearch.com.br\/n\/uploads\/2023\/03\/1420x240-Planilha-controle-de-gastos.png\"\n\t\t\t\t>\n\t\t\t<\/picture>\n\t\t<\/a>\n\t<\/p>\n\n\n<h2>Sobre o programa<\/h2>\n<p>Dentro da proposta inclui a cria\u00e7\u00e3o do <strong>Comit\u00ea de Monitoramento de Abertura do Mercado de G\u00e1s Natural (CMGN)<\/strong> com objetivo de tornar o mercado &#8220;competitivo,din\u00e2mico e aberto&#8221;.<\/p>\n<p>O grupo ser\u00e1 integrado por membros da Casa Civil da Presid\u00eancia da Rep\u00fablica, Minist\u00e9rio da Economia, de Minas e Energia, <a href=\"https:\/\/www.suno.com.br\/artigos\/cade\/\"><strong>Conselho Administrativo de Defesa Econ\u00f4mica (CADE)<\/strong>,<\/a> <strong>Ag\u00eancia Nacional de Petr\u00f3leo (ANP)<\/strong>.<\/p>\n<p>O objetivo desse comit\u00ea ser\u00e1 dar sequ\u00eancia \u00e0s a\u00e7\u00f5es necess\u00e1rias para a forma\u00e7\u00e3o de um mercado \u201caberto, din\u00e2mico e competitivo\u201d. A cria\u00e7\u00e3o do comit\u00ea j\u00e1 tinha sido anunciada nas \u00faltimas semanas, mas foi oficializada somente nesta ter\u00e7a.<\/p>\n\t<p>\n\t\t<a href=\"https:\/\/lp.suno.com.br\/ao\/servico-especializado-suno-tf\/?utm_source=adwords&#038;utm_medium=search&#038;utm_campaign=search.servico.funilconsultoria&#038;utm_content=1147_responsivo-a&#038;hsa_acc=2326072784&#038;hsa_cam=18022897917&#038;hsa_grp=141470255993&#038;hsa_ad=616145467912&#038;hsa_src=g&#038;hsa_tgt=kwd-303658942458&#038;hsa_kw=gestora+de+investimentos&#038;hsa_mt=b&#038;hsa_net=adwords&#038;hsa_ver=3&#038;gad_source=1&#038;gclid=CjwKCAjw1emzBhB8EiwAHwZZxQMvA3xJVRzLGZ70LmuSzR55X-KvxijSay8c5Hm88Sznnq97j8XbORoC-sMQAvD_BwE\" target=\"_blank\" data-element=\"shortcode-suno-banner\" title=\"Banner SUNO, clique e saiba mais\">\n\t\t\t<picture>\n\t\t\t\t<source media=\"(max-width: 500px)\" srcset=\"https:\/\/files.sunoresearch.com.br\/n\/uploads\/2024\/06\/400x300-Mobile-Artigos-5.png\">\n\t\t\t\t<img class=\"newsContent__article__imgCapa newsContent__article__imgCapa--banner\"\n\t\t\t\t\tsrc=\"https:\/\/files.sunoresearch.com.br\/n\/uploads\/2024\/06\/1420x240-Banner-Artigos-1-_-Banner-Materias-3.png\"\n\t\t\t\t\tdata-promo-id=\"563605\"\t\t\t\t\t\t\t\t\t\twidth='1420' height='240'\t\t\t\t\talt=\"https:\/\/files.sunoresearch.com.br\/n\/uploads\/2024\/06\/1420x240-Banner-Artigos-1-_-Banner-Materias-3.png\"\n\t\t\t\t>\n\t\t\t<\/picture>\n\t\t<\/a>\n\t<\/p>\n\n\n<p>Segundo o Executivo, o programa estar\u00e1 ancorado em pilares como:<\/p>\n<ul>\n<li>promo\u00e7\u00e3o da concorr\u00eancia,<\/li>\n<li>harmoniza\u00e7\u00e3o das regula\u00e7\u00f5es de Estaduais e Federais<\/li>\n<li>estimulo da integra\u00e7\u00e3o com o setor<\/li>\n<li>derrubar barreiras tarif\u00e1rias<\/li>\n<li>aumentar a competi\u00e7\u00e3o.<\/li>\n<\/ul>\n<h2>Secret\u00e1rio anuncia revolu\u00e7\u00e3o no setor<\/h2>\n<p>O secret\u00e1rio de Desenvolvimento Energ\u00e9tico do <strong>Minist\u00e9rio de Minas e Energia (MME)<\/strong>,\u00a0Reive Barros, afirmou nesta ter\u00e7a que\u00a0o programa Novo Mercado de G\u00e1s vai revolucionar\u00a0o setor.<\/p>\n\t<p>\n\t\t<a href=\"https:\/\/lp.suno.com.br\/suno-one\/?utm_campaign=_SNC6964518A_\" target=\"_blank\" data-element=\"shortcode-suno-banner\" title=\"Banner SUNO, clique e saiba mais\">\n\t\t\t<picture>\n\t\t\t\t<source media=\"(max-width: 500px)\" srcset=\"https:\/\/files.sunoresearch.com.br\/n\/uploads\/2025\/09\/400x300-Suno-One-png.webp\">\n\t\t\t\t<img class=\"newsContent__article__imgCapa newsContent__article__imgCapa--banner\"\n\t\t\t\t\tsrc=\"https:\/\/files.sunoresearch.com.br\/n\/uploads\/2025\/09\/1420x240-Suno-One-png.webp\"\n\t\t\t\t\tdata-promo-id=\"383121\"\t\t\t\t\t\t\t\t\t\twidth='1420' height='240'\t\t\t\t\talt=\"https:\/\/files.sunoresearch.com.br\/n\/uploads\/2025\/09\/1420x240-Suno-One-png.webp\"\n\t\t\t\t>\n\t\t\t<\/picture>\n\t\t<\/a>\n\t<\/p>\n\n\n<p>\u201cO Novo Mercado de <strong>G\u00e1s<\/strong> \u00e9 importante porque vamos estabelecer condi\u00e7\u00f5es de competi\u00e7\u00e3o no setor de g\u00e1s, no transporte de g\u00e1s, e tamb\u00e9m tem um pilar importante que \u00e9 a transi\u00e7\u00e3o da utiliza\u00e7\u00e3o do g\u00e1s natural na matriz energ\u00e9tica e na \u00e1rea industrial\u201d, disse Barros.<\/p>\n","protected":false},"excerpt":{"rendered":"<p>O governo federal lan\u00e7ou nesta ter\u00e7a-feira (23) o\u00a0Programa Novo Mercado de G\u00e1s. O programa prev\u00ea uma s\u00e9rie de novas medidas de abertura do setor. Segundo fontes pr\u00f3ximas \u00e0 Petrobras, a oferta do Ita\u00fasa teve um valor aproximado de R$ 3 bilh\u00f5es Como auxilo ao Programa Novo Mercado de G\u00e1s, tamb\u00e9m haver\u00e1 incentivos por meio do [&hellip;]<\/p>\n","protected":false},"author":9,"featured_media":18761,"comment_status":"closed","ping_status":"closed","sticky":false,"template":"","format":"standard","meta":[],"categories":[61],"tags":[740,1467,1556],"suno_strategy":[],"class_list":["post-31897","post","type-post","status-publish","format-standard","has-post-thumbnail","hentry","category-politica","tag-economia","tag-gas-natural","tag-governo-federal"],"yoast_head":"<!-- This site is optimized with the Yoast SEO plugin v24.4 - https:\/\/yoast.com\/wordpress\/plugins\/seo\/ -->\n<title>Programa Novo Mercado de G\u00e1s \u00e9 anunciado pelo Planalto<\/title>\n<meta name=\"description\" content=\"O governo federal lan\u00e7ou nesta ter\u00e7a-feira (23) o\u00a0Programa Novo Mercado de G\u00e1s. Clique aqui para saber mais.\" \/>\n<meta name=\"robots\" content=\"index, follow, max-snippet:-1, max-image-preview:large, max-video-preview:-1\" \/>\n<link rel=\"canonical\" href=\"https:\/\/www.suno.com.br\/noticias\/programa-novo-mercado-gas-planalto\/\" \/>\n<meta property=\"og:locale\" content=\"pt_BR\" \/>\n<meta property=\"og:type\" content=\"article\" \/>\n<meta property=\"og:title\" content=\"Programa Novo Mercado de G\u00e1s \u00e9 anunciado pelo Planalto\" \/>\n<meta property=\"og:description\" content=\"O governo federal lan\u00e7ou nesta ter\u00e7a-feira (23) o\u00a0Programa Novo Mercado de G\u00e1s. Clique aqui para saber mais.\" \/>\n<meta property=\"og:url\" content=\"https:\/\/www.suno.com.br\/noticias\/programa-novo-mercado-gas-planalto\/\" \/>\n<meta property=\"og:site_name\" content=\"Suno Not\u00edcias\" \/>\n<meta property=\"article:publisher\" content=\"https:\/\/facebook.com\/sunoresearch\" \/>\n<meta property=\"og:image\" content=\"https:\/\/files.sunoresearch.com.br\/n\/uploads\/2019\/03\/b6c7c97f-petrobras.jpg\" \/>\n\t<meta property=\"og:image:width\" content=\"2480\" \/>\n\t<meta property=\"og:image:height\" content=\"1772\" \/>\n\t<meta property=\"og:image:type\" content=\"image\/jpeg\" \/>\n<meta name=\"author\" content=\"Carlo Cauti\" \/>\n<meta name=\"twitter:card\" content=\"summary_large_image\" \/>\n<meta name=\"twitter:creator\" content=\"@sunoresearch\" \/>\n<meta name=\"twitter:site\" content=\"@sunoresearch\" \/>\n<meta name=\"twitter:label1\" content=\"Escrito por\" \/>\n\t<meta name=\"twitter:data1\" content=\"Carlo Cauti\" \/>\n\t<meta name=\"twitter:label2\" content=\"Est. tempo de leitura\" \/>\n\t<meta name=\"twitter:data2\" content=\"3 minutos\" \/>\n<script type=\"application\/ld+json\" class=\"yoast-schema-graph\">{\"@context\":\"https:\/\/schema.org\",\"@graph\":[{\"@type\":\"NewsArticle\",\"@id\":\"https:\/\/www.suno.com.br\/noticias\/programa-novo-mercado-gas-planalto\/#article\",\"isPartOf\":{\"@id\":\"https:\/\/www.suno.com.br\/noticias\/programa-novo-mercado-gas-planalto\/\"},\"author\":{\"name\":\"Carlo Cauti\",\"@id\":\"https:\/\/www.suno.com.br\/noticias\/#\/schema\/person\/e6e0f723cc177805027f4566c1d5e0c8\"},\"headline\":\"Programa Novo Mercado de G\u00e1s \u00e9 anunciado pelo Planalto\",\"datePublished\":\"2019-07-23T22:52:45+00:00\",\"dateModified\":\"2021-02-18T01:14:00+00:00\",\"mainEntityOfPage\":{\"@id\":\"https:\/\/www.suno.com.br\/noticias\/programa-novo-mercado-gas-planalto\/\"},\"wordCount\":541,\"publisher\":{\"@id\":\"https:\/\/www.suno.com.br\/noticias\/#organization\"},\"image\":{\"@id\":\"https:\/\/www.suno.com.br\/noticias\/programa-novo-mercado-gas-planalto\/#primaryimage\"},\"thumbnailUrl\":\"https:\/\/files.sunoresearch.com.br\/n\/uploads\/2019\/03\/b6c7c97f-petrobras-jpg.webp\",\"keywords\":[\"Economia\",\"g\u00e1s natural\",\"governo federal\"],\"articleSection\":[\"Pol\u00edtica\"],\"inLanguage\":\"pt-BR\"},{\"@type\":\"WebPage\",\"@id\":\"https:\/\/www.suno.com.br\/noticias\/programa-novo-mercado-gas-planalto\/\",\"url\":\"https:\/\/www.suno.com.br\/noticias\/programa-novo-mercado-gas-planalto\/\",\"name\":\"Programa Novo Mercado de G\u00e1s \u00e9 anunciado pelo Planalto\",\"isPartOf\":{\"@id\":\"https:\/\/www.suno.com.br\/noticias\/#website\"},\"primaryImageOfPage\":{\"@id\":\"https:\/\/www.suno.com.br\/noticias\/programa-novo-mercado-gas-planalto\/#primaryimage\"},\"image\":{\"@id\":\"https:\/\/www.suno.com.br\/noticias\/programa-novo-mercado-gas-planalto\/#primaryimage\"},\"thumbnailUrl\":\"https:\/\/files.sunoresearch.com.br\/n\/uploads\/2019\/03\/b6c7c97f-petrobras-jpg.webp\",\"datePublished\":\"2019-07-23T22:52:45+00:00\",\"dateModified\":\"2021-02-18T01:14:00+00:00\",\"description\":\"O governo federal lan\u00e7ou nesta ter\u00e7a-feira (23) o\u00a0Programa Novo Mercado de G\u00e1s. Clique aqui para saber mais.\",\"breadcrumb\":{\"@id\":\"https:\/\/www.suno.com.br\/noticias\/programa-novo-mercado-gas-planalto\/#breadcrumb\"},\"inLanguage\":\"pt-BR\",\"potentialAction\":[{\"@type\":\"ReadAction\",\"target\":[\"https:\/\/www.suno.com.br\/noticias\/programa-novo-mercado-gas-planalto\/\"]}]},{\"@type\":\"ImageObject\",\"inLanguage\":\"pt-BR\",\"@id\":\"https:\/\/www.suno.com.br\/noticias\/programa-novo-mercado-gas-planalto\/#primaryimage\",\"url\":\"https:\/\/files.sunoresearch.com.br\/n\/uploads\/2019\/03\/b6c7c97f-petrobras-jpg.webp\",\"contentUrl\":\"https:\/\/files.sunoresearch.com.br\/n\/uploads\/2019\/03\/b6c7c97f-petrobras-jpg.webp\",\"width\":2480,\"height\":1772,\"caption\":\"Segundo fontes pr\u00f3ximas \u00e0 Petrobras, a oferta do Ita\u00fasa teve um valor aproximado de R$ 3 bilh\u00f5es\"},{\"@type\":\"BreadcrumbList\",\"@id\":\"https:\/\/www.suno.com.br\/noticias\/programa-novo-mercado-gas-planalto\/#breadcrumb\",\"itemListElement\":[{\"@type\":\"ListItem\",\"position\":1,\"name\":\"Not\u00edcias\",\"item\":\"https:\/\/www.suno.com.br\/noticias\/\"},{\"@type\":\"ListItem\",\"position\":2,\"name\":\"Pol\u00edtica\",\"item\":\"https:\/\/www.suno.com.br\/noticias\/politica\/\"},{\"@type\":\"ListItem\",\"position\":3,\"name\":\"Programa Novo Mercado de G\u00e1s \u00e9 anunciado pelo Planalto\"}]},{\"@type\":\"WebSite\",\"@id\":\"https:\/\/www.suno.com.br\/noticias\/#website\",\"url\":\"https:\/\/www.suno.com.br\/noticias\/\",\"name\":\"Suno Not\u00edcias\",\"description\":\"Seu portal de informa\u00e7\u00e3o sobre o mundo dos investimentos\",\"publisher\":{\"@id\":\"https:\/\/www.suno.com.br\/noticias\/#organization\"},\"potentialAction\":[{\"@type\":\"SearchAction\",\"target\":{\"@type\":\"EntryPoint\",\"urlTemplate\":\"https:\/\/www.suno.com.br\/noticias\/?s={search_term_string}\"},\"query-input\":{\"@type\":\"PropertyValueSpecification\",\"valueRequired\":true,\"valueName\":\"search_term_string\"}}],\"inLanguage\":\"pt-BR\"},{\"@type\":\"Organization\",\"@id\":\"https:\/\/www.suno.com.br\/noticias\/#organization\",\"name\":\"Suno Not\u00edcias\",\"url\":\"https:\/\/www.suno.com.br\/noticias\/\",\"logo\":{\"@type\":\"ImageObject\",\"inLanguage\":\"pt-BR\",\"@id\":\"https:\/\/www.suno.com.br\/noticias\/#\/schema\/logo\/image\/\",\"url\":\"https:\/\/files.sunoresearch.com.br\/n\/uploads\/2021\/09\/suno-logo.png\",\"contentUrl\":\"https:\/\/files.sunoresearch.com.br\/n\/uploads\/2021\/09\/suno-logo.png\",\"width\":180,\"height\":180,\"caption\":\"Suno Not\u00edcias\"},\"image\":{\"@id\":\"https:\/\/www.suno.com.br\/noticias\/#\/schema\/logo\/image\/\"},\"sameAs\":[\"https:\/\/facebook.com\/sunoresearch\",\"https:\/\/x.com\/sunoresearch\",\"https:\/\/www.instagram.com\/suno\",\"https:\/\/www.linkedin.com\/company\/suno-research\/\",\"https:\/\/www.youtube.com\/c\/sunoresearch\"]},{\"@type\":\"Person\",\"@id\":\"https:\/\/www.suno.com.br\/noticias\/#\/schema\/person\/e6e0f723cc177805027f4566c1d5e0c8\",\"name\":\"Carlo Cauti\",\"image\":{\"@type\":\"ImageObject\",\"inLanguage\":\"pt-BR\",\"@id\":\"https:\/\/www.suno.com.br\/noticias\/#\/schema\/person\/image\/\",\"url\":\"https:\/\/secure.gravatar.com\/avatar\/3ada9e0bd164c23abd4792a9606d583c?s=96&r=g\",\"contentUrl\":\"https:\/\/secure.gravatar.com\/avatar\/3ada9e0bd164c23abd4792a9606d583c?s=96&r=g\",\"caption\":\"Carlo Cauti\"},\"description\":\"Editor multim\u00eddia do SUNO Not\u00edcias. Italiano, formado em Ci\u00eancias Pol\u00edticas pela universidade LUISS G. Carli de Roma e mestre cum laude em Rela\u00e7\u00f5es Internacionais, Jornalismo Internacional e de Guerra e em Economia Internacional. Concluiu tamb\u00e9m um MBA em Finan\u00e7as na B3. No Brasil, teve passagem por ve\u00edculos como Estad\u00e3o, Globo, Veja e EXAME. e nas ag\u00eancias de not\u00edcias italianas ANSA e NOVA.\",\"url\":\"https:\/\/www.suno.com.br\/noticias\/author\/carlo-cauti\/\"}]}<\/script>\n<!-- \/ Yoast SEO plugin. -->","yoast_head_json":{"title":"Programa Novo Mercado de G\u00e1s \u00e9 anunciado pelo Planalto","description":"O governo federal lan\u00e7ou nesta ter\u00e7a-feira (23) o\u00a0Programa Novo Mercado de G\u00e1s. Clique aqui para saber mais.","robots":{"index":"index","follow":"follow","max-snippet":"max-snippet:-1","max-image-preview":"max-image-preview:large","max-video-preview":"max-video-preview:-1"},"canonical":"https:\/\/www.suno.com.br\/noticias\/programa-novo-mercado-gas-planalto\/","og_locale":"pt_BR","og_type":"article","og_title":"Programa Novo Mercado de G\u00e1s \u00e9 anunciado pelo Planalto","og_description":"O governo federal lan\u00e7ou nesta ter\u00e7a-feira (23) o\u00a0Programa Novo Mercado de G\u00e1s. Clique aqui para saber mais.","og_url":"https:\/\/www.suno.com.br\/noticias\/programa-novo-mercado-gas-planalto\/","og_site_name":"Suno Not\u00edcias","article_publisher":"https:\/\/facebook.com\/sunoresearch","og_image":[{"width":2480,"height":1772,"url":"https:\/\/files.sunoresearch.com.br\/n\/uploads\/2019\/03\/b6c7c97f-petrobras.jpg","type":"image\/jpeg"}],"author":"Carlo Cauti","twitter_card":"summary_large_image","twitter_creator":"@sunoresearch","twitter_site":"@sunoresearch","twitter_misc":{"Escrito por":"Carlo Cauti","Est. tempo de leitura":"3 minutos"},"schema":{"@context":"https:\/\/schema.org","@graph":[{"@type":"NewsArticle","@id":"https:\/\/www.suno.com.br\/noticias\/programa-novo-mercado-gas-planalto\/#article","isPartOf":{"@id":"https:\/\/www.suno.com.br\/noticias\/programa-novo-mercado-gas-planalto\/"},"author":{"name":"Carlo Cauti","@id":"https:\/\/www.suno.com.br\/noticias\/#\/schema\/person\/e6e0f723cc177805027f4566c1d5e0c8"},"headline":"Programa Novo Mercado de G\u00e1s \u00e9 anunciado pelo Planalto","datePublished":"2019-07-23T22:52:45+00:00","dateModified":"2021-02-18T01:14:00+00:00","mainEntityOfPage":{"@id":"https:\/\/www.suno.com.br\/noticias\/programa-novo-mercado-gas-planalto\/"},"wordCount":541,"publisher":{"@id":"https:\/\/www.suno.com.br\/noticias\/#organization"},"image":{"@id":"https:\/\/www.suno.com.br\/noticias\/programa-novo-mercado-gas-planalto\/#primaryimage"},"thumbnailUrl":"https:\/\/files.sunoresearch.com.br\/n\/uploads\/2019\/03\/b6c7c97f-petrobras-jpg.webp","keywords":["Economia","g\u00e1s natural","governo federal"],"articleSection":["Pol\u00edtica"],"inLanguage":"pt-BR"},{"@type":"WebPage","@id":"https:\/\/www.suno.com.br\/noticias\/programa-novo-mercado-gas-planalto\/","url":"https:\/\/www.suno.com.br\/noticias\/programa-novo-mercado-gas-planalto\/","name":"Programa Novo Mercado de G\u00e1s \u00e9 anunciado pelo Planalto","isPartOf":{"@id":"https:\/\/www.suno.com.br\/noticias\/#website"},"primaryImageOfPage":{"@id":"https:\/\/www.suno.com.br\/noticias\/programa-novo-mercado-gas-planalto\/#primaryimage"},"image":{"@id":"https:\/\/www.suno.com.br\/noticias\/programa-novo-mercado-gas-planalto\/#primaryimage"},"thumbnailUrl":"https:\/\/files.sunoresearch.com.br\/n\/uploads\/2019\/03\/b6c7c97f-petrobras-jpg.webp","datePublished":"2019-07-23T22:52:45+00:00","dateModified":"2021-02-18T01:14:00+00:00","description":"O governo federal lan\u00e7ou nesta ter\u00e7a-feira (23) o\u00a0Programa Novo Mercado de G\u00e1s. Clique aqui para saber mais.","breadcrumb":{"@id":"https:\/\/www.suno.com.br\/noticias\/programa-novo-mercado-gas-planalto\/#breadcrumb"},"inLanguage":"pt-BR","potentialAction":[{"@type":"ReadAction","target":["https:\/\/www.suno.com.br\/noticias\/programa-novo-mercado-gas-planalto\/"]}]},{"@type":"ImageObject","inLanguage":"pt-BR","@id":"https:\/\/www.suno.com.br\/noticias\/programa-novo-mercado-gas-planalto\/#primaryimage","url":"https:\/\/files.sunoresearch.com.br\/n\/uploads\/2019\/03\/b6c7c97f-petrobras-jpg.webp","contentUrl":"https:\/\/files.sunoresearch.com.br\/n\/uploads\/2019\/03\/b6c7c97f-petrobras-jpg.webp","width":2480,"height":1772,"caption":"Segundo fontes pr\u00f3ximas \u00e0 Petrobras, a oferta do Ita\u00fasa teve um valor aproximado de R$ 3 bilh\u00f5es"},{"@type":"BreadcrumbList","@id":"https:\/\/www.suno.com.br\/noticias\/programa-novo-mercado-gas-planalto\/#breadcrumb","itemListElement":[{"@type":"ListItem","position":1,"name":"Not\u00edcias","item":"https:\/\/www.suno.com.br\/noticias\/"},{"@type":"ListItem","position":2,"name":"Pol\u00edtica","item":"https:\/\/www.suno.com.br\/noticias\/politica\/"},{"@type":"ListItem","position":3,"name":"Programa Novo Mercado de G\u00e1s \u00e9 anunciado pelo Planalto"}]},{"@type":"WebSite","@id":"https:\/\/www.suno.com.br\/noticias\/#website","url":"https:\/\/www.suno.com.br\/noticias\/","name":"Suno Not\u00edcias","description":"Seu portal de informa\u00e7\u00e3o sobre o mundo dos investimentos","publisher":{"@id":"https:\/\/www.suno.com.br\/noticias\/#organization"},"potentialAction":[{"@type":"SearchAction","target":{"@type":"EntryPoint","urlTemplate":"https:\/\/www.suno.com.br\/noticias\/?s={search_term_string}"},"query-input":{"@type":"PropertyValueSpecification","valueRequired":true,"valueName":"search_term_string"}}],"inLanguage":"pt-BR"},{"@type":"Organization","@id":"https:\/\/www.suno.com.br\/noticias\/#organization","name":"Suno Not\u00edcias","url":"https:\/\/www.suno.com.br\/noticias\/","logo":{"@type":"ImageObject","inLanguage":"pt-BR","@id":"https:\/\/www.suno.com.br\/noticias\/#\/schema\/logo\/image\/","url":"https:\/\/files.sunoresearch.com.br\/n\/uploads\/2021\/09\/suno-logo.png","contentUrl":"https:\/\/files.sunoresearch.com.br\/n\/uploads\/2021\/09\/suno-logo.png","width":180,"height":180,"caption":"Suno Not\u00edcias"},"image":{"@id":"https:\/\/www.suno.com.br\/noticias\/#\/schema\/logo\/image\/"},"sameAs":["https:\/\/facebook.com\/sunoresearch","https:\/\/x.com\/sunoresearch","https:\/\/www.instagram.com\/suno","https:\/\/www.linkedin.com\/company\/suno-research\/","https:\/\/www.youtube.com\/c\/sunoresearch"]},{"@type":"Person","@id":"https:\/\/www.suno.com.br\/noticias\/#\/schema\/person\/e6e0f723cc177805027f4566c1d5e0c8","name":"Carlo Cauti","image":{"@type":"ImageObject","inLanguage":"pt-BR","@id":"https:\/\/www.suno.com.br\/noticias\/#\/schema\/person\/image\/","url":"https:\/\/secure.gravatar.com\/avatar\/3ada9e0bd164c23abd4792a9606d583c?s=96&r=g","contentUrl":"https:\/\/secure.gravatar.com\/avatar\/3ada9e0bd164c23abd4792a9606d583c?s=96&r=g","caption":"Carlo Cauti"},"description":"Editor multim\u00eddia do SUNO Not\u00edcias. Italiano, formado em Ci\u00eancias Pol\u00edticas pela universidade LUISS G. Carli de Roma e mestre cum laude em Rela\u00e7\u00f5es Internacionais, Jornalismo Internacional e de Guerra e em Economia Internacional. Concluiu tamb\u00e9m um MBA em Finan\u00e7as na B3. No Brasil, teve passagem por ve\u00edculos como Estad\u00e3o, Globo, Veja e EXAME. e nas ag\u00eancias de not\u00edcias italianas ANSA e NOVA.","url":"https:\/\/www.suno.com.br\/noticias\/author\/carlo-cauti\/"}]}},"default_loop_html":"<div class=\"cardsPage__listCard__boxs\"><div class=\"cardsPage__listCard__boxs__img\"><a href=\"https:\/\/www.suno.com.br\/noticias\/programa-novo-mercado-gas-planalto\/\"><img class=\"mask\" src=\"https:\/\/www.suno.com.br\/noticias\/wp-content\/themes\/suno\/resources\/images\/spotlight\/spotlight1img\/bg-mask.png\" alt=\"Image Mask\"\/><img src=\"https:\/\/files.sunoresearch.com.br\/n\/uploads\/2019\/03\/b6c7c97f-petrobras-400x200.webp\" alt=\"Programa Novo Mercado de G\u00e1s \u00e9 anunciado pelo Planalto\"\/><\/a><span class=\"spotlightCategory\"><a href=\"https:\/\/www.suno.com.br\/noticias\/politica\/\">Pol\u00edtica<\/a><\/span><\/div><div class=\"cardsPage__listCard__boxs__content\"><a href=\"https:\/\/www.suno.com.br\/noticias\/programa-novo-mercado-gas-planalto\/\"><h2 class=\"content__title\">Programa Novo Mercado de G\u00e1s \u00e9 anunciado pelo Planalto<\/h2><\/a><div class=\"newsContent__article__meta\"><div class=\"newsContent__article__meta__authorBox\"><a href=\"https:\/\/www.suno.com.br\/noticias\/author\/carlo-cauti\/\" class=\"authorBox__avatar noMobi\"><img src=\"https:\/\/files.sunoresearch.com.br\/n\/uploads\/2020\/08\/e3745f9a-perfil-carlo-cauti-150x150.webp\" alt=\"Carlo Cauti\"><\/a><div class=\"authorBox__name\"><span>por\n\t\t\t<a href=\"https:\/\/www.suno.com.br\/noticias\/author\/carlo-cauti\/\"><span itemprop=\"author\">Carlo Cauti<\/span><\/a><\/span><time datetime=\"2019-07-23T19:52:45-03:00\" itemprop=\"datePublished\">23\/07\/2019 19:52<\/time><\/div><\/div><\/div><\/div><\/div>","single_layout":"posts","amp_enabled":true,"_links":{"self":[{"href":"https:\/\/www.suno.com.br\/noticias\/wp-json\/wp\/v2\/posts\/31897"}],"collection":[{"href":"https:\/\/www.suno.com.br\/noticias\/wp-json\/wp\/v2\/posts"}],"about":[{"href":"https:\/\/www.suno.com.br\/noticias\/wp-json\/wp\/v2\/types\/post"}],"author":[{"embeddable":true,"href":"https:\/\/www.suno.com.br\/noticias\/wp-json\/wp\/v2\/users\/9"}],"replies":[{"embeddable":true,"href":"https:\/\/www.suno.com.br\/noticias\/wp-json\/wp\/v2\/comments?post=31897"}],"version-history":[{"count":0,"href":"https:\/\/www.suno.com.br\/noticias\/wp-json\/wp\/v2\/posts\/31897\/revisions"}],"wp:featuredmedia":[{"embeddable":true,"href":"https:\/\/www.suno.com.br\/noticias\/wp-json\/wp\/v2\/media\/18761"}],"wp:attachment":[{"href":"https:\/\/www.suno.com.br\/noticias\/wp-json\/wp\/v2\/media?parent=31897"}],"wp:term":[{"taxonomy":"category","embeddable":true,"href":"https:\/\/www.suno.com.br\/noticias\/wp-json\/wp\/v2\/categories?post=31897"},{"taxonomy":"post_tag","embeddable":true,"href":"https:\/\/www.suno.com.br\/noticias\/wp-json\/wp\/v2\/tags?post=31897"},{"taxonomy":"suno_strategy","embeddable":true,"href":"https:\/\/www.suno.com.br\/noticias\/wp-json\/wp\/v2\/suno_strategy?post=31897"}],"curies":[{"name":"wp","href":"https:\/\/api.w.org\/{rel}","templated":true}]}}