{"id":318965,"date":"2022-11-15T00:14:58","date_gmt":"2022-11-15T03:14:58","guid":{"rendered":"https:\/\/www.suno.com.br\/noticias\/?p=318965"},"modified":"2022-11-15T00:14:58","modified_gmt":"2022-11-15T03:14:58","slug":"radar-nubank-nubr33-meliuz-cash3-embraer-embr3","status":"publish","type":"post","link":"https:\/\/www.suno.com.br\/noticias\/radar-nubank-nubr33-meliuz-cash3-embraer-embr3\/","title":{"rendered":"Radar: Nubank (NUBR33) lucra US$ 7,8 mi no 3T22, M\u00e9liuz (CASH3) avan\u00e7a com IPO da Bankly e analistas mant\u00eam otimismo com a Embraer (EMBR3)"},"content":{"rendered":"<p>O <strong>Nubank<\/strong> (<a class=\"suno-keyword\" href=\"https:\/\/www.suno.com.br\/bdrs\/nubr33\/\" target=\"_blank\" rel=\"noopener\" data-force=\"yes\" data-priority=\"2\">NUBR33<\/a>) divulgou os resultados do 3T22 nesta segunda-feira (14). A Nu Holdings, sua controladora, obteve <a class=\"suno-keyword\" href=\"https:\/\/www.suno.com.br\/artigos\/lucro-liquido\/\" target=\"_blank\" rel=\"noopener\" data-force=\"no\" data-priority=\"1\">lucro l\u00edquido<\/a> de US$ 7,8 milh\u00f5es, revertendo preju\u00edzo l\u00edquido de US$ 34,4 milh\u00f5es do 3T21.<\/p>\t<div class=\"wrapper-featured-image\">\n\t\t<figure class=\"spotlightImg\">\n\n\t\t\t<picture>\n\t\t\t\t<source media=\"(max-width: 768px)\" srcset=\"https:\/\/files.sunoresearch.com.br\/n\/uploads\/2021\/12\/Nubankk-400x200.jpg\">\n\t\t\t\t<img loading=\"lazy\" decoding=\"async\" class=\"newsContent__article__imgCapa lazyloadDisabled \" src=\"https:\/\/files.sunoresearch.com.br\/n\/uploads\/2021\/12\/Nubankk-800x450.jpg\" width=\"800\" height=\"450\" alt=\"Radar: Nubank (NUBR33) lucra US$ 7,8 mi no 3T22, M\u00e9liuz (CASH3) avan\u00e7a com IPO da Bankly e analistas mant\u00eam otimismo com a Embraer (EMBR3)\" fetchpriority=high \/>\n\t\t\t<\/picture>\n\n\t\t\t<figcaption class=\"wp-caption-text wp-caption-text--show\">IPO do Nubank na New York Stock Exchange (NYSE). Foto: Divulga\u00e7\u00e3o<\/figcaption>\n\t\t<\/figure>\n\t<\/div>\n\n\n\t<p>\n\t\t<a href=\"https:\/\/lp.suno.com.br\/planilha-controle-gastos\/\" target=\"_blank\" data-element=\"shortcode-suno-banner\" title=\"Banner SUNO, clique e saiba mais\">\n\t\t\t<picture>\n\t\t\t\t<source media=\"(max-width: 500px)\" srcset=\"https:\/\/files.sunoresearch.com.br\/n\/uploads\/2023\/03\/400x300-Planilha-controle-de-gastos.png\">\n\t\t\t\t<img class=\"newsContent__article__imgCapa newsContent__article__imgCapa--banner\"\n\t\t\t\t\tsrc=\"https:\/\/files.sunoresearch.com.br\/n\/uploads\/2023\/03\/1420x240-Planilha-controle-de-gastos.png\"\n\t\t\t\t\tdata-promo-id=\"311945\"\t\t\t\t\t\t\t\t\t\twidth='1420' height='240'\t\t\t\t\talt=\"https:\/\/files.sunoresearch.com.br\/n\/uploads\/2023\/03\/1420x240-Planilha-controle-de-gastos.png\"\n\t\t\t\t>\n\t\t\t<\/picture>\n\t\t<\/a>\n\t<\/p>\n\n\n<p>O resultado agradou o mercado. As a\u00e7\u00f5es do Nubank em Nova York estavam operando em forte alta de 15,4% a US$ 5,05, no after hours.<\/p>\n<p>O <strong>lucro do Nubank<\/strong>, refletiu, segundo relat\u00f3rio sobre o <strong>resultado do 3T22<\/strong>, &#8220;o crescimento cont\u00ednuo do n\u00famero de clientes ativos e o aumento do engajamento de clientes, com impacto na expans\u00e3o da receita, com o aumento da <a class=\"suno-keyword\" href=\"https:\/\/www.suno.com.br\/artigos\/margem-bruta-entenda-sua-importancia\/\" target=\"_blank\" rel=\"noopener\" data-force=\"no\" data-priority=\"1\">margem bruta<\/a> e a maior dilui\u00e7\u00e3o de custos, alavancando nossa plataforma de baixo custo.&#8221;<\/p>\n<p>Em termos ajustados, o Nubank teve lucro l\u00edquido de US$ 63,1 milh\u00f5es, contra preju\u00edzo de US$ 1,2 milh\u00e3o no igual per\u00edodo do ano anterior.<\/p>\n<p>No 3T22, o banco digital apurou 70,4 milh\u00f5es de clientes, alta de 46% ante o 3T21.<\/p>\n<p>A <strong><a class=\"suno-keyword\" href=\"https:\/\/www.suno.com.br\/artigos\/o-que-receita-liquida\/\" target=\"_blank\" rel=\"noopener\" data-force=\"no\" data-priority=\"1\">receita l\u00edquida<\/a>\u00a0do Nubank<\/strong> somou US$ 1,306 bilh\u00e3o, com alta de 172% sobre mesma etapa de 2021. Enquanto isso, o <a class=\"suno-keyword\" href=\"https:\/\/www.suno.com.br\/artigos\/lucro-bruto\/\" target=\"_blank\" rel=\"noopener\" data-force=\"no\" data-priority=\"1\">lucro bruto<\/a> atingiu o recorde de US$ 427 milh\u00f5es, um aumento de 91% em compara\u00e7\u00e3o com o 3T21.<\/p>\n<p>A margem bruta, por outro lado, caiu 14 pontos percentuais em compara\u00e7\u00e3o com o 3T21, para 33%.<\/p>\n<p>A Receita M\u00e9dia Mensal por Cliente Ativo (ARPAC) do Nubank atingiu US$ 7,9 no 3T22, representando um aumento de 61% FXN (neutro de efeitos cambiais), comparado com o 3T21.<\/p>\n<p>Segundo o Nubank, o aumento da ARPAC foi &#8220;impulsionado principalmente pelo amadurecimento das safras de clientes do Nu e pelo lan\u00e7amento de novos produtos e recursos, al\u00e9m de um crescimento saud\u00e1vel do volume de transa\u00e7\u00f5es, uma expans\u00e3o robusta do portf\u00f3lio sujeito a ganho de juros do Nu e um crescimento do volume de compras e das taxas de interc\u00e2mbio relacionadas&#8221;.<\/p>\n<p>A Receita de Juros e Ganhos (Perdas) sobre <a class=\"suno-keyword\" href=\"https:\/\/www.suno.com.br\/artigos\/instrumentos-financeiros\/\" target=\"_blank\" rel=\"noopener\" data-force=\"no\" data-priority=\"1\">Instrumentos Financeiros<\/a> foi de US$ 987,3 milh\u00f5es no 3T22, um aumento de 235% em rela\u00e7\u00e3o ao 3T21.<\/p>\n<p>A taxa de inadimpl\u00eancia de empr\u00e9stimos de 15 a 90 dias do Nu aumentou 50 bps (pontos base) trimestre a trimestre, atingindo 4,2%.<\/p>\n<p>A taxa foi alavancada pelo efeito matem\u00e1tico, pois a desacelera\u00e7\u00e3o da carteira de cr\u00e9dito pessoal aumenta a inadimpl\u00eancia deste produto e pela deteriora\u00e7\u00e3o generalizada das tend\u00eancias macro, segundo a holding.<\/p>\n<p>Al\u00e9m disso, a inadimpl\u00eancia de mais de 90 dias aumentou de 4,1%4 para 4,7%.<\/p>\n<p>Em 30 de setembro de 2022, o Nubank\u00a0 contabilizava um portf\u00f3lio sujeito a ganho de juros de US$ 3,5 bilh\u00f5es, enquanto os dep\u00f3sitos totais eram quatro vezes maiores, atingindo US$ 14,0 bilh\u00f5es. O \u00edndice de empr\u00e9stimos\/dep\u00f3sitos era de 25%.<\/p>\n<p>O custo dos servi\u00e7os financeiros e transacionais prestados aumentou 242%, ou 242% FXN, comparado com o 3T21, atingindo US$ 879,9 milh\u00f5es no 3T22. Segundo o Nubank, esse custo representou 67% da receita no 3T22, contra 53% no 3T21.<\/p>\n<p>As <a class=\"suno-keyword\" href=\"https:\/\/www.suno.com.br\/artigos\/despesas-operacionais\/\" target=\"_blank\" rel=\"noopener\" data-force=\"no\" data-priority=\"1\">despesas operacionais<\/a> do Nubank totalizaram US$ 421,9 milh\u00f5es no 3T22, um crescimento de 72% ante o 3T21, mas recuaram para 32% da <a class=\"suno-keyword\" href=\"https:\/\/www.suno.com.br\/artigos\/receita-total\/\" target=\"_blank\" rel=\"noopener\" data-force=\"no\" data-priority=\"1\">receita total<\/a>, contra 51% no 3T21.<\/p>\n<p>&#8220;\u00c0 medida que expandimos nossa carteira de cr\u00e9dito, buscamos otimizar o uso da nossa grande base de dep\u00f3sitos de baixo custo e expandir nossa margem de juros l\u00edquida (NIM, na sigla em ingl\u00eas)&#8221;, disse o Nubank. A NIM atingiu 11,1%, contra 7,7% no 3T21.<\/p>\n<h2>Cota\u00e7\u00e3o do Nubank<\/h2>\n<p>As <a class=\"suno-keyword\" href=\"https:\/\/www.suno.com.br\/bdrs\/\" target=\"_blank\" rel=\"noopener\" data-force=\"yes\" data-priority=\"2\">BDRs<\/a> do <strong>Nubank<\/strong> fecharam a segunda-feira (14) em queda de 2,78%, cotadas a R$ 3,84.<\/p>\n<p><em>Al\u00e9m do\u00a0<strong>Nubank<\/strong>, confira outros destaques desta segunda-feira:<\/em><\/p>\n\t<div data-element=\"shortcode-read-more\" class=\"knowMore\">\n\t\t\t\t<span class=\"knowMore__title\">Leia mais:<\/span>\n\t\t\t\t<a class=\"knowMore__link\" href=\"https:\/\/www.suno.com.br\/noticias\/jbs-jbss3-dividendos-bilionarios-valor\/\">\n\t\t\tJBS (JBSS3) anuncia dividendos bilion\u00e1rios; Veja o valor por a\u00e7\u00e3o\t\t<\/a>\n\t<\/div>\n\n\n<h2>Vale (VALE3) e &#8216;gigantes da bolsa brasileira&#8217; querem conservar 4 milh\u00f5es de hectares de florestas<\/h2>\n<ul>\n<li>A <strong>Vale<\/strong> (VALE3), em conjunto com outras grandes companhias brasileiras como o Ita\u00fa (ITUB4) e o Santander (SANB11), anunciou que criar\u00e1 uma empresa &#8216;totalmente dedicada \u00e0s atividades de restaura\u00e7\u00e3o, conserva\u00e7\u00e3o e preserva\u00e7\u00e3o de florestas no Brasil&#8217;.<\/li>\n<li>Chamada de <strong>Iniciativa Biomas<\/strong>, o projeto prev\u00ea\u00a0conservar e preservar 4 milh\u00f5es de hectares de florestas ao longo das pr\u00f3ximas duas d\u00e9cadas.<\/li>\n<li>A \u00e1rea visada pelo projeto \u00e9 equivalente ao territ\u00f3rio da Su\u00ed\u00e7a ou do estado do Rio de Janeiro.\u00a0Al\u00e9m da Vale, do <strong>Ita\u00fa<\/strong> e do <strong>Santander<\/strong>, fazem parte da iniciativa a <strong>Marfrig<\/strong> (MRFG3), a <strong>Suzano<\/strong> (SUZB3) e o Rabobank.<\/li>\n<li>A iniciativa foi divulgada durante evento realizado na Confer\u00eancia do Clima, a <strong>COP27<\/strong>, no Egito.<\/li>\n<li>&#8220;Inicialmente chamada de \u2018Biomas\u2019, a empresa nasce com planos de<strong> restaurar 2 milh\u00f5es de hectares de \u00e1reas degradadas<\/strong>, a partir do plantio de aproximadamente 2 bilh\u00f5es de \u00e1rvores nativas, em um modelo de neg\u00f3cios em larga escala&#8221;, comunicam as empresas, em conjunto.<\/li>\n<li>&#8220;A empresa tamb\u00e9m conservar\u00e1 e preservar\u00e1 2 milh\u00f5es de <strong>hectares<\/strong>. A expectativa do grupo formado por grandes companhias com presen\u00e7a global \u00e9, al\u00e9m dos benef\u00edcios ambientais da iniciativa em si, contribuir para estimular o desenvolvimento regional e o fortalecimento das comunidades locais com seu envolvimento na cadeia de valor&#8221;, seguem.<\/li>\n<li>As companhias destacam que a inciativa Biomas contar\u00e1 com um aporte inicial de R$ 20 milh\u00f5es de cada s\u00f3cia, visando um neg\u00f3cio com modelo sustent\u00e1vel tamb\u00e9m do ponto de vista financeiro.<\/li>\n<li>&#8220;A alian\u00e7a lan\u00e7ada na COP27 prev\u00ea, entre remo\u00e7\u00f5es e emiss\u00f5es evitadas, reduzir da atmosfera aproximadamente 900 milh\u00f5es de toneladas de carbono equivalente durante o per\u00edodo de duas d\u00e9cadas&#8221;, diz a companhia.<\/li>\n<li>Segundo o documento das empresas, arquivado na Comiss\u00e3o de Valores Mobili\u00e1rios (CVM), a primeira etapa do projeto consistir\u00e1 em atividades de:<\/li>\n<li>Identifica\u00e7\u00e3o e prospec\u00e7\u00e3o de \u00e1reas<\/li>\n<li>Fomento a viveiros para produ\u00e7\u00e3o em escala de \u00e1rvores nativas<\/li>\n<li>Engajamento de comunidades locais nas atividades daempresa<\/li>\n<li>Discuss\u00e3o sobre aplica\u00e7\u00e3o do projeto em \u00e1reas p\u00fablicas<\/li>\n<li>Parceria com plataformas de certifica\u00e7\u00e3o de cr\u00e9ditos de carbono e a implementa\u00e7\u00e3o de projetos pilotos<\/li>\n<li>A iniciativa que visa as <strong>florestas<\/strong> cita que a partir de 2025 o objetivo \u00e9 ampliar a escala at\u00e9 alcan\u00e7ar a meta de 4 milh\u00f5es de hectares de florestas.<\/li>\n<li>\u201cSomos parceiros da Biomas porque \u00e9 uma iniciativa pioneira que amplia os esfor\u00e7os do setor privado brasileiro para gerar impacto socioambiental positivo em escala. A Vale j\u00e1 ajuda na prote\u00e7\u00e3o de 1 milh\u00e3o de hectares, dos quais 800 mil est\u00e3o na Amaz\u00f4nia. Al\u00e9m da Biomas, a Vale se comprometeu, at\u00e9 2030, a recuperar e proteger 500 mil hectares de \u00e1reas al\u00e9m de suas fronteiras&#8221;, disse o presidente da Vale, Eduardo Bartolomeo.<\/li>\n<li>Sendo um neg\u00f3cio que envolve a cria\u00e7\u00e3o de uma nova estrutura societ\u00e1ria, as companhias que s\u00e3o membros da inciativa, como a <strong>Vale<\/strong> e o Ita\u00fa, destacam que a conclus\u00e3o da opera\u00e7\u00e3o ainda fica sujeita \u00e0s aprova\u00e7\u00f5es regulat\u00f3rias usuais para este tipo de transa\u00e7\u00e3o.<\/li>\n<\/ul>\n<h2>Embraer (EMBR3): a\u00e7\u00f5es caem 6% ap\u00f3s preju\u00edzo no 3T22, mas analistas mant\u00eam otimismo; entenda<\/h2>\n<ul>\n<li>A <a class=\"suno-keyword\" href=\"https:\/\/www.suno.com.br\/acoes\/EMBR3\/\" target=\"_blank\" rel=\"noopener\" data-force=\"yes\" data-priority=\"2\"><strong>Embraer<\/strong> (EMBR3)<\/a> divulgou os resultados do 3T22 nesta segunda-feira (14). A companhia teve um preju\u00edzo l\u00edquido atribu\u00eddo a acionistas de R$ 160,4 milh\u00f5es, ante R$ 234 milh\u00f5es de preju\u00edzo em igual per\u00edodo de 2021.<\/li>\n<li>Na vis\u00e3o dos analistas da XP Investimentos, embora o <strong>faturamento da Embraer<\/strong> tenha sido fraco, a reafirma\u00e7\u00e3o do <strong>guidance da Embraer<\/strong> para 2022 foi o principal destaque positivo dos resultados, com melhores indicadores de <a class=\"suno-keyword\" href=\"https:\/\/www.suno.com.br\/artigos\/geracao-de-caixa\/\" target=\"_blank\" rel=\"noopener\" data-force=\"no\" data-priority=\"1\"><strong>gera\u00e7\u00e3o de caixa<\/strong><\/a>.<\/li>\n<li>&#8220;A empresa reiterou suas expectativas de que as margens cheguem ao limite superior da faixa de guidance para este ano, uma indica\u00e7\u00e3o positiva dos esfor\u00e7os de redu\u00e7\u00e3o de custos da empresa, em nossa opini\u00e3o&#8221;, disse a casa.<\/li>\n<li>Assim, os analistas mantiveram recomenda\u00e7\u00e3o de &#8220;compra&#8221; para as <strong>a\u00e7\u00f5es da Embraer<\/strong>, com o pre\u00e7o-alvo de R$ 27,50, que implica um upside de cerca de 112% contra o fechamento desta segunda-feira.<\/li>\n<li>Para a XP, os pontos positivos do <strong>3T22 da Embraer<\/strong>, foram:<\/li>\n<li>\u00a0forte desempenho de <a class=\"suno-keyword\" href=\"https:\/\/www.suno.com.br\/artigos\/margem-bruta-entenda-sua-importancia\/\" target=\"_blank\" rel=\"noopener\" data-force=\"no\" data-priority=\"1\">margem bruta<\/a> nas divis\u00f5es Executiva e Servi\u00e7os &amp; Suporte; e<\/li>\n<li>indica\u00e7\u00f5es de fluxo de caixa positivo para 2022, com guidance de gera\u00e7\u00e3o de caixa de US$ 50 milh\u00f5es ou mais atualizado para US$ 150 milh\u00f5es ou mais (apoiado por melhores margens e din\u00e2mica de capital de giro).<\/li>\n<li>J\u00e1 os destaques negativos do 3T22 da Embraer foram:<\/li>\n<li><a class=\"suno-keyword\" href=\"https:\/\/www.suno.com.br\/artigos\/o-que-receita-liquida\/\" target=\"_blank\" rel=\"noopener\" data-force=\"no\" data-priority=\"1\">receita l\u00edquida<\/a> de US$ 929 milh\u00f5es, com queda de 3% anualmente e -9% trimestralmente, refletindo em boa parte as vendas mais fracas em geral;<\/li>\n<li>posi\u00e7\u00e3o de <a class=\"suno-keyword\" href=\"https:\/\/www.suno.com.br\/artigos\/divida-liquida\/\" target=\"_blank\" rel=\"noopener\" data-force=\"no\" data-priority=\"1\">d\u00edvida l\u00edquida<\/a> de cerca de US$ 1,5 bilh\u00e3o, implicando em alavancagem (d\u00edvida l\u00edquida\/EBITDA) de 4,5x no 3T22 (vs. 4,7x no 2T22)<\/li>\n<li>O preju\u00edzo l\u00edquido ajustado da Embraer foi de R$ 93,8 milh\u00f5es no 3T22, ante R$ 179,7 milh\u00f5es de preju\u00edzo apurados no 3T21.<\/li>\n<li>Com esses n\u00fameros, a Embraer no 3T22 mostrou um preju\u00edzo por a\u00e7\u00e3o b\u00e1sico de R$ 0,2184. O mesmo indicador, de forma ajusta, foi de R$ 0,1277 neste trimestre.<\/li>\n<li>O Ebitda caiu de R$ 380 milh\u00f5es no terceiro trimestre de 2021 para R$ 282 milh\u00f5es no terceiro trimestre deste ano. A margem Ebitda, da mesma forma, encolheu de 7,6% para 5,8% em igual comparativo.<\/li>\n<li>O Ebitda ajustado tamb\u00e9m mostrou retra\u00e7\u00e3o, por\u00e9m em menor magnitude, ficando em R$ 485,4 milh\u00f5es no 3T22, ao passo que em igual etapa do ano anterior foram R$ 410 milh\u00f5es.<\/li>\n<li>As a\u00e7\u00f5es da<strong> Embraer<\/strong> ca\u00edram 6% nesta segunda-feira (14), cotadas a R$ 13.<\/li>\n<\/ul>\n<h2>M. Dias Branco (MDIA3): 3T22 foi positivo, mas h\u00e1 incertezas para os pr\u00f3ximos trimestres, diz XP<\/h2>\n<ul>\n<li>A<a href=\"https:\/\/www.suno.com.br\/acoes\/mdia3\/\"><strong> M. Dias Branco<\/strong> (MDIA3)<\/a> divulgou os resultados do 3T22 na sexta-feira (11). A empresa registrou <a class=\"suno-keyword\" href=\"https:\/\/www.suno.com.br\/artigos\/lucro-liquido\/\" target=\"_blank\" rel=\"noopener\" data-force=\"no\" data-priority=\"1\">lucro l\u00edquido<\/a> de R$ 195 milh\u00f5es, leve queda de 0,8% em rela\u00e7\u00e3o aos R$ 196,6 milh\u00f5es apurados no ano anterior.<\/li>\n<li>Na vis\u00e3o da XP Investimentos, os <strong>resultados da M. Dias Branco<\/strong> foram positivos, impulsionados principalmente pelo s\u00f3lido crescimento da receita como resultado de maiores pre\u00e7os e volumes.<\/li>\n<li>O <strong>Ebitda da M. Dias Branco<\/strong> (lucro antes de juros, impostos, <a class=\"suno-keyword\" href=\"https:\/\/www.suno.com.br\/artigos\/depreciacao-amortizacao\/\" target=\"_blank\" rel=\"noopener\" data-force=\"no\" data-priority=\"1\">deprecia\u00e7\u00e3o e amortiza\u00e7\u00e3o<\/a>) no 3T22 atingiu R$ 333,1 milh\u00f5es, alta de 16,2% na compara\u00e7\u00e3o anual, e ficou 6% acima das estimativas dos analistas da XP.<\/li>\n<li>Entretanto, a XP ressalta que, embora o<strong> 3T22 da M. Dias Branco<\/strong> tenha sido positivo, h\u00e1 uma maior dificuldade de prever at\u00e9 que ponto as margens chegar\u00e3o e qual ser\u00e1 o Ebitda recorrente da empresa.<\/li>\n<li>Existe, segundo a XP, uma falta de visibilidade devido \u00e0 volatilidade tanto na perspectiva de CPVs (Custo dos produtos vendidos) quanto de volumes\/pre\u00e7os.<\/li>\n<li>Al\u00e9m disso, a MDIA3 est\u00e1 superando a queda do Ibovespa, principal \u00edndice da B3, em cerca de 48% no acumulado do ano, diz a XP. A M. Dias tamb\u00e9m \u00e9 negociada no \u00edndice EV\/EBITDA a 13,2x para 2023, em compara\u00e7\u00e3o com sua m\u00e9dia de 8 anos de 12,0x.<\/li>\n<li>Por causa destes fatores, a XP reiterou a recomenda\u00e7\u00e3o de &#8220;neutro&#8221; para as <strong>a\u00e7\u00f5es da M.Dias Branco.<\/strong><\/li>\n<li>O f<strong>aturamento da M.Dias Branco<\/strong> de R$ 2,9 bilh\u00f5es superou as proje\u00e7\u00f5es da XP em 14%.<\/li>\n<li>O CPV tamb\u00e9m ficou acima do estimado pela XP, em geral, mas principalmente trigo, maior em 30% vs a proje\u00e7\u00e3o da XP, e \u00f3leo vegetal, 34% mais alto que o estimado pelos analistas.<\/li>\n<li>&#8220;Isso levou a margem bruta a ficar 183bps abaixo de nossas estimativas em 28,6% (-100bps A\/A)&#8221;, completou a casa.<\/li>\n<li>O <strong>lucro l\u00edquido da M.Dias Branco<\/strong> ficou 8% abaixo das estimativas da XP, devido a despesas financeiras acima do previsto.<\/li>\n<li style=\"white-space: pre-wrap;\" data-draftjs-conductor-fragment=\"{&quot;blocks&quot;:[{&quot;key&quot;:&quot;2f67&quot;,&quot;text&quot;:&quot;A XP v\u00ea que a M.Dias Branco consegue arbitrar pre\u00e7os em per\u00edodos de queda das commodities, representando, portanto, uma din\u00e2mica de acr\u00e9scimo de margen&quot;,&quot;type&quot;:&quot;unstyled&quot;,&quot;depth&quot;:0,&quot;inlineStyleRanges&quot;:[],&quot;entityRanges&quot;:[{&quot;offset&quot;:46,&quot;length&quot;:6,&quot;key&quot;:0},{&quot;offset&quot;:56,&quot;length&quot;:8,&quot;key&quot;:0},{&quot;offset&quot;:68,&quot;length&quot;:5,&quot;key&quot;:0},{&quot;offset&quot;:78,&quot;length&quot;:11,&quot;key&quot;:0}],&quot;data&quot;:{}}],&quot;entityMap&quot;:{&quot;0&quot;:{&quot;type&quot;:&quot;CORRECTION&quot;,&quot;mutability&quot;:&quot;MUTABLE&quot;,&quot;data&quot;:{&quot;id&quot;:&quot;SUBSTANTIVOS_RASTEJANTES&quot;,&quot;spans&quot;:[{&quot;offset&quot;:1964,&quot;length&quot;:6,&quot;content&quot;:&quot;pre\u00e7os&quot;,&quot;par&quot;:0},{&quot;offset&quot;:1974,&quot;length&quot;:8,&quot;content&quot;:&quot;per\u00edodos&quot;,&quot;par&quot;:0},{&quot;offset&quot;:1986,&quot;length&quot;:5,&quot;content&quot;:&quot;queda&quot;,&quot;par&quot;:0},{&quot;offset&quot;:1996,&quot;length&quot;:11,&quot;content&quot;:&quot;commodities&quot;,&quot;par&quot;:0}],&quot;score&quot;:{&quot;concisao&quot;:3},&quot;_id&quot;:&quot;63728203db2edeab14ae0751&quot;,&quot;custom&quot;:{&quot;title&quot;:&quot;Substantivos Rastejantes&quot;,&quot;feedback&quot;:&quot;Muitos substantivos seguidos podem deixar o texto confuso.&quot;,&quot;more&quot;:&quot;&lt;ul&gt; &lt;li&gt; &lt;p&gt;Tente transformar substantivos e adjetivos em verbos.&lt;\/p&gt; &lt;p&gt; &lt;span style='color: red'&gt; Temos &lt;span style='text-decoration-Line: underline'&gt; &lt;b&gt;empresas&lt;\/b&gt;&lt;\/span&gt; do &lt;span style='text-decoration-Line: underline'&gt; &lt;b&gt;setor&lt;\/b&gt;&lt;\/span&gt; com &lt;span style='text-decoration-Line: underline'&gt; &lt;b&gt;problemas&lt;\/b&gt;&lt;\/span&gt; de &lt;span style='text-decoration-Line: underline'&gt; &lt;b&gt;dinheiro&lt;\/b&gt;&lt;\/span&gt;. &lt;\/span&gt; &lt;\/p&gt; &lt;p&gt; &lt;span style='color: green'&gt;O setor est\u00e1 quebrando (falindo).&lt;\/span&gt; &lt;\/p&gt; &lt;\/li&gt; &lt;li&gt; &lt;p&gt; \u00c9 parecido com o que a autora Dad Squarisi chama de \u201cfileirinha de d\u00eas\u201d. &lt;\/p&gt; &lt;p&gt; &lt;span style='color: red'&gt; O &lt;span style='text-decoration-Line: underline'&gt; &lt;b&gt;progresso&lt;\/b&gt;&lt;\/span&gt; dos &lt;span style='text-decoration-Line: underline'&gt; &lt;b&gt;estudantes&lt;\/b&gt;&lt;\/span&gt; de &lt;span style='text-decoration-Line: underline'&gt; &lt;b&gt;institui\u00e7\u00f5es&lt;\/b&gt;&lt;\/span&gt; de &lt;span style='text-decoration-Line: underline'&gt; &lt;b&gt;ensino&lt;\/b&gt;&lt;\/span&gt; do &lt;span style='text-decoration-Line: underline'&gt; &lt;b&gt;governo&lt;\/b&gt;&lt;\/span&gt; \u00e9 lento. &lt;\/span&gt; &lt;\/p&gt; &lt;p&gt; &lt;span style='color: green'&gt; Os estudantes de escolas p\u00fablicas progridem lentamente. &lt;\/span&gt; &lt;\/p&gt; &lt;\/li&gt; &lt;\/ul&gt;&quot;},&quot;mainScore&quot;:&quot;concisao&quot;,&quot;hide&quot;:false,&quot;itemId&quot;:&quot;DEVIATION_SUBSTANTIVOS_RASTEJANTES_63728203db2edeab14ae0751&quot;}}}}\">A XP v\u00ea que a M.Dias Branco consegue arbitrar pre\u00e7os em per\u00edodos de queda das commodities, representando, portanto, uma din\u00e2mica de acr\u00e9scimo de margens.<\/li>\n<li>Para o <strong>4T22 da M.Dias Branco<\/strong>, a casa espera um efeito menor da crise R\u00fassia e <strong>Ucr\u00e2nia<\/strong> no<strong> custo do trigo<\/strong> da empresa.<\/li>\n<li>Este fator, aliado a uma sazonalidade positiva, e a <strong>Copa do Mundo 2022<\/strong> com o Aux\u00edlio Emergencial do governo aquecendo a demanda podem impulsionar as <strong>margens da M. Dias Branco<\/strong>, dizem os analistas.<\/li>\n<li>As a\u00e7\u00f5es da <strong>M.Dias Branco<\/strong> subiam 2,56% \u00e0s 14h39 desta segunda-feira (14), cotadas a R$ 40,10.<\/li>\n<\/ul>\n<h2>M\u00e9liuz (CASH3) d\u00e1 mais um passo para o IPO da Bankly<\/h2>\n<ul>\n<li>O <a class=\"suno-keyword\" href=\"https:\/\/www.suno.com.br\/acoes\/CASH3\/\" target=\"_blank\" rel=\"noopener\" data-force=\"yes\" data-priority=\"2\"><strong>M\u00e9liuz<\/strong> (CASH3)<\/a> comunicou ao mercado nesta segunda-feira (14) que seu <a class=\"suno-keyword\" href=\"https:\/\/www.suno.com.br\/artigos\/conselho-administracao\/\" target=\"_blank\" rel=\"noopener\" data-force=\"no\" data-priority=\"1\">Conselho de Administra\u00e7\u00e3o<\/a> deu aprova\u00e7\u00e3o para a empresa pedir registro de companhia aberta e listagem no <a class=\"suno-keyword\" href=\"https:\/\/www.suno.com.br\/artigos\/novo-mercado\/\" target=\"_blank\" rel=\"noopener\" data-force=\"no\" data-priority=\"1\">Novo Mercado<\/a> da Acessopar, operadora da marca Bankly.<\/li>\n<li>A <strong>Acessopar<\/strong> \u00e9 uma subsidi\u00e1ria do M\u00e9liuz e controladora da marca Bankly.<\/li>\n<li>O pedido de registro de companhia aberta (<strong>IPO<\/strong>) ser\u00e1 na categoria \u201cA&#8221;, que permite a emiss\u00e3o de qualquer tipo de valor mobili\u00e1rio. A categoria de Novo Mercado da B3 \u00e9 o mais alto n\u00edvel de governan\u00e7a corporativa da Bolsa.<\/li>\n<li>&#8220;A companhia informa que a efetiva implementa\u00e7\u00e3o do Potencial Registro e Listagem depende ainda da conclus\u00e3o dos estudos para a segrega\u00e7\u00e3o de suas opera\u00e7\u00f5es de solu\u00e7\u00f5es de pagamento e banking as a service que operam utilizando a marca Bankly, bem como da obten\u00e7\u00e3o das aprova\u00e7\u00f5es necess\u00e1rias, de acionistas e credores, bem como dos \u00f3rg\u00e3os reguladores aplic\u00e1veis&#8221;, disse o M\u00e9liuz no comunicado.<\/li>\n<li>O Bankly foi adquirido em 2021 pelo M\u00e9liuz por meio de troca de a\u00e7\u00f5es. Os acionistas do Bankly, antes chamada <strong>Acesso Bank<\/strong>, ficaram com 8% do M\u00e9liuz.<\/li>\n<li>A aquisi\u00e7\u00e3o trouxe a ader\u00eancia de diversos servi\u00e7os financeiros para o aplicativo do M\u00e9liuz, de <strong>cashback<\/strong>.<\/li>\n<li>O M\u00e9liuz afirmou que manter\u00e1 seus acionistas e o mercado informados sobre quaisquer fatos relevantes relacionados a esse assunto.<\/li>\n<li>No 3T22, a <strong>receita l\u00edquida\u00a0do M\u00e9liuz<\/strong>\u00a0totalizou R$ 97,8 milh\u00f5es no 3T22, um aumento de 67% em rela\u00e7\u00e3o aos R$ 58,7 milh\u00f5es reportados no 3T21 .<\/li>\n<li>\u201cO 3T22 foi o primeiro trimestre com 100% dos n\u00fameros do Bankly consolidados nos <strong>resultados do M\u00e9liuz<\/strong>, j\u00e1 que obtivemos o controle das opera\u00e7\u00f5es no final do 2T22. Desta forma, quando analisamos o resultado do 2T22, \u00e9 importante destacar que ele contempla apenas o resultado do Bankly do m\u00eas de junho de 2022\u201d, ressaltou o M\u00e9liuz.<\/li>\n<li>Do total da <a class=\"suno-keyword\" href=\"https:\/\/www.suno.com.br\/artigos\/o-que-receita-liquida\/\" target=\"_blank\" rel=\"noopener\" data-force=\"no\" data-priority=\"1\">receita l\u00edquida<\/a>, R$ 60 milh\u00f5es foram referentes ao segmento Shopping Brasil, R$ 5,9 milh\u00f5es do Shopping Internacional, R$ 4,7 milh\u00f5es em servi\u00e7os financeiros, R$ 20,8 milh\u00f5es do Bankly e R$ 6,4 milh\u00f5es em outros.<\/li>\n<li>As a\u00e7\u00f5es do <strong>M\u00e9liuz<\/strong> subiram mais de 10% nesta segunda-feira (14), cotadas a R$ 1,22.<\/li>\n<\/ul>\n<p>Do\u00a0<strong>Nubank<\/strong>\u00a0\u00e0 Meliuz, essas foram as empresas que se destacaram hoje. Para ler todas as mat\u00e9rias <a href=\"https:\/\/www.suno.com.br\/noticias\/todos\/\"><strong>clique aqui<\/strong><\/a>.<\/p>\n\t<p>\n\t\t<a href=\"https:\/\/lp.suno.com.br\/ebook-investindo-em-fiis\/\" target=\"_blank\" data-element=\"shortcode-suno-banner\" title=\"Banner SUNO, clique e saiba mais\">\n\t\t\t<picture>\n\t\t\t\t<source media=\"(max-width: 500px)\" srcset=\"https:\/\/files.sunoresearch.com.br\/n\/uploads\/2023\/03\/Ebook-Fundos-Imobiliarios-Mobile-1.jpg\">\n\t\t\t\t<img class=\"newsContent__article__imgCapa newsContent__article__imgCapa--banner\"\n\t\t\t\t\tsrc=\"https:\/\/files.sunoresearch.com.br\/n\/uploads\/2023\/03\/Ebook-Fundos-Imobiliarios-Desktop-1.jpg\"\n\t\t\t\t\tdata-promo-id=\"313843\"\t\t\t\t\t\t\t\t\t\twidth='1420' height='286'\t\t\t\t\talt=\"https:\/\/files.sunoresearch.com.br\/n\/uploads\/2023\/03\/Ebook-Fundos-Imobiliarios-Desktop-1.jpg\"\n\t\t\t\t>\n\t\t\t<\/picture>\n\t\t<\/a>\n\t<\/p>\n\n\n","protected":false},"excerpt":{"rendered":"<p>O Nubank (NUBR33) divulgou os resultados do 3T22 nesta segunda-feira (14). A Nu Holdings, sua controladora, obteve lucro l\u00edquido de US$ 7,8 milh\u00f5es, revertendo preju\u00edzo l\u00edquido de US$ 34,4 milh\u00f5es do 3T21. IPO do Nubank na New York Stock Exchange (NYSE). Foto: Divulga\u00e7\u00e3o O resultado agradou o mercado. As a\u00e7\u00f5es do Nubank em Nova York [&hellip;]<\/p>\n","protected":false},"author":194,"featured_media":213509,"comment_status":"closed","ping_status":"closed","sticky":false,"template":"","format":"standard","meta":[],"categories":[64],"tags":[460,546,104467,848,676],"suno_strategy":[],"class_list":["post-318965","post","type-post","status-publish","format-standard","has-post-thumbnail","hentry","category-negocios","tag-embraer-embr3","tag-m-dias-branco-mdia3","tag-meliuz-cash3","tag-nubank","tag-vale-vale3"],"yoast_head":"<!-- This site is optimized with the Yoast SEO plugin v24.4 - https:\/\/yoast.com\/wordpress\/plugins\/seo\/ -->\n<title>Radar: Nubank (NUBR33) lucra US$ 7,8 mi no 3T22, M\u00e9liuz (CASH3) avan\u00e7a com IPO da Bankly e analistas mant\u00eam otimismo com a Embraer (EMBR3)<\/title>\n<meta name=\"description\" content=\"O Nubank divulgou os resultados do 3T22 nesta segunda-feira (14). Saiba mais not\u00edcias dessa segunda-feira.\" \/>\n<meta name=\"robots\" content=\"index, follow, max-snippet:-1, max-image-preview:large, max-video-preview:-1\" \/>\n<link rel=\"canonical\" href=\"https:\/\/www.suno.com.br\/noticias\/radar-nubank-nubr33-meliuz-cash3-embraer-embr3\/\" \/>\n<meta property=\"og:locale\" content=\"pt_BR\" \/>\n<meta property=\"og:type\" content=\"article\" \/>\n<meta property=\"og:title\" content=\"Radar: Nubank (NUBR33) lucra US$ 7,8 mi no 3T22, M\u00e9liuz (CASH3) avan\u00e7a com IPO da Bankly e analistas mant\u00eam otimismo com a Embraer (EMBR3)\" \/>\n<meta property=\"og:description\" content=\"O Nubank divulgou os resultados do 3T22 nesta segunda-feira (14). Saiba mais not\u00edcias dessa segunda-feira.\" \/>\n<meta property=\"og:url\" content=\"https:\/\/www.suno.com.br\/noticias\/radar-nubank-nubr33-meliuz-cash3-embraer-embr3\/\" \/>\n<meta property=\"og:site_name\" content=\"Suno Not\u00edcias\" \/>\n<meta property=\"article:publisher\" content=\"https:\/\/facebook.com\/sunoresearch\" \/>\n<meta property=\"og:image\" content=\"https:\/\/files.sunoresearch.com.br\/n\/uploads\/2021\/12\/Nubankk.jpg\" \/>\n\t<meta property=\"og:image:width\" content=\"1200\" \/>\n\t<meta property=\"og:image:height\" content=\"675\" \/>\n\t<meta property=\"og:image:type\" content=\"image\/jpeg\" \/>\n<meta name=\"author\" content=\"Isabella Taglapietra\" \/>\n<meta name=\"twitter:card\" content=\"summary_large_image\" \/>\n<meta name=\"twitter:creator\" content=\"@sunoresearch\" \/>\n<meta name=\"twitter:site\" content=\"@sunoresearch\" \/>\n<meta name=\"twitter:label1\" content=\"Escrito por\" \/>\n\t<meta name=\"twitter:data1\" content=\"Isabella Taglapietra\" \/>\n\t<meta name=\"twitter:label2\" content=\"Est. tempo de leitura\" \/>\n\t<meta name=\"twitter:data2\" content=\"13 minutos\" \/>\n<script type=\"application\/ld+json\" class=\"yoast-schema-graph\">{\"@context\":\"https:\/\/schema.org\",\"@graph\":[{\"@type\":\"NewsArticle\",\"@id\":\"https:\/\/www.suno.com.br\/noticias\/radar-nubank-nubr33-meliuz-cash3-embraer-embr3\/#article\",\"isPartOf\":{\"@id\":\"https:\/\/www.suno.com.br\/noticias\/radar-nubank-nubr33-meliuz-cash3-embraer-embr3\/\"},\"author\":{\"name\":\"Isabella Taglapietra\",\"@id\":\"https:\/\/www.suno.com.br\/noticias\/#\/schema\/person\/a0be106724f6f5d705d70f04333cb249\"},\"headline\":\"Radar: Nubank (NUBR33) lucra US$ 7,8 mi no 3T22, M\u00e9liuz (CASH3) avan\u00e7a com IPO da Bankly e analistas mant\u00eam otimismo com a Embraer (EMBR3)\",\"datePublished\":\"2022-11-15T03:14:58+00:00\",\"mainEntityOfPage\":{\"@id\":\"https:\/\/www.suno.com.br\/noticias\/radar-nubank-nubr33-meliuz-cash3-embraer-embr3\/\"},\"wordCount\":2416,\"publisher\":{\"@id\":\"https:\/\/www.suno.com.br\/noticias\/#organization\"},\"image\":{\"@id\":\"https:\/\/www.suno.com.br\/noticias\/radar-nubank-nubr33-meliuz-cash3-embraer-embr3\/#primaryimage\"},\"thumbnailUrl\":\"https:\/\/files.sunoresearch.com.br\/n\/uploads\/2021\/12\/Nubankk.jpg\",\"keywords\":[\"Embraer (EMBR3)\",\"M.Dias Branco (MDIA3)\",\"M\u00e9liuz (CASH3)\",\"Nubank (NUBR33)\",\"Vale (VALE3)\"],\"articleSection\":[\"Neg\u00f3cios\"],\"inLanguage\":\"pt-BR\"},{\"@type\":\"WebPage\",\"@id\":\"https:\/\/www.suno.com.br\/noticias\/radar-nubank-nubr33-meliuz-cash3-embraer-embr3\/\",\"url\":\"https:\/\/www.suno.com.br\/noticias\/radar-nubank-nubr33-meliuz-cash3-embraer-embr3\/\",\"name\":\"Radar: Nubank (NUBR33) lucra US$ 7,8 mi no 3T22, M\u00e9liuz (CASH3) avan\u00e7a com IPO da Bankly e analistas mant\u00eam otimismo com a Embraer (EMBR3)\",\"isPartOf\":{\"@id\":\"https:\/\/www.suno.com.br\/noticias\/#website\"},\"primaryImageOfPage\":{\"@id\":\"https:\/\/www.suno.com.br\/noticias\/radar-nubank-nubr33-meliuz-cash3-embraer-embr3\/#primaryimage\"},\"image\":{\"@id\":\"https:\/\/www.suno.com.br\/noticias\/radar-nubank-nubr33-meliuz-cash3-embraer-embr3\/#primaryimage\"},\"thumbnailUrl\":\"https:\/\/files.sunoresearch.com.br\/n\/uploads\/2021\/12\/Nubankk.jpg\",\"datePublished\":\"2022-11-15T03:14:58+00:00\",\"description\":\"O Nubank divulgou os resultados do 3T22 nesta segunda-feira (14). Saiba mais not\u00edcias dessa segunda-feira.\",\"breadcrumb\":{\"@id\":\"https:\/\/www.suno.com.br\/noticias\/radar-nubank-nubr33-meliuz-cash3-embraer-embr3\/#breadcrumb\"},\"inLanguage\":\"pt-BR\",\"potentialAction\":[{\"@type\":\"ReadAction\",\"target\":[\"https:\/\/www.suno.com.br\/noticias\/radar-nubank-nubr33-meliuz-cash3-embraer-embr3\/\"]}]},{\"@type\":\"ImageObject\",\"inLanguage\":\"pt-BR\",\"@id\":\"https:\/\/www.suno.com.br\/noticias\/radar-nubank-nubr33-meliuz-cash3-embraer-embr3\/#primaryimage\",\"url\":\"https:\/\/files.sunoresearch.com.br\/n\/uploads\/2021\/12\/Nubankk.jpg\",\"contentUrl\":\"https:\/\/files.sunoresearch.com.br\/n\/uploads\/2021\/12\/Nubankk.jpg\",\"width\":1200,\"height\":675,\"caption\":\"IPO do Nubank na New York Stock Exchange (NYSE). Foto: Divulga\u00e7\u00e3o\"},{\"@type\":\"BreadcrumbList\",\"@id\":\"https:\/\/www.suno.com.br\/noticias\/radar-nubank-nubr33-meliuz-cash3-embraer-embr3\/#breadcrumb\",\"itemListElement\":[{\"@type\":\"ListItem\",\"position\":1,\"name\":\"Not\u00edcias\",\"item\":\"https:\/\/www.suno.com.br\/noticias\/\"},{\"@type\":\"ListItem\",\"position\":2,\"name\":\"Neg\u00f3cios\",\"item\":\"https:\/\/www.suno.com.br\/noticias\/negocios\/\"},{\"@type\":\"ListItem\",\"position\":3,\"name\":\"Radar: Nubank (NUBR33) lucra US$ 7,8 mi no 3T22, M\u00e9liuz (CASH3) avan\u00e7a com IPO da Bankly e analistas mant\u00eam otimismo com a Embraer (EMBR3)\"}]},{\"@type\":\"WebSite\",\"@id\":\"https:\/\/www.suno.com.br\/noticias\/#website\",\"url\":\"https:\/\/www.suno.com.br\/noticias\/\",\"name\":\"Suno Not\u00edcias\",\"description\":\"Seu portal de informa\u00e7\u00e3o sobre o mundo dos investimentos\",\"publisher\":{\"@id\":\"https:\/\/www.suno.com.br\/noticias\/#organization\"},\"potentialAction\":[{\"@type\":\"SearchAction\",\"target\":{\"@type\":\"EntryPoint\",\"urlTemplate\":\"https:\/\/www.suno.com.br\/noticias\/?s={search_term_string}\"},\"query-input\":{\"@type\":\"PropertyValueSpecification\",\"valueRequired\":true,\"valueName\":\"search_term_string\"}}],\"inLanguage\":\"pt-BR\"},{\"@type\":\"Organization\",\"@id\":\"https:\/\/www.suno.com.br\/noticias\/#organization\",\"name\":\"Suno Not\u00edcias\",\"url\":\"https:\/\/www.suno.com.br\/noticias\/\",\"logo\":{\"@type\":\"ImageObject\",\"inLanguage\":\"pt-BR\",\"@id\":\"https:\/\/www.suno.com.br\/noticias\/#\/schema\/logo\/image\/\",\"url\":\"https:\/\/files.sunoresearch.com.br\/n\/uploads\/2021\/09\/suno-logo.png\",\"contentUrl\":\"https:\/\/files.sunoresearch.com.br\/n\/uploads\/2021\/09\/suno-logo.png\",\"width\":180,\"height\":180,\"caption\":\"Suno Not\u00edcias\"},\"image\":{\"@id\":\"https:\/\/www.suno.com.br\/noticias\/#\/schema\/logo\/image\/\"},\"sameAs\":[\"https:\/\/facebook.com\/sunoresearch\",\"https:\/\/x.com\/sunoresearch\",\"https:\/\/www.instagram.com\/suno\",\"https:\/\/www.linkedin.com\/company\/suno-research\/\",\"https:\/\/www.youtube.com\/c\/sunoresearch\"]},{\"@type\":\"Person\",\"@id\":\"https:\/\/www.suno.com.br\/noticias\/#\/schema\/person\/a0be106724f6f5d705d70f04333cb249\",\"name\":\"Isabella Taglapietra\",\"image\":{\"@type\":\"ImageObject\",\"inLanguage\":\"pt-BR\",\"@id\":\"https:\/\/www.suno.com.br\/noticias\/#\/schema\/person\/image\/\",\"url\":\"https:\/\/secure.gravatar.com\/avatar\/089c9e06b71de293117116aaf339e22f?s=96&r=g\",\"contentUrl\":\"https:\/\/secure.gravatar.com\/avatar\/089c9e06b71de293117116aaf339e22f?s=96&r=g\",\"caption\":\"Isabella Taglapietra\"},\"description\":\"Rep\u00f3rter freelancer no Suno Not\u00edcias, cobre not\u00edcias di\u00e1rias sobre economia, balan\u00e7os trimestrais e pesquisas. Formada em jornalismo pela Faculdade C\u00e1sper L\u00edbero e p\u00f3s-graduanda em mercado de capitais pela Fecap, atuou como rep\u00f3rter de economia e finan\u00e7as no portal CRC!News e Elas que Lucrem, al\u00e9m de social media para empresas do mercado financeiro.\",\"url\":\"https:\/\/www.suno.com.br\/noticias\/author\/isabella-taglapietra\/\"}]}<\/script>\n<!-- \/ Yoast SEO plugin. -->","yoast_head_json":{"title":"Radar: Nubank (NUBR33) lucra US$ 7,8 mi no 3T22, M\u00e9liuz (CASH3) avan\u00e7a com IPO da Bankly e analistas mant\u00eam otimismo com a Embraer (EMBR3)","description":"O Nubank divulgou os resultados do 3T22 nesta segunda-feira (14). Saiba mais not\u00edcias dessa segunda-feira.","robots":{"index":"index","follow":"follow","max-snippet":"max-snippet:-1","max-image-preview":"max-image-preview:large","max-video-preview":"max-video-preview:-1"},"canonical":"https:\/\/www.suno.com.br\/noticias\/radar-nubank-nubr33-meliuz-cash3-embraer-embr3\/","og_locale":"pt_BR","og_type":"article","og_title":"Radar: Nubank (NUBR33) lucra US$ 7,8 mi no 3T22, M\u00e9liuz (CASH3) avan\u00e7a com IPO da Bankly e analistas mant\u00eam otimismo com a Embraer (EMBR3)","og_description":"O Nubank divulgou os resultados do 3T22 nesta segunda-feira (14). Saiba mais not\u00edcias dessa segunda-feira.","og_url":"https:\/\/www.suno.com.br\/noticias\/radar-nubank-nubr33-meliuz-cash3-embraer-embr3\/","og_site_name":"Suno Not\u00edcias","article_publisher":"https:\/\/facebook.com\/sunoresearch","og_image":[{"width":1200,"height":675,"url":"https:\/\/files.sunoresearch.com.br\/n\/uploads\/2021\/12\/Nubankk.jpg","type":"image\/jpeg"}],"author":"Isabella Taglapietra","twitter_card":"summary_large_image","twitter_creator":"@sunoresearch","twitter_site":"@sunoresearch","twitter_misc":{"Escrito por":"Isabella Taglapietra","Est. tempo de leitura":"13 minutos"},"schema":{"@context":"https:\/\/schema.org","@graph":[{"@type":"NewsArticle","@id":"https:\/\/www.suno.com.br\/noticias\/radar-nubank-nubr33-meliuz-cash3-embraer-embr3\/#article","isPartOf":{"@id":"https:\/\/www.suno.com.br\/noticias\/radar-nubank-nubr33-meliuz-cash3-embraer-embr3\/"},"author":{"name":"Isabella Taglapietra","@id":"https:\/\/www.suno.com.br\/noticias\/#\/schema\/person\/a0be106724f6f5d705d70f04333cb249"},"headline":"Radar: Nubank (NUBR33) lucra US$ 7,8 mi no 3T22, M\u00e9liuz (CASH3) avan\u00e7a com IPO da Bankly e analistas mant\u00eam otimismo com a Embraer (EMBR3)","datePublished":"2022-11-15T03:14:58+00:00","mainEntityOfPage":{"@id":"https:\/\/www.suno.com.br\/noticias\/radar-nubank-nubr33-meliuz-cash3-embraer-embr3\/"},"wordCount":2416,"publisher":{"@id":"https:\/\/www.suno.com.br\/noticias\/#organization"},"image":{"@id":"https:\/\/www.suno.com.br\/noticias\/radar-nubank-nubr33-meliuz-cash3-embraer-embr3\/#primaryimage"},"thumbnailUrl":"https:\/\/files.sunoresearch.com.br\/n\/uploads\/2021\/12\/Nubankk.jpg","keywords":["Embraer (EMBR3)","M.Dias Branco (MDIA3)","M\u00e9liuz (CASH3)","Nubank (NUBR33)","Vale (VALE3)"],"articleSection":["Neg\u00f3cios"],"inLanguage":"pt-BR"},{"@type":"WebPage","@id":"https:\/\/www.suno.com.br\/noticias\/radar-nubank-nubr33-meliuz-cash3-embraer-embr3\/","url":"https:\/\/www.suno.com.br\/noticias\/radar-nubank-nubr33-meliuz-cash3-embraer-embr3\/","name":"Radar: Nubank (NUBR33) lucra US$ 7,8 mi no 3T22, M\u00e9liuz (CASH3) avan\u00e7a com IPO da Bankly e analistas mant\u00eam otimismo com a Embraer (EMBR3)","isPartOf":{"@id":"https:\/\/www.suno.com.br\/noticias\/#website"},"primaryImageOfPage":{"@id":"https:\/\/www.suno.com.br\/noticias\/radar-nubank-nubr33-meliuz-cash3-embraer-embr3\/#primaryimage"},"image":{"@id":"https:\/\/www.suno.com.br\/noticias\/radar-nubank-nubr33-meliuz-cash3-embraer-embr3\/#primaryimage"},"thumbnailUrl":"https:\/\/files.sunoresearch.com.br\/n\/uploads\/2021\/12\/Nubankk.jpg","datePublished":"2022-11-15T03:14:58+00:00","description":"O Nubank divulgou os resultados do 3T22 nesta segunda-feira (14). Saiba mais not\u00edcias dessa segunda-feira.","breadcrumb":{"@id":"https:\/\/www.suno.com.br\/noticias\/radar-nubank-nubr33-meliuz-cash3-embraer-embr3\/#breadcrumb"},"inLanguage":"pt-BR","potentialAction":[{"@type":"ReadAction","target":["https:\/\/www.suno.com.br\/noticias\/radar-nubank-nubr33-meliuz-cash3-embraer-embr3\/"]}]},{"@type":"ImageObject","inLanguage":"pt-BR","@id":"https:\/\/www.suno.com.br\/noticias\/radar-nubank-nubr33-meliuz-cash3-embraer-embr3\/#primaryimage","url":"https:\/\/files.sunoresearch.com.br\/n\/uploads\/2021\/12\/Nubankk.jpg","contentUrl":"https:\/\/files.sunoresearch.com.br\/n\/uploads\/2021\/12\/Nubankk.jpg","width":1200,"height":675,"caption":"IPO do Nubank na New York Stock Exchange (NYSE). Foto: Divulga\u00e7\u00e3o"},{"@type":"BreadcrumbList","@id":"https:\/\/www.suno.com.br\/noticias\/radar-nubank-nubr33-meliuz-cash3-embraer-embr3\/#breadcrumb","itemListElement":[{"@type":"ListItem","position":1,"name":"Not\u00edcias","item":"https:\/\/www.suno.com.br\/noticias\/"},{"@type":"ListItem","position":2,"name":"Neg\u00f3cios","item":"https:\/\/www.suno.com.br\/noticias\/negocios\/"},{"@type":"ListItem","position":3,"name":"Radar: Nubank (NUBR33) lucra US$ 7,8 mi no 3T22, M\u00e9liuz (CASH3) avan\u00e7a com IPO da Bankly e analistas mant\u00eam otimismo com a Embraer (EMBR3)"}]},{"@type":"WebSite","@id":"https:\/\/www.suno.com.br\/noticias\/#website","url":"https:\/\/www.suno.com.br\/noticias\/","name":"Suno Not\u00edcias","description":"Seu portal de informa\u00e7\u00e3o sobre o mundo dos investimentos","publisher":{"@id":"https:\/\/www.suno.com.br\/noticias\/#organization"},"potentialAction":[{"@type":"SearchAction","target":{"@type":"EntryPoint","urlTemplate":"https:\/\/www.suno.com.br\/noticias\/?s={search_term_string}"},"query-input":{"@type":"PropertyValueSpecification","valueRequired":true,"valueName":"search_term_string"}}],"inLanguage":"pt-BR"},{"@type":"Organization","@id":"https:\/\/www.suno.com.br\/noticias\/#organization","name":"Suno Not\u00edcias","url":"https:\/\/www.suno.com.br\/noticias\/","logo":{"@type":"ImageObject","inLanguage":"pt-BR","@id":"https:\/\/www.suno.com.br\/noticias\/#\/schema\/logo\/image\/","url":"https:\/\/files.sunoresearch.com.br\/n\/uploads\/2021\/09\/suno-logo.png","contentUrl":"https:\/\/files.sunoresearch.com.br\/n\/uploads\/2021\/09\/suno-logo.png","width":180,"height":180,"caption":"Suno Not\u00edcias"},"image":{"@id":"https:\/\/www.suno.com.br\/noticias\/#\/schema\/logo\/image\/"},"sameAs":["https:\/\/facebook.com\/sunoresearch","https:\/\/x.com\/sunoresearch","https:\/\/www.instagram.com\/suno","https:\/\/www.linkedin.com\/company\/suno-research\/","https:\/\/www.youtube.com\/c\/sunoresearch"]},{"@type":"Person","@id":"https:\/\/www.suno.com.br\/noticias\/#\/schema\/person\/a0be106724f6f5d705d70f04333cb249","name":"Isabella Taglapietra","image":{"@type":"ImageObject","inLanguage":"pt-BR","@id":"https:\/\/www.suno.com.br\/noticias\/#\/schema\/person\/image\/","url":"https:\/\/secure.gravatar.com\/avatar\/089c9e06b71de293117116aaf339e22f?s=96&r=g","contentUrl":"https:\/\/secure.gravatar.com\/avatar\/089c9e06b71de293117116aaf339e22f?s=96&r=g","caption":"Isabella Taglapietra"},"description":"Rep\u00f3rter freelancer no Suno Not\u00edcias, cobre not\u00edcias di\u00e1rias sobre economia, balan\u00e7os trimestrais e pesquisas. Formada em jornalismo pela Faculdade C\u00e1sper L\u00edbero e p\u00f3s-graduanda em mercado de capitais pela Fecap, atuou como rep\u00f3rter de economia e finan\u00e7as no portal CRC!News e Elas que Lucrem, al\u00e9m de social media para empresas do mercado financeiro.","url":"https:\/\/www.suno.com.br\/noticias\/author\/isabella-taglapietra\/"}]}},"default_loop_html":"<div class=\"cardsPage__listCard__boxs\"><div class=\"cardsPage__listCard__boxs__img\"><a href=\"https:\/\/www.suno.com.br\/noticias\/radar-nubank-nubr33-meliuz-cash3-embraer-embr3\/\"><img class=\"mask\" src=\"https:\/\/www.suno.com.br\/noticias\/wp-content\/themes\/suno\/resources\/images\/spotlight\/spotlight1img\/bg-mask.png\" alt=\"Image Mask\"\/><img src=\"https:\/\/files.sunoresearch.com.br\/n\/uploads\/2021\/12\/Nubankk-400x200.jpg\" alt=\"Radar: Nubank (NUBR33) lucra US$ 7,8 mi no 3T22, M\u00e9liuz (CASH3) avan\u00e7a com IPO da Bankly e analistas mant\u00eam otimismo com a Embraer (EMBR3)\"\/><\/a><span class=\"spotlightCategory\"><a href=\"https:\/\/www.suno.com.br\/noticias\/negocios\/\">Neg\u00f3cios<\/a><\/span><\/div><div class=\"cardsPage__listCard__boxs__content\"><a href=\"https:\/\/www.suno.com.br\/noticias\/radar-nubank-nubr33-meliuz-cash3-embraer-embr3\/\"><h2 class=\"content__title\">Radar: Nubank (NUBR33) lucra US$ 7,8 mi no 3T22, M\u00e9liuz (CASH3) avan\u00e7a com IPO da Bankly e analistas mant\u00eam otimismo com a Embraer (EMBR3)<\/h2><\/a><div class=\"newsContent__article__meta\"><div class=\"newsContent__article__meta__authorBox\"><a href=\"https:\/\/www.suno.com.br\/noticias\/author\/isabella-taglapietra\/\" class=\"authorBox__avatar noMobi\"><img src=\"https:\/\/files.sunoresearch.com.br\/n\/uploads\/2022\/08\/WhatsApp-Image-2022-08-04-at-12.40.27-150x150.jpeg\" alt=\"Isabella Taglapietra\"><\/a><div class=\"authorBox__name\"><span>por\n\t\t\t<a href=\"https:\/\/www.suno.com.br\/noticias\/author\/isabella-taglapietra\/\"><span itemprop=\"author\">Isabella Taglapietra<\/span><\/a><\/span><time datetime=\"2022-11-15T00:14:58-03:00\" itemprop=\"datePublished\">15\/11\/2022 00:14<\/time><\/div><\/div><\/div><\/div><\/div>","single_layout":"posts","amp_enabled":true,"_links":{"self":[{"href":"https:\/\/www.suno.com.br\/noticias\/wp-json\/wp\/v2\/posts\/318965"}],"collection":[{"href":"https:\/\/www.suno.com.br\/noticias\/wp-json\/wp\/v2\/posts"}],"about":[{"href":"https:\/\/www.suno.com.br\/noticias\/wp-json\/wp\/v2\/types\/post"}],"author":[{"embeddable":true,"href":"https:\/\/www.suno.com.br\/noticias\/wp-json\/wp\/v2\/users\/194"}],"replies":[{"embeddable":true,"href":"https:\/\/www.suno.com.br\/noticias\/wp-json\/wp\/v2\/comments?post=318965"}],"version-history":[{"count":3,"href":"https:\/\/www.suno.com.br\/noticias\/wp-json\/wp\/v2\/posts\/318965\/revisions"}],"predecessor-version":[{"id":319045,"href":"https:\/\/www.suno.com.br\/noticias\/wp-json\/wp\/v2\/posts\/318965\/revisions\/319045"}],"wp:featuredmedia":[{"embeddable":true,"href":"https:\/\/www.suno.com.br\/noticias\/wp-json\/wp\/v2\/media\/213509"}],"wp:attachment":[{"href":"https:\/\/www.suno.com.br\/noticias\/wp-json\/wp\/v2\/media?parent=318965"}],"wp:term":[{"taxonomy":"category","embeddable":true,"href":"https:\/\/www.suno.com.br\/noticias\/wp-json\/wp\/v2\/categories?post=318965"},{"taxonomy":"post_tag","embeddable":true,"href":"https:\/\/www.suno.com.br\/noticias\/wp-json\/wp\/v2\/tags?post=318965"},{"taxonomy":"suno_strategy","embeddable":true,"href":"https:\/\/www.suno.com.br\/noticias\/wp-json\/wp\/v2\/suno_strategy?post=318965"}],"curies":[{"name":"wp","href":"https:\/\/api.w.org\/{rel}","templated":true}]}}