{"id":318697,"date":"2022-11-14T09:51:21","date_gmt":"2022-11-14T12:51:21","guid":{"rendered":"https:\/\/www.suno.com.br\/noticias\/?p=318697"},"modified":"2022-11-14T09:51:21","modified_gmt":"2022-11-14T12:51:21","slug":"boletim-focus-ipca-2022","status":"publish","type":"post","link":"https:\/\/www.suno.com.br\/noticias\/boletim-focus-ipca-2022\/","title":{"rendered":"IPCA de 5,82%: Boletim Focus aumenta proje\u00e7\u00f5es para infla\u00e7\u00e3o pela 3\u00aa semana seguida"},"content":{"rendered":"<p>O <a href=\"file:\/\/\/C:\/Temp\/MicrosoftEdgeDownloads\/3a43f2ad-cafa-40a0-ba86-ffa8e211e1ba\/R20221014.pdf\">Boletim Focus<\/a> divulgado nesta segunda-feira (14), mostra pela terceira vez proje\u00e7\u00f5es maiores para o <a class=\"suno-keyword\" href=\"https:\/\/www.suno.com.br\/artigos\/ipca\/\" target=\"_blank\" rel=\"noopener noreferrer\" data-force=\"no\" data-priority=\"2\">\u00cdndice Nacional de Pre\u00e7os ao Consumidor Amplo (<strong>IPCA<\/strong>)<\/a> em 2022, estimando 5,82%.<\/p><div class=\"videoFull \">\n\t\t\t<div class=\"videoWrapper yt-lazyload center\"\n\t\t\t\tdata-width=\"960\"\n\t\t\t\tdata-height=\"540\"\n\t\t\t\tdata-id=\"nFFVXf5K-yc\"\n\t\t\t\tdata-alt=\"V\u00eddeo do YouTube - clique para reproduzir\"\n\t\t\t\tdata-logo=\"3\"\n\t\t\t\tdata-imagequality=\"maxres\">\n\t\t\t<\/div>\n\t\t<\/div><script type=\"application\/ld+json\">{\"@context\":\"https:\/\/schema.org\",\"@type\":\"VideoObject\",\"name\":\"NUBANK (NUBR33): O QUE ESPERAR DO BALAN\u00c7O | \u2018Pr\u00e9via do PIB\u2019 | Boletim Focus e eventos da semana\",\"description\":\"\ud83d\ude2e\u23f0[\ud835\udfd3\ud835\udfd3% \ud835\udc0e\ud835\udc05\ud835\udc05 \ud835\udc04\ud835\udc0c \ud835\udc13\ud835\udc0e\ud835\udc03\ud835\udc0e\ud835\udc12 \ud835\udc0e\ud835\udc12 \ud835\udc02\ud835\udc14\ud835\udc11\ud835\udc12\ud835\udc0e\ud835\udc12 \ud835\udc03\ud835\udc0e \ud835\udc02\ud835\udc04\ud835\udc11\ud835\udc13\ud835\udc08\ud835\udc05\ud835\udc08\ud835\udc10\ud835\udc14\ud835\udc04\ud835\udc08] \ud835\udc02\ud835\udc28\ud835\udc27\ud835\udc1d\ud835\udc22\u00e7\u00f5\ud835\udc1e\ud835\udc2c \ud835\udc1e\ud835\udc31\ud835\udc1c\ud835\udc25\ud835\udc2e\ud835\udc2c\ud835\udc22\ud835\udc2f\ud835\udc1a\ud835\udc2c \ud835\udc1e \ud835\udc25\ud835\udc22\ud835\udc26\ud835\udc22\ud835\udc2d\ud835\udc1a\ud835\udc1d\ud835\udc1a\ud835\udc2c \ud835\udc2a\ud835\udc2e\ud835\udc1e \ud835\udc2f\u00e3\ud835\udc28 \ud835\udc2d\ud835\udc1e \ud835\udc1a\ud835\udc23\ud835\udc2e\ud835\udc1d\ud835\udc1a\ud835\udc2b \ud835\udc1a \ud835\udc1e\ud835\udc27\ud835\udc2d\ud835\udc2b\ud835\udc1a\ud835\udc2b \ud835\udc27\ud835\udc28 \ud835\udc26\ud835\udc1e\ud835\udc2b\ud835\udc1c\ud835\udc1a\ud835\udc1d\ud835\udc28 \ud835\udc1f\ud835\udc22\ud835\udc27\ud835\udc1a\ud835\udc27\ud835\udc1c\ud835\udc1e\ud835\udc22\ud835\udc2b\ud835\udc28 \ud835\udc1e \ud835\udc1a \ud835\udc1a\ud835\udc25\ud835\udc1c\ud835\udc1a\ud835\udc27\u00e7\ud835\udc1a\ud835\udc2b \ud835\udc1a \ud835\udc1c\ud835\udc1a\ud835\udc2b\ud835\udc2b\ud835\udc1e\ud835\udc22\ud835\udc2b\ud835\udc1a \ud835\udc1e \ud835\udc28 \ud835\udc2c\ud835\udc1a\ud835\udc25\u00e1\ud835\udc2b\ud835\udc22\ud835\udc28 \ud835\udc1c\ud835\udc28\ud835\udc26 \ud835\udc2a\ud835\udc2e\ud835\udc1e \ud835\udc2c\ud835\udc1e\ud835\udc26\ud835\udc29\ud835\udc2b\ud835\udc1e \ud835\udc2c\ud835\udc28\ud835\udc27\ud835\udc21\ud835\udc28\ud835\udc2e. \ud83d\udc47 https:\/\/lp.certifiquei.com.br\/pv\/black-friday-certifiquei\/?utm_source=youtube.noticias&utm_medium=live&utm_campaign=N\/A.ns.20221114&utm_content=bf.certifiquei.20221114 #morningcall #Not\u00edcias #nubank #nubr33 #balan\u00e7os #bolsadevalores #ibcbr #bancocentral #boletimfocus #focus #investimentos \ud835\udc08\ud835\udc0d\ud835\udc12\ud835\udc02\ud835\udc11\ud835\udc04\ud835\udc15\ud835\udc00-\ud835\udc12\ud835\udc04 \ud835\udc0d\ud835\udc0e \ud835\udc02\ud835\udc00\ud835\udc0d\ud835\udc00\ud835\udc0b \ud835\udc04 \ud835\udc00\ud835\udc13\ud835\udc08\ud835\udc15\ud835\udc04 \ud835\udc0e \ud835\udc12\ud835\udc08\ud835\udc0d\ud835\udc0e \ud83d\udc47 https:\/\/bit.ly\/INSCREVA-SEATIVEOSINO\u2026\",\"duration\":\"PT45M32S\",\"embedUrl\":\"https:\/\/www.youtube.com\/embed\/nFFVXf5K-yc\",\"regionsAllowed\":\"pt-BR\",\"interactionStatistic\":{\"@type\":\"InteractionCounter\",\"interactionType\":{\"@type\":\"WatchAction\"},\"userInteractionCount\":3329},\"thumbnailUrl\":\"https:\/\/i.ytimg.com\/vi\/nFFVXf5K-yc\/default.jpg\",\"uploadDate\":\"2022-11-14T12:52:09Z\"}<\/script>\n\n\t<p>\n\t\t<a href=\"https:\/\/lp2.suno.com.br\/cl\/black-friday-2025\/?utm_campaign=_SNCDF0E4858_\" target=\"_blank\" data-element=\"shortcode-suno-banner\" title=\"Banner SUNO, clique e saiba mais\">\n\t\t\t<picture>\n\t\t\t\t<source media=\"(max-width: 500px)\" srcset=\"https:\/\/files.sunoresearch.com.br\/n\/uploads\/2025\/10\/Artigos-e-Noticias-Banner-Home-artigos-01-Mobile_-400x300-1-png.webp\">\n\t\t\t\t<img class=\"newsContent__article__imgCapa newsContent__article__imgCapa--banner\"\n\t\t\t\t\tsrc=\"https:\/\/files.sunoresearch.com.br\/n\/uploads\/2025\/10\/Artigos-e-Noticias-Banner-Home-artigos-01-Desktop_-1420x240-1-png.webp\"\n\t\t\t\t\tdata-promo-id=\"311259\"\t\t\t\t\t\t\t\t\t\twidth='1420' height='240'\t\t\t\t\talt=\"https:\/\/files.sunoresearch.com.br\/n\/uploads\/2025\/10\/Artigos-e-Noticias-Banner-Home-artigos-01-Desktop_-1420x240-1-png.webp\"\n\t\t\t\t>\n\t\t\t<\/picture>\n\t\t<\/a>\n\t<\/p>\n\n\n<p>Na semana anterior, as <strong>proje\u00e7\u00f5es de IPCA do Boletim Focus<\/strong> estimavam uma infla\u00e7\u00e3o de 5,63%. J\u00e1 h\u00e1 quatro semanas, as proje\u00e7\u00f5es eram de 5,62%.<\/p>\n<p>A proje\u00e7\u00e3o dos economistas para a infla\u00e7\u00e3o segue acima da meta do <strong>Banco Central<\/strong>, de 3,5% para 2022.<\/p>\n<p>Vale lembrar, contudo, que a meta tem uma toler\u00e2ncia de 1,5 ponto percentual &#8211; ou seja, o &#8216;teto da meta&#8217; \u00e9 de 5%, ainda abaixo das proje\u00e7\u00f5es do Focus.<\/p>\n<p>J\u00e1 as <strong>estimativas para a taxa b\u00e1sica de juros, a Selic<\/strong>, seguem em 13,75% nesta edi\u00e7\u00e3o do Boletim Focus &#8211; mesmo patamar da Selic atual. A proje\u00e7\u00e3o tem sido a mesma nas \u00faltimas 21 semanas.<\/p>\n<p>Vale lembrar que o Comit\u00ea de Pol\u00edtica Monet\u00e1ria (Copom) ainda tem mais uma reuni\u00e3o neste ano, em dezembro.<\/p>\n<p>Os especialistas tamb\u00e9m fizeram proje\u00e7\u00f5es de alta para o Produto Interno Bruto (PIB), projetando um crescimento de 2,77% em 2022, um ponto percentual (pp.) a mais do que na semana anterior.<\/p>\n<p>H\u00e1 quatro semanas, o Boletim Focus indicava um crescimento do PIB de 2,71% em 2022.<\/p>\n<p>O <strong>d\u00f3lar,<\/strong> assim como nas \u00faltimas 16 semanas, tem proje\u00e7\u00e3o de R$ 5,20 para o fim deste ano, ainda acima dos R$ 5,280 atuais.<\/p>\n\t<p>\n\t\t<a href=\"https:\/\/lp.suno.com.br\/ebook-como-analisar-uma-acao\/\" target=\"_blank\" data-element=\"shortcode-suno-banner\" title=\"Banner SUNO, clique e saiba mais\">\n\t\t\t<picture>\n\t\t\t\t<source media=\"(max-width: 500px)\" srcset=\"https:\/\/files.sunoresearch.com.br\/n\/uploads\/2023\/12\/Ebook-Acoes-Mobile.jpg\">\n\t\t\t\t<img class=\"newsContent__article__imgCapa newsContent__article__imgCapa--banner\"\n\t\t\t\t\tsrc=\"https:\/\/files.sunoresearch.com.br\/n\/uploads\/2023\/12\/Ebook-Acoes-Desktop.webp\"\n\t\t\t\t\tdata-promo-id=\"311260\"\t\t\t\t\t\t\t\t\t\twidth='1420' height='286'\t\t\t\t\talt=\"https:\/\/files.sunoresearch.com.br\/n\/uploads\/2023\/12\/Ebook-Acoes-Desktop.webp\"\n\t\t\t\t>\n\t\t\t<\/picture>\n\t\t<\/a>\n\t<\/p>\n\n\n<h2>Resumo do Boletim Focus<\/h2>\n<p>Veja, em detalhes, as proje\u00e7\u00f5es mais importantes para 2022 e 2023:<\/p>\n<h2>2022<\/h2>\n<ul>\n<li><strong>PIB:<\/strong> a proje\u00e7\u00e3o \u00e9 de um crescimento da economia de 2,77%<\/li>\n<li><strong>IPCA: <\/strong>a proje\u00e7\u00e3o \u00e9 de 5,82%<\/li>\n<li><strong>Taxa Selic:<\/strong> a previs\u00e3o segue em 13,75%<\/li>\n<li><strong>D\u00f3lar:<\/strong> a previs\u00e3o do c\u00e2mbio segue em R$ 5,20<\/li>\n<li><strong>Balan\u00e7a Comercial:<\/strong> a expectativa para o super\u00e1vit segue em US$ 55 bilh\u00f5es<\/li>\n<li><strong><a class=\"suno-keyword\" href=\"https:\/\/www.suno.com.br\/artigos\/investimento-estrangeiro-direto-ied\/\" target=\"_blank\" rel=\"noopener noreferrer\" data-force=\"no\" data-priority=\"1\">Investimento Estrangei<\/a><a class=\"suno-keyword\" href=\"https:\/\/www.suno.com.br\/artigos\/investimento-estrangeiro-direto-ied\/\" target=\"_blank\" rel=\"noopener noreferrer\" data-force=\"no\" data-priority=\"1\">ro<\/a><\/strong><a class=\"suno-keyword\" href=\"https:\/\/www.suno.com.br\/artigos\/investimento-estrangeiro-direto-ied\/\" target=\"_blank\" rel=\"noopener noreferrer\" data-force=\"no\" data-priority=\"1\"><strong> Direto<\/strong>:<\/a> a previs\u00e3o saiu de US$ 75 bilh\u00f5es para US$ 80 bilh\u00f5es<\/li>\n<li><strong><a href=\"https:\/\/www.suno.com.br\/artigos\/deficit-primario\/\">D\u00edvida do Setor P\u00fablico<\/a>: <\/strong>a previs\u00e3o saiu de 58,45% do PIB para 58% do PIB<\/li>\n<\/ul>\n<h2>2023<\/h2>\n<ul>\n<li><strong>PIB:<\/strong> a proje\u00e7\u00e3o segue em 0,70%<\/li>\n<li><strong>IPCA: <\/strong>a proje\u00e7\u00e3o segue em 4,94%<\/li>\n<li><strong>Taxa Selic:<\/strong> a previs\u00e3o dos juros segue em 11,25%<\/li>\n<li><strong>D\u00f3lar:<\/strong> a previs\u00e3o do c\u00e2mbio segue em R$ 5,20<\/li>\n<li><strong>Balan\u00e7a Comercial:<\/strong> a expectativa para o super\u00e1vit segue em US$ 56 bilh\u00f5es<\/li>\n<li><strong><a class=\"suno-keyword\" href=\"https:\/\/www.suno.com.br\/artigos\/investimento-estrangeiro-direto-ied\/\" target=\"_blank\" rel=\"noopener noreferrer\" data-force=\"no\" data-priority=\"1\">Investimento Estrangei<\/a><a class=\"suno-keyword\" href=\"https:\/\/www.suno.com.br\/artigos\/investimento-estrangeiro-direto-ied\/\" target=\"_blank\" rel=\"noopener noreferrer\" data-force=\"no\" data-priority=\"1\">ro<\/a><\/strong><a class=\"suno-keyword\" href=\"https:\/\/www.suno.com.br\/artigos\/investimento-estrangeiro-direto-ied\/\" target=\"_blank\" rel=\"noopener noreferrer\" data-force=\"no\" data-priority=\"1\"><strong> Direto<\/strong>:<\/a> a previs\u00e3o saiu de US$ 73,8 bilh\u00f5es para US$ 75 bilh\u00f5es<\/li>\n<li><strong><a href=\"https:\/\/www.suno.com.br\/artigos\/deficit-primario\/\">D\u00edvida do Setor P\u00fablico<\/a>: <\/strong>a previs\u00e3o saiu de 62,90% do PIB para 61,40% do PIB<\/li>\n<\/ul>\n<p>O <a href=\"https:\/\/www.youtube.com\/watch?v=5xXH4baJrtc\"><strong>Boletim Focus<\/strong><\/a> \u00e9 elaborado semanalmente pelo Banco Central. S\u00e3o utilizadas as proje\u00e7\u00f5es dos especialistas das 100 principais institui\u00e7\u00f5es ligadas ao mercado financeiro do Brasil.<\/p>\n\t<p>\n\t\t<a href=\"https:\/\/lp.suno.com.br\/minicurso-investindo-fiis\/\" target=\"_blank\" data-element=\"shortcode-suno-banner\" title=\"Banner SUNO, clique e saiba mais\">\n\t\t\t<picture>\n\t\t\t\t<source media=\"(max-width: 500px)\" srcset=\"https:\/\/files.sunoresearch.com.br\/n\/uploads\/2023\/07\/400x300-Minicurso-FIIS.png\">\n\t\t\t\t<img class=\"newsContent__article__imgCapa newsContent__article__imgCapa--banner\"\n\t\t\t\t\tsrc=\"https:\/\/files.sunoresearch.com.br\/n\/uploads\/2023\/07\/1420x240-Minicurso-FIIS.png\"\n\t\t\t\t\tdata-promo-id=\"311935\"\t\t\t\t\t\t\t\t\t\twidth='1420' height='240'\t\t\t\t\talt=\"https:\/\/files.sunoresearch.com.br\/n\/uploads\/2023\/07\/1420x240-Minicurso-FIIS.png\"\n\t\t\t\t>\n\t\t\t<\/picture>\n\t\t<\/a>\n\t<\/p>\n\n\n","protected":false},"excerpt":{"rendered":"<p>O Boletim Focus divulgado nesta segunda-feira (14), mostra pela terceira vez proje\u00e7\u00f5es maiores para o \u00cdndice Nacional de Pre\u00e7os ao Consumidor Amplo (IPCA) em 2022, estimando 5,82%. Na semana anterior, as proje\u00e7\u00f5es de IPCA do Boletim Focus estimavam uma infla\u00e7\u00e3o de 5,63%. J\u00e1 h\u00e1 quatro semanas, as proje\u00e7\u00f5es eram de 5,62%. A proje\u00e7\u00e3o dos economistas [&hellip;]<\/p>\n","protected":false},"author":73,"featured_media":117586,"comment_status":"closed","ping_status":"closed","sticky":false,"template":"","format":"standard","meta":[],"categories":[62],"tags":[834,966],"suno_strategy":[],"class_list":["post-318697","post","type-post","status-publish","format-standard","has-post-thumbnail","hentry","category-economia","tag-boletim-focus","tag-ipca"],"yoast_head":"<!-- This site is optimized with the Yoast SEO plugin v24.4 - https:\/\/yoast.com\/wordpress\/plugins\/seo\/ -->\n<title>IPCA de 5,82%: Focus aumenta novamente as proje\u00e7\u00f5es da infla\u00e7\u00e3o<\/title>\n<meta name=\"description\" content=\"Ap\u00f3s semanas consecutivas de revis\u00e3o para baixo, o Boletim Focus voltou a estimar alta do IPCA para 2022. Clique e confira!\" \/>\n<meta name=\"robots\" content=\"index, follow, max-snippet:-1, max-image-preview:large, max-video-preview:-1\" \/>\n<link rel=\"canonical\" href=\"https:\/\/www.suno.com.br\/noticias\/boletim-focus-ipca-2022\/\" \/>\n<meta property=\"og:locale\" content=\"pt_BR\" \/>\n<meta property=\"og:type\" content=\"article\" \/>\n<meta property=\"og:title\" content=\"IPCA de 5,82%: Focus aumenta novamente as proje\u00e7\u00f5es da infla\u00e7\u00e3o\" \/>\n<meta property=\"og:description\" content=\"Ap\u00f3s semanas consecutivas de revis\u00e3o para baixo, o Boletim Focus voltou a estimar alta do IPCA para 2022. Clique e confira!\" \/>\n<meta property=\"og:url\" content=\"https:\/\/www.suno.com.br\/noticias\/boletim-focus-ipca-2022\/\" \/>\n<meta property=\"og:site_name\" content=\"Suno Not\u00edcias\" \/>\n<meta property=\"article:publisher\" content=\"https:\/\/facebook.com\/sunoresearch\" \/>\n<meta property=\"og:image\" content=\"https:\/\/files.sunoresearch.com.br\/n\/uploads\/2021\/02\/bfc933fb-4096-2731-max.jpg\" \/>\n\t<meta property=\"og:image:width\" content=\"1200\" \/>\n\t<meta property=\"og:image:height\" content=\"800\" \/>\n\t<meta property=\"og:image:type\" content=\"image\/jpeg\" \/>\n<meta name=\"author\" content=\"Eduardo Vargas\" \/>\n<meta name=\"twitter:card\" content=\"summary_large_image\" \/>\n<meta name=\"twitter:creator\" content=\"@sunoresearch\" \/>\n<meta name=\"twitter:site\" content=\"@sunoresearch\" \/>\n<meta name=\"twitter:label1\" content=\"Escrito por\" \/>\n\t<meta name=\"twitter:data1\" content=\"Eduardo Vargas\" \/>\n\t<meta name=\"twitter:label2\" content=\"Est. tempo de leitura\" \/>\n\t<meta name=\"twitter:data2\" content=\"3 minutos\" \/>\n<script type=\"application\/ld+json\" class=\"yoast-schema-graph\">{\"@context\":\"https:\/\/schema.org\",\"@graph\":[{\"@type\":\"NewsArticle\",\"@id\":\"https:\/\/www.suno.com.br\/noticias\/boletim-focus-ipca-2022\/#article\",\"isPartOf\":{\"@id\":\"https:\/\/www.suno.com.br\/noticias\/boletim-focus-ipca-2022\/\"},\"author\":{\"name\":\"Eduardo Vargas\",\"@id\":\"https:\/\/www.suno.com.br\/noticias\/#\/schema\/person\/7f4d362bf3518e76090143ae77bb49a5\"},\"headline\":\"IPCA de 5,82%: Boletim Focus aumenta proje\u00e7\u00f5es para infla\u00e7\u00e3o pela 3\u00aa semana seguida\",\"datePublished\":\"2022-11-14T12:51:21+00:00\",\"mainEntityOfPage\":{\"@id\":\"https:\/\/www.suno.com.br\/noticias\/boletim-focus-ipca-2022\/\"},\"wordCount\":440,\"publisher\":{\"@id\":\"https:\/\/www.suno.com.br\/noticias\/#organization\"},\"image\":{\"@id\":\"https:\/\/www.suno.com.br\/noticias\/boletim-focus-ipca-2022\/#primaryimage\"},\"thumbnailUrl\":\"https:\/\/files.sunoresearch.com.br\/n\/uploads\/2021\/02\/bfc933fb-4096-2731-max-jpg.webp\",\"keywords\":[\"Boletim Focus\",\"IPCA\"],\"articleSection\":[\"Economia\"],\"inLanguage\":\"pt-BR\"},{\"@type\":\"WebPage\",\"@id\":\"https:\/\/www.suno.com.br\/noticias\/boletim-focus-ipca-2022\/\",\"url\":\"https:\/\/www.suno.com.br\/noticias\/boletim-focus-ipca-2022\/\",\"name\":\"IPCA de 5,82%: Focus aumenta novamente as proje\u00e7\u00f5es da infla\u00e7\u00e3o\",\"isPartOf\":{\"@id\":\"https:\/\/www.suno.com.br\/noticias\/#website\"},\"primaryImageOfPage\":{\"@id\":\"https:\/\/www.suno.com.br\/noticias\/boletim-focus-ipca-2022\/#primaryimage\"},\"image\":{\"@id\":\"https:\/\/www.suno.com.br\/noticias\/boletim-focus-ipca-2022\/#primaryimage\"},\"thumbnailUrl\":\"https:\/\/files.sunoresearch.com.br\/n\/uploads\/2021\/02\/bfc933fb-4096-2731-max-jpg.webp\",\"datePublished\":\"2022-11-14T12:51:21+00:00\",\"description\":\"Ap\u00f3s semanas consecutivas de revis\u00e3o para baixo, o Boletim Focus voltou a estimar alta do IPCA para 2022. Clique e confira!\",\"breadcrumb\":{\"@id\":\"https:\/\/www.suno.com.br\/noticias\/boletim-focus-ipca-2022\/#breadcrumb\"},\"inLanguage\":\"pt-BR\",\"potentialAction\":[{\"@type\":\"ReadAction\",\"target\":[\"https:\/\/www.suno.com.br\/noticias\/boletim-focus-ipca-2022\/\"]}]},{\"@type\":\"ImageObject\",\"inLanguage\":\"pt-BR\",\"@id\":\"https:\/\/www.suno.com.br\/noticias\/boletim-focus-ipca-2022\/#primaryimage\",\"url\":\"https:\/\/files.sunoresearch.com.br\/n\/uploads\/2021\/02\/bfc933fb-4096-2731-max-jpg.webp\",\"contentUrl\":\"https:\/\/files.sunoresearch.com.br\/n\/uploads\/2021\/02\/bfc933fb-4096-2731-max-jpg.webp\",\"width\":1200,\"height\":800,\"caption\":\"Boletim Focus. Foto: Pixabay\"},{\"@type\":\"BreadcrumbList\",\"@id\":\"https:\/\/www.suno.com.br\/noticias\/boletim-focus-ipca-2022\/#breadcrumb\",\"itemListElement\":[{\"@type\":\"ListItem\",\"position\":1,\"name\":\"Not\u00edcias\",\"item\":\"https:\/\/www.suno.com.br\/noticias\/\"},{\"@type\":\"ListItem\",\"position\":2,\"name\":\"Economia\",\"item\":\"https:\/\/www.suno.com.br\/noticias\/economia\/\"},{\"@type\":\"ListItem\",\"position\":3,\"name\":\"IPCA de 5,82%: Boletim Focus aumenta proje\u00e7\u00f5es para infla\u00e7\u00e3o pela 3\u00aa semana seguida\"}]},{\"@type\":\"WebSite\",\"@id\":\"https:\/\/www.suno.com.br\/noticias\/#website\",\"url\":\"https:\/\/www.suno.com.br\/noticias\/\",\"name\":\"Suno Not\u00edcias\",\"description\":\"Seu portal de informa\u00e7\u00e3o sobre o mundo dos investimentos\",\"publisher\":{\"@id\":\"https:\/\/www.suno.com.br\/noticias\/#organization\"},\"potentialAction\":[{\"@type\":\"SearchAction\",\"target\":{\"@type\":\"EntryPoint\",\"urlTemplate\":\"https:\/\/www.suno.com.br\/noticias\/?s={search_term_string}\"},\"query-input\":{\"@type\":\"PropertyValueSpecification\",\"valueRequired\":true,\"valueName\":\"search_term_string\"}}],\"inLanguage\":\"pt-BR\"},{\"@type\":\"Organization\",\"@id\":\"https:\/\/www.suno.com.br\/noticias\/#organization\",\"name\":\"Suno Not\u00edcias\",\"url\":\"https:\/\/www.suno.com.br\/noticias\/\",\"logo\":{\"@type\":\"ImageObject\",\"inLanguage\":\"pt-BR\",\"@id\":\"https:\/\/www.suno.com.br\/noticias\/#\/schema\/logo\/image\/\",\"url\":\"https:\/\/files.sunoresearch.com.br\/n\/uploads\/2021\/09\/suno-logo.png\",\"contentUrl\":\"https:\/\/files.sunoresearch.com.br\/n\/uploads\/2021\/09\/suno-logo.png\",\"width\":180,\"height\":180,\"caption\":\"Suno Not\u00edcias\"},\"image\":{\"@id\":\"https:\/\/www.suno.com.br\/noticias\/#\/schema\/logo\/image\/\"},\"sameAs\":[\"https:\/\/facebook.com\/sunoresearch\",\"https:\/\/x.com\/sunoresearch\",\"https:\/\/www.instagram.com\/suno\",\"https:\/\/www.linkedin.com\/company\/suno-research\/\",\"https:\/\/www.youtube.com\/c\/sunoresearch\"]},{\"@type\":\"Person\",\"@id\":\"https:\/\/www.suno.com.br\/noticias\/#\/schema\/person\/7f4d362bf3518e76090143ae77bb49a5\",\"name\":\"Eduardo Vargas\",\"image\":{\"@type\":\"ImageObject\",\"inLanguage\":\"pt-BR\",\"@id\":\"https:\/\/www.suno.com.br\/noticias\/#\/schema\/person\/image\/\",\"url\":\"https:\/\/secure.gravatar.com\/avatar\/dac340933427a22924c9f99d1eb2e3f2?s=96&r=g\",\"contentUrl\":\"https:\/\/secure.gravatar.com\/avatar\/dac340933427a22924c9f99d1eb2e3f2?s=96&r=g\",\"caption\":\"Eduardo Vargas\"},\"description\":\"Jornalista formado pela UFSC, cobre macroeconomia, neg\u00f3cios e startups para o Suno Not\u00edcias, escrevendo principalmente not\u00edcias sobre o mercado financeiro e a bolsa de valores. No YouTube e no Instagram, \u00e9 respons\u00e1vel pela produ\u00e7\u00e3o de Reels e Shorts do Suno Not\u00edcias. Anteriormente, trabalhou cobrindo economia e cotidiano no ND+ e para o ND, maior jornal impresso de Santa Catarina. Cursou um semestre letivo de Estudos de M\u00eddia na Universidad de Buenos Aires.\",\"url\":\"https:\/\/www.suno.com.br\/noticias\/author\/eduardo-vargas\/\"}]}<\/script>\n<!-- \/ Yoast SEO plugin. -->","yoast_head_json":{"title":"IPCA de 5,82%: Focus aumenta novamente as proje\u00e7\u00f5es da infla\u00e7\u00e3o","description":"Ap\u00f3s semanas consecutivas de revis\u00e3o para baixo, o Boletim Focus voltou a estimar alta do IPCA para 2022. Clique e confira!","robots":{"index":"index","follow":"follow","max-snippet":"max-snippet:-1","max-image-preview":"max-image-preview:large","max-video-preview":"max-video-preview:-1"},"canonical":"https:\/\/www.suno.com.br\/noticias\/boletim-focus-ipca-2022\/","og_locale":"pt_BR","og_type":"article","og_title":"IPCA de 5,82%: Focus aumenta novamente as proje\u00e7\u00f5es da infla\u00e7\u00e3o","og_description":"Ap\u00f3s semanas consecutivas de revis\u00e3o para baixo, o Boletim Focus voltou a estimar alta do IPCA para 2022. Clique e confira!","og_url":"https:\/\/www.suno.com.br\/noticias\/boletim-focus-ipca-2022\/","og_site_name":"Suno Not\u00edcias","article_publisher":"https:\/\/facebook.com\/sunoresearch","og_image":[{"width":1200,"height":800,"url":"https:\/\/files.sunoresearch.com.br\/n\/uploads\/2021\/02\/bfc933fb-4096-2731-max.jpg","type":"image\/jpeg"}],"author":"Eduardo Vargas","twitter_card":"summary_large_image","twitter_creator":"@sunoresearch","twitter_site":"@sunoresearch","twitter_misc":{"Escrito por":"Eduardo Vargas","Est. tempo de leitura":"3 minutos"},"schema":{"@context":"https:\/\/schema.org","@graph":[{"@type":"NewsArticle","@id":"https:\/\/www.suno.com.br\/noticias\/boletim-focus-ipca-2022\/#article","isPartOf":{"@id":"https:\/\/www.suno.com.br\/noticias\/boletim-focus-ipca-2022\/"},"author":{"name":"Eduardo Vargas","@id":"https:\/\/www.suno.com.br\/noticias\/#\/schema\/person\/7f4d362bf3518e76090143ae77bb49a5"},"headline":"IPCA de 5,82%: Boletim Focus aumenta proje\u00e7\u00f5es para infla\u00e7\u00e3o pela 3\u00aa semana seguida","datePublished":"2022-11-14T12:51:21+00:00","mainEntityOfPage":{"@id":"https:\/\/www.suno.com.br\/noticias\/boletim-focus-ipca-2022\/"},"wordCount":440,"publisher":{"@id":"https:\/\/www.suno.com.br\/noticias\/#organization"},"image":{"@id":"https:\/\/www.suno.com.br\/noticias\/boletim-focus-ipca-2022\/#primaryimage"},"thumbnailUrl":"https:\/\/files.sunoresearch.com.br\/n\/uploads\/2021\/02\/bfc933fb-4096-2731-max-jpg.webp","keywords":["Boletim Focus","IPCA"],"articleSection":["Economia"],"inLanguage":"pt-BR"},{"@type":"WebPage","@id":"https:\/\/www.suno.com.br\/noticias\/boletim-focus-ipca-2022\/","url":"https:\/\/www.suno.com.br\/noticias\/boletim-focus-ipca-2022\/","name":"IPCA de 5,82%: Focus aumenta novamente as proje\u00e7\u00f5es da infla\u00e7\u00e3o","isPartOf":{"@id":"https:\/\/www.suno.com.br\/noticias\/#website"},"primaryImageOfPage":{"@id":"https:\/\/www.suno.com.br\/noticias\/boletim-focus-ipca-2022\/#primaryimage"},"image":{"@id":"https:\/\/www.suno.com.br\/noticias\/boletim-focus-ipca-2022\/#primaryimage"},"thumbnailUrl":"https:\/\/files.sunoresearch.com.br\/n\/uploads\/2021\/02\/bfc933fb-4096-2731-max-jpg.webp","datePublished":"2022-11-14T12:51:21+00:00","description":"Ap\u00f3s semanas consecutivas de revis\u00e3o para baixo, o Boletim Focus voltou a estimar alta do IPCA para 2022. Clique e confira!","breadcrumb":{"@id":"https:\/\/www.suno.com.br\/noticias\/boletim-focus-ipca-2022\/#breadcrumb"},"inLanguage":"pt-BR","potentialAction":[{"@type":"ReadAction","target":["https:\/\/www.suno.com.br\/noticias\/boletim-focus-ipca-2022\/"]}]},{"@type":"ImageObject","inLanguage":"pt-BR","@id":"https:\/\/www.suno.com.br\/noticias\/boletim-focus-ipca-2022\/#primaryimage","url":"https:\/\/files.sunoresearch.com.br\/n\/uploads\/2021\/02\/bfc933fb-4096-2731-max-jpg.webp","contentUrl":"https:\/\/files.sunoresearch.com.br\/n\/uploads\/2021\/02\/bfc933fb-4096-2731-max-jpg.webp","width":1200,"height":800,"caption":"Boletim Focus. Foto: Pixabay"},{"@type":"BreadcrumbList","@id":"https:\/\/www.suno.com.br\/noticias\/boletim-focus-ipca-2022\/#breadcrumb","itemListElement":[{"@type":"ListItem","position":1,"name":"Not\u00edcias","item":"https:\/\/www.suno.com.br\/noticias\/"},{"@type":"ListItem","position":2,"name":"Economia","item":"https:\/\/www.suno.com.br\/noticias\/economia\/"},{"@type":"ListItem","position":3,"name":"IPCA de 5,82%: Boletim Focus aumenta proje\u00e7\u00f5es para infla\u00e7\u00e3o pela 3\u00aa semana seguida"}]},{"@type":"WebSite","@id":"https:\/\/www.suno.com.br\/noticias\/#website","url":"https:\/\/www.suno.com.br\/noticias\/","name":"Suno Not\u00edcias","description":"Seu portal de informa\u00e7\u00e3o sobre o mundo dos investimentos","publisher":{"@id":"https:\/\/www.suno.com.br\/noticias\/#organization"},"potentialAction":[{"@type":"SearchAction","target":{"@type":"EntryPoint","urlTemplate":"https:\/\/www.suno.com.br\/noticias\/?s={search_term_string}"},"query-input":{"@type":"PropertyValueSpecification","valueRequired":true,"valueName":"search_term_string"}}],"inLanguage":"pt-BR"},{"@type":"Organization","@id":"https:\/\/www.suno.com.br\/noticias\/#organization","name":"Suno Not\u00edcias","url":"https:\/\/www.suno.com.br\/noticias\/","logo":{"@type":"ImageObject","inLanguage":"pt-BR","@id":"https:\/\/www.suno.com.br\/noticias\/#\/schema\/logo\/image\/","url":"https:\/\/files.sunoresearch.com.br\/n\/uploads\/2021\/09\/suno-logo.png","contentUrl":"https:\/\/files.sunoresearch.com.br\/n\/uploads\/2021\/09\/suno-logo.png","width":180,"height":180,"caption":"Suno Not\u00edcias"},"image":{"@id":"https:\/\/www.suno.com.br\/noticias\/#\/schema\/logo\/image\/"},"sameAs":["https:\/\/facebook.com\/sunoresearch","https:\/\/x.com\/sunoresearch","https:\/\/www.instagram.com\/suno","https:\/\/www.linkedin.com\/company\/suno-research\/","https:\/\/www.youtube.com\/c\/sunoresearch"]},{"@type":"Person","@id":"https:\/\/www.suno.com.br\/noticias\/#\/schema\/person\/7f4d362bf3518e76090143ae77bb49a5","name":"Eduardo Vargas","image":{"@type":"ImageObject","inLanguage":"pt-BR","@id":"https:\/\/www.suno.com.br\/noticias\/#\/schema\/person\/image\/","url":"https:\/\/secure.gravatar.com\/avatar\/dac340933427a22924c9f99d1eb2e3f2?s=96&r=g","contentUrl":"https:\/\/secure.gravatar.com\/avatar\/dac340933427a22924c9f99d1eb2e3f2?s=96&r=g","caption":"Eduardo Vargas"},"description":"Jornalista formado pela UFSC, cobre macroeconomia, neg\u00f3cios e startups para o Suno Not\u00edcias, escrevendo principalmente not\u00edcias sobre o mercado financeiro e a bolsa de valores. No YouTube e no Instagram, \u00e9 respons\u00e1vel pela produ\u00e7\u00e3o de Reels e Shorts do Suno Not\u00edcias. Anteriormente, trabalhou cobrindo economia e cotidiano no ND+ e para o ND, maior jornal impresso de Santa Catarina. Cursou um semestre letivo de Estudos de M\u00eddia na Universidad de Buenos Aires.","url":"https:\/\/www.suno.com.br\/noticias\/author\/eduardo-vargas\/"}]}},"default_loop_html":"<div class=\"cardsPage__listCard__boxs\"><div class=\"cardsPage__listCard__boxs__img\"><a href=\"https:\/\/www.suno.com.br\/noticias\/boletim-focus-ipca-2022\/\"><img class=\"mask\" src=\"https:\/\/www.suno.com.br\/noticias\/wp-content\/themes\/suno\/resources\/images\/spotlight\/spotlight1img\/bg-mask.png\" alt=\"Image Mask\"\/><img src=\"https:\/\/files.sunoresearch.com.br\/n\/uploads\/2021\/02\/bfc933fb-4096-2731-max-400x200.webp\" alt=\"IPCA de 5,82%: Boletim Focus aumenta proje\u00e7\u00f5es para infla\u00e7\u00e3o pela 3\u00aa semana seguida\"\/><\/a><span class=\"spotlightCategory\"><a href=\"https:\/\/www.suno.com.br\/noticias\/economia\/\">Economia<\/a><\/span><\/div><div class=\"cardsPage__listCard__boxs__content\"><a href=\"https:\/\/www.suno.com.br\/noticias\/boletim-focus-ipca-2022\/\"><h2 class=\"content__title\">IPCA de 5,82%: Boletim Focus aumenta proje\u00e7\u00f5es para infla\u00e7\u00e3o pela 3\u00aa semana seguida<\/h2><\/a><div class=\"newsContent__article__meta\"><div class=\"newsContent__article__meta__authorBox\"><a href=\"https:\/\/www.suno.com.br\/noticias\/author\/eduardo-vargas\/\" class=\"authorBox__avatar noMobi\"><img src=\"https:\/\/secure.gravatar.com\/avatar\/dac340933427a22924c9f99d1eb2e3f2?s=96&#038;r=g\" alt=\"Eduardo Vargas\"><\/a><div class=\"authorBox__name\"><span>por\n\t\t\t<a href=\"https:\/\/www.suno.com.br\/noticias\/author\/eduardo-vargas\/\"><span itemprop=\"author\">Eduardo Vargas<\/span><\/a><\/span><time datetime=\"2022-11-14T09:51:21-03:00\" itemprop=\"datePublished\">14\/11\/2022 09:51<\/time><\/div><\/div><\/div><\/div><\/div>","single_layout":"posts","amp_enabled":true,"_links":{"self":[{"href":"https:\/\/www.suno.com.br\/noticias\/wp-json\/wp\/v2\/posts\/318697"}],"collection":[{"href":"https:\/\/www.suno.com.br\/noticias\/wp-json\/wp\/v2\/posts"}],"about":[{"href":"https:\/\/www.suno.com.br\/noticias\/wp-json\/wp\/v2\/types\/post"}],"author":[{"embeddable":true,"href":"https:\/\/www.suno.com.br\/noticias\/wp-json\/wp\/v2\/users\/73"}],"replies":[{"embeddable":true,"href":"https:\/\/www.suno.com.br\/noticias\/wp-json\/wp\/v2\/comments?post=318697"}],"version-history":[{"count":1,"href":"https:\/\/www.suno.com.br\/noticias\/wp-json\/wp\/v2\/posts\/318697\/revisions"}],"predecessor-version":[{"id":318703,"href":"https:\/\/www.suno.com.br\/noticias\/wp-json\/wp\/v2\/posts\/318697\/revisions\/318703"}],"wp:featuredmedia":[{"embeddable":true,"href":"https:\/\/www.suno.com.br\/noticias\/wp-json\/wp\/v2\/media\/117586"}],"wp:attachment":[{"href":"https:\/\/www.suno.com.br\/noticias\/wp-json\/wp\/v2\/media?parent=318697"}],"wp:term":[{"taxonomy":"category","embeddable":true,"href":"https:\/\/www.suno.com.br\/noticias\/wp-json\/wp\/v2\/categories?post=318697"},{"taxonomy":"post_tag","embeddable":true,"href":"https:\/\/www.suno.com.br\/noticias\/wp-json\/wp\/v2\/tags?post=318697"},{"taxonomy":"suno_strategy","embeddable":true,"href":"https:\/\/www.suno.com.br\/noticias\/wp-json\/wp\/v2\/suno_strategy?post=318697"}],"curies":[{"name":"wp","href":"https:\/\/api.w.org\/{rel}","templated":true}]}}