{"id":318689,"date":"2022-11-14T10:41:08","date_gmt":"2022-11-14T13:41:08","guid":{"rendered":"https:\/\/www.suno.com.br\/noticias\/?p=318689"},"modified":"2022-11-14T10:41:08","modified_gmt":"2022-11-14T13:41:08","slug":"pec-da-transicao-ciro-nogueira-teto-bolsa-familia","status":"publish","type":"post","link":"https:\/\/www.suno.com.br\/noticias\/pec-da-transicao-ciro-nogueira-teto-bolsa-familia\/","title":{"rendered":"PEC da Transi\u00e7\u00e3o: Ciro Nogueira defende Bolsa Fam\u00edlia e aumento do Sal\u00e1rio M\u00ednimo fora do teto"},"content":{"rendered":"<p>Em nota, o atual ministro Casa Civil, Ciro Nogueira (PP-PI), disse que apoiar\u00e1 a Proposta de emenda \u00e0 Constitui\u00e7\u00e3o da Transi\u00e7\u00e3o, ou <strong>PEC da transi\u00e7\u00e3o<\/strong>, para garantir o Aux\u00edlio Brasil &#8211; que voltar\u00e1 a se chamar Bolsa fam\u00edlia &#8211; no valor de R$ 600 e o aumento real do <a class=\"suno-keyword\" href=\"https:\/\/www.suno.com.br\/artigos\/salario-minimo\/\" target=\"_blank\" rel=\"noopener\" data-force=\"no\" data-priority=\"3\">sal\u00e1rio m\u00ednimo<\/a>.<\/p><div class=\"videoFull \">\n\t\t\t<div class=\"videoWrapper yt-lazyload center\"\n\t\t\t\tdata-width=\"960\"\n\t\t\t\tdata-height=\"540\"\n\t\t\t\tdata-id=\"nFFVXf5K-yc\"\n\t\t\t\tdata-alt=\"V\u00eddeo do YouTube - clique para reproduzir\"\n\t\t\t\tdata-logo=\"3\"\n\t\t\t\tdata-imagequality=\"maxres\">\n\t\t\t<\/div>\n\t\t<\/div><script type=\"application\/ld+json\">{\"@context\":\"https:\/\/schema.org\",\"@type\":\"VideoObject\",\"name\":\"NUBANK (NUBR33): O QUE ESPERAR DO BALAN\u00c7O | \u2018Pr\u00e9via do PIB\u2019 | Boletim Focus e eventos da semana\",\"description\":\"\ud83d\ude2e\u23f0[\ud835\udfd3\ud835\udfd3% \ud835\udc0e\ud835\udc05\ud835\udc05 \ud835\udc04\ud835\udc0c \ud835\udc13\ud835\udc0e\ud835\udc03\ud835\udc0e\ud835\udc12 \ud835\udc0e\ud835\udc12 \ud835\udc02\ud835\udc14\ud835\udc11\ud835\udc12\ud835\udc0e\ud835\udc12 \ud835\udc03\ud835\udc0e \ud835\udc02\ud835\udc04\ud835\udc11\ud835\udc13\ud835\udc08\ud835\udc05\ud835\udc08\ud835\udc10\ud835\udc14\ud835\udc04\ud835\udc08] \ud835\udc02\ud835\udc28\ud835\udc27\ud835\udc1d\ud835\udc22\u00e7\u00f5\ud835\udc1e\ud835\udc2c \ud835\udc1e\ud835\udc31\ud835\udc1c\ud835\udc25\ud835\udc2e\ud835\udc2c\ud835\udc22\ud835\udc2f\ud835\udc1a\ud835\udc2c \ud835\udc1e \ud835\udc25\ud835\udc22\ud835\udc26\ud835\udc22\ud835\udc2d\ud835\udc1a\ud835\udc1d\ud835\udc1a\ud835\udc2c \ud835\udc2a\ud835\udc2e\ud835\udc1e \ud835\udc2f\u00e3\ud835\udc28 \ud835\udc2d\ud835\udc1e \ud835\udc1a\ud835\udc23\ud835\udc2e\ud835\udc1d\ud835\udc1a\ud835\udc2b \ud835\udc1a \ud835\udc1e\ud835\udc27\ud835\udc2d\ud835\udc2b\ud835\udc1a\ud835\udc2b \ud835\udc27\ud835\udc28 \ud835\udc26\ud835\udc1e\ud835\udc2b\ud835\udc1c\ud835\udc1a\ud835\udc1d\ud835\udc28 \ud835\udc1f\ud835\udc22\ud835\udc27\ud835\udc1a\ud835\udc27\ud835\udc1c\ud835\udc1e\ud835\udc22\ud835\udc2b\ud835\udc28 \ud835\udc1e \ud835\udc1a \ud835\udc1a\ud835\udc25\ud835\udc1c\ud835\udc1a\ud835\udc27\u00e7\ud835\udc1a\ud835\udc2b \ud835\udc1a \ud835\udc1c\ud835\udc1a\ud835\udc2b\ud835\udc2b\ud835\udc1e\ud835\udc22\ud835\udc2b\ud835\udc1a \ud835\udc1e \ud835\udc28 \ud835\udc2c\ud835\udc1a\ud835\udc25\u00e1\ud835\udc2b\ud835\udc22\ud835\udc28 \ud835\udc1c\ud835\udc28\ud835\udc26 \ud835\udc2a\ud835\udc2e\ud835\udc1e \ud835\udc2c\ud835\udc1e\ud835\udc26\ud835\udc29\ud835\udc2b\ud835\udc1e \ud835\udc2c\ud835\udc28\ud835\udc27\ud835\udc21\ud835\udc28\ud835\udc2e. \ud83d\udc47 https:\/\/lp.certifiquei.com.br\/pv\/black-friday-certifiquei\/?utm_source=youtube.noticias&utm_medium=live&utm_campaign=N\/A.ns.20221114&utm_content=bf.certifiquei.20221114 #morningcall #Not\u00edcias #nubank #nubr33 #balan\u00e7os #bolsadevalores #ibcbr #bancocentral #boletimfocus #focus #investimentos \ud835\udc08\ud835\udc0d\ud835\udc12\ud835\udc02\ud835\udc11\ud835\udc04\ud835\udc15\ud835\udc00-\ud835\udc12\ud835\udc04 \ud835\udc0d\ud835\udc0e \ud835\udc02\ud835\udc00\ud835\udc0d\ud835\udc00\ud835\udc0b \ud835\udc04 \ud835\udc00\ud835\udc13\ud835\udc08\ud835\udc15\ud835\udc04 \ud835\udc0e \ud835\udc12\ud835\udc08\ud835\udc0d\ud835\udc0e \ud83d\udc47 https:\/\/bit.ly\/INSCREVA-SEATIVEOSINO\u2026\",\"duration\":\"PT45M32S\",\"embedUrl\":\"https:\/\/www.youtube.com\/embed\/nFFVXf5K-yc\",\"regionsAllowed\":\"pt-BR\",\"interactionStatistic\":{\"@type\":\"InteractionCounter\",\"interactionType\":{\"@type\":\"WatchAction\"},\"userInteractionCount\":3329},\"thumbnailUrl\":\"https:\/\/i.ytimg.com\/vi\/nFFVXf5K-yc\/default.jpg\",\"uploadDate\":\"2022-11-14T12:52:09Z\"}<\/script>\n\n\t<p>\n\t\t<a href=\"https:\/\/lp2.suno.com.br\/cl\/black-friday-2025\/?utm_campaign=_SNCDF0E4858_\" target=\"_blank\" data-element=\"shortcode-suno-banner\" title=\"Banner SUNO, clique e saiba mais\">\n\t\t\t<picture>\n\t\t\t\t<source media=\"(max-width: 500px)\" srcset=\"https:\/\/files.sunoresearch.com.br\/n\/uploads\/2025\/10\/Artigos-e-Noticias-Banner-Home-artigos-01-Mobile_-400x300-1-png.webp\">\n\t\t\t\t<img class=\"newsContent__article__imgCapa newsContent__article__imgCapa--banner\"\n\t\t\t\t\tsrc=\"https:\/\/files.sunoresearch.com.br\/n\/uploads\/2025\/10\/Artigos-e-Noticias-Banner-Home-artigos-01-Desktop_-1420x240-1-png.webp\"\n\t\t\t\t\tdata-promo-id=\"311259\"\t\t\t\t\t\t\t\t\t\twidth='1420' height='240'\t\t\t\t\talt=\"https:\/\/files.sunoresearch.com.br\/n\/uploads\/2025\/10\/Artigos-e-Noticias-Banner-Home-artigos-01-Desktop_-1420x240-1-png.webp\"\n\t\t\t\t>\n\t\t\t<\/picture>\n\t\t<\/a>\n\t<\/p>\n\n\n<p>Ambas os benef\u00edcios apoiados por Ciro Nogueira ficariam, com a PEC, fora da regra do <strong><a class=\"suno-keyword\" href=\"https:\/\/www.suno.com.br\/artigos\/teto-de-gastos\/\" target=\"_blank\" rel=\"noopener\" data-force=\"no\" data-priority=\"1\">teto de gastos<\/a><\/strong>. O ministro, contudo, fez uma ressalva e destacou que apoia a medida somente por se tratar de uma transi\u00e7\u00e3o de governo.<\/p>\n<p>\u201cO posicionamento que defenderei no Progressistas \u00e9 o de aprovar uma PEC, sim, mas para a transi\u00e7\u00e3o, para garantir estabilidade para o primeiro ano do governo\u201d, disse <a href=\"https:\/\/www.suno.com.br\/noticias\/jair-bolsonaro-presidente-pronunciamento-eleicoes\/\"><strong>Ciro Nogueira<\/strong><\/a>.<\/p>\n<p>O ministro tamb\u00e9m disse que o Congresso atual, que sair\u00e1 no ano que vem, n\u00e3o pode &#8216;cassar a prerrogativa do novo&#8217;, que segundo ele, &#8220;chega legitimado pelo povo nas urnas e ainda nem assumiu&#8221;.<\/p>\n\n\t<div data-element=\"shortcode-read-more\" class=\"readToo\">\n\t\t\t\t<span class=\"readToo__title\">Leia masi<\/span>\n\t\t\t\t<ul class=\"readToo__list\">\n\t\t\t<li><a href=\"https:\/\/www.suno.com.br\/noticias\/pec-da-transicao-alckmin-congresso\/\">PEC da Transi\u00e7\u00e3o \u00e9 enviada ao congresso por equipe de Alckmin<\/a><\/li><li><a href=\"https:\/\/www.suno.com.br\/noticias\/mercado-financeiro-se-preocupa-pec-da-transicao\/\">Mercado financeiro se preocupa com PEC da transi\u00e7\u00e3o por &#8216;licen\u00e7a para gastar&#8217;<\/a><\/li>\t\t<\/ul>\n\t<\/div>\n\n\n<p>&#8220;[O Congresso] n\u00e3o pode chancelar decis\u00f5es dos pr\u00f3ximos quatro anos no apagar das luzes&#8221;, disse.<\/p>\n<p>\u201cTodos os outros temas da agenda do novo governo merecem ser, primeiro, conhecidos, assim como sua <strong>pol\u00edtica<\/strong> econ\u00f4mica\u201d, acrescentou o ministro.<\/p>\n<p>Apesar do posicionamento, h\u00e1 inten\u00e7\u00e3o, por parte da equipe de <a href=\"https:\/\/www.suno.com.br\/noticias\/citi-lula-corta-exposicao-brasil\/\"><strong>Lula (PT)<\/strong><\/a>, de manter os gastos fora da regra do teto por mais tempo.<\/p>\n\t<p>\n\t\t<a href=\"https:\/\/lp.suno.com.br\/ebook-como-analisar-uma-acao\/\" target=\"_blank\" data-element=\"shortcode-suno-banner\" title=\"Banner SUNO, clique e saiba mais\">\n\t\t\t<picture>\n\t\t\t\t<source media=\"(max-width: 500px)\" srcset=\"https:\/\/files.sunoresearch.com.br\/n\/uploads\/2023\/12\/Ebook-Acoes-Mobile.jpg\">\n\t\t\t\t<img class=\"newsContent__article__imgCapa newsContent__article__imgCapa--banner\"\n\t\t\t\t\tsrc=\"https:\/\/files.sunoresearch.com.br\/n\/uploads\/2023\/12\/Ebook-Acoes-Desktop.webp\"\n\t\t\t\t\tdata-promo-id=\"311260\"\t\t\t\t\t\t\t\t\t\twidth='1420' height='286'\t\t\t\t\talt=\"https:\/\/files.sunoresearch.com.br\/n\/uploads\/2023\/12\/Ebook-Acoes-Desktop.webp\"\n\t\t\t\t>\n\t\t\t<\/picture>\n\t\t<\/a>\n\t<\/p>\n\n\n<h2>PEC da transi\u00e7\u00e3o e furo do teto por quatro anos<\/h2>\n<p>Conforme relatado pelo senador eleito Wellington Dias (PT-PI) na sexta (11), a <a href=\"https:\/\/www.suno.com.br\/noticias\/relator-aponta-teto-de-gastos-pec-da-transicao\/\">PEC deve retirar R$ 175 bilh\u00f5es do teto em 2023<\/a> e ter dura\u00e7\u00e3o de ao menos quatro anos.<\/p>\n<p>Segundo o parlamentar eleito, essa cifra seria aproveitada para custear outros programas sociais como o Minha Casa, Minha Vida, o Farm\u00e1cia Popular.<\/p>\n<p>&#8220;Voc\u00ea tem no Or\u00e7amento uma previs\u00e3o de R$ 105 bilh\u00f5es. Voc\u00ea tem a necessidade de R$ 52 bilh\u00f5es para colocar mais R$ 200 acima dos R$ 400 que estavam previstos, e precisa de mais R$ 18 bilh\u00f5es para garantir o [benef\u00edcio de R$ 150] das crian\u00e7as, garantir o dinheiro para as fam\u00edlias que t\u00eam crian\u00e7as. <strong>S\u00e3o R$ 175 bilh\u00f5es fora do teto<\/strong>&#8220;, disse o senador.<\/p>\n<p>O parlamentar destacou que &#8216;o prazo de quatro anos seria ideal&#8217; e, caso contr\u00e1rio, esse tema seria discutido anualmente.<\/p>\n<p>&#8220;Se tem pessoas passando necessidade e se isso n\u00e3o se resolve em 2023, por que a cada ano tem que criar tens\u00e3o para poder discutir se aprova ou n\u00e3o uma PEC?&#8221;, disse, tamb\u00e9m na sexta (11).<\/p>\n<p>Segundo Dias, h\u00e1 &#8220;dois caminhos&#8221;, um que tiraria o <strong>Aux\u00edlio Brasil ou Bolsa Fam\u00edlia<\/strong> fora do teto, e o outro que teria a fixa\u00e7\u00e3o do prazo at\u00e9 2026, em linha com as inten\u00e7\u00f5es de Lula e da equipe de transi\u00e7\u00e3o.<\/p>\n<p>A <strong>PEC da transi\u00e7\u00e3o<\/strong>, vale lembrar, precisa tramitar pelo Senado, a casa onde \u00e9 mais simples realizar uma altera\u00e7\u00e3o constitucional. Antes disso, deve ir \u00e0 Comiss\u00e3o de Constitui\u00e7\u00e3o e Justi\u00e7a (CCJ) da C\u00e2mara.<\/p>\n\t<p>\n\t\t<a href=\"https:\/\/lp.suno.com.br\/minicurso-investindo-fiis\/\" target=\"_blank\" data-element=\"shortcode-suno-banner\" title=\"Banner SUNO, clique e saiba mais\">\n\t\t\t<picture>\n\t\t\t\t<source media=\"(max-width: 500px)\" srcset=\"https:\/\/files.sunoresearch.com.br\/n\/uploads\/2023\/07\/400x300-Minicurso-FIIS.png\">\n\t\t\t\t<img class=\"newsContent__article__imgCapa newsContent__article__imgCapa--banner\"\n\t\t\t\t\tsrc=\"https:\/\/files.sunoresearch.com.br\/n\/uploads\/2023\/07\/1420x240-Minicurso-FIIS.png\"\n\t\t\t\t\tdata-promo-id=\"311935\"\t\t\t\t\t\t\t\t\t\twidth='1420' height='240'\t\t\t\t\talt=\"https:\/\/files.sunoresearch.com.br\/n\/uploads\/2023\/07\/1420x240-Minicurso-FIIS.png\"\n\t\t\t\t>\n\t\t\t<\/picture>\n\t\t<\/a>\n\t<\/p>\n\n\n","protected":false},"excerpt":{"rendered":"<p>Em nota, o atual ministro Casa Civil, Ciro Nogueira (PP-PI), disse que apoiar\u00e1 a Proposta de emenda \u00e0 Constitui\u00e7\u00e3o da Transi\u00e7\u00e3o, ou PEC da transi\u00e7\u00e3o, para garantir o Aux\u00edlio Brasil &#8211; que voltar\u00e1 a se chamar Bolsa fam\u00edlia &#8211; no valor de R$ 600 e o aumento real do sal\u00e1rio m\u00ednimo. Mercado Financeiro. Fonte: Pixabay [&hellip;]<\/p>\n","protected":false},"author":73,"featured_media":318694,"comment_status":"closed","ping_status":"closed","sticky":false,"template":"","format":"standard","meta":[],"categories":[61],"tags":[97358,83329],"suno_strategy":[],"class_list":["post-318689","post","type-post","status-publish","format-standard","has-post-thumbnail","hentry","category-politica","tag-politica-fiscal","tag-teto-de-gastos"],"yoast_head":"<!-- This site is optimized with the Yoast SEO plugin v24.4 - https:\/\/yoast.com\/wordpress\/plugins\/seo\/ -->\n<title>PEC da Transi\u00e7\u00e3o: Ciro Nogueira defende Bolsa Fam\u00edlia e aumento do Sal\u00e1rio M\u00ednimo fora do teto<\/title>\n<meta name=\"description\" content=\"Atual ministro de Bolsonaro, Ciro Nogueira destacou que defende medida da PEC da Transi\u00e7\u00e3o pelo contexto pol\u00edtico atual. Confira!\" \/>\n<meta name=\"robots\" content=\"index, follow, max-snippet:-1, max-image-preview:large, max-video-preview:-1\" \/>\n<link rel=\"canonical\" href=\"https:\/\/www.suno.com.br\/noticias\/pec-da-transicao-ciro-nogueira-teto-bolsa-familia\/\" \/>\n<meta property=\"og:locale\" content=\"pt_BR\" \/>\n<meta property=\"og:type\" content=\"article\" \/>\n<meta property=\"og:title\" content=\"PEC da Transi\u00e7\u00e3o: Ciro Nogueira defende Bolsa Fam\u00edlia e aumento do Sal\u00e1rio M\u00ednimo fora do teto\" \/>\n<meta property=\"og:description\" content=\"Atual ministro de Bolsonaro, Ciro Nogueira destacou que defende medida da PEC da Transi\u00e7\u00e3o pelo contexto pol\u00edtico atual. Confira!\" \/>\n<meta property=\"og:url\" content=\"https:\/\/www.suno.com.br\/noticias\/pec-da-transicao-ciro-nogueira-teto-bolsa-familia\/\" \/>\n<meta property=\"og:site_name\" content=\"Suno Not\u00edcias\" \/>\n<meta property=\"article:publisher\" content=\"https:\/\/facebook.com\/sunoresearch\" \/>\n<meta property=\"og:image\" content=\"https:\/\/files.sunoresearch.com.br\/n\/uploads\/2022\/11\/ciro-nogueira-pec-da-transicao-scaled.jpg\" \/>\n\t<meta property=\"og:image:width\" content=\"2560\" \/>\n\t<meta property=\"og:image:height\" content=\"1707\" \/>\n\t<meta property=\"og:image:type\" content=\"image\/jpeg\" \/>\n<meta name=\"author\" content=\"Eduardo Vargas\" \/>\n<meta name=\"twitter:card\" content=\"summary_large_image\" \/>\n<meta name=\"twitter:creator\" content=\"@sunoresearch\" \/>\n<meta name=\"twitter:site\" content=\"@sunoresearch\" \/>\n<meta name=\"twitter:label1\" content=\"Escrito por\" \/>\n\t<meta name=\"twitter:data1\" content=\"Eduardo Vargas\" \/>\n\t<meta name=\"twitter:label2\" content=\"Est. tempo de leitura\" \/>\n\t<meta name=\"twitter:data2\" content=\"3 minutos\" \/>\n<script type=\"application\/ld+json\" class=\"yoast-schema-graph\">{\"@context\":\"https:\/\/schema.org\",\"@graph\":[{\"@type\":\"NewsArticle\",\"@id\":\"https:\/\/www.suno.com.br\/noticias\/pec-da-transicao-ciro-nogueira-teto-bolsa-familia\/#article\",\"isPartOf\":{\"@id\":\"https:\/\/www.suno.com.br\/noticias\/pec-da-transicao-ciro-nogueira-teto-bolsa-familia\/\"},\"author\":{\"name\":\"Eduardo Vargas\",\"@id\":\"https:\/\/www.suno.com.br\/noticias\/#\/schema\/person\/7f4d362bf3518e76090143ae77bb49a5\"},\"headline\":\"PEC da Transi\u00e7\u00e3o: Ciro Nogueira defende Bolsa Fam\u00edlia e aumento do Sal\u00e1rio M\u00ednimo fora do teto\",\"datePublished\":\"2022-11-14T13:41:08+00:00\",\"mainEntityOfPage\":{\"@id\":\"https:\/\/www.suno.com.br\/noticias\/pec-da-transicao-ciro-nogueira-teto-bolsa-familia\/\"},\"wordCount\":536,\"publisher\":{\"@id\":\"https:\/\/www.suno.com.br\/noticias\/#organization\"},\"image\":{\"@id\":\"https:\/\/www.suno.com.br\/noticias\/pec-da-transicao-ciro-nogueira-teto-bolsa-familia\/#primaryimage\"},\"thumbnailUrl\":\"https:\/\/files.sunoresearch.com.br\/n\/uploads\/2022\/11\/ciro-nogueira-pec-da-transicao-scaled.jpg\",\"keywords\":[\"pol\u00edtica fiscal\",\"teto de gastos\"],\"articleSection\":[\"Pol\u00edtica\"],\"inLanguage\":\"pt-BR\"},{\"@type\":\"WebPage\",\"@id\":\"https:\/\/www.suno.com.br\/noticias\/pec-da-transicao-ciro-nogueira-teto-bolsa-familia\/\",\"url\":\"https:\/\/www.suno.com.br\/noticias\/pec-da-transicao-ciro-nogueira-teto-bolsa-familia\/\",\"name\":\"PEC da Transi\u00e7\u00e3o: Ciro Nogueira defende Bolsa Fam\u00edlia e aumento do Sal\u00e1rio M\u00ednimo fora do teto\",\"isPartOf\":{\"@id\":\"https:\/\/www.suno.com.br\/noticias\/#website\"},\"primaryImageOfPage\":{\"@id\":\"https:\/\/www.suno.com.br\/noticias\/pec-da-transicao-ciro-nogueira-teto-bolsa-familia\/#primaryimage\"},\"image\":{\"@id\":\"https:\/\/www.suno.com.br\/noticias\/pec-da-transicao-ciro-nogueira-teto-bolsa-familia\/#primaryimage\"},\"thumbnailUrl\":\"https:\/\/files.sunoresearch.com.br\/n\/uploads\/2022\/11\/ciro-nogueira-pec-da-transicao-scaled.jpg\",\"datePublished\":\"2022-11-14T13:41:08+00:00\",\"description\":\"Atual ministro de Bolsonaro, Ciro Nogueira destacou que defende medida da PEC da Transi\u00e7\u00e3o pelo contexto pol\u00edtico atual. Confira!\",\"breadcrumb\":{\"@id\":\"https:\/\/www.suno.com.br\/noticias\/pec-da-transicao-ciro-nogueira-teto-bolsa-familia\/#breadcrumb\"},\"inLanguage\":\"pt-BR\",\"potentialAction\":[{\"@type\":\"ReadAction\",\"target\":[\"https:\/\/www.suno.com.br\/noticias\/pec-da-transicao-ciro-nogueira-teto-bolsa-familia\/\"]}]},{\"@type\":\"ImageObject\",\"inLanguage\":\"pt-BR\",\"@id\":\"https:\/\/www.suno.com.br\/noticias\/pec-da-transicao-ciro-nogueira-teto-bolsa-familia\/#primaryimage\",\"url\":\"https:\/\/files.sunoresearch.com.br\/n\/uploads\/2022\/11\/ciro-nogueira-pec-da-transicao-scaled.jpg\",\"contentUrl\":\"https:\/\/files.sunoresearch.com.br\/n\/uploads\/2022\/11\/ciro-nogueira-pec-da-transicao-scaled.jpg\",\"width\":2560,\"height\":1707,\"caption\":\"O ministro chefe da Casa Civil, Ciro Nogueira, disse que apoia a medida somente em contexto de transi\u00e7\u00e3o - Foto: Fabio Rodrigues Pozzebom\/Ag\u00eancia Brasil\"},{\"@type\":\"BreadcrumbList\",\"@id\":\"https:\/\/www.suno.com.br\/noticias\/pec-da-transicao-ciro-nogueira-teto-bolsa-familia\/#breadcrumb\",\"itemListElement\":[{\"@type\":\"ListItem\",\"position\":1,\"name\":\"Not\u00edcias\",\"item\":\"https:\/\/www.suno.com.br\/noticias\/\"},{\"@type\":\"ListItem\",\"position\":2,\"name\":\"Pol\u00edtica\",\"item\":\"https:\/\/www.suno.com.br\/noticias\/politica\/\"},{\"@type\":\"ListItem\",\"position\":3,\"name\":\"PEC da Transi\u00e7\u00e3o: Ciro Nogueira defende Bolsa Fam\u00edlia e aumento do Sal\u00e1rio M\u00ednimo fora do teto\"}]},{\"@type\":\"WebSite\",\"@id\":\"https:\/\/www.suno.com.br\/noticias\/#website\",\"url\":\"https:\/\/www.suno.com.br\/noticias\/\",\"name\":\"Suno Not\u00edcias\",\"description\":\"Seu portal de informa\u00e7\u00e3o sobre o mundo dos investimentos\",\"publisher\":{\"@id\":\"https:\/\/www.suno.com.br\/noticias\/#organization\"},\"potentialAction\":[{\"@type\":\"SearchAction\",\"target\":{\"@type\":\"EntryPoint\",\"urlTemplate\":\"https:\/\/www.suno.com.br\/noticias\/?s={search_term_string}\"},\"query-input\":{\"@type\":\"PropertyValueSpecification\",\"valueRequired\":true,\"valueName\":\"search_term_string\"}}],\"inLanguage\":\"pt-BR\"},{\"@type\":\"Organization\",\"@id\":\"https:\/\/www.suno.com.br\/noticias\/#organization\",\"name\":\"Suno Not\u00edcias\",\"url\":\"https:\/\/www.suno.com.br\/noticias\/\",\"logo\":{\"@type\":\"ImageObject\",\"inLanguage\":\"pt-BR\",\"@id\":\"https:\/\/www.suno.com.br\/noticias\/#\/schema\/logo\/image\/\",\"url\":\"https:\/\/files.sunoresearch.com.br\/n\/uploads\/2021\/09\/suno-logo.png\",\"contentUrl\":\"https:\/\/files.sunoresearch.com.br\/n\/uploads\/2021\/09\/suno-logo.png\",\"width\":180,\"height\":180,\"caption\":\"Suno Not\u00edcias\"},\"image\":{\"@id\":\"https:\/\/www.suno.com.br\/noticias\/#\/schema\/logo\/image\/\"},\"sameAs\":[\"https:\/\/facebook.com\/sunoresearch\",\"https:\/\/x.com\/sunoresearch\",\"https:\/\/www.instagram.com\/suno\",\"https:\/\/www.linkedin.com\/company\/suno-research\/\",\"https:\/\/www.youtube.com\/c\/sunoresearch\"]},{\"@type\":\"Person\",\"@id\":\"https:\/\/www.suno.com.br\/noticias\/#\/schema\/person\/7f4d362bf3518e76090143ae77bb49a5\",\"name\":\"Eduardo Vargas\",\"image\":{\"@type\":\"ImageObject\",\"inLanguage\":\"pt-BR\",\"@id\":\"https:\/\/www.suno.com.br\/noticias\/#\/schema\/person\/image\/\",\"url\":\"https:\/\/secure.gravatar.com\/avatar\/dac340933427a22924c9f99d1eb2e3f2?s=96&r=g\",\"contentUrl\":\"https:\/\/secure.gravatar.com\/avatar\/dac340933427a22924c9f99d1eb2e3f2?s=96&r=g\",\"caption\":\"Eduardo Vargas\"},\"description\":\"Jornalista formado pela UFSC, cobre macroeconomia, neg\u00f3cios e startups para o Suno Not\u00edcias, escrevendo principalmente not\u00edcias sobre o mercado financeiro e a bolsa de valores. No YouTube e no Instagram, \u00e9 respons\u00e1vel pela produ\u00e7\u00e3o de Reels e Shorts do Suno Not\u00edcias. Anteriormente, trabalhou cobrindo economia e cotidiano no ND+ e para o ND, maior jornal impresso de Santa Catarina. Cursou um semestre letivo de Estudos de M\u00eddia na Universidad de Buenos Aires.\",\"url\":\"https:\/\/www.suno.com.br\/noticias\/author\/eduardo-vargas\/\"}]}<\/script>\n<!-- \/ Yoast SEO plugin. -->","yoast_head_json":{"title":"PEC da Transi\u00e7\u00e3o: Ciro Nogueira defende Bolsa Fam\u00edlia e aumento do Sal\u00e1rio M\u00ednimo fora do teto","description":"Atual ministro de Bolsonaro, Ciro Nogueira destacou que defende medida da PEC da Transi\u00e7\u00e3o pelo contexto pol\u00edtico atual. Confira!","robots":{"index":"index","follow":"follow","max-snippet":"max-snippet:-1","max-image-preview":"max-image-preview:large","max-video-preview":"max-video-preview:-1"},"canonical":"https:\/\/www.suno.com.br\/noticias\/pec-da-transicao-ciro-nogueira-teto-bolsa-familia\/","og_locale":"pt_BR","og_type":"article","og_title":"PEC da Transi\u00e7\u00e3o: Ciro Nogueira defende Bolsa Fam\u00edlia e aumento do Sal\u00e1rio M\u00ednimo fora do teto","og_description":"Atual ministro de Bolsonaro, Ciro Nogueira destacou que defende medida da PEC da Transi\u00e7\u00e3o pelo contexto pol\u00edtico atual. Confira!","og_url":"https:\/\/www.suno.com.br\/noticias\/pec-da-transicao-ciro-nogueira-teto-bolsa-familia\/","og_site_name":"Suno Not\u00edcias","article_publisher":"https:\/\/facebook.com\/sunoresearch","og_image":[{"width":2560,"height":1707,"url":"https:\/\/files.sunoresearch.com.br\/n\/uploads\/2022\/11\/ciro-nogueira-pec-da-transicao-scaled.jpg","type":"image\/jpeg"}],"author":"Eduardo Vargas","twitter_card":"summary_large_image","twitter_creator":"@sunoresearch","twitter_site":"@sunoresearch","twitter_misc":{"Escrito por":"Eduardo Vargas","Est. tempo de leitura":"3 minutos"},"schema":{"@context":"https:\/\/schema.org","@graph":[{"@type":"NewsArticle","@id":"https:\/\/www.suno.com.br\/noticias\/pec-da-transicao-ciro-nogueira-teto-bolsa-familia\/#article","isPartOf":{"@id":"https:\/\/www.suno.com.br\/noticias\/pec-da-transicao-ciro-nogueira-teto-bolsa-familia\/"},"author":{"name":"Eduardo Vargas","@id":"https:\/\/www.suno.com.br\/noticias\/#\/schema\/person\/7f4d362bf3518e76090143ae77bb49a5"},"headline":"PEC da Transi\u00e7\u00e3o: Ciro Nogueira defende Bolsa Fam\u00edlia e aumento do Sal\u00e1rio M\u00ednimo fora do teto","datePublished":"2022-11-14T13:41:08+00:00","mainEntityOfPage":{"@id":"https:\/\/www.suno.com.br\/noticias\/pec-da-transicao-ciro-nogueira-teto-bolsa-familia\/"},"wordCount":536,"publisher":{"@id":"https:\/\/www.suno.com.br\/noticias\/#organization"},"image":{"@id":"https:\/\/www.suno.com.br\/noticias\/pec-da-transicao-ciro-nogueira-teto-bolsa-familia\/#primaryimage"},"thumbnailUrl":"https:\/\/files.sunoresearch.com.br\/n\/uploads\/2022\/11\/ciro-nogueira-pec-da-transicao-scaled.jpg","keywords":["pol\u00edtica fiscal","teto de gastos"],"articleSection":["Pol\u00edtica"],"inLanguage":"pt-BR"},{"@type":"WebPage","@id":"https:\/\/www.suno.com.br\/noticias\/pec-da-transicao-ciro-nogueira-teto-bolsa-familia\/","url":"https:\/\/www.suno.com.br\/noticias\/pec-da-transicao-ciro-nogueira-teto-bolsa-familia\/","name":"PEC da Transi\u00e7\u00e3o: Ciro Nogueira defende Bolsa Fam\u00edlia e aumento do Sal\u00e1rio M\u00ednimo fora do teto","isPartOf":{"@id":"https:\/\/www.suno.com.br\/noticias\/#website"},"primaryImageOfPage":{"@id":"https:\/\/www.suno.com.br\/noticias\/pec-da-transicao-ciro-nogueira-teto-bolsa-familia\/#primaryimage"},"image":{"@id":"https:\/\/www.suno.com.br\/noticias\/pec-da-transicao-ciro-nogueira-teto-bolsa-familia\/#primaryimage"},"thumbnailUrl":"https:\/\/files.sunoresearch.com.br\/n\/uploads\/2022\/11\/ciro-nogueira-pec-da-transicao-scaled.jpg","datePublished":"2022-11-14T13:41:08+00:00","description":"Atual ministro de Bolsonaro, Ciro Nogueira destacou que defende medida da PEC da Transi\u00e7\u00e3o pelo contexto pol\u00edtico atual. Confira!","breadcrumb":{"@id":"https:\/\/www.suno.com.br\/noticias\/pec-da-transicao-ciro-nogueira-teto-bolsa-familia\/#breadcrumb"},"inLanguage":"pt-BR","potentialAction":[{"@type":"ReadAction","target":["https:\/\/www.suno.com.br\/noticias\/pec-da-transicao-ciro-nogueira-teto-bolsa-familia\/"]}]},{"@type":"ImageObject","inLanguage":"pt-BR","@id":"https:\/\/www.suno.com.br\/noticias\/pec-da-transicao-ciro-nogueira-teto-bolsa-familia\/#primaryimage","url":"https:\/\/files.sunoresearch.com.br\/n\/uploads\/2022\/11\/ciro-nogueira-pec-da-transicao-scaled.jpg","contentUrl":"https:\/\/files.sunoresearch.com.br\/n\/uploads\/2022\/11\/ciro-nogueira-pec-da-transicao-scaled.jpg","width":2560,"height":1707,"caption":"O ministro chefe da Casa Civil, Ciro Nogueira, disse que apoia a medida somente em contexto de transi\u00e7\u00e3o - Foto: Fabio Rodrigues Pozzebom\/Ag\u00eancia Brasil"},{"@type":"BreadcrumbList","@id":"https:\/\/www.suno.com.br\/noticias\/pec-da-transicao-ciro-nogueira-teto-bolsa-familia\/#breadcrumb","itemListElement":[{"@type":"ListItem","position":1,"name":"Not\u00edcias","item":"https:\/\/www.suno.com.br\/noticias\/"},{"@type":"ListItem","position":2,"name":"Pol\u00edtica","item":"https:\/\/www.suno.com.br\/noticias\/politica\/"},{"@type":"ListItem","position":3,"name":"PEC da Transi\u00e7\u00e3o: Ciro Nogueira defende Bolsa Fam\u00edlia e aumento do Sal\u00e1rio M\u00ednimo fora do teto"}]},{"@type":"WebSite","@id":"https:\/\/www.suno.com.br\/noticias\/#website","url":"https:\/\/www.suno.com.br\/noticias\/","name":"Suno Not\u00edcias","description":"Seu portal de informa\u00e7\u00e3o sobre o mundo dos investimentos","publisher":{"@id":"https:\/\/www.suno.com.br\/noticias\/#organization"},"potentialAction":[{"@type":"SearchAction","target":{"@type":"EntryPoint","urlTemplate":"https:\/\/www.suno.com.br\/noticias\/?s={search_term_string}"},"query-input":{"@type":"PropertyValueSpecification","valueRequired":true,"valueName":"search_term_string"}}],"inLanguage":"pt-BR"},{"@type":"Organization","@id":"https:\/\/www.suno.com.br\/noticias\/#organization","name":"Suno Not\u00edcias","url":"https:\/\/www.suno.com.br\/noticias\/","logo":{"@type":"ImageObject","inLanguage":"pt-BR","@id":"https:\/\/www.suno.com.br\/noticias\/#\/schema\/logo\/image\/","url":"https:\/\/files.sunoresearch.com.br\/n\/uploads\/2021\/09\/suno-logo.png","contentUrl":"https:\/\/files.sunoresearch.com.br\/n\/uploads\/2021\/09\/suno-logo.png","width":180,"height":180,"caption":"Suno Not\u00edcias"},"image":{"@id":"https:\/\/www.suno.com.br\/noticias\/#\/schema\/logo\/image\/"},"sameAs":["https:\/\/facebook.com\/sunoresearch","https:\/\/x.com\/sunoresearch","https:\/\/www.instagram.com\/suno","https:\/\/www.linkedin.com\/company\/suno-research\/","https:\/\/www.youtube.com\/c\/sunoresearch"]},{"@type":"Person","@id":"https:\/\/www.suno.com.br\/noticias\/#\/schema\/person\/7f4d362bf3518e76090143ae77bb49a5","name":"Eduardo Vargas","image":{"@type":"ImageObject","inLanguage":"pt-BR","@id":"https:\/\/www.suno.com.br\/noticias\/#\/schema\/person\/image\/","url":"https:\/\/secure.gravatar.com\/avatar\/dac340933427a22924c9f99d1eb2e3f2?s=96&r=g","contentUrl":"https:\/\/secure.gravatar.com\/avatar\/dac340933427a22924c9f99d1eb2e3f2?s=96&r=g","caption":"Eduardo Vargas"},"description":"Jornalista formado pela UFSC, cobre macroeconomia, neg\u00f3cios e startups para o Suno Not\u00edcias, escrevendo principalmente not\u00edcias sobre o mercado financeiro e a bolsa de valores. No YouTube e no Instagram, \u00e9 respons\u00e1vel pela produ\u00e7\u00e3o de Reels e Shorts do Suno Not\u00edcias. Anteriormente, trabalhou cobrindo economia e cotidiano no ND+ e para o ND, maior jornal impresso de Santa Catarina. Cursou um semestre letivo de Estudos de M\u00eddia na Universidad de Buenos Aires.","url":"https:\/\/www.suno.com.br\/noticias\/author\/eduardo-vargas\/"}]}},"default_loop_html":"<div class=\"cardsPage__listCard__boxs\"><div class=\"cardsPage__listCard__boxs__img\"><a href=\"https:\/\/www.suno.com.br\/noticias\/mercado-financeiro-se-preocupa-pec-da-transicao\/\"><img class=\"mask\" src=\"https:\/\/www.suno.com.br\/noticias\/wp-content\/themes\/suno\/resources\/images\/spotlight\/spotlight1img\/bg-mask.png\" alt=\"Image Mask\"\/><img src=\"https:\/\/files.sunoresearch.com.br\/n\/uploads\/2022\/11\/hands-g9d39821b7_1280-400x200.jpg\" alt=\"Mercado financeiro se preocupa com PEC da transi\u00e7\u00e3o por &#8216;licen\u00e7a para gastar&#8217;\"\/><\/a><span class=\"spotlightCategory\"><a href=\"https:\/\/www.suno.com.br\/noticias\/economia\/\">Economia<\/a><\/span><\/div><div class=\"cardsPage__listCard__boxs__content\"><a href=\"https:\/\/www.suno.com.br\/noticias\/mercado-financeiro-se-preocupa-pec-da-transicao\/\"><h2 class=\"content__title\">Mercado financeiro se preocupa com PEC da transi\u00e7\u00e3o por &#8216;licen\u00e7a para gastar&#8217;<\/h2><\/a><div class=\"newsContent__article__meta\"><div class=\"newsContent__article__meta__authorBox\"><a href=\"https:\/\/www.suno.com.br\/noticias\/author\/gustavo-silva\/\" class=\"authorBox__avatar noMobi\"><img src=\"https:\/\/files.sunoresearch.com.br\/n\/uploads\/2024\/06\/41337ec3172142e15d749bd3a95a5216.jpeg\" alt=\"Gustavo Bianch\"><\/a><div class=\"authorBox__name\"><span>por\n\t\t\t<a href=\"https:\/\/www.suno.com.br\/noticias\/author\/gustavo-silva\/\"><span itemprop=\"author\">Gustavo Bianch<\/span><\/a><\/span><time datetime=\"2022-11-06T10:30:10-03:00\" itemprop=\"datePublished\">06\/11\/2022 10:30<\/time><\/div><\/div><\/div><\/div><\/div>","single_layout":"posts","amp_enabled":true,"_links":{"self":[{"href":"https:\/\/www.suno.com.br\/noticias\/wp-json\/wp\/v2\/posts\/318689"}],"collection":[{"href":"https:\/\/www.suno.com.br\/noticias\/wp-json\/wp\/v2\/posts"}],"about":[{"href":"https:\/\/www.suno.com.br\/noticias\/wp-json\/wp\/v2\/types\/post"}],"author":[{"embeddable":true,"href":"https:\/\/www.suno.com.br\/noticias\/wp-json\/wp\/v2\/users\/73"}],"replies":[{"embeddable":true,"href":"https:\/\/www.suno.com.br\/noticias\/wp-json\/wp\/v2\/comments?post=318689"}],"version-history":[{"count":1,"href":"https:\/\/www.suno.com.br\/noticias\/wp-json\/wp\/v2\/posts\/318689\/revisions"}],"predecessor-version":[{"id":318696,"href":"https:\/\/www.suno.com.br\/noticias\/wp-json\/wp\/v2\/posts\/318689\/revisions\/318696"}],"wp:featuredmedia":[{"embeddable":true,"href":"https:\/\/www.suno.com.br\/noticias\/wp-json\/wp\/v2\/media\/318694"}],"wp:attachment":[{"href":"https:\/\/www.suno.com.br\/noticias\/wp-json\/wp\/v2\/media?parent=318689"}],"wp:term":[{"taxonomy":"category","embeddable":true,"href":"https:\/\/www.suno.com.br\/noticias\/wp-json\/wp\/v2\/categories?post=318689"},{"taxonomy":"post_tag","embeddable":true,"href":"https:\/\/www.suno.com.br\/noticias\/wp-json\/wp\/v2\/tags?post=318689"},{"taxonomy":"suno_strategy","embeddable":true,"href":"https:\/\/www.suno.com.br\/noticias\/wp-json\/wp\/v2\/suno_strategy?post=318689"}],"curies":[{"name":"wp","href":"https:\/\/api.w.org\/{rel}","templated":true}]}}