{"id":31854,"date":"2019-07-23T14:57:18","date_gmt":"2019-07-23T17:57:18","guid":{"rendered":"https:\/\/www.suno.com.br\/noticias\/?p=31854"},"modified":"2019-07-23T15:02:48","modified_gmt":"2019-07-23T18:02:48","slug":"bancos-publicos-venderam-r-16-bi-em-ativos-em-200-dias-de-governo","status":"publish","type":"post","link":"https:\/\/www.suno.com.br\/noticias\/bancos-publicos-venderam-r-16-bi-em-ativos-em-200-dias-de-governo\/","title":{"rendered":"Bancos p\u00fablicos venderam R$ 16 bi em ativos, em 200 dias de governo"},"content":{"rendered":"<p>Liderados pela<strong> Caixa Econ\u00f4mica Federal<\/strong> e o <strong>Banco do Brasil<\/strong>, os bancos p\u00fablicos est\u00e3o tomando conta das vendas de ativos.\u00a0As atividades j\u00e1 geraram aproximadamente R$ 16 bilh\u00f5es. O valor foi arrecadado em 200 dias de governo do presidente <strong>Jair\u00a0Bolsonaro (PSL)<\/strong>.<\/p>\t<div class=\"wrapper-featured-image\">\n\t\t<figure class=\"spotlightImg\">\n\n\t\t\t<picture>\n\t\t\t\t<source media=\"(max-width: 768px)\" srcset=\"https:\/\/files.sunoresearch.com.br\/n\/uploads\/2019\/05\/fa8930ac-30684352681_9a6c3b7774_k-400x200.webp\">\n\t\t\t\t<img loading=\"lazy\" decoding=\"async\" class=\"newsContent__article__imgCapa lazyloadDisabled newsContent__article__imgCapa--noCaption\" src=\"https:\/\/files.sunoresearch.com.br\/n\/uploads\/2019\/05\/fa8930ac-30684352681_9a6c3b7774_k-800x450.webp\" width=\"800\" height=\"450\" alt=\"Bancos p\u00fablicos venderam R$ 16 bi em ativos, em 200 dias de governo\" fetchpriority=high \/>\n\t\t\t<\/picture>\n\n\t\t\t<figcaption class=\"wp-caption-text wp-caption-text--hide\">linha de cr\u00e9dito<\/figcaption>\n\t\t<\/figure>\n\t<\/div>\n\n\n<p>As vendas de ativos por parte dos <strong>bancos p\u00fablicos<\/strong> s\u00e3o uma indica\u00e7\u00e3o da equipe do ministro da Economia, Paulo Guedes.\u00a0A justificativa para essa medida \u00e9 dada pelo governo como uma forma de &#8220;n\u00e3o competir com banqueiro&#8221;.<\/p>\n\t<p>\n\t\t<a href=\"https:\/\/lp.suno.com.br\/planilha-controle-gastos\/\" target=\"_blank\" data-element=\"shortcode-suno-banner\" title=\"Banner SUNO, clique e saiba mais\">\n\t\t\t<picture>\n\t\t\t\t<source media=\"(max-width: 500px)\" srcset=\"https:\/\/files.sunoresearch.com.br\/n\/uploads\/2023\/03\/400x300-Planilha-controle-de-gastos.png\">\n\t\t\t\t<img class=\"newsContent__article__imgCapa newsContent__article__imgCapa--banner\"\n\t\t\t\t\tsrc=\"https:\/\/files.sunoresearch.com.br\/n\/uploads\/2023\/03\/1420x240-Planilha-controle-de-gastos.png\"\n\t\t\t\t\tdata-promo-id=\"311945\"\t\t\t\t\t\t\t\t\t\twidth='1420' height='240'\t\t\t\t\talt=\"https:\/\/files.sunoresearch.com.br\/n\/uploads\/2023\/03\/1420x240-Planilha-controle-de-gastos.png\"\n\t\t\t\t>\n\t\t\t<\/picture>\n\t\t<\/a>\n\t<\/p>\n\n\n<p>O secret\u00e1rio especial de <strong>Desestatiza\u00e7\u00e3o e Desinvestimento do Minist\u00e9rio da Economia<\/strong>, <strong>Salim Mattar<\/strong>, j\u00e1 evidenciou sua ideia de desestatizar o cr\u00e9dito no Brasil. Para ele, essa \u00e9 uma medida imprescind\u00edvel para diminuir o tamanho das institui\u00e7\u00f5es nesta \u00e1rea.<\/p>\n<p><a href=\"https:\/\/www.suno.com.br\/noticias\/ipca-15-julho-009\/\">Veja tamb\u00e9m:\u00a0IPCA-15: pr\u00e9via da infla\u00e7\u00e3o oficial fica em 0,09% em julho\u00a0<\/a><\/p>\n<p>Para o segundo semestre os planos de vendas j\u00e1 foram feitos. Sendo assim, a ideia \u00e9 aumentar o n\u00famero de vendas e tentar chegar ao US$ 20 bilh\u00f5es, em <strong>privatiza\u00e7\u00f5es<\/strong>. Para chegar a esse valor, o governo busca trabalhar com empresas de energia, saneamento e log\u00edstica. Al\u00e9m disso, tamb\u00e9m est\u00e3o na lista os bancos estatais.<\/p>\n<p>Em entrevista ao jornal &#8220;O Estado de S.Paulo&#8221;, o analista Eduardo Nishio, do Brasil Plural, falou sobre a venda de ativos por parte dos bancos p\u00fablicos.\u201cA maioria dos ativos vendidos pelos bancos p\u00fablicos j\u00e1 estava listada na Bolsa e, por isso, \u00e9 muito mais f\u00e1cil vender. Al\u00e9m de j\u00e1 ter um valor estabelecido, o mercado conhece a hist\u00f3ria das empresas\u201d.<\/p>\n<p>Ele ainda diz que o plano dos bancos com essas vendas \u00e9 &#8220;se desfazer de investimentos que n\u00e3o s\u00e3o foco da opera\u00e7\u00e3o banc\u00e1ria&#8221;.<\/p>\n\t<p>\n\t\t<a href=\"https:\/\/lp2.suno.com.br\/pv\/curso-zero-ao-primeiro-rendimento\/?utm_source=suno-noticias&#038;utm_medium=banner&#038;utm_campaign=_SNC4CCF8112_\" target=\"_blank\" data-element=\"shortcode-suno-banner\" title=\"Banner SUNO, clique e saiba mais\">\n\t\t\t<picture>\n\t\t\t\t<source media=\"(max-width: 500px)\" srcset=\"https:\/\/files.sunoresearch.com.br\/n\/uploads\/2025\/12\/Artigos-e-Noticias-Banner-Materias-02-Mobile_-400x300-1-png.webp\">\n\t\t\t\t<img class=\"newsContent__article__imgCapa newsContent__article__imgCapa--banner\"\n\t\t\t\t\tsrc=\"https:\/\/files.sunoresearch.com.br\/n\/uploads\/2025\/12\/Artigos-e-Noticias-Banner-Materias-01-Desktop_-1420x240-1-png.webp\"\n\t\t\t\t\tdata-promo-id=\"635313\"\t\t\t\t\t\t\t\t\t\twidth='1420' height='240'\t\t\t\t\talt=\"https:\/\/files.sunoresearch.com.br\/n\/uploads\/2025\/12\/Artigos-e-Noticias-Banner-Materias-01-Desktop_-1420x240-1-png.webp\"\n\t\t\t\t>\n\t\t\t<\/picture>\n\t\t<\/a>\n\t<\/p>\n\n\n<h2>BNDES<\/h2>\n<p>O <strong>Banco Nacional de Desenvolvimento Econ\u00f4mico e Social<\/strong> (BNDES) n\u00e3o conseguiu tanto destaque neste per\u00edodo de governo. Isso porque houve uma troca em sua dire\u00e7\u00e3o. Sendo assim, no dia 3 de julho, Gustavo Montezano foi eleito, em reuni\u00e3o extraordin\u00e1ria, o novo presidente do BNDES.<\/p>\n<p>A expectativa, por\u00e9m, \u00e9 que o banco ganhe for\u00e7a no segundo semestre, no quesito de desinvestimentos. Montezano afirmou no dia de sua posse que utilizar\u00e1 o BNDESPar para agilizar o processo de venda de participa\u00e7\u00f5es.<\/p>\n<h2>Caixa<\/h2>\n<p>Pedro Guimar\u00e3es, que atua no comando da Caixa Econ\u00f4mica Federal, disse h\u00e1 pouco tempo que o banco ir\u00e1 fazer mais 15 opera\u00e7\u00f5es. A ideia do <strong>banco p\u00fablico<\/strong> era conseguir R$ 15 bilh\u00f5es em 2019. Entretanto, j\u00e1 conseguiu R$ 10 bilh\u00f5es apenas no primeiro semestre do ano, com a venda de t\u00edtulos da Petrobr\u00e1s e da IRB Brasil Re.<\/p>\n","protected":false},"excerpt":{"rendered":"<p>Liderados pela Caixa Econ\u00f4mica Federal e o Banco do Brasil, os bancos p\u00fablicos est\u00e3o tomando conta das vendas de ativos.\u00a0As atividades j\u00e1 geraram aproximadamente R$ 16 bilh\u00f5es. O valor foi arrecadado em 200 dias de governo do presidente Jair\u00a0Bolsonaro (PSL). linha de cr\u00e9dito As vendas de ativos por parte dos bancos p\u00fablicos s\u00e3o uma indica\u00e7\u00e3o [&hellip;]<\/p>\n","protected":false},"author":19,"featured_media":25046,"comment_status":"closed","ping_status":"closed","sticky":false,"template":"","format":"standard","meta":[],"categories":[62],"tags":[732,757,1199,719],"suno_strategy":[],"class_list":["post-31854","post","type-post","status-publish","format-standard","has-post-thumbnail","hentry","category-economia","tag-banco-do-brasil-bbas3","tag-bndes","tag-caixa-economica-federal-cef","tag-jair-bolsonaro"],"yoast_head":"<!-- This site is optimized with the Yoast SEO plugin v24.4 - https:\/\/yoast.com\/wordpress\/plugins\/seo\/ -->\n<title>Bancos p\u00fablicos venderam R$ 16 bi em ativos, em 200 dias de governo<\/title>\n<meta name=\"description\" content=\"Os bancos p\u00fablicos est\u00e3o tomando conta das vendas de ativos.\u00a0As atividades j\u00e1 geraram aproximadamente R$ 16 bilh\u00f5es. Clique e saiba mais.\" \/>\n<meta name=\"robots\" content=\"index, follow, max-snippet:-1, max-image-preview:large, max-video-preview:-1\" \/>\n<link rel=\"canonical\" href=\"https:\/\/www.suno.com.br\/noticias\/bancos-publicos-venderam-r-16-bi-em-ativos-em-200-dias-de-governo\/\" \/>\n<meta property=\"og:locale\" content=\"pt_BR\" \/>\n<meta property=\"og:type\" content=\"article\" \/>\n<meta property=\"og:title\" content=\"Bancos p\u00fablicos venderam R$ 16 bi em ativos, em 200 dias de governo\" \/>\n<meta property=\"og:description\" content=\"Os bancos p\u00fablicos est\u00e3o tomando conta das vendas de ativos.\u00a0As atividades j\u00e1 geraram aproximadamente R$ 16 bilh\u00f5es. Clique e saiba mais.\" \/>\n<meta property=\"og:url\" content=\"https:\/\/www.suno.com.br\/noticias\/bancos-publicos-venderam-r-16-bi-em-ativos-em-200-dias-de-governo\/\" \/>\n<meta property=\"og:site_name\" content=\"Suno Not\u00edcias\" \/>\n<meta property=\"article:publisher\" content=\"https:\/\/facebook.com\/sunoresearch\" \/>\n<meta property=\"og:image\" content=\"https:\/\/files.sunoresearch.com.br\/n\/uploads\/2019\/05\/fa8930ac-30684352681_9a6c3b7774_k.jpg\" \/>\n\t<meta property=\"og:image:width\" content=\"2048\" \/>\n\t<meta property=\"og:image:height\" content=\"1360\" \/>\n\t<meta property=\"og:image:type\" content=\"image\/jpeg\" \/>\n<meta name=\"author\" content=\"Juliano Passaro\" \/>\n<meta name=\"twitter:card\" content=\"summary_large_image\" \/>\n<meta name=\"twitter:creator\" content=\"@sunoresearch\" \/>\n<meta name=\"twitter:site\" content=\"@sunoresearch\" \/>\n<meta name=\"twitter:label1\" content=\"Escrito por\" \/>\n\t<meta name=\"twitter:data1\" content=\"Juliano Passaro\" \/>\n\t<meta name=\"twitter:label2\" content=\"Est. tempo de leitura\" \/>\n\t<meta name=\"twitter:data2\" content=\"2 minutos\" \/>\n<script type=\"application\/ld+json\" class=\"yoast-schema-graph\">{\"@context\":\"https:\/\/schema.org\",\"@graph\":[{\"@type\":\"NewsArticle\",\"@id\":\"https:\/\/www.suno.com.br\/noticias\/bancos-publicos-venderam-r-16-bi-em-ativos-em-200-dias-de-governo\/#article\",\"isPartOf\":{\"@id\":\"https:\/\/www.suno.com.br\/noticias\/bancos-publicos-venderam-r-16-bi-em-ativos-em-200-dias-de-governo\/\"},\"author\":{\"name\":\"Juliano Passaro\",\"@id\":\"https:\/\/www.suno.com.br\/noticias\/#\/schema\/person\/1db762f78ffd8919a648a63e425953e3\"},\"headline\":\"Bancos p\u00fablicos venderam R$ 16 bi em ativos, em 200 dias de governo\",\"datePublished\":\"2019-07-23T17:57:18+00:00\",\"dateModified\":\"2019-07-23T18:02:48+00:00\",\"mainEntityOfPage\":{\"@id\":\"https:\/\/www.suno.com.br\/noticias\/bancos-publicos-venderam-r-16-bi-em-ativos-em-200-dias-de-governo\/\"},\"wordCount\":461,\"publisher\":{\"@id\":\"https:\/\/www.suno.com.br\/noticias\/#organization\"},\"image\":{\"@id\":\"https:\/\/www.suno.com.br\/noticias\/bancos-publicos-venderam-r-16-bi-em-ativos-em-200-dias-de-governo\/#primaryimage\"},\"thumbnailUrl\":\"https:\/\/files.sunoresearch.com.br\/n\/uploads\/2019\/05\/fa8930ac-30684352681_9a6c3b7774_k-jpg.webp\",\"keywords\":[\"Banco do Brasil (BBAS3)\",\"BNDES\",\"Caixa Econ\u00f4mica Federal (CEF)\",\"Jair Bolsonaro\"],\"articleSection\":[\"Economia\"],\"inLanguage\":\"pt-BR\"},{\"@type\":\"WebPage\",\"@id\":\"https:\/\/www.suno.com.br\/noticias\/bancos-publicos-venderam-r-16-bi-em-ativos-em-200-dias-de-governo\/\",\"url\":\"https:\/\/www.suno.com.br\/noticias\/bancos-publicos-venderam-r-16-bi-em-ativos-em-200-dias-de-governo\/\",\"name\":\"Bancos p\u00fablicos venderam R$ 16 bi em ativos, em 200 dias de governo\",\"isPartOf\":{\"@id\":\"https:\/\/www.suno.com.br\/noticias\/#website\"},\"primaryImageOfPage\":{\"@id\":\"https:\/\/www.suno.com.br\/noticias\/bancos-publicos-venderam-r-16-bi-em-ativos-em-200-dias-de-governo\/#primaryimage\"},\"image\":{\"@id\":\"https:\/\/www.suno.com.br\/noticias\/bancos-publicos-venderam-r-16-bi-em-ativos-em-200-dias-de-governo\/#primaryimage\"},\"thumbnailUrl\":\"https:\/\/files.sunoresearch.com.br\/n\/uploads\/2019\/05\/fa8930ac-30684352681_9a6c3b7774_k-jpg.webp\",\"datePublished\":\"2019-07-23T17:57:18+00:00\",\"dateModified\":\"2019-07-23T18:02:48+00:00\",\"description\":\"Os bancos p\u00fablicos est\u00e3o tomando conta das vendas de ativos.\u00a0As atividades j\u00e1 geraram aproximadamente R$ 16 bilh\u00f5es. Clique e saiba mais.\",\"breadcrumb\":{\"@id\":\"https:\/\/www.suno.com.br\/noticias\/bancos-publicos-venderam-r-16-bi-em-ativos-em-200-dias-de-governo\/#breadcrumb\"},\"inLanguage\":\"pt-BR\",\"potentialAction\":[{\"@type\":\"ReadAction\",\"target\":[\"https:\/\/www.suno.com.br\/noticias\/bancos-publicos-venderam-r-16-bi-em-ativos-em-200-dias-de-governo\/\"]}]},{\"@type\":\"ImageObject\",\"inLanguage\":\"pt-BR\",\"@id\":\"https:\/\/www.suno.com.br\/noticias\/bancos-publicos-venderam-r-16-bi-em-ativos-em-200-dias-de-governo\/#primaryimage\",\"url\":\"https:\/\/files.sunoresearch.com.br\/n\/uploads\/2019\/05\/fa8930ac-30684352681_9a6c3b7774_k-jpg.webp\",\"contentUrl\":\"https:\/\/files.sunoresearch.com.br\/n\/uploads\/2019\/05\/fa8930ac-30684352681_9a6c3b7774_k-jpg.webp\",\"width\":2048,\"height\":1360,\"caption\":\"linha de cr\u00e9dito\"},{\"@type\":\"BreadcrumbList\",\"@id\":\"https:\/\/www.suno.com.br\/noticias\/bancos-publicos-venderam-r-16-bi-em-ativos-em-200-dias-de-governo\/#breadcrumb\",\"itemListElement\":[{\"@type\":\"ListItem\",\"position\":1,\"name\":\"Not\u00edcias\",\"item\":\"https:\/\/www.suno.com.br\/noticias\/\"},{\"@type\":\"ListItem\",\"position\":2,\"name\":\"Economia\",\"item\":\"https:\/\/www.suno.com.br\/noticias\/economia\/\"},{\"@type\":\"ListItem\",\"position\":3,\"name\":\"Bancos p\u00fablicos venderam R$ 16 bi em ativos, em 200 dias de governo\"}]},{\"@type\":\"WebSite\",\"@id\":\"https:\/\/www.suno.com.br\/noticias\/#website\",\"url\":\"https:\/\/www.suno.com.br\/noticias\/\",\"name\":\"Suno Not\u00edcias\",\"description\":\"Seu portal de informa\u00e7\u00e3o sobre o mundo dos investimentos\",\"publisher\":{\"@id\":\"https:\/\/www.suno.com.br\/noticias\/#organization\"},\"potentialAction\":[{\"@type\":\"SearchAction\",\"target\":{\"@type\":\"EntryPoint\",\"urlTemplate\":\"https:\/\/www.suno.com.br\/noticias\/?s={search_term_string}\"},\"query-input\":{\"@type\":\"PropertyValueSpecification\",\"valueRequired\":true,\"valueName\":\"search_term_string\"}}],\"inLanguage\":\"pt-BR\"},{\"@type\":\"Organization\",\"@id\":\"https:\/\/www.suno.com.br\/noticias\/#organization\",\"name\":\"Suno Not\u00edcias\",\"url\":\"https:\/\/www.suno.com.br\/noticias\/\",\"logo\":{\"@type\":\"ImageObject\",\"inLanguage\":\"pt-BR\",\"@id\":\"https:\/\/www.suno.com.br\/noticias\/#\/schema\/logo\/image\/\",\"url\":\"https:\/\/files.sunoresearch.com.br\/n\/uploads\/2021\/09\/suno-logo.png\",\"contentUrl\":\"https:\/\/files.sunoresearch.com.br\/n\/uploads\/2021\/09\/suno-logo.png\",\"width\":180,\"height\":180,\"caption\":\"Suno Not\u00edcias\"},\"image\":{\"@id\":\"https:\/\/www.suno.com.br\/noticias\/#\/schema\/logo\/image\/\"},\"sameAs\":[\"https:\/\/facebook.com\/sunoresearch\",\"https:\/\/x.com\/sunoresearch\",\"https:\/\/www.instagram.com\/suno\",\"https:\/\/www.linkedin.com\/company\/suno-research\/\",\"https:\/\/www.youtube.com\/c\/sunoresearch\"]},{\"@type\":\"Person\",\"@id\":\"https:\/\/www.suno.com.br\/noticias\/#\/schema\/person\/1db762f78ffd8919a648a63e425953e3\",\"name\":\"Juliano Passaro\",\"image\":{\"@type\":\"ImageObject\",\"inLanguage\":\"pt-BR\",\"@id\":\"https:\/\/www.suno.com.br\/noticias\/#\/schema\/person\/image\/\",\"url\":\"https:\/\/secure.gravatar.com\/avatar\/743d4df28eebf6dcc46b4ad03c319e92?s=96&r=g\",\"contentUrl\":\"https:\/\/secure.gravatar.com\/avatar\/743d4df28eebf6dcc46b4ad03c319e92?s=96&r=g\",\"caption\":\"Juliano Passaro\"},\"description\":\"Juliano Passaro escreve sobre pol\u00edtica, economia e neg\u00f3cios para o portal da Suno Research. Antes da Suno, trabalhou no Portal da Band. \u00c9 formado em jornalismo pela Universidade Presbiteriana Mackenzie.\",\"url\":\"https:\/\/www.suno.com.br\/noticias\/author\/juliano\/\"}]}<\/script>\n<!-- \/ Yoast SEO plugin. -->","yoast_head_json":{"title":"Bancos p\u00fablicos venderam R$ 16 bi em ativos, em 200 dias de governo","description":"Os bancos p\u00fablicos est\u00e3o tomando conta das vendas de ativos.\u00a0As atividades j\u00e1 geraram aproximadamente R$ 16 bilh\u00f5es. Clique e saiba mais.","robots":{"index":"index","follow":"follow","max-snippet":"max-snippet:-1","max-image-preview":"max-image-preview:large","max-video-preview":"max-video-preview:-1"},"canonical":"https:\/\/www.suno.com.br\/noticias\/bancos-publicos-venderam-r-16-bi-em-ativos-em-200-dias-de-governo\/","og_locale":"pt_BR","og_type":"article","og_title":"Bancos p\u00fablicos venderam R$ 16 bi em ativos, em 200 dias de governo","og_description":"Os bancos p\u00fablicos est\u00e3o tomando conta das vendas de ativos.\u00a0As atividades j\u00e1 geraram aproximadamente R$ 16 bilh\u00f5es. Clique e saiba mais.","og_url":"https:\/\/www.suno.com.br\/noticias\/bancos-publicos-venderam-r-16-bi-em-ativos-em-200-dias-de-governo\/","og_site_name":"Suno Not\u00edcias","article_publisher":"https:\/\/facebook.com\/sunoresearch","og_image":[{"width":2048,"height":1360,"url":"https:\/\/files.sunoresearch.com.br\/n\/uploads\/2019\/05\/fa8930ac-30684352681_9a6c3b7774_k.jpg","type":"image\/jpeg"}],"author":"Juliano Passaro","twitter_card":"summary_large_image","twitter_creator":"@sunoresearch","twitter_site":"@sunoresearch","twitter_misc":{"Escrito por":"Juliano Passaro","Est. tempo de leitura":"2 minutos"},"schema":{"@context":"https:\/\/schema.org","@graph":[{"@type":"NewsArticle","@id":"https:\/\/www.suno.com.br\/noticias\/bancos-publicos-venderam-r-16-bi-em-ativos-em-200-dias-de-governo\/#article","isPartOf":{"@id":"https:\/\/www.suno.com.br\/noticias\/bancos-publicos-venderam-r-16-bi-em-ativos-em-200-dias-de-governo\/"},"author":{"name":"Juliano Passaro","@id":"https:\/\/www.suno.com.br\/noticias\/#\/schema\/person\/1db762f78ffd8919a648a63e425953e3"},"headline":"Bancos p\u00fablicos venderam R$ 16 bi em ativos, em 200 dias de governo","datePublished":"2019-07-23T17:57:18+00:00","dateModified":"2019-07-23T18:02:48+00:00","mainEntityOfPage":{"@id":"https:\/\/www.suno.com.br\/noticias\/bancos-publicos-venderam-r-16-bi-em-ativos-em-200-dias-de-governo\/"},"wordCount":461,"publisher":{"@id":"https:\/\/www.suno.com.br\/noticias\/#organization"},"image":{"@id":"https:\/\/www.suno.com.br\/noticias\/bancos-publicos-venderam-r-16-bi-em-ativos-em-200-dias-de-governo\/#primaryimage"},"thumbnailUrl":"https:\/\/files.sunoresearch.com.br\/n\/uploads\/2019\/05\/fa8930ac-30684352681_9a6c3b7774_k-jpg.webp","keywords":["Banco do Brasil (BBAS3)","BNDES","Caixa Econ\u00f4mica Federal (CEF)","Jair Bolsonaro"],"articleSection":["Economia"],"inLanguage":"pt-BR"},{"@type":"WebPage","@id":"https:\/\/www.suno.com.br\/noticias\/bancos-publicos-venderam-r-16-bi-em-ativos-em-200-dias-de-governo\/","url":"https:\/\/www.suno.com.br\/noticias\/bancos-publicos-venderam-r-16-bi-em-ativos-em-200-dias-de-governo\/","name":"Bancos p\u00fablicos venderam R$ 16 bi em ativos, em 200 dias de governo","isPartOf":{"@id":"https:\/\/www.suno.com.br\/noticias\/#website"},"primaryImageOfPage":{"@id":"https:\/\/www.suno.com.br\/noticias\/bancos-publicos-venderam-r-16-bi-em-ativos-em-200-dias-de-governo\/#primaryimage"},"image":{"@id":"https:\/\/www.suno.com.br\/noticias\/bancos-publicos-venderam-r-16-bi-em-ativos-em-200-dias-de-governo\/#primaryimage"},"thumbnailUrl":"https:\/\/files.sunoresearch.com.br\/n\/uploads\/2019\/05\/fa8930ac-30684352681_9a6c3b7774_k-jpg.webp","datePublished":"2019-07-23T17:57:18+00:00","dateModified":"2019-07-23T18:02:48+00:00","description":"Os bancos p\u00fablicos est\u00e3o tomando conta das vendas de ativos.\u00a0As atividades j\u00e1 geraram aproximadamente R$ 16 bilh\u00f5es. Clique e saiba mais.","breadcrumb":{"@id":"https:\/\/www.suno.com.br\/noticias\/bancos-publicos-venderam-r-16-bi-em-ativos-em-200-dias-de-governo\/#breadcrumb"},"inLanguage":"pt-BR","potentialAction":[{"@type":"ReadAction","target":["https:\/\/www.suno.com.br\/noticias\/bancos-publicos-venderam-r-16-bi-em-ativos-em-200-dias-de-governo\/"]}]},{"@type":"ImageObject","inLanguage":"pt-BR","@id":"https:\/\/www.suno.com.br\/noticias\/bancos-publicos-venderam-r-16-bi-em-ativos-em-200-dias-de-governo\/#primaryimage","url":"https:\/\/files.sunoresearch.com.br\/n\/uploads\/2019\/05\/fa8930ac-30684352681_9a6c3b7774_k-jpg.webp","contentUrl":"https:\/\/files.sunoresearch.com.br\/n\/uploads\/2019\/05\/fa8930ac-30684352681_9a6c3b7774_k-jpg.webp","width":2048,"height":1360,"caption":"linha de cr\u00e9dito"},{"@type":"BreadcrumbList","@id":"https:\/\/www.suno.com.br\/noticias\/bancos-publicos-venderam-r-16-bi-em-ativos-em-200-dias-de-governo\/#breadcrumb","itemListElement":[{"@type":"ListItem","position":1,"name":"Not\u00edcias","item":"https:\/\/www.suno.com.br\/noticias\/"},{"@type":"ListItem","position":2,"name":"Economia","item":"https:\/\/www.suno.com.br\/noticias\/economia\/"},{"@type":"ListItem","position":3,"name":"Bancos p\u00fablicos venderam R$ 16 bi em ativos, em 200 dias de governo"}]},{"@type":"WebSite","@id":"https:\/\/www.suno.com.br\/noticias\/#website","url":"https:\/\/www.suno.com.br\/noticias\/","name":"Suno Not\u00edcias","description":"Seu portal de informa\u00e7\u00e3o sobre o mundo dos investimentos","publisher":{"@id":"https:\/\/www.suno.com.br\/noticias\/#organization"},"potentialAction":[{"@type":"SearchAction","target":{"@type":"EntryPoint","urlTemplate":"https:\/\/www.suno.com.br\/noticias\/?s={search_term_string}"},"query-input":{"@type":"PropertyValueSpecification","valueRequired":true,"valueName":"search_term_string"}}],"inLanguage":"pt-BR"},{"@type":"Organization","@id":"https:\/\/www.suno.com.br\/noticias\/#organization","name":"Suno Not\u00edcias","url":"https:\/\/www.suno.com.br\/noticias\/","logo":{"@type":"ImageObject","inLanguage":"pt-BR","@id":"https:\/\/www.suno.com.br\/noticias\/#\/schema\/logo\/image\/","url":"https:\/\/files.sunoresearch.com.br\/n\/uploads\/2021\/09\/suno-logo.png","contentUrl":"https:\/\/files.sunoresearch.com.br\/n\/uploads\/2021\/09\/suno-logo.png","width":180,"height":180,"caption":"Suno Not\u00edcias"},"image":{"@id":"https:\/\/www.suno.com.br\/noticias\/#\/schema\/logo\/image\/"},"sameAs":["https:\/\/facebook.com\/sunoresearch","https:\/\/x.com\/sunoresearch","https:\/\/www.instagram.com\/suno","https:\/\/www.linkedin.com\/company\/suno-research\/","https:\/\/www.youtube.com\/c\/sunoresearch"]},{"@type":"Person","@id":"https:\/\/www.suno.com.br\/noticias\/#\/schema\/person\/1db762f78ffd8919a648a63e425953e3","name":"Juliano Passaro","image":{"@type":"ImageObject","inLanguage":"pt-BR","@id":"https:\/\/www.suno.com.br\/noticias\/#\/schema\/person\/image\/","url":"https:\/\/secure.gravatar.com\/avatar\/743d4df28eebf6dcc46b4ad03c319e92?s=96&r=g","contentUrl":"https:\/\/secure.gravatar.com\/avatar\/743d4df28eebf6dcc46b4ad03c319e92?s=96&r=g","caption":"Juliano Passaro"},"description":"Juliano Passaro escreve sobre pol\u00edtica, economia e neg\u00f3cios para o portal da Suno Research. Antes da Suno, trabalhou no Portal da Band. \u00c9 formado em jornalismo pela Universidade Presbiteriana Mackenzie.","url":"https:\/\/www.suno.com.br\/noticias\/author\/juliano\/"}]}},"default_loop_html":"<div class=\"cardsPage__listCard__boxs\"><div class=\"cardsPage__listCard__boxs__img\"><a href=\"https:\/\/www.suno.com.br\/noticias\/bancos-publicos-venderam-r-16-bi-em-ativos-em-200-dias-de-governo\/\"><img class=\"mask\" src=\"https:\/\/www.suno.com.br\/noticias\/wp-content\/themes\/suno\/resources\/images\/spotlight\/spotlight1img\/bg-mask.png\" alt=\"Image Mask\"\/><img src=\"https:\/\/files.sunoresearch.com.br\/n\/uploads\/2019\/05\/fa8930ac-30684352681_9a6c3b7774_k-400x200.webp\" alt=\"Bancos p\u00fablicos venderam R$ 16 bi em ativos, em 200 dias de governo\"\/><\/a><span class=\"spotlightCategory\"><a href=\"https:\/\/www.suno.com.br\/noticias\/economia\/\">Economia<\/a><\/span><\/div><div class=\"cardsPage__listCard__boxs__content\"><a href=\"https:\/\/www.suno.com.br\/noticias\/bancos-publicos-venderam-r-16-bi-em-ativos-em-200-dias-de-governo\/\"><h2 class=\"content__title\">Bancos p\u00fablicos venderam R$ 16 bi em ativos, em 200 dias de governo<\/h2><\/a><div class=\"newsContent__article__meta\"><div class=\"newsContent__article__meta__authorBox\"><a href=\"https:\/\/www.suno.com.br\/noticias\/author\/juliano\/\" class=\"authorBox__avatar noMobi\"><img src=\"https:\/\/files.sunoresearch.com.br\/n\/uploads\/2019\/06\/7cc3efea-whatsapp-image-2019-07-18-at-21.59.33-e1563499821209-150x150.webp\" alt=\"Juliano Passaro\"><\/a><div class=\"authorBox__name\"><span>por\n\t\t\t<a href=\"https:\/\/www.suno.com.br\/noticias\/author\/juliano\/\"><span itemprop=\"author\">Juliano Passaro<\/span><\/a><\/span><time datetime=\"2019-07-23T14:57:18-03:00\" itemprop=\"datePublished\">23\/07\/2019 14:57<\/time><\/div><\/div><\/div><\/div><\/div>","single_layout":"posts","amp_enabled":true,"_links":{"self":[{"href":"https:\/\/www.suno.com.br\/noticias\/wp-json\/wp\/v2\/posts\/31854"}],"collection":[{"href":"https:\/\/www.suno.com.br\/noticias\/wp-json\/wp\/v2\/posts"}],"about":[{"href":"https:\/\/www.suno.com.br\/noticias\/wp-json\/wp\/v2\/types\/post"}],"author":[{"embeddable":true,"href":"https:\/\/www.suno.com.br\/noticias\/wp-json\/wp\/v2\/users\/19"}],"replies":[{"embeddable":true,"href":"https:\/\/www.suno.com.br\/noticias\/wp-json\/wp\/v2\/comments?post=31854"}],"version-history":[{"count":0,"href":"https:\/\/www.suno.com.br\/noticias\/wp-json\/wp\/v2\/posts\/31854\/revisions"}],"wp:featuredmedia":[{"embeddable":true,"href":"https:\/\/www.suno.com.br\/noticias\/wp-json\/wp\/v2\/media\/25046"}],"wp:attachment":[{"href":"https:\/\/www.suno.com.br\/noticias\/wp-json\/wp\/v2\/media?parent=31854"}],"wp:term":[{"taxonomy":"category","embeddable":true,"href":"https:\/\/www.suno.com.br\/noticias\/wp-json\/wp\/v2\/categories?post=31854"},{"taxonomy":"post_tag","embeddable":true,"href":"https:\/\/www.suno.com.br\/noticias\/wp-json\/wp\/v2\/tags?post=31854"},{"taxonomy":"suno_strategy","embeddable":true,"href":"https:\/\/www.suno.com.br\/noticias\/wp-json\/wp\/v2\/suno_strategy?post=31854"}],"curies":[{"name":"wp","href":"https:\/\/api.w.org\/{rel}","templated":true}]}}