{"id":318451,"date":"2022-11-12T15:16:21","date_gmt":"2022-11-12T18:16:21","guid":{"rendered":"https:\/\/www.suno.com.br\/noticias\/?p=318451"},"modified":"2022-11-12T18:40:47","modified_gmt":"2022-11-12T21:40:47","slug":"citi-lula-corta-exposicao-brasil","status":"publish","type":"post","link":"https:\/\/www.suno.com.br\/noticias\/citi-lula-corta-exposicao-brasil\/","title":{"rendered":"Citi diz que mercado pode ter se enganado sobre Lula e corta sua exposi\u00e7\u00e3o no Brasil"},"content":{"rendered":"<p>O Citi cortou sua exposi\u00e7\u00e3o a riscos no Brasil, ap\u00f3s reavaliar suas posi\u00e7\u00f5es no pa\u00eds, em meio \u00e0s falas de <strong>Lula<\/strong> que repercutiram no <a class=\"suno-keyword\" href=\"https:\/\/www.suno.com.br\/guias\/mercado-financeiro\/\" target=\"_blank\" rel=\"noopener\" data-force=\"no\" data-priority=\"2\">mercado financeiro<\/a> nesta quinta-feira (10). Em relat\u00f3rio, o banco disse que o mercado financeiro pode ter se enganado sobre o presidente eleito para 2023.<\/p>\t<div class=\"wrapper-featured-image\">\n\t\t<figure class=\"spotlightImg\">\n\n\t\t\t<picture>\n\t\t\t\t<source media=\"(max-width: 768px)\" srcset=\"https:\/\/files.sunoresearch.com.br\/n\/uploads\/2022\/11\/lula-ccbb-400x200.jpg\">\n\t\t\t\t<img loading=\"lazy\" decoding=\"async\" class=\"newsContent__article__imgCapa lazyloadDisabled \" src=\"https:\/\/files.sunoresearch.com.br\/n\/uploads\/2022\/11\/lula-ccbb-800x450.jpg\" width=\"800\" height=\"450\" alt=\"Citi diz que mercado pode ter se enganado sobre Lula e corta sua exposi\u00e7\u00e3o no Brasil\" fetchpriority=high \/>\n\t\t\t<\/picture>\n\n\t\t\t<figcaption class=\"wp-caption-text wp-caption-text--show\">Lula decreta interven\u00e7\u00e3o federal na seguran\u00e7a p\u00fablica do Distrito Federal. . Foto: Marcelo Camargo\/Ag\u00eancia Brasil<\/figcaption>\n\t\t<\/figure>\n\t<\/div>\n\n\n\t<p>\n\t\t<a href=\"https:\/\/lp2.suno.com.br\/cl\/black-friday-2025\/?utm_campaign=_SNCDF0E4858_\" target=\"_blank\" data-element=\"shortcode-suno-banner\" title=\"Banner SUNO, clique e saiba mais\">\n\t\t\t<picture>\n\t\t\t\t<source media=\"(max-width: 500px)\" srcset=\"https:\/\/files.sunoresearch.com.br\/n\/uploads\/2025\/10\/Artigos-e-Noticias-Banner-Home-artigos-01-Mobile_-400x300-1-png.webp\">\n\t\t\t\t<img class=\"newsContent__article__imgCapa newsContent__article__imgCapa--banner\"\n\t\t\t\t\tsrc=\"https:\/\/files.sunoresearch.com.br\/n\/uploads\/2025\/10\/Artigos-e-Noticias-Banner-Home-artigos-01-Desktop_-1420x240-1-png.webp\"\n\t\t\t\t\tdata-promo-id=\"311259\"\t\t\t\t\t\t\t\t\t\twidth='1420' height='240'\t\t\t\t\talt=\"https:\/\/files.sunoresearch.com.br\/n\/uploads\/2025\/10\/Artigos-e-Noticias-Banner-Home-artigos-01-Desktop_-1420x240-1-png.webp\"\n\t\t\t\t>\n\t\t\t<\/picture>\n\t\t<\/a>\n\t<\/p>\n\n\n<p>\u201cO mercado parecia ter se convencido de que o <strong>presidente Lula<\/strong> seria fiscalmente ortodoxo. O fluxo de not\u00edcias mais recente agora coloca essa hip\u00f3tese em d\u00favida\u201d, diz o chefe de estrat\u00e9gia de mercados emergentes do Citi Research, Dirk Willer, em relat\u00f3rio do banco.<\/p>\n<p>A fala do representante do Citi se deu ap\u00f3s a forte queda das a\u00e7\u00f5es brasileiras nesta \u00faltima quinta-feira, reflexo do crescente temor em rela\u00e7\u00e3o a um poss\u00edvel descontrole fiscal no <strong>governo Lula<\/strong>.<\/p>\n\t<div data-element=\"shortcode-read-more\" class=\"knowMore\">\n\t\t\t\t<span class=\"knowMore__title\">Leia mais:<\/span>\n\t\t\t\t<a class=\"knowMore__link\" href=\"https:\/\/www.suno.com.br\/noticias\/b3-b3sa3-recomendacao-compra-genial-investimentos\/\">\n\t\t\tB3 (B3SA3): Genial reitera recomenda\u00e7\u00e3o de compra, mas prev\u00ea &quot;cen\u00e1rio desafiador no curto prazo&quot;\t\t<\/a>\n\t<\/div>\n\n\n<p>O presidente eleito do Brasil, <strong>Luiz In\u00e1cio Lula da Silva<\/strong>, vem criticando as atuais regras fiscais do pa\u00eds. Al\u00e9m disso, por meio de uma Proposta de Emenda \u00e0 Constitui\u00e7\u00e3o (PEC), Lula pretende inserir gastos fora do teto para o ano que vem.<\/p>\n<p>Outro fator que repercutiu entre os investidores \u00e9 a forma\u00e7\u00e3o da equipe de transi\u00e7\u00e3o de governo, sobretudo ap\u00f3s o nome do ex-ministro da Fazenda, Guido Mantega, ter sido inclu\u00eddo na lista.<\/p>\n<h2>A queda do Ibovespa ap\u00f3s as falas de Lula<\/h2>\n<p>O<strong> Ibovespa <\/strong>fechou a sess\u00e3o da \u00faltima quinta-feira em forte queda de 3,35%, a maior desvaloriza\u00e7\u00e3o di\u00e1ria desde novembro de 2021. Na ocasi\u00e3o, a <strong>cota\u00e7\u00e3o do d\u00f3lar <\/strong>terminou em alta superior a 4%, a mais relevante desde o come\u00e7o da pandemia. Por fim, os <a class=\"suno-keyword\" href=\"https:\/\/www.suno.com.br\/artigos\/juros-futuros\/\" target=\"_blank\" rel=\"noopener\" data-force=\"no\" data-priority=\"1\">juros futuros<\/a> tamb\u00e9m dispararam.<\/p>\n<p>Em rela\u00e7\u00e3o \u00e0 queda do Ibovespa, Willer destacou que os ativos de renda vari\u00e1vel estavam muito atrativos no Brasil antes desse acontecimento. O especialista acredita que \u201ca aloca\u00e7\u00e3o provavelmente est\u00e1 saturada, o que pode levar a um tempo de rea\u00e7\u00e3o mais longo do que apenas um dia\u201d.<\/p>\n<p>Um dos fatores que pesaram para que o Citi cortasse suas exposi\u00e7\u00f5es no Brasil foi justamente esse contexto desfavor\u00e1vel constru\u00eddo ap\u00f3s as <strong>falas de Lula<\/strong>.<\/p>\n<p>Willer explica que \u201co fato de a not\u00edcia chegar num momento em que o resto do universo emergente est\u00e1 recebendo forte apoio de um \u00edndice de pre\u00e7os ao consumidor dos EUA abaixo do esperado n\u00e3o ajuda. Por isso, passamos a ficar de lado e cortamos nosso <a class=\"suno-keyword\" href=\"https:\/\/www.suno.com.br\/artigos\/embi\/\" target=\"_blank\" rel=\"noopener\" data-force=\"no\" data-priority=\"1\">risco Brasil<\/a>\u201d.<\/p>\n<p>Enquanto as bolsas l\u00e1 fora viviam um intenso otimismo ap\u00f3s a divulga\u00e7\u00e3o da infla\u00e7\u00e3o americana abaixo do esperado, o Brasil passava por um momento oposto. Al\u00e9m dos fatores pol\u00edticos, o IPCA (\u00cdndice de Pre\u00e7os ao Consumidor Amplo) veio acima do teto das proje\u00e7\u00f5es do mercado, a 0,59% em outubro.<\/p>\n<p>Assim, o Citi diminuiu as posi\u00e7\u00f5es vendidas do banco no par d\u00f3lar australiano\/real. Na carteira de t\u00edtulos de pa\u00edses emergentes do banco, o Brasil voltou a ter uma posi\u00e7\u00e3o de neutralidade.<\/p>\n<p>Apesar das observa\u00e7\u00f5es colocadas e do corte realizado pelo banco em sua exposi\u00e7\u00e3o no Brasil, Willer diz que a vis\u00e3o do Citi \u00e9 de que o governo de <strong>Lula<\/strong> pode eventualmente ter uma posi\u00e7\u00e3o mais moderada em rela\u00e7\u00e3o ao regime fiscal.<\/p>\n\t<p>\n\t\t<a href=\"https:\/\/lp.suno.com.br\/ebook-como-analisar-uma-acao\/\" target=\"_blank\" data-element=\"shortcode-suno-banner\" title=\"Banner SUNO, clique e saiba mais\">\n\t\t\t<picture>\n\t\t\t\t<source media=\"(max-width: 500px)\" srcset=\"https:\/\/files.sunoresearch.com.br\/n\/uploads\/2023\/12\/Ebook-Acoes-Mobile.jpg\">\n\t\t\t\t<img class=\"newsContent__article__imgCapa newsContent__article__imgCapa--banner\"\n\t\t\t\t\tsrc=\"https:\/\/files.sunoresearch.com.br\/n\/uploads\/2023\/12\/Ebook-Acoes-Desktop.webp\"\n\t\t\t\t\tdata-promo-id=\"311260\"\t\t\t\t\t\t\t\t\t\twidth='1420' height='286'\t\t\t\t\talt=\"https:\/\/files.sunoresearch.com.br\/n\/uploads\/2023\/12\/Ebook-Acoes-Desktop.webp\"\n\t\t\t\t>\n\t\t\t<\/picture>\n\t\t<\/a>\n\t<\/p>\n\n\n","protected":false},"excerpt":{"rendered":"<p>O Citi cortou sua exposi\u00e7\u00e3o a riscos no Brasil, ap\u00f3s reavaliar suas posi\u00e7\u00f5es no pa\u00eds, em meio \u00e0s falas de Lula que repercutiram no mercado financeiro nesta quinta-feira (10). Em relat\u00f3rio, o banco disse que o mercado financeiro pode ter se enganado sobre o presidente eleito para 2023. Lula decreta interven\u00e7\u00e3o federal na seguran\u00e7a p\u00fablica [&hellip;]<\/p>\n","protected":false},"author":173,"featured_media":318132,"comment_status":"closed","ping_status":"closed","sticky":false,"template":"","format":"standard","meta":[],"categories":[60],"tags":[709],"suno_strategy":[],"class_list":["post-318451","post","type-post","status-publish","format-standard","has-post-thumbnail","hentry","category-mercado","tag-lula"],"yoast_head":"<!-- This site is optimized with the Yoast SEO plugin v24.4 - https:\/\/yoast.com\/wordpress\/plugins\/seo\/ -->\n<title>Citi diz que mercado pode ter se enganado sobre Lula e corta sua exposi\u00e7\u00e3o no Brasil<\/title>\n<meta name=\"description\" content=\"O estrategista do Citi afirmou que o mercado pode ter se enganado sobre Lula e corta sua exposi\u00e7\u00e3o no Brasil. Veja o que disse o Citi.\" \/>\n<meta name=\"robots\" content=\"index, follow, max-snippet:-1, max-image-preview:large, max-video-preview:-1\" \/>\n<link rel=\"canonical\" href=\"https:\/\/www.suno.com.br\/noticias\/citi-lula-corta-exposicao-brasil\/\" \/>\n<meta property=\"og:locale\" content=\"pt_BR\" \/>\n<meta property=\"og:type\" content=\"article\" \/>\n<meta property=\"og:title\" content=\"Citi diz que mercado pode ter se enganado sobre Lula e corta sua exposi\u00e7\u00e3o no Brasil\" \/>\n<meta property=\"og:description\" content=\"O estrategista do Citi afirmou que o mercado pode ter se enganado sobre Lula e corta sua exposi\u00e7\u00e3o no Brasil. Veja o que disse o Citi.\" \/>\n<meta property=\"og:url\" content=\"https:\/\/www.suno.com.br\/noticias\/citi-lula-corta-exposicao-brasil\/\" \/>\n<meta property=\"og:site_name\" content=\"Suno Not\u00edcias\" \/>\n<meta property=\"article:publisher\" content=\"https:\/\/facebook.com\/sunoresearch\" \/>\n<meta property=\"og:image\" content=\"https:\/\/files.sunoresearch.com.br\/n\/uploads\/2022\/11\/lula-ccbb-scaled.jpg\" \/>\n\t<meta property=\"og:image:width\" content=\"2560\" \/>\n\t<meta property=\"og:image:height\" content=\"1707\" \/>\n\t<meta property=\"og:image:type\" content=\"image\/jpeg\" \/>\n<meta name=\"author\" content=\"Jo\u00e3o Vitor\" \/>\n<meta name=\"twitter:card\" content=\"summary_large_image\" \/>\n<meta name=\"twitter:creator\" content=\"@sunoresearch\" \/>\n<meta name=\"twitter:site\" content=\"@sunoresearch\" \/>\n<meta name=\"twitter:label1\" content=\"Escrito por\" \/>\n\t<meta name=\"twitter:data1\" content=\"Jo\u00e3o Vitor\" \/>\n\t<meta name=\"twitter:label2\" content=\"Est. tempo de leitura\" \/>\n\t<meta name=\"twitter:data2\" content=\"3 minutos\" \/>\n<script type=\"application\/ld+json\" class=\"yoast-schema-graph\">{\"@context\":\"https:\/\/schema.org\",\"@graph\":[{\"@type\":\"NewsArticle\",\"@id\":\"https:\/\/www.suno.com.br\/noticias\/citi-lula-corta-exposicao-brasil\/#article\",\"isPartOf\":{\"@id\":\"https:\/\/www.suno.com.br\/noticias\/citi-lula-corta-exposicao-brasil\/\"},\"author\":{\"name\":\"Jo\u00e3o Vitor\",\"@id\":\"https:\/\/www.suno.com.br\/noticias\/#\/schema\/person\/87fc6973867c52dd884811905c43afba\"},\"headline\":\"Citi diz que mercado pode ter se enganado sobre Lula e corta sua exposi\u00e7\u00e3o no Brasil\",\"datePublished\":\"2022-11-12T18:16:21+00:00\",\"dateModified\":\"2022-11-12T21:40:47+00:00\",\"mainEntityOfPage\":{\"@id\":\"https:\/\/www.suno.com.br\/noticias\/citi-lula-corta-exposicao-brasil\/\"},\"wordCount\":574,\"publisher\":{\"@id\":\"https:\/\/www.suno.com.br\/noticias\/#organization\"},\"image\":{\"@id\":\"https:\/\/www.suno.com.br\/noticias\/citi-lula-corta-exposicao-brasil\/#primaryimage\"},\"thumbnailUrl\":\"https:\/\/files.sunoresearch.com.br\/n\/uploads\/2022\/11\/lula-ccbb-scaled.jpg\",\"keywords\":[\"Lula\"],\"articleSection\":[\"Mercado\"],\"inLanguage\":\"pt-BR\"},{\"@type\":\"WebPage\",\"@id\":\"https:\/\/www.suno.com.br\/noticias\/citi-lula-corta-exposicao-brasil\/\",\"url\":\"https:\/\/www.suno.com.br\/noticias\/citi-lula-corta-exposicao-brasil\/\",\"name\":\"Citi diz que mercado pode ter se enganado sobre Lula e corta sua exposi\u00e7\u00e3o no Brasil\",\"isPartOf\":{\"@id\":\"https:\/\/www.suno.com.br\/noticias\/#website\"},\"primaryImageOfPage\":{\"@id\":\"https:\/\/www.suno.com.br\/noticias\/citi-lula-corta-exposicao-brasil\/#primaryimage\"},\"image\":{\"@id\":\"https:\/\/www.suno.com.br\/noticias\/citi-lula-corta-exposicao-brasil\/#primaryimage\"},\"thumbnailUrl\":\"https:\/\/files.sunoresearch.com.br\/n\/uploads\/2022\/11\/lula-ccbb-scaled.jpg\",\"datePublished\":\"2022-11-12T18:16:21+00:00\",\"dateModified\":\"2022-11-12T21:40:47+00:00\",\"description\":\"O estrategista do Citi afirmou que o mercado pode ter se enganado sobre Lula e corta sua exposi\u00e7\u00e3o no Brasil. Veja o que disse o Citi.\",\"breadcrumb\":{\"@id\":\"https:\/\/www.suno.com.br\/noticias\/citi-lula-corta-exposicao-brasil\/#breadcrumb\"},\"inLanguage\":\"pt-BR\",\"potentialAction\":[{\"@type\":\"ReadAction\",\"target\":[\"https:\/\/www.suno.com.br\/noticias\/citi-lula-corta-exposicao-brasil\/\"]}]},{\"@type\":\"ImageObject\",\"inLanguage\":\"pt-BR\",\"@id\":\"https:\/\/www.suno.com.br\/noticias\/citi-lula-corta-exposicao-brasil\/#primaryimage\",\"url\":\"https:\/\/files.sunoresearch.com.br\/n\/uploads\/2022\/11\/lula-ccbb-scaled.jpg\",\"contentUrl\":\"https:\/\/files.sunoresearch.com.br\/n\/uploads\/2022\/11\/lula-ccbb-scaled.jpg\",\"width\":2560,\"height\":1707,\"caption\":\"Lula decreta interven\u00e7\u00e3o federal na seguran\u00e7a p\u00fablica do Distrito Federal. . Foto: Marcelo Camargo\/Ag\u00eancia Brasil\"},{\"@type\":\"BreadcrumbList\",\"@id\":\"https:\/\/www.suno.com.br\/noticias\/citi-lula-corta-exposicao-brasil\/#breadcrumb\",\"itemListElement\":[{\"@type\":\"ListItem\",\"position\":1,\"name\":\"Not\u00edcias\",\"item\":\"https:\/\/www.suno.com.br\/noticias\/\"},{\"@type\":\"ListItem\",\"position\":2,\"name\":\"Mercado\",\"item\":\"https:\/\/www.suno.com.br\/noticias\/mercado\/\"},{\"@type\":\"ListItem\",\"position\":3,\"name\":\"Citi diz que mercado pode ter se enganado sobre Lula e corta sua exposi\u00e7\u00e3o no Brasil\"}]},{\"@type\":\"WebSite\",\"@id\":\"https:\/\/www.suno.com.br\/noticias\/#website\",\"url\":\"https:\/\/www.suno.com.br\/noticias\/\",\"name\":\"Suno Not\u00edcias\",\"description\":\"Seu portal de informa\u00e7\u00e3o sobre o mundo dos investimentos\",\"publisher\":{\"@id\":\"https:\/\/www.suno.com.br\/noticias\/#organization\"},\"potentialAction\":[{\"@type\":\"SearchAction\",\"target\":{\"@type\":\"EntryPoint\",\"urlTemplate\":\"https:\/\/www.suno.com.br\/noticias\/?s={search_term_string}\"},\"query-input\":{\"@type\":\"PropertyValueSpecification\",\"valueRequired\":true,\"valueName\":\"search_term_string\"}}],\"inLanguage\":\"pt-BR\"},{\"@type\":\"Organization\",\"@id\":\"https:\/\/www.suno.com.br\/noticias\/#organization\",\"name\":\"Suno Not\u00edcias\",\"url\":\"https:\/\/www.suno.com.br\/noticias\/\",\"logo\":{\"@type\":\"ImageObject\",\"inLanguage\":\"pt-BR\",\"@id\":\"https:\/\/www.suno.com.br\/noticias\/#\/schema\/logo\/image\/\",\"url\":\"https:\/\/files.sunoresearch.com.br\/n\/uploads\/2021\/09\/suno-logo.png\",\"contentUrl\":\"https:\/\/files.sunoresearch.com.br\/n\/uploads\/2021\/09\/suno-logo.png\",\"width\":180,\"height\":180,\"caption\":\"Suno Not\u00edcias\"},\"image\":{\"@id\":\"https:\/\/www.suno.com.br\/noticias\/#\/schema\/logo\/image\/\"},\"sameAs\":[\"https:\/\/facebook.com\/sunoresearch\",\"https:\/\/x.com\/sunoresearch\",\"https:\/\/www.instagram.com\/suno\",\"https:\/\/www.linkedin.com\/company\/suno-research\/\",\"https:\/\/www.youtube.com\/c\/sunoresearch\"]},{\"@type\":\"Person\",\"@id\":\"https:\/\/www.suno.com.br\/noticias\/#\/schema\/person\/87fc6973867c52dd884811905c43afba\",\"name\":\"Jo\u00e3o Vitor\",\"image\":{\"@type\":\"ImageObject\",\"inLanguage\":\"pt-BR\",\"@id\":\"https:\/\/www.suno.com.br\/noticias\/#\/schema\/person\/image\/\",\"url\":\"https:\/\/secure.gravatar.com\/avatar\/2843227ca03ccf8cc7ccca45204c127e?s=96&r=g\",\"contentUrl\":\"https:\/\/secure.gravatar.com\/avatar\/2843227ca03ccf8cc7ccca45204c127e?s=96&r=g\",\"caption\":\"Jo\u00e3o Vitor\"},\"description\":\"Redator profissional, com atua\u00e7\u00e3o no mercado editorial na produ\u00e7\u00e3o de not\u00edcias e conte\u00fados sobre o mercado de a\u00e7\u00f5es, fundos imobili\u00e1rios e economia popular. Graduando em Engenharia Qu\u00edmica pela Unesp, tamb\u00e9m j\u00e1 atuou como consultor financeiro.\",\"url\":\"https:\/\/www.suno.com.br\/noticias\/author\/joao-vitor-jacintho\/\"}]}<\/script>\n<!-- \/ Yoast SEO plugin. -->","yoast_head_json":{"title":"Citi diz que mercado pode ter se enganado sobre Lula e corta sua exposi\u00e7\u00e3o no Brasil","description":"O estrategista do Citi afirmou que o mercado pode ter se enganado sobre Lula e corta sua exposi\u00e7\u00e3o no Brasil. Veja o que disse o Citi.","robots":{"index":"index","follow":"follow","max-snippet":"max-snippet:-1","max-image-preview":"max-image-preview:large","max-video-preview":"max-video-preview:-1"},"canonical":"https:\/\/www.suno.com.br\/noticias\/citi-lula-corta-exposicao-brasil\/","og_locale":"pt_BR","og_type":"article","og_title":"Citi diz que mercado pode ter se enganado sobre Lula e corta sua exposi\u00e7\u00e3o no Brasil","og_description":"O estrategista do Citi afirmou que o mercado pode ter se enganado sobre Lula e corta sua exposi\u00e7\u00e3o no Brasil. Veja o que disse o Citi.","og_url":"https:\/\/www.suno.com.br\/noticias\/citi-lula-corta-exposicao-brasil\/","og_site_name":"Suno Not\u00edcias","article_publisher":"https:\/\/facebook.com\/sunoresearch","og_image":[{"width":2560,"height":1707,"url":"https:\/\/files.sunoresearch.com.br\/n\/uploads\/2022\/11\/lula-ccbb-scaled.jpg","type":"image\/jpeg"}],"author":"Jo\u00e3o Vitor","twitter_card":"summary_large_image","twitter_creator":"@sunoresearch","twitter_site":"@sunoresearch","twitter_misc":{"Escrito por":"Jo\u00e3o Vitor","Est. tempo de leitura":"3 minutos"},"schema":{"@context":"https:\/\/schema.org","@graph":[{"@type":"NewsArticle","@id":"https:\/\/www.suno.com.br\/noticias\/citi-lula-corta-exposicao-brasil\/#article","isPartOf":{"@id":"https:\/\/www.suno.com.br\/noticias\/citi-lula-corta-exposicao-brasil\/"},"author":{"name":"Jo\u00e3o Vitor","@id":"https:\/\/www.suno.com.br\/noticias\/#\/schema\/person\/87fc6973867c52dd884811905c43afba"},"headline":"Citi diz que mercado pode ter se enganado sobre Lula e corta sua exposi\u00e7\u00e3o no Brasil","datePublished":"2022-11-12T18:16:21+00:00","dateModified":"2022-11-12T21:40:47+00:00","mainEntityOfPage":{"@id":"https:\/\/www.suno.com.br\/noticias\/citi-lula-corta-exposicao-brasil\/"},"wordCount":574,"publisher":{"@id":"https:\/\/www.suno.com.br\/noticias\/#organization"},"image":{"@id":"https:\/\/www.suno.com.br\/noticias\/citi-lula-corta-exposicao-brasil\/#primaryimage"},"thumbnailUrl":"https:\/\/files.sunoresearch.com.br\/n\/uploads\/2022\/11\/lula-ccbb-scaled.jpg","keywords":["Lula"],"articleSection":["Mercado"],"inLanguage":"pt-BR"},{"@type":"WebPage","@id":"https:\/\/www.suno.com.br\/noticias\/citi-lula-corta-exposicao-brasil\/","url":"https:\/\/www.suno.com.br\/noticias\/citi-lula-corta-exposicao-brasil\/","name":"Citi diz que mercado pode ter se enganado sobre Lula e corta sua exposi\u00e7\u00e3o no Brasil","isPartOf":{"@id":"https:\/\/www.suno.com.br\/noticias\/#website"},"primaryImageOfPage":{"@id":"https:\/\/www.suno.com.br\/noticias\/citi-lula-corta-exposicao-brasil\/#primaryimage"},"image":{"@id":"https:\/\/www.suno.com.br\/noticias\/citi-lula-corta-exposicao-brasil\/#primaryimage"},"thumbnailUrl":"https:\/\/files.sunoresearch.com.br\/n\/uploads\/2022\/11\/lula-ccbb-scaled.jpg","datePublished":"2022-11-12T18:16:21+00:00","dateModified":"2022-11-12T21:40:47+00:00","description":"O estrategista do Citi afirmou que o mercado pode ter se enganado sobre Lula e corta sua exposi\u00e7\u00e3o no Brasil. Veja o que disse o Citi.","breadcrumb":{"@id":"https:\/\/www.suno.com.br\/noticias\/citi-lula-corta-exposicao-brasil\/#breadcrumb"},"inLanguage":"pt-BR","potentialAction":[{"@type":"ReadAction","target":["https:\/\/www.suno.com.br\/noticias\/citi-lula-corta-exposicao-brasil\/"]}]},{"@type":"ImageObject","inLanguage":"pt-BR","@id":"https:\/\/www.suno.com.br\/noticias\/citi-lula-corta-exposicao-brasil\/#primaryimage","url":"https:\/\/files.sunoresearch.com.br\/n\/uploads\/2022\/11\/lula-ccbb-scaled.jpg","contentUrl":"https:\/\/files.sunoresearch.com.br\/n\/uploads\/2022\/11\/lula-ccbb-scaled.jpg","width":2560,"height":1707,"caption":"Lula decreta interven\u00e7\u00e3o federal na seguran\u00e7a p\u00fablica do Distrito Federal. . Foto: Marcelo Camargo\/Ag\u00eancia Brasil"},{"@type":"BreadcrumbList","@id":"https:\/\/www.suno.com.br\/noticias\/citi-lula-corta-exposicao-brasil\/#breadcrumb","itemListElement":[{"@type":"ListItem","position":1,"name":"Not\u00edcias","item":"https:\/\/www.suno.com.br\/noticias\/"},{"@type":"ListItem","position":2,"name":"Mercado","item":"https:\/\/www.suno.com.br\/noticias\/mercado\/"},{"@type":"ListItem","position":3,"name":"Citi diz que mercado pode ter se enganado sobre Lula e corta sua exposi\u00e7\u00e3o no Brasil"}]},{"@type":"WebSite","@id":"https:\/\/www.suno.com.br\/noticias\/#website","url":"https:\/\/www.suno.com.br\/noticias\/","name":"Suno Not\u00edcias","description":"Seu portal de informa\u00e7\u00e3o sobre o mundo dos investimentos","publisher":{"@id":"https:\/\/www.suno.com.br\/noticias\/#organization"},"potentialAction":[{"@type":"SearchAction","target":{"@type":"EntryPoint","urlTemplate":"https:\/\/www.suno.com.br\/noticias\/?s={search_term_string}"},"query-input":{"@type":"PropertyValueSpecification","valueRequired":true,"valueName":"search_term_string"}}],"inLanguage":"pt-BR"},{"@type":"Organization","@id":"https:\/\/www.suno.com.br\/noticias\/#organization","name":"Suno Not\u00edcias","url":"https:\/\/www.suno.com.br\/noticias\/","logo":{"@type":"ImageObject","inLanguage":"pt-BR","@id":"https:\/\/www.suno.com.br\/noticias\/#\/schema\/logo\/image\/","url":"https:\/\/files.sunoresearch.com.br\/n\/uploads\/2021\/09\/suno-logo.png","contentUrl":"https:\/\/files.sunoresearch.com.br\/n\/uploads\/2021\/09\/suno-logo.png","width":180,"height":180,"caption":"Suno Not\u00edcias"},"image":{"@id":"https:\/\/www.suno.com.br\/noticias\/#\/schema\/logo\/image\/"},"sameAs":["https:\/\/facebook.com\/sunoresearch","https:\/\/x.com\/sunoresearch","https:\/\/www.instagram.com\/suno","https:\/\/www.linkedin.com\/company\/suno-research\/","https:\/\/www.youtube.com\/c\/sunoresearch"]},{"@type":"Person","@id":"https:\/\/www.suno.com.br\/noticias\/#\/schema\/person\/87fc6973867c52dd884811905c43afba","name":"Jo\u00e3o Vitor","image":{"@type":"ImageObject","inLanguage":"pt-BR","@id":"https:\/\/www.suno.com.br\/noticias\/#\/schema\/person\/image\/","url":"https:\/\/secure.gravatar.com\/avatar\/2843227ca03ccf8cc7ccca45204c127e?s=96&r=g","contentUrl":"https:\/\/secure.gravatar.com\/avatar\/2843227ca03ccf8cc7ccca45204c127e?s=96&r=g","caption":"Jo\u00e3o Vitor"},"description":"Redator profissional, com atua\u00e7\u00e3o no mercado editorial na produ\u00e7\u00e3o de not\u00edcias e conte\u00fados sobre o mercado de a\u00e7\u00f5es, fundos imobili\u00e1rios e economia popular. Graduando em Engenharia Qu\u00edmica pela Unesp, tamb\u00e9m j\u00e1 atuou como consultor financeiro.","url":"https:\/\/www.suno.com.br\/noticias\/author\/joao-vitor-jacintho\/"}]}},"default_loop_html":"<div class=\"cardsPage__listCard__boxs\"><div class=\"cardsPage__listCard__boxs__img\"><a href=\"https:\/\/www.suno.com.br\/noticias\/citi-lula-corta-exposicao-brasil\/\"><img class=\"mask\" src=\"https:\/\/www.suno.com.br\/noticias\/wp-content\/themes\/suno\/resources\/images\/spotlight\/spotlight1img\/bg-mask.png\" alt=\"Image Mask\"\/><img src=\"https:\/\/files.sunoresearch.com.br\/n\/uploads\/2022\/11\/lula-ccbb-400x200.jpg\" alt=\"Citi diz que mercado pode ter se enganado sobre Lula e corta sua exposi\u00e7\u00e3o no Brasil\"\/><\/a><span class=\"spotlightCategory\"><a href=\"https:\/\/www.suno.com.br\/noticias\/mercado\/\">Mercado<\/a><\/span><\/div><div class=\"cardsPage__listCard__boxs__content\"><a href=\"https:\/\/www.suno.com.br\/noticias\/citi-lula-corta-exposicao-brasil\/\"><h2 class=\"content__title\">Citi diz que mercado pode ter se enganado sobre Lula e corta sua exposi\u00e7\u00e3o no Brasil<\/h2><\/a><div class=\"newsContent__article__meta\"><div class=\"newsContent__article__meta__authorBox\"><a href=\"https:\/\/www.suno.com.br\/noticias\/author\/joao-vitor-jacintho\/\" class=\"authorBox__avatar noMobi\"><img src=\"https:\/\/secure.gravatar.com\/avatar\/2843227ca03ccf8cc7ccca45204c127e?s=96&#038;r=g\" alt=\"Jo\u00e3o Vitor Jacintho\"><\/a><div class=\"authorBox__name\"><span>por\n\t\t\t<a href=\"https:\/\/www.suno.com.br\/noticias\/author\/joao-vitor-jacintho\/\"><span itemprop=\"author\">Jo\u00e3o Vitor Jacintho<\/span><\/a><\/span><time datetime=\"2022-11-12T15:16:21-03:00\" itemprop=\"datePublished\">12\/11\/2022 15:16<\/time><\/div><\/div><\/div><\/div><\/div>","single_layout":"posts","amp_enabled":true,"_links":{"self":[{"href":"https:\/\/www.suno.com.br\/noticias\/wp-json\/wp\/v2\/posts\/318451"}],"collection":[{"href":"https:\/\/www.suno.com.br\/noticias\/wp-json\/wp\/v2\/posts"}],"about":[{"href":"https:\/\/www.suno.com.br\/noticias\/wp-json\/wp\/v2\/types\/post"}],"author":[{"embeddable":true,"href":"https:\/\/www.suno.com.br\/noticias\/wp-json\/wp\/v2\/users\/173"}],"replies":[{"embeddable":true,"href":"https:\/\/www.suno.com.br\/noticias\/wp-json\/wp\/v2\/comments?post=318451"}],"version-history":[{"count":1,"href":"https:\/\/www.suno.com.br\/noticias\/wp-json\/wp\/v2\/posts\/318451\/revisions"}],"predecessor-version":[{"id":318452,"href":"https:\/\/www.suno.com.br\/noticias\/wp-json\/wp\/v2\/posts\/318451\/revisions\/318452"}],"wp:featuredmedia":[{"embeddable":true,"href":"https:\/\/www.suno.com.br\/noticias\/wp-json\/wp\/v2\/media\/318132"}],"wp:attachment":[{"href":"https:\/\/www.suno.com.br\/noticias\/wp-json\/wp\/v2\/media?parent=318451"}],"wp:term":[{"taxonomy":"category","embeddable":true,"href":"https:\/\/www.suno.com.br\/noticias\/wp-json\/wp\/v2\/categories?post=318451"},{"taxonomy":"post_tag","embeddable":true,"href":"https:\/\/www.suno.com.br\/noticias\/wp-json\/wp\/v2\/tags?post=318451"},{"taxonomy":"suno_strategy","embeddable":true,"href":"https:\/\/www.suno.com.br\/noticias\/wp-json\/wp\/v2\/suno_strategy?post=318451"}],"curies":[{"name":"wp","href":"https:\/\/api.w.org\/{rel}","templated":true}]}}