{"id":31814,"date":"2019-07-23T10:17:17","date_gmt":"2019-07-23T13:17:17","guid":{"rendered":"https:\/\/www.suno.com.br\/noticias\/?p=31814"},"modified":"2019-07-23T10:17:17","modified_gmt":"2019-07-23T13:17:17","slug":"ipca-15-julho-009","status":"publish","type":"post","link":"https:\/\/www.suno.com.br\/noticias\/ipca-15-julho-009\/","title":{"rendered":"IPCA-15: pr\u00e9via da infla\u00e7\u00e3o oficial fica em 0,09% em julho"},"content":{"rendered":"<p>O <strong>\u00cdndice Nacional de Pre\u00e7os ao Consumidor Amplo 15<\/strong> (IPCA-15) registrou um crescimento de 0,09% em julho. A taxa, que mede a pr\u00e9via da infla\u00e7\u00e3o oficial, foi superior ao resultado de junho, que tinha sido de 0,06%.<\/p>\t<div class=\"wrapper-featured-image\">\n\t\t<figure class=\"spotlightImg\">\n\n\t\t\t<picture>\n\t\t\t\t<source media=\"(max-width: 768px)\" srcset=\"https:\/\/files.sunoresearch.com.br\/n\/uploads\/2018\/10\/473c1c0c-ipca-400x200.webp\">\n\t\t\t\t<img loading=\"lazy\" decoding=\"async\" class=\"newsContent__article__imgCapa lazyloadDisabled newsContent__article__imgCapa--noCaption\" src=\"https:\/\/files.sunoresearch.com.br\/n\/uploads\/2018\/10\/473c1c0c-ipca-800x450.webp\" width=\"800\" height=\"450\" alt=\"IPCA-15: pr\u00e9via da infla\u00e7\u00e3o oficial fica em 0,09% em julho\" fetchpriority=high \/>\n\t\t\t<\/picture>\n\n\t\t\t<figcaption class=\"wp-caption-text wp-caption-text--hide\">O Instituto Brasileiro de Geografia e Estat\u00edstica (IBGE) divulgou a produ\u00e7\u00e3o industrial<\/figcaption>\n\t\t<\/figure>\n\t<\/div>\n\n\n<p>O resultado do <strong>IPCA-15<\/strong> foi divulgado nesta ter\u00e7a-feira (23) pelo <strong>Instituto Brasileiro de Geografia e Estat\u00edstica (IBGE)<\/strong>. No ano, o IPCA-15 acumula taxas de infla\u00e7\u00e3o de 2,42%, enquanto nos \u00faltimos 12 meses a taxa acumulada foi de 3,27%.<\/p>\n<p><a href=\"https:\/\/www.suno.com.br\/noticias\/boletim-focus-sequencia-queda-pib\/\">Saiba mais: Boletim Focus interrompe sequ\u00eancia de previs\u00e3o de queda do PIB\u00a0<\/a><\/p>\n<p>Resultados abaixo do centro da meta de infla\u00e7\u00e3o fixada pelo <strong>Banco Central (BC)<\/strong>, que \u00e9 de 4,25% ao ano. A previs\u00e3o do Boletim Focus da \u00faltima segunda-feira (22) sobre a infla\u00e7\u00e3o prev\u00ea um crescimento dos pre\u00e7os de\u00a03,78%.<\/p>\n<p>Segundo o <strong>IBGE,<\/strong> a infla\u00e7\u00e3o da pr\u00e9via de julho foi provocada principalmente pelos gastos com habita\u00e7\u00e3o, que subiram 0,43% no per\u00edodo. A causa foi principalmente ligada \u00e0 alta de pre\u00e7os de 1,13% da energia el\u00e9trica.<\/p>\n\t<p>\n\t\t<a href=\"https:\/\/lp2.suno.com.br\/pv\/bolsa-para-iniciantes?utm_campaign=_SNC757A2733_rs.mpr26---meu-primeiro-rendimento---venda---not\u00edcias&#038;utm_source=suno-not\u00edcias&#038;utm_medium=banner.noticias\" target=\"_blank\" data-element=\"shortcode-suno-banner\" title=\"Banner SUNO, clique e saiba mais\">\n\t\t\t<picture>\n\t\t\t\t<source media=\"(max-width: 500px)\" srcset=\"https:\/\/files.sunoresearch.com.br\/n\/uploads\/2026\/04\/400x300-Banner-Materias-01-png.webp\">\n\t\t\t\t<img class=\"newsContent__article__imgCapa newsContent__article__imgCapa--banner\"\n\t\t\t\t\tsrc=\"https:\/\/files.sunoresearch.com.br\/n\/uploads\/2026\/04\/1420x240-Banner-Materias-01-png.webp\"\n\t\t\t\t\tdata-promo-id=\"647482\"\t\t\t\t\t\t\t\t\t\twidth='1420' height='240'\t\t\t\t\talt=\"https:\/\/files.sunoresearch.com.br\/n\/uploads\/2026\/04\/1420x240-Banner-Materias-01-png.webp\"\n\t\t\t\t>\n\t\t\t<\/picture>\n\t\t<\/a>\n\t<\/p>\n\n\n<p>Al\u00e9m disso, outros grupos de despesas que tiveram impactos importantes na pr\u00e9via da infla\u00e7\u00e3o de julho foram:<\/p>\n<ul>\n<li>despesas pessoais, com uma alta de 0,48%<\/li>\n<li>sa\u00fade e cuidados pessoais, com uma alta de 0,34%<\/li>\n<li>alimentos, com uma alta de 0,03%<\/li>\n<\/ul>\n<p>Por outro lado, os gastos com transportes registraram defla\u00e7\u00e3o de 0,44%. Essa redu\u00e7\u00e3o dos pre\u00e7os evitou um <strong>IPCA-15<\/strong> mais alto em julho. Esse resultado foi influenciado pela queda de pre\u00e7os de 3% dos combust\u00edveis. Entre os produtos que ficaram mais baratos est\u00e3o:<\/p>\n<ul>\n<li>a gasolina (-2,79%)<\/li>\n<li>o etanol (-4,57%)<\/li>\n<li>o \u00f3leo diesel (-1,59%)<\/li>\n<li>o g\u00e1s veicular (-0,49%)<\/li>\n<\/ul>\n<p>Assim como registraram queda de pre\u00e7os os grupos vestu\u00e1rio (-0,19%) e artigos de resid\u00eancia (-0,06%).<\/p>\n<h2>Meta<\/h2>\n<p>Conforme o<strong> <a href=\"https:\/\/www.suno.com.br\/artigos\/cmn-conselho-monetario-nacional\/\">Conselho Monet\u00e1rio Nacional<\/a> <\/strong>(<strong>CMN<\/strong>), a meta central da infla\u00e7\u00e3o est\u00e1 prevista para este ano em 4,25%. No entanto, o intervalo de toler\u00e2ncia varia de 2,75% a 5,75%.<\/p>\n<p><a href=\"https:\/\/www.suno.com.br\/noticias\/significa-reducao-spread-tesouro-selic-popuanca\/\">PIB: Governo diminui previs\u00e3o de 2,2% para 1,6% em 2019<br \/>\n<\/a><\/p>\n<p>Para que esse resultado seja alcan\u00e7ando, ser\u00e1 necess\u00e1rio que o <a href=\"https:\/\/www.suno.com.br\/artigos\/deposito-compulsorio\/\"><strong>Banco Central<\/strong><\/a> (<strong>BC<\/strong>) reduza ou aumente a<strong> taxa b\u00e1sica de juros<\/strong>, a<strong><a href=\"https:\/\/www.suno.com.br\/artigos\/taxa-selic\/\">Selic<\/a>,<\/strong> atualmente em\u00a06,5%.<\/p>\n<h2>IPCA-15<\/h2>\n<p>O <strong>IPCA-15<\/strong> \u00e9 uma pr\u00e9via do indicador oficial da infla\u00e7\u00e3o do Pa\u00eds (<strong>IPCA<\/strong>). Como a media\u00e7\u00e3o \u00e9 realizada em um per\u00edodo n\u00e3o calculado pelo indicador oficial, o IPCA-15 mostra qual ser\u00e1 a tend\u00eancia dos resultados do final do m\u00eas.<\/p>\n<p><a href=\"https:\/\/www.suno.com.br\/noticias\/ipca-15-previa-da-inflacao-acelera-marco\/\">Saiba Mais:\u00a0 IPCA-15: Pr\u00e9via da infla\u00e7\u00e3o acelera e fica em 0,54% em mar\u00e7o<\/a><\/p>\n<p>Al\u00e9m disso, ele abrange fam\u00edlias com rendimento mensal entre 1 e 40 sal\u00e1rios m\u00ednimos residentes nas seguintes regi\u00f5es:<\/p>\n<ul>\n<li><strong>Rio de Janeiro<\/strong>;<\/li>\n<li><strong>Belo Horizonte<\/strong>;<\/li>\n<li><strong>Porto Alegre<\/strong>;<\/li>\n<li><strong>Curitiba<\/strong>;<\/li>\n<li><strong>regi\u00f5es metropolitanas de S\u00e3o Paulo<\/strong>;<\/li>\n<li><strong>Salvador<\/strong>;<\/li>\n<li><strong>Recife<\/strong>;<\/li>\n<li><strong>Fortaleza<\/strong>;<\/li>\n<li><strong>Bel\u00e9m<\/strong>;<\/li>\n<li><strong>Distro Federal<\/strong>;<\/li>\n<li>e o <strong>munic\u00edpio de Goi\u00e2nia<\/strong>.<\/li>\n<\/ul>\n<p>Este \u00edndice \u00e9 utilizado para reajustes do<strong> Imposto Predial e Territorial Urbano<\/strong> (<strong>IPTU<\/strong>). As coletas de pre\u00e7os acontecem em estabelecimentos comerciais e de presta\u00e7\u00e3o de servi\u00e7os, concession\u00e1rias de servi\u00e7os p\u00fablicos e domic\u00edlios.<\/p>\n\t<p>\n\t\t<a href=\"https:\/\/lp.suno.com.br\/ebook-investindo-em-fiis\/\" target=\"_blank\" data-element=\"shortcode-suno-banner\" title=\"Banner SUNO, clique e saiba mais\">\n\t\t\t<picture>\n\t\t\t\t<source media=\"(max-width: 500px)\" srcset=\"https:\/\/files.sunoresearch.com.br\/n\/uploads\/2023\/07\/Ebook-Fundos-Imobiliarios-Mobile.jpg\">\n\t\t\t\t<img class=\"newsContent__article__imgCapa newsContent__article__imgCapa--banner\"\n\t\t\t\t\tsrc=\"https:\/\/files.sunoresearch.com.br\/n\/uploads\/2023\/07\/Ebook-Fundos-Imobiliarios-Desktop.jpg\"\n\t\t\t\t\tdata-promo-id=\"378301\"\t\t\t\t\t\t\t\t\t\twidth='1420' height='286'\t\t\t\t\talt=\"https:\/\/files.sunoresearch.com.br\/n\/uploads\/2023\/07\/Ebook-Fundos-Imobiliarios-Desktop.jpg\"\n\t\t\t\t>\n\t\t\t<\/picture>\n\t\t<\/a>\n\t<\/p>\n\n\n<p>O per\u00edodo em que \u00e9 medido a pr\u00e9via da\u00a0<strong>infla\u00e7\u00e3o<\/strong> pelo<strong> IPCA-15\u00a0<\/strong>\u00e9 do dia 16 do m\u00eas anterior ao dia 15 do m\u00eas atual.<\/p>\n","protected":false},"excerpt":{"rendered":"<p>O \u00cdndice Nacional de Pre\u00e7os ao Consumidor Amplo 15 (IPCA-15) registrou um crescimento de 0,09% em julho. A taxa, que mede a pr\u00e9via da infla\u00e7\u00e3o oficial, foi superior ao resultado de junho, que tinha sido de 0,06%. O Instituto Brasileiro de Geografia e Estat\u00edstica (IBGE) divulgou a produ\u00e7\u00e3o industrial O resultado do IPCA-15 foi divulgado [&hellip;]<\/p>\n","protected":false},"author":9,"featured_media":4885,"comment_status":"closed","ping_status":"closed","sticky":false,"template":"","format":"standard","meta":[],"categories":[62],"tags":[850,1361],"suno_strategy":[],"class_list":["post-31814","post","type-post","status-publish","format-standard","has-post-thumbnail","hentry","category-economia","tag-inflacao","tag-ipca-15"],"yoast_head":"<!-- This site is optimized with the Yoast SEO plugin v24.4 - https:\/\/yoast.com\/wordpress\/plugins\/seo\/ -->\n<title>IPCA-15: pr\u00e9via da infla\u00e7\u00e3o oficial fica em 0,09% em julho<\/title>\n<meta name=\"description\" content=\"O \u00cdndice Nacional de Pre\u00e7os ao Consumidor Amplo 15 (IPCA-15) registrou um crescimento de 0,09% em julho. Clique aqui para saber mais.\" \/>\n<meta name=\"robots\" content=\"index, follow, max-snippet:-1, max-image-preview:large, max-video-preview:-1\" \/>\n<link rel=\"canonical\" href=\"https:\/\/www.suno.com.br\/noticias\/ipca-15-julho-009\/\" \/>\n<meta property=\"og:locale\" content=\"pt_BR\" \/>\n<meta property=\"og:type\" content=\"article\" \/>\n<meta property=\"og:title\" content=\"IPCA-15: pr\u00e9via da infla\u00e7\u00e3o oficial fica em 0,09% em julho\" \/>\n<meta property=\"og:description\" content=\"O \u00cdndice Nacional de Pre\u00e7os ao Consumidor Amplo 15 (IPCA-15) registrou um crescimento de 0,09% em julho. Clique aqui para saber mais.\" \/>\n<meta property=\"og:url\" content=\"https:\/\/www.suno.com.br\/noticias\/ipca-15-julho-009\/\" \/>\n<meta property=\"og:site_name\" content=\"Suno Not\u00edcias\" \/>\n<meta property=\"article:publisher\" content=\"https:\/\/facebook.com\/sunoresearch\" \/>\n<meta property=\"og:image\" content=\"https:\/\/files.sunoresearch.com.br\/n\/uploads\/2018\/10\/473c1c0c-ipca.jpg\" \/>\n\t<meta property=\"og:image:width\" content=\"1920\" \/>\n\t<meta property=\"og:image:height\" content=\"1280\" \/>\n\t<meta property=\"og:image:type\" content=\"image\/jpeg\" \/>\n<meta name=\"author\" content=\"Carlo Cauti\" \/>\n<meta name=\"twitter:card\" content=\"summary_large_image\" \/>\n<meta name=\"twitter:creator\" content=\"@sunoresearch\" \/>\n<meta name=\"twitter:site\" content=\"@sunoresearch\" \/>\n<meta name=\"twitter:label1\" content=\"Escrito por\" \/>\n\t<meta name=\"twitter:data1\" content=\"Carlo Cauti\" \/>\n\t<meta name=\"twitter:label2\" content=\"Est. tempo de leitura\" \/>\n\t<meta name=\"twitter:data2\" content=\"3 minutos\" \/>\n<script type=\"application\/ld+json\" class=\"yoast-schema-graph\">{\"@context\":\"https:\/\/schema.org\",\"@graph\":[{\"@type\":\"NewsArticle\",\"@id\":\"https:\/\/www.suno.com.br\/noticias\/ipca-15-julho-009\/#article\",\"isPartOf\":{\"@id\":\"https:\/\/www.suno.com.br\/noticias\/ipca-15-julho-009\/\"},\"author\":{\"name\":\"Carlo Cauti\",\"@id\":\"https:\/\/www.suno.com.br\/noticias\/#\/schema\/person\/e6e0f723cc177805027f4566c1d5e0c8\"},\"headline\":\"IPCA-15: pr\u00e9via da infla\u00e7\u00e3o oficial fica em 0,09% em julho\",\"datePublished\":\"2019-07-23T13:17:17+00:00\",\"mainEntityOfPage\":{\"@id\":\"https:\/\/www.suno.com.br\/noticias\/ipca-15-julho-009\/\"},\"wordCount\":541,\"publisher\":{\"@id\":\"https:\/\/www.suno.com.br\/noticias\/#organization\"},\"image\":{\"@id\":\"https:\/\/www.suno.com.br\/noticias\/ipca-15-julho-009\/#primaryimage\"},\"thumbnailUrl\":\"https:\/\/files.sunoresearch.com.br\/n\/uploads\/2018\/10\/473c1c0c-ipca-jpg.webp\",\"keywords\":[\"infla\u00e7\u00e3o\",\"IPCA-15\"],\"articleSection\":[\"Economia\"],\"inLanguage\":\"pt-BR\"},{\"@type\":\"WebPage\",\"@id\":\"https:\/\/www.suno.com.br\/noticias\/ipca-15-julho-009\/\",\"url\":\"https:\/\/www.suno.com.br\/noticias\/ipca-15-julho-009\/\",\"name\":\"IPCA-15: pr\u00e9via da infla\u00e7\u00e3o oficial fica em 0,09% em julho\",\"isPartOf\":{\"@id\":\"https:\/\/www.suno.com.br\/noticias\/#website\"},\"primaryImageOfPage\":{\"@id\":\"https:\/\/www.suno.com.br\/noticias\/ipca-15-julho-009\/#primaryimage\"},\"image\":{\"@id\":\"https:\/\/www.suno.com.br\/noticias\/ipca-15-julho-009\/#primaryimage\"},\"thumbnailUrl\":\"https:\/\/files.sunoresearch.com.br\/n\/uploads\/2018\/10\/473c1c0c-ipca-jpg.webp\",\"datePublished\":\"2019-07-23T13:17:17+00:00\",\"description\":\"O \u00cdndice Nacional de Pre\u00e7os ao Consumidor Amplo 15 (IPCA-15) registrou um crescimento de 0,09% em julho. Clique aqui para saber mais.\",\"breadcrumb\":{\"@id\":\"https:\/\/www.suno.com.br\/noticias\/ipca-15-julho-009\/#breadcrumb\"},\"inLanguage\":\"pt-BR\",\"potentialAction\":[{\"@type\":\"ReadAction\",\"target\":[\"https:\/\/www.suno.com.br\/noticias\/ipca-15-julho-009\/\"]}]},{\"@type\":\"ImageObject\",\"inLanguage\":\"pt-BR\",\"@id\":\"https:\/\/www.suno.com.br\/noticias\/ipca-15-julho-009\/#primaryimage\",\"url\":\"https:\/\/files.sunoresearch.com.br\/n\/uploads\/2018\/10\/473c1c0c-ipca-jpg.webp\",\"contentUrl\":\"https:\/\/files.sunoresearch.com.br\/n\/uploads\/2018\/10\/473c1c0c-ipca-jpg.webp\",\"width\":1920,\"height\":1280,\"caption\":\"O Instituto Brasileiro de Geografia e Estat\u00edstica (IBGE) divulgou a produ\u00e7\u00e3o industrial\"},{\"@type\":\"BreadcrumbList\",\"@id\":\"https:\/\/www.suno.com.br\/noticias\/ipca-15-julho-009\/#breadcrumb\",\"itemListElement\":[{\"@type\":\"ListItem\",\"position\":1,\"name\":\"Not\u00edcias\",\"item\":\"https:\/\/www.suno.com.br\/noticias\/\"},{\"@type\":\"ListItem\",\"position\":2,\"name\":\"Economia\",\"item\":\"https:\/\/www.suno.com.br\/noticias\/economia\/\"},{\"@type\":\"ListItem\",\"position\":3,\"name\":\"IPCA-15: pr\u00e9via da infla\u00e7\u00e3o oficial fica em 0,09% em julho\"}]},{\"@type\":\"WebSite\",\"@id\":\"https:\/\/www.suno.com.br\/noticias\/#website\",\"url\":\"https:\/\/www.suno.com.br\/noticias\/\",\"name\":\"Suno Not\u00edcias\",\"description\":\"Seu portal de informa\u00e7\u00e3o sobre o mundo dos investimentos\",\"publisher\":{\"@id\":\"https:\/\/www.suno.com.br\/noticias\/#organization\"},\"potentialAction\":[{\"@type\":\"SearchAction\",\"target\":{\"@type\":\"EntryPoint\",\"urlTemplate\":\"https:\/\/www.suno.com.br\/noticias\/?s={search_term_string}\"},\"query-input\":{\"@type\":\"PropertyValueSpecification\",\"valueRequired\":true,\"valueName\":\"search_term_string\"}}],\"inLanguage\":\"pt-BR\"},{\"@type\":\"Organization\",\"@id\":\"https:\/\/www.suno.com.br\/noticias\/#organization\",\"name\":\"Suno Not\u00edcias\",\"url\":\"https:\/\/www.suno.com.br\/noticias\/\",\"logo\":{\"@type\":\"ImageObject\",\"inLanguage\":\"pt-BR\",\"@id\":\"https:\/\/www.suno.com.br\/noticias\/#\/schema\/logo\/image\/\",\"url\":\"https:\/\/files.sunoresearch.com.br\/n\/uploads\/2021\/09\/suno-logo.png\",\"contentUrl\":\"https:\/\/files.sunoresearch.com.br\/n\/uploads\/2021\/09\/suno-logo.png\",\"width\":180,\"height\":180,\"caption\":\"Suno Not\u00edcias\"},\"image\":{\"@id\":\"https:\/\/www.suno.com.br\/noticias\/#\/schema\/logo\/image\/\"},\"sameAs\":[\"https:\/\/facebook.com\/sunoresearch\",\"https:\/\/x.com\/sunoresearch\",\"https:\/\/www.instagram.com\/suno\",\"https:\/\/www.linkedin.com\/company\/suno-research\/\",\"https:\/\/www.youtube.com\/c\/sunoresearch\"]},{\"@type\":\"Person\",\"@id\":\"https:\/\/www.suno.com.br\/noticias\/#\/schema\/person\/e6e0f723cc177805027f4566c1d5e0c8\",\"name\":\"Carlo Cauti\",\"image\":{\"@type\":\"ImageObject\",\"inLanguage\":\"pt-BR\",\"@id\":\"https:\/\/www.suno.com.br\/noticias\/#\/schema\/person\/image\/\",\"url\":\"https:\/\/secure.gravatar.com\/avatar\/3ada9e0bd164c23abd4792a9606d583c?s=96&r=g\",\"contentUrl\":\"https:\/\/secure.gravatar.com\/avatar\/3ada9e0bd164c23abd4792a9606d583c?s=96&r=g\",\"caption\":\"Carlo Cauti\"},\"description\":\"Editor multim\u00eddia do SUNO Not\u00edcias. Italiano, formado em Ci\u00eancias Pol\u00edticas pela universidade LUISS G. Carli de Roma e mestre cum laude em Rela\u00e7\u00f5es Internacionais, Jornalismo Internacional e de Guerra e em Economia Internacional. Concluiu tamb\u00e9m um MBA em Finan\u00e7as na B3. No Brasil, teve passagem por ve\u00edculos como Estad\u00e3o, Globo, Veja e EXAME. e nas ag\u00eancias de not\u00edcias italianas ANSA e NOVA.\",\"url\":\"https:\/\/www.suno.com.br\/noticias\/author\/carlo-cauti\/\"}]}<\/script>\n<!-- \/ Yoast SEO plugin. -->","yoast_head_json":{"title":"IPCA-15: pr\u00e9via da infla\u00e7\u00e3o oficial fica em 0,09% em julho","description":"O \u00cdndice Nacional de Pre\u00e7os ao Consumidor Amplo 15 (IPCA-15) registrou um crescimento de 0,09% em julho. Clique aqui para saber mais.","robots":{"index":"index","follow":"follow","max-snippet":"max-snippet:-1","max-image-preview":"max-image-preview:large","max-video-preview":"max-video-preview:-1"},"canonical":"https:\/\/www.suno.com.br\/noticias\/ipca-15-julho-009\/","og_locale":"pt_BR","og_type":"article","og_title":"IPCA-15: pr\u00e9via da infla\u00e7\u00e3o oficial fica em 0,09% em julho","og_description":"O \u00cdndice Nacional de Pre\u00e7os ao Consumidor Amplo 15 (IPCA-15) registrou um crescimento de 0,09% em julho. Clique aqui para saber mais.","og_url":"https:\/\/www.suno.com.br\/noticias\/ipca-15-julho-009\/","og_site_name":"Suno Not\u00edcias","article_publisher":"https:\/\/facebook.com\/sunoresearch","og_image":[{"width":1920,"height":1280,"url":"https:\/\/files.sunoresearch.com.br\/n\/uploads\/2018\/10\/473c1c0c-ipca.jpg","type":"image\/jpeg"}],"author":"Carlo Cauti","twitter_card":"summary_large_image","twitter_creator":"@sunoresearch","twitter_site":"@sunoresearch","twitter_misc":{"Escrito por":"Carlo Cauti","Est. tempo de leitura":"3 minutos"},"schema":{"@context":"https:\/\/schema.org","@graph":[{"@type":"NewsArticle","@id":"https:\/\/www.suno.com.br\/noticias\/ipca-15-julho-009\/#article","isPartOf":{"@id":"https:\/\/www.suno.com.br\/noticias\/ipca-15-julho-009\/"},"author":{"name":"Carlo Cauti","@id":"https:\/\/www.suno.com.br\/noticias\/#\/schema\/person\/e6e0f723cc177805027f4566c1d5e0c8"},"headline":"IPCA-15: pr\u00e9via da infla\u00e7\u00e3o oficial fica em 0,09% em julho","datePublished":"2019-07-23T13:17:17+00:00","mainEntityOfPage":{"@id":"https:\/\/www.suno.com.br\/noticias\/ipca-15-julho-009\/"},"wordCount":541,"publisher":{"@id":"https:\/\/www.suno.com.br\/noticias\/#organization"},"image":{"@id":"https:\/\/www.suno.com.br\/noticias\/ipca-15-julho-009\/#primaryimage"},"thumbnailUrl":"https:\/\/files.sunoresearch.com.br\/n\/uploads\/2018\/10\/473c1c0c-ipca-jpg.webp","keywords":["infla\u00e7\u00e3o","IPCA-15"],"articleSection":["Economia"],"inLanguage":"pt-BR"},{"@type":"WebPage","@id":"https:\/\/www.suno.com.br\/noticias\/ipca-15-julho-009\/","url":"https:\/\/www.suno.com.br\/noticias\/ipca-15-julho-009\/","name":"IPCA-15: pr\u00e9via da infla\u00e7\u00e3o oficial fica em 0,09% em julho","isPartOf":{"@id":"https:\/\/www.suno.com.br\/noticias\/#website"},"primaryImageOfPage":{"@id":"https:\/\/www.suno.com.br\/noticias\/ipca-15-julho-009\/#primaryimage"},"image":{"@id":"https:\/\/www.suno.com.br\/noticias\/ipca-15-julho-009\/#primaryimage"},"thumbnailUrl":"https:\/\/files.sunoresearch.com.br\/n\/uploads\/2018\/10\/473c1c0c-ipca-jpg.webp","datePublished":"2019-07-23T13:17:17+00:00","description":"O \u00cdndice Nacional de Pre\u00e7os ao Consumidor Amplo 15 (IPCA-15) registrou um crescimento de 0,09% em julho. Clique aqui para saber mais.","breadcrumb":{"@id":"https:\/\/www.suno.com.br\/noticias\/ipca-15-julho-009\/#breadcrumb"},"inLanguage":"pt-BR","potentialAction":[{"@type":"ReadAction","target":["https:\/\/www.suno.com.br\/noticias\/ipca-15-julho-009\/"]}]},{"@type":"ImageObject","inLanguage":"pt-BR","@id":"https:\/\/www.suno.com.br\/noticias\/ipca-15-julho-009\/#primaryimage","url":"https:\/\/files.sunoresearch.com.br\/n\/uploads\/2018\/10\/473c1c0c-ipca-jpg.webp","contentUrl":"https:\/\/files.sunoresearch.com.br\/n\/uploads\/2018\/10\/473c1c0c-ipca-jpg.webp","width":1920,"height":1280,"caption":"O Instituto Brasileiro de Geografia e Estat\u00edstica (IBGE) divulgou a produ\u00e7\u00e3o industrial"},{"@type":"BreadcrumbList","@id":"https:\/\/www.suno.com.br\/noticias\/ipca-15-julho-009\/#breadcrumb","itemListElement":[{"@type":"ListItem","position":1,"name":"Not\u00edcias","item":"https:\/\/www.suno.com.br\/noticias\/"},{"@type":"ListItem","position":2,"name":"Economia","item":"https:\/\/www.suno.com.br\/noticias\/economia\/"},{"@type":"ListItem","position":3,"name":"IPCA-15: pr\u00e9via da infla\u00e7\u00e3o oficial fica em 0,09% em julho"}]},{"@type":"WebSite","@id":"https:\/\/www.suno.com.br\/noticias\/#website","url":"https:\/\/www.suno.com.br\/noticias\/","name":"Suno Not\u00edcias","description":"Seu portal de informa\u00e7\u00e3o sobre o mundo dos investimentos","publisher":{"@id":"https:\/\/www.suno.com.br\/noticias\/#organization"},"potentialAction":[{"@type":"SearchAction","target":{"@type":"EntryPoint","urlTemplate":"https:\/\/www.suno.com.br\/noticias\/?s={search_term_string}"},"query-input":{"@type":"PropertyValueSpecification","valueRequired":true,"valueName":"search_term_string"}}],"inLanguage":"pt-BR"},{"@type":"Organization","@id":"https:\/\/www.suno.com.br\/noticias\/#organization","name":"Suno Not\u00edcias","url":"https:\/\/www.suno.com.br\/noticias\/","logo":{"@type":"ImageObject","inLanguage":"pt-BR","@id":"https:\/\/www.suno.com.br\/noticias\/#\/schema\/logo\/image\/","url":"https:\/\/files.sunoresearch.com.br\/n\/uploads\/2021\/09\/suno-logo.png","contentUrl":"https:\/\/files.sunoresearch.com.br\/n\/uploads\/2021\/09\/suno-logo.png","width":180,"height":180,"caption":"Suno Not\u00edcias"},"image":{"@id":"https:\/\/www.suno.com.br\/noticias\/#\/schema\/logo\/image\/"},"sameAs":["https:\/\/facebook.com\/sunoresearch","https:\/\/x.com\/sunoresearch","https:\/\/www.instagram.com\/suno","https:\/\/www.linkedin.com\/company\/suno-research\/","https:\/\/www.youtube.com\/c\/sunoresearch"]},{"@type":"Person","@id":"https:\/\/www.suno.com.br\/noticias\/#\/schema\/person\/e6e0f723cc177805027f4566c1d5e0c8","name":"Carlo Cauti","image":{"@type":"ImageObject","inLanguage":"pt-BR","@id":"https:\/\/www.suno.com.br\/noticias\/#\/schema\/person\/image\/","url":"https:\/\/secure.gravatar.com\/avatar\/3ada9e0bd164c23abd4792a9606d583c?s=96&r=g","contentUrl":"https:\/\/secure.gravatar.com\/avatar\/3ada9e0bd164c23abd4792a9606d583c?s=96&r=g","caption":"Carlo Cauti"},"description":"Editor multim\u00eddia do SUNO Not\u00edcias. Italiano, formado em Ci\u00eancias Pol\u00edticas pela universidade LUISS G. Carli de Roma e mestre cum laude em Rela\u00e7\u00f5es Internacionais, Jornalismo Internacional e de Guerra e em Economia Internacional. Concluiu tamb\u00e9m um MBA em Finan\u00e7as na B3. No Brasil, teve passagem por ve\u00edculos como Estad\u00e3o, Globo, Veja e EXAME. e nas ag\u00eancias de not\u00edcias italianas ANSA e NOVA.","url":"https:\/\/www.suno.com.br\/noticias\/author\/carlo-cauti\/"}]}},"default_loop_html":"<div class=\"cardsPage__listCard__boxs\"><div class=\"cardsPage__listCard__boxs__img\"><a href=\"https:\/\/www.suno.com.br\/noticias\/ipca-15-julho-009\/\"><img class=\"mask\" src=\"https:\/\/www.suno.com.br\/noticias\/wp-content\/themes\/suno\/resources\/images\/spotlight\/spotlight1img\/bg-mask.png\" alt=\"Image Mask\"\/><img src=\"https:\/\/files.sunoresearch.com.br\/n\/uploads\/2018\/10\/473c1c0c-ipca-400x200.webp\" alt=\"IPCA-15: pr\u00e9via da infla\u00e7\u00e3o oficial fica em 0,09% em julho\"\/><\/a><span class=\"spotlightCategory\"><a href=\"https:\/\/www.suno.com.br\/noticias\/economia\/\">Economia<\/a><\/span><\/div><div class=\"cardsPage__listCard__boxs__content\"><a href=\"https:\/\/www.suno.com.br\/noticias\/ipca-15-julho-009\/\"><h2 class=\"content__title\">IPCA-15: pr\u00e9via da infla\u00e7\u00e3o oficial fica em 0,09% em julho<\/h2><\/a><div class=\"newsContent__article__meta\"><div class=\"newsContent__article__meta__authorBox\"><a href=\"https:\/\/www.suno.com.br\/noticias\/author\/carlo-cauti\/\" class=\"authorBox__avatar noMobi\"><img src=\"https:\/\/files.sunoresearch.com.br\/n\/uploads\/2020\/08\/e3745f9a-perfil-carlo-cauti-150x150.webp\" alt=\"Carlo Cauti\"><\/a><div class=\"authorBox__name\"><span>por\n\t\t\t<a href=\"https:\/\/www.suno.com.br\/noticias\/author\/carlo-cauti\/\"><span itemprop=\"author\">Carlo Cauti<\/span><\/a><\/span><time datetime=\"2019-07-23T10:17:17-03:00\" itemprop=\"datePublished\">23\/07\/2019 10:17<\/time><\/div><\/div><\/div><\/div><\/div>","single_layout":"posts","amp_enabled":true,"_links":{"self":[{"href":"https:\/\/www.suno.com.br\/noticias\/wp-json\/wp\/v2\/posts\/31814"}],"collection":[{"href":"https:\/\/www.suno.com.br\/noticias\/wp-json\/wp\/v2\/posts"}],"about":[{"href":"https:\/\/www.suno.com.br\/noticias\/wp-json\/wp\/v2\/types\/post"}],"author":[{"embeddable":true,"href":"https:\/\/www.suno.com.br\/noticias\/wp-json\/wp\/v2\/users\/9"}],"replies":[{"embeddable":true,"href":"https:\/\/www.suno.com.br\/noticias\/wp-json\/wp\/v2\/comments?post=31814"}],"version-history":[{"count":0,"href":"https:\/\/www.suno.com.br\/noticias\/wp-json\/wp\/v2\/posts\/31814\/revisions"}],"wp:featuredmedia":[{"embeddable":true,"href":"https:\/\/www.suno.com.br\/noticias\/wp-json\/wp\/v2\/media\/4885"}],"wp:attachment":[{"href":"https:\/\/www.suno.com.br\/noticias\/wp-json\/wp\/v2\/media?parent=31814"}],"wp:term":[{"taxonomy":"category","embeddable":true,"href":"https:\/\/www.suno.com.br\/noticias\/wp-json\/wp\/v2\/categories?post=31814"},{"taxonomy":"post_tag","embeddable":true,"href":"https:\/\/www.suno.com.br\/noticias\/wp-json\/wp\/v2\/tags?post=31814"},{"taxonomy":"suno_strategy","embeddable":true,"href":"https:\/\/www.suno.com.br\/noticias\/wp-json\/wp\/v2\/suno_strategy?post=31814"}],"curies":[{"name":"wp","href":"https:\/\/api.w.org\/{rel}","templated":true}]}}