{"id":318112,"date":"2022-11-11T14:14:13","date_gmt":"2022-11-11T17:14:13","guid":{"rendered":"https:\/\/www.suno.com.br\/noticias\/?p=318112"},"modified":"2022-11-11T20:06:39","modified_gmt":"2022-11-11T23:06:39","slug":"lula-discurso-queda-bolsa-dolar-mercado-financeiro","status":"publish","type":"post","link":"https:\/\/www.suno.com.br\/noticias\/lula-discurso-queda-bolsa-dolar-mercado-financeiro\/","title":{"rendered":"O que Lula disse que &#8216;criou caos no mercado financeiro&#8217;? Veja an\u00e1lises"},"content":{"rendered":"<p>Ap\u00f3s falas de <a href=\"https:\/\/www.suno.com.br\/noticias\/ibovespa-hoje-fechamento-10112022\/\"><strong>Lula<\/strong> (PT)<\/a> no Centro Cultural Banco do Brasil (CCBB) e novidades na PEC de Transi\u00e7\u00e3o, o <a class=\"suno-keyword\" href=\"https:\/\/www.suno.com.br\/guias\/mercado-financeiro\/\" target=\"_blank\" rel=\"noopener\" data-force=\"no\" data-priority=\"2\">mercado financeiro<\/a> teve um dos seus piores dias em tempos. A queda do Ibovespa, na quinta (10), foi a maior desde novembro do ano passado, de 3,35%, ao passo que o d\u00f3lar disparou mais de 4%, tendo a maior alta di\u00e1ria desde meados de mar\u00e7o de 2020, quando a pandemia causava p\u00e2nico nos mercados.<\/p><div class=\"videoFull videoFull--noRadius\">\n\t\t\t<div class=\"videoWrapper yt-lazyload center\"\n\t\t\t\tdata-width=\"960\"\n\t\t\t\tdata-height=\"540\"\n\t\t\t\tdata-id=\"-lefQcU_OiI\"\n\t\t\t\tdata-alt=\"Veja a entrevista completa com os analistas da Suno Research sobre o tema\"\n\t\t\t\tdata-logo=\"3\"\n\t\t\t\tdata-imagequality=\"maxres\">\n\t\t\t<\/div>\n\t\t<\/div><span class=\"videoFull__caption videoFull__caption--show\">Veja a entrevista completa com os analistas da Suno Research sobre o tema<p><\/p><\/span><script type=\"application\/ld+json\">{\"@context\":\"https:\/\/schema.org\",\"@type\":\"VideoObject\",\"name\":\"LULA ASSUSTA MERCADO E IBOVESPA DESABA 3,35% | D\u00f3lar dispara 4% por risco fiscal e cola nos R$ 5,40\",\"description\":\"\ud83d\udcda \ud83d\udcb8\ud83d\ude2e\u2600\ufe0f \u2600\ufe0f \ud835\uddd4 \ud835\uddd5\ud835\udddf\ud835\uddd4\ud835\uddd6\ud835\uddde \ud835\uddd9\ud835\udde5\ud835\udddc\ud835\uddd7\ud835\uddd4\ud835\uddec \ud835\uddf1\ud835\uddee \ud835\udde6\ud835\udde8\ud835\udde1\ud835\udde2 chegou! Acesse \ud835\uddfc\ud835\ude00 \ud835\uddfa\ud835\uddee\ud835\uddf6\ud835\uddfc\ud835\uddff\ud835\uddf2\ud835\ude00 \ud835\uddf1\ud835\uddf2\ud835\ude00\ud835\uddf0\ud835\uddfc\ud835\uddfb\ud835\ude01\ud835\uddfc\ud835\ude00 \ud835\uddf2 \ud835\uddef\ud835\uddfc\u0302\ud835\uddfb\ud835\ude02\ud835\ude00 \ud835\uddf2\ud835\ude00\ud835\uddfd\ud835\uddf2\ud835\uddf0\ud835\uddf6\ud835\uddee\ud835\uddf6\ud835\ude00 pelo link! #ASuaConquista \ud83d\udc49 https:\/\/bit.ly\/3U3d8Eh O Ibovespa fechou em queda de 3,3% nesta quinta-feira (10), aos 109,7 mil pontos, em meio a mais balan\u00e7os financeiros publicados, an\u00fancios de dividendos e divulga\u00e7\u00e3o dos dados oficiais da infla\u00e7\u00e3o no Brasil. O\u2026\",\"duration\":\"PT59M32S\",\"embedUrl\":\"https:\/\/www.youtube.com\/embed\/-lefQcU_OiI\",\"regionsAllowed\":\"pt-BR\",\"interactionStatistic\":{\"@type\":\"InteractionCounter\",\"interactionType\":{\"@type\":\"WatchAction\"},\"userInteractionCount\":18180},\"thumbnailUrl\":\"https:\/\/i.ytimg.com\/vi\/-lefQcU_OiI\/default.jpg\",\"uploadDate\":\"2022-11-10T23:05:00Z\"}<\/script>\n\n\t<p>\n\t\t<a href=\"https:\/\/lp2.suno.com.br\/cl\/black-friday-2025\/?utm_campaign=_SNCDF0E4858_\" target=\"_blank\" data-element=\"shortcode-suno-banner\" title=\"Banner SUNO, clique e saiba mais\">\n\t\t\t<picture>\n\t\t\t\t<source media=\"(max-width: 500px)\" srcset=\"https:\/\/files.sunoresearch.com.br\/n\/uploads\/2025\/10\/Artigos-e-Noticias-Banner-Home-artigos-01-Mobile_-400x300-1-png.webp\">\n\t\t\t\t<img class=\"newsContent__article__imgCapa newsContent__article__imgCapa--banner\"\n\t\t\t\t\tsrc=\"https:\/\/files.sunoresearch.com.br\/n\/uploads\/2025\/10\/Artigos-e-Noticias-Banner-Home-artigos-01-Desktop_-1420x240-1-png.webp\"\n\t\t\t\t\tdata-promo-id=\"311259\"\t\t\t\t\t\t\t\t\t\twidth='1420' height='240'\t\t\t\t\talt=\"https:\/\/files.sunoresearch.com.br\/n\/uploads\/2025\/10\/Artigos-e-Noticias-Banner-Home-artigos-01-Desktop_-1420x240-1-png.webp\"\n\t\t\t\t>\n\t\t\t<\/picture>\n\t\t<\/a>\n\t<\/p>\n\n\n<p>As declara\u00e7\u00f5es foram classificadas como t\u00e3o negativas que <strong><a href=\"https:\/\/www.suno.com.br\/noticias\/teto-de-gastos-henrique-meirelles\/\">Henrique Meirelles<\/a><\/strong>, at\u00e9 ent\u00e3o especulado como poss\u00edvel Ministro da Fazenda, disse que Lula &#8216;dilmou&#8217; em um evento fechado para clientes do BTG Pactual. \u201cHoje, come\u00e7ou a falar. A\u00ed, ele come\u00e7ou a sinalizar uma dire\u00e7\u00e3o \u00e0 Dilma. Estou pessimista, n\u00e3o tenha d\u00favida (&#8230;) S\u00f3 posso dizer uma coisa a todos voc\u00eas: boa sorte\u201d, afirmou.<\/p>\n<p>As declara\u00e7\u00f5es de Meirelles teriam causado mal-estar na equipe de transi\u00e7\u00e3o. O ex-ministro afirmou ao Broadcast que foi mal interpretado e &#8220;que \u00e9 cedo para saber qual ser\u00e1 a pol\u00edtica econ\u00f4mica do governo eleito&#8221;. Falou ainda que Lula est\u00e1 &#8220;no modo campanha&#8221;.<\/p>\n<p>No final do dia, o coordenador da transi\u00e7\u00e3o e vice de Lula, Geraldo Alckmin, contemporizou no Twitter: &#8220;Responsabilidade fiscal e social andar\u00e3o juntas mais uma vez, como Lula j\u00e1 provou saber fazer&#8221;, disse Alckmin.<\/p>\n<blockquote class=\"twitter-tweet\" data-width=\"550\" data-dnt=\"true\">\n<p lang=\"pt\" dir=\"ltr\">O presidente <a href=\"https:\/\/twitter.com\/LulaOficial?ref_src=twsrc%5Etfw\">@LulaOficial<\/a> fez hoje um encontro com parlamentares de 14 partidos mostrando sua disposi\u00e7\u00e3o em fazer deste, um governo plural, como \u00e9 o Brasil. Responsabilidade fiscal e social andar\u00e3o juntas mais uma vez, como Lula j\u00e1 provou saber fazer. \ud83d\udcf8 <a href=\"https:\/\/twitter.com\/ricardostuckert?ref_src=twsrc%5Etfw\">@ricardostuckert<\/a> <a href=\"https:\/\/t.co\/4cBrzwicSF\">pic.twitter.com\/4cBrzwicSF<\/a><\/p>\n<p>&mdash; Geraldo Alckmin \ud83c\udde7\ud83c\uddf7 (@geraldoalckmin) <a href=\"https:\/\/twitter.com\/geraldoalckmin\/status\/1590836214088671232?ref_src=twsrc%5Etfw\">November 10, 2022<\/a><\/p><\/blockquote>\n<p>O analista de a\u00e7\u00f5es Jos\u00e9 Daronco, da <strong>Suno Research<\/strong>, destaca que a retra\u00e7\u00e3o ocasionada pelas falas se d\u00e1 pela piora moment\u00e2nea de expectativas sobre o futuro do Brasil no cen\u00e1rio fiscal.<\/p>\n<p>Ao ver afirma\u00e7\u00f5es que sinalizam a possibilidade de grandes <strong>rombos no <a class=\"suno-keyword\" href=\"https:\/\/www.suno.com.br\/artigos\/teto-de-gastos\/\" target=\"_blank\" rel=\"noopener\" data-force=\"no\" data-priority=\"1\">teto de gastos<\/a> feitos por Lula<\/strong>, o mercado penalizou drasticamente os ativos brasileiros.<\/p>\n<p>&#8220;O mercado \u00e9 imparcial e d\u00e1 o benef\u00edcio da d\u00favida, mas reage a est\u00edmulos. A partir do momento que ele viu a fala [de Lula] de que talvez ele n\u00e3o cumpra o teto [de gastos] e talvez destitua o teto, ele acaba antecipando isso. No final do dia s\u00e3o rumores, mas o mercado antecipa, e nesse caso antecipa algo muito negativo. Se n\u00e3o temos \u00e2ncora fiscal, as empresas param de investir. E se as empresas param de investir n\u00f3s entramos em um ciclo negativo: a empresa n\u00e3o investe, diminui o investimento, a empresa demite, as pessoas perdem renda, e essas por sua vez param de comprar. \u00c9 algo que n\u00e3o queremos&#8221;, comenta.<\/p>\n\n\t<div data-element=\"shortcode-read-more\" class=\"readToo\">\n\t\t\t\t<span class=\"readToo__title\">Leia mais<\/span>\n\t\t\t\t<ul class=\"readToo__list\">\n\t\t\t<li><a href=\"https:\/\/www.suno.com.br\/noticias\/ibovespa-hoje-11112022-vale-vale3\/\">Ibovespa sobe aos 111 mil pontos com alta do min\u00e9rio; Vale (VALE3) avan\u00e7a 9%<\/a><\/li><li><a href=\"https:\/\/www.suno.com.br\/noticias\/itausa-itsa4-resultado-3t22-lucro-balanco\/\">Ita\u00fasa (ITSA4) aumenta lucro l\u00edquido recorrente para R$ 3,6 bilh\u00f5es em trimestre com &#8216;giro de ativos&#8221;<\/a><\/li><li><a href=\"https:\/\/www.suno.com.br\/noticias\/magazine-luiza-mglu3-black-friday-2022\/\">Magazine Luiza (MGLU3) pode ter &#8220;maior Black Friday de todos os tempos&#8221; em 2022, diz diretor<\/a><\/li>\t\t<\/ul>\n\t<\/div>\n\n\n<p>O analista destaca que as <strong>queda da <a class=\"suno-keyword\" href=\"https:\/\/www.suno.com.br\/guias\/bolsa-de-valores\/\" target=\"_blank\" rel=\"noopener\" data-force=\"no\" data-priority=\"3\">bolsa de valores<\/a><\/strong> de forma generalizada se d\u00e1 inclusive pela <a class=\"suno-keyword\" href=\"https:\/\/www.suno.com.br\/artigos\/alta-do-dolar\/\" target=\"_blank\" rel=\"noopener\" data-force=\"no\" data-priority=\"1\">alta do d\u00f3lar<\/a> e dos juros, dado que isso afeta a avalia\u00e7\u00e3o do <a class=\"suno-keyword\" href=\"https:\/\/www.suno.com.br\/artigos\/valor-justo\/\" target=\"_blank\" rel=\"noopener\" data-force=\"no\" data-priority=\"1\">valor justo<\/a> das empresas.<\/p>\n<p>&#8220;Uma empresa nada mais \u00e9 do que a <a class=\"suno-keyword\" href=\"https:\/\/www.suno.com.br\/artigos\/geracao-de-caixa\/\" target=\"_blank\" rel=\"noopener\" data-force=\"no\" data-priority=\"1\">gera\u00e7\u00e3o de caixa<\/a> dela. Ent\u00e3o quanto maior a taxa de juros, menor a gera\u00e7\u00e3o de caixa. Al\u00e9m disso, juros altos impactam a demanda. Vimos as varejistas caindo significativamente&#8221;, analisa.<\/p>\n<p><iframe loading=\"lazy\" title=\"Qual \u00e9 o hist\u00f3rico do PT com risco fiscal? Economista explica | Suno Not\u00edcias\" width=\"1080\" height=\"608\" src=\"https:\/\/www.youtube.com\/embed\/qJmt1-eS_eE?feature=oembed&#038;enablejsapi=1&#038;origin=https:\/\/www.suno.com.br\" frameborder=\"0\" allow=\"accelerometer; autoplay; clipboard-write; encrypted-media; gyroscope; picture-in-picture\" allowfullscreen><\/iframe><\/p>\n<h2>PEC da Transi\u00e7\u00e3o no radar<\/h2>\n<p>Somado a esse cen\u00e1rio, o relator-geral do Or\u00e7amento de 2023, senador Marcelo Castro (MDB-PI), disse tamb\u00e9m na quinta (10) que a PEC (proposta de emenda \u00e0 Constitui\u00e7\u00e3o) da Transi\u00e7\u00e3o vai retirar as despesas com o Bolsa Fam\u00edlia da regra do teto de gastos.<\/p>\n<p>A sinaliza\u00e7\u00e3o tamb\u00e9m foi mal vista pelo mercado, que esperava que as regrais fiscais pudessem retomar um n\u00edvel mais saud\u00e1vel ap\u00f3s as exce\u00e7\u00f5es adotadas durante e depois a pandemia da Covid-19.<\/p>\n\t<p>\n\t\t<a href=\"https:\/\/lp.suno.com.br\/ebook-como-analisar-uma-acao\/\" target=\"_blank\" data-element=\"shortcode-suno-banner\" title=\"Banner SUNO, clique e saiba mais\">\n\t\t\t<picture>\n\t\t\t\t<source media=\"(max-width: 500px)\" srcset=\"https:\/\/files.sunoresearch.com.br\/n\/uploads\/2023\/12\/Ebook-Acoes-Mobile.jpg\">\n\t\t\t\t<img class=\"newsContent__article__imgCapa newsContent__article__imgCapa--banner\"\n\t\t\t\t\tsrc=\"https:\/\/files.sunoresearch.com.br\/n\/uploads\/2023\/12\/Ebook-Acoes-Desktop.webp\"\n\t\t\t\t\tdata-promo-id=\"311260\"\t\t\t\t\t\t\t\t\t\twidth='1420' height='286'\t\t\t\t\talt=\"https:\/\/files.sunoresearch.com.br\/n\/uploads\/2023\/12\/Ebook-Acoes-Desktop.webp\"\n\t\t\t\t>\n\t\t\t<\/picture>\n\t\t<\/a>\n\t<\/p>\n\n\n<p>&#8220;Se a gente come\u00e7ar a sinalizar que gastaremos muito&#8230;. O gasto social \u00e9 importante, mas, se ele n\u00e3o tiver uma regra, se ele n\u00e3o der uma previsibilidade para o mercado, voc\u00ea perde a \u00e2ncora e come\u00e7a a cair o c\u00e2mbio, come\u00e7a a aumentar os <a class=\"suno-keyword\" href=\"https:\/\/www.suno.com.br\/artigos\/juros-futuros\/\" target=\"_blank\" rel=\"noopener\" data-force=\"no\" data-priority=\"1\">juros futuros<\/a>, e os gastos sociais passam a perder a validade por serem corro\u00eddos por eventuais problemas na economia. Se os gastos sociais [e o crescimento do mercado] n\u00e3o caminharem juntos, eles [os gastos sociais] viram mais um problema do que uma solu\u00e7\u00e3o&#8221;, comenta Rafael Perez, economista da Suno Research.<\/p>\n<p>&#8220;O mercado passa a mensagem de que se o governo gastar mais e adotar uma <a class=\"suno-keyword\" href=\"https:\/\/www.suno.com.br\/artigos\/politica-fiscal\/\" target=\"_blank\" rel=\"noopener\" data-force=\"no\" data-priority=\"1\">pol\u00edtica fiscal<\/a> de furar o teto, haver\u00e1 uma penaliza\u00e7\u00e3o. O mercado penaliza muito a falta de previsibilidade. Havia se questionado se o teto seria furado no ano que vem, mas a expectativa \u00e9 de que isso acabaria. Quando o mercado perde essa ancoragem, tumultua muito e h\u00e1 muita volatilidade&#8221;, afirma Jos\u00e9 Daronco.<\/p>\n<h2>Apesar do &#8216;caos criado por Lula&#8217;, \u00e9 importante manter a racionalidade, diz analista<\/h2>\n<p>Mesmo com a queda dr\u00e1stica nos ativos e a disparada no c\u00e2mbio, Daronco destaca que \u00e9 necess\u00e1rio manter a calma ao realizar movimenta\u00e7\u00f5es no portf\u00f3lio, ainda que considerando a problem\u00e1tica econ\u00f4mica das declara\u00e7\u00f5es.<\/p>\n<p>Em sua fala, cita que &#8216;\u00e9 importante se manter racional&#8217; e que a precifica\u00e7\u00e3o intensa se d\u00e1 pelas perspectivas negativas, mas que a PEC que decide tirar o Bolsa Fam\u00edlia do teto \u00e9 relativamente dif\u00edcil de ser aprovada.<\/p>\n<p>&#8220;Eu sou um otimista. N\u00f3s, o time de a\u00e7\u00f5es [da Suno Research], continuamos otimistas, porque tem muita empresa que possui um valuation atrativo, mas acho que o momento agora para o investidor de <a class=\"suno-keyword\" href=\"https:\/\/www.suno.com.br\/artigos\/longo-prazo\/\" target=\"_blank\" rel=\"noopener\" data-force=\"no\" data-priority=\"1\">longo prazo<\/a> \u00e9 manter a calma e a racionalidade. J\u00e1 passamos por momentos desafiadores como a pandemia&#8221;, comenta.<\/p>\n<p>&#8220;Vimos as a\u00e7\u00f5es ca\u00edrem sucessivamente mais de 10%. Em mar\u00e7o, v\u00e1rias ca\u00edram mais de 50%. V\u00edamos muita incerteza, que \u00e9 o que o mercado precifica, e o investidor que comprou na pandemia est\u00e1 rindo \u00e0 toa hoje. \u00c9 importante manter a racionalidade. N\u00e3o achamos que ningu\u00e9m far\u00e1 loucuras&#8221;, acrescenta.<\/p>\n<p>Na sua an\u00e1lise, tamb\u00e9m destaca que o <strong>Lula<\/strong> n\u00e3o tem a C\u00e2mara e o Senado como grandes aliados e \u00e9 dif\u00edcil &#8216;ele dar pano para manga para a oposi\u00e7\u00e3o&#8217;. &#8220;Ele n\u00e3o deve querer o mercado e as estatais sangrando no seu in\u00edcio de mandato&#8221;, diz.<\/p>\n\t<p>\n\t\t<a href=\"https:\/\/lp.suno.com.br\/minicurso-investindo-fiis\/\" target=\"_blank\" data-element=\"shortcode-suno-banner\" title=\"Banner SUNO, clique e saiba mais\">\n\t\t\t<picture>\n\t\t\t\t<source media=\"(max-width: 500px)\" srcset=\"https:\/\/files.sunoresearch.com.br\/n\/uploads\/2023\/07\/400x300-Minicurso-FIIS.png\">\n\t\t\t\t<img class=\"newsContent__article__imgCapa newsContent__article__imgCapa--banner\"\n\t\t\t\t\tsrc=\"https:\/\/files.sunoresearch.com.br\/n\/uploads\/2023\/07\/1420x240-Minicurso-FIIS.png\"\n\t\t\t\t\tdata-promo-id=\"311935\"\t\t\t\t\t\t\t\t\t\twidth='1420' height='240'\t\t\t\t\talt=\"https:\/\/files.sunoresearch.com.br\/n\/uploads\/2023\/07\/1420x240-Minicurso-FIIS.png\"\n\t\t\t\t>\n\t\t\t<\/picture>\n\t\t<\/a>\n\t<\/p>\n\n\n","protected":false},"excerpt":{"rendered":"<p>Ap\u00f3s falas de Lula (PT) no Centro Cultural Banco do Brasil (CCBB) e novidades na PEC de Transi\u00e7\u00e3o, o mercado financeiro teve um dos seus piores dias em tempos. A queda do Ibovespa, na quinta (10), foi a maior desde novembro do ano passado, de 3,35%, ao passo que o d\u00f3lar disparou mais de 4%, [&hellip;]<\/p>\n","protected":false},"author":73,"featured_media":318132,"comment_status":"closed","ping_status":"closed","sticky":false,"template":"","format":"standard","meta":[],"categories":[61],"tags":[697,105816,83329],"suno_strategy":[],"class_list":["post-318112","post","type-post","status-publish","format-standard","has-post-thumbnail","hentry","category-politica","tag-eleicoes","tag-especialistas","tag-teto-de-gastos"],"yoast_head":"<!-- This site is optimized with the Yoast SEO plugin v24.4 - https:\/\/yoast.com\/wordpress\/plugins\/seo\/ -->\n<title>O que Lula disse que &#039;criou caos no mercado financeiro&#039;? Veja an\u00e1lises<\/title>\n<meta name=\"description\" content=\"Ap\u00f3s discurso de Lula e movimentos no parlamento, bolsa e d\u00f3lar tiveram seu pior dia em meses. Clique e confira!\" \/>\n<meta name=\"robots\" content=\"index, follow, max-snippet:-1, max-image-preview:large, max-video-preview:-1\" \/>\n<link rel=\"canonical\" href=\"https:\/\/www.suno.com.br\/noticias\/lula-discurso-queda-bolsa-dolar-mercado-financeiro\/\" \/>\n<meta property=\"og:locale\" content=\"pt_BR\" \/>\n<meta property=\"og:type\" content=\"article\" \/>\n<meta property=\"og:title\" content=\"O que Lula disse que &#039;criou caos no mercado financeiro&#039;? Veja an\u00e1lises\" \/>\n<meta property=\"og:description\" content=\"Ap\u00f3s discurso de Lula e movimentos no parlamento, bolsa e d\u00f3lar tiveram seu pior dia em meses. Clique e confira!\" \/>\n<meta property=\"og:url\" content=\"https:\/\/www.suno.com.br\/noticias\/lula-discurso-queda-bolsa-dolar-mercado-financeiro\/\" \/>\n<meta property=\"og:site_name\" content=\"Suno Not\u00edcias\" \/>\n<meta property=\"article:publisher\" content=\"https:\/\/facebook.com\/sunoresearch\" \/>\n<meta property=\"og:image\" content=\"https:\/\/files.sunoresearch.com.br\/n\/uploads\/2022\/11\/lula-ccbb-scaled.jpg\" \/>\n\t<meta property=\"og:image:width\" content=\"2560\" \/>\n\t<meta property=\"og:image:height\" content=\"1707\" \/>\n\t<meta property=\"og:image:type\" content=\"image\/jpeg\" \/>\n<meta name=\"author\" content=\"Eduardo Vargas\" \/>\n<meta name=\"twitter:card\" content=\"summary_large_image\" \/>\n<meta name=\"twitter:creator\" content=\"@sunoresearch\" \/>\n<meta name=\"twitter:site\" content=\"@sunoresearch\" \/>\n<meta name=\"twitter:label1\" content=\"Escrito por\" \/>\n\t<meta name=\"twitter:data1\" content=\"Eduardo Vargas\" \/>\n\t<meta name=\"twitter:label2\" content=\"Est. tempo de leitura\" \/>\n\t<meta name=\"twitter:data2\" content=\"6 minutos\" \/>\n<script type=\"application\/ld+json\" class=\"yoast-schema-graph\">{\"@context\":\"https:\/\/schema.org\",\"@graph\":[{\"@type\":\"NewsArticle\",\"@id\":\"https:\/\/www.suno.com.br\/noticias\/lula-discurso-queda-bolsa-dolar-mercado-financeiro\/#article\",\"isPartOf\":{\"@id\":\"https:\/\/www.suno.com.br\/noticias\/lula-discurso-queda-bolsa-dolar-mercado-financeiro\/\"},\"author\":{\"name\":\"Eduardo Vargas\",\"@id\":\"https:\/\/www.suno.com.br\/noticias\/#\/schema\/person\/7f4d362bf3518e76090143ae77bb49a5\"},\"headline\":\"O que Lula disse que &#8216;criou caos no mercado financeiro&#8217;? Veja an\u00e1lises\",\"datePublished\":\"2022-11-11T17:14:13+00:00\",\"dateModified\":\"2022-11-11T23:06:39+00:00\",\"mainEntityOfPage\":{\"@id\":\"https:\/\/www.suno.com.br\/noticias\/lula-discurso-queda-bolsa-dolar-mercado-financeiro\/\"},\"wordCount\":1037,\"publisher\":{\"@id\":\"https:\/\/www.suno.com.br\/noticias\/#organization\"},\"image\":{\"@id\":\"https:\/\/www.suno.com.br\/noticias\/lula-discurso-queda-bolsa-dolar-mercado-financeiro\/#primaryimage\"},\"thumbnailUrl\":\"https:\/\/files.sunoresearch.com.br\/n\/uploads\/2022\/11\/lula-ccbb-scaled.jpg\",\"keywords\":[\"Elei\u00e7\u00f5es\",\"Especialistas\",\"teto de gastos\"],\"articleSection\":[\"Pol\u00edtica\"],\"inLanguage\":\"pt-BR\"},{\"@type\":\"WebPage\",\"@id\":\"https:\/\/www.suno.com.br\/noticias\/lula-discurso-queda-bolsa-dolar-mercado-financeiro\/\",\"url\":\"https:\/\/www.suno.com.br\/noticias\/lula-discurso-queda-bolsa-dolar-mercado-financeiro\/\",\"name\":\"O que Lula disse que 'criou caos no mercado financeiro'? Veja an\u00e1lises\",\"isPartOf\":{\"@id\":\"https:\/\/www.suno.com.br\/noticias\/#website\"},\"primaryImageOfPage\":{\"@id\":\"https:\/\/www.suno.com.br\/noticias\/lula-discurso-queda-bolsa-dolar-mercado-financeiro\/#primaryimage\"},\"image\":{\"@id\":\"https:\/\/www.suno.com.br\/noticias\/lula-discurso-queda-bolsa-dolar-mercado-financeiro\/#primaryimage\"},\"thumbnailUrl\":\"https:\/\/files.sunoresearch.com.br\/n\/uploads\/2022\/11\/lula-ccbb-scaled.jpg\",\"datePublished\":\"2022-11-11T17:14:13+00:00\",\"dateModified\":\"2022-11-11T23:06:39+00:00\",\"description\":\"Ap\u00f3s discurso de Lula e movimentos no parlamento, bolsa e d\u00f3lar tiveram seu pior dia em meses. Clique e confira!\",\"breadcrumb\":{\"@id\":\"https:\/\/www.suno.com.br\/noticias\/lula-discurso-queda-bolsa-dolar-mercado-financeiro\/#breadcrumb\"},\"inLanguage\":\"pt-BR\",\"potentialAction\":[{\"@type\":\"ReadAction\",\"target\":[\"https:\/\/www.suno.com.br\/noticias\/lula-discurso-queda-bolsa-dolar-mercado-financeiro\/\"]}]},{\"@type\":\"ImageObject\",\"inLanguage\":\"pt-BR\",\"@id\":\"https:\/\/www.suno.com.br\/noticias\/lula-discurso-queda-bolsa-dolar-mercado-financeiro\/#primaryimage\",\"url\":\"https:\/\/files.sunoresearch.com.br\/n\/uploads\/2022\/11\/lula-ccbb-scaled.jpg\",\"contentUrl\":\"https:\/\/files.sunoresearch.com.br\/n\/uploads\/2022\/11\/lula-ccbb-scaled.jpg\",\"width\":2560,\"height\":1707,\"caption\":\"Lula decreta interven\u00e7\u00e3o federal na seguran\u00e7a p\u00fablica do Distrito Federal. . Foto: Marcelo Camargo\/Ag\u00eancia Brasil\"},{\"@type\":\"BreadcrumbList\",\"@id\":\"https:\/\/www.suno.com.br\/noticias\/lula-discurso-queda-bolsa-dolar-mercado-financeiro\/#breadcrumb\",\"itemListElement\":[{\"@type\":\"ListItem\",\"position\":1,\"name\":\"Not\u00edcias\",\"item\":\"https:\/\/www.suno.com.br\/noticias\/\"},{\"@type\":\"ListItem\",\"position\":2,\"name\":\"Pol\u00edtica\",\"item\":\"https:\/\/www.suno.com.br\/noticias\/politica\/\"},{\"@type\":\"ListItem\",\"position\":3,\"name\":\"O que Lula disse que &#8216;criou caos no mercado financeiro&#8217;? Veja an\u00e1lises\"}]},{\"@type\":\"WebSite\",\"@id\":\"https:\/\/www.suno.com.br\/noticias\/#website\",\"url\":\"https:\/\/www.suno.com.br\/noticias\/\",\"name\":\"Suno Not\u00edcias\",\"description\":\"Seu portal de informa\u00e7\u00e3o sobre o mundo dos investimentos\",\"publisher\":{\"@id\":\"https:\/\/www.suno.com.br\/noticias\/#organization\"},\"potentialAction\":[{\"@type\":\"SearchAction\",\"target\":{\"@type\":\"EntryPoint\",\"urlTemplate\":\"https:\/\/www.suno.com.br\/noticias\/?s={search_term_string}\"},\"query-input\":{\"@type\":\"PropertyValueSpecification\",\"valueRequired\":true,\"valueName\":\"search_term_string\"}}],\"inLanguage\":\"pt-BR\"},{\"@type\":\"Organization\",\"@id\":\"https:\/\/www.suno.com.br\/noticias\/#organization\",\"name\":\"Suno Not\u00edcias\",\"url\":\"https:\/\/www.suno.com.br\/noticias\/\",\"logo\":{\"@type\":\"ImageObject\",\"inLanguage\":\"pt-BR\",\"@id\":\"https:\/\/www.suno.com.br\/noticias\/#\/schema\/logo\/image\/\",\"url\":\"https:\/\/files.sunoresearch.com.br\/n\/uploads\/2021\/09\/suno-logo.png\",\"contentUrl\":\"https:\/\/files.sunoresearch.com.br\/n\/uploads\/2021\/09\/suno-logo.png\",\"width\":180,\"height\":180,\"caption\":\"Suno Not\u00edcias\"},\"image\":{\"@id\":\"https:\/\/www.suno.com.br\/noticias\/#\/schema\/logo\/image\/\"},\"sameAs\":[\"https:\/\/facebook.com\/sunoresearch\",\"https:\/\/x.com\/sunoresearch\",\"https:\/\/www.instagram.com\/suno\",\"https:\/\/www.linkedin.com\/company\/suno-research\/\",\"https:\/\/www.youtube.com\/c\/sunoresearch\"]},{\"@type\":\"Person\",\"@id\":\"https:\/\/www.suno.com.br\/noticias\/#\/schema\/person\/7f4d362bf3518e76090143ae77bb49a5\",\"name\":\"Eduardo Vargas\",\"image\":{\"@type\":\"ImageObject\",\"inLanguage\":\"pt-BR\",\"@id\":\"https:\/\/www.suno.com.br\/noticias\/#\/schema\/person\/image\/\",\"url\":\"https:\/\/secure.gravatar.com\/avatar\/dac340933427a22924c9f99d1eb2e3f2?s=96&r=g\",\"contentUrl\":\"https:\/\/secure.gravatar.com\/avatar\/dac340933427a22924c9f99d1eb2e3f2?s=96&r=g\",\"caption\":\"Eduardo Vargas\"},\"description\":\"Jornalista formado pela UFSC, cobre macroeconomia, neg\u00f3cios e startups para o Suno Not\u00edcias, escrevendo principalmente not\u00edcias sobre o mercado financeiro e a bolsa de valores. No YouTube e no Instagram, \u00e9 respons\u00e1vel pela produ\u00e7\u00e3o de Reels e Shorts do Suno Not\u00edcias. Anteriormente, trabalhou cobrindo economia e cotidiano no ND+ e para o ND, maior jornal impresso de Santa Catarina. Cursou um semestre letivo de Estudos de M\u00eddia na Universidad de Buenos Aires.\",\"url\":\"https:\/\/www.suno.com.br\/noticias\/author\/eduardo-vargas\/\"}]}<\/script>\n<!-- \/ Yoast SEO plugin. -->","yoast_head_json":{"title":"O que Lula disse que 'criou caos no mercado financeiro'? Veja an\u00e1lises","description":"Ap\u00f3s discurso de Lula e movimentos no parlamento, bolsa e d\u00f3lar tiveram seu pior dia em meses. Clique e confira!","robots":{"index":"index","follow":"follow","max-snippet":"max-snippet:-1","max-image-preview":"max-image-preview:large","max-video-preview":"max-video-preview:-1"},"canonical":"https:\/\/www.suno.com.br\/noticias\/lula-discurso-queda-bolsa-dolar-mercado-financeiro\/","og_locale":"pt_BR","og_type":"article","og_title":"O que Lula disse que 'criou caos no mercado financeiro'? Veja an\u00e1lises","og_description":"Ap\u00f3s discurso de Lula e movimentos no parlamento, bolsa e d\u00f3lar tiveram seu pior dia em meses. Clique e confira!","og_url":"https:\/\/www.suno.com.br\/noticias\/lula-discurso-queda-bolsa-dolar-mercado-financeiro\/","og_site_name":"Suno Not\u00edcias","article_publisher":"https:\/\/facebook.com\/sunoresearch","og_image":[{"width":2560,"height":1707,"url":"https:\/\/files.sunoresearch.com.br\/n\/uploads\/2022\/11\/lula-ccbb-scaled.jpg","type":"image\/jpeg"}],"author":"Eduardo Vargas","twitter_card":"summary_large_image","twitter_creator":"@sunoresearch","twitter_site":"@sunoresearch","twitter_misc":{"Escrito por":"Eduardo Vargas","Est. tempo de leitura":"6 minutos"},"schema":{"@context":"https:\/\/schema.org","@graph":[{"@type":"NewsArticle","@id":"https:\/\/www.suno.com.br\/noticias\/lula-discurso-queda-bolsa-dolar-mercado-financeiro\/#article","isPartOf":{"@id":"https:\/\/www.suno.com.br\/noticias\/lula-discurso-queda-bolsa-dolar-mercado-financeiro\/"},"author":{"name":"Eduardo Vargas","@id":"https:\/\/www.suno.com.br\/noticias\/#\/schema\/person\/7f4d362bf3518e76090143ae77bb49a5"},"headline":"O que Lula disse que &#8216;criou caos no mercado financeiro&#8217;? Veja an\u00e1lises","datePublished":"2022-11-11T17:14:13+00:00","dateModified":"2022-11-11T23:06:39+00:00","mainEntityOfPage":{"@id":"https:\/\/www.suno.com.br\/noticias\/lula-discurso-queda-bolsa-dolar-mercado-financeiro\/"},"wordCount":1037,"publisher":{"@id":"https:\/\/www.suno.com.br\/noticias\/#organization"},"image":{"@id":"https:\/\/www.suno.com.br\/noticias\/lula-discurso-queda-bolsa-dolar-mercado-financeiro\/#primaryimage"},"thumbnailUrl":"https:\/\/files.sunoresearch.com.br\/n\/uploads\/2022\/11\/lula-ccbb-scaled.jpg","keywords":["Elei\u00e7\u00f5es","Especialistas","teto de gastos"],"articleSection":["Pol\u00edtica"],"inLanguage":"pt-BR"},{"@type":"WebPage","@id":"https:\/\/www.suno.com.br\/noticias\/lula-discurso-queda-bolsa-dolar-mercado-financeiro\/","url":"https:\/\/www.suno.com.br\/noticias\/lula-discurso-queda-bolsa-dolar-mercado-financeiro\/","name":"O que Lula disse que 'criou caos no mercado financeiro'? Veja an\u00e1lises","isPartOf":{"@id":"https:\/\/www.suno.com.br\/noticias\/#website"},"primaryImageOfPage":{"@id":"https:\/\/www.suno.com.br\/noticias\/lula-discurso-queda-bolsa-dolar-mercado-financeiro\/#primaryimage"},"image":{"@id":"https:\/\/www.suno.com.br\/noticias\/lula-discurso-queda-bolsa-dolar-mercado-financeiro\/#primaryimage"},"thumbnailUrl":"https:\/\/files.sunoresearch.com.br\/n\/uploads\/2022\/11\/lula-ccbb-scaled.jpg","datePublished":"2022-11-11T17:14:13+00:00","dateModified":"2022-11-11T23:06:39+00:00","description":"Ap\u00f3s discurso de Lula e movimentos no parlamento, bolsa e d\u00f3lar tiveram seu pior dia em meses. Clique e confira!","breadcrumb":{"@id":"https:\/\/www.suno.com.br\/noticias\/lula-discurso-queda-bolsa-dolar-mercado-financeiro\/#breadcrumb"},"inLanguage":"pt-BR","potentialAction":[{"@type":"ReadAction","target":["https:\/\/www.suno.com.br\/noticias\/lula-discurso-queda-bolsa-dolar-mercado-financeiro\/"]}]},{"@type":"ImageObject","inLanguage":"pt-BR","@id":"https:\/\/www.suno.com.br\/noticias\/lula-discurso-queda-bolsa-dolar-mercado-financeiro\/#primaryimage","url":"https:\/\/files.sunoresearch.com.br\/n\/uploads\/2022\/11\/lula-ccbb-scaled.jpg","contentUrl":"https:\/\/files.sunoresearch.com.br\/n\/uploads\/2022\/11\/lula-ccbb-scaled.jpg","width":2560,"height":1707,"caption":"Lula decreta interven\u00e7\u00e3o federal na seguran\u00e7a p\u00fablica do Distrito Federal. . Foto: Marcelo Camargo\/Ag\u00eancia Brasil"},{"@type":"BreadcrumbList","@id":"https:\/\/www.suno.com.br\/noticias\/lula-discurso-queda-bolsa-dolar-mercado-financeiro\/#breadcrumb","itemListElement":[{"@type":"ListItem","position":1,"name":"Not\u00edcias","item":"https:\/\/www.suno.com.br\/noticias\/"},{"@type":"ListItem","position":2,"name":"Pol\u00edtica","item":"https:\/\/www.suno.com.br\/noticias\/politica\/"},{"@type":"ListItem","position":3,"name":"O que Lula disse que &#8216;criou caos no mercado financeiro&#8217;? Veja an\u00e1lises"}]},{"@type":"WebSite","@id":"https:\/\/www.suno.com.br\/noticias\/#website","url":"https:\/\/www.suno.com.br\/noticias\/","name":"Suno Not\u00edcias","description":"Seu portal de informa\u00e7\u00e3o sobre o mundo dos investimentos","publisher":{"@id":"https:\/\/www.suno.com.br\/noticias\/#organization"},"potentialAction":[{"@type":"SearchAction","target":{"@type":"EntryPoint","urlTemplate":"https:\/\/www.suno.com.br\/noticias\/?s={search_term_string}"},"query-input":{"@type":"PropertyValueSpecification","valueRequired":true,"valueName":"search_term_string"}}],"inLanguage":"pt-BR"},{"@type":"Organization","@id":"https:\/\/www.suno.com.br\/noticias\/#organization","name":"Suno Not\u00edcias","url":"https:\/\/www.suno.com.br\/noticias\/","logo":{"@type":"ImageObject","inLanguage":"pt-BR","@id":"https:\/\/www.suno.com.br\/noticias\/#\/schema\/logo\/image\/","url":"https:\/\/files.sunoresearch.com.br\/n\/uploads\/2021\/09\/suno-logo.png","contentUrl":"https:\/\/files.sunoresearch.com.br\/n\/uploads\/2021\/09\/suno-logo.png","width":180,"height":180,"caption":"Suno Not\u00edcias"},"image":{"@id":"https:\/\/www.suno.com.br\/noticias\/#\/schema\/logo\/image\/"},"sameAs":["https:\/\/facebook.com\/sunoresearch","https:\/\/x.com\/sunoresearch","https:\/\/www.instagram.com\/suno","https:\/\/www.linkedin.com\/company\/suno-research\/","https:\/\/www.youtube.com\/c\/sunoresearch"]},{"@type":"Person","@id":"https:\/\/www.suno.com.br\/noticias\/#\/schema\/person\/7f4d362bf3518e76090143ae77bb49a5","name":"Eduardo Vargas","image":{"@type":"ImageObject","inLanguage":"pt-BR","@id":"https:\/\/www.suno.com.br\/noticias\/#\/schema\/person\/image\/","url":"https:\/\/secure.gravatar.com\/avatar\/dac340933427a22924c9f99d1eb2e3f2?s=96&r=g","contentUrl":"https:\/\/secure.gravatar.com\/avatar\/dac340933427a22924c9f99d1eb2e3f2?s=96&r=g","caption":"Eduardo Vargas"},"description":"Jornalista formado pela UFSC, cobre macroeconomia, neg\u00f3cios e startups para o Suno Not\u00edcias, escrevendo principalmente not\u00edcias sobre o mercado financeiro e a bolsa de valores. No YouTube e no Instagram, \u00e9 respons\u00e1vel pela produ\u00e7\u00e3o de Reels e Shorts do Suno Not\u00edcias. Anteriormente, trabalhou cobrindo economia e cotidiano no ND+ e para o ND, maior jornal impresso de Santa Catarina. Cursou um semestre letivo de Estudos de M\u00eddia na Universidad de Buenos Aires.","url":"https:\/\/www.suno.com.br\/noticias\/author\/eduardo-vargas\/"}]}},"default_loop_html":"<div class=\"cardsPage__listCard__boxs\"><div class=\"cardsPage__listCard__boxs__img\"><a href=\"https:\/\/www.suno.com.br\/noticias\/magazine-luiza-mglu3-black-friday-2022\/\"><img class=\"mask\" src=\"https:\/\/www.suno.com.br\/noticias\/wp-content\/themes\/suno\/resources\/images\/spotlight\/spotlight1img\/bg-mask.png\" alt=\"Image Mask\"\/><img src=\"https:\/\/files.sunoresearch.com.br\/n\/uploads\/2022\/05\/CDLouveira013Magalu.jpg-Credito_-Germano-Luders-400x200.jpg\" alt=\"Magazine Luiza (MGLU3) pode ter &#8220;maior Black Friday de todos os tempos&#8221; em 2022, diz diretor\"\/><\/a><span class=\"spotlightCategory\"><a href=\"https:\/\/www.suno.com.br\/noticias\/mercado\/\">Mercado<\/a><\/span><\/div><div class=\"cardsPage__listCard__boxs__content\"><a href=\"https:\/\/www.suno.com.br\/noticias\/magazine-luiza-mglu3-black-friday-2022\/\"><h2 class=\"content__title\">Magazine Luiza (MGLU3) pode ter &#8220;maior Black Friday de todos os tempos&#8221; em 2022, diz diretor<\/h2><\/a><div class=\"newsContent__article__meta\"><div class=\"newsContent__article__meta__authorBox\"><a href=\"https:\/\/www.suno.com.br\/noticias\/author\/eduardo-vargas\/\" class=\"authorBox__avatar noMobi\"><img src=\"https:\/\/secure.gravatar.com\/avatar\/dac340933427a22924c9f99d1eb2e3f2?s=96&#038;r=g\" alt=\"Eduardo Vargas\"><\/a><div class=\"authorBox__name\"><span>por\n\t\t\t<a href=\"https:\/\/www.suno.com.br\/noticias\/author\/eduardo-vargas\/\"><span itemprop=\"author\">Eduardo Vargas<\/span><\/a><\/span><time datetime=\"2022-11-11T08:40:58-03:00\" itemprop=\"datePublished\">11\/11\/2022 08:40<\/time><\/div><\/div><\/div><\/div><\/div>","single_layout":"posts","amp_enabled":true,"_links":{"self":[{"href":"https:\/\/www.suno.com.br\/noticias\/wp-json\/wp\/v2\/posts\/318112"}],"collection":[{"href":"https:\/\/www.suno.com.br\/noticias\/wp-json\/wp\/v2\/posts"}],"about":[{"href":"https:\/\/www.suno.com.br\/noticias\/wp-json\/wp\/v2\/types\/post"}],"author":[{"embeddable":true,"href":"https:\/\/www.suno.com.br\/noticias\/wp-json\/wp\/v2\/users\/73"}],"replies":[{"embeddable":true,"href":"https:\/\/www.suno.com.br\/noticias\/wp-json\/wp\/v2\/comments?post=318112"}],"version-history":[{"count":3,"href":"https:\/\/www.suno.com.br\/noticias\/wp-json\/wp\/v2\/posts\/318112\/revisions"}],"predecessor-version":[{"id":318357,"href":"https:\/\/www.suno.com.br\/noticias\/wp-json\/wp\/v2\/posts\/318112\/revisions\/318357"}],"wp:featuredmedia":[{"embeddable":true,"href":"https:\/\/www.suno.com.br\/noticias\/wp-json\/wp\/v2\/media\/318132"}],"wp:attachment":[{"href":"https:\/\/www.suno.com.br\/noticias\/wp-json\/wp\/v2\/media?parent=318112"}],"wp:term":[{"taxonomy":"category","embeddable":true,"href":"https:\/\/www.suno.com.br\/noticias\/wp-json\/wp\/v2\/categories?post=318112"},{"taxonomy":"post_tag","embeddable":true,"href":"https:\/\/www.suno.com.br\/noticias\/wp-json\/wp\/v2\/tags?post=318112"},{"taxonomy":"suno_strategy","embeddable":true,"href":"https:\/\/www.suno.com.br\/noticias\/wp-json\/wp\/v2\/suno_strategy?post=318112"}],"curies":[{"name":"wp","href":"https:\/\/api.w.org\/{rel}","templated":true}]}}