{"id":317979,"date":"2022-11-11T00:02:11","date_gmt":"2022-11-11T03:02:11","guid":{"rendered":"https:\/\/www.suno.com.br\/noticias\/?p=317979"},"modified":"2022-11-11T00:27:39","modified_gmt":"2022-11-11T03:27:39","slug":"americanas-amer3-resultado-3t22-balanco","status":"publish","type":"post","link":"https:\/\/www.suno.com.br\/noticias\/americanas-amer3-resultado-3t22-balanco\/","title":{"rendered":"Americanas (AMER3) reverte lucro e tem preju\u00edzo de R$ 212 milh\u00f5es no 3T22"},"content":{"rendered":"<p>A <strong>Americanas<\/strong> (AMER3) teve um preju\u00edzo l\u00edquido de R$ 212 milh\u00f5es no terceiro trimestre de 2022 (3T22). A varejista reverteu o <a class=\"suno-keyword\" href=\"https:\/\/www.suno.com.br\/artigos\/lucro-liquido\/\" target=\"_blank\" rel=\"noopener\" data-force=\"no\" data-priority=\"1\">lucro l\u00edquido<\/a> obtido no mesmo trimestre do ano passado, no valor de R$ 240,5 milh\u00f5es.<\/p>\t<div class=\"wrapper-featured-image\">\n\t\t<figure class=\"spotlightImg\">\n\n\t\t\t<picture>\n\t\t\t\t<source media=\"(max-width: 768px)\" srcset=\"https:\/\/files.sunoresearch.com.br\/n\/uploads\/2021\/04\/f8d88160-lojas-americanas.-jpg-400x200.jpg\">\n\t\t\t\t<img loading=\"lazy\" decoding=\"async\" class=\"newsContent__article__imgCapa lazyloadDisabled \" src=\"https:\/\/files.sunoresearch.com.br\/n\/uploads\/2021\/04\/f8d88160-lojas-americanas.-jpg-800x450.jpg\" width=\"800\" height=\"450\" alt=\"Americanas (AMER3) reverte lucro e tem preju\u00edzo de R$ 212 milh\u00f5es no 3T22\" fetchpriority=high \/>\n\t\t\t<\/picture>\n\n\t\t\t<figcaption class=\"wp-caption-text wp-caption-text--show\">Americanas (AMER3) Foto: Divulga\u00e7\u00e3o<\/figcaption>\n\t\t<\/figure>\n\t<\/div>\n\n\n\t<p>\n\t\t<a href=\"https:\/\/lp2.suno.com.br\/cl\/black-friday-2025\/?utm_campaign=_SNCDF0E4858_\" target=\"_blank\" data-element=\"shortcode-suno-banner\" title=\"Banner SUNO, clique e saiba mais\">\n\t\t\t<picture>\n\t\t\t\t<source media=\"(max-width: 500px)\" srcset=\"https:\/\/files.sunoresearch.com.br\/n\/uploads\/2025\/10\/Artigos-e-Noticias-Banner-Home-artigos-01-Mobile_-400x300-1-png.webp\">\n\t\t\t\t<img class=\"newsContent__article__imgCapa newsContent__article__imgCapa--banner\"\n\t\t\t\t\tsrc=\"https:\/\/files.sunoresearch.com.br\/n\/uploads\/2025\/10\/Artigos-e-Noticias-Banner-Home-artigos-01-Desktop_-1420x240-1-png.webp\"\n\t\t\t\t\tdata-promo-id=\"311259\"\t\t\t\t\t\t\t\t\t\twidth='1420' height='240'\t\t\t\t\talt=\"https:\/\/files.sunoresearch.com.br\/n\/uploads\/2025\/10\/Artigos-e-Noticias-Banner-Home-artigos-01-Desktop_-1420x240-1-png.webp\"\n\t\t\t\t>\n\t\t\t<\/picture>\n\t\t<\/a>\n\t<\/p>\n\n\n<p>O <strong>resultado da Americanas <\/strong>superou as expectativas do mercado, cuja m\u00e9dia das estimativas era de um preju\u00edzo de R$ 238 milh\u00f5es.<\/p>\n<p>\u201cContabilizamos o efeito positivo de R$ 140,3 milh\u00f5es no IR, em consequ\u00eancia da incorpora\u00e7\u00e3o do HNT (revers\u00e3o do IR diferido sobre a mais valia dos ativos identificados e provis\u00e3o do IR diferido sobre o preju\u00edzo fiscal)\u201d, diz o <strong>balan\u00e7o da Americanas no 3T22<\/strong>.<\/p>\n\t<div data-element=\"shortcode-read-more\" class=\"knowMore\">\n\t\t\t\t<span class=\"knowMore__title\">Leia mais: <\/span>\n\t\t\t\t<a class=\"knowMore__link\" href=\"https:\/\/www.suno.com.br\/noticias\/unipar-unip6-dividendos-antecipados\/\">\n\t\t\tUnipar (UNIP6) vai pagar R$ 500 milh\u00f5es em dividendos antecipados; veja o valor por a\u00e7\u00e3o\t\t<\/a>\n\t<\/div>\n\n\n<p>O <a class=\"suno-keyword\" href=\"https:\/\/www.suno.com.br\/artigos\/ebitda-ajustado\/\" target=\"_blank\" rel=\"noopener\" data-force=\"no\" data-priority=\"1\">Ebitda ajustado<\/a> da Americanas, que representa o lucro antes de juros, impostos, deprecia\u00e7\u00f5es e amortiza\u00e7\u00f5es da companhia, foi de R$ 582 milh\u00f5es no per\u00edodo, com uma queda anual de 21,6%.<\/p>\n<p>A <a class=\"suno-keyword\" href=\"https:\/\/www.suno.com.br\/artigos\/o-que-receita-liquida\/\" target=\"_blank\" rel=\"noopener\" data-force=\"no\" data-priority=\"1\">receita l\u00edquida<\/a> totalizou R$ 5,435 bilh\u00f5es no 3T22, mostrando uma queda de 13,4% na compara\u00e7\u00e3o com o mesmo trimestre do ano passado.<\/p>\n<p>Apesar do resultado ter ficado acima das proje\u00e7\u00f5es do mercado, a <strong>receita da Americanas<\/strong> e o Ebtida ajustado ficou aqu\u00e9m das expectativas. O consenso Refinitiv tinha uma estimativa de R$ 6,8 bilh\u00f5es para o faturamento e R$ 728 milh\u00f5es para o Ebtida.<\/p>\n<p>Conforme destacado no <strong>balan\u00e7o da Americanas<\/strong>, esse resultado foi impactado pela forte desacelera\u00e7\u00e3o das categorias de alto ticket, incluindo os eletr\u00f4nicos.<\/p>\n<p>Al\u00e9m disso, os<strong> resultados da Americanas <\/strong>foram influenciados pela decis\u00e3o da empresa de diminuir sua \u201cagressividade\u201d comercial, buscando conservar a <a class=\"suno-keyword\" href=\"https:\/\/www.suno.com.br\/artigos\/margem-bruta-entenda-sua-importancia\/\" target=\"_blank\" rel=\"noopener\" data-force=\"no\" data-priority=\"1\">margem bruta<\/a> em um contexto de baixa demanda e alta competi\u00e7\u00e3o.<\/p>\n<h2>Detalhes do balan\u00e7o da Americanas no 3T22<\/h2>\n<p>O volume total bruto de mercadorias (GMV) foi de R$ 11,797 bilh\u00f5es, representando uma queda de 8,3% entre os terceiros trimestres de 2021 e 2022.<\/p>\n<p>Ao final de setembro, a empresa varejista tinha 3.601 lojas, de modo que a <a class=\"suno-keyword\" href=\"https:\/\/www.suno.com.br\/artigos\/o-que-receita-bruta\/\" target=\"_blank\" rel=\"noopener\" data-force=\"no\" data-priority=\"1\">receita bruta<\/a> da plataforma f\u00edsica no 3T22 foi de R$ 3,282 bilh\u00f5es, n\u00famero 12,4% superior ao registrado no terceiro trimestre do ano passado. J\u00e1 as vendas mesmas lojas (SSS) tiveram baixa anual de 2,7%.<\/p>\n<p>A receita bruta no formato digital registrou R$ 3,097 bilh\u00f5es no terceiro trimestre de 2022, queda de 31,8% na compara\u00e7\u00e3o com igual etapa em 2021.<\/p>\n<p>Ao final do 3T22, a <strong><a class=\"suno-keyword\" href=\"https:\/\/www.suno.com.br\/artigos\/divida-liquida\/\" target=\"_blank\" rel=\"noopener\" data-force=\"no\" data-priority=\"1\">d\u00edvida l\u00edquida<\/a> da Americanas<\/strong> era de R$ 5,298 bilh\u00f5es, representando 1,7 vez o Ebtida ajustado da empresa nos \u00faltimos 12 meses. Quanto \u00e0 reserva, a companhia tinha uma posi\u00e7\u00e3o robusta de R$ 14 bilh\u00f5es em caixa.<\/p>\n<p>Assim, a empresa encerrou o trimestre com uma saud\u00e1vel rela\u00e7\u00e3o de caixa\/d\u00edvida de <a class=\"suno-keyword\" href=\"https:\/\/www.suno.com.br\/artigos\/curto-prazo\/\" target=\"_blank\" rel=\"noopener\" data-force=\"no\" data-priority=\"1\">curto prazo<\/a> de 6,4 vezes.<\/p>\n<p>Quanto ao capital de giro, a empresa encerrou o m\u00eas de setembro com um estoque de 107 dias, com aumento 11 dias na compara\u00e7\u00e3o com o trimestre passado, devido \u00e0 prepara\u00e7\u00e3o da companhia para os eventos do 4T22, quando o volume de vendas costuma ser maior para o varejo, sobretudo com Black Friday, Natal e Copa do Mundo.<\/p>\n<h2>Cota\u00e7\u00e3o da Americanas nesta quinta (10)<\/h2>\n<p>As a\u00e7\u00f5es da <strong>Americanas<\/strong> encerraram o preg\u00e3o desta quinta-feira (10) em forte queda de 9,00%, a 12,64%. Assim, os pap\u00e9is acumulam um desempenho negativo de -18,66% em novembro.<\/p>\n\t<p>\n\t\t<a href=\"https:\/\/lp.suno.com.br\/ebook-como-analisar-uma-acao\/\" target=\"_blank\" data-element=\"shortcode-suno-banner\" title=\"Banner SUNO, clique e saiba mais\">\n\t\t\t<picture>\n\t\t\t\t<source media=\"(max-width: 500px)\" srcset=\"https:\/\/files.sunoresearch.com.br\/n\/uploads\/2023\/12\/Ebook-Acoes-Mobile.jpg\">\n\t\t\t\t<img class=\"newsContent__article__imgCapa newsContent__article__imgCapa--banner\"\n\t\t\t\t\tsrc=\"https:\/\/files.sunoresearch.com.br\/n\/uploads\/2023\/12\/Ebook-Acoes-Desktop.webp\"\n\t\t\t\t\tdata-promo-id=\"311260\"\t\t\t\t\t\t\t\t\t\twidth='1420' height='286'\t\t\t\t\talt=\"https:\/\/files.sunoresearch.com.br\/n\/uploads\/2023\/12\/Ebook-Acoes-Desktop.webp\"\n\t\t\t\t>\n\t\t\t<\/picture>\n\t\t<\/a>\n\t<\/p>\n\n\n","protected":false},"excerpt":{"rendered":"<p>A Americanas (AMER3) teve um preju\u00edzo l\u00edquido de R$ 212 milh\u00f5es no terceiro trimestre de 2022 (3T22). A varejista reverteu o lucro l\u00edquido obtido no mesmo trimestre do ano passado, no valor de R$ 240,5 milh\u00f5es. Americanas (AMER3) Foto: Divulga\u00e7\u00e3o O resultado da Americanas superou as expectativas do mercado, cuja m\u00e9dia das estimativas era de [&hellip;]<\/p>\n","protected":false},"author":173,"featured_media":143384,"comment_status":"closed","ping_status":"closed","sticky":false,"template":"","format":"standard","meta":[],"categories":[64],"tags":[286,106605,1029,1607],"suno_strategy":[],"class_list":["post-317979","post","type-post","status-publish","format-standard","has-post-thumbnail","hentry","category-negocios","tag-acoes","tag-americanas-s-a-amer3","tag-balancos-trimestrais","tag-resultado-das-empresas"],"yoast_head":"<!-- This site is optimized with the Yoast SEO plugin v24.4 - https:\/\/yoast.com\/wordpress\/plugins\/seo\/ -->\n<title>Americanas (AMER3) reverte lucro e tem preju\u00edzo de R$ 212 milh\u00f5es no 3T22<\/title>\n<meta name=\"description\" content=\"A Americanas (AMER3) registrou um preju\u00edzo l\u00edquido de R$ 212 milh\u00f5es no 3T22. Veja detalhes do balan\u00e7o da Americanas no 3T22.\" \/>\n<meta name=\"robots\" content=\"index, follow, max-snippet:-1, max-image-preview:large, max-video-preview:-1\" \/>\n<link rel=\"canonical\" href=\"https:\/\/www.suno.com.br\/noticias\/americanas-amer3-resultado-3t22-balanco\/\" \/>\n<meta property=\"og:locale\" content=\"pt_BR\" \/>\n<meta property=\"og:type\" content=\"article\" \/>\n<meta property=\"og:title\" content=\"Americanas (AMER3) reverte lucro e tem preju\u00edzo de R$ 212 milh\u00f5es no 3T22\" \/>\n<meta property=\"og:description\" content=\"A Americanas (AMER3) registrou um preju\u00edzo l\u00edquido de R$ 212 milh\u00f5es no 3T22. Veja detalhes do balan\u00e7o da Americanas no 3T22.\" \/>\n<meta property=\"og:url\" content=\"https:\/\/www.suno.com.br\/noticias\/americanas-amer3-resultado-3t22-balanco\/\" \/>\n<meta property=\"og:site_name\" content=\"Suno Not\u00edcias\" \/>\n<meta property=\"article:publisher\" content=\"https:\/\/facebook.com\/sunoresearch\" \/>\n<meta property=\"og:image\" content=\"https:\/\/files.sunoresearch.com.br\/n\/uploads\/2021\/04\/f8d88160-lojas-americanas.-jpg-scaled.jpg\" \/>\n\t<meta property=\"og:image:width\" content=\"2560\" \/>\n\t<meta property=\"og:image:height\" content=\"1693\" \/>\n\t<meta property=\"og:image:type\" content=\"image\/jpeg\" \/>\n<meta name=\"author\" content=\"Jo\u00e3o Vitor\" \/>\n<meta name=\"twitter:card\" content=\"summary_large_image\" \/>\n<meta name=\"twitter:creator\" content=\"@sunoresearch\" \/>\n<meta name=\"twitter:site\" content=\"@sunoresearch\" \/>\n<meta name=\"twitter:label1\" content=\"Escrito por\" \/>\n\t<meta name=\"twitter:data1\" content=\"Jo\u00e3o Vitor\" \/>\n\t<meta name=\"twitter:label2\" content=\"Est. tempo de leitura\" \/>\n\t<meta name=\"twitter:data2\" content=\"3 minutos\" \/>\n<script type=\"application\/ld+json\" class=\"yoast-schema-graph\">{\"@context\":\"https:\/\/schema.org\",\"@graph\":[{\"@type\":\"NewsArticle\",\"@id\":\"https:\/\/www.suno.com.br\/noticias\/americanas-amer3-resultado-3t22-balanco\/#article\",\"isPartOf\":{\"@id\":\"https:\/\/www.suno.com.br\/noticias\/americanas-amer3-resultado-3t22-balanco\/\"},\"author\":{\"name\":\"Jo\u00e3o Vitor\",\"@id\":\"https:\/\/www.suno.com.br\/noticias\/#\/schema\/person\/87fc6973867c52dd884811905c43afba\"},\"headline\":\"Americanas (AMER3) reverte lucro e tem preju\u00edzo de R$ 212 milh\u00f5es no 3T22\",\"datePublished\":\"2022-11-11T03:02:11+00:00\",\"dateModified\":\"2022-11-11T03:27:39+00:00\",\"mainEntityOfPage\":{\"@id\":\"https:\/\/www.suno.com.br\/noticias\/americanas-amer3-resultado-3t22-balanco\/\"},\"wordCount\":550,\"publisher\":{\"@id\":\"https:\/\/www.suno.com.br\/noticias\/#organization\"},\"image\":{\"@id\":\"https:\/\/www.suno.com.br\/noticias\/americanas-amer3-resultado-3t22-balanco\/#primaryimage\"},\"thumbnailUrl\":\"https:\/\/files.sunoresearch.com.br\/n\/uploads\/2021\/04\/f8d88160-lojas-americanas.-jpg-scaled.jpg\",\"keywords\":[\"A\u00e7\u00f5es\",\"Americanas (AMER3)\",\"balan\u00e7os trimestrais\",\"Resultado das empresas\"],\"articleSection\":[\"Neg\u00f3cios\"],\"inLanguage\":\"pt-BR\"},{\"@type\":\"WebPage\",\"@id\":\"https:\/\/www.suno.com.br\/noticias\/americanas-amer3-resultado-3t22-balanco\/\",\"url\":\"https:\/\/www.suno.com.br\/noticias\/americanas-amer3-resultado-3t22-balanco\/\",\"name\":\"Americanas (AMER3) reverte lucro e tem preju\u00edzo de R$ 212 milh\u00f5es no 3T22\",\"isPartOf\":{\"@id\":\"https:\/\/www.suno.com.br\/noticias\/#website\"},\"primaryImageOfPage\":{\"@id\":\"https:\/\/www.suno.com.br\/noticias\/americanas-amer3-resultado-3t22-balanco\/#primaryimage\"},\"image\":{\"@id\":\"https:\/\/www.suno.com.br\/noticias\/americanas-amer3-resultado-3t22-balanco\/#primaryimage\"},\"thumbnailUrl\":\"https:\/\/files.sunoresearch.com.br\/n\/uploads\/2021\/04\/f8d88160-lojas-americanas.-jpg-scaled.jpg\",\"datePublished\":\"2022-11-11T03:02:11+00:00\",\"dateModified\":\"2022-11-11T03:27:39+00:00\",\"description\":\"A Americanas (AMER3) registrou um preju\u00edzo l\u00edquido de R$ 212 milh\u00f5es no 3T22. Veja detalhes do balan\u00e7o da Americanas no 3T22.\",\"breadcrumb\":{\"@id\":\"https:\/\/www.suno.com.br\/noticias\/americanas-amer3-resultado-3t22-balanco\/#breadcrumb\"},\"inLanguage\":\"pt-BR\",\"potentialAction\":[{\"@type\":\"ReadAction\",\"target\":[\"https:\/\/www.suno.com.br\/noticias\/americanas-amer3-resultado-3t22-balanco\/\"]}]},{\"@type\":\"ImageObject\",\"inLanguage\":\"pt-BR\",\"@id\":\"https:\/\/www.suno.com.br\/noticias\/americanas-amer3-resultado-3t22-balanco\/#primaryimage\",\"url\":\"https:\/\/files.sunoresearch.com.br\/n\/uploads\/2021\/04\/f8d88160-lojas-americanas.-jpg-scaled.jpg\",\"contentUrl\":\"https:\/\/files.sunoresearch.com.br\/n\/uploads\/2021\/04\/f8d88160-lojas-americanas.-jpg-scaled.jpg\",\"width\":2560,\"height\":1693,\"caption\":\"Americanas (AMER3) Foto: Divulga\u00e7\u00e3o\"},{\"@type\":\"BreadcrumbList\",\"@id\":\"https:\/\/www.suno.com.br\/noticias\/americanas-amer3-resultado-3t22-balanco\/#breadcrumb\",\"itemListElement\":[{\"@type\":\"ListItem\",\"position\":1,\"name\":\"Not\u00edcias\",\"item\":\"https:\/\/www.suno.com.br\/noticias\/\"},{\"@type\":\"ListItem\",\"position\":2,\"name\":\"Neg\u00f3cios\",\"item\":\"https:\/\/www.suno.com.br\/noticias\/negocios\/\"},{\"@type\":\"ListItem\",\"position\":3,\"name\":\"Americanas (AMER3) reverte lucro e tem preju\u00edzo de R$ 212 milh\u00f5es no 3T22\"}]},{\"@type\":\"WebSite\",\"@id\":\"https:\/\/www.suno.com.br\/noticias\/#website\",\"url\":\"https:\/\/www.suno.com.br\/noticias\/\",\"name\":\"Suno Not\u00edcias\",\"description\":\"Seu portal de informa\u00e7\u00e3o sobre o mundo dos investimentos\",\"publisher\":{\"@id\":\"https:\/\/www.suno.com.br\/noticias\/#organization\"},\"potentialAction\":[{\"@type\":\"SearchAction\",\"target\":{\"@type\":\"EntryPoint\",\"urlTemplate\":\"https:\/\/www.suno.com.br\/noticias\/?s={search_term_string}\"},\"query-input\":{\"@type\":\"PropertyValueSpecification\",\"valueRequired\":true,\"valueName\":\"search_term_string\"}}],\"inLanguage\":\"pt-BR\"},{\"@type\":\"Organization\",\"@id\":\"https:\/\/www.suno.com.br\/noticias\/#organization\",\"name\":\"Suno Not\u00edcias\",\"url\":\"https:\/\/www.suno.com.br\/noticias\/\",\"logo\":{\"@type\":\"ImageObject\",\"inLanguage\":\"pt-BR\",\"@id\":\"https:\/\/www.suno.com.br\/noticias\/#\/schema\/logo\/image\/\",\"url\":\"https:\/\/files.sunoresearch.com.br\/n\/uploads\/2021\/09\/suno-logo.png\",\"contentUrl\":\"https:\/\/files.sunoresearch.com.br\/n\/uploads\/2021\/09\/suno-logo.png\",\"width\":180,\"height\":180,\"caption\":\"Suno Not\u00edcias\"},\"image\":{\"@id\":\"https:\/\/www.suno.com.br\/noticias\/#\/schema\/logo\/image\/\"},\"sameAs\":[\"https:\/\/facebook.com\/sunoresearch\",\"https:\/\/x.com\/sunoresearch\",\"https:\/\/www.instagram.com\/suno\",\"https:\/\/www.linkedin.com\/company\/suno-research\/\",\"https:\/\/www.youtube.com\/c\/sunoresearch\"]},{\"@type\":\"Person\",\"@id\":\"https:\/\/www.suno.com.br\/noticias\/#\/schema\/person\/87fc6973867c52dd884811905c43afba\",\"name\":\"Jo\u00e3o Vitor\",\"image\":{\"@type\":\"ImageObject\",\"inLanguage\":\"pt-BR\",\"@id\":\"https:\/\/www.suno.com.br\/noticias\/#\/schema\/person\/image\/\",\"url\":\"https:\/\/secure.gravatar.com\/avatar\/2843227ca03ccf8cc7ccca45204c127e?s=96&r=g\",\"contentUrl\":\"https:\/\/secure.gravatar.com\/avatar\/2843227ca03ccf8cc7ccca45204c127e?s=96&r=g\",\"caption\":\"Jo\u00e3o Vitor\"},\"description\":\"Redator profissional, com atua\u00e7\u00e3o no mercado editorial na produ\u00e7\u00e3o de not\u00edcias e conte\u00fados sobre o mercado de a\u00e7\u00f5es, fundos imobili\u00e1rios e economia popular. Graduando em Engenharia Qu\u00edmica pela Unesp, tamb\u00e9m j\u00e1 atuou como consultor financeiro.\",\"url\":\"https:\/\/www.suno.com.br\/noticias\/author\/joao-vitor-jacintho\/\"}]}<\/script>\n<!-- \/ Yoast SEO plugin. -->","yoast_head_json":{"title":"Americanas (AMER3) reverte lucro e tem preju\u00edzo de R$ 212 milh\u00f5es no 3T22","description":"A Americanas (AMER3) registrou um preju\u00edzo l\u00edquido de R$ 212 milh\u00f5es no 3T22. Veja detalhes do balan\u00e7o da Americanas no 3T22.","robots":{"index":"index","follow":"follow","max-snippet":"max-snippet:-1","max-image-preview":"max-image-preview:large","max-video-preview":"max-video-preview:-1"},"canonical":"https:\/\/www.suno.com.br\/noticias\/americanas-amer3-resultado-3t22-balanco\/","og_locale":"pt_BR","og_type":"article","og_title":"Americanas (AMER3) reverte lucro e tem preju\u00edzo de R$ 212 milh\u00f5es no 3T22","og_description":"A Americanas (AMER3) registrou um preju\u00edzo l\u00edquido de R$ 212 milh\u00f5es no 3T22. Veja detalhes do balan\u00e7o da Americanas no 3T22.","og_url":"https:\/\/www.suno.com.br\/noticias\/americanas-amer3-resultado-3t22-balanco\/","og_site_name":"Suno Not\u00edcias","article_publisher":"https:\/\/facebook.com\/sunoresearch","og_image":[{"width":2560,"height":1693,"url":"https:\/\/files.sunoresearch.com.br\/n\/uploads\/2021\/04\/f8d88160-lojas-americanas.-jpg-scaled.jpg","type":"image\/jpeg"}],"author":"Jo\u00e3o Vitor","twitter_card":"summary_large_image","twitter_creator":"@sunoresearch","twitter_site":"@sunoresearch","twitter_misc":{"Escrito por":"Jo\u00e3o Vitor","Est. tempo de leitura":"3 minutos"},"schema":{"@context":"https:\/\/schema.org","@graph":[{"@type":"NewsArticle","@id":"https:\/\/www.suno.com.br\/noticias\/americanas-amer3-resultado-3t22-balanco\/#article","isPartOf":{"@id":"https:\/\/www.suno.com.br\/noticias\/americanas-amer3-resultado-3t22-balanco\/"},"author":{"name":"Jo\u00e3o Vitor","@id":"https:\/\/www.suno.com.br\/noticias\/#\/schema\/person\/87fc6973867c52dd884811905c43afba"},"headline":"Americanas (AMER3) reverte lucro e tem preju\u00edzo de R$ 212 milh\u00f5es no 3T22","datePublished":"2022-11-11T03:02:11+00:00","dateModified":"2022-11-11T03:27:39+00:00","mainEntityOfPage":{"@id":"https:\/\/www.suno.com.br\/noticias\/americanas-amer3-resultado-3t22-balanco\/"},"wordCount":550,"publisher":{"@id":"https:\/\/www.suno.com.br\/noticias\/#organization"},"image":{"@id":"https:\/\/www.suno.com.br\/noticias\/americanas-amer3-resultado-3t22-balanco\/#primaryimage"},"thumbnailUrl":"https:\/\/files.sunoresearch.com.br\/n\/uploads\/2021\/04\/f8d88160-lojas-americanas.-jpg-scaled.jpg","keywords":["A\u00e7\u00f5es","Americanas (AMER3)","balan\u00e7os trimestrais","Resultado das empresas"],"articleSection":["Neg\u00f3cios"],"inLanguage":"pt-BR"},{"@type":"WebPage","@id":"https:\/\/www.suno.com.br\/noticias\/americanas-amer3-resultado-3t22-balanco\/","url":"https:\/\/www.suno.com.br\/noticias\/americanas-amer3-resultado-3t22-balanco\/","name":"Americanas (AMER3) reverte lucro e tem preju\u00edzo de R$ 212 milh\u00f5es no 3T22","isPartOf":{"@id":"https:\/\/www.suno.com.br\/noticias\/#website"},"primaryImageOfPage":{"@id":"https:\/\/www.suno.com.br\/noticias\/americanas-amer3-resultado-3t22-balanco\/#primaryimage"},"image":{"@id":"https:\/\/www.suno.com.br\/noticias\/americanas-amer3-resultado-3t22-balanco\/#primaryimage"},"thumbnailUrl":"https:\/\/files.sunoresearch.com.br\/n\/uploads\/2021\/04\/f8d88160-lojas-americanas.-jpg-scaled.jpg","datePublished":"2022-11-11T03:02:11+00:00","dateModified":"2022-11-11T03:27:39+00:00","description":"A Americanas (AMER3) registrou um preju\u00edzo l\u00edquido de R$ 212 milh\u00f5es no 3T22. Veja detalhes do balan\u00e7o da Americanas no 3T22.","breadcrumb":{"@id":"https:\/\/www.suno.com.br\/noticias\/americanas-amer3-resultado-3t22-balanco\/#breadcrumb"},"inLanguage":"pt-BR","potentialAction":[{"@type":"ReadAction","target":["https:\/\/www.suno.com.br\/noticias\/americanas-amer3-resultado-3t22-balanco\/"]}]},{"@type":"ImageObject","inLanguage":"pt-BR","@id":"https:\/\/www.suno.com.br\/noticias\/americanas-amer3-resultado-3t22-balanco\/#primaryimage","url":"https:\/\/files.sunoresearch.com.br\/n\/uploads\/2021\/04\/f8d88160-lojas-americanas.-jpg-scaled.jpg","contentUrl":"https:\/\/files.sunoresearch.com.br\/n\/uploads\/2021\/04\/f8d88160-lojas-americanas.-jpg-scaled.jpg","width":2560,"height":1693,"caption":"Americanas (AMER3) Foto: Divulga\u00e7\u00e3o"},{"@type":"BreadcrumbList","@id":"https:\/\/www.suno.com.br\/noticias\/americanas-amer3-resultado-3t22-balanco\/#breadcrumb","itemListElement":[{"@type":"ListItem","position":1,"name":"Not\u00edcias","item":"https:\/\/www.suno.com.br\/noticias\/"},{"@type":"ListItem","position":2,"name":"Neg\u00f3cios","item":"https:\/\/www.suno.com.br\/noticias\/negocios\/"},{"@type":"ListItem","position":3,"name":"Americanas (AMER3) reverte lucro e tem preju\u00edzo de R$ 212 milh\u00f5es no 3T22"}]},{"@type":"WebSite","@id":"https:\/\/www.suno.com.br\/noticias\/#website","url":"https:\/\/www.suno.com.br\/noticias\/","name":"Suno Not\u00edcias","description":"Seu portal de informa\u00e7\u00e3o sobre o mundo dos investimentos","publisher":{"@id":"https:\/\/www.suno.com.br\/noticias\/#organization"},"potentialAction":[{"@type":"SearchAction","target":{"@type":"EntryPoint","urlTemplate":"https:\/\/www.suno.com.br\/noticias\/?s={search_term_string}"},"query-input":{"@type":"PropertyValueSpecification","valueRequired":true,"valueName":"search_term_string"}}],"inLanguage":"pt-BR"},{"@type":"Organization","@id":"https:\/\/www.suno.com.br\/noticias\/#organization","name":"Suno Not\u00edcias","url":"https:\/\/www.suno.com.br\/noticias\/","logo":{"@type":"ImageObject","inLanguage":"pt-BR","@id":"https:\/\/www.suno.com.br\/noticias\/#\/schema\/logo\/image\/","url":"https:\/\/files.sunoresearch.com.br\/n\/uploads\/2021\/09\/suno-logo.png","contentUrl":"https:\/\/files.sunoresearch.com.br\/n\/uploads\/2021\/09\/suno-logo.png","width":180,"height":180,"caption":"Suno Not\u00edcias"},"image":{"@id":"https:\/\/www.suno.com.br\/noticias\/#\/schema\/logo\/image\/"},"sameAs":["https:\/\/facebook.com\/sunoresearch","https:\/\/x.com\/sunoresearch","https:\/\/www.instagram.com\/suno","https:\/\/www.linkedin.com\/company\/suno-research\/","https:\/\/www.youtube.com\/c\/sunoresearch"]},{"@type":"Person","@id":"https:\/\/www.suno.com.br\/noticias\/#\/schema\/person\/87fc6973867c52dd884811905c43afba","name":"Jo\u00e3o Vitor","image":{"@type":"ImageObject","inLanguage":"pt-BR","@id":"https:\/\/www.suno.com.br\/noticias\/#\/schema\/person\/image\/","url":"https:\/\/secure.gravatar.com\/avatar\/2843227ca03ccf8cc7ccca45204c127e?s=96&r=g","contentUrl":"https:\/\/secure.gravatar.com\/avatar\/2843227ca03ccf8cc7ccca45204c127e?s=96&r=g","caption":"Jo\u00e3o Vitor"},"description":"Redator profissional, com atua\u00e7\u00e3o no mercado editorial na produ\u00e7\u00e3o de not\u00edcias e conte\u00fados sobre o mercado de a\u00e7\u00f5es, fundos imobili\u00e1rios e economia popular. Graduando em Engenharia Qu\u00edmica pela Unesp, tamb\u00e9m j\u00e1 atuou como consultor financeiro.","url":"https:\/\/www.suno.com.br\/noticias\/author\/joao-vitor-jacintho\/"}]}},"default_loop_html":"<div class=\"cardsPage__listCard__boxs\"><div class=\"cardsPage__listCard__boxs__img\"><a href=\"https:\/\/www.suno.com.br\/noticias\/americanas-amer3-resultado-3t22-balanco\/\"><img class=\"mask\" src=\"https:\/\/www.suno.com.br\/noticias\/wp-content\/themes\/suno\/resources\/images\/spotlight\/spotlight1img\/bg-mask.png\" alt=\"Image Mask\"\/><img src=\"https:\/\/files.sunoresearch.com.br\/n\/uploads\/2021\/04\/f8d88160-lojas-americanas.-jpg-400x200.jpg\" alt=\"Americanas (AMER3) reverte lucro e tem preju\u00edzo de R$ 212 milh\u00f5es no 3T22\"\/><\/a><span class=\"spotlightCategory\"><a href=\"https:\/\/www.suno.com.br\/noticias\/negocios\/\">Neg\u00f3cios<\/a><\/span><\/div><div class=\"cardsPage__listCard__boxs__content\"><a href=\"https:\/\/www.suno.com.br\/noticias\/americanas-amer3-resultado-3t22-balanco\/\"><h2 class=\"content__title\">Americanas (AMER3) reverte lucro e tem preju\u00edzo de R$ 212 milh\u00f5es no 3T22<\/h2><\/a><div class=\"newsContent__article__meta\"><div class=\"newsContent__article__meta__authorBox\"><a href=\"https:\/\/www.suno.com.br\/noticias\/author\/joao-vitor-jacintho\/\" class=\"authorBox__avatar noMobi\"><img src=\"https:\/\/secure.gravatar.com\/avatar\/2843227ca03ccf8cc7ccca45204c127e?s=96&#038;r=g\" alt=\"Jo\u00e3o Vitor Jacintho\"><\/a><div class=\"authorBox__name\"><span>por\n\t\t\t<a href=\"https:\/\/www.suno.com.br\/noticias\/author\/joao-vitor-jacintho\/\"><span itemprop=\"author\">Jo\u00e3o Vitor Jacintho<\/span><\/a><\/span><time datetime=\"2022-11-11T00:02:11-03:00\" itemprop=\"datePublished\">11\/11\/2022 00:02<\/time><\/div><\/div><\/div><\/div><\/div>","single_layout":"posts","amp_enabled":true,"_links":{"self":[{"href":"https:\/\/www.suno.com.br\/noticias\/wp-json\/wp\/v2\/posts\/317979"}],"collection":[{"href":"https:\/\/www.suno.com.br\/noticias\/wp-json\/wp\/v2\/posts"}],"about":[{"href":"https:\/\/www.suno.com.br\/noticias\/wp-json\/wp\/v2\/types\/post"}],"author":[{"embeddable":true,"href":"https:\/\/www.suno.com.br\/noticias\/wp-json\/wp\/v2\/users\/173"}],"replies":[{"embeddable":true,"href":"https:\/\/www.suno.com.br\/noticias\/wp-json\/wp\/v2\/comments?post=317979"}],"version-history":[{"count":3,"href":"https:\/\/www.suno.com.br\/noticias\/wp-json\/wp\/v2\/posts\/317979\/revisions"}],"predecessor-version":[{"id":317991,"href":"https:\/\/www.suno.com.br\/noticias\/wp-json\/wp\/v2\/posts\/317979\/revisions\/317991"}],"wp:featuredmedia":[{"embeddable":true,"href":"https:\/\/www.suno.com.br\/noticias\/wp-json\/wp\/v2\/media\/143384"}],"wp:attachment":[{"href":"https:\/\/www.suno.com.br\/noticias\/wp-json\/wp\/v2\/media?parent=317979"}],"wp:term":[{"taxonomy":"category","embeddable":true,"href":"https:\/\/www.suno.com.br\/noticias\/wp-json\/wp\/v2\/categories?post=317979"},{"taxonomy":"post_tag","embeddable":true,"href":"https:\/\/www.suno.com.br\/noticias\/wp-json\/wp\/v2\/tags?post=317979"},{"taxonomy":"suno_strategy","embeddable":true,"href":"https:\/\/www.suno.com.br\/noticias\/wp-json\/wp\/v2\/suno_strategy?post=317979"}],"curies":[{"name":"wp","href":"https:\/\/api.w.org\/{rel}","templated":true}]}}