{"id":317940,"date":"2022-11-10T23:59:10","date_gmt":"2022-11-11T02:59:10","guid":{"rendered":"https:\/\/www.suno.com.br\/noticias\/?p=317940"},"modified":"2022-11-10T23:59:10","modified_gmt":"2022-11-11T02:59:10","slug":"via-viia3-aprova-renovacao-de-parceria-bradesco-bbdc4","status":"publish","type":"post","link":"https:\/\/www.suno.com.br\/noticias\/via-viia3-aprova-renovacao-de-parceria-bradesco-bbdc4\/","title":{"rendered":"Via (VIIA3): Conselho aprova renova\u00e7\u00e3o de parceria com o Bradesco (BBDC4)"},"content":{"rendered":"<p>A <a href=\"https:\/\/www.suno.com.br\/acoes\/viia3\/?msclkid=08b50362cfdd11eca51740bf28582437\"><strong>Via (VIIA3)<\/strong><\/a> anunciou nesta quinta-feira (10), ap\u00f3s o <a class=\"suno-keyword\" href=\"https:\/\/www.suno.com.br\/artigos\/fechamento-do-mercado\/\" target=\"_blank\" rel=\"noopener\" data-force=\"no\" data-priority=\"1\">fechamento do mercado<\/a>, que renovou a parceria com o <strong><a class=\"suno-keyword\" href=\"https:\/\/www.suno.com.br\/acoes\/BBDC4\/\" target=\"_blank\" rel=\"noopener\" data-force=\"yes\" data-priority=\"2\">Bradesco (BBDC4)<\/a><\/strong>, que possibilita a distribui\u00e7\u00e3o de cart\u00e3o de cr\u00e9dito e outros produtos da linha sob o selo Bradescard. A renova\u00e7\u00e3o da parceria abrange os canais j\u00e1 existentes da marca Casas Bahia.<\/p>\t<div class=\"wrapper-featured-image\">\n\t\t<figure class=\"spotlightImg\">\n\n\t\t\t<picture>\n\t\t\t\t<source media=\"(max-width: 768px)\" srcset=\"https:\/\/files.sunoresearch.com.br\/n\/uploads\/2022\/02\/casas-b-1-400x200.jpg\">\n\t\t\t\t<img loading=\"lazy\" decoding=\"async\" class=\"newsContent__article__imgCapa lazyloadDisabled \" src=\"https:\/\/files.sunoresearch.com.br\/n\/uploads\/2022\/02\/casas-b-1-800x450.jpg\" width=\"800\" height=\"450\" alt=\"Via (VIIA3): Conselho aprova renova\u00e7\u00e3o de parceria com o Bradesco (BBDC4)\" fetchpriority=high \/>\n\t\t\t<\/picture>\n\n\t\t\t<figcaption class=\"wp-caption-text wp-caption-text--show\">Via (VIIA3). Foto: Divulga\u00e7\u00e3o.<\/figcaption>\n\t\t<\/figure>\n\t<\/div>\n\n\n\t<p>\n\t\t<a href=\"https:\/\/lp.suno.com.br\/planilha-controle-gastos\/\" target=\"_blank\" data-element=\"shortcode-suno-banner\" title=\"Banner SUNO, clique e saiba mais\">\n\t\t\t<picture>\n\t\t\t\t<source media=\"(max-width: 500px)\" srcset=\"https:\/\/files.sunoresearch.com.br\/n\/uploads\/2023\/03\/400x300-Planilha-controle-de-gastos.png\">\n\t\t\t\t<img class=\"newsContent__article__imgCapa newsContent__article__imgCapa--banner\"\n\t\t\t\t\tsrc=\"https:\/\/files.sunoresearch.com.br\/n\/uploads\/2023\/03\/1420x240-Planilha-controle-de-gastos.png\"\n\t\t\t\t\tdata-promo-id=\"311945\"\t\t\t\t\t\t\t\t\t\twidth='1420' height='240'\t\t\t\t\talt=\"https:\/\/files.sunoresearch.com.br\/n\/uploads\/2023\/03\/1420x240-Planilha-controle-de-gastos.png\"\n\t\t\t\t>\n\t\t\t<\/picture>\n\t\t<\/a>\n\t<\/p>\n\n\n<p>A informa\u00e7\u00e3o, que foi divulgada via <a class=\"suno-keyword\" href=\"https:\/\/www.suno.com.br\/artigos\/fato-relevante\/\" target=\"_blank\" rel=\"noopener\" data-force=\"no\" data-priority=\"1\">fato relevante<\/a>, anuncia que o objetivo do ativo \u00e9 fixar 2037 como prazo de vig\u00eancia da <strong>parceria exclusiva de cart\u00f5es de cr\u00e9dito<\/strong> e servi\u00e7os financeiros nas <strong>lojas f\u00edsicas e e-commerce da Casas Bahia<\/strong>.\u00a0O aditivo contratual tamb\u00e9m procura estabelecer nova estrutura de remunera\u00e7\u00e3o, dessa vez atrelada a metas conjuntas, al\u00e9m de servir para atualizar e estabelecer termos e condi\u00e7\u00f5es que regular\u00e3o as rela\u00e7\u00f5es futuras entre a Via e o Bradesco.<\/p>\n<p>\u201cO <strong>novo acordo<\/strong> refor\u00e7a o sucesso da produtiva, s\u00f3lida e longeva parceria, iniciada em 2006, entre <strong>Bradesco e a companhia<\/strong>, duas das institui\u00e7\u00f5es que entendem profundamente os consumidores brasileiros e que buscam o cont\u00ednuo oferecimento de produtos e solu\u00e7\u00f5es financeiras criativas que melhor atendam \u00e0s necessidades de seus clientes\u201d, comunica a varejista.<\/p>\n<p>A Via informou que, com base no novo prazo, a companhia receber\u00e1 R$ 350 milh\u00f5es pela explora\u00e7\u00e3o do balc\u00e3o e pelo per\u00edodo adicional da<strong> parceria com o Bradesco<\/strong>, impactando o caixa e o resultado do quarto trimestre de 2022.<\/p>\n\t<p>\n\t\t<a href=\"https:\/\/lp.suno.com.br\/ebook-como-analisar-uma-acao\/\" target=\"_blank\" data-element=\"shortcode-suno-banner\" title=\"Banner SUNO, clique e saiba mais\">\n\t\t\t<picture>\n\t\t\t\t<source media=\"(max-width: 500px)\" srcset=\"https:\/\/files.sunoresearch.com.br\/n\/uploads\/2023\/03\/Ebook-Acoes-Mobile.jpg\">\n\t\t\t\t<img class=\"newsContent__article__imgCapa newsContent__article__imgCapa--banner\"\n\t\t\t\t\tsrc=\"https:\/\/files.sunoresearch.com.br\/n\/uploads\/2023\/03\/Ebook-Acoes-Desktop.jpg\"\n\t\t\t\t\tdata-promo-id=\"311946\"\t\t\t\t\t\t\t\t\t\twidth='1420' height='286'\t\t\t\t\talt=\"https:\/\/files.sunoresearch.com.br\/n\/uploads\/2023\/03\/Ebook-Acoes-Desktop.jpg\"\n\t\t\t\t>\n\t\t\t<\/picture>\n\t\t<\/a>\n\t<\/p>\n\n\n<p>Por \u00faltimo, o fato relevante divulgado pela varejista declara que &#8220;a parceria continuar\u00e1 oferecendo acesso a <a class=\"suno-keyword\" href=\"https:\/\/www.suno.com.br\/artigos\/bens-de-consumo\/\" target=\"_blank\" rel=\"noopener\" data-force=\"no\" data-priority=\"1\">bens de consumo<\/a> e servi\u00e7os financeiros a milh\u00f5es de consumidores em todo o Brasil, em todos os canais existentes operados pela bandeira &#8220;Casas Bahia&#8221;, prezando pela qualidade e acessibilidade que sempre pautou a atua\u00e7\u00e3o da companhia&#8221;.<\/p>\n<h2>Via reduz preju\u00edzo no 3T22<\/h2>\n<p>A Via divulgou hoje os<strong> resultados do terceiro trimestre de 2022,<\/strong> reportando preju\u00edzo de R$ 203 milh\u00f5es. A varejista conseguiu reduzir o preju\u00edzo divulgado no 3T21 em 68,2%, quando reportou ao mercado R$ 638 milh\u00f5es.<\/p>\n<p>As a\u00e7\u00f5es da <strong>Via<\/strong> abriram esta quinta-feira em R$ 2,65, durante o dia as a\u00e7\u00f5es tiveram varia\u00e7\u00e3o de 85% e fecharam a R$ 2,58.<\/p>\n<h2>Situa\u00e7\u00e3o do Bradesco<\/h2>\n<p>O <strong>Bradesco<\/strong> reportou os resultados do 3T22 e a\u00e7\u00f5es est\u00e3o em queda desde ent\u00e3o. O banco divulgou o lucro l\u00edquido de R$ 5,2 bilh\u00f5es, 22,8% menor na compara\u00e7\u00e3o com o mesmo trimestre do ano anterior. Em geral, os resultados apresentados ficaram abaixo das estimativas do mercado.<\/p>\n<p>As <strong>a\u00e7\u00f5es do Bradesco<\/strong> abriram o dia sendo negociadas a R$ 15,20, ca\u00edram 2,93% durante o dia e fecharam a quinta-feira em R$ 14,90.\u00a0 Os pap\u00e9is da Via ca\u00edram 7,85%, cotados a R$ 2,58.<\/p>\n\t<p>\n\t\t<a href=\"https:\/\/lp.suno.com.br\/ebook-investindo-em-fiis\/\" target=\"_blank\" data-element=\"shortcode-suno-banner\" title=\"Banner SUNO, clique e saiba mais\">\n\t\t\t<picture>\n\t\t\t\t<source media=\"(max-width: 500px)\" srcset=\"https:\/\/files.sunoresearch.com.br\/n\/uploads\/2023\/03\/Ebook-Fundos-Imobiliarios-Mobile-1.jpg\">\n\t\t\t\t<img class=\"newsContent__article__imgCapa newsContent__article__imgCapa--banner\"\n\t\t\t\t\tsrc=\"https:\/\/files.sunoresearch.com.br\/n\/uploads\/2023\/03\/Ebook-Fundos-Imobiliarios-Desktop-1.jpg\"\n\t\t\t\t\tdata-promo-id=\"313843\"\t\t\t\t\t\t\t\t\t\twidth='1420' height='286'\t\t\t\t\talt=\"https:\/\/files.sunoresearch.com.br\/n\/uploads\/2023\/03\/Ebook-Fundos-Imobiliarios-Desktop-1.jpg\"\n\t\t\t\t>\n\t\t\t<\/picture>\n\t\t<\/a>\n\t<\/p>\n\n\n","protected":false},"excerpt":{"rendered":"<p>A Via (VIIA3) anunciou nesta quinta-feira (10), ap\u00f3s o fechamento do mercado, que renovou a parceria com o Bradesco (BBDC4), que possibilita a distribui\u00e7\u00e3o de cart\u00e3o de cr\u00e9dito e outros produtos da linha sob o selo Bradescard. A renova\u00e7\u00e3o da parceria abrange os canais j\u00e1 existentes da marca Casas Bahia. Via (VIIA3). Foto: Divulga\u00e7\u00e3o. A [&hellip;]<\/p>\n","protected":false},"author":194,"featured_media":233986,"comment_status":"closed","ping_status":"closed","sticky":false,"template":"","format":"standard","meta":[],"categories":[64],"tags":[286,392,106935],"suno_strategy":[],"class_list":["post-317940","post","type-post","status-publish","format-standard","has-post-thumbnail","hentry","category-negocios","tag-acoes","tag-bradesco-bbdc3-bbdc4","tag-via-viia3"],"yoast_head":"<!-- This site is optimized with the Yoast SEO plugin v24.4 - https:\/\/yoast.com\/wordpress\/plugins\/seo\/ -->\n<title>Via (VIIA3) aprova renova\u00e7\u00e3o de parceria com o Bradesco (BBDC4)<\/title>\n<meta name=\"description\" content=\"A Via (VIIA3) anunciou nesta quinta-feira (10), ap\u00f3s o fechamento do mercado, que renovou a parceria com o Bradesco (BBDC4). Entenda.\" \/>\n<meta name=\"robots\" content=\"index, follow, max-snippet:-1, max-image-preview:large, max-video-preview:-1\" \/>\n<link rel=\"canonical\" href=\"https:\/\/www.suno.com.br\/noticias\/via-viia3-aprova-renovacao-de-parceria-bradesco-bbdc4\/\" \/>\n<meta property=\"og:locale\" content=\"pt_BR\" \/>\n<meta property=\"og:type\" content=\"article\" \/>\n<meta property=\"og:title\" content=\"Via (VIIA3) aprova renova\u00e7\u00e3o de parceria com o Bradesco (BBDC4)\" \/>\n<meta property=\"og:description\" content=\"A Via (VIIA3) anunciou nesta quinta-feira (10), ap\u00f3s o fechamento do mercado, que renovou a parceria com o Bradesco (BBDC4). Entenda.\" \/>\n<meta property=\"og:url\" content=\"https:\/\/www.suno.com.br\/noticias\/via-viia3-aprova-renovacao-de-parceria-bradesco-bbdc4\/\" \/>\n<meta property=\"og:site_name\" content=\"Suno Not\u00edcias\" \/>\n<meta property=\"article:publisher\" content=\"https:\/\/facebook.com\/sunoresearch\" \/>\n<meta property=\"og:image\" content=\"https:\/\/files.sunoresearch.com.br\/n\/uploads\/2022\/02\/casas-b-1.jpg\" \/>\n\t<meta property=\"og:image:width\" content=\"1800\" \/>\n\t<meta property=\"og:image:height\" content=\"2270\" \/>\n\t<meta property=\"og:image:type\" content=\"image\/jpeg\" \/>\n<meta name=\"author\" content=\"Isabella Taglapietra\" \/>\n<meta name=\"twitter:card\" content=\"summary_large_image\" \/>\n<meta name=\"twitter:creator\" content=\"@sunoresearch\" \/>\n<meta name=\"twitter:site\" content=\"@sunoresearch\" \/>\n<meta name=\"twitter:label1\" content=\"Escrito por\" \/>\n\t<meta name=\"twitter:data1\" content=\"Isabella Taglapietra\" \/>\n\t<meta name=\"twitter:label2\" content=\"Est. tempo de leitura\" \/>\n\t<meta name=\"twitter:data2\" content=\"3 minutos\" \/>\n<script type=\"application\/ld+json\" class=\"yoast-schema-graph\">{\"@context\":\"https:\/\/schema.org\",\"@graph\":[{\"@type\":\"NewsArticle\",\"@id\":\"https:\/\/www.suno.com.br\/noticias\/via-viia3-aprova-renovacao-de-parceria-bradesco-bbdc4\/#article\",\"isPartOf\":{\"@id\":\"https:\/\/www.suno.com.br\/noticias\/via-viia3-aprova-renovacao-de-parceria-bradesco-bbdc4\/\"},\"author\":{\"name\":\"Isabella Taglapietra\",\"@id\":\"https:\/\/www.suno.com.br\/noticias\/#\/schema\/person\/a0be106724f6f5d705d70f04333cb249\"},\"headline\":\"Via (VIIA3): Conselho aprova renova\u00e7\u00e3o de parceria com o Bradesco (BBDC4)\",\"datePublished\":\"2022-11-11T02:59:10+00:00\",\"mainEntityOfPage\":{\"@id\":\"https:\/\/www.suno.com.br\/noticias\/via-viia3-aprova-renovacao-de-parceria-bradesco-bbdc4\/\"},\"wordCount\":465,\"publisher\":{\"@id\":\"https:\/\/www.suno.com.br\/noticias\/#organization\"},\"image\":{\"@id\":\"https:\/\/www.suno.com.br\/noticias\/via-viia3-aprova-renovacao-de-parceria-bradesco-bbdc4\/#primaryimage\"},\"thumbnailUrl\":\"https:\/\/files.sunoresearch.com.br\/n\/uploads\/2022\/02\/casas-b-1.jpg\",\"keywords\":[\"A\u00e7\u00f5es\",\"Bradesco (BBDC3\/BBDC4)\",\"Via (VIIA3)\"],\"articleSection\":[\"Neg\u00f3cios\"],\"inLanguage\":\"pt-BR\"},{\"@type\":\"WebPage\",\"@id\":\"https:\/\/www.suno.com.br\/noticias\/via-viia3-aprova-renovacao-de-parceria-bradesco-bbdc4\/\",\"url\":\"https:\/\/www.suno.com.br\/noticias\/via-viia3-aprova-renovacao-de-parceria-bradesco-bbdc4\/\",\"name\":\"Via (VIIA3) aprova renova\u00e7\u00e3o de parceria com o Bradesco (BBDC4)\",\"isPartOf\":{\"@id\":\"https:\/\/www.suno.com.br\/noticias\/#website\"},\"primaryImageOfPage\":{\"@id\":\"https:\/\/www.suno.com.br\/noticias\/via-viia3-aprova-renovacao-de-parceria-bradesco-bbdc4\/#primaryimage\"},\"image\":{\"@id\":\"https:\/\/www.suno.com.br\/noticias\/via-viia3-aprova-renovacao-de-parceria-bradesco-bbdc4\/#primaryimage\"},\"thumbnailUrl\":\"https:\/\/files.sunoresearch.com.br\/n\/uploads\/2022\/02\/casas-b-1.jpg\",\"datePublished\":\"2022-11-11T02:59:10+00:00\",\"description\":\"A Via (VIIA3) anunciou nesta quinta-feira (10), ap\u00f3s o fechamento do mercado, que renovou a parceria com o Bradesco (BBDC4). Entenda.\",\"breadcrumb\":{\"@id\":\"https:\/\/www.suno.com.br\/noticias\/via-viia3-aprova-renovacao-de-parceria-bradesco-bbdc4\/#breadcrumb\"},\"inLanguage\":\"pt-BR\",\"potentialAction\":[{\"@type\":\"ReadAction\",\"target\":[\"https:\/\/www.suno.com.br\/noticias\/via-viia3-aprova-renovacao-de-parceria-bradesco-bbdc4\/\"]}]},{\"@type\":\"ImageObject\",\"inLanguage\":\"pt-BR\",\"@id\":\"https:\/\/www.suno.com.br\/noticias\/via-viia3-aprova-renovacao-de-parceria-bradesco-bbdc4\/#primaryimage\",\"url\":\"https:\/\/files.sunoresearch.com.br\/n\/uploads\/2022\/02\/casas-b-1.jpg\",\"contentUrl\":\"https:\/\/files.sunoresearch.com.br\/n\/uploads\/2022\/02\/casas-b-1.jpg\",\"width\":1800,\"height\":2270,\"caption\":\"Via (VIIA3). Foto: Divulga\u00e7\u00e3o.\"},{\"@type\":\"BreadcrumbList\",\"@id\":\"https:\/\/www.suno.com.br\/noticias\/via-viia3-aprova-renovacao-de-parceria-bradesco-bbdc4\/#breadcrumb\",\"itemListElement\":[{\"@type\":\"ListItem\",\"position\":1,\"name\":\"Not\u00edcias\",\"item\":\"https:\/\/www.suno.com.br\/noticias\/\"},{\"@type\":\"ListItem\",\"position\":2,\"name\":\"Neg\u00f3cios\",\"item\":\"https:\/\/www.suno.com.br\/noticias\/negocios\/\"},{\"@type\":\"ListItem\",\"position\":3,\"name\":\"Via (VIIA3): Conselho aprova renova\u00e7\u00e3o de parceria com o Bradesco (BBDC4)\"}]},{\"@type\":\"WebSite\",\"@id\":\"https:\/\/www.suno.com.br\/noticias\/#website\",\"url\":\"https:\/\/www.suno.com.br\/noticias\/\",\"name\":\"Suno Not\u00edcias\",\"description\":\"Seu portal de informa\u00e7\u00e3o sobre o mundo dos investimentos\",\"publisher\":{\"@id\":\"https:\/\/www.suno.com.br\/noticias\/#organization\"},\"potentialAction\":[{\"@type\":\"SearchAction\",\"target\":{\"@type\":\"EntryPoint\",\"urlTemplate\":\"https:\/\/www.suno.com.br\/noticias\/?s={search_term_string}\"},\"query-input\":{\"@type\":\"PropertyValueSpecification\",\"valueRequired\":true,\"valueName\":\"search_term_string\"}}],\"inLanguage\":\"pt-BR\"},{\"@type\":\"Organization\",\"@id\":\"https:\/\/www.suno.com.br\/noticias\/#organization\",\"name\":\"Suno Not\u00edcias\",\"url\":\"https:\/\/www.suno.com.br\/noticias\/\",\"logo\":{\"@type\":\"ImageObject\",\"inLanguage\":\"pt-BR\",\"@id\":\"https:\/\/www.suno.com.br\/noticias\/#\/schema\/logo\/image\/\",\"url\":\"https:\/\/files.sunoresearch.com.br\/n\/uploads\/2021\/09\/suno-logo.png\",\"contentUrl\":\"https:\/\/files.sunoresearch.com.br\/n\/uploads\/2021\/09\/suno-logo.png\",\"width\":180,\"height\":180,\"caption\":\"Suno Not\u00edcias\"},\"image\":{\"@id\":\"https:\/\/www.suno.com.br\/noticias\/#\/schema\/logo\/image\/\"},\"sameAs\":[\"https:\/\/facebook.com\/sunoresearch\",\"https:\/\/x.com\/sunoresearch\",\"https:\/\/www.instagram.com\/suno\",\"https:\/\/www.linkedin.com\/company\/suno-research\/\",\"https:\/\/www.youtube.com\/c\/sunoresearch\"]},{\"@type\":\"Person\",\"@id\":\"https:\/\/www.suno.com.br\/noticias\/#\/schema\/person\/a0be106724f6f5d705d70f04333cb249\",\"name\":\"Isabella Taglapietra\",\"image\":{\"@type\":\"ImageObject\",\"inLanguage\":\"pt-BR\",\"@id\":\"https:\/\/www.suno.com.br\/noticias\/#\/schema\/person\/image\/\",\"url\":\"https:\/\/secure.gravatar.com\/avatar\/089c9e06b71de293117116aaf339e22f?s=96&r=g\",\"contentUrl\":\"https:\/\/secure.gravatar.com\/avatar\/089c9e06b71de293117116aaf339e22f?s=96&r=g\",\"caption\":\"Isabella Taglapietra\"},\"description\":\"Rep\u00f3rter freelancer no Suno Not\u00edcias, cobre not\u00edcias di\u00e1rias sobre economia, balan\u00e7os trimestrais e pesquisas. Formada em jornalismo pela Faculdade C\u00e1sper L\u00edbero e p\u00f3s-graduanda em mercado de capitais pela Fecap, atuou como rep\u00f3rter de economia e finan\u00e7as no portal CRC!News e Elas que Lucrem, al\u00e9m de social media para empresas do mercado financeiro.\",\"url\":\"https:\/\/www.suno.com.br\/noticias\/author\/isabella-taglapietra\/\"}]}<\/script>\n<!-- \/ Yoast SEO plugin. -->","yoast_head_json":{"title":"Via (VIIA3) aprova renova\u00e7\u00e3o de parceria com o Bradesco (BBDC4)","description":"A Via (VIIA3) anunciou nesta quinta-feira (10), ap\u00f3s o fechamento do mercado, que renovou a parceria com o Bradesco (BBDC4). Entenda.","robots":{"index":"index","follow":"follow","max-snippet":"max-snippet:-1","max-image-preview":"max-image-preview:large","max-video-preview":"max-video-preview:-1"},"canonical":"https:\/\/www.suno.com.br\/noticias\/via-viia3-aprova-renovacao-de-parceria-bradesco-bbdc4\/","og_locale":"pt_BR","og_type":"article","og_title":"Via (VIIA3) aprova renova\u00e7\u00e3o de parceria com o Bradesco (BBDC4)","og_description":"A Via (VIIA3) anunciou nesta quinta-feira (10), ap\u00f3s o fechamento do mercado, que renovou a parceria com o Bradesco (BBDC4). Entenda.","og_url":"https:\/\/www.suno.com.br\/noticias\/via-viia3-aprova-renovacao-de-parceria-bradesco-bbdc4\/","og_site_name":"Suno Not\u00edcias","article_publisher":"https:\/\/facebook.com\/sunoresearch","og_image":[{"width":1800,"height":2270,"url":"https:\/\/files.sunoresearch.com.br\/n\/uploads\/2022\/02\/casas-b-1.jpg","type":"image\/jpeg"}],"author":"Isabella Taglapietra","twitter_card":"summary_large_image","twitter_creator":"@sunoresearch","twitter_site":"@sunoresearch","twitter_misc":{"Escrito por":"Isabella Taglapietra","Est. tempo de leitura":"3 minutos"},"schema":{"@context":"https:\/\/schema.org","@graph":[{"@type":"NewsArticle","@id":"https:\/\/www.suno.com.br\/noticias\/via-viia3-aprova-renovacao-de-parceria-bradesco-bbdc4\/#article","isPartOf":{"@id":"https:\/\/www.suno.com.br\/noticias\/via-viia3-aprova-renovacao-de-parceria-bradesco-bbdc4\/"},"author":{"name":"Isabella Taglapietra","@id":"https:\/\/www.suno.com.br\/noticias\/#\/schema\/person\/a0be106724f6f5d705d70f04333cb249"},"headline":"Via (VIIA3): Conselho aprova renova\u00e7\u00e3o de parceria com o Bradesco (BBDC4)","datePublished":"2022-11-11T02:59:10+00:00","mainEntityOfPage":{"@id":"https:\/\/www.suno.com.br\/noticias\/via-viia3-aprova-renovacao-de-parceria-bradesco-bbdc4\/"},"wordCount":465,"publisher":{"@id":"https:\/\/www.suno.com.br\/noticias\/#organization"},"image":{"@id":"https:\/\/www.suno.com.br\/noticias\/via-viia3-aprova-renovacao-de-parceria-bradesco-bbdc4\/#primaryimage"},"thumbnailUrl":"https:\/\/files.sunoresearch.com.br\/n\/uploads\/2022\/02\/casas-b-1.jpg","keywords":["A\u00e7\u00f5es","Bradesco (BBDC3\/BBDC4)","Via (VIIA3)"],"articleSection":["Neg\u00f3cios"],"inLanguage":"pt-BR"},{"@type":"WebPage","@id":"https:\/\/www.suno.com.br\/noticias\/via-viia3-aprova-renovacao-de-parceria-bradesco-bbdc4\/","url":"https:\/\/www.suno.com.br\/noticias\/via-viia3-aprova-renovacao-de-parceria-bradesco-bbdc4\/","name":"Via (VIIA3) aprova renova\u00e7\u00e3o de parceria com o Bradesco (BBDC4)","isPartOf":{"@id":"https:\/\/www.suno.com.br\/noticias\/#website"},"primaryImageOfPage":{"@id":"https:\/\/www.suno.com.br\/noticias\/via-viia3-aprova-renovacao-de-parceria-bradesco-bbdc4\/#primaryimage"},"image":{"@id":"https:\/\/www.suno.com.br\/noticias\/via-viia3-aprova-renovacao-de-parceria-bradesco-bbdc4\/#primaryimage"},"thumbnailUrl":"https:\/\/files.sunoresearch.com.br\/n\/uploads\/2022\/02\/casas-b-1.jpg","datePublished":"2022-11-11T02:59:10+00:00","description":"A Via (VIIA3) anunciou nesta quinta-feira (10), ap\u00f3s o fechamento do mercado, que renovou a parceria com o Bradesco (BBDC4). Entenda.","breadcrumb":{"@id":"https:\/\/www.suno.com.br\/noticias\/via-viia3-aprova-renovacao-de-parceria-bradesco-bbdc4\/#breadcrumb"},"inLanguage":"pt-BR","potentialAction":[{"@type":"ReadAction","target":["https:\/\/www.suno.com.br\/noticias\/via-viia3-aprova-renovacao-de-parceria-bradesco-bbdc4\/"]}]},{"@type":"ImageObject","inLanguage":"pt-BR","@id":"https:\/\/www.suno.com.br\/noticias\/via-viia3-aprova-renovacao-de-parceria-bradesco-bbdc4\/#primaryimage","url":"https:\/\/files.sunoresearch.com.br\/n\/uploads\/2022\/02\/casas-b-1.jpg","contentUrl":"https:\/\/files.sunoresearch.com.br\/n\/uploads\/2022\/02\/casas-b-1.jpg","width":1800,"height":2270,"caption":"Via (VIIA3). Foto: Divulga\u00e7\u00e3o."},{"@type":"BreadcrumbList","@id":"https:\/\/www.suno.com.br\/noticias\/via-viia3-aprova-renovacao-de-parceria-bradesco-bbdc4\/#breadcrumb","itemListElement":[{"@type":"ListItem","position":1,"name":"Not\u00edcias","item":"https:\/\/www.suno.com.br\/noticias\/"},{"@type":"ListItem","position":2,"name":"Neg\u00f3cios","item":"https:\/\/www.suno.com.br\/noticias\/negocios\/"},{"@type":"ListItem","position":3,"name":"Via (VIIA3): Conselho aprova renova\u00e7\u00e3o de parceria com o Bradesco (BBDC4)"}]},{"@type":"WebSite","@id":"https:\/\/www.suno.com.br\/noticias\/#website","url":"https:\/\/www.suno.com.br\/noticias\/","name":"Suno Not\u00edcias","description":"Seu portal de informa\u00e7\u00e3o sobre o mundo dos investimentos","publisher":{"@id":"https:\/\/www.suno.com.br\/noticias\/#organization"},"potentialAction":[{"@type":"SearchAction","target":{"@type":"EntryPoint","urlTemplate":"https:\/\/www.suno.com.br\/noticias\/?s={search_term_string}"},"query-input":{"@type":"PropertyValueSpecification","valueRequired":true,"valueName":"search_term_string"}}],"inLanguage":"pt-BR"},{"@type":"Organization","@id":"https:\/\/www.suno.com.br\/noticias\/#organization","name":"Suno Not\u00edcias","url":"https:\/\/www.suno.com.br\/noticias\/","logo":{"@type":"ImageObject","inLanguage":"pt-BR","@id":"https:\/\/www.suno.com.br\/noticias\/#\/schema\/logo\/image\/","url":"https:\/\/files.sunoresearch.com.br\/n\/uploads\/2021\/09\/suno-logo.png","contentUrl":"https:\/\/files.sunoresearch.com.br\/n\/uploads\/2021\/09\/suno-logo.png","width":180,"height":180,"caption":"Suno Not\u00edcias"},"image":{"@id":"https:\/\/www.suno.com.br\/noticias\/#\/schema\/logo\/image\/"},"sameAs":["https:\/\/facebook.com\/sunoresearch","https:\/\/x.com\/sunoresearch","https:\/\/www.instagram.com\/suno","https:\/\/www.linkedin.com\/company\/suno-research\/","https:\/\/www.youtube.com\/c\/sunoresearch"]},{"@type":"Person","@id":"https:\/\/www.suno.com.br\/noticias\/#\/schema\/person\/a0be106724f6f5d705d70f04333cb249","name":"Isabella Taglapietra","image":{"@type":"ImageObject","inLanguage":"pt-BR","@id":"https:\/\/www.suno.com.br\/noticias\/#\/schema\/person\/image\/","url":"https:\/\/secure.gravatar.com\/avatar\/089c9e06b71de293117116aaf339e22f?s=96&r=g","contentUrl":"https:\/\/secure.gravatar.com\/avatar\/089c9e06b71de293117116aaf339e22f?s=96&r=g","caption":"Isabella Taglapietra"},"description":"Rep\u00f3rter freelancer no Suno Not\u00edcias, cobre not\u00edcias di\u00e1rias sobre economia, balan\u00e7os trimestrais e pesquisas. Formada em jornalismo pela Faculdade C\u00e1sper L\u00edbero e p\u00f3s-graduanda em mercado de capitais pela Fecap, atuou como rep\u00f3rter de economia e finan\u00e7as no portal CRC!News e Elas que Lucrem, al\u00e9m de social media para empresas do mercado financeiro.","url":"https:\/\/www.suno.com.br\/noticias\/author\/isabella-taglapietra\/"}]}},"default_loop_html":"<div class=\"cardsPage__listCard__boxs\"><div class=\"cardsPage__listCard__boxs__img\"><a href=\"https:\/\/www.suno.com.br\/noticias\/via-viia3-aprova-renovacao-de-parceria-bradesco-bbdc4\/\"><img class=\"mask\" src=\"https:\/\/www.suno.com.br\/noticias\/wp-content\/themes\/suno\/resources\/images\/spotlight\/spotlight1img\/bg-mask.png\" alt=\"Image Mask\"\/><img src=\"https:\/\/files.sunoresearch.com.br\/n\/uploads\/2022\/02\/casas-b-1-400x200.jpg\" alt=\"Via (VIIA3): Conselho aprova renova\u00e7\u00e3o de parceria com o Bradesco (BBDC4)\"\/><\/a><span class=\"spotlightCategory\"><a href=\"https:\/\/www.suno.com.br\/noticias\/negocios\/\">Neg\u00f3cios<\/a><\/span><\/div><div class=\"cardsPage__listCard__boxs__content\"><a href=\"https:\/\/www.suno.com.br\/noticias\/via-viia3-aprova-renovacao-de-parceria-bradesco-bbdc4\/\"><h2 class=\"content__title\">Via (VIIA3): Conselho aprova renova\u00e7\u00e3o de parceria com o Bradesco (BBDC4)<\/h2><\/a><div class=\"newsContent__article__meta\"><div class=\"newsContent__article__meta__authorBox\"><a href=\"https:\/\/www.suno.com.br\/noticias\/author\/isabella-taglapietra\/\" class=\"authorBox__avatar noMobi\"><img src=\"https:\/\/files.sunoresearch.com.br\/n\/uploads\/2022\/08\/WhatsApp-Image-2022-08-04-at-12.40.27-150x150.jpeg\" alt=\"Isabella Taglapietra\"><\/a><div class=\"authorBox__name\"><span>por\n\t\t\t<a href=\"https:\/\/www.suno.com.br\/noticias\/author\/isabella-taglapietra\/\"><span itemprop=\"author\">Isabella Taglapietra<\/span><\/a><\/span><time datetime=\"2022-11-10T23:59:10-03:00\" itemprop=\"datePublished\">10\/11\/2022 23:59<\/time><\/div><\/div><\/div><\/div><\/div>","single_layout":"posts","amp_enabled":true,"_links":{"self":[{"href":"https:\/\/www.suno.com.br\/noticias\/wp-json\/wp\/v2\/posts\/317940"}],"collection":[{"href":"https:\/\/www.suno.com.br\/noticias\/wp-json\/wp\/v2\/posts"}],"about":[{"href":"https:\/\/www.suno.com.br\/noticias\/wp-json\/wp\/v2\/types\/post"}],"author":[{"embeddable":true,"href":"https:\/\/www.suno.com.br\/noticias\/wp-json\/wp\/v2\/users\/194"}],"replies":[{"embeddable":true,"href":"https:\/\/www.suno.com.br\/noticias\/wp-json\/wp\/v2\/comments?post=317940"}],"version-history":[{"count":3,"href":"https:\/\/www.suno.com.br\/noticias\/wp-json\/wp\/v2\/posts\/317940\/revisions"}],"predecessor-version":[{"id":317980,"href":"https:\/\/www.suno.com.br\/noticias\/wp-json\/wp\/v2\/posts\/317940\/revisions\/317980"}],"wp:featuredmedia":[{"embeddable":true,"href":"https:\/\/www.suno.com.br\/noticias\/wp-json\/wp\/v2\/media\/233986"}],"wp:attachment":[{"href":"https:\/\/www.suno.com.br\/noticias\/wp-json\/wp\/v2\/media?parent=317940"}],"wp:term":[{"taxonomy":"category","embeddable":true,"href":"https:\/\/www.suno.com.br\/noticias\/wp-json\/wp\/v2\/categories?post=317940"},{"taxonomy":"post_tag","embeddable":true,"href":"https:\/\/www.suno.com.br\/noticias\/wp-json\/wp\/v2\/tags?post=317940"},{"taxonomy":"suno_strategy","embeddable":true,"href":"https:\/\/www.suno.com.br\/noticias\/wp-json\/wp\/v2\/suno_strategy?post=317940"}],"curies":[{"name":"wp","href":"https:\/\/api.w.org\/{rel}","templated":true}]}}