{"id":317826,"date":"2022-11-10T20:05:32","date_gmt":"2022-11-10T23:05:32","guid":{"rendered":"https:\/\/www.suno.com.br\/noticias\/?p=317826"},"modified":"2022-11-10T20:05:32","modified_gmt":"2022-11-10T23:05:32","slug":"dolar-dispara-temor-fiscal-fala-de-lula","status":"publish","type":"post","link":"https:\/\/www.suno.com.br\/noticias\/dolar-dispara-temor-fiscal-fala-de-lula\/","title":{"rendered":"D\u00f3lar dispara e fecha perto de R$ 5,40 com temor fiscal ap\u00f3s fala de Lula"},"content":{"rendered":"<p>O <strong>d\u00f3lar<\/strong> disparou no mercado dom\u00e9stico de c\u00e2mbio na sess\u00e3o desta quinta-feira, 10, e fechou no maior n\u00edvel desde julho ap\u00f3s fala do presidente eleito Luiz In\u00e1cio Lula da Silva cr\u00edtica ao <a class=\"suno-keyword\" href=\"https:\/\/www.suno.com.br\/artigos\/teto-de-gastos\/\" target=\"_blank\" rel=\"noopener\" data-force=\"no\" data-priority=\"1\">teto de gastos<\/a> e d\u00favidas sobre a confec\u00e7\u00e3o da PEC de Transi\u00e7\u00e3o deflagrem temores de mudan\u00e7a do arcabou\u00e7o fiscal.<\/p>\t<div class=\"wrapper-featured-image\">\n\t\t<figure class=\"spotlightImg\">\n\n\t\t\t<picture>\n\t\t\t\t<source media=\"(max-width: 768px)\" srcset=\"https:\/\/files.sunoresearch.com.br\/n\/uploads\/2022\/08\/dolar-unsplash-400x200.jpeg\">\n\t\t\t\t<img loading=\"lazy\" decoding=\"async\" class=\"newsContent__article__imgCapa lazyloadDisabled \" src=\"https:\/\/files.sunoresearch.com.br\/n\/uploads\/2022\/08\/dolar-unsplash-800x450.jpeg\" width=\"800\" height=\"450\" alt=\"D\u00f3lar dispara e fecha perto de R$ 5,40 com temor fiscal ap\u00f3s fala de Lula\" fetchpriority=high \/>\n\t\t\t<\/picture>\n\n\t\t\t<figcaption class=\"wp-caption-text wp-caption-text--show\">D\u00f3lar em queda: Cota\u00e7\u00e3o fica abaixo de R$ 5,35 com foco no Fed e cen\u00e1rio internacional. Foto: Unsplash.<\/figcaption>\n\t\t<\/figure>\n\t<\/div>\n\n\n\t<p>\n\t\t<a href=\"https:\/\/lp.suno.com.br\/planilha-controle-gastos\/\" target=\"_blank\" data-element=\"shortcode-suno-banner\" title=\"Banner SUNO, clique e saiba mais\">\n\t\t\t<picture>\n\t\t\t\t<source media=\"(max-width: 500px)\" srcset=\"https:\/\/files.sunoresearch.com.br\/n\/uploads\/2023\/03\/400x300-Planilha-controle-de-gastos.png\">\n\t\t\t\t<img class=\"newsContent__article__imgCapa newsContent__article__imgCapa--banner\"\n\t\t\t\t\tsrc=\"https:\/\/files.sunoresearch.com.br\/n\/uploads\/2023\/03\/1420x240-Planilha-controle-de-gastos.png\"\n\t\t\t\t\tdata-promo-id=\"311945\"\t\t\t\t\t\t\t\t\t\twidth='1420' height='240'\t\t\t\t\talt=\"https:\/\/files.sunoresearch.com.br\/n\/uploads\/2023\/03\/1420x240-Planilha-controle-de-gastos.png\"\n\t\t\t\t>\n\t\t\t<\/picture>\n\t\t<\/a>\n\t<\/p>\n\n\n<p>Com oscila\u00e7\u00e3o de quase 17 centavos entre a m\u00ednima (R$ 5,2454) e a m\u00e1xima (R$ 5,4148), a <strong>moeda americana<\/strong> encerrou a sess\u00e3o em alta de 4,14%, cotada a R$ 5,3966 &#8211; maior valor de fechamento desde 22 de julho de 2022 (R$ 5,4988) e maior alta porcentual desde 16 de mar\u00e7o de 2020, dia em que foi decretada situa\u00e7\u00e3o de emerg\u00eancia na cidade de S\u00e3o Paulo em raz\u00e3o da pandemia de covid-19.<\/p>\n<p>O <strong>real<\/strong> n\u00e3o apenas amargou, de longe, o pior desempenho entre as <strong>divisas globais<\/strong> nesta quinta-feira como foi a \u00fanica moeda relevante, ao lado do peso argentino, a perder valor frente ao d\u00f3lar. O <a class=\"suno-keyword\" href=\"https:\/\/www.suno.com.br\/artigos\/dxy\/\" target=\"_blank\" rel=\"noopener\" data-force=\"no\" data-priority=\"1\">\u00edndice DXY<\/a> &#8211; que mede o desempenho da moeda americana frente a seis divisa fortes &#8211; caiu mais de 2%, aproximando-se do limiar dos 108,000 pontos.<\/p>\n<p>Analistas e operadores ressaltaram que, n\u00e3o fosse o ambiente de forte apetite ao risco no exterior, o d\u00f3lar poderia ter ido muito mais longe no mercado dom\u00e9stico, qui\u00e7\u00e1 superando o n\u00edvel de R$ 5,50. &#8220;N\u00e3o esperava tanta trapalhada t\u00e3o r\u00e1pido. Tenho o receio de que o d\u00f3lar v\u00e1 para R$ 6,00. Fim de ano j\u00e1 \u00e9 ruim com remessas. O c\u00e9u \u00e9 o limite&#8221;, afirma um gestor de recursos, que pediu anonimato.<\/p>\n<p>A degringolada do real come\u00e7ou pela manh\u00e3, com o d\u00f3lar superando 5,34, em alta superior a 3%, na primeira meia hora de neg\u00f3cios. Parte do mau humor vinha de fora com a expectativa pela divulga\u00e7\u00e3o \u00edndice de pre\u00e7os ao consumidor (CPI, na sigla em ingl\u00eas) nos EUA em outubro. Parte se devia \u00e0 indefini\u00e7\u00e3o sobre a configura\u00e7\u00e3o da chamada PEC da Transi\u00e7\u00e3o.<\/p>\n\t<p>\n\t\t<a href=\"https:\/\/lp.suno.com.br\/ebook-como-analisar-uma-acao\/\" target=\"_blank\" data-element=\"shortcode-suno-banner\" title=\"Banner SUNO, clique e saiba mais\">\n\t\t\t<picture>\n\t\t\t\t<source media=\"(max-width: 500px)\" srcset=\"https:\/\/files.sunoresearch.com.br\/n\/uploads\/2023\/03\/Ebook-Acoes-Mobile.jpg\">\n\t\t\t\t<img class=\"newsContent__article__imgCapa newsContent__article__imgCapa--banner\"\n\t\t\t\t\tsrc=\"https:\/\/files.sunoresearch.com.br\/n\/uploads\/2023\/03\/Ebook-Acoes-Desktop.jpg\"\n\t\t\t\t\tdata-promo-id=\"311946\"\t\t\t\t\t\t\t\t\t\twidth='1420' height='286'\t\t\t\t\talt=\"https:\/\/files.sunoresearch.com.br\/n\/uploads\/2023\/03\/Ebook-Acoes-Desktop.jpg\"\n\t\t\t\t>\n\t\t\t<\/picture>\n\t\t<\/a>\n\t<\/p>\n\n\n<p>Havia rumores de que a equipe de transi\u00e7\u00e3o de governo trabalhava com a possibilidade de excluir despesas do Aux\u00edlio Brasil (que voltar\u00e1 a se chamar Bolsa Fam\u00edlia) definitivamente da regra do teto. A alta de 0,59% do IPCA de outubro, acima do teto de Proje\u00e7\u00f5es Broadcast (+0,54%), contribu\u00eda para a postura defensiva dos agentes.<\/p>\n<p>Um dos pilares de sustenta\u00e7\u00e3o da alta da moeda americana ruiu quando o CPI de outubro, em especial o n\u00facleo, veio abaixo das expectativas. O d\u00f3lar passou a cair em bloco no exterior e as taxas dos Treasuries mergulharam, aliviando as press\u00f5es sobre a taxa de c\u00e2mbio dom\u00e9stica, que chegou a se situar abaixo de R$ 5,30. Investidores assimilavam a perspectiva de uma a\u00e7\u00e3o menos agressiva do Federal Reserve, com redu\u00e7\u00e3o do ritmo de alta da taxa b\u00e1sica americana em dezembro e juro terminal n\u00e3o t\u00e3o elevado.<\/p>\n<p>O caldo voltou a entornar \u00e0 medida que o mercado absorvia fala do presidente eleito. Quem esperava uma guinada de Lula ao centro se decepcionou com o tom similar ao da campanha eleitoral. Eis uma lista das perguntas do petista: &#8220;Por que as pessoas s\u00e3o levadas a sofrerem por conta de garantir a tal da estabilidade fiscal desse Pa\u00eds? Por que toda hora as pessoas falam que \u00e9 preciso cortar gastos, que \u00e9 preciso fazer super\u00e1vit, que \u00e9 preciso fazer teto de gastos? Por que as mesmas pessoas que discutem teto de gastos com seriedade n\u00e3o discutem a quest\u00e3o social neste Pa\u00eds?&#8221;.<\/p>\n<p>Gasto social, disse Lula, tem de ser visto como investimento. Ele indagou tamb\u00e9m por que o Pa\u00eds tem metas de infla\u00e7\u00e3o e n\u00e3o de crescimento. O presidente at\u00e9 temperou sua fala com a lembran\u00e7a de seu primeiro mandato e o alerta de que \u00e9 preciso garantir uma <a class=\"suno-keyword\" href=\"https:\/\/www.suno.com.br\/artigos\/politica-fiscal\/\" target=\"_blank\" rel=\"noopener\" data-force=\"no\" data-priority=\"1\">pol\u00edtica fiscal<\/a> &#8220;s\u00e9ria&#8221; para pagar juros da d\u00edvida. Nada capaz de anular a percep\u00e7\u00e3o de que o novo governo est\u00e1 disposto a mudar as regras do jogo fiscal.<\/p>\n<p>&#8220;Agora est\u00e1 um frenesi de gastos, mas ningu\u00e9m falou de onde vai vir o dinheiro ou de cortes. S\u00f3 se escuta esse lado&#8221;, afirma o head da Tesouraria do Travelex Bank, Marcos Weigt, ressaltando que, levando em conta a baixa do \u00edndice DXY, a deprecia\u00e7\u00e3o do real foi muito aguda. &#8220;Ningu\u00e9m sabe quando vai ser o &#8216;waiver&#8217; fiscal, o que vai ficar fora e dentro do teto. E se o que ficar fora vai ser apenas por um per\u00edodo ou para sempre&#8221;.<\/p>\n<p>As palavras do presidente levaram a uma degringolada adicional dos ativos dom\u00e9sticos. <strong>O d\u00f3lar<\/strong> superou de novo os R$ 5,35 no in\u00edcio da tarde, n\u00edvel em ao redor do qual orbitou at\u00e9 que o vice-presidente eleito Geraldo Alckmin anunciou novos integrantes da equipe de transi\u00e7\u00e3o, com o ex-ministro Guido Mantega no time de Or\u00e7amento e Planejamento. Foi a senha para uma corrida compradora ainda mais intensa no <a class=\"suno-keyword\" href=\"https:\/\/www.suno.com.br\/artigos\/cambio\/\" target=\"_blank\" rel=\"noopener\" data-force=\"no\" data-priority=\"2\">mercado de c\u00e2mbio<\/a>, que levou o d\u00f3lar a superar sucessivas m\u00e1ximas e correr at\u00e9 o n\u00edvel de R$ 5,4148 (+4,14%). J\u00e1 se sabia que o Mantega participaria do time, mas seu lugar ainda era uma inc\u00f3gnita. Lula planeja recriar o minist\u00e9rio do Planejamento e o nome de Mantega na equipe de transi\u00e7\u00e3o \u00e9 visto como pren\u00fancio de um perfil desenvolvimentista \u00e0 frente da Pasta.<\/p>\n<p class=\"newsProviderSignature\"><em>Com Estad\u00e3o Conte\u00fado<\/em><\/p>\n\t<p>\n\t\t<a href=\"https:\/\/lp.suno.com.br\/ebook-investindo-em-fiis\/\" target=\"_blank\" data-element=\"shortcode-suno-banner\" title=\"Banner SUNO, clique e saiba mais\">\n\t\t\t<picture>\n\t\t\t\t<source media=\"(max-width: 500px)\" srcset=\"https:\/\/files.sunoresearch.com.br\/n\/uploads\/2023\/03\/Ebook-Fundos-Imobiliarios-Mobile-1.jpg\">\n\t\t\t\t<img class=\"newsContent__article__imgCapa newsContent__article__imgCapa--banner\"\n\t\t\t\t\tsrc=\"https:\/\/files.sunoresearch.com.br\/n\/uploads\/2023\/03\/Ebook-Fundos-Imobiliarios-Desktop-1.jpg\"\n\t\t\t\t\tdata-promo-id=\"313843\"\t\t\t\t\t\t\t\t\t\twidth='1420' height='286'\t\t\t\t\talt=\"https:\/\/files.sunoresearch.com.br\/n\/uploads\/2023\/03\/Ebook-Fundos-Imobiliarios-Desktop-1.jpg\"\n\t\t\t\t>\n\t\t\t<\/picture>\n\t\t<\/a>\n\t<\/p>\n\n\n","protected":false},"excerpt":{"rendered":"<p>O d\u00f3lar disparou no mercado dom\u00e9stico de c\u00e2mbio na sess\u00e3o desta quinta-feira, 10, e fechou no maior n\u00edvel desde julho ap\u00f3s fala do presidente eleito Luiz In\u00e1cio Lula da Silva cr\u00edtica ao teto de gastos e d\u00favidas sobre a confec\u00e7\u00e3o da PEC de Transi\u00e7\u00e3o deflagrem temores de mudan\u00e7a do arcabou\u00e7o fiscal. D\u00f3lar em queda: Cota\u00e7\u00e3o [&hellip;]<\/p>\n","protected":false},"author":43,"featured_media":287575,"comment_status":"closed","ping_status":"closed","sticky":false,"template":"","format":"standard","meta":[],"categories":[1],"tags":[326],"suno_strategy":[],"class_list":["post-317826","post","type-post","status-publish","format-standard","has-post-thumbnail","hentry","category-uncategorized","tag-dolar"],"yoast_head":"<!-- This site is optimized with the Yoast SEO plugin v24.4 - https:\/\/yoast.com\/wordpress\/plugins\/seo\/ -->\n<title>D\u00f3lar dispara e fecha perto de R$ 5,40 com temor fiscal ap\u00f3s fala de Lula<\/title>\n<meta name=\"description\" content=\"O d\u00f3lar disparou no mercado dom\u00e9stico de c\u00e2mbio na sess\u00e3o desta quinta-feira, 10, e fechou no maior n\u00edvel desde julho. Saiba mais\" \/>\n<meta name=\"robots\" content=\"index, follow, max-snippet:-1, max-image-preview:large, max-video-preview:-1\" \/>\n<link rel=\"canonical\" href=\"https:\/\/www.suno.com.br\/noticias\/dolar-dispara-temor-fiscal-fala-de-lula\/\" \/>\n<meta property=\"og:locale\" content=\"pt_BR\" \/>\n<meta property=\"og:type\" content=\"article\" \/>\n<meta property=\"og:title\" content=\"D\u00f3lar dispara e fecha perto de R$ 5,40 com temor fiscal ap\u00f3s fala de Lula\" \/>\n<meta property=\"og:description\" content=\"O d\u00f3lar disparou no mercado dom\u00e9stico de c\u00e2mbio na sess\u00e3o desta quinta-feira, 10, e fechou no maior n\u00edvel desde julho. Saiba mais\" \/>\n<meta property=\"og:url\" content=\"https:\/\/www.suno.com.br\/noticias\/dolar-dispara-temor-fiscal-fala-de-lula\/\" \/>\n<meta property=\"og:site_name\" content=\"Suno Not\u00edcias\" \/>\n<meta property=\"article:publisher\" content=\"https:\/\/facebook.com\/sunoresearch\" \/>\n<meta property=\"article:author\" content=\"https:\/\/www.facebook.com\/sunonoticias\/\" \/>\n<meta property=\"og:image\" content=\"https:\/\/files.sunoresearch.com.br\/n\/uploads\/2022\/08\/dolar-unsplash.jpeg\" \/>\n\t<meta property=\"og:image:width\" content=\"1200\" \/>\n\t<meta property=\"og:image:height\" content=\"800\" \/>\n\t<meta property=\"og:image:type\" content=\"image\/jpeg\" \/>\n<meta name=\"author\" content=\"Reda\u00e7\u00e3o Suno Not\u00edcias\" \/>\n<meta name=\"twitter:card\" content=\"summary_large_image\" \/>\n<meta name=\"twitter:creator\" content=\"@https:\/\/twitter.com\/sunoresearch\" \/>\n<meta name=\"twitter:site\" content=\"@sunoresearch\" \/>\n<meta name=\"twitter:label1\" content=\"Escrito por\" \/>\n\t<meta name=\"twitter:data1\" content=\"Reda\u00e7\u00e3o Suno Not\u00edcias\" \/>\n\t<meta name=\"twitter:label2\" content=\"Est. tempo de leitura\" \/>\n\t<meta name=\"twitter:data2\" content=\"5 minutos\" \/>\n<script type=\"application\/ld+json\" class=\"yoast-schema-graph\">{\"@context\":\"https:\/\/schema.org\",\"@graph\":[{\"@type\":\"NewsArticle\",\"@id\":\"https:\/\/www.suno.com.br\/noticias\/dolar-dispara-temor-fiscal-fala-de-lula\/#article\",\"isPartOf\":{\"@id\":\"https:\/\/www.suno.com.br\/noticias\/dolar-dispara-temor-fiscal-fala-de-lula\/\"},\"author\":{\"name\":\"Reda\u00e7\u00e3o Suno Not\u00edcias\",\"@id\":\"https:\/\/www.suno.com.br\/noticias\/#\/schema\/person\/c1b1bd3727fa852bd045e9dbff3673ea\"},\"headline\":\"D\u00f3lar dispara e fecha perto de R$ 5,40 com temor fiscal ap\u00f3s fala de Lula\",\"datePublished\":\"2022-11-10T23:05:32+00:00\",\"mainEntityOfPage\":{\"@id\":\"https:\/\/www.suno.com.br\/noticias\/dolar-dispara-temor-fiscal-fala-de-lula\/\"},\"wordCount\":936,\"publisher\":{\"@id\":\"https:\/\/www.suno.com.br\/noticias\/#organization\"},\"image\":{\"@id\":\"https:\/\/www.suno.com.br\/noticias\/dolar-dispara-temor-fiscal-fala-de-lula\/#primaryimage\"},\"thumbnailUrl\":\"https:\/\/files.sunoresearch.com.br\/n\/uploads\/2022\/08\/dolar-unsplash.jpeg\",\"keywords\":[\"d\u00f3lar\"],\"articleSection\":[\"Mercado Financeiro\"],\"inLanguage\":\"pt-BR\"},{\"@type\":\"WebPage\",\"@id\":\"https:\/\/www.suno.com.br\/noticias\/dolar-dispara-temor-fiscal-fala-de-lula\/\",\"url\":\"https:\/\/www.suno.com.br\/noticias\/dolar-dispara-temor-fiscal-fala-de-lula\/\",\"name\":\"D\u00f3lar dispara e fecha perto de R$ 5,40 com temor fiscal ap\u00f3s fala de Lula\",\"isPartOf\":{\"@id\":\"https:\/\/www.suno.com.br\/noticias\/#website\"},\"primaryImageOfPage\":{\"@id\":\"https:\/\/www.suno.com.br\/noticias\/dolar-dispara-temor-fiscal-fala-de-lula\/#primaryimage\"},\"image\":{\"@id\":\"https:\/\/www.suno.com.br\/noticias\/dolar-dispara-temor-fiscal-fala-de-lula\/#primaryimage\"},\"thumbnailUrl\":\"https:\/\/files.sunoresearch.com.br\/n\/uploads\/2022\/08\/dolar-unsplash.jpeg\",\"datePublished\":\"2022-11-10T23:05:32+00:00\",\"description\":\"O d\u00f3lar disparou no mercado dom\u00e9stico de c\u00e2mbio na sess\u00e3o desta quinta-feira, 10, e fechou no maior n\u00edvel desde julho. Saiba mais\",\"breadcrumb\":{\"@id\":\"https:\/\/www.suno.com.br\/noticias\/dolar-dispara-temor-fiscal-fala-de-lula\/#breadcrumb\"},\"inLanguage\":\"pt-BR\",\"potentialAction\":[{\"@type\":\"ReadAction\",\"target\":[\"https:\/\/www.suno.com.br\/noticias\/dolar-dispara-temor-fiscal-fala-de-lula\/\"]}]},{\"@type\":\"ImageObject\",\"inLanguage\":\"pt-BR\",\"@id\":\"https:\/\/www.suno.com.br\/noticias\/dolar-dispara-temor-fiscal-fala-de-lula\/#primaryimage\",\"url\":\"https:\/\/files.sunoresearch.com.br\/n\/uploads\/2022\/08\/dolar-unsplash.jpeg\",\"contentUrl\":\"https:\/\/files.sunoresearch.com.br\/n\/uploads\/2022\/08\/dolar-unsplash.jpeg\",\"width\":1200,\"height\":800,\"caption\":\"D\u00f3lar em queda: Cota\u00e7\u00e3o fica abaixo de R$ 5,35 com foco no Fed e cen\u00e1rio internacional. Foto: Unsplash.\"},{\"@type\":\"BreadcrumbList\",\"@id\":\"https:\/\/www.suno.com.br\/noticias\/dolar-dispara-temor-fiscal-fala-de-lula\/#breadcrumb\",\"itemListElement\":[{\"@type\":\"ListItem\",\"position\":1,\"name\":\"Not\u00edcias\",\"item\":\"https:\/\/www.suno.com.br\/noticias\/\"},{\"@type\":\"ListItem\",\"position\":2,\"name\":\"Mercado Financeiro\",\"item\":\"https:\/\/www.suno.com.br\/noticias\/uncategorized\/\"},{\"@type\":\"ListItem\",\"position\":3,\"name\":\"D\u00f3lar dispara e fecha perto de R$ 5,40 com temor fiscal ap\u00f3s fala de Lula\"}]},{\"@type\":\"WebSite\",\"@id\":\"https:\/\/www.suno.com.br\/noticias\/#website\",\"url\":\"https:\/\/www.suno.com.br\/noticias\/\",\"name\":\"Suno Not\u00edcias\",\"description\":\"Seu portal de informa\u00e7\u00e3o sobre o mundo dos investimentos\",\"publisher\":{\"@id\":\"https:\/\/www.suno.com.br\/noticias\/#organization\"},\"potentialAction\":[{\"@type\":\"SearchAction\",\"target\":{\"@type\":\"EntryPoint\",\"urlTemplate\":\"https:\/\/www.suno.com.br\/noticias\/?s={search_term_string}\"},\"query-input\":{\"@type\":\"PropertyValueSpecification\",\"valueRequired\":true,\"valueName\":\"search_term_string\"}}],\"inLanguage\":\"pt-BR\"},{\"@type\":\"Organization\",\"@id\":\"https:\/\/www.suno.com.br\/noticias\/#organization\",\"name\":\"Suno Not\u00edcias\",\"url\":\"https:\/\/www.suno.com.br\/noticias\/\",\"logo\":{\"@type\":\"ImageObject\",\"inLanguage\":\"pt-BR\",\"@id\":\"https:\/\/www.suno.com.br\/noticias\/#\/schema\/logo\/image\/\",\"url\":\"https:\/\/files.sunoresearch.com.br\/n\/uploads\/2021\/09\/suno-logo.png\",\"contentUrl\":\"https:\/\/files.sunoresearch.com.br\/n\/uploads\/2021\/09\/suno-logo.png\",\"width\":180,\"height\":180,\"caption\":\"Suno Not\u00edcias\"},\"image\":{\"@id\":\"https:\/\/www.suno.com.br\/noticias\/#\/schema\/logo\/image\/\"},\"sameAs\":[\"https:\/\/facebook.com\/sunoresearch\",\"https:\/\/x.com\/sunoresearch\",\"https:\/\/www.instagram.com\/suno\",\"https:\/\/www.linkedin.com\/company\/suno-research\/\",\"https:\/\/www.youtube.com\/c\/sunoresearch\"]},{\"@type\":\"Person\",\"@id\":\"https:\/\/www.suno.com.br\/noticias\/#\/schema\/person\/c1b1bd3727fa852bd045e9dbff3673ea\",\"name\":\"Reda\u00e7\u00e3o Suno Not\u00edcias\",\"image\":{\"@type\":\"ImageObject\",\"inLanguage\":\"pt-BR\",\"@id\":\"https:\/\/www.suno.com.br\/noticias\/#\/schema\/person\/image\/\",\"url\":\"https:\/\/secure.gravatar.com\/avatar\/b8104b9b5a71985d5238ee59fbe418af?s=96&r=g\",\"contentUrl\":\"https:\/\/secure.gravatar.com\/avatar\/b8104b9b5a71985d5238ee59fbe418af?s=96&r=g\",\"caption\":\"Reda\u00e7\u00e3o Suno Not\u00edcias\"},\"description\":\"O Suno Not\u00edcias \u00e9 um portal de informa\u00e7\u00f5es sobre Mercado Financeiro, Pol\u00edtica, Neg\u00f3cios, Economia e Finan\u00e7as Pessoais.\",\"sameAs\":[\"https:\/\/www.suno.com.br\/noticias\",\"https:\/\/www.facebook.com\/sunonoticias\/\",\"https:\/\/www.instagram.com\/sunonoticias\/\",\"https:\/\/x.com\/https:\/\/twitter.com\/sunoresearch\",\"https:\/\/www.youtube.com\/sunonoticias\"],\"url\":\"https:\/\/www.suno.com.br\/noticias\/author\/redacao-suno\/\"}]}<\/script>\n<!-- \/ Yoast SEO plugin. -->","yoast_head_json":{"title":"D\u00f3lar dispara e fecha perto de R$ 5,40 com temor fiscal ap\u00f3s fala de Lula","description":"O d\u00f3lar disparou no mercado dom\u00e9stico de c\u00e2mbio na sess\u00e3o desta quinta-feira, 10, e fechou no maior n\u00edvel desde julho. Saiba mais","robots":{"index":"index","follow":"follow","max-snippet":"max-snippet:-1","max-image-preview":"max-image-preview:large","max-video-preview":"max-video-preview:-1"},"canonical":"https:\/\/www.suno.com.br\/noticias\/dolar-dispara-temor-fiscal-fala-de-lula\/","og_locale":"pt_BR","og_type":"article","og_title":"D\u00f3lar dispara e fecha perto de R$ 5,40 com temor fiscal ap\u00f3s fala de Lula","og_description":"O d\u00f3lar disparou no mercado dom\u00e9stico de c\u00e2mbio na sess\u00e3o desta quinta-feira, 10, e fechou no maior n\u00edvel desde julho. Saiba mais","og_url":"https:\/\/www.suno.com.br\/noticias\/dolar-dispara-temor-fiscal-fala-de-lula\/","og_site_name":"Suno Not\u00edcias","article_publisher":"https:\/\/facebook.com\/sunoresearch","article_author":"https:\/\/www.facebook.com\/sunonoticias\/","og_image":[{"width":1200,"height":800,"url":"https:\/\/files.sunoresearch.com.br\/n\/uploads\/2022\/08\/dolar-unsplash.jpeg","type":"image\/jpeg"}],"author":"Reda\u00e7\u00e3o Suno Not\u00edcias","twitter_card":"summary_large_image","twitter_creator":"@https:\/\/twitter.com\/sunoresearch","twitter_site":"@sunoresearch","twitter_misc":{"Escrito por":"Reda\u00e7\u00e3o Suno Not\u00edcias","Est. tempo de leitura":"5 minutos"},"schema":{"@context":"https:\/\/schema.org","@graph":[{"@type":"NewsArticle","@id":"https:\/\/www.suno.com.br\/noticias\/dolar-dispara-temor-fiscal-fala-de-lula\/#article","isPartOf":{"@id":"https:\/\/www.suno.com.br\/noticias\/dolar-dispara-temor-fiscal-fala-de-lula\/"},"author":{"name":"Reda\u00e7\u00e3o Suno Not\u00edcias","@id":"https:\/\/www.suno.com.br\/noticias\/#\/schema\/person\/c1b1bd3727fa852bd045e9dbff3673ea"},"headline":"D\u00f3lar dispara e fecha perto de R$ 5,40 com temor fiscal ap\u00f3s fala de Lula","datePublished":"2022-11-10T23:05:32+00:00","mainEntityOfPage":{"@id":"https:\/\/www.suno.com.br\/noticias\/dolar-dispara-temor-fiscal-fala-de-lula\/"},"wordCount":936,"publisher":{"@id":"https:\/\/www.suno.com.br\/noticias\/#organization"},"image":{"@id":"https:\/\/www.suno.com.br\/noticias\/dolar-dispara-temor-fiscal-fala-de-lula\/#primaryimage"},"thumbnailUrl":"https:\/\/files.sunoresearch.com.br\/n\/uploads\/2022\/08\/dolar-unsplash.jpeg","keywords":["d\u00f3lar"],"articleSection":["Mercado Financeiro"],"inLanguage":"pt-BR"},{"@type":"WebPage","@id":"https:\/\/www.suno.com.br\/noticias\/dolar-dispara-temor-fiscal-fala-de-lula\/","url":"https:\/\/www.suno.com.br\/noticias\/dolar-dispara-temor-fiscal-fala-de-lula\/","name":"D\u00f3lar dispara e fecha perto de R$ 5,40 com temor fiscal ap\u00f3s fala de Lula","isPartOf":{"@id":"https:\/\/www.suno.com.br\/noticias\/#website"},"primaryImageOfPage":{"@id":"https:\/\/www.suno.com.br\/noticias\/dolar-dispara-temor-fiscal-fala-de-lula\/#primaryimage"},"image":{"@id":"https:\/\/www.suno.com.br\/noticias\/dolar-dispara-temor-fiscal-fala-de-lula\/#primaryimage"},"thumbnailUrl":"https:\/\/files.sunoresearch.com.br\/n\/uploads\/2022\/08\/dolar-unsplash.jpeg","datePublished":"2022-11-10T23:05:32+00:00","description":"O d\u00f3lar disparou no mercado dom\u00e9stico de c\u00e2mbio na sess\u00e3o desta quinta-feira, 10, e fechou no maior n\u00edvel desde julho. Saiba mais","breadcrumb":{"@id":"https:\/\/www.suno.com.br\/noticias\/dolar-dispara-temor-fiscal-fala-de-lula\/#breadcrumb"},"inLanguage":"pt-BR","potentialAction":[{"@type":"ReadAction","target":["https:\/\/www.suno.com.br\/noticias\/dolar-dispara-temor-fiscal-fala-de-lula\/"]}]},{"@type":"ImageObject","inLanguage":"pt-BR","@id":"https:\/\/www.suno.com.br\/noticias\/dolar-dispara-temor-fiscal-fala-de-lula\/#primaryimage","url":"https:\/\/files.sunoresearch.com.br\/n\/uploads\/2022\/08\/dolar-unsplash.jpeg","contentUrl":"https:\/\/files.sunoresearch.com.br\/n\/uploads\/2022\/08\/dolar-unsplash.jpeg","width":1200,"height":800,"caption":"D\u00f3lar em queda: Cota\u00e7\u00e3o fica abaixo de R$ 5,35 com foco no Fed e cen\u00e1rio internacional. Foto: Unsplash."},{"@type":"BreadcrumbList","@id":"https:\/\/www.suno.com.br\/noticias\/dolar-dispara-temor-fiscal-fala-de-lula\/#breadcrumb","itemListElement":[{"@type":"ListItem","position":1,"name":"Not\u00edcias","item":"https:\/\/www.suno.com.br\/noticias\/"},{"@type":"ListItem","position":2,"name":"Mercado Financeiro","item":"https:\/\/www.suno.com.br\/noticias\/uncategorized\/"},{"@type":"ListItem","position":3,"name":"D\u00f3lar dispara e fecha perto de R$ 5,40 com temor fiscal ap\u00f3s fala de Lula"}]},{"@type":"WebSite","@id":"https:\/\/www.suno.com.br\/noticias\/#website","url":"https:\/\/www.suno.com.br\/noticias\/","name":"Suno Not\u00edcias","description":"Seu portal de informa\u00e7\u00e3o sobre o mundo dos investimentos","publisher":{"@id":"https:\/\/www.suno.com.br\/noticias\/#organization"},"potentialAction":[{"@type":"SearchAction","target":{"@type":"EntryPoint","urlTemplate":"https:\/\/www.suno.com.br\/noticias\/?s={search_term_string}"},"query-input":{"@type":"PropertyValueSpecification","valueRequired":true,"valueName":"search_term_string"}}],"inLanguage":"pt-BR"},{"@type":"Organization","@id":"https:\/\/www.suno.com.br\/noticias\/#organization","name":"Suno Not\u00edcias","url":"https:\/\/www.suno.com.br\/noticias\/","logo":{"@type":"ImageObject","inLanguage":"pt-BR","@id":"https:\/\/www.suno.com.br\/noticias\/#\/schema\/logo\/image\/","url":"https:\/\/files.sunoresearch.com.br\/n\/uploads\/2021\/09\/suno-logo.png","contentUrl":"https:\/\/files.sunoresearch.com.br\/n\/uploads\/2021\/09\/suno-logo.png","width":180,"height":180,"caption":"Suno Not\u00edcias"},"image":{"@id":"https:\/\/www.suno.com.br\/noticias\/#\/schema\/logo\/image\/"},"sameAs":["https:\/\/facebook.com\/sunoresearch","https:\/\/x.com\/sunoresearch","https:\/\/www.instagram.com\/suno","https:\/\/www.linkedin.com\/company\/suno-research\/","https:\/\/www.youtube.com\/c\/sunoresearch"]},{"@type":"Person","@id":"https:\/\/www.suno.com.br\/noticias\/#\/schema\/person\/c1b1bd3727fa852bd045e9dbff3673ea","name":"Reda\u00e7\u00e3o Suno Not\u00edcias","image":{"@type":"ImageObject","inLanguage":"pt-BR","@id":"https:\/\/www.suno.com.br\/noticias\/#\/schema\/person\/image\/","url":"https:\/\/secure.gravatar.com\/avatar\/b8104b9b5a71985d5238ee59fbe418af?s=96&r=g","contentUrl":"https:\/\/secure.gravatar.com\/avatar\/b8104b9b5a71985d5238ee59fbe418af?s=96&r=g","caption":"Reda\u00e7\u00e3o Suno Not\u00edcias"},"description":"O Suno Not\u00edcias \u00e9 um portal de informa\u00e7\u00f5es sobre Mercado Financeiro, Pol\u00edtica, Neg\u00f3cios, Economia e Finan\u00e7as Pessoais.","sameAs":["https:\/\/www.suno.com.br\/noticias","https:\/\/www.facebook.com\/sunonoticias\/","https:\/\/www.instagram.com\/sunonoticias\/","https:\/\/x.com\/https:\/\/twitter.com\/sunoresearch","https:\/\/www.youtube.com\/sunonoticias"],"url":"https:\/\/www.suno.com.br\/noticias\/author\/redacao-suno\/"}]}},"default_loop_html":"<div class=\"cardsPage__listCard__boxs\"><div class=\"cardsPage__listCard__boxs__img\"><a href=\"https:\/\/www.suno.com.br\/noticias\/dolar-dispara-temor-fiscal-fala-de-lula\/\"><img class=\"mask\" src=\"https:\/\/www.suno.com.br\/noticias\/wp-content\/themes\/suno\/resources\/images\/spotlight\/spotlight1img\/bg-mask.png\" alt=\"Image Mask\"\/><img src=\"https:\/\/files.sunoresearch.com.br\/n\/uploads\/2022\/08\/dolar-unsplash-400x200.jpeg\" alt=\"D\u00f3lar dispara e fecha perto de R$ 5,40 com temor fiscal ap\u00f3s fala de Lula\"\/><\/a><span class=\"spotlightCategory\"><a href=\"https:\/\/www.suno.com.br\/noticias\/uncategorized\/\">Mercado Financeiro<\/a><\/span><\/div><div class=\"cardsPage__listCard__boxs__content\"><a href=\"https:\/\/www.suno.com.br\/noticias\/dolar-dispara-temor-fiscal-fala-de-lula\/\"><h2 class=\"content__title\">D\u00f3lar dispara e fecha perto de R$ 5,40 com temor fiscal ap\u00f3s fala de Lula<\/h2><\/a><div class=\"newsContent__article__meta\"><div class=\"newsContent__article__meta__authorBox\"><a href=\"https:\/\/www.suno.com.br\/noticias\/author\/redacao-suno\/\" class=\"authorBox__avatar noMobi\"><img src=\"https:\/\/files.sunoresearch.com.br\/n\/uploads\/2020\/08\/0ace682d-redacao-1-150x150.webp\" alt=\"Reda\u00e7\u00e3o Suno Not\u00edcias\"><\/a><div class=\"authorBox__name\"><span>por\n\t\t\t<a href=\"https:\/\/www.suno.com.br\/noticias\/author\/redacao-suno\/\"><span itemprop=\"author\">Reda\u00e7\u00e3o Suno Not\u00edcias<\/span><\/a><\/span><time datetime=\"2022-11-10T20:05:32-03:00\" itemprop=\"datePublished\">10\/11\/2022 20:05<\/time><\/div><\/div><\/div><\/div><\/div>","single_layout":"posts","amp_enabled":true,"_links":{"self":[{"href":"https:\/\/www.suno.com.br\/noticias\/wp-json\/wp\/v2\/posts\/317826"}],"collection":[{"href":"https:\/\/www.suno.com.br\/noticias\/wp-json\/wp\/v2\/posts"}],"about":[{"href":"https:\/\/www.suno.com.br\/noticias\/wp-json\/wp\/v2\/types\/post"}],"author":[{"embeddable":true,"href":"https:\/\/www.suno.com.br\/noticias\/wp-json\/wp\/v2\/users\/43"}],"replies":[{"embeddable":true,"href":"https:\/\/www.suno.com.br\/noticias\/wp-json\/wp\/v2\/comments?post=317826"}],"version-history":[{"count":2,"href":"https:\/\/www.suno.com.br\/noticias\/wp-json\/wp\/v2\/posts\/317826\/revisions"}],"predecessor-version":[{"id":317853,"href":"https:\/\/www.suno.com.br\/noticias\/wp-json\/wp\/v2\/posts\/317826\/revisions\/317853"}],"wp:featuredmedia":[{"embeddable":true,"href":"https:\/\/www.suno.com.br\/noticias\/wp-json\/wp\/v2\/media\/287575"}],"wp:attachment":[{"href":"https:\/\/www.suno.com.br\/noticias\/wp-json\/wp\/v2\/media?parent=317826"}],"wp:term":[{"taxonomy":"category","embeddable":true,"href":"https:\/\/www.suno.com.br\/noticias\/wp-json\/wp\/v2\/categories?post=317826"},{"taxonomy":"post_tag","embeddable":true,"href":"https:\/\/www.suno.com.br\/noticias\/wp-json\/wp\/v2\/tags?post=317826"},{"taxonomy":"suno_strategy","embeddable":true,"href":"https:\/\/www.suno.com.br\/noticias\/wp-json\/wp\/v2\/suno_strategy?post=317826"}],"curies":[{"name":"wp","href":"https:\/\/api.w.org\/{rel}","templated":true}]}}