{"id":317787,"date":"2022-11-10T18:19:53","date_gmt":"2022-11-10T21:19:53","guid":{"rendered":"https:\/\/www.suno.com.br\/noticias\/?p=317787"},"modified":"2022-11-10T18:31:56","modified_gmt":"2022-11-10T21:31:56","slug":"alckmin-equipe-de-transicao-lula-nomes","status":"publish","type":"post","link":"https:\/\/www.suno.com.br\/noticias\/alckmin-equipe-de-transicao-lula-nomes\/","title":{"rendered":"Alckmin anuncia Mantega para a equipe de transi\u00e7\u00e3o de Lula; confira outros nomes"},"content":{"rendered":"<p>O vice-presidente eleito e coordenador da transi\u00e7\u00e3o para o governo <strong>Lula<\/strong>, Geraldo Alckmin (PSB), confirmou que o ex-ministro <strong>Guido Mantega<\/strong> vai integrar a equipe de transi\u00e7\u00e3o do presidente eleito, Luiz In\u00e1cio Lula da Silva. O an\u00fancio foi feito nesta quinta-feira (10), no Centro Cultural Banco do Brasil (CCBB).<\/p>\t<div class=\"wrapper-featured-image\">\n\t\t<figure class=\"spotlightImg\">\n\n\t\t\t<picture>\n\t\t\t\t<source media=\"(max-width: 768px)\" srcset=\"https:\/\/files.sunoresearch.com.br\/n\/uploads\/2022\/11\/Lula-400x200.jpg\">\n\t\t\t\t<img loading=\"lazy\" decoding=\"async\" class=\"newsContent__article__imgCapa lazyloadDisabled \" src=\"https:\/\/files.sunoresearch.com.br\/n\/uploads\/2022\/11\/Lula-800x450.jpg\" width=\"800\" height=\"450\" alt=\"Alckmin anuncia Mantega para a equipe de transi\u00e7\u00e3o de Lula; confira outros nomes\" fetchpriority=high \/>\n\t\t\t<\/picture>\n\n\t\t\t<figcaption class=\"wp-caption-text wp-caption-text--show\">Lula: equipe de transi\u00e7\u00e3o confirma Mantega em grupos t\u00e9cnicos. Foto: Marcelo Camargo\/Ag\u00eancia Brasil<\/figcaption>\n\t\t<\/figure>\n\t<\/div>\n\n\n\t<p>\n\t\t<a href=\"https:\/\/lp.suno.com.br\/planilha-controle-gastos\/\" target=\"_blank\" data-element=\"shortcode-suno-banner\" title=\"Banner SUNO, clique e saiba mais\">\n\t\t\t<picture>\n\t\t\t\t<source media=\"(max-width: 500px)\" srcset=\"https:\/\/files.sunoresearch.com.br\/n\/uploads\/2023\/03\/400x300-Planilha-controle-de-gastos.png\">\n\t\t\t\t<img class=\"newsContent__article__imgCapa newsContent__article__imgCapa--banner\"\n\t\t\t\t\tsrc=\"https:\/\/files.sunoresearch.com.br\/n\/uploads\/2023\/03\/1420x240-Planilha-controle-de-gastos.png\"\n\t\t\t\t\tdata-promo-id=\"311945\"\t\t\t\t\t\t\t\t\t\twidth='1420' height='240'\t\t\t\t\talt=\"https:\/\/files.sunoresearch.com.br\/n\/uploads\/2023\/03\/1420x240-Planilha-controle-de-gastos.png\"\n\t\t\t\t>\n\t\t\t<\/picture>\n\t\t<\/a>\n\t<\/p>\n\n\n<p>Al\u00e9m de Mantega, que atuar\u00e1 na \u00e1rea de <strong>Planejamento, Or\u00e7amento e Gest\u00e3o<\/strong>, Alckmin tamb\u00e9m anunciou os nomes para os seis novos <strong>grupos t\u00e9cnicos da transi\u00e7\u00e3o<\/strong>, como o tamb\u00e9m ex-ministro Paulo Bernardo e a deputada estadual Maria do Ros\u00e1rio.<\/p>\n<p>\u00c9 prevista para que a<strong> equipe de transi\u00e7\u00e3o do novo governo<\/strong> de Luiz In\u00e1cio Lula da Silva tenha mais de 100 integrantes, entre eles colaboradores, volunt\u00e1rios e t\u00e9cnicos. Outros 50 membros devem ser oficializados no Di\u00e1rio Oficial da Uni\u00e3o (DOU).<\/p>\n<p>Confira todos os nomes:<\/p>\n<p><strong>Comunica\u00e7\u00f5es<\/strong><\/p>\n<p>Paulo Bernardo, ex-ministro<\/p>\n<p>Jorge Bittar, ex-deputado federal<\/p>\n<p>Cesar Alvarez, ex-secret\u00e1rio do Minist\u00e9rio de Comunica\u00e7\u00f5es<\/p>\n<p>Alessandra Orofino, especialista em economia e direitos humanos formada na Universidade de Columbia<\/p>\n<p><strong>Direitos Humanos<\/strong><\/p>\n<p>Maria do Ros\u00e1rio, deputada federal<\/p>\n<p>Silvio Almeida, advogado<\/p>\n<p>Luiz Alberto Neuquetti<\/p>\n<p>Jana\u00edna Barbosa de Oliveira, representante do movimento LGBTQIA+<\/p>\n<p>Rubens Linhares Mendon\u00e7a Lopes, do setorial do PT para pessoas com defici\u00eancia<\/p>\n<p>Em\u00eddio de Souza, deputado estadual (SP)<\/p>\n\t<p>\n\t\t<a href=\"https:\/\/lp.suno.com.br\/ebook-como-analisar-uma-acao\/\" target=\"_blank\" data-element=\"shortcode-suno-banner\" title=\"Banner SUNO, clique e saiba mais\">\n\t\t\t<picture>\n\t\t\t\t<source media=\"(max-width: 500px)\" srcset=\"https:\/\/files.sunoresearch.com.br\/n\/uploads\/2023\/03\/Ebook-Acoes-Mobile.jpg\">\n\t\t\t\t<img class=\"newsContent__article__imgCapa newsContent__article__imgCapa--banner\"\n\t\t\t\t\tsrc=\"https:\/\/files.sunoresearch.com.br\/n\/uploads\/2023\/03\/Ebook-Acoes-Desktop.jpg\"\n\t\t\t\t\tdata-promo-id=\"311946\"\t\t\t\t\t\t\t\t\t\twidth='1420' height='286'\t\t\t\t\talt=\"https:\/\/files.sunoresearch.com.br\/n\/uploads\/2023\/03\/Ebook-Acoes-Desktop.jpg\"\n\t\t\t\t>\n\t\t\t<\/picture>\n\t\t<\/a>\n\t<\/p>\n\n\n<p><strong>Igualdade Racial<\/strong><\/p>\n<p>Nilma Lino Gomes, ex-ministra de Igualdade Racial<\/p>\n<p>Giv\u00e2nia Maria Silva, quilombola e doutora em sociologia<\/p>\n<p>Douglas Belchior<\/p>\n<p>Thiago Tobias, do Coaliz\u00e3o Negra<\/p>\n<p>Ieda Leal<\/p>\n<p>Martius das Chagas, secret\u00e1rio do Planejamento de Juiz de Fora<\/p>\n<p>Preta Ferreira, movimento negro e movimento de moradia<\/p>\n<p><strong>Planejamento, Or\u00e7amento e Gest\u00e3o<\/strong><\/p>\n<p>Guido Mantega, ex-ministro da Fazenda<\/p>\n<p>Enio Verri, deputado federal (PT-PR)<\/p>\n<p>Esther Duek, economista e professora da UFRJ<\/p>\n<p>Antonio Correa de Lacerda, presidente do Conselho Federal de Economia<\/p>\n<p><strong>Ind\u00fastria, Com\u00e9rcio, Servi\u00e7os e Pequenas Empresas<\/strong><\/p>\n<p>Germano Rigotto, ex-governador do Rio Grande do Sul<\/p>\n<p>Jackson Schneider, executivo da Embraer e ex-presidente da Anfavea<\/p>\n<p>Rafael Lucchesi, diretor-geral do Senai Nacional<\/p>\n<p>Marcelo Ramos, deputado federal (AM)<\/p>\n<p>Tatiana Concei\u00e7\u00e3o Valente, especialista em economia solid\u00e1ria;<\/p>\n<p>Paulo Okamoto, ex-presidente do Sebrae e do Instituto Lula<\/p>\n<p>Paulo Feldmann, professor da USP<\/p>\n<p>Andr\u00e9 Ceciliano, presidente da Assembleia Legislativa do Rio (Alesp)<\/p>\n<p><strong>Mulheres<\/strong><\/p>\n<p>Anielle Franco, diretora do Instituto Marielle Franco<\/p>\n<p>Roseli Faria, economista<\/p>\n<p>Roberta Eug\u00eanio, mestre em direito, pesquisadora do Instituto Alziras e ex-assessora de Marielle Franco<\/p>\n<p>Maria Helena Guarezi, ex-diretora de Itaipu e amiga pessoal de Janja<\/p>\n<p>Eleonora Menicucci, ex-ministra da Secretaria de Pol\u00edtica para Mulheres<\/p>\n<p>Aparecida Gon\u00e7alves, ex-secret\u00e1ria Nacional da Viol\u00eancia contra a Mulher<\/p>\n<p>O an\u00fancio de Mantega, al\u00e9m de declara\u00e7\u00f5es sobre aumentos de gastos p\u00fablicos para bancar pol\u00edticas sociais e promessas de campanha, deixaram o mercado nervoso nesta quinta. O Ibovespa caiu 3,3% e o d\u00f3lar subiu 4,4%, a R$ 5,3966, em meio \u00e0 inquieta\u00e7\u00e3o. Lula comentou em tweet:<\/p>\n<blockquote class=\"twitter-tweet\" data-width=\"550\" data-dnt=\"true\">\n<p lang=\"pt\" dir=\"ltr\">Podem ficar tranquilos. <\/p>\n<p>\ud83c\udfa5: <a href=\"https:\/\/twitter.com\/ricardostuckert?ref_src=twsrc%5Etfw\">@ricardostuckert<\/a> <a href=\"https:\/\/t.co\/fWQdtXitDM\">pic.twitter.com\/fWQdtXitDM<\/a><\/p>\n<p>&mdash; Lula (@LulaOficial) <a href=\"https:\/\/twitter.com\/LulaOficial\/status\/1590809906910986240?ref_src=twsrc%5Etfw\">November 10, 2022<\/a><\/p><\/blockquote>\n<p>&nbsp;<\/p>\n<h2>Lula se encontra com parlamentares e diz que vai dialogar<\/h2>\n<p>O presidente eleito Luiz In\u00e1cio Lula da Silva se reuniu hoje (10) com parlamentares das bancadas aliadas e disse que quer manter di\u00e1logo aberto com o Congresso Nacional e com todos os partidos pol\u00edticos. Lula esteve pela primeira vez no Centro Cultural do Banco do Brasil (CCBB), em Bras\u00edlia, onde funciona o<strong> gabinete de transi\u00e7\u00e3o.<\/strong><\/p>\n<p>\u201cCada deputado pode ficar certo que vamos conversar com o Congresso Nacional. O Congresso tem todos os defeitos que cada um de n\u00f3s t\u00eam, mas esse pa\u00eds era muito pior quando tinha o Congresso fechado\u201d, disse, em refer\u00eancia ao per\u00edodo da ditadura militar. \u201c\u00c9 melhor um debate nervoso das diverg\u00eancias nossas, do que o sil\u00eancio profundo do medo da baioneta que esse pa\u00eds j\u00e1 enfrentou\u201d, completou.<\/p>\n<p>Lula refor\u00e7ou, novamente, que a defini\u00e7\u00e3o dos nomes que coordenar\u00e3o a transi\u00e7\u00e3o n\u00e3o significa a ocupa\u00e7\u00e3o de cargos ou de minist\u00e9rios no pr\u00f3ximo governo e pediu a colabora\u00e7\u00e3o de todos no envio de propostas e ideias. \u201cSe algu\u00e9m quiser contribuir, mandar proposta, por favor, n\u00e3o se sintam exclu\u00eddos porque n\u00e3o est\u00e3o na lista de pessoas que est\u00e3o participando da transi\u00e7\u00e3o\u201d, disse aos parlamentares. \u201cCada partido tem um papel importante, estamos come\u00e7ando um processo\u201d, completou.<\/p>\n<p>Ontem (9), Lula teve encontros com os presidentes da C\u00e2mara dos Deputados, Arthur Lira (Progressistas-AL), e do Senado, Rodrigo Pacheco (PSD-MG), al\u00e9m dos ministros do Supremo Tribunal Federal e do presidente do Tribunal Superior Eleitoral (TSE), Alexandre de Moraes. \u201cEstamos aqui para provar que queremos estabelecer um di\u00e1logo entre os partidos pol\u00edticos\u201d, disse, destacando que tamb\u00e9m manter\u00e1 a porta aberta para entidades e movimentos sociais.<\/p>\n<p>O presidente eleito afirmou ainda que quer garantir estabilidade, credibilidade e previsibilidade ao Estado brasileiro e que o Brasil voltar\u00e1 a ser protagonista na geopol\u00edtica mundial. Na segunda-feira (14), Lula viaja ao Egito, onde participa da Confer\u00eancia da Organiza\u00e7\u00e3o das Na\u00e7\u00f5es Unidas sobre Mudan\u00e7as Clim\u00e1ticas (COP27), e j\u00e1 tem conversar bilaterais agendadas.<\/p>\n<h2>Fim da fome<\/h2>\n<p>Lula se emocionou ao falar sobre o retorno da fome do Brasil e reafirmou que essa pauta ser\u00e1 prioridade no seu governo. \u201cSe quando eu terminar esse mandato cada brasileiro estiver tomando caf\u00e9, almo\u00e7ando e jantando outra vez, eu terei cumprido a miss\u00e3o da minha vida\u201d, disse. \u201cO fato \u00e9 que jamais esperava que a fome voltasse nesse pa\u00eds. Quando deixei a Presid\u00eancia da Rep\u00fablica imaginava que nos 10 anos seguintes esse pa\u00eds estaria igual a Fran\u00e7a, Inglaterra, teria evolu\u00eddo do ponto de vista das conquistas sociais\u201d, completou.<\/p>\n<p>Para o presidente eleito, o Brasil, como terceiro maior produtor de alimentos do mundo e maior produtor de prote\u00edna animal, pode garantir comida na mesa dos brasileiros. \u201cFalta compromisso dos governantes com isso que \u00e9 essencial. Por que as mesmas pessoas que discutem com seriedade o teto de gasto, n\u00e3o discutem a quest\u00e3o social desse pa\u00eds?\u201d, questionou, afirmando que tamb\u00e9m\u00a0ter\u00e1 uma <a class=\"suno-keyword\" href=\"https:\/\/www.suno.com.br\/artigos\/politica-fiscal\/\" target=\"_blank\" rel=\"noopener\" data-force=\"no\" data-priority=\"1\">pol\u00edtica fiscal<\/a> respons\u00e1vel.<\/p>\n<p>Durante seu discurso, <strong>Lula<\/strong> ainda falou direto aos manifestantes que est\u00e3o nas ruas, \u201cinconformados com o resultado eleitoral\u201d, e pediu que voltem para casa, aceitem a democracia. Segundo ele, o seu governo ser\u00e1 &#8220;para todos&#8221;. \u201cDemocracia \u00e9 isso, um ganha e outro perde, \u00e9 assim em qualquer pol\u00edtica\u201d, disse, lembrando que perdeu tr\u00eas elei\u00e7\u00f5es para presidente antes de ser eleito em 2002.<\/p>\n\t<p>\n\t\t<a href=\"https:\/\/lp.suno.com.br\/ebook-investindo-em-fiis\/\" target=\"_blank\" data-element=\"shortcode-suno-banner\" title=\"Banner SUNO, clique e saiba mais\">\n\t\t\t<picture>\n\t\t\t\t<source media=\"(max-width: 500px)\" srcset=\"https:\/\/files.sunoresearch.com.br\/n\/uploads\/2023\/03\/Ebook-Fundos-Imobiliarios-Mobile-1.jpg\">\n\t\t\t\t<img class=\"newsContent__article__imgCapa newsContent__article__imgCapa--banner\"\n\t\t\t\t\tsrc=\"https:\/\/files.sunoresearch.com.br\/n\/uploads\/2023\/03\/Ebook-Fundos-Imobiliarios-Desktop-1.jpg\"\n\t\t\t\t\tdata-promo-id=\"313843\"\t\t\t\t\t\t\t\t\t\twidth='1420' height='286'\t\t\t\t\talt=\"https:\/\/files.sunoresearch.com.br\/n\/uploads\/2023\/03\/Ebook-Fundos-Imobiliarios-Desktop-1.jpg\"\n\t\t\t\t>\n\t\t\t<\/picture>\n\t\t<\/a>\n\t<\/p>\n\n\n<p><em>Com informa\u00e7\u00f5es da Ag\u00eancia Brasil<\/em><\/p>\n","protected":false},"excerpt":{"rendered":"<p>O vice-presidente eleito e coordenador da transi\u00e7\u00e3o para o governo Lula, Geraldo Alckmin (PSB), confirmou que o ex-ministro Guido Mantega vai integrar a equipe de transi\u00e7\u00e3o do presidente eleito, Luiz In\u00e1cio Lula da Silva. O an\u00fancio foi feito nesta quinta-feira (10), no Centro Cultural Banco do Brasil (CCBB). Lula: equipe de transi\u00e7\u00e3o confirma Mantega em [&hellip;]<\/p>\n","protected":false},"author":227,"featured_media":317804,"comment_status":"closed","ping_status":"closed","sticky":false,"template":"","format":"standard","meta":[],"categories":[61],"tags":[713,709],"suno_strategy":[],"class_list":["post-317787","post","type-post","status-publish","format-standard","has-post-thumbnail","hentry","category-politica","tag-geraldo-alckmin","tag-lula"],"yoast_head":"<!-- This site is optimized with the Yoast SEO plugin v24.4 - https:\/\/yoast.com\/wordpress\/plugins\/seo\/ -->\n<title>Alckmin anuncia Mantega para a equipe de transi\u00e7\u00e3o de Lula<\/title>\n<meta name=\"description\" content=\"O vice-presidente eleito do governo Lula, Geraldo Alckmin (PSB), confirmou que o ex-ministro Guido Mantega vai integrar a equipe de transi\u00e7\u00e3o\" \/>\n<meta name=\"robots\" content=\"index, follow, max-snippet:-1, max-image-preview:large, max-video-preview:-1\" \/>\n<link rel=\"canonical\" href=\"https:\/\/www.suno.com.br\/noticias\/alckmin-equipe-de-transicao-lula-nomes\/\" \/>\n<meta property=\"og:locale\" content=\"pt_BR\" \/>\n<meta property=\"og:type\" content=\"article\" \/>\n<meta property=\"og:title\" content=\"Alckmin anuncia Mantega para a equipe de transi\u00e7\u00e3o de Lula\" \/>\n<meta property=\"og:description\" content=\"O vice-presidente eleito do governo Lula, Geraldo Alckmin (PSB), confirmou que o ex-ministro Guido Mantega vai integrar a equipe de transi\u00e7\u00e3o\" \/>\n<meta property=\"og:url\" content=\"https:\/\/www.suno.com.br\/noticias\/alckmin-equipe-de-transicao-lula-nomes\/\" \/>\n<meta property=\"og:site_name\" content=\"Suno Not\u00edcias\" \/>\n<meta property=\"article:publisher\" content=\"https:\/\/facebook.com\/sunoresearch\" \/>\n<meta property=\"og:image\" content=\"https:\/\/files.sunoresearch.com.br\/n\/uploads\/2022\/11\/Lula.jpg\" \/>\n\t<meta property=\"og:image:width\" content=\"1350\" \/>\n\t<meta property=\"og:image:height\" content=\"808\" \/>\n\t<meta property=\"og:image:type\" content=\"image\/jpeg\" \/>\n<meta name=\"author\" content=\"Vanessa Loiola\" \/>\n<meta name=\"twitter:card\" content=\"summary_large_image\" \/>\n<meta name=\"twitter:creator\" content=\"@sunoresearch\" \/>\n<meta name=\"twitter:site\" content=\"@sunoresearch\" \/>\n<meta name=\"twitter:label1\" content=\"Escrito por\" \/>\n\t<meta name=\"twitter:data1\" content=\"Vanessa Loiola\" \/>\n\t<meta name=\"twitter:label2\" content=\"Est. tempo de leitura\" \/>\n\t<meta name=\"twitter:data2\" content=\"6 minutos\" \/>\n<script type=\"application\/ld+json\" class=\"yoast-schema-graph\">{\"@context\":\"https:\/\/schema.org\",\"@graph\":[{\"@type\":\"NewsArticle\",\"@id\":\"https:\/\/www.suno.com.br\/noticias\/alckmin-equipe-de-transicao-lula-nomes\/#article\",\"isPartOf\":{\"@id\":\"https:\/\/www.suno.com.br\/noticias\/alckmin-equipe-de-transicao-lula-nomes\/\"},\"author\":{\"name\":\"Vanessa Loiola\",\"@id\":\"https:\/\/www.suno.com.br\/noticias\/#\/schema\/person\/450c455ecff319bab1f1a0e643451479\"},\"headline\":\"Alckmin anuncia Mantega para a equipe de transi\u00e7\u00e3o de Lula; confira outros nomes\",\"datePublished\":\"2022-11-10T21:19:53+00:00\",\"dateModified\":\"2022-11-10T21:31:56+00:00\",\"mainEntityOfPage\":{\"@id\":\"https:\/\/www.suno.com.br\/noticias\/alckmin-equipe-de-transicao-lula-nomes\/\"},\"wordCount\":1110,\"publisher\":{\"@id\":\"https:\/\/www.suno.com.br\/noticias\/#organization\"},\"image\":{\"@id\":\"https:\/\/www.suno.com.br\/noticias\/alckmin-equipe-de-transicao-lula-nomes\/#primaryimage\"},\"thumbnailUrl\":\"https:\/\/files.sunoresearch.com.br\/n\/uploads\/2022\/11\/Lula.jpg\",\"keywords\":[\"Geraldo Alckmin\",\"Lula\"],\"articleSection\":[\"Pol\u00edtica\"],\"inLanguage\":\"pt-BR\"},{\"@type\":\"WebPage\",\"@id\":\"https:\/\/www.suno.com.br\/noticias\/alckmin-equipe-de-transicao-lula-nomes\/\",\"url\":\"https:\/\/www.suno.com.br\/noticias\/alckmin-equipe-de-transicao-lula-nomes\/\",\"name\":\"Alckmin anuncia Mantega para a equipe de transi\u00e7\u00e3o de Lula\",\"isPartOf\":{\"@id\":\"https:\/\/www.suno.com.br\/noticias\/#website\"},\"primaryImageOfPage\":{\"@id\":\"https:\/\/www.suno.com.br\/noticias\/alckmin-equipe-de-transicao-lula-nomes\/#primaryimage\"},\"image\":{\"@id\":\"https:\/\/www.suno.com.br\/noticias\/alckmin-equipe-de-transicao-lula-nomes\/#primaryimage\"},\"thumbnailUrl\":\"https:\/\/files.sunoresearch.com.br\/n\/uploads\/2022\/11\/Lula.jpg\",\"datePublished\":\"2022-11-10T21:19:53+00:00\",\"dateModified\":\"2022-11-10T21:31:56+00:00\",\"description\":\"O vice-presidente eleito do governo Lula, Geraldo Alckmin (PSB), confirmou que o ex-ministro Guido Mantega vai integrar a equipe de transi\u00e7\u00e3o\",\"breadcrumb\":{\"@id\":\"https:\/\/www.suno.com.br\/noticias\/alckmin-equipe-de-transicao-lula-nomes\/#breadcrumb\"},\"inLanguage\":\"pt-BR\",\"potentialAction\":[{\"@type\":\"ReadAction\",\"target\":[\"https:\/\/www.suno.com.br\/noticias\/alckmin-equipe-de-transicao-lula-nomes\/\"]}]},{\"@type\":\"ImageObject\",\"inLanguage\":\"pt-BR\",\"@id\":\"https:\/\/www.suno.com.br\/noticias\/alckmin-equipe-de-transicao-lula-nomes\/#primaryimage\",\"url\":\"https:\/\/files.sunoresearch.com.br\/n\/uploads\/2022\/11\/Lula.jpg\",\"contentUrl\":\"https:\/\/files.sunoresearch.com.br\/n\/uploads\/2022\/11\/Lula.jpg\",\"width\":1350,\"height\":808,\"caption\":\"Lula: equipe de transi\u00e7\u00e3o confirma Mantega em grupos t\u00e9cnicos. Foto: Marcelo Camargo\/Ag\u00eancia Brasil\"},{\"@type\":\"BreadcrumbList\",\"@id\":\"https:\/\/www.suno.com.br\/noticias\/alckmin-equipe-de-transicao-lula-nomes\/#breadcrumb\",\"itemListElement\":[{\"@type\":\"ListItem\",\"position\":1,\"name\":\"Not\u00edcias\",\"item\":\"https:\/\/www.suno.com.br\/noticias\/\"},{\"@type\":\"ListItem\",\"position\":2,\"name\":\"Pol\u00edtica\",\"item\":\"https:\/\/www.suno.com.br\/noticias\/politica\/\"},{\"@type\":\"ListItem\",\"position\":3,\"name\":\"Alckmin anuncia Mantega para a equipe de transi\u00e7\u00e3o de Lula; confira outros nomes\"}]},{\"@type\":\"WebSite\",\"@id\":\"https:\/\/www.suno.com.br\/noticias\/#website\",\"url\":\"https:\/\/www.suno.com.br\/noticias\/\",\"name\":\"Suno Not\u00edcias\",\"description\":\"Seu portal de informa\u00e7\u00e3o sobre o mundo dos investimentos\",\"publisher\":{\"@id\":\"https:\/\/www.suno.com.br\/noticias\/#organization\"},\"potentialAction\":[{\"@type\":\"SearchAction\",\"target\":{\"@type\":\"EntryPoint\",\"urlTemplate\":\"https:\/\/www.suno.com.br\/noticias\/?s={search_term_string}\"},\"query-input\":{\"@type\":\"PropertyValueSpecification\",\"valueRequired\":true,\"valueName\":\"search_term_string\"}}],\"inLanguage\":\"pt-BR\"},{\"@type\":\"Organization\",\"@id\":\"https:\/\/www.suno.com.br\/noticias\/#organization\",\"name\":\"Suno Not\u00edcias\",\"url\":\"https:\/\/www.suno.com.br\/noticias\/\",\"logo\":{\"@type\":\"ImageObject\",\"inLanguage\":\"pt-BR\",\"@id\":\"https:\/\/www.suno.com.br\/noticias\/#\/schema\/logo\/image\/\",\"url\":\"https:\/\/files.sunoresearch.com.br\/n\/uploads\/2021\/09\/suno-logo.png\",\"contentUrl\":\"https:\/\/files.sunoresearch.com.br\/n\/uploads\/2021\/09\/suno-logo.png\",\"width\":180,\"height\":180,\"caption\":\"Suno Not\u00edcias\"},\"image\":{\"@id\":\"https:\/\/www.suno.com.br\/noticias\/#\/schema\/logo\/image\/\"},\"sameAs\":[\"https:\/\/facebook.com\/sunoresearch\",\"https:\/\/x.com\/sunoresearch\",\"https:\/\/www.instagram.com\/suno\",\"https:\/\/www.linkedin.com\/company\/suno-research\/\",\"https:\/\/www.youtube.com\/c\/sunoresearch\"]},{\"@type\":\"Person\",\"@id\":\"https:\/\/www.suno.com.br\/noticias\/#\/schema\/person\/450c455ecff319bab1f1a0e643451479\",\"name\":\"Vanessa Loiola\",\"image\":{\"@type\":\"ImageObject\",\"inLanguage\":\"pt-BR\",\"@id\":\"https:\/\/www.suno.com.br\/noticias\/#\/schema\/person\/image\/\",\"url\":\"https:\/\/secure.gravatar.com\/avatar\/8b41117f9780831919eb38da349c3f20?s=96&r=g\",\"contentUrl\":\"https:\/\/secure.gravatar.com\/avatar\/8b41117f9780831919eb38da349c3f20?s=96&r=g\",\"caption\":\"Vanessa Loiola\"},\"description\":\"Jornalista formada pela PUC-SP, com experi\u00eancia na cobertura das editorias de economia, finan\u00e7as, bolsa de valores, pol\u00edtica, energia solar e entretenimento. Com passagem pela BM&amp;C News e RedeTV!\",\"url\":\"https:\/\/www.suno.com.br\/noticias\/author\/vanessal-loiolagmail-com\/\"}]}<\/script>\n<!-- \/ Yoast SEO plugin. -->","yoast_head_json":{"title":"Alckmin anuncia Mantega para a equipe de transi\u00e7\u00e3o de Lula","description":"O vice-presidente eleito do governo Lula, Geraldo Alckmin (PSB), confirmou que o ex-ministro Guido Mantega vai integrar a equipe de transi\u00e7\u00e3o","robots":{"index":"index","follow":"follow","max-snippet":"max-snippet:-1","max-image-preview":"max-image-preview:large","max-video-preview":"max-video-preview:-1"},"canonical":"https:\/\/www.suno.com.br\/noticias\/alckmin-equipe-de-transicao-lula-nomes\/","og_locale":"pt_BR","og_type":"article","og_title":"Alckmin anuncia Mantega para a equipe de transi\u00e7\u00e3o de Lula","og_description":"O vice-presidente eleito do governo Lula, Geraldo Alckmin (PSB), confirmou que o ex-ministro Guido Mantega vai integrar a equipe de transi\u00e7\u00e3o","og_url":"https:\/\/www.suno.com.br\/noticias\/alckmin-equipe-de-transicao-lula-nomes\/","og_site_name":"Suno Not\u00edcias","article_publisher":"https:\/\/facebook.com\/sunoresearch","og_image":[{"width":1350,"height":808,"url":"https:\/\/files.sunoresearch.com.br\/n\/uploads\/2022\/11\/Lula.jpg","type":"image\/jpeg"}],"author":"Vanessa Loiola","twitter_card":"summary_large_image","twitter_creator":"@sunoresearch","twitter_site":"@sunoresearch","twitter_misc":{"Escrito por":"Vanessa Loiola","Est. tempo de leitura":"6 minutos"},"schema":{"@context":"https:\/\/schema.org","@graph":[{"@type":"NewsArticle","@id":"https:\/\/www.suno.com.br\/noticias\/alckmin-equipe-de-transicao-lula-nomes\/#article","isPartOf":{"@id":"https:\/\/www.suno.com.br\/noticias\/alckmin-equipe-de-transicao-lula-nomes\/"},"author":{"name":"Vanessa Loiola","@id":"https:\/\/www.suno.com.br\/noticias\/#\/schema\/person\/450c455ecff319bab1f1a0e643451479"},"headline":"Alckmin anuncia Mantega para a equipe de transi\u00e7\u00e3o de Lula; confira outros nomes","datePublished":"2022-11-10T21:19:53+00:00","dateModified":"2022-11-10T21:31:56+00:00","mainEntityOfPage":{"@id":"https:\/\/www.suno.com.br\/noticias\/alckmin-equipe-de-transicao-lula-nomes\/"},"wordCount":1110,"publisher":{"@id":"https:\/\/www.suno.com.br\/noticias\/#organization"},"image":{"@id":"https:\/\/www.suno.com.br\/noticias\/alckmin-equipe-de-transicao-lula-nomes\/#primaryimage"},"thumbnailUrl":"https:\/\/files.sunoresearch.com.br\/n\/uploads\/2022\/11\/Lula.jpg","keywords":["Geraldo Alckmin","Lula"],"articleSection":["Pol\u00edtica"],"inLanguage":"pt-BR"},{"@type":"WebPage","@id":"https:\/\/www.suno.com.br\/noticias\/alckmin-equipe-de-transicao-lula-nomes\/","url":"https:\/\/www.suno.com.br\/noticias\/alckmin-equipe-de-transicao-lula-nomes\/","name":"Alckmin anuncia Mantega para a equipe de transi\u00e7\u00e3o de Lula","isPartOf":{"@id":"https:\/\/www.suno.com.br\/noticias\/#website"},"primaryImageOfPage":{"@id":"https:\/\/www.suno.com.br\/noticias\/alckmin-equipe-de-transicao-lula-nomes\/#primaryimage"},"image":{"@id":"https:\/\/www.suno.com.br\/noticias\/alckmin-equipe-de-transicao-lula-nomes\/#primaryimage"},"thumbnailUrl":"https:\/\/files.sunoresearch.com.br\/n\/uploads\/2022\/11\/Lula.jpg","datePublished":"2022-11-10T21:19:53+00:00","dateModified":"2022-11-10T21:31:56+00:00","description":"O vice-presidente eleito do governo Lula, Geraldo Alckmin (PSB), confirmou que o ex-ministro Guido Mantega vai integrar a equipe de transi\u00e7\u00e3o","breadcrumb":{"@id":"https:\/\/www.suno.com.br\/noticias\/alckmin-equipe-de-transicao-lula-nomes\/#breadcrumb"},"inLanguage":"pt-BR","potentialAction":[{"@type":"ReadAction","target":["https:\/\/www.suno.com.br\/noticias\/alckmin-equipe-de-transicao-lula-nomes\/"]}]},{"@type":"ImageObject","inLanguage":"pt-BR","@id":"https:\/\/www.suno.com.br\/noticias\/alckmin-equipe-de-transicao-lula-nomes\/#primaryimage","url":"https:\/\/files.sunoresearch.com.br\/n\/uploads\/2022\/11\/Lula.jpg","contentUrl":"https:\/\/files.sunoresearch.com.br\/n\/uploads\/2022\/11\/Lula.jpg","width":1350,"height":808,"caption":"Lula: equipe de transi\u00e7\u00e3o confirma Mantega em grupos t\u00e9cnicos. Foto: Marcelo Camargo\/Ag\u00eancia Brasil"},{"@type":"BreadcrumbList","@id":"https:\/\/www.suno.com.br\/noticias\/alckmin-equipe-de-transicao-lula-nomes\/#breadcrumb","itemListElement":[{"@type":"ListItem","position":1,"name":"Not\u00edcias","item":"https:\/\/www.suno.com.br\/noticias\/"},{"@type":"ListItem","position":2,"name":"Pol\u00edtica","item":"https:\/\/www.suno.com.br\/noticias\/politica\/"},{"@type":"ListItem","position":3,"name":"Alckmin anuncia Mantega para a equipe de transi\u00e7\u00e3o de Lula; confira outros nomes"}]},{"@type":"WebSite","@id":"https:\/\/www.suno.com.br\/noticias\/#website","url":"https:\/\/www.suno.com.br\/noticias\/","name":"Suno Not\u00edcias","description":"Seu portal de informa\u00e7\u00e3o sobre o mundo dos investimentos","publisher":{"@id":"https:\/\/www.suno.com.br\/noticias\/#organization"},"potentialAction":[{"@type":"SearchAction","target":{"@type":"EntryPoint","urlTemplate":"https:\/\/www.suno.com.br\/noticias\/?s={search_term_string}"},"query-input":{"@type":"PropertyValueSpecification","valueRequired":true,"valueName":"search_term_string"}}],"inLanguage":"pt-BR"},{"@type":"Organization","@id":"https:\/\/www.suno.com.br\/noticias\/#organization","name":"Suno Not\u00edcias","url":"https:\/\/www.suno.com.br\/noticias\/","logo":{"@type":"ImageObject","inLanguage":"pt-BR","@id":"https:\/\/www.suno.com.br\/noticias\/#\/schema\/logo\/image\/","url":"https:\/\/files.sunoresearch.com.br\/n\/uploads\/2021\/09\/suno-logo.png","contentUrl":"https:\/\/files.sunoresearch.com.br\/n\/uploads\/2021\/09\/suno-logo.png","width":180,"height":180,"caption":"Suno Not\u00edcias"},"image":{"@id":"https:\/\/www.suno.com.br\/noticias\/#\/schema\/logo\/image\/"},"sameAs":["https:\/\/facebook.com\/sunoresearch","https:\/\/x.com\/sunoresearch","https:\/\/www.instagram.com\/suno","https:\/\/www.linkedin.com\/company\/suno-research\/","https:\/\/www.youtube.com\/c\/sunoresearch"]},{"@type":"Person","@id":"https:\/\/www.suno.com.br\/noticias\/#\/schema\/person\/450c455ecff319bab1f1a0e643451479","name":"Vanessa Loiola","image":{"@type":"ImageObject","inLanguage":"pt-BR","@id":"https:\/\/www.suno.com.br\/noticias\/#\/schema\/person\/image\/","url":"https:\/\/secure.gravatar.com\/avatar\/8b41117f9780831919eb38da349c3f20?s=96&r=g","contentUrl":"https:\/\/secure.gravatar.com\/avatar\/8b41117f9780831919eb38da349c3f20?s=96&r=g","caption":"Vanessa Loiola"},"description":"Jornalista formada pela PUC-SP, com experi\u00eancia na cobertura das editorias de economia, finan\u00e7as, bolsa de valores, pol\u00edtica, energia solar e entretenimento. Com passagem pela BM&amp;C News e RedeTV!","url":"https:\/\/www.suno.com.br\/noticias\/author\/vanessal-loiolagmail-com\/"}]}},"default_loop_html":"<div class=\"cardsPage__listCard__boxs\"><div class=\"cardsPage__listCard__boxs__img\"><a href=\"https:\/\/www.suno.com.br\/noticias\/alckmin-equipe-de-transicao-lula-nomes\/\"><img class=\"mask\" src=\"https:\/\/www.suno.com.br\/noticias\/wp-content\/themes\/suno\/resources\/images\/spotlight\/spotlight1img\/bg-mask.png\" alt=\"Image Mask\"\/><img src=\"https:\/\/files.sunoresearch.com.br\/n\/uploads\/2022\/11\/Lula-400x200.jpg\" alt=\"Alckmin anuncia Mantega para a equipe de transi\u00e7\u00e3o de Lula; confira outros nomes\"\/><\/a><span class=\"spotlightCategory\"><a href=\"https:\/\/www.suno.com.br\/noticias\/politica\/\">Pol\u00edtica<\/a><\/span><\/div><div class=\"cardsPage__listCard__boxs__content\"><a href=\"https:\/\/www.suno.com.br\/noticias\/alckmin-equipe-de-transicao-lula-nomes\/\"><h2 class=\"content__title\">Alckmin anuncia Mantega para a equipe de transi\u00e7\u00e3o de Lula; confira outros nomes<\/h2><\/a><div class=\"newsContent__article__meta\"><div class=\"newsContent__article__meta__authorBox\"><a href=\"https:\/\/www.suno.com.br\/noticias\/author\/vanessal-loiolagmail-com\/\" class=\"authorBox__avatar noMobi\"><img src=\"https:\/\/secure.gravatar.com\/avatar\/8b41117f9780831919eb38da349c3f20?s=96&#038;r=g\" alt=\"Vanessa Loiola\"><\/a><div class=\"authorBox__name\"><span>por\n\t\t\t<a href=\"https:\/\/www.suno.com.br\/noticias\/author\/vanessal-loiolagmail-com\/\"><span itemprop=\"author\">Vanessa Loiola<\/span><\/a><\/span><time datetime=\"2022-11-10T18:19:53-03:00\" itemprop=\"datePublished\">10\/11\/2022 18:19<\/time><\/div><\/div><\/div><\/div><\/div>","single_layout":"posts","amp_enabled":true,"_links":{"self":[{"href":"https:\/\/www.suno.com.br\/noticias\/wp-json\/wp\/v2\/posts\/317787"}],"collection":[{"href":"https:\/\/www.suno.com.br\/noticias\/wp-json\/wp\/v2\/posts"}],"about":[{"href":"https:\/\/www.suno.com.br\/noticias\/wp-json\/wp\/v2\/types\/post"}],"author":[{"embeddable":true,"href":"https:\/\/www.suno.com.br\/noticias\/wp-json\/wp\/v2\/users\/227"}],"replies":[{"embeddable":true,"href":"https:\/\/www.suno.com.br\/noticias\/wp-json\/wp\/v2\/comments?post=317787"}],"version-history":[{"count":3,"href":"https:\/\/www.suno.com.br\/noticias\/wp-json\/wp\/v2\/posts\/317787\/revisions"}],"predecessor-version":[{"id":317809,"href":"https:\/\/www.suno.com.br\/noticias\/wp-json\/wp\/v2\/posts\/317787\/revisions\/317809"}],"wp:featuredmedia":[{"embeddable":true,"href":"https:\/\/www.suno.com.br\/noticias\/wp-json\/wp\/v2\/media\/317804"}],"wp:attachment":[{"href":"https:\/\/www.suno.com.br\/noticias\/wp-json\/wp\/v2\/media?parent=317787"}],"wp:term":[{"taxonomy":"category","embeddable":true,"href":"https:\/\/www.suno.com.br\/noticias\/wp-json\/wp\/v2\/categories?post=317787"},{"taxonomy":"post_tag","embeddable":true,"href":"https:\/\/www.suno.com.br\/noticias\/wp-json\/wp\/v2\/tags?post=317787"},{"taxonomy":"suno_strategy","embeddable":true,"href":"https:\/\/www.suno.com.br\/noticias\/wp-json\/wp\/v2\/suno_strategy?post=317787"}],"curies":[{"name":"wp","href":"https:\/\/api.w.org\/{rel}","templated":true}]}}