{"id":317595,"date":"2022-11-11T08:40:58","date_gmt":"2022-11-11T11:40:58","guid":{"rendered":"https:\/\/www.suno.com.br\/noticias\/?p=317595"},"modified":"2022-11-11T08:34:17","modified_gmt":"2022-11-11T11:34:17","slug":"magazine-luiza-mglu3-black-friday-2022","status":"publish","type":"post","link":"https:\/\/www.suno.com.br\/noticias\/magazine-luiza-mglu3-black-friday-2022\/","title":{"rendered":"Magazine Luiza (MGLU3) pode ter &#8220;maior Black Friday de todos os tempos&#8221; em 2022, diz diretor"},"content":{"rendered":"<p>A <a href=\"https:\/\/lp.suno.com.br\/pv\/black-friday-suno\/?utm_source=GoogleAds&amp;utm_medium=search&amp;utm_campaign=11.b.da.0.search&amp;utm_content=1141_responsivo-research-black-friday&amp;utm_term=black%20friday%20suno&amp;gclid=Cj0KCQiA37KbBhDgARIsAIzce15OmQPj27Fio1lAGEksorfM8t5kP2dYpGGpXIiDnRBktUseRh1BywgaAtikEALw_wcB\">Black Friday<\/a> \u00e9 um per\u00edodo tradicionalmente movimentado para o varejo e, em 2022, conta com ainda &#8220;mais emo\u00e7\u00e3o&#8221; Ainda em novembro se inicia a Copa do Mundo, um evento que pode aumentar o <a href=\"https:\/\/www.suno.com.br\/artigos\/o-que-receita-bruta\/\">faturamento<\/a> do setor que contempla empresas como o <strong>Magazine Luiza<\/strong> (<a href=\"https:\/\/www.suno.com.br\/acoes\/mglu3\">MGLU3<\/a>), a Americanas (<a href=\"https:\/\/www.suno.com.br\/acoes\/amer3\">AMER3<\/a>) e a Via (<a href=\"https:\/\/www.suno.com.br\/acoes\/viia3\">VIIA3<\/a>), dona das Casas Bahia e do Ponto (antigo Ponto Frio).<\/p><div class=\"videoFull \">\n\t\t\t<div class=\"videoWrapper yt-lazyload center\"\n\t\t\t\tdata-width=\"960\"\n\t\t\t\tdata-height=\"540\"\n\t\t\t\tdata-id=\"q63K5jQ-uEw\"\n\t\t\t\tdata-alt=\"V\u00eddeo do YouTube - clique para reproduzir\"\n\t\t\t\tdata-logo=\"3\"\n\t\t\t\tdata-imagequality=\"maxres\">\n\t\t\t<\/div>\n\t\t<\/div><script type=\"application\/ld+json\">{\"@context\":\"https:\/\/schema.org\",\"@type\":\"VideoObject\",\"name\":\"VAREJO: VALE A PENA INVESTIR? | MGLU3, AMER3, VIIA3, CASH3 | Raio-X do Setor\",\"description\":\"O Raio-X \u00e9 o programa do Suno Not\u00edcias que abre espa\u00e7o para um olhar mais atento aos diferentes setores que comp\u00f5em o \u00edndice de refer\u00eancia da B3, o Ibovespa. Toda quarta-feira, ao meio-dia, gestores e especialistas conversam com nossos jornalistas e explicam as oportunidades e os desafios um setor diferente, falam sobre os pap\u00e9is importantes\u2026\",\"duration\":\"PT36M17S\",\"embedUrl\":\"https:\/\/www.youtube.com\/embed\/q63K5jQ-uEw\",\"regionsAllowed\":\"pt-BR\",\"interactionStatistic\":{\"@type\":\"InteractionCounter\",\"interactionType\":{\"@type\":\"WatchAction\"},\"userInteractionCount\":1736},\"thumbnailUrl\":\"https:\/\/i.ytimg.com\/vi\/q63K5jQ-uEw\/default.jpg\",\"uploadDate\":\"2022-08-24T15:39:06Z\"}<\/script>\n\n\t<p>\n\t\t<a href=\"https:\/\/lp2.suno.com.br\/cl\/black-friday-2025\/?utm_campaign=_SNCDF0E4858_\" target=\"_blank\" data-element=\"shortcode-suno-banner\" title=\"Banner SUNO, clique e saiba mais\">\n\t\t\t<picture>\n\t\t\t\t<source media=\"(max-width: 500px)\" srcset=\"https:\/\/files.sunoresearch.com.br\/n\/uploads\/2025\/10\/Artigos-e-Noticias-Banner-Home-artigos-01-Mobile_-400x300-1-png.webp\">\n\t\t\t\t<img class=\"newsContent__article__imgCapa newsContent__article__imgCapa--banner\"\n\t\t\t\t\tsrc=\"https:\/\/files.sunoresearch.com.br\/n\/uploads\/2025\/10\/Artigos-e-Noticias-Banner-Home-artigos-01-Desktop_-1420x240-1-png.webp\"\n\t\t\t\t\tdata-promo-id=\"311259\"\t\t\t\t\t\t\t\t\t\twidth='1420' height='240'\t\t\t\t\talt=\"https:\/\/files.sunoresearch.com.br\/n\/uploads\/2025\/10\/Artigos-e-Noticias-Banner-Home-artigos-01-Desktop_-1420x240-1-png.webp\"\n\t\t\t\t>\n\t\t\t<\/picture>\n\t\t<\/a>\n\t<\/p>\n\n\n<p>Ap\u00f3s ter feitos diversas &#8211; e grandes &#8211; aquisi\u00e7\u00f5es nos \u00faltimos meses, o Magazine Luiza espera que sua estrat\u00e9gia seja suficiente para a empresa ganhar uma <a href=\"https:\/\/www.suno.com.br\/artigos\/market-share\">fatia de mercado<\/a> ainda maior no acumulado do semestre e espera &#8216;talvez a maior <strong>Black Friday<\/strong> de todos os tempos&#8217;.<\/p>\n<p>Isso em meio a um contexto de <strong>alta competitividade no varejo<\/strong>, com presen\u00e7a de players estrangeiros como o Mercado Livre (<a href=\"https:\/\/www.suno.com.br\/bdrs\/meli34\/\">MELI34<\/a>), a Shopeee e a Amazon (<a href=\"https:\/\/www.suno.com.br\/bdrs\/amzo34\/\">AMZO34<\/a>), e ap\u00f3s um ano de 2021 com uma atividade reprimida no segmento.<\/p>\n<p>A proje\u00e7\u00e3o da casa \u00e9 de que o ticket m\u00e9dio gasto pelos brasileiros possa ficar acima dos R$ 2 mil &#8211;<a href=\"https:\/\/www.suno.com.br\/noticias\/black-friday-compras-cartao-credito\/\"> patamar projetado pelo Mercado Livre em um levantamento recente com consumidores brasileiros<\/a>.<\/p>\n<p>Em teleconfer\u00eancia sobre os resultados do segundo trimestre deste ano, em meados de agosto, o <a href=\"https:\/\/www.suno.com.br\/noticias\/magazine-luiza-mglu3-varejo-via-viia3\/\"><strong>presidente do Magalu<\/strong>, Frederico Trajano, j\u00e1 citava as sazonalidades como positivas para a empresa<\/a>.<\/p>\n<p>\u201cMesmo que o bolo n\u00e3o cres\u00e7a, e eu acho que vai crescer porque no primeiro semestre n\u00e3o teve a Copa do Mundo [que acontece na segunda metade do ano] e n\u00e3o teve 5G e o aux\u00edlio maior, n\u00f3s temos todas as condi\u00e7\u00f5es de ganhar \u2018share\u2019. Eu acho que d\u00e1 para entrar com opera\u00e7\u00e3o mais ajustada, ganhando share e com a ajuda desses ajustes feitos, ter [ganho de] <a href=\"https:\/\/www.suno.com.br\/artigos\/alavancagem\/\">alavancagem<\/a>&#8220;, disse.<\/p>\n<p>Com uma presen\u00e7a mais forte em nichos distintos dos eletrodom\u00e9sticos de linha branca, m\u00f3veis e produtos para casa de um modo geral, o Magazine Luiza espera tracionar melhor e aumentar o faturamento.<\/p>\n<p>Esse movimento \u00e9 revelado por <a href=\"https:\/\/www.suno.com.br\/noticias\/magazine-luiza-mglu3-conclui-compra-kabum\/\">compras como a da Kabum!<\/a>, feita ainda em 2021 por R$ 1 bilh\u00e3o em recursos financeiros, al\u00e9m de 75 milh\u00f5es de\u00a0<a class=\"suno-keyword\" href=\"https:\/\/www.suno.com.br\/artigos\/o-que-sao-acoes-ordinarias-preferenciais-e-units\/\" target=\"_blank\" rel=\"noopener\" data-force=\"no\" data-priority=\"1\">a\u00e7\u00f5es ordin\u00e1rias<\/a>.<\/p>\n<p>Segundo\u00a0Maur\u00edcio Anbruste, diretor comercial de <a href=\"https:\/\/www.suno.com.br\/artigos\/marketplace\/\"><strong>marketplace do Magalu<\/strong><\/a>, a empresa deve seguir por esse caminho e ter &#8216;de alfinete a foguete&#8217; nos seus estoques, marcando cada vez mais presen\u00e7a dentro dos nichos que n\u00e3o eram a especialidade da casa no passado.<\/p>\n<p>&#8220;A estrat\u00e9gia est\u00e1 muito focada em busca [dos clientes], a ideia \u00e9 que os consumidores tenham o Magazine Luiza como uma fonte de tudo. Queremos ser buscados para comprar do alfinete ao foguete, teremos os parceiros comerciais certos e mais de 200 mil sellers. Aumentamos o marketplace para ele ser um crescimento de forte&#8221;, relata.<\/p>\n\t<p>\n\t\t<a href=\"https:\/\/lp.suno.com.br\/ebook-como-analisar-uma-acao\/\" target=\"_blank\" data-element=\"shortcode-suno-banner\" title=\"Banner SUNO, clique e saiba mais\">\n\t\t\t<picture>\n\t\t\t\t<source media=\"(max-width: 500px)\" srcset=\"https:\/\/files.sunoresearch.com.br\/n\/uploads\/2023\/12\/Ebook-Acoes-Mobile.jpg\">\n\t\t\t\t<img class=\"newsContent__article__imgCapa newsContent__article__imgCapa--banner\"\n\t\t\t\t\tsrc=\"https:\/\/files.sunoresearch.com.br\/n\/uploads\/2023\/12\/Ebook-Acoes-Desktop.webp\"\n\t\t\t\t\tdata-promo-id=\"311260\"\t\t\t\t\t\t\t\t\t\twidth='1420' height='286'\t\t\t\t\talt=\"https:\/\/files.sunoresearch.com.br\/n\/uploads\/2023\/12\/Ebook-Acoes-Desktop.webp\"\n\t\t\t\t>\n\t\t\t<\/picture>\n\t\t<\/a>\n\t<\/p>\n\n\n<h2>Marketplace \u00e9 &#8216;ponto estrat\u00e9gico&#8217; para Black Friday do Magazine Luiza<\/h2>\n<p>O marketplace, ali\u00e1s, \u00e9 uma das grandes apostas da\u00a0<strong>Black Friday do Magazine Luiza<\/strong> em 2022. Com investimentos na <a href=\"https:\/\/www.suno.com.br\/noticias\/colunas\/ricardo-propheta\/como-o-risco-de-guerra-pode-reconfigurar-o-agro-e-a-logistica-global\/\">malha log\u00edstica<\/a>, a varejista projeta uma melhora nos resultados consolidados por conta de entregas mais r\u00e1pidas e uma competitividade alta com produtos vendidos por terceiros na plataforma da companhia.<\/p>\n<p>Segundo o diretor do segmento, o Magazine Luiza j\u00e1 \u00e9 muito competitivo &#8216;nas categorias que s\u00e3o o core da empresa&#8217;, como eletrom\u00e9sticos. Assim, o marketplace vem para competir nas categorias complementares, como os produtos de inform\u00e1tica e praticamente todos os outros nichos, dada a quantidade de sellers.<\/p>\n<p>&#8220;A Black Friday \u00e9 um per\u00edodo promocional, ent\u00e3o estamos querendo nos manter muito competitivos. Por isso, procuramos oportunidades e pensamos sempre em volume de venda. N\u00e3o acredito em faturamento muito maior nem muito menor, mas acho que teremos a rentabilidade planejada e, com isso, talvez <strong>a maior Black Friday dos \u00faltimos tempos<\/strong>&#8220;, disse Anbruste ao Suno Not\u00edcias.<\/p>\n<p>Em teleconfer\u00eancias recentes, ali\u00e1s, o <a href=\"https:\/\/www.suno.com.br\/artigos\/ceo\">CEO, Fred Trajano<\/a>, chegou a dizer que \u201co futuro do varejo \u00e9 online, n\u00e3o f\u00edsico\u201d, em linha com estas movimenta\u00e7\u00f5es.<\/p>\n<h2>Copa do Mundo antecipou ofertas<\/h2>\n<p>Como \u00e9 rotineiro nos \u00faltimos anos, a varejista &#8211; assim como concorrentes &#8211; tem investido em uma &#8216;Black November&#8217;, e antecipando descontos antes do <strong>dia da Black Friday em espec\u00edfico, em 25 de novembro<\/strong>.<\/p>\n<p>A sazonalidade da\u00a0<a href=\"https:\/\/www.suno.com.br\/noticias\/copa-do-mundo-2022-catar-moeda-dolar-rial\/\"><strong>Copa do Mundo<\/strong><\/a>, nesse sentido, foi um dos motivadores para que a companhia investisse na antecipa\u00e7\u00e3o dos descontos, dado que a competi\u00e7\u00e3o se inicia justamente cinco dias antes da Black Friday.<\/p>\n<p>&#8220;A Black Friday sempre fui muito concentrada, tanto no varejo f\u00edsico, naquele per\u00edodo de quinta a s\u00e1bado, e no e-commerce at\u00e9 segunda. Por\u00e9m dados os eventos de Copa do mundo, jogos do Brasil, acho que o varejo inteiro est\u00e1 se preocupando em antecipar e diminuir a depend\u00eancia desse per\u00edodo, e somos um desses que gosta de antecipar as campanhas, fazendo uma Black November&#8221;, afirma o diretor de markeplace da varejista.<\/p>\n<p>Nesse sentido, alega que a empresa inclusive refor\u00e7a os m\u00e9todos j\u00e1 implementados para facilitar\u00a0<a href=\"https:\/\/www.suno.com.br\/noticias\/copa-do-mundo-2022-tv-brasileiro-samsung\/\"><strong>compra de TVs<\/strong><\/a>, por exemplo. Com as pol\u00edticas atuais, a varejista aceita inclusive uma TV antiga do consumidor como parte do pagamento para a compra de um novo aparelho.<\/p>\n<p>Al\u00e9m disso, o <strong>Magazine Luiza<\/strong>, h\u00e1 meses, tamb\u00e9m faz o mesmo tipo de opera\u00e7\u00e3o com produtos como tablets e celulares, que tamb\u00e9m devem ser competitivos durante o per\u00edodo de descontos da Black Friday. &#8220;Al\u00e9m das trocas somos muito fortes com o Pix, em que recebemos \u00e0 vista e oferecermos benef\u00edcios para o consumidor por conta disso&#8221;.<\/p>\n\t<p>\n\t\t<a href=\"https:\/\/lp.suno.com.br\/minicurso-investindo-fiis\/\" target=\"_blank\" data-element=\"shortcode-suno-banner\" title=\"Banner SUNO, clique e saiba mais\">\n\t\t\t<picture>\n\t\t\t\t<source media=\"(max-width: 500px)\" srcset=\"https:\/\/files.sunoresearch.com.br\/n\/uploads\/2023\/07\/400x300-Minicurso-FIIS.png\">\n\t\t\t\t<img class=\"newsContent__article__imgCapa newsContent__article__imgCapa--banner\"\n\t\t\t\t\tsrc=\"https:\/\/files.sunoresearch.com.br\/n\/uploads\/2023\/07\/1420x240-Minicurso-FIIS.png\"\n\t\t\t\t\tdata-promo-id=\"311935\"\t\t\t\t\t\t\t\t\t\twidth='1420' height='240'\t\t\t\t\talt=\"https:\/\/files.sunoresearch.com.br\/n\/uploads\/2023\/07\/1420x240-Minicurso-FIIS.png\"\n\t\t\t\t>\n\t\t\t<\/picture>\n\t\t<\/a>\n\t<\/p>\n\n\n","protected":false},"excerpt":{"rendered":"<p>A Black Friday \u00e9 um per\u00edodo tradicionalmente movimentado para o varejo e, em 2022, conta com ainda &#8220;mais emo\u00e7\u00e3o&#8221; Ainda em novembro se inicia a Copa do Mundo, um evento que pode aumentar o faturamento do setor que contempla empresas como o Magazine Luiza (MGLU3), a Americanas (AMER3) e a Via (VIIA3), dona das Casas [&hellip;]<\/p>\n","protected":false},"author":73,"featured_media":255858,"comment_status":"closed","ping_status":"closed","sticky":false,"template":"","format":"standard","meta":[],"categories":[60],"tags":[105815,548],"suno_strategy":[],"class_list":["post-317595","post","type-post","status-publish","format-standard","has-post-thumbnail","hentry","category-mercado","tag-especial","tag-magazine-luiza-mglu3"],"yoast_head":"<!-- This site is optimized with the Yoast SEO plugin v24.4 - https:\/\/yoast.com\/wordpress\/plugins\/seo\/ -->\n<title>Magazine Luiza (MGLU3) pode ter &quot;maior Black Friday de todos os tempos&quot; em 2022, diz diretor<\/title>\n<meta name=\"description\" content=\"O Suno Not\u00edcias conversou com o Diretor de Marketplace do Magazine Luiza sobre como a varejista planeja a Black Friday de 2022. Confira!\" \/>\n<meta name=\"robots\" content=\"index, follow, max-snippet:-1, max-image-preview:large, max-video-preview:-1\" \/>\n<link rel=\"canonical\" href=\"https:\/\/www.suno.com.br\/noticias\/magazine-luiza-mglu3-black-friday-2022\/\" \/>\n<meta property=\"og:locale\" content=\"pt_BR\" \/>\n<meta property=\"og:type\" content=\"article\" \/>\n<meta property=\"og:title\" content=\"Magazine Luiza (MGLU3) pode ter &quot;maior Black Friday de todos os tempos&quot; em 2022, diz diretor\" \/>\n<meta property=\"og:description\" content=\"O Suno Not\u00edcias conversou com o Diretor de Marketplace do Magazine Luiza sobre como a varejista planeja a Black Friday de 2022. Confira!\" \/>\n<meta property=\"og:url\" content=\"https:\/\/www.suno.com.br\/noticias\/magazine-luiza-mglu3-black-friday-2022\/\" \/>\n<meta property=\"og:site_name\" content=\"Suno Not\u00edcias\" \/>\n<meta property=\"article:publisher\" content=\"https:\/\/facebook.com\/sunoresearch\" \/>\n<meta property=\"og:image\" content=\"https:\/\/files.sunoresearch.com.br\/n\/uploads\/2022\/05\/CDLouveira013Magalu.jpg-Credito_-Germano-Luders-scaled.jpg\" \/>\n\t<meta property=\"og:image:width\" content=\"2560\" \/>\n\t<meta property=\"og:image:height\" content=\"1709\" \/>\n\t<meta property=\"og:image:type\" content=\"image\/jpeg\" \/>\n<meta name=\"author\" content=\"Eduardo Vargas\" \/>\n<meta name=\"twitter:card\" content=\"summary_large_image\" \/>\n<meta name=\"twitter:creator\" content=\"@sunoresearch\" \/>\n<meta name=\"twitter:site\" content=\"@sunoresearch\" \/>\n<meta name=\"twitter:label1\" content=\"Escrito por\" \/>\n\t<meta name=\"twitter:data1\" content=\"Eduardo Vargas\" \/>\n\t<meta name=\"twitter:label2\" content=\"Est. tempo de leitura\" \/>\n\t<meta name=\"twitter:data2\" content=\"5 minutos\" \/>\n<script type=\"application\/ld+json\" class=\"yoast-schema-graph\">{\"@context\":\"https:\/\/schema.org\",\"@graph\":[{\"@type\":\"NewsArticle\",\"@id\":\"https:\/\/www.suno.com.br\/noticias\/magazine-luiza-mglu3-black-friday-2022\/#article\",\"isPartOf\":{\"@id\":\"https:\/\/www.suno.com.br\/noticias\/magazine-luiza-mglu3-black-friday-2022\/\"},\"author\":{\"name\":\"Eduardo Vargas\",\"@id\":\"https:\/\/www.suno.com.br\/noticias\/#\/schema\/person\/7f4d362bf3518e76090143ae77bb49a5\"},\"headline\":\"Magazine Luiza (MGLU3) pode ter &#8220;maior Black Friday de todos os tempos&#8221; em 2022, diz diretor\",\"datePublished\":\"2022-11-11T11:40:58+00:00\",\"mainEntityOfPage\":{\"@id\":\"https:\/\/www.suno.com.br\/noticias\/magazine-luiza-mglu3-black-friday-2022\/\"},\"wordCount\":933,\"publisher\":{\"@id\":\"https:\/\/www.suno.com.br\/noticias\/#organization\"},\"image\":{\"@id\":\"https:\/\/www.suno.com.br\/noticias\/magazine-luiza-mglu3-black-friday-2022\/#primaryimage\"},\"thumbnailUrl\":\"https:\/\/files.sunoresearch.com.br\/n\/uploads\/2022\/05\/CDLouveira013Magalu.jpg-Credito_-Germano-Luders-scaled.jpg\",\"keywords\":[\"Especiais\",\"Magazine Luiza (MGLU3)\"],\"articleSection\":[\"Mercado\"],\"inLanguage\":\"pt-BR\"},{\"@type\":\"WebPage\",\"@id\":\"https:\/\/www.suno.com.br\/noticias\/magazine-luiza-mglu3-black-friday-2022\/\",\"url\":\"https:\/\/www.suno.com.br\/noticias\/magazine-luiza-mglu3-black-friday-2022\/\",\"name\":\"Magazine Luiza (MGLU3) pode ter \\\"maior Black Friday de todos os tempos\\\" em 2022, diz diretor\",\"isPartOf\":{\"@id\":\"https:\/\/www.suno.com.br\/noticias\/#website\"},\"primaryImageOfPage\":{\"@id\":\"https:\/\/www.suno.com.br\/noticias\/magazine-luiza-mglu3-black-friday-2022\/#primaryimage\"},\"image\":{\"@id\":\"https:\/\/www.suno.com.br\/noticias\/magazine-luiza-mglu3-black-friday-2022\/#primaryimage\"},\"thumbnailUrl\":\"https:\/\/files.sunoresearch.com.br\/n\/uploads\/2022\/05\/CDLouveira013Magalu.jpg-Credito_-Germano-Luders-scaled.jpg\",\"datePublished\":\"2022-11-11T11:40:58+00:00\",\"description\":\"O Suno Not\u00edcias conversou com o Diretor de Marketplace do Magazine Luiza sobre como a varejista planeja a Black Friday de 2022. Confira!\",\"breadcrumb\":{\"@id\":\"https:\/\/www.suno.com.br\/noticias\/magazine-luiza-mglu3-black-friday-2022\/#breadcrumb\"},\"inLanguage\":\"pt-BR\",\"potentialAction\":[{\"@type\":\"ReadAction\",\"target\":[\"https:\/\/www.suno.com.br\/noticias\/magazine-luiza-mglu3-black-friday-2022\/\"]}]},{\"@type\":\"ImageObject\",\"inLanguage\":\"pt-BR\",\"@id\":\"https:\/\/www.suno.com.br\/noticias\/magazine-luiza-mglu3-black-friday-2022\/#primaryimage\",\"url\":\"https:\/\/files.sunoresearch.com.br\/n\/uploads\/2022\/05\/CDLouveira013Magalu.jpg-Credito_-Germano-Luders-scaled.jpg\",\"contentUrl\":\"https:\/\/files.sunoresearch.com.br\/n\/uploads\/2022\/05\/CDLouveira013Magalu.jpg-Credito_-Germano-Luders-scaled.jpg\",\"width\":2560,\"height\":1709,\"caption\":\"Opera\u00e7\u00e3o log\u00edstica do Magazine Luiza (MGLU3). Foto: Divulga\u00e7\u00e3o\/Magazine Luiza.\"},{\"@type\":\"BreadcrumbList\",\"@id\":\"https:\/\/www.suno.com.br\/noticias\/magazine-luiza-mglu3-black-friday-2022\/#breadcrumb\",\"itemListElement\":[{\"@type\":\"ListItem\",\"position\":1,\"name\":\"Not\u00edcias\",\"item\":\"https:\/\/www.suno.com.br\/noticias\/\"},{\"@type\":\"ListItem\",\"position\":2,\"name\":\"Mercado\",\"item\":\"https:\/\/www.suno.com.br\/noticias\/mercado\/\"},{\"@type\":\"ListItem\",\"position\":3,\"name\":\"Magazine Luiza (MGLU3) pode ter &#8220;maior Black Friday de todos os tempos&#8221; em 2022, diz diretor\"}]},{\"@type\":\"WebSite\",\"@id\":\"https:\/\/www.suno.com.br\/noticias\/#website\",\"url\":\"https:\/\/www.suno.com.br\/noticias\/\",\"name\":\"Suno Not\u00edcias\",\"description\":\"Seu portal de informa\u00e7\u00e3o sobre o mundo dos investimentos\",\"publisher\":{\"@id\":\"https:\/\/www.suno.com.br\/noticias\/#organization\"},\"potentialAction\":[{\"@type\":\"SearchAction\",\"target\":{\"@type\":\"EntryPoint\",\"urlTemplate\":\"https:\/\/www.suno.com.br\/noticias\/?s={search_term_string}\"},\"query-input\":{\"@type\":\"PropertyValueSpecification\",\"valueRequired\":true,\"valueName\":\"search_term_string\"}}],\"inLanguage\":\"pt-BR\"},{\"@type\":\"Organization\",\"@id\":\"https:\/\/www.suno.com.br\/noticias\/#organization\",\"name\":\"Suno Not\u00edcias\",\"url\":\"https:\/\/www.suno.com.br\/noticias\/\",\"logo\":{\"@type\":\"ImageObject\",\"inLanguage\":\"pt-BR\",\"@id\":\"https:\/\/www.suno.com.br\/noticias\/#\/schema\/logo\/image\/\",\"url\":\"https:\/\/files.sunoresearch.com.br\/n\/uploads\/2021\/09\/suno-logo.png\",\"contentUrl\":\"https:\/\/files.sunoresearch.com.br\/n\/uploads\/2021\/09\/suno-logo.png\",\"width\":180,\"height\":180,\"caption\":\"Suno Not\u00edcias\"},\"image\":{\"@id\":\"https:\/\/www.suno.com.br\/noticias\/#\/schema\/logo\/image\/\"},\"sameAs\":[\"https:\/\/facebook.com\/sunoresearch\",\"https:\/\/x.com\/sunoresearch\",\"https:\/\/www.instagram.com\/suno\",\"https:\/\/www.linkedin.com\/company\/suno-research\/\",\"https:\/\/www.youtube.com\/c\/sunoresearch\"]},{\"@type\":\"Person\",\"@id\":\"https:\/\/www.suno.com.br\/noticias\/#\/schema\/person\/7f4d362bf3518e76090143ae77bb49a5\",\"name\":\"Eduardo Vargas\",\"image\":{\"@type\":\"ImageObject\",\"inLanguage\":\"pt-BR\",\"@id\":\"https:\/\/www.suno.com.br\/noticias\/#\/schema\/person\/image\/\",\"url\":\"https:\/\/secure.gravatar.com\/avatar\/dac340933427a22924c9f99d1eb2e3f2?s=96&r=g\",\"contentUrl\":\"https:\/\/secure.gravatar.com\/avatar\/dac340933427a22924c9f99d1eb2e3f2?s=96&r=g\",\"caption\":\"Eduardo Vargas\"},\"description\":\"Jornalista formado pela UFSC, cobre macroeconomia, neg\u00f3cios e startups para o Suno Not\u00edcias, escrevendo principalmente not\u00edcias sobre o mercado financeiro e a bolsa de valores. No YouTube e no Instagram, \u00e9 respons\u00e1vel pela produ\u00e7\u00e3o de Reels e Shorts do Suno Not\u00edcias. Anteriormente, trabalhou cobrindo economia e cotidiano no ND+ e para o ND, maior jornal impresso de Santa Catarina. Cursou um semestre letivo de Estudos de M\u00eddia na Universidad de Buenos Aires.\",\"url\":\"https:\/\/www.suno.com.br\/noticias\/author\/eduardo-vargas\/\"}]}<\/script>\n<!-- \/ Yoast SEO plugin. -->","yoast_head_json":{"title":"Magazine Luiza (MGLU3) pode ter \"maior Black Friday de todos os tempos\" em 2022, diz diretor","description":"O Suno Not\u00edcias conversou com o Diretor de Marketplace do Magazine Luiza sobre como a varejista planeja a Black Friday de 2022. Confira!","robots":{"index":"index","follow":"follow","max-snippet":"max-snippet:-1","max-image-preview":"max-image-preview:large","max-video-preview":"max-video-preview:-1"},"canonical":"https:\/\/www.suno.com.br\/noticias\/magazine-luiza-mglu3-black-friday-2022\/","og_locale":"pt_BR","og_type":"article","og_title":"Magazine Luiza (MGLU3) pode ter \"maior Black Friday de todos os tempos\" em 2022, diz diretor","og_description":"O Suno Not\u00edcias conversou com o Diretor de Marketplace do Magazine Luiza sobre como a varejista planeja a Black Friday de 2022. Confira!","og_url":"https:\/\/www.suno.com.br\/noticias\/magazine-luiza-mglu3-black-friday-2022\/","og_site_name":"Suno Not\u00edcias","article_publisher":"https:\/\/facebook.com\/sunoresearch","og_image":[{"width":2560,"height":1709,"url":"https:\/\/files.sunoresearch.com.br\/n\/uploads\/2022\/05\/CDLouveira013Magalu.jpg-Credito_-Germano-Luders-scaled.jpg","type":"image\/jpeg"}],"author":"Eduardo Vargas","twitter_card":"summary_large_image","twitter_creator":"@sunoresearch","twitter_site":"@sunoresearch","twitter_misc":{"Escrito por":"Eduardo Vargas","Est. tempo de leitura":"5 minutos"},"schema":{"@context":"https:\/\/schema.org","@graph":[{"@type":"NewsArticle","@id":"https:\/\/www.suno.com.br\/noticias\/magazine-luiza-mglu3-black-friday-2022\/#article","isPartOf":{"@id":"https:\/\/www.suno.com.br\/noticias\/magazine-luiza-mglu3-black-friday-2022\/"},"author":{"name":"Eduardo Vargas","@id":"https:\/\/www.suno.com.br\/noticias\/#\/schema\/person\/7f4d362bf3518e76090143ae77bb49a5"},"headline":"Magazine Luiza (MGLU3) pode ter &#8220;maior Black Friday de todos os tempos&#8221; em 2022, diz diretor","datePublished":"2022-11-11T11:40:58+00:00","mainEntityOfPage":{"@id":"https:\/\/www.suno.com.br\/noticias\/magazine-luiza-mglu3-black-friday-2022\/"},"wordCount":933,"publisher":{"@id":"https:\/\/www.suno.com.br\/noticias\/#organization"},"image":{"@id":"https:\/\/www.suno.com.br\/noticias\/magazine-luiza-mglu3-black-friday-2022\/#primaryimage"},"thumbnailUrl":"https:\/\/files.sunoresearch.com.br\/n\/uploads\/2022\/05\/CDLouveira013Magalu.jpg-Credito_-Germano-Luders-scaled.jpg","keywords":["Especiais","Magazine Luiza (MGLU3)"],"articleSection":["Mercado"],"inLanguage":"pt-BR"},{"@type":"WebPage","@id":"https:\/\/www.suno.com.br\/noticias\/magazine-luiza-mglu3-black-friday-2022\/","url":"https:\/\/www.suno.com.br\/noticias\/magazine-luiza-mglu3-black-friday-2022\/","name":"Magazine Luiza (MGLU3) pode ter \"maior Black Friday de todos os tempos\" em 2022, diz diretor","isPartOf":{"@id":"https:\/\/www.suno.com.br\/noticias\/#website"},"primaryImageOfPage":{"@id":"https:\/\/www.suno.com.br\/noticias\/magazine-luiza-mglu3-black-friday-2022\/#primaryimage"},"image":{"@id":"https:\/\/www.suno.com.br\/noticias\/magazine-luiza-mglu3-black-friday-2022\/#primaryimage"},"thumbnailUrl":"https:\/\/files.sunoresearch.com.br\/n\/uploads\/2022\/05\/CDLouveira013Magalu.jpg-Credito_-Germano-Luders-scaled.jpg","datePublished":"2022-11-11T11:40:58+00:00","description":"O Suno Not\u00edcias conversou com o Diretor de Marketplace do Magazine Luiza sobre como a varejista planeja a Black Friday de 2022. Confira!","breadcrumb":{"@id":"https:\/\/www.suno.com.br\/noticias\/magazine-luiza-mglu3-black-friday-2022\/#breadcrumb"},"inLanguage":"pt-BR","potentialAction":[{"@type":"ReadAction","target":["https:\/\/www.suno.com.br\/noticias\/magazine-luiza-mglu3-black-friday-2022\/"]}]},{"@type":"ImageObject","inLanguage":"pt-BR","@id":"https:\/\/www.suno.com.br\/noticias\/magazine-luiza-mglu3-black-friday-2022\/#primaryimage","url":"https:\/\/files.sunoresearch.com.br\/n\/uploads\/2022\/05\/CDLouveira013Magalu.jpg-Credito_-Germano-Luders-scaled.jpg","contentUrl":"https:\/\/files.sunoresearch.com.br\/n\/uploads\/2022\/05\/CDLouveira013Magalu.jpg-Credito_-Germano-Luders-scaled.jpg","width":2560,"height":1709,"caption":"Opera\u00e7\u00e3o log\u00edstica do Magazine Luiza (MGLU3). Foto: Divulga\u00e7\u00e3o\/Magazine Luiza."},{"@type":"BreadcrumbList","@id":"https:\/\/www.suno.com.br\/noticias\/magazine-luiza-mglu3-black-friday-2022\/#breadcrumb","itemListElement":[{"@type":"ListItem","position":1,"name":"Not\u00edcias","item":"https:\/\/www.suno.com.br\/noticias\/"},{"@type":"ListItem","position":2,"name":"Mercado","item":"https:\/\/www.suno.com.br\/noticias\/mercado\/"},{"@type":"ListItem","position":3,"name":"Magazine Luiza (MGLU3) pode ter &#8220;maior Black Friday de todos os tempos&#8221; em 2022, diz diretor"}]},{"@type":"WebSite","@id":"https:\/\/www.suno.com.br\/noticias\/#website","url":"https:\/\/www.suno.com.br\/noticias\/","name":"Suno Not\u00edcias","description":"Seu portal de informa\u00e7\u00e3o sobre o mundo dos investimentos","publisher":{"@id":"https:\/\/www.suno.com.br\/noticias\/#organization"},"potentialAction":[{"@type":"SearchAction","target":{"@type":"EntryPoint","urlTemplate":"https:\/\/www.suno.com.br\/noticias\/?s={search_term_string}"},"query-input":{"@type":"PropertyValueSpecification","valueRequired":true,"valueName":"search_term_string"}}],"inLanguage":"pt-BR"},{"@type":"Organization","@id":"https:\/\/www.suno.com.br\/noticias\/#organization","name":"Suno Not\u00edcias","url":"https:\/\/www.suno.com.br\/noticias\/","logo":{"@type":"ImageObject","inLanguage":"pt-BR","@id":"https:\/\/www.suno.com.br\/noticias\/#\/schema\/logo\/image\/","url":"https:\/\/files.sunoresearch.com.br\/n\/uploads\/2021\/09\/suno-logo.png","contentUrl":"https:\/\/files.sunoresearch.com.br\/n\/uploads\/2021\/09\/suno-logo.png","width":180,"height":180,"caption":"Suno Not\u00edcias"},"image":{"@id":"https:\/\/www.suno.com.br\/noticias\/#\/schema\/logo\/image\/"},"sameAs":["https:\/\/facebook.com\/sunoresearch","https:\/\/x.com\/sunoresearch","https:\/\/www.instagram.com\/suno","https:\/\/www.linkedin.com\/company\/suno-research\/","https:\/\/www.youtube.com\/c\/sunoresearch"]},{"@type":"Person","@id":"https:\/\/www.suno.com.br\/noticias\/#\/schema\/person\/7f4d362bf3518e76090143ae77bb49a5","name":"Eduardo Vargas","image":{"@type":"ImageObject","inLanguage":"pt-BR","@id":"https:\/\/www.suno.com.br\/noticias\/#\/schema\/person\/image\/","url":"https:\/\/secure.gravatar.com\/avatar\/dac340933427a22924c9f99d1eb2e3f2?s=96&r=g","contentUrl":"https:\/\/secure.gravatar.com\/avatar\/dac340933427a22924c9f99d1eb2e3f2?s=96&r=g","caption":"Eduardo Vargas"},"description":"Jornalista formado pela UFSC, cobre macroeconomia, neg\u00f3cios e startups para o Suno Not\u00edcias, escrevendo principalmente not\u00edcias sobre o mercado financeiro e a bolsa de valores. No YouTube e no Instagram, \u00e9 respons\u00e1vel pela produ\u00e7\u00e3o de Reels e Shorts do Suno Not\u00edcias. Anteriormente, trabalhou cobrindo economia e cotidiano no ND+ e para o ND, maior jornal impresso de Santa Catarina. Cursou um semestre letivo de Estudos de M\u00eddia na Universidad de Buenos Aires.","url":"https:\/\/www.suno.com.br\/noticias\/author\/eduardo-vargas\/"}]}},"default_loop_html":"<div class=\"cardsPage__listCard__boxs\"><div class=\"cardsPage__listCard__boxs__img\"><a href=\"https:\/\/www.suno.com.br\/noticias\/magazine-luiza-mglu3-black-friday-2022\/\"><img class=\"mask\" src=\"https:\/\/www.suno.com.br\/noticias\/wp-content\/themes\/suno\/resources\/images\/spotlight\/spotlight1img\/bg-mask.png\" alt=\"Image Mask\"\/><img src=\"https:\/\/files.sunoresearch.com.br\/n\/uploads\/2022\/05\/CDLouveira013Magalu.jpg-Credito_-Germano-Luders-400x200.jpg\" alt=\"Magazine Luiza (MGLU3) pode ter &#8220;maior Black Friday de todos os tempos&#8221; em 2022, diz diretor\"\/><\/a><span class=\"spotlightCategory\"><a href=\"https:\/\/www.suno.com.br\/noticias\/mercado\/\">Mercado<\/a><\/span><\/div><div class=\"cardsPage__listCard__boxs__content\"><a href=\"https:\/\/www.suno.com.br\/noticias\/magazine-luiza-mglu3-black-friday-2022\/\"><h2 class=\"content__title\">Magazine Luiza (MGLU3) pode ter &#8220;maior Black Friday de todos os tempos&#8221; em 2022, diz diretor<\/h2><\/a><div class=\"newsContent__article__meta\"><div class=\"newsContent__article__meta__authorBox\"><a href=\"https:\/\/www.suno.com.br\/noticias\/author\/eduardo-vargas\/\" class=\"authorBox__avatar noMobi\"><img src=\"https:\/\/secure.gravatar.com\/avatar\/dac340933427a22924c9f99d1eb2e3f2?s=96&#038;r=g\" alt=\"Eduardo Vargas\"><\/a><div class=\"authorBox__name\"><span>por\n\t\t\t<a href=\"https:\/\/www.suno.com.br\/noticias\/author\/eduardo-vargas\/\"><span itemprop=\"author\">Eduardo Vargas<\/span><\/a><\/span><time datetime=\"2022-11-11T08:40:58-03:00\" itemprop=\"datePublished\">11\/11\/2022 08:40<\/time><\/div><\/div><\/div><\/div><\/div>","single_layout":"posts","amp_enabled":true,"_links":{"self":[{"href":"https:\/\/www.suno.com.br\/noticias\/wp-json\/wp\/v2\/posts\/317595"}],"collection":[{"href":"https:\/\/www.suno.com.br\/noticias\/wp-json\/wp\/v2\/posts"}],"about":[{"href":"https:\/\/www.suno.com.br\/noticias\/wp-json\/wp\/v2\/types\/post"}],"author":[{"embeddable":true,"href":"https:\/\/www.suno.com.br\/noticias\/wp-json\/wp\/v2\/users\/73"}],"replies":[{"embeddable":true,"href":"https:\/\/www.suno.com.br\/noticias\/wp-json\/wp\/v2\/comments?post=317595"}],"version-history":[{"count":4,"href":"https:\/\/www.suno.com.br\/noticias\/wp-json\/wp\/v2\/posts\/317595\/revisions"}],"predecessor-version":[{"id":318061,"href":"https:\/\/www.suno.com.br\/noticias\/wp-json\/wp\/v2\/posts\/317595\/revisions\/318061"}],"wp:featuredmedia":[{"embeddable":true,"href":"https:\/\/www.suno.com.br\/noticias\/wp-json\/wp\/v2\/media\/255858"}],"wp:attachment":[{"href":"https:\/\/www.suno.com.br\/noticias\/wp-json\/wp\/v2\/media?parent=317595"}],"wp:term":[{"taxonomy":"category","embeddable":true,"href":"https:\/\/www.suno.com.br\/noticias\/wp-json\/wp\/v2\/categories?post=317595"},{"taxonomy":"post_tag","embeddable":true,"href":"https:\/\/www.suno.com.br\/noticias\/wp-json\/wp\/v2\/tags?post=317595"},{"taxonomy":"suno_strategy","embeddable":true,"href":"https:\/\/www.suno.com.br\/noticias\/wp-json\/wp\/v2\/suno_strategy?post=317595"}],"curies":[{"name":"wp","href":"https:\/\/api.w.org\/{rel}","templated":true}]}}