{"id":31732,"date":"2019-07-22T15:50:26","date_gmt":"2019-07-22T18:50:26","guid":{"rendered":"https:\/\/www.suno.com.br\/noticias\/?p=31732"},"modified":"2019-07-22T19:06:44","modified_gmt":"2019-07-22T22:06:44","slug":"governo-decide-bloqueio-orcamento","status":"publish","type":"post","link":"https:\/\/www.suno.com.br\/noticias\/governo-decide-bloqueio-orcamento\/","title":{"rendered":"Governo decide o bloqueio de R$ 1,4 bilh\u00e3o do or\u00e7amento"},"content":{"rendered":"<p>O <strong>governo federal<\/strong> anunciou nesta segunda-feira (22) o bloqueio de R$ 1,442 bilh\u00e3o do or\u00e7amento. A informa\u00e7\u00e3o foi divulgada pelo <strong>minist\u00e9rio da Economia.<\/strong><\/p>\t<div class=\"wrapper-featured-image\">\n\t\t<figure class=\"spotlightImg\">\n\n\t\t\t<picture>\n\t\t\t\t<source media=\"(max-width: 768px)\" srcset=\"https:\/\/files.sunoresearch.com.br\/n\/uploads\/2019\/07\/ddd49cb0-x80477883_brasilbrasilia-df02-01-2019novo-letreiro-do-ministerio-da-economia-troca-de-letrei.jpg.pagespeed.ic_.-jqm9qloox-400x200.webp\">\n\t\t\t\t<img loading=\"lazy\" decoding=\"async\" class=\"newsContent__article__imgCapa lazyloadDisabled newsContent__article__imgCapa--noCaption\" src=\"https:\/\/files.sunoresearch.com.br\/n\/uploads\/2019\/07\/ddd49cb0-x80477883_brasilbrasilia-df02-01-2019novo-letreiro-do-ministerio-da-economia-troca-de-letrei.jpg.pagespeed.ic_.-jqm9qloox-800x450.webp\" width=\"800\" height=\"450\" alt=\"Governo decide o bloqueio de R$ 1,4 bilh\u00e3o do or\u00e7amento\" fetchpriority=high \/>\n\t\t\t<\/picture>\n\n\t\t\t<figcaption class=\"wp-caption-text wp-caption-text--hide\">Agenda do dia<\/figcaption>\n\t\t<\/figure>\n\t<\/div>\n\n\n<p>Segundo o <strong>governo,<\/strong> a decis\u00e3o de bloquear o <strong>or\u00e7amento<\/strong> foi decidida por causa do enfraquecimento da\u00a0atividade econ\u00f4mica e a piora na previs\u00e3o de arrecada\u00e7\u00e3o.<\/p>\n<p>J\u00e1 nos \u00faltimos dias havia informa\u00e7\u00f5es n\u00e3o confirmadas de um bloqueio do or\u00e7amento entre\u00a0R$ 1 bilh\u00e3o e R$ 2 bilh\u00f5es. No \u00faltimo domingo (21) o presidente <strong>Jair Bolsonaro<\/strong> tinha alertado que poderia ser realizado um novo contingenciamento de at\u00e9 R$ 2,5 bilh\u00f5es.<\/p>\n<p><iframe loading=\"lazy\" title=\"?Governo evita greve dos caminhoneiros; or\u00e7amento congelado e Boletim Focus otimista com PIB\" width=\"200\" height=\"113\" src=\"https:\/\/www.youtube.com\/embed\/flsu0hhIals?feature=oembed\" frameborder=\"0\" allow=\"accelerometer; autoplay; encrypted-media; gyroscope; picture-in-picture\" allowfullscreen><\/iframe><\/p>\n<p>O bloqueio foi decidido ap\u00f3s t\u00e9cnicos da \u00e1rea econ\u00f4mica avaliarem\u00a0o andamento da execu\u00e7\u00e3o or\u00e7ament\u00e1ria deste ano. Foi identificado um descompasso em rela\u00e7\u00e3o ao que estava previsto para as receitas e as despesas. Esse desfalque poderia levar ao estouro da meta fiscal fixada para 2019, que prev\u00ea um d\u00e9ficit prim\u00e1rio de R$ 139 bilh\u00f5es. Dessa forma, o Executivo se viu obrigado a bloquear recursos inicialmente previstos para minist\u00e9rios.<\/p>\n<p>Esse \u00e9 o segundo corte no or\u00e7amento decidido pelo <strong>governo<\/strong> federal. Em mar\u00e7o, o Executivo j\u00e1 havia bloqueado cerca de R$ 30 bilh\u00f5es do <strong>or\u00e7amento.<\/strong> Essa redu\u00e7\u00e3o dos recursos, especialmente na \u00e1rea da Educa\u00e7\u00e3o, gerou uma onda de protestos. Por isso, em maio o governo foi for\u00e7ado a desbloquear parte dos recursos destinados para a \u00e1rea.<\/p>\n<h2>Corte na previs\u00e3o de crescimento<\/h2>\n<p>Em julho o <strong>minist\u00e9rio da Economia<\/strong> cortou pela metade na proje\u00e7\u00e3o de alta do <a href=\"https:\/\/www.suno.com.br\/artigos\/o-produto-interno-bruto-pib\/\"><strong>Produto Interno Bruto (PIB)<\/strong><\/a> \u00a0de 2019. A previs\u00e3o de crescimento passou de 1,6% para 0,81%. Essa redu\u00e7\u00e3o do crescimento econ\u00f4mico tem um impacto negativo nos c\u00e1lculos das estimativas de arrecada\u00e7\u00e3o.<\/p>\n<p><a href=\"https:\/\/www.suno.com.br\/noticias\/governo-projeta-credito-2019-2020\/\">Saiba mais: Governo projeta crescimento modesto para o cr\u00e9dito em 2019 e 2020\u00a0<\/a><\/p>\n<p>A situa\u00e7\u00e3o atual \u00e9 pior daquela de maio. Naquela ocasi\u00e3o, o governo tinha evitado um novo contingenciamento utilizando uma reserva or\u00e7ament\u00e1ria destinada a situa\u00e7\u00f5es de emerg\u00eancia. Isso evitou que os cortes fossem ainda maiores.<\/p>\n<p>Todavia, a maior parte desse margem de manobra foi queimada. Isso pois, al\u00e9m do gasto com o ajuste das contas de maio, essa reserva foi consumida por uma s\u00e9rie de outras despesas, entre ais quais o pagamento de emendas parlamentares.<\/p>\n\t<p>\n\t\t<a href=\"https:\/\/lp.suno.com.br\/minicurso-contabilidade\/\" target=\"_blank\" data-element=\"shortcode-suno-banner\" title=\"Banner SUNO, clique e saiba mais\">\n\t\t\t<picture>\n\t\t\t\t<source media=\"(max-width: 500px)\" srcset=\"https:\/\/files.sunoresearch.com.br\/n\/uploads\/2023\/03\/400x300-Minicurso-Contabilidade.png\">\n\t\t\t\t<img class=\"newsContent__article__imgCapa newsContent__article__imgCapa--banner\"\n\t\t\t\t\tsrc=\"https:\/\/files.sunoresearch.com.br\/n\/uploads\/2023\/03\/1420x240-Minicurso-Contabilidade.png\"\n\t\t\t\t\tdata-promo-id=\"383158\"\t\t\t\t\t\t\t\t\t\twidth='1420' height='240'\t\t\t\t\talt=\"https:\/\/files.sunoresearch.com.br\/n\/uploads\/2023\/03\/1420x240-Minicurso-Contabilidade.png\"\n\t\t\t\t>\n\t\t\t<\/picture>\n\t\t<\/a>\n\t<\/p>\n\n\n<p>Se no final do primeiro bimestre de 2019 reserva or\u00e7ament\u00e1ria era de cerca de R$ 5,4 bilh\u00f5es, o valor sobrado ap\u00f3s os cortes, inferior a\u00a0R$ 809 milh\u00f5es, foi totalmente usado para amortecer o bloqueio. Sem o uso dessas reservas o corte no or\u00e7amento anunciado nesta segunda teria sido muito maior,\u00a0de R$ 2,251 bilh\u00f5es.<\/p>\n<p>Os t\u00e9cnicos do <strong>minist\u00e9rio da Economia<\/strong> tentaram elaborar solu\u00e7\u00f5es alternativas para evitar a necessidade de um corte no <strong>or\u00e7amento<\/strong> federal. Entretanto, todas as ideias de remanejamento de recursos acabaram n\u00e3o sendo colocadas em pr\u00e1tica.<\/p>\n","protected":false},"excerpt":{"rendered":"<p>O governo federal anunciou nesta segunda-feira (22) o bloqueio de R$ 1,442 bilh\u00e3o do or\u00e7amento. A informa\u00e7\u00e3o foi divulgada pelo minist\u00e9rio da Economia. Agenda do dia Segundo o governo, a decis\u00e3o de bloquear o or\u00e7amento foi decidida por causa do enfraquecimento da\u00a0atividade econ\u00f4mica e a piora na previs\u00e3o de arrecada\u00e7\u00e3o. J\u00e1 nos \u00faltimos dias havia [&hellip;]<\/p>\n","protected":false},"author":9,"featured_media":31733,"comment_status":"closed","ping_status":"closed","sticky":false,"template":"","format":"standard","meta":[],"categories":[61],"tags":[1556,909,1128],"suno_strategy":[],"class_list":["post-31732","post","type-post","status-publish","format-standard","has-post-thumbnail","hentry","category-politica","tag-governo-federal","tag-ministerio-da-economia","tag-orcamento-publico"],"yoast_head":"<!-- This site is optimized with the Yoast SEO plugin v24.4 - https:\/\/yoast.com\/wordpress\/plugins\/seo\/ -->\n<title>Governo decide o bloqueio de R$ 1,4 bilh\u00e3o do or\u00e7amento<\/title>\n<meta name=\"description\" content=\"O governo federal anunciou nesta segunda-feira (22) o bloqueio de R$ 1,442 bilh\u00e3o do or\u00e7amento.Clique aqui para saber mais.\" \/>\n<meta name=\"robots\" content=\"index, follow, max-snippet:-1, max-image-preview:large, max-video-preview:-1\" \/>\n<link rel=\"canonical\" href=\"https:\/\/www.suno.com.br\/noticias\/governo-decide-bloqueio-orcamento\/\" \/>\n<meta property=\"og:locale\" content=\"pt_BR\" \/>\n<meta property=\"og:type\" content=\"article\" \/>\n<meta property=\"og:title\" content=\"Governo decide o bloqueio de R$ 1,4 bilh\u00e3o do or\u00e7amento\" \/>\n<meta property=\"og:description\" content=\"O governo federal anunciou nesta segunda-feira (22) o bloqueio de R$ 1,442 bilh\u00e3o do or\u00e7amento.Clique aqui para saber mais.\" \/>\n<meta property=\"og:url\" content=\"https:\/\/www.suno.com.br\/noticias\/governo-decide-bloqueio-orcamento\/\" \/>\n<meta property=\"og:site_name\" content=\"Suno Not\u00edcias\" \/>\n<meta property=\"article:publisher\" content=\"https:\/\/facebook.com\/sunoresearch\" \/>\n<meta property=\"og:image\" content=\"https:\/\/files.sunoresearch.com.br\/n\/uploads\/2019\/07\/ddd49cb0-x80477883_brasilbrasilia-df02-01-2019novo-letreiro-do-ministerio-da-economia-troca-de-letrei.jpg.pagespeed.ic_.-jqm9qloox.jpg\" \/>\n\t<meta property=\"og:image:width\" content=\"1086\" \/>\n\t<meta property=\"og:image:height\" content=\"652\" \/>\n\t<meta property=\"og:image:type\" content=\"image\/jpeg\" \/>\n<meta name=\"author\" content=\"Carlo Cauti\" \/>\n<meta name=\"twitter:card\" content=\"summary_large_image\" \/>\n<meta name=\"twitter:creator\" content=\"@sunoresearch\" \/>\n<meta name=\"twitter:site\" content=\"@sunoresearch\" \/>\n<meta name=\"twitter:label1\" content=\"Escrito por\" \/>\n\t<meta name=\"twitter:data1\" content=\"Carlo Cauti\" \/>\n\t<meta name=\"twitter:label2\" content=\"Est. tempo de leitura\" \/>\n\t<meta name=\"twitter:data2\" content=\"2 minutos\" \/>\n<script type=\"application\/ld+json\" class=\"yoast-schema-graph\">{\"@context\":\"https:\/\/schema.org\",\"@graph\":[{\"@type\":\"NewsArticle\",\"@id\":\"https:\/\/www.suno.com.br\/noticias\/governo-decide-bloqueio-orcamento\/#article\",\"isPartOf\":{\"@id\":\"https:\/\/www.suno.com.br\/noticias\/governo-decide-bloqueio-orcamento\/\"},\"author\":{\"name\":\"Carlo Cauti\",\"@id\":\"https:\/\/www.suno.com.br\/noticias\/#\/schema\/person\/e6e0f723cc177805027f4566c1d5e0c8\"},\"headline\":\"Governo decide o bloqueio de R$ 1,4 bilh\u00e3o do or\u00e7amento\",\"datePublished\":\"2019-07-22T18:50:26+00:00\",\"dateModified\":\"2019-07-22T22:06:44+00:00\",\"mainEntityOfPage\":{\"@id\":\"https:\/\/www.suno.com.br\/noticias\/governo-decide-bloqueio-orcamento\/\"},\"wordCount\":508,\"publisher\":{\"@id\":\"https:\/\/www.suno.com.br\/noticias\/#organization\"},\"image\":{\"@id\":\"https:\/\/www.suno.com.br\/noticias\/governo-decide-bloqueio-orcamento\/#primaryimage\"},\"thumbnailUrl\":\"https:\/\/files.sunoresearch.com.br\/n\/uploads\/2019\/07\/ddd49cb0-x80477883_brasilbrasilia-df02-01-2019novo-letreiro-do-ministerio-da-economia-troca-de-letrei.jpg.pagespeed.ic_.-jqm9qloox-jpg.webp\",\"keywords\":[\"governo federal\",\"Minist\u00e9rio da Economia\",\"Or\u00e7amento P\u00fablico\"],\"articleSection\":[\"Pol\u00edtica\"],\"inLanguage\":\"pt-BR\"},{\"@type\":\"WebPage\",\"@id\":\"https:\/\/www.suno.com.br\/noticias\/governo-decide-bloqueio-orcamento\/\",\"url\":\"https:\/\/www.suno.com.br\/noticias\/governo-decide-bloqueio-orcamento\/\",\"name\":\"Governo decide o bloqueio de R$ 1,4 bilh\u00e3o do or\u00e7amento\",\"isPartOf\":{\"@id\":\"https:\/\/www.suno.com.br\/noticias\/#website\"},\"primaryImageOfPage\":{\"@id\":\"https:\/\/www.suno.com.br\/noticias\/governo-decide-bloqueio-orcamento\/#primaryimage\"},\"image\":{\"@id\":\"https:\/\/www.suno.com.br\/noticias\/governo-decide-bloqueio-orcamento\/#primaryimage\"},\"thumbnailUrl\":\"https:\/\/files.sunoresearch.com.br\/n\/uploads\/2019\/07\/ddd49cb0-x80477883_brasilbrasilia-df02-01-2019novo-letreiro-do-ministerio-da-economia-troca-de-letrei.jpg.pagespeed.ic_.-jqm9qloox-jpg.webp\",\"datePublished\":\"2019-07-22T18:50:26+00:00\",\"dateModified\":\"2019-07-22T22:06:44+00:00\",\"description\":\"O governo federal anunciou nesta segunda-feira (22) o bloqueio de R$ 1,442 bilh\u00e3o do or\u00e7amento.Clique aqui para saber mais.\",\"breadcrumb\":{\"@id\":\"https:\/\/www.suno.com.br\/noticias\/governo-decide-bloqueio-orcamento\/#breadcrumb\"},\"inLanguage\":\"pt-BR\",\"potentialAction\":[{\"@type\":\"ReadAction\",\"target\":[\"https:\/\/www.suno.com.br\/noticias\/governo-decide-bloqueio-orcamento\/\"]}]},{\"@type\":\"ImageObject\",\"inLanguage\":\"pt-BR\",\"@id\":\"https:\/\/www.suno.com.br\/noticias\/governo-decide-bloqueio-orcamento\/#primaryimage\",\"url\":\"https:\/\/files.sunoresearch.com.br\/n\/uploads\/2019\/07\/ddd49cb0-x80477883_brasilbrasilia-df02-01-2019novo-letreiro-do-ministerio-da-economia-troca-de-letrei.jpg.pagespeed.ic_.-jqm9qloox-jpg.webp\",\"contentUrl\":\"https:\/\/files.sunoresearch.com.br\/n\/uploads\/2019\/07\/ddd49cb0-x80477883_brasilbrasilia-df02-01-2019novo-letreiro-do-ministerio-da-economia-troca-de-letrei.jpg.pagespeed.ic_.-jqm9qloox-jpg.webp\",\"width\":1086,\"height\":652,\"caption\":\"Agenda do dia\"},{\"@type\":\"BreadcrumbList\",\"@id\":\"https:\/\/www.suno.com.br\/noticias\/governo-decide-bloqueio-orcamento\/#breadcrumb\",\"itemListElement\":[{\"@type\":\"ListItem\",\"position\":1,\"name\":\"Not\u00edcias\",\"item\":\"https:\/\/www.suno.com.br\/noticias\/\"},{\"@type\":\"ListItem\",\"position\":2,\"name\":\"Pol\u00edtica\",\"item\":\"https:\/\/www.suno.com.br\/noticias\/politica\/\"},{\"@type\":\"ListItem\",\"position\":3,\"name\":\"Governo decide o bloqueio de R$ 1,4 bilh\u00e3o do or\u00e7amento\"}]},{\"@type\":\"WebSite\",\"@id\":\"https:\/\/www.suno.com.br\/noticias\/#website\",\"url\":\"https:\/\/www.suno.com.br\/noticias\/\",\"name\":\"Suno Not\u00edcias\",\"description\":\"Seu portal de informa\u00e7\u00e3o sobre o mundo dos investimentos\",\"publisher\":{\"@id\":\"https:\/\/www.suno.com.br\/noticias\/#organization\"},\"potentialAction\":[{\"@type\":\"SearchAction\",\"target\":{\"@type\":\"EntryPoint\",\"urlTemplate\":\"https:\/\/www.suno.com.br\/noticias\/?s={search_term_string}\"},\"query-input\":{\"@type\":\"PropertyValueSpecification\",\"valueRequired\":true,\"valueName\":\"search_term_string\"}}],\"inLanguage\":\"pt-BR\"},{\"@type\":\"Organization\",\"@id\":\"https:\/\/www.suno.com.br\/noticias\/#organization\",\"name\":\"Suno Not\u00edcias\",\"url\":\"https:\/\/www.suno.com.br\/noticias\/\",\"logo\":{\"@type\":\"ImageObject\",\"inLanguage\":\"pt-BR\",\"@id\":\"https:\/\/www.suno.com.br\/noticias\/#\/schema\/logo\/image\/\",\"url\":\"https:\/\/files.sunoresearch.com.br\/n\/uploads\/2021\/09\/suno-logo.png\",\"contentUrl\":\"https:\/\/files.sunoresearch.com.br\/n\/uploads\/2021\/09\/suno-logo.png\",\"width\":180,\"height\":180,\"caption\":\"Suno Not\u00edcias\"},\"image\":{\"@id\":\"https:\/\/www.suno.com.br\/noticias\/#\/schema\/logo\/image\/\"},\"sameAs\":[\"https:\/\/facebook.com\/sunoresearch\",\"https:\/\/x.com\/sunoresearch\",\"https:\/\/www.instagram.com\/suno\",\"https:\/\/www.linkedin.com\/company\/suno-research\/\",\"https:\/\/www.youtube.com\/c\/sunoresearch\"]},{\"@type\":\"Person\",\"@id\":\"https:\/\/www.suno.com.br\/noticias\/#\/schema\/person\/e6e0f723cc177805027f4566c1d5e0c8\",\"name\":\"Carlo Cauti\",\"image\":{\"@type\":\"ImageObject\",\"inLanguage\":\"pt-BR\",\"@id\":\"https:\/\/www.suno.com.br\/noticias\/#\/schema\/person\/image\/\",\"url\":\"https:\/\/secure.gravatar.com\/avatar\/3ada9e0bd164c23abd4792a9606d583c?s=96&r=g\",\"contentUrl\":\"https:\/\/secure.gravatar.com\/avatar\/3ada9e0bd164c23abd4792a9606d583c?s=96&r=g\",\"caption\":\"Carlo Cauti\"},\"description\":\"Editor multim\u00eddia do SUNO Not\u00edcias. Italiano, formado em Ci\u00eancias Pol\u00edticas pela universidade LUISS G. Carli de Roma e mestre cum laude em Rela\u00e7\u00f5es Internacionais, Jornalismo Internacional e de Guerra e em Economia Internacional. Concluiu tamb\u00e9m um MBA em Finan\u00e7as na B3. No Brasil, teve passagem por ve\u00edculos como Estad\u00e3o, Globo, Veja e EXAME. e nas ag\u00eancias de not\u00edcias italianas ANSA e NOVA.\",\"url\":\"https:\/\/www.suno.com.br\/noticias\/author\/carlo-cauti\/\"}]}<\/script>\n<!-- \/ Yoast SEO plugin. -->","yoast_head_json":{"title":"Governo decide o bloqueio de R$ 1,4 bilh\u00e3o do or\u00e7amento","description":"O governo federal anunciou nesta segunda-feira (22) o bloqueio de R$ 1,442 bilh\u00e3o do or\u00e7amento.Clique aqui para saber mais.","robots":{"index":"index","follow":"follow","max-snippet":"max-snippet:-1","max-image-preview":"max-image-preview:large","max-video-preview":"max-video-preview:-1"},"canonical":"https:\/\/www.suno.com.br\/noticias\/governo-decide-bloqueio-orcamento\/","og_locale":"pt_BR","og_type":"article","og_title":"Governo decide o bloqueio de R$ 1,4 bilh\u00e3o do or\u00e7amento","og_description":"O governo federal anunciou nesta segunda-feira (22) o bloqueio de R$ 1,442 bilh\u00e3o do or\u00e7amento.Clique aqui para saber mais.","og_url":"https:\/\/www.suno.com.br\/noticias\/governo-decide-bloqueio-orcamento\/","og_site_name":"Suno Not\u00edcias","article_publisher":"https:\/\/facebook.com\/sunoresearch","og_image":[{"width":1086,"height":652,"url":"https:\/\/files.sunoresearch.com.br\/n\/uploads\/2019\/07\/ddd49cb0-x80477883_brasilbrasilia-df02-01-2019novo-letreiro-do-ministerio-da-economia-troca-de-letrei.jpg.pagespeed.ic_.-jqm9qloox.jpg","type":"image\/jpeg"}],"author":"Carlo Cauti","twitter_card":"summary_large_image","twitter_creator":"@sunoresearch","twitter_site":"@sunoresearch","twitter_misc":{"Escrito por":"Carlo Cauti","Est. tempo de leitura":"2 minutos"},"schema":{"@context":"https:\/\/schema.org","@graph":[{"@type":"NewsArticle","@id":"https:\/\/www.suno.com.br\/noticias\/governo-decide-bloqueio-orcamento\/#article","isPartOf":{"@id":"https:\/\/www.suno.com.br\/noticias\/governo-decide-bloqueio-orcamento\/"},"author":{"name":"Carlo Cauti","@id":"https:\/\/www.suno.com.br\/noticias\/#\/schema\/person\/e6e0f723cc177805027f4566c1d5e0c8"},"headline":"Governo decide o bloqueio de R$ 1,4 bilh\u00e3o do or\u00e7amento","datePublished":"2019-07-22T18:50:26+00:00","dateModified":"2019-07-22T22:06:44+00:00","mainEntityOfPage":{"@id":"https:\/\/www.suno.com.br\/noticias\/governo-decide-bloqueio-orcamento\/"},"wordCount":508,"publisher":{"@id":"https:\/\/www.suno.com.br\/noticias\/#organization"},"image":{"@id":"https:\/\/www.suno.com.br\/noticias\/governo-decide-bloqueio-orcamento\/#primaryimage"},"thumbnailUrl":"https:\/\/files.sunoresearch.com.br\/n\/uploads\/2019\/07\/ddd49cb0-x80477883_brasilbrasilia-df02-01-2019novo-letreiro-do-ministerio-da-economia-troca-de-letrei.jpg.pagespeed.ic_.-jqm9qloox-jpg.webp","keywords":["governo federal","Minist\u00e9rio da Economia","Or\u00e7amento P\u00fablico"],"articleSection":["Pol\u00edtica"],"inLanguage":"pt-BR"},{"@type":"WebPage","@id":"https:\/\/www.suno.com.br\/noticias\/governo-decide-bloqueio-orcamento\/","url":"https:\/\/www.suno.com.br\/noticias\/governo-decide-bloqueio-orcamento\/","name":"Governo decide o bloqueio de R$ 1,4 bilh\u00e3o do or\u00e7amento","isPartOf":{"@id":"https:\/\/www.suno.com.br\/noticias\/#website"},"primaryImageOfPage":{"@id":"https:\/\/www.suno.com.br\/noticias\/governo-decide-bloqueio-orcamento\/#primaryimage"},"image":{"@id":"https:\/\/www.suno.com.br\/noticias\/governo-decide-bloqueio-orcamento\/#primaryimage"},"thumbnailUrl":"https:\/\/files.sunoresearch.com.br\/n\/uploads\/2019\/07\/ddd49cb0-x80477883_brasilbrasilia-df02-01-2019novo-letreiro-do-ministerio-da-economia-troca-de-letrei.jpg.pagespeed.ic_.-jqm9qloox-jpg.webp","datePublished":"2019-07-22T18:50:26+00:00","dateModified":"2019-07-22T22:06:44+00:00","description":"O governo federal anunciou nesta segunda-feira (22) o bloqueio de R$ 1,442 bilh\u00e3o do or\u00e7amento.Clique aqui para saber mais.","breadcrumb":{"@id":"https:\/\/www.suno.com.br\/noticias\/governo-decide-bloqueio-orcamento\/#breadcrumb"},"inLanguage":"pt-BR","potentialAction":[{"@type":"ReadAction","target":["https:\/\/www.suno.com.br\/noticias\/governo-decide-bloqueio-orcamento\/"]}]},{"@type":"ImageObject","inLanguage":"pt-BR","@id":"https:\/\/www.suno.com.br\/noticias\/governo-decide-bloqueio-orcamento\/#primaryimage","url":"https:\/\/files.sunoresearch.com.br\/n\/uploads\/2019\/07\/ddd49cb0-x80477883_brasilbrasilia-df02-01-2019novo-letreiro-do-ministerio-da-economia-troca-de-letrei.jpg.pagespeed.ic_.-jqm9qloox-jpg.webp","contentUrl":"https:\/\/files.sunoresearch.com.br\/n\/uploads\/2019\/07\/ddd49cb0-x80477883_brasilbrasilia-df02-01-2019novo-letreiro-do-ministerio-da-economia-troca-de-letrei.jpg.pagespeed.ic_.-jqm9qloox-jpg.webp","width":1086,"height":652,"caption":"Agenda do dia"},{"@type":"BreadcrumbList","@id":"https:\/\/www.suno.com.br\/noticias\/governo-decide-bloqueio-orcamento\/#breadcrumb","itemListElement":[{"@type":"ListItem","position":1,"name":"Not\u00edcias","item":"https:\/\/www.suno.com.br\/noticias\/"},{"@type":"ListItem","position":2,"name":"Pol\u00edtica","item":"https:\/\/www.suno.com.br\/noticias\/politica\/"},{"@type":"ListItem","position":3,"name":"Governo decide o bloqueio de R$ 1,4 bilh\u00e3o do or\u00e7amento"}]},{"@type":"WebSite","@id":"https:\/\/www.suno.com.br\/noticias\/#website","url":"https:\/\/www.suno.com.br\/noticias\/","name":"Suno Not\u00edcias","description":"Seu portal de informa\u00e7\u00e3o sobre o mundo dos investimentos","publisher":{"@id":"https:\/\/www.suno.com.br\/noticias\/#organization"},"potentialAction":[{"@type":"SearchAction","target":{"@type":"EntryPoint","urlTemplate":"https:\/\/www.suno.com.br\/noticias\/?s={search_term_string}"},"query-input":{"@type":"PropertyValueSpecification","valueRequired":true,"valueName":"search_term_string"}}],"inLanguage":"pt-BR"},{"@type":"Organization","@id":"https:\/\/www.suno.com.br\/noticias\/#organization","name":"Suno Not\u00edcias","url":"https:\/\/www.suno.com.br\/noticias\/","logo":{"@type":"ImageObject","inLanguage":"pt-BR","@id":"https:\/\/www.suno.com.br\/noticias\/#\/schema\/logo\/image\/","url":"https:\/\/files.sunoresearch.com.br\/n\/uploads\/2021\/09\/suno-logo.png","contentUrl":"https:\/\/files.sunoresearch.com.br\/n\/uploads\/2021\/09\/suno-logo.png","width":180,"height":180,"caption":"Suno Not\u00edcias"},"image":{"@id":"https:\/\/www.suno.com.br\/noticias\/#\/schema\/logo\/image\/"},"sameAs":["https:\/\/facebook.com\/sunoresearch","https:\/\/x.com\/sunoresearch","https:\/\/www.instagram.com\/suno","https:\/\/www.linkedin.com\/company\/suno-research\/","https:\/\/www.youtube.com\/c\/sunoresearch"]},{"@type":"Person","@id":"https:\/\/www.suno.com.br\/noticias\/#\/schema\/person\/e6e0f723cc177805027f4566c1d5e0c8","name":"Carlo Cauti","image":{"@type":"ImageObject","inLanguage":"pt-BR","@id":"https:\/\/www.suno.com.br\/noticias\/#\/schema\/person\/image\/","url":"https:\/\/secure.gravatar.com\/avatar\/3ada9e0bd164c23abd4792a9606d583c?s=96&r=g","contentUrl":"https:\/\/secure.gravatar.com\/avatar\/3ada9e0bd164c23abd4792a9606d583c?s=96&r=g","caption":"Carlo Cauti"},"description":"Editor multim\u00eddia do SUNO Not\u00edcias. Italiano, formado em Ci\u00eancias Pol\u00edticas pela universidade LUISS G. Carli de Roma e mestre cum laude em Rela\u00e7\u00f5es Internacionais, Jornalismo Internacional e de Guerra e em Economia Internacional. Concluiu tamb\u00e9m um MBA em Finan\u00e7as na B3. No Brasil, teve passagem por ve\u00edculos como Estad\u00e3o, Globo, Veja e EXAME. e nas ag\u00eancias de not\u00edcias italianas ANSA e NOVA.","url":"https:\/\/www.suno.com.br\/noticias\/author\/carlo-cauti\/"}]}},"default_loop_html":"<div class=\"cardsPage__listCard__boxs\"><div class=\"cardsPage__listCard__boxs__img\"><a href=\"https:\/\/www.suno.com.br\/noticias\/governo-decide-bloqueio-orcamento\/\"><img class=\"mask\" src=\"https:\/\/www.suno.com.br\/noticias\/wp-content\/themes\/suno\/resources\/images\/spotlight\/spotlight1img\/bg-mask.png\" alt=\"Image Mask\"\/><img src=\"https:\/\/files.sunoresearch.com.br\/n\/uploads\/2019\/07\/ddd49cb0-x80477883_brasilbrasilia-df02-01-2019novo-letreiro-do-ministerio-da-economia-troca-de-letrei.jpg.pagespeed.ic_.-jqm9qloox-400x200.webp\" alt=\"Governo decide o bloqueio de R$ 1,4 bilh\u00e3o do or\u00e7amento\"\/><\/a><span class=\"spotlightCategory\"><a href=\"https:\/\/www.suno.com.br\/noticias\/politica\/\">Pol\u00edtica<\/a><\/span><\/div><div class=\"cardsPage__listCard__boxs__content\"><a href=\"https:\/\/www.suno.com.br\/noticias\/governo-decide-bloqueio-orcamento\/\"><h2 class=\"content__title\">Governo decide o bloqueio de R$ 1,4 bilh\u00e3o do or\u00e7amento<\/h2><\/a><div class=\"newsContent__article__meta\"><div class=\"newsContent__article__meta__authorBox\"><a href=\"https:\/\/www.suno.com.br\/noticias\/author\/carlo-cauti\/\" class=\"authorBox__avatar noMobi\"><img src=\"https:\/\/files.sunoresearch.com.br\/n\/uploads\/2020\/08\/e3745f9a-perfil-carlo-cauti-150x150.webp\" alt=\"Carlo Cauti\"><\/a><div class=\"authorBox__name\"><span>por\n\t\t\t<a href=\"https:\/\/www.suno.com.br\/noticias\/author\/carlo-cauti\/\"><span itemprop=\"author\">Carlo Cauti<\/span><\/a><\/span><time datetime=\"2019-07-22T15:50:26-03:00\" itemprop=\"datePublished\">22\/07\/2019 15:50<\/time><\/div><\/div><\/div><\/div><\/div>","single_layout":"posts","amp_enabled":true,"_links":{"self":[{"href":"https:\/\/www.suno.com.br\/noticias\/wp-json\/wp\/v2\/posts\/31732"}],"collection":[{"href":"https:\/\/www.suno.com.br\/noticias\/wp-json\/wp\/v2\/posts"}],"about":[{"href":"https:\/\/www.suno.com.br\/noticias\/wp-json\/wp\/v2\/types\/post"}],"author":[{"embeddable":true,"href":"https:\/\/www.suno.com.br\/noticias\/wp-json\/wp\/v2\/users\/9"}],"replies":[{"embeddable":true,"href":"https:\/\/www.suno.com.br\/noticias\/wp-json\/wp\/v2\/comments?post=31732"}],"version-history":[{"count":0,"href":"https:\/\/www.suno.com.br\/noticias\/wp-json\/wp\/v2\/posts\/31732\/revisions"}],"wp:featuredmedia":[{"embeddable":true,"href":"https:\/\/www.suno.com.br\/noticias\/wp-json\/wp\/v2\/media\/31733"}],"wp:attachment":[{"href":"https:\/\/www.suno.com.br\/noticias\/wp-json\/wp\/v2\/media?parent=31732"}],"wp:term":[{"taxonomy":"category","embeddable":true,"href":"https:\/\/www.suno.com.br\/noticias\/wp-json\/wp\/v2\/categories?post=31732"},{"taxonomy":"post_tag","embeddable":true,"href":"https:\/\/www.suno.com.br\/noticias\/wp-json\/wp\/v2\/tags?post=31732"},{"taxonomy":"suno_strategy","embeddable":true,"href":"https:\/\/www.suno.com.br\/noticias\/wp-json\/wp\/v2\/suno_strategy?post=31732"}],"curies":[{"name":"wp","href":"https:\/\/api.w.org\/{rel}","templated":true}]}}