{"id":31726,"date":"2019-07-22T15:51:09","date_gmt":"2019-07-22T18:51:09","guid":{"rendered":"https:\/\/www.suno.com.br\/noticias\/?p=31726"},"modified":"2019-07-22T16:25:03","modified_gmt":"2019-07-22T19:25:03","slug":"cemig-energia-mercado-livre-leilao","status":"publish","type":"post","link":"https:\/\/www.suno.com.br\/noticias\/cemig-energia-mercado-livre-leilao\/","title":{"rendered":"Cemig comprar\u00e1 energia e\u00f3lica e solar no mercado livre atrav\u00e9s de leil\u00e3o"},"content":{"rendered":"<p>A empresa de energia mineira Cemig far\u00e1 um<strong> leil\u00e3o<\/strong> para comprar energia e\u00f3lica e solar no <strong><a href=\"https:\/\/www.suno.com.br\/artigos\/mercado-livre-de-energia\/\">mercado livre<\/a><\/strong>, no dia 13 de setembro. A informa\u00e7\u00e3o foi divulgada nesta segunda-feira (22) pelo jornal &#8220;Valor Econ\u00f4mico&#8221;.<\/p>\t<div class=\"wrapper-featured-image\">\n\t\t<figure class=\"spotlightImg\">\n\n\t\t\t<picture>\n\t\t\t\t<source media=\"(max-width: 768px)\" srcset=\"https:\/\/files.sunoresearch.com.br\/n\/uploads\/2018\/12\/64b6c507-amazonas-energia3-400x200.webp\">\n\t\t\t\t<img loading=\"lazy\" decoding=\"async\" class=\"newsContent__article__imgCapa lazyloadDisabled newsContent__article__imgCapa--noCaption\" src=\"https:\/\/files.sunoresearch.com.br\/n\/uploads\/2018\/12\/64b6c507-amazonas-energia3.jpg\" width=\"800\" height=\"450\" alt=\"Cemig comprar\u00e1 energia e\u00f3lica e solar no mercado livre atrav\u00e9s de leil\u00e3o\" fetchpriority=high \/>\n\t\t\t<\/picture>\n\n\t\t\t<figcaption class=\"wp-caption-text wp-caption-text--hide\">Bolsonaro aprova lei que pro\u00edbe corte de energia sem aviso pr\u00e9vio<\/figcaption>\n\t\t<\/figure>\n\t<\/div>\n\n\n<p>A compra dos recursos el\u00e9tricos apresentar\u00e1 um contrato de at\u00e9 19 anos, valendo entre janeiro de 2023 e dezembro de 2041. A energia ser\u00e1 destinada \u00e0\u00a0<strong>Cemig<\/strong> Gera\u00e7\u00e3o e Transmiss\u00e3o (Cemig GT), respons\u00e1vel pelo transporte de energia aos consumidores.<\/p>\n<p>Para participar do leil\u00e3o, os vendedores precisam comprovar que possuem autoriza\u00e7\u00e3o para esse tipo de venda. Assim,\u00a0devem possuir permiss\u00e3o para vendas com 50% de desconto no custo de transmiss\u00e3o e distribui\u00e7\u00e3o.<\/p>\n\t<p>\n\t\t<a href=\"https:\/\/lp.suno.com.br\/pv\/sr-premium\/trial-1-real\/\" target=\"_blank\" data-element=\"shortcode-suno-banner\" title=\"Banner SUNO, clique e saiba mais\">\n\t\t\t<picture>\n\t\t\t\t<source media=\"(max-width: 500px)\" srcset=\"https:\/\/files.sunoresearch.com.br\/n\/uploads\/2024\/04\/400x300-Banner-Home-2.png\">\n\t\t\t\t<img class=\"newsContent__article__imgCapa newsContent__article__imgCapa--banner\"\n\t\t\t\t\tsrc=\"https:\/\/files.sunoresearch.com.br\/n\/uploads\/2024\/04\/1420x240-Banner-Home-2.png\"\n\t\t\t\t\tdata-promo-id=\"541556\"\t\t\t\t\t\t\t\t\t\twidth='1420' height='240'\t\t\t\t\talt=\"https:\/\/files.sunoresearch.com.br\/n\/uploads\/2024\/04\/1420x240-Banner-Home-2.png\"\n\t\t\t\t>\n\t\t\t<\/picture>\n\t\t<\/a>\n\t<\/p>\n\n\n<p>A Cemig informou que a entrega ocorrer\u00e1 no submercado da regi\u00e3o em que a empresa estiver localizada. No entanto,\u00a0essa condi\u00e7\u00e3o n\u00e3o vale para os empreendimentos situados na regi\u00e3o norte do Pa\u00eds. Nesse caso, ser\u00e1 necess\u00e1rio disponibilizar o recurso em outra regi\u00e3o.<\/p>\n<p>O\u00a0<a href=\"https:\/\/www.suno.com.br\/artigos\/ipca\/\">\u00cdndice Nacional de Pre\u00e7os ao Consumidor Amplo (<strong>IPCA<\/strong>)<\/a>\u00a0ser\u00e1 utilizado para fazer ajustes aos pre\u00e7os da energia anualmente.\u00a0Al\u00e9m disso, o vendedor poder\u00e1 converter o pre\u00e7o do contrato com uma curva de valores decrescentes.<\/p>\n<h2>Redu\u00e7\u00e3o de 1% na tarifa<\/h2>\n<p>A Cemig anunciou na \u00faltima quarta-feira (17) uma redu\u00e7\u00e3o de 1% na ratifa de energia de seus clientes. A diminui\u00e7\u00e3o foi autorizada pelo Tribunal Regional Federal da 1\u00aa Regi\u00e3o.<\/p>\n<p>O TRF1 retirou o <a href=\"https:\/\/www.suno.com.br\/artigos\/icms\/\">Imposto sobre Circula\u00e7\u00e3o de Mercadorias e Servi\u00e7os (ICMS)<\/a>\u00a0do Pasep e Cofins da fatura dos clientes da empresa.<\/p>\n\t<p>\n\t\t<a href=\"https:\/\/lp.suno.com.br\/ebook-como-analisar-uma-acao\/\" target=\"_blank\" data-element=\"shortcode-suno-banner\" title=\"Banner SUNO, clique e saiba mais\">\n\t\t\t<picture>\n\t\t\t\t<source media=\"(max-width: 500px)\" srcset=\"https:\/\/files.sunoresearch.com.br\/n\/uploads\/2023\/03\/Ebook-Acoes-Mobile.jpg\">\n\t\t\t\t<img class=\"newsContent__article__imgCapa newsContent__article__imgCapa--banner\"\n\t\t\t\t\tsrc=\"https:\/\/files.sunoresearch.com.br\/n\/uploads\/2023\/03\/Ebook-Acoes-Desktop.jpg\"\n\t\t\t\t\tdata-promo-id=\"378302\"\t\t\t\t\t\t\t\t\t\twidth='1420' height='286'\t\t\t\t\talt=\"https:\/\/files.sunoresearch.com.br\/n\/uploads\/2023\/03\/Ebook-Acoes-Desktop.jpg\"\n\t\t\t\t>\n\t\t\t<\/picture>\n\t\t<\/a>\n\t<\/p>\n\n\n<p>\u201cSempre ressaltamos que a economia mais expressiva ocorre quando consumimos a energia de modo consciente, sem desperd\u00edcios. Bons h\u00e1bitos na utiliza\u00e7\u00e3o da energia, obtidos sem muito esfor\u00e7o, geram redu\u00e7\u00e3o imediata no valor das contas\u201d, afirmou o gerente de tarifas da Cemig,\u00a0Giordano Bruno.<\/p>\n<h2>Venda de a\u00e7\u00f5es da Light<\/h2>\n<p>A Cemig reduziu sua participa\u00e7\u00e3o na companhia el\u00e9trica Light tamb\u00e9m na \u00faltima semana.\u00a0A companhia detinha 49,99% da el\u00e9trica e agora ter\u00e1 22,6%, por meio da oferta p\u00fablica de a\u00e7\u00f5es.<\/p>\n<p><a href=\"https:\/\/www.suno.com.br\/noticias\/cemig-vende-acoes-light\/\">Saiba mais: Cemig vende parte de suas a\u00e7\u00f5es da Light e ter\u00e1 22,6% da empresa<\/a><\/p>\n<p>Conforme divulgado pela Light, a negocia\u00e7\u00e3o movimentou 100 milh\u00f5es de novos pap\u00e9is da empresa e outros 33,33 milh\u00f5es que pertenciam a Cemig. O valor de cada a\u00e7\u00e3o foi fixado em R$ 18,75.<\/p>\n<p>A Cemig afirmou que a venda de sua participa\u00e7\u00e3o na Light faz parte de seu programa de <strong>desinvestimentos<\/strong>\u00a0que est\u00e1 em execu\u00e7\u00e3o e j\u00e1 havia sido divulgado ao mercado.<\/p>\n","protected":false},"excerpt":{"rendered":"<p>A empresa de energia mineira Cemig far\u00e1 um leil\u00e3o para comprar energia e\u00f3lica e solar no mercado livre, no dia 13 de setembro. A informa\u00e7\u00e3o foi divulgada nesta segunda-feira (22) pelo jornal &#8220;Valor Econ\u00f4mico&#8221;. Bolsonaro aprova lei que pro\u00edbe corte de energia sem aviso pr\u00e9vio A compra dos recursos el\u00e9tricos apresentar\u00e1 um contrato de at\u00e9 [&hellip;]<\/p>\n","protected":false},"author":18,"featured_media":8369,"comment_status":"closed","ping_status":"closed","sticky":false,"template":"","format":"standard","meta":[],"categories":[64],"tags":[420,966,1235],"suno_strategy":[],"class_list":["post-31726","post","type-post","status-publish","format-standard","has-post-thumbnail","hentry","category-negocios","tag-cemig-cmig3-cmig4","tag-ipca","tag-mercado-livre-meli34"],"yoast_head":"<!-- This site is optimized with the Yoast SEO plugin v24.4 - https:\/\/yoast.com\/wordpress\/plugins\/seo\/ -->\n<title>Cemig comprar\u00e1 energia e\u00f3lica e solar no mercado livre atrav\u00e9s de leil\u00e3o<\/title>\n<meta name=\"description\" content=\"A empresa de energia mineira Cemig far\u00e1 um leil\u00e3o para comprar energia e\u00f3lica e solar no dia 13 de setembro. Clique para saber mais.\" \/>\n<meta name=\"robots\" content=\"index, follow, max-snippet:-1, max-image-preview:large, max-video-preview:-1\" \/>\n<link rel=\"canonical\" href=\"https:\/\/www.suno.com.br\/noticias\/cemig-energia-mercado-livre-leilao\/\" \/>\n<meta property=\"og:locale\" content=\"pt_BR\" \/>\n<meta property=\"og:type\" content=\"article\" \/>\n<meta property=\"og:title\" content=\"Cemig comprar\u00e1 energia e\u00f3lica e solar no mercado livre atrav\u00e9s de leil\u00e3o\" \/>\n<meta property=\"og:description\" content=\"A empresa de energia mineira Cemig far\u00e1 um leil\u00e3o para comprar energia e\u00f3lica e solar no dia 13 de setembro. Clique para saber mais.\" \/>\n<meta property=\"og:url\" content=\"https:\/\/www.suno.com.br\/noticias\/cemig-energia-mercado-livre-leilao\/\" \/>\n<meta property=\"og:site_name\" content=\"Suno Not\u00edcias\" \/>\n<meta property=\"article:publisher\" content=\"https:\/\/facebook.com\/sunoresearch\" \/>\n<meta property=\"og:image\" content=\"https:\/\/files.sunoresearch.com.br\/n\/uploads\/2018\/12\/64b6c507-amazonas-energia3.jpg\" \/>\n\t<meta property=\"og:image:width\" content=\"610\" \/>\n\t<meta property=\"og:image:height\" content=\"406\" \/>\n\t<meta property=\"og:image:type\" content=\"image\/jpeg\" \/>\n<meta name=\"author\" content=\"Giovanna Oliveira\" \/>\n<meta name=\"twitter:card\" content=\"summary_large_image\" \/>\n<meta name=\"twitter:creator\" content=\"@sunoresearch\" \/>\n<meta name=\"twitter:site\" content=\"@sunoresearch\" \/>\n<meta name=\"twitter:label1\" content=\"Escrito por\" \/>\n\t<meta name=\"twitter:data1\" content=\"Giovanna Oliveira\" \/>\n\t<meta name=\"twitter:label2\" content=\"Est. tempo de leitura\" \/>\n\t<meta name=\"twitter:data2\" content=\"2 minutos\" \/>\n<script type=\"application\/ld+json\" class=\"yoast-schema-graph\">{\"@context\":\"https:\/\/schema.org\",\"@graph\":[{\"@type\":\"NewsArticle\",\"@id\":\"https:\/\/www.suno.com.br\/noticias\/cemig-energia-mercado-livre-leilao\/#article\",\"isPartOf\":{\"@id\":\"https:\/\/www.suno.com.br\/noticias\/cemig-energia-mercado-livre-leilao\/\"},\"author\":{\"name\":\"Giovanna Oliveira\",\"@id\":\"https:\/\/www.suno.com.br\/noticias\/#\/schema\/person\/4e19e3d2575736e5283d58eb3199d120\"},\"headline\":\"Cemig comprar\u00e1 energia e\u00f3lica e solar no mercado livre atrav\u00e9s de leil\u00e3o\",\"datePublished\":\"2019-07-22T18:51:09+00:00\",\"dateModified\":\"2019-07-22T19:25:03+00:00\",\"mainEntityOfPage\":{\"@id\":\"https:\/\/www.suno.com.br\/noticias\/cemig-energia-mercado-livre-leilao\/\"},\"wordCount\":446,\"publisher\":{\"@id\":\"https:\/\/www.suno.com.br\/noticias\/#organization\"},\"image\":{\"@id\":\"https:\/\/www.suno.com.br\/noticias\/cemig-energia-mercado-livre-leilao\/#primaryimage\"},\"thumbnailUrl\":\"https:\/\/files.sunoresearch.com.br\/n\/uploads\/2018\/12\/64b6c507-amazonas-energia3.jpg\",\"keywords\":[\"Cemig (CMIG3\/CMIG4)\",\"IPCA\",\"Mercado Livre (MELI34)\"],\"articleSection\":[\"Neg\u00f3cios\"],\"inLanguage\":\"pt-BR\"},{\"@type\":\"WebPage\",\"@id\":\"https:\/\/www.suno.com.br\/noticias\/cemig-energia-mercado-livre-leilao\/\",\"url\":\"https:\/\/www.suno.com.br\/noticias\/cemig-energia-mercado-livre-leilao\/\",\"name\":\"Cemig comprar\u00e1 energia e\u00f3lica e solar no mercado livre atrav\u00e9s de leil\u00e3o\",\"isPartOf\":{\"@id\":\"https:\/\/www.suno.com.br\/noticias\/#website\"},\"primaryImageOfPage\":{\"@id\":\"https:\/\/www.suno.com.br\/noticias\/cemig-energia-mercado-livre-leilao\/#primaryimage\"},\"image\":{\"@id\":\"https:\/\/www.suno.com.br\/noticias\/cemig-energia-mercado-livre-leilao\/#primaryimage\"},\"thumbnailUrl\":\"https:\/\/files.sunoresearch.com.br\/n\/uploads\/2018\/12\/64b6c507-amazonas-energia3.jpg\",\"datePublished\":\"2019-07-22T18:51:09+00:00\",\"dateModified\":\"2019-07-22T19:25:03+00:00\",\"description\":\"A empresa de energia mineira Cemig far\u00e1 um leil\u00e3o para comprar energia e\u00f3lica e solar no dia 13 de setembro. Clique para saber mais.\",\"breadcrumb\":{\"@id\":\"https:\/\/www.suno.com.br\/noticias\/cemig-energia-mercado-livre-leilao\/#breadcrumb\"},\"inLanguage\":\"pt-BR\",\"potentialAction\":[{\"@type\":\"ReadAction\",\"target\":[\"https:\/\/www.suno.com.br\/noticias\/cemig-energia-mercado-livre-leilao\/\"]}]},{\"@type\":\"ImageObject\",\"inLanguage\":\"pt-BR\",\"@id\":\"https:\/\/www.suno.com.br\/noticias\/cemig-energia-mercado-livre-leilao\/#primaryimage\",\"url\":\"https:\/\/files.sunoresearch.com.br\/n\/uploads\/2018\/12\/64b6c507-amazonas-energia3.jpg\",\"contentUrl\":\"https:\/\/files.sunoresearch.com.br\/n\/uploads\/2018\/12\/64b6c507-amazonas-energia3.jpg\",\"width\":610,\"height\":406,\"caption\":\"Bolsonaro aprova lei que pro\u00edbe corte de energia sem aviso pr\u00e9vio\"},{\"@type\":\"BreadcrumbList\",\"@id\":\"https:\/\/www.suno.com.br\/noticias\/cemig-energia-mercado-livre-leilao\/#breadcrumb\",\"itemListElement\":[{\"@type\":\"ListItem\",\"position\":1,\"name\":\"Not\u00edcias\",\"item\":\"https:\/\/www.suno.com.br\/noticias\/\"},{\"@type\":\"ListItem\",\"position\":2,\"name\":\"Neg\u00f3cios\",\"item\":\"https:\/\/www.suno.com.br\/noticias\/negocios\/\"},{\"@type\":\"ListItem\",\"position\":3,\"name\":\"Cemig comprar\u00e1 energia e\u00f3lica e solar no mercado livre atrav\u00e9s de leil\u00e3o\"}]},{\"@type\":\"WebSite\",\"@id\":\"https:\/\/www.suno.com.br\/noticias\/#website\",\"url\":\"https:\/\/www.suno.com.br\/noticias\/\",\"name\":\"Suno Not\u00edcias\",\"description\":\"Seu portal de informa\u00e7\u00e3o sobre o mundo dos investimentos\",\"publisher\":{\"@id\":\"https:\/\/www.suno.com.br\/noticias\/#organization\"},\"potentialAction\":[{\"@type\":\"SearchAction\",\"target\":{\"@type\":\"EntryPoint\",\"urlTemplate\":\"https:\/\/www.suno.com.br\/noticias\/?s={search_term_string}\"},\"query-input\":{\"@type\":\"PropertyValueSpecification\",\"valueRequired\":true,\"valueName\":\"search_term_string\"}}],\"inLanguage\":\"pt-BR\"},{\"@type\":\"Organization\",\"@id\":\"https:\/\/www.suno.com.br\/noticias\/#organization\",\"name\":\"Suno Not\u00edcias\",\"url\":\"https:\/\/www.suno.com.br\/noticias\/\",\"logo\":{\"@type\":\"ImageObject\",\"inLanguage\":\"pt-BR\",\"@id\":\"https:\/\/www.suno.com.br\/noticias\/#\/schema\/logo\/image\/\",\"url\":\"https:\/\/files.sunoresearch.com.br\/n\/uploads\/2021\/09\/suno-logo.png\",\"contentUrl\":\"https:\/\/files.sunoresearch.com.br\/n\/uploads\/2021\/09\/suno-logo.png\",\"width\":180,\"height\":180,\"caption\":\"Suno Not\u00edcias\"},\"image\":{\"@id\":\"https:\/\/www.suno.com.br\/noticias\/#\/schema\/logo\/image\/\"},\"sameAs\":[\"https:\/\/facebook.com\/sunoresearch\",\"https:\/\/x.com\/sunoresearch\",\"https:\/\/www.instagram.com\/suno\",\"https:\/\/www.linkedin.com\/company\/suno-research\/\",\"https:\/\/www.youtube.com\/c\/sunoresearch\"]},{\"@type\":\"Person\",\"@id\":\"https:\/\/www.suno.com.br\/noticias\/#\/schema\/person\/4e19e3d2575736e5283d58eb3199d120\",\"name\":\"Giovanna Oliveira\",\"image\":{\"@type\":\"ImageObject\",\"inLanguage\":\"pt-BR\",\"@id\":\"https:\/\/www.suno.com.br\/noticias\/#\/schema\/person\/image\/\",\"url\":\"https:\/\/secure.gravatar.com\/avatar\/9a37b3ae208962ac568992d0ffdbc2eb?s=96&r=g\",\"contentUrl\":\"https:\/\/secure.gravatar.com\/avatar\/9a37b3ae208962ac568992d0ffdbc2eb?s=96&r=g\",\"caption\":\"Giovanna Oliveira\"},\"description\":\"Giovanna Oliveira escreve sobre economia e pol\u00edtica. Foi rep\u00f3rter do portal de jornalismo da ESPM-SP e produziu conte\u00fado para a Corinthians TV. \u00c9 estudante da ESPM.\",\"url\":\"https:\/\/www.suno.com.br\/noticias\/author\/giovanna\/\"}]}<\/script>\n<!-- \/ Yoast SEO plugin. -->","yoast_head_json":{"title":"Cemig comprar\u00e1 energia e\u00f3lica e solar no mercado livre atrav\u00e9s de leil\u00e3o","description":"A empresa de energia mineira Cemig far\u00e1 um leil\u00e3o para comprar energia e\u00f3lica e solar no dia 13 de setembro. Clique para saber mais.","robots":{"index":"index","follow":"follow","max-snippet":"max-snippet:-1","max-image-preview":"max-image-preview:large","max-video-preview":"max-video-preview:-1"},"canonical":"https:\/\/www.suno.com.br\/noticias\/cemig-energia-mercado-livre-leilao\/","og_locale":"pt_BR","og_type":"article","og_title":"Cemig comprar\u00e1 energia e\u00f3lica e solar no mercado livre atrav\u00e9s de leil\u00e3o","og_description":"A empresa de energia mineira Cemig far\u00e1 um leil\u00e3o para comprar energia e\u00f3lica e solar no dia 13 de setembro. Clique para saber mais.","og_url":"https:\/\/www.suno.com.br\/noticias\/cemig-energia-mercado-livre-leilao\/","og_site_name":"Suno Not\u00edcias","article_publisher":"https:\/\/facebook.com\/sunoresearch","og_image":[{"width":610,"height":406,"url":"https:\/\/files.sunoresearch.com.br\/n\/uploads\/2018\/12\/64b6c507-amazonas-energia3.jpg","type":"image\/jpeg"}],"author":"Giovanna Oliveira","twitter_card":"summary_large_image","twitter_creator":"@sunoresearch","twitter_site":"@sunoresearch","twitter_misc":{"Escrito por":"Giovanna Oliveira","Est. tempo de leitura":"2 minutos"},"schema":{"@context":"https:\/\/schema.org","@graph":[{"@type":"NewsArticle","@id":"https:\/\/www.suno.com.br\/noticias\/cemig-energia-mercado-livre-leilao\/#article","isPartOf":{"@id":"https:\/\/www.suno.com.br\/noticias\/cemig-energia-mercado-livre-leilao\/"},"author":{"name":"Giovanna Oliveira","@id":"https:\/\/www.suno.com.br\/noticias\/#\/schema\/person\/4e19e3d2575736e5283d58eb3199d120"},"headline":"Cemig comprar\u00e1 energia e\u00f3lica e solar no mercado livre atrav\u00e9s de leil\u00e3o","datePublished":"2019-07-22T18:51:09+00:00","dateModified":"2019-07-22T19:25:03+00:00","mainEntityOfPage":{"@id":"https:\/\/www.suno.com.br\/noticias\/cemig-energia-mercado-livre-leilao\/"},"wordCount":446,"publisher":{"@id":"https:\/\/www.suno.com.br\/noticias\/#organization"},"image":{"@id":"https:\/\/www.suno.com.br\/noticias\/cemig-energia-mercado-livre-leilao\/#primaryimage"},"thumbnailUrl":"https:\/\/files.sunoresearch.com.br\/n\/uploads\/2018\/12\/64b6c507-amazonas-energia3.jpg","keywords":["Cemig (CMIG3\/CMIG4)","IPCA","Mercado Livre (MELI34)"],"articleSection":["Neg\u00f3cios"],"inLanguage":"pt-BR"},{"@type":"WebPage","@id":"https:\/\/www.suno.com.br\/noticias\/cemig-energia-mercado-livre-leilao\/","url":"https:\/\/www.suno.com.br\/noticias\/cemig-energia-mercado-livre-leilao\/","name":"Cemig comprar\u00e1 energia e\u00f3lica e solar no mercado livre atrav\u00e9s de leil\u00e3o","isPartOf":{"@id":"https:\/\/www.suno.com.br\/noticias\/#website"},"primaryImageOfPage":{"@id":"https:\/\/www.suno.com.br\/noticias\/cemig-energia-mercado-livre-leilao\/#primaryimage"},"image":{"@id":"https:\/\/www.suno.com.br\/noticias\/cemig-energia-mercado-livre-leilao\/#primaryimage"},"thumbnailUrl":"https:\/\/files.sunoresearch.com.br\/n\/uploads\/2018\/12\/64b6c507-amazonas-energia3.jpg","datePublished":"2019-07-22T18:51:09+00:00","dateModified":"2019-07-22T19:25:03+00:00","description":"A empresa de energia mineira Cemig far\u00e1 um leil\u00e3o para comprar energia e\u00f3lica e solar no dia 13 de setembro. Clique para saber mais.","breadcrumb":{"@id":"https:\/\/www.suno.com.br\/noticias\/cemig-energia-mercado-livre-leilao\/#breadcrumb"},"inLanguage":"pt-BR","potentialAction":[{"@type":"ReadAction","target":["https:\/\/www.suno.com.br\/noticias\/cemig-energia-mercado-livre-leilao\/"]}]},{"@type":"ImageObject","inLanguage":"pt-BR","@id":"https:\/\/www.suno.com.br\/noticias\/cemig-energia-mercado-livre-leilao\/#primaryimage","url":"https:\/\/files.sunoresearch.com.br\/n\/uploads\/2018\/12\/64b6c507-amazonas-energia3.jpg","contentUrl":"https:\/\/files.sunoresearch.com.br\/n\/uploads\/2018\/12\/64b6c507-amazonas-energia3.jpg","width":610,"height":406,"caption":"Bolsonaro aprova lei que pro\u00edbe corte de energia sem aviso pr\u00e9vio"},{"@type":"BreadcrumbList","@id":"https:\/\/www.suno.com.br\/noticias\/cemig-energia-mercado-livre-leilao\/#breadcrumb","itemListElement":[{"@type":"ListItem","position":1,"name":"Not\u00edcias","item":"https:\/\/www.suno.com.br\/noticias\/"},{"@type":"ListItem","position":2,"name":"Neg\u00f3cios","item":"https:\/\/www.suno.com.br\/noticias\/negocios\/"},{"@type":"ListItem","position":3,"name":"Cemig comprar\u00e1 energia e\u00f3lica e solar no mercado livre atrav\u00e9s de leil\u00e3o"}]},{"@type":"WebSite","@id":"https:\/\/www.suno.com.br\/noticias\/#website","url":"https:\/\/www.suno.com.br\/noticias\/","name":"Suno Not\u00edcias","description":"Seu portal de informa\u00e7\u00e3o sobre o mundo dos investimentos","publisher":{"@id":"https:\/\/www.suno.com.br\/noticias\/#organization"},"potentialAction":[{"@type":"SearchAction","target":{"@type":"EntryPoint","urlTemplate":"https:\/\/www.suno.com.br\/noticias\/?s={search_term_string}"},"query-input":{"@type":"PropertyValueSpecification","valueRequired":true,"valueName":"search_term_string"}}],"inLanguage":"pt-BR"},{"@type":"Organization","@id":"https:\/\/www.suno.com.br\/noticias\/#organization","name":"Suno Not\u00edcias","url":"https:\/\/www.suno.com.br\/noticias\/","logo":{"@type":"ImageObject","inLanguage":"pt-BR","@id":"https:\/\/www.suno.com.br\/noticias\/#\/schema\/logo\/image\/","url":"https:\/\/files.sunoresearch.com.br\/n\/uploads\/2021\/09\/suno-logo.png","contentUrl":"https:\/\/files.sunoresearch.com.br\/n\/uploads\/2021\/09\/suno-logo.png","width":180,"height":180,"caption":"Suno Not\u00edcias"},"image":{"@id":"https:\/\/www.suno.com.br\/noticias\/#\/schema\/logo\/image\/"},"sameAs":["https:\/\/facebook.com\/sunoresearch","https:\/\/x.com\/sunoresearch","https:\/\/www.instagram.com\/suno","https:\/\/www.linkedin.com\/company\/suno-research\/","https:\/\/www.youtube.com\/c\/sunoresearch"]},{"@type":"Person","@id":"https:\/\/www.suno.com.br\/noticias\/#\/schema\/person\/4e19e3d2575736e5283d58eb3199d120","name":"Giovanna Oliveira","image":{"@type":"ImageObject","inLanguage":"pt-BR","@id":"https:\/\/www.suno.com.br\/noticias\/#\/schema\/person\/image\/","url":"https:\/\/secure.gravatar.com\/avatar\/9a37b3ae208962ac568992d0ffdbc2eb?s=96&r=g","contentUrl":"https:\/\/secure.gravatar.com\/avatar\/9a37b3ae208962ac568992d0ffdbc2eb?s=96&r=g","caption":"Giovanna Oliveira"},"description":"Giovanna Oliveira escreve sobre economia e pol\u00edtica. Foi rep\u00f3rter do portal de jornalismo da ESPM-SP e produziu conte\u00fado para a Corinthians TV. \u00c9 estudante da ESPM.","url":"https:\/\/www.suno.com.br\/noticias\/author\/giovanna\/"}]}},"default_loop_html":"<div class=\"cardsPage__listCard__boxs\"><div class=\"cardsPage__listCard__boxs__img\"><a href=\"https:\/\/www.suno.com.br\/noticias\/cemig-energia-mercado-livre-leilao\/\"><img class=\"mask\" src=\"https:\/\/www.suno.com.br\/noticias\/wp-content\/themes\/suno\/resources\/images\/spotlight\/spotlight1img\/bg-mask.png\" alt=\"Image Mask\"\/><img src=\"https:\/\/files.sunoresearch.com.br\/n\/uploads\/2018\/12\/64b6c507-amazonas-energia3-400x200.webp\" alt=\"Cemig comprar\u00e1 energia e\u00f3lica e solar no mercado livre atrav\u00e9s de leil\u00e3o\"\/><\/a><span class=\"spotlightCategory\"><a href=\"https:\/\/www.suno.com.br\/noticias\/negocios\/\">Neg\u00f3cios<\/a><\/span><\/div><div class=\"cardsPage__listCard__boxs__content\"><a href=\"https:\/\/www.suno.com.br\/noticias\/cemig-energia-mercado-livre-leilao\/\"><h2 class=\"content__title\">Cemig comprar\u00e1 energia e\u00f3lica e solar no mercado livre atrav\u00e9s de leil\u00e3o<\/h2><\/a><div class=\"newsContent__article__meta\"><div class=\"newsContent__article__meta__authorBox\"><a href=\"https:\/\/www.suno.com.br\/noticias\/author\/giovanna\/\" class=\"authorBox__avatar noMobi\"><img src=\"https:\/\/files.sunoresearch.com.br\/n\/uploads\/2019\/06\/952a89ca-screenshot_20190608-171507-150x150.webp\" alt=\"Giovanna Oliveira\"><\/a><div class=\"authorBox__name\"><span>por\n\t\t\t<a href=\"https:\/\/www.suno.com.br\/noticias\/author\/giovanna\/\"><span itemprop=\"author\">Giovanna Oliveira<\/span><\/a><\/span><time datetime=\"2019-07-22T15:51:09-03:00\" itemprop=\"datePublished\">22\/07\/2019 15:51<\/time><\/div><\/div><\/div><\/div><\/div>","single_layout":"posts","amp_enabled":true,"_links":{"self":[{"href":"https:\/\/www.suno.com.br\/noticias\/wp-json\/wp\/v2\/posts\/31726"}],"collection":[{"href":"https:\/\/www.suno.com.br\/noticias\/wp-json\/wp\/v2\/posts"}],"about":[{"href":"https:\/\/www.suno.com.br\/noticias\/wp-json\/wp\/v2\/types\/post"}],"author":[{"embeddable":true,"href":"https:\/\/www.suno.com.br\/noticias\/wp-json\/wp\/v2\/users\/18"}],"replies":[{"embeddable":true,"href":"https:\/\/www.suno.com.br\/noticias\/wp-json\/wp\/v2\/comments?post=31726"}],"version-history":[{"count":0,"href":"https:\/\/www.suno.com.br\/noticias\/wp-json\/wp\/v2\/posts\/31726\/revisions"}],"wp:featuredmedia":[{"embeddable":true,"href":"https:\/\/www.suno.com.br\/noticias\/wp-json\/wp\/v2\/media\/8369"}],"wp:attachment":[{"href":"https:\/\/www.suno.com.br\/noticias\/wp-json\/wp\/v2\/media?parent=31726"}],"wp:term":[{"taxonomy":"category","embeddable":true,"href":"https:\/\/www.suno.com.br\/noticias\/wp-json\/wp\/v2\/categories?post=31726"},{"taxonomy":"post_tag","embeddable":true,"href":"https:\/\/www.suno.com.br\/noticias\/wp-json\/wp\/v2\/tags?post=31726"},{"taxonomy":"suno_strategy","embeddable":true,"href":"https:\/\/www.suno.com.br\/noticias\/wp-json\/wp\/v2\/suno_strategy?post=31726"}],"curies":[{"name":"wp","href":"https:\/\/api.w.org\/{rel}","templated":true}]}}