{"id":316965,"date":"2022-11-09T09:32:19","date_gmt":"2022-11-09T12:32:19","guid":{"rendered":"https:\/\/www.suno.com.br\/noticias\/?p=316965"},"modified":"2022-11-09T09:32:19","modified_gmt":"2022-11-09T12:32:19","slug":"meta-m1ta34-demite-funcionarios-zuckerberg","status":"publish","type":"post","link":"https:\/\/www.suno.com.br\/noticias\/meta-m1ta34-demite-funcionarios-zuckerberg\/","title":{"rendered":"Meta (M1TA34) demite 13% de seus funcion\u00e1rios; cerca de 11 mil, diz Zuckerberg"},"content":{"rendered":"<p>A <strong>Meta Platforms (M1TA34)<\/strong>, conglomerado de tecnologia dono do Facebook, Instagram e WhatsApp, anunciou nesta quarta-feira, 9, a decis\u00e3o de <strong>demitir 13% de seus funcion\u00e1rios<\/strong>, em carta do CEO Mark Zuckerberg. Cerca de 11 mil &#8220;funcion\u00e1rios talentosos&#8221; ser\u00e3o demitidos, disse ele.<\/p>\t<div class=\"wrapper-featured-image\">\n\t\t<figure class=\"spotlightImg\">\n\n\t\t\t<picture>\n\t\t\t\t<source media=\"(max-width: 768px)\" srcset=\"https:\/\/files.sunoresearch.com.br\/n\/uploads\/2022\/02\/41793468182_b8c6a37f18_o-400x200.jpg\">\n\t\t\t\t<img loading=\"lazy\" decoding=\"async\" class=\"newsContent__article__imgCapa lazyloadDisabled \" src=\"https:\/\/files.sunoresearch.com.br\/n\/uploads\/2022\/02\/41793468182_b8c6a37f18_o-800x450.jpg\" width=\"800\" height=\"450\" alt=\"Meta (M1TA34) demite 13% de seus funcion\u00e1rios; cerca de 11 mil, diz Zuckerberg\" fetchpriority=high \/>\n\t\t\t<\/picture>\n\n\t\t\t<figcaption class=\"wp-caption-text wp-caption-text--show\">Meta (M1TA34), dona do Facebook (FBOK34). Foto: Anthony Quintano\/CC<\/figcaption>\n\t\t<\/figure>\n\t<\/div>\n\n\n\t<p>\n\t\t<a href=\"https:\/\/lp2.suno.com.br\/cl\/black-friday-2025\/?utm_campaign=_SNCDF0E4858_\" target=\"_blank\" data-element=\"shortcode-suno-banner\" title=\"Banner SUNO, clique e saiba mais\">\n\t\t\t<picture>\n\t\t\t\t<source media=\"(max-width: 500px)\" srcset=\"https:\/\/files.sunoresearch.com.br\/n\/uploads\/2025\/10\/Artigos-e-Noticias-Banner-Home-artigos-01-Mobile_-400x300-1-png.webp\">\n\t\t\t\t<img class=\"newsContent__article__imgCapa newsContent__article__imgCapa--banner\"\n\t\t\t\t\tsrc=\"https:\/\/files.sunoresearch.com.br\/n\/uploads\/2025\/10\/Artigos-e-Noticias-Banner-Home-artigos-01-Desktop_-1420x240-1-png.webp\"\n\t\t\t\t\tdata-promo-id=\"311259\"\t\t\t\t\t\t\t\t\t\twidth='1420' height='240'\t\t\t\t\talt=\"https:\/\/files.sunoresearch.com.br\/n\/uploads\/2025\/10\/Artigos-e-Noticias-Banner-Home-artigos-01-Desktop_-1420x240-1-png.webp\"\n\t\t\t\t>\n\t\t\t<\/picture>\n\t\t<\/a>\n\t<\/p>\n\n\n<p>A Meta tamb\u00e9m decidiu cortar gastos discricion\u00e1rios e estender o congelamento de contrata\u00e7\u00f5es ao longo de todo o primeiro trimestre de 2023, decis\u00f5es que tornar\u00e3o a empresa &#8220;mais eficiente&#8221;, de acordo com Zuckerberg.<\/p>\n<p>O CEO ponderou que as decis\u00f5es ocorrem ap\u00f3s uma receita bem abaixo do que ele esperava no terceiro trimestre deste ano. No per\u00edodo, o lucro l\u00edquido da <i>big tech<\/i> caiu abaixo da metade em compara\u00e7\u00e3o com o mesmo trimestre do ano passado, enquanto a receita reduziu 4%.<\/p>\n<p>&#8220;No in\u00edcio da pandemia de covid-19, o mundo mudou rapidamente para o online e o aumento do com\u00e9rcio eletr\u00f4nico levou a um crescimento desproporcional da receita. Muitas pessoas previram que essa seria uma acelera\u00e7\u00e3o permanente que continuaria mesmo ap\u00f3s o t\u00e9rmino da pandemia. Eu tamb\u00e9m, ent\u00e3o tomei a decis\u00e3o de aumentar significativamente nossos investimentos. Infelizmente, isso n\u00e3o aconteceu do jeito que eu esperava&#8221;, admite Zuckerberg.<\/p>\n<p>As demiss\u00f5es e outras medidas de conten\u00e7\u00e3o de gastos agradaram investidores, e a a\u00e7\u00e3o da <strong>Meta<\/strong> subia 3,88% no pr\u00e9-mercado das bolsas de Nova York, \u00e0s 08h31 (de Bras\u00edlia).<\/p>\n<p class=\"newsProviderSignature\">Com Estad\u00e3o Conte\u00fado<\/p>\n\t<p>\n\t\t<a href=\"https:\/\/lp.suno.com.br\/ebook-como-analisar-uma-acao\/\" target=\"_blank\" data-element=\"shortcode-suno-banner\" title=\"Banner SUNO, clique e saiba mais\">\n\t\t\t<picture>\n\t\t\t\t<source media=\"(max-width: 500px)\" srcset=\"https:\/\/files.sunoresearch.com.br\/n\/uploads\/2023\/12\/Ebook-Acoes-Mobile.jpg\">\n\t\t\t\t<img class=\"newsContent__article__imgCapa newsContent__article__imgCapa--banner\"\n\t\t\t\t\tsrc=\"https:\/\/files.sunoresearch.com.br\/n\/uploads\/2023\/12\/Ebook-Acoes-Desktop.webp\"\n\t\t\t\t\tdata-promo-id=\"311260\"\t\t\t\t\t\t\t\t\t\twidth='1420' height='286'\t\t\t\t\talt=\"https:\/\/files.sunoresearch.com.br\/n\/uploads\/2023\/12\/Ebook-Acoes-Desktop.webp\"\n\t\t\t\t>\n\t\t\t<\/picture>\n\t\t<\/a>\n\t<\/p>\n\n\n","protected":false},"excerpt":{"rendered":"<p>A Meta Platforms (M1TA34), conglomerado de tecnologia dono do Facebook, Instagram e WhatsApp, anunciou nesta quarta-feira, 9, a decis\u00e3o de demitir 13% de seus funcion\u00e1rios, em carta do CEO Mark Zuckerberg. Cerca de 11 mil &#8220;funcion\u00e1rios talentosos&#8221; ser\u00e3o demitidos, disse ele. Meta (M1TA34), dona do Facebook (FBOK34). Foto: Anthony Quintano\/CC A Meta tamb\u00e9m decidiu cortar [&hellip;]<\/p>\n","protected":false},"author":43,"featured_media":228474,"comment_status":"closed","ping_status":"closed","sticky":false,"template":"","format":"standard","meta":[],"categories":[64],"tags":[2625,733],"suno_strategy":[],"class_list":["post-316965","post","type-post","status-publish","format-standard","has-post-thumbnail","hentry","category-negocios","tag-demissoes","tag-facebook-fbok34"],"yoast_head":"<!-- This site is optimized with the Yoast SEO plugin v24.4 - https:\/\/yoast.com\/wordpress\/plugins\/seo\/ -->\n<title>Meta (M1TA34) demite 13% de seus funcion\u00e1rios; cerca de 11 mil, diz Zuckerberg<\/title>\n<meta name=\"description\" content=\"Meta, dona do Facebook, Instagram e Whatsapp, demite 11 mil funcion\u00e1rios ap\u00f3s queda na receita de publicidade. Saiba mais!\" \/>\n<meta name=\"robots\" content=\"index, follow, max-snippet:-1, max-image-preview:large, max-video-preview:-1\" \/>\n<link rel=\"canonical\" href=\"https:\/\/www.suno.com.br\/noticias\/meta-m1ta34-demite-funcionarios-zuckerberg\/\" \/>\n<meta property=\"og:locale\" content=\"pt_BR\" \/>\n<meta property=\"og:type\" content=\"article\" \/>\n<meta property=\"og:title\" content=\"Meta (M1TA34) demite 13% de seus funcion\u00e1rios; cerca de 11 mil, diz Zuckerberg\" \/>\n<meta property=\"og:description\" content=\"Meta, dona do Facebook, Instagram e Whatsapp, demite 11 mil funcion\u00e1rios ap\u00f3s queda na receita de publicidade. Saiba mais!\" \/>\n<meta property=\"og:url\" content=\"https:\/\/www.suno.com.br\/noticias\/meta-m1ta34-demite-funcionarios-zuckerberg\/\" \/>\n<meta property=\"og:site_name\" content=\"Suno Not\u00edcias\" \/>\n<meta property=\"article:publisher\" content=\"https:\/\/facebook.com\/sunoresearch\" \/>\n<meta property=\"article:author\" content=\"https:\/\/www.facebook.com\/sunonoticias\/\" \/>\n<meta property=\"og:image\" content=\"https:\/\/files.sunoresearch.com.br\/n\/uploads\/2022\/02\/41793468182_b8c6a37f18_o-scaled.jpg\" \/>\n\t<meta property=\"og:image:width\" content=\"2560\" \/>\n\t<meta property=\"og:image:height\" content=\"1700\" \/>\n\t<meta property=\"og:image:type\" content=\"image\/jpeg\" \/>\n<meta name=\"author\" content=\"Reda\u00e7\u00e3o Suno Not\u00edcias\" \/>\n<meta name=\"twitter:card\" content=\"summary_large_image\" \/>\n<meta name=\"twitter:creator\" content=\"@https:\/\/twitter.com\/sunoresearch\" \/>\n<meta name=\"twitter:site\" content=\"@sunoresearch\" \/>\n<meta name=\"twitter:label1\" content=\"Escrito por\" \/>\n\t<meta name=\"twitter:data1\" content=\"Reda\u00e7\u00e3o Suno Not\u00edcias\" \/>\n\t<meta name=\"twitter:label2\" content=\"Est. tempo de leitura\" \/>\n\t<meta name=\"twitter:data2\" content=\"2 minutos\" \/>\n<script type=\"application\/ld+json\" class=\"yoast-schema-graph\">{\"@context\":\"https:\/\/schema.org\",\"@graph\":[{\"@type\":\"NewsArticle\",\"@id\":\"https:\/\/www.suno.com.br\/noticias\/meta-m1ta34-demite-funcionarios-zuckerberg\/#article\",\"isPartOf\":{\"@id\":\"https:\/\/www.suno.com.br\/noticias\/meta-m1ta34-demite-funcionarios-zuckerberg\/\"},\"author\":{\"name\":\"Reda\u00e7\u00e3o Suno Not\u00edcias\",\"@id\":\"https:\/\/www.suno.com.br\/noticias\/#\/schema\/person\/c1b1bd3727fa852bd045e9dbff3673ea\"},\"headline\":\"Meta (M1TA34) demite 13% de seus funcion\u00e1rios; cerca de 11 mil, diz Zuckerberg\",\"datePublished\":\"2022-11-09T12:32:19+00:00\",\"mainEntityOfPage\":{\"@id\":\"https:\/\/www.suno.com.br\/noticias\/meta-m1ta34-demite-funcionarios-zuckerberg\/\"},\"wordCount\":263,\"publisher\":{\"@id\":\"https:\/\/www.suno.com.br\/noticias\/#organization\"},\"image\":{\"@id\":\"https:\/\/www.suno.com.br\/noticias\/meta-m1ta34-demite-funcionarios-zuckerberg\/#primaryimage\"},\"thumbnailUrl\":\"https:\/\/files.sunoresearch.com.br\/n\/uploads\/2022\/02\/41793468182_b8c6a37f18_o-scaled.jpg\",\"keywords\":[\"demiss\u00f5es\",\"Facebook (FBOK34)\"],\"articleSection\":[\"Neg\u00f3cios\"],\"inLanguage\":\"pt-BR\"},{\"@type\":\"WebPage\",\"@id\":\"https:\/\/www.suno.com.br\/noticias\/meta-m1ta34-demite-funcionarios-zuckerberg\/\",\"url\":\"https:\/\/www.suno.com.br\/noticias\/meta-m1ta34-demite-funcionarios-zuckerberg\/\",\"name\":\"Meta (M1TA34) demite 13% de seus funcion\u00e1rios; cerca de 11 mil, diz Zuckerberg\",\"isPartOf\":{\"@id\":\"https:\/\/www.suno.com.br\/noticias\/#website\"},\"primaryImageOfPage\":{\"@id\":\"https:\/\/www.suno.com.br\/noticias\/meta-m1ta34-demite-funcionarios-zuckerberg\/#primaryimage\"},\"image\":{\"@id\":\"https:\/\/www.suno.com.br\/noticias\/meta-m1ta34-demite-funcionarios-zuckerberg\/#primaryimage\"},\"thumbnailUrl\":\"https:\/\/files.sunoresearch.com.br\/n\/uploads\/2022\/02\/41793468182_b8c6a37f18_o-scaled.jpg\",\"datePublished\":\"2022-11-09T12:32:19+00:00\",\"description\":\"Meta, dona do Facebook, Instagram e Whatsapp, demite 11 mil funcion\u00e1rios ap\u00f3s queda na receita de publicidade. Saiba mais!\",\"breadcrumb\":{\"@id\":\"https:\/\/www.suno.com.br\/noticias\/meta-m1ta34-demite-funcionarios-zuckerberg\/#breadcrumb\"},\"inLanguage\":\"pt-BR\",\"potentialAction\":[{\"@type\":\"ReadAction\",\"target\":[\"https:\/\/www.suno.com.br\/noticias\/meta-m1ta34-demite-funcionarios-zuckerberg\/\"]}]},{\"@type\":\"ImageObject\",\"inLanguage\":\"pt-BR\",\"@id\":\"https:\/\/www.suno.com.br\/noticias\/meta-m1ta34-demite-funcionarios-zuckerberg\/#primaryimage\",\"url\":\"https:\/\/files.sunoresearch.com.br\/n\/uploads\/2022\/02\/41793468182_b8c6a37f18_o-scaled.jpg\",\"contentUrl\":\"https:\/\/files.sunoresearch.com.br\/n\/uploads\/2022\/02\/41793468182_b8c6a37f18_o-scaled.jpg\",\"width\":2560,\"height\":1700,\"caption\":\"Meta (M1TA34), dona do Facebook (FBOK34). Foto: Anthony Quintano\/CC\"},{\"@type\":\"BreadcrumbList\",\"@id\":\"https:\/\/www.suno.com.br\/noticias\/meta-m1ta34-demite-funcionarios-zuckerberg\/#breadcrumb\",\"itemListElement\":[{\"@type\":\"ListItem\",\"position\":1,\"name\":\"Not\u00edcias\",\"item\":\"https:\/\/www.suno.com.br\/noticias\/\"},{\"@type\":\"ListItem\",\"position\":2,\"name\":\"Neg\u00f3cios\",\"item\":\"https:\/\/www.suno.com.br\/noticias\/negocios\/\"},{\"@type\":\"ListItem\",\"position\":3,\"name\":\"Meta (M1TA34) demite 13% de seus funcion\u00e1rios; cerca de 11 mil, diz Zuckerberg\"}]},{\"@type\":\"WebSite\",\"@id\":\"https:\/\/www.suno.com.br\/noticias\/#website\",\"url\":\"https:\/\/www.suno.com.br\/noticias\/\",\"name\":\"Suno Not\u00edcias\",\"description\":\"Seu portal de informa\u00e7\u00e3o sobre o mundo dos investimentos\",\"publisher\":{\"@id\":\"https:\/\/www.suno.com.br\/noticias\/#organization\"},\"potentialAction\":[{\"@type\":\"SearchAction\",\"target\":{\"@type\":\"EntryPoint\",\"urlTemplate\":\"https:\/\/www.suno.com.br\/noticias\/?s={search_term_string}\"},\"query-input\":{\"@type\":\"PropertyValueSpecification\",\"valueRequired\":true,\"valueName\":\"search_term_string\"}}],\"inLanguage\":\"pt-BR\"},{\"@type\":\"Organization\",\"@id\":\"https:\/\/www.suno.com.br\/noticias\/#organization\",\"name\":\"Suno Not\u00edcias\",\"url\":\"https:\/\/www.suno.com.br\/noticias\/\",\"logo\":{\"@type\":\"ImageObject\",\"inLanguage\":\"pt-BR\",\"@id\":\"https:\/\/www.suno.com.br\/noticias\/#\/schema\/logo\/image\/\",\"url\":\"https:\/\/files.sunoresearch.com.br\/n\/uploads\/2021\/09\/suno-logo.png\",\"contentUrl\":\"https:\/\/files.sunoresearch.com.br\/n\/uploads\/2021\/09\/suno-logo.png\",\"width\":180,\"height\":180,\"caption\":\"Suno Not\u00edcias\"},\"image\":{\"@id\":\"https:\/\/www.suno.com.br\/noticias\/#\/schema\/logo\/image\/\"},\"sameAs\":[\"https:\/\/facebook.com\/sunoresearch\",\"https:\/\/x.com\/sunoresearch\",\"https:\/\/www.instagram.com\/suno\",\"https:\/\/www.linkedin.com\/company\/suno-research\/\",\"https:\/\/www.youtube.com\/c\/sunoresearch\"]},{\"@type\":\"Person\",\"@id\":\"https:\/\/www.suno.com.br\/noticias\/#\/schema\/person\/c1b1bd3727fa852bd045e9dbff3673ea\",\"name\":\"Reda\u00e7\u00e3o Suno Not\u00edcias\",\"image\":{\"@type\":\"ImageObject\",\"inLanguage\":\"pt-BR\",\"@id\":\"https:\/\/www.suno.com.br\/noticias\/#\/schema\/person\/image\/\",\"url\":\"https:\/\/secure.gravatar.com\/avatar\/b8104b9b5a71985d5238ee59fbe418af?s=96&r=g\",\"contentUrl\":\"https:\/\/secure.gravatar.com\/avatar\/b8104b9b5a71985d5238ee59fbe418af?s=96&r=g\",\"caption\":\"Reda\u00e7\u00e3o Suno Not\u00edcias\"},\"description\":\"O Suno Not\u00edcias \u00e9 um portal de informa\u00e7\u00f5es sobre Mercado Financeiro, Pol\u00edtica, Neg\u00f3cios, Economia e Finan\u00e7as Pessoais.\",\"sameAs\":[\"https:\/\/www.suno.com.br\/noticias\",\"https:\/\/www.facebook.com\/sunonoticias\/\",\"https:\/\/www.instagram.com\/sunonoticias\/\",\"https:\/\/x.com\/https:\/\/twitter.com\/sunoresearch\",\"https:\/\/www.youtube.com\/sunonoticias\"],\"url\":\"https:\/\/www.suno.com.br\/noticias\/author\/redacao-suno\/\"}]}<\/script>\n<!-- \/ Yoast SEO plugin. -->","yoast_head_json":{"title":"Meta (M1TA34) demite 13% de seus funcion\u00e1rios; cerca de 11 mil, diz Zuckerberg","description":"Meta, dona do Facebook, Instagram e Whatsapp, demite 11 mil funcion\u00e1rios ap\u00f3s queda na receita de publicidade. Saiba mais!","robots":{"index":"index","follow":"follow","max-snippet":"max-snippet:-1","max-image-preview":"max-image-preview:large","max-video-preview":"max-video-preview:-1"},"canonical":"https:\/\/www.suno.com.br\/noticias\/meta-m1ta34-demite-funcionarios-zuckerberg\/","og_locale":"pt_BR","og_type":"article","og_title":"Meta (M1TA34) demite 13% de seus funcion\u00e1rios; cerca de 11 mil, diz Zuckerberg","og_description":"Meta, dona do Facebook, Instagram e Whatsapp, demite 11 mil funcion\u00e1rios ap\u00f3s queda na receita de publicidade. Saiba mais!","og_url":"https:\/\/www.suno.com.br\/noticias\/meta-m1ta34-demite-funcionarios-zuckerberg\/","og_site_name":"Suno Not\u00edcias","article_publisher":"https:\/\/facebook.com\/sunoresearch","article_author":"https:\/\/www.facebook.com\/sunonoticias\/","og_image":[{"width":2560,"height":1700,"url":"https:\/\/files.sunoresearch.com.br\/n\/uploads\/2022\/02\/41793468182_b8c6a37f18_o-scaled.jpg","type":"image\/jpeg"}],"author":"Reda\u00e7\u00e3o Suno Not\u00edcias","twitter_card":"summary_large_image","twitter_creator":"@https:\/\/twitter.com\/sunoresearch","twitter_site":"@sunoresearch","twitter_misc":{"Escrito por":"Reda\u00e7\u00e3o Suno Not\u00edcias","Est. tempo de leitura":"2 minutos"},"schema":{"@context":"https:\/\/schema.org","@graph":[{"@type":"NewsArticle","@id":"https:\/\/www.suno.com.br\/noticias\/meta-m1ta34-demite-funcionarios-zuckerberg\/#article","isPartOf":{"@id":"https:\/\/www.suno.com.br\/noticias\/meta-m1ta34-demite-funcionarios-zuckerberg\/"},"author":{"name":"Reda\u00e7\u00e3o Suno Not\u00edcias","@id":"https:\/\/www.suno.com.br\/noticias\/#\/schema\/person\/c1b1bd3727fa852bd045e9dbff3673ea"},"headline":"Meta (M1TA34) demite 13% de seus funcion\u00e1rios; cerca de 11 mil, diz Zuckerberg","datePublished":"2022-11-09T12:32:19+00:00","mainEntityOfPage":{"@id":"https:\/\/www.suno.com.br\/noticias\/meta-m1ta34-demite-funcionarios-zuckerberg\/"},"wordCount":263,"publisher":{"@id":"https:\/\/www.suno.com.br\/noticias\/#organization"},"image":{"@id":"https:\/\/www.suno.com.br\/noticias\/meta-m1ta34-demite-funcionarios-zuckerberg\/#primaryimage"},"thumbnailUrl":"https:\/\/files.sunoresearch.com.br\/n\/uploads\/2022\/02\/41793468182_b8c6a37f18_o-scaled.jpg","keywords":["demiss\u00f5es","Facebook (FBOK34)"],"articleSection":["Neg\u00f3cios"],"inLanguage":"pt-BR"},{"@type":"WebPage","@id":"https:\/\/www.suno.com.br\/noticias\/meta-m1ta34-demite-funcionarios-zuckerberg\/","url":"https:\/\/www.suno.com.br\/noticias\/meta-m1ta34-demite-funcionarios-zuckerberg\/","name":"Meta (M1TA34) demite 13% de seus funcion\u00e1rios; cerca de 11 mil, diz Zuckerberg","isPartOf":{"@id":"https:\/\/www.suno.com.br\/noticias\/#website"},"primaryImageOfPage":{"@id":"https:\/\/www.suno.com.br\/noticias\/meta-m1ta34-demite-funcionarios-zuckerberg\/#primaryimage"},"image":{"@id":"https:\/\/www.suno.com.br\/noticias\/meta-m1ta34-demite-funcionarios-zuckerberg\/#primaryimage"},"thumbnailUrl":"https:\/\/files.sunoresearch.com.br\/n\/uploads\/2022\/02\/41793468182_b8c6a37f18_o-scaled.jpg","datePublished":"2022-11-09T12:32:19+00:00","description":"Meta, dona do Facebook, Instagram e Whatsapp, demite 11 mil funcion\u00e1rios ap\u00f3s queda na receita de publicidade. Saiba mais!","breadcrumb":{"@id":"https:\/\/www.suno.com.br\/noticias\/meta-m1ta34-demite-funcionarios-zuckerberg\/#breadcrumb"},"inLanguage":"pt-BR","potentialAction":[{"@type":"ReadAction","target":["https:\/\/www.suno.com.br\/noticias\/meta-m1ta34-demite-funcionarios-zuckerberg\/"]}]},{"@type":"ImageObject","inLanguage":"pt-BR","@id":"https:\/\/www.suno.com.br\/noticias\/meta-m1ta34-demite-funcionarios-zuckerberg\/#primaryimage","url":"https:\/\/files.sunoresearch.com.br\/n\/uploads\/2022\/02\/41793468182_b8c6a37f18_o-scaled.jpg","contentUrl":"https:\/\/files.sunoresearch.com.br\/n\/uploads\/2022\/02\/41793468182_b8c6a37f18_o-scaled.jpg","width":2560,"height":1700,"caption":"Meta (M1TA34), dona do Facebook (FBOK34). Foto: Anthony Quintano\/CC"},{"@type":"BreadcrumbList","@id":"https:\/\/www.suno.com.br\/noticias\/meta-m1ta34-demite-funcionarios-zuckerberg\/#breadcrumb","itemListElement":[{"@type":"ListItem","position":1,"name":"Not\u00edcias","item":"https:\/\/www.suno.com.br\/noticias\/"},{"@type":"ListItem","position":2,"name":"Neg\u00f3cios","item":"https:\/\/www.suno.com.br\/noticias\/negocios\/"},{"@type":"ListItem","position":3,"name":"Meta (M1TA34) demite 13% de seus funcion\u00e1rios; cerca de 11 mil, diz Zuckerberg"}]},{"@type":"WebSite","@id":"https:\/\/www.suno.com.br\/noticias\/#website","url":"https:\/\/www.suno.com.br\/noticias\/","name":"Suno Not\u00edcias","description":"Seu portal de informa\u00e7\u00e3o sobre o mundo dos investimentos","publisher":{"@id":"https:\/\/www.suno.com.br\/noticias\/#organization"},"potentialAction":[{"@type":"SearchAction","target":{"@type":"EntryPoint","urlTemplate":"https:\/\/www.suno.com.br\/noticias\/?s={search_term_string}"},"query-input":{"@type":"PropertyValueSpecification","valueRequired":true,"valueName":"search_term_string"}}],"inLanguage":"pt-BR"},{"@type":"Organization","@id":"https:\/\/www.suno.com.br\/noticias\/#organization","name":"Suno Not\u00edcias","url":"https:\/\/www.suno.com.br\/noticias\/","logo":{"@type":"ImageObject","inLanguage":"pt-BR","@id":"https:\/\/www.suno.com.br\/noticias\/#\/schema\/logo\/image\/","url":"https:\/\/files.sunoresearch.com.br\/n\/uploads\/2021\/09\/suno-logo.png","contentUrl":"https:\/\/files.sunoresearch.com.br\/n\/uploads\/2021\/09\/suno-logo.png","width":180,"height":180,"caption":"Suno Not\u00edcias"},"image":{"@id":"https:\/\/www.suno.com.br\/noticias\/#\/schema\/logo\/image\/"},"sameAs":["https:\/\/facebook.com\/sunoresearch","https:\/\/x.com\/sunoresearch","https:\/\/www.instagram.com\/suno","https:\/\/www.linkedin.com\/company\/suno-research\/","https:\/\/www.youtube.com\/c\/sunoresearch"]},{"@type":"Person","@id":"https:\/\/www.suno.com.br\/noticias\/#\/schema\/person\/c1b1bd3727fa852bd045e9dbff3673ea","name":"Reda\u00e7\u00e3o Suno Not\u00edcias","image":{"@type":"ImageObject","inLanguage":"pt-BR","@id":"https:\/\/www.suno.com.br\/noticias\/#\/schema\/person\/image\/","url":"https:\/\/secure.gravatar.com\/avatar\/b8104b9b5a71985d5238ee59fbe418af?s=96&r=g","contentUrl":"https:\/\/secure.gravatar.com\/avatar\/b8104b9b5a71985d5238ee59fbe418af?s=96&r=g","caption":"Reda\u00e7\u00e3o Suno Not\u00edcias"},"description":"O Suno Not\u00edcias \u00e9 um portal de informa\u00e7\u00f5es sobre Mercado Financeiro, Pol\u00edtica, Neg\u00f3cios, Economia e Finan\u00e7as Pessoais.","sameAs":["https:\/\/www.suno.com.br\/noticias","https:\/\/www.facebook.com\/sunonoticias\/","https:\/\/www.instagram.com\/sunonoticias\/","https:\/\/x.com\/https:\/\/twitter.com\/sunoresearch","https:\/\/www.youtube.com\/sunonoticias"],"url":"https:\/\/www.suno.com.br\/noticias\/author\/redacao-suno\/"}]}},"default_loop_html":"<div class=\"cardsPage__listCard__boxs\"><div class=\"cardsPage__listCard__boxs__img\"><a href=\"https:\/\/www.suno.com.br\/noticias\/meta-m1ta34-demite-funcionarios-zuckerberg\/\"><img class=\"mask\" src=\"https:\/\/www.suno.com.br\/noticias\/wp-content\/themes\/suno\/resources\/images\/spotlight\/spotlight1img\/bg-mask.png\" alt=\"Image Mask\"\/><img src=\"https:\/\/files.sunoresearch.com.br\/n\/uploads\/2022\/02\/41793468182_b8c6a37f18_o-400x200.jpg\" alt=\"Meta (M1TA34) demite 13% de seus funcion\u00e1rios; cerca de 11 mil, diz Zuckerberg\"\/><\/a><span class=\"spotlightCategory\"><a href=\"https:\/\/www.suno.com.br\/noticias\/negocios\/\">Neg\u00f3cios<\/a><\/span><\/div><div class=\"cardsPage__listCard__boxs__content\"><a href=\"https:\/\/www.suno.com.br\/noticias\/meta-m1ta34-demite-funcionarios-zuckerberg\/\"><h2 class=\"content__title\">Meta (M1TA34) demite 13% de seus funcion\u00e1rios; cerca de 11 mil, diz Zuckerberg<\/h2><\/a><div class=\"newsContent__article__meta\"><div class=\"newsContent__article__meta__authorBox\"><a href=\"https:\/\/www.suno.com.br\/noticias\/author\/redacao-suno\/\" class=\"authorBox__avatar noMobi\"><img src=\"https:\/\/files.sunoresearch.com.br\/n\/uploads\/2020\/08\/0ace682d-redacao-1-150x150.webp\" alt=\"Reda\u00e7\u00e3o Suno Not\u00edcias\"><\/a><div class=\"authorBox__name\"><span>por\n\t\t\t<a href=\"https:\/\/www.suno.com.br\/noticias\/author\/redacao-suno\/\"><span itemprop=\"author\">Reda\u00e7\u00e3o Suno Not\u00edcias<\/span><\/a><\/span><time datetime=\"2022-11-09T09:32:19-03:00\" itemprop=\"datePublished\">09\/11\/2022 09:32<\/time><\/div><\/div><\/div><\/div><\/div>","single_layout":"posts","amp_enabled":true,"_links":{"self":[{"href":"https:\/\/www.suno.com.br\/noticias\/wp-json\/wp\/v2\/posts\/316965"}],"collection":[{"href":"https:\/\/www.suno.com.br\/noticias\/wp-json\/wp\/v2\/posts"}],"about":[{"href":"https:\/\/www.suno.com.br\/noticias\/wp-json\/wp\/v2\/types\/post"}],"author":[{"embeddable":true,"href":"https:\/\/www.suno.com.br\/noticias\/wp-json\/wp\/v2\/users\/43"}],"replies":[{"embeddable":true,"href":"https:\/\/www.suno.com.br\/noticias\/wp-json\/wp\/v2\/comments?post=316965"}],"version-history":[{"count":2,"href":"https:\/\/www.suno.com.br\/noticias\/wp-json\/wp\/v2\/posts\/316965\/revisions"}],"predecessor-version":[{"id":316971,"href":"https:\/\/www.suno.com.br\/noticias\/wp-json\/wp\/v2\/posts\/316965\/revisions\/316971"}],"wp:featuredmedia":[{"embeddable":true,"href":"https:\/\/www.suno.com.br\/noticias\/wp-json\/wp\/v2\/media\/228474"}],"wp:attachment":[{"href":"https:\/\/www.suno.com.br\/noticias\/wp-json\/wp\/v2\/media?parent=316965"}],"wp:term":[{"taxonomy":"category","embeddable":true,"href":"https:\/\/www.suno.com.br\/noticias\/wp-json\/wp\/v2\/categories?post=316965"},{"taxonomy":"post_tag","embeddable":true,"href":"https:\/\/www.suno.com.br\/noticias\/wp-json\/wp\/v2\/tags?post=316965"},{"taxonomy":"suno_strategy","embeddable":true,"href":"https:\/\/www.suno.com.br\/noticias\/wp-json\/wp\/v2\/suno_strategy?post=316965"}],"curies":[{"name":"wp","href":"https:\/\/api.w.org\/{rel}","templated":true}]}}