{"id":31683,"date":"2019-07-22T10:26:34","date_gmt":"2019-07-22T13:26:34","guid":{"rendered":"https:\/\/www.suno.com.br\/noticias\/?p=31683"},"modified":"2019-07-22T19:02:24","modified_gmt":"2019-07-22T22:02:24","slug":"greve-dos-caminhoneiros-governo-anuncia-suspensao-da-tabela-de-frete","status":"publish","type":"post","link":"https:\/\/www.suno.com.br\/noticias\/greve-dos-caminhoneiros-governo-anuncia-suspensao-da-tabela-de-frete\/","title":{"rendered":"Greve dos caminhoneiros: governo anuncia suspens\u00e3o da tabela de fretes"},"content":{"rendered":"<p>O ministro de Infraestrutura, <strong>Tarc\u00edsio de Freitas,<\/strong> anunciou nesta segunda-feira (22) que a tabela de fretes dos caminhoneiros ser\u00e1 suspensa. A informa\u00e7\u00e3o foi divulgada ap\u00f3s uma reuni\u00e3o entre o ministro e as lideran\u00e7as dos transportadores para evitar uma nova <a href=\"https:\/\/www.suno.com.br\/artigos\/o-que-penso-sobre-a-greve-dos-caminhoneiros\/\">greve dos caminhoneiros<\/a>.<\/p>\t<div class=\"wrapper-featured-image\">\n\t\t<figure class=\"spotlightImg\">\n\n\t\t\t<picture>\n\t\t\t\t<source media=\"(max-width: 768px)\" srcset=\"https:\/\/files.sunoresearch.com.br\/n\/uploads\/2018\/10\/1f634a02-greve-dos-caminhoneiros-400x200.webp\">\n\t\t\t\t<img loading=\"lazy\" decoding=\"async\" class=\"newsContent__article__imgCapa lazyloadDisabled newsContent__article__imgCapa--noCaption\" src=\"https:\/\/files.sunoresearch.com.br\/n\/uploads\/2018\/10\/1f634a02-greve-dos-caminhoneiros-800x450.webp\" width=\"800\" height=\"450\" alt=\"Greve dos caminhoneiros: governo anuncia suspens\u00e3o da tabela de fretes\" fetchpriority=high \/>\n\t\t\t<\/picture>\n\n\t\t\t<figcaption class=\"wp-caption-text wp-caption-text--hide\">Greve dos caminhoneiros: movimento pode ter in\u00edcio nesta semana<\/figcaption>\n\t\t<\/figure>\n\t<\/div>\n\n\n<p>A reuni\u00e3o tinha sido marcada ap\u00f3s as not\u00edcias de uma\u00a0poss\u00edvel nova <strong>greve dos caminhoneiros<\/strong><strong>.<\/strong> A possibilidade de uma nova paralisa\u00e7\u00e3o teria j\u00e1 mobilizado cerca de 2 mil transportadores nas redes sociais. Os profissionais estariam discutindo sobre a possibilidade de interromper suas atividades em cerca de 15 grupos no WhatsApp.<\/p>\n<p><iframe loading=\"lazy\" title=\"?Governo evita greve dos caminhoneiros; or\u00e7amento congelado e Boletim Focus otimista com PIB\" width=\"200\" height=\"113\" src=\"https:\/\/www.youtube.com\/embed\/flsu0hhIals?feature=oembed\" frameborder=\"0\" allow=\"accelerometer; autoplay; encrypted-media; gyroscope; picture-in-picture\" allowfullscreen><\/iframe><\/p>\n<p>A possibilidade de uma nova <strong>greve dos caminhoneiros<\/strong> surgiu ap\u00f3s a resolu\u00e7\u00e3o da <strong>Ag\u00eancia Nacional de Transportes Terrestres (ANTT)<\/strong>, divulgada na \u00faltima quinta-feira (18). A resolu\u00e7\u00e3o altera a tabela de pre\u00e7os m\u00ednimos dos <strong>fretes<\/strong> rodovi\u00e1rios. Os valores ficaram abaixo do esperado pela categoria, e muitos pediram uma nova paralisa\u00e7\u00e3o, como aquela ocorrida em maio de 2018.<\/p>\n<p>Por causa de uma nova greve, j\u00e1 na semana passada circulava a informa\u00e7\u00e3o que o governo pretendia cancelar ou suspender a nova tabela de fretes.<\/p>\n<p><a href=\"https:\/\/www.suno.com.br\/noticias\/greve-caminhoneiros-nao-havera-bolsonaro\/\">Saiba mais: Greve dos caminhoneiros: n\u00e3o haver\u00e1 nova paralisa\u00e7\u00e3o, diz Bolsonaro\u00a0<\/a><\/p>\n<p>Entretanto, n\u00e3o todos os caminhoneiros concordariam em realizar uma nova greve. Parte da categoria seria\u00a0refrat\u00e1ria \u00e0 ideia por causa das dificuldades financeiras que teriam caso decidissem parar de trabalhar.<\/p>\n<h2>Falta lideran\u00e7a<\/h2>\n<p>Os administradores dos grupos de WhatsApp negaram ser articuladores do movimento. Al\u00e9m disso, as lideran\u00e7as da <strong>greve<\/strong> <strong>dos caminhoneiros<\/strong> de 2018\u00a0n\u00e3o estariam participando dos grupos. Os nomes dos grupos na rede social s\u00e3o no mesmo formato.<\/p>\n\t<p>\n\t\t<a href=\"https:\/\/lp.suno.com.br\/asset\/fundos\/suno-fiagro-snag11\/\" target=\"_blank\" data-element=\"shortcode-suno-banner\" title=\"Banner SUNO, clique e saiba mais\">\n\t\t\t<picture>\n\t\t\t\t<source media=\"(max-width: 500px)\" srcset=\"https:\/\/files.sunoresearch.com.br\/n\/uploads\/2024\/03\/400x300-Mobile-Artigos-1_SNAG.png\">\n\t\t\t\t<img class=\"newsContent__article__imgCapa newsContent__article__imgCapa--banner\"\n\t\t\t\t\tsrc=\"https:\/\/files.sunoresearch.com.br\/n\/uploads\/2024\/03\/1420x240-Banner-Artigos-1-_-Banner-Materias-1_SNAG.png\"\n\t\t\t\t\tdata-promo-id=\"364416\"\t\t\t\t\t\t\t\t\t\twidth='1420' height='240'\t\t\t\t\talt=\"https:\/\/files.sunoresearch.com.br\/n\/uploads\/2024\/03\/1420x240-Banner-Artigos-1-_-Banner-Materias-1_SNAG.png\"\n\t\t\t\t>\n\t\t\t<\/picture>\n\t\t<\/a>\n\t<\/p>\n\n\n<p>Nos grupos h\u00e1 uma s\u00e9rie de mensagem que v\u00e3o desde convoca\u00e7\u00f5es para greve, at\u00e9 cr\u00edticas ao presidente <strong>Jair Bolsonaro,<\/strong> chamado de traidor. Os caminhoneiros emitem suas opini\u00f5es nos grupos com mensagens de \u00e1udio e v\u00eddeo. H\u00e1 alertas tamb\u00e9m sobre poss\u00edveis a\u00e7\u00f5es de contraintelig\u00eancia por parte do governo, que teria se infiltrado nos grupos.<\/p>\n<p>A rotatividade dos grupos \u00e9 elevada, com muitos participantes que entram e saem. O acesso aos grupos ocorre atrav\u00e9s de um link compartilhado no WhatsApp.<\/p>\n<p><a href=\"https:\/\/www.suno.com.br\/noticias\/greve-caminhoneiros-mobiliza-2-mil\/\">Saiba mais: Proposta de nova greve dos caminhoneiros mobiliza quase 2 mil\u00a0<\/a><\/p>\n<p>O ministro de Infraestrutura, <strong>Tarc\u00edsio<\/strong> de <strong>Freitas,<\/strong> se reunir\u00e1 com os representantes da categoria na pr\u00f3xima semana. Ainda n\u00e3o foi confirmada uma data certa para a reuni\u00e3o.<\/p>\n<p>A nova tabela de fretes que poderia desencadear uma nova <strong>greve dos caminhoneiros<\/strong> foi elaborada pela Esalq-Log, entidade da Universidade de S\u00e3o Paulo (USP). A tabela de frete, criada pelo governo do ex-presidente Michel Temer, previa uma s\u00e9rie de revis\u00f5es peri\u00f3dicas. A pr\u00f3xima revis\u00e3o oficial est\u00e1 prevista para o in\u00edcio de 2020.<\/p>\n","protected":false},"excerpt":{"rendered":"<p>O ministro de Infraestrutura, Tarc\u00edsio de Freitas, anunciou nesta segunda-feira (22) que a tabela de fretes dos caminhoneiros ser\u00e1 suspensa. A informa\u00e7\u00e3o foi divulgada ap\u00f3s uma reuni\u00e3o entre o ministro e as lideran\u00e7as dos transportadores para evitar uma nova greve dos caminhoneiros. Greve dos caminhoneiros: movimento pode ter in\u00edcio nesta semana A reuni\u00e3o tinha sido [&hellip;]<\/p>\n","protected":false},"author":9,"featured_media":5802,"comment_status":"closed","ping_status":"closed","sticky":false,"template":"","format":"standard","meta":[],"categories":[61],"tags":[833,1176],"suno_strategy":[],"class_list":["post-31683","post","type-post","status-publish","format-standard","has-post-thumbnail","hentry","category-politica","tag-greve-dos-caminhoneiros","tag-ministerio-da-infraestrutura"],"yoast_head":"<!-- This site is optimized with the Yoast SEO plugin v24.4 - https:\/\/yoast.com\/wordpress\/plugins\/seo\/ -->\n<title>Greve dos caminhoneiros: governo anuncia suspens\u00e3o da tabela de fretes<\/title>\n<meta name=\"description\" content=\"O ministro de Infraestrutura afirmou que a tabela de fretes dos caminhoneiros ser\u00e1 suspensa. Clique aqui para saber mais.\" \/>\n<meta name=\"robots\" content=\"index, follow, max-snippet:-1, max-image-preview:large, max-video-preview:-1\" \/>\n<link rel=\"canonical\" href=\"https:\/\/www.suno.com.br\/noticias\/greve-dos-caminhoneiros-governo-anuncia-suspensao-da-tabela-de-frete\/\" \/>\n<meta property=\"og:locale\" content=\"pt_BR\" \/>\n<meta property=\"og:type\" content=\"article\" \/>\n<meta property=\"og:title\" content=\"Greve dos caminhoneiros: governo anuncia suspens\u00e3o da tabela de fretes\" \/>\n<meta property=\"og:description\" content=\"O ministro de Infraestrutura afirmou que a tabela de fretes dos caminhoneiros ser\u00e1 suspensa. Clique aqui para saber mais.\" \/>\n<meta property=\"og:url\" content=\"https:\/\/www.suno.com.br\/noticias\/greve-dos-caminhoneiros-governo-anuncia-suspensao-da-tabela-de-frete\/\" \/>\n<meta property=\"og:site_name\" content=\"Suno Not\u00edcias\" \/>\n<meta property=\"article:publisher\" content=\"https:\/\/facebook.com\/sunoresearch\" \/>\n<meta property=\"og:image\" content=\"https:\/\/files.sunoresearch.com.br\/n\/uploads\/2018\/10\/1f634a02-greve-dos-caminhoneiros.jpg\" \/>\n\t<meta property=\"og:image:width\" content=\"1920\" \/>\n\t<meta property=\"og:image:height\" content=\"1440\" \/>\n\t<meta property=\"og:image:type\" content=\"image\/jpeg\" \/>\n<meta name=\"author\" content=\"Carlo Cauti\" \/>\n<meta name=\"twitter:card\" content=\"summary_large_image\" \/>\n<meta name=\"twitter:creator\" content=\"@sunoresearch\" \/>\n<meta name=\"twitter:site\" content=\"@sunoresearch\" \/>\n<meta name=\"twitter:label1\" content=\"Escrito por\" \/>\n\t<meta name=\"twitter:data1\" content=\"Carlo Cauti\" \/>\n\t<meta name=\"twitter:label2\" content=\"Est. tempo de leitura\" \/>\n\t<meta name=\"twitter:data2\" content=\"2 minutos\" \/>\n<script type=\"application\/ld+json\" class=\"yoast-schema-graph\">{\"@context\":\"https:\/\/schema.org\",\"@graph\":[{\"@type\":\"NewsArticle\",\"@id\":\"https:\/\/www.suno.com.br\/noticias\/greve-dos-caminhoneiros-governo-anuncia-suspensao-da-tabela-de-frete\/#article\",\"isPartOf\":{\"@id\":\"https:\/\/www.suno.com.br\/noticias\/greve-dos-caminhoneiros-governo-anuncia-suspensao-da-tabela-de-frete\/\"},\"author\":{\"name\":\"Carlo Cauti\",\"@id\":\"https:\/\/www.suno.com.br\/noticias\/#\/schema\/person\/e6e0f723cc177805027f4566c1d5e0c8\"},\"headline\":\"Greve dos caminhoneiros: governo anuncia suspens\u00e3o da tabela de fretes\",\"datePublished\":\"2019-07-22T13:26:34+00:00\",\"dateModified\":\"2019-07-22T22:02:24+00:00\",\"mainEntityOfPage\":{\"@id\":\"https:\/\/www.suno.com.br\/noticias\/greve-dos-caminhoneiros-governo-anuncia-suspensao-da-tabela-de-frete\/\"},\"wordCount\":487,\"publisher\":{\"@id\":\"https:\/\/www.suno.com.br\/noticias\/#organization\"},\"image\":{\"@id\":\"https:\/\/www.suno.com.br\/noticias\/greve-dos-caminhoneiros-governo-anuncia-suspensao-da-tabela-de-frete\/#primaryimage\"},\"thumbnailUrl\":\"https:\/\/files.sunoresearch.com.br\/n\/uploads\/2018\/10\/1f634a02-greve-dos-caminhoneiros-jpg.webp\",\"keywords\":[\"greve dos caminhoneiros\",\"Minist\u00e9rio da Infraestrutura\"],\"articleSection\":[\"Pol\u00edtica\"],\"inLanguage\":\"pt-BR\"},{\"@type\":\"WebPage\",\"@id\":\"https:\/\/www.suno.com.br\/noticias\/greve-dos-caminhoneiros-governo-anuncia-suspensao-da-tabela-de-frete\/\",\"url\":\"https:\/\/www.suno.com.br\/noticias\/greve-dos-caminhoneiros-governo-anuncia-suspensao-da-tabela-de-frete\/\",\"name\":\"Greve dos caminhoneiros: governo anuncia suspens\u00e3o da tabela de fretes\",\"isPartOf\":{\"@id\":\"https:\/\/www.suno.com.br\/noticias\/#website\"},\"primaryImageOfPage\":{\"@id\":\"https:\/\/www.suno.com.br\/noticias\/greve-dos-caminhoneiros-governo-anuncia-suspensao-da-tabela-de-frete\/#primaryimage\"},\"image\":{\"@id\":\"https:\/\/www.suno.com.br\/noticias\/greve-dos-caminhoneiros-governo-anuncia-suspensao-da-tabela-de-frete\/#primaryimage\"},\"thumbnailUrl\":\"https:\/\/files.sunoresearch.com.br\/n\/uploads\/2018\/10\/1f634a02-greve-dos-caminhoneiros-jpg.webp\",\"datePublished\":\"2019-07-22T13:26:34+00:00\",\"dateModified\":\"2019-07-22T22:02:24+00:00\",\"description\":\"O ministro de Infraestrutura afirmou que a tabela de fretes dos caminhoneiros ser\u00e1 suspensa. Clique aqui para saber mais.\",\"breadcrumb\":{\"@id\":\"https:\/\/www.suno.com.br\/noticias\/greve-dos-caminhoneiros-governo-anuncia-suspensao-da-tabela-de-frete\/#breadcrumb\"},\"inLanguage\":\"pt-BR\",\"potentialAction\":[{\"@type\":\"ReadAction\",\"target\":[\"https:\/\/www.suno.com.br\/noticias\/greve-dos-caminhoneiros-governo-anuncia-suspensao-da-tabela-de-frete\/\"]}]},{\"@type\":\"ImageObject\",\"inLanguage\":\"pt-BR\",\"@id\":\"https:\/\/www.suno.com.br\/noticias\/greve-dos-caminhoneiros-governo-anuncia-suspensao-da-tabela-de-frete\/#primaryimage\",\"url\":\"https:\/\/files.sunoresearch.com.br\/n\/uploads\/2018\/10\/1f634a02-greve-dos-caminhoneiros-jpg.webp\",\"contentUrl\":\"https:\/\/files.sunoresearch.com.br\/n\/uploads\/2018\/10\/1f634a02-greve-dos-caminhoneiros-jpg.webp\",\"width\":1920,\"height\":1440,\"caption\":\"Greve dos caminhoneiros: movimento pode ter in\u00edcio nesta semana\"},{\"@type\":\"BreadcrumbList\",\"@id\":\"https:\/\/www.suno.com.br\/noticias\/greve-dos-caminhoneiros-governo-anuncia-suspensao-da-tabela-de-frete\/#breadcrumb\",\"itemListElement\":[{\"@type\":\"ListItem\",\"position\":1,\"name\":\"Not\u00edcias\",\"item\":\"https:\/\/www.suno.com.br\/noticias\/\"},{\"@type\":\"ListItem\",\"position\":2,\"name\":\"Pol\u00edtica\",\"item\":\"https:\/\/www.suno.com.br\/noticias\/politica\/\"},{\"@type\":\"ListItem\",\"position\":3,\"name\":\"Greve dos caminhoneiros: governo anuncia suspens\u00e3o da tabela de fretes\"}]},{\"@type\":\"WebSite\",\"@id\":\"https:\/\/www.suno.com.br\/noticias\/#website\",\"url\":\"https:\/\/www.suno.com.br\/noticias\/\",\"name\":\"Suno Not\u00edcias\",\"description\":\"Seu portal de informa\u00e7\u00e3o sobre o mundo dos investimentos\",\"publisher\":{\"@id\":\"https:\/\/www.suno.com.br\/noticias\/#organization\"},\"potentialAction\":[{\"@type\":\"SearchAction\",\"target\":{\"@type\":\"EntryPoint\",\"urlTemplate\":\"https:\/\/www.suno.com.br\/noticias\/?s={search_term_string}\"},\"query-input\":{\"@type\":\"PropertyValueSpecification\",\"valueRequired\":true,\"valueName\":\"search_term_string\"}}],\"inLanguage\":\"pt-BR\"},{\"@type\":\"Organization\",\"@id\":\"https:\/\/www.suno.com.br\/noticias\/#organization\",\"name\":\"Suno Not\u00edcias\",\"url\":\"https:\/\/www.suno.com.br\/noticias\/\",\"logo\":{\"@type\":\"ImageObject\",\"inLanguage\":\"pt-BR\",\"@id\":\"https:\/\/www.suno.com.br\/noticias\/#\/schema\/logo\/image\/\",\"url\":\"https:\/\/files.sunoresearch.com.br\/n\/uploads\/2021\/09\/suno-logo.png\",\"contentUrl\":\"https:\/\/files.sunoresearch.com.br\/n\/uploads\/2021\/09\/suno-logo.png\",\"width\":180,\"height\":180,\"caption\":\"Suno Not\u00edcias\"},\"image\":{\"@id\":\"https:\/\/www.suno.com.br\/noticias\/#\/schema\/logo\/image\/\"},\"sameAs\":[\"https:\/\/facebook.com\/sunoresearch\",\"https:\/\/x.com\/sunoresearch\",\"https:\/\/www.instagram.com\/suno\",\"https:\/\/www.linkedin.com\/company\/suno-research\/\",\"https:\/\/www.youtube.com\/c\/sunoresearch\"]},{\"@type\":\"Person\",\"@id\":\"https:\/\/www.suno.com.br\/noticias\/#\/schema\/person\/e6e0f723cc177805027f4566c1d5e0c8\",\"name\":\"Carlo Cauti\",\"image\":{\"@type\":\"ImageObject\",\"inLanguage\":\"pt-BR\",\"@id\":\"https:\/\/www.suno.com.br\/noticias\/#\/schema\/person\/image\/\",\"url\":\"https:\/\/secure.gravatar.com\/avatar\/3ada9e0bd164c23abd4792a9606d583c?s=96&r=g\",\"contentUrl\":\"https:\/\/secure.gravatar.com\/avatar\/3ada9e0bd164c23abd4792a9606d583c?s=96&r=g\",\"caption\":\"Carlo Cauti\"},\"description\":\"Editor multim\u00eddia do SUNO Not\u00edcias. Italiano, formado em Ci\u00eancias Pol\u00edticas pela universidade LUISS G. Carli de Roma e mestre cum laude em Rela\u00e7\u00f5es Internacionais, Jornalismo Internacional e de Guerra e em Economia Internacional. Concluiu tamb\u00e9m um MBA em Finan\u00e7as na B3. No Brasil, teve passagem por ve\u00edculos como Estad\u00e3o, Globo, Veja e EXAME. e nas ag\u00eancias de not\u00edcias italianas ANSA e NOVA.\",\"url\":\"https:\/\/www.suno.com.br\/noticias\/author\/carlo-cauti\/\"}]}<\/script>\n<!-- \/ Yoast SEO plugin. -->","yoast_head_json":{"title":"Greve dos caminhoneiros: governo anuncia suspens\u00e3o da tabela de fretes","description":"O ministro de Infraestrutura afirmou que a tabela de fretes dos caminhoneiros ser\u00e1 suspensa. Clique aqui para saber mais.","robots":{"index":"index","follow":"follow","max-snippet":"max-snippet:-1","max-image-preview":"max-image-preview:large","max-video-preview":"max-video-preview:-1"},"canonical":"https:\/\/www.suno.com.br\/noticias\/greve-dos-caminhoneiros-governo-anuncia-suspensao-da-tabela-de-frete\/","og_locale":"pt_BR","og_type":"article","og_title":"Greve dos caminhoneiros: governo anuncia suspens\u00e3o da tabela de fretes","og_description":"O ministro de Infraestrutura afirmou que a tabela de fretes dos caminhoneiros ser\u00e1 suspensa. Clique aqui para saber mais.","og_url":"https:\/\/www.suno.com.br\/noticias\/greve-dos-caminhoneiros-governo-anuncia-suspensao-da-tabela-de-frete\/","og_site_name":"Suno Not\u00edcias","article_publisher":"https:\/\/facebook.com\/sunoresearch","og_image":[{"width":1920,"height":1440,"url":"https:\/\/files.sunoresearch.com.br\/n\/uploads\/2018\/10\/1f634a02-greve-dos-caminhoneiros.jpg","type":"image\/jpeg"}],"author":"Carlo Cauti","twitter_card":"summary_large_image","twitter_creator":"@sunoresearch","twitter_site":"@sunoresearch","twitter_misc":{"Escrito por":"Carlo Cauti","Est. tempo de leitura":"2 minutos"},"schema":{"@context":"https:\/\/schema.org","@graph":[{"@type":"NewsArticle","@id":"https:\/\/www.suno.com.br\/noticias\/greve-dos-caminhoneiros-governo-anuncia-suspensao-da-tabela-de-frete\/#article","isPartOf":{"@id":"https:\/\/www.suno.com.br\/noticias\/greve-dos-caminhoneiros-governo-anuncia-suspensao-da-tabela-de-frete\/"},"author":{"name":"Carlo Cauti","@id":"https:\/\/www.suno.com.br\/noticias\/#\/schema\/person\/e6e0f723cc177805027f4566c1d5e0c8"},"headline":"Greve dos caminhoneiros: governo anuncia suspens\u00e3o da tabela de fretes","datePublished":"2019-07-22T13:26:34+00:00","dateModified":"2019-07-22T22:02:24+00:00","mainEntityOfPage":{"@id":"https:\/\/www.suno.com.br\/noticias\/greve-dos-caminhoneiros-governo-anuncia-suspensao-da-tabela-de-frete\/"},"wordCount":487,"publisher":{"@id":"https:\/\/www.suno.com.br\/noticias\/#organization"},"image":{"@id":"https:\/\/www.suno.com.br\/noticias\/greve-dos-caminhoneiros-governo-anuncia-suspensao-da-tabela-de-frete\/#primaryimage"},"thumbnailUrl":"https:\/\/files.sunoresearch.com.br\/n\/uploads\/2018\/10\/1f634a02-greve-dos-caminhoneiros-jpg.webp","keywords":["greve dos caminhoneiros","Minist\u00e9rio da Infraestrutura"],"articleSection":["Pol\u00edtica"],"inLanguage":"pt-BR"},{"@type":"WebPage","@id":"https:\/\/www.suno.com.br\/noticias\/greve-dos-caminhoneiros-governo-anuncia-suspensao-da-tabela-de-frete\/","url":"https:\/\/www.suno.com.br\/noticias\/greve-dos-caminhoneiros-governo-anuncia-suspensao-da-tabela-de-frete\/","name":"Greve dos caminhoneiros: governo anuncia suspens\u00e3o da tabela de fretes","isPartOf":{"@id":"https:\/\/www.suno.com.br\/noticias\/#website"},"primaryImageOfPage":{"@id":"https:\/\/www.suno.com.br\/noticias\/greve-dos-caminhoneiros-governo-anuncia-suspensao-da-tabela-de-frete\/#primaryimage"},"image":{"@id":"https:\/\/www.suno.com.br\/noticias\/greve-dos-caminhoneiros-governo-anuncia-suspensao-da-tabela-de-frete\/#primaryimage"},"thumbnailUrl":"https:\/\/files.sunoresearch.com.br\/n\/uploads\/2018\/10\/1f634a02-greve-dos-caminhoneiros-jpg.webp","datePublished":"2019-07-22T13:26:34+00:00","dateModified":"2019-07-22T22:02:24+00:00","description":"O ministro de Infraestrutura afirmou que a tabela de fretes dos caminhoneiros ser\u00e1 suspensa. Clique aqui para saber mais.","breadcrumb":{"@id":"https:\/\/www.suno.com.br\/noticias\/greve-dos-caminhoneiros-governo-anuncia-suspensao-da-tabela-de-frete\/#breadcrumb"},"inLanguage":"pt-BR","potentialAction":[{"@type":"ReadAction","target":["https:\/\/www.suno.com.br\/noticias\/greve-dos-caminhoneiros-governo-anuncia-suspensao-da-tabela-de-frete\/"]}]},{"@type":"ImageObject","inLanguage":"pt-BR","@id":"https:\/\/www.suno.com.br\/noticias\/greve-dos-caminhoneiros-governo-anuncia-suspensao-da-tabela-de-frete\/#primaryimage","url":"https:\/\/files.sunoresearch.com.br\/n\/uploads\/2018\/10\/1f634a02-greve-dos-caminhoneiros-jpg.webp","contentUrl":"https:\/\/files.sunoresearch.com.br\/n\/uploads\/2018\/10\/1f634a02-greve-dos-caminhoneiros-jpg.webp","width":1920,"height":1440,"caption":"Greve dos caminhoneiros: movimento pode ter in\u00edcio nesta semana"},{"@type":"BreadcrumbList","@id":"https:\/\/www.suno.com.br\/noticias\/greve-dos-caminhoneiros-governo-anuncia-suspensao-da-tabela-de-frete\/#breadcrumb","itemListElement":[{"@type":"ListItem","position":1,"name":"Not\u00edcias","item":"https:\/\/www.suno.com.br\/noticias\/"},{"@type":"ListItem","position":2,"name":"Pol\u00edtica","item":"https:\/\/www.suno.com.br\/noticias\/politica\/"},{"@type":"ListItem","position":3,"name":"Greve dos caminhoneiros: governo anuncia suspens\u00e3o da tabela de fretes"}]},{"@type":"WebSite","@id":"https:\/\/www.suno.com.br\/noticias\/#website","url":"https:\/\/www.suno.com.br\/noticias\/","name":"Suno Not\u00edcias","description":"Seu portal de informa\u00e7\u00e3o sobre o mundo dos investimentos","publisher":{"@id":"https:\/\/www.suno.com.br\/noticias\/#organization"},"potentialAction":[{"@type":"SearchAction","target":{"@type":"EntryPoint","urlTemplate":"https:\/\/www.suno.com.br\/noticias\/?s={search_term_string}"},"query-input":{"@type":"PropertyValueSpecification","valueRequired":true,"valueName":"search_term_string"}}],"inLanguage":"pt-BR"},{"@type":"Organization","@id":"https:\/\/www.suno.com.br\/noticias\/#organization","name":"Suno Not\u00edcias","url":"https:\/\/www.suno.com.br\/noticias\/","logo":{"@type":"ImageObject","inLanguage":"pt-BR","@id":"https:\/\/www.suno.com.br\/noticias\/#\/schema\/logo\/image\/","url":"https:\/\/files.sunoresearch.com.br\/n\/uploads\/2021\/09\/suno-logo.png","contentUrl":"https:\/\/files.sunoresearch.com.br\/n\/uploads\/2021\/09\/suno-logo.png","width":180,"height":180,"caption":"Suno Not\u00edcias"},"image":{"@id":"https:\/\/www.suno.com.br\/noticias\/#\/schema\/logo\/image\/"},"sameAs":["https:\/\/facebook.com\/sunoresearch","https:\/\/x.com\/sunoresearch","https:\/\/www.instagram.com\/suno","https:\/\/www.linkedin.com\/company\/suno-research\/","https:\/\/www.youtube.com\/c\/sunoresearch"]},{"@type":"Person","@id":"https:\/\/www.suno.com.br\/noticias\/#\/schema\/person\/e6e0f723cc177805027f4566c1d5e0c8","name":"Carlo Cauti","image":{"@type":"ImageObject","inLanguage":"pt-BR","@id":"https:\/\/www.suno.com.br\/noticias\/#\/schema\/person\/image\/","url":"https:\/\/secure.gravatar.com\/avatar\/3ada9e0bd164c23abd4792a9606d583c?s=96&r=g","contentUrl":"https:\/\/secure.gravatar.com\/avatar\/3ada9e0bd164c23abd4792a9606d583c?s=96&r=g","caption":"Carlo Cauti"},"description":"Editor multim\u00eddia do SUNO Not\u00edcias. Italiano, formado em Ci\u00eancias Pol\u00edticas pela universidade LUISS G. Carli de Roma e mestre cum laude em Rela\u00e7\u00f5es Internacionais, Jornalismo Internacional e de Guerra e em Economia Internacional. Concluiu tamb\u00e9m um MBA em Finan\u00e7as na B3. No Brasil, teve passagem por ve\u00edculos como Estad\u00e3o, Globo, Veja e EXAME. e nas ag\u00eancias de not\u00edcias italianas ANSA e NOVA.","url":"https:\/\/www.suno.com.br\/noticias\/author\/carlo-cauti\/"}]}},"default_loop_html":"<div class=\"cardsPage__listCard__boxs\"><div class=\"cardsPage__listCard__boxs__img\"><a href=\"https:\/\/www.suno.com.br\/noticias\/greve-dos-caminhoneiros-governo-anuncia-suspensao-da-tabela-de-frete\/\"><img class=\"mask\" src=\"https:\/\/www.suno.com.br\/noticias\/wp-content\/themes\/suno\/resources\/images\/spotlight\/spotlight1img\/bg-mask.png\" alt=\"Image Mask\"\/><img src=\"https:\/\/files.sunoresearch.com.br\/n\/uploads\/2018\/10\/1f634a02-greve-dos-caminhoneiros-400x200.webp\" alt=\"Greve dos caminhoneiros: governo anuncia suspens\u00e3o da tabela de fretes\"\/><\/a><span class=\"spotlightCategory\"><a href=\"https:\/\/www.suno.com.br\/noticias\/politica\/\">Pol\u00edtica<\/a><\/span><\/div><div class=\"cardsPage__listCard__boxs__content\"><a href=\"https:\/\/www.suno.com.br\/noticias\/greve-dos-caminhoneiros-governo-anuncia-suspensao-da-tabela-de-frete\/\"><h2 class=\"content__title\">Greve dos caminhoneiros: governo anuncia suspens\u00e3o da tabela de fretes<\/h2><\/a><div class=\"newsContent__article__meta\"><div class=\"newsContent__article__meta__authorBox\"><a href=\"https:\/\/www.suno.com.br\/noticias\/author\/carlo-cauti\/\" class=\"authorBox__avatar noMobi\"><img src=\"https:\/\/files.sunoresearch.com.br\/n\/uploads\/2020\/08\/e3745f9a-perfil-carlo-cauti-150x150.webp\" alt=\"Carlo Cauti\"><\/a><div class=\"authorBox__name\"><span>por\n\t\t\t<a href=\"https:\/\/www.suno.com.br\/noticias\/author\/carlo-cauti\/\"><span itemprop=\"author\">Carlo Cauti<\/span><\/a><\/span><time datetime=\"2019-07-22T10:26:34-03:00\" itemprop=\"datePublished\">22\/07\/2019 10:26<\/time><\/div><\/div><\/div><\/div><\/div>","single_layout":"posts","amp_enabled":true,"_links":{"self":[{"href":"https:\/\/www.suno.com.br\/noticias\/wp-json\/wp\/v2\/posts\/31683"}],"collection":[{"href":"https:\/\/www.suno.com.br\/noticias\/wp-json\/wp\/v2\/posts"}],"about":[{"href":"https:\/\/www.suno.com.br\/noticias\/wp-json\/wp\/v2\/types\/post"}],"author":[{"embeddable":true,"href":"https:\/\/www.suno.com.br\/noticias\/wp-json\/wp\/v2\/users\/9"}],"replies":[{"embeddable":true,"href":"https:\/\/www.suno.com.br\/noticias\/wp-json\/wp\/v2\/comments?post=31683"}],"version-history":[{"count":0,"href":"https:\/\/www.suno.com.br\/noticias\/wp-json\/wp\/v2\/posts\/31683\/revisions"}],"wp:featuredmedia":[{"embeddable":true,"href":"https:\/\/www.suno.com.br\/noticias\/wp-json\/wp\/v2\/media\/5802"}],"wp:attachment":[{"href":"https:\/\/www.suno.com.br\/noticias\/wp-json\/wp\/v2\/media?parent=31683"}],"wp:term":[{"taxonomy":"category","embeddable":true,"href":"https:\/\/www.suno.com.br\/noticias\/wp-json\/wp\/v2\/categories?post=31683"},{"taxonomy":"post_tag","embeddable":true,"href":"https:\/\/www.suno.com.br\/noticias\/wp-json\/wp\/v2\/tags?post=31683"},{"taxonomy":"suno_strategy","embeddable":true,"href":"https:\/\/www.suno.com.br\/noticias\/wp-json\/wp\/v2\/suno_strategy?post=31683"}],"curies":[{"name":"wp","href":"https:\/\/api.w.org\/{rel}","templated":true}]}}