{"id":316634,"date":"2022-11-08T17:48:11","date_gmt":"2022-11-08T20:48:11","guid":{"rendered":"https:\/\/www.suno.com.br\/noticias\/?p=316634"},"modified":"2022-11-08T18:06:57","modified_gmt":"2022-11-08T21:06:57","slug":"equipe-lula-planeja-alterar-precos-petrobras-petr4","status":"publish","type":"post","link":"https:\/\/www.suno.com.br\/noticias\/equipe-lula-planeja-alterar-precos-petrobras-petr4\/","title":{"rendered":"Equipe de transi\u00e7\u00e3o de Lula cogita alterar pol\u00edtica de pre\u00e7os da Petrobras (PETR4) em 2023"},"content":{"rendered":"<p><span style=\"font-weight: 400;\">A equipe de transi\u00e7\u00e3o do presidente eleito, Luiz In\u00e1cio Lula da Silva (PT), quer implementar uma nova pol\u00edtica de pre\u00e7os na <strong><a class=\"suno-keyword\" href=\"https:\/\/www.suno.com.br\/acoes\/PETR4\/\" target=\"_blank\" rel=\"noopener\" data-force=\"yes\" data-priority=\"2\">Petrobras (PETR4)<\/a><\/strong>, de modo com que haja uma varia\u00e7\u00e3o no valor do combust\u00edvel por regi\u00e3o, para valer j\u00e1 no pr\u00f3ximo ano, segundo informa\u00e7\u00f5es do jornal O Globo, nesta ter\u00e7a-feira (8).<\/span><\/p>\t<div class=\"wrapper-featured-image\">\n\t\t<figure class=\"spotlightImg\">\n\n\t\t\t<picture>\n\t\t\t\t<source media=\"(max-width: 768px)\" srcset=\"https:\/\/files.sunoresearch.com.br\/n\/uploads\/2022\/08\/Petrobras-400x200.jpg\">\n\t\t\t\t<img loading=\"lazy\" decoding=\"async\" class=\"newsContent__article__imgCapa lazyloadDisabled \" src=\"https:\/\/files.sunoresearch.com.br\/n\/uploads\/2022\/08\/Petrobras-800x450.jpg\" width=\"800\" height=\"450\" alt=\"Equipe de transi\u00e7\u00e3o de Lula cogita alterar pol\u00edtica de pre\u00e7os da Petrobras (PETR4) em 2023\" fetchpriority=high \/>\n\t\t\t<\/picture>\n\n\t\t\t<figcaption class=\"wp-caption-text wp-caption-text--show\">Petrobras (PETR4), Copel (CPLE6) e Ita\u00fasa (ITSA4) s\u00e3o destaques do mercado financeiro. Foto: Fernando Fraz\u00e3o\/Ag\u00eancia Brasil<\/figcaption>\n\t\t<\/figure>\n\t<\/div>\n\n\n\t<p>\n\t\t<a href=\"https:\/\/lp.suno.com.br\/planilha-controle-gastos\/\" target=\"_blank\" data-element=\"shortcode-suno-banner\" title=\"Banner SUNO, clique e saiba mais\">\n\t\t\t<picture>\n\t\t\t\t<source media=\"(max-width: 500px)\" srcset=\"https:\/\/files.sunoresearch.com.br\/n\/uploads\/2023\/03\/400x300-Planilha-controle-de-gastos.png\">\n\t\t\t\t<img class=\"newsContent__article__imgCapa newsContent__article__imgCapa--banner\"\n\t\t\t\t\tsrc=\"https:\/\/files.sunoresearch.com.br\/n\/uploads\/2023\/03\/1420x240-Planilha-controle-de-gastos.png\"\n\t\t\t\t\tdata-promo-id=\"311945\"\t\t\t\t\t\t\t\t\t\twidth='1420' height='240'\t\t\t\t\talt=\"https:\/\/files.sunoresearch.com.br\/n\/uploads\/2023\/03\/1420x240-Planilha-controle-de-gastos.png\"\n\t\t\t\t>\n\t\t\t<\/picture>\n\t\t<\/a>\n\t<\/p>\n\n\n<p><span style=\"font-weight: 400;\">O objetivo da proposta \u00e9 substituir a atual <strong>paridade de pre\u00e7o internacional (PPI)<\/strong> para que haja menos depend\u00eancia em rela\u00e7\u00e3o ao mercado internacional, uma vez que ir\u00e1 reduzir o impacto da <strong><a class=\"suno-keyword\" href=\"https:\/\/www.suno.com.br\/artigos\/cotacao-do-petroleo\/\" target=\"_blank\" rel=\"noopener\" data-force=\"no\" data-priority=\"1\">cota\u00e7\u00e3o do petr\u00f3leo<\/a><\/strong> no exterior nas bombas dos postos de combust\u00edveis no Brasil.<\/span><\/p>\n<p><span style=\"font-weight: 400;\">Para isso, a ideia da <strong>equipe de Lula<\/strong> na transi\u00e7\u00e3o para o novo governo \u00e9 colocar uma esp\u00e9cie de valor de refer\u00eancia, que deve ser criado pela <strong>Ag\u00eancia Nacional do Petr\u00f3leo (ANP)<\/strong>. No entanto, essa medida ser\u00e1 adaptada por regi\u00e3o.<\/span><\/p>\n<p><span style=\"font-weight: 400;\">Dessa forma, ser\u00e1 feito um mapeamento nos campos de influ\u00eancia nas refinarias do pa\u00eds e, a partir disso, ser\u00e1 estimado um c\u00e1lculo da quantidade de <strong>produ\u00e7\u00e3o de combust\u00edveis<\/strong> para cada refinaria, que ter\u00e1 como base o volume de importa\u00e7\u00e3o necess\u00e1rio para a regi\u00e3o e a capacidade de instala\u00e7\u00e3o.<\/span><\/p>\n\t<p>\n\t\t<a href=\"https:\/\/lp.suno.com.br\/ebook-como-analisar-uma-acao\/\" target=\"_blank\" data-element=\"shortcode-suno-banner\" title=\"Banner SUNO, clique e saiba mais\">\n\t\t\t<picture>\n\t\t\t\t<source media=\"(max-width: 500px)\" srcset=\"https:\/\/files.sunoresearch.com.br\/n\/uploads\/2023\/03\/Ebook-Acoes-Mobile.jpg\">\n\t\t\t\t<img class=\"newsContent__article__imgCapa newsContent__article__imgCapa--banner\"\n\t\t\t\t\tsrc=\"https:\/\/files.sunoresearch.com.br\/n\/uploads\/2023\/03\/Ebook-Acoes-Desktop.jpg\"\n\t\t\t\t\tdata-promo-id=\"311946\"\t\t\t\t\t\t\t\t\t\twidth='1420' height='286'\t\t\t\t\talt=\"https:\/\/files.sunoresearch.com.br\/n\/uploads\/2023\/03\/Ebook-Acoes-Desktop.jpg\"\n\t\t\t\t>\n\t\t\t<\/picture>\n\t\t<\/a>\n\t<\/p>\n\n\n<p><span style=\"font-weight: 400;\">Nesse sentido, de acordo com uma fonte ouvida pelo jornal O Globo, levando em considera\u00e7\u00e3o que os custos de importa\u00e7\u00e3o n\u00e3o s\u00e3o os mesmos em todas as regi\u00f5es do pa\u00eds, nos locais em que as importa\u00e7\u00f5es teriam uma fatia maior, o pre\u00e7o internacional seria mais alto tamb\u00e9m na composi\u00e7\u00e3o do valor final cobrado nas refinarias.<\/span><\/p>\n<p><span style=\"font-weight: 400;\">Atualmente, a Petrobras adota um \u00fanico pre\u00e7o em todo o pa\u00eds.\u00a0<\/span><\/p>\n<p><span style=\"font-weight: 400;\">Para colocar a <strong>pol\u00edtica de pre\u00e7os<\/strong> em pr\u00e1tica, ainda \u00e9 preciso ser definidos alguns crit\u00e9rios, nos quais a equipe de Lula n\u00e3o chegou em um consenso, como a periodicidade de reajuste e delimita\u00e7\u00e3o geogr\u00e1fica das \u00e1reas de influ\u00eancia.<\/span><\/p>\n<p><span style=\"font-weight: 400;\">No entanto, a ideia \u00e9 n\u00e3o repetir a estrat\u00e9gia adotada por Dilma Rousseff, colocando os pre\u00e7os artificialmente baixos por um longo per\u00edodo, o que gerou perdas bilion\u00e1rias para a <strong>Petrobras<\/strong>.<\/span><\/p>\n<h2>N\u00e3o h\u00e1 raz\u00e3o para urg\u00eancia em a\u00e7\u00e3o sobre dividendos da Petrobras, diz Nardes<\/h2>\n<p>Relator do pedido para apurar a distribui\u00e7\u00e3o de dividendos da Petrobras, o ministro Augusto Nardes, do Tribunal de Contas da Uni\u00e3o (TCU), afirmou n\u00e3o haver raz\u00e3o para adotar qualquer &#8220;medida de urg\u00eancia&#8221; no caso. Em representa\u00e7\u00e3o \u00e0 Corte, o Minist\u00e9rio P\u00fablico que atua junto ao TCU sugeriu, se o tribunal entendesse pertinente, a &#8220;imediata suspens\u00e3o&#8221; da distribui\u00e7\u00e3o dos dividendos. A a\u00e7\u00e3o foi apresentada um dia ap\u00f3s o <a class=\"suno-keyword\" href=\"https:\/\/www.suno.com.br\/artigos\/conselho-administracao\/\" target=\"_blank\" rel=\"noopener\" data-force=\"no\" data-priority=\"1\">Conselho de Administra\u00e7\u00e3o<\/a> da estatal aprovar o pagamento, calculado em R$ 43,68 bilh\u00f5es.<\/p>\n<p>Nardes, que ainda n\u00e3o despachou no processo, destacou que at\u00e9 a data do primeiro pagamento a Corte ter\u00e1 &#8220;tempo suficiente&#8221; para ouvir a Petrobras, &#8220;sanear os autos&#8221;, analisar o m\u00e9rito e verificar se procedem os fatos alegados na representa\u00e7\u00e3o.<\/p>\n<p>&#8220;N\u00e3o h\u00e1 motivo para temor nem raz\u00f5es para a ado\u00e7\u00e3o de qualquer medida de urg\u00eancia, de natureza cautelar. A data prevista para o pagamento da primeira das duas parcelas dos dividendos referentes ao resultado do terceiro trimestre de 2022 da Petrobras \u00e9 20 de dezembro (a segunda dever\u00e1 ser paga em 19 de janeiro de 2023)&#8221;, afirmou o ministro do TCU.<\/p>\n<p>A peti\u00e7\u00e3o do MP que atua junto ao TCU foi assinada pelo subprocurador geral Lucas Rocha Furtado.<\/p>\n<p>Para ele, o TCU precisa avaliar a situa\u00e7\u00e3o diante de poss\u00edvel risco \u00e0 sustentabilidade financeira e esvaziamento da disponibilidade em caixa da estatal. &#8220;Ratifico minha preocupa\u00e7\u00e3o no sentido de que possuo receio de que as eventuais distribui\u00e7\u00f5es possam comprometer a sustentabilidade financeira da Companhia no curto, m\u00e9dio e <a class=\"suno-keyword\" href=\"https:\/\/www.suno.com.br\/artigos\/longo-prazo\/\" target=\"_blank\" rel=\"noopener\" data-force=\"no\" data-priority=\"1\">longo prazo<\/a>, indo de encontro ao pr\u00f3prio Plano Estrat\u00e9gico da Petrobras&#8221;, afirmou na pe\u00e7a apresentada na sexta-feira.<\/p>\n<p class=\"newsProviderSignature\"><em>Com Estad\u00e3o Conte\u00fado<\/em><\/p>\n\t<p>\n\t\t<a href=\"https:\/\/lp.suno.com.br\/ebook-investindo-em-fiis\/\" target=\"_blank\" data-element=\"shortcode-suno-banner\" title=\"Banner SUNO, clique e saiba mais\">\n\t\t\t<picture>\n\t\t\t\t<source media=\"(max-width: 500px)\" srcset=\"https:\/\/files.sunoresearch.com.br\/n\/uploads\/2023\/03\/Ebook-Fundos-Imobiliarios-Mobile-1.jpg\">\n\t\t\t\t<img class=\"newsContent__article__imgCapa newsContent__article__imgCapa--banner\"\n\t\t\t\t\tsrc=\"https:\/\/files.sunoresearch.com.br\/n\/uploads\/2023\/03\/Ebook-Fundos-Imobiliarios-Desktop-1.jpg\"\n\t\t\t\t\tdata-promo-id=\"313843\"\t\t\t\t\t\t\t\t\t\twidth='1420' height='286'\t\t\t\t\talt=\"https:\/\/files.sunoresearch.com.br\/n\/uploads\/2023\/03\/Ebook-Fundos-Imobiliarios-Desktop-1.jpg\"\n\t\t\t\t>\n\t\t\t<\/picture>\n\t\t<\/a>\n\t<\/p>\n\n\n","protected":false},"excerpt":{"rendered":"<p>A equipe de transi\u00e7\u00e3o do presidente eleito, Luiz In\u00e1cio Lula da Silva (PT), quer implementar uma nova pol\u00edtica de pre\u00e7os na Petrobras (PETR4), de modo com que haja uma varia\u00e7\u00e3o no valor do combust\u00edvel por regi\u00e3o, para valer j\u00e1 no pr\u00f3ximo ano, segundo informa\u00e7\u00f5es do jornal O Globo, nesta ter\u00e7a-feira (8). Petrobras (PETR4), Copel (CPLE6) [&hellip;]<\/p>\n","protected":false},"author":227,"featured_media":287145,"comment_status":"closed","ping_status":"closed","sticky":false,"template":"","format":"standard","meta":[],"categories":[64],"tags":[709,595],"suno_strategy":[],"class_list":["post-316634","post","type-post","status-publish","format-standard","has-post-thumbnail","hentry","category-negocios","tag-lula","tag-petrobras-petr4"],"yoast_head":"<!-- This site is optimized with the Yoast SEO plugin v24.4 - https:\/\/yoast.com\/wordpress\/plugins\/seo\/ -->\n<title>Equipe de Lula planeja alterar pol\u00edtica de pre\u00e7os da Petrobras (PETR4)<\/title>\n<meta name=\"description\" content=\"A equipe de transi\u00e7\u00e3o do presidente eleito, Luiz In\u00e1cio Lula da Silva (PT), quer implementar uma nova pol\u00edtica de pre\u00e7os da Petrobras (PETR4)\" \/>\n<meta name=\"robots\" content=\"index, follow, max-snippet:-1, max-image-preview:large, max-video-preview:-1\" \/>\n<link rel=\"canonical\" href=\"https:\/\/www.suno.com.br\/noticias\/equipe-lula-planeja-alterar-precos-petrobras-petr4\/\" \/>\n<meta property=\"og:locale\" content=\"pt_BR\" \/>\n<meta property=\"og:type\" content=\"article\" \/>\n<meta property=\"og:title\" content=\"Equipe de Lula planeja alterar pol\u00edtica de pre\u00e7os da Petrobras (PETR4)\" \/>\n<meta property=\"og:description\" content=\"A equipe de transi\u00e7\u00e3o do presidente eleito, Luiz In\u00e1cio Lula da Silva (PT), quer implementar uma nova pol\u00edtica de pre\u00e7os da Petrobras (PETR4)\" \/>\n<meta property=\"og:url\" content=\"https:\/\/www.suno.com.br\/noticias\/equipe-lula-planeja-alterar-precos-petrobras-petr4\/\" \/>\n<meta property=\"og:site_name\" content=\"Suno Not\u00edcias\" \/>\n<meta property=\"article:publisher\" content=\"https:\/\/facebook.com\/sunoresearch\" \/>\n<meta property=\"og:image\" content=\"https:\/\/files.sunoresearch.com.br\/n\/uploads\/2022\/08\/Petrobras.jpg\" \/>\n\t<meta property=\"og:image:width\" content=\"1200\" \/>\n\t<meta property=\"og:image:height\" content=\"717\" \/>\n\t<meta property=\"og:image:type\" content=\"image\/jpeg\" \/>\n<meta name=\"author\" content=\"Vanessa Loiola\" \/>\n<meta name=\"twitter:card\" content=\"summary_large_image\" \/>\n<meta name=\"twitter:creator\" content=\"@sunoresearch\" \/>\n<meta name=\"twitter:site\" content=\"@sunoresearch\" \/>\n<meta name=\"twitter:label1\" content=\"Escrito por\" \/>\n\t<meta name=\"twitter:data1\" content=\"Vanessa Loiola\" \/>\n\t<meta name=\"twitter:label2\" content=\"Est. tempo de leitura\" \/>\n\t<meta name=\"twitter:data2\" content=\"4 minutos\" \/>\n<script type=\"application\/ld+json\" class=\"yoast-schema-graph\">{\"@context\":\"https:\/\/schema.org\",\"@graph\":[{\"@type\":\"NewsArticle\",\"@id\":\"https:\/\/www.suno.com.br\/noticias\/equipe-lula-planeja-alterar-precos-petrobras-petr4\/#article\",\"isPartOf\":{\"@id\":\"https:\/\/www.suno.com.br\/noticias\/equipe-lula-planeja-alterar-precos-petrobras-petr4\/\"},\"author\":{\"name\":\"Vanessa Loiola\",\"@id\":\"https:\/\/www.suno.com.br\/noticias\/#\/schema\/person\/450c455ecff319bab1f1a0e643451479\"},\"headline\":\"Equipe de transi\u00e7\u00e3o de Lula cogita alterar pol\u00edtica de pre\u00e7os da Petrobras (PETR4) em 2023\",\"datePublished\":\"2022-11-08T20:48:11+00:00\",\"dateModified\":\"2022-11-08T21:06:57+00:00\",\"mainEntityOfPage\":{\"@id\":\"https:\/\/www.suno.com.br\/noticias\/equipe-lula-planeja-alterar-precos-petrobras-petr4\/\"},\"wordCount\":700,\"publisher\":{\"@id\":\"https:\/\/www.suno.com.br\/noticias\/#organization\"},\"image\":{\"@id\":\"https:\/\/www.suno.com.br\/noticias\/equipe-lula-planeja-alterar-precos-petrobras-petr4\/#primaryimage\"},\"thumbnailUrl\":\"https:\/\/files.sunoresearch.com.br\/n\/uploads\/2022\/08\/Petrobras.jpg\",\"keywords\":[\"Lula\",\"Petrobras (PETR4)\"],\"articleSection\":[\"Neg\u00f3cios\"],\"inLanguage\":\"pt-BR\"},{\"@type\":\"WebPage\",\"@id\":\"https:\/\/www.suno.com.br\/noticias\/equipe-lula-planeja-alterar-precos-petrobras-petr4\/\",\"url\":\"https:\/\/www.suno.com.br\/noticias\/equipe-lula-planeja-alterar-precos-petrobras-petr4\/\",\"name\":\"Equipe de Lula planeja alterar pol\u00edtica de pre\u00e7os da Petrobras (PETR4)\",\"isPartOf\":{\"@id\":\"https:\/\/www.suno.com.br\/noticias\/#website\"},\"primaryImageOfPage\":{\"@id\":\"https:\/\/www.suno.com.br\/noticias\/equipe-lula-planeja-alterar-precos-petrobras-petr4\/#primaryimage\"},\"image\":{\"@id\":\"https:\/\/www.suno.com.br\/noticias\/equipe-lula-planeja-alterar-precos-petrobras-petr4\/#primaryimage\"},\"thumbnailUrl\":\"https:\/\/files.sunoresearch.com.br\/n\/uploads\/2022\/08\/Petrobras.jpg\",\"datePublished\":\"2022-11-08T20:48:11+00:00\",\"dateModified\":\"2022-11-08T21:06:57+00:00\",\"description\":\"A equipe de transi\u00e7\u00e3o do presidente eleito, Luiz In\u00e1cio Lula da Silva (PT), quer implementar uma nova pol\u00edtica de pre\u00e7os da Petrobras (PETR4)\",\"breadcrumb\":{\"@id\":\"https:\/\/www.suno.com.br\/noticias\/equipe-lula-planeja-alterar-precos-petrobras-petr4\/#breadcrumb\"},\"inLanguage\":\"pt-BR\",\"potentialAction\":[{\"@type\":\"ReadAction\",\"target\":[\"https:\/\/www.suno.com.br\/noticias\/equipe-lula-planeja-alterar-precos-petrobras-petr4\/\"]}]},{\"@type\":\"ImageObject\",\"inLanguage\":\"pt-BR\",\"@id\":\"https:\/\/www.suno.com.br\/noticias\/equipe-lula-planeja-alterar-precos-petrobras-petr4\/#primaryimage\",\"url\":\"https:\/\/files.sunoresearch.com.br\/n\/uploads\/2022\/08\/Petrobras.jpg\",\"contentUrl\":\"https:\/\/files.sunoresearch.com.br\/n\/uploads\/2022\/08\/Petrobras.jpg\",\"width\":1200,\"height\":717,\"caption\":\"Petrobras (PETR4), Copel (CPLE6) e Ita\u00fasa (ITSA4) s\u00e3o destaques do mercado financeiro. Foto: Fernando Fraz\u00e3o\/Ag\u00eancia Brasil\"},{\"@type\":\"BreadcrumbList\",\"@id\":\"https:\/\/www.suno.com.br\/noticias\/equipe-lula-planeja-alterar-precos-petrobras-petr4\/#breadcrumb\",\"itemListElement\":[{\"@type\":\"ListItem\",\"position\":1,\"name\":\"Not\u00edcias\",\"item\":\"https:\/\/www.suno.com.br\/noticias\/\"},{\"@type\":\"ListItem\",\"position\":2,\"name\":\"Neg\u00f3cios\",\"item\":\"https:\/\/www.suno.com.br\/noticias\/negocios\/\"},{\"@type\":\"ListItem\",\"position\":3,\"name\":\"Equipe de transi\u00e7\u00e3o de Lula cogita alterar pol\u00edtica de pre\u00e7os da Petrobras (PETR4) em 2023\"}]},{\"@type\":\"WebSite\",\"@id\":\"https:\/\/www.suno.com.br\/noticias\/#website\",\"url\":\"https:\/\/www.suno.com.br\/noticias\/\",\"name\":\"Suno Not\u00edcias\",\"description\":\"Seu portal de informa\u00e7\u00e3o sobre o mundo dos investimentos\",\"publisher\":{\"@id\":\"https:\/\/www.suno.com.br\/noticias\/#organization\"},\"potentialAction\":[{\"@type\":\"SearchAction\",\"target\":{\"@type\":\"EntryPoint\",\"urlTemplate\":\"https:\/\/www.suno.com.br\/noticias\/?s={search_term_string}\"},\"query-input\":{\"@type\":\"PropertyValueSpecification\",\"valueRequired\":true,\"valueName\":\"search_term_string\"}}],\"inLanguage\":\"pt-BR\"},{\"@type\":\"Organization\",\"@id\":\"https:\/\/www.suno.com.br\/noticias\/#organization\",\"name\":\"Suno Not\u00edcias\",\"url\":\"https:\/\/www.suno.com.br\/noticias\/\",\"logo\":{\"@type\":\"ImageObject\",\"inLanguage\":\"pt-BR\",\"@id\":\"https:\/\/www.suno.com.br\/noticias\/#\/schema\/logo\/image\/\",\"url\":\"https:\/\/files.sunoresearch.com.br\/n\/uploads\/2021\/09\/suno-logo.png\",\"contentUrl\":\"https:\/\/files.sunoresearch.com.br\/n\/uploads\/2021\/09\/suno-logo.png\",\"width\":180,\"height\":180,\"caption\":\"Suno Not\u00edcias\"},\"image\":{\"@id\":\"https:\/\/www.suno.com.br\/noticias\/#\/schema\/logo\/image\/\"},\"sameAs\":[\"https:\/\/facebook.com\/sunoresearch\",\"https:\/\/x.com\/sunoresearch\",\"https:\/\/www.instagram.com\/suno\",\"https:\/\/www.linkedin.com\/company\/suno-research\/\",\"https:\/\/www.youtube.com\/c\/sunoresearch\"]},{\"@type\":\"Person\",\"@id\":\"https:\/\/www.suno.com.br\/noticias\/#\/schema\/person\/450c455ecff319bab1f1a0e643451479\",\"name\":\"Vanessa Loiola\",\"image\":{\"@type\":\"ImageObject\",\"inLanguage\":\"pt-BR\",\"@id\":\"https:\/\/www.suno.com.br\/noticias\/#\/schema\/person\/image\/\",\"url\":\"https:\/\/secure.gravatar.com\/avatar\/8b41117f9780831919eb38da349c3f20?s=96&r=g\",\"contentUrl\":\"https:\/\/secure.gravatar.com\/avatar\/8b41117f9780831919eb38da349c3f20?s=96&r=g\",\"caption\":\"Vanessa Loiola\"},\"description\":\"Jornalista formada pela PUC-SP, com experi\u00eancia na cobertura das editorias de economia, finan\u00e7as, bolsa de valores, pol\u00edtica, energia solar e entretenimento. Com passagem pela BM&amp;C News e RedeTV!\",\"url\":\"https:\/\/www.suno.com.br\/noticias\/author\/vanessal-loiolagmail-com\/\"}]}<\/script>\n<!-- \/ Yoast SEO plugin. -->","yoast_head_json":{"title":"Equipe de Lula planeja alterar pol\u00edtica de pre\u00e7os da Petrobras (PETR4)","description":"A equipe de transi\u00e7\u00e3o do presidente eleito, Luiz In\u00e1cio Lula da Silva (PT), quer implementar uma nova pol\u00edtica de pre\u00e7os da Petrobras (PETR4)","robots":{"index":"index","follow":"follow","max-snippet":"max-snippet:-1","max-image-preview":"max-image-preview:large","max-video-preview":"max-video-preview:-1"},"canonical":"https:\/\/www.suno.com.br\/noticias\/equipe-lula-planeja-alterar-precos-petrobras-petr4\/","og_locale":"pt_BR","og_type":"article","og_title":"Equipe de Lula planeja alterar pol\u00edtica de pre\u00e7os da Petrobras (PETR4)","og_description":"A equipe de transi\u00e7\u00e3o do presidente eleito, Luiz In\u00e1cio Lula da Silva (PT), quer implementar uma nova pol\u00edtica de pre\u00e7os da Petrobras (PETR4)","og_url":"https:\/\/www.suno.com.br\/noticias\/equipe-lula-planeja-alterar-precos-petrobras-petr4\/","og_site_name":"Suno Not\u00edcias","article_publisher":"https:\/\/facebook.com\/sunoresearch","og_image":[{"width":1200,"height":717,"url":"https:\/\/files.sunoresearch.com.br\/n\/uploads\/2022\/08\/Petrobras.jpg","type":"image\/jpeg"}],"author":"Vanessa Loiola","twitter_card":"summary_large_image","twitter_creator":"@sunoresearch","twitter_site":"@sunoresearch","twitter_misc":{"Escrito por":"Vanessa Loiola","Est. tempo de leitura":"4 minutos"},"schema":{"@context":"https:\/\/schema.org","@graph":[{"@type":"NewsArticle","@id":"https:\/\/www.suno.com.br\/noticias\/equipe-lula-planeja-alterar-precos-petrobras-petr4\/#article","isPartOf":{"@id":"https:\/\/www.suno.com.br\/noticias\/equipe-lula-planeja-alterar-precos-petrobras-petr4\/"},"author":{"name":"Vanessa Loiola","@id":"https:\/\/www.suno.com.br\/noticias\/#\/schema\/person\/450c455ecff319bab1f1a0e643451479"},"headline":"Equipe de transi\u00e7\u00e3o de Lula cogita alterar pol\u00edtica de pre\u00e7os da Petrobras (PETR4) em 2023","datePublished":"2022-11-08T20:48:11+00:00","dateModified":"2022-11-08T21:06:57+00:00","mainEntityOfPage":{"@id":"https:\/\/www.suno.com.br\/noticias\/equipe-lula-planeja-alterar-precos-petrobras-petr4\/"},"wordCount":700,"publisher":{"@id":"https:\/\/www.suno.com.br\/noticias\/#organization"},"image":{"@id":"https:\/\/www.suno.com.br\/noticias\/equipe-lula-planeja-alterar-precos-petrobras-petr4\/#primaryimage"},"thumbnailUrl":"https:\/\/files.sunoresearch.com.br\/n\/uploads\/2022\/08\/Petrobras.jpg","keywords":["Lula","Petrobras (PETR4)"],"articleSection":["Neg\u00f3cios"],"inLanguage":"pt-BR"},{"@type":"WebPage","@id":"https:\/\/www.suno.com.br\/noticias\/equipe-lula-planeja-alterar-precos-petrobras-petr4\/","url":"https:\/\/www.suno.com.br\/noticias\/equipe-lula-planeja-alterar-precos-petrobras-petr4\/","name":"Equipe de Lula planeja alterar pol\u00edtica de pre\u00e7os da Petrobras (PETR4)","isPartOf":{"@id":"https:\/\/www.suno.com.br\/noticias\/#website"},"primaryImageOfPage":{"@id":"https:\/\/www.suno.com.br\/noticias\/equipe-lula-planeja-alterar-precos-petrobras-petr4\/#primaryimage"},"image":{"@id":"https:\/\/www.suno.com.br\/noticias\/equipe-lula-planeja-alterar-precos-petrobras-petr4\/#primaryimage"},"thumbnailUrl":"https:\/\/files.sunoresearch.com.br\/n\/uploads\/2022\/08\/Petrobras.jpg","datePublished":"2022-11-08T20:48:11+00:00","dateModified":"2022-11-08T21:06:57+00:00","description":"A equipe de transi\u00e7\u00e3o do presidente eleito, Luiz In\u00e1cio Lula da Silva (PT), quer implementar uma nova pol\u00edtica de pre\u00e7os da Petrobras (PETR4)","breadcrumb":{"@id":"https:\/\/www.suno.com.br\/noticias\/equipe-lula-planeja-alterar-precos-petrobras-petr4\/#breadcrumb"},"inLanguage":"pt-BR","potentialAction":[{"@type":"ReadAction","target":["https:\/\/www.suno.com.br\/noticias\/equipe-lula-planeja-alterar-precos-petrobras-petr4\/"]}]},{"@type":"ImageObject","inLanguage":"pt-BR","@id":"https:\/\/www.suno.com.br\/noticias\/equipe-lula-planeja-alterar-precos-petrobras-petr4\/#primaryimage","url":"https:\/\/files.sunoresearch.com.br\/n\/uploads\/2022\/08\/Petrobras.jpg","contentUrl":"https:\/\/files.sunoresearch.com.br\/n\/uploads\/2022\/08\/Petrobras.jpg","width":1200,"height":717,"caption":"Petrobras (PETR4), Copel (CPLE6) e Ita\u00fasa (ITSA4) s\u00e3o destaques do mercado financeiro. Foto: Fernando Fraz\u00e3o\/Ag\u00eancia Brasil"},{"@type":"BreadcrumbList","@id":"https:\/\/www.suno.com.br\/noticias\/equipe-lula-planeja-alterar-precos-petrobras-petr4\/#breadcrumb","itemListElement":[{"@type":"ListItem","position":1,"name":"Not\u00edcias","item":"https:\/\/www.suno.com.br\/noticias\/"},{"@type":"ListItem","position":2,"name":"Neg\u00f3cios","item":"https:\/\/www.suno.com.br\/noticias\/negocios\/"},{"@type":"ListItem","position":3,"name":"Equipe de transi\u00e7\u00e3o de Lula cogita alterar pol\u00edtica de pre\u00e7os da Petrobras (PETR4) em 2023"}]},{"@type":"WebSite","@id":"https:\/\/www.suno.com.br\/noticias\/#website","url":"https:\/\/www.suno.com.br\/noticias\/","name":"Suno Not\u00edcias","description":"Seu portal de informa\u00e7\u00e3o sobre o mundo dos investimentos","publisher":{"@id":"https:\/\/www.suno.com.br\/noticias\/#organization"},"potentialAction":[{"@type":"SearchAction","target":{"@type":"EntryPoint","urlTemplate":"https:\/\/www.suno.com.br\/noticias\/?s={search_term_string}"},"query-input":{"@type":"PropertyValueSpecification","valueRequired":true,"valueName":"search_term_string"}}],"inLanguage":"pt-BR"},{"@type":"Organization","@id":"https:\/\/www.suno.com.br\/noticias\/#organization","name":"Suno Not\u00edcias","url":"https:\/\/www.suno.com.br\/noticias\/","logo":{"@type":"ImageObject","inLanguage":"pt-BR","@id":"https:\/\/www.suno.com.br\/noticias\/#\/schema\/logo\/image\/","url":"https:\/\/files.sunoresearch.com.br\/n\/uploads\/2021\/09\/suno-logo.png","contentUrl":"https:\/\/files.sunoresearch.com.br\/n\/uploads\/2021\/09\/suno-logo.png","width":180,"height":180,"caption":"Suno Not\u00edcias"},"image":{"@id":"https:\/\/www.suno.com.br\/noticias\/#\/schema\/logo\/image\/"},"sameAs":["https:\/\/facebook.com\/sunoresearch","https:\/\/x.com\/sunoresearch","https:\/\/www.instagram.com\/suno","https:\/\/www.linkedin.com\/company\/suno-research\/","https:\/\/www.youtube.com\/c\/sunoresearch"]},{"@type":"Person","@id":"https:\/\/www.suno.com.br\/noticias\/#\/schema\/person\/450c455ecff319bab1f1a0e643451479","name":"Vanessa Loiola","image":{"@type":"ImageObject","inLanguage":"pt-BR","@id":"https:\/\/www.suno.com.br\/noticias\/#\/schema\/person\/image\/","url":"https:\/\/secure.gravatar.com\/avatar\/8b41117f9780831919eb38da349c3f20?s=96&r=g","contentUrl":"https:\/\/secure.gravatar.com\/avatar\/8b41117f9780831919eb38da349c3f20?s=96&r=g","caption":"Vanessa Loiola"},"description":"Jornalista formada pela PUC-SP, com experi\u00eancia na cobertura das editorias de economia, finan\u00e7as, bolsa de valores, pol\u00edtica, energia solar e entretenimento. Com passagem pela BM&amp;C News e RedeTV!","url":"https:\/\/www.suno.com.br\/noticias\/author\/vanessal-loiolagmail-com\/"}]}},"default_loop_html":"<div class=\"cardsPage__listCard__boxs\"><div class=\"cardsPage__listCard__boxs__img\"><a href=\"https:\/\/www.suno.com.br\/noticias\/equipe-lula-planeja-alterar-precos-petrobras-petr4\/\"><img class=\"mask\" src=\"https:\/\/www.suno.com.br\/noticias\/wp-content\/themes\/suno\/resources\/images\/spotlight\/spotlight1img\/bg-mask.png\" alt=\"Image Mask\"\/><img src=\"https:\/\/files.sunoresearch.com.br\/n\/uploads\/2022\/08\/Petrobras-400x200.jpg\" alt=\"Equipe de transi\u00e7\u00e3o de Lula cogita alterar pol\u00edtica de pre\u00e7os da Petrobras (PETR4) em 2023\"\/><\/a><span class=\"spotlightCategory\"><a href=\"https:\/\/www.suno.com.br\/noticias\/negocios\/\">Neg\u00f3cios<\/a><\/span><\/div><div class=\"cardsPage__listCard__boxs__content\"><a href=\"https:\/\/www.suno.com.br\/noticias\/equipe-lula-planeja-alterar-precos-petrobras-petr4\/\"><h2 class=\"content__title\">Equipe de transi\u00e7\u00e3o de Lula cogita alterar pol\u00edtica de pre\u00e7os da Petrobras (PETR4) em 2023<\/h2><\/a><div class=\"newsContent__article__meta\"><div class=\"newsContent__article__meta__authorBox\"><a href=\"https:\/\/www.suno.com.br\/noticias\/author\/vanessal-loiolagmail-com\/\" class=\"authorBox__avatar noMobi\"><img src=\"https:\/\/secure.gravatar.com\/avatar\/8b41117f9780831919eb38da349c3f20?s=96&#038;r=g\" alt=\"Vanessa Loiola\"><\/a><div class=\"authorBox__name\"><span>por\n\t\t\t<a href=\"https:\/\/www.suno.com.br\/noticias\/author\/vanessal-loiolagmail-com\/\"><span itemprop=\"author\">Vanessa Loiola<\/span><\/a><\/span><time datetime=\"2022-11-08T17:48:11-03:00\" itemprop=\"datePublished\">08\/11\/2022 17:48<\/time><\/div><\/div><\/div><\/div><\/div>","single_layout":"posts","amp_enabled":true,"_links":{"self":[{"href":"https:\/\/www.suno.com.br\/noticias\/wp-json\/wp\/v2\/posts\/316634"}],"collection":[{"href":"https:\/\/www.suno.com.br\/noticias\/wp-json\/wp\/v2\/posts"}],"about":[{"href":"https:\/\/www.suno.com.br\/noticias\/wp-json\/wp\/v2\/types\/post"}],"author":[{"embeddable":true,"href":"https:\/\/www.suno.com.br\/noticias\/wp-json\/wp\/v2\/users\/227"}],"replies":[{"embeddable":true,"href":"https:\/\/www.suno.com.br\/noticias\/wp-json\/wp\/v2\/comments?post=316634"}],"version-history":[{"count":4,"href":"https:\/\/www.suno.com.br\/noticias\/wp-json\/wp\/v2\/posts\/316634\/revisions"}],"predecessor-version":[{"id":316736,"href":"https:\/\/www.suno.com.br\/noticias\/wp-json\/wp\/v2\/posts\/316634\/revisions\/316736"}],"wp:featuredmedia":[{"embeddable":true,"href":"https:\/\/www.suno.com.br\/noticias\/wp-json\/wp\/v2\/media\/287145"}],"wp:attachment":[{"href":"https:\/\/www.suno.com.br\/noticias\/wp-json\/wp\/v2\/media?parent=316634"}],"wp:term":[{"taxonomy":"category","embeddable":true,"href":"https:\/\/www.suno.com.br\/noticias\/wp-json\/wp\/v2\/categories?post=316634"},{"taxonomy":"post_tag","embeddable":true,"href":"https:\/\/www.suno.com.br\/noticias\/wp-json\/wp\/v2\/tags?post=316634"},{"taxonomy":"suno_strategy","embeddable":true,"href":"https:\/\/www.suno.com.br\/noticias\/wp-json\/wp\/v2\/suno_strategy?post=316634"}],"curies":[{"name":"wp","href":"https:\/\/api.w.org\/{rel}","templated":true}]}}