{"id":316536,"date":"2022-11-09T08:00:43","date_gmt":"2022-11-09T11:00:43","guid":{"rendered":"https:\/\/www.suno.com.br\/noticias\/?p=316536"},"modified":"2022-11-08T14:27:55","modified_gmt":"2022-11-08T17:27:55","slug":"o-futuro-da-energia-solar-no-brasil-o-que-esperar","status":"publish","type":"post","link":"https:\/\/www.suno.com.br\/noticias\/o-futuro-da-energia-solar-no-brasil-o-que-esperar\/","title":{"rendered":"O futuro da energia solar no Brasil: o que esperar?"},"content":{"rendered":"<p><span style=\"font-weight: 400;\">A transi\u00e7\u00e3o energ\u00e9tica para fontes renov\u00e1veis &#8211; como a <strong>energia solar<\/strong> &#8211; se tornou tema incontorn\u00e1vel, debatido desde campanhas presidenciais at\u00e9 por grandes corpora\u00e7\u00f5es. Um dos motivos \u00e9 a crise de abastecimento de petr\u00f3leo e g\u00e1s que exp\u00f4s a depend\u00eancia do abastecimento de alguns pa\u00edses como fragilidade na economia global.<\/span><\/p>\t<div class=\"wrapper-featured-image\">\n\t\t<figure class=\"spotlightImg\">\n\n\t\t\t<picture>\n\t\t\t\t<source media=\"(max-width: 768px)\" srcset=\"https:\/\/files.sunoresearch.com.br\/n\/uploads\/2022\/11\/energia-solar-2-400x200.jpg\">\n\t\t\t\t<img loading=\"lazy\" decoding=\"async\" class=\"newsContent__article__imgCapa lazyloadDisabled \" src=\"https:\/\/files.sunoresearch.com.br\/n\/uploads\/2022\/11\/energia-solar-2-800x450.jpg\" width=\"800\" height=\"450\" alt=\"O futuro da energia solar no Brasil: o que esperar?\" fetchpriority=high \/>\n\t\t\t<\/picture>\n\n\t\t\t<figcaption class=\"wp-caption-text wp-caption-text--show\">Energia solar, fundo da AZ Quest e AXS Energia. Foto Unsplash<\/figcaption>\n\t\t<\/figure>\n\t<\/div>\n\n\n\t<p>\n\t\t<a href=\"https:\/\/lp2.suno.com.br\/cl\/black-friday-2025\/?utm_campaign=_SNCDF0E4858_\" target=\"_blank\" data-element=\"shortcode-suno-banner\" title=\"Banner SUNO, clique e saiba mais\">\n\t\t\t<picture>\n\t\t\t\t<source media=\"(max-width: 500px)\" srcset=\"https:\/\/files.sunoresearch.com.br\/n\/uploads\/2025\/10\/Artigos-e-Noticias-Banner-Home-artigos-01-Mobile_-400x300-1-png.webp\">\n\t\t\t\t<img class=\"newsContent__article__imgCapa newsContent__article__imgCapa--banner\"\n\t\t\t\t\tsrc=\"https:\/\/files.sunoresearch.com.br\/n\/uploads\/2025\/10\/Artigos-e-Noticias-Banner-Home-artigos-01-Desktop_-1420x240-1-png.webp\"\n\t\t\t\t\tdata-promo-id=\"311259\"\t\t\t\t\t\t\t\t\t\twidth='1420' height='240'\t\t\t\t\talt=\"https:\/\/files.sunoresearch.com.br\/n\/uploads\/2025\/10\/Artigos-e-Noticias-Banner-Home-artigos-01-Desktop_-1420x240-1-png.webp\"\n\t\t\t\t>\n\t\t\t<\/picture>\n\t\t<\/a>\n\t<\/p>\n\n\n<p><span style=\"font-weight: 400;\">Outro ponto \u00e9 a crise clim\u00e1tica, causada principalmente pela explora\u00e7\u00e3o de fontes energ\u00e9ticas mais poluentes como petr\u00f3leo e g\u00e1s.\u00a0<\/span><\/p>\n<p><span style=\"font-weight: 400;\">O secret\u00e1rio-geral da ONU, Ant\u00f3nio Guterres, disse que o tempo est\u00e1 se esgotando para evitar os piores impactos da<strong> crise clim\u00e1tica<\/strong>, mas isso pode ser evitado: \u201cDevemos acabar com a polui\u00e7\u00e3o por combust\u00edveis f\u00f3sseis e acelerar a transi\u00e7\u00e3o para energia renov\u00e1vel antes de destruir a nossa \u00fanica casa\u201d, declarou.\u00a0<\/span><\/p>\n<p><span style=\"font-weight: 400;\">E a energia solar, no Brasil, tem um grande papel nessa transi\u00e7\u00e3o. Para o CEO da Associa\u00e7\u00e3o Brasileira de Energia Solar Fotovoltaica (ABSolar), Rodrigo Sauaia, o Brasil \u00e9 uma na\u00e7\u00e3o solar por natureza, com condi\u00e7\u00f5es privilegiadas para se consolidar como uma lideran\u00e7a mundial ainda maior no setor.\u00a0<\/span><\/p>\n<p><span style=\"font-weight: 400;\"> \u201cA <strong>energia solar fotovoltaica<\/strong> ter\u00e1 fun\u00e7\u00e3o cada vez mais estrat\u00e9gica para atingir as metas de <a class=\"suno-keyword\" href=\"https:\/\/www.suno.com.br\/artigos\/desenvolvimento-economico\/\" target=\"_blank\" rel=\"noopener\" data-force=\"no\" data-priority=\"1\">desenvolvimento econ\u00f4mico<\/a>, social e ambiental do Brasil e dos demais pa\u00edses. Ir\u00e1 ajudar fortemente na recupera\u00e7\u00e3o das economias globais, sendo a fonte renov\u00e1vel que mais gera empregos no planeta\u201d, comenta.<\/span><\/p>\n<p><span style=\"font-weight: 400;\">Para o membro do Instituto de Engenheiros Eletricistas e Eletr\u00f4nicos (IEEE) e professor da Escola Polit\u00e9cnica da Universidade de S\u00e3o Paulo (POLI-USP), Maur\u00edcio Salles, a energia solar \u00e9 a que tem maior <\/span><a href=\"https:\/\/www.suno.com.br\/noticias\/energia-renovavel-energia-solar-brasil\/\"><span style=\"font-weight: 400;\">potencial de crescimento<\/span><\/a><span style=\"font-weight: 400;\"> entre as renov\u00e1veis nos pr\u00f3ximos anos, no Brasil.\u00a0<\/span><\/p>\n<h2><strong>Custo de energias renov\u00e1veis vem caindo no mundo\u00a0<\/strong><\/h2>\n<p><span style=\"font-weight: 400;\">De acordo com estudo global da Deloitte, o custo de <strong>energias renov\u00e1veis<\/strong> caiu dramaticamente nos \u00faltimos 10 anos. <\/span><\/p>\n<p><span style=\"font-weight: 400;\">Tanto o equipamento quanto os custos gerais de projeto diminu\u00edram \u00e0 medida que as ind\u00fastrias e\u00f3lica e solar t\u00eam amadurecido e escalonado, com o pre\u00e7o do t\u00edpico m\u00f3dulo solar fotovoltaico (PV) caindo 77% e custos de turbinas e\u00f3licas caindo 58% na \u00faltima d\u00e9cada.\u00a0<\/span><\/p>\n<p><span style=\"font-weight: 400;\">Ainda segundo o relat\u00f3rio, chamado \u201cTransi\u00e7\u00e3o energ\u00e9tica: da disruptura ao crescimento\u201d, nos \u00faltimos dois anos, energias renov\u00e1veis combinadas com baterias de grande escala tornaram-se economicamente vi\u00e1veis, e os projetos de energia solar e armazenamento superaram as propostas de usinas movidas a g\u00e1s natural para ganhar contratos de fornecimento de energia em certos estados dos EUA.<\/span><\/p>\n\t<p>\n\t\t<a href=\"https:\/\/lp.suno.com.br\/ebook-como-analisar-uma-acao\/\" target=\"_blank\" data-element=\"shortcode-suno-banner\" title=\"Banner SUNO, clique e saiba mais\">\n\t\t\t<picture>\n\t\t\t\t<source media=\"(max-width: 500px)\" srcset=\"https:\/\/files.sunoresearch.com.br\/n\/uploads\/2023\/12\/Ebook-Acoes-Mobile.jpg\">\n\t\t\t\t<img class=\"newsContent__article__imgCapa newsContent__article__imgCapa--banner\"\n\t\t\t\t\tsrc=\"https:\/\/files.sunoresearch.com.br\/n\/uploads\/2023\/12\/Ebook-Acoes-Desktop.webp\"\n\t\t\t\t\tdata-promo-id=\"311260\"\t\t\t\t\t\t\t\t\t\twidth='1420' height='286'\t\t\t\t\talt=\"https:\/\/files.sunoresearch.com.br\/n\/uploads\/2023\/12\/Ebook-Acoes-Desktop.webp\"\n\t\t\t\t>\n\t\t\t<\/picture>\n\t\t<\/a>\n\t<\/p>\n\n\n<h2>Energia Solar como motor na gera\u00e7\u00e3o de empregos no Brasil<\/h2>\n<p><span style=\"font-weight: 400;\">J\u00e1 no Brasil, a energia solar tamb\u00e9m \u00e9 motor de gera\u00e7\u00e3o de empregos. O pa\u00eds subiu uma posi\u00e7\u00e3o no ranking mundial dos pa\u00edses que mais geraram empregos no mundo em energia solar fotovoltaica no ano de 2021, segundo relat\u00f3rio divulgado pela Ag\u00eancia Internacional de Energia Renov\u00e1vel (IRENA).\u00a0<\/span><\/p>\n<p><span style=\"font-weight: 400;\">Agora na sexta coloca\u00e7\u00e3o, o Brasil figura \u00e0 frente de l\u00edderes hist\u00f3ricos do setor, como a Alemanha, Austr\u00e1lia e o Reino Unido. Para o CEO da ABSolar, Rodrigo Sauaia, a tend\u00eancia \u00e9 seguir crescendo.<\/span><\/p>\n<p><span style=\"font-weight: 400;\">\u201cAqui no Brasil, em 2022, a energia solar seguir\u00e1 crescendo a passos largos e dever\u00e1 praticamente dobrar sua pot\u00eancia operacional instalada, gerando ainda mais emprego, renda e economia para os consumidores\u201d, avaliou.\u00a0<\/span><\/p>\n<p><span style=\"font-weight: 400;\">Segundo o relat\u00f3rio da IRENA, o<strong> setor de energia renov\u00e1vel<\/strong> gerou 12,7 milh\u00f5es empregos no mundo em 2021, com a participa\u00e7\u00e3o majorit\u00e1ria da fonte solar fotovoltaica, respons\u00e1vel por mais de 4,2 milh\u00f5es de postos de trabalho, representando um ter\u00e7o do total.<\/span><\/p>\n<p><span style=\"font-weight: 400;\">O presidente do <a class=\"suno-keyword\" href=\"https:\/\/www.suno.com.br\/artigos\/conselho-administracao\/\" target=\"_blank\" rel=\"noopener\" data-force=\"no\" data-priority=\"1\">Conselho de Administra\u00e7\u00e3o<\/a> da ABSolar, Ronaldo Koloszuk, ressalta ainda que o<strong> crescimento da energia solar<\/strong> traz empregos de qualidade em todas as regi\u00f5es do Brasil, reduzindo a conta de luz e garantindo renda para a popula\u00e7\u00e3o.<\/span><\/p>\n<p><span style=\"font-weight: 400;\"> \u201cNeste momento em que o mundo todo discute transi\u00e7\u00e3o energ\u00e9tica, as empresas adotam pol\u00edticas de ESG e os cidad\u00e3os buscam mais sustentabilidade, \u00e9 fundamental estimular o avan\u00e7o da energia solar, limpa, competitiva e l\u00edder na gera\u00e7\u00e3o de empregos renov\u00e1veis no mundo\u201d, diz.<\/span><\/p>\n<h2><strong>Crescimento da energia solar no Brasil em n\u00fameros\u00a0<\/strong><\/h2>\n<p><span style=\"font-weight: 400;\">De janeiro ao in\u00edcio de outubro deste ano, a energia solar cresceu 52,2%, saltando de 13,8 GW para 21,1 GW. <\/span><\/p>\n<p><span style=\"font-weight: 400;\">O n\u00famero registra uma nova marca hist\u00f3rica de pot\u00eancia instalada da<strong> fonte solar fotovoltaica<\/strong>, somando as usinas de grande porte e os sistemas de gera\u00e7\u00e3o pr\u00f3pria de energia el\u00e9trica em telhados, fachadas e pequenos terrenos. Esse total equivale a 10,5% da matriz el\u00e9trica do Pa\u00eds, segundo a ABSolar.\u00a0<\/span><\/p>\n<p><span style=\"font-weight: 400;\">De acordo com a entidade, a<strong> energia solar<\/strong> j\u00e1 trouxe ao Brasil cerca de R$ 108,6 bilh\u00f5es em novos investimentos, mais de R$ 28,7 bilh\u00f5es em arrecada\u00e7\u00e3o aos cofres p\u00fablicos e gerou mais de 630 mil empregos acumulados desde 2012. Al\u00e9m disso, tamb\u00e9m evitou a emiss\u00e3o de 29,9 milh\u00f5es de toneladas de CO2 na gera\u00e7\u00e3o de eletricidade.<\/span><\/p>\n\t<p>\n\t\t<a href=\"https:\/\/lp.suno.com.br\/minicurso-investindo-fiis\/\" target=\"_blank\" data-element=\"shortcode-suno-banner\" title=\"Banner SUNO, clique e saiba mais\">\n\t\t\t<picture>\n\t\t\t\t<source media=\"(max-width: 500px)\" srcset=\"https:\/\/files.sunoresearch.com.br\/n\/uploads\/2023\/07\/400x300-Minicurso-FIIS.png\">\n\t\t\t\t<img class=\"newsContent__article__imgCapa newsContent__article__imgCapa--banner\"\n\t\t\t\t\tsrc=\"https:\/\/files.sunoresearch.com.br\/n\/uploads\/2023\/07\/1420x240-Minicurso-FIIS.png\"\n\t\t\t\t\tdata-promo-id=\"311935\"\t\t\t\t\t\t\t\t\t\twidth='1420' height='240'\t\t\t\t\talt=\"https:\/\/files.sunoresearch.com.br\/n\/uploads\/2023\/07\/1420x240-Minicurso-FIIS.png\"\n\t\t\t\t>\n\t\t\t<\/picture>\n\t\t<\/a>\n\t<\/p>\n\n\n","protected":false},"excerpt":{"rendered":"<p>A transi\u00e7\u00e3o energ\u00e9tica para fontes renov\u00e1veis &#8211; como a energia solar &#8211; se tornou tema incontorn\u00e1vel, debatido desde campanhas presidenciais at\u00e9 por grandes corpora\u00e7\u00f5es. Um dos motivos \u00e9 a crise de abastecimento de petr\u00f3leo e g\u00e1s que exp\u00f4s a depend\u00eancia do abastecimento de alguns pa\u00edses como fragilidade na economia global. Energia solar, fundo da AZ [&hellip;]<\/p>\n","protected":false},"author":225,"featured_media":316597,"comment_status":"closed","ping_status":"closed","sticky":false,"template":"","format":"standard","meta":[],"categories":[64],"tags":[106081],"suno_strategy":[],"class_list":["post-316536","post","type-post","status-publish","format-standard","has-post-thumbnail","hentry","category-negocios","tag-energia"],"yoast_head":"<!-- This site is optimized with the Yoast SEO plugin v24.4 - https:\/\/yoast.com\/wordpress\/plugins\/seo\/ -->\n<title>O futuro da energia solar no Brasil: o que esperar?<\/title>\n<meta name=\"robots\" content=\"index, follow, max-snippet:-1, max-image-preview:large, max-video-preview:-1\" \/>\n<link rel=\"canonical\" href=\"https:\/\/www.suno.com.br\/noticias\/o-futuro-da-energia-solar-no-brasil-o-que-esperar\/\" \/>\n<meta property=\"og:locale\" content=\"pt_BR\" \/>\n<meta property=\"og:type\" content=\"article\" \/>\n<meta property=\"og:title\" content=\"O futuro da energia solar no Brasil: o que esperar?\" \/>\n<meta property=\"og:description\" content=\"A transi\u00e7\u00e3o energ\u00e9tica para fontes renov\u00e1veis &#8211; como a energia solar &#8211; se tornou tema incontorn\u00e1vel, debatido desde campanhas presidenciais at\u00e9 por grandes corpora\u00e7\u00f5es. Um dos motivos \u00e9 a crise de abastecimento de petr\u00f3leo e g\u00e1s que exp\u00f4s a depend\u00eancia do abastecimento de alguns pa\u00edses como fragilidade na economia global. Energia solar, fundo da AZ [&hellip;]\" \/>\n<meta property=\"og:url\" content=\"https:\/\/www.suno.com.br\/noticias\/o-futuro-da-energia-solar-no-brasil-o-que-esperar\/\" \/>\n<meta property=\"og:site_name\" content=\"Suno Not\u00edcias\" \/>\n<meta property=\"article:publisher\" content=\"https:\/\/facebook.com\/sunoresearch\" \/>\n<meta property=\"og:image\" content=\"https:\/\/files.sunoresearch.com.br\/n\/uploads\/2022\/11\/energia-solar-2-scaled.jpg\" \/>\n\t<meta property=\"og:image:width\" content=\"2560\" \/>\n\t<meta property=\"og:image:height\" content=\"1439\" \/>\n\t<meta property=\"og:image:type\" content=\"image\/jpeg\" \/>\n<meta name=\"author\" content=\"Mariana Rodrigues\" \/>\n<meta name=\"twitter:card\" content=\"summary_large_image\" \/>\n<meta name=\"twitter:creator\" content=\"@sunoresearch\" \/>\n<meta name=\"twitter:site\" content=\"@sunoresearch\" \/>\n<meta name=\"twitter:label1\" content=\"Escrito por\" \/>\n\t<meta name=\"twitter:data1\" content=\"Mariana Rodrigues\" \/>\n\t<meta name=\"twitter:label2\" content=\"Est. tempo de leitura\" \/>\n\t<meta name=\"twitter:data2\" content=\"5 minutos\" \/>\n<script type=\"application\/ld+json\" class=\"yoast-schema-graph\">{\"@context\":\"https:\/\/schema.org\",\"@graph\":[{\"@type\":\"NewsArticle\",\"@id\":\"https:\/\/www.suno.com.br\/noticias\/o-futuro-da-energia-solar-no-brasil-o-que-esperar\/#article\",\"isPartOf\":{\"@id\":\"https:\/\/www.suno.com.br\/noticias\/o-futuro-da-energia-solar-no-brasil-o-que-esperar\/\"},\"author\":{\"name\":\"Mariana Rodrigues\",\"@id\":\"https:\/\/www.suno.com.br\/noticias\/#\/schema\/person\/e615977aa787482e69faa09bff600338\"},\"headline\":\"O futuro da energia solar no Brasil: o que esperar?\",\"datePublished\":\"2022-11-09T11:00:43+00:00\",\"mainEntityOfPage\":{\"@id\":\"https:\/\/www.suno.com.br\/noticias\/o-futuro-da-energia-solar-no-brasil-o-que-esperar\/\"},\"wordCount\":858,\"publisher\":{\"@id\":\"https:\/\/www.suno.com.br\/noticias\/#organization\"},\"image\":{\"@id\":\"https:\/\/www.suno.com.br\/noticias\/o-futuro-da-energia-solar-no-brasil-o-que-esperar\/#primaryimage\"},\"thumbnailUrl\":\"https:\/\/files.sunoresearch.com.br\/n\/uploads\/2022\/11\/energia-solar-2-scaled.jpg\",\"keywords\":[\"energia\"],\"articleSection\":[\"Neg\u00f3cios\"],\"inLanguage\":\"pt-BR\"},{\"@type\":\"WebPage\",\"@id\":\"https:\/\/www.suno.com.br\/noticias\/o-futuro-da-energia-solar-no-brasil-o-que-esperar\/\",\"url\":\"https:\/\/www.suno.com.br\/noticias\/o-futuro-da-energia-solar-no-brasil-o-que-esperar\/\",\"name\":\"O futuro da energia solar no Brasil: o que esperar?\",\"isPartOf\":{\"@id\":\"https:\/\/www.suno.com.br\/noticias\/#website\"},\"primaryImageOfPage\":{\"@id\":\"https:\/\/www.suno.com.br\/noticias\/o-futuro-da-energia-solar-no-brasil-o-que-esperar\/#primaryimage\"},\"image\":{\"@id\":\"https:\/\/www.suno.com.br\/noticias\/o-futuro-da-energia-solar-no-brasil-o-que-esperar\/#primaryimage\"},\"thumbnailUrl\":\"https:\/\/files.sunoresearch.com.br\/n\/uploads\/2022\/11\/energia-solar-2-scaled.jpg\",\"datePublished\":\"2022-11-09T11:00:43+00:00\",\"breadcrumb\":{\"@id\":\"https:\/\/www.suno.com.br\/noticias\/o-futuro-da-energia-solar-no-brasil-o-que-esperar\/#breadcrumb\"},\"inLanguage\":\"pt-BR\",\"potentialAction\":[{\"@type\":\"ReadAction\",\"target\":[\"https:\/\/www.suno.com.br\/noticias\/o-futuro-da-energia-solar-no-brasil-o-que-esperar\/\"]}]},{\"@type\":\"ImageObject\",\"inLanguage\":\"pt-BR\",\"@id\":\"https:\/\/www.suno.com.br\/noticias\/o-futuro-da-energia-solar-no-brasil-o-que-esperar\/#primaryimage\",\"url\":\"https:\/\/files.sunoresearch.com.br\/n\/uploads\/2022\/11\/energia-solar-2-scaled.jpg\",\"contentUrl\":\"https:\/\/files.sunoresearch.com.br\/n\/uploads\/2022\/11\/energia-solar-2-scaled.jpg\",\"width\":2560,\"height\":1439,\"caption\":\"Energia solar, fundo da AZ Quest e AXS Energia. Foto Unsplash\"},{\"@type\":\"BreadcrumbList\",\"@id\":\"https:\/\/www.suno.com.br\/noticias\/o-futuro-da-energia-solar-no-brasil-o-que-esperar\/#breadcrumb\",\"itemListElement\":[{\"@type\":\"ListItem\",\"position\":1,\"name\":\"Not\u00edcias\",\"item\":\"https:\/\/www.suno.com.br\/noticias\/\"},{\"@type\":\"ListItem\",\"position\":2,\"name\":\"Neg\u00f3cios\",\"item\":\"https:\/\/www.suno.com.br\/noticias\/negocios\/\"},{\"@type\":\"ListItem\",\"position\":3,\"name\":\"O futuro da energia solar no Brasil: o que esperar?\"}]},{\"@type\":\"WebSite\",\"@id\":\"https:\/\/www.suno.com.br\/noticias\/#website\",\"url\":\"https:\/\/www.suno.com.br\/noticias\/\",\"name\":\"Suno Not\u00edcias\",\"description\":\"Seu portal de informa\u00e7\u00e3o sobre o mundo dos investimentos\",\"publisher\":{\"@id\":\"https:\/\/www.suno.com.br\/noticias\/#organization\"},\"potentialAction\":[{\"@type\":\"SearchAction\",\"target\":{\"@type\":\"EntryPoint\",\"urlTemplate\":\"https:\/\/www.suno.com.br\/noticias\/?s={search_term_string}\"},\"query-input\":{\"@type\":\"PropertyValueSpecification\",\"valueRequired\":true,\"valueName\":\"search_term_string\"}}],\"inLanguage\":\"pt-BR\"},{\"@type\":\"Organization\",\"@id\":\"https:\/\/www.suno.com.br\/noticias\/#organization\",\"name\":\"Suno Not\u00edcias\",\"url\":\"https:\/\/www.suno.com.br\/noticias\/\",\"logo\":{\"@type\":\"ImageObject\",\"inLanguage\":\"pt-BR\",\"@id\":\"https:\/\/www.suno.com.br\/noticias\/#\/schema\/logo\/image\/\",\"url\":\"https:\/\/files.sunoresearch.com.br\/n\/uploads\/2021\/09\/suno-logo.png\",\"contentUrl\":\"https:\/\/files.sunoresearch.com.br\/n\/uploads\/2021\/09\/suno-logo.png\",\"width\":180,\"height\":180,\"caption\":\"Suno Not\u00edcias\"},\"image\":{\"@id\":\"https:\/\/www.suno.com.br\/noticias\/#\/schema\/logo\/image\/\"},\"sameAs\":[\"https:\/\/facebook.com\/sunoresearch\",\"https:\/\/x.com\/sunoresearch\",\"https:\/\/www.instagram.com\/suno\",\"https:\/\/www.linkedin.com\/company\/suno-research\/\",\"https:\/\/www.youtube.com\/c\/sunoresearch\"]},{\"@type\":\"Person\",\"@id\":\"https:\/\/www.suno.com.br\/noticias\/#\/schema\/person\/e615977aa787482e69faa09bff600338\",\"name\":\"Mariana Rodrigues\",\"image\":{\"@type\":\"ImageObject\",\"inLanguage\":\"pt-BR\",\"@id\":\"https:\/\/www.suno.com.br\/noticias\/#\/schema\/person\/image\/\",\"url\":\"https:\/\/secure.gravatar.com\/avatar\/cb2c9047515ce8fca8bead8379d7f53d?s=96&r=g\",\"contentUrl\":\"https:\/\/secure.gravatar.com\/avatar\/cb2c9047515ce8fca8bead8379d7f53d?s=96&r=g\",\"caption\":\"Mariana Rodrigues\"},\"description\":\"Jornalista especialista em economia\",\"sameAs\":[\"https:\/\/www.linkedin.com\/in\/marianasrodrigues\/\"],\"url\":\"https:\/\/www.suno.com.br\/noticias\/author\/marianassrodriguesgmail-com\/\"}]}<\/script>\n<!-- \/ Yoast SEO plugin. -->","yoast_head_json":{"title":"O futuro da energia solar no Brasil: o que esperar?","robots":{"index":"index","follow":"follow","max-snippet":"max-snippet:-1","max-image-preview":"max-image-preview:large","max-video-preview":"max-video-preview:-1"},"canonical":"https:\/\/www.suno.com.br\/noticias\/o-futuro-da-energia-solar-no-brasil-o-que-esperar\/","og_locale":"pt_BR","og_type":"article","og_title":"O futuro da energia solar no Brasil: o que esperar?","og_description":"A transi\u00e7\u00e3o energ\u00e9tica para fontes renov\u00e1veis &#8211; como a energia solar &#8211; se tornou tema incontorn\u00e1vel, debatido desde campanhas presidenciais at\u00e9 por grandes corpora\u00e7\u00f5es. Um dos motivos \u00e9 a crise de abastecimento de petr\u00f3leo e g\u00e1s que exp\u00f4s a depend\u00eancia do abastecimento de alguns pa\u00edses como fragilidade na economia global. Energia solar, fundo da AZ [&hellip;]","og_url":"https:\/\/www.suno.com.br\/noticias\/o-futuro-da-energia-solar-no-brasil-o-que-esperar\/","og_site_name":"Suno Not\u00edcias","article_publisher":"https:\/\/facebook.com\/sunoresearch","og_image":[{"width":2560,"height":1439,"url":"https:\/\/files.sunoresearch.com.br\/n\/uploads\/2022\/11\/energia-solar-2-scaled.jpg","type":"image\/jpeg"}],"author":"Mariana Rodrigues","twitter_card":"summary_large_image","twitter_creator":"@sunoresearch","twitter_site":"@sunoresearch","twitter_misc":{"Escrito por":"Mariana Rodrigues","Est. tempo de leitura":"5 minutos"},"schema":{"@context":"https:\/\/schema.org","@graph":[{"@type":"NewsArticle","@id":"https:\/\/www.suno.com.br\/noticias\/o-futuro-da-energia-solar-no-brasil-o-que-esperar\/#article","isPartOf":{"@id":"https:\/\/www.suno.com.br\/noticias\/o-futuro-da-energia-solar-no-brasil-o-que-esperar\/"},"author":{"name":"Mariana Rodrigues","@id":"https:\/\/www.suno.com.br\/noticias\/#\/schema\/person\/e615977aa787482e69faa09bff600338"},"headline":"O futuro da energia solar no Brasil: o que esperar?","datePublished":"2022-11-09T11:00:43+00:00","mainEntityOfPage":{"@id":"https:\/\/www.suno.com.br\/noticias\/o-futuro-da-energia-solar-no-brasil-o-que-esperar\/"},"wordCount":858,"publisher":{"@id":"https:\/\/www.suno.com.br\/noticias\/#organization"},"image":{"@id":"https:\/\/www.suno.com.br\/noticias\/o-futuro-da-energia-solar-no-brasil-o-que-esperar\/#primaryimage"},"thumbnailUrl":"https:\/\/files.sunoresearch.com.br\/n\/uploads\/2022\/11\/energia-solar-2-scaled.jpg","keywords":["energia"],"articleSection":["Neg\u00f3cios"],"inLanguage":"pt-BR"},{"@type":"WebPage","@id":"https:\/\/www.suno.com.br\/noticias\/o-futuro-da-energia-solar-no-brasil-o-que-esperar\/","url":"https:\/\/www.suno.com.br\/noticias\/o-futuro-da-energia-solar-no-brasil-o-que-esperar\/","name":"O futuro da energia solar no Brasil: o que esperar?","isPartOf":{"@id":"https:\/\/www.suno.com.br\/noticias\/#website"},"primaryImageOfPage":{"@id":"https:\/\/www.suno.com.br\/noticias\/o-futuro-da-energia-solar-no-brasil-o-que-esperar\/#primaryimage"},"image":{"@id":"https:\/\/www.suno.com.br\/noticias\/o-futuro-da-energia-solar-no-brasil-o-que-esperar\/#primaryimage"},"thumbnailUrl":"https:\/\/files.sunoresearch.com.br\/n\/uploads\/2022\/11\/energia-solar-2-scaled.jpg","datePublished":"2022-11-09T11:00:43+00:00","breadcrumb":{"@id":"https:\/\/www.suno.com.br\/noticias\/o-futuro-da-energia-solar-no-brasil-o-que-esperar\/#breadcrumb"},"inLanguage":"pt-BR","potentialAction":[{"@type":"ReadAction","target":["https:\/\/www.suno.com.br\/noticias\/o-futuro-da-energia-solar-no-brasil-o-que-esperar\/"]}]},{"@type":"ImageObject","inLanguage":"pt-BR","@id":"https:\/\/www.suno.com.br\/noticias\/o-futuro-da-energia-solar-no-brasil-o-que-esperar\/#primaryimage","url":"https:\/\/files.sunoresearch.com.br\/n\/uploads\/2022\/11\/energia-solar-2-scaled.jpg","contentUrl":"https:\/\/files.sunoresearch.com.br\/n\/uploads\/2022\/11\/energia-solar-2-scaled.jpg","width":2560,"height":1439,"caption":"Energia solar, fundo da AZ Quest e AXS Energia. Foto Unsplash"},{"@type":"BreadcrumbList","@id":"https:\/\/www.suno.com.br\/noticias\/o-futuro-da-energia-solar-no-brasil-o-que-esperar\/#breadcrumb","itemListElement":[{"@type":"ListItem","position":1,"name":"Not\u00edcias","item":"https:\/\/www.suno.com.br\/noticias\/"},{"@type":"ListItem","position":2,"name":"Neg\u00f3cios","item":"https:\/\/www.suno.com.br\/noticias\/negocios\/"},{"@type":"ListItem","position":3,"name":"O futuro da energia solar no Brasil: o que esperar?"}]},{"@type":"WebSite","@id":"https:\/\/www.suno.com.br\/noticias\/#website","url":"https:\/\/www.suno.com.br\/noticias\/","name":"Suno Not\u00edcias","description":"Seu portal de informa\u00e7\u00e3o sobre o mundo dos investimentos","publisher":{"@id":"https:\/\/www.suno.com.br\/noticias\/#organization"},"potentialAction":[{"@type":"SearchAction","target":{"@type":"EntryPoint","urlTemplate":"https:\/\/www.suno.com.br\/noticias\/?s={search_term_string}"},"query-input":{"@type":"PropertyValueSpecification","valueRequired":true,"valueName":"search_term_string"}}],"inLanguage":"pt-BR"},{"@type":"Organization","@id":"https:\/\/www.suno.com.br\/noticias\/#organization","name":"Suno Not\u00edcias","url":"https:\/\/www.suno.com.br\/noticias\/","logo":{"@type":"ImageObject","inLanguage":"pt-BR","@id":"https:\/\/www.suno.com.br\/noticias\/#\/schema\/logo\/image\/","url":"https:\/\/files.sunoresearch.com.br\/n\/uploads\/2021\/09\/suno-logo.png","contentUrl":"https:\/\/files.sunoresearch.com.br\/n\/uploads\/2021\/09\/suno-logo.png","width":180,"height":180,"caption":"Suno Not\u00edcias"},"image":{"@id":"https:\/\/www.suno.com.br\/noticias\/#\/schema\/logo\/image\/"},"sameAs":["https:\/\/facebook.com\/sunoresearch","https:\/\/x.com\/sunoresearch","https:\/\/www.instagram.com\/suno","https:\/\/www.linkedin.com\/company\/suno-research\/","https:\/\/www.youtube.com\/c\/sunoresearch"]},{"@type":"Person","@id":"https:\/\/www.suno.com.br\/noticias\/#\/schema\/person\/e615977aa787482e69faa09bff600338","name":"Mariana Rodrigues","image":{"@type":"ImageObject","inLanguage":"pt-BR","@id":"https:\/\/www.suno.com.br\/noticias\/#\/schema\/person\/image\/","url":"https:\/\/secure.gravatar.com\/avatar\/cb2c9047515ce8fca8bead8379d7f53d?s=96&r=g","contentUrl":"https:\/\/secure.gravatar.com\/avatar\/cb2c9047515ce8fca8bead8379d7f53d?s=96&r=g","caption":"Mariana Rodrigues"},"description":"Jornalista especialista em economia","sameAs":["https:\/\/www.linkedin.com\/in\/marianasrodrigues\/"],"url":"https:\/\/www.suno.com.br\/noticias\/author\/marianassrodriguesgmail-com\/"}]}},"default_loop_html":"<div class=\"cardsPage__listCard__boxs\"><div class=\"cardsPage__listCard__boxs__img\"><a href=\"https:\/\/www.suno.com.br\/noticias\/o-futuro-da-energia-solar-no-brasil-o-que-esperar\/\"><img class=\"mask\" src=\"https:\/\/www.suno.com.br\/noticias\/wp-content\/themes\/suno\/resources\/images\/spotlight\/spotlight1img\/bg-mask.png\" alt=\"Image Mask\"\/><img src=\"https:\/\/files.sunoresearch.com.br\/n\/uploads\/2022\/11\/energia-solar-2-400x200.jpg\" alt=\"O futuro da energia solar no Brasil: o que esperar?\"\/><\/a><span class=\"spotlightCategory\"><a href=\"https:\/\/www.suno.com.br\/noticias\/negocios\/\">Neg\u00f3cios<\/a><\/span><\/div><div class=\"cardsPage__listCard__boxs__content\"><a href=\"https:\/\/www.suno.com.br\/noticias\/o-futuro-da-energia-solar-no-brasil-o-que-esperar\/\"><h2 class=\"content__title\">O futuro da energia solar no Brasil: o que esperar?<\/h2><\/a><div class=\"newsContent__article__meta\"><div class=\"newsContent__article__meta__authorBox\"><a href=\"https:\/\/www.suno.com.br\/noticias\/author\/marianassrodriguesgmail-com\/\" class=\"authorBox__avatar noMobi\"><img src=\"https:\/\/files.sunoresearch.com.br\/n\/uploads\/2022\/11\/WhatsApp-Image-2022-11-01-at-12.43.30-150x150.jpeg\" alt=\"Mariana Rodrigues\"><\/a><div class=\"authorBox__name\"><span>por\n\t\t\t<a href=\"https:\/\/www.suno.com.br\/noticias\/author\/marianassrodriguesgmail-com\/\"><span itemprop=\"author\">Mariana Rodrigues<\/span><\/a><\/span><time datetime=\"2022-11-09T08:00:43-03:00\" itemprop=\"datePublished\">09\/11\/2022 08:00<\/time><\/div><\/div><\/div><\/div><\/div>","single_layout":"posts","amp_enabled":true,"_links":{"self":[{"href":"https:\/\/www.suno.com.br\/noticias\/wp-json\/wp\/v2\/posts\/316536"}],"collection":[{"href":"https:\/\/www.suno.com.br\/noticias\/wp-json\/wp\/v2\/posts"}],"about":[{"href":"https:\/\/www.suno.com.br\/noticias\/wp-json\/wp\/v2\/types\/post"}],"author":[{"embeddable":true,"href":"https:\/\/www.suno.com.br\/noticias\/wp-json\/wp\/v2\/users\/225"}],"replies":[{"embeddable":true,"href":"https:\/\/www.suno.com.br\/noticias\/wp-json\/wp\/v2\/comments?post=316536"}],"version-history":[{"count":3,"href":"https:\/\/www.suno.com.br\/noticias\/wp-json\/wp\/v2\/posts\/316536\/revisions"}],"predecessor-version":[{"id":316598,"href":"https:\/\/www.suno.com.br\/noticias\/wp-json\/wp\/v2\/posts\/316536\/revisions\/316598"}],"wp:featuredmedia":[{"embeddable":true,"href":"https:\/\/www.suno.com.br\/noticias\/wp-json\/wp\/v2\/media\/316597"}],"wp:attachment":[{"href":"https:\/\/www.suno.com.br\/noticias\/wp-json\/wp\/v2\/media?parent=316536"}],"wp:term":[{"taxonomy":"category","embeddable":true,"href":"https:\/\/www.suno.com.br\/noticias\/wp-json\/wp\/v2\/categories?post=316536"},{"taxonomy":"post_tag","embeddable":true,"href":"https:\/\/www.suno.com.br\/noticias\/wp-json\/wp\/v2\/tags?post=316536"},{"taxonomy":"suno_strategy","embeddable":true,"href":"https:\/\/www.suno.com.br\/noticias\/wp-json\/wp\/v2\/suno_strategy?post=316536"}],"curies":[{"name":"wp","href":"https:\/\/api.w.org\/{rel}","templated":true}]}}