{"id":316326,"date":"2022-11-07T19:53:06","date_gmt":"2022-11-07T22:53:06","guid":{"rendered":"https:\/\/www.suno.com.br\/noticias\/?p=316326"},"modified":"2022-11-07T19:53:06","modified_gmt":"2022-11-07T22:53:06","slug":"grupo-volkswagen-ipo-da-lamborghini","status":"publish","type":"post","link":"https:\/\/www.suno.com.br\/noticias\/grupo-volkswagen-ipo-da-lamborghini\/","title":{"rendered":"Volkswagen pode fazer IPO da Lamborghini ap\u00f3s sucesso com da Porsche"},"content":{"rendered":"<p>Em setembro deste ano o Grupo Volkswagen realizou o <a href=\"https:\/\/www.suno.com.br\/noticias\/porsche-capta-r-50-bi-frankfurt-maior-ipo-europa-2011\/\">IPO da Porsche<\/a> e captou 9,4 milh\u00f5es de euros, a maior capitaliza\u00e7\u00e3o de uma montadora na Europa. Agora, os holofotes se voltam para a <strong>Lamborghini<\/strong>, que est\u00e1 desenvolvendo uma estrat\u00e9gia para se tornar uma companhia de capital aberto e fazer seu IPO (oferta p\u00fablica inicial de a\u00e7\u00f5es). As informa\u00e7\u00f5es s\u00e3o da ag\u00eancia Bloomberg.<\/p>\t<div class=\"wrapper-featured-image\">\n\t\t<figure class=\"spotlightImg\">\n\n\t\t\t<picture>\n\t\t\t\t<source media=\"(max-width: 768px)\" srcset=\"https:\/\/files.sunoresearch.com.br\/n\/uploads\/2022\/11\/Lamborghini-400x200.jpg\">\n\t\t\t\t<img loading=\"lazy\" decoding=\"async\" class=\"newsContent__article__imgCapa lazyloadDisabled \" src=\"https:\/\/files.sunoresearch.com.br\/n\/uploads\/2022\/11\/Lamborghini-800x450.jpg\" width=\"800\" height=\"450\" alt=\"Volkswagen pode fazer IPO da Lamborghini ap\u00f3s sucesso com da Porsche\" fetchpriority=high \/>\n\t\t\t<\/picture>\n\n\t\t\t<figcaption class=\"wp-caption-text wp-caption-text--show\">Lamborghini. Foto: Divulga\u00e7\u00e3o<\/figcaption>\n\t\t<\/figure>\n\t<\/div>\n\n\n\t<p>\n\t\t<a href=\"https:\/\/lp.suno.com.br\/planilha-controle-gastos\/\" target=\"_blank\" data-element=\"shortcode-suno-banner\" title=\"Banner SUNO, clique e saiba mais\">\n\t\t\t<picture>\n\t\t\t\t<source media=\"(max-width: 500px)\" srcset=\"https:\/\/files.sunoresearch.com.br\/n\/uploads\/2023\/03\/400x300-Planilha-controle-de-gastos.png\">\n\t\t\t\t<img class=\"newsContent__article__imgCapa newsContent__article__imgCapa--banner\"\n\t\t\t\t\tsrc=\"https:\/\/files.sunoresearch.com.br\/n\/uploads\/2023\/03\/1420x240-Planilha-controle-de-gastos.png\"\n\t\t\t\t\tdata-promo-id=\"311945\"\t\t\t\t\t\t\t\t\t\twidth='1420' height='240'\t\t\t\t\talt=\"https:\/\/files.sunoresearch.com.br\/n\/uploads\/2023\/03\/1420x240-Planilha-controle-de-gastos.png\"\n\t\t\t\t>\n\t\t\t<\/picture>\n\t\t<\/a>\n\t<\/p>\n\n\n<p>Segundo o CEO do Grupo, Stephan Winkelmann, a <strong>Volkswagen<\/strong> pede que as marcas criem estrat\u00e9gias e apresentem planos e propostas de IPO.\u00a0\u201cEstamos trabalhando nisso com outras ag\u00eancias para criar clareza\u201d, disse Winkelmann. \u201cComo marca, fazemos isso h\u00e1 muito tempo, para mostrar o valor que temos.\u201d<\/p>\n<p>Ainda que o mercado tenha aumentado as expectativas por uma oferta prim\u00e1ria, a Audi, respons\u00e1vel pelas marcas de luxo do grupo afirma que n\u00e3o h\u00e1 planos concretos para a abertura de <strong>IPO da Lamborghini<\/strong> no curto prazo.\u00a0\u201cUm IPO \u00e9 algo que pode acontecer nos pr\u00f3ximos 18 meses, dependendo das condi\u00e7\u00f5es do mercado\u201d, disse Dean. \u201cUma avalia\u00e7\u00e3o de \u20ac 15 bilh\u00f5es \u00e9 totalmente justific\u00e1vel e pode ser ainda maior, dadas as m\u00e9tricas de margens.\u201d<\/p>\n\t<p>\n\t\t<a href=\"https:\/\/lp.suno.com.br\/ebook-como-analisar-uma-acao\/\" target=\"_blank\" data-element=\"shortcode-suno-banner\" title=\"Banner SUNO, clique e saiba mais\">\n\t\t\t<picture>\n\t\t\t\t<source media=\"(max-width: 500px)\" srcset=\"https:\/\/files.sunoresearch.com.br\/n\/uploads\/2023\/03\/Ebook-Acoes-Mobile.jpg\">\n\t\t\t\t<img class=\"newsContent__article__imgCapa newsContent__article__imgCapa--banner\"\n\t\t\t\t\tsrc=\"https:\/\/files.sunoresearch.com.br\/n\/uploads\/2023\/03\/Ebook-Acoes-Desktop.jpg\"\n\t\t\t\t\tdata-promo-id=\"311946\"\t\t\t\t\t\t\t\t\t\twidth='1420' height='286'\t\t\t\t\talt=\"https:\/\/files.sunoresearch.com.br\/n\/uploads\/2023\/03\/Ebook-Acoes-Desktop.jpg\"\n\t\t\t\t>\n\t\t\t<\/picture>\n\t\t<\/a>\n\t<\/p>\n\n\n<h2>Lucro da Lamborghini<\/h2>\n<p>Recentemente a Lamborghini tem mostrado ao mercado seu crescimento. De janeiro a setembro a montadora de alto padr\u00e3o aumentou em 8% as entregas, chegando a 7.430 ve\u00edculos. O\u00a0 <a class=\"suno-keyword\" href=\"https:\/\/www.suno.com.br\/artigos\/lucro-operacional\/\" target=\"_blank\" rel=\"noopener\" data-force=\"no\" data-priority=\"1\">lucro operacional<\/a> acompanhou, subindo 69%, equivalente a 570 milh\u00f5es de euros.<\/p>\n<h2>Abertura de capital da Porsche<\/h2>\n<p>Ao estrear na Bolsa\u00a0de Frankfurt no dia 29 de setembro, as <strong>a\u00e7\u00f5es da Porsche<\/strong> foram negociadas a 84 euros, quando era esperado que fossem negociadas a 82,6 euros, ou seja com alta de 2%. A capta\u00e7\u00e3o foi de 9,4 bilh\u00f5es de euros e a empresa, avaliada em 77 bilh\u00f5es de euros.<\/p>\n<p>De acordo com os termos da oferta inicial, o Grupo Volkswagen vendeu 12,5% dos ativos da Porsche ao p\u00fablico como a\u00e7\u00f5es sem direito a voto e fez refer\u00eancias ao seu modelo mais famoso, o Ponche 911, sob o ticker P911.<\/p>\n<p>Ainda n\u00e3o nhouve pronunciamento oficial de que a <strong>Lamborghini<\/strong> ir\u00e1 realizar o IPO, mas o mercado est\u00e1 de olho nas a\u00e7\u00f5es do Grupo Volkswagen e dos resultados da montadora de luxo.<\/p>\n\t<p>\n\t\t<a href=\"https:\/\/lp.suno.com.br\/ebook-investindo-em-fiis\/\" target=\"_blank\" data-element=\"shortcode-suno-banner\" title=\"Banner SUNO, clique e saiba mais\">\n\t\t\t<picture>\n\t\t\t\t<source media=\"(max-width: 500px)\" srcset=\"https:\/\/files.sunoresearch.com.br\/n\/uploads\/2023\/03\/Ebook-Fundos-Imobiliarios-Mobile-1.jpg\">\n\t\t\t\t<img class=\"newsContent__article__imgCapa newsContent__article__imgCapa--banner\"\n\t\t\t\t\tsrc=\"https:\/\/files.sunoresearch.com.br\/n\/uploads\/2023\/03\/Ebook-Fundos-Imobiliarios-Desktop-1.jpg\"\n\t\t\t\t\tdata-promo-id=\"313843\"\t\t\t\t\t\t\t\t\t\twidth='1420' height='286'\t\t\t\t\talt=\"https:\/\/files.sunoresearch.com.br\/n\/uploads\/2023\/03\/Ebook-Fundos-Imobiliarios-Desktop-1.jpg\"\n\t\t\t\t>\n\t\t\t<\/picture>\n\t\t<\/a>\n\t<\/p>\n\n\n","protected":false},"excerpt":{"rendered":"<p>Em setembro deste ano o Grupo Volkswagen realizou o IPO da Porsche e captou 9,4 milh\u00f5es de euros, a maior capitaliza\u00e7\u00e3o de uma montadora na Europa. Agora, os holofotes se voltam para a Lamborghini, que est\u00e1 desenvolvendo uma estrat\u00e9gia para se tornar uma companhia de capital aberto e fazer seu IPO (oferta p\u00fablica inicial de [&hellip;]<\/p>\n","protected":false},"author":194,"featured_media":316400,"comment_status":"closed","ping_status":"closed","sticky":false,"template":"","format":"standard","meta":[],"categories":[64],"tags":[854],"suno_strategy":[],"class_list":["post-316326","post","type-post","status-publish","format-standard","has-post-thumbnail","hentry","category-negocios","tag-volkswagen"],"yoast_head":"<!-- This site is optimized with the Yoast SEO plugin v24.4 - https:\/\/yoast.com\/wordpress\/plugins\/seo\/ -->\n<title>Grupo Volkswagen pode fazer IPO da Lamborghini<\/title>\n<meta name=\"description\" content=\"Ap\u00f3s sucesso de capta\u00e7\u00e3o com o IPO da Porsche, a Lamborghini pode ser a pr\u00f3xima montadora de luxo do grupo a abrir capital. Saiba mais.\" \/>\n<meta name=\"robots\" content=\"index, follow, max-snippet:-1, max-image-preview:large, max-video-preview:-1\" \/>\n<link rel=\"canonical\" href=\"https:\/\/www.suno.com.br\/noticias\/grupo-volkswagen-ipo-da-lamborghini\/\" \/>\n<meta property=\"og:locale\" content=\"pt_BR\" \/>\n<meta property=\"og:type\" content=\"article\" \/>\n<meta property=\"og:title\" content=\"Grupo Volkswagen pode fazer IPO da Lamborghini\" \/>\n<meta property=\"og:description\" content=\"Ap\u00f3s sucesso de capta\u00e7\u00e3o com o IPO da Porsche, a Lamborghini pode ser a pr\u00f3xima montadora de luxo do grupo a abrir capital. Saiba mais.\" \/>\n<meta property=\"og:url\" content=\"https:\/\/www.suno.com.br\/noticias\/grupo-volkswagen-ipo-da-lamborghini\/\" \/>\n<meta property=\"og:site_name\" content=\"Suno Not\u00edcias\" \/>\n<meta property=\"article:publisher\" content=\"https:\/\/facebook.com\/sunoresearch\" \/>\n<meta property=\"og:image\" content=\"https:\/\/files.sunoresearch.com.br\/n\/uploads\/2022\/11\/Lamborghini.jpg\" \/>\n\t<meta property=\"og:image:width\" content=\"1450\" \/>\n\t<meta property=\"og:image:height\" content=\"817\" \/>\n\t<meta property=\"og:image:type\" content=\"image\/jpeg\" \/>\n<meta name=\"author\" content=\"Isabella Taglapietra\" \/>\n<meta name=\"twitter:card\" content=\"summary_large_image\" \/>\n<meta name=\"twitter:creator\" content=\"@sunoresearch\" \/>\n<meta name=\"twitter:site\" content=\"@sunoresearch\" \/>\n<meta name=\"twitter:label1\" content=\"Escrito por\" \/>\n\t<meta name=\"twitter:data1\" content=\"Isabella Taglapietra\" \/>\n\t<meta name=\"twitter:label2\" content=\"Est. tempo de leitura\" \/>\n\t<meta name=\"twitter:data2\" content=\"2 minutos\" \/>\n<script type=\"application\/ld+json\" class=\"yoast-schema-graph\">{\"@context\":\"https:\/\/schema.org\",\"@graph\":[{\"@type\":\"NewsArticle\",\"@id\":\"https:\/\/www.suno.com.br\/noticias\/grupo-volkswagen-ipo-da-lamborghini\/#article\",\"isPartOf\":{\"@id\":\"https:\/\/www.suno.com.br\/noticias\/grupo-volkswagen-ipo-da-lamborghini\/\"},\"author\":{\"name\":\"Isabella Taglapietra\",\"@id\":\"https:\/\/www.suno.com.br\/noticias\/#\/schema\/person\/a0be106724f6f5d705d70f04333cb249\"},\"headline\":\"Volkswagen pode fazer IPO da Lamborghini ap\u00f3s sucesso com da Porsche\",\"datePublished\":\"2022-11-07T22:53:06+00:00\",\"mainEntityOfPage\":{\"@id\":\"https:\/\/www.suno.com.br\/noticias\/grupo-volkswagen-ipo-da-lamborghini\/\"},\"wordCount\":386,\"publisher\":{\"@id\":\"https:\/\/www.suno.com.br\/noticias\/#organization\"},\"image\":{\"@id\":\"https:\/\/www.suno.com.br\/noticias\/grupo-volkswagen-ipo-da-lamborghini\/#primaryimage\"},\"thumbnailUrl\":\"https:\/\/files.sunoresearch.com.br\/n\/uploads\/2022\/11\/Lamborghini.jpg\",\"keywords\":[\"Volkswagen\"],\"articleSection\":[\"Neg\u00f3cios\"],\"inLanguage\":\"pt-BR\"},{\"@type\":\"WebPage\",\"@id\":\"https:\/\/www.suno.com.br\/noticias\/grupo-volkswagen-ipo-da-lamborghini\/\",\"url\":\"https:\/\/www.suno.com.br\/noticias\/grupo-volkswagen-ipo-da-lamborghini\/\",\"name\":\"Grupo Volkswagen pode fazer IPO da Lamborghini\",\"isPartOf\":{\"@id\":\"https:\/\/www.suno.com.br\/noticias\/#website\"},\"primaryImageOfPage\":{\"@id\":\"https:\/\/www.suno.com.br\/noticias\/grupo-volkswagen-ipo-da-lamborghini\/#primaryimage\"},\"image\":{\"@id\":\"https:\/\/www.suno.com.br\/noticias\/grupo-volkswagen-ipo-da-lamborghini\/#primaryimage\"},\"thumbnailUrl\":\"https:\/\/files.sunoresearch.com.br\/n\/uploads\/2022\/11\/Lamborghini.jpg\",\"datePublished\":\"2022-11-07T22:53:06+00:00\",\"description\":\"Ap\u00f3s sucesso de capta\u00e7\u00e3o com o IPO da Porsche, a Lamborghini pode ser a pr\u00f3xima montadora de luxo do grupo a abrir capital. Saiba mais.\",\"breadcrumb\":{\"@id\":\"https:\/\/www.suno.com.br\/noticias\/grupo-volkswagen-ipo-da-lamborghini\/#breadcrumb\"},\"inLanguage\":\"pt-BR\",\"potentialAction\":[{\"@type\":\"ReadAction\",\"target\":[\"https:\/\/www.suno.com.br\/noticias\/grupo-volkswagen-ipo-da-lamborghini\/\"]}]},{\"@type\":\"ImageObject\",\"inLanguage\":\"pt-BR\",\"@id\":\"https:\/\/www.suno.com.br\/noticias\/grupo-volkswagen-ipo-da-lamborghini\/#primaryimage\",\"url\":\"https:\/\/files.sunoresearch.com.br\/n\/uploads\/2022\/11\/Lamborghini.jpg\",\"contentUrl\":\"https:\/\/files.sunoresearch.com.br\/n\/uploads\/2022\/11\/Lamborghini.jpg\",\"width\":1450,\"height\":817,\"caption\":\"Lamborghini. Foto: Divulga\u00e7\u00e3o\"},{\"@type\":\"BreadcrumbList\",\"@id\":\"https:\/\/www.suno.com.br\/noticias\/grupo-volkswagen-ipo-da-lamborghini\/#breadcrumb\",\"itemListElement\":[{\"@type\":\"ListItem\",\"position\":1,\"name\":\"Not\u00edcias\",\"item\":\"https:\/\/www.suno.com.br\/noticias\/\"},{\"@type\":\"ListItem\",\"position\":2,\"name\":\"Neg\u00f3cios\",\"item\":\"https:\/\/www.suno.com.br\/noticias\/negocios\/\"},{\"@type\":\"ListItem\",\"position\":3,\"name\":\"Volkswagen pode fazer IPO da Lamborghini ap\u00f3s sucesso com da Porsche\"}]},{\"@type\":\"WebSite\",\"@id\":\"https:\/\/www.suno.com.br\/noticias\/#website\",\"url\":\"https:\/\/www.suno.com.br\/noticias\/\",\"name\":\"Suno Not\u00edcias\",\"description\":\"Seu portal de informa\u00e7\u00e3o sobre o mundo dos investimentos\",\"publisher\":{\"@id\":\"https:\/\/www.suno.com.br\/noticias\/#organization\"},\"potentialAction\":[{\"@type\":\"SearchAction\",\"target\":{\"@type\":\"EntryPoint\",\"urlTemplate\":\"https:\/\/www.suno.com.br\/noticias\/?s={search_term_string}\"},\"query-input\":{\"@type\":\"PropertyValueSpecification\",\"valueRequired\":true,\"valueName\":\"search_term_string\"}}],\"inLanguage\":\"pt-BR\"},{\"@type\":\"Organization\",\"@id\":\"https:\/\/www.suno.com.br\/noticias\/#organization\",\"name\":\"Suno Not\u00edcias\",\"url\":\"https:\/\/www.suno.com.br\/noticias\/\",\"logo\":{\"@type\":\"ImageObject\",\"inLanguage\":\"pt-BR\",\"@id\":\"https:\/\/www.suno.com.br\/noticias\/#\/schema\/logo\/image\/\",\"url\":\"https:\/\/files.sunoresearch.com.br\/n\/uploads\/2021\/09\/suno-logo.png\",\"contentUrl\":\"https:\/\/files.sunoresearch.com.br\/n\/uploads\/2021\/09\/suno-logo.png\",\"width\":180,\"height\":180,\"caption\":\"Suno Not\u00edcias\"},\"image\":{\"@id\":\"https:\/\/www.suno.com.br\/noticias\/#\/schema\/logo\/image\/\"},\"sameAs\":[\"https:\/\/facebook.com\/sunoresearch\",\"https:\/\/x.com\/sunoresearch\",\"https:\/\/www.instagram.com\/suno\",\"https:\/\/www.linkedin.com\/company\/suno-research\/\",\"https:\/\/www.youtube.com\/c\/sunoresearch\"]},{\"@type\":\"Person\",\"@id\":\"https:\/\/www.suno.com.br\/noticias\/#\/schema\/person\/a0be106724f6f5d705d70f04333cb249\",\"name\":\"Isabella Taglapietra\",\"image\":{\"@type\":\"ImageObject\",\"inLanguage\":\"pt-BR\",\"@id\":\"https:\/\/www.suno.com.br\/noticias\/#\/schema\/person\/image\/\",\"url\":\"https:\/\/secure.gravatar.com\/avatar\/089c9e06b71de293117116aaf339e22f?s=96&r=g\",\"contentUrl\":\"https:\/\/secure.gravatar.com\/avatar\/089c9e06b71de293117116aaf339e22f?s=96&r=g\",\"caption\":\"Isabella Taglapietra\"},\"description\":\"Rep\u00f3rter freelancer no Suno Not\u00edcias, cobre not\u00edcias di\u00e1rias sobre economia, balan\u00e7os trimestrais e pesquisas. Formada em jornalismo pela Faculdade C\u00e1sper L\u00edbero e p\u00f3s-graduanda em mercado de capitais pela Fecap, atuou como rep\u00f3rter de economia e finan\u00e7as no portal CRC!News e Elas que Lucrem, al\u00e9m de social media para empresas do mercado financeiro.\",\"url\":\"https:\/\/www.suno.com.br\/noticias\/author\/isabella-taglapietra\/\"}]}<\/script>\n<!-- \/ Yoast SEO plugin. -->","yoast_head_json":{"title":"Grupo Volkswagen pode fazer IPO da Lamborghini","description":"Ap\u00f3s sucesso de capta\u00e7\u00e3o com o IPO da Porsche, a Lamborghini pode ser a pr\u00f3xima montadora de luxo do grupo a abrir capital. Saiba mais.","robots":{"index":"index","follow":"follow","max-snippet":"max-snippet:-1","max-image-preview":"max-image-preview:large","max-video-preview":"max-video-preview:-1"},"canonical":"https:\/\/www.suno.com.br\/noticias\/grupo-volkswagen-ipo-da-lamborghini\/","og_locale":"pt_BR","og_type":"article","og_title":"Grupo Volkswagen pode fazer IPO da Lamborghini","og_description":"Ap\u00f3s sucesso de capta\u00e7\u00e3o com o IPO da Porsche, a Lamborghini pode ser a pr\u00f3xima montadora de luxo do grupo a abrir capital. Saiba mais.","og_url":"https:\/\/www.suno.com.br\/noticias\/grupo-volkswagen-ipo-da-lamborghini\/","og_site_name":"Suno Not\u00edcias","article_publisher":"https:\/\/facebook.com\/sunoresearch","og_image":[{"width":1450,"height":817,"url":"https:\/\/files.sunoresearch.com.br\/n\/uploads\/2022\/11\/Lamborghini.jpg","type":"image\/jpeg"}],"author":"Isabella Taglapietra","twitter_card":"summary_large_image","twitter_creator":"@sunoresearch","twitter_site":"@sunoresearch","twitter_misc":{"Escrito por":"Isabella Taglapietra","Est. tempo de leitura":"2 minutos"},"schema":{"@context":"https:\/\/schema.org","@graph":[{"@type":"NewsArticle","@id":"https:\/\/www.suno.com.br\/noticias\/grupo-volkswagen-ipo-da-lamborghini\/#article","isPartOf":{"@id":"https:\/\/www.suno.com.br\/noticias\/grupo-volkswagen-ipo-da-lamborghini\/"},"author":{"name":"Isabella Taglapietra","@id":"https:\/\/www.suno.com.br\/noticias\/#\/schema\/person\/a0be106724f6f5d705d70f04333cb249"},"headline":"Volkswagen pode fazer IPO da Lamborghini ap\u00f3s sucesso com da Porsche","datePublished":"2022-11-07T22:53:06+00:00","mainEntityOfPage":{"@id":"https:\/\/www.suno.com.br\/noticias\/grupo-volkswagen-ipo-da-lamborghini\/"},"wordCount":386,"publisher":{"@id":"https:\/\/www.suno.com.br\/noticias\/#organization"},"image":{"@id":"https:\/\/www.suno.com.br\/noticias\/grupo-volkswagen-ipo-da-lamborghini\/#primaryimage"},"thumbnailUrl":"https:\/\/files.sunoresearch.com.br\/n\/uploads\/2022\/11\/Lamborghini.jpg","keywords":["Volkswagen"],"articleSection":["Neg\u00f3cios"],"inLanguage":"pt-BR"},{"@type":"WebPage","@id":"https:\/\/www.suno.com.br\/noticias\/grupo-volkswagen-ipo-da-lamborghini\/","url":"https:\/\/www.suno.com.br\/noticias\/grupo-volkswagen-ipo-da-lamborghini\/","name":"Grupo Volkswagen pode fazer IPO da Lamborghini","isPartOf":{"@id":"https:\/\/www.suno.com.br\/noticias\/#website"},"primaryImageOfPage":{"@id":"https:\/\/www.suno.com.br\/noticias\/grupo-volkswagen-ipo-da-lamborghini\/#primaryimage"},"image":{"@id":"https:\/\/www.suno.com.br\/noticias\/grupo-volkswagen-ipo-da-lamborghini\/#primaryimage"},"thumbnailUrl":"https:\/\/files.sunoresearch.com.br\/n\/uploads\/2022\/11\/Lamborghini.jpg","datePublished":"2022-11-07T22:53:06+00:00","description":"Ap\u00f3s sucesso de capta\u00e7\u00e3o com o IPO da Porsche, a Lamborghini pode ser a pr\u00f3xima montadora de luxo do grupo a abrir capital. Saiba mais.","breadcrumb":{"@id":"https:\/\/www.suno.com.br\/noticias\/grupo-volkswagen-ipo-da-lamborghini\/#breadcrumb"},"inLanguage":"pt-BR","potentialAction":[{"@type":"ReadAction","target":["https:\/\/www.suno.com.br\/noticias\/grupo-volkswagen-ipo-da-lamborghini\/"]}]},{"@type":"ImageObject","inLanguage":"pt-BR","@id":"https:\/\/www.suno.com.br\/noticias\/grupo-volkswagen-ipo-da-lamborghini\/#primaryimage","url":"https:\/\/files.sunoresearch.com.br\/n\/uploads\/2022\/11\/Lamborghini.jpg","contentUrl":"https:\/\/files.sunoresearch.com.br\/n\/uploads\/2022\/11\/Lamborghini.jpg","width":1450,"height":817,"caption":"Lamborghini. Foto: Divulga\u00e7\u00e3o"},{"@type":"BreadcrumbList","@id":"https:\/\/www.suno.com.br\/noticias\/grupo-volkswagen-ipo-da-lamborghini\/#breadcrumb","itemListElement":[{"@type":"ListItem","position":1,"name":"Not\u00edcias","item":"https:\/\/www.suno.com.br\/noticias\/"},{"@type":"ListItem","position":2,"name":"Neg\u00f3cios","item":"https:\/\/www.suno.com.br\/noticias\/negocios\/"},{"@type":"ListItem","position":3,"name":"Volkswagen pode fazer IPO da Lamborghini ap\u00f3s sucesso com da Porsche"}]},{"@type":"WebSite","@id":"https:\/\/www.suno.com.br\/noticias\/#website","url":"https:\/\/www.suno.com.br\/noticias\/","name":"Suno Not\u00edcias","description":"Seu portal de informa\u00e7\u00e3o sobre o mundo dos investimentos","publisher":{"@id":"https:\/\/www.suno.com.br\/noticias\/#organization"},"potentialAction":[{"@type":"SearchAction","target":{"@type":"EntryPoint","urlTemplate":"https:\/\/www.suno.com.br\/noticias\/?s={search_term_string}"},"query-input":{"@type":"PropertyValueSpecification","valueRequired":true,"valueName":"search_term_string"}}],"inLanguage":"pt-BR"},{"@type":"Organization","@id":"https:\/\/www.suno.com.br\/noticias\/#organization","name":"Suno Not\u00edcias","url":"https:\/\/www.suno.com.br\/noticias\/","logo":{"@type":"ImageObject","inLanguage":"pt-BR","@id":"https:\/\/www.suno.com.br\/noticias\/#\/schema\/logo\/image\/","url":"https:\/\/files.sunoresearch.com.br\/n\/uploads\/2021\/09\/suno-logo.png","contentUrl":"https:\/\/files.sunoresearch.com.br\/n\/uploads\/2021\/09\/suno-logo.png","width":180,"height":180,"caption":"Suno Not\u00edcias"},"image":{"@id":"https:\/\/www.suno.com.br\/noticias\/#\/schema\/logo\/image\/"},"sameAs":["https:\/\/facebook.com\/sunoresearch","https:\/\/x.com\/sunoresearch","https:\/\/www.instagram.com\/suno","https:\/\/www.linkedin.com\/company\/suno-research\/","https:\/\/www.youtube.com\/c\/sunoresearch"]},{"@type":"Person","@id":"https:\/\/www.suno.com.br\/noticias\/#\/schema\/person\/a0be106724f6f5d705d70f04333cb249","name":"Isabella Taglapietra","image":{"@type":"ImageObject","inLanguage":"pt-BR","@id":"https:\/\/www.suno.com.br\/noticias\/#\/schema\/person\/image\/","url":"https:\/\/secure.gravatar.com\/avatar\/089c9e06b71de293117116aaf339e22f?s=96&r=g","contentUrl":"https:\/\/secure.gravatar.com\/avatar\/089c9e06b71de293117116aaf339e22f?s=96&r=g","caption":"Isabella Taglapietra"},"description":"Rep\u00f3rter freelancer no Suno Not\u00edcias, cobre not\u00edcias di\u00e1rias sobre economia, balan\u00e7os trimestrais e pesquisas. Formada em jornalismo pela Faculdade C\u00e1sper L\u00edbero e p\u00f3s-graduanda em mercado de capitais pela Fecap, atuou como rep\u00f3rter de economia e finan\u00e7as no portal CRC!News e Elas que Lucrem, al\u00e9m de social media para empresas do mercado financeiro.","url":"https:\/\/www.suno.com.br\/noticias\/author\/isabella-taglapietra\/"}]}},"default_loop_html":"<div class=\"cardsPage__listCard__boxs\"><div class=\"cardsPage__listCard__boxs__img\"><a href=\"https:\/\/www.suno.com.br\/noticias\/grupo-volkswagen-ipo-da-lamborghini\/\"><img class=\"mask\" src=\"https:\/\/www.suno.com.br\/noticias\/wp-content\/themes\/suno\/resources\/images\/spotlight\/spotlight1img\/bg-mask.png\" alt=\"Image Mask\"\/><img src=\"https:\/\/files.sunoresearch.com.br\/n\/uploads\/2022\/11\/Lamborghini-400x200.jpg\" alt=\"Volkswagen pode fazer IPO da Lamborghini ap\u00f3s sucesso com da Porsche\"\/><\/a><span class=\"spotlightCategory\"><a href=\"https:\/\/www.suno.com.br\/noticias\/negocios\/\">Neg\u00f3cios<\/a><\/span><\/div><div class=\"cardsPage__listCard__boxs__content\"><a href=\"https:\/\/www.suno.com.br\/noticias\/grupo-volkswagen-ipo-da-lamborghini\/\"><h2 class=\"content__title\">Volkswagen pode fazer IPO da Lamborghini ap\u00f3s sucesso com da Porsche<\/h2><\/a><div class=\"newsContent__article__meta\"><div class=\"newsContent__article__meta__authorBox\"><a href=\"https:\/\/www.suno.com.br\/noticias\/author\/isabella-taglapietra\/\" class=\"authorBox__avatar noMobi\"><img src=\"https:\/\/files.sunoresearch.com.br\/n\/uploads\/2022\/08\/WhatsApp-Image-2022-08-04-at-12.40.27-150x150.jpeg\" alt=\"Isabella Taglapietra\"><\/a><div class=\"authorBox__name\"><span>por\n\t\t\t<a href=\"https:\/\/www.suno.com.br\/noticias\/author\/isabella-taglapietra\/\"><span itemprop=\"author\">Isabella Taglapietra<\/span><\/a><\/span><time datetime=\"2022-11-07T19:53:06-03:00\" itemprop=\"datePublished\">07\/11\/2022 19:53<\/time><\/div><\/div><\/div><\/div><\/div>","single_layout":"posts","amp_enabled":true,"_links":{"self":[{"href":"https:\/\/www.suno.com.br\/noticias\/wp-json\/wp\/v2\/posts\/316326"}],"collection":[{"href":"https:\/\/www.suno.com.br\/noticias\/wp-json\/wp\/v2\/posts"}],"about":[{"href":"https:\/\/www.suno.com.br\/noticias\/wp-json\/wp\/v2\/types\/post"}],"author":[{"embeddable":true,"href":"https:\/\/www.suno.com.br\/noticias\/wp-json\/wp\/v2\/users\/194"}],"replies":[{"embeddable":true,"href":"https:\/\/www.suno.com.br\/noticias\/wp-json\/wp\/v2\/comments?post=316326"}],"version-history":[{"count":3,"href":"https:\/\/www.suno.com.br\/noticias\/wp-json\/wp\/v2\/posts\/316326\/revisions"}],"predecessor-version":[{"id":316401,"href":"https:\/\/www.suno.com.br\/noticias\/wp-json\/wp\/v2\/posts\/316326\/revisions\/316401"}],"wp:featuredmedia":[{"embeddable":true,"href":"https:\/\/www.suno.com.br\/noticias\/wp-json\/wp\/v2\/media\/316400"}],"wp:attachment":[{"href":"https:\/\/www.suno.com.br\/noticias\/wp-json\/wp\/v2\/media?parent=316326"}],"wp:term":[{"taxonomy":"category","embeddable":true,"href":"https:\/\/www.suno.com.br\/noticias\/wp-json\/wp\/v2\/categories?post=316326"},{"taxonomy":"post_tag","embeddable":true,"href":"https:\/\/www.suno.com.br\/noticias\/wp-json\/wp\/v2\/tags?post=316326"},{"taxonomy":"suno_strategy","embeddable":true,"href":"https:\/\/www.suno.com.br\/noticias\/wp-json\/wp\/v2\/suno_strategy?post=316326"}],"curies":[{"name":"wp","href":"https:\/\/api.w.org\/{rel}","templated":true}]}}