{"id":31603,"date":"2019-07-20T12:47:55","date_gmt":"2019-07-20T15:47:55","guid":{"rendered":"https:\/\/www.suno.com.br\/noticias\/?p=31603"},"modified":"2019-07-20T12:47:55","modified_gmt":"2019-07-20T15:47:55","slug":"governo-projeta-credito-2019-2020","status":"publish","type":"post","link":"https:\/\/www.suno.com.br\/noticias\/governo-projeta-credito-2019-2020\/","title":{"rendered":"Governo projeta crescimento modesto para o cr\u00e9dito em 2019 e 2020"},"content":{"rendered":"<p>O crescimento do cr\u00e9dito em 2019 e 2020 ser\u00e1 moderado. A previs\u00e3o foi divulgada pelo <strong>Minist\u00e9rio da Economia,<\/strong> que indica um ritmo mais intenso de crescimento somente a partir de 2021.<\/p>\t<div class=\"wrapper-featured-image\">\n\t\t<figure class=\"spotlightImg\">\n\n\t\t\t<picture>\n\t\t\t\t<source media=\"(max-width: 768px)\" srcset=\"https:\/\/files.sunoresearch.com.br\/n\/uploads\/2019\/02\/6de89929-minist\u00e9rio-da-economia-400x200.webp\">\n\t\t\t\t<img loading=\"lazy\" decoding=\"async\" class=\"newsContent__article__imgCapa lazyloadDisabled newsContent__article__imgCapa--noCaption\" src=\"https:\/\/files.sunoresearch.com.br\/n\/uploads\/2019\/02\/6de89929-minist\u00e9rio-da-economia-800x450.webp\" width=\"800\" height=\"450\" alt=\"Governo projeta crescimento modesto para o cr\u00e9dito em 2019 e 2020\" fetchpriority=high \/>\n\t\t\t<\/picture>\n\n\t\t\t<figcaption class=\"wp-caption-text wp-caption-text--hide\">O governo prop\u00f4s medidas, para amenizar os impactos do desemprego frente a crise do novo coronav\u00edrus. Clique aqui para saber mais.<\/figcaption>\n\t\t<\/figure>\n\t<\/div>\n\n\n<p>A <strong>Secretaria de Pol\u00edtica Econ\u00f4mica<\/strong> do minist\u00e9rio prev\u00ea um\u00a0crescimento m\u00e9dio de 4,9% do <strong>cr\u00e9dito.<\/strong> Em 2020, a proje\u00e7\u00e3o indica uma expans\u00e3o do estoque de financiamentos banc\u00e1rios de 4,5%.<\/p>\n<p>Essas previs\u00f5es s\u00e3o inclu\u00eddas na \u201cgrade de par\u00e2metros\u201d or\u00e7ament\u00e1rios. Um documento elaborado bimestralmente pela secretaria para subsidiar as proje\u00e7\u00f5es de arrecada\u00e7\u00e3o pela <strong>Receita Federal.<\/strong> Al\u00e9m disso, essa grade contribui para elaborar a previs\u00e3o de despesas de outras \u00e1reas do governo.<\/p>\n<p><a href=\"https:\/\/www.suno.com.br\/noticias\/caixa-credito-imobiliario-juros-reduzidos-6-ano\/\">Saiba mais: Caixa projeta programa de cr\u00e9dito imobili\u00e1rio com juros reduzidos a 6% ao ano\u00a0<\/a><\/p>\n<p>Essas proje\u00e7\u00f5es sobre a taxa de expans\u00e3o dos financiamentos servem tamb\u00e9m para subsidiar, entre as outras coisas, os cen\u00e1rios para arrecada\u00e7\u00e3o do Imposto sobre <strong>Opera\u00e7\u00f5es Financeiras (IOF)<\/strong>.<\/p>\n<p>Essa \u00e9 a primeira vez que a estimativa sobre o <strong>cr\u00e9dito<\/strong> \u00e9 publicada. Outras previs\u00f5es, como <a href=\"https:\/\/www.suno.com.br\/artigos\/o-produto-interno-bruto-pib\/\"><strong>Produto Interno Bruto (PIB)<\/strong><\/a> e <strong>infla\u00e7\u00e3o,<\/strong> eram tornadas p\u00fablicas nos relat\u00f3rios, enquanto outras ficavam apenas dispon\u00edveis internamente.<\/p>\n\t<p>\n\t\t<a href=\"https:\/\/lp.statusinvest.com.br\/ao\/assessoria-status-invest\/\" target=\"_blank\" data-element=\"shortcode-suno-banner\" title=\"Banner SUNO, clique e saiba mais\">\n\t\t\t<picture>\n\t\t\t\t<source media=\"(max-width: 500px)\" srcset=\"https:\/\/files.sunoresearch.com.br\/n\/uploads\/2024\/03\/400x300-Mobile.png\">\n\t\t\t\t<img class=\"newsContent__article__imgCapa newsContent__article__imgCapa--banner\"\n\t\t\t\t\tsrc=\"https:\/\/files.sunoresearch.com.br\/n\/uploads\/2024\/03\/1420x240-Desktop.png\"\n\t\t\t\t\tdata-promo-id=\"537248\"\t\t\t\t\t\t\t\t\t\twidth='1400' height='240'\t\t\t\t\talt=\"https:\/\/files.sunoresearch.com.br\/n\/uploads\/2024\/03\/1420x240-Desktop.png\"\n\t\t\t\t>\n\t\t\t<\/picture>\n\t\t<\/a>\n\t<\/p>\n\n\n<h2>Acelera\u00e7\u00e3o a partir de 2021<\/h2>\n<p>O <strong>minist\u00e9rio da Economia<\/strong> divulgou suas previs\u00f5es at\u00e9 2023, indicando um crescimento a partir de 2021. O cr\u00e9dito voltar\u00e1 a se expandir de forma mais intensa somente a partir daquele ano, quando a taxa de crescimento m\u00e9dio chegar\u00e1 a 5,8%. Em 2022 ser\u00e1 de 6,6% e chegar\u00e1 at\u00e9 7,3% em 2023.<\/p>\n<p>Entretanto, essa desacelera\u00e7\u00e3o na taxa de expans\u00e3o em 2020 ante 2019 n\u00e3o significa necessariamente uma perda de ritmo dessa vari\u00e1vel econ\u00f4mica. Esse andamento tamb\u00e9m depende de quest\u00f5es de c\u00e1lculo estat\u00edstico ligados \u00e0 taxa<br \/>\nde infla\u00e7\u00e3o menor esperada para o pr\u00f3ximo ano. Assim como por sua composi\u00e7\u00e3o no momento de proje\u00e7\u00e3o, pois no primeiro semestre os \u00edndices de pre\u00e7os ficaram mais pressionados.<\/p>\n<p>Alguns m\u00e9todos econom\u00e9tricos apontavam taxas de crescimento muito superiores daquelas divulgadas pelo minist\u00e9rio. Algumas delas chegavam at\u00e9 12%. Entretanto, o m\u00e9todo da Secretaria realiza uma m\u00e9dia ponderada dos modelos, trabalhando de forma conservadora, pois esses valores s\u00e3o utilizados para projetar as receitas do governo.<\/p>\n<h2>Banco Central revisou negativamente a expans\u00e3o do cr\u00e9dito<\/h2>\n<p>Em julho, em seu \u00faltimo Relat\u00f3rio Trimestral de Infla\u00e7\u00e3o, o <a href=\"https:\/\/www.suno.com.br\/artigos\/bacen\/\"><strong>Banco Central (BC)<\/strong><\/a> revisou para baixo a sua proje\u00e7\u00e3o para o crescimento do <strong>cr\u00e9dito.<\/strong> Em 2019 o estoque de financiamentos deveria passar de 7,2% para 6,5%.<\/p>\n<p>Segundo o BC, esse cen\u00e1rio contempla um crescimento \u201csustentado pelas opera\u00e7\u00f5es com recursos livres\u201d. Nos c\u00e1lculos da autoridade monet\u00e1ria central, esse saldo total deve ter alta de 11,6%.\u00a0<span style=\"font-size: 1.21429rem;\">Para os recursos direcionados, a expans\u00e3o prevista \u00e9 de apenas 0,4%.<\/span><\/p>\n\t<p>\n\t\t<a href=\"https:\/\/lp.suno.com.br\/asset\/fundos\/suno-fic-fia\/\" target=\"_blank\" data-element=\"shortcode-suno-banner\" title=\"Banner SUNO, clique e saiba mais\">\n\t\t\t<picture>\n\t\t\t\t<source media=\"(max-width: 500px)\" srcset=\"https:\/\/files.sunoresearch.com.br\/n\/uploads\/2023\/10\/SUNO-FIC-FIA-400x300-Mobile-Artigos-5.png\">\n\t\t\t\t<img class=\"newsContent__article__imgCapa newsContent__article__imgCapa--banner\"\n\t\t\t\t\tsrc=\"https:\/\/files.sunoresearch.com.br\/n\/uploads\/2023\/10\/SUNO-FIC-FIA-1420x240-Banner-Artigos-1-_-Banner-Materias-4.png\"\n\t\t\t\t\tdata-promo-id=\"478742\"\t\t\t\t\t\t\t\t\t\twidth='2840' height='480'\t\t\t\t\talt=\"https:\/\/files.sunoresearch.com.br\/n\/uploads\/2023\/10\/SUNO-FIC-FIA-1420x240-Banner-Artigos-1-_-Banner-Materias-4.png\"\n\t\t\t\t>\n\t\t\t<\/picture>\n\t\t<\/a>\n\t<\/p>\n\n\n<p><span style=\"font-size: 1.21429rem;\">Segundo o <strong>BC,<\/strong> \u201cesse cen\u00e1rio \u00e9 compat\u00edvel com a continuidade do processo de queda na\u00a0<\/span>participa\u00e7\u00e3o dos bancos p\u00fablicos no total do saldo das opera\u00e7\u00f5es de <strong>cr\u00e9dito\u201d.<\/strong><\/p>\n<p>O <strong>Banco Central<\/strong> tamb\u00e9m calcula um aumento de 2,5% nas taxas aplicadas para o <strong>cr\u00e9dito<\/strong> concedido para as pessoas jur\u00eddicas e 7,2% para as pessoas f\u00edsicas. As proje\u00e7\u00f5es \u201cest\u00e3o em linha com a manuten\u00e7\u00e3o de n\u00edveis confort\u00e1veis de inadimpl\u00eancia e de comprometimento de renda das fam\u00edlias com servi\u00e7os financeiros\u201d, informou o Banco Central, que espera\u00a0que \u201cas principais modalidades de cr\u00e9dito livre (ve\u00edculos, cr\u00e9dito pessoal e cart\u00e3o de cr\u00e9dito)\u201d mantenham o ritmo de crescimento.<\/p>\n","protected":false},"excerpt":{"rendered":"<p>O crescimento do cr\u00e9dito em 2019 e 2020 ser\u00e1 moderado. A previs\u00e3o foi divulgada pelo Minist\u00e9rio da Economia, que indica um ritmo mais intenso de crescimento somente a partir de 2021. O governo prop\u00f4s medidas, para amenizar os impactos do desemprego frente a crise do novo coronav\u00edrus. Clique aqui para saber mais. A Secretaria de [&hellip;]<\/p>\n","protected":false},"author":9,"featured_media":15588,"comment_status":"closed","ping_status":"closed","sticky":false,"template":"","format":"standard","meta":[],"categories":[61],"tags":[943,909],"suno_strategy":[],"class_list":["post-31603","post","type-post","status-publish","format-standard","has-post-thumbnail","hentry","category-politica","tag-credito","tag-ministerio-da-economia"],"yoast_head":"<!-- This site is optimized with the Yoast SEO plugin v24.4 - https:\/\/yoast.com\/wordpress\/plugins\/seo\/ -->\n<title>Governo projeta crescimento modesto para o cr\u00e9dito em 2019 e 2020<\/title>\n<meta name=\"description\" content=\"Segundo uma previs\u00e2o do Minist\u00e9rio da Economia, ocrescimento do cr\u00e9dito em 2019 e 2020 ser\u00e1 moderado. Clique aqui para saber mais.\" \/>\n<meta name=\"robots\" content=\"index, follow, max-snippet:-1, max-image-preview:large, max-video-preview:-1\" \/>\n<link rel=\"canonical\" href=\"https:\/\/www.suno.com.br\/noticias\/governo-projeta-credito-2019-2020\/\" \/>\n<meta property=\"og:locale\" content=\"pt_BR\" \/>\n<meta property=\"og:type\" content=\"article\" \/>\n<meta property=\"og:title\" content=\"Governo projeta crescimento modesto para o cr\u00e9dito em 2019 e 2020\" \/>\n<meta property=\"og:description\" content=\"Segundo uma previs\u00e2o do Minist\u00e9rio da Economia, ocrescimento do cr\u00e9dito em 2019 e 2020 ser\u00e1 moderado. Clique aqui para saber mais.\" \/>\n<meta property=\"og:url\" content=\"https:\/\/www.suno.com.br\/noticias\/governo-projeta-credito-2019-2020\/\" \/>\n<meta property=\"og:site_name\" content=\"Suno Not\u00edcias\" \/>\n<meta property=\"article:publisher\" content=\"https:\/\/facebook.com\/sunoresearch\" \/>\n<meta property=\"og:image\" content=\"https:\/\/files.sunoresearch.com.br\/n\/uploads\/2019\/02\/6de89929-minist\u00e9rio-da-economia.jpg\" \/>\n\t<meta property=\"og:image:width\" content=\"1140\" \/>\n\t<meta property=\"og:image:height\" content=\"760\" \/>\n\t<meta property=\"og:image:type\" content=\"image\/jpeg\" \/>\n<meta name=\"author\" content=\"Carlo Cauti\" \/>\n<meta name=\"twitter:card\" content=\"summary_large_image\" \/>\n<meta name=\"twitter:creator\" content=\"@sunoresearch\" \/>\n<meta name=\"twitter:site\" content=\"@sunoresearch\" \/>\n<meta name=\"twitter:label1\" content=\"Escrito por\" \/>\n\t<meta name=\"twitter:data1\" content=\"Carlo Cauti\" \/>\n\t<meta name=\"twitter:label2\" content=\"Est. tempo de leitura\" \/>\n\t<meta name=\"twitter:data2\" content=\"3 minutos\" \/>\n<script type=\"application\/ld+json\" class=\"yoast-schema-graph\">{\"@context\":\"https:\/\/schema.org\",\"@graph\":[{\"@type\":\"NewsArticle\",\"@id\":\"https:\/\/www.suno.com.br\/noticias\/governo-projeta-credito-2019-2020\/#article\",\"isPartOf\":{\"@id\":\"https:\/\/www.suno.com.br\/noticias\/governo-projeta-credito-2019-2020\/\"},\"author\":{\"name\":\"Carlo Cauti\",\"@id\":\"https:\/\/www.suno.com.br\/noticias\/#\/schema\/person\/e6e0f723cc177805027f4566c1d5e0c8\"},\"headline\":\"Governo projeta crescimento modesto para o cr\u00e9dito em 2019 e 2020\",\"datePublished\":\"2019-07-20T15:47:55+00:00\",\"mainEntityOfPage\":{\"@id\":\"https:\/\/www.suno.com.br\/noticias\/governo-projeta-credito-2019-2020\/\"},\"wordCount\":600,\"publisher\":{\"@id\":\"https:\/\/www.suno.com.br\/noticias\/#organization\"},\"image\":{\"@id\":\"https:\/\/www.suno.com.br\/noticias\/governo-projeta-credito-2019-2020\/#primaryimage\"},\"thumbnailUrl\":\"https:\/\/files.sunoresearch.com.br\/n\/uploads\/2019\/02\/6de89929-minist\u00e9rio-da-economia-jpg.webp\",\"keywords\":[\"cr\u00e9dito\",\"Minist\u00e9rio da Economia\"],\"articleSection\":[\"Pol\u00edtica\"],\"inLanguage\":\"pt-BR\"},{\"@type\":\"WebPage\",\"@id\":\"https:\/\/www.suno.com.br\/noticias\/governo-projeta-credito-2019-2020\/\",\"url\":\"https:\/\/www.suno.com.br\/noticias\/governo-projeta-credito-2019-2020\/\",\"name\":\"Governo projeta crescimento modesto para o cr\u00e9dito em 2019 e 2020\",\"isPartOf\":{\"@id\":\"https:\/\/www.suno.com.br\/noticias\/#website\"},\"primaryImageOfPage\":{\"@id\":\"https:\/\/www.suno.com.br\/noticias\/governo-projeta-credito-2019-2020\/#primaryimage\"},\"image\":{\"@id\":\"https:\/\/www.suno.com.br\/noticias\/governo-projeta-credito-2019-2020\/#primaryimage\"},\"thumbnailUrl\":\"https:\/\/files.sunoresearch.com.br\/n\/uploads\/2019\/02\/6de89929-minist\u00e9rio-da-economia-jpg.webp\",\"datePublished\":\"2019-07-20T15:47:55+00:00\",\"description\":\"Segundo uma previs\u00e2o do Minist\u00e9rio da Economia, ocrescimento do cr\u00e9dito em 2019 e 2020 ser\u00e1 moderado. Clique aqui para saber mais.\",\"breadcrumb\":{\"@id\":\"https:\/\/www.suno.com.br\/noticias\/governo-projeta-credito-2019-2020\/#breadcrumb\"},\"inLanguage\":\"pt-BR\",\"potentialAction\":[{\"@type\":\"ReadAction\",\"target\":[\"https:\/\/www.suno.com.br\/noticias\/governo-projeta-credito-2019-2020\/\"]}]},{\"@type\":\"ImageObject\",\"inLanguage\":\"pt-BR\",\"@id\":\"https:\/\/www.suno.com.br\/noticias\/governo-projeta-credito-2019-2020\/#primaryimage\",\"url\":\"https:\/\/files.sunoresearch.com.br\/n\/uploads\/2019\/02\/6de89929-minist\u00e9rio-da-economia-jpg.webp\",\"contentUrl\":\"https:\/\/files.sunoresearch.com.br\/n\/uploads\/2019\/02\/6de89929-minist\u00e9rio-da-economia-jpg.webp\",\"width\":1140,\"height\":760,\"caption\":\"O governo prop\u00f4s medidas, para amenizar os impactos do desemprego frente a crise do novo coronav\u00edrus. Clique aqui para saber mais.\"},{\"@type\":\"BreadcrumbList\",\"@id\":\"https:\/\/www.suno.com.br\/noticias\/governo-projeta-credito-2019-2020\/#breadcrumb\",\"itemListElement\":[{\"@type\":\"ListItem\",\"position\":1,\"name\":\"Not\u00edcias\",\"item\":\"https:\/\/www.suno.com.br\/noticias\/\"},{\"@type\":\"ListItem\",\"position\":2,\"name\":\"Pol\u00edtica\",\"item\":\"https:\/\/www.suno.com.br\/noticias\/politica\/\"},{\"@type\":\"ListItem\",\"position\":3,\"name\":\"Governo projeta crescimento modesto para o cr\u00e9dito em 2019 e 2020\"}]},{\"@type\":\"WebSite\",\"@id\":\"https:\/\/www.suno.com.br\/noticias\/#website\",\"url\":\"https:\/\/www.suno.com.br\/noticias\/\",\"name\":\"Suno Not\u00edcias\",\"description\":\"Seu portal de informa\u00e7\u00e3o sobre o mundo dos investimentos\",\"publisher\":{\"@id\":\"https:\/\/www.suno.com.br\/noticias\/#organization\"},\"potentialAction\":[{\"@type\":\"SearchAction\",\"target\":{\"@type\":\"EntryPoint\",\"urlTemplate\":\"https:\/\/www.suno.com.br\/noticias\/?s={search_term_string}\"},\"query-input\":{\"@type\":\"PropertyValueSpecification\",\"valueRequired\":true,\"valueName\":\"search_term_string\"}}],\"inLanguage\":\"pt-BR\"},{\"@type\":\"Organization\",\"@id\":\"https:\/\/www.suno.com.br\/noticias\/#organization\",\"name\":\"Suno Not\u00edcias\",\"url\":\"https:\/\/www.suno.com.br\/noticias\/\",\"logo\":{\"@type\":\"ImageObject\",\"inLanguage\":\"pt-BR\",\"@id\":\"https:\/\/www.suno.com.br\/noticias\/#\/schema\/logo\/image\/\",\"url\":\"https:\/\/files.sunoresearch.com.br\/n\/uploads\/2021\/09\/suno-logo.png\",\"contentUrl\":\"https:\/\/files.sunoresearch.com.br\/n\/uploads\/2021\/09\/suno-logo.png\",\"width\":180,\"height\":180,\"caption\":\"Suno Not\u00edcias\"},\"image\":{\"@id\":\"https:\/\/www.suno.com.br\/noticias\/#\/schema\/logo\/image\/\"},\"sameAs\":[\"https:\/\/facebook.com\/sunoresearch\",\"https:\/\/x.com\/sunoresearch\",\"https:\/\/www.instagram.com\/suno\",\"https:\/\/www.linkedin.com\/company\/suno-research\/\",\"https:\/\/www.youtube.com\/c\/sunoresearch\"]},{\"@type\":\"Person\",\"@id\":\"https:\/\/www.suno.com.br\/noticias\/#\/schema\/person\/e6e0f723cc177805027f4566c1d5e0c8\",\"name\":\"Carlo Cauti\",\"image\":{\"@type\":\"ImageObject\",\"inLanguage\":\"pt-BR\",\"@id\":\"https:\/\/www.suno.com.br\/noticias\/#\/schema\/person\/image\/\",\"url\":\"https:\/\/secure.gravatar.com\/avatar\/3ada9e0bd164c23abd4792a9606d583c?s=96&r=g\",\"contentUrl\":\"https:\/\/secure.gravatar.com\/avatar\/3ada9e0bd164c23abd4792a9606d583c?s=96&r=g\",\"caption\":\"Carlo Cauti\"},\"description\":\"Editor multim\u00eddia do SUNO Not\u00edcias. Italiano, formado em Ci\u00eancias Pol\u00edticas pela universidade LUISS G. Carli de Roma e mestre cum laude em Rela\u00e7\u00f5es Internacionais, Jornalismo Internacional e de Guerra e em Economia Internacional. Concluiu tamb\u00e9m um MBA em Finan\u00e7as na B3. No Brasil, teve passagem por ve\u00edculos como Estad\u00e3o, Globo, Veja e EXAME. e nas ag\u00eancias de not\u00edcias italianas ANSA e NOVA.\",\"url\":\"https:\/\/www.suno.com.br\/noticias\/author\/carlo-cauti\/\"}]}<\/script>\n<!-- \/ Yoast SEO plugin. -->","yoast_head_json":{"title":"Governo projeta crescimento modesto para o cr\u00e9dito em 2019 e 2020","description":"Segundo uma previs\u00e2o do Minist\u00e9rio da Economia, ocrescimento do cr\u00e9dito em 2019 e 2020 ser\u00e1 moderado. Clique aqui para saber mais.","robots":{"index":"index","follow":"follow","max-snippet":"max-snippet:-1","max-image-preview":"max-image-preview:large","max-video-preview":"max-video-preview:-1"},"canonical":"https:\/\/www.suno.com.br\/noticias\/governo-projeta-credito-2019-2020\/","og_locale":"pt_BR","og_type":"article","og_title":"Governo projeta crescimento modesto para o cr\u00e9dito em 2019 e 2020","og_description":"Segundo uma previs\u00e2o do Minist\u00e9rio da Economia, ocrescimento do cr\u00e9dito em 2019 e 2020 ser\u00e1 moderado. Clique aqui para saber mais.","og_url":"https:\/\/www.suno.com.br\/noticias\/governo-projeta-credito-2019-2020\/","og_site_name":"Suno Not\u00edcias","article_publisher":"https:\/\/facebook.com\/sunoresearch","og_image":[{"width":1140,"height":760,"url":"https:\/\/files.sunoresearch.com.br\/n\/uploads\/2019\/02\/6de89929-minist\u00e9rio-da-economia.jpg","type":"image\/jpeg"}],"author":"Carlo Cauti","twitter_card":"summary_large_image","twitter_creator":"@sunoresearch","twitter_site":"@sunoresearch","twitter_misc":{"Escrito por":"Carlo Cauti","Est. tempo de leitura":"3 minutos"},"schema":{"@context":"https:\/\/schema.org","@graph":[{"@type":"NewsArticle","@id":"https:\/\/www.suno.com.br\/noticias\/governo-projeta-credito-2019-2020\/#article","isPartOf":{"@id":"https:\/\/www.suno.com.br\/noticias\/governo-projeta-credito-2019-2020\/"},"author":{"name":"Carlo Cauti","@id":"https:\/\/www.suno.com.br\/noticias\/#\/schema\/person\/e6e0f723cc177805027f4566c1d5e0c8"},"headline":"Governo projeta crescimento modesto para o cr\u00e9dito em 2019 e 2020","datePublished":"2019-07-20T15:47:55+00:00","mainEntityOfPage":{"@id":"https:\/\/www.suno.com.br\/noticias\/governo-projeta-credito-2019-2020\/"},"wordCount":600,"publisher":{"@id":"https:\/\/www.suno.com.br\/noticias\/#organization"},"image":{"@id":"https:\/\/www.suno.com.br\/noticias\/governo-projeta-credito-2019-2020\/#primaryimage"},"thumbnailUrl":"https:\/\/files.sunoresearch.com.br\/n\/uploads\/2019\/02\/6de89929-minist\u00e9rio-da-economia-jpg.webp","keywords":["cr\u00e9dito","Minist\u00e9rio da Economia"],"articleSection":["Pol\u00edtica"],"inLanguage":"pt-BR"},{"@type":"WebPage","@id":"https:\/\/www.suno.com.br\/noticias\/governo-projeta-credito-2019-2020\/","url":"https:\/\/www.suno.com.br\/noticias\/governo-projeta-credito-2019-2020\/","name":"Governo projeta crescimento modesto para o cr\u00e9dito em 2019 e 2020","isPartOf":{"@id":"https:\/\/www.suno.com.br\/noticias\/#website"},"primaryImageOfPage":{"@id":"https:\/\/www.suno.com.br\/noticias\/governo-projeta-credito-2019-2020\/#primaryimage"},"image":{"@id":"https:\/\/www.suno.com.br\/noticias\/governo-projeta-credito-2019-2020\/#primaryimage"},"thumbnailUrl":"https:\/\/files.sunoresearch.com.br\/n\/uploads\/2019\/02\/6de89929-minist\u00e9rio-da-economia-jpg.webp","datePublished":"2019-07-20T15:47:55+00:00","description":"Segundo uma previs\u00e2o do Minist\u00e9rio da Economia, ocrescimento do cr\u00e9dito em 2019 e 2020 ser\u00e1 moderado. Clique aqui para saber mais.","breadcrumb":{"@id":"https:\/\/www.suno.com.br\/noticias\/governo-projeta-credito-2019-2020\/#breadcrumb"},"inLanguage":"pt-BR","potentialAction":[{"@type":"ReadAction","target":["https:\/\/www.suno.com.br\/noticias\/governo-projeta-credito-2019-2020\/"]}]},{"@type":"ImageObject","inLanguage":"pt-BR","@id":"https:\/\/www.suno.com.br\/noticias\/governo-projeta-credito-2019-2020\/#primaryimage","url":"https:\/\/files.sunoresearch.com.br\/n\/uploads\/2019\/02\/6de89929-minist\u00e9rio-da-economia-jpg.webp","contentUrl":"https:\/\/files.sunoresearch.com.br\/n\/uploads\/2019\/02\/6de89929-minist\u00e9rio-da-economia-jpg.webp","width":1140,"height":760,"caption":"O governo prop\u00f4s medidas, para amenizar os impactos do desemprego frente a crise do novo coronav\u00edrus. Clique aqui para saber mais."},{"@type":"BreadcrumbList","@id":"https:\/\/www.suno.com.br\/noticias\/governo-projeta-credito-2019-2020\/#breadcrumb","itemListElement":[{"@type":"ListItem","position":1,"name":"Not\u00edcias","item":"https:\/\/www.suno.com.br\/noticias\/"},{"@type":"ListItem","position":2,"name":"Pol\u00edtica","item":"https:\/\/www.suno.com.br\/noticias\/politica\/"},{"@type":"ListItem","position":3,"name":"Governo projeta crescimento modesto para o cr\u00e9dito em 2019 e 2020"}]},{"@type":"WebSite","@id":"https:\/\/www.suno.com.br\/noticias\/#website","url":"https:\/\/www.suno.com.br\/noticias\/","name":"Suno Not\u00edcias","description":"Seu portal de informa\u00e7\u00e3o sobre o mundo dos investimentos","publisher":{"@id":"https:\/\/www.suno.com.br\/noticias\/#organization"},"potentialAction":[{"@type":"SearchAction","target":{"@type":"EntryPoint","urlTemplate":"https:\/\/www.suno.com.br\/noticias\/?s={search_term_string}"},"query-input":{"@type":"PropertyValueSpecification","valueRequired":true,"valueName":"search_term_string"}}],"inLanguage":"pt-BR"},{"@type":"Organization","@id":"https:\/\/www.suno.com.br\/noticias\/#organization","name":"Suno Not\u00edcias","url":"https:\/\/www.suno.com.br\/noticias\/","logo":{"@type":"ImageObject","inLanguage":"pt-BR","@id":"https:\/\/www.suno.com.br\/noticias\/#\/schema\/logo\/image\/","url":"https:\/\/files.sunoresearch.com.br\/n\/uploads\/2021\/09\/suno-logo.png","contentUrl":"https:\/\/files.sunoresearch.com.br\/n\/uploads\/2021\/09\/suno-logo.png","width":180,"height":180,"caption":"Suno Not\u00edcias"},"image":{"@id":"https:\/\/www.suno.com.br\/noticias\/#\/schema\/logo\/image\/"},"sameAs":["https:\/\/facebook.com\/sunoresearch","https:\/\/x.com\/sunoresearch","https:\/\/www.instagram.com\/suno","https:\/\/www.linkedin.com\/company\/suno-research\/","https:\/\/www.youtube.com\/c\/sunoresearch"]},{"@type":"Person","@id":"https:\/\/www.suno.com.br\/noticias\/#\/schema\/person\/e6e0f723cc177805027f4566c1d5e0c8","name":"Carlo Cauti","image":{"@type":"ImageObject","inLanguage":"pt-BR","@id":"https:\/\/www.suno.com.br\/noticias\/#\/schema\/person\/image\/","url":"https:\/\/secure.gravatar.com\/avatar\/3ada9e0bd164c23abd4792a9606d583c?s=96&r=g","contentUrl":"https:\/\/secure.gravatar.com\/avatar\/3ada9e0bd164c23abd4792a9606d583c?s=96&r=g","caption":"Carlo Cauti"},"description":"Editor multim\u00eddia do SUNO Not\u00edcias. Italiano, formado em Ci\u00eancias Pol\u00edticas pela universidade LUISS G. Carli de Roma e mestre cum laude em Rela\u00e7\u00f5es Internacionais, Jornalismo Internacional e de Guerra e em Economia Internacional. Concluiu tamb\u00e9m um MBA em Finan\u00e7as na B3. No Brasil, teve passagem por ve\u00edculos como Estad\u00e3o, Globo, Veja e EXAME. e nas ag\u00eancias de not\u00edcias italianas ANSA e NOVA.","url":"https:\/\/www.suno.com.br\/noticias\/author\/carlo-cauti\/"}]}},"default_loop_html":"<div class=\"cardsPage__listCard__boxs\"><div class=\"cardsPage__listCard__boxs__img\"><a href=\"https:\/\/www.suno.com.br\/noticias\/governo-projeta-credito-2019-2020\/\"><img class=\"mask\" src=\"https:\/\/www.suno.com.br\/noticias\/wp-content\/themes\/suno\/resources\/images\/spotlight\/spotlight1img\/bg-mask.png\" alt=\"Image Mask\"\/><img src=\"https:\/\/files.sunoresearch.com.br\/n\/uploads\/2019\/02\/6de89929-minist\u00e9rio-da-economia-400x200.webp\" alt=\"Governo projeta crescimento modesto para o cr\u00e9dito em 2019 e 2020\"\/><\/a><span class=\"spotlightCategory\"><a href=\"https:\/\/www.suno.com.br\/noticias\/politica\/\">Pol\u00edtica<\/a><\/span><\/div><div class=\"cardsPage__listCard__boxs__content\"><a href=\"https:\/\/www.suno.com.br\/noticias\/governo-projeta-credito-2019-2020\/\"><h2 class=\"content__title\">Governo projeta crescimento modesto para o cr\u00e9dito em 2019 e 2020<\/h2><\/a><div class=\"newsContent__article__meta\"><div class=\"newsContent__article__meta__authorBox\"><a href=\"https:\/\/www.suno.com.br\/noticias\/author\/carlo-cauti\/\" class=\"authorBox__avatar noMobi\"><img src=\"https:\/\/files.sunoresearch.com.br\/n\/uploads\/2020\/08\/e3745f9a-perfil-carlo-cauti-150x150.webp\" alt=\"Carlo Cauti\"><\/a><div class=\"authorBox__name\"><span>por\n\t\t\t<a href=\"https:\/\/www.suno.com.br\/noticias\/author\/carlo-cauti\/\"><span itemprop=\"author\">Carlo Cauti<\/span><\/a><\/span><time datetime=\"2019-07-20T12:47:55-03:00\" itemprop=\"datePublished\">20\/07\/2019 12:47<\/time><\/div><\/div><\/div><\/div><\/div>","single_layout":"posts","amp_enabled":true,"_links":{"self":[{"href":"https:\/\/www.suno.com.br\/noticias\/wp-json\/wp\/v2\/posts\/31603"}],"collection":[{"href":"https:\/\/www.suno.com.br\/noticias\/wp-json\/wp\/v2\/posts"}],"about":[{"href":"https:\/\/www.suno.com.br\/noticias\/wp-json\/wp\/v2\/types\/post"}],"author":[{"embeddable":true,"href":"https:\/\/www.suno.com.br\/noticias\/wp-json\/wp\/v2\/users\/9"}],"replies":[{"embeddable":true,"href":"https:\/\/www.suno.com.br\/noticias\/wp-json\/wp\/v2\/comments?post=31603"}],"version-history":[{"count":0,"href":"https:\/\/www.suno.com.br\/noticias\/wp-json\/wp\/v2\/posts\/31603\/revisions"}],"wp:featuredmedia":[{"embeddable":true,"href":"https:\/\/www.suno.com.br\/noticias\/wp-json\/wp\/v2\/media\/15588"}],"wp:attachment":[{"href":"https:\/\/www.suno.com.br\/noticias\/wp-json\/wp\/v2\/media?parent=31603"}],"wp:term":[{"taxonomy":"category","embeddable":true,"href":"https:\/\/www.suno.com.br\/noticias\/wp-json\/wp\/v2\/categories?post=31603"},{"taxonomy":"post_tag","embeddable":true,"href":"https:\/\/www.suno.com.br\/noticias\/wp-json\/wp\/v2\/tags?post=31603"},{"taxonomy":"suno_strategy","embeddable":true,"href":"https:\/\/www.suno.com.br\/noticias\/wp-json\/wp\/v2\/suno_strategy?post=31603"}],"curies":[{"name":"wp","href":"https:\/\/api.w.org\/{rel}","templated":true}]}}