{"id":315767,"date":"2022-11-04T20:48:17","date_gmt":"2022-11-04T23:48:17","guid":{"rendered":"https:\/\/www.suno.com.br\/noticias\/?p=315767"},"modified":"2022-11-04T21:17:01","modified_gmt":"2022-11-05T00:17:01","slug":"twitter-twtr34-processado-demissoes-em-massa","status":"publish","type":"post","link":"https:\/\/www.suno.com.br\/noticias\/twitter-twtr34-processado-demissoes-em-massa\/","title":{"rendered":"Twitter (TWTR34) \u00e9 processado por realizar demiss\u00f5es em massa sem aviso pr\u00e9vio"},"content":{"rendered":"<p>O <strong>Twitter (<a class=\"suno-keyword\" href=\"https:\/\/www.suno.com.br\/bdrs\/twtr34\/\" target=\"_blank\" rel=\"noopener\" data-force=\"yes\" data-priority=\"2\">TWTR34<\/a>)<\/strong> aderiu ao plano de demiss\u00f5es do Elon Musk, que visa desligar 3.700 funcion\u00e1rios. Ele agora est\u00e1 sendo processado. A a\u00e7\u00e3o coletiva foi protocolada no tribunal Federal de San Francisco na \u00faltima quinta-feira (3). Ex-funcion\u00e1rios alegam que a rede social n\u00e3o seguiu as normas do aviso pr\u00e9vio e violou as leis federais da Calif\u00f3rnia.<\/p>\t<div class=\"wrapper-featured-image\">\n\t\t<figure class=\"spotlightImg\">\n\n\t\t\t<picture>\n\t\t\t\t<source media=\"(max-width: 768px)\" srcset=\"https:\/\/files.sunoresearch.com.br\/n\/uploads\/2022\/04\/Elon_Musk_wikimedia-400x200.jpg\">\n\t\t\t\t<img loading=\"lazy\" decoding=\"async\" class=\"newsContent__article__imgCapa lazyloadDisabled \" src=\"https:\/\/files.sunoresearch.com.br\/n\/uploads\/2022\/04\/Elon_Musk_wikimedia-800x450.jpg\" width=\"800\" height=\"450\" alt=\"Twitter (TWTR34) \u00e9 processado por realizar demiss\u00f5es em massa sem aviso pr\u00e9vio\" fetchpriority=high \/>\n\t\t\t<\/picture>\n\n\t\t\t<figcaption class=\"wp-caption-text wp-caption-text--show\">Elon Musk, dono da Tesla (TSLA34)-  Foto: Wikimedia Commons<\/figcaption>\n\t\t<\/figure>\n\t<\/div>\n\n\n\t<p>\n\t\t<a href=\"https:\/\/lp.suno.com.br\/planilha-controle-gastos\/\" target=\"_blank\" data-element=\"shortcode-suno-banner\" title=\"Banner SUNO, clique e saiba mais\">\n\t\t\t<picture>\n\t\t\t\t<source media=\"(max-width: 500px)\" srcset=\"https:\/\/files.sunoresearch.com.br\/n\/uploads\/2023\/03\/400x300-Planilha-controle-de-gastos.png\">\n\t\t\t\t<img class=\"newsContent__article__imgCapa newsContent__article__imgCapa--banner\"\n\t\t\t\t\tsrc=\"https:\/\/files.sunoresearch.com.br\/n\/uploads\/2023\/03\/1420x240-Planilha-controle-de-gastos.png\"\n\t\t\t\t\tdata-promo-id=\"311945\"\t\t\t\t\t\t\t\t\t\twidth='1420' height='240'\t\t\t\t\talt=\"https:\/\/files.sunoresearch.com.br\/n\/uploads\/2023\/03\/1420x240-Planilha-controle-de-gastos.png\"\n\t\t\t\t>\n\t\t\t<\/picture>\n\t\t<\/a>\n\t<\/p>\n\n\n<p>Na Calif\u00f3rnia, uma lei federal n\u00e3o permite que grandes empresas realizem demiss\u00f5es em massa sem cumprir o aviso pr\u00e9vio de, no m\u00ednimo, 60 dias, o que causou problemas ao plano de Elon Musk de cortar custos. O bilion\u00e1rio adquiriu a companhia por US$ 44 bilh\u00f5es em outubro deste ano.<\/p>\n<p>O processo coletivo pede ao tribunal que exija que o <strong>Twitter obede\u00e7a \u00e0 lei<\/strong> de aviso pr\u00e9vio, impedindo que a empresa fa\u00e7a com que os funcion\u00e1rios assinem documentos para abrir m\u00e3o de participar do lit\u00edgio judicial.<\/p>\n<p>\u201cEntramos com esta a\u00e7\u00e3o hoje [quinta] \u00e0 noite na tentativa de garantir que os funcion\u00e1rios estejam cientes de que n\u00e3o devem abrir m\u00e3o de seus direitos e que t\u00eam um caminho para perseguir seus direitos\u201d, disse Shannon Liss-Riordan, advogada que apresentou a queixa, em entrevista.<\/p>\n<p>Liss j\u00e1 processou a Tesla (TSLA34), empresa de tecnologia do Elon Musk, por motivos semelhantes. A companhia demitiu cerca de 10% do seu quadro de funcion\u00e1rios. A advogada afirma: \u201cAgora veremos se ele continuar\u00e1 a desprezar as leis deste pa\u00eds que protegem os funcion\u00e1rios. Parece que Musk est\u00e1 repetindo a mesma cartilha do que fez na Tesla.\u201d<\/p>\n\t<p>\n\t\t<a href=\"https:\/\/lp.suno.com.br\/ebook-como-analisar-uma-acao\/\" target=\"_blank\" data-element=\"shortcode-suno-banner\" title=\"Banner SUNO, clique e saiba mais\">\n\t\t\t<picture>\n\t\t\t\t<source media=\"(max-width: 500px)\" srcset=\"https:\/\/files.sunoresearch.com.br\/n\/uploads\/2023\/03\/Ebook-Acoes-Mobile.jpg\">\n\t\t\t\t<img class=\"newsContent__article__imgCapa newsContent__article__imgCapa--banner\"\n\t\t\t\t\tsrc=\"https:\/\/files.sunoresearch.com.br\/n\/uploads\/2023\/03\/Ebook-Acoes-Desktop.jpg\"\n\t\t\t\t\tdata-promo-id=\"311946\"\t\t\t\t\t\t\t\t\t\twidth='1420' height='286'\t\t\t\t\talt=\"https:\/\/files.sunoresearch.com.br\/n\/uploads\/2023\/03\/Ebook-Acoes-Desktop.jpg\"\n\t\t\t\t>\n\t\t\t<\/picture>\n\t\t<\/a>\n\t<\/p>\n\n\n<h2>Demiss\u00f5es no Twitter acontecem no mundo todo<\/h2>\n<p>As <strong>demiss\u00f5es no Twitter<\/strong> aconteceram no mundo todo e a unidade brasileira n\u00e3o ficou de fora. A sede brasileira est\u00e1 localizada em S\u00e3o Paulo e contava com 150 funcion\u00e1rios. Ainda n\u00e3o foram divulgados dados oficiais das demiss\u00f5es.<\/p>\n<p>Logo ao adquirir a rede social, \u00a0Elon Musk teve como uma de suas primeiras a\u00e7\u00f5es a demiss\u00e3o de executivos, como o o diretor financeiro, Ned Segal, o chefe de assuntos jur\u00eddicos e de pol\u00edticas, Vijaya Gadde e o presidente-executivo Parag Agrawal. Os tr\u00eas foram desligados ap\u00f3s serem acusados de esconder informa\u00e7\u00f5es sobre contas falsas na plataforma.<\/p>\n<p>A expectativa do dono da SpaceX \u00e9 de reduzir o quadro de funcion\u00e1rios em 75%, indo de 7.500 para 2.00o, tornando o <strong>Twitter<\/strong> uma &#8220;skeleton crew&#8221;. O termo pode ser entendido como uma empresa de equipe m\u00ednima.<\/p>\n<h2>&#8216;Obrigado pela paci\u00eancia&#8217;, diz Twitter a funcion\u00e1rios que permaneceram<\/h2>\n<p>Ao fim desta sexta-feira, 4, o Twitter enviou uma carta para tranquilizar os funcion\u00e1rios que permaneceram na companhia ap\u00f3s a onda de demiss\u00f5es programadas para hoje, de acordo com c\u00f3pia do documento obtido pelo site Business Insider.<\/p>\n<p>Ainda n\u00e3o se sabe ao certo quantas pessoas restaram, mas o novo dono da firma, Elon Musk, havia antecipado que os cortes poderiam atingir at\u00e9 75% dos 7,5 mil funcion\u00e1rios em todo o mundo. No Brasil, funcion\u00e1rios est\u00e3o em suspenso, incertos da situa\u00e7\u00e3o trabalhista.<\/p>\n<p>Na carta aos que restaram, a companhia &#8220;agradece a paci\u00eancia&#8221; dos funcion\u00e1rios. &#8220;N\u00f3s estamos enviando este e-mail para confirmar que o seu emprego n\u00e3o foi impactado pela redu\u00e7\u00e3o de trabalhadores hoje&#8221;, diz o Twitter.<\/p>\n<p>A empresa declara que os escrit\u00f3rios da firma, cuja sede \u00e9 em San Francisco, na Calif\u00f3rnia, permanecer\u00e3o fechados at\u00e9 a pr\u00f3xima segunda-feira, 7.<\/p>\n<p>O Twitter afirma ainda que &#8220;em breve&#8221; o <strong>CEO da companhia<\/strong>, Elon Musk, ir\u00e1 entrar em contato com os funcion\u00e1rios: &#8220;Ele anseia por comunicar a todos sobre a sua vis\u00e3o para a companhia&#8221;, diz.<\/p>\n<p>At\u00e9 esta sexta-feira, Musk n\u00e3o reconheceu publicamente as demiss\u00f5es. Al\u00e9m disso, nos \u00faltimos dias, os colaboradores se queixaram de que o bilion\u00e1rio n\u00e3o se comunicou com os funcion\u00e1rios desde a conclus\u00e3o da aquisi\u00e7\u00e3o, realizada na semana passada.<\/p>\n<p>Abaixo, leia na \u00edntegra a tradu\u00e7\u00e3o do e-mail de confirma\u00e7\u00e3o de emprego:<\/p>\n<p><i>&#8220;Ol\u00e1,<\/i><\/p>\n<p>&#8220;Obrigado pela sua paci\u00eancia atrav\u00e9s dessa transi\u00e7\u00e3o e pelo seu comprometimento com o importante trabalho que voc\u00ea exerce no Twitter. N\u00f3s estamos enviando este e-mail para confirmar que o seu emprego n\u00e3o foi impactado pela redu\u00e7\u00e3o de trabalhadores hoje.<\/p>\n<p>Durante a semana passada, Elon passou tempo com v\u00e1rios funcion\u00e1rios, clientes, parceiros, criadores de pol\u00edticas e usu\u00e1rios do Twitter. Ele anseia por comunicar a todos sobre a sua vis\u00e3o para a companhia em breve.<\/p>\n<p>Sabemos que voc\u00ea provavelmente tem v\u00e1rias perguntas e vamos ter mais informa\u00e7\u00f5es para compartilhar na pr\u00f3xima semana. Por enquanto, por favor, note que at\u00e9 segunda-feira a Birdhouse est\u00e1 temporariamente offline, nossos pr\u00e9dios comerciais est\u00e3o temporariamente fechados e todos os crach\u00e1s de acesso est\u00e3o temporariamente suspensos. Os escrit\u00f3rios ir\u00e3o reabrir na segunda-feira, 7 de novembro.<\/p>\n<p>Obrigado por continuar demonstrando respeito pelos colegas que foram impactados enquanto passamos por essas mudan\u00e7as. Como um lembrete, n\u00f3s esperamos que voc\u00ea continue cumprindo as pol\u00edticas da companhia em evitar discutir informa\u00e7\u00f5es confidenciais da empresa nas redes sociais, com a imprensa ou em qualquer outro lugar.<\/p>\n<p>Mal podemos esperar para trabalhar com voc\u00ea no futuro emocionante do <strong>Twitter<\/strong>.&#8221;<\/p>\n<p class=\"newsProviderSignature\"><em>Com informa\u00e7\u00f5es do Estad\u00e3o Conte\u00fado<\/em><\/p>\n\t<p>\n\t\t<a href=\"https:\/\/lp.suno.com.br\/ebook-investindo-em-fiis\/\" target=\"_blank\" data-element=\"shortcode-suno-banner\" title=\"Banner SUNO, clique e saiba mais\">\n\t\t\t<picture>\n\t\t\t\t<source media=\"(max-width: 500px)\" srcset=\"https:\/\/files.sunoresearch.com.br\/n\/uploads\/2023\/03\/Ebook-Fundos-Imobiliarios-Mobile-1.jpg\">\n\t\t\t\t<img class=\"newsContent__article__imgCapa newsContent__article__imgCapa--banner\"\n\t\t\t\t\tsrc=\"https:\/\/files.sunoresearch.com.br\/n\/uploads\/2023\/03\/Ebook-Fundos-Imobiliarios-Desktop-1.jpg\"\n\t\t\t\t\tdata-promo-id=\"313843\"\t\t\t\t\t\t\t\t\t\twidth='1420' height='286'\t\t\t\t\talt=\"https:\/\/files.sunoresearch.com.br\/n\/uploads\/2023\/03\/Ebook-Fundos-Imobiliarios-Desktop-1.jpg\"\n\t\t\t\t>\n\t\t\t<\/picture>\n\t\t<\/a>\n\t<\/p>\n\n\n","protected":false},"excerpt":{"rendered":"<p>O Twitter (TWTR34) aderiu ao plano de demiss\u00f5es do Elon Musk, que visa desligar 3.700 funcion\u00e1rios. Ele agora est\u00e1 sendo processado. A a\u00e7\u00e3o coletiva foi protocolada no tribunal Federal de San Francisco na \u00faltima quinta-feira (3). Ex-funcion\u00e1rios alegam que a rede social n\u00e3o seguiu as normas do aviso pr\u00e9vio e violou as leis federais da [&hellip;]<\/p>\n","protected":false},"author":194,"featured_media":248256,"comment_status":"closed","ping_status":"closed","sticky":false,"template":"","format":"standard","meta":[],"categories":[64],"tags":[1110],"suno_strategy":[],"class_list":["post-315767","post","type-post","status-publish","format-standard","has-post-thumbnail","hentry","category-negocios","tag-twitter-twtr34"],"yoast_head":"<!-- This site is optimized with the Yoast SEO plugin v24.4 - https:\/\/yoast.com\/wordpress\/plugins\/seo\/ -->\n<title>Twitter (TWTR34) \u00e9 processado por demitir sem aviso pr\u00e9vio<\/title>\n<meta name=\"description\" content=\"O Twitter (TWTR34) aderiu ao plano de demiss\u00f5es do Elon Musk, que visa desligar 3.700 funcion\u00e1rios e agora est\u00e1 sendo processado.\" \/>\n<meta name=\"robots\" content=\"index, follow, max-snippet:-1, max-image-preview:large, max-video-preview:-1\" \/>\n<link rel=\"canonical\" href=\"https:\/\/www.suno.com.br\/noticias\/twitter-twtr34-processado-demissoes-em-massa\/\" \/>\n<meta property=\"og:locale\" content=\"pt_BR\" \/>\n<meta property=\"og:type\" content=\"article\" \/>\n<meta property=\"og:title\" content=\"Twitter (TWTR34) \u00e9 processado por demitir sem aviso pr\u00e9vio\" \/>\n<meta property=\"og:description\" content=\"O Twitter (TWTR34) aderiu ao plano de demiss\u00f5es do Elon Musk, que visa desligar 3.700 funcion\u00e1rios e agora est\u00e1 sendo processado.\" \/>\n<meta property=\"og:url\" content=\"https:\/\/www.suno.com.br\/noticias\/twitter-twtr34-processado-demissoes-em-massa\/\" \/>\n<meta property=\"og:site_name\" content=\"Suno Not\u00edcias\" \/>\n<meta property=\"article:publisher\" content=\"https:\/\/facebook.com\/sunoresearch\" \/>\n<meta property=\"og:image\" content=\"https:\/\/files.sunoresearch.com.br\/n\/uploads\/2022\/04\/Elon_Musk_wikimedia-scaled.jpg\" \/>\n\t<meta property=\"og:image:width\" content=\"2560\" \/>\n\t<meta property=\"og:image:height\" content=\"1702\" \/>\n\t<meta property=\"og:image:type\" content=\"image\/jpeg\" \/>\n<meta name=\"author\" content=\"Isabella Taglapietra\" \/>\n<meta name=\"twitter:card\" content=\"summary_large_image\" \/>\n<meta name=\"twitter:creator\" content=\"@sunoresearch\" \/>\n<meta name=\"twitter:site\" content=\"@sunoresearch\" \/>\n<meta name=\"twitter:label1\" content=\"Escrito por\" \/>\n\t<meta name=\"twitter:data1\" content=\"Isabella Taglapietra\" \/>\n\t<meta name=\"twitter:label2\" content=\"Est. tempo de leitura\" \/>\n\t<meta name=\"twitter:data2\" content=\"5 minutos\" \/>\n<script type=\"application\/ld+json\" class=\"yoast-schema-graph\">{\"@context\":\"https:\/\/schema.org\",\"@graph\":[{\"@type\":\"NewsArticle\",\"@id\":\"https:\/\/www.suno.com.br\/noticias\/twitter-twtr34-processado-demissoes-em-massa\/#article\",\"isPartOf\":{\"@id\":\"https:\/\/www.suno.com.br\/noticias\/twitter-twtr34-processado-demissoes-em-massa\/\"},\"author\":{\"name\":\"Isabella Taglapietra\",\"@id\":\"https:\/\/www.suno.com.br\/noticias\/#\/schema\/person\/a0be106724f6f5d705d70f04333cb249\"},\"headline\":\"Twitter (TWTR34) \u00e9 processado por realizar demiss\u00f5es em massa sem aviso pr\u00e9vio\",\"datePublished\":\"2022-11-04T23:48:17+00:00\",\"dateModified\":\"2022-11-05T00:17:01+00:00\",\"mainEntityOfPage\":{\"@id\":\"https:\/\/www.suno.com.br\/noticias\/twitter-twtr34-processado-demissoes-em-massa\/\"},\"wordCount\":909,\"publisher\":{\"@id\":\"https:\/\/www.suno.com.br\/noticias\/#organization\"},\"image\":{\"@id\":\"https:\/\/www.suno.com.br\/noticias\/twitter-twtr34-processado-demissoes-em-massa\/#primaryimage\"},\"thumbnailUrl\":\"https:\/\/files.sunoresearch.com.br\/n\/uploads\/2022\/04\/Elon_Musk_wikimedia-scaled.jpg\",\"keywords\":[\"Twitter (TWTR34)\"],\"articleSection\":[\"Neg\u00f3cios\"],\"inLanguage\":\"pt-BR\"},{\"@type\":\"WebPage\",\"@id\":\"https:\/\/www.suno.com.br\/noticias\/twitter-twtr34-processado-demissoes-em-massa\/\",\"url\":\"https:\/\/www.suno.com.br\/noticias\/twitter-twtr34-processado-demissoes-em-massa\/\",\"name\":\"Twitter (TWTR34) \u00e9 processado por demitir sem aviso pr\u00e9vio\",\"isPartOf\":{\"@id\":\"https:\/\/www.suno.com.br\/noticias\/#website\"},\"primaryImageOfPage\":{\"@id\":\"https:\/\/www.suno.com.br\/noticias\/twitter-twtr34-processado-demissoes-em-massa\/#primaryimage\"},\"image\":{\"@id\":\"https:\/\/www.suno.com.br\/noticias\/twitter-twtr34-processado-demissoes-em-massa\/#primaryimage\"},\"thumbnailUrl\":\"https:\/\/files.sunoresearch.com.br\/n\/uploads\/2022\/04\/Elon_Musk_wikimedia-scaled.jpg\",\"datePublished\":\"2022-11-04T23:48:17+00:00\",\"dateModified\":\"2022-11-05T00:17:01+00:00\",\"description\":\"O Twitter (TWTR34) aderiu ao plano de demiss\u00f5es do Elon Musk, que visa desligar 3.700 funcion\u00e1rios e agora est\u00e1 sendo processado.\",\"breadcrumb\":{\"@id\":\"https:\/\/www.suno.com.br\/noticias\/twitter-twtr34-processado-demissoes-em-massa\/#breadcrumb\"},\"inLanguage\":\"pt-BR\",\"potentialAction\":[{\"@type\":\"ReadAction\",\"target\":[\"https:\/\/www.suno.com.br\/noticias\/twitter-twtr34-processado-demissoes-em-massa\/\"]}]},{\"@type\":\"ImageObject\",\"inLanguage\":\"pt-BR\",\"@id\":\"https:\/\/www.suno.com.br\/noticias\/twitter-twtr34-processado-demissoes-em-massa\/#primaryimage\",\"url\":\"https:\/\/files.sunoresearch.com.br\/n\/uploads\/2022\/04\/Elon_Musk_wikimedia-scaled.jpg\",\"contentUrl\":\"https:\/\/files.sunoresearch.com.br\/n\/uploads\/2022\/04\/Elon_Musk_wikimedia-scaled.jpg\",\"width\":2560,\"height\":1702,\"caption\":\"Elon Musk, dono da Tesla (TSLA34)- Foto: Wikimedia Commons\"},{\"@type\":\"BreadcrumbList\",\"@id\":\"https:\/\/www.suno.com.br\/noticias\/twitter-twtr34-processado-demissoes-em-massa\/#breadcrumb\",\"itemListElement\":[{\"@type\":\"ListItem\",\"position\":1,\"name\":\"Not\u00edcias\",\"item\":\"https:\/\/www.suno.com.br\/noticias\/\"},{\"@type\":\"ListItem\",\"position\":2,\"name\":\"Neg\u00f3cios\",\"item\":\"https:\/\/www.suno.com.br\/noticias\/negocios\/\"},{\"@type\":\"ListItem\",\"position\":3,\"name\":\"Twitter (TWTR34) \u00e9 processado por realizar demiss\u00f5es em massa sem aviso pr\u00e9vio\"}]},{\"@type\":\"WebSite\",\"@id\":\"https:\/\/www.suno.com.br\/noticias\/#website\",\"url\":\"https:\/\/www.suno.com.br\/noticias\/\",\"name\":\"Suno Not\u00edcias\",\"description\":\"Seu portal de informa\u00e7\u00e3o sobre o mundo dos investimentos\",\"publisher\":{\"@id\":\"https:\/\/www.suno.com.br\/noticias\/#organization\"},\"potentialAction\":[{\"@type\":\"SearchAction\",\"target\":{\"@type\":\"EntryPoint\",\"urlTemplate\":\"https:\/\/www.suno.com.br\/noticias\/?s={search_term_string}\"},\"query-input\":{\"@type\":\"PropertyValueSpecification\",\"valueRequired\":true,\"valueName\":\"search_term_string\"}}],\"inLanguage\":\"pt-BR\"},{\"@type\":\"Organization\",\"@id\":\"https:\/\/www.suno.com.br\/noticias\/#organization\",\"name\":\"Suno Not\u00edcias\",\"url\":\"https:\/\/www.suno.com.br\/noticias\/\",\"logo\":{\"@type\":\"ImageObject\",\"inLanguage\":\"pt-BR\",\"@id\":\"https:\/\/www.suno.com.br\/noticias\/#\/schema\/logo\/image\/\",\"url\":\"https:\/\/files.sunoresearch.com.br\/n\/uploads\/2021\/09\/suno-logo.png\",\"contentUrl\":\"https:\/\/files.sunoresearch.com.br\/n\/uploads\/2021\/09\/suno-logo.png\",\"width\":180,\"height\":180,\"caption\":\"Suno Not\u00edcias\"},\"image\":{\"@id\":\"https:\/\/www.suno.com.br\/noticias\/#\/schema\/logo\/image\/\"},\"sameAs\":[\"https:\/\/facebook.com\/sunoresearch\",\"https:\/\/x.com\/sunoresearch\",\"https:\/\/www.instagram.com\/suno\",\"https:\/\/www.linkedin.com\/company\/suno-research\/\",\"https:\/\/www.youtube.com\/c\/sunoresearch\"]},{\"@type\":\"Person\",\"@id\":\"https:\/\/www.suno.com.br\/noticias\/#\/schema\/person\/a0be106724f6f5d705d70f04333cb249\",\"name\":\"Isabella Taglapietra\",\"image\":{\"@type\":\"ImageObject\",\"inLanguage\":\"pt-BR\",\"@id\":\"https:\/\/www.suno.com.br\/noticias\/#\/schema\/person\/image\/\",\"url\":\"https:\/\/secure.gravatar.com\/avatar\/089c9e06b71de293117116aaf339e22f?s=96&r=g\",\"contentUrl\":\"https:\/\/secure.gravatar.com\/avatar\/089c9e06b71de293117116aaf339e22f?s=96&r=g\",\"caption\":\"Isabella Taglapietra\"},\"description\":\"Rep\u00f3rter freelancer no Suno Not\u00edcias, cobre not\u00edcias di\u00e1rias sobre economia, balan\u00e7os trimestrais e pesquisas. Formada em jornalismo pela Faculdade C\u00e1sper L\u00edbero e p\u00f3s-graduanda em mercado de capitais pela Fecap, atuou como rep\u00f3rter de economia e finan\u00e7as no portal CRC!News e Elas que Lucrem, al\u00e9m de social media para empresas do mercado financeiro.\",\"url\":\"https:\/\/www.suno.com.br\/noticias\/author\/isabella-taglapietra\/\"}]}<\/script>\n<!-- \/ Yoast SEO plugin. -->","yoast_head_json":{"title":"Twitter (TWTR34) \u00e9 processado por demitir sem aviso pr\u00e9vio","description":"O Twitter (TWTR34) aderiu ao plano de demiss\u00f5es do Elon Musk, que visa desligar 3.700 funcion\u00e1rios e agora est\u00e1 sendo processado.","robots":{"index":"index","follow":"follow","max-snippet":"max-snippet:-1","max-image-preview":"max-image-preview:large","max-video-preview":"max-video-preview:-1"},"canonical":"https:\/\/www.suno.com.br\/noticias\/twitter-twtr34-processado-demissoes-em-massa\/","og_locale":"pt_BR","og_type":"article","og_title":"Twitter (TWTR34) \u00e9 processado por demitir sem aviso pr\u00e9vio","og_description":"O Twitter (TWTR34) aderiu ao plano de demiss\u00f5es do Elon Musk, que visa desligar 3.700 funcion\u00e1rios e agora est\u00e1 sendo processado.","og_url":"https:\/\/www.suno.com.br\/noticias\/twitter-twtr34-processado-demissoes-em-massa\/","og_site_name":"Suno Not\u00edcias","article_publisher":"https:\/\/facebook.com\/sunoresearch","og_image":[{"width":2560,"height":1702,"url":"https:\/\/files.sunoresearch.com.br\/n\/uploads\/2022\/04\/Elon_Musk_wikimedia-scaled.jpg","type":"image\/jpeg"}],"author":"Isabella Taglapietra","twitter_card":"summary_large_image","twitter_creator":"@sunoresearch","twitter_site":"@sunoresearch","twitter_misc":{"Escrito por":"Isabella Taglapietra","Est. tempo de leitura":"5 minutos"},"schema":{"@context":"https:\/\/schema.org","@graph":[{"@type":"NewsArticle","@id":"https:\/\/www.suno.com.br\/noticias\/twitter-twtr34-processado-demissoes-em-massa\/#article","isPartOf":{"@id":"https:\/\/www.suno.com.br\/noticias\/twitter-twtr34-processado-demissoes-em-massa\/"},"author":{"name":"Isabella Taglapietra","@id":"https:\/\/www.suno.com.br\/noticias\/#\/schema\/person\/a0be106724f6f5d705d70f04333cb249"},"headline":"Twitter (TWTR34) \u00e9 processado por realizar demiss\u00f5es em massa sem aviso pr\u00e9vio","datePublished":"2022-11-04T23:48:17+00:00","dateModified":"2022-11-05T00:17:01+00:00","mainEntityOfPage":{"@id":"https:\/\/www.suno.com.br\/noticias\/twitter-twtr34-processado-demissoes-em-massa\/"},"wordCount":909,"publisher":{"@id":"https:\/\/www.suno.com.br\/noticias\/#organization"},"image":{"@id":"https:\/\/www.suno.com.br\/noticias\/twitter-twtr34-processado-demissoes-em-massa\/#primaryimage"},"thumbnailUrl":"https:\/\/files.sunoresearch.com.br\/n\/uploads\/2022\/04\/Elon_Musk_wikimedia-scaled.jpg","keywords":["Twitter (TWTR34)"],"articleSection":["Neg\u00f3cios"],"inLanguage":"pt-BR"},{"@type":"WebPage","@id":"https:\/\/www.suno.com.br\/noticias\/twitter-twtr34-processado-demissoes-em-massa\/","url":"https:\/\/www.suno.com.br\/noticias\/twitter-twtr34-processado-demissoes-em-massa\/","name":"Twitter (TWTR34) \u00e9 processado por demitir sem aviso pr\u00e9vio","isPartOf":{"@id":"https:\/\/www.suno.com.br\/noticias\/#website"},"primaryImageOfPage":{"@id":"https:\/\/www.suno.com.br\/noticias\/twitter-twtr34-processado-demissoes-em-massa\/#primaryimage"},"image":{"@id":"https:\/\/www.suno.com.br\/noticias\/twitter-twtr34-processado-demissoes-em-massa\/#primaryimage"},"thumbnailUrl":"https:\/\/files.sunoresearch.com.br\/n\/uploads\/2022\/04\/Elon_Musk_wikimedia-scaled.jpg","datePublished":"2022-11-04T23:48:17+00:00","dateModified":"2022-11-05T00:17:01+00:00","description":"O Twitter (TWTR34) aderiu ao plano de demiss\u00f5es do Elon Musk, que visa desligar 3.700 funcion\u00e1rios e agora est\u00e1 sendo processado.","breadcrumb":{"@id":"https:\/\/www.suno.com.br\/noticias\/twitter-twtr34-processado-demissoes-em-massa\/#breadcrumb"},"inLanguage":"pt-BR","potentialAction":[{"@type":"ReadAction","target":["https:\/\/www.suno.com.br\/noticias\/twitter-twtr34-processado-demissoes-em-massa\/"]}]},{"@type":"ImageObject","inLanguage":"pt-BR","@id":"https:\/\/www.suno.com.br\/noticias\/twitter-twtr34-processado-demissoes-em-massa\/#primaryimage","url":"https:\/\/files.sunoresearch.com.br\/n\/uploads\/2022\/04\/Elon_Musk_wikimedia-scaled.jpg","contentUrl":"https:\/\/files.sunoresearch.com.br\/n\/uploads\/2022\/04\/Elon_Musk_wikimedia-scaled.jpg","width":2560,"height":1702,"caption":"Elon Musk, dono da Tesla (TSLA34)- Foto: Wikimedia Commons"},{"@type":"BreadcrumbList","@id":"https:\/\/www.suno.com.br\/noticias\/twitter-twtr34-processado-demissoes-em-massa\/#breadcrumb","itemListElement":[{"@type":"ListItem","position":1,"name":"Not\u00edcias","item":"https:\/\/www.suno.com.br\/noticias\/"},{"@type":"ListItem","position":2,"name":"Neg\u00f3cios","item":"https:\/\/www.suno.com.br\/noticias\/negocios\/"},{"@type":"ListItem","position":3,"name":"Twitter (TWTR34) \u00e9 processado por realizar demiss\u00f5es em massa sem aviso pr\u00e9vio"}]},{"@type":"WebSite","@id":"https:\/\/www.suno.com.br\/noticias\/#website","url":"https:\/\/www.suno.com.br\/noticias\/","name":"Suno Not\u00edcias","description":"Seu portal de informa\u00e7\u00e3o sobre o mundo dos investimentos","publisher":{"@id":"https:\/\/www.suno.com.br\/noticias\/#organization"},"potentialAction":[{"@type":"SearchAction","target":{"@type":"EntryPoint","urlTemplate":"https:\/\/www.suno.com.br\/noticias\/?s={search_term_string}"},"query-input":{"@type":"PropertyValueSpecification","valueRequired":true,"valueName":"search_term_string"}}],"inLanguage":"pt-BR"},{"@type":"Organization","@id":"https:\/\/www.suno.com.br\/noticias\/#organization","name":"Suno Not\u00edcias","url":"https:\/\/www.suno.com.br\/noticias\/","logo":{"@type":"ImageObject","inLanguage":"pt-BR","@id":"https:\/\/www.suno.com.br\/noticias\/#\/schema\/logo\/image\/","url":"https:\/\/files.sunoresearch.com.br\/n\/uploads\/2021\/09\/suno-logo.png","contentUrl":"https:\/\/files.sunoresearch.com.br\/n\/uploads\/2021\/09\/suno-logo.png","width":180,"height":180,"caption":"Suno Not\u00edcias"},"image":{"@id":"https:\/\/www.suno.com.br\/noticias\/#\/schema\/logo\/image\/"},"sameAs":["https:\/\/facebook.com\/sunoresearch","https:\/\/x.com\/sunoresearch","https:\/\/www.instagram.com\/suno","https:\/\/www.linkedin.com\/company\/suno-research\/","https:\/\/www.youtube.com\/c\/sunoresearch"]},{"@type":"Person","@id":"https:\/\/www.suno.com.br\/noticias\/#\/schema\/person\/a0be106724f6f5d705d70f04333cb249","name":"Isabella Taglapietra","image":{"@type":"ImageObject","inLanguage":"pt-BR","@id":"https:\/\/www.suno.com.br\/noticias\/#\/schema\/person\/image\/","url":"https:\/\/secure.gravatar.com\/avatar\/089c9e06b71de293117116aaf339e22f?s=96&r=g","contentUrl":"https:\/\/secure.gravatar.com\/avatar\/089c9e06b71de293117116aaf339e22f?s=96&r=g","caption":"Isabella Taglapietra"},"description":"Rep\u00f3rter freelancer no Suno Not\u00edcias, cobre not\u00edcias di\u00e1rias sobre economia, balan\u00e7os trimestrais e pesquisas. Formada em jornalismo pela Faculdade C\u00e1sper L\u00edbero e p\u00f3s-graduanda em mercado de capitais pela Fecap, atuou como rep\u00f3rter de economia e finan\u00e7as no portal CRC!News e Elas que Lucrem, al\u00e9m de social media para empresas do mercado financeiro.","url":"https:\/\/www.suno.com.br\/noticias\/author\/isabella-taglapietra\/"}]}},"default_loop_html":"<div class=\"cardsPage__listCard__boxs\"><div class=\"cardsPage__listCard__boxs__img\"><a href=\"https:\/\/www.suno.com.br\/noticias\/twitter-twtr34-processado-demissoes-em-massa\/\"><img class=\"mask\" src=\"https:\/\/www.suno.com.br\/noticias\/wp-content\/themes\/suno\/resources\/images\/spotlight\/spotlight1img\/bg-mask.png\" alt=\"Image Mask\"\/><img src=\"https:\/\/files.sunoresearch.com.br\/n\/uploads\/2022\/04\/Elon_Musk_wikimedia-400x200.jpg\" alt=\"Twitter (TWTR34) \u00e9 processado por realizar demiss\u00f5es em massa sem aviso pr\u00e9vio\"\/><\/a><span class=\"spotlightCategory\"><a href=\"https:\/\/www.suno.com.br\/noticias\/negocios\/\">Neg\u00f3cios<\/a><\/span><\/div><div class=\"cardsPage__listCard__boxs__content\"><a href=\"https:\/\/www.suno.com.br\/noticias\/twitter-twtr34-processado-demissoes-em-massa\/\"><h2 class=\"content__title\">Twitter (TWTR34) \u00e9 processado por realizar demiss\u00f5es em massa sem aviso pr\u00e9vio<\/h2><\/a><div class=\"newsContent__article__meta\"><div class=\"newsContent__article__meta__authorBox\"><a href=\"https:\/\/www.suno.com.br\/noticias\/author\/isabella-taglapietra\/\" class=\"authorBox__avatar noMobi\"><img src=\"https:\/\/files.sunoresearch.com.br\/n\/uploads\/2022\/08\/WhatsApp-Image-2022-08-04-at-12.40.27-150x150.jpeg\" alt=\"Isabella Taglapietra\"><\/a><div class=\"authorBox__name\"><span>por\n\t\t\t<a href=\"https:\/\/www.suno.com.br\/noticias\/author\/isabella-taglapietra\/\"><span itemprop=\"author\">Isabella Taglapietra<\/span><\/a><\/span><time datetime=\"2022-11-04T20:48:17-03:00\" itemprop=\"datePublished\">04\/11\/2022 20:48<\/time><\/div><\/div><\/div><\/div><\/div>","single_layout":"posts","amp_enabled":true,"_links":{"self":[{"href":"https:\/\/www.suno.com.br\/noticias\/wp-json\/wp\/v2\/posts\/315767"}],"collection":[{"href":"https:\/\/www.suno.com.br\/noticias\/wp-json\/wp\/v2\/posts"}],"about":[{"href":"https:\/\/www.suno.com.br\/noticias\/wp-json\/wp\/v2\/types\/post"}],"author":[{"embeddable":true,"href":"https:\/\/www.suno.com.br\/noticias\/wp-json\/wp\/v2\/users\/194"}],"replies":[{"embeddable":true,"href":"https:\/\/www.suno.com.br\/noticias\/wp-json\/wp\/v2\/comments?post=315767"}],"version-history":[{"count":3,"href":"https:\/\/www.suno.com.br\/noticias\/wp-json\/wp\/v2\/posts\/315767\/revisions"}],"predecessor-version":[{"id":315848,"href":"https:\/\/www.suno.com.br\/noticias\/wp-json\/wp\/v2\/posts\/315767\/revisions\/315848"}],"wp:featuredmedia":[{"embeddable":true,"href":"https:\/\/www.suno.com.br\/noticias\/wp-json\/wp\/v2\/media\/248256"}],"wp:attachment":[{"href":"https:\/\/www.suno.com.br\/noticias\/wp-json\/wp\/v2\/media?parent=315767"}],"wp:term":[{"taxonomy":"category","embeddable":true,"href":"https:\/\/www.suno.com.br\/noticias\/wp-json\/wp\/v2\/categories?post=315767"},{"taxonomy":"post_tag","embeddable":true,"href":"https:\/\/www.suno.com.br\/noticias\/wp-json\/wp\/v2\/tags?post=315767"},{"taxonomy":"suno_strategy","embeddable":true,"href":"https:\/\/www.suno.com.br\/noticias\/wp-json\/wp\/v2\/suno_strategy?post=315767"}],"curies":[{"name":"wp","href":"https:\/\/api.w.org\/{rel}","templated":true}]}}