{"id":315692,"date":"2022-11-04T17:46:36","date_gmt":"2022-11-04T20:46:36","guid":{"rendered":"https:\/\/www.suno.com.br\/noticias\/?p=315692"},"modified":"2022-11-04T17:46:36","modified_gmt":"2022-11-04T20:46:36","slug":"geraldo-alckmin-assumira-ministerio-recriado-empresarios","status":"publish","type":"post","link":"https:\/\/www.suno.com.br\/noticias\/geraldo-alckmin-assumira-ministerio-recriado-empresarios\/","title":{"rendered":"Geraldo Alckmin pode assumir minist\u00e9rio recriado para atender demandas de empres\u00e1rios"},"content":{"rendered":"<p><span style=\"font-weight: 400;\">O vice-presidente eleito <strong>Geraldo Alckmin<\/strong> (PSB), escalado pelo presidente Lula para coordenar o processo de transi\u00e7\u00e3o para o novo governo, foi cogitado para assumir a pasta da Ind\u00fastria, Com\u00e9rcio e Servi\u00e7o, de acordo com informa\u00e7\u00f5es do jornal Folha de S. Paulo. O setor precisar\u00e1 ser recriado, cumprindo uma demanda dos empres\u00e1rios, ap\u00f3s ser extinto pelo atual presidente da Rep\u00fablica, Jair Bolsonaro (PL).\u00a0<\/span><\/p>\t<div class=\"wrapper-featured-image\">\n\t\t<figure class=\"spotlightImg\">\n\n\t\t\t<picture>\n\t\t\t\t<source media=\"(max-width: 768px)\" srcset=\"https:\/\/files.sunoresearch.com.br\/n\/uploads\/2022\/11\/Geraldo-Alckmin-400x200.jpg\">\n\t\t\t\t<img loading=\"lazy\" decoding=\"async\" class=\"newsContent__article__imgCapa lazyloadDisabled \" src=\"https:\/\/files.sunoresearch.com.br\/n\/uploads\/2022\/11\/Geraldo-Alckmin-800x450.jpg\" width=\"800\" height=\"450\" alt=\"Geraldo Alckmin pode assumir minist\u00e9rio recriado para atender demandas de empres\u00e1rios\" fetchpriority=high \/>\n\t\t\t<\/picture>\n\n\t\t\t<figcaption class=\"wp-caption-text wp-caption-text--show\">Geraldo Alckmin discute PEC da Transi\u00e7\u00e3o. Foto Rovena Rosa\/Ag\u00eancia Brasil<\/figcaption>\n\t\t<\/figure>\n\t<\/div>\n\n\n\t<p>\n\t\t<a href=\"https:\/\/lp.suno.com.br\/planilha-controle-gastos\/\" target=\"_blank\" data-element=\"shortcode-suno-banner\" title=\"Banner SUNO, clique e saiba mais\">\n\t\t\t<picture>\n\t\t\t\t<source media=\"(max-width: 500px)\" srcset=\"https:\/\/files.sunoresearch.com.br\/n\/uploads\/2023\/03\/400x300-Planilha-controle-de-gastos.png\">\n\t\t\t\t<img class=\"newsContent__article__imgCapa newsContent__article__imgCapa--banner\"\n\t\t\t\t\tsrc=\"https:\/\/files.sunoresearch.com.br\/n\/uploads\/2023\/03\/1420x240-Planilha-controle-de-gastos.png\"\n\t\t\t\t\tdata-promo-id=\"311945\"\t\t\t\t\t\t\t\t\t\twidth='1420' height='240'\t\t\t\t\talt=\"https:\/\/files.sunoresearch.com.br\/n\/uploads\/2023\/03\/1420x240-Planilha-controle-de-gastos.png\"\n\t\t\t\t>\n\t\t\t<\/picture>\n\t\t<\/a>\n\t<\/p>\n\n\n<p><span style=\"font-weight: 400;\">Com a nova responsabilidade, Alckmin iria manter liga\u00e7\u00e3o com empres\u00e1rios nacionais, sendo um ponto importante para o novo governo. Al\u00e9m disso, poderia fazer interface com os outros minist\u00e9rios.<\/span><\/p>\n<p><span style=\"font-weight: 400;\">Outro ponto que destaca o peso no <strong>governo Lula<\/strong> do vice-presidente, de acordo com a jornalista e colunista M\u00f4nica Bergamo, da Folha, \u00e9 que Alckmin foi cotado para atuar no <a class=\"suno-keyword\" href=\"https:\/\/www.suno.com.br\/artigos\/ministerio-da-economia\/\" target=\"_blank\" rel=\"noopener\" data-force=\"no\" data-priority=\"3\">minist\u00e9rio da economia<\/a>. A especula\u00e7\u00e3o vem desde a campanha eleitoral de Lula.<\/span><\/p>\n<p><span style=\"font-weight: 400;\">No entanto, para isso, a grande dificuldade do <strong>novo presidente<\/strong> seria em colocar algu\u00e9m que n\u00e3o conseguiria demitir posteriormente, uma vez que poderia causar uma crise no governo.<\/span><\/p>\n<p><span style=\"font-weight: 400;\">Com isso, Lula j\u00e1 havia dito que pretende escolher um membro que tenha um perfil mais pol\u00edtico e uma vis\u00e3o macroecon\u00f4mica.<\/span><\/p>\n<p><span style=\"font-weight: 400;\">Nesta sexta-feira (4), o ministro-chefe da Casa Civil, Ciro Nogueira (PP), assinou decreto que oficializa o in\u00edcio do processo de transi\u00e7\u00e3o. A nomea\u00e7\u00e3o foi publicada no Di\u00e1rio Oficial da Uni\u00e3o (DOU).<\/span><\/p>\n\t<p>\n\t\t<a href=\"https:\/\/lp.suno.com.br\/ebook-como-analisar-uma-acao\/\" target=\"_blank\" data-element=\"shortcode-suno-banner\" title=\"Banner SUNO, clique e saiba mais\">\n\t\t\t<picture>\n\t\t\t\t<source media=\"(max-width: 500px)\" srcset=\"https:\/\/files.sunoresearch.com.br\/n\/uploads\/2023\/03\/Ebook-Acoes-Mobile.jpg\">\n\t\t\t\t<img class=\"newsContent__article__imgCapa newsContent__article__imgCapa--banner\"\n\t\t\t\t\tsrc=\"https:\/\/files.sunoresearch.com.br\/n\/uploads\/2023\/03\/Ebook-Acoes-Desktop.jpg\"\n\t\t\t\t\tdata-promo-id=\"311946\"\t\t\t\t\t\t\t\t\t\twidth='1420' height='286'\t\t\t\t\talt=\"https:\/\/files.sunoresearch.com.br\/n\/uploads\/2023\/03\/Ebook-Acoes-Desktop.jpg\"\n\t\t\t\t>\n\t\t\t<\/picture>\n\t\t<\/a>\n\t<\/p>\n\n\n<h2>Alckmin e equipe de transi\u00e7\u00e3o come\u00e7am a trabalhar no CCBB na semana que vem<\/h2>\n<p>A equipe de transi\u00e7\u00e3o indicada pelo <strong>presidente eleito Luiz In\u00e1cio Lula da Silva<\/strong> come\u00e7a a ocupar, na segunda-feira (7), as instala\u00e7\u00f5es do Centro Cultural do Banco do Brasil (CCBB). A presidente do PT, deputada federal Gleisi Hoffmann (PR), visitou o local na manh\u00e3 desta sexta-feira (4) e disse que Lula deve vir a Bras\u00edlia na semana que vem, em dia ainda n\u00e3o definido.<img decoding=\"async\" style=\"width: 1px; height: 1px;\" src=\"https:\/\/agenciabrasil.ebc.com.br\/ebc.png?id=1492296&amp;o=rss\" \/><img decoding=\"async\" style=\"width: 1px; height: 1px;\" src=\"https:\/\/agenciabrasil.ebc.com.br\/ebc.gif?id=1492296&amp;o=rss\" \/><\/p>\n<p>\u201cA previs\u00e3o \u00e9 de que, a partir de segunda-feira a gente j\u00e1 comece a ocupar o espa\u00e7o, n\u00e3o com toda equipe formada, mas com equipe de administra\u00e7\u00e3o, que far\u00e1 essa parte de apoio, para que, quando as equipes da transi\u00e7\u00e3o, das \u00e1reas tem\u00e1ticas chegarem, esteja tudo pronto\u201d, disse Gleisi.<\/p>\n<p>Ele falou ainda sobre a proposta de emenda \u00e0 Constitui\u00e7\u00e3o (PEC) que deve ser constru\u00edda pelo governo eleito para acomodar, no or\u00e7amento do ano que vem, os projetos do governo Lula. A medida permitiria gastos acima do teto.<\/p>\n<p>\u201cTemos que ver todas as possibilidades para viabilizar aquilo que foi contratado nas urnas. N\u00e3o podemos entrar [em] 2023 sem o aux\u00edlio emergencial [Aux\u00edlio Brasil de R$ 600], sem o aumento real [acima da infla\u00e7\u00e3o] do <a class=\"suno-keyword\" href=\"https:\/\/www.suno.com.br\/artigos\/salario-minimo\/\" target=\"_blank\" rel=\"noopener\" data-force=\"no\" data-priority=\"3\">sal\u00e1rio m\u00ednimo<\/a>. S\u00e3o coisas que foram contratadas com o povo brasileiro e tenho certeza [de] que o Congresso tem essa sensibilidade, o Tribunal de Contas [da Uni\u00e3o] tamb\u00e9m\u201d, disse.<\/p>\n<p>Segundo Gleisi, a \u00e1rea t\u00e9cnica do governo eleito, com Alckmin \u00e0 frente, est\u00e1 negociando com os parlamentares da Comiss\u00e3o Mista do Or\u00e7amento e, na segunda-feira (7), devem come\u00e7ar a sair as defini\u00e7\u00f5es sobre a pauta e pontos de campanha que podem entrar no texto.<\/p>\n\t<p>\n\t\t<a href=\"https:\/\/lp.suno.com.br\/ebook-investindo-em-fiis\/\" target=\"_blank\" data-element=\"shortcode-suno-banner\" title=\"Banner SUNO, clique e saiba mais\">\n\t\t\t<picture>\n\t\t\t\t<source media=\"(max-width: 500px)\" srcset=\"https:\/\/files.sunoresearch.com.br\/n\/uploads\/2023\/03\/Ebook-Fundos-Imobiliarios-Mobile-1.jpg\">\n\t\t\t\t<img class=\"newsContent__article__imgCapa newsContent__article__imgCapa--banner\"\n\t\t\t\t\tsrc=\"https:\/\/files.sunoresearch.com.br\/n\/uploads\/2023\/03\/Ebook-Fundos-Imobiliarios-Desktop-1.jpg\"\n\t\t\t\t\tdata-promo-id=\"313843\"\t\t\t\t\t\t\t\t\t\twidth='1420' height='286'\t\t\t\t\talt=\"https:\/\/files.sunoresearch.com.br\/n\/uploads\/2023\/03\/Ebook-Fundos-Imobiliarios-Desktop-1.jpg\"\n\t\t\t\t>\n\t\t\t<\/picture>\n\t\t<\/a>\n\t<\/p>\n\n\n","protected":false},"excerpt":{"rendered":"<p>O vice-presidente eleito Geraldo Alckmin (PSB), escalado pelo presidente Lula para coordenar o processo de transi\u00e7\u00e3o para o novo governo, foi cogitado para assumir a pasta da Ind\u00fastria, Com\u00e9rcio e Servi\u00e7o, de acordo com informa\u00e7\u00f5es do jornal Folha de S. Paulo. O setor precisar\u00e1 ser recriado, cumprindo uma demanda dos empres\u00e1rios, ap\u00f3s ser extinto pelo [&hellip;]<\/p>\n","protected":false},"author":227,"featured_media":315243,"comment_status":"closed","ping_status":"closed","sticky":false,"template":"","format":"standard","meta":[],"categories":[61],"tags":[713,709,1128],"suno_strategy":[],"class_list":["post-315692","post","type-post","status-publish","format-standard","has-post-thumbnail","hentry","category-politica","tag-geraldo-alckmin","tag-lula","tag-orcamento-publico"],"yoast_head":"<!-- This site is optimized with the Yoast SEO plugin v24.4 - https:\/\/yoast.com\/wordpress\/plugins\/seo\/ -->\n<title>Alckmin pode ter minist\u00e9rio recriado para demanda de empres\u00e1rios<\/title>\n<meta name=\"description\" content=\"O vice-presidente eleito Geraldo Alckmin (PSB) foi cogitado para assumir a pasta da Ind\u00fastria, Com\u00e9rcio e Servi\u00e7o. Saiba mais aqui\" \/>\n<meta name=\"robots\" content=\"index, follow, max-snippet:-1, max-image-preview:large, max-video-preview:-1\" \/>\n<link rel=\"canonical\" href=\"https:\/\/www.suno.com.br\/noticias\/geraldo-alckmin-assumira-ministerio-recriado-empresarios\/\" \/>\n<meta property=\"og:locale\" content=\"pt_BR\" \/>\n<meta property=\"og:type\" content=\"article\" \/>\n<meta property=\"og:title\" content=\"Alckmin pode ter minist\u00e9rio recriado para demanda de empres\u00e1rios\" \/>\n<meta property=\"og:description\" content=\"O vice-presidente eleito Geraldo Alckmin (PSB) foi cogitado para assumir a pasta da Ind\u00fastria, Com\u00e9rcio e Servi\u00e7o. Saiba mais aqui\" \/>\n<meta property=\"og:url\" content=\"https:\/\/www.suno.com.br\/noticias\/geraldo-alckmin-assumira-ministerio-recriado-empresarios\/\" \/>\n<meta property=\"og:site_name\" content=\"Suno Not\u00edcias\" \/>\n<meta property=\"article:publisher\" content=\"https:\/\/facebook.com\/sunoresearch\" \/>\n<meta property=\"og:image\" content=\"https:\/\/files.sunoresearch.com.br\/n\/uploads\/2022\/11\/Geraldo-Alckmin.jpg\" \/>\n\t<meta property=\"og:image:width\" content=\"1280\" \/>\n\t<meta property=\"og:image:height\" content=\"852\" \/>\n\t<meta property=\"og:image:type\" content=\"image\/jpeg\" \/>\n<meta name=\"author\" content=\"Vanessa Loiola\" \/>\n<meta name=\"twitter:card\" content=\"summary_large_image\" \/>\n<meta name=\"twitter:creator\" content=\"@sunoresearch\" \/>\n<meta name=\"twitter:site\" content=\"@sunoresearch\" \/>\n<meta name=\"twitter:label1\" content=\"Escrito por\" \/>\n\t<meta name=\"twitter:data1\" content=\"Vanessa Loiola\" \/>\n\t<meta name=\"twitter:label2\" content=\"Est. tempo de leitura\" \/>\n\t<meta name=\"twitter:data2\" content=\"4 minutos\" \/>\n<script type=\"application\/ld+json\" class=\"yoast-schema-graph\">{\"@context\":\"https:\/\/schema.org\",\"@graph\":[{\"@type\":\"NewsArticle\",\"@id\":\"https:\/\/www.suno.com.br\/noticias\/geraldo-alckmin-assumira-ministerio-recriado-empresarios\/#article\",\"isPartOf\":{\"@id\":\"https:\/\/www.suno.com.br\/noticias\/geraldo-alckmin-assumira-ministerio-recriado-empresarios\/\"},\"author\":{\"name\":\"Vanessa Loiola\",\"@id\":\"https:\/\/www.suno.com.br\/noticias\/#\/schema\/person\/450c455ecff319bab1f1a0e643451479\"},\"headline\":\"Geraldo Alckmin pode assumir minist\u00e9rio recriado para atender demandas de empres\u00e1rios\",\"datePublished\":\"2022-11-04T20:46:36+00:00\",\"mainEntityOfPage\":{\"@id\":\"https:\/\/www.suno.com.br\/noticias\/geraldo-alckmin-assumira-ministerio-recriado-empresarios\/\"},\"wordCount\":553,\"publisher\":{\"@id\":\"https:\/\/www.suno.com.br\/noticias\/#organization\"},\"image\":{\"@id\":\"https:\/\/www.suno.com.br\/noticias\/geraldo-alckmin-assumira-ministerio-recriado-empresarios\/#primaryimage\"},\"thumbnailUrl\":\"https:\/\/files.sunoresearch.com.br\/n\/uploads\/2022\/11\/Geraldo-Alckmin.jpg\",\"keywords\":[\"Geraldo Alckmin\",\"Lula\",\"Or\u00e7amento P\u00fablico\"],\"articleSection\":[\"Pol\u00edtica\"],\"inLanguage\":\"pt-BR\"},{\"@type\":\"WebPage\",\"@id\":\"https:\/\/www.suno.com.br\/noticias\/geraldo-alckmin-assumira-ministerio-recriado-empresarios\/\",\"url\":\"https:\/\/www.suno.com.br\/noticias\/geraldo-alckmin-assumira-ministerio-recriado-empresarios\/\",\"name\":\"Alckmin pode ter minist\u00e9rio recriado para demanda de empres\u00e1rios\",\"isPartOf\":{\"@id\":\"https:\/\/www.suno.com.br\/noticias\/#website\"},\"primaryImageOfPage\":{\"@id\":\"https:\/\/www.suno.com.br\/noticias\/geraldo-alckmin-assumira-ministerio-recriado-empresarios\/#primaryimage\"},\"image\":{\"@id\":\"https:\/\/www.suno.com.br\/noticias\/geraldo-alckmin-assumira-ministerio-recriado-empresarios\/#primaryimage\"},\"thumbnailUrl\":\"https:\/\/files.sunoresearch.com.br\/n\/uploads\/2022\/11\/Geraldo-Alckmin.jpg\",\"datePublished\":\"2022-11-04T20:46:36+00:00\",\"description\":\"O vice-presidente eleito Geraldo Alckmin (PSB) foi cogitado para assumir a pasta da Ind\u00fastria, Com\u00e9rcio e Servi\u00e7o. Saiba mais aqui\",\"breadcrumb\":{\"@id\":\"https:\/\/www.suno.com.br\/noticias\/geraldo-alckmin-assumira-ministerio-recriado-empresarios\/#breadcrumb\"},\"inLanguage\":\"pt-BR\",\"potentialAction\":[{\"@type\":\"ReadAction\",\"target\":[\"https:\/\/www.suno.com.br\/noticias\/geraldo-alckmin-assumira-ministerio-recriado-empresarios\/\"]}]},{\"@type\":\"ImageObject\",\"inLanguage\":\"pt-BR\",\"@id\":\"https:\/\/www.suno.com.br\/noticias\/geraldo-alckmin-assumira-ministerio-recriado-empresarios\/#primaryimage\",\"url\":\"https:\/\/files.sunoresearch.com.br\/n\/uploads\/2022\/11\/Geraldo-Alckmin.jpg\",\"contentUrl\":\"https:\/\/files.sunoresearch.com.br\/n\/uploads\/2022\/11\/Geraldo-Alckmin.jpg\",\"width\":1280,\"height\":852,\"caption\":\"Geraldo Alckmin discute PEC da Transi\u00e7\u00e3o. Foto Rovena Rosa\/Ag\u00eancia Brasil\"},{\"@type\":\"BreadcrumbList\",\"@id\":\"https:\/\/www.suno.com.br\/noticias\/geraldo-alckmin-assumira-ministerio-recriado-empresarios\/#breadcrumb\",\"itemListElement\":[{\"@type\":\"ListItem\",\"position\":1,\"name\":\"Not\u00edcias\",\"item\":\"https:\/\/www.suno.com.br\/noticias\/\"},{\"@type\":\"ListItem\",\"position\":2,\"name\":\"Pol\u00edtica\",\"item\":\"https:\/\/www.suno.com.br\/noticias\/politica\/\"},{\"@type\":\"ListItem\",\"position\":3,\"name\":\"Geraldo Alckmin pode assumir minist\u00e9rio recriado para atender demandas de empres\u00e1rios\"}]},{\"@type\":\"WebSite\",\"@id\":\"https:\/\/www.suno.com.br\/noticias\/#website\",\"url\":\"https:\/\/www.suno.com.br\/noticias\/\",\"name\":\"Suno Not\u00edcias\",\"description\":\"Seu portal de informa\u00e7\u00e3o sobre o mundo dos investimentos\",\"publisher\":{\"@id\":\"https:\/\/www.suno.com.br\/noticias\/#organization\"},\"potentialAction\":[{\"@type\":\"SearchAction\",\"target\":{\"@type\":\"EntryPoint\",\"urlTemplate\":\"https:\/\/www.suno.com.br\/noticias\/?s={search_term_string}\"},\"query-input\":{\"@type\":\"PropertyValueSpecification\",\"valueRequired\":true,\"valueName\":\"search_term_string\"}}],\"inLanguage\":\"pt-BR\"},{\"@type\":\"Organization\",\"@id\":\"https:\/\/www.suno.com.br\/noticias\/#organization\",\"name\":\"Suno Not\u00edcias\",\"url\":\"https:\/\/www.suno.com.br\/noticias\/\",\"logo\":{\"@type\":\"ImageObject\",\"inLanguage\":\"pt-BR\",\"@id\":\"https:\/\/www.suno.com.br\/noticias\/#\/schema\/logo\/image\/\",\"url\":\"https:\/\/files.sunoresearch.com.br\/n\/uploads\/2021\/09\/suno-logo.png\",\"contentUrl\":\"https:\/\/files.sunoresearch.com.br\/n\/uploads\/2021\/09\/suno-logo.png\",\"width\":180,\"height\":180,\"caption\":\"Suno Not\u00edcias\"},\"image\":{\"@id\":\"https:\/\/www.suno.com.br\/noticias\/#\/schema\/logo\/image\/\"},\"sameAs\":[\"https:\/\/facebook.com\/sunoresearch\",\"https:\/\/x.com\/sunoresearch\",\"https:\/\/www.instagram.com\/suno\",\"https:\/\/www.linkedin.com\/company\/suno-research\/\",\"https:\/\/www.youtube.com\/c\/sunoresearch\"]},{\"@type\":\"Person\",\"@id\":\"https:\/\/www.suno.com.br\/noticias\/#\/schema\/person\/450c455ecff319bab1f1a0e643451479\",\"name\":\"Vanessa Loiola\",\"image\":{\"@type\":\"ImageObject\",\"inLanguage\":\"pt-BR\",\"@id\":\"https:\/\/www.suno.com.br\/noticias\/#\/schema\/person\/image\/\",\"url\":\"https:\/\/secure.gravatar.com\/avatar\/8b41117f9780831919eb38da349c3f20?s=96&r=g\",\"contentUrl\":\"https:\/\/secure.gravatar.com\/avatar\/8b41117f9780831919eb38da349c3f20?s=96&r=g\",\"caption\":\"Vanessa Loiola\"},\"description\":\"Jornalista formada pela PUC-SP, com experi\u00eancia na cobertura das editorias de economia, finan\u00e7as, bolsa de valores, pol\u00edtica, energia solar e entretenimento. Com passagem pela BM&amp;C News e RedeTV!\",\"url\":\"https:\/\/www.suno.com.br\/noticias\/author\/vanessal-loiolagmail-com\/\"}]}<\/script>\n<!-- \/ Yoast SEO plugin. -->","yoast_head_json":{"title":"Alckmin pode ter minist\u00e9rio recriado para demanda de empres\u00e1rios","description":"O vice-presidente eleito Geraldo Alckmin (PSB) foi cogitado para assumir a pasta da Ind\u00fastria, Com\u00e9rcio e Servi\u00e7o. Saiba mais aqui","robots":{"index":"index","follow":"follow","max-snippet":"max-snippet:-1","max-image-preview":"max-image-preview:large","max-video-preview":"max-video-preview:-1"},"canonical":"https:\/\/www.suno.com.br\/noticias\/geraldo-alckmin-assumira-ministerio-recriado-empresarios\/","og_locale":"pt_BR","og_type":"article","og_title":"Alckmin pode ter minist\u00e9rio recriado para demanda de empres\u00e1rios","og_description":"O vice-presidente eleito Geraldo Alckmin (PSB) foi cogitado para assumir a pasta da Ind\u00fastria, Com\u00e9rcio e Servi\u00e7o. Saiba mais aqui","og_url":"https:\/\/www.suno.com.br\/noticias\/geraldo-alckmin-assumira-ministerio-recriado-empresarios\/","og_site_name":"Suno Not\u00edcias","article_publisher":"https:\/\/facebook.com\/sunoresearch","og_image":[{"width":1280,"height":852,"url":"https:\/\/files.sunoresearch.com.br\/n\/uploads\/2022\/11\/Geraldo-Alckmin.jpg","type":"image\/jpeg"}],"author":"Vanessa Loiola","twitter_card":"summary_large_image","twitter_creator":"@sunoresearch","twitter_site":"@sunoresearch","twitter_misc":{"Escrito por":"Vanessa Loiola","Est. tempo de leitura":"4 minutos"},"schema":{"@context":"https:\/\/schema.org","@graph":[{"@type":"NewsArticle","@id":"https:\/\/www.suno.com.br\/noticias\/geraldo-alckmin-assumira-ministerio-recriado-empresarios\/#article","isPartOf":{"@id":"https:\/\/www.suno.com.br\/noticias\/geraldo-alckmin-assumira-ministerio-recriado-empresarios\/"},"author":{"name":"Vanessa Loiola","@id":"https:\/\/www.suno.com.br\/noticias\/#\/schema\/person\/450c455ecff319bab1f1a0e643451479"},"headline":"Geraldo Alckmin pode assumir minist\u00e9rio recriado para atender demandas de empres\u00e1rios","datePublished":"2022-11-04T20:46:36+00:00","mainEntityOfPage":{"@id":"https:\/\/www.suno.com.br\/noticias\/geraldo-alckmin-assumira-ministerio-recriado-empresarios\/"},"wordCount":553,"publisher":{"@id":"https:\/\/www.suno.com.br\/noticias\/#organization"},"image":{"@id":"https:\/\/www.suno.com.br\/noticias\/geraldo-alckmin-assumira-ministerio-recriado-empresarios\/#primaryimage"},"thumbnailUrl":"https:\/\/files.sunoresearch.com.br\/n\/uploads\/2022\/11\/Geraldo-Alckmin.jpg","keywords":["Geraldo Alckmin","Lula","Or\u00e7amento P\u00fablico"],"articleSection":["Pol\u00edtica"],"inLanguage":"pt-BR"},{"@type":"WebPage","@id":"https:\/\/www.suno.com.br\/noticias\/geraldo-alckmin-assumira-ministerio-recriado-empresarios\/","url":"https:\/\/www.suno.com.br\/noticias\/geraldo-alckmin-assumira-ministerio-recriado-empresarios\/","name":"Alckmin pode ter minist\u00e9rio recriado para demanda de empres\u00e1rios","isPartOf":{"@id":"https:\/\/www.suno.com.br\/noticias\/#website"},"primaryImageOfPage":{"@id":"https:\/\/www.suno.com.br\/noticias\/geraldo-alckmin-assumira-ministerio-recriado-empresarios\/#primaryimage"},"image":{"@id":"https:\/\/www.suno.com.br\/noticias\/geraldo-alckmin-assumira-ministerio-recriado-empresarios\/#primaryimage"},"thumbnailUrl":"https:\/\/files.sunoresearch.com.br\/n\/uploads\/2022\/11\/Geraldo-Alckmin.jpg","datePublished":"2022-11-04T20:46:36+00:00","description":"O vice-presidente eleito Geraldo Alckmin (PSB) foi cogitado para assumir a pasta da Ind\u00fastria, Com\u00e9rcio e Servi\u00e7o. Saiba mais aqui","breadcrumb":{"@id":"https:\/\/www.suno.com.br\/noticias\/geraldo-alckmin-assumira-ministerio-recriado-empresarios\/#breadcrumb"},"inLanguage":"pt-BR","potentialAction":[{"@type":"ReadAction","target":["https:\/\/www.suno.com.br\/noticias\/geraldo-alckmin-assumira-ministerio-recriado-empresarios\/"]}]},{"@type":"ImageObject","inLanguage":"pt-BR","@id":"https:\/\/www.suno.com.br\/noticias\/geraldo-alckmin-assumira-ministerio-recriado-empresarios\/#primaryimage","url":"https:\/\/files.sunoresearch.com.br\/n\/uploads\/2022\/11\/Geraldo-Alckmin.jpg","contentUrl":"https:\/\/files.sunoresearch.com.br\/n\/uploads\/2022\/11\/Geraldo-Alckmin.jpg","width":1280,"height":852,"caption":"Geraldo Alckmin discute PEC da Transi\u00e7\u00e3o. Foto Rovena Rosa\/Ag\u00eancia Brasil"},{"@type":"BreadcrumbList","@id":"https:\/\/www.suno.com.br\/noticias\/geraldo-alckmin-assumira-ministerio-recriado-empresarios\/#breadcrumb","itemListElement":[{"@type":"ListItem","position":1,"name":"Not\u00edcias","item":"https:\/\/www.suno.com.br\/noticias\/"},{"@type":"ListItem","position":2,"name":"Pol\u00edtica","item":"https:\/\/www.suno.com.br\/noticias\/politica\/"},{"@type":"ListItem","position":3,"name":"Geraldo Alckmin pode assumir minist\u00e9rio recriado para atender demandas de empres\u00e1rios"}]},{"@type":"WebSite","@id":"https:\/\/www.suno.com.br\/noticias\/#website","url":"https:\/\/www.suno.com.br\/noticias\/","name":"Suno Not\u00edcias","description":"Seu portal de informa\u00e7\u00e3o sobre o mundo dos investimentos","publisher":{"@id":"https:\/\/www.suno.com.br\/noticias\/#organization"},"potentialAction":[{"@type":"SearchAction","target":{"@type":"EntryPoint","urlTemplate":"https:\/\/www.suno.com.br\/noticias\/?s={search_term_string}"},"query-input":{"@type":"PropertyValueSpecification","valueRequired":true,"valueName":"search_term_string"}}],"inLanguage":"pt-BR"},{"@type":"Organization","@id":"https:\/\/www.suno.com.br\/noticias\/#organization","name":"Suno Not\u00edcias","url":"https:\/\/www.suno.com.br\/noticias\/","logo":{"@type":"ImageObject","inLanguage":"pt-BR","@id":"https:\/\/www.suno.com.br\/noticias\/#\/schema\/logo\/image\/","url":"https:\/\/files.sunoresearch.com.br\/n\/uploads\/2021\/09\/suno-logo.png","contentUrl":"https:\/\/files.sunoresearch.com.br\/n\/uploads\/2021\/09\/suno-logo.png","width":180,"height":180,"caption":"Suno Not\u00edcias"},"image":{"@id":"https:\/\/www.suno.com.br\/noticias\/#\/schema\/logo\/image\/"},"sameAs":["https:\/\/facebook.com\/sunoresearch","https:\/\/x.com\/sunoresearch","https:\/\/www.instagram.com\/suno","https:\/\/www.linkedin.com\/company\/suno-research\/","https:\/\/www.youtube.com\/c\/sunoresearch"]},{"@type":"Person","@id":"https:\/\/www.suno.com.br\/noticias\/#\/schema\/person\/450c455ecff319bab1f1a0e643451479","name":"Vanessa Loiola","image":{"@type":"ImageObject","inLanguage":"pt-BR","@id":"https:\/\/www.suno.com.br\/noticias\/#\/schema\/person\/image\/","url":"https:\/\/secure.gravatar.com\/avatar\/8b41117f9780831919eb38da349c3f20?s=96&r=g","contentUrl":"https:\/\/secure.gravatar.com\/avatar\/8b41117f9780831919eb38da349c3f20?s=96&r=g","caption":"Vanessa Loiola"},"description":"Jornalista formada pela PUC-SP, com experi\u00eancia na cobertura das editorias de economia, finan\u00e7as, bolsa de valores, pol\u00edtica, energia solar e entretenimento. Com passagem pela BM&amp;C News e RedeTV!","url":"https:\/\/www.suno.com.br\/noticias\/author\/vanessal-loiolagmail-com\/"}]}},"default_loop_html":"<div class=\"cardsPage__listCard__boxs\"><div class=\"cardsPage__listCard__boxs__img\"><a href=\"https:\/\/www.suno.com.br\/noticias\/geraldo-alckmin-assumira-ministerio-recriado-empresarios\/\"><img class=\"mask\" src=\"https:\/\/www.suno.com.br\/noticias\/wp-content\/themes\/suno\/resources\/images\/spotlight\/spotlight1img\/bg-mask.png\" alt=\"Image Mask\"\/><img src=\"https:\/\/files.sunoresearch.com.br\/n\/uploads\/2022\/11\/Geraldo-Alckmin-400x200.jpg\" alt=\"Geraldo Alckmin pode assumir minist\u00e9rio recriado para atender demandas de empres\u00e1rios\"\/><\/a><span class=\"spotlightCategory\"><a href=\"https:\/\/www.suno.com.br\/noticias\/politica\/\">Pol\u00edtica<\/a><\/span><\/div><div class=\"cardsPage__listCard__boxs__content\"><a href=\"https:\/\/www.suno.com.br\/noticias\/geraldo-alckmin-assumira-ministerio-recriado-empresarios\/\"><h2 class=\"content__title\">Geraldo Alckmin pode assumir minist\u00e9rio recriado para atender demandas de empres\u00e1rios<\/h2><\/a><div class=\"newsContent__article__meta\"><div class=\"newsContent__article__meta__authorBox\"><a href=\"https:\/\/www.suno.com.br\/noticias\/author\/vanessal-loiolagmail-com\/\" class=\"authorBox__avatar noMobi\"><img src=\"https:\/\/secure.gravatar.com\/avatar\/8b41117f9780831919eb38da349c3f20?s=96&#038;r=g\" alt=\"Vanessa Loiola\"><\/a><div class=\"authorBox__name\"><span>por\n\t\t\t<a href=\"https:\/\/www.suno.com.br\/noticias\/author\/vanessal-loiolagmail-com\/\"><span itemprop=\"author\">Vanessa Loiola<\/span><\/a><\/span><time datetime=\"2022-11-04T17:46:36-03:00\" itemprop=\"datePublished\">04\/11\/2022 17:46<\/time><\/div><\/div><\/div><\/div><\/div>","single_layout":"posts","amp_enabled":true,"_links":{"self":[{"href":"https:\/\/www.suno.com.br\/noticias\/wp-json\/wp\/v2\/posts\/315692"}],"collection":[{"href":"https:\/\/www.suno.com.br\/noticias\/wp-json\/wp\/v2\/posts"}],"about":[{"href":"https:\/\/www.suno.com.br\/noticias\/wp-json\/wp\/v2\/types\/post"}],"author":[{"embeddable":true,"href":"https:\/\/www.suno.com.br\/noticias\/wp-json\/wp\/v2\/users\/227"}],"replies":[{"embeddable":true,"href":"https:\/\/www.suno.com.br\/noticias\/wp-json\/wp\/v2\/comments?post=315692"}],"version-history":[{"count":3,"href":"https:\/\/www.suno.com.br\/noticias\/wp-json\/wp\/v2\/posts\/315692\/revisions"}],"predecessor-version":[{"id":315773,"href":"https:\/\/www.suno.com.br\/noticias\/wp-json\/wp\/v2\/posts\/315692\/revisions\/315773"}],"wp:featuredmedia":[{"embeddable":true,"href":"https:\/\/www.suno.com.br\/noticias\/wp-json\/wp\/v2\/media\/315243"}],"wp:attachment":[{"href":"https:\/\/www.suno.com.br\/noticias\/wp-json\/wp\/v2\/media?parent=315692"}],"wp:term":[{"taxonomy":"category","embeddable":true,"href":"https:\/\/www.suno.com.br\/noticias\/wp-json\/wp\/v2\/categories?post=315692"},{"taxonomy":"post_tag","embeddable":true,"href":"https:\/\/www.suno.com.br\/noticias\/wp-json\/wp\/v2\/tags?post=315692"},{"taxonomy":"suno_strategy","embeddable":true,"href":"https:\/\/www.suno.com.br\/noticias\/wp-json\/wp\/v2\/suno_strategy?post=315692"}],"curies":[{"name":"wp","href":"https:\/\/api.w.org\/{rel}","templated":true}]}}