{"id":31567,"date":"2019-07-19T18:29:55","date_gmt":"2019-07-19T21:29:55","guid":{"rendered":"https:\/\/www.suno.com.br\/noticias\/?p=31567"},"modified":"2019-07-19T18:43:18","modified_gmt":"2019-07-19T21:43:18","slug":"greve-caminhoneiros-nao-havera-bolsonaro","status":"publish","type":"post","link":"https:\/\/www.suno.com.br\/noticias\/greve-caminhoneiros-nao-havera-bolsonaro\/","title":{"rendered":"Greve dos caminhoneiros: n\u00e3o haver\u00e1 nova paralisa\u00e7\u00e3o, diz Bolsonaro"},"content":{"rendered":"<p>O presidente <strong>Jair Bolsonaro<\/strong> disse nesta sexta-feira (19) que n\u00e3o acredita que uma nova <a href=\"https:\/\/www.suno.com.br\/artigos\/o-que-penso-sobre-a-greve-dos-caminhoneiros\/\">paralisa\u00e7\u00e3o dos caminhoneiros<\/a> deve ocorrer. A declara\u00e7\u00e3o ocorreu\u00a0ap\u00f3s representantes dos caminhoneiros amea\u00e7arem uma nova greve.<\/p>\t<div class=\"wrapper-featured-image\">\n\t\t<figure class=\"spotlightImg\">\n\n\t\t\t<picture>\n\t\t\t\t<source media=\"(max-width: 768px)\" srcset=\"https:\/\/files.sunoresearch.com.br\/n\/uploads\/2019\/04\/2bcc7e65-bolsonaro-janta-hoje-com-embaixadores-400x200.webp\">\n\t\t\t\t<img loading=\"lazy\" decoding=\"async\" class=\"newsContent__article__imgCapa lazyloadDisabled newsContent__article__imgCapa--noCaption\" src=\"https:\/\/files.sunoresearch.com.br\/n\/uploads\/2019\/04\/2bcc7e65-bolsonaro-janta-hoje-com-embaixadores-jpg.webp\" width=\"800\" height=\"450\" alt=\"Greve dos caminhoneiros: n\u00e3o haver\u00e1 nova paralisa\u00e7\u00e3o, diz Bolsonaro\" fetchpriority=high \/>\n\t\t\t<\/picture>\n\n\t\t\t<figcaption class=\"wp-caption-text wp-caption-text--hide\">Privatiza\u00e7\u00e3o come\u00e7ar\u00e1 pelos Correios, diz Bolsonaro<\/figcaption>\n\t\t<\/figure>\n\t<\/div>\n\n\n<p>Segundo Bolsonaro, uma nova <strong>greve dos caminhoneiros<\/strong> geraria grandes impactos para a <strong>economia nacional<\/strong>. Por isso, o presidente afirmou estar disposto a continuar conversando com o setor.<\/p>\n<p>&#8220;\u00c9 um direito de todo mundo fazer greve no Brasil, logicamente algumas classes como a minha, das For\u00e7as Armadas, n\u00e3o t\u00eam direito. Os caminhoneiros s\u00e3o classe important\u00edssima para o Brasil. Acredito que caminhoneiros n\u00e3o fa\u00e7am paralisa\u00e7\u00e3o porque isso atrapalha muito a economia&#8221;, explicou o presidente.<\/p>\n\t<p>\n\t\t<a href=\"https:\/\/lp.suno.com.br\/ao\/cadastro-whatsapp\/\" target=\"_blank\" data-element=\"shortcode-suno-banner\" title=\"Banner SUNO, clique e saiba mais\">\n\t\t\t<picture>\n\t\t\t\t<source media=\"(max-width: 500px)\" srcset=\"https:\/\/files.sunoresearch.com.br\/n\/uploads\/2024\/02\/400x300-Mobile-Artigos-7.png\">\n\t\t\t\t<img class=\"newsContent__article__imgCapa newsContent__article__imgCapa--banner\"\n\t\t\t\t\tsrc=\"https:\/\/files.sunoresearch.com.br\/n\/uploads\/2024\/01\/1420x240-Banner-Artigos-1-_-Banner-Materias-8.png\"\n\t\t\t\t\tdata-promo-id=\"517344\"\t\t\t\t\t\t\t\t\t\twidth='1420' height='240'\t\t\t\t\talt=\"https:\/\/files.sunoresearch.com.br\/n\/uploads\/2024\/01\/1420x240-Banner-Artigos-1-_-Banner-Materias-8.png\"\n\t\t\t\t>\n\t\t\t<\/picture>\n\t\t<\/a>\n\t<\/p>\n\n\n<p>O mandat\u00e1rio ressaltou que compreende as dificuldades enfrentadas pela categoria. Contudo, disse que o Brasil \u00e9 um pa\u00eds livre e democr\u00e1tico que segue o <strong>livre mercado<\/strong> e a lei da oferta e da procura.<\/p>\n<h2>Medidas para ajudar o setor<\/h2>\n<p>Os aumentos da validade da carteira de motorista e da pontua\u00e7\u00e3o por infra\u00e7\u00f5es foram mencionados pelo presidente como algumas das medidas para atender aos interesses dos caminhoneiros. Al\u00e9m disso, Bolsonaro afirmou confiar no Congresso para atender \u00e0s outras reivindica\u00e7\u00f5es da categoria.<\/p>\n<p><a href=\"https:\/\/www.suno.com.br\/noticias\/castello-branco-petrobras-caminhoneiros\/\">Leia tamb\u00e9m: Castello Branco: Petrobras pode fazer pouco para ajudar caminhoneiros<\/a><\/p>\n<p>&#8220;Estamos fazendo o poss\u00edvel para atender os caminhoneiros, com o que j\u00e1 foi anunciado pelo ministro Tarc\u00edsio Gomes, ministro da Infraestrutura. Eu mesmo j\u00e1 fiz alguma coisa, falta o Parlamento fazer sua parte\u201d, disse Bolsonaro.<\/p>\n<p>A concess\u00e3o de cr\u00e9dito para a compra de caminh\u00f5es foi apontada pelo atual presidente como um erro. O cr\u00e9dito foi concedido pelo <a href=\"https:\/\/www.suno.com.br\/artigos\/bndespar\/\">Banco Nacional de Desenvolvimento Econ\u00f4mico e Social (BNDES)<\/a> durante os governos do Partido dos Trabalhadores (PT) (2003-2016). Segundo Bolsonaro, a medida fez com que a frota aumentasse de forma descontrolada e o pre\u00e7o do frete fosse reduzido.<\/p>\n<h2>Nova tabela de frete<\/h2>\n<p>A nova tabela de frete divulgada na \u00faltima quinta-feira (19) reduz em 50% os pre\u00e7os m\u00ednimos, segundo o\u00a0l\u00edder caminhoneiro Wallace Landim. A informa\u00e7\u00e3o foi divulgada pelo &#8220;Valor Econ\u00f4mico&#8221;.<\/p>\n\t<p>\n\t\t<a href=\"https:\/\/lp.suno.com.br\/suno-one\/?utm_campaign=_SNC6964518A_\" target=\"_blank\" data-element=\"shortcode-suno-banner\" title=\"Banner SUNO, clique e saiba mais\">\n\t\t\t<picture>\n\t\t\t\t<source media=\"(max-width: 500px)\" srcset=\"https:\/\/files.sunoresearch.com.br\/n\/uploads\/2025\/09\/400x300-Suno-One-png.webp\">\n\t\t\t\t<img class=\"newsContent__article__imgCapa newsContent__article__imgCapa--banner\"\n\t\t\t\t\tsrc=\"https:\/\/files.sunoresearch.com.br\/n\/uploads\/2025\/09\/1420x240-Suno-One-png.webp\"\n\t\t\t\t\tdata-promo-id=\"383121\"\t\t\t\t\t\t\t\t\t\twidth='1420' height='240'\t\t\t\t\talt=\"https:\/\/files.sunoresearch.com.br\/n\/uploads\/2025\/09\/1420x240-Suno-One-png.webp\"\n\t\t\t\t>\n\t\t\t<\/picture>\n\t\t<\/a>\n\t<\/p>\n\n\n<p>Landim afirmou que o ministro de Infraestrutura, Tarc\u00edsio Gomes de Freitas, prometeu uma adequa\u00e7\u00e3o na taxa aos caminhoneiros.\u00a0\u201cChamaremos a categoria na semana que vem. Vou chamar os embarcadores tamb\u00e9m. Vamos ver o que faremos\u201d, afirmou o ministro.<\/p>\n<p>As tabelas de frete atuais foram feitas para terminar com a <strong>greve dos caminhoneiros<\/strong> que ocorreu em maio de 2018. Portanto,\u00a0as novas taxas foram elaboradas\u00a0de forma mais cautelosa para que se adequem \u00e0s categorias.<\/p>\n","protected":false},"excerpt":{"rendered":"<p>O presidente Jair Bolsonaro disse nesta sexta-feira (19) que n\u00e3o acredita que uma nova paralisa\u00e7\u00e3o dos caminhoneiros deve ocorrer. A declara\u00e7\u00e3o ocorreu\u00a0ap\u00f3s representantes dos caminhoneiros amea\u00e7arem uma nova greve. Privatiza\u00e7\u00e3o come\u00e7ar\u00e1 pelos Correios, diz Bolsonaro Segundo Bolsonaro, uma nova greve dos caminhoneiros geraria grandes impactos para a economia nacional. Por isso, o presidente afirmou estar [&hellip;]<\/p>\n","protected":false},"author":18,"featured_media":20482,"comment_status":"closed","ping_status":"closed","sticky":false,"template":"","format":"standard","meta":[],"categories":[61],"tags":[719],"suno_strategy":[],"class_list":["post-31567","post","type-post","status-publish","format-standard","has-post-thumbnail","hentry","category-politica","tag-jair-bolsonaro"],"yoast_head":"<!-- This site is optimized with the Yoast SEO plugin v24.4 - https:\/\/yoast.com\/wordpress\/plugins\/seo\/ -->\n<title>Greve dos caminhoneiros: n\u00e3o haver\u00e1 nova paralisa\u00e7\u00e3o, diz Bolsonaro<\/title>\n<meta name=\"description\" content=\"O presidente Jair Bolsonaro disse que n\u00e3o acredita que uma nova paralisa\u00e7\u00e3o dos caminhoneiros deve ocorrer. Clique para saber mais.\" \/>\n<meta name=\"robots\" content=\"index, follow, max-snippet:-1, max-image-preview:large, max-video-preview:-1\" \/>\n<link rel=\"canonical\" href=\"https:\/\/www.suno.com.br\/noticias\/greve-caminhoneiros-nao-havera-bolsonaro\/\" \/>\n<meta property=\"og:locale\" content=\"pt_BR\" \/>\n<meta property=\"og:type\" content=\"article\" \/>\n<meta property=\"og:title\" content=\"Greve dos caminhoneiros: n\u00e3o haver\u00e1 nova paralisa\u00e7\u00e3o, diz Bolsonaro\" \/>\n<meta property=\"og:description\" content=\"O presidente Jair Bolsonaro disse que n\u00e3o acredita que uma nova paralisa\u00e7\u00e3o dos caminhoneiros deve ocorrer. Clique para saber mais.\" \/>\n<meta property=\"og:url\" content=\"https:\/\/www.suno.com.br\/noticias\/greve-caminhoneiros-nao-havera-bolsonaro\/\" \/>\n<meta property=\"og:site_name\" content=\"Suno Not\u00edcias\" \/>\n<meta property=\"article:publisher\" content=\"https:\/\/facebook.com\/sunoresearch\" \/>\n<meta property=\"og:image\" content=\"https:\/\/files.sunoresearch.com.br\/n\/uploads\/2019\/04\/2bcc7e65-bolsonaro-janta-hoje-com-embaixadores.jpg\" \/>\n\t<meta property=\"og:image:width\" content=\"754\" \/>\n\t<meta property=\"og:image:height\" content=\"503\" \/>\n\t<meta property=\"og:image:type\" content=\"image\/jpeg\" \/>\n<meta name=\"author\" content=\"Giovanna Oliveira\" \/>\n<meta name=\"twitter:card\" content=\"summary_large_image\" \/>\n<meta name=\"twitter:creator\" content=\"@sunoresearch\" \/>\n<meta name=\"twitter:site\" content=\"@sunoresearch\" \/>\n<meta name=\"twitter:label1\" content=\"Escrito por\" \/>\n\t<meta name=\"twitter:data1\" content=\"Giovanna Oliveira\" \/>\n\t<meta name=\"twitter:label2\" content=\"Est. tempo de leitura\" \/>\n\t<meta name=\"twitter:data2\" content=\"2 minutos\" \/>\n<script type=\"application\/ld+json\" class=\"yoast-schema-graph\">{\"@context\":\"https:\/\/schema.org\",\"@graph\":[{\"@type\":\"NewsArticle\",\"@id\":\"https:\/\/www.suno.com.br\/noticias\/greve-caminhoneiros-nao-havera-bolsonaro\/#article\",\"isPartOf\":{\"@id\":\"https:\/\/www.suno.com.br\/noticias\/greve-caminhoneiros-nao-havera-bolsonaro\/\"},\"author\":{\"name\":\"Giovanna Oliveira\",\"@id\":\"https:\/\/www.suno.com.br\/noticias\/#\/schema\/person\/4e19e3d2575736e5283d58eb3199d120\"},\"headline\":\"Greve dos caminhoneiros: n\u00e3o haver\u00e1 nova paralisa\u00e7\u00e3o, diz Bolsonaro\",\"datePublished\":\"2019-07-19T21:29:55+00:00\",\"dateModified\":\"2019-07-19T21:43:18+00:00\",\"mainEntityOfPage\":{\"@id\":\"https:\/\/www.suno.com.br\/noticias\/greve-caminhoneiros-nao-havera-bolsonaro\/\"},\"wordCount\":442,\"publisher\":{\"@id\":\"https:\/\/www.suno.com.br\/noticias\/#organization\"},\"image\":{\"@id\":\"https:\/\/www.suno.com.br\/noticias\/greve-caminhoneiros-nao-havera-bolsonaro\/#primaryimage\"},\"thumbnailUrl\":\"https:\/\/files.sunoresearch.com.br\/n\/uploads\/2019\/04\/2bcc7e65-bolsonaro-janta-hoje-com-embaixadores-jpg.webp\",\"keywords\":[\"Jair Bolsonaro\"],\"articleSection\":[\"Pol\u00edtica\"],\"inLanguage\":\"pt-BR\"},{\"@type\":\"WebPage\",\"@id\":\"https:\/\/www.suno.com.br\/noticias\/greve-caminhoneiros-nao-havera-bolsonaro\/\",\"url\":\"https:\/\/www.suno.com.br\/noticias\/greve-caminhoneiros-nao-havera-bolsonaro\/\",\"name\":\"Greve dos caminhoneiros: n\u00e3o haver\u00e1 nova paralisa\u00e7\u00e3o, diz Bolsonaro\",\"isPartOf\":{\"@id\":\"https:\/\/www.suno.com.br\/noticias\/#website\"},\"primaryImageOfPage\":{\"@id\":\"https:\/\/www.suno.com.br\/noticias\/greve-caminhoneiros-nao-havera-bolsonaro\/#primaryimage\"},\"image\":{\"@id\":\"https:\/\/www.suno.com.br\/noticias\/greve-caminhoneiros-nao-havera-bolsonaro\/#primaryimage\"},\"thumbnailUrl\":\"https:\/\/files.sunoresearch.com.br\/n\/uploads\/2019\/04\/2bcc7e65-bolsonaro-janta-hoje-com-embaixadores-jpg.webp\",\"datePublished\":\"2019-07-19T21:29:55+00:00\",\"dateModified\":\"2019-07-19T21:43:18+00:00\",\"description\":\"O presidente Jair Bolsonaro disse que n\u00e3o acredita que uma nova paralisa\u00e7\u00e3o dos caminhoneiros deve ocorrer. Clique para saber mais.\",\"breadcrumb\":{\"@id\":\"https:\/\/www.suno.com.br\/noticias\/greve-caminhoneiros-nao-havera-bolsonaro\/#breadcrumb\"},\"inLanguage\":\"pt-BR\",\"potentialAction\":[{\"@type\":\"ReadAction\",\"target\":[\"https:\/\/www.suno.com.br\/noticias\/greve-caminhoneiros-nao-havera-bolsonaro\/\"]}]},{\"@type\":\"ImageObject\",\"inLanguage\":\"pt-BR\",\"@id\":\"https:\/\/www.suno.com.br\/noticias\/greve-caminhoneiros-nao-havera-bolsonaro\/#primaryimage\",\"url\":\"https:\/\/files.sunoresearch.com.br\/n\/uploads\/2019\/04\/2bcc7e65-bolsonaro-janta-hoje-com-embaixadores-jpg.webp\",\"contentUrl\":\"https:\/\/files.sunoresearch.com.br\/n\/uploads\/2019\/04\/2bcc7e65-bolsonaro-janta-hoje-com-embaixadores-jpg.webp\",\"width\":754,\"height\":503,\"caption\":\"Privatiza\u00e7\u00e3o come\u00e7ar\u00e1 pelos Correios, diz Bolsonaro\"},{\"@type\":\"BreadcrumbList\",\"@id\":\"https:\/\/www.suno.com.br\/noticias\/greve-caminhoneiros-nao-havera-bolsonaro\/#breadcrumb\",\"itemListElement\":[{\"@type\":\"ListItem\",\"position\":1,\"name\":\"Not\u00edcias\",\"item\":\"https:\/\/www.suno.com.br\/noticias\/\"},{\"@type\":\"ListItem\",\"position\":2,\"name\":\"Pol\u00edtica\",\"item\":\"https:\/\/www.suno.com.br\/noticias\/politica\/\"},{\"@type\":\"ListItem\",\"position\":3,\"name\":\"Greve dos caminhoneiros: n\u00e3o haver\u00e1 nova paralisa\u00e7\u00e3o, diz Bolsonaro\"}]},{\"@type\":\"WebSite\",\"@id\":\"https:\/\/www.suno.com.br\/noticias\/#website\",\"url\":\"https:\/\/www.suno.com.br\/noticias\/\",\"name\":\"Suno Not\u00edcias\",\"description\":\"Seu portal de informa\u00e7\u00e3o sobre o mundo dos investimentos\",\"publisher\":{\"@id\":\"https:\/\/www.suno.com.br\/noticias\/#organization\"},\"potentialAction\":[{\"@type\":\"SearchAction\",\"target\":{\"@type\":\"EntryPoint\",\"urlTemplate\":\"https:\/\/www.suno.com.br\/noticias\/?s={search_term_string}\"},\"query-input\":{\"@type\":\"PropertyValueSpecification\",\"valueRequired\":true,\"valueName\":\"search_term_string\"}}],\"inLanguage\":\"pt-BR\"},{\"@type\":\"Organization\",\"@id\":\"https:\/\/www.suno.com.br\/noticias\/#organization\",\"name\":\"Suno Not\u00edcias\",\"url\":\"https:\/\/www.suno.com.br\/noticias\/\",\"logo\":{\"@type\":\"ImageObject\",\"inLanguage\":\"pt-BR\",\"@id\":\"https:\/\/www.suno.com.br\/noticias\/#\/schema\/logo\/image\/\",\"url\":\"https:\/\/files.sunoresearch.com.br\/n\/uploads\/2021\/09\/suno-logo.png\",\"contentUrl\":\"https:\/\/files.sunoresearch.com.br\/n\/uploads\/2021\/09\/suno-logo.png\",\"width\":180,\"height\":180,\"caption\":\"Suno Not\u00edcias\"},\"image\":{\"@id\":\"https:\/\/www.suno.com.br\/noticias\/#\/schema\/logo\/image\/\"},\"sameAs\":[\"https:\/\/facebook.com\/sunoresearch\",\"https:\/\/x.com\/sunoresearch\",\"https:\/\/www.instagram.com\/suno\",\"https:\/\/www.linkedin.com\/company\/suno-research\/\",\"https:\/\/www.youtube.com\/c\/sunoresearch\"]},{\"@type\":\"Person\",\"@id\":\"https:\/\/www.suno.com.br\/noticias\/#\/schema\/person\/4e19e3d2575736e5283d58eb3199d120\",\"name\":\"Giovanna Oliveira\",\"image\":{\"@type\":\"ImageObject\",\"inLanguage\":\"pt-BR\",\"@id\":\"https:\/\/www.suno.com.br\/noticias\/#\/schema\/person\/image\/\",\"url\":\"https:\/\/secure.gravatar.com\/avatar\/9a37b3ae208962ac568992d0ffdbc2eb?s=96&r=g\",\"contentUrl\":\"https:\/\/secure.gravatar.com\/avatar\/9a37b3ae208962ac568992d0ffdbc2eb?s=96&r=g\",\"caption\":\"Giovanna Oliveira\"},\"description\":\"Giovanna Oliveira escreve sobre economia e pol\u00edtica. Foi rep\u00f3rter do portal de jornalismo da ESPM-SP e produziu conte\u00fado para a Corinthians TV. \u00c9 estudante da ESPM.\",\"url\":\"https:\/\/www.suno.com.br\/noticias\/author\/giovanna\/\"}]}<\/script>\n<!-- \/ Yoast SEO plugin. -->","yoast_head_json":{"title":"Greve dos caminhoneiros: n\u00e3o haver\u00e1 nova paralisa\u00e7\u00e3o, diz Bolsonaro","description":"O presidente Jair Bolsonaro disse que n\u00e3o acredita que uma nova paralisa\u00e7\u00e3o dos caminhoneiros deve ocorrer. Clique para saber mais.","robots":{"index":"index","follow":"follow","max-snippet":"max-snippet:-1","max-image-preview":"max-image-preview:large","max-video-preview":"max-video-preview:-1"},"canonical":"https:\/\/www.suno.com.br\/noticias\/greve-caminhoneiros-nao-havera-bolsonaro\/","og_locale":"pt_BR","og_type":"article","og_title":"Greve dos caminhoneiros: n\u00e3o haver\u00e1 nova paralisa\u00e7\u00e3o, diz Bolsonaro","og_description":"O presidente Jair Bolsonaro disse que n\u00e3o acredita que uma nova paralisa\u00e7\u00e3o dos caminhoneiros deve ocorrer. Clique para saber mais.","og_url":"https:\/\/www.suno.com.br\/noticias\/greve-caminhoneiros-nao-havera-bolsonaro\/","og_site_name":"Suno Not\u00edcias","article_publisher":"https:\/\/facebook.com\/sunoresearch","og_image":[{"width":754,"height":503,"url":"https:\/\/files.sunoresearch.com.br\/n\/uploads\/2019\/04\/2bcc7e65-bolsonaro-janta-hoje-com-embaixadores.jpg","type":"image\/jpeg"}],"author":"Giovanna Oliveira","twitter_card":"summary_large_image","twitter_creator":"@sunoresearch","twitter_site":"@sunoresearch","twitter_misc":{"Escrito por":"Giovanna Oliveira","Est. tempo de leitura":"2 minutos"},"schema":{"@context":"https:\/\/schema.org","@graph":[{"@type":"NewsArticle","@id":"https:\/\/www.suno.com.br\/noticias\/greve-caminhoneiros-nao-havera-bolsonaro\/#article","isPartOf":{"@id":"https:\/\/www.suno.com.br\/noticias\/greve-caminhoneiros-nao-havera-bolsonaro\/"},"author":{"name":"Giovanna Oliveira","@id":"https:\/\/www.suno.com.br\/noticias\/#\/schema\/person\/4e19e3d2575736e5283d58eb3199d120"},"headline":"Greve dos caminhoneiros: n\u00e3o haver\u00e1 nova paralisa\u00e7\u00e3o, diz Bolsonaro","datePublished":"2019-07-19T21:29:55+00:00","dateModified":"2019-07-19T21:43:18+00:00","mainEntityOfPage":{"@id":"https:\/\/www.suno.com.br\/noticias\/greve-caminhoneiros-nao-havera-bolsonaro\/"},"wordCount":442,"publisher":{"@id":"https:\/\/www.suno.com.br\/noticias\/#organization"},"image":{"@id":"https:\/\/www.suno.com.br\/noticias\/greve-caminhoneiros-nao-havera-bolsonaro\/#primaryimage"},"thumbnailUrl":"https:\/\/files.sunoresearch.com.br\/n\/uploads\/2019\/04\/2bcc7e65-bolsonaro-janta-hoje-com-embaixadores-jpg.webp","keywords":["Jair Bolsonaro"],"articleSection":["Pol\u00edtica"],"inLanguage":"pt-BR"},{"@type":"WebPage","@id":"https:\/\/www.suno.com.br\/noticias\/greve-caminhoneiros-nao-havera-bolsonaro\/","url":"https:\/\/www.suno.com.br\/noticias\/greve-caminhoneiros-nao-havera-bolsonaro\/","name":"Greve dos caminhoneiros: n\u00e3o haver\u00e1 nova paralisa\u00e7\u00e3o, diz Bolsonaro","isPartOf":{"@id":"https:\/\/www.suno.com.br\/noticias\/#website"},"primaryImageOfPage":{"@id":"https:\/\/www.suno.com.br\/noticias\/greve-caminhoneiros-nao-havera-bolsonaro\/#primaryimage"},"image":{"@id":"https:\/\/www.suno.com.br\/noticias\/greve-caminhoneiros-nao-havera-bolsonaro\/#primaryimage"},"thumbnailUrl":"https:\/\/files.sunoresearch.com.br\/n\/uploads\/2019\/04\/2bcc7e65-bolsonaro-janta-hoje-com-embaixadores-jpg.webp","datePublished":"2019-07-19T21:29:55+00:00","dateModified":"2019-07-19T21:43:18+00:00","description":"O presidente Jair Bolsonaro disse que n\u00e3o acredita que uma nova paralisa\u00e7\u00e3o dos caminhoneiros deve ocorrer. Clique para saber mais.","breadcrumb":{"@id":"https:\/\/www.suno.com.br\/noticias\/greve-caminhoneiros-nao-havera-bolsonaro\/#breadcrumb"},"inLanguage":"pt-BR","potentialAction":[{"@type":"ReadAction","target":["https:\/\/www.suno.com.br\/noticias\/greve-caminhoneiros-nao-havera-bolsonaro\/"]}]},{"@type":"ImageObject","inLanguage":"pt-BR","@id":"https:\/\/www.suno.com.br\/noticias\/greve-caminhoneiros-nao-havera-bolsonaro\/#primaryimage","url":"https:\/\/files.sunoresearch.com.br\/n\/uploads\/2019\/04\/2bcc7e65-bolsonaro-janta-hoje-com-embaixadores-jpg.webp","contentUrl":"https:\/\/files.sunoresearch.com.br\/n\/uploads\/2019\/04\/2bcc7e65-bolsonaro-janta-hoje-com-embaixadores-jpg.webp","width":754,"height":503,"caption":"Privatiza\u00e7\u00e3o come\u00e7ar\u00e1 pelos Correios, diz Bolsonaro"},{"@type":"BreadcrumbList","@id":"https:\/\/www.suno.com.br\/noticias\/greve-caminhoneiros-nao-havera-bolsonaro\/#breadcrumb","itemListElement":[{"@type":"ListItem","position":1,"name":"Not\u00edcias","item":"https:\/\/www.suno.com.br\/noticias\/"},{"@type":"ListItem","position":2,"name":"Pol\u00edtica","item":"https:\/\/www.suno.com.br\/noticias\/politica\/"},{"@type":"ListItem","position":3,"name":"Greve dos caminhoneiros: n\u00e3o haver\u00e1 nova paralisa\u00e7\u00e3o, diz Bolsonaro"}]},{"@type":"WebSite","@id":"https:\/\/www.suno.com.br\/noticias\/#website","url":"https:\/\/www.suno.com.br\/noticias\/","name":"Suno Not\u00edcias","description":"Seu portal de informa\u00e7\u00e3o sobre o mundo dos investimentos","publisher":{"@id":"https:\/\/www.suno.com.br\/noticias\/#organization"},"potentialAction":[{"@type":"SearchAction","target":{"@type":"EntryPoint","urlTemplate":"https:\/\/www.suno.com.br\/noticias\/?s={search_term_string}"},"query-input":{"@type":"PropertyValueSpecification","valueRequired":true,"valueName":"search_term_string"}}],"inLanguage":"pt-BR"},{"@type":"Organization","@id":"https:\/\/www.suno.com.br\/noticias\/#organization","name":"Suno Not\u00edcias","url":"https:\/\/www.suno.com.br\/noticias\/","logo":{"@type":"ImageObject","inLanguage":"pt-BR","@id":"https:\/\/www.suno.com.br\/noticias\/#\/schema\/logo\/image\/","url":"https:\/\/files.sunoresearch.com.br\/n\/uploads\/2021\/09\/suno-logo.png","contentUrl":"https:\/\/files.sunoresearch.com.br\/n\/uploads\/2021\/09\/suno-logo.png","width":180,"height":180,"caption":"Suno Not\u00edcias"},"image":{"@id":"https:\/\/www.suno.com.br\/noticias\/#\/schema\/logo\/image\/"},"sameAs":["https:\/\/facebook.com\/sunoresearch","https:\/\/x.com\/sunoresearch","https:\/\/www.instagram.com\/suno","https:\/\/www.linkedin.com\/company\/suno-research\/","https:\/\/www.youtube.com\/c\/sunoresearch"]},{"@type":"Person","@id":"https:\/\/www.suno.com.br\/noticias\/#\/schema\/person\/4e19e3d2575736e5283d58eb3199d120","name":"Giovanna Oliveira","image":{"@type":"ImageObject","inLanguage":"pt-BR","@id":"https:\/\/www.suno.com.br\/noticias\/#\/schema\/person\/image\/","url":"https:\/\/secure.gravatar.com\/avatar\/9a37b3ae208962ac568992d0ffdbc2eb?s=96&r=g","contentUrl":"https:\/\/secure.gravatar.com\/avatar\/9a37b3ae208962ac568992d0ffdbc2eb?s=96&r=g","caption":"Giovanna Oliveira"},"description":"Giovanna Oliveira escreve sobre economia e pol\u00edtica. Foi rep\u00f3rter do portal de jornalismo da ESPM-SP e produziu conte\u00fado para a Corinthians TV. \u00c9 estudante da ESPM.","url":"https:\/\/www.suno.com.br\/noticias\/author\/giovanna\/"}]}},"default_loop_html":"<div class=\"cardsPage__listCard__boxs\"><div class=\"cardsPage__listCard__boxs__img\"><a href=\"https:\/\/www.suno.com.br\/noticias\/greve-caminhoneiros-nao-havera-bolsonaro\/\"><img class=\"mask\" src=\"https:\/\/www.suno.com.br\/noticias\/wp-content\/themes\/suno\/resources\/images\/spotlight\/spotlight1img\/bg-mask.png\" alt=\"Image Mask\"\/><img src=\"https:\/\/files.sunoresearch.com.br\/n\/uploads\/2019\/04\/2bcc7e65-bolsonaro-janta-hoje-com-embaixadores-400x200.webp\" alt=\"Greve dos caminhoneiros: n\u00e3o haver\u00e1 nova paralisa\u00e7\u00e3o, diz Bolsonaro\"\/><\/a><span class=\"spotlightCategory\"><a href=\"https:\/\/www.suno.com.br\/noticias\/politica\/\">Pol\u00edtica<\/a><\/span><\/div><div class=\"cardsPage__listCard__boxs__content\"><a href=\"https:\/\/www.suno.com.br\/noticias\/greve-caminhoneiros-nao-havera-bolsonaro\/\"><h2 class=\"content__title\">Greve dos caminhoneiros: n\u00e3o haver\u00e1 nova paralisa\u00e7\u00e3o, diz Bolsonaro<\/h2><\/a><div class=\"newsContent__article__meta\"><div class=\"newsContent__article__meta__authorBox\"><a href=\"https:\/\/www.suno.com.br\/noticias\/author\/giovanna\/\" class=\"authorBox__avatar noMobi\"><img src=\"https:\/\/files.sunoresearch.com.br\/n\/uploads\/2019\/06\/952a89ca-screenshot_20190608-171507-150x150.webp\" alt=\"Giovanna Oliveira\"><\/a><div class=\"authorBox__name\"><span>por\n\t\t\t<a href=\"https:\/\/www.suno.com.br\/noticias\/author\/giovanna\/\"><span itemprop=\"author\">Giovanna Oliveira<\/span><\/a><\/span><time datetime=\"2019-07-19T18:29:55-03:00\" itemprop=\"datePublished\">19\/07\/2019 18:29<\/time><\/div><\/div><\/div><\/div><\/div>","single_layout":"posts","amp_enabled":true,"_links":{"self":[{"href":"https:\/\/www.suno.com.br\/noticias\/wp-json\/wp\/v2\/posts\/31567"}],"collection":[{"href":"https:\/\/www.suno.com.br\/noticias\/wp-json\/wp\/v2\/posts"}],"about":[{"href":"https:\/\/www.suno.com.br\/noticias\/wp-json\/wp\/v2\/types\/post"}],"author":[{"embeddable":true,"href":"https:\/\/www.suno.com.br\/noticias\/wp-json\/wp\/v2\/users\/18"}],"replies":[{"embeddable":true,"href":"https:\/\/www.suno.com.br\/noticias\/wp-json\/wp\/v2\/comments?post=31567"}],"version-history":[{"count":0,"href":"https:\/\/www.suno.com.br\/noticias\/wp-json\/wp\/v2\/posts\/31567\/revisions"}],"wp:featuredmedia":[{"embeddable":true,"href":"https:\/\/www.suno.com.br\/noticias\/wp-json\/wp\/v2\/media\/20482"}],"wp:attachment":[{"href":"https:\/\/www.suno.com.br\/noticias\/wp-json\/wp\/v2\/media?parent=31567"}],"wp:term":[{"taxonomy":"category","embeddable":true,"href":"https:\/\/www.suno.com.br\/noticias\/wp-json\/wp\/v2\/categories?post=31567"},{"taxonomy":"post_tag","embeddable":true,"href":"https:\/\/www.suno.com.br\/noticias\/wp-json\/wp\/v2\/tags?post=31567"},{"taxonomy":"suno_strategy","embeddable":true,"href":"https:\/\/www.suno.com.br\/noticias\/wp-json\/wp\/v2\/suno_strategy?post=31567"}],"curies":[{"name":"wp","href":"https:\/\/api.w.org\/{rel}","templated":true}]}}