{"id":315665,"date":"2022-11-04T15:29:20","date_gmt":"2022-11-04T18:29:20","guid":{"rendered":"https:\/\/www.suno.com.br\/noticias\/?p=315665"},"modified":"2022-11-04T15:29:20","modified_gmt":"2022-11-04T18:29:20","slug":"instagram-facebook-intervencao-militar","status":"publish","type":"post","link":"https:\/\/www.suno.com.br\/noticias\/instagram-facebook-intervencao-militar\/","title":{"rendered":"Instagram e Facebook removem publica\u00e7\u00f5es com pedidos de interven\u00e7\u00e3o militar"},"content":{"rendered":"<p>A Meta (M1TA34) &#8211; empresa que controla o <strong>Instagram<\/strong> e Facebook &#8211; come\u00e7ou a remover conte\u00fados que pedem interven\u00e7\u00e3o militar no Brasil.<\/p>\t<div class=\"wrapper-featured-image\">\n\t\t<figure class=\"spotlightImg\">\n\n\t\t\t<picture>\n\t\t\t\t<source media=\"(max-width: 768px)\" srcset=\"https:\/\/files.sunoresearch.com.br\/n\/uploads\/2022\/03\/instagram-6739333_1920-400x200.jpg\">\n\t\t\t\t<img loading=\"lazy\" decoding=\"async\" class=\"newsContent__article__imgCapa lazyloadDisabled \" src=\"https:\/\/files.sunoresearch.com.br\/n\/uploads\/2022\/03\/instagram-6739333_1920-800x450.jpg\" width=\"800\" height=\"450\" alt=\"Instagram e Facebook removem publica\u00e7\u00f5es com pedidos de interven\u00e7\u00e3o militar\" fetchpriority=high \/>\n\t\t\t<\/picture>\n\n\t\t\t<figcaption class=\"wp-caption-text wp-caption-text--show\">Instagram remove publica\u00e7\u00f5es pedindo interven\u00e7\u00e3o militar Foto: Pixabay<\/figcaption>\n\t\t<\/figure>\n\t<\/div>\n\n\n\t<p>\n\t\t<a href=\"https:\/\/lp2.suno.com.br\/cl\/black-friday-2025\/?utm_campaign=_SNCDF0E4858_\" target=\"_blank\" data-element=\"shortcode-suno-banner\" title=\"Banner SUNO, clique e saiba mais\">\n\t\t\t<picture>\n\t\t\t\t<source media=\"(max-width: 500px)\" srcset=\"https:\/\/files.sunoresearch.com.br\/n\/uploads\/2025\/10\/Artigos-e-Noticias-Banner-Home-artigos-01-Mobile_-400x300-1-png.webp\">\n\t\t\t\t<img class=\"newsContent__article__imgCapa newsContent__article__imgCapa--banner\"\n\t\t\t\t\tsrc=\"https:\/\/files.sunoresearch.com.br\/n\/uploads\/2025\/10\/Artigos-e-Noticias-Banner-Home-artigos-01-Desktop_-1420x240-1-png.webp\"\n\t\t\t\t\tdata-promo-id=\"311259\"\t\t\t\t\t\t\t\t\t\twidth='1420' height='240'\t\t\t\t\talt=\"https:\/\/files.sunoresearch.com.br\/n\/uploads\/2025\/10\/Artigos-e-Noticias-Banner-Home-artigos-01-Desktop_-1420x240-1-png.webp\"\n\t\t\t\t>\n\t\t\t<\/picture>\n\t\t<\/a>\n\t<\/p>\n\n\n<p>A dona das redes sociais enfatiza que a medida n\u00e3o \u00e9 nova e faz parte de uma interpreta\u00e7\u00e3o de pol\u00edticas que j\u00e1 existem na plataforma. N\u00e3o foi informada a quantidade de publica\u00e7\u00f5es exclu\u00eddas das redes.<\/p>\n<p>&#8220;Temos acompanhado com aten\u00e7\u00e3o os acontecimentos no Brasil e as conversas sobre esses eventos nas nossas plataformas, e come\u00e7amos a remover pedidos para uma interven\u00e7\u00e3o militar no Brasil no Facebook e Instagram&#8221;, disse um porta-voz da Meta em nota.<\/p>\n<p>Desde a elei\u00e7\u00e3o no \u00faltimo domingo, 30, o Tribunal Superior Eleitoral (TSE) tamb\u00e9m tem determinado a suspens\u00e3o de diversos grupos golpistas no Telegram.<\/p>\n<p>A plataforma, que permite at\u00e9 200 mil participantes o grupo, foi um dos principais meios para a organiza\u00e7\u00e3o dos protestos contra a elei\u00e7\u00e3o de Luiz In\u00e1cio Lula da Silva (PT) \u00e0 Presid\u00eancia da Rep\u00fablica e bloqueios de rodovias pelo Pa\u00eds.<\/p>\n\t<p>\n\t\t<a href=\"https:\/\/lp.suno.com.br\/minicurso-investindo-fiis\/\" target=\"_blank\" data-element=\"shortcode-suno-banner\" title=\"Banner SUNO, clique e saiba mais\">\n\t\t\t<picture>\n\t\t\t\t<source media=\"(max-width: 500px)\" srcset=\"https:\/\/files.sunoresearch.com.br\/n\/uploads\/2023\/07\/400x300-Minicurso-FIIS.png\">\n\t\t\t\t<img class=\"newsContent__article__imgCapa newsContent__article__imgCapa--banner\"\n\t\t\t\t\tsrc=\"https:\/\/files.sunoresearch.com.br\/n\/uploads\/2023\/07\/1420x240-Minicurso-FIIS.png\"\n\t\t\t\t\tdata-promo-id=\"311935\"\t\t\t\t\t\t\t\t\t\twidth='1420' height='240'\t\t\t\t\talt=\"https:\/\/files.sunoresearch.com.br\/n\/uploads\/2023\/07\/1420x240-Minicurso-FIIS.png\"\n\t\t\t\t>\n\t\t\t<\/picture>\n\t\t<\/a>\n\t<\/p>\n\n\n<h2><strong>Instabilidade no Instagram: usu\u00e1rios reclamam de contas suspensas e perda de seguidores<\/strong><\/h2>\n<p>Na segunda-feira (31), usu\u00e1rios do Instagram relataram que suas contas foram bloqueadas. Segundo eles, ao acessar o perfil na rede social, o app direcionava para uma tela que informava a suspens\u00e3o da conta, com informa\u00e7\u00f5es para recorrer da decis\u00e3o.<\/p>\n<p>De acordo com o site DownDetector, que monitora atividades em redes sociais, a plataforma de fotos registrou alta de reclama\u00e7\u00e3o desde \u00e0s 9h50 da manh\u00e3 da segunda-feira (31)\u00a0 e pode ter afetado mais de 7 mil usu\u00e1rios em todo o mundo.<\/p>\n<p>De acordo com os relatos, n\u00e3o houve aviso ou notifica\u00e7\u00e3o do Instagram a respeito de qualquer atualiza\u00e7\u00e3o necess\u00e1ria no cadastro da rede social antes dos perfis serem bloqueados. Contas em diversos pa\u00edses, incluindo o Brasil, foram afetadas.<\/p>\n<p>Juliette, cantora e ex-BBB, afirmou nos stories do <strong>Instagram<\/strong> que perdeu 400 mil seguidores, enquanto a influenciadora Gkay disse que ficou sem 300 mil seguidores e a influenciadora Virginia Fonseca diz ter perdido 200 mil seguidores.<\/p>\n<p class=\"newsProviderSignature\"><em>(Com informa\u00e7\u00f5es do Estad\u00e3o Conte\u00fado)<\/em><\/p>\n\t<p>\n\t\t<a href=\"https:\/\/lp.suno.com.br\/ebook-como-analisar-uma-acao\/\" target=\"_blank\" data-element=\"shortcode-suno-banner\" title=\"Banner SUNO, clique e saiba mais\">\n\t\t\t<picture>\n\t\t\t\t<source media=\"(max-width: 500px)\" srcset=\"https:\/\/files.sunoresearch.com.br\/n\/uploads\/2023\/12\/Ebook-Acoes-Mobile.jpg\">\n\t\t\t\t<img class=\"newsContent__article__imgCapa newsContent__article__imgCapa--banner\"\n\t\t\t\t\tsrc=\"https:\/\/files.sunoresearch.com.br\/n\/uploads\/2023\/12\/Ebook-Acoes-Desktop.webp\"\n\t\t\t\t\tdata-promo-id=\"311260\"\t\t\t\t\t\t\t\t\t\twidth='1420' height='286'\t\t\t\t\talt=\"https:\/\/files.sunoresearch.com.br\/n\/uploads\/2023\/12\/Ebook-Acoes-Desktop.webp\"\n\t\t\t\t>\n\t\t\t<\/picture>\n\t\t<\/a>\n\t<\/p>\n\n\n","protected":false},"excerpt":{"rendered":"<p>A Meta (M1TA34) &#8211; empresa que controla o Instagram e Facebook &#8211; come\u00e7ou a remover conte\u00fados que pedem interven\u00e7\u00e3o militar no Brasil. Instagram remove publica\u00e7\u00f5es pedindo interven\u00e7\u00e3o militar Foto: Pixabay A dona das redes sociais enfatiza que a medida n\u00e3o \u00e9 nova e faz parte de uma interpreta\u00e7\u00e3o de pol\u00edticas que j\u00e1 existem na plataforma. [&hellip;]<\/p>\n","protected":false},"author":195,"featured_media":245474,"comment_status":"closed","ping_status":"closed","sticky":false,"template":"","format":"standard","meta":[],"categories":[64],"tags":[733,34154],"suno_strategy":[],"class_list":["post-315665","post","type-post","status-publish","format-standard","has-post-thumbnail","hentry","category-negocios","tag-facebook-fbok34","tag-instagram"],"yoast_head":"<!-- This site is optimized with the Yoast SEO plugin v24.4 - https:\/\/yoast.com\/wordpress\/plugins\/seo\/ -->\n<title>Instagram e Facebook removem publica\u00e7\u00f5es com pedidos de interven\u00e7\u00e3o militar<\/title>\n<meta name=\"description\" content=\"A Meta (M1TA34) - empresa que controla o Instagram e Facebook - come\u00e7ou a remover conte\u00fados que pedem interven\u00e7\u00e3o militar no Brasil.\" \/>\n<meta name=\"robots\" content=\"index, follow, max-snippet:-1, max-image-preview:large, max-video-preview:-1\" \/>\n<link rel=\"canonical\" href=\"https:\/\/www.suno.com.br\/noticias\/instagram-facebook-intervencao-militar\/\" \/>\n<meta property=\"og:locale\" content=\"pt_BR\" \/>\n<meta property=\"og:type\" content=\"article\" \/>\n<meta property=\"og:title\" content=\"Instagram e Facebook removem publica\u00e7\u00f5es com pedidos de interven\u00e7\u00e3o militar\" \/>\n<meta property=\"og:description\" content=\"A Meta (M1TA34) - empresa que controla o Instagram e Facebook - come\u00e7ou a remover conte\u00fados que pedem interven\u00e7\u00e3o militar no Brasil.\" \/>\n<meta property=\"og:url\" content=\"https:\/\/www.suno.com.br\/noticias\/instagram-facebook-intervencao-militar\/\" \/>\n<meta property=\"og:site_name\" content=\"Suno Not\u00edcias\" \/>\n<meta property=\"article:publisher\" content=\"https:\/\/facebook.com\/sunoresearch\" \/>\n<meta property=\"og:image\" content=\"https:\/\/files.sunoresearch.com.br\/n\/uploads\/2022\/03\/instagram-6739333_1920.jpg\" \/>\n\t<meta property=\"og:image:width\" content=\"1920\" \/>\n\t<meta property=\"og:image:height\" content=\"1920\" \/>\n\t<meta property=\"og:image:type\" content=\"image\/jpeg\" \/>\n<meta name=\"author\" content=\"Ana Clara Macedo\" \/>\n<meta name=\"twitter:card\" content=\"summary_large_image\" \/>\n<meta name=\"twitter:creator\" content=\"@sunoresearch\" \/>\n<meta name=\"twitter:site\" content=\"@sunoresearch\" \/>\n<meta name=\"twitter:label1\" content=\"Escrito por\" \/>\n\t<meta name=\"twitter:data1\" content=\"Ana Clara Macedo\" \/>\n\t<meta name=\"twitter:label2\" content=\"Est. tempo de leitura\" \/>\n\t<meta name=\"twitter:data2\" content=\"2 minutos\" \/>\n<script type=\"application\/ld+json\" class=\"yoast-schema-graph\">{\"@context\":\"https:\/\/schema.org\",\"@graph\":[{\"@type\":\"NewsArticle\",\"@id\":\"https:\/\/www.suno.com.br\/noticias\/instagram-facebook-intervencao-militar\/#article\",\"isPartOf\":{\"@id\":\"https:\/\/www.suno.com.br\/noticias\/instagram-facebook-intervencao-militar\/\"},\"author\":{\"name\":\"Ana Clara Macedo\",\"@id\":\"https:\/\/www.suno.com.br\/noticias\/#\/schema\/person\/a70f3c52ef8c814d62ed63b30bb30176\"},\"headline\":\"Instagram e Facebook removem publica\u00e7\u00f5es com pedidos de interven\u00e7\u00e3o militar\",\"datePublished\":\"2022-11-04T18:29:20+00:00\",\"mainEntityOfPage\":{\"@id\":\"https:\/\/www.suno.com.br\/noticias\/instagram-facebook-intervencao-militar\/\"},\"wordCount\":377,\"publisher\":{\"@id\":\"https:\/\/www.suno.com.br\/noticias\/#organization\"},\"image\":{\"@id\":\"https:\/\/www.suno.com.br\/noticias\/instagram-facebook-intervencao-militar\/#primaryimage\"},\"thumbnailUrl\":\"https:\/\/files.sunoresearch.com.br\/n\/uploads\/2022\/03\/instagram-6739333_1920.jpg\",\"keywords\":[\"Facebook (FBOK34)\",\"Instagram\"],\"articleSection\":[\"Neg\u00f3cios\"],\"inLanguage\":\"pt-BR\"},{\"@type\":\"WebPage\",\"@id\":\"https:\/\/www.suno.com.br\/noticias\/instagram-facebook-intervencao-militar\/\",\"url\":\"https:\/\/www.suno.com.br\/noticias\/instagram-facebook-intervencao-militar\/\",\"name\":\"Instagram e Facebook removem publica\u00e7\u00f5es com pedidos de interven\u00e7\u00e3o militar\",\"isPartOf\":{\"@id\":\"https:\/\/www.suno.com.br\/noticias\/#website\"},\"primaryImageOfPage\":{\"@id\":\"https:\/\/www.suno.com.br\/noticias\/instagram-facebook-intervencao-militar\/#primaryimage\"},\"image\":{\"@id\":\"https:\/\/www.suno.com.br\/noticias\/instagram-facebook-intervencao-militar\/#primaryimage\"},\"thumbnailUrl\":\"https:\/\/files.sunoresearch.com.br\/n\/uploads\/2022\/03\/instagram-6739333_1920.jpg\",\"datePublished\":\"2022-11-04T18:29:20+00:00\",\"description\":\"A Meta (M1TA34) - empresa que controla o Instagram e Facebook - come\u00e7ou a remover conte\u00fados que pedem interven\u00e7\u00e3o militar no Brasil.\",\"breadcrumb\":{\"@id\":\"https:\/\/www.suno.com.br\/noticias\/instagram-facebook-intervencao-militar\/#breadcrumb\"},\"inLanguage\":\"pt-BR\",\"potentialAction\":[{\"@type\":\"ReadAction\",\"target\":[\"https:\/\/www.suno.com.br\/noticias\/instagram-facebook-intervencao-militar\/\"]}]},{\"@type\":\"ImageObject\",\"inLanguage\":\"pt-BR\",\"@id\":\"https:\/\/www.suno.com.br\/noticias\/instagram-facebook-intervencao-militar\/#primaryimage\",\"url\":\"https:\/\/files.sunoresearch.com.br\/n\/uploads\/2022\/03\/instagram-6739333_1920.jpg\",\"contentUrl\":\"https:\/\/files.sunoresearch.com.br\/n\/uploads\/2022\/03\/instagram-6739333_1920.jpg\",\"width\":1920,\"height\":1920,\"caption\":\"Instagram remove publica\u00e7\u00f5es pedindo interven\u00e7\u00e3o militar Foto: Pixabay\"},{\"@type\":\"BreadcrumbList\",\"@id\":\"https:\/\/www.suno.com.br\/noticias\/instagram-facebook-intervencao-militar\/#breadcrumb\",\"itemListElement\":[{\"@type\":\"ListItem\",\"position\":1,\"name\":\"Not\u00edcias\",\"item\":\"https:\/\/www.suno.com.br\/noticias\/\"},{\"@type\":\"ListItem\",\"position\":2,\"name\":\"Neg\u00f3cios\",\"item\":\"https:\/\/www.suno.com.br\/noticias\/negocios\/\"},{\"@type\":\"ListItem\",\"position\":3,\"name\":\"Instagram e Facebook removem publica\u00e7\u00f5es com pedidos de interven\u00e7\u00e3o militar\"}]},{\"@type\":\"WebSite\",\"@id\":\"https:\/\/www.suno.com.br\/noticias\/#website\",\"url\":\"https:\/\/www.suno.com.br\/noticias\/\",\"name\":\"Suno Not\u00edcias\",\"description\":\"Seu portal de informa\u00e7\u00e3o sobre o mundo dos investimentos\",\"publisher\":{\"@id\":\"https:\/\/www.suno.com.br\/noticias\/#organization\"},\"potentialAction\":[{\"@type\":\"SearchAction\",\"target\":{\"@type\":\"EntryPoint\",\"urlTemplate\":\"https:\/\/www.suno.com.br\/noticias\/?s={search_term_string}\"},\"query-input\":{\"@type\":\"PropertyValueSpecification\",\"valueRequired\":true,\"valueName\":\"search_term_string\"}}],\"inLanguage\":\"pt-BR\"},{\"@type\":\"Organization\",\"@id\":\"https:\/\/www.suno.com.br\/noticias\/#organization\",\"name\":\"Suno Not\u00edcias\",\"url\":\"https:\/\/www.suno.com.br\/noticias\/\",\"logo\":{\"@type\":\"ImageObject\",\"inLanguage\":\"pt-BR\",\"@id\":\"https:\/\/www.suno.com.br\/noticias\/#\/schema\/logo\/image\/\",\"url\":\"https:\/\/files.sunoresearch.com.br\/n\/uploads\/2021\/09\/suno-logo.png\",\"contentUrl\":\"https:\/\/files.sunoresearch.com.br\/n\/uploads\/2021\/09\/suno-logo.png\",\"width\":180,\"height\":180,\"caption\":\"Suno Not\u00edcias\"},\"image\":{\"@id\":\"https:\/\/www.suno.com.br\/noticias\/#\/schema\/logo\/image\/\"},\"sameAs\":[\"https:\/\/facebook.com\/sunoresearch\",\"https:\/\/x.com\/sunoresearch\",\"https:\/\/www.instagram.com\/suno\",\"https:\/\/www.linkedin.com\/company\/suno-research\/\",\"https:\/\/www.youtube.com\/c\/sunoresearch\"]},{\"@type\":\"Person\",\"@id\":\"https:\/\/www.suno.com.br\/noticias\/#\/schema\/person\/a70f3c52ef8c814d62ed63b30bb30176\",\"name\":\"Ana Clara Macedo\",\"image\":{\"@type\":\"ImageObject\",\"inLanguage\":\"pt-BR\",\"@id\":\"https:\/\/www.suno.com.br\/noticias\/#\/schema\/person\/image\/\",\"url\":\"https:\/\/secure.gravatar.com\/avatar\/40810da86786bd5619f8cd594b0f44ef?s=96&r=g\",\"contentUrl\":\"https:\/\/secure.gravatar.com\/avatar\/40810da86786bd5619f8cd594b0f44ef?s=96&r=g\",\"caption\":\"Ana Clara Macedo\"},\"description\":\"Rep\u00f3rter no Suno Not\u00edcias, cobrindo acontecimentos sobre neg\u00f3cios, mercado financeiro e economia. Anteriormente trabalhou como Rep\u00f3rter no Mercado News e produziu relat\u00f3rios e artigos sobre empresas de capital aberto.\",\"url\":\"https:\/\/www.suno.com.br\/noticias\/author\/ana-clara-macedo\/\"}]}<\/script>\n<!-- \/ Yoast SEO plugin. -->","yoast_head_json":{"title":"Instagram e Facebook removem publica\u00e7\u00f5es com pedidos de interven\u00e7\u00e3o militar","description":"A Meta (M1TA34) - empresa que controla o Instagram e Facebook - come\u00e7ou a remover conte\u00fados que pedem interven\u00e7\u00e3o militar no Brasil.","robots":{"index":"index","follow":"follow","max-snippet":"max-snippet:-1","max-image-preview":"max-image-preview:large","max-video-preview":"max-video-preview:-1"},"canonical":"https:\/\/www.suno.com.br\/noticias\/instagram-facebook-intervencao-militar\/","og_locale":"pt_BR","og_type":"article","og_title":"Instagram e Facebook removem publica\u00e7\u00f5es com pedidos de interven\u00e7\u00e3o militar","og_description":"A Meta (M1TA34) - empresa que controla o Instagram e Facebook - come\u00e7ou a remover conte\u00fados que pedem interven\u00e7\u00e3o militar no Brasil.","og_url":"https:\/\/www.suno.com.br\/noticias\/instagram-facebook-intervencao-militar\/","og_site_name":"Suno Not\u00edcias","article_publisher":"https:\/\/facebook.com\/sunoresearch","og_image":[{"width":1920,"height":1920,"url":"https:\/\/files.sunoresearch.com.br\/n\/uploads\/2022\/03\/instagram-6739333_1920.jpg","type":"image\/jpeg"}],"author":"Ana Clara Macedo","twitter_card":"summary_large_image","twitter_creator":"@sunoresearch","twitter_site":"@sunoresearch","twitter_misc":{"Escrito por":"Ana Clara Macedo","Est. tempo de leitura":"2 minutos"},"schema":{"@context":"https:\/\/schema.org","@graph":[{"@type":"NewsArticle","@id":"https:\/\/www.suno.com.br\/noticias\/instagram-facebook-intervencao-militar\/#article","isPartOf":{"@id":"https:\/\/www.suno.com.br\/noticias\/instagram-facebook-intervencao-militar\/"},"author":{"name":"Ana Clara Macedo","@id":"https:\/\/www.suno.com.br\/noticias\/#\/schema\/person\/a70f3c52ef8c814d62ed63b30bb30176"},"headline":"Instagram e Facebook removem publica\u00e7\u00f5es com pedidos de interven\u00e7\u00e3o militar","datePublished":"2022-11-04T18:29:20+00:00","mainEntityOfPage":{"@id":"https:\/\/www.suno.com.br\/noticias\/instagram-facebook-intervencao-militar\/"},"wordCount":377,"publisher":{"@id":"https:\/\/www.suno.com.br\/noticias\/#organization"},"image":{"@id":"https:\/\/www.suno.com.br\/noticias\/instagram-facebook-intervencao-militar\/#primaryimage"},"thumbnailUrl":"https:\/\/files.sunoresearch.com.br\/n\/uploads\/2022\/03\/instagram-6739333_1920.jpg","keywords":["Facebook (FBOK34)","Instagram"],"articleSection":["Neg\u00f3cios"],"inLanguage":"pt-BR"},{"@type":"WebPage","@id":"https:\/\/www.suno.com.br\/noticias\/instagram-facebook-intervencao-militar\/","url":"https:\/\/www.suno.com.br\/noticias\/instagram-facebook-intervencao-militar\/","name":"Instagram e Facebook removem publica\u00e7\u00f5es com pedidos de interven\u00e7\u00e3o militar","isPartOf":{"@id":"https:\/\/www.suno.com.br\/noticias\/#website"},"primaryImageOfPage":{"@id":"https:\/\/www.suno.com.br\/noticias\/instagram-facebook-intervencao-militar\/#primaryimage"},"image":{"@id":"https:\/\/www.suno.com.br\/noticias\/instagram-facebook-intervencao-militar\/#primaryimage"},"thumbnailUrl":"https:\/\/files.sunoresearch.com.br\/n\/uploads\/2022\/03\/instagram-6739333_1920.jpg","datePublished":"2022-11-04T18:29:20+00:00","description":"A Meta (M1TA34) - empresa que controla o Instagram e Facebook - come\u00e7ou a remover conte\u00fados que pedem interven\u00e7\u00e3o militar no Brasil.","breadcrumb":{"@id":"https:\/\/www.suno.com.br\/noticias\/instagram-facebook-intervencao-militar\/#breadcrumb"},"inLanguage":"pt-BR","potentialAction":[{"@type":"ReadAction","target":["https:\/\/www.suno.com.br\/noticias\/instagram-facebook-intervencao-militar\/"]}]},{"@type":"ImageObject","inLanguage":"pt-BR","@id":"https:\/\/www.suno.com.br\/noticias\/instagram-facebook-intervencao-militar\/#primaryimage","url":"https:\/\/files.sunoresearch.com.br\/n\/uploads\/2022\/03\/instagram-6739333_1920.jpg","contentUrl":"https:\/\/files.sunoresearch.com.br\/n\/uploads\/2022\/03\/instagram-6739333_1920.jpg","width":1920,"height":1920,"caption":"Instagram remove publica\u00e7\u00f5es pedindo interven\u00e7\u00e3o militar Foto: Pixabay"},{"@type":"BreadcrumbList","@id":"https:\/\/www.suno.com.br\/noticias\/instagram-facebook-intervencao-militar\/#breadcrumb","itemListElement":[{"@type":"ListItem","position":1,"name":"Not\u00edcias","item":"https:\/\/www.suno.com.br\/noticias\/"},{"@type":"ListItem","position":2,"name":"Neg\u00f3cios","item":"https:\/\/www.suno.com.br\/noticias\/negocios\/"},{"@type":"ListItem","position":3,"name":"Instagram e Facebook removem publica\u00e7\u00f5es com pedidos de interven\u00e7\u00e3o militar"}]},{"@type":"WebSite","@id":"https:\/\/www.suno.com.br\/noticias\/#website","url":"https:\/\/www.suno.com.br\/noticias\/","name":"Suno Not\u00edcias","description":"Seu portal de informa\u00e7\u00e3o sobre o mundo dos investimentos","publisher":{"@id":"https:\/\/www.suno.com.br\/noticias\/#organization"},"potentialAction":[{"@type":"SearchAction","target":{"@type":"EntryPoint","urlTemplate":"https:\/\/www.suno.com.br\/noticias\/?s={search_term_string}"},"query-input":{"@type":"PropertyValueSpecification","valueRequired":true,"valueName":"search_term_string"}}],"inLanguage":"pt-BR"},{"@type":"Organization","@id":"https:\/\/www.suno.com.br\/noticias\/#organization","name":"Suno Not\u00edcias","url":"https:\/\/www.suno.com.br\/noticias\/","logo":{"@type":"ImageObject","inLanguage":"pt-BR","@id":"https:\/\/www.suno.com.br\/noticias\/#\/schema\/logo\/image\/","url":"https:\/\/files.sunoresearch.com.br\/n\/uploads\/2021\/09\/suno-logo.png","contentUrl":"https:\/\/files.sunoresearch.com.br\/n\/uploads\/2021\/09\/suno-logo.png","width":180,"height":180,"caption":"Suno Not\u00edcias"},"image":{"@id":"https:\/\/www.suno.com.br\/noticias\/#\/schema\/logo\/image\/"},"sameAs":["https:\/\/facebook.com\/sunoresearch","https:\/\/x.com\/sunoresearch","https:\/\/www.instagram.com\/suno","https:\/\/www.linkedin.com\/company\/suno-research\/","https:\/\/www.youtube.com\/c\/sunoresearch"]},{"@type":"Person","@id":"https:\/\/www.suno.com.br\/noticias\/#\/schema\/person\/a70f3c52ef8c814d62ed63b30bb30176","name":"Ana Clara Macedo","image":{"@type":"ImageObject","inLanguage":"pt-BR","@id":"https:\/\/www.suno.com.br\/noticias\/#\/schema\/person\/image\/","url":"https:\/\/secure.gravatar.com\/avatar\/40810da86786bd5619f8cd594b0f44ef?s=96&r=g","contentUrl":"https:\/\/secure.gravatar.com\/avatar\/40810da86786bd5619f8cd594b0f44ef?s=96&r=g","caption":"Ana Clara Macedo"},"description":"Rep\u00f3rter no Suno Not\u00edcias, cobrindo acontecimentos sobre neg\u00f3cios, mercado financeiro e economia. Anteriormente trabalhou como Rep\u00f3rter no Mercado News e produziu relat\u00f3rios e artigos sobre empresas de capital aberto.","url":"https:\/\/www.suno.com.br\/noticias\/author\/ana-clara-macedo\/"}]}},"default_loop_html":"<div class=\"cardsPage__listCard__boxs\"><div class=\"cardsPage__listCard__boxs__img\"><a href=\"https:\/\/www.suno.com.br\/noticias\/instagram-facebook-intervencao-militar\/\"><img class=\"mask\" src=\"https:\/\/www.suno.com.br\/noticias\/wp-content\/themes\/suno\/resources\/images\/spotlight\/spotlight1img\/bg-mask.png\" alt=\"Image Mask\"\/><img src=\"https:\/\/files.sunoresearch.com.br\/n\/uploads\/2022\/03\/instagram-6739333_1920-400x200.jpg\" alt=\"Instagram e Facebook removem publica\u00e7\u00f5es com pedidos de interven\u00e7\u00e3o militar\"\/><\/a><span class=\"spotlightCategory\"><a href=\"https:\/\/www.suno.com.br\/noticias\/negocios\/\">Neg\u00f3cios<\/a><\/span><\/div><div class=\"cardsPage__listCard__boxs__content\"><a href=\"https:\/\/www.suno.com.br\/noticias\/instagram-facebook-intervencao-militar\/\"><h2 class=\"content__title\">Instagram e Facebook removem publica\u00e7\u00f5es com pedidos de interven\u00e7\u00e3o militar<\/h2><\/a><div class=\"newsContent__article__meta\"><div class=\"newsContent__article__meta__authorBox\"><a href=\"https:\/\/www.suno.com.br\/noticias\/author\/ana-clara-macedo\/\" class=\"authorBox__avatar noMobi\"><img src=\"https:\/\/secure.gravatar.com\/avatar\/40810da86786bd5619f8cd594b0f44ef?s=96&#038;r=g\" alt=\"Ana Clara Macedo\"><\/a><div class=\"authorBox__name\"><span>por\n\t\t\t<a href=\"https:\/\/www.suno.com.br\/noticias\/author\/ana-clara-macedo\/\"><span itemprop=\"author\">Ana Clara Macedo<\/span><\/a><\/span><time datetime=\"2022-11-04T15:29:20-03:00\" itemprop=\"datePublished\">04\/11\/2022 15:29<\/time><\/div><\/div><\/div><\/div><\/div>","single_layout":"posts","amp_enabled":true,"_links":{"self":[{"href":"https:\/\/www.suno.com.br\/noticias\/wp-json\/wp\/v2\/posts\/315665"}],"collection":[{"href":"https:\/\/www.suno.com.br\/noticias\/wp-json\/wp\/v2\/posts"}],"about":[{"href":"https:\/\/www.suno.com.br\/noticias\/wp-json\/wp\/v2\/types\/post"}],"author":[{"embeddable":true,"href":"https:\/\/www.suno.com.br\/noticias\/wp-json\/wp\/v2\/users\/195"}],"replies":[{"embeddable":true,"href":"https:\/\/www.suno.com.br\/noticias\/wp-json\/wp\/v2\/comments?post=315665"}],"version-history":[{"count":4,"href":"https:\/\/www.suno.com.br\/noticias\/wp-json\/wp\/v2\/posts\/315665\/revisions"}],"predecessor-version":[{"id":315699,"href":"https:\/\/www.suno.com.br\/noticias\/wp-json\/wp\/v2\/posts\/315665\/revisions\/315699"}],"wp:featuredmedia":[{"embeddable":true,"href":"https:\/\/www.suno.com.br\/noticias\/wp-json\/wp\/v2\/media\/245474"}],"wp:attachment":[{"href":"https:\/\/www.suno.com.br\/noticias\/wp-json\/wp\/v2\/media?parent=315665"}],"wp:term":[{"taxonomy":"category","embeddable":true,"href":"https:\/\/www.suno.com.br\/noticias\/wp-json\/wp\/v2\/categories?post=315665"},{"taxonomy":"post_tag","embeddable":true,"href":"https:\/\/www.suno.com.br\/noticias\/wp-json\/wp\/v2\/tags?post=315665"},{"taxonomy":"suno_strategy","embeddable":true,"href":"https:\/\/www.suno.com.br\/noticias\/wp-json\/wp\/v2\/suno_strategy?post=315665"}],"curies":[{"name":"wp","href":"https:\/\/api.w.org\/{rel}","templated":true}]}}