{"id":315600,"date":"2022-11-08T08:00:51","date_gmt":"2022-11-08T11:00:51","guid":{"rendered":"https:\/\/www.suno.com.br\/noticias\/?p=315600"},"modified":"2022-11-07T08:37:11","modified_gmt":"2022-11-07T11:37:11","slug":"futuro-da-energia-renovavel-no-brasil","status":"publish","type":"post","link":"https:\/\/www.suno.com.br\/noticias\/futuro-da-energia-renovavel-no-brasil\/","title":{"rendered":"Energia renov\u00e1vel: Veja 5 pontos que explicam crescimento do Brasil nesta \u00e1rea"},"content":{"rendered":"<p><span style=\"font-weight: 400;\">O Brasil j\u00e1 \u00e9 um pa\u00eds forte em energia limpa: a\u00a0matriz el\u00e9trica brasileira possui hoje<a href=\"https:\/\/www.gov.br\/pt-br\/noticias\/energia-minerais-e-combustiveis\/2022\/02\/setor-eletrico-brasileiro-alcanca-recordes-historicos-e-conquistas-em-2021\"> 84% de capacidade de gera\u00e7\u00e3o de <strong>energia renov\u00e1vel<\/strong><\/a>, de acordo com o Minist\u00e9rio de Minas e Energia.<\/span><\/p>\t<div class=\"wrapper-featured-image\">\n\t\t<figure class=\"spotlightImg\">\n\n\t\t\t<picture>\n\t\t\t\t<source media=\"(max-width: 768px)\" srcset=\"https:\/\/files.sunoresearch.com.br\/n\/uploads\/2022\/11\/energia-solar-fotovoltaica-400x200.jpg\">\n\t\t\t\t<img loading=\"lazy\" decoding=\"async\" class=\"newsContent__article__imgCapa lazyloadDisabled \" src=\"https:\/\/files.sunoresearch.com.br\/n\/uploads\/2022\/11\/energia-solar-fotovoltaica-800x450.jpg\" width=\"800\" height=\"450\" alt=\"Energia renov\u00e1vel: Veja 5 pontos que explicam crescimento do Brasil nesta \u00e1rea\" fetchpriority=high \/>\n\t\t\t<\/picture>\n\n\t\t\t<figcaption class=\"wp-caption-text wp-caption-text--show\">Energia solar. Foto Unsplash<\/figcaption>\n\t\t<\/figure>\n\t<\/div>\n\n\n\t<p>\n\t\t<a href=\"https:\/\/lp.suno.com.br\/planilha-controle-gastos\/\" target=\"_blank\" data-element=\"shortcode-suno-banner\" title=\"Banner SUNO, clique e saiba mais\">\n\t\t\t<picture>\n\t\t\t\t<source media=\"(max-width: 500px)\" srcset=\"https:\/\/files.sunoresearch.com.br\/n\/uploads\/2023\/03\/400x300-Planilha-controle-de-gastos.png\">\n\t\t\t\t<img class=\"newsContent__article__imgCapa newsContent__article__imgCapa--banner\"\n\t\t\t\t\tsrc=\"https:\/\/files.sunoresearch.com.br\/n\/uploads\/2023\/03\/1420x240-Planilha-controle-de-gastos.png\"\n\t\t\t\t\tdata-promo-id=\"311945\"\t\t\t\t\t\t\t\t\t\twidth='1420' height='240'\t\t\t\t\talt=\"https:\/\/files.sunoresearch.com.br\/n\/uploads\/2023\/03\/1420x240-Planilha-controle-de-gastos.png\"\n\t\t\t\t>\n\t\t\t<\/picture>\n\t\t<\/a>\n\t<\/p>\n\n\n<p><span style=\"font-weight: 400;\">Com isso, o pa\u00eds j\u00e1 tem um lugar de destaque no mundo em energia renov\u00e1vel, e deve se destacar ainda mais. <\/span><span style=\"font-weight: 400;\">Recentemente, o Brasil subiu da 15\u00aa posi\u00e7\u00e3o para o 11\u00ba lugar na 57\u00aa edi\u00e7\u00e3o do RECAI (<a href=\"https:\/\/www.ey.com\/pt_br\/power-utilities\/recai-indice-de-atratividade-de-paises-em-energia-renovavel\">\u00cdndice de Atratividade de Pa\u00edses em Energia Renov\u00e1vel<\/a>), divulgado em 2021. <\/span><\/p>\n<p><span style=\"font-weight: 400;\">O ranking classifica os 40 principais mercados do mundo em rela\u00e7\u00e3o \u00e0 atratividade de seus investimentos em energia renov\u00e1vel. O pa\u00eds figura \u00e0 frente de pa\u00edses como Dinamarca, Israel e Canad\u00e1.\u00a0<\/span><\/p>\n<p><span style=\"font-weight: 400;\">Grande parte desse resultado \u00e9 de responsabilidade das j\u00e1 tradicionais usinas hidrel\u00e9tricas, que correspondem a 60% da capacidade. Por\u00e9m, a participa\u00e7\u00e3o de outras <strong>fontes renov\u00e1veis de energia<\/strong> est\u00e1 crescendo, principalmente de <strong>fontes e\u00f3lica e solar<\/strong>. <\/span><\/p>\n<p><span style=\"font-weight: 400;\">Veja os pontos que explicam o crescimento nas<strong> fontes de energia renov\u00e1veis:<\/strong><\/span><\/p>\n<h2><strong>1. Matriz renov\u00e1vel: fonte de energia inesgot\u00e1vel\u00a0<\/strong><\/h2>\n<p><span style=\"font-weight: 400;\">As fontes de energia renov\u00e1vel s\u00e3o ben\u00e9ficas para o meio ambiente por serem inesgot\u00e1veis. Elas evitam a explora\u00e7\u00e3o de mat\u00e9ria-prima como o g\u00e1s natural. <\/span><\/p>\n<p><span style=\"font-weight: 400;\">As principais fontes de energia renov\u00e1vel, no Brasil, s\u00e3o: h\u00eddrica (gerada pela \u00e1gua dos rios), <strong>solar<\/strong> (energia do sol), e\u00f3lica (energia do vento) e biomassa (energia de mat\u00e9ria org\u00e2nica). <\/span><\/p>\n<p><span style=\"font-weight: 400;\">H\u00e1 ainda as fontes geot\u00e9rmica (energia do interior da Terra) e oce\u00e2nica (energia das mar\u00e9s e das ondas) que n\u00e3o s\u00e3o t\u00e3o utilizadas no pa\u00eds.\u00a0<\/span><\/p>\n<h2><strong>2. Aumento da capacidade instalada em energia solar\u00a0<\/strong><\/h2>\n<p><span style=\"font-weight: 400;\">A<strong> gera\u00e7\u00e3o de energia solar<\/strong> distribu\u00edda contou com um papel importante neste ano.<\/span><\/p>\n<p><span style=\"font-weight: 400;\"> Os <strong>pain\u00e9is fotovoltaicos<\/strong> instalados nos telhados de resid\u00eancias e \u00e1reas abertas j\u00e1 alcan\u00e7am cerca de 15 mil megawatts (MW), mais do que a pot\u00eancia instalada da megausina hidrel\u00e9trica de Itaipu, segundo a Associa\u00e7\u00e3o Brasileira de Energia Solar Fotovoltaica (Absolar). <\/span><\/p>\n<p><span style=\"font-weight: 400;\">A <strong>energia solar<\/strong> corresponde a 3,7% da capacidade atual de gera\u00e7\u00e3o do Brasil.\u00a0<\/span><\/p>\n<p><span style=\"font-weight: 400;\">Al\u00e9m de ser ben\u00e9fica para o meio ambiente, a energia solar \u00e9 uma forma acess\u00edvel de ter uma boa <strong>economia na conta de luz:<\/strong> no Brasil, a economia com pain\u00e9is solares fica, em m\u00e9dia, entre 30% e 80% na conta de energia, em compara\u00e7\u00e3o com os pre\u00e7os atuais, de acordo com a startup Ezzing Solar.\u00a0<\/span><\/p>\n\t<p>\n\t\t<a href=\"https:\/\/lp.suno.com.br\/ebook-como-analisar-uma-acao\/\" target=\"_blank\" data-element=\"shortcode-suno-banner\" title=\"Banner SUNO, clique e saiba mais\">\n\t\t\t<picture>\n\t\t\t\t<source media=\"(max-width: 500px)\" srcset=\"https:\/\/files.sunoresearch.com.br\/n\/uploads\/2023\/03\/Ebook-Acoes-Mobile.jpg\">\n\t\t\t\t<img class=\"newsContent__article__imgCapa newsContent__article__imgCapa--banner\"\n\t\t\t\t\tsrc=\"https:\/\/files.sunoresearch.com.br\/n\/uploads\/2023\/03\/Ebook-Acoes-Desktop.jpg\"\n\t\t\t\t\tdata-promo-id=\"311946\"\t\t\t\t\t\t\t\t\t\twidth='1420' height='286'\t\t\t\t\talt=\"https:\/\/files.sunoresearch.com.br\/n\/uploads\/2023\/03\/Ebook-Acoes-Desktop.jpg\"\n\t\t\t\t>\n\t\t\t<\/picture>\n\t\t<\/a>\n\t<\/p>\n\n\n<h2><strong>3. Progresso da energia e\u00f3lica offshore\u00a0<\/strong><\/h2>\n<p><span style=\"font-weight: 400;\">\u201cAs novas fontes de energia renov\u00e1veis t\u00eam aumentado sua participa\u00e7\u00e3o no setor, como \u00e9 o caso das e\u00f3licas, que atingiram 12,1% da gera\u00e7\u00e3o total do pa\u00eds, o que equivale a quase toda a demanda da regi\u00e3o Nordeste como um todo\u201d, afirma o advogado Walberto L. Oliveira Filho, s\u00f3cio do escrit\u00f3rio Ernesto Borges Advogados, respons\u00e1vel pelas carteiras de clientes nas \u00e1reas de <strong>energia el\u00e9trica<\/strong>, varejo e consumidor.<\/span><\/p>\n<p><span style=\"font-weight: 400;\">O \u00edndice RECAI, publica\u00e7\u00e3o da Ernst &amp; Young, destaca que o Brasil tem demonstrado avan\u00e7os quanto aos planos de implanta\u00e7\u00e3o de capacidade e\u00f3lica offshore. <\/span><\/p>\n<p><span style=\"font-weight: 400;\">Walberto Filho ressalta que, nesse sentido, a Comiss\u00e3o de Infraestrutura do Congresso aprovou, no segundo semestre de 2022, o Projeto do Marco Regulat\u00f3rio para a explora\u00e7\u00e3o de energia em alto mar.<\/span><\/p>\n<p><span style=\"font-weight: 400;\">&#8220;O Projeto de Lei n.\u00ba 576\/2021 define as compet\u00eancias das diferentes entidades governamentais envolvidas nos processos de \u2018autoriza\u00e7\u00e3o\u2019 para a produ\u00e7\u00e3o de energia offshore, e estabelece os limites das \u00e1reas e os estudos e impactos ambientais, como acontecem nos investimentos em hidrel\u00e9tricas\u201d.<\/span><\/p>\n<h2><strong>4. Avan\u00e7o das matrizes renov\u00e1veis reduz demanda por t\u00e9rmicas<\/strong><\/h2>\n<p><span style=\"font-weight: 400;\">\u201cAs fontes de energia renov\u00e1veis que est\u00e3o num processo de avan\u00e7o constante, devido a suas baixas emiss\u00f5es de carbono e custo no pre\u00e7o final da tarifa, corroborando com a extenua\u00e7\u00e3o da participa\u00e7\u00e3o da energia t\u00e9rmica. O uso de t\u00e9rmicas havia sido de 21% na matriz el\u00e9trica brasileira em 2021, e baixou para 9% em 2022\u201d, lembrou Walberto Filho.<\/span><\/p>\n<p><span style=\"font-weight: 400;\"> A energia t\u00e9rmica \u00e9 uma fonte mais cara e poluente, que aumenta o custo da energia para os consumidores.\u00a0<\/span><\/p>\n<p><span style=\"font-weight: 400;\">A troca de uma<strong> matriz energ\u00e9tica<\/strong> pode ter um valor inicial de investimento, mas ele se paga ao longo do tempo com a economia que o uso das fontes renov\u00e1veis propicia.\u00a0<\/span><\/p>\n<h2><strong>5. Diversifica\u00e7\u00e3o da matriz energ\u00e9tica traz seguran\u00e7a<\/strong><\/h2>\n<p><span style=\"font-weight: 400;\">A diversifica\u00e7\u00e3o da matriz energ\u00e9tica \u00e9 necess\u00e1ria pois reduz tamb\u00e9m a depend\u00eancia das usinas hidrel\u00e9tricas, hoje principal fonte renov\u00e1vel. <\/span><\/p>\n<p><span style=\"font-weight: 400;\">Apesar de ser uma matriz cont\u00ednua e limpa, a matriz h\u00eddrica tem como \u201ccontra\u201d o fato de estar sujeita ao regime de chuvas. <\/span><\/p>\n<p><span style=\"font-weight: 400;\">Os brasileiros j\u00e1 conhecem bem os problemas causados pela escassez h\u00eddrica para o abastecimento de energia, conforme o apag\u00e3o de energia que aconteceu entre 2001 e 2002, per\u00edodo em que houve racionamento. Ent\u00e3o, a diversifica\u00e7\u00e3o das fontes de <strong>energia renov\u00e1veis<\/strong> colabora com a seguran\u00e7a do sistema de abastecimento como um todo.<\/span><\/p>\n\t<p>\n\t\t<a href=\"https:\/\/lp.suno.com.br\/ebook-investindo-em-fiis\/\" target=\"_blank\" data-element=\"shortcode-suno-banner\" title=\"Banner SUNO, clique e saiba mais\">\n\t\t\t<picture>\n\t\t\t\t<source media=\"(max-width: 500px)\" srcset=\"https:\/\/files.sunoresearch.com.br\/n\/uploads\/2023\/03\/Ebook-Fundos-Imobiliarios-Mobile-1.jpg\">\n\t\t\t\t<img class=\"newsContent__article__imgCapa newsContent__article__imgCapa--banner\"\n\t\t\t\t\tsrc=\"https:\/\/files.sunoresearch.com.br\/n\/uploads\/2023\/03\/Ebook-Fundos-Imobiliarios-Desktop-1.jpg\"\n\t\t\t\t\tdata-promo-id=\"313843\"\t\t\t\t\t\t\t\t\t\twidth='1420' height='286'\t\t\t\t\talt=\"https:\/\/files.sunoresearch.com.br\/n\/uploads\/2023\/03\/Ebook-Fundos-Imobiliarios-Desktop-1.jpg\"\n\t\t\t\t>\n\t\t\t<\/picture>\n\t\t<\/a>\n\t<\/p>\n\n\n","protected":false},"excerpt":{"rendered":"<p>O Brasil j\u00e1 \u00e9 um pa\u00eds forte em energia limpa: a\u00a0matriz el\u00e9trica brasileira possui hoje 84% de capacidade de gera\u00e7\u00e3o de energia renov\u00e1vel, de acordo com o Minist\u00e9rio de Minas e Energia. Energia solar. Foto Unsplash Com isso, o pa\u00eds j\u00e1 tem um lugar de destaque no mundo em energia renov\u00e1vel, e deve se destacar [&hellip;]<\/p>\n","protected":false},"author":225,"featured_media":316119,"comment_status":"closed","ping_status":"closed","sticky":false,"template":"","format":"standard","meta":[],"categories":[64],"tags":[106081],"suno_strategy":[],"class_list":["post-315600","post","type-post","status-publish","format-standard","has-post-thumbnail","hentry","category-negocios","tag-energia"],"yoast_head":"<!-- This site is optimized with the Yoast SEO plugin v24.4 - https:\/\/yoast.com\/wordpress\/plugins\/seo\/ -->\n<title>Energia renov\u00e1vel: Veja 5 pontos que explicam crescimento no Brasil<\/title>\n<meta name=\"description\" content=\"Veja cinco pontos que explicam o crescimento nas fontes de energia renov\u00e1veis no Brasil nos \u00faltimos anos e a tend\u00eancia de crescimento futura.\" \/>\n<meta name=\"robots\" content=\"index, follow, max-snippet:-1, max-image-preview:large, max-video-preview:-1\" \/>\n<link rel=\"canonical\" href=\"https:\/\/www.suno.com.br\/noticias\/futuro-da-energia-renovavel-no-brasil\/\" \/>\n<meta property=\"og:locale\" content=\"pt_BR\" \/>\n<meta property=\"og:type\" content=\"article\" \/>\n<meta property=\"og:title\" content=\"Energia renov\u00e1vel: Veja 5 pontos que explicam crescimento no Brasil\" \/>\n<meta property=\"og:description\" content=\"Veja cinco pontos que explicam o crescimento nas fontes de energia renov\u00e1veis no Brasil nos \u00faltimos anos e a tend\u00eancia de crescimento futura.\" \/>\n<meta property=\"og:url\" content=\"https:\/\/www.suno.com.br\/noticias\/futuro-da-energia-renovavel-no-brasil\/\" \/>\n<meta property=\"og:site_name\" content=\"Suno Not\u00edcias\" \/>\n<meta property=\"article:publisher\" content=\"https:\/\/facebook.com\/sunoresearch\" \/>\n<meta property=\"og:image\" content=\"https:\/\/files.sunoresearch.com.br\/n\/uploads\/2022\/11\/energia-solar-fotovoltaica-scaled.jpg\" \/>\n\t<meta property=\"og:image:width\" content=\"2560\" \/>\n\t<meta property=\"og:image:height\" content=\"1919\" \/>\n\t<meta property=\"og:image:type\" content=\"image\/jpeg\" \/>\n<meta name=\"author\" content=\"Mariana Rodrigues\" \/>\n<meta name=\"twitter:card\" content=\"summary_large_image\" \/>\n<meta name=\"twitter:creator\" content=\"@sunoresearch\" \/>\n<meta name=\"twitter:site\" content=\"@sunoresearch\" \/>\n<meta name=\"twitter:label1\" content=\"Escrito por\" \/>\n\t<meta name=\"twitter:data1\" content=\"Mariana Rodrigues\" \/>\n\t<meta name=\"twitter:label2\" content=\"Est. tempo de leitura\" \/>\n\t<meta name=\"twitter:data2\" content=\"5 minutos\" \/>\n<script type=\"application\/ld+json\" class=\"yoast-schema-graph\">{\"@context\":\"https:\/\/schema.org\",\"@graph\":[{\"@type\":\"NewsArticle\",\"@id\":\"https:\/\/www.suno.com.br\/noticias\/futuro-da-energia-renovavel-no-brasil\/#article\",\"isPartOf\":{\"@id\":\"https:\/\/www.suno.com.br\/noticias\/futuro-da-energia-renovavel-no-brasil\/\"},\"author\":{\"name\":\"Mariana Rodrigues\",\"@id\":\"https:\/\/www.suno.com.br\/noticias\/#\/schema\/person\/e615977aa787482e69faa09bff600338\"},\"headline\":\"Energia renov\u00e1vel: Veja 5 pontos que explicam crescimento do Brasil nesta \u00e1rea\",\"datePublished\":\"2022-11-08T11:00:51+00:00\",\"mainEntityOfPage\":{\"@id\":\"https:\/\/www.suno.com.br\/noticias\/futuro-da-energia-renovavel-no-brasil\/\"},\"wordCount\":863,\"publisher\":{\"@id\":\"https:\/\/www.suno.com.br\/noticias\/#organization\"},\"image\":{\"@id\":\"https:\/\/www.suno.com.br\/noticias\/futuro-da-energia-renovavel-no-brasil\/#primaryimage\"},\"thumbnailUrl\":\"https:\/\/files.sunoresearch.com.br\/n\/uploads\/2022\/11\/energia-solar-fotovoltaica-scaled.jpg\",\"keywords\":[\"energia\"],\"articleSection\":[\"Neg\u00f3cios\"],\"inLanguage\":\"pt-BR\"},{\"@type\":\"WebPage\",\"@id\":\"https:\/\/www.suno.com.br\/noticias\/futuro-da-energia-renovavel-no-brasil\/\",\"url\":\"https:\/\/www.suno.com.br\/noticias\/futuro-da-energia-renovavel-no-brasil\/\",\"name\":\"Energia renov\u00e1vel: Veja 5 pontos que explicam crescimento no Brasil\",\"isPartOf\":{\"@id\":\"https:\/\/www.suno.com.br\/noticias\/#website\"},\"primaryImageOfPage\":{\"@id\":\"https:\/\/www.suno.com.br\/noticias\/futuro-da-energia-renovavel-no-brasil\/#primaryimage\"},\"image\":{\"@id\":\"https:\/\/www.suno.com.br\/noticias\/futuro-da-energia-renovavel-no-brasil\/#primaryimage\"},\"thumbnailUrl\":\"https:\/\/files.sunoresearch.com.br\/n\/uploads\/2022\/11\/energia-solar-fotovoltaica-scaled.jpg\",\"datePublished\":\"2022-11-08T11:00:51+00:00\",\"description\":\"Veja cinco pontos que explicam o crescimento nas fontes de energia renov\u00e1veis no Brasil nos \u00faltimos anos e a tend\u00eancia de crescimento futura.\",\"breadcrumb\":{\"@id\":\"https:\/\/www.suno.com.br\/noticias\/futuro-da-energia-renovavel-no-brasil\/#breadcrumb\"},\"inLanguage\":\"pt-BR\",\"potentialAction\":[{\"@type\":\"ReadAction\",\"target\":[\"https:\/\/www.suno.com.br\/noticias\/futuro-da-energia-renovavel-no-brasil\/\"]}]},{\"@type\":\"ImageObject\",\"inLanguage\":\"pt-BR\",\"@id\":\"https:\/\/www.suno.com.br\/noticias\/futuro-da-energia-renovavel-no-brasil\/#primaryimage\",\"url\":\"https:\/\/files.sunoresearch.com.br\/n\/uploads\/2022\/11\/energia-solar-fotovoltaica-scaled.jpg\",\"contentUrl\":\"https:\/\/files.sunoresearch.com.br\/n\/uploads\/2022\/11\/energia-solar-fotovoltaica-scaled.jpg\",\"width\":2560,\"height\":1919,\"caption\":\"Energia solar. Foto Unsplash\"},{\"@type\":\"BreadcrumbList\",\"@id\":\"https:\/\/www.suno.com.br\/noticias\/futuro-da-energia-renovavel-no-brasil\/#breadcrumb\",\"itemListElement\":[{\"@type\":\"ListItem\",\"position\":1,\"name\":\"Not\u00edcias\",\"item\":\"https:\/\/www.suno.com.br\/noticias\/\"},{\"@type\":\"ListItem\",\"position\":2,\"name\":\"Neg\u00f3cios\",\"item\":\"https:\/\/www.suno.com.br\/noticias\/negocios\/\"},{\"@type\":\"ListItem\",\"position\":3,\"name\":\"Energia renov\u00e1vel: Veja 5 pontos que explicam crescimento do Brasil nesta \u00e1rea\"}]},{\"@type\":\"WebSite\",\"@id\":\"https:\/\/www.suno.com.br\/noticias\/#website\",\"url\":\"https:\/\/www.suno.com.br\/noticias\/\",\"name\":\"Suno Not\u00edcias\",\"description\":\"Seu portal de informa\u00e7\u00e3o sobre o mundo dos investimentos\",\"publisher\":{\"@id\":\"https:\/\/www.suno.com.br\/noticias\/#organization\"},\"potentialAction\":[{\"@type\":\"SearchAction\",\"target\":{\"@type\":\"EntryPoint\",\"urlTemplate\":\"https:\/\/www.suno.com.br\/noticias\/?s={search_term_string}\"},\"query-input\":{\"@type\":\"PropertyValueSpecification\",\"valueRequired\":true,\"valueName\":\"search_term_string\"}}],\"inLanguage\":\"pt-BR\"},{\"@type\":\"Organization\",\"@id\":\"https:\/\/www.suno.com.br\/noticias\/#organization\",\"name\":\"Suno Not\u00edcias\",\"url\":\"https:\/\/www.suno.com.br\/noticias\/\",\"logo\":{\"@type\":\"ImageObject\",\"inLanguage\":\"pt-BR\",\"@id\":\"https:\/\/www.suno.com.br\/noticias\/#\/schema\/logo\/image\/\",\"url\":\"https:\/\/files.sunoresearch.com.br\/n\/uploads\/2021\/09\/suno-logo.png\",\"contentUrl\":\"https:\/\/files.sunoresearch.com.br\/n\/uploads\/2021\/09\/suno-logo.png\",\"width\":180,\"height\":180,\"caption\":\"Suno Not\u00edcias\"},\"image\":{\"@id\":\"https:\/\/www.suno.com.br\/noticias\/#\/schema\/logo\/image\/\"},\"sameAs\":[\"https:\/\/facebook.com\/sunoresearch\",\"https:\/\/x.com\/sunoresearch\",\"https:\/\/www.instagram.com\/suno\",\"https:\/\/www.linkedin.com\/company\/suno-research\/\",\"https:\/\/www.youtube.com\/c\/sunoresearch\"]},{\"@type\":\"Person\",\"@id\":\"https:\/\/www.suno.com.br\/noticias\/#\/schema\/person\/e615977aa787482e69faa09bff600338\",\"name\":\"Mariana Rodrigues\",\"image\":{\"@type\":\"ImageObject\",\"inLanguage\":\"pt-BR\",\"@id\":\"https:\/\/www.suno.com.br\/noticias\/#\/schema\/person\/image\/\",\"url\":\"https:\/\/secure.gravatar.com\/avatar\/cb2c9047515ce8fca8bead8379d7f53d?s=96&r=g\",\"contentUrl\":\"https:\/\/secure.gravatar.com\/avatar\/cb2c9047515ce8fca8bead8379d7f53d?s=96&r=g\",\"caption\":\"Mariana Rodrigues\"},\"description\":\"Jornalista especialista em economia\",\"sameAs\":[\"https:\/\/www.linkedin.com\/in\/marianasrodrigues\/\"],\"url\":\"https:\/\/www.suno.com.br\/noticias\/author\/marianassrodriguesgmail-com\/\"}]}<\/script>\n<!-- \/ Yoast SEO plugin. -->","yoast_head_json":{"title":"Energia renov\u00e1vel: Veja 5 pontos que explicam crescimento no Brasil","description":"Veja cinco pontos que explicam o crescimento nas fontes de energia renov\u00e1veis no Brasil nos \u00faltimos anos e a tend\u00eancia de crescimento futura.","robots":{"index":"index","follow":"follow","max-snippet":"max-snippet:-1","max-image-preview":"max-image-preview:large","max-video-preview":"max-video-preview:-1"},"canonical":"https:\/\/www.suno.com.br\/noticias\/futuro-da-energia-renovavel-no-brasil\/","og_locale":"pt_BR","og_type":"article","og_title":"Energia renov\u00e1vel: Veja 5 pontos que explicam crescimento no Brasil","og_description":"Veja cinco pontos que explicam o crescimento nas fontes de energia renov\u00e1veis no Brasil nos \u00faltimos anos e a tend\u00eancia de crescimento futura.","og_url":"https:\/\/www.suno.com.br\/noticias\/futuro-da-energia-renovavel-no-brasil\/","og_site_name":"Suno Not\u00edcias","article_publisher":"https:\/\/facebook.com\/sunoresearch","og_image":[{"width":2560,"height":1919,"url":"https:\/\/files.sunoresearch.com.br\/n\/uploads\/2022\/11\/energia-solar-fotovoltaica-scaled.jpg","type":"image\/jpeg"}],"author":"Mariana Rodrigues","twitter_card":"summary_large_image","twitter_creator":"@sunoresearch","twitter_site":"@sunoresearch","twitter_misc":{"Escrito por":"Mariana Rodrigues","Est. tempo de leitura":"5 minutos"},"schema":{"@context":"https:\/\/schema.org","@graph":[{"@type":"NewsArticle","@id":"https:\/\/www.suno.com.br\/noticias\/futuro-da-energia-renovavel-no-brasil\/#article","isPartOf":{"@id":"https:\/\/www.suno.com.br\/noticias\/futuro-da-energia-renovavel-no-brasil\/"},"author":{"name":"Mariana Rodrigues","@id":"https:\/\/www.suno.com.br\/noticias\/#\/schema\/person\/e615977aa787482e69faa09bff600338"},"headline":"Energia renov\u00e1vel: Veja 5 pontos que explicam crescimento do Brasil nesta \u00e1rea","datePublished":"2022-11-08T11:00:51+00:00","mainEntityOfPage":{"@id":"https:\/\/www.suno.com.br\/noticias\/futuro-da-energia-renovavel-no-brasil\/"},"wordCount":863,"publisher":{"@id":"https:\/\/www.suno.com.br\/noticias\/#organization"},"image":{"@id":"https:\/\/www.suno.com.br\/noticias\/futuro-da-energia-renovavel-no-brasil\/#primaryimage"},"thumbnailUrl":"https:\/\/files.sunoresearch.com.br\/n\/uploads\/2022\/11\/energia-solar-fotovoltaica-scaled.jpg","keywords":["energia"],"articleSection":["Neg\u00f3cios"],"inLanguage":"pt-BR"},{"@type":"WebPage","@id":"https:\/\/www.suno.com.br\/noticias\/futuro-da-energia-renovavel-no-brasil\/","url":"https:\/\/www.suno.com.br\/noticias\/futuro-da-energia-renovavel-no-brasil\/","name":"Energia renov\u00e1vel: Veja 5 pontos que explicam crescimento no Brasil","isPartOf":{"@id":"https:\/\/www.suno.com.br\/noticias\/#website"},"primaryImageOfPage":{"@id":"https:\/\/www.suno.com.br\/noticias\/futuro-da-energia-renovavel-no-brasil\/#primaryimage"},"image":{"@id":"https:\/\/www.suno.com.br\/noticias\/futuro-da-energia-renovavel-no-brasil\/#primaryimage"},"thumbnailUrl":"https:\/\/files.sunoresearch.com.br\/n\/uploads\/2022\/11\/energia-solar-fotovoltaica-scaled.jpg","datePublished":"2022-11-08T11:00:51+00:00","description":"Veja cinco pontos que explicam o crescimento nas fontes de energia renov\u00e1veis no Brasil nos \u00faltimos anos e a tend\u00eancia de crescimento futura.","breadcrumb":{"@id":"https:\/\/www.suno.com.br\/noticias\/futuro-da-energia-renovavel-no-brasil\/#breadcrumb"},"inLanguage":"pt-BR","potentialAction":[{"@type":"ReadAction","target":["https:\/\/www.suno.com.br\/noticias\/futuro-da-energia-renovavel-no-brasil\/"]}]},{"@type":"ImageObject","inLanguage":"pt-BR","@id":"https:\/\/www.suno.com.br\/noticias\/futuro-da-energia-renovavel-no-brasil\/#primaryimage","url":"https:\/\/files.sunoresearch.com.br\/n\/uploads\/2022\/11\/energia-solar-fotovoltaica-scaled.jpg","contentUrl":"https:\/\/files.sunoresearch.com.br\/n\/uploads\/2022\/11\/energia-solar-fotovoltaica-scaled.jpg","width":2560,"height":1919,"caption":"Energia solar. Foto Unsplash"},{"@type":"BreadcrumbList","@id":"https:\/\/www.suno.com.br\/noticias\/futuro-da-energia-renovavel-no-brasil\/#breadcrumb","itemListElement":[{"@type":"ListItem","position":1,"name":"Not\u00edcias","item":"https:\/\/www.suno.com.br\/noticias\/"},{"@type":"ListItem","position":2,"name":"Neg\u00f3cios","item":"https:\/\/www.suno.com.br\/noticias\/negocios\/"},{"@type":"ListItem","position":3,"name":"Energia renov\u00e1vel: Veja 5 pontos que explicam crescimento do Brasil nesta \u00e1rea"}]},{"@type":"WebSite","@id":"https:\/\/www.suno.com.br\/noticias\/#website","url":"https:\/\/www.suno.com.br\/noticias\/","name":"Suno Not\u00edcias","description":"Seu portal de informa\u00e7\u00e3o sobre o mundo dos investimentos","publisher":{"@id":"https:\/\/www.suno.com.br\/noticias\/#organization"},"potentialAction":[{"@type":"SearchAction","target":{"@type":"EntryPoint","urlTemplate":"https:\/\/www.suno.com.br\/noticias\/?s={search_term_string}"},"query-input":{"@type":"PropertyValueSpecification","valueRequired":true,"valueName":"search_term_string"}}],"inLanguage":"pt-BR"},{"@type":"Organization","@id":"https:\/\/www.suno.com.br\/noticias\/#organization","name":"Suno Not\u00edcias","url":"https:\/\/www.suno.com.br\/noticias\/","logo":{"@type":"ImageObject","inLanguage":"pt-BR","@id":"https:\/\/www.suno.com.br\/noticias\/#\/schema\/logo\/image\/","url":"https:\/\/files.sunoresearch.com.br\/n\/uploads\/2021\/09\/suno-logo.png","contentUrl":"https:\/\/files.sunoresearch.com.br\/n\/uploads\/2021\/09\/suno-logo.png","width":180,"height":180,"caption":"Suno Not\u00edcias"},"image":{"@id":"https:\/\/www.suno.com.br\/noticias\/#\/schema\/logo\/image\/"},"sameAs":["https:\/\/facebook.com\/sunoresearch","https:\/\/x.com\/sunoresearch","https:\/\/www.instagram.com\/suno","https:\/\/www.linkedin.com\/company\/suno-research\/","https:\/\/www.youtube.com\/c\/sunoresearch"]},{"@type":"Person","@id":"https:\/\/www.suno.com.br\/noticias\/#\/schema\/person\/e615977aa787482e69faa09bff600338","name":"Mariana Rodrigues","image":{"@type":"ImageObject","inLanguage":"pt-BR","@id":"https:\/\/www.suno.com.br\/noticias\/#\/schema\/person\/image\/","url":"https:\/\/secure.gravatar.com\/avatar\/cb2c9047515ce8fca8bead8379d7f53d?s=96&r=g","contentUrl":"https:\/\/secure.gravatar.com\/avatar\/cb2c9047515ce8fca8bead8379d7f53d?s=96&r=g","caption":"Mariana Rodrigues"},"description":"Jornalista especialista em economia","sameAs":["https:\/\/www.linkedin.com\/in\/marianasrodrigues\/"],"url":"https:\/\/www.suno.com.br\/noticias\/author\/marianassrodriguesgmail-com\/"}]}},"default_loop_html":"<div class=\"cardsPage__listCard__boxs\"><div class=\"cardsPage__listCard__boxs__img\"><a href=\"https:\/\/www.suno.com.br\/noticias\/futuro-da-energia-renovavel-no-brasil\/\"><img class=\"mask\" src=\"https:\/\/www.suno.com.br\/noticias\/wp-content\/themes\/suno\/resources\/images\/spotlight\/spotlight1img\/bg-mask.png\" alt=\"Image Mask\"\/><img src=\"https:\/\/files.sunoresearch.com.br\/n\/uploads\/2022\/11\/energia-solar-fotovoltaica-400x200.jpg\" alt=\"Energia renov\u00e1vel: Veja 5 pontos que explicam crescimento do Brasil nesta \u00e1rea\"\/><\/a><span class=\"spotlightCategory\"><a href=\"https:\/\/www.suno.com.br\/noticias\/negocios\/\">Neg\u00f3cios<\/a><\/span><\/div><div class=\"cardsPage__listCard__boxs__content\"><a href=\"https:\/\/www.suno.com.br\/noticias\/futuro-da-energia-renovavel-no-brasil\/\"><h2 class=\"content__title\">Energia renov\u00e1vel: Veja 5 pontos que explicam crescimento do Brasil nesta \u00e1rea<\/h2><\/a><div class=\"newsContent__article__meta\"><div class=\"newsContent__article__meta__authorBox\"><a href=\"https:\/\/www.suno.com.br\/noticias\/author\/marianassrodriguesgmail-com\/\" class=\"authorBox__avatar noMobi\"><img src=\"https:\/\/files.sunoresearch.com.br\/n\/uploads\/2022\/11\/WhatsApp-Image-2022-11-01-at-12.43.30-150x150.jpeg\" alt=\"Mariana Rodrigues\"><\/a><div class=\"authorBox__name\"><span>por\n\t\t\t<a href=\"https:\/\/www.suno.com.br\/noticias\/author\/marianassrodriguesgmail-com\/\"><span itemprop=\"author\">Mariana Rodrigues<\/span><\/a><\/span><time datetime=\"2022-11-08T08:00:51-03:00\" itemprop=\"datePublished\">08\/11\/2022 08:00<\/time><\/div><\/div><\/div><\/div><\/div>","single_layout":"posts","amp_enabled":true,"_links":{"self":[{"href":"https:\/\/www.suno.com.br\/noticias\/wp-json\/wp\/v2\/posts\/315600"}],"collection":[{"href":"https:\/\/www.suno.com.br\/noticias\/wp-json\/wp\/v2\/posts"}],"about":[{"href":"https:\/\/www.suno.com.br\/noticias\/wp-json\/wp\/v2\/types\/post"}],"author":[{"embeddable":true,"href":"https:\/\/www.suno.com.br\/noticias\/wp-json\/wp\/v2\/users\/225"}],"replies":[{"embeddable":true,"href":"https:\/\/www.suno.com.br\/noticias\/wp-json\/wp\/v2\/comments?post=315600"}],"version-history":[{"count":3,"href":"https:\/\/www.suno.com.br\/noticias\/wp-json\/wp\/v2\/posts\/315600\/revisions"}],"predecessor-version":[{"id":316116,"href":"https:\/\/www.suno.com.br\/noticias\/wp-json\/wp\/v2\/posts\/315600\/revisions\/316116"}],"wp:featuredmedia":[{"embeddable":true,"href":"https:\/\/www.suno.com.br\/noticias\/wp-json\/wp\/v2\/media\/316119"}],"wp:attachment":[{"href":"https:\/\/www.suno.com.br\/noticias\/wp-json\/wp\/v2\/media?parent=315600"}],"wp:term":[{"taxonomy":"category","embeddable":true,"href":"https:\/\/www.suno.com.br\/noticias\/wp-json\/wp\/v2\/categories?post=315600"},{"taxonomy":"post_tag","embeddable":true,"href":"https:\/\/www.suno.com.br\/noticias\/wp-json\/wp\/v2\/tags?post=315600"},{"taxonomy":"suno_strategy","embeddable":true,"href":"https:\/\/www.suno.com.br\/noticias\/wp-json\/wp\/v2\/suno_strategy?post=315600"}],"curies":[{"name":"wp","href":"https:\/\/api.w.org\/{rel}","templated":true}]}}