{"id":315591,"date":"2022-11-04T10:16:24","date_gmt":"2022-11-04T13:16:24","guid":{"rendered":"https:\/\/www.suno.com.br\/noticias\/?p=315591"},"modified":"2022-11-04T10:16:24","modified_gmt":"2022-11-04T13:16:24","slug":"pao-de-acucar-pcar3-tenda-tend3-braskem-brkm5-destaques","status":"publish","type":"post","link":"https:\/\/www.suno.com.br\/noticias\/pao-de-acucar-pcar3-tenda-tend3-braskem-brkm5-destaques\/","title":{"rendered":"P\u00e3o de A\u00e7\u00facar (PCAR3), Tenda (TEND3) e Braskem (BRKM5) agitam o mercado financeiro"},"content":{"rendered":"<p>Entre os principais<strong> destaques do <a class=\"suno-keyword\" href=\"https:\/\/www.suno.com.br\/guias\/mercado-financeiro\/\" target=\"_blank\" rel=\"noopener\" data-force=\"no\" data-priority=\"2\">mercado financeiro<\/a><\/strong> de hoje (4) est\u00e1 o GPA, dono do <strong>P\u00e3o de A\u00e7\u00facar <\/strong>(PCAR3), que reportou um lucro de R$ 288 milh\u00f5es no 3T22, abaixo das proje\u00e7\u00f5es do mercado.<\/p>\t<div class=\"wrapper-featured-image\">\n\t\t<figure class=\"spotlightImg\">\n\n\t\t\t<picture>\n\t\t\t\t<source media=\"(max-width: 768px)\" srcset=\"https:\/\/files.sunoresearch.com.br\/n\/uploads\/2022\/02\/Fachada-Unidade-Pao-de-acucar-400x200.jpeg\">\n\t\t\t\t<img loading=\"lazy\" decoding=\"async\" class=\"newsContent__article__imgCapa lazyloadDisabled \" src=\"https:\/\/files.sunoresearch.com.br\/n\/uploads\/2022\/02\/Fachada-Unidade-Pao-de-acucar-800x450.jpeg\" width=\"800\" height=\"450\" alt=\"P\u00e3o de A\u00e7\u00facar (PCAR3), Tenda (TEND3) e Braskem (BRKM5) agitam o mercado financeiro\" fetchpriority=high \/>\n\t\t\t<\/picture>\n\n\t\t\t<figcaption class=\"wp-caption-text wp-caption-text--show\">GPA - Grupo P\u00e3o de A\u00e7\u00facar (PCAR3). Foto: Divulga\u00e7\u00e3o<\/figcaption>\n\t\t<\/figure>\n\t<\/div>\n\n\n\t<p>\n\t\t<a href=\"https:\/\/lp2.suno.com.br\/cl\/black-friday-2025\/?utm_campaign=_SNCDF0E4858_\" target=\"_blank\" data-element=\"shortcode-suno-banner\" title=\"Banner SUNO, clique e saiba mais\">\n\t\t\t<picture>\n\t\t\t\t<source media=\"(max-width: 500px)\" srcset=\"https:\/\/files.sunoresearch.com.br\/n\/uploads\/2025\/10\/Artigos-e-Noticias-Banner-Home-artigos-01-Mobile_-400x300-1-png.webp\">\n\t\t\t\t<img class=\"newsContent__article__imgCapa newsContent__article__imgCapa--banner\"\n\t\t\t\t\tsrc=\"https:\/\/files.sunoresearch.com.br\/n\/uploads\/2025\/10\/Artigos-e-Noticias-Banner-Home-artigos-01-Desktop_-1420x240-1-png.webp\"\n\t\t\t\t\tdata-promo-id=\"311259\"\t\t\t\t\t\t\t\t\t\twidth='1420' height='240'\t\t\t\t\talt=\"https:\/\/files.sunoresearch.com.br\/n\/uploads\/2025\/10\/Artigos-e-Noticias-Banner-Home-artigos-01-Desktop_-1420x240-1-png.webp\"\n\t\t\t\t>\n\t\t\t<\/picture>\n\t\t<\/a>\n\t<\/p>\n\n\n<p>Al\u00e9m do P\u00e3o de A\u00e7\u00facar, outra companhia que est\u00e1 no radar dos investidores \u00e9 a <strong><a class=\"suno-keyword\" href=\"https:\/\/www.suno.com.br\/acoes\/TEND3\/\" target=\"_blank\" rel=\"noopener\" data-force=\"yes\" data-priority=\"2\">Tenda (TEND3)<\/a><\/strong>, que reportou um preju\u00edzo de R$ 210,4 milh\u00f5es no 3T22, revertendo o lucro obtido no 3T21<\/p>\n<p>Outro destaque do mercado financeiro \u00e9 a <strong><a class=\"suno-keyword\" href=\"https:\/\/www.suno.com.br\/acoes\/BRKM5\/\" target=\"_blank\" rel=\"noopener\" data-force=\"yes\" data-priority=\"2\">Braskem (BRKM5)<\/a><\/strong>, que informou apoio \u00e0 Nonovor no processo de venda da participa\u00e7\u00e3o societ\u00e1ria na petroqu\u00edmica.<\/p>\n\t<div data-element=\"shortcode-read-more\" class=\"knowMore\">\n\t\t\t\t<span class=\"knowMore__title\">Leia mais:<\/span>\n\t\t\t\t<a class=\"knowMore__link\" href=\"https:\/\/www.suno.com.br\/noticias\/twitter-twtr34-demite-funcionarios-no-brasil\/\">\n\t\t\tTwitter (TWTR34) demite funcion\u00e1rios de sua equipe no Brasil\t\t<\/a>\n\t<\/div>\n\n\n<p>Veja os destaques do mercado financeiro de hoje (4).<\/p>\n<h2>Lucro do GPA, dono do P\u00e3o de A\u00e7\u00facar, \u00e9 de R$ 288 milh\u00f5es no 3T22, abaixo das proje\u00e7\u00f5es<\/h2>\n<p>O GPA, dono do P\u00e3o de A\u00e7\u00facar, reportou um preju\u00edzo de R$ 288 milh\u00f5es no terceiro trimestre de 2022 (3T22), com alta de 221,7% em rela\u00e7\u00e3o ao mesmo per\u00edodo do ano passado, de acordo com balan\u00e7o trimestral divulgado pela empresa nesta quinta-feira (3), alta de 221,7% no ano<\/p>\n<p>O lucro antes de juros, impostos, deprecia\u00e7\u00f5es e amortiza\u00e7\u00f5es (Ebitda) do GPA foi de R$ 660 milh\u00f5es, queda de 2,5% em rela\u00e7\u00e3o ao 3T21.<\/p>\n<p>J\u00e1 a <a class=\"suno-keyword\" href=\"https:\/\/www.suno.com.br\/artigos\/o-que-receita-liquida\/\" target=\"_blank\" rel=\"noopener\" data-force=\"no\" data-priority=\"1\">receita l\u00edquida<\/a> do <strong>dono do P\u00e3o de A\u00e7\u00facar<\/strong> somou R$ 10,4 bilh\u00f5es no terceiro trimestre desse ano, com alta de 8,9% na compara\u00e7\u00e3o anual.<\/p>\n<p>Os <strong>resultados do GPA<\/strong> no 3T22 mostraram n\u00famero abaixo das proje\u00e7\u00f5es do consenso Refinitiv.<\/p>\n<p>As estimativas apontavam lucro de R$ 3,5 milh\u00f5es, receita de R$ 10,49 bilh\u00f5es e Ebitda de R$ 708 milh\u00f5es.<\/p>\n<p>Mesmo com a melhora da receita, o resultado l\u00edquido do GPA foi influenciado de forma negativa pela margem mais baixa e um <a class=\"suno-keyword\" href=\"https:\/\/www.suno.com.br\/artigos\/resultado-financeiro\/\" target=\"_blank\" rel=\"noopener\" data-force=\"no\" data-priority=\"1\">resultado financeiro<\/a> mais fraco.<\/p>\n<h2>Tenda tem preju\u00edzo de R$ 210,4 milh\u00f5es no 3T22, revertendo lucro do 3T21<\/h2>\n<p>A Tenda registrou um preju\u00edzo l\u00edquido consolidado de R$ 210,4 milh\u00f5es no terceiro trimestre de 2022 (3T22). Assim, a construtora reverteu o lucro de R$ 6,4 milh\u00f5es obtido em igual etapa em 2021.<\/p>\n<p>O lucro antes juros, impostos, <a class=\"suno-keyword\" href=\"https:\/\/www.suno.com.br\/artigos\/depreciacao-amortizacao\/\" target=\"_blank\" rel=\"noopener\" data-force=\"no\" data-priority=\"1\">deprecia\u00e7\u00e3o e amortiza\u00e7\u00e3o<\/a> (Ebitda) ajustado da Tenda foi negativo em R$ 121,9 milh\u00f5es no terceiro trimestre de 2022, enquanto no mesmo per\u00edodo do ano passado registrou um Ebitda positivo de R$ 48,6 milh\u00f5es.<\/p>\n<p>A <a class=\"suno-keyword\" href=\"https:\/\/www.suno.com.br\/artigos\/margem-ebitda\/\" target=\"_blank\" rel=\"noopener\" data-force=\"no\" data-priority=\"1\">margem Ebitda<\/a> ajustada caiu 28 pontos percentuais entre os meses de julho e setembro de 2022, quando comparado ao 3T21, registrando -21,3%, segundo relat\u00f3rio de <strong>resultados da Tenda<\/strong>.<\/p>\n<p>J\u00e1 a receita l\u00edquida da Tenda foi de R$ 573,2 milh\u00f5es no 3T22, uma queda de 20,5% em rela\u00e7\u00e3o ao terceiro trimestre de 2021.<\/p>\n<p>O <strong>balan\u00e7o trimestral da Tenda<\/strong> tamb\u00e9m aponta que o ROE da Tenda foi negativo de 56,9% no 3T22, frente a um retorno positivo de 10,1% entre julho e setembro do ano passado.<\/p>\n<p>O resultado financeiro l\u00edquido foi negativo em R$ 61,7 milh\u00f5es no terceiro trimestre deste ano, com crescimento de 415,5% sobre os preju\u00edzos financeiros do 3T21.<\/p>\n<h2>Braskem vai apoiar Nonovor no processo de venda da participa\u00e7\u00e3o societ\u00e1ria<\/h2>\n<p>A Braskem informou nesta sexta-feira (4) que vai apoiar a Novonor no processo de venda da participa\u00e7\u00e3o societ\u00e1ria na petroqu\u00edmica.<\/p>\n<p>Nesse sentido, a Braskem pretende interagir com potenciais interessados na compra, observando a confidencialidade das informa\u00e7\u00f5es.<\/p>\n<p>Vale destacar que a Nonovor, <strong>controladora da Braskem<\/strong>, se encontra atualmente em processo de <a class=\"suno-keyword\" href=\"https:\/\/www.suno.com.br\/artigos\/recuperacao-judicial\/\" target=\"_blank\" rel=\"noopener\" data-force=\"no\" data-priority=\"2\">recupera\u00e7\u00e3o judicial<\/a>.<\/p>\n<p>\u201c\u00c9 poss\u00edvel que seja necess\u00e1ria a intera\u00e7\u00e3o da Braskem com potenciais interessados, para o que solicitamos o apoio por parte da Braskem e dos seus administradores\u201d, diz a Nonovor em comunicado enviado para a petroqu\u00edmica.<\/p>\n<p>A Nonovor ainda ressaltou que n\u00e3o h\u00e1 nenhuma concess\u00e3o de exclusividade para qualquer interessado, oferta vinculante e nenhuma defini\u00e7\u00e3o ou decis\u00e3o sobre a estrutura a ser adotada ao processo de aliena\u00e7\u00e3o.\u201d<\/p>\n<p>Assim, <strong>P\u00e3o de A\u00e7\u00facar<\/strong>, Tenda e Braskem s\u00e3o os principais destaques do mercado financeiro do SUNO Not\u00edcias, que informa diariamente os acontecimentos mais relevantes da sess\u00e3o.<\/p>\n\t<p>\n\t\t<a href=\"https:\/\/lp.suno.com.br\/ebook-como-analisar-uma-acao\/\" target=\"_blank\" data-element=\"shortcode-suno-banner\" title=\"Banner SUNO, clique e saiba mais\">\n\t\t\t<picture>\n\t\t\t\t<source media=\"(max-width: 500px)\" srcset=\"https:\/\/files.sunoresearch.com.br\/n\/uploads\/2023\/12\/Ebook-Acoes-Mobile.jpg\">\n\t\t\t\t<img class=\"newsContent__article__imgCapa newsContent__article__imgCapa--banner\"\n\t\t\t\t\tsrc=\"https:\/\/files.sunoresearch.com.br\/n\/uploads\/2023\/12\/Ebook-Acoes-Desktop.webp\"\n\t\t\t\t\tdata-promo-id=\"311260\"\t\t\t\t\t\t\t\t\t\twidth='1420' height='286'\t\t\t\t\talt=\"https:\/\/files.sunoresearch.com.br\/n\/uploads\/2023\/12\/Ebook-Acoes-Desktop.webp\"\n\t\t\t\t>\n\t\t\t<\/picture>\n\t\t<\/a>\n\t<\/p>\n\n\n","protected":false},"excerpt":{"rendered":"<p>Entre os principais destaques do mercado financeiro de hoje (4) est\u00e1 o GPA, dono do P\u00e3o de A\u00e7\u00facar (PCAR3), que reportou um lucro de R$ 288 milh\u00f5es no 3T22, abaixo das proje\u00e7\u00f5es do mercado. GPA &#8211; Grupo P\u00e3o de A\u00e7\u00facar (PCAR3). Foto: Divulga\u00e7\u00e3o Al\u00e9m do P\u00e3o de A\u00e7\u00facar, outra companhia que est\u00e1 no radar dos [&hellip;]<\/p>\n","protected":false},"author":173,"featured_media":234957,"comment_status":"closed","ping_status":"closed","sticky":false,"template":"","format":"standard","meta":[],"categories":[60],"tags":[395,104831,660],"suno_strategy":[],"class_list":["post-315591","post","type-post","status-publish","format-standard","has-post-thumbnail","hentry","category-mercado","tag-braskem-brkm3-brkm5-brkm6","tag-destaques-de-empresas","tag-tenda-tend3"],"yoast_head":"<!-- This site is optimized with the Yoast SEO plugin v24.4 - https:\/\/yoast.com\/wordpress\/plugins\/seo\/ -->\n<title>P\u00e3o de A\u00e7\u00facar (PCAR3), Tenda (TEND3) e Braskem (BRKM5) agitam o mercado financeiro<\/title>\n<meta name=\"description\" content=\"P\u00e3o de A\u00e7\u00facar (PCAR3), Tenda (TEND3) e Braskem (BRKM5) agitaram o mercado financeiro nesta sexta-feira (4). Veja os destaques do dia.\" \/>\n<meta name=\"robots\" content=\"index, follow, max-snippet:-1, max-image-preview:large, max-video-preview:-1\" \/>\n<link rel=\"canonical\" href=\"https:\/\/www.suno.com.br\/noticias\/pao-de-acucar-pcar3-tenda-tend3-braskem-brkm5-destaques\/\" \/>\n<meta property=\"og:locale\" content=\"pt_BR\" \/>\n<meta property=\"og:type\" content=\"article\" \/>\n<meta property=\"og:title\" content=\"P\u00e3o de A\u00e7\u00facar (PCAR3), Tenda (TEND3) e Braskem (BRKM5) agitam o mercado financeiro\" \/>\n<meta property=\"og:description\" content=\"P\u00e3o de A\u00e7\u00facar (PCAR3), Tenda (TEND3) e Braskem (BRKM5) agitaram o mercado financeiro nesta sexta-feira (4). Veja os destaques do dia.\" \/>\n<meta property=\"og:url\" content=\"https:\/\/www.suno.com.br\/noticias\/pao-de-acucar-pcar3-tenda-tend3-braskem-brkm5-destaques\/\" \/>\n<meta property=\"og:site_name\" content=\"Suno Not\u00edcias\" \/>\n<meta property=\"article:publisher\" content=\"https:\/\/facebook.com\/sunoresearch\" \/>\n<meta property=\"og:image\" content=\"https:\/\/files.sunoresearch.com.br\/n\/uploads\/2022\/02\/Fachada-Unidade-Pao-de-acucar.jpeg\" \/>\n\t<meta property=\"og:image:width\" content=\"1600\" \/>\n\t<meta property=\"og:image:height\" content=\"1067\" \/>\n\t<meta property=\"og:image:type\" content=\"image\/jpeg\" \/>\n<meta name=\"author\" content=\"Jo\u00e3o Vitor\" \/>\n<meta name=\"twitter:card\" content=\"summary_large_image\" \/>\n<meta name=\"twitter:creator\" content=\"@sunoresearch\" \/>\n<meta name=\"twitter:site\" content=\"@sunoresearch\" \/>\n<meta name=\"twitter:label1\" content=\"Escrito por\" \/>\n\t<meta name=\"twitter:data1\" content=\"Jo\u00e3o Vitor\" \/>\n\t<meta name=\"twitter:label2\" content=\"Est. tempo de leitura\" \/>\n\t<meta name=\"twitter:data2\" content=\"3 minutos\" \/>\n<script type=\"application\/ld+json\" class=\"yoast-schema-graph\">{\"@context\":\"https:\/\/schema.org\",\"@graph\":[{\"@type\":\"NewsArticle\",\"@id\":\"https:\/\/www.suno.com.br\/noticias\/pao-de-acucar-pcar3-tenda-tend3-braskem-brkm5-destaques\/#article\",\"isPartOf\":{\"@id\":\"https:\/\/www.suno.com.br\/noticias\/pao-de-acucar-pcar3-tenda-tend3-braskem-brkm5-destaques\/\"},\"author\":{\"name\":\"Jo\u00e3o Vitor\",\"@id\":\"https:\/\/www.suno.com.br\/noticias\/#\/schema\/person\/87fc6973867c52dd884811905c43afba\"},\"headline\":\"P\u00e3o de A\u00e7\u00facar (PCAR3), Tenda (TEND3) e Braskem (BRKM5) agitam o mercado financeiro\",\"datePublished\":\"2022-11-04T13:16:24+00:00\",\"mainEntityOfPage\":{\"@id\":\"https:\/\/www.suno.com.br\/noticias\/pao-de-acucar-pcar3-tenda-tend3-braskem-brkm5-destaques\/\"},\"wordCount\":690,\"publisher\":{\"@id\":\"https:\/\/www.suno.com.br\/noticias\/#organization\"},\"image\":{\"@id\":\"https:\/\/www.suno.com.br\/noticias\/pao-de-acucar-pcar3-tenda-tend3-braskem-brkm5-destaques\/#primaryimage\"},\"thumbnailUrl\":\"https:\/\/files.sunoresearch.com.br\/n\/uploads\/2022\/02\/Fachada-Unidade-Pao-de-acucar.jpeg\",\"keywords\":[\"Braskem (BRKM3\/BRKM5\/BRKM6)\",\"destaques de empresas\",\"Tenda (TEND3)\"],\"articleSection\":[\"Mercado\"],\"inLanguage\":\"pt-BR\"},{\"@type\":\"WebPage\",\"@id\":\"https:\/\/www.suno.com.br\/noticias\/pao-de-acucar-pcar3-tenda-tend3-braskem-brkm5-destaques\/\",\"url\":\"https:\/\/www.suno.com.br\/noticias\/pao-de-acucar-pcar3-tenda-tend3-braskem-brkm5-destaques\/\",\"name\":\"P\u00e3o de A\u00e7\u00facar (PCAR3), Tenda (TEND3) e Braskem (BRKM5) agitam o mercado financeiro\",\"isPartOf\":{\"@id\":\"https:\/\/www.suno.com.br\/noticias\/#website\"},\"primaryImageOfPage\":{\"@id\":\"https:\/\/www.suno.com.br\/noticias\/pao-de-acucar-pcar3-tenda-tend3-braskem-brkm5-destaques\/#primaryimage\"},\"image\":{\"@id\":\"https:\/\/www.suno.com.br\/noticias\/pao-de-acucar-pcar3-tenda-tend3-braskem-brkm5-destaques\/#primaryimage\"},\"thumbnailUrl\":\"https:\/\/files.sunoresearch.com.br\/n\/uploads\/2022\/02\/Fachada-Unidade-Pao-de-acucar.jpeg\",\"datePublished\":\"2022-11-04T13:16:24+00:00\",\"description\":\"P\u00e3o de A\u00e7\u00facar (PCAR3), Tenda (TEND3) e Braskem (BRKM5) agitaram o mercado financeiro nesta sexta-feira (4). Veja os destaques do dia.\",\"breadcrumb\":{\"@id\":\"https:\/\/www.suno.com.br\/noticias\/pao-de-acucar-pcar3-tenda-tend3-braskem-brkm5-destaques\/#breadcrumb\"},\"inLanguage\":\"pt-BR\",\"potentialAction\":[{\"@type\":\"ReadAction\",\"target\":[\"https:\/\/www.suno.com.br\/noticias\/pao-de-acucar-pcar3-tenda-tend3-braskem-brkm5-destaques\/\"]}]},{\"@type\":\"ImageObject\",\"inLanguage\":\"pt-BR\",\"@id\":\"https:\/\/www.suno.com.br\/noticias\/pao-de-acucar-pcar3-tenda-tend3-braskem-brkm5-destaques\/#primaryimage\",\"url\":\"https:\/\/files.sunoresearch.com.br\/n\/uploads\/2022\/02\/Fachada-Unidade-Pao-de-acucar.jpeg\",\"contentUrl\":\"https:\/\/files.sunoresearch.com.br\/n\/uploads\/2022\/02\/Fachada-Unidade-Pao-de-acucar.jpeg\",\"width\":1600,\"height\":1067,\"caption\":\"GPA - Grupo P\u00e3o de A\u00e7\u00facar (PCAR3). Foto: Divulga\u00e7\u00e3o\"},{\"@type\":\"BreadcrumbList\",\"@id\":\"https:\/\/www.suno.com.br\/noticias\/pao-de-acucar-pcar3-tenda-tend3-braskem-brkm5-destaques\/#breadcrumb\",\"itemListElement\":[{\"@type\":\"ListItem\",\"position\":1,\"name\":\"Not\u00edcias\",\"item\":\"https:\/\/www.suno.com.br\/noticias\/\"},{\"@type\":\"ListItem\",\"position\":2,\"name\":\"Mercado\",\"item\":\"https:\/\/www.suno.com.br\/noticias\/mercado\/\"},{\"@type\":\"ListItem\",\"position\":3,\"name\":\"P\u00e3o de A\u00e7\u00facar (PCAR3), Tenda (TEND3) e Braskem (BRKM5) agitam o mercado financeiro\"}]},{\"@type\":\"WebSite\",\"@id\":\"https:\/\/www.suno.com.br\/noticias\/#website\",\"url\":\"https:\/\/www.suno.com.br\/noticias\/\",\"name\":\"Suno Not\u00edcias\",\"description\":\"Seu portal de informa\u00e7\u00e3o sobre o mundo dos investimentos\",\"publisher\":{\"@id\":\"https:\/\/www.suno.com.br\/noticias\/#organization\"},\"potentialAction\":[{\"@type\":\"SearchAction\",\"target\":{\"@type\":\"EntryPoint\",\"urlTemplate\":\"https:\/\/www.suno.com.br\/noticias\/?s={search_term_string}\"},\"query-input\":{\"@type\":\"PropertyValueSpecification\",\"valueRequired\":true,\"valueName\":\"search_term_string\"}}],\"inLanguage\":\"pt-BR\"},{\"@type\":\"Organization\",\"@id\":\"https:\/\/www.suno.com.br\/noticias\/#organization\",\"name\":\"Suno Not\u00edcias\",\"url\":\"https:\/\/www.suno.com.br\/noticias\/\",\"logo\":{\"@type\":\"ImageObject\",\"inLanguage\":\"pt-BR\",\"@id\":\"https:\/\/www.suno.com.br\/noticias\/#\/schema\/logo\/image\/\",\"url\":\"https:\/\/files.sunoresearch.com.br\/n\/uploads\/2021\/09\/suno-logo.png\",\"contentUrl\":\"https:\/\/files.sunoresearch.com.br\/n\/uploads\/2021\/09\/suno-logo.png\",\"width\":180,\"height\":180,\"caption\":\"Suno Not\u00edcias\"},\"image\":{\"@id\":\"https:\/\/www.suno.com.br\/noticias\/#\/schema\/logo\/image\/\"},\"sameAs\":[\"https:\/\/facebook.com\/sunoresearch\",\"https:\/\/x.com\/sunoresearch\",\"https:\/\/www.instagram.com\/suno\",\"https:\/\/www.linkedin.com\/company\/suno-research\/\",\"https:\/\/www.youtube.com\/c\/sunoresearch\"]},{\"@type\":\"Person\",\"@id\":\"https:\/\/www.suno.com.br\/noticias\/#\/schema\/person\/87fc6973867c52dd884811905c43afba\",\"name\":\"Jo\u00e3o Vitor\",\"image\":{\"@type\":\"ImageObject\",\"inLanguage\":\"pt-BR\",\"@id\":\"https:\/\/www.suno.com.br\/noticias\/#\/schema\/person\/image\/\",\"url\":\"https:\/\/secure.gravatar.com\/avatar\/2843227ca03ccf8cc7ccca45204c127e?s=96&r=g\",\"contentUrl\":\"https:\/\/secure.gravatar.com\/avatar\/2843227ca03ccf8cc7ccca45204c127e?s=96&r=g\",\"caption\":\"Jo\u00e3o Vitor\"},\"description\":\"Redator profissional, com atua\u00e7\u00e3o no mercado editorial na produ\u00e7\u00e3o de not\u00edcias e conte\u00fados sobre o mercado de a\u00e7\u00f5es, fundos imobili\u00e1rios e economia popular. Graduando em Engenharia Qu\u00edmica pela Unesp, tamb\u00e9m j\u00e1 atuou como consultor financeiro.\",\"url\":\"https:\/\/www.suno.com.br\/noticias\/author\/joao-vitor-jacintho\/\"}]}<\/script>\n<!-- \/ Yoast SEO plugin. -->","yoast_head_json":{"title":"P\u00e3o de A\u00e7\u00facar (PCAR3), Tenda (TEND3) e Braskem (BRKM5) agitam o mercado financeiro","description":"P\u00e3o de A\u00e7\u00facar (PCAR3), Tenda (TEND3) e Braskem (BRKM5) agitaram o mercado financeiro nesta sexta-feira (4). Veja os destaques do dia.","robots":{"index":"index","follow":"follow","max-snippet":"max-snippet:-1","max-image-preview":"max-image-preview:large","max-video-preview":"max-video-preview:-1"},"canonical":"https:\/\/www.suno.com.br\/noticias\/pao-de-acucar-pcar3-tenda-tend3-braskem-brkm5-destaques\/","og_locale":"pt_BR","og_type":"article","og_title":"P\u00e3o de A\u00e7\u00facar (PCAR3), Tenda (TEND3) e Braskem (BRKM5) agitam o mercado financeiro","og_description":"P\u00e3o de A\u00e7\u00facar (PCAR3), Tenda (TEND3) e Braskem (BRKM5) agitaram o mercado financeiro nesta sexta-feira (4). Veja os destaques do dia.","og_url":"https:\/\/www.suno.com.br\/noticias\/pao-de-acucar-pcar3-tenda-tend3-braskem-brkm5-destaques\/","og_site_name":"Suno Not\u00edcias","article_publisher":"https:\/\/facebook.com\/sunoresearch","og_image":[{"width":1600,"height":1067,"url":"https:\/\/files.sunoresearch.com.br\/n\/uploads\/2022\/02\/Fachada-Unidade-Pao-de-acucar.jpeg","type":"image\/jpeg"}],"author":"Jo\u00e3o Vitor","twitter_card":"summary_large_image","twitter_creator":"@sunoresearch","twitter_site":"@sunoresearch","twitter_misc":{"Escrito por":"Jo\u00e3o Vitor","Est. tempo de leitura":"3 minutos"},"schema":{"@context":"https:\/\/schema.org","@graph":[{"@type":"NewsArticle","@id":"https:\/\/www.suno.com.br\/noticias\/pao-de-acucar-pcar3-tenda-tend3-braskem-brkm5-destaques\/#article","isPartOf":{"@id":"https:\/\/www.suno.com.br\/noticias\/pao-de-acucar-pcar3-tenda-tend3-braskem-brkm5-destaques\/"},"author":{"name":"Jo\u00e3o Vitor","@id":"https:\/\/www.suno.com.br\/noticias\/#\/schema\/person\/87fc6973867c52dd884811905c43afba"},"headline":"P\u00e3o de A\u00e7\u00facar (PCAR3), Tenda (TEND3) e Braskem (BRKM5) agitam o mercado financeiro","datePublished":"2022-11-04T13:16:24+00:00","mainEntityOfPage":{"@id":"https:\/\/www.suno.com.br\/noticias\/pao-de-acucar-pcar3-tenda-tend3-braskem-brkm5-destaques\/"},"wordCount":690,"publisher":{"@id":"https:\/\/www.suno.com.br\/noticias\/#organization"},"image":{"@id":"https:\/\/www.suno.com.br\/noticias\/pao-de-acucar-pcar3-tenda-tend3-braskem-brkm5-destaques\/#primaryimage"},"thumbnailUrl":"https:\/\/files.sunoresearch.com.br\/n\/uploads\/2022\/02\/Fachada-Unidade-Pao-de-acucar.jpeg","keywords":["Braskem (BRKM3\/BRKM5\/BRKM6)","destaques de empresas","Tenda (TEND3)"],"articleSection":["Mercado"],"inLanguage":"pt-BR"},{"@type":"WebPage","@id":"https:\/\/www.suno.com.br\/noticias\/pao-de-acucar-pcar3-tenda-tend3-braskem-brkm5-destaques\/","url":"https:\/\/www.suno.com.br\/noticias\/pao-de-acucar-pcar3-tenda-tend3-braskem-brkm5-destaques\/","name":"P\u00e3o de A\u00e7\u00facar (PCAR3), Tenda (TEND3) e Braskem (BRKM5) agitam o mercado financeiro","isPartOf":{"@id":"https:\/\/www.suno.com.br\/noticias\/#website"},"primaryImageOfPage":{"@id":"https:\/\/www.suno.com.br\/noticias\/pao-de-acucar-pcar3-tenda-tend3-braskem-brkm5-destaques\/#primaryimage"},"image":{"@id":"https:\/\/www.suno.com.br\/noticias\/pao-de-acucar-pcar3-tenda-tend3-braskem-brkm5-destaques\/#primaryimage"},"thumbnailUrl":"https:\/\/files.sunoresearch.com.br\/n\/uploads\/2022\/02\/Fachada-Unidade-Pao-de-acucar.jpeg","datePublished":"2022-11-04T13:16:24+00:00","description":"P\u00e3o de A\u00e7\u00facar (PCAR3), Tenda (TEND3) e Braskem (BRKM5) agitaram o mercado financeiro nesta sexta-feira (4). Veja os destaques do dia.","breadcrumb":{"@id":"https:\/\/www.suno.com.br\/noticias\/pao-de-acucar-pcar3-tenda-tend3-braskem-brkm5-destaques\/#breadcrumb"},"inLanguage":"pt-BR","potentialAction":[{"@type":"ReadAction","target":["https:\/\/www.suno.com.br\/noticias\/pao-de-acucar-pcar3-tenda-tend3-braskem-brkm5-destaques\/"]}]},{"@type":"ImageObject","inLanguage":"pt-BR","@id":"https:\/\/www.suno.com.br\/noticias\/pao-de-acucar-pcar3-tenda-tend3-braskem-brkm5-destaques\/#primaryimage","url":"https:\/\/files.sunoresearch.com.br\/n\/uploads\/2022\/02\/Fachada-Unidade-Pao-de-acucar.jpeg","contentUrl":"https:\/\/files.sunoresearch.com.br\/n\/uploads\/2022\/02\/Fachada-Unidade-Pao-de-acucar.jpeg","width":1600,"height":1067,"caption":"GPA - Grupo P\u00e3o de A\u00e7\u00facar (PCAR3). Foto: Divulga\u00e7\u00e3o"},{"@type":"BreadcrumbList","@id":"https:\/\/www.suno.com.br\/noticias\/pao-de-acucar-pcar3-tenda-tend3-braskem-brkm5-destaques\/#breadcrumb","itemListElement":[{"@type":"ListItem","position":1,"name":"Not\u00edcias","item":"https:\/\/www.suno.com.br\/noticias\/"},{"@type":"ListItem","position":2,"name":"Mercado","item":"https:\/\/www.suno.com.br\/noticias\/mercado\/"},{"@type":"ListItem","position":3,"name":"P\u00e3o de A\u00e7\u00facar (PCAR3), Tenda (TEND3) e Braskem (BRKM5) agitam o mercado financeiro"}]},{"@type":"WebSite","@id":"https:\/\/www.suno.com.br\/noticias\/#website","url":"https:\/\/www.suno.com.br\/noticias\/","name":"Suno Not\u00edcias","description":"Seu portal de informa\u00e7\u00e3o sobre o mundo dos investimentos","publisher":{"@id":"https:\/\/www.suno.com.br\/noticias\/#organization"},"potentialAction":[{"@type":"SearchAction","target":{"@type":"EntryPoint","urlTemplate":"https:\/\/www.suno.com.br\/noticias\/?s={search_term_string}"},"query-input":{"@type":"PropertyValueSpecification","valueRequired":true,"valueName":"search_term_string"}}],"inLanguage":"pt-BR"},{"@type":"Organization","@id":"https:\/\/www.suno.com.br\/noticias\/#organization","name":"Suno Not\u00edcias","url":"https:\/\/www.suno.com.br\/noticias\/","logo":{"@type":"ImageObject","inLanguage":"pt-BR","@id":"https:\/\/www.suno.com.br\/noticias\/#\/schema\/logo\/image\/","url":"https:\/\/files.sunoresearch.com.br\/n\/uploads\/2021\/09\/suno-logo.png","contentUrl":"https:\/\/files.sunoresearch.com.br\/n\/uploads\/2021\/09\/suno-logo.png","width":180,"height":180,"caption":"Suno Not\u00edcias"},"image":{"@id":"https:\/\/www.suno.com.br\/noticias\/#\/schema\/logo\/image\/"},"sameAs":["https:\/\/facebook.com\/sunoresearch","https:\/\/x.com\/sunoresearch","https:\/\/www.instagram.com\/suno","https:\/\/www.linkedin.com\/company\/suno-research\/","https:\/\/www.youtube.com\/c\/sunoresearch"]},{"@type":"Person","@id":"https:\/\/www.suno.com.br\/noticias\/#\/schema\/person\/87fc6973867c52dd884811905c43afba","name":"Jo\u00e3o Vitor","image":{"@type":"ImageObject","inLanguage":"pt-BR","@id":"https:\/\/www.suno.com.br\/noticias\/#\/schema\/person\/image\/","url":"https:\/\/secure.gravatar.com\/avatar\/2843227ca03ccf8cc7ccca45204c127e?s=96&r=g","contentUrl":"https:\/\/secure.gravatar.com\/avatar\/2843227ca03ccf8cc7ccca45204c127e?s=96&r=g","caption":"Jo\u00e3o Vitor"},"description":"Redator profissional, com atua\u00e7\u00e3o no mercado editorial na produ\u00e7\u00e3o de not\u00edcias e conte\u00fados sobre o mercado de a\u00e7\u00f5es, fundos imobili\u00e1rios e economia popular. Graduando em Engenharia Qu\u00edmica pela Unesp, tamb\u00e9m j\u00e1 atuou como consultor financeiro.","url":"https:\/\/www.suno.com.br\/noticias\/author\/joao-vitor-jacintho\/"}]}},"default_loop_html":"<div class=\"cardsPage__listCard__boxs\"><div class=\"cardsPage__listCard__boxs__img\"><a href=\"https:\/\/www.suno.com.br\/noticias\/pao-de-acucar-pcar3-tenda-tend3-braskem-brkm5-destaques\/\"><img class=\"mask\" src=\"https:\/\/www.suno.com.br\/noticias\/wp-content\/themes\/suno\/resources\/images\/spotlight\/spotlight1img\/bg-mask.png\" alt=\"Image Mask\"\/><img src=\"https:\/\/files.sunoresearch.com.br\/n\/uploads\/2022\/02\/Fachada-Unidade-Pao-de-acucar-400x200.jpeg\" alt=\"P\u00e3o de A\u00e7\u00facar (PCAR3), Tenda (TEND3) e Braskem (BRKM5) agitam o mercado financeiro\"\/><\/a><span class=\"spotlightCategory\"><a href=\"https:\/\/www.suno.com.br\/noticias\/mercado\/\">Mercado<\/a><\/span><\/div><div class=\"cardsPage__listCard__boxs__content\"><a href=\"https:\/\/www.suno.com.br\/noticias\/pao-de-acucar-pcar3-tenda-tend3-braskem-brkm5-destaques\/\"><h2 class=\"content__title\">P\u00e3o de A\u00e7\u00facar (PCAR3), Tenda (TEND3) e Braskem (BRKM5) agitam o mercado financeiro<\/h2><\/a><div class=\"newsContent__article__meta\"><div class=\"newsContent__article__meta__authorBox\"><a href=\"https:\/\/www.suno.com.br\/noticias\/author\/joao-vitor-jacintho\/\" class=\"authorBox__avatar noMobi\"><img src=\"https:\/\/secure.gravatar.com\/avatar\/2843227ca03ccf8cc7ccca45204c127e?s=96&#038;r=g\" alt=\"Jo\u00e3o Vitor Jacintho\"><\/a><div class=\"authorBox__name\"><span>por\n\t\t\t<a href=\"https:\/\/www.suno.com.br\/noticias\/author\/joao-vitor-jacintho\/\"><span itemprop=\"author\">Jo\u00e3o Vitor Jacintho<\/span><\/a><\/span><time datetime=\"2022-11-04T10:16:24-03:00\" itemprop=\"datePublished\">04\/11\/2022 10:16<\/time><\/div><\/div><\/div><\/div><\/div>","single_layout":"posts","amp_enabled":true,"_links":{"self":[{"href":"https:\/\/www.suno.com.br\/noticias\/wp-json\/wp\/v2\/posts\/315591"}],"collection":[{"href":"https:\/\/www.suno.com.br\/noticias\/wp-json\/wp\/v2\/posts"}],"about":[{"href":"https:\/\/www.suno.com.br\/noticias\/wp-json\/wp\/v2\/types\/post"}],"author":[{"embeddable":true,"href":"https:\/\/www.suno.com.br\/noticias\/wp-json\/wp\/v2\/users\/173"}],"replies":[{"embeddable":true,"href":"https:\/\/www.suno.com.br\/noticias\/wp-json\/wp\/v2\/comments?post=315591"}],"version-history":[{"count":1,"href":"https:\/\/www.suno.com.br\/noticias\/wp-json\/wp\/v2\/posts\/315591\/revisions"}],"predecessor-version":[{"id":315594,"href":"https:\/\/www.suno.com.br\/noticias\/wp-json\/wp\/v2\/posts\/315591\/revisions\/315594"}],"wp:featuredmedia":[{"embeddable":true,"href":"https:\/\/www.suno.com.br\/noticias\/wp-json\/wp\/v2\/media\/234957"}],"wp:attachment":[{"href":"https:\/\/www.suno.com.br\/noticias\/wp-json\/wp\/v2\/media?parent=315591"}],"wp:term":[{"taxonomy":"category","embeddable":true,"href":"https:\/\/www.suno.com.br\/noticias\/wp-json\/wp\/v2\/categories?post=315591"},{"taxonomy":"post_tag","embeddable":true,"href":"https:\/\/www.suno.com.br\/noticias\/wp-json\/wp\/v2\/tags?post=315591"},{"taxonomy":"suno_strategy","embeddable":true,"href":"https:\/\/www.suno.com.br\/noticias\/wp-json\/wp\/v2\/suno_strategy?post=315591"}],"curies":[{"name":"wp","href":"https:\/\/api.w.org\/{rel}","templated":true}]}}