{"id":315462,"date":"2022-11-04T08:08:00","date_gmt":"2022-11-04T11:08:00","guid":{"rendered":"https:\/\/www.suno.com.br\/noticias\/?p=315462"},"modified":"2022-11-04T12:27:37","modified_gmt":"2022-11-04T15:27:37","slug":"bloqueios-caminhoneiros-eleicoes-prf","status":"publish","type":"post","link":"https:\/\/www.suno.com.br\/noticias\/bloqueios-caminhoneiros-eleicoes-prf\/","title":{"rendered":"Todos os bloqueios em rodovias federais foram dissipados, diz PRF"},"content":{"rendered":"<p>A <a href=\"https:\/\/www.gov.br\/prf\/pt-br\">Pol\u00edcia Rodovi\u00e1ria Federal (PRF)<\/a> informou na noite de quinta-feira (3), em suas redes sociais, que todas as rodovias federais est\u00e3o livres de <strong>bloqueios<\/strong>.<\/p><div class=\"videoFull \">\n\t\t\t<div class=\"videoWrapper yt-lazyload center\"\n\t\t\t\tdata-width=\"960\"\n\t\t\t\tdata-height=\"540\"\n\t\t\t\tdata-id=\"yEjt-rIxbCw\"\n\t\t\t\tdata-alt=\"V\u00eddeo do YouTube - clique para reproduzir\"\n\t\t\t\tdata-logo=\"3\"\n\t\t\t\tdata-imagequality=\"maxres\">\n\t\t\t<\/div>\n\t\t<\/div><script type=\"application\/ld+json\">{\"@context\":\"https:\/\/schema.org\",\"@type\":\"VideoObject\",\"name\":\"PERSPECTIVAS PARA LULA: Centr\u00e3o, Minist\u00e9rios, Economia. O que esperar?\",\"description\":\"#Not\u00edciasdoDia #Not\u00edcias #lula #brasil #luladasilva #elei\u00e7\u00f5es2022 #democracia #presidentedobrasil #presidente #ibovespa #bolsadevalores #investirema\u00e7\u00f5es #rendavariavel #centr\u00e3o \ud835\udc08\ud835\udc0d\ud835\udc12\ud835\udc02\ud835\udc11\ud835\udc04\ud835\udc15\ud835\udc00-\ud835\udc12\ud835\udc04 \ud835\udc0d\ud835\udc0e \ud835\udc02\ud835\udc00\ud835\udc0d\ud835\udc00\ud835\udc0b \ud835\udc04 \ud835\udc00\ud835\udc13\ud835\udc08\ud835\udc15\ud835\udc04 \ud835\udc0e \ud835\udc12\ud835\udc08\ud835\udc0d\ud835\udc0e \ud83d\udc47 https:\/\/bit.ly\/INSCREVA-SEATIVEOSINO \ud83d\udcda \ud83d\udcb8\ud83d\ude2e\u2600\ufe0f \u2600\ufe0f \ud835\uddd4 \ud835\uddd5\ud835\udddf\ud835\uddd4\ud835\uddd6\ud835\uddde \ud835\uddd9\ud835\udde5\ud835\udddc\ud835\uddd7\ud835\uddd4\ud835\uddec \ud835\uddf1\ud835\uddee \ud835\udde6\ud835\udde8\ud835\udde1\ud835\udde2 chegou! Acesse \ud835\uddfc\ud835\ude00 \ud835\uddfa\ud835\uddee\ud835\uddf6\ud835\uddfc\ud835\uddff\ud835\uddf2\ud835\ude00 \ud835\uddf1\ud835\uddf2\ud835\ude00\ud835\uddf0\ud835\uddfc\ud835\uddfb\ud835\ude01\ud835\uddfc\ud835\ude00 \ud835\uddf2 \ud835\uddef\ud835\uddfc\u0302\ud835\uddfb\ud835\ude02\ud835\ude00 \ud835\uddf2\ud835\ude00\ud835\uddfd\ud835\uddf2\ud835\uddf0\ud835\uddf6\ud835\uddee\ud835\uddf6\ud835\ude00 pelo link! #ASuaConquista \ud83d\udc49 https:\/\/bit.ly\/3U3d8Eh \ud83d\udcda \ud835\udc04-\ud835\udc1b\ud835\udc28\ud835\udc28\ud835\udc24 \"\ud835\udc02\ud835\udc28\ud835\udc26\ud835\udc28 \ud835\udc22\ud835\udc27\ud835\udc2f\ud835\udc1e\ud835\udc2c\ud835\udc2d\ud835\udc22\ud835\udc2b \ud835\udc1e\ud835\udc26 \ud835\udc03\ud835\udc22\ud835\udc2f\ud835\udc22\ud835\udc1d\ud835\udc1e\ud835\udc27\ud835\udc1d\ud835\udc28\ud835\udc2c?\"\ud83d\udc47 - \ud835\udc1b\ud835\udc1a\ud835\udc22\ud835\udc31\ud835\udc1e \ud835\udc20\ud835\udc2b\ud835\udc1a\ud835\udc2d\ud835\udc2e\ud835\udc22\ud835\udc2d\ud835\udc1a\ud835\udc26\ud835\udc1e\ud835\udc27\ud835\udc2d\ud835\udc1e \ud835\udc1e \ud835\udc1a\ud835\udc29\ud835\udc2b\ud835\udc1e\ud835\udc27\ud835\udc1d\ud835\udc1a:\u2026\",\"duration\":\"PT10M37S\",\"embedUrl\":\"https:\/\/www.youtube.com\/embed\/yEjt-rIxbCw\",\"regionsAllowed\":\"pt-BR\",\"interactionStatistic\":{\"@type\":\"InteractionCounter\",\"interactionType\":{\"@type\":\"WatchAction\"},\"userInteractionCount\":3474},\"thumbnailUrl\":\"https:\/\/i.ytimg.com\/vi\/yEjt-rIxbCw\/default.jpg\",\"uploadDate\":\"2022-11-03T17:07:36Z\"}<\/script>\n\n\t<p>\n\t\t<a href=\"https:\/\/lp2.suno.com.br\/cl\/black-friday-2025\/?utm_campaign=_SNCDF0E4858_\" target=\"_blank\" data-element=\"shortcode-suno-banner\" title=\"Banner SUNO, clique e saiba mais\">\n\t\t\t<picture>\n\t\t\t\t<source media=\"(max-width: 500px)\" srcset=\"https:\/\/files.sunoresearch.com.br\/n\/uploads\/2025\/10\/Artigos-e-Noticias-Banner-Home-artigos-01-Mobile_-400x300-1-png.webp\">\n\t\t\t\t<img class=\"newsContent__article__imgCapa newsContent__article__imgCapa--banner\"\n\t\t\t\t\tsrc=\"https:\/\/files.sunoresearch.com.br\/n\/uploads\/2025\/10\/Artigos-e-Noticias-Banner-Home-artigos-01-Desktop_-1420x240-1-png.webp\"\n\t\t\t\t\tdata-promo-id=\"311259\"\t\t\t\t\t\t\t\t\t\twidth='1420' height='240'\t\t\t\t\talt=\"https:\/\/files.sunoresearch.com.br\/n\/uploads\/2025\/10\/Artigos-e-Noticias-Banner-Home-artigos-01-Desktop_-1420x240-1-png.webp\"\n\t\t\t\t>\n\t\t\t<\/picture>\n\t\t<\/a>\n\t<\/p>\n\n\n<p>Ainda ocorrem interdi\u00e7\u00f5es, que \u00e9 quando o fluxo de ve\u00edculos fica parcialmente impedido em 24 rodovias. No final da manh\u00e3 de hoje, esse n\u00famero era 73 locais, sendo 60 interdi\u00e7\u00f5es e 13 bloqueios, <a href=\"https:\/\/www.suno.com.br\/noticias\/caminhoneiros-bloqueios-estradas-eleicoes\/\"><strong>que \u00e9 quando o fluxo fica totalmente impedido<\/strong><\/a>. <img decoding=\"async\" style=\"width: 1px; height: 1px;\" src=\"https:\/\/agenciabrasil.ebc.com.br\/ebc.png?id=1492182&amp;o=rss\" \/><img decoding=\"async\" style=\"width: 1px; height: 1px;\" src=\"https:\/\/agenciabrasil.ebc.com.br\/ebc.gif?id=1492182&amp;o=rss\" \/><\/p>\n<p>As <a href=\"https:\/\/www.suno.com.br\/noticias\/caminhoneiros-stf-determina-desbloqueio-rodovias-federais\/\">interdi\u00e7\u00f5es<\/a> ocorrem nos estados do Amazonas (2), do Mato Grosso (7), do Mato Grosso do Sul (1),do Par\u00e1 (6) e de Rond\u00f4nia (8).<\/p>\n<p>Segundo a PRF, at\u00e9 o momento, foram desfeitos 936\u00a0interdi\u00e7\u00f5es ou bloqueios nas estradas federais.<\/p>\n<p>Ainda na quinta (3), mais cedo, a <strong>PRF<\/strong> havia informado que o n\u00famero de interdi\u00e7\u00f5es e bloqueios nas rodovias federais havia ca\u00eddo para 34, com 33 rodovias com o fluxo parcialmente interditado e um com bloqueio total. No final da manh\u00e3, o n\u00famero era 73 (60 parciais e 13 totais).<img decoding=\"async\" style=\"width: 1px; height: 1px;\" src=\"https:\/\/agenciabrasil.ebc.com.br\/ebc.png?id=1492182&amp;o=rss\" \/><img decoding=\"async\" style=\"width: 1px; height: 1px;\" src=\"https:\/\/agenciabrasil.ebc.com.br\/ebc.gif?id=1492182&amp;o=rss\" \/><\/p>\n<p>O estado com o maior <strong>n\u00famero de bloqueios<\/strong> e <strong>interdi\u00e7\u00f5es em rodovias<\/strong> \u00e9 Santa Catarina, que sozinha tinha 36 bloqueios na quarta-feira (2). J\u00e1 Mato Grosso registrava 31 ocorr\u00eancias no dia, e no Paran\u00e1, 18.<\/p>\n<p>Foram mais de 700 desmobiliza\u00e7\u00f5es desde o in\u00edcio das opera\u00e7\u00f5es, segundo a PRF.<\/p>\n\t<p>\n\t\t<a href=\"https:\/\/lp.suno.com.br\/ebook-como-analisar-uma-acao\/\" target=\"_blank\" data-element=\"shortcode-suno-banner\" title=\"Banner SUNO, clique e saiba mais\">\n\t\t\t<picture>\n\t\t\t\t<source media=\"(max-width: 500px)\" srcset=\"https:\/\/files.sunoresearch.com.br\/n\/uploads\/2023\/12\/Ebook-Acoes-Mobile.jpg\">\n\t\t\t\t<img class=\"newsContent__article__imgCapa newsContent__article__imgCapa--banner\"\n\t\t\t\t\tsrc=\"https:\/\/files.sunoresearch.com.br\/n\/uploads\/2023\/12\/Ebook-Acoes-Desktop.webp\"\n\t\t\t\t\tdata-promo-id=\"311260\"\t\t\t\t\t\t\t\t\t\twidth='1420' height='286'\t\t\t\t\talt=\"https:\/\/files.sunoresearch.com.br\/n\/uploads\/2023\/12\/Ebook-Acoes-Desktop.webp\"\n\t\t\t\t>\n\t\t\t<\/picture>\n\t\t<\/a>\n\t<\/p>\n\n\n<h2>STF deu ordem para desmobilizar bloqueios<\/h2>\n<p>O ministro do <a href=\"https:\/\/www.suno.com.br\/noticias\/prf-alexandre-de-moraes-presidente-tse\/\">Supremo Tribunal Federal (STF), Alexandre de Moraes<\/a>, determinou ainda na segunda (31) o total desbloqueio das rodovias federais que registraram paralisa\u00e7\u00f5es de <strong>caminhoneiros<\/strong>.<\/p>\n<p>Pela decis\u00e3o, a <strong>Pol\u00edcia Rodovi\u00e1ria Federal<\/strong> (PRF) e as pol\u00edcias militares estaduais dever\u00e3o cumprir a decis\u00e3o e garantir total trafegabilidade do tr\u00e2nsito de ve\u00edculos.<\/p>\n<p>Para <strong>Moraes<\/strong>, as paralisa\u00e7\u00f5es \u201cdesvirtuam o direito constitucional de reuni\u00e3o\u201d.<\/p>\n<p>\u201cO quadro f\u00e1tico revela com nitidez um cen\u00e1rio em que o abuso e desvirtuamento il\u00edcito e criminoso no exerc\u00edcio do direito constitucional de reuni\u00e3o vem acarretando efeito desproporcional e intoler\u00e1vel sobre todo o restante da sociedade, que depende do pleno funcionamento das cadeias de distribui\u00e7\u00e3o de produtos e servi\u00e7os para a manuten\u00e7\u00e3o dos aspectos mais essenciais e b\u00e1sicos da vida social\u201d, afirmou o ministro.<\/p>\n<p>Os <strong>bloqueios<\/strong> se iniciaram j\u00e1 na noite do domingo (30), com o resultado das elei\u00e7\u00f5es dando vit\u00f3ria a Lula (PT) com uma margem apertada.<\/p>\n<p class=\"newsProviderSignature\">Com Ag\u00eancia Brasil<\/p>\n\t<p>\n\t\t<a href=\"https:\/\/lp.suno.com.br\/minicurso-investindo-fiis\/\" target=\"_blank\" data-element=\"shortcode-suno-banner\" title=\"Banner SUNO, clique e saiba mais\">\n\t\t\t<picture>\n\t\t\t\t<source media=\"(max-width: 500px)\" srcset=\"https:\/\/files.sunoresearch.com.br\/n\/uploads\/2023\/07\/400x300-Minicurso-FIIS.png\">\n\t\t\t\t<img class=\"newsContent__article__imgCapa newsContent__article__imgCapa--banner\"\n\t\t\t\t\tsrc=\"https:\/\/files.sunoresearch.com.br\/n\/uploads\/2023\/07\/1420x240-Minicurso-FIIS.png\"\n\t\t\t\t\tdata-promo-id=\"311935\"\t\t\t\t\t\t\t\t\t\twidth='1420' height='240'\t\t\t\t\talt=\"https:\/\/files.sunoresearch.com.br\/n\/uploads\/2023\/07\/1420x240-Minicurso-FIIS.png\"\n\t\t\t\t>\n\t\t\t<\/picture>\n\t\t<\/a>\n\t<\/p>\n\n\n","protected":false},"excerpt":{"rendered":"<p>A Pol\u00edcia Rodovi\u00e1ria Federal (PRF) informou na noite de quinta-feira (3), em suas redes sociais, que todas as rodovias federais est\u00e3o livres de bloqueios. Ainda ocorrem interdi\u00e7\u00f5es, que \u00e9 quando o fluxo de ve\u00edculos fica parcialmente impedido em 24 rodovias. No final da manh\u00e3 de hoje, esse n\u00famero era 73 locais, sendo 60 interdi\u00e7\u00f5es e [&hellip;]<\/p>\n","protected":false},"author":73,"featured_media":315549,"comment_status":"closed","ping_status":"closed","sticky":false,"template":"","format":"standard","meta":[],"categories":[61],"tags":[106444,697,719,709],"suno_strategy":[],"class_list":["post-315462","post","type-post","status-publish","format-standard","has-post-thumbnail","hentry","category-politica","tag-agencias","tag-eleicoes","tag-jair-bolsonaro","tag-lula"],"yoast_head":"<!-- This site is optimized with the Yoast SEO plugin v24.4 - https:\/\/yoast.com\/wordpress\/plugins\/seo\/ -->\n<title>Todos os bloqueios em rodovias federais foram dissipados, diz PRF<\/title>\n<meta name=\"description\" content=\"Foram mais de 700 desmobiliza\u00e7\u00f5es de bloqueios feitas desde o in\u00edcio, segundo informes oficiais da PRF. Clique aqui e leia mais!\" \/>\n<meta name=\"robots\" content=\"index, follow, max-snippet:-1, max-image-preview:large, max-video-preview:-1\" \/>\n<link rel=\"canonical\" href=\"https:\/\/www.suno.com.br\/noticias\/bloqueios-caminhoneiros-eleicoes-prf\/\" \/>\n<meta property=\"og:locale\" content=\"pt_BR\" \/>\n<meta property=\"og:type\" content=\"article\" \/>\n<meta property=\"og:title\" content=\"Todos os bloqueios em rodovias federais foram dissipados, diz PRF\" \/>\n<meta property=\"og:description\" content=\"Foram mais de 700 desmobiliza\u00e7\u00f5es de bloqueios feitas desde o in\u00edcio, segundo informes oficiais da PRF. Clique aqui e leia mais!\" \/>\n<meta property=\"og:url\" content=\"https:\/\/www.suno.com.br\/noticias\/bloqueios-caminhoneiros-eleicoes-prf\/\" \/>\n<meta property=\"og:site_name\" content=\"Suno Not\u00edcias\" \/>\n<meta property=\"article:publisher\" content=\"https:\/\/facebook.com\/sunoresearch\" \/>\n<meta property=\"og:image\" content=\"https:\/\/files.sunoresearch.com.br\/n\/uploads\/2022\/11\/bloqueio-estrada.jpg\" \/>\n\t<meta property=\"og:image:width\" content=\"1200\" \/>\n\t<meta property=\"og:image:height\" content=\"754\" \/>\n\t<meta property=\"og:image:type\" content=\"image\/jpeg\" \/>\n<meta name=\"author\" content=\"Eduardo Vargas\" \/>\n<meta name=\"twitter:card\" content=\"summary_large_image\" \/>\n<meta name=\"twitter:creator\" content=\"@sunoresearch\" \/>\n<meta name=\"twitter:site\" content=\"@sunoresearch\" \/>\n<meta name=\"twitter:label1\" content=\"Escrito por\" \/>\n\t<meta name=\"twitter:data1\" content=\"Eduardo Vargas\" \/>\n\t<meta name=\"twitter:label2\" content=\"Est. tempo de leitura\" \/>\n\t<meta name=\"twitter:data2\" content=\"3 minutos\" \/>\n<script type=\"application\/ld+json\" class=\"yoast-schema-graph\">{\"@context\":\"https:\/\/schema.org\",\"@graph\":[{\"@type\":\"NewsArticle\",\"@id\":\"https:\/\/www.suno.com.br\/noticias\/bloqueios-caminhoneiros-eleicoes-prf\/#article\",\"isPartOf\":{\"@id\":\"https:\/\/www.suno.com.br\/noticias\/bloqueios-caminhoneiros-eleicoes-prf\/\"},\"author\":{\"name\":\"Eduardo Vargas\",\"@id\":\"https:\/\/www.suno.com.br\/noticias\/#\/schema\/person\/7f4d362bf3518e76090143ae77bb49a5\"},\"headline\":\"Todos os bloqueios em rodovias federais foram dissipados, diz PRF\",\"datePublished\":\"2022-11-04T11:08:00+00:00\",\"dateModified\":\"2022-11-04T15:27:37+00:00\",\"mainEntityOfPage\":{\"@id\":\"https:\/\/www.suno.com.br\/noticias\/bloqueios-caminhoneiros-eleicoes-prf\/\"},\"wordCount\":396,\"publisher\":{\"@id\":\"https:\/\/www.suno.com.br\/noticias\/#organization\"},\"image\":{\"@id\":\"https:\/\/www.suno.com.br\/noticias\/bloqueios-caminhoneiros-eleicoes-prf\/#primaryimage\"},\"thumbnailUrl\":\"https:\/\/files.sunoresearch.com.br\/n\/uploads\/2022\/11\/bloqueio-estrada.jpg\",\"keywords\":[\"Ag\u00eancias\",\"Elei\u00e7\u00f5es\",\"Jair Bolsonaro\",\"Lula\"],\"articleSection\":[\"Pol\u00edtica\"],\"inLanguage\":\"pt-BR\"},{\"@type\":\"WebPage\",\"@id\":\"https:\/\/www.suno.com.br\/noticias\/bloqueios-caminhoneiros-eleicoes-prf\/\",\"url\":\"https:\/\/www.suno.com.br\/noticias\/bloqueios-caminhoneiros-eleicoes-prf\/\",\"name\":\"Todos os bloqueios em rodovias federais foram dissipados, diz PRF\",\"isPartOf\":{\"@id\":\"https:\/\/www.suno.com.br\/noticias\/#website\"},\"primaryImageOfPage\":{\"@id\":\"https:\/\/www.suno.com.br\/noticias\/bloqueios-caminhoneiros-eleicoes-prf\/#primaryimage\"},\"image\":{\"@id\":\"https:\/\/www.suno.com.br\/noticias\/bloqueios-caminhoneiros-eleicoes-prf\/#primaryimage\"},\"thumbnailUrl\":\"https:\/\/files.sunoresearch.com.br\/n\/uploads\/2022\/11\/bloqueio-estrada.jpg\",\"datePublished\":\"2022-11-04T11:08:00+00:00\",\"dateModified\":\"2022-11-04T15:27:37+00:00\",\"description\":\"Foram mais de 700 desmobiliza\u00e7\u00f5es de bloqueios feitas desde o in\u00edcio, segundo informes oficiais da PRF. Clique aqui e leia mais!\",\"breadcrumb\":{\"@id\":\"https:\/\/www.suno.com.br\/noticias\/bloqueios-caminhoneiros-eleicoes-prf\/#breadcrumb\"},\"inLanguage\":\"pt-BR\",\"potentialAction\":[{\"@type\":\"ReadAction\",\"target\":[\"https:\/\/www.suno.com.br\/noticias\/bloqueios-caminhoneiros-eleicoes-prf\/\"]}]},{\"@type\":\"ImageObject\",\"inLanguage\":\"pt-BR\",\"@id\":\"https:\/\/www.suno.com.br\/noticias\/bloqueios-caminhoneiros-eleicoes-prf\/#primaryimage\",\"url\":\"https:\/\/files.sunoresearch.com.br\/n\/uploads\/2022\/11\/bloqueio-estrada.jpg\",\"contentUrl\":\"https:\/\/files.sunoresearch.com.br\/n\/uploads\/2022\/11\/bloqueio-estrada.jpg\",\"width\":1200,\"height\":754,\"caption\":\"Foram mais de 700 desmobiliza\u00e7\u00f5es de bloqueios desde o in\u00edcio das opera\u00e7\u00f5es, segundo a PRF - Foto: Reprodu\u00e7\u00e3o\/PRF\"},{\"@type\":\"BreadcrumbList\",\"@id\":\"https:\/\/www.suno.com.br\/noticias\/bloqueios-caminhoneiros-eleicoes-prf\/#breadcrumb\",\"itemListElement\":[{\"@type\":\"ListItem\",\"position\":1,\"name\":\"Not\u00edcias\",\"item\":\"https:\/\/www.suno.com.br\/noticias\/\"},{\"@type\":\"ListItem\",\"position\":2,\"name\":\"Pol\u00edtica\",\"item\":\"https:\/\/www.suno.com.br\/noticias\/politica\/\"},{\"@type\":\"ListItem\",\"position\":3,\"name\":\"Todos os bloqueios em rodovias federais foram dissipados, diz PRF\"}]},{\"@type\":\"WebSite\",\"@id\":\"https:\/\/www.suno.com.br\/noticias\/#website\",\"url\":\"https:\/\/www.suno.com.br\/noticias\/\",\"name\":\"Suno Not\u00edcias\",\"description\":\"Seu portal de informa\u00e7\u00e3o sobre o mundo dos investimentos\",\"publisher\":{\"@id\":\"https:\/\/www.suno.com.br\/noticias\/#organization\"},\"potentialAction\":[{\"@type\":\"SearchAction\",\"target\":{\"@type\":\"EntryPoint\",\"urlTemplate\":\"https:\/\/www.suno.com.br\/noticias\/?s={search_term_string}\"},\"query-input\":{\"@type\":\"PropertyValueSpecification\",\"valueRequired\":true,\"valueName\":\"search_term_string\"}}],\"inLanguage\":\"pt-BR\"},{\"@type\":\"Organization\",\"@id\":\"https:\/\/www.suno.com.br\/noticias\/#organization\",\"name\":\"Suno Not\u00edcias\",\"url\":\"https:\/\/www.suno.com.br\/noticias\/\",\"logo\":{\"@type\":\"ImageObject\",\"inLanguage\":\"pt-BR\",\"@id\":\"https:\/\/www.suno.com.br\/noticias\/#\/schema\/logo\/image\/\",\"url\":\"https:\/\/files.sunoresearch.com.br\/n\/uploads\/2021\/09\/suno-logo.png\",\"contentUrl\":\"https:\/\/files.sunoresearch.com.br\/n\/uploads\/2021\/09\/suno-logo.png\",\"width\":180,\"height\":180,\"caption\":\"Suno Not\u00edcias\"},\"image\":{\"@id\":\"https:\/\/www.suno.com.br\/noticias\/#\/schema\/logo\/image\/\"},\"sameAs\":[\"https:\/\/facebook.com\/sunoresearch\",\"https:\/\/x.com\/sunoresearch\",\"https:\/\/www.instagram.com\/suno\",\"https:\/\/www.linkedin.com\/company\/suno-research\/\",\"https:\/\/www.youtube.com\/c\/sunoresearch\"]},{\"@type\":\"Person\",\"@id\":\"https:\/\/www.suno.com.br\/noticias\/#\/schema\/person\/7f4d362bf3518e76090143ae77bb49a5\",\"name\":\"Eduardo Vargas\",\"image\":{\"@type\":\"ImageObject\",\"inLanguage\":\"pt-BR\",\"@id\":\"https:\/\/www.suno.com.br\/noticias\/#\/schema\/person\/image\/\",\"url\":\"https:\/\/secure.gravatar.com\/avatar\/dac340933427a22924c9f99d1eb2e3f2?s=96&r=g\",\"contentUrl\":\"https:\/\/secure.gravatar.com\/avatar\/dac340933427a22924c9f99d1eb2e3f2?s=96&r=g\",\"caption\":\"Eduardo Vargas\"},\"description\":\"Jornalista formado pela UFSC, cobre macroeconomia, neg\u00f3cios e startups para o Suno Not\u00edcias, escrevendo principalmente not\u00edcias sobre o mercado financeiro e a bolsa de valores. No YouTube e no Instagram, \u00e9 respons\u00e1vel pela produ\u00e7\u00e3o de Reels e Shorts do Suno Not\u00edcias. Anteriormente, trabalhou cobrindo economia e cotidiano no ND+ e para o ND, maior jornal impresso de Santa Catarina. Cursou um semestre letivo de Estudos de M\u00eddia na Universidad de Buenos Aires.\",\"url\":\"https:\/\/www.suno.com.br\/noticias\/author\/eduardo-vargas\/\"}]}<\/script>\n<!-- \/ Yoast SEO plugin. -->","yoast_head_json":{"title":"Todos os bloqueios em rodovias federais foram dissipados, diz PRF","description":"Foram mais de 700 desmobiliza\u00e7\u00f5es de bloqueios feitas desde o in\u00edcio, segundo informes oficiais da PRF. Clique aqui e leia mais!","robots":{"index":"index","follow":"follow","max-snippet":"max-snippet:-1","max-image-preview":"max-image-preview:large","max-video-preview":"max-video-preview:-1"},"canonical":"https:\/\/www.suno.com.br\/noticias\/bloqueios-caminhoneiros-eleicoes-prf\/","og_locale":"pt_BR","og_type":"article","og_title":"Todos os bloqueios em rodovias federais foram dissipados, diz PRF","og_description":"Foram mais de 700 desmobiliza\u00e7\u00f5es de bloqueios feitas desde o in\u00edcio, segundo informes oficiais da PRF. Clique aqui e leia mais!","og_url":"https:\/\/www.suno.com.br\/noticias\/bloqueios-caminhoneiros-eleicoes-prf\/","og_site_name":"Suno Not\u00edcias","article_publisher":"https:\/\/facebook.com\/sunoresearch","og_image":[{"width":1200,"height":754,"url":"https:\/\/files.sunoresearch.com.br\/n\/uploads\/2022\/11\/bloqueio-estrada.jpg","type":"image\/jpeg"}],"author":"Eduardo Vargas","twitter_card":"summary_large_image","twitter_creator":"@sunoresearch","twitter_site":"@sunoresearch","twitter_misc":{"Escrito por":"Eduardo Vargas","Est. tempo de leitura":"3 minutos"},"schema":{"@context":"https:\/\/schema.org","@graph":[{"@type":"NewsArticle","@id":"https:\/\/www.suno.com.br\/noticias\/bloqueios-caminhoneiros-eleicoes-prf\/#article","isPartOf":{"@id":"https:\/\/www.suno.com.br\/noticias\/bloqueios-caminhoneiros-eleicoes-prf\/"},"author":{"name":"Eduardo Vargas","@id":"https:\/\/www.suno.com.br\/noticias\/#\/schema\/person\/7f4d362bf3518e76090143ae77bb49a5"},"headline":"Todos os bloqueios em rodovias federais foram dissipados, diz PRF","datePublished":"2022-11-04T11:08:00+00:00","dateModified":"2022-11-04T15:27:37+00:00","mainEntityOfPage":{"@id":"https:\/\/www.suno.com.br\/noticias\/bloqueios-caminhoneiros-eleicoes-prf\/"},"wordCount":396,"publisher":{"@id":"https:\/\/www.suno.com.br\/noticias\/#organization"},"image":{"@id":"https:\/\/www.suno.com.br\/noticias\/bloqueios-caminhoneiros-eleicoes-prf\/#primaryimage"},"thumbnailUrl":"https:\/\/files.sunoresearch.com.br\/n\/uploads\/2022\/11\/bloqueio-estrada.jpg","keywords":["Ag\u00eancias","Elei\u00e7\u00f5es","Jair Bolsonaro","Lula"],"articleSection":["Pol\u00edtica"],"inLanguage":"pt-BR"},{"@type":"WebPage","@id":"https:\/\/www.suno.com.br\/noticias\/bloqueios-caminhoneiros-eleicoes-prf\/","url":"https:\/\/www.suno.com.br\/noticias\/bloqueios-caminhoneiros-eleicoes-prf\/","name":"Todos os bloqueios em rodovias federais foram dissipados, diz PRF","isPartOf":{"@id":"https:\/\/www.suno.com.br\/noticias\/#website"},"primaryImageOfPage":{"@id":"https:\/\/www.suno.com.br\/noticias\/bloqueios-caminhoneiros-eleicoes-prf\/#primaryimage"},"image":{"@id":"https:\/\/www.suno.com.br\/noticias\/bloqueios-caminhoneiros-eleicoes-prf\/#primaryimage"},"thumbnailUrl":"https:\/\/files.sunoresearch.com.br\/n\/uploads\/2022\/11\/bloqueio-estrada.jpg","datePublished":"2022-11-04T11:08:00+00:00","dateModified":"2022-11-04T15:27:37+00:00","description":"Foram mais de 700 desmobiliza\u00e7\u00f5es de bloqueios feitas desde o in\u00edcio, segundo informes oficiais da PRF. Clique aqui e leia mais!","breadcrumb":{"@id":"https:\/\/www.suno.com.br\/noticias\/bloqueios-caminhoneiros-eleicoes-prf\/#breadcrumb"},"inLanguage":"pt-BR","potentialAction":[{"@type":"ReadAction","target":["https:\/\/www.suno.com.br\/noticias\/bloqueios-caminhoneiros-eleicoes-prf\/"]}]},{"@type":"ImageObject","inLanguage":"pt-BR","@id":"https:\/\/www.suno.com.br\/noticias\/bloqueios-caminhoneiros-eleicoes-prf\/#primaryimage","url":"https:\/\/files.sunoresearch.com.br\/n\/uploads\/2022\/11\/bloqueio-estrada.jpg","contentUrl":"https:\/\/files.sunoresearch.com.br\/n\/uploads\/2022\/11\/bloqueio-estrada.jpg","width":1200,"height":754,"caption":"Foram mais de 700 desmobiliza\u00e7\u00f5es de bloqueios desde o in\u00edcio das opera\u00e7\u00f5es, segundo a PRF - Foto: Reprodu\u00e7\u00e3o\/PRF"},{"@type":"BreadcrumbList","@id":"https:\/\/www.suno.com.br\/noticias\/bloqueios-caminhoneiros-eleicoes-prf\/#breadcrumb","itemListElement":[{"@type":"ListItem","position":1,"name":"Not\u00edcias","item":"https:\/\/www.suno.com.br\/noticias\/"},{"@type":"ListItem","position":2,"name":"Pol\u00edtica","item":"https:\/\/www.suno.com.br\/noticias\/politica\/"},{"@type":"ListItem","position":3,"name":"Todos os bloqueios em rodovias federais foram dissipados, diz PRF"}]},{"@type":"WebSite","@id":"https:\/\/www.suno.com.br\/noticias\/#website","url":"https:\/\/www.suno.com.br\/noticias\/","name":"Suno Not\u00edcias","description":"Seu portal de informa\u00e7\u00e3o sobre o mundo dos investimentos","publisher":{"@id":"https:\/\/www.suno.com.br\/noticias\/#organization"},"potentialAction":[{"@type":"SearchAction","target":{"@type":"EntryPoint","urlTemplate":"https:\/\/www.suno.com.br\/noticias\/?s={search_term_string}"},"query-input":{"@type":"PropertyValueSpecification","valueRequired":true,"valueName":"search_term_string"}}],"inLanguage":"pt-BR"},{"@type":"Organization","@id":"https:\/\/www.suno.com.br\/noticias\/#organization","name":"Suno Not\u00edcias","url":"https:\/\/www.suno.com.br\/noticias\/","logo":{"@type":"ImageObject","inLanguage":"pt-BR","@id":"https:\/\/www.suno.com.br\/noticias\/#\/schema\/logo\/image\/","url":"https:\/\/files.sunoresearch.com.br\/n\/uploads\/2021\/09\/suno-logo.png","contentUrl":"https:\/\/files.sunoresearch.com.br\/n\/uploads\/2021\/09\/suno-logo.png","width":180,"height":180,"caption":"Suno Not\u00edcias"},"image":{"@id":"https:\/\/www.suno.com.br\/noticias\/#\/schema\/logo\/image\/"},"sameAs":["https:\/\/facebook.com\/sunoresearch","https:\/\/x.com\/sunoresearch","https:\/\/www.instagram.com\/suno","https:\/\/www.linkedin.com\/company\/suno-research\/","https:\/\/www.youtube.com\/c\/sunoresearch"]},{"@type":"Person","@id":"https:\/\/www.suno.com.br\/noticias\/#\/schema\/person\/7f4d362bf3518e76090143ae77bb49a5","name":"Eduardo Vargas","image":{"@type":"ImageObject","inLanguage":"pt-BR","@id":"https:\/\/www.suno.com.br\/noticias\/#\/schema\/person\/image\/","url":"https:\/\/secure.gravatar.com\/avatar\/dac340933427a22924c9f99d1eb2e3f2?s=96&r=g","contentUrl":"https:\/\/secure.gravatar.com\/avatar\/dac340933427a22924c9f99d1eb2e3f2?s=96&r=g","caption":"Eduardo Vargas"},"description":"Jornalista formado pela UFSC, cobre macroeconomia, neg\u00f3cios e startups para o Suno Not\u00edcias, escrevendo principalmente not\u00edcias sobre o mercado financeiro e a bolsa de valores. No YouTube e no Instagram, \u00e9 respons\u00e1vel pela produ\u00e7\u00e3o de Reels e Shorts do Suno Not\u00edcias. Anteriormente, trabalhou cobrindo economia e cotidiano no ND+ e para o ND, maior jornal impresso de Santa Catarina. Cursou um semestre letivo de Estudos de M\u00eddia na Universidad de Buenos Aires.","url":"https:\/\/www.suno.com.br\/noticias\/author\/eduardo-vargas\/"}]}},"default_loop_html":"<div class=\"cardsPage__listCard__boxs\"><div class=\"cardsPage__listCard__boxs__img\"><a href=\"https:\/\/www.suno.com.br\/noticias\/bloqueios-caminhoneiros-eleicoes-prf\/\"><img class=\"mask\" src=\"https:\/\/www.suno.com.br\/noticias\/wp-content\/themes\/suno\/resources\/images\/spotlight\/spotlight1img\/bg-mask.png\" alt=\"Image Mask\"\/><img src=\"https:\/\/files.sunoresearch.com.br\/n\/uploads\/2022\/11\/bloqueio-estrada-400x200.jpg\" alt=\"Todos os bloqueios em rodovias federais foram dissipados, diz PRF\"\/><\/a><span class=\"spotlightCategory\"><a href=\"https:\/\/www.suno.com.br\/noticias\/politica\/\">Pol\u00edtica<\/a><\/span><\/div><div class=\"cardsPage__listCard__boxs__content\"><a href=\"https:\/\/www.suno.com.br\/noticias\/bloqueios-caminhoneiros-eleicoes-prf\/\"><h2 class=\"content__title\">Todos os bloqueios em rodovias federais foram dissipados, diz PRF<\/h2><\/a><div class=\"newsContent__article__meta\"><div class=\"newsContent__article__meta__authorBox\"><a href=\"https:\/\/www.suno.com.br\/noticias\/author\/eduardo-vargas\/\" class=\"authorBox__avatar noMobi\"><img src=\"https:\/\/secure.gravatar.com\/avatar\/dac340933427a22924c9f99d1eb2e3f2?s=96&#038;r=g\" alt=\"Eduardo Vargas\"><\/a><div class=\"authorBox__name\"><span>por\n\t\t\t<a href=\"https:\/\/www.suno.com.br\/noticias\/author\/eduardo-vargas\/\"><span itemprop=\"author\">Eduardo Vargas<\/span><\/a><\/span><time datetime=\"2022-11-04T08:08:00-03:00\" itemprop=\"datePublished\">04\/11\/2022 08:08<\/time><\/div><\/div><\/div><\/div><\/div>","single_layout":"posts","amp_enabled":true,"_links":{"self":[{"href":"https:\/\/www.suno.com.br\/noticias\/wp-json\/wp\/v2\/posts\/315462"}],"collection":[{"href":"https:\/\/www.suno.com.br\/noticias\/wp-json\/wp\/v2\/posts"}],"about":[{"href":"https:\/\/www.suno.com.br\/noticias\/wp-json\/wp\/v2\/types\/post"}],"author":[{"embeddable":true,"href":"https:\/\/www.suno.com.br\/noticias\/wp-json\/wp\/v2\/users\/73"}],"replies":[{"embeddable":true,"href":"https:\/\/www.suno.com.br\/noticias\/wp-json\/wp\/v2\/comments?post=315462"}],"version-history":[{"count":4,"href":"https:\/\/www.suno.com.br\/noticias\/wp-json\/wp\/v2\/posts\/315462\/revisions"}],"predecessor-version":[{"id":315634,"href":"https:\/\/www.suno.com.br\/noticias\/wp-json\/wp\/v2\/posts\/315462\/revisions\/315634"}],"wp:featuredmedia":[{"embeddable":true,"href":"https:\/\/www.suno.com.br\/noticias\/wp-json\/wp\/v2\/media\/315549"}],"wp:attachment":[{"href":"https:\/\/www.suno.com.br\/noticias\/wp-json\/wp\/v2\/media?parent=315462"}],"wp:term":[{"taxonomy":"category","embeddable":true,"href":"https:\/\/www.suno.com.br\/noticias\/wp-json\/wp\/v2\/categories?post=315462"},{"taxonomy":"post_tag","embeddable":true,"href":"https:\/\/www.suno.com.br\/noticias\/wp-json\/wp\/v2\/tags?post=315462"},{"taxonomy":"suno_strategy","embeddable":true,"href":"https:\/\/www.suno.com.br\/noticias\/wp-json\/wp\/v2\/suno_strategy?post=315462"}],"curies":[{"name":"wp","href":"https:\/\/api.w.org\/{rel}","templated":true}]}}