{"id":31535,"date":"2019-07-19T15:19:59","date_gmt":"2019-07-19T18:19:59","guid":{"rendered":"https:\/\/www.suno.com.br\/noticias\/?p=31535"},"modified":"2019-07-19T15:19:59","modified_gmt":"2019-07-19T18:19:59","slug":"intencao-consumo-cai-17-julho","status":"publish","type":"post","link":"https:\/\/www.suno.com.br\/noticias\/intencao-consumo-cai-17-julho\/","title":{"rendered":"Inten\u00e7\u00e3o de consumo das fam\u00edlias cai 1,7% em julho ante o \u00faltimo m\u00eas"},"content":{"rendered":"<p>A Inten\u00e7\u00e3o de Consumo das Fam\u00edlias (ICF)\u00a0caiu 1,7% em julho ante junho, essa \u00e9 a quinta redu\u00e7\u00e3o consecutiva do \u00edndice. A informa\u00e7\u00e3o foi publicada pela\u00a0<strong>Confedera\u00e7\u00e3o Nacional do Com\u00e9rcio de Bens, Servi\u00e7os e Turismo (CNC)<\/strong>.<\/p>\t<div class=\"wrapper-featured-image\">\n\t\t<figure class=\"spotlightImg\">\n\n\t\t\t<picture>\n\t\t\t\t<source media=\"(max-width: 768px)\" srcset=\"https:\/\/files.sunoresearch.com.br\/n\/uploads\/2019\/07\/88bdc2db-consumoo-400x200.webp\">\n\t\t\t\t<img loading=\"lazy\" decoding=\"async\" class=\"newsContent__article__imgCapa lazyloadDisabled newsContent__article__imgCapa--noCaption\" src=\"https:\/\/files.sunoresearch.com.br\/n\/uploads\/2019\/07\/88bdc2db-consumoo-800x450.webp\" width=\"800\" height=\"450\" alt=\"Inten\u00e7\u00e3o de consumo das fam\u00edlias cai 1,7% em julho ante o \u00faltimo m\u00eas\" fetchpriority=high \/>\n\t\t\t<\/picture>\n\n\t\t\t<figcaption class=\"wp-caption-text wp-caption-text--hide\">Inten\u00e7\u00e3o de consumo das fam\u00edlias cai 1,7% em julho ante o \u00faltimo m\u00eas<\/figcaption>\n\t\t<\/figure>\n\t<\/div>\n\n\n<p>Conforme as informa\u00e7\u00f5es divulgadas pela CNC,\u00a0o indicador registrou 89,8 pontos em julho em rela\u00e7\u00e3o aos 91,3 pontos de junho. A escala varia entre zero e 200 pontos. No entanto, a inten\u00e7\u00e3o de\u00a0<strong>consumo <\/strong>em julho\u00a0teve alta de 5,5 ante o mesmo m\u00eas de 2018.<\/p>\n<p>Os \u00fanicos meses deste ano que apresentaram alta na inten\u00e7\u00e3o de consumo foram janeiro e fevereiro. Os resultados para esses meses foram de 5,1% e 2,7%, respectivamente.<\/p>\n<h2>Causas para a redu\u00e7\u00e3o<\/h2>\n<p>A CNC\u00a0apontou as dificuldades das fam\u00edlias brasileiras e a insatisfa\u00e7\u00e3o com a economia como principais causas para a redu\u00e7\u00e3o.<\/p>\n<p>&#8220;A varia\u00e7\u00e3o de 1,7% mostra, pela quinta vez, uma relativa insatisfa\u00e7\u00e3o das fam\u00edlias com rela\u00e7\u00e3o ao momento da economia, uma certa frustra\u00e7\u00e3o em rela\u00e7\u00e3o ao in\u00edcio do ano e tamb\u00e9m que elas se apresentam bastante cautelosas em rela\u00e7\u00e3o aos gastos\u201d, explicou a confedera\u00e7\u00e3o.<\/p>\n<p>O presidente da CNC, Jos\u00e9 Roberto Tadros, afirmou que os consumidores continuam cautelosos pois h\u00e1 um alto \u00edndice de endividamento e dificuldade de ingressar no mercado de trabalho. Contudo, Tadros acredita que o cen\u00e1rio deve melhorar com a <strong>reforma da Previd\u00eancia<\/strong> e a <strong><a href=\"https:\/\/www.suno.com.br\/artigos\/reforma-tributaria\/\">reforma tribut\u00e1ria<\/a><\/strong>.<\/p>\n<h2>Consumo para aquecer a economia<\/h2>\n<p>Na \u00faltima quarta-feira (17), a equipe econ\u00f4mica do governo divulgou que liberar\u00e1 R$ 42 bi do <strong><a href=\"https:\/\/www.suno.com.br\/artigos\/fgts\/\">FGTS<\/a><\/strong>. Com a libera\u00e7\u00e3o, o minist\u00e9rio da Economia pretende aquecer a economia brasileira atrav\u00e9s do consumo.<\/p>\n<p>A expectativa do governo \u00e9 que a libera\u00e7\u00e3o do saldo das contas ativas e inativas impulsione o <a href=\"https:\/\/www.suno.com.br\/artigos\/o-produto-interno-bruto-pib\/\">PIB<\/a> para 1,1%. Portanto, registrando o mesmo \u00edndice dos \u00faltimos anos, durante o governo Michel Temer.<\/p>\n<p>A ag\u00eancia de classifica\u00e7\u00e3o de risco\u00a0Moody\u2019s divulgou uma pesquisa que indica que o consumo deve contribuir para a retomada do crescimento econ\u00f4mico no Brasil. Dessa forma, a pesquisa refor\u00e7a a inten\u00e7\u00e3o do governo federal.<\/p>\n<p><a href=\"https:\/\/www.suno.com.br\/noticias\/consumo-impulsionar-crescimento-economico\/\">Saiba mais: Consumo pode impulsionar crescimento do PIB brasileiro, diz Moody\u2019s<\/a><\/p>\n<p>Conforme a ag\u00eancia,\u00a0a melhora nas vendas\u00a0do varejo sustenta a economia nacional.\u00a0Al\u00e9m disso, a redu\u00e7\u00e3o do desemprego e a desacelera\u00e7\u00e3o da infla\u00e7\u00e3o tamb\u00e9m s\u00e3o essenciais para o aumento do PIB (Produto Interno Bruto).<\/p>\n<p>Segundo o vice-presidente da ag\u00eancia, Gersan Zurita, o aumento no n\u00famero de pessoas empregadas \u00e9 essencial para manter o crescimento do\u00a0<strong>consumo<\/strong>.<\/p>\n","protected":false},"excerpt":{"rendered":"<p>A Inten\u00e7\u00e3o de Consumo das Fam\u00edlias (ICF)\u00a0caiu 1,7% em julho ante junho, essa \u00e9 a quinta redu\u00e7\u00e3o consecutiva do \u00edndice. A informa\u00e7\u00e3o foi publicada pela\u00a0Confedera\u00e7\u00e3o Nacional do Com\u00e9rcio de Bens, Servi\u00e7os e Turismo (CNC). Inten\u00e7\u00e3o de consumo das fam\u00edlias cai 1,7% em julho ante o \u00faltimo m\u00eas Conforme as informa\u00e7\u00f5es divulgadas pela CNC,\u00a0o indicador registrou [&hellip;]<\/p>\n","protected":false},"author":18,"featured_media":31546,"comment_status":"closed","ping_status":"closed","sticky":false,"template":"","format":"standard","meta":[],"categories":[62],"tags":[1289,910,940,1286],"suno_strategy":[],"class_list":["post-31535","post","type-post","status-publish","format-standard","has-post-thumbnail","hentry","category-economia","tag-cnc","tag-fgts","tag-reforma-da-previdencia","tag-reforma-tributaria"],"yoast_head":"<!-- This site is optimized with the Yoast SEO plugin v24.4 - https:\/\/yoast.com\/wordpress\/plugins\/seo\/ -->\n<title>Inten\u00e7\u00e3o de consumo das fam\u00edlias cai 1,7% em julho ante o \u00faltimo m\u00eas<\/title>\n<meta name=\"description\" content=\"A Inten\u00e7\u00e3o de Consumo das Fam\u00edlias (ICF)\u00a0caiu 1,7% em julho, essa \u00e9 a quinta redu\u00e7\u00e3o consecutiva do \u00edndice. Clique para saber mais.\" \/>\n<meta name=\"robots\" content=\"index, follow, max-snippet:-1, max-image-preview:large, max-video-preview:-1\" \/>\n<link rel=\"canonical\" href=\"https:\/\/www.suno.com.br\/noticias\/intencao-consumo-cai-17-julho\/\" \/>\n<meta property=\"og:locale\" content=\"pt_BR\" \/>\n<meta property=\"og:type\" content=\"article\" \/>\n<meta property=\"og:title\" content=\"Inten\u00e7\u00e3o de consumo das fam\u00edlias cai 1,7% em julho ante o \u00faltimo m\u00eas\" \/>\n<meta property=\"og:description\" content=\"A Inten\u00e7\u00e3o de Consumo das Fam\u00edlias (ICF)\u00a0caiu 1,7% em julho, essa \u00e9 a quinta redu\u00e7\u00e3o consecutiva do \u00edndice. Clique para saber mais.\" \/>\n<meta property=\"og:url\" content=\"https:\/\/www.suno.com.br\/noticias\/intencao-consumo-cai-17-julho\/\" \/>\n<meta property=\"og:site_name\" content=\"Suno Not\u00edcias\" \/>\n<meta property=\"article:publisher\" content=\"https:\/\/facebook.com\/sunoresearch\" \/>\n<meta property=\"og:image\" content=\"https:\/\/files.sunoresearch.com.br\/n\/uploads\/2019\/07\/88bdc2db-consumoo.jpg\" \/>\n\t<meta property=\"og:image:width\" content=\"1024\" \/>\n\t<meta property=\"og:image:height\" content=\"768\" \/>\n\t<meta property=\"og:image:type\" content=\"image\/jpeg\" \/>\n<meta name=\"author\" content=\"Giovanna Oliveira\" \/>\n<meta name=\"twitter:card\" content=\"summary_large_image\" \/>\n<meta name=\"twitter:creator\" content=\"@sunoresearch\" \/>\n<meta name=\"twitter:site\" content=\"@sunoresearch\" \/>\n<meta name=\"twitter:label1\" content=\"Escrito por\" \/>\n\t<meta name=\"twitter:data1\" content=\"Giovanna Oliveira\" \/>\n\t<meta name=\"twitter:label2\" content=\"Est. tempo de leitura\" \/>\n\t<meta name=\"twitter:data2\" content=\"2 minutos\" \/>\n<script type=\"application\/ld+json\" class=\"yoast-schema-graph\">{\"@context\":\"https:\/\/schema.org\",\"@graph\":[{\"@type\":\"NewsArticle\",\"@id\":\"https:\/\/www.suno.com.br\/noticias\/intencao-consumo-cai-17-julho\/#article\",\"isPartOf\":{\"@id\":\"https:\/\/www.suno.com.br\/noticias\/intencao-consumo-cai-17-julho\/\"},\"author\":{\"name\":\"Giovanna Oliveira\",\"@id\":\"https:\/\/www.suno.com.br\/noticias\/#\/schema\/person\/4e19e3d2575736e5283d58eb3199d120\"},\"headline\":\"Inten\u00e7\u00e3o de consumo das fam\u00edlias cai 1,7% em julho ante o \u00faltimo m\u00eas\",\"datePublished\":\"2019-07-19T18:19:59+00:00\",\"mainEntityOfPage\":{\"@id\":\"https:\/\/www.suno.com.br\/noticias\/intencao-consumo-cai-17-julho\/\"},\"wordCount\":444,\"publisher\":{\"@id\":\"https:\/\/www.suno.com.br\/noticias\/#organization\"},\"image\":{\"@id\":\"https:\/\/www.suno.com.br\/noticias\/intencao-consumo-cai-17-julho\/#primaryimage\"},\"thumbnailUrl\":\"https:\/\/files.sunoresearch.com.br\/n\/uploads\/2019\/07\/88bdc2db-consumoo-jpg.webp\",\"keywords\":[\"CNC\",\"FGTS\",\"Reforma da Previd\u00eancia\",\"reforma tribut\u00e1ria\"],\"articleSection\":[\"Economia\"],\"inLanguage\":\"pt-BR\"},{\"@type\":\"WebPage\",\"@id\":\"https:\/\/www.suno.com.br\/noticias\/intencao-consumo-cai-17-julho\/\",\"url\":\"https:\/\/www.suno.com.br\/noticias\/intencao-consumo-cai-17-julho\/\",\"name\":\"Inten\u00e7\u00e3o de consumo das fam\u00edlias cai 1,7% em julho ante o \u00faltimo m\u00eas\",\"isPartOf\":{\"@id\":\"https:\/\/www.suno.com.br\/noticias\/#website\"},\"primaryImageOfPage\":{\"@id\":\"https:\/\/www.suno.com.br\/noticias\/intencao-consumo-cai-17-julho\/#primaryimage\"},\"image\":{\"@id\":\"https:\/\/www.suno.com.br\/noticias\/intencao-consumo-cai-17-julho\/#primaryimage\"},\"thumbnailUrl\":\"https:\/\/files.sunoresearch.com.br\/n\/uploads\/2019\/07\/88bdc2db-consumoo-jpg.webp\",\"datePublished\":\"2019-07-19T18:19:59+00:00\",\"description\":\"A Inten\u00e7\u00e3o de Consumo das Fam\u00edlias (ICF)\u00a0caiu 1,7% em julho, essa \u00e9 a quinta redu\u00e7\u00e3o consecutiva do \u00edndice. Clique para saber mais.\",\"breadcrumb\":{\"@id\":\"https:\/\/www.suno.com.br\/noticias\/intencao-consumo-cai-17-julho\/#breadcrumb\"},\"inLanguage\":\"pt-BR\",\"potentialAction\":[{\"@type\":\"ReadAction\",\"target\":[\"https:\/\/www.suno.com.br\/noticias\/intencao-consumo-cai-17-julho\/\"]}]},{\"@type\":\"ImageObject\",\"inLanguage\":\"pt-BR\",\"@id\":\"https:\/\/www.suno.com.br\/noticias\/intencao-consumo-cai-17-julho\/#primaryimage\",\"url\":\"https:\/\/files.sunoresearch.com.br\/n\/uploads\/2019\/07\/88bdc2db-consumoo-jpg.webp\",\"contentUrl\":\"https:\/\/files.sunoresearch.com.br\/n\/uploads\/2019\/07\/88bdc2db-consumoo-jpg.webp\",\"width\":1024,\"height\":768,\"caption\":\"Inten\u00e7\u00e3o de consumo das fam\u00edlias cai 1,7% em julho ante o \u00faltimo m\u00eas\"},{\"@type\":\"BreadcrumbList\",\"@id\":\"https:\/\/www.suno.com.br\/noticias\/intencao-consumo-cai-17-julho\/#breadcrumb\",\"itemListElement\":[{\"@type\":\"ListItem\",\"position\":1,\"name\":\"Not\u00edcias\",\"item\":\"https:\/\/www.suno.com.br\/noticias\/\"},{\"@type\":\"ListItem\",\"position\":2,\"name\":\"Economia\",\"item\":\"https:\/\/www.suno.com.br\/noticias\/economia\/\"},{\"@type\":\"ListItem\",\"position\":3,\"name\":\"Inten\u00e7\u00e3o de consumo das fam\u00edlias cai 1,7% em julho ante o \u00faltimo m\u00eas\"}]},{\"@type\":\"WebSite\",\"@id\":\"https:\/\/www.suno.com.br\/noticias\/#website\",\"url\":\"https:\/\/www.suno.com.br\/noticias\/\",\"name\":\"Suno Not\u00edcias\",\"description\":\"Seu portal de informa\u00e7\u00e3o sobre o mundo dos investimentos\",\"publisher\":{\"@id\":\"https:\/\/www.suno.com.br\/noticias\/#organization\"},\"potentialAction\":[{\"@type\":\"SearchAction\",\"target\":{\"@type\":\"EntryPoint\",\"urlTemplate\":\"https:\/\/www.suno.com.br\/noticias\/?s={search_term_string}\"},\"query-input\":{\"@type\":\"PropertyValueSpecification\",\"valueRequired\":true,\"valueName\":\"search_term_string\"}}],\"inLanguage\":\"pt-BR\"},{\"@type\":\"Organization\",\"@id\":\"https:\/\/www.suno.com.br\/noticias\/#organization\",\"name\":\"Suno Not\u00edcias\",\"url\":\"https:\/\/www.suno.com.br\/noticias\/\",\"logo\":{\"@type\":\"ImageObject\",\"inLanguage\":\"pt-BR\",\"@id\":\"https:\/\/www.suno.com.br\/noticias\/#\/schema\/logo\/image\/\",\"url\":\"https:\/\/files.sunoresearch.com.br\/n\/uploads\/2021\/09\/suno-logo.png\",\"contentUrl\":\"https:\/\/files.sunoresearch.com.br\/n\/uploads\/2021\/09\/suno-logo.png\",\"width\":180,\"height\":180,\"caption\":\"Suno Not\u00edcias\"},\"image\":{\"@id\":\"https:\/\/www.suno.com.br\/noticias\/#\/schema\/logo\/image\/\"},\"sameAs\":[\"https:\/\/facebook.com\/sunoresearch\",\"https:\/\/x.com\/sunoresearch\",\"https:\/\/www.instagram.com\/suno\",\"https:\/\/www.linkedin.com\/company\/suno-research\/\",\"https:\/\/www.youtube.com\/c\/sunoresearch\"]},{\"@type\":\"Person\",\"@id\":\"https:\/\/www.suno.com.br\/noticias\/#\/schema\/person\/4e19e3d2575736e5283d58eb3199d120\",\"name\":\"Giovanna Oliveira\",\"image\":{\"@type\":\"ImageObject\",\"inLanguage\":\"pt-BR\",\"@id\":\"https:\/\/www.suno.com.br\/noticias\/#\/schema\/person\/image\/\",\"url\":\"https:\/\/secure.gravatar.com\/avatar\/9a37b3ae208962ac568992d0ffdbc2eb?s=96&r=g\",\"contentUrl\":\"https:\/\/secure.gravatar.com\/avatar\/9a37b3ae208962ac568992d0ffdbc2eb?s=96&r=g\",\"caption\":\"Giovanna Oliveira\"},\"description\":\"Giovanna Oliveira escreve sobre economia e pol\u00edtica. Foi rep\u00f3rter do portal de jornalismo da ESPM-SP e produziu conte\u00fado para a Corinthians TV. \u00c9 estudante da ESPM.\",\"url\":\"https:\/\/www.suno.com.br\/noticias\/author\/giovanna\/\"}]}<\/script>\n<!-- \/ Yoast SEO plugin. -->","yoast_head_json":{"title":"Inten\u00e7\u00e3o de consumo das fam\u00edlias cai 1,7% em julho ante o \u00faltimo m\u00eas","description":"A Inten\u00e7\u00e3o de Consumo das Fam\u00edlias (ICF)\u00a0caiu 1,7% em julho, essa \u00e9 a quinta redu\u00e7\u00e3o consecutiva do \u00edndice. Clique para saber mais.","robots":{"index":"index","follow":"follow","max-snippet":"max-snippet:-1","max-image-preview":"max-image-preview:large","max-video-preview":"max-video-preview:-1"},"canonical":"https:\/\/www.suno.com.br\/noticias\/intencao-consumo-cai-17-julho\/","og_locale":"pt_BR","og_type":"article","og_title":"Inten\u00e7\u00e3o de consumo das fam\u00edlias cai 1,7% em julho ante o \u00faltimo m\u00eas","og_description":"A Inten\u00e7\u00e3o de Consumo das Fam\u00edlias (ICF)\u00a0caiu 1,7% em julho, essa \u00e9 a quinta redu\u00e7\u00e3o consecutiva do \u00edndice. Clique para saber mais.","og_url":"https:\/\/www.suno.com.br\/noticias\/intencao-consumo-cai-17-julho\/","og_site_name":"Suno Not\u00edcias","article_publisher":"https:\/\/facebook.com\/sunoresearch","og_image":[{"width":1024,"height":768,"url":"https:\/\/files.sunoresearch.com.br\/n\/uploads\/2019\/07\/88bdc2db-consumoo.jpg","type":"image\/jpeg"}],"author":"Giovanna Oliveira","twitter_card":"summary_large_image","twitter_creator":"@sunoresearch","twitter_site":"@sunoresearch","twitter_misc":{"Escrito por":"Giovanna Oliveira","Est. tempo de leitura":"2 minutos"},"schema":{"@context":"https:\/\/schema.org","@graph":[{"@type":"NewsArticle","@id":"https:\/\/www.suno.com.br\/noticias\/intencao-consumo-cai-17-julho\/#article","isPartOf":{"@id":"https:\/\/www.suno.com.br\/noticias\/intencao-consumo-cai-17-julho\/"},"author":{"name":"Giovanna Oliveira","@id":"https:\/\/www.suno.com.br\/noticias\/#\/schema\/person\/4e19e3d2575736e5283d58eb3199d120"},"headline":"Inten\u00e7\u00e3o de consumo das fam\u00edlias cai 1,7% em julho ante o \u00faltimo m\u00eas","datePublished":"2019-07-19T18:19:59+00:00","mainEntityOfPage":{"@id":"https:\/\/www.suno.com.br\/noticias\/intencao-consumo-cai-17-julho\/"},"wordCount":444,"publisher":{"@id":"https:\/\/www.suno.com.br\/noticias\/#organization"},"image":{"@id":"https:\/\/www.suno.com.br\/noticias\/intencao-consumo-cai-17-julho\/#primaryimage"},"thumbnailUrl":"https:\/\/files.sunoresearch.com.br\/n\/uploads\/2019\/07\/88bdc2db-consumoo-jpg.webp","keywords":["CNC","FGTS","Reforma da Previd\u00eancia","reforma tribut\u00e1ria"],"articleSection":["Economia"],"inLanguage":"pt-BR"},{"@type":"WebPage","@id":"https:\/\/www.suno.com.br\/noticias\/intencao-consumo-cai-17-julho\/","url":"https:\/\/www.suno.com.br\/noticias\/intencao-consumo-cai-17-julho\/","name":"Inten\u00e7\u00e3o de consumo das fam\u00edlias cai 1,7% em julho ante o \u00faltimo m\u00eas","isPartOf":{"@id":"https:\/\/www.suno.com.br\/noticias\/#website"},"primaryImageOfPage":{"@id":"https:\/\/www.suno.com.br\/noticias\/intencao-consumo-cai-17-julho\/#primaryimage"},"image":{"@id":"https:\/\/www.suno.com.br\/noticias\/intencao-consumo-cai-17-julho\/#primaryimage"},"thumbnailUrl":"https:\/\/files.sunoresearch.com.br\/n\/uploads\/2019\/07\/88bdc2db-consumoo-jpg.webp","datePublished":"2019-07-19T18:19:59+00:00","description":"A Inten\u00e7\u00e3o de Consumo das Fam\u00edlias (ICF)\u00a0caiu 1,7% em julho, essa \u00e9 a quinta redu\u00e7\u00e3o consecutiva do \u00edndice. Clique para saber mais.","breadcrumb":{"@id":"https:\/\/www.suno.com.br\/noticias\/intencao-consumo-cai-17-julho\/#breadcrumb"},"inLanguage":"pt-BR","potentialAction":[{"@type":"ReadAction","target":["https:\/\/www.suno.com.br\/noticias\/intencao-consumo-cai-17-julho\/"]}]},{"@type":"ImageObject","inLanguage":"pt-BR","@id":"https:\/\/www.suno.com.br\/noticias\/intencao-consumo-cai-17-julho\/#primaryimage","url":"https:\/\/files.sunoresearch.com.br\/n\/uploads\/2019\/07\/88bdc2db-consumoo-jpg.webp","contentUrl":"https:\/\/files.sunoresearch.com.br\/n\/uploads\/2019\/07\/88bdc2db-consumoo-jpg.webp","width":1024,"height":768,"caption":"Inten\u00e7\u00e3o de consumo das fam\u00edlias cai 1,7% em julho ante o \u00faltimo m\u00eas"},{"@type":"BreadcrumbList","@id":"https:\/\/www.suno.com.br\/noticias\/intencao-consumo-cai-17-julho\/#breadcrumb","itemListElement":[{"@type":"ListItem","position":1,"name":"Not\u00edcias","item":"https:\/\/www.suno.com.br\/noticias\/"},{"@type":"ListItem","position":2,"name":"Economia","item":"https:\/\/www.suno.com.br\/noticias\/economia\/"},{"@type":"ListItem","position":3,"name":"Inten\u00e7\u00e3o de consumo das fam\u00edlias cai 1,7% em julho ante o \u00faltimo m\u00eas"}]},{"@type":"WebSite","@id":"https:\/\/www.suno.com.br\/noticias\/#website","url":"https:\/\/www.suno.com.br\/noticias\/","name":"Suno Not\u00edcias","description":"Seu portal de informa\u00e7\u00e3o sobre o mundo dos investimentos","publisher":{"@id":"https:\/\/www.suno.com.br\/noticias\/#organization"},"potentialAction":[{"@type":"SearchAction","target":{"@type":"EntryPoint","urlTemplate":"https:\/\/www.suno.com.br\/noticias\/?s={search_term_string}"},"query-input":{"@type":"PropertyValueSpecification","valueRequired":true,"valueName":"search_term_string"}}],"inLanguage":"pt-BR"},{"@type":"Organization","@id":"https:\/\/www.suno.com.br\/noticias\/#organization","name":"Suno Not\u00edcias","url":"https:\/\/www.suno.com.br\/noticias\/","logo":{"@type":"ImageObject","inLanguage":"pt-BR","@id":"https:\/\/www.suno.com.br\/noticias\/#\/schema\/logo\/image\/","url":"https:\/\/files.sunoresearch.com.br\/n\/uploads\/2021\/09\/suno-logo.png","contentUrl":"https:\/\/files.sunoresearch.com.br\/n\/uploads\/2021\/09\/suno-logo.png","width":180,"height":180,"caption":"Suno Not\u00edcias"},"image":{"@id":"https:\/\/www.suno.com.br\/noticias\/#\/schema\/logo\/image\/"},"sameAs":["https:\/\/facebook.com\/sunoresearch","https:\/\/x.com\/sunoresearch","https:\/\/www.instagram.com\/suno","https:\/\/www.linkedin.com\/company\/suno-research\/","https:\/\/www.youtube.com\/c\/sunoresearch"]},{"@type":"Person","@id":"https:\/\/www.suno.com.br\/noticias\/#\/schema\/person\/4e19e3d2575736e5283d58eb3199d120","name":"Giovanna Oliveira","image":{"@type":"ImageObject","inLanguage":"pt-BR","@id":"https:\/\/www.suno.com.br\/noticias\/#\/schema\/person\/image\/","url":"https:\/\/secure.gravatar.com\/avatar\/9a37b3ae208962ac568992d0ffdbc2eb?s=96&r=g","contentUrl":"https:\/\/secure.gravatar.com\/avatar\/9a37b3ae208962ac568992d0ffdbc2eb?s=96&r=g","caption":"Giovanna Oliveira"},"description":"Giovanna Oliveira escreve sobre economia e pol\u00edtica. Foi rep\u00f3rter do portal de jornalismo da ESPM-SP e produziu conte\u00fado para a Corinthians TV. \u00c9 estudante da ESPM.","url":"https:\/\/www.suno.com.br\/noticias\/author\/giovanna\/"}]}},"default_loop_html":"<div class=\"cardsPage__listCard__boxs\"><div class=\"cardsPage__listCard__boxs__img\"><a href=\"https:\/\/www.suno.com.br\/noticias\/intencao-consumo-cai-17-julho\/\"><img class=\"mask\" src=\"https:\/\/www.suno.com.br\/noticias\/wp-content\/themes\/suno\/resources\/images\/spotlight\/spotlight1img\/bg-mask.png\" alt=\"Image Mask\"\/><img src=\"https:\/\/files.sunoresearch.com.br\/n\/uploads\/2019\/07\/88bdc2db-consumoo-400x200.webp\" alt=\"Inten\u00e7\u00e3o de consumo das fam\u00edlias cai 1,7% em julho ante o \u00faltimo m\u00eas\"\/><\/a><span class=\"spotlightCategory\"><a href=\"https:\/\/www.suno.com.br\/noticias\/economia\/\">Economia<\/a><\/span><\/div><div class=\"cardsPage__listCard__boxs__content\"><a href=\"https:\/\/www.suno.com.br\/noticias\/intencao-consumo-cai-17-julho\/\"><h2 class=\"content__title\">Inten\u00e7\u00e3o de consumo das fam\u00edlias cai 1,7% em julho ante o \u00faltimo m\u00eas<\/h2><\/a><div class=\"newsContent__article__meta\"><div class=\"newsContent__article__meta__authorBox\"><a href=\"https:\/\/www.suno.com.br\/noticias\/author\/giovanna\/\" class=\"authorBox__avatar noMobi\"><img src=\"https:\/\/files.sunoresearch.com.br\/n\/uploads\/2019\/06\/952a89ca-screenshot_20190608-171507-150x150.webp\" alt=\"Giovanna Oliveira\"><\/a><div class=\"authorBox__name\"><span>por\n\t\t\t<a href=\"https:\/\/www.suno.com.br\/noticias\/author\/giovanna\/\"><span itemprop=\"author\">Giovanna Oliveira<\/span><\/a><\/span><time datetime=\"2019-07-19T15:19:59-03:00\" itemprop=\"datePublished\">19\/07\/2019 15:19<\/time><\/div><\/div><\/div><\/div><\/div>","single_layout":"posts","amp_enabled":true,"_links":{"self":[{"href":"https:\/\/www.suno.com.br\/noticias\/wp-json\/wp\/v2\/posts\/31535"}],"collection":[{"href":"https:\/\/www.suno.com.br\/noticias\/wp-json\/wp\/v2\/posts"}],"about":[{"href":"https:\/\/www.suno.com.br\/noticias\/wp-json\/wp\/v2\/types\/post"}],"author":[{"embeddable":true,"href":"https:\/\/www.suno.com.br\/noticias\/wp-json\/wp\/v2\/users\/18"}],"replies":[{"embeddable":true,"href":"https:\/\/www.suno.com.br\/noticias\/wp-json\/wp\/v2\/comments?post=31535"}],"version-history":[{"count":0,"href":"https:\/\/www.suno.com.br\/noticias\/wp-json\/wp\/v2\/posts\/31535\/revisions"}],"wp:featuredmedia":[{"embeddable":true,"href":"https:\/\/www.suno.com.br\/noticias\/wp-json\/wp\/v2\/media\/31546"}],"wp:attachment":[{"href":"https:\/\/www.suno.com.br\/noticias\/wp-json\/wp\/v2\/media?parent=31535"}],"wp:term":[{"taxonomy":"category","embeddable":true,"href":"https:\/\/www.suno.com.br\/noticias\/wp-json\/wp\/v2\/categories?post=31535"},{"taxonomy":"post_tag","embeddable":true,"href":"https:\/\/www.suno.com.br\/noticias\/wp-json\/wp\/v2\/tags?post=31535"},{"taxonomy":"suno_strategy","embeddable":true,"href":"https:\/\/www.suno.com.br\/noticias\/wp-json\/wp\/v2\/suno_strategy?post=31535"}],"curies":[{"name":"wp","href":"https:\/\/api.w.org\/{rel}","templated":true}]}}