{"id":315317,"date":"2022-11-03T21:27:37","date_gmt":"2022-11-04T00:27:37","guid":{"rendered":"https:\/\/www.suno.com.br\/noticias\/?p=315317"},"modified":"2022-11-03T21:34:13","modified_gmt":"2022-11-04T00:34:13","slug":"relator-aponta-teto-de-gastos-pec-da-transicao","status":"publish","type":"post","link":"https:\/\/www.suno.com.br\/noticias\/relator-aponta-teto-de-gastos-pec-da-transicao\/","title":{"rendered":"PEC da Transi\u00e7\u00e3o: relator prev\u00ea m\u00ednimo de R$ 100 bi fora do teto de gastos"},"content":{"rendered":"<p>Marcelo Castro (MDB-PI), relator do Projeto de <a class=\"suno-keyword\" href=\"https:\/\/www.suno.com.br\/artigos\/lei-orcamentaria-anual\/\" target=\"_blank\" rel=\"noopener\" data-force=\"no\" data-priority=\"2\">Lei Or\u00e7ament\u00e1ria Anual<\/a> (PLOA) de 2023, disse nesta quinta-feira (3) que as contas feitas por ele apontam para um espa\u00e7o fiscal de pelo menos R$ 100 bilh\u00f5es fora do <a class=\"suno-keyword\" href=\"https:\/\/www.suno.com.br\/artigos\/teto-de-gastos\/\" target=\"_blank\" rel=\"noopener\" data-force=\"no\" data-priority=\"1\">teto de gastos<\/a>, mas que o montante final a ser inclu\u00eddo na proposta de emenda \u00e0 Constitui\u00e7\u00e3o, a <strong>PEC da Transi\u00e7\u00e3o<\/strong>. depender\u00e1 de um entendimento da equipe do governo eleito.<\/p>\t<div class=\"wrapper-featured-image\">\n\t\t<figure class=\"spotlightImg\">\n\n\t\t\t<picture>\n\t\t\t\t<source media=\"(max-width: 768px)\" srcset=\"https:\/\/files.sunoresearch.com.br\/n\/uploads\/2022\/11\/Alckmin-transicao-400x200.jpg\">\n\t\t\t\t<img loading=\"lazy\" decoding=\"async\" class=\"newsContent__article__imgCapa lazyloadDisabled \" src=\"https:\/\/files.sunoresearch.com.br\/n\/uploads\/2022\/11\/Alckmin-transicao-800x450.jpg\" width=\"800\" height=\"450\" alt=\"PEC da Transi\u00e7\u00e3o: relator prev\u00ea m\u00ednimo de R$ 100 bi fora do teto de gastos\" fetchpriority=high \/>\n\t\t\t<\/picture>\n\n\t\t\t<figcaption class=\"wp-caption-text wp-caption-text--show\">PEC da Transi\u00e7\u00e3o. Foto: Marcelo Camargo\/Ag\u00eancia Brasil<\/figcaption>\n\t\t<\/figure>\n\t<\/div>\n\n\n\t<p>\n\t\t<a href=\"https:\/\/lp2.suno.com.br\/cl\/black-friday-2025\/?utm_campaign=_SNCDF0E4858_\" target=\"_blank\" data-element=\"shortcode-suno-banner\" title=\"Banner SUNO, clique e saiba mais\">\n\t\t\t<picture>\n\t\t\t\t<source media=\"(max-width: 500px)\" srcset=\"https:\/\/files.sunoresearch.com.br\/n\/uploads\/2025\/10\/Artigos-e-Noticias-Banner-Home-artigos-01-Mobile_-400x300-1-png.webp\">\n\t\t\t\t<img class=\"newsContent__article__imgCapa newsContent__article__imgCapa--banner\"\n\t\t\t\t\tsrc=\"https:\/\/files.sunoresearch.com.br\/n\/uploads\/2025\/10\/Artigos-e-Noticias-Banner-Home-artigos-01-Desktop_-1420x240-1-png.webp\"\n\t\t\t\t\tdata-promo-id=\"311259\"\t\t\t\t\t\t\t\t\t\twidth='1420' height='240'\t\t\t\t\talt=\"https:\/\/files.sunoresearch.com.br\/n\/uploads\/2025\/10\/Artigos-e-Noticias-Banner-Home-artigos-01-Desktop_-1420x240-1-png.webp\"\n\t\t\t\t>\n\t\t\t<\/picture>\n\t\t<\/a>\n\t<\/p>\n\n\n<p>\u201cEu nunca disse que seria de R$ 100 bilh\u00f5es. Falei que todas as contas que a gente faz d\u00e3o um valor superior a R$ 100 bi, mas podem ser R$ 160 bilh\u00f5es, R$ 200 bilh\u00f5es. A equipe de transi\u00e7\u00e3o do governo eleito ficou com o compromisso de dizer quantos bilh\u00f5es eles querem deixar <strong>fora do teto<\/strong>&#8220;, explicou.<\/p>\n<p>A fala vem em meio \u00e0 discuss\u00e3o sobre como o or\u00e7amento ir\u00e1 custear programas de transfer\u00eancia de renda como o <strong>Bolsa Fam\u00edlia<\/strong> [Aux\u00edlio Brasil].<\/p>\n<p>Al\u00e9m disso, o governo eleito prometeu reajustar o <strong><a class=\"suno-keyword\" href=\"https:\/\/www.suno.com.br\/artigos\/salario-minimo\/\" target=\"_blank\" rel=\"noopener\" data-force=\"no\" data-priority=\"3\">sal\u00e1rio m\u00ednimo<\/a><\/strong> acima da infla\u00e7\u00e3o e isentar o <strong>Imposto de Renda<\/strong> at\u00e9 R$ 5 mil, o que, nas contas de Marcelo Castro, teria um impacto adicional de R$ 40 bilh\u00f5es.<\/p>\n<p>&#8220;N\u00f3s temos que resolver tudo muito r\u00e1pido. Precisamos ser pontuais, objetivos e pr\u00e1ticos porque n\u00e3o h\u00e1 tempo. N\u00f3s temos de ir para o fundamental e inadi\u00e1vel. O novo governo vai come\u00e7ar no pr\u00f3ximo ano e a\u00ed far\u00e1 toda a reformula\u00e7\u00e3o, toda sua proposta&#8221;, complementou Castro.<\/p>\n<p>A ideia da PEC da Transi\u00e7\u00e3o foi apresentada nesta quinta-feira por Castro ap\u00f3s a primeira reuni\u00e3o com a <strong>equipe de transi\u00e7\u00e3o<\/strong> de Lula, de responsabilidade do vice-presidente eleito, <strong>Geraldo Alckmin<\/strong> (PSB).<\/p>\n<p>A aprova\u00e7\u00e3o dessa PEC precisa ocorrer ainda em dezembro para viabilizar pagamentos de janeiro de 2023. Esse tipo de proposta exige apoio de tr\u00eas quintos dos deputados e dos senadores, em duas vota\u00e7\u00f5es em cada Casa.<\/p>\n\t<p>\n\t\t<a href=\"https:\/\/lp.suno.com.br\/ebook-como-analisar-uma-acao\/\" target=\"_blank\" data-element=\"shortcode-suno-banner\" title=\"Banner SUNO, clique e saiba mais\">\n\t\t\t<picture>\n\t\t\t\t<source media=\"(max-width: 500px)\" srcset=\"https:\/\/files.sunoresearch.com.br\/n\/uploads\/2023\/03\/Ebook-Acoes-Mobile-1.jpg\">\n\t\t\t\t<img class=\"newsContent__article__imgCapa newsContent__article__imgCapa--banner\"\n\t\t\t\t\tsrc=\"https:\/\/files.sunoresearch.com.br\/n\/uploads\/2023\/03\/Ebook-Acoes-Desktop-1.jpg\"\n\t\t\t\t\tdata-promo-id=\"171998\"\t\t\t\t\t\t\t\t\t\twidth='1420' height='286'\t\t\t\t\talt=\"https:\/\/files.sunoresearch.com.br\/n\/uploads\/2023\/03\/Ebook-Acoes-Desktop-1.jpg\"\n\t\t\t\t>\n\t\t\t<\/picture>\n\t\t<\/a>\n\t<\/p>\n\n\n<h2>Transi\u00e7\u00e3o quer espa\u00e7o no Or\u00e7amento para Farm\u00e1cia Popular e merenda<\/h2>\n<p>A reuni\u00e3o entre o vice-presidente eleito, Geraldo Alckmin, e o relator-geral da Comiss\u00e3o Mista de Or\u00e7amento, senador Marcelo Castro (MDB-PI) foi o pontap\u00e9 inicial para o in\u00edcio de reuni\u00f5es da equipe de transi\u00e7\u00e3o do presidente eleito, Luiz In\u00e1cio Lula da Silva. O objetivo \u00e9 discutir as adequa\u00e7\u00f5es do Or\u00e7amento e arranjar espa\u00e7o para programas sociais que perderam recursos.<\/p>\n<p>Al\u00e9m de garantir um Aux\u00edlio Brasil no valor de R$ 600, a ideia do novo governo \u00e9 repor recursos do programa Farm\u00e1cia Popular, que sofreu cortes na proposta do atual governo para o <strong>Or\u00e7amento de 2023<\/strong>. O dinheiro para a merenda escolar tamb\u00e9m deve ganhar reajuste.<\/p>\n<p>\u201cTratamos nesta fase dos pontos cr\u00edticos para, a partir deles, chegar aos n\u00fameros necess\u00e1rios para o ano de 2023. Com base nisso, a equipe t\u00e9cnica est\u00e1 voltada para trabalhar nos levantamentos para que possa nos apresentar qual \u00e9 o valor necess\u00e1rio para cada \u00e1rea. Qual \u00e9 o valor necess\u00e1rio para farm\u00e1cia popular? Para merenda escolar? E com base nisso teremos a defini\u00e7\u00e3o de um n\u00famero\u201d, afirmou Wellington Dias (PT), senador eleito pelo Piau\u00ed e um dos respons\u00e1veis por discutir o Or\u00e7amento no per\u00edodo de transi\u00e7\u00e3o.<\/p>\n<p>Dias se encontrou, no fim da tarde de hoje (3), com os senadores Jean Paul Prates (PT-RN), Paulo Rocha (PT-PA), Acir Gurgacz (PDT-RO), al\u00e9m dos deputados Jos\u00e9 Guimar\u00e3es (PT-CE), Paulo Pimenta (PT-RS) e Enio Verri (PT-PR) na sala da lideran\u00e7a do PT no Senado. Dias e a equipe t\u00e9cnica pretendem apresentar na ter\u00e7a-feira (8) o valor necess\u00e1rio para garantir os programas sociais e os R$ 600 do aux\u00edlio no ano que vem. O atual governo previu no projeto da Lei Or\u00e7ament\u00e1ria Anual (LOA) de 2023, enviado para o Congresso, um aux\u00edlio no valor de R$ 405.<\/p>\n<p>\u201cTer\u00e7a-feira \u00e9 uma data muito importante para que a gente tenha solu\u00e7\u00e3o sobre o entendimento para o texto da emenda constitucional e tamb\u00e9m a apresenta\u00e7\u00e3o dos valores, para dar tempo de votar nas duas Casas, tanto a lei or\u00e7ament\u00e1ria com as altera\u00e7\u00f5es e tamb\u00e9m para garantir a aprova\u00e7\u00e3o da emenda constitucional\u201d, disse o senador eleito e integrante da equipe de transi\u00e7\u00e3o.<\/p>\n<h2>Wellington Dias, sobre PEC: n\u00e3o \u00e9 cheque em branco porque ter\u00e1 valores no Or\u00e7amento<\/h2>\n<p>O senador eleito Wellington Dias (PT-PI) negou nesta quinta-feira, 3, que a PEC da transi\u00e7\u00e3o seja um &#8220;cheque em branco&#8221;. Escolhido pelo presidente eleito Luiz In\u00e1cio Lula da Silva para liderar as <strong>discuss\u00f5es sobre o Or\u00e7amento<\/strong> em Bras\u00edlia, ele argumentou que haver\u00e1 uma defini\u00e7\u00e3o de valores na Lei Or\u00e7ament\u00e1ria Anual (LOA). A equipe da transi\u00e7\u00e3o negocia a Proposta de Emenda \u00e0 Constitui\u00e7\u00e3o para deixar promessas de campanha fora do teto de gastos &#8211; a regra que limita o crescimento das despesas do governo \u00e0 infla\u00e7\u00e3o do ano anterior.<\/p>\n<p>&#8220;N\u00e3o \u00e9 um cheque em branco porque ele tem uma defini\u00e7\u00e3o de valores a partir da Lei Or\u00e7ament\u00e1ria, isso \u00e9 o que \u00e9 praticado aqui na C\u00e2mara e no Senado&#8221;, disse Dias, ao sair de uma reuni\u00e3o no Senado com parlamentares petistas. &#8220;N\u00f3s temos equipes t\u00e9cnicas que est\u00e3o trabalhando em conjunto, das duas Casas, C\u00e2mara Senado, integradas com o relator do Or\u00e7amento, o presidente da Comiss\u00e3o de Or\u00e7amento. E, tratamos nesta fase aqui, dos pontos cr\u00edticos para, a partir deles, chegarmos aos n\u00fameros, aos valores necess\u00e1rios para o ano de 2023 em cada \u00e1rea&#8221;, emendou. A ideia da equipe de transi\u00e7\u00e3o \u00e9 fechar o texto da PEC na pr\u00f3xima ter\u00e7a-feira, 8.<\/p>\n<p>Mais cedo, o coordenador da bancada do PT na Comiss\u00e3o Mista de Or\u00e7amento (CMO), deputado Enio Verri (PR), havia explicado que a PEC da transi\u00e7\u00e3o n\u00e3o trar\u00e1 valores definidos para a excepcionaliza\u00e7\u00e3o que o novo governo deseja ao teto de gastos. Segundo ele, e como foi confirmado por Wellington Dias, o texto trar\u00e1 a autoriza\u00e7\u00e3o para se gastar mais em algumas pol\u00edticas, e o valor exato ser\u00e1 ajustado diretamente na LOA do ano que vem.<\/p>\n<p>A prioridade de Lula com a PEC \u00e9 garantir a manuten\u00e7\u00e3o do valor de R$ 600 do Aux\u00edlio Brasil. Tamb\u00e9m est\u00e1 em negocia\u00e7\u00e3o o adicional de R$ 150 para m\u00e3es benefici\u00e1rias do programa social que t\u00eam filhos de at\u00e9 6 anos, o aumento real do sal\u00e1rio m\u00ednimo e a recomposi\u00e7\u00e3o de recursos para Sa\u00fade, Educa\u00e7\u00e3o, Farm\u00e1cia Popular e merenda escolar.<\/p>\n<p>Participaram da reuni\u00e3o com Wellington Dias o l\u00edder do PT na C\u00e2mara, Reginaldo Lopes (MG), o l\u00edder do partido no Senado, Paulo Rocha (PA), o l\u00edder da minoria no Senado, Jean Paul Prates (PT-RN), e os deputados federais Rui Falc\u00e3o (PT-SP), Jos\u00e9 Guimar\u00e3es (PT-CE) e Paulo Pimenta (PT-RS).<\/p>\n<p>Mais cedo, Wellington Dias participou de reuni\u00f5es no Tribunal de Contas da Uni\u00e3o (TCU), depois de ter se encontrado com o relator-geral do Or\u00e7amento do ano que vem, senador Marcelo Castro (MDB-PI), reuni\u00e3o da qual tamb\u00e9m participaram o vice-presidente eleito Geraldo Alckmin (PSB) e o ex-ministro Aloizio Mercadante, que coordenou o plano de governo de Lula. O tema era fazer com que a<strong> PEC da Transi\u00e7\u00e3o<\/strong> acomode propostas do governo eleito.<\/p>\n<p class=\"newsProviderSignature\"><em>Com Estad\u00e3o Conte\u00fado e Ag\u00eancia Brasil<\/em><\/p>\n<p>&nbsp;<\/p>\n","protected":false},"excerpt":{"rendered":"<p>Marcelo Castro (MDB-PI), relator do Projeto de Lei Or\u00e7ament\u00e1ria Anual (PLOA) de 2023, disse nesta quinta-feira (3) que as contas feitas por ele apontam para um espa\u00e7o fiscal de pelo menos R$ 100 bilh\u00f5es fora do teto de gastos, mas que o montante final a ser inclu\u00eddo na proposta de emenda \u00e0 Constitui\u00e7\u00e3o, a PEC [&hellip;]<\/p>\n","protected":false},"author":43,"featured_media":315418,"comment_status":"closed","ping_status":"closed","sticky":false,"template":"","format":"standard","meta":[],"categories":[61],"tags":[901,83329],"suno_strategy":[],"class_list":["post-315317","post","type-post","status-publish","format-standard","has-post-thumbnail","hentry","category-politica","tag-congresso-nacional","tag-teto-de-gastos"],"yoast_head":"<!-- This site is optimized with the Yoast SEO plugin v24.4 - https:\/\/yoast.com\/wordpress\/plugins\/seo\/ -->\n<title>PEC da Transi\u00e7\u00e3o: relator prev\u00ea R$ 100 bi fora do teto de gastos<\/title>\n<meta name=\"description\" content=\"Marcelo Castro (MDB-PI), relator do Or\u00e7amento de 2023, disse que R$ 100 bilh\u00f5es da PEC de transi\u00e7\u00e3o devem ficar fora do teto de gastos.\" \/>\n<meta name=\"robots\" content=\"index, follow, max-snippet:-1, max-image-preview:large, max-video-preview:-1\" \/>\n<link rel=\"canonical\" href=\"https:\/\/www.suno.com.br\/noticias\/relator-aponta-teto-de-gastos-pec-da-transicao\/\" \/>\n<meta property=\"og:locale\" content=\"pt_BR\" \/>\n<meta property=\"og:type\" content=\"article\" \/>\n<meta property=\"og:title\" content=\"PEC da Transi\u00e7\u00e3o: relator prev\u00ea R$ 100 bi fora do teto de gastos\" \/>\n<meta property=\"og:description\" content=\"Marcelo Castro (MDB-PI), relator do Or\u00e7amento de 2023, disse que R$ 100 bilh\u00f5es da PEC de transi\u00e7\u00e3o devem ficar fora do teto de gastos.\" \/>\n<meta property=\"og:url\" content=\"https:\/\/www.suno.com.br\/noticias\/relator-aponta-teto-de-gastos-pec-da-transicao\/\" \/>\n<meta property=\"og:site_name\" content=\"Suno Not\u00edcias\" \/>\n<meta property=\"article:publisher\" content=\"https:\/\/facebook.com\/sunoresearch\" \/>\n<meta property=\"article:author\" content=\"https:\/\/www.facebook.com\/sunonoticias\/\" \/>\n<meta property=\"og:image\" content=\"https:\/\/files.sunoresearch.com.br\/n\/uploads\/2022\/11\/Alckmin-transicao.jpg\" \/>\n\t<meta property=\"og:image:width\" content=\"1350\" \/>\n\t<meta property=\"og:image:height\" content=\"808\" \/>\n\t<meta property=\"og:image:type\" content=\"image\/jpeg\" \/>\n<meta name=\"author\" content=\"Reda\u00e7\u00e3o Suno Not\u00edcias\" \/>\n<meta name=\"twitter:card\" content=\"summary_large_image\" \/>\n<meta name=\"twitter:creator\" content=\"@https:\/\/twitter.com\/sunoresearch\" \/>\n<meta name=\"twitter:site\" content=\"@sunoresearch\" \/>\n<meta name=\"twitter:label1\" content=\"Escrito por\" \/>\n\t<meta name=\"twitter:data1\" content=\"Reda\u00e7\u00e3o Suno Not\u00edcias\" \/>\n\t<meta name=\"twitter:label2\" content=\"Est. tempo de leitura\" \/>\n\t<meta name=\"twitter:data2\" content=\"7 minutos\" \/>\n<script type=\"application\/ld+json\" class=\"yoast-schema-graph\">{\"@context\":\"https:\/\/schema.org\",\"@graph\":[{\"@type\":\"NewsArticle\",\"@id\":\"https:\/\/www.suno.com.br\/noticias\/relator-aponta-teto-de-gastos-pec-da-transicao\/#article\",\"isPartOf\":{\"@id\":\"https:\/\/www.suno.com.br\/noticias\/relator-aponta-teto-de-gastos-pec-da-transicao\/\"},\"author\":{\"name\":\"Reda\u00e7\u00e3o Suno Not\u00edcias\",\"@id\":\"https:\/\/www.suno.com.br\/noticias\/#\/schema\/person\/c1b1bd3727fa852bd045e9dbff3673ea\"},\"headline\":\"PEC da Transi\u00e7\u00e3o: relator prev\u00ea m\u00ednimo de R$ 100 bi fora do teto de gastos\",\"datePublished\":\"2022-11-04T00:27:37+00:00\",\"dateModified\":\"2022-11-04T00:34:13+00:00\",\"mainEntityOfPage\":{\"@id\":\"https:\/\/www.suno.com.br\/noticias\/relator-aponta-teto-de-gastos-pec-da-transicao\/\"},\"wordCount\":1269,\"publisher\":{\"@id\":\"https:\/\/www.suno.com.br\/noticias\/#organization\"},\"image\":{\"@id\":\"https:\/\/www.suno.com.br\/noticias\/relator-aponta-teto-de-gastos-pec-da-transicao\/#primaryimage\"},\"thumbnailUrl\":\"https:\/\/files.sunoresearch.com.br\/n\/uploads\/2022\/11\/Alckmin-transicao.jpg\",\"keywords\":[\"Congresso Nacional\",\"teto de gastos\"],\"articleSection\":[\"Pol\u00edtica\"],\"inLanguage\":\"pt-BR\"},{\"@type\":\"WebPage\",\"@id\":\"https:\/\/www.suno.com.br\/noticias\/relator-aponta-teto-de-gastos-pec-da-transicao\/\",\"url\":\"https:\/\/www.suno.com.br\/noticias\/relator-aponta-teto-de-gastos-pec-da-transicao\/\",\"name\":\"PEC da Transi\u00e7\u00e3o: relator prev\u00ea R$ 100 bi fora do teto de gastos\",\"isPartOf\":{\"@id\":\"https:\/\/www.suno.com.br\/noticias\/#website\"},\"primaryImageOfPage\":{\"@id\":\"https:\/\/www.suno.com.br\/noticias\/relator-aponta-teto-de-gastos-pec-da-transicao\/#primaryimage\"},\"image\":{\"@id\":\"https:\/\/www.suno.com.br\/noticias\/relator-aponta-teto-de-gastos-pec-da-transicao\/#primaryimage\"},\"thumbnailUrl\":\"https:\/\/files.sunoresearch.com.br\/n\/uploads\/2022\/11\/Alckmin-transicao.jpg\",\"datePublished\":\"2022-11-04T00:27:37+00:00\",\"dateModified\":\"2022-11-04T00:34:13+00:00\",\"description\":\"Marcelo Castro (MDB-PI), relator do Or\u00e7amento de 2023, disse que R$ 100 bilh\u00f5es da PEC de transi\u00e7\u00e3o devem ficar fora do teto de gastos.\",\"breadcrumb\":{\"@id\":\"https:\/\/www.suno.com.br\/noticias\/relator-aponta-teto-de-gastos-pec-da-transicao\/#breadcrumb\"},\"inLanguage\":\"pt-BR\",\"potentialAction\":[{\"@type\":\"ReadAction\",\"target\":[\"https:\/\/www.suno.com.br\/noticias\/relator-aponta-teto-de-gastos-pec-da-transicao\/\"]}]},{\"@type\":\"ImageObject\",\"inLanguage\":\"pt-BR\",\"@id\":\"https:\/\/www.suno.com.br\/noticias\/relator-aponta-teto-de-gastos-pec-da-transicao\/#primaryimage\",\"url\":\"https:\/\/files.sunoresearch.com.br\/n\/uploads\/2022\/11\/Alckmin-transicao.jpg\",\"contentUrl\":\"https:\/\/files.sunoresearch.com.br\/n\/uploads\/2022\/11\/Alckmin-transicao.jpg\",\"width\":1350,\"height\":808,\"caption\":\"PEC da Transi\u00e7\u00e3o. Foto: Marcelo Camargo\/Ag\u00eancia Brasil\"},{\"@type\":\"BreadcrumbList\",\"@id\":\"https:\/\/www.suno.com.br\/noticias\/relator-aponta-teto-de-gastos-pec-da-transicao\/#breadcrumb\",\"itemListElement\":[{\"@type\":\"ListItem\",\"position\":1,\"name\":\"Not\u00edcias\",\"item\":\"https:\/\/www.suno.com.br\/noticias\/\"},{\"@type\":\"ListItem\",\"position\":2,\"name\":\"Pol\u00edtica\",\"item\":\"https:\/\/www.suno.com.br\/noticias\/politica\/\"},{\"@type\":\"ListItem\",\"position\":3,\"name\":\"PEC da Transi\u00e7\u00e3o: relator prev\u00ea m\u00ednimo de R$ 100 bi fora do teto de gastos\"}]},{\"@type\":\"WebSite\",\"@id\":\"https:\/\/www.suno.com.br\/noticias\/#website\",\"url\":\"https:\/\/www.suno.com.br\/noticias\/\",\"name\":\"Suno Not\u00edcias\",\"description\":\"Seu portal de informa\u00e7\u00e3o sobre o mundo dos investimentos\",\"publisher\":{\"@id\":\"https:\/\/www.suno.com.br\/noticias\/#organization\"},\"potentialAction\":[{\"@type\":\"SearchAction\",\"target\":{\"@type\":\"EntryPoint\",\"urlTemplate\":\"https:\/\/www.suno.com.br\/noticias\/?s={search_term_string}\"},\"query-input\":{\"@type\":\"PropertyValueSpecification\",\"valueRequired\":true,\"valueName\":\"search_term_string\"}}],\"inLanguage\":\"pt-BR\"},{\"@type\":\"Organization\",\"@id\":\"https:\/\/www.suno.com.br\/noticias\/#organization\",\"name\":\"Suno Not\u00edcias\",\"url\":\"https:\/\/www.suno.com.br\/noticias\/\",\"logo\":{\"@type\":\"ImageObject\",\"inLanguage\":\"pt-BR\",\"@id\":\"https:\/\/www.suno.com.br\/noticias\/#\/schema\/logo\/image\/\",\"url\":\"https:\/\/files.sunoresearch.com.br\/n\/uploads\/2021\/09\/suno-logo.png\",\"contentUrl\":\"https:\/\/files.sunoresearch.com.br\/n\/uploads\/2021\/09\/suno-logo.png\",\"width\":180,\"height\":180,\"caption\":\"Suno Not\u00edcias\"},\"image\":{\"@id\":\"https:\/\/www.suno.com.br\/noticias\/#\/schema\/logo\/image\/\"},\"sameAs\":[\"https:\/\/facebook.com\/sunoresearch\",\"https:\/\/x.com\/sunoresearch\",\"https:\/\/www.instagram.com\/suno\",\"https:\/\/www.linkedin.com\/company\/suno-research\/\",\"https:\/\/www.youtube.com\/c\/sunoresearch\"]},{\"@type\":\"Person\",\"@id\":\"https:\/\/www.suno.com.br\/noticias\/#\/schema\/person\/c1b1bd3727fa852bd045e9dbff3673ea\",\"name\":\"Reda\u00e7\u00e3o Suno Not\u00edcias\",\"image\":{\"@type\":\"ImageObject\",\"inLanguage\":\"pt-BR\",\"@id\":\"https:\/\/www.suno.com.br\/noticias\/#\/schema\/person\/image\/\",\"url\":\"https:\/\/secure.gravatar.com\/avatar\/b8104b9b5a71985d5238ee59fbe418af?s=96&r=g\",\"contentUrl\":\"https:\/\/secure.gravatar.com\/avatar\/b8104b9b5a71985d5238ee59fbe418af?s=96&r=g\",\"caption\":\"Reda\u00e7\u00e3o Suno Not\u00edcias\"},\"description\":\"O Suno Not\u00edcias \u00e9 um portal de informa\u00e7\u00f5es sobre Mercado Financeiro, Pol\u00edtica, Neg\u00f3cios, Economia e Finan\u00e7as Pessoais.\",\"sameAs\":[\"https:\/\/www.suno.com.br\/noticias\",\"https:\/\/www.facebook.com\/sunonoticias\/\",\"https:\/\/www.instagram.com\/sunonoticias\/\",\"https:\/\/x.com\/https:\/\/twitter.com\/sunoresearch\",\"https:\/\/www.youtube.com\/sunonoticias\"],\"url\":\"https:\/\/www.suno.com.br\/noticias\/author\/redacao-suno\/\"}]}<\/script>\n<!-- \/ Yoast SEO plugin. -->","yoast_head_json":{"title":"PEC da Transi\u00e7\u00e3o: relator prev\u00ea R$ 100 bi fora do teto de gastos","description":"Marcelo Castro (MDB-PI), relator do Or\u00e7amento de 2023, disse que R$ 100 bilh\u00f5es da PEC de transi\u00e7\u00e3o devem ficar fora do teto de gastos.","robots":{"index":"index","follow":"follow","max-snippet":"max-snippet:-1","max-image-preview":"max-image-preview:large","max-video-preview":"max-video-preview:-1"},"canonical":"https:\/\/www.suno.com.br\/noticias\/relator-aponta-teto-de-gastos-pec-da-transicao\/","og_locale":"pt_BR","og_type":"article","og_title":"PEC da Transi\u00e7\u00e3o: relator prev\u00ea R$ 100 bi fora do teto de gastos","og_description":"Marcelo Castro (MDB-PI), relator do Or\u00e7amento de 2023, disse que R$ 100 bilh\u00f5es da PEC de transi\u00e7\u00e3o devem ficar fora do teto de gastos.","og_url":"https:\/\/www.suno.com.br\/noticias\/relator-aponta-teto-de-gastos-pec-da-transicao\/","og_site_name":"Suno Not\u00edcias","article_publisher":"https:\/\/facebook.com\/sunoresearch","article_author":"https:\/\/www.facebook.com\/sunonoticias\/","og_image":[{"width":1350,"height":808,"url":"https:\/\/files.sunoresearch.com.br\/n\/uploads\/2022\/11\/Alckmin-transicao.jpg","type":"image\/jpeg"}],"author":"Reda\u00e7\u00e3o Suno Not\u00edcias","twitter_card":"summary_large_image","twitter_creator":"@https:\/\/twitter.com\/sunoresearch","twitter_site":"@sunoresearch","twitter_misc":{"Escrito por":"Reda\u00e7\u00e3o Suno Not\u00edcias","Est. tempo de leitura":"7 minutos"},"schema":{"@context":"https:\/\/schema.org","@graph":[{"@type":"NewsArticle","@id":"https:\/\/www.suno.com.br\/noticias\/relator-aponta-teto-de-gastos-pec-da-transicao\/#article","isPartOf":{"@id":"https:\/\/www.suno.com.br\/noticias\/relator-aponta-teto-de-gastos-pec-da-transicao\/"},"author":{"name":"Reda\u00e7\u00e3o Suno Not\u00edcias","@id":"https:\/\/www.suno.com.br\/noticias\/#\/schema\/person\/c1b1bd3727fa852bd045e9dbff3673ea"},"headline":"PEC da Transi\u00e7\u00e3o: relator prev\u00ea m\u00ednimo de R$ 100 bi fora do teto de gastos","datePublished":"2022-11-04T00:27:37+00:00","dateModified":"2022-11-04T00:34:13+00:00","mainEntityOfPage":{"@id":"https:\/\/www.suno.com.br\/noticias\/relator-aponta-teto-de-gastos-pec-da-transicao\/"},"wordCount":1269,"publisher":{"@id":"https:\/\/www.suno.com.br\/noticias\/#organization"},"image":{"@id":"https:\/\/www.suno.com.br\/noticias\/relator-aponta-teto-de-gastos-pec-da-transicao\/#primaryimage"},"thumbnailUrl":"https:\/\/files.sunoresearch.com.br\/n\/uploads\/2022\/11\/Alckmin-transicao.jpg","keywords":["Congresso Nacional","teto de gastos"],"articleSection":["Pol\u00edtica"],"inLanguage":"pt-BR"},{"@type":"WebPage","@id":"https:\/\/www.suno.com.br\/noticias\/relator-aponta-teto-de-gastos-pec-da-transicao\/","url":"https:\/\/www.suno.com.br\/noticias\/relator-aponta-teto-de-gastos-pec-da-transicao\/","name":"PEC da Transi\u00e7\u00e3o: relator prev\u00ea R$ 100 bi fora do teto de gastos","isPartOf":{"@id":"https:\/\/www.suno.com.br\/noticias\/#website"},"primaryImageOfPage":{"@id":"https:\/\/www.suno.com.br\/noticias\/relator-aponta-teto-de-gastos-pec-da-transicao\/#primaryimage"},"image":{"@id":"https:\/\/www.suno.com.br\/noticias\/relator-aponta-teto-de-gastos-pec-da-transicao\/#primaryimage"},"thumbnailUrl":"https:\/\/files.sunoresearch.com.br\/n\/uploads\/2022\/11\/Alckmin-transicao.jpg","datePublished":"2022-11-04T00:27:37+00:00","dateModified":"2022-11-04T00:34:13+00:00","description":"Marcelo Castro (MDB-PI), relator do Or\u00e7amento de 2023, disse que R$ 100 bilh\u00f5es da PEC de transi\u00e7\u00e3o devem ficar fora do teto de gastos.","breadcrumb":{"@id":"https:\/\/www.suno.com.br\/noticias\/relator-aponta-teto-de-gastos-pec-da-transicao\/#breadcrumb"},"inLanguage":"pt-BR","potentialAction":[{"@type":"ReadAction","target":["https:\/\/www.suno.com.br\/noticias\/relator-aponta-teto-de-gastos-pec-da-transicao\/"]}]},{"@type":"ImageObject","inLanguage":"pt-BR","@id":"https:\/\/www.suno.com.br\/noticias\/relator-aponta-teto-de-gastos-pec-da-transicao\/#primaryimage","url":"https:\/\/files.sunoresearch.com.br\/n\/uploads\/2022\/11\/Alckmin-transicao.jpg","contentUrl":"https:\/\/files.sunoresearch.com.br\/n\/uploads\/2022\/11\/Alckmin-transicao.jpg","width":1350,"height":808,"caption":"PEC da Transi\u00e7\u00e3o. Foto: Marcelo Camargo\/Ag\u00eancia Brasil"},{"@type":"BreadcrumbList","@id":"https:\/\/www.suno.com.br\/noticias\/relator-aponta-teto-de-gastos-pec-da-transicao\/#breadcrumb","itemListElement":[{"@type":"ListItem","position":1,"name":"Not\u00edcias","item":"https:\/\/www.suno.com.br\/noticias\/"},{"@type":"ListItem","position":2,"name":"Pol\u00edtica","item":"https:\/\/www.suno.com.br\/noticias\/politica\/"},{"@type":"ListItem","position":3,"name":"PEC da Transi\u00e7\u00e3o: relator prev\u00ea m\u00ednimo de R$ 100 bi fora do teto de gastos"}]},{"@type":"WebSite","@id":"https:\/\/www.suno.com.br\/noticias\/#website","url":"https:\/\/www.suno.com.br\/noticias\/","name":"Suno Not\u00edcias","description":"Seu portal de informa\u00e7\u00e3o sobre o mundo dos investimentos","publisher":{"@id":"https:\/\/www.suno.com.br\/noticias\/#organization"},"potentialAction":[{"@type":"SearchAction","target":{"@type":"EntryPoint","urlTemplate":"https:\/\/www.suno.com.br\/noticias\/?s={search_term_string}"},"query-input":{"@type":"PropertyValueSpecification","valueRequired":true,"valueName":"search_term_string"}}],"inLanguage":"pt-BR"},{"@type":"Organization","@id":"https:\/\/www.suno.com.br\/noticias\/#organization","name":"Suno Not\u00edcias","url":"https:\/\/www.suno.com.br\/noticias\/","logo":{"@type":"ImageObject","inLanguage":"pt-BR","@id":"https:\/\/www.suno.com.br\/noticias\/#\/schema\/logo\/image\/","url":"https:\/\/files.sunoresearch.com.br\/n\/uploads\/2021\/09\/suno-logo.png","contentUrl":"https:\/\/files.sunoresearch.com.br\/n\/uploads\/2021\/09\/suno-logo.png","width":180,"height":180,"caption":"Suno Not\u00edcias"},"image":{"@id":"https:\/\/www.suno.com.br\/noticias\/#\/schema\/logo\/image\/"},"sameAs":["https:\/\/facebook.com\/sunoresearch","https:\/\/x.com\/sunoresearch","https:\/\/www.instagram.com\/suno","https:\/\/www.linkedin.com\/company\/suno-research\/","https:\/\/www.youtube.com\/c\/sunoresearch"]},{"@type":"Person","@id":"https:\/\/www.suno.com.br\/noticias\/#\/schema\/person\/c1b1bd3727fa852bd045e9dbff3673ea","name":"Reda\u00e7\u00e3o Suno Not\u00edcias","image":{"@type":"ImageObject","inLanguage":"pt-BR","@id":"https:\/\/www.suno.com.br\/noticias\/#\/schema\/person\/image\/","url":"https:\/\/secure.gravatar.com\/avatar\/b8104b9b5a71985d5238ee59fbe418af?s=96&r=g","contentUrl":"https:\/\/secure.gravatar.com\/avatar\/b8104b9b5a71985d5238ee59fbe418af?s=96&r=g","caption":"Reda\u00e7\u00e3o Suno Not\u00edcias"},"description":"O Suno Not\u00edcias \u00e9 um portal de informa\u00e7\u00f5es sobre Mercado Financeiro, Pol\u00edtica, Neg\u00f3cios, Economia e Finan\u00e7as Pessoais.","sameAs":["https:\/\/www.suno.com.br\/noticias","https:\/\/www.facebook.com\/sunonoticias\/","https:\/\/www.instagram.com\/sunonoticias\/","https:\/\/x.com\/https:\/\/twitter.com\/sunoresearch","https:\/\/www.youtube.com\/sunonoticias"],"url":"https:\/\/www.suno.com.br\/noticias\/author\/redacao-suno\/"}]}},"default_loop_html":"<div class=\"cardsPage__listCard__boxs\"><div class=\"cardsPage__listCard__boxs__img\"><a href=\"https:\/\/www.suno.com.br\/noticias\/relator-aponta-teto-de-gastos-pec-da-transicao\/\"><img class=\"mask\" src=\"https:\/\/www.suno.com.br\/noticias\/wp-content\/themes\/suno\/resources\/images\/spotlight\/spotlight1img\/bg-mask.png\" alt=\"Image Mask\"\/><img src=\"https:\/\/files.sunoresearch.com.br\/n\/uploads\/2022\/11\/Alckmin-transicao-400x200.jpg\" alt=\"PEC da Transi\u00e7\u00e3o: relator prev\u00ea m\u00ednimo de R$ 100 bi fora do teto de gastos\"\/><\/a><span class=\"spotlightCategory\"><a href=\"https:\/\/www.suno.com.br\/noticias\/politica\/\">Pol\u00edtica<\/a><\/span><\/div><div class=\"cardsPage__listCard__boxs__content\"><a href=\"https:\/\/www.suno.com.br\/noticias\/relator-aponta-teto-de-gastos-pec-da-transicao\/\"><h2 class=\"content__title\">PEC da Transi\u00e7\u00e3o: relator prev\u00ea m\u00ednimo de R$ 100 bi fora do teto de gastos<\/h2><\/a><div class=\"newsContent__article__meta\"><div class=\"newsContent__article__meta__authorBox\"><a href=\"https:\/\/www.suno.com.br\/noticias\/author\/redacao-suno\/\" class=\"authorBox__avatar noMobi\"><img src=\"https:\/\/files.sunoresearch.com.br\/n\/uploads\/2020\/08\/0ace682d-redacao-1-150x150.webp\" alt=\"Reda\u00e7\u00e3o Suno Not\u00edcias\"><\/a><div class=\"authorBox__name\"><span>por\n\t\t\t<a href=\"https:\/\/www.suno.com.br\/noticias\/author\/redacao-suno\/\"><span itemprop=\"author\">Reda\u00e7\u00e3o Suno Not\u00edcias<\/span><\/a><\/span><time datetime=\"2022-11-03T21:27:37-03:00\" itemprop=\"datePublished\">03\/11\/2022 21:27<\/time><\/div><\/div><\/div><\/div><\/div>","single_layout":"posts","amp_enabled":true,"_links":{"self":[{"href":"https:\/\/www.suno.com.br\/noticias\/wp-json\/wp\/v2\/posts\/315317"}],"collection":[{"href":"https:\/\/www.suno.com.br\/noticias\/wp-json\/wp\/v2\/posts"}],"about":[{"href":"https:\/\/www.suno.com.br\/noticias\/wp-json\/wp\/v2\/types\/post"}],"author":[{"embeddable":true,"href":"https:\/\/www.suno.com.br\/noticias\/wp-json\/wp\/v2\/users\/43"}],"replies":[{"embeddable":true,"href":"https:\/\/www.suno.com.br\/noticias\/wp-json\/wp\/v2\/comments?post=315317"}],"version-history":[{"count":2,"href":"https:\/\/www.suno.com.br\/noticias\/wp-json\/wp\/v2\/posts\/315317\/revisions"}],"predecessor-version":[{"id":315427,"href":"https:\/\/www.suno.com.br\/noticias\/wp-json\/wp\/v2\/posts\/315317\/revisions\/315427"}],"wp:featuredmedia":[{"embeddable":true,"href":"https:\/\/www.suno.com.br\/noticias\/wp-json\/wp\/v2\/media\/315418"}],"wp:attachment":[{"href":"https:\/\/www.suno.com.br\/noticias\/wp-json\/wp\/v2\/media?parent=315317"}],"wp:term":[{"taxonomy":"category","embeddable":true,"href":"https:\/\/www.suno.com.br\/noticias\/wp-json\/wp\/v2\/categories?post=315317"},{"taxonomy":"post_tag","embeddable":true,"href":"https:\/\/www.suno.com.br\/noticias\/wp-json\/wp\/v2\/tags?post=315317"},{"taxonomy":"suno_strategy","embeddable":true,"href":"https:\/\/www.suno.com.br\/noticias\/wp-json\/wp\/v2\/suno_strategy?post=315317"}],"curies":[{"name":"wp","href":"https:\/\/api.w.org\/{rel}","templated":true}]}}